{"id":19092,"date":"2019-03-26T13:57:22","date_gmt":"2019-03-26T16:57:22","guid":{"rendered":"https:\/\/www.suno.com.br\/noticias\/?p=19092"},"modified":"2019-03-26T13:57:22","modified_gmt":"2019-03-26T16:57:22","slug":"lideres-vetar-reforma-previdencia","status":"publish","type":"post","link":"https:\/\/www.suno.com.br\/noticias\/lideres-vetar-reforma-previdencia\/","title":{"rendered":"L\u00edderes de maioria na C\u00e2mara v\u00e3o vetar trechos da reforma da Previd\u00eancia"},"content":{"rendered":"<p>Deputados que representam a maioria na C\u00e2mara decidiram nesta ter\u00e7a (26) vetar alguns trechos da reforma da Previd\u00eancia. A informa\u00e7\u00e3o \u00e9 da Folha de S.Paulo.<\/p>\t<div class=\"wrapper-featured-image\">\n\t\t<figure class=\"spotlightImg\">\n\n\t\t\t<picture>\n\t\t\t\t<source media=\"(max-width: 768px)\" srcset=\"https:\/\/files.sunoresearch.com.br\/n\/uploads\/2019\/02\/9e5bd0d3-reforma-da-previd\u00eancia-400x200.webp\">\n\t\t\t\t<img loading=\"lazy\" decoding=\"async\" class=\"newsContent__article__imgCapa lazyloadDisabled newsContent__article__imgCapa--noCaption\" src=\"https:\/\/files.sunoresearch.com.br\/n\/uploads\/2019\/02\/9e5bd0d3-reforma-da-previd\u00eancia-800x450.webp\" width=\"800\" height=\"450\" alt=\"L\u00edderes de maioria na C\u00e2mara v\u00e3o vetar trechos da reforma da Previd\u00eancia\" fetchpriority=high \/>\n\t\t\t<\/picture>\n\n\t\t\t<figcaption class=\"wp-caption-text wp-caption-text--hide\">IFI pontua necessidade de corte no or\u00e7amento para evitar furo do teto<\/figcaption>\n\t\t<\/figure>\n\t<\/div>\n\n\n<p>Os <strong>l\u00edderes<\/strong> consultaram as <strong>bancadas,<\/strong> que re\u00fanem 278 parlamentares, para se posicionar contra altera\u00e7\u00f5es no <strong>Benef\u00edcio de Presta\u00e7\u00e3o Continuada (BPC)<\/strong>, na <strong>aposentadoria rural<\/strong> e em dispositivos que podem permitir futuras <strong>altera\u00e7\u00f5es<\/strong> na <strong>reforma da Previd\u00eancia<\/strong> mais facilmente. O BPC \u00e9 pago a pessoas com defici\u00eancia e idosos que n\u00e3o possuem condi\u00e7\u00f5es de se sustentar.<\/p>\n<p><a href=\"https:\/\/www.suno.com.br\/noticias\/guedes-audiencia-reforma-previdencia\/\">Saiba mais: Guedes n\u00e3o deve ir a audi\u00eancia na C\u00e2mara sobre reforma da Previd\u00eancia<\/a><\/p>\n<p>&#8220;Qualquer <a href=\"https:\/\/www.suno.com.br\/artigos\/tag\/previdencia\/\"><strong>reforma previdenci\u00e1ria<\/strong><\/a> deve ter como princ\u00edpios maiores a prote\u00e7\u00e3o aos mais pobres e mais vulner\u00e1veis&#8221;, diz a nota assinada pelos l\u00edderes. Juntos, eles re\u00fanem <strong>MDB, PSDB, DEM, PP, PR, PRB, PSD, PTB, SD, Podemos<\/strong> e <strong>Cidadania (ex-PPS).<\/strong><\/p>\n<p>Por reunirem a maioria dos votos na <strong>C\u00e2mara,<\/strong> o grupo poder\u00e1 excluir os pontos da <strong>PEC<\/strong> criticados pelas <strong>bancadas.<\/strong> Al\u00e9m desses 11 partidos, h\u00e1 tamb\u00e9m a oposi\u00e7\u00e3o, composta por seis deles <strong>(PT, PDT, PSOL, PSB, Rede<\/strong> e <strong>PCdoB)<\/strong> e que re\u00fane 133 votos contra o <strong>projeto<\/strong> do governo <strong>Bolsonaro.<\/strong><\/p>\n<p><a href=\"https:\/\/www.suno.com.br\/noticias\/velha-politica-bolsonaro-pacificar-relacoes\/\">Saiba mais: Ap\u00f3s abrir fogo contra &#8216;velha pol\u00edtica&#8217;, Bolsonaro tenta pacificar rela\u00e7\u00f5es<\/a><\/p>\n<p>Segundo a Folha, os <strong>l\u00edderes<\/strong> negam que o ato seja <strong>retalia\u00e7\u00e3o<\/strong> ao governo. Nos bastidores, contudo, o jornal diz que eles reconhecem que seja uma rea\u00e7\u00e3o \u00e0s diverg\u00eancias entre o <strong>Bolsonaro<\/strong> e o <strong>Congresso. Rodrigo Maia,<\/strong> presidente da <strong>C\u00e2mara,<\/strong> tem sido alvo de ataques por parte de <strong>bolsonaristas.<\/strong> &#8220;Aqui o ambiente \u00e9 nosso&#8221;, disse o l\u00edder do <strong>DEM, Elmar Nascimento,<\/strong> para quem o governo &#8220;perdeu a batalha da comunica\u00e7\u00e3o&#8221;. Ele se recusa a articular votos em favor da <strong>aprova\u00e7\u00e3o<\/strong> da <strong>reforma.<\/strong><\/p>\n<p>O ministro da <strong>Economia<\/strong> <strong>Paulo Guedes<\/strong> desistiu de ir ao <strong>Congresso<\/strong> para defender a <strong>reforma da Previd\u00eancia<\/strong>, mais cedo. Ele foi convidado a participar de uma reuni\u00e3o na <a href=\"https:\/\/www.camara.leg.br\/\"><strong>Comiss\u00e3o de Constitui\u00e7\u00e3o e Justi\u00e7a (CCJ)<\/strong><\/a> da C\u00e2mara para falar sobre o projeto.<\/p>\n<p><a href=\"https:\/\/www.suno.com.br\/noticias\/reforma-da-previdencia-maia-dialogo\/\">Saiba mais: Reforma da Previd\u00eancia: Maia pede di\u00e1logo para aprovar proposta<\/a><\/p>\n<p>O motivo pode ter sido um <strong>boicote<\/strong>\u00a0articulado por l\u00edderes de partidos independentes ao governo, <strong>descontentes<\/strong> com a rela\u00e7\u00e3o entre <strong>Executivo<\/strong> e <strong>Legislativo.<\/strong> &#8220;\u00c9 melhor nem vir mesmo. J\u00e1 t\u00ednhamos sugerido isso na semana passada&#8221;, declarou \u00e0 Folha o l\u00edder do PP, <strong>Arthur Lira.<\/strong> Lideran\u00e7as de <strong>PSDB<\/strong> e <strong>PR<\/strong> tamb\u00e9m comemoraram o cancelamento.<\/p>\n","protected":false},"excerpt":{"rendered":"<p>Deputados que representam a maioria na C\u00e2mara decidiram nesta ter\u00e7a (26) vetar alguns trechos da reforma da Previd\u00eancia. A informa\u00e7\u00e3o \u00e9 da Folha de S.Paulo. IFI pontua necessidade de corte no or\u00e7amento para evitar furo do teto Os l\u00edderes consultaram as bancadas, que re\u00fanem 278 parlamentares, para se posicionar contra altera\u00e7\u00f5es no Benef\u00edcio de Presta\u00e7\u00e3o [&hellip;]<\/p>\n","protected":false},"author":13,"featured_media":15961,"comment_status":"closed","ping_status":"closed","sticky":false,"template":"","format":"standard","meta":[],"categories":[61],"tags":[901,719,796,940],"suno_strategy":[],"class_list":["post-19092","post","type-post","status-publish","format-standard","has-post-thumbnail","hentry","category-politica","tag-congresso-nacional","tag-jair-bolsonaro","tag-paulo-guedes","tag-reforma-da-previdencia"],"yoast_head":"<!-- This site is optimized with the Yoast SEO plugin v24.4 - https:\/\/yoast.com\/wordpress\/plugins\/seo\/ -->\n<title>L\u00edderes de maioria na C\u00e2mara vetar\u00e3o trechos da reforma da Previd\u00eancia<\/title>\n<meta name=\"description\" content=\"Os l\u00edderes consultaram as bancadas, que re\u00fanem 278 parlamentares, para excluir trechos da reforma da Previd\u00eancia. Clique e saiba mais.\" \/>\n<meta name=\"robots\" content=\"index, follow, max-snippet:-1, max-image-preview:large, max-video-preview:-1\" \/>\n<link rel=\"canonical\" href=\"https:\/\/www.suno.com.br\/noticias\/lideres-vetar-reforma-previdencia\/\" \/>\n<meta property=\"og:locale\" content=\"pt_BR\" \/>\n<meta property=\"og:type\" content=\"article\" \/>\n<meta property=\"og:title\" content=\"L\u00edderes de maioria na C\u00e2mara vetar\u00e3o trechos da reforma da Previd\u00eancia\" \/>\n<meta property=\"og:description\" content=\"Os l\u00edderes consultaram as bancadas, que re\u00fanem 278 parlamentares, para excluir trechos da reforma da Previd\u00eancia. Clique e saiba mais.\" \/>\n<meta property=\"og:url\" content=\"https:\/\/www.suno.com.br\/noticias\/lideres-vetar-reforma-previdencia\/\" \/>\n<meta property=\"og:site_name\" content=\"Suno Not\u00edcias\" \/>\n<meta property=\"article:publisher\" content=\"https:\/\/facebook.com\/sunoresearch\" \/>\n<meta property=\"og:image\" content=\"https:\/\/files.sunoresearch.com.br\/n\/uploads\/2019\/02\/9e5bd0d3-reforma-da-previd\u00eancia.jpg\" \/>\n\t<meta property=\"og:image:width\" content=\"1140\" \/>\n\t<meta property=\"og:image:height\" content=\"760\" \/>\n\t<meta property=\"og:image:type\" content=\"image\/jpeg\" \/>\n<meta name=\"author\" content=\"Guilherme Caetano\" \/>\n<meta name=\"twitter:card\" content=\"summary_large_image\" \/>\n<meta name=\"twitter:creator\" content=\"@sunoresearch\" \/>\n<meta name=\"twitter:site\" content=\"@sunoresearch\" \/>\n<meta name=\"twitter:label1\" content=\"Escrito por\" \/>\n\t<meta name=\"twitter:data1\" content=\"Guilherme Caetano\" \/>\n\t<meta name=\"twitter:label2\" content=\"Est. tempo de leitura\" \/>\n\t<meta name=\"twitter:data2\" content=\"2 minutos\" \/>\n<script type=\"application\/ld+json\" class=\"yoast-schema-graph\">{\"@context\":\"https:\/\/schema.org\",\"@graph\":[{\"@type\":\"NewsArticle\",\"@id\":\"https:\/\/www.suno.com.br\/noticias\/lideres-vetar-reforma-previdencia\/#article\",\"isPartOf\":{\"@id\":\"https:\/\/www.suno.com.br\/noticias\/lideres-vetar-reforma-previdencia\/\"},\"author\":{\"name\":\"Guilherme Caetano\",\"@id\":\"https:\/\/www.suno.com.br\/noticias\/#\/schema\/person\/0d0c9687cd2f600c564f25980c140de9\"},\"headline\":\"L\u00edderes de maioria na C\u00e2mara v\u00e3o vetar trechos da reforma da Previd\u00eancia\",\"datePublished\":\"2019-03-26T16:57:22+00:00\",\"mainEntityOfPage\":{\"@id\":\"https:\/\/www.suno.com.br\/noticias\/lideres-vetar-reforma-previdencia\/\"},\"wordCount\":440,\"publisher\":{\"@id\":\"https:\/\/www.suno.com.br\/noticias\/#organization\"},\"image\":{\"@id\":\"https:\/\/www.suno.com.br\/noticias\/lideres-vetar-reforma-previdencia\/#primaryimage\"},\"thumbnailUrl\":\"https:\/\/files.sunoresearch.com.br\/n\/uploads\/2019\/02\/9e5bd0d3-reforma-da-previd\u00eancia-jpg.webp\",\"keywords\":[\"Congresso Nacional\",\"Jair Bolsonaro\",\"Paulo Guedes\",\"Reforma da Previd\u00eancia\"],\"articleSection\":[\"Pol\u00edtica\"],\"inLanguage\":\"pt-BR\"},{\"@type\":\"WebPage\",\"@id\":\"https:\/\/www.suno.com.br\/noticias\/lideres-vetar-reforma-previdencia\/\",\"url\":\"https:\/\/www.suno.com.br\/noticias\/lideres-vetar-reforma-previdencia\/\",\"name\":\"L\u00edderes de maioria na C\u00e2mara vetar\u00e3o trechos da reforma da Previd\u00eancia\",\"isPartOf\":{\"@id\":\"https:\/\/www.suno.com.br\/noticias\/#website\"},\"primaryImageOfPage\":{\"@id\":\"https:\/\/www.suno.com.br\/noticias\/lideres-vetar-reforma-previdencia\/#primaryimage\"},\"image\":{\"@id\":\"https:\/\/www.suno.com.br\/noticias\/lideres-vetar-reforma-previdencia\/#primaryimage\"},\"thumbnailUrl\":\"https:\/\/files.sunoresearch.com.br\/n\/uploads\/2019\/02\/9e5bd0d3-reforma-da-previd\u00eancia-jpg.webp\",\"datePublished\":\"2019-03-26T16:57:22+00:00\",\"description\":\"Os l\u00edderes consultaram as bancadas, que re\u00fanem 278 parlamentares, para excluir trechos da reforma da Previd\u00eancia. Clique e saiba mais.\",\"breadcrumb\":{\"@id\":\"https:\/\/www.suno.com.br\/noticias\/lideres-vetar-reforma-previdencia\/#breadcrumb\"},\"inLanguage\":\"pt-BR\",\"potentialAction\":[{\"@type\":\"ReadAction\",\"target\":[\"https:\/\/www.suno.com.br\/noticias\/lideres-vetar-reforma-previdencia\/\"]}]},{\"@type\":\"ImageObject\",\"inLanguage\":\"pt-BR\",\"@id\":\"https:\/\/www.suno.com.br\/noticias\/lideres-vetar-reforma-previdencia\/#primaryimage\",\"url\":\"https:\/\/files.sunoresearch.com.br\/n\/uploads\/2019\/02\/9e5bd0d3-reforma-da-previd\u00eancia-jpg.webp\",\"contentUrl\":\"https:\/\/files.sunoresearch.com.br\/n\/uploads\/2019\/02\/9e5bd0d3-reforma-da-previd\u00eancia-jpg.webp\",\"width\":1140,\"height\":760,\"caption\":\"IFI pontua necessidade de corte no or\u00e7amento para evitar furo do teto\"},{\"@type\":\"BreadcrumbList\",\"@id\":\"https:\/\/www.suno.com.br\/noticias\/lideres-vetar-reforma-previdencia\/#breadcrumb\",\"itemListElement\":[{\"@type\":\"ListItem\",\"position\":1,\"name\":\"Not\u00edcias\",\"item\":\"https:\/\/www.suno.com.br\/noticias\/\"},{\"@type\":\"ListItem\",\"position\":2,\"name\":\"Pol\u00edtica\",\"item\":\"https:\/\/www.suno.com.br\/noticias\/politica\/\"},{\"@type\":\"ListItem\",\"position\":3,\"name\":\"L\u00edderes de maioria na C\u00e2mara v\u00e3o vetar trechos da reforma da Previd\u00eancia\"}]},{\"@type\":\"WebSite\",\"@id\":\"https:\/\/www.suno.com.br\/noticias\/#website\",\"url\":\"https:\/\/www.suno.com.br\/noticias\/\",\"name\":\"Suno Not\u00edcias\",\"description\":\"Seu portal de informa\u00e7\u00e3o sobre o mundo dos investimentos\",\"publisher\":{\"@id\":\"https:\/\/www.suno.com.br\/noticias\/#organization\"},\"potentialAction\":[{\"@type\":\"SearchAction\",\"target\":{\"@type\":\"EntryPoint\",\"urlTemplate\":\"https:\/\/www.suno.com.br\/noticias\/?s={search_term_string}\"},\"query-input\":{\"@type\":\"PropertyValueSpecification\",\"valueRequired\":true,\"valueName\":\"search_term_string\"}}],\"inLanguage\":\"pt-BR\"},{\"@type\":\"Organization\",\"@id\":\"https:\/\/www.suno.com.br\/noticias\/#organization\",\"name\":\"Suno Not\u00edcias\",\"url\":\"https:\/\/www.suno.com.br\/noticias\/\",\"logo\":{\"@type\":\"ImageObject\",\"inLanguage\":\"pt-BR\",\"@id\":\"https:\/\/www.suno.com.br\/noticias\/#\/schema\/logo\/image\/\",\"url\":\"https:\/\/files.sunoresearch.com.br\/n\/uploads\/2021\/09\/suno-logo.png\",\"contentUrl\":\"https:\/\/files.sunoresearch.com.br\/n\/uploads\/2021\/09\/suno-logo.png\",\"width\":180,\"height\":180,\"caption\":\"Suno Not\u00edcias\"},\"image\":{\"@id\":\"https:\/\/www.suno.com.br\/noticias\/#\/schema\/logo\/image\/\"},\"sameAs\":[\"https:\/\/facebook.com\/sunoresearch\",\"https:\/\/x.com\/sunoresearch\",\"https:\/\/www.instagram.com\/suno\",\"https:\/\/www.linkedin.com\/company\/suno-research\/\",\"https:\/\/www.youtube.com\/c\/sunoresearch\"]},{\"@type\":\"Person\",\"@id\":\"https:\/\/www.suno.com.br\/noticias\/#\/schema\/person\/0d0c9687cd2f600c564f25980c140de9\",\"name\":\"Guilherme Caetano\",\"image\":{\"@type\":\"ImageObject\",\"inLanguage\":\"pt-BR\",\"@id\":\"https:\/\/www.suno.com.br\/noticias\/#\/schema\/person\/image\/\",\"url\":\"https:\/\/secure.gravatar.com\/avatar\/e48357351a01702a0d19307070e081bf?s=96&r=g\",\"contentUrl\":\"https:\/\/secure.gravatar.com\/avatar\/e48357351a01702a0d19307070e081bf?s=96&r=g\",\"caption\":\"Guilherme Caetano\"},\"description\":\"Formado em jornalismo pela Escola de Comunica\u00e7\u00f5es e Artes da USP, Guilherme Caetano escreve para o portal de not\u00edcias da Suno Research. Passou pelas reda\u00e7\u00f5es da Folha de S.Paulo e da revista \u00c9poca.\",\"url\":\"https:\/\/www.suno.com.br\/noticias\/author\/guilherme-caetano\/\"}]}<\/script>\n<!-- \/ Yoast SEO plugin. -->","yoast_head_json":{"title":"L\u00edderes de maioria na C\u00e2mara vetar\u00e3o trechos da reforma da Previd\u00eancia","description":"Os l\u00edderes consultaram as bancadas, que re\u00fanem 278 parlamentares, para excluir trechos da reforma da Previd\u00eancia. Clique e saiba mais.","robots":{"index":"index","follow":"follow","max-snippet":"max-snippet:-1","max-image-preview":"max-image-preview:large","max-video-preview":"max-video-preview:-1"},"canonical":"https:\/\/www.suno.com.br\/noticias\/lideres-vetar-reforma-previdencia\/","og_locale":"pt_BR","og_type":"article","og_title":"L\u00edderes de maioria na C\u00e2mara vetar\u00e3o trechos da reforma da Previd\u00eancia","og_description":"Os l\u00edderes consultaram as bancadas, que re\u00fanem 278 parlamentares, para excluir trechos da reforma da Previd\u00eancia. Clique e saiba mais.","og_url":"https:\/\/www.suno.com.br\/noticias\/lideres-vetar-reforma-previdencia\/","og_site_name":"Suno Not\u00edcias","article_publisher":"https:\/\/facebook.com\/sunoresearch","og_image":[{"width":1140,"height":760,"url":"https:\/\/files.sunoresearch.com.br\/n\/uploads\/2019\/02\/9e5bd0d3-reforma-da-previd\u00eancia.jpg","type":"image\/jpeg"}],"author":"Guilherme Caetano","twitter_card":"summary_large_image","twitter_creator":"@sunoresearch","twitter_site":"@sunoresearch","twitter_misc":{"Escrito por":"Guilherme Caetano","Est. tempo de leitura":"2 minutos"},"schema":{"@context":"https:\/\/schema.org","@graph":[{"@type":"NewsArticle","@id":"https:\/\/www.suno.com.br\/noticias\/lideres-vetar-reforma-previdencia\/#article","isPartOf":{"@id":"https:\/\/www.suno.com.br\/noticias\/lideres-vetar-reforma-previdencia\/"},"author":{"name":"Guilherme Caetano","@id":"https:\/\/www.suno.com.br\/noticias\/#\/schema\/person\/0d0c9687cd2f600c564f25980c140de9"},"headline":"L\u00edderes de maioria na C\u00e2mara v\u00e3o vetar trechos da reforma da Previd\u00eancia","datePublished":"2019-03-26T16:57:22+00:00","mainEntityOfPage":{"@id":"https:\/\/www.suno.com.br\/noticias\/lideres-vetar-reforma-previdencia\/"},"wordCount":440,"publisher":{"@id":"https:\/\/www.suno.com.br\/noticias\/#organization"},"image":{"@id":"https:\/\/www.suno.com.br\/noticias\/lideres-vetar-reforma-previdencia\/#primaryimage"},"thumbnailUrl":"https:\/\/files.sunoresearch.com.br\/n\/uploads\/2019\/02\/9e5bd0d3-reforma-da-previd\u00eancia-jpg.webp","keywords":["Congresso Nacional","Jair Bolsonaro","Paulo Guedes","Reforma da Previd\u00eancia"],"articleSection":["Pol\u00edtica"],"inLanguage":"pt-BR"},{"@type":"WebPage","@id":"https:\/\/www.suno.com.br\/noticias\/lideres-vetar-reforma-previdencia\/","url":"https:\/\/www.suno.com.br\/noticias\/lideres-vetar-reforma-previdencia\/","name":"L\u00edderes de maioria na C\u00e2mara vetar\u00e3o trechos da reforma da Previd\u00eancia","isPartOf":{"@id":"https:\/\/www.suno.com.br\/noticias\/#website"},"primaryImageOfPage":{"@id":"https:\/\/www.suno.com.br\/noticias\/lideres-vetar-reforma-previdencia\/#primaryimage"},"image":{"@id":"https:\/\/www.suno.com.br\/noticias\/lideres-vetar-reforma-previdencia\/#primaryimage"},"thumbnailUrl":"https:\/\/files.sunoresearch.com.br\/n\/uploads\/2019\/02\/9e5bd0d3-reforma-da-previd\u00eancia-jpg.webp","datePublished":"2019-03-26T16:57:22+00:00","description":"Os l\u00edderes consultaram as bancadas, que re\u00fanem 278 parlamentares, para excluir trechos da reforma da Previd\u00eancia. Clique e saiba mais.","breadcrumb":{"@id":"https:\/\/www.suno.com.br\/noticias\/lideres-vetar-reforma-previdencia\/#breadcrumb"},"inLanguage":"pt-BR","potentialAction":[{"@type":"ReadAction","target":["https:\/\/www.suno.com.br\/noticias\/lideres-vetar-reforma-previdencia\/"]}]},{"@type":"ImageObject","inLanguage":"pt-BR","@id":"https:\/\/www.suno.com.br\/noticias\/lideres-vetar-reforma-previdencia\/#primaryimage","url":"https:\/\/files.sunoresearch.com.br\/n\/uploads\/2019\/02\/9e5bd0d3-reforma-da-previd\u00eancia-jpg.webp","contentUrl":"https:\/\/files.sunoresearch.com.br\/n\/uploads\/2019\/02\/9e5bd0d3-reforma-da-previd\u00eancia-jpg.webp","width":1140,"height":760,"caption":"IFI pontua necessidade de corte no or\u00e7amento para evitar furo do teto"},{"@type":"BreadcrumbList","@id":"https:\/\/www.suno.com.br\/noticias\/lideres-vetar-reforma-previdencia\/#breadcrumb","itemListElement":[{"@type":"ListItem","position":1,"name":"Not\u00edcias","item":"https:\/\/www.suno.com.br\/noticias\/"},{"@type":"ListItem","position":2,"name":"Pol\u00edtica","item":"https:\/\/www.suno.com.br\/noticias\/politica\/"},{"@type":"ListItem","position":3,"name":"L\u00edderes de maioria na C\u00e2mara v\u00e3o vetar trechos da reforma da Previd\u00eancia"}]},{"@type":"WebSite","@id":"https:\/\/www.suno.com.br\/noticias\/#website","url":"https:\/\/www.suno.com.br\/noticias\/","name":"Suno Not\u00edcias","description":"Seu portal de informa\u00e7\u00e3o sobre o mundo dos investimentos","publisher":{"@id":"https:\/\/www.suno.com.br\/noticias\/#organization"},"potentialAction":[{"@type":"SearchAction","target":{"@type":"EntryPoint","urlTemplate":"https:\/\/www.suno.com.br\/noticias\/?s={search_term_string}"},"query-input":{"@type":"PropertyValueSpecification","valueRequired":true,"valueName":"search_term_string"}}],"inLanguage":"pt-BR"},{"@type":"Organization","@id":"https:\/\/www.suno.com.br\/noticias\/#organization","name":"Suno Not\u00edcias","url":"https:\/\/www.suno.com.br\/noticias\/","logo":{"@type":"ImageObject","inLanguage":"pt-BR","@id":"https:\/\/www.suno.com.br\/noticias\/#\/schema\/logo\/image\/","url":"https:\/\/files.sunoresearch.com.br\/n\/uploads\/2021\/09\/suno-logo.png","contentUrl":"https:\/\/files.sunoresearch.com.br\/n\/uploads\/2021\/09\/suno-logo.png","width":180,"height":180,"caption":"Suno Not\u00edcias"},"image":{"@id":"https:\/\/www.suno.com.br\/noticias\/#\/schema\/logo\/image\/"},"sameAs":["https:\/\/facebook.com\/sunoresearch","https:\/\/x.com\/sunoresearch","https:\/\/www.instagram.com\/suno","https:\/\/www.linkedin.com\/company\/suno-research\/","https:\/\/www.youtube.com\/c\/sunoresearch"]},{"@type":"Person","@id":"https:\/\/www.suno.com.br\/noticias\/#\/schema\/person\/0d0c9687cd2f600c564f25980c140de9","name":"Guilherme Caetano","image":{"@type":"ImageObject","inLanguage":"pt-BR","@id":"https:\/\/www.suno.com.br\/noticias\/#\/schema\/person\/image\/","url":"https:\/\/secure.gravatar.com\/avatar\/e48357351a01702a0d19307070e081bf?s=96&r=g","contentUrl":"https:\/\/secure.gravatar.com\/avatar\/e48357351a01702a0d19307070e081bf?s=96&r=g","caption":"Guilherme Caetano"},"description":"Formado em jornalismo pela Escola de Comunica\u00e7\u00f5es e Artes da USP, Guilherme Caetano escreve para o portal de not\u00edcias da Suno Research. Passou pelas reda\u00e7\u00f5es da Folha de S.Paulo e da revista \u00c9poca.","url":"https:\/\/www.suno.com.br\/noticias\/author\/guilherme-caetano\/"}]}},"default_loop_html":"<div class=\"cardsPage__listCard__boxs\"><div class=\"cardsPage__listCard__boxs__img\"><a href=\"https:\/\/www.suno.com.br\/noticias\/lideres-vetar-reforma-previdencia\/\"><img class=\"mask\" src=\"https:\/\/www.suno.com.br\/noticias\/wp-content\/themes\/suno\/resources\/images\/spotlight\/spotlight1img\/bg-mask.png\" alt=\"Image Mask\"\/><img src=\"https:\/\/files.sunoresearch.com.br\/n\/uploads\/2019\/02\/9e5bd0d3-reforma-da-previd\u00eancia-400x200.webp\" alt=\"L\u00edderes de maioria na C\u00e2mara v\u00e3o vetar trechos da reforma da Previd\u00eancia\"\/><\/a><span class=\"spotlightCategory\"><a href=\"https:\/\/www.suno.com.br\/noticias\/politica\/\">Pol\u00edtica<\/a><\/span><\/div><div class=\"cardsPage__listCard__boxs__content\"><a href=\"https:\/\/www.suno.com.br\/noticias\/lideres-vetar-reforma-previdencia\/\"><h2 class=\"content__title\">L\u00edderes de maioria na C\u00e2mara v\u00e3o vetar trechos da reforma da Previd\u00eancia<\/h2><\/a><div class=\"newsContent__article__meta\"><div class=\"newsContent__article__meta__authorBox\"><a href=\"https:\/\/www.suno.com.br\/noticias\/author\/guilherme-caetano\/\" class=\"authorBox__avatar noMobi\"><img src=\"https:\/\/secure.gravatar.com\/avatar\/e48357351a01702a0d19307070e081bf?s=96&#038;r=g\" alt=\"Guilherme Caetano\"><\/a><div class=\"authorBox__name\"><span>por\n\t\t\t<a href=\"https:\/\/www.suno.com.br\/noticias\/author\/guilherme-caetano\/\"><span itemprop=\"author\">Guilherme Caetano<\/span><\/a><\/span><time datetime=\"2019-03-26T13:57:22-03:00\" itemprop=\"datePublished\">26\/03\/2019 13:57<\/time><\/div><\/div><\/div><\/div><\/div>","single_layout":"posts","amp_enabled":true,"_links":{"self":[{"href":"https:\/\/www.suno.com.br\/noticias\/wp-json\/wp\/v2\/posts\/19092"}],"collection":[{"href":"https:\/\/www.suno.com.br\/noticias\/wp-json\/wp\/v2\/posts"}],"about":[{"href":"https:\/\/www.suno.com.br\/noticias\/wp-json\/wp\/v2\/types\/post"}],"author":[{"embeddable":true,"href":"https:\/\/www.suno.com.br\/noticias\/wp-json\/wp\/v2\/users\/13"}],"replies":[{"embeddable":true,"href":"https:\/\/www.suno.com.br\/noticias\/wp-json\/wp\/v2\/comments?post=19092"}],"version-history":[{"count":0,"href":"https:\/\/www.suno.com.br\/noticias\/wp-json\/wp\/v2\/posts\/19092\/revisions"}],"wp:featuredmedia":[{"embeddable":true,"href":"https:\/\/www.suno.com.br\/noticias\/wp-json\/wp\/v2\/media\/15961"}],"wp:attachment":[{"href":"https:\/\/www.suno.com.br\/noticias\/wp-json\/wp\/v2\/media?parent=19092"}],"wp:term":[{"taxonomy":"category","embeddable":true,"href":"https:\/\/www.suno.com.br\/noticias\/wp-json\/wp\/v2\/categories?post=19092"},{"taxonomy":"post_tag","embeddable":true,"href":"https:\/\/www.suno.com.br\/noticias\/wp-json\/wp\/v2\/tags?post=19092"},{"taxonomy":"suno_strategy","embeddable":true,"href":"https:\/\/www.suno.com.br\/noticias\/wp-json\/wp\/v2\/suno_strategy?post=19092"}],"curies":[{"name":"wp","href":"https:\/\/api.w.org\/{rel}","templated":true}]}}