{"id":190794,"date":"2021-10-05T12:40:11","date_gmt":"2021-10-05T15:40:11","guid":{"rendered":"https:\/\/www.suno.com.br\/noticias\/?p=190794"},"modified":"2021-10-05T12:40:11","modified_gmt":"2021-10-05T15:40:11","slug":"jeff-bezos-amazon-ator-star-trek-voo-espaco","status":"publish","type":"post","link":"https:\/\/www.suno.com.br\/noticias\/jeff-bezos-amazon-ator-star-trek-voo-espaco\/","title":{"rendered":"Jeff Bezos levar\u00e1 ator de Star Trek ao espa\u00e7o no pr\u00f3ximo dia 12"},"content":{"rendered":"<p><strong><a class=\"suno-keyword\" href=\"https:\/\/www.suno.com.br\/tudo-sobre\/jeff-bezos\/\" target=\"_blank\" rel=\"noopener\" data-force=\"no\" data-priority=\"2\">Jeff Bezos<\/a><\/strong>, da <a href=\"https:\/\/www.suno.com.br\/artigos\/bdr\">Amazon (AMZO34)<\/a>, planeja levar o ator William Shatner &#8211; o Capit\u00e3o Kirk de Star Trek &#8211; para o espa\u00e7o, em nova miss\u00e3o da corrida espacial das companhias privadas, em voo que deve ocorrer no dia 12 de outubro.<\/p>\t<div class=\"wrapper-featured-image\">\n\t\t<figure class=\"spotlightImg\">\n\n\t\t\t<picture>\n\t\t\t\t<source media=\"(max-width: 768px)\" srcset=\"https:\/\/files.sunoresearch.com.br\/n\/uploads\/2021\/04\/334ea7e5-bezos-final-0404-scaled-e1617745519860-400x200.jpg\">\n\t\t\t\t<img loading=\"lazy\" decoding=\"async\" class=\"newsContent__article__imgCapa lazyloadDisabled \" src=\"https:\/\/files.sunoresearch.com.br\/n\/uploads\/2021\/04\/334ea7e5-bezos-final-0404-scaled-e1617745519860-800x450.jpg\" width=\"800\" height=\"450\" alt=\"Jeff Bezos levar\u00e1 ator de Star Trek ao espa\u00e7o no pr\u00f3ximo dia 12\" fetchpriority=high \/>\n\t\t\t<\/picture>\n\n\t\t\t<figcaption class=\"wp-caption-text wp-caption-text--show\">Fundador da Amazon volta a estar entre os tr\u00eas mais ricos do mundo. Foto: Divulga\u00e7\u00e3o Amazon<\/figcaption>\n\t\t<\/figure>\n\t<\/div>\n\n\n\t<p>\n\t\t<a href=\"https:\/\/lp.suno.com.br\/planilha-controle-gastos\/\" target=\"_blank\" data-element=\"shortcode-suno-banner\" title=\"Banner SUNO, clique e saiba mais\">\n\t\t\t<picture>\n\t\t\t\t<source media=\"(max-width: 500px)\" srcset=\"https:\/\/files.sunoresearch.com.br\/n\/uploads\/2023\/03\/400x300-Planilha-controle-de-gastos.png\">\n\t\t\t\t<img class=\"newsContent__article__imgCapa newsContent__article__imgCapa--banner\"\n\t\t\t\t\tsrc=\"https:\/\/files.sunoresearch.com.br\/n\/uploads\/2023\/03\/1420x240-Planilha-controle-de-gastos.png\"\n\t\t\t\t\tdata-promo-id=\"101751\"\t\t\t\t\t\t\t\t\t\twidth='1420' height='240'\t\t\t\t\talt=\"https:\/\/files.sunoresearch.com.br\/n\/uploads\/2023\/03\/1420x240-Planilha-controle-de-gastos.png\"\n\t\t\t\t>\n\t\t\t<\/picture>\n\t\t<\/a>\n\t<\/p>\n\n\n<p>O an\u00fancio foi feito pela Blue Origin, empresa dentro do guarda-chuva de gest\u00e3o de Jeff Bezos, ainda na segunda-feira (4). Shatner, de 90 anos, voar\u00e1 no ve\u00edculo de lan\u00e7amento New Shepard ao limite do espa\u00e7o como parte de uma tripula\u00e7\u00e3o de quatro pessoas que deve decolar na semana que vem.<\/p>\n<p>\u201cOu\u00e7o falar do <strong>espa\u00e7o<\/strong> h\u00e1 muito tempo j\u00e1. Aproveitarei a oportunidade de v\u00ea-lo por mim mesmo. Que milagre\u201d, disse o ator conhecido pelo papel de <strong>Capit\u00e3o Kirk<\/strong>, em um comunicado por escrito divulgado pela <strong>Blue Origin<\/strong>.<\/p>\n\t<div data-element=\"shortcode-read-more\" class=\"knowMore\">\n\t\t\t\t<span class=\"knowMore__title\">Leia mais<\/span>\n\t\t\t\t<a class=\"knowMore__link\" href=\"https:\/\/www.suno.com.br\/noticias\/bezos-oferece-us-2-bi-nasa-contrato-sonda-lunar\/\">\n\t\t\tJeff Bezos oferece US$ 2 bi \u00e0 Nasa em troca de contrato de sonda lunar\t\t<\/a>\n\t<\/div>\n\n\n<p>Ainda no m\u00eas de julho, Bezos foi ao espa\u00e7o em uma miss\u00e3o a 107 quil\u00f4metros acima do deserto do estado norte-americano do Texas, tamb\u00e9m a bordo do New Shepard.<\/p>\n<p>A Blue Origin disse que a aviadora pioneira Wally Funk, de 82 anos, que esteve neste voo de julho foi a pessoa mais idosa a chegar ao espa\u00e7o. Agora, Shatner deve quebrar este recorde, considerando que o ator de\u00a0<strong>Star Trek<\/strong> tem 90 anos.<\/p>\n\t<p>\n\t\t<a href=\"https:\/\/lp.suno.com.br\/planilha-da-vida-financeira\/\" target=\"_blank\" data-element=\"shortcode-suno-banner\" title=\"Banner SUNO, clique e saiba mais\">\n\t\t\t<picture>\n\t\t\t\t<source media=\"(max-width: 500px)\" srcset=\"https:\/\/files.sunoresearch.com.br\/n\/uploads\/2023\/04\/400x300-Planilha-vida-financeira-true.png\">\n\t\t\t\t<img class=\"newsContent__article__imgCapa newsContent__article__imgCapa--banner\"\n\t\t\t\t\tsrc=\"https:\/\/files.sunoresearch.com.br\/n\/uploads\/2023\/04\/1420x240-Planilha-vida-financeira-true.png\"\n\t\t\t\t\tdata-promo-id=\"106682\"\t\t\t\t\t\t\t\t\t\twidth='1420' height='240'\t\t\t\t\talt=\"https:\/\/files.sunoresearch.com.br\/n\/uploads\/2023\/04\/1420x240-Planilha-vida-financeira-true.png\"\n\t\t\t\t>\n\t\t\t<\/picture>\n\t\t<\/a>\n\t<\/p>\n\n\n<p>A <strong>miss\u00e3o espacial<\/strong>\u00a0toda dura cerca de 15 minutos, considerando que c\u00e1psula decola acoplada a um foguete de um \u00fanico est\u00e1gio e se solta ap\u00f3s a fase propulsada do voo, executando uma par\u00e1bola at\u00e9 a borda do espa\u00e7o. Ao fim da ida, os passageiros experimentam sensa\u00e7\u00f5es como a aus\u00eancia de gravidade.<\/p>\n<p>J\u00e1 no retorno, a descida \u00e9 acompanhada por paraquedas e um sistema de retropropuls\u00e3o que se ativa na imin\u00eancia do contato com o solo.<\/p>\n\t<p>\n\t\t<a href=\"https:\/\/lp.suno.com.br\/ebook-como-analisar-uma-acao\/\" target=\"_blank\" data-element=\"shortcode-suno-banner\" title=\"Banner SUNO, clique e saiba mais\">\n\t\t\t<picture>\n\t\t\t\t<source media=\"(max-width: 500px)\" srcset=\"https:\/\/files.sunoresearch.com.br\/n\/uploads\/2023\/03\/Ebook-Acoes-Mobile-1.jpg\">\n\t\t\t\t<img class=\"newsContent__article__imgCapa newsContent__article__imgCapa--banner\"\n\t\t\t\t\tsrc=\"https:\/\/files.sunoresearch.com.br\/n\/uploads\/2023\/03\/Ebook-Acoes-Desktop-1.jpg\"\n\t\t\t\t\tdata-promo-id=\"171998\"\t\t\t\t\t\t\t\t\t\twidth='1420' height='286'\t\t\t\t\talt=\"https:\/\/files.sunoresearch.com.br\/n\/uploads\/2023\/03\/Ebook-Acoes-Desktop-1.jpg\"\n\t\t\t\t>\n\t\t\t<\/picture>\n\t\t<\/a>\n\t<\/p>\n\n\n<p>No voo, juntamente com <strong>Shatner<\/strong>, ir\u00e3o Audrey Powers, vice-presidente de opera\u00e7\u00f5es de voo e miss\u00e3o da Blue Origin, e os empres\u00e1rios Chris Boshuizen, cofundador da operadora de sat\u00e9lites Planet e Glen de Vries, cofundador da empresa de dados m\u00e9dicos Medidata Solutions.<\/p>\n\t<p>\n\t\t<a href=\"https:\/\/lp.suno.com.br\/planilha-de-controle-de-investimentos\/\" target=\"_blank\" data-element=\"shortcode-suno-banner\" title=\"Banner SUNO, clique e saiba mais\">\n\t\t\t<picture>\n\t\t\t\t<source media=\"(max-width: 500px)\" srcset=\"https:\/\/files.sunoresearch.com.br\/n\/uploads\/2023\/03\/400x300-Controle-de-Investimentos.png\">\n\t\t\t\t<img class=\"newsContent__article__imgCapa newsContent__article__imgCapa--banner\"\n\t\t\t\t\tsrc=\"https:\/\/files.sunoresearch.com.br\/n\/uploads\/2023\/03\/1420x240-Controle-de-Investimentos.png\"\n\t\t\t\t\tdata-promo-id=\"75934\"\t\t\t\t\t\t\t\t\t\twidth='1420' height='240'\t\t\t\t\talt=\"https:\/\/files.sunoresearch.com.br\/n\/uploads\/2023\/03\/1420x240-Controle-de-Investimentos.png\"\n\t\t\t\t>\n\t\t\t<\/picture>\n\t\t<\/a>\n\t<\/p>\n\n\n<h2>Jeff Bezos foi o primeiro a comandar tripula\u00e7\u00e3o de civis<\/h2>\n<p>Em julho, o voo feito por <strong>Jeff Bezos<\/strong> foi o primeiro no mundo a ser realizado sem piloto e com uma tripula\u00e7\u00e3o composta por apenas civis. Com o feito atingido com sucesso, o bilion\u00e1rio se colocou de vez na corrida espacial, uma \u00e1rea na qual disputa com rivais como <a class=\"suno-keyword\" href=\"https:\/\/www.suno.com.br\/tudo-sobre\/elon-musk\/\" target=\"_blank\" rel=\"noopener\" data-force=\"no\" data-priority=\"2\">Elon Musk<\/a>, da SpaceX, e Richard Branson, da Virgin Galactic.<\/p>\n\t<p>\n\t\t<a href=\"\" target=\"_blank\" data-element=\"shortcode-suno-banner\" title=\"Banner SUNO, clique e saiba mais\">\n\t\t\t<picture>\n\t\t\t\t<source media=\"(max-width: 500px)\" srcset=\"\">\n\t\t\t\t<img class=\"newsContent__article__imgCapa newsContent__article__imgCapa--banner\"\n\t\t\t\t\tsrc=\"\"\n\t\t\t\t\tdata-promo-id=\"184190\"\t\t\t\t\t\t\t\t\t\t\t\t\t\t\talt=\"\"\n\t\t\t\t>\n\t\t\t<\/picture>\n\t\t<\/a>\n\t<\/p>\n\n\n","protected":false},"excerpt":{"rendered":"<p>Jeff Bezos, da Amazon (AMZO34), planeja levar o ator William Shatner &#8211; o Capit\u00e3o Kirk de Star Trek &#8211; para o espa\u00e7o, em nova miss\u00e3o da corrida espacial das companhias privadas, em voo que deve ocorrer no dia 12 de outubro. Fundador da Amazon volta a estar entre os tr\u00eas mais ricos do mundo. Foto: [&hellip;]<\/p>\n","protected":false},"author":73,"featured_media":137366,"comment_status":"closed","ping_status":"closed","sticky":false,"template":"","format":"standard","meta":[],"categories":[63],"tags":[694,726,695,970],"suno_strategy":[],"class_list":["post-190794","post","type-post","status-publish","format-standard","has-post-thumbnail","hentry","category-internacional","tag-amazon-amzo34","tag-elon-musk","tag-jeff-bezos","tag-spacex"],"yoast_head":"<!-- This site is optimized with the Yoast SEO plugin v24.4 - https:\/\/yoast.com\/wordpress\/plugins\/seo\/ -->\n<title>Jeff Bezos levar\u00e1 ator de Star Trek ao espa\u00e7o no pr\u00f3ximo dia 12<\/title>\n<meta name=\"description\" content=\"Em miss\u00e3o ap\u00f3s o primeiro voo somente com civis, Jeff Bezos deve quebrar recorde de idade no espa\u00e7o, j\u00e1 que Shatner tem 90 anos. Leia mais.\" \/>\n<meta name=\"robots\" content=\"index, follow, max-snippet:-1, max-image-preview:large, max-video-preview:-1\" \/>\n<link rel=\"canonical\" href=\"https:\/\/www.suno.com.br\/noticias\/jeff-bezos-amazon-ator-star-trek-voo-espaco\/\" \/>\n<meta property=\"og:locale\" content=\"pt_BR\" \/>\n<meta property=\"og:type\" content=\"article\" \/>\n<meta property=\"og:title\" content=\"Jeff Bezos levar\u00e1 ator de Star Trek ao espa\u00e7o no pr\u00f3ximo dia 12\" \/>\n<meta property=\"og:description\" content=\"Em miss\u00e3o ap\u00f3s o primeiro voo somente com civis, Jeff Bezos deve quebrar recorde de idade no espa\u00e7o, j\u00e1 que Shatner tem 90 anos. Leia mais.\" \/>\n<meta property=\"og:url\" content=\"https:\/\/www.suno.com.br\/noticias\/jeff-bezos-amazon-ator-star-trek-voo-espaco\/\" \/>\n<meta property=\"og:site_name\" content=\"Suno Not\u00edcias\" \/>\n<meta property=\"article:publisher\" content=\"https:\/\/facebook.com\/sunoresearch\" \/>\n<meta property=\"og:image\" content=\"https:\/\/files.sunoresearch.com.br\/n\/uploads\/2021\/04\/334ea7e5-bezos-final-0404-scaled-e1617747400744.jpg\" \/>\n\t<meta property=\"og:image:width\" content=\"1226\" \/>\n\t<meta property=\"og:image:height\" content=\"900\" \/>\n\t<meta property=\"og:image:type\" content=\"image\/jpeg\" \/>\n<meta name=\"author\" content=\"Eduardo Vargas\" \/>\n<meta name=\"twitter:card\" content=\"summary_large_image\" \/>\n<meta name=\"twitter:creator\" content=\"@sunoresearch\" \/>\n<meta name=\"twitter:site\" content=\"@sunoresearch\" \/>\n<meta name=\"twitter:label1\" content=\"Escrito por\" \/>\n\t<meta name=\"twitter:data1\" content=\"Eduardo Vargas\" \/>\n\t<meta name=\"twitter:label2\" content=\"Est. tempo de leitura\" \/>\n\t<meta name=\"twitter:data2\" content=\"2 minutos\" \/>\n<script type=\"application\/ld+json\" class=\"yoast-schema-graph\">{\"@context\":\"https:\/\/schema.org\",\"@graph\":[{\"@type\":\"NewsArticle\",\"@id\":\"https:\/\/www.suno.com.br\/noticias\/jeff-bezos-amazon-ator-star-trek-voo-espaco\/#article\",\"isPartOf\":{\"@id\":\"https:\/\/www.suno.com.br\/noticias\/jeff-bezos-amazon-ator-star-trek-voo-espaco\/\"},\"author\":{\"name\":\"Eduardo Vargas\",\"@id\":\"https:\/\/www.suno.com.br\/noticias\/#\/schema\/person\/7f4d362bf3518e76090143ae77bb49a5\"},\"headline\":\"Jeff Bezos levar\u00e1 ator de Star Trek ao espa\u00e7o no pr\u00f3ximo dia 12\",\"datePublished\":\"2021-10-05T15:40:11+00:00\",\"mainEntityOfPage\":{\"@id\":\"https:\/\/www.suno.com.br\/noticias\/jeff-bezos-amazon-ator-star-trek-voo-espaco\/\"},\"wordCount\":451,\"publisher\":{\"@id\":\"https:\/\/www.suno.com.br\/noticias\/#organization\"},\"image\":{\"@id\":\"https:\/\/www.suno.com.br\/noticias\/jeff-bezos-amazon-ator-star-trek-voo-espaco\/#primaryimage\"},\"thumbnailUrl\":\"https:\/\/files.sunoresearch.com.br\/n\/uploads\/2021\/04\/334ea7e5-bezos-final-0404-scaled-e1617747400744.jpg\",\"keywords\":[\"Amazon (AMZO34)\",\"Elon Musk\",\"Jeff Bezos\",\"SpaceX\"],\"articleSection\":[\"Internacional\"],\"inLanguage\":\"pt-BR\"},{\"@type\":\"WebPage\",\"@id\":\"https:\/\/www.suno.com.br\/noticias\/jeff-bezos-amazon-ator-star-trek-voo-espaco\/\",\"url\":\"https:\/\/www.suno.com.br\/noticias\/jeff-bezos-amazon-ator-star-trek-voo-espaco\/\",\"name\":\"Jeff Bezos levar\u00e1 ator de Star Trek ao espa\u00e7o no pr\u00f3ximo dia 12\",\"isPartOf\":{\"@id\":\"https:\/\/www.suno.com.br\/noticias\/#website\"},\"primaryImageOfPage\":{\"@id\":\"https:\/\/www.suno.com.br\/noticias\/jeff-bezos-amazon-ator-star-trek-voo-espaco\/#primaryimage\"},\"image\":{\"@id\":\"https:\/\/www.suno.com.br\/noticias\/jeff-bezos-amazon-ator-star-trek-voo-espaco\/#primaryimage\"},\"thumbnailUrl\":\"https:\/\/files.sunoresearch.com.br\/n\/uploads\/2021\/04\/334ea7e5-bezos-final-0404-scaled-e1617747400744.jpg\",\"datePublished\":\"2021-10-05T15:40:11+00:00\",\"description\":\"Em miss\u00e3o ap\u00f3s o primeiro voo somente com civis, Jeff Bezos deve quebrar recorde de idade no espa\u00e7o, j\u00e1 que Shatner tem 90 anos. Leia mais.\",\"breadcrumb\":{\"@id\":\"https:\/\/www.suno.com.br\/noticias\/jeff-bezos-amazon-ator-star-trek-voo-espaco\/#breadcrumb\"},\"inLanguage\":\"pt-BR\",\"potentialAction\":[{\"@type\":\"ReadAction\",\"target\":[\"https:\/\/www.suno.com.br\/noticias\/jeff-bezos-amazon-ator-star-trek-voo-espaco\/\"]}]},{\"@type\":\"ImageObject\",\"inLanguage\":\"pt-BR\",\"@id\":\"https:\/\/www.suno.com.br\/noticias\/jeff-bezos-amazon-ator-star-trek-voo-espaco\/#primaryimage\",\"url\":\"https:\/\/files.sunoresearch.com.br\/n\/uploads\/2021\/04\/334ea7e5-bezos-final-0404-scaled-e1617747400744.jpg\",\"contentUrl\":\"https:\/\/files.sunoresearch.com.br\/n\/uploads\/2021\/04\/334ea7e5-bezos-final-0404-scaled-e1617747400744.jpg\",\"width\":1226,\"height\":900,\"caption\":\"Fundador da Amazon volta a estar entre os tr\u00eas mais ricos do mundo. Foto: Divulga\u00e7\u00e3o Amazon\"},{\"@type\":\"BreadcrumbList\",\"@id\":\"https:\/\/www.suno.com.br\/noticias\/jeff-bezos-amazon-ator-star-trek-voo-espaco\/#breadcrumb\",\"itemListElement\":[{\"@type\":\"ListItem\",\"position\":1,\"name\":\"Not\u00edcias\",\"item\":\"https:\/\/www.suno.com.br\/noticias\/\"},{\"@type\":\"ListItem\",\"position\":2,\"name\":\"Internacional\",\"item\":\"https:\/\/www.suno.com.br\/noticias\/internacional\/\"},{\"@type\":\"ListItem\",\"position\":3,\"name\":\"Jeff Bezos levar\u00e1 ator de Star Trek ao espa\u00e7o no pr\u00f3ximo dia 12\"}]},{\"@type\":\"WebSite\",\"@id\":\"https:\/\/www.suno.com.br\/noticias\/#website\",\"url\":\"https:\/\/www.suno.com.br\/noticias\/\",\"name\":\"Suno Not\u00edcias\",\"description\":\"Seu portal de informa\u00e7\u00e3o sobre o mundo dos investimentos\",\"publisher\":{\"@id\":\"https:\/\/www.suno.com.br\/noticias\/#organization\"},\"potentialAction\":[{\"@type\":\"SearchAction\",\"target\":{\"@type\":\"EntryPoint\",\"urlTemplate\":\"https:\/\/www.suno.com.br\/noticias\/?s={search_term_string}\"},\"query-input\":{\"@type\":\"PropertyValueSpecification\",\"valueRequired\":true,\"valueName\":\"search_term_string\"}}],\"inLanguage\":\"pt-BR\"},{\"@type\":\"Organization\",\"@id\":\"https:\/\/www.suno.com.br\/noticias\/#organization\",\"name\":\"Suno Not\u00edcias\",\"url\":\"https:\/\/www.suno.com.br\/noticias\/\",\"logo\":{\"@type\":\"ImageObject\",\"inLanguage\":\"pt-BR\",\"@id\":\"https:\/\/www.suno.com.br\/noticias\/#\/schema\/logo\/image\/\",\"url\":\"https:\/\/files.sunoresearch.com.br\/n\/uploads\/2021\/09\/suno-logo.png\",\"contentUrl\":\"https:\/\/files.sunoresearch.com.br\/n\/uploads\/2021\/09\/suno-logo.png\",\"width\":180,\"height\":180,\"caption\":\"Suno Not\u00edcias\"},\"image\":{\"@id\":\"https:\/\/www.suno.com.br\/noticias\/#\/schema\/logo\/image\/\"},\"sameAs\":[\"https:\/\/facebook.com\/sunoresearch\",\"https:\/\/x.com\/sunoresearch\",\"https:\/\/www.instagram.com\/suno\",\"https:\/\/www.linkedin.com\/company\/suno-research\/\",\"https:\/\/www.youtube.com\/c\/sunoresearch\"]},{\"@type\":\"Person\",\"@id\":\"https:\/\/www.suno.com.br\/noticias\/#\/schema\/person\/7f4d362bf3518e76090143ae77bb49a5\",\"name\":\"Eduardo Vargas\",\"image\":{\"@type\":\"ImageObject\",\"inLanguage\":\"pt-BR\",\"@id\":\"https:\/\/www.suno.com.br\/noticias\/#\/schema\/person\/image\/\",\"url\":\"https:\/\/secure.gravatar.com\/avatar\/dac340933427a22924c9f99d1eb2e3f2?s=96&r=g\",\"contentUrl\":\"https:\/\/secure.gravatar.com\/avatar\/dac340933427a22924c9f99d1eb2e3f2?s=96&r=g\",\"caption\":\"Eduardo Vargas\"},\"description\":\"Jornalista formado pela UFSC, cobre macroeconomia, neg\u00f3cios e startups para o Suno Not\u00edcias, escrevendo principalmente not\u00edcias sobre o mercado financeiro e a bolsa de valores. No YouTube e no Instagram, \u00e9 respons\u00e1vel pela produ\u00e7\u00e3o de Reels e Shorts do Suno Not\u00edcias. Anteriormente, trabalhou cobrindo economia e cotidiano no ND+ e para o ND, maior jornal impresso de Santa Catarina. Cursou um semestre letivo de Estudos de M\u00eddia na Universidad de Buenos Aires.\",\"url\":\"https:\/\/www.suno.com.br\/noticias\/author\/eduardo-vargas\/\"}]}<\/script>\n<!-- \/ Yoast SEO plugin. -->","yoast_head_json":{"title":"Jeff Bezos levar\u00e1 ator de Star Trek ao espa\u00e7o no pr\u00f3ximo dia 12","description":"Em miss\u00e3o ap\u00f3s o primeiro voo somente com civis, Jeff Bezos deve quebrar recorde de idade no espa\u00e7o, j\u00e1 que Shatner tem 90 anos. Leia mais.","robots":{"index":"index","follow":"follow","max-snippet":"max-snippet:-1","max-image-preview":"max-image-preview:large","max-video-preview":"max-video-preview:-1"},"canonical":"https:\/\/www.suno.com.br\/noticias\/jeff-bezos-amazon-ator-star-trek-voo-espaco\/","og_locale":"pt_BR","og_type":"article","og_title":"Jeff Bezos levar\u00e1 ator de Star Trek ao espa\u00e7o no pr\u00f3ximo dia 12","og_description":"Em miss\u00e3o ap\u00f3s o primeiro voo somente com civis, Jeff Bezos deve quebrar recorde de idade no espa\u00e7o, j\u00e1 que Shatner tem 90 anos. Leia mais.","og_url":"https:\/\/www.suno.com.br\/noticias\/jeff-bezos-amazon-ator-star-trek-voo-espaco\/","og_site_name":"Suno Not\u00edcias","article_publisher":"https:\/\/facebook.com\/sunoresearch","og_image":[{"width":1226,"height":900,"url":"https:\/\/files.sunoresearch.com.br\/n\/uploads\/2021\/04\/334ea7e5-bezos-final-0404-scaled-e1617747400744.jpg","type":"image\/jpeg"}],"author":"Eduardo Vargas","twitter_card":"summary_large_image","twitter_creator":"@sunoresearch","twitter_site":"@sunoresearch","twitter_misc":{"Escrito por":"Eduardo Vargas","Est. tempo de leitura":"2 minutos"},"schema":{"@context":"https:\/\/schema.org","@graph":[{"@type":"NewsArticle","@id":"https:\/\/www.suno.com.br\/noticias\/jeff-bezos-amazon-ator-star-trek-voo-espaco\/#article","isPartOf":{"@id":"https:\/\/www.suno.com.br\/noticias\/jeff-bezos-amazon-ator-star-trek-voo-espaco\/"},"author":{"name":"Eduardo Vargas","@id":"https:\/\/www.suno.com.br\/noticias\/#\/schema\/person\/7f4d362bf3518e76090143ae77bb49a5"},"headline":"Jeff Bezos levar\u00e1 ator de Star Trek ao espa\u00e7o no pr\u00f3ximo dia 12","datePublished":"2021-10-05T15:40:11+00:00","mainEntityOfPage":{"@id":"https:\/\/www.suno.com.br\/noticias\/jeff-bezos-amazon-ator-star-trek-voo-espaco\/"},"wordCount":451,"publisher":{"@id":"https:\/\/www.suno.com.br\/noticias\/#organization"},"image":{"@id":"https:\/\/www.suno.com.br\/noticias\/jeff-bezos-amazon-ator-star-trek-voo-espaco\/#primaryimage"},"thumbnailUrl":"https:\/\/files.sunoresearch.com.br\/n\/uploads\/2021\/04\/334ea7e5-bezos-final-0404-scaled-e1617747400744.jpg","keywords":["Amazon (AMZO34)","Elon Musk","Jeff Bezos","SpaceX"],"articleSection":["Internacional"],"inLanguage":"pt-BR"},{"@type":"WebPage","@id":"https:\/\/www.suno.com.br\/noticias\/jeff-bezos-amazon-ator-star-trek-voo-espaco\/","url":"https:\/\/www.suno.com.br\/noticias\/jeff-bezos-amazon-ator-star-trek-voo-espaco\/","name":"Jeff Bezos levar\u00e1 ator de Star Trek ao espa\u00e7o no pr\u00f3ximo dia 12","isPartOf":{"@id":"https:\/\/www.suno.com.br\/noticias\/#website"},"primaryImageOfPage":{"@id":"https:\/\/www.suno.com.br\/noticias\/jeff-bezos-amazon-ator-star-trek-voo-espaco\/#primaryimage"},"image":{"@id":"https:\/\/www.suno.com.br\/noticias\/jeff-bezos-amazon-ator-star-trek-voo-espaco\/#primaryimage"},"thumbnailUrl":"https:\/\/files.sunoresearch.com.br\/n\/uploads\/2021\/04\/334ea7e5-bezos-final-0404-scaled-e1617747400744.jpg","datePublished":"2021-10-05T15:40:11+00:00","description":"Em miss\u00e3o ap\u00f3s o primeiro voo somente com civis, Jeff Bezos deve quebrar recorde de idade no espa\u00e7o, j\u00e1 que Shatner tem 90 anos. Leia mais.","breadcrumb":{"@id":"https:\/\/www.suno.com.br\/noticias\/jeff-bezos-amazon-ator-star-trek-voo-espaco\/#breadcrumb"},"inLanguage":"pt-BR","potentialAction":[{"@type":"ReadAction","target":["https:\/\/www.suno.com.br\/noticias\/jeff-bezos-amazon-ator-star-trek-voo-espaco\/"]}]},{"@type":"ImageObject","inLanguage":"pt-BR","@id":"https:\/\/www.suno.com.br\/noticias\/jeff-bezos-amazon-ator-star-trek-voo-espaco\/#primaryimage","url":"https:\/\/files.sunoresearch.com.br\/n\/uploads\/2021\/04\/334ea7e5-bezos-final-0404-scaled-e1617747400744.jpg","contentUrl":"https:\/\/files.sunoresearch.com.br\/n\/uploads\/2021\/04\/334ea7e5-bezos-final-0404-scaled-e1617747400744.jpg","width":1226,"height":900,"caption":"Fundador da Amazon volta a estar entre os tr\u00eas mais ricos do mundo. Foto: Divulga\u00e7\u00e3o Amazon"},{"@type":"BreadcrumbList","@id":"https:\/\/www.suno.com.br\/noticias\/jeff-bezos-amazon-ator-star-trek-voo-espaco\/#breadcrumb","itemListElement":[{"@type":"ListItem","position":1,"name":"Not\u00edcias","item":"https:\/\/www.suno.com.br\/noticias\/"},{"@type":"ListItem","position":2,"name":"Internacional","item":"https:\/\/www.suno.com.br\/noticias\/internacional\/"},{"@type":"ListItem","position":3,"name":"Jeff Bezos levar\u00e1 ator de Star Trek ao espa\u00e7o no pr\u00f3ximo dia 12"}]},{"@type":"WebSite","@id":"https:\/\/www.suno.com.br\/noticias\/#website","url":"https:\/\/www.suno.com.br\/noticias\/","name":"Suno Not\u00edcias","description":"Seu portal de informa\u00e7\u00e3o sobre o mundo dos investimentos","publisher":{"@id":"https:\/\/www.suno.com.br\/noticias\/#organization"},"potentialAction":[{"@type":"SearchAction","target":{"@type":"EntryPoint","urlTemplate":"https:\/\/www.suno.com.br\/noticias\/?s={search_term_string}"},"query-input":{"@type":"PropertyValueSpecification","valueRequired":true,"valueName":"search_term_string"}}],"inLanguage":"pt-BR"},{"@type":"Organization","@id":"https:\/\/www.suno.com.br\/noticias\/#organization","name":"Suno Not\u00edcias","url":"https:\/\/www.suno.com.br\/noticias\/","logo":{"@type":"ImageObject","inLanguage":"pt-BR","@id":"https:\/\/www.suno.com.br\/noticias\/#\/schema\/logo\/image\/","url":"https:\/\/files.sunoresearch.com.br\/n\/uploads\/2021\/09\/suno-logo.png","contentUrl":"https:\/\/files.sunoresearch.com.br\/n\/uploads\/2021\/09\/suno-logo.png","width":180,"height":180,"caption":"Suno Not\u00edcias"},"image":{"@id":"https:\/\/www.suno.com.br\/noticias\/#\/schema\/logo\/image\/"},"sameAs":["https:\/\/facebook.com\/sunoresearch","https:\/\/x.com\/sunoresearch","https:\/\/www.instagram.com\/suno","https:\/\/www.linkedin.com\/company\/suno-research\/","https:\/\/www.youtube.com\/c\/sunoresearch"]},{"@type":"Person","@id":"https:\/\/www.suno.com.br\/noticias\/#\/schema\/person\/7f4d362bf3518e76090143ae77bb49a5","name":"Eduardo Vargas","image":{"@type":"ImageObject","inLanguage":"pt-BR","@id":"https:\/\/www.suno.com.br\/noticias\/#\/schema\/person\/image\/","url":"https:\/\/secure.gravatar.com\/avatar\/dac340933427a22924c9f99d1eb2e3f2?s=96&r=g","contentUrl":"https:\/\/secure.gravatar.com\/avatar\/dac340933427a22924c9f99d1eb2e3f2?s=96&r=g","caption":"Eduardo Vargas"},"description":"Jornalista formado pela UFSC, cobre macroeconomia, neg\u00f3cios e startups para o Suno Not\u00edcias, escrevendo principalmente not\u00edcias sobre o mercado financeiro e a bolsa de valores. No YouTube e no Instagram, \u00e9 respons\u00e1vel pela produ\u00e7\u00e3o de Reels e Shorts do Suno Not\u00edcias. Anteriormente, trabalhou cobrindo economia e cotidiano no ND+ e para o ND, maior jornal impresso de Santa Catarina. Cursou um semestre letivo de Estudos de M\u00eddia na Universidad de Buenos Aires.","url":"https:\/\/www.suno.com.br\/noticias\/author\/eduardo-vargas\/"}]}},"default_loop_html":"<div class=\"cardsPage__listCard__boxs\"><div class=\"cardsPage__listCard__boxs__img\"><a href=\"https:\/\/www.suno.com.br\/noticias\/jeff-bezos-amazon-ator-star-trek-voo-espaco\/\"><img class=\"mask\" src=\"https:\/\/www.suno.com.br\/noticias\/wp-content\/themes\/suno\/resources\/images\/spotlight\/spotlight1img\/bg-mask.png\" alt=\"Image Mask\"\/><img src=\"https:\/\/files.sunoresearch.com.br\/n\/uploads\/2021\/04\/334ea7e5-bezos-final-0404-scaled-e1617745519860-400x200.jpg\" alt=\"Jeff Bezos levar\u00e1 ator de Star Trek ao espa\u00e7o no pr\u00f3ximo dia 12\"\/><\/a><span class=\"spotlightCategory\"><a href=\"https:\/\/www.suno.com.br\/noticias\/internacional\/\">Internacional<\/a><\/span><\/div><div class=\"cardsPage__listCard__boxs__content\"><a href=\"https:\/\/www.suno.com.br\/noticias\/jeff-bezos-amazon-ator-star-trek-voo-espaco\/\"><h2 class=\"content__title\">Jeff Bezos levar\u00e1 ator de Star Trek ao espa\u00e7o no pr\u00f3ximo dia 12<\/h2><\/a><div class=\"newsContent__article__meta\"><div class=\"newsContent__article__meta__authorBox\"><a href=\"https:\/\/www.suno.com.br\/noticias\/author\/eduardo-vargas\/\" class=\"authorBox__avatar noMobi\"><img src=\"https:\/\/secure.gravatar.com\/avatar\/dac340933427a22924c9f99d1eb2e3f2?s=96&#038;r=g\" alt=\"Eduardo Vargas\"><\/a><div class=\"authorBox__name\"><span>por\n\t\t\t<a href=\"https:\/\/www.suno.com.br\/noticias\/author\/eduardo-vargas\/\"><span itemprop=\"author\">Eduardo Vargas<\/span><\/a><\/span><time datetime=\"2021-10-05T12:40:11-03:00\" itemprop=\"datePublished\">05\/10\/2021 12:40<\/time><\/div><\/div><\/div><\/div><\/div>","single_layout":"posts","amp_enabled":true,"_links":{"self":[{"href":"https:\/\/www.suno.com.br\/noticias\/wp-json\/wp\/v2\/posts\/190794"}],"collection":[{"href":"https:\/\/www.suno.com.br\/noticias\/wp-json\/wp\/v2\/posts"}],"about":[{"href":"https:\/\/www.suno.com.br\/noticias\/wp-json\/wp\/v2\/types\/post"}],"author":[{"embeddable":true,"href":"https:\/\/www.suno.com.br\/noticias\/wp-json\/wp\/v2\/users\/73"}],"replies":[{"embeddable":true,"href":"https:\/\/www.suno.com.br\/noticias\/wp-json\/wp\/v2\/comments?post=190794"}],"version-history":[{"count":3,"href":"https:\/\/www.suno.com.br\/noticias\/wp-json\/wp\/v2\/posts\/190794\/revisions"}],"predecessor-version":[{"id":190844,"href":"https:\/\/www.suno.com.br\/noticias\/wp-json\/wp\/v2\/posts\/190794\/revisions\/190844"}],"wp:featuredmedia":[{"embeddable":true,"href":"https:\/\/www.suno.com.br\/noticias\/wp-json\/wp\/v2\/media\/137366"}],"wp:attachment":[{"href":"https:\/\/www.suno.com.br\/noticias\/wp-json\/wp\/v2\/media?parent=190794"}],"wp:term":[{"taxonomy":"category","embeddable":true,"href":"https:\/\/www.suno.com.br\/noticias\/wp-json\/wp\/v2\/categories?post=190794"},{"taxonomy":"post_tag","embeddable":true,"href":"https:\/\/www.suno.com.br\/noticias\/wp-json\/wp\/v2\/tags?post=190794"},{"taxonomy":"suno_strategy","embeddable":true,"href":"https:\/\/www.suno.com.br\/noticias\/wp-json\/wp\/v2\/suno_strategy?post=190794"}],"curies":[{"name":"wp","href":"https:\/\/api.w.org\/{rel}","templated":true}]}}