{"id":19079,"date":"2019-03-26T12:44:22","date_gmt":"2019-03-26T15:44:22","guid":{"rendered":"https:\/\/www.suno.com.br\/noticias\/?p=19079"},"modified":"2019-03-26T12:46:48","modified_gmt":"2019-03-26T15:46:48","slug":"ipca-15-previa-da-inflacao-acelera-marco","status":"publish","type":"post","link":"https:\/\/www.suno.com.br\/noticias\/ipca-15-previa-da-inflacao-acelera-marco\/","title":{"rendered":"IPCA-15: Pr\u00e9via da infla\u00e7\u00e3o acelera e fica em 0,54% em mar\u00e7o"},"content":{"rendered":"<p>O \u00cdndice Nacional de Pre\u00e7os ao Consumidor Amplo 15 (IPCA-15) subiu para 0,54% em mar\u00e7o, de acordo com os dados divulgados pelo Instituto Brasileiro de Geografia e Estat\u00edstica (IBGE). O IPCA-15 \u00e9 uma pr\u00e9via da infla\u00e7\u00e3o oficial do Brasil.<\/p>\t<div class=\"wrapper-featured-image\">\n\t\t<figure class=\"spotlightImg\">\n\n\t\t\t<picture>\n\t\t\t\t<source media=\"(max-width: 768px)\" srcset=\"https:\/\/files.sunoresearch.com.br\/n\/uploads\/2018\/09\/d278f268-infla\u00e7\u00e3o-400x200.webp\">\n\t\t\t\t<img loading=\"lazy\" decoding=\"async\" class=\"newsContent__article__imgCapa lazyloadDisabled newsContent__article__imgCapa--noCaption\" src=\"https:\/\/files.sunoresearch.com.br\/n\/uploads\/2018\/09\/d278f268-infla\u00e7\u00e3o-800x450.webp\" width=\"800\" height=\"450\" alt=\"IPCA-15: Pr\u00e9via da infla\u00e7\u00e3o acelera e fica em 0,54% em mar\u00e7o\" fetchpriority=high \/>\n\t\t\t<\/picture>\n\n\t\t\t<figcaption class=\"wp-caption-text wp-caption-text--hide\">IPCA. Foto: Pixabay<\/figcaption>\n\t\t<\/figure>\n\t<\/div>\n\n\n<p>O percentual registrado na <strong>pr\u00e9via da infla\u00e7\u00e3o<\/strong> foi o maior para o m\u00eas de mar\u00e7o desde 2015, onde o <strong>\u00edndice<\/strong> estava em 1,24%. Em mar\u00e7o de 2018, a taxa estava em 0,10%.<\/p>\n<p>No acumulado de 12 meses, o \u00edndice ficou em 4,18%, superior aos 3,73% registrados nos 12 meses anteriores. Dessa forma, o apontamento fica pr\u00f3ximo ao estimado pelo governo \u00e0 infla\u00e7\u00e3o de 2019. A meta central do <strong>IPCA<\/strong> \u00e9 4,25%, com margem de 1,5% para mais ou para menos.<\/p>\n<p><a href=\"https:\/\/www.suno.com.br\/noticias\/contas-externas-deficit-fevereiro\/\">Saiba mais:\u00a0Contas externas t\u00eam d\u00e9ficit de US$ 1,134 bilh\u00e3o em fevereiro<\/a><\/p>\n<p><a href=\"https:\/\/www.suno.com.br\/noticias\/brasileiros-pagaram-impostos\/\">Saiba mais:\u00a0Brasileiros pagaram R$ 600 bilh\u00f5es em impostos neste ano<\/a><\/p>\n<h2>Varia\u00e7\u00f5es dos grupos<\/h2>\n<ul>\n<li>Alimenta\u00e7\u00e3o e bebidas: +1,28%<\/li>\n<li>Transportes: +0,59%<\/li>\n<li>Sa\u00fade e cuidados pessoais: +0,38%<\/li>\n<li>Educa\u00e7\u00e3o: +0,34%<\/li>\n<li>Habita\u00e7\u00e3o: +0,28%<\/li>\n<li>Despesas pessoais: +0,22%<\/li>\n<li>Vestu\u00e1rio: +0,06%<\/li>\n<li>Comunica\u00e7\u00e3o: -0,19%<\/li>\n<li>Artigos de resid\u00eancia: -0,23%<\/li>\n<\/ul>\n<h2>Infla\u00e7\u00e3o por regi\u00f5es<\/h2>\n<p>Com exce\u00e7\u00e3o de Belo Horizonte, todas as regi\u00f5es pesquisadas pelo<strong> IBGE<\/strong> apresentaram acelera\u00e7\u00e3o de fevereiro para mar\u00e7o.<\/p>\n<ul>\n<li>Fortaleza: 0,92%<\/li>\n<li>Bel\u00e9m: 0,75%<\/li>\n<li>Goi\u00e2nia: 0,74%<\/li>\n<li>Recife: 0,64%<\/li>\n<li>Rio de Janeiro: 0,58%<\/li>\n<li>S\u00e3o Paulo: 0,56%<\/li>\n<li>Salvador: 0,29%<\/li>\n<\/ul>\n<h2>Meta de infla\u00e7\u00e3o<\/h2>\n<p>Em 2018, a infla\u00e7\u00e3o oficial (IPCA) fechou o ano em 3,75%, abaixo da meta fixada pelo governo (4,5%). De acordo com o <strong>Boletim Focus<\/strong> do <strong>Banco Central<\/strong>, para 2019, o IPCA deve ficar em 3,89%.<\/p>\n<p><a href=\"https:\/\/www.suno.com.br\/noticias\/copom-cautela-indica-juro-estavel\/\">Saiba mais:\u00a0Copom prega cautela e indica juro est\u00e1vel nos pr\u00f3ximos meses<\/a><\/p>\n<p>A ata da \u00faltima reuni\u00e3o do<strong> Comit\u00ea de Pol\u00edtica Monet\u00e1ria (Copom)<\/strong>, tamb\u00e9m do Banco Central, indica que a infla\u00e7\u00e3o deve subir nos pr\u00f3ximos meses. No entanto, em 12 meses, o \u00edndice deve atingir seu pico entre abril e maio deste ano.<\/p>\n<p>Al\u00e9m disso, afirmou ainda que ap\u00f3s o pico, a infla\u00e7\u00e3o acumulada de 12 meses deve recuar e encerrar o ano em torno do projetado pelo <strong>Copom<\/strong>, pouco menor que 4%.<\/p>\n<p>O <strong>IPCA-15<\/strong> foi realizado com a base de pre\u00e7os calculados entre 13 de fevereiro e 15 de mar\u00e7o e comparados ao per\u00edodo anterior (15 de janeiro a 12 de fevereiro, neste caso).<\/p>\n<p>O <strong>indicador<\/strong> que d\u00e1 a <strong>pr\u00e9via da infla\u00e7\u00e3o<\/strong>, se refere ao <strong>rendimento<\/strong> de fam\u00edlias entre 1 e 40 sal\u00e1rios m\u00ednimos das regi\u00f5es metropolitanas do Rio de Janeiro, Porto Alegre, Belo Horizonte, Recife, S\u00e3o Paulo, Bel\u00e9m, Fortaleza, Salvador, Curitiba, Bras\u00edlia e Goi\u00e2nia.<\/p>\n","protected":false},"excerpt":{"rendered":"<p>O \u00cdndice Nacional de Pre\u00e7os ao Consumidor Amplo 15 (IPCA-15) subiu para 0,54% em mar\u00e7o, de acordo com os dados divulgados pelo Instituto Brasileiro de Geografia e Estat\u00edstica (IBGE). O IPCA-15 \u00e9 uma pr\u00e9via da infla\u00e7\u00e3o oficial do Brasil. IPCA. Foto: Pixabay O percentual registrado na pr\u00e9via da infla\u00e7\u00e3o foi o maior para o m\u00eas [&hellip;]<\/p>\n","protected":false},"author":11,"featured_media":3616,"comment_status":"closed","ping_status":"closed","sticky":false,"template":"","format":"standard","meta":[],"categories":[62],"tags":[966],"suno_strategy":[],"class_list":["post-19079","post","type-post","status-publish","format-standard","has-post-thumbnail","hentry","category-economia","tag-ipca"],"yoast_head":"<!-- This site is optimized with the Yoast SEO plugin v24.4 - https:\/\/yoast.com\/wordpress\/plugins\/seo\/ -->\n<title>IPCA-15: Pr\u00e9via da infla\u00e7\u00e3o acelera e fica em 0,54% em mar\u00e7o<\/title>\n<meta name=\"description\" content=\"A pr\u00e9via da infla\u00e7\u00e3o deste m\u00eas foi a maior do m\u00eas de maio desde 2015; Al\u00e9m disso, foi superior aos 0,10% de 2017. Clique para saber mais.\" \/>\n<meta name=\"robots\" content=\"index, follow, max-snippet:-1, max-image-preview:large, max-video-preview:-1\" \/>\n<link rel=\"canonical\" href=\"https:\/\/www.suno.com.br\/noticias\/ipca-15-previa-da-inflacao-acelera-marco\/\" \/>\n<meta property=\"og:locale\" content=\"pt_BR\" \/>\n<meta property=\"og:type\" content=\"article\" \/>\n<meta property=\"og:title\" content=\"IPCA-15: Pr\u00e9via da infla\u00e7\u00e3o acelera e fica em 0,54% em mar\u00e7o\" \/>\n<meta property=\"og:description\" content=\"A pr\u00e9via da infla\u00e7\u00e3o deste m\u00eas foi a maior do m\u00eas de maio desde 2015; Al\u00e9m disso, foi superior aos 0,10% de 2017. Clique para saber mais.\" \/>\n<meta property=\"og:url\" content=\"https:\/\/www.suno.com.br\/noticias\/ipca-15-previa-da-inflacao-acelera-marco\/\" \/>\n<meta property=\"og:site_name\" content=\"Suno Not\u00edcias\" \/>\n<meta property=\"article:publisher\" content=\"https:\/\/facebook.com\/sunoresearch\" \/>\n<meta property=\"og:image\" content=\"https:\/\/files.sunoresearch.com.br\/n\/uploads\/2018\/09\/d278f268-infla\u00e7\u00e3o.jpg\" \/>\n\t<meta property=\"og:image:width\" content=\"1280\" \/>\n\t<meta property=\"og:image:height\" content=\"720\" \/>\n\t<meta property=\"og:image:type\" content=\"image\/jpeg\" \/>\n<meta name=\"author\" content=\"Renan Bandeira\" \/>\n<meta name=\"twitter:card\" content=\"summary_large_image\" \/>\n<meta name=\"twitter:creator\" content=\"@sunoresearch\" \/>\n<meta name=\"twitter:site\" content=\"@sunoresearch\" \/>\n<meta name=\"twitter:label1\" content=\"Escrito por\" \/>\n\t<meta name=\"twitter:data1\" content=\"Renan Bandeira\" \/>\n\t<meta name=\"twitter:label2\" content=\"Est. tempo de leitura\" \/>\n\t<meta name=\"twitter:data2\" content=\"2 minutos\" \/>\n<script type=\"application\/ld+json\" class=\"yoast-schema-graph\">{\"@context\":\"https:\/\/schema.org\",\"@graph\":[{\"@type\":\"NewsArticle\",\"@id\":\"https:\/\/www.suno.com.br\/noticias\/ipca-15-previa-da-inflacao-acelera-marco\/#article\",\"isPartOf\":{\"@id\":\"https:\/\/www.suno.com.br\/noticias\/ipca-15-previa-da-inflacao-acelera-marco\/\"},\"author\":{\"name\":\"Renan Bandeira\",\"@id\":\"https:\/\/www.suno.com.br\/noticias\/#\/schema\/person\/fc144a1c6108bd1dcd43784e88a3c138\"},\"headline\":\"IPCA-15: Pr\u00e9via da infla\u00e7\u00e3o acelera e fica em 0,54% em mar\u00e7o\",\"datePublished\":\"2019-03-26T15:44:22+00:00\",\"dateModified\":\"2019-03-26T15:46:48+00:00\",\"mainEntityOfPage\":{\"@id\":\"https:\/\/www.suno.com.br\/noticias\/ipca-15-previa-da-inflacao-acelera-marco\/\"},\"wordCount\":428,\"publisher\":{\"@id\":\"https:\/\/www.suno.com.br\/noticias\/#organization\"},\"image\":{\"@id\":\"https:\/\/www.suno.com.br\/noticias\/ipca-15-previa-da-inflacao-acelera-marco\/#primaryimage\"},\"thumbnailUrl\":\"https:\/\/files.sunoresearch.com.br\/n\/uploads\/2018\/09\/d278f268-infla\u00e7\u00e3o-jpg.webp\",\"keywords\":[\"IPCA\"],\"articleSection\":[\"Economia\"],\"inLanguage\":\"pt-BR\"},{\"@type\":\"WebPage\",\"@id\":\"https:\/\/www.suno.com.br\/noticias\/ipca-15-previa-da-inflacao-acelera-marco\/\",\"url\":\"https:\/\/www.suno.com.br\/noticias\/ipca-15-previa-da-inflacao-acelera-marco\/\",\"name\":\"IPCA-15: Pr\u00e9via da infla\u00e7\u00e3o acelera e fica em 0,54% em mar\u00e7o\",\"isPartOf\":{\"@id\":\"https:\/\/www.suno.com.br\/noticias\/#website\"},\"primaryImageOfPage\":{\"@id\":\"https:\/\/www.suno.com.br\/noticias\/ipca-15-previa-da-inflacao-acelera-marco\/#primaryimage\"},\"image\":{\"@id\":\"https:\/\/www.suno.com.br\/noticias\/ipca-15-previa-da-inflacao-acelera-marco\/#primaryimage\"},\"thumbnailUrl\":\"https:\/\/files.sunoresearch.com.br\/n\/uploads\/2018\/09\/d278f268-infla\u00e7\u00e3o-jpg.webp\",\"datePublished\":\"2019-03-26T15:44:22+00:00\",\"dateModified\":\"2019-03-26T15:46:48+00:00\",\"description\":\"A pr\u00e9via da infla\u00e7\u00e3o deste m\u00eas foi a maior do m\u00eas de maio desde 2015; Al\u00e9m disso, foi superior aos 0,10% de 2017. Clique para saber mais.\",\"breadcrumb\":{\"@id\":\"https:\/\/www.suno.com.br\/noticias\/ipca-15-previa-da-inflacao-acelera-marco\/#breadcrumb\"},\"inLanguage\":\"pt-BR\",\"potentialAction\":[{\"@type\":\"ReadAction\",\"target\":[\"https:\/\/www.suno.com.br\/noticias\/ipca-15-previa-da-inflacao-acelera-marco\/\"]}]},{\"@type\":\"ImageObject\",\"inLanguage\":\"pt-BR\",\"@id\":\"https:\/\/www.suno.com.br\/noticias\/ipca-15-previa-da-inflacao-acelera-marco\/#primaryimage\",\"url\":\"https:\/\/files.sunoresearch.com.br\/n\/uploads\/2018\/09\/d278f268-infla\u00e7\u00e3o-jpg.webp\",\"contentUrl\":\"https:\/\/files.sunoresearch.com.br\/n\/uploads\/2018\/09\/d278f268-infla\u00e7\u00e3o-jpg.webp\",\"width\":1280,\"height\":720,\"caption\":\"IPCA. Foto: Pixabay\"},{\"@type\":\"BreadcrumbList\",\"@id\":\"https:\/\/www.suno.com.br\/noticias\/ipca-15-previa-da-inflacao-acelera-marco\/#breadcrumb\",\"itemListElement\":[{\"@type\":\"ListItem\",\"position\":1,\"name\":\"Not\u00edcias\",\"item\":\"https:\/\/www.suno.com.br\/noticias\/\"},{\"@type\":\"ListItem\",\"position\":2,\"name\":\"Economia\",\"item\":\"https:\/\/www.suno.com.br\/noticias\/economia\/\"},{\"@type\":\"ListItem\",\"position\":3,\"name\":\"IPCA-15: Pr\u00e9via da infla\u00e7\u00e3o acelera e fica em 0,54% em mar\u00e7o\"}]},{\"@type\":\"WebSite\",\"@id\":\"https:\/\/www.suno.com.br\/noticias\/#website\",\"url\":\"https:\/\/www.suno.com.br\/noticias\/\",\"name\":\"Suno Not\u00edcias\",\"description\":\"Seu portal de informa\u00e7\u00e3o sobre o mundo dos investimentos\",\"publisher\":{\"@id\":\"https:\/\/www.suno.com.br\/noticias\/#organization\"},\"potentialAction\":[{\"@type\":\"SearchAction\",\"target\":{\"@type\":\"EntryPoint\",\"urlTemplate\":\"https:\/\/www.suno.com.br\/noticias\/?s={search_term_string}\"},\"query-input\":{\"@type\":\"PropertyValueSpecification\",\"valueRequired\":true,\"valueName\":\"search_term_string\"}}],\"inLanguage\":\"pt-BR\"},{\"@type\":\"Organization\",\"@id\":\"https:\/\/www.suno.com.br\/noticias\/#organization\",\"name\":\"Suno Not\u00edcias\",\"url\":\"https:\/\/www.suno.com.br\/noticias\/\",\"logo\":{\"@type\":\"ImageObject\",\"inLanguage\":\"pt-BR\",\"@id\":\"https:\/\/www.suno.com.br\/noticias\/#\/schema\/logo\/image\/\",\"url\":\"https:\/\/files.sunoresearch.com.br\/n\/uploads\/2021\/09\/suno-logo.png\",\"contentUrl\":\"https:\/\/files.sunoresearch.com.br\/n\/uploads\/2021\/09\/suno-logo.png\",\"width\":180,\"height\":180,\"caption\":\"Suno Not\u00edcias\"},\"image\":{\"@id\":\"https:\/\/www.suno.com.br\/noticias\/#\/schema\/logo\/image\/\"},\"sameAs\":[\"https:\/\/facebook.com\/sunoresearch\",\"https:\/\/x.com\/sunoresearch\",\"https:\/\/www.instagram.com\/suno\",\"https:\/\/www.linkedin.com\/company\/suno-research\/\",\"https:\/\/www.youtube.com\/c\/sunoresearch\"]},{\"@type\":\"Person\",\"@id\":\"https:\/\/www.suno.com.br\/noticias\/#\/schema\/person\/fc144a1c6108bd1dcd43784e88a3c138\",\"name\":\"Renan Bandeira\",\"image\":{\"@type\":\"ImageObject\",\"inLanguage\":\"pt-BR\",\"@id\":\"https:\/\/www.suno.com.br\/noticias\/#\/schema\/person\/image\/\",\"url\":\"https:\/\/secure.gravatar.com\/avatar\/68359cdb608f14f11bbefcb78f3fc747?s=96&r=g\",\"contentUrl\":\"https:\/\/secure.gravatar.com\/avatar\/68359cdb608f14f11bbefcb78f3fc747?s=96&r=g\",\"caption\":\"Renan Bandeira\"},\"description\":\"Renan Bandeira escreve sobre pol\u00edtica e economia para o portal da Suno Research. Antes da Suno, trabalhou em uma rede de televis\u00e3o, onde fazia reportagens sobre os mesmos temas. Estuda na Universidade Metodista de S\u00e3o Paulo.\",\"url\":\"https:\/\/www.suno.com.br\/noticias\/author\/renan-bandeira\/\"}]}<\/script>\n<!-- \/ Yoast SEO plugin. -->","yoast_head_json":{"title":"IPCA-15: Pr\u00e9via da infla\u00e7\u00e3o acelera e fica em 0,54% em mar\u00e7o","description":"A pr\u00e9via da infla\u00e7\u00e3o deste m\u00eas foi a maior do m\u00eas de maio desde 2015; Al\u00e9m disso, foi superior aos 0,10% de 2017. Clique para saber mais.","robots":{"index":"index","follow":"follow","max-snippet":"max-snippet:-1","max-image-preview":"max-image-preview:large","max-video-preview":"max-video-preview:-1"},"canonical":"https:\/\/www.suno.com.br\/noticias\/ipca-15-previa-da-inflacao-acelera-marco\/","og_locale":"pt_BR","og_type":"article","og_title":"IPCA-15: Pr\u00e9via da infla\u00e7\u00e3o acelera e fica em 0,54% em mar\u00e7o","og_description":"A pr\u00e9via da infla\u00e7\u00e3o deste m\u00eas foi a maior do m\u00eas de maio desde 2015; Al\u00e9m disso, foi superior aos 0,10% de 2017. Clique para saber mais.","og_url":"https:\/\/www.suno.com.br\/noticias\/ipca-15-previa-da-inflacao-acelera-marco\/","og_site_name":"Suno Not\u00edcias","article_publisher":"https:\/\/facebook.com\/sunoresearch","og_image":[{"width":1280,"height":720,"url":"https:\/\/files.sunoresearch.com.br\/n\/uploads\/2018\/09\/d278f268-infla\u00e7\u00e3o.jpg","type":"image\/jpeg"}],"author":"Renan Bandeira","twitter_card":"summary_large_image","twitter_creator":"@sunoresearch","twitter_site":"@sunoresearch","twitter_misc":{"Escrito por":"Renan Bandeira","Est. tempo de leitura":"2 minutos"},"schema":{"@context":"https:\/\/schema.org","@graph":[{"@type":"NewsArticle","@id":"https:\/\/www.suno.com.br\/noticias\/ipca-15-previa-da-inflacao-acelera-marco\/#article","isPartOf":{"@id":"https:\/\/www.suno.com.br\/noticias\/ipca-15-previa-da-inflacao-acelera-marco\/"},"author":{"name":"Renan Bandeira","@id":"https:\/\/www.suno.com.br\/noticias\/#\/schema\/person\/fc144a1c6108bd1dcd43784e88a3c138"},"headline":"IPCA-15: Pr\u00e9via da infla\u00e7\u00e3o acelera e fica em 0,54% em mar\u00e7o","datePublished":"2019-03-26T15:44:22+00:00","dateModified":"2019-03-26T15:46:48+00:00","mainEntityOfPage":{"@id":"https:\/\/www.suno.com.br\/noticias\/ipca-15-previa-da-inflacao-acelera-marco\/"},"wordCount":428,"publisher":{"@id":"https:\/\/www.suno.com.br\/noticias\/#organization"},"image":{"@id":"https:\/\/www.suno.com.br\/noticias\/ipca-15-previa-da-inflacao-acelera-marco\/#primaryimage"},"thumbnailUrl":"https:\/\/files.sunoresearch.com.br\/n\/uploads\/2018\/09\/d278f268-infla\u00e7\u00e3o-jpg.webp","keywords":["IPCA"],"articleSection":["Economia"],"inLanguage":"pt-BR"},{"@type":"WebPage","@id":"https:\/\/www.suno.com.br\/noticias\/ipca-15-previa-da-inflacao-acelera-marco\/","url":"https:\/\/www.suno.com.br\/noticias\/ipca-15-previa-da-inflacao-acelera-marco\/","name":"IPCA-15: Pr\u00e9via da infla\u00e7\u00e3o acelera e fica em 0,54% em mar\u00e7o","isPartOf":{"@id":"https:\/\/www.suno.com.br\/noticias\/#website"},"primaryImageOfPage":{"@id":"https:\/\/www.suno.com.br\/noticias\/ipca-15-previa-da-inflacao-acelera-marco\/#primaryimage"},"image":{"@id":"https:\/\/www.suno.com.br\/noticias\/ipca-15-previa-da-inflacao-acelera-marco\/#primaryimage"},"thumbnailUrl":"https:\/\/files.sunoresearch.com.br\/n\/uploads\/2018\/09\/d278f268-infla\u00e7\u00e3o-jpg.webp","datePublished":"2019-03-26T15:44:22+00:00","dateModified":"2019-03-26T15:46:48+00:00","description":"A pr\u00e9via da infla\u00e7\u00e3o deste m\u00eas foi a maior do m\u00eas de maio desde 2015; Al\u00e9m disso, foi superior aos 0,10% de 2017. Clique para saber mais.","breadcrumb":{"@id":"https:\/\/www.suno.com.br\/noticias\/ipca-15-previa-da-inflacao-acelera-marco\/#breadcrumb"},"inLanguage":"pt-BR","potentialAction":[{"@type":"ReadAction","target":["https:\/\/www.suno.com.br\/noticias\/ipca-15-previa-da-inflacao-acelera-marco\/"]}]},{"@type":"ImageObject","inLanguage":"pt-BR","@id":"https:\/\/www.suno.com.br\/noticias\/ipca-15-previa-da-inflacao-acelera-marco\/#primaryimage","url":"https:\/\/files.sunoresearch.com.br\/n\/uploads\/2018\/09\/d278f268-infla\u00e7\u00e3o-jpg.webp","contentUrl":"https:\/\/files.sunoresearch.com.br\/n\/uploads\/2018\/09\/d278f268-infla\u00e7\u00e3o-jpg.webp","width":1280,"height":720,"caption":"IPCA. Foto: Pixabay"},{"@type":"BreadcrumbList","@id":"https:\/\/www.suno.com.br\/noticias\/ipca-15-previa-da-inflacao-acelera-marco\/#breadcrumb","itemListElement":[{"@type":"ListItem","position":1,"name":"Not\u00edcias","item":"https:\/\/www.suno.com.br\/noticias\/"},{"@type":"ListItem","position":2,"name":"Economia","item":"https:\/\/www.suno.com.br\/noticias\/economia\/"},{"@type":"ListItem","position":3,"name":"IPCA-15: Pr\u00e9via da infla\u00e7\u00e3o acelera e fica em 0,54% em mar\u00e7o"}]},{"@type":"WebSite","@id":"https:\/\/www.suno.com.br\/noticias\/#website","url":"https:\/\/www.suno.com.br\/noticias\/","name":"Suno Not\u00edcias","description":"Seu portal de informa\u00e7\u00e3o sobre o mundo dos investimentos","publisher":{"@id":"https:\/\/www.suno.com.br\/noticias\/#organization"},"potentialAction":[{"@type":"SearchAction","target":{"@type":"EntryPoint","urlTemplate":"https:\/\/www.suno.com.br\/noticias\/?s={search_term_string}"},"query-input":{"@type":"PropertyValueSpecification","valueRequired":true,"valueName":"search_term_string"}}],"inLanguage":"pt-BR"},{"@type":"Organization","@id":"https:\/\/www.suno.com.br\/noticias\/#organization","name":"Suno Not\u00edcias","url":"https:\/\/www.suno.com.br\/noticias\/","logo":{"@type":"ImageObject","inLanguage":"pt-BR","@id":"https:\/\/www.suno.com.br\/noticias\/#\/schema\/logo\/image\/","url":"https:\/\/files.sunoresearch.com.br\/n\/uploads\/2021\/09\/suno-logo.png","contentUrl":"https:\/\/files.sunoresearch.com.br\/n\/uploads\/2021\/09\/suno-logo.png","width":180,"height":180,"caption":"Suno Not\u00edcias"},"image":{"@id":"https:\/\/www.suno.com.br\/noticias\/#\/schema\/logo\/image\/"},"sameAs":["https:\/\/facebook.com\/sunoresearch","https:\/\/x.com\/sunoresearch","https:\/\/www.instagram.com\/suno","https:\/\/www.linkedin.com\/company\/suno-research\/","https:\/\/www.youtube.com\/c\/sunoresearch"]},{"@type":"Person","@id":"https:\/\/www.suno.com.br\/noticias\/#\/schema\/person\/fc144a1c6108bd1dcd43784e88a3c138","name":"Renan Bandeira","image":{"@type":"ImageObject","inLanguage":"pt-BR","@id":"https:\/\/www.suno.com.br\/noticias\/#\/schema\/person\/image\/","url":"https:\/\/secure.gravatar.com\/avatar\/68359cdb608f14f11bbefcb78f3fc747?s=96&r=g","contentUrl":"https:\/\/secure.gravatar.com\/avatar\/68359cdb608f14f11bbefcb78f3fc747?s=96&r=g","caption":"Renan Bandeira"},"description":"Renan Bandeira escreve sobre pol\u00edtica e economia para o portal da Suno Research. Antes da Suno, trabalhou em uma rede de televis\u00e3o, onde fazia reportagens sobre os mesmos temas. Estuda na Universidade Metodista de S\u00e3o Paulo.","url":"https:\/\/www.suno.com.br\/noticias\/author\/renan-bandeira\/"}]}},"default_loop_html":"<div class=\"cardsPage__listCard__boxs\"><div class=\"cardsPage__listCard__boxs__img\"><a href=\"https:\/\/www.suno.com.br\/noticias\/ipca-15-previa-da-inflacao-acelera-marco\/\"><img class=\"mask\" src=\"https:\/\/www.suno.com.br\/noticias\/wp-content\/themes\/suno\/resources\/images\/spotlight\/spotlight1img\/bg-mask.png\" alt=\"Image Mask\"\/><img src=\"https:\/\/files.sunoresearch.com.br\/n\/uploads\/2018\/09\/d278f268-infla\u00e7\u00e3o-400x200.webp\" alt=\"IPCA-15: Pr\u00e9via da infla\u00e7\u00e3o acelera e fica em 0,54% em mar\u00e7o\"\/><\/a><span class=\"spotlightCategory\"><a href=\"https:\/\/www.suno.com.br\/noticias\/economia\/\">Economia<\/a><\/span><\/div><div class=\"cardsPage__listCard__boxs__content\"><a href=\"https:\/\/www.suno.com.br\/noticias\/ipca-15-previa-da-inflacao-acelera-marco\/\"><h2 class=\"content__title\">IPCA-15: Pr\u00e9via da infla\u00e7\u00e3o acelera e fica em 0,54% em mar\u00e7o<\/h2><\/a><div class=\"newsContent__article__meta\"><div class=\"newsContent__article__meta__authorBox\"><a href=\"https:\/\/www.suno.com.br\/noticias\/author\/renan-bandeira\/\" class=\"authorBox__avatar noMobi\"><img src=\"https:\/\/secure.gravatar.com\/avatar\/68359cdb608f14f11bbefcb78f3fc747?s=96&#038;r=g\" alt=\"Renan Bandeira\"><\/a><div class=\"authorBox__name\"><span>por\n\t\t\t<a href=\"https:\/\/www.suno.com.br\/noticias\/author\/renan-bandeira\/\"><span itemprop=\"author\">Renan Bandeira<\/span><\/a><\/span><time datetime=\"2019-03-26T12:44:22-03:00\" itemprop=\"datePublished\">26\/03\/2019 12:44<\/time><\/div><\/div><\/div><\/div><\/div>","single_layout":"posts","amp_enabled":true,"_links":{"self":[{"href":"https:\/\/www.suno.com.br\/noticias\/wp-json\/wp\/v2\/posts\/19079"}],"collection":[{"href":"https:\/\/www.suno.com.br\/noticias\/wp-json\/wp\/v2\/posts"}],"about":[{"href":"https:\/\/www.suno.com.br\/noticias\/wp-json\/wp\/v2\/types\/post"}],"author":[{"embeddable":true,"href":"https:\/\/www.suno.com.br\/noticias\/wp-json\/wp\/v2\/users\/11"}],"replies":[{"embeddable":true,"href":"https:\/\/www.suno.com.br\/noticias\/wp-json\/wp\/v2\/comments?post=19079"}],"version-history":[{"count":0,"href":"https:\/\/www.suno.com.br\/noticias\/wp-json\/wp\/v2\/posts\/19079\/revisions"}],"wp:featuredmedia":[{"embeddable":true,"href":"https:\/\/www.suno.com.br\/noticias\/wp-json\/wp\/v2\/media\/3616"}],"wp:attachment":[{"href":"https:\/\/www.suno.com.br\/noticias\/wp-json\/wp\/v2\/media?parent=19079"}],"wp:term":[{"taxonomy":"category","embeddable":true,"href":"https:\/\/www.suno.com.br\/noticias\/wp-json\/wp\/v2\/categories?post=19079"},{"taxonomy":"post_tag","embeddable":true,"href":"https:\/\/www.suno.com.br\/noticias\/wp-json\/wp\/v2\/tags?post=19079"},{"taxonomy":"suno_strategy","embeddable":true,"href":"https:\/\/www.suno.com.br\/noticias\/wp-json\/wp\/v2\/suno_strategy?post=19079"}],"curies":[{"name":"wp","href":"https:\/\/api.w.org\/{rel}","templated":true}]}}