{"id":19077,"date":"2019-03-26T12:12:05","date_gmt":"2019-03-26T15:12:05","guid":{"rendered":"https:\/\/www.suno.com.br\/noticias\/?p=19077"},"modified":"2019-03-26T12:12:05","modified_gmt":"2019-03-26T15:12:05","slug":"avianca-brasil-encerrar-21-rotas-abril","status":"publish","type":"post","link":"https:\/\/www.suno.com.br\/noticias\/avianca-brasil-encerrar-21-rotas-abril\/","title":{"rendered":"Avianca Brasil vai encerrar opera\u00e7\u00f5es de 21 rotas a partir de abril"},"content":{"rendered":"<p>A Avianca Brasil anunciou nesta ter\u00e7a (26) que vai encerrar a opera\u00e7\u00e3o de 21 rotas a partir de abril. Assim, a companhia vai abandonar 40% de seus 53 trajetos no Pa\u00eds.<\/p>\t<div class=\"wrapper-featured-image\">\n\t\t<figure class=\"spotlightImg\">\n\n\t\t\t<picture>\n\t\t\t\t<source media=\"(max-width: 768px)\" srcset=\"https:\/\/files.sunoresearch.com.br\/n\/uploads\/2019\/03\/dea0f632-avianca-brasil-400x200.webp\">\n\t\t\t\t<img loading=\"lazy\" decoding=\"async\" class=\"newsContent__article__imgCapa lazyloadDisabled newsContent__article__imgCapa--noCaption\" src=\"https:\/\/files.sunoresearch.com.br\/n\/uploads\/2019\/03\/dea0f632-avianca-brasil-jpg.webp\" width=\"800\" height=\"450\" alt=\"Avianca Brasil vai encerrar opera\u00e7\u00f5es de 21 rotas a partir de abril\" fetchpriority=high \/>\n\t\t\t<\/picture>\n\n\t\t\t<figcaption class=\"wp-caption-text wp-caption-text--hide\">Avianca: Justi\u00e7a dos EUA aceita pedido de recupera\u00e7\u00e3o judicial<\/figcaption>\n\t\t<\/figure>\n\t<\/div>\n\n\n<p>Al\u00e9m do <strong>encerramento das rotas<\/strong>, a <strong>Avianca<\/strong> vai fechar tr\u00eas <strong>bases operacionais<\/strong> nos <strong>aeroportos<\/strong> do <strong>Gale\u00e3o<\/strong> (RJ), <strong>Petrolina<\/strong> (PE) e <strong>Bel\u00e9m<\/strong> (PA).<\/p>\n<p><a href=\"https:\/\/www.suno.com.br\/noticias\/avianca-outra-credora-ganha-direito-retomar-avioes\/\">Saiba mais: Avianca: outra credora ganha direito de retomar 10 avi\u00f5es<\/a><\/p>\n<p>Os <strong>passageiros<\/strong> que j\u00e1 tiverem comprado as passagens desses voos poder\u00e3o <strong>solicitar<\/strong> <strong>o reembolso<\/strong>, com prazo de sete dias para ser realizado. O retorno ser\u00e1 feito pelo mesmo meio do pagamento. Existe tamb\u00e9m a op\u00e7\u00e3o de serem <strong>transferidos<\/strong> para <strong>voos<\/strong> de outras <strong>companhias<\/strong> para os mesmos destinos.<\/p>\n<p>Confira as <strong>rotas<\/strong> que ser\u00e3o <strong>fechadas:<\/strong><\/p>\n<ul>\n<li>Aracaju-Salvador<\/li>\n<li>Bel\u00e9m-Guarulhos<\/li>\n<li>Fortaleza-Bogot\u00e1<\/li>\n<li>Salvador-Bogot\u00e1<\/li>\n<li>Bras\u00edlia-Cuiab\u00e1<\/li>\n<li>Bras\u00edlia-Fortaleza<\/li>\n<li>Bras\u00edlia-Gale\u00e3o<\/li>\n<li>Bras\u00edlia-Macei\u00f3<\/li>\n<li>Bras\u00edlia-Salvador<\/li>\n<li>Florian\u00f3polis-Gale\u00e3o<\/li>\n<li>Fortaleza-Gale\u00e3o<\/li>\n<li>Guarulhos-Gale\u00e3o<\/li>\n<li>Gale\u00e3o-Foz do Igua\u00e7u<\/li>\n<li>Gale\u00e3o-Jo\u00e3o Pessoa<\/li>\n<li>Gale\u00e3o-Natal<\/li>\n<li>Gale\u00e3o-Porto Alegre<\/li>\n<li>Gale\u00e3o-Salvador<\/li>\n<li>Macei\u00f3-Salvador<\/li>\n<li>Petrolina-Recife<\/li>\n<li>Petrolina-Salvador<\/li>\n<li>Recife-Salvador<\/li>\n<\/ul>\n<p>A <strong>Avianca<\/strong> oferece mais detalhes sobre a situa\u00e7\u00e3o desses <strong>passageiros<\/strong> no site <a href=\"https:\/\/www.anac.gov.br\/passageirodigital\"><strong>Passageiro Digital<\/strong><\/a>, da <strong>Ag\u00eancia Nacional de Avia\u00e7\u00e3o Civil (Anac)<\/strong>. H\u00e1 algumas exig\u00eancias que a ag\u00eancia faz no caso de reacomoda\u00e7\u00f5es como as que a <strong>Avianca<\/strong> ter\u00e1 de fazer. Elas devem ser gratuitas e em voos na primeira oportunidade para o mesmo destino. Passageiros com necessidade de atendimentos espec\u00edficos t\u00eam prioridade nessa transfer\u00eancia.<\/p>\n<p>A <strong>Avianca<\/strong> encerrou tr\u00eas opera\u00e7\u00f5es saindo do aeroporto de Guarulhos (SP) em fevereiro: <strong>Santiago<\/strong> (Chile), <strong>Miami<\/strong> e <strong>Nova York<\/strong> (EUA). Somadas aos mais recentes encerramentos, s\u00e3o 24 <strong>rotas<\/strong> fechadas.<\/p>\n<h2>Recupera\u00e7\u00e3o Judicial<\/h2>\n<p>A <strong>Avianca<\/strong> \u00e9 a quarta maior <strong>companhia a\u00e9rea<\/strong> do Brasil e est\u00e1 <a href=\"https:\/\/www.suno.com.br\/artigos\/recuperacao-judicial\/\">em recupera\u00e7\u00e3o judicial<\/a> desde 2018. O <a href=\"https:\/\/www.suno.com.br\/noticias\/avianca-pedido-recuperacao-judicial\/\">pedido foi registrado na 1\u00aa Vara Empresarial de S\u00e3o Paulo<\/a> em 10 de dezembro, ap\u00f3s crescentes <strong>preju\u00edzos<\/strong> e atrasos em pagamentos de arrendamento de aeronaves.<\/p>\n<p>A <b>companhia a\u00e9rea\u00a0<\/b>controla 13% do mercado nacional e registrou um crescimento forte nos \u00faltimos anos. No entanto, acabou acumulando d\u00edvidas superiores a R$ 500 milh\u00f5es.<\/p>\n<p><a href=\"https:\/\/www.suno.com.br\/noticias\/avianca-pode-perder-avioes-acordo\/\">Saiba mais: Avianca pode perder avi\u00f5es se n\u00e3o alcan\u00e7ar acordo\u00a0<\/a><\/p>\n<p>Tr\u00eas empresas de <strong>leasing<\/strong> j\u00e1 pediram restitui\u00e7\u00e3o de avi\u00f5es por conta da falta de pagamento. No total, as empresas arrendaram 14 <strong>aeronaves<\/strong> para a companhia a\u00e9rea, equivalente a 30% da frota em opera\u00e7\u00e3o A companhia a\u00e9rea tinha assegurado que nenhuma das opera\u00e7\u00f5es seriam afetadas, mesmo com o processo de recupera\u00e7\u00e3o judicial. Entretanto, a <strong>Avianca Brasil<\/strong> demitiu 140 funcion\u00e1rios na \u00faltima semana.\u00a0Em dezembro do ano passado a <strong>companhia a\u00e9rea<\/strong> devolveu duas aeronaves Airbus A330 para as empresas de arrendamento.<\/p>\n<p>Por causa da falta de pagamento, os credores apresentaram recursos para a <strong>ANAC.<\/strong> A ag\u00eancia recebeu pedidos por retirar as aeronaves operadas pela empresa do <strong>Registro Aeron\u00e1utico Brasileiro (RAB)<\/strong>.<\/p>\n<p>Em caso de calote, as empresas donas das aeronaves podem pedir o cancelamento das matr\u00edculas dos avi\u00f5es. Isso porque a falta de pagamento por parte da <strong>Avianca<\/strong> seria um descumprimento da <strong>Conven\u00e7\u00e3o da Cidade do Cabo<\/strong>. No come\u00e7o de Janeiro, a <strong>ANAC<\/strong> anunciou o cancelamento de dez matr\u00edculas de avi\u00f5es operados pela Avianca ap\u00f3s pedido da <strong>GE Capital Aviation Services (Gecas)<\/strong>, dona das aeronaves. A Gecas pedia para suspender o registro de dez aeronaves <strong>Airbus A320<\/strong> usadas pela Avianca Brasil em opera\u00e7\u00e3o de voos. A Gecas \u00e9 uma empresa de leasing dona das aeronaves, com a qual a companhia a\u00e9rea tinha um contrato para os 10 avi\u00f5es.<\/p>\n","protected":false},"excerpt":{"rendered":"<p>A Avianca Brasil anunciou nesta ter\u00e7a (26) que vai encerrar a opera\u00e7\u00e3o de 21 rotas a partir de abril. Assim, a companhia vai abandonar 40% de seus 53 trajetos no Pa\u00eds. Avianca: Justi\u00e7a dos EUA aceita pedido de recupera\u00e7\u00e3o judicial Al\u00e9m do encerramento das rotas, a Avianca vai fechar tr\u00eas bases operacionais nos aeroportos do [&hellip;]<\/p>\n","protected":false},"author":13,"featured_media":17594,"comment_status":"closed","ping_status":"closed","sticky":false,"template":"","format":"standard","meta":[],"categories":[64],"tags":[1013,840,314],"suno_strategy":[],"class_list":["post-19077","post","type-post","status-publish","format-standard","has-post-thumbnail","hentry","category-negocios","tag-anac","tag-avianca","tag-recuperacao-judicial"],"yoast_head":"<!-- This site is optimized with the Yoast SEO plugin v24.4 - https:\/\/yoast.com\/wordpress\/plugins\/seo\/ -->\n<title>Avianca Brasil vai encerrar opera\u00e7\u00f5es de 21 rotas a partir de abril<\/title>\n<meta name=\"description\" content=\"A Avianca Brasil encerrar\u00e1 a opera\u00e7\u00e3o de 21 rotas a partir de abril, isto \u00e9, abandonar 40% de seus 53 trajetos no Pa\u00eds. Clique e saiba mais\" \/>\n<meta name=\"robots\" content=\"index, follow, max-snippet:-1, max-image-preview:large, max-video-preview:-1\" \/>\n<link rel=\"canonical\" href=\"https:\/\/www.suno.com.br\/noticias\/avianca-brasil-encerrar-21-rotas-abril\/\" \/>\n<meta property=\"og:locale\" content=\"pt_BR\" \/>\n<meta property=\"og:type\" content=\"article\" \/>\n<meta property=\"og:title\" content=\"Avianca Brasil vai encerrar opera\u00e7\u00f5es de 21 rotas a partir de abril\" \/>\n<meta property=\"og:description\" content=\"A Avianca Brasil encerrar\u00e1 a opera\u00e7\u00e3o de 21 rotas a partir de abril, isto \u00e9, abandonar 40% de seus 53 trajetos no Pa\u00eds. Clique e saiba mais\" \/>\n<meta property=\"og:url\" content=\"https:\/\/www.suno.com.br\/noticias\/avianca-brasil-encerrar-21-rotas-abril\/\" \/>\n<meta property=\"og:site_name\" content=\"Suno Not\u00edcias\" \/>\n<meta property=\"article:publisher\" content=\"https:\/\/facebook.com\/sunoresearch\" \/>\n<meta property=\"og:image\" content=\"https:\/\/files.sunoresearch.com.br\/n\/uploads\/2019\/03\/dea0f632-avianca-brasil.jpg\" \/>\n\t<meta property=\"og:image:width\" content=\"970\" \/>\n\t<meta property=\"og:image:height\" content=\"400\" \/>\n\t<meta property=\"og:image:type\" content=\"image\/jpeg\" \/>\n<meta name=\"author\" content=\"Guilherme Caetano\" \/>\n<meta name=\"twitter:card\" content=\"summary_large_image\" \/>\n<meta name=\"twitter:creator\" content=\"@sunoresearch\" \/>\n<meta name=\"twitter:site\" content=\"@sunoresearch\" \/>\n<meta name=\"twitter:label1\" content=\"Escrito por\" \/>\n\t<meta name=\"twitter:data1\" content=\"Guilherme Caetano\" \/>\n\t<meta name=\"twitter:label2\" content=\"Est. tempo de leitura\" \/>\n\t<meta name=\"twitter:data2\" content=\"3 minutos\" \/>\n<script type=\"application\/ld+json\" class=\"yoast-schema-graph\">{\"@context\":\"https:\/\/schema.org\",\"@graph\":[{\"@type\":\"NewsArticle\",\"@id\":\"https:\/\/www.suno.com.br\/noticias\/avianca-brasil-encerrar-21-rotas-abril\/#article\",\"isPartOf\":{\"@id\":\"https:\/\/www.suno.com.br\/noticias\/avianca-brasil-encerrar-21-rotas-abril\/\"},\"author\":{\"name\":\"Guilherme Caetano\",\"@id\":\"https:\/\/www.suno.com.br\/noticias\/#\/schema\/person\/0d0c9687cd2f600c564f25980c140de9\"},\"headline\":\"Avianca Brasil vai encerrar opera\u00e7\u00f5es de 21 rotas a partir de abril\",\"datePublished\":\"2019-03-26T15:12:05+00:00\",\"mainEntityOfPage\":{\"@id\":\"https:\/\/www.suno.com.br\/noticias\/avianca-brasil-encerrar-21-rotas-abril\/\"},\"wordCount\":603,\"publisher\":{\"@id\":\"https:\/\/www.suno.com.br\/noticias\/#organization\"},\"image\":{\"@id\":\"https:\/\/www.suno.com.br\/noticias\/avianca-brasil-encerrar-21-rotas-abril\/#primaryimage\"},\"thumbnailUrl\":\"https:\/\/files.sunoresearch.com.br\/n\/uploads\/2019\/03\/dea0f632-avianca-brasil-jpg.webp\",\"keywords\":[\"Anac\",\"Avianca\",\"recupera\u00e7\u00e3o judicial\"],\"articleSection\":[\"Neg\u00f3cios\"],\"inLanguage\":\"pt-BR\"},{\"@type\":\"WebPage\",\"@id\":\"https:\/\/www.suno.com.br\/noticias\/avianca-brasil-encerrar-21-rotas-abril\/\",\"url\":\"https:\/\/www.suno.com.br\/noticias\/avianca-brasil-encerrar-21-rotas-abril\/\",\"name\":\"Avianca Brasil vai encerrar opera\u00e7\u00f5es de 21 rotas a partir de abril\",\"isPartOf\":{\"@id\":\"https:\/\/www.suno.com.br\/noticias\/#website\"},\"primaryImageOfPage\":{\"@id\":\"https:\/\/www.suno.com.br\/noticias\/avianca-brasil-encerrar-21-rotas-abril\/#primaryimage\"},\"image\":{\"@id\":\"https:\/\/www.suno.com.br\/noticias\/avianca-brasil-encerrar-21-rotas-abril\/#primaryimage\"},\"thumbnailUrl\":\"https:\/\/files.sunoresearch.com.br\/n\/uploads\/2019\/03\/dea0f632-avianca-brasil-jpg.webp\",\"datePublished\":\"2019-03-26T15:12:05+00:00\",\"description\":\"A Avianca Brasil encerrar\u00e1 a opera\u00e7\u00e3o de 21 rotas a partir de abril, isto \u00e9, abandonar 40% de seus 53 trajetos no Pa\u00eds. Clique e saiba mais\",\"breadcrumb\":{\"@id\":\"https:\/\/www.suno.com.br\/noticias\/avianca-brasil-encerrar-21-rotas-abril\/#breadcrumb\"},\"inLanguage\":\"pt-BR\",\"potentialAction\":[{\"@type\":\"ReadAction\",\"target\":[\"https:\/\/www.suno.com.br\/noticias\/avianca-brasil-encerrar-21-rotas-abril\/\"]}]},{\"@type\":\"ImageObject\",\"inLanguage\":\"pt-BR\",\"@id\":\"https:\/\/www.suno.com.br\/noticias\/avianca-brasil-encerrar-21-rotas-abril\/#primaryimage\",\"url\":\"https:\/\/files.sunoresearch.com.br\/n\/uploads\/2019\/03\/dea0f632-avianca-brasil-jpg.webp\",\"contentUrl\":\"https:\/\/files.sunoresearch.com.br\/n\/uploads\/2019\/03\/dea0f632-avianca-brasil-jpg.webp\",\"width\":970,\"height\":400,\"caption\":\"Avianca: Justi\u00e7a dos EUA aceita pedido de recupera\u00e7\u00e3o judicial\"},{\"@type\":\"BreadcrumbList\",\"@id\":\"https:\/\/www.suno.com.br\/noticias\/avianca-brasil-encerrar-21-rotas-abril\/#breadcrumb\",\"itemListElement\":[{\"@type\":\"ListItem\",\"position\":1,\"name\":\"Not\u00edcias\",\"item\":\"https:\/\/www.suno.com.br\/noticias\/\"},{\"@type\":\"ListItem\",\"position\":2,\"name\":\"Neg\u00f3cios\",\"item\":\"https:\/\/www.suno.com.br\/noticias\/negocios\/\"},{\"@type\":\"ListItem\",\"position\":3,\"name\":\"Avianca Brasil vai encerrar opera\u00e7\u00f5es de 21 rotas a partir de abril\"}]},{\"@type\":\"WebSite\",\"@id\":\"https:\/\/www.suno.com.br\/noticias\/#website\",\"url\":\"https:\/\/www.suno.com.br\/noticias\/\",\"name\":\"Suno Not\u00edcias\",\"description\":\"Seu portal de informa\u00e7\u00e3o sobre o mundo dos investimentos\",\"publisher\":{\"@id\":\"https:\/\/www.suno.com.br\/noticias\/#organization\"},\"potentialAction\":[{\"@type\":\"SearchAction\",\"target\":{\"@type\":\"EntryPoint\",\"urlTemplate\":\"https:\/\/www.suno.com.br\/noticias\/?s={search_term_string}\"},\"query-input\":{\"@type\":\"PropertyValueSpecification\",\"valueRequired\":true,\"valueName\":\"search_term_string\"}}],\"inLanguage\":\"pt-BR\"},{\"@type\":\"Organization\",\"@id\":\"https:\/\/www.suno.com.br\/noticias\/#organization\",\"name\":\"Suno Not\u00edcias\",\"url\":\"https:\/\/www.suno.com.br\/noticias\/\",\"logo\":{\"@type\":\"ImageObject\",\"inLanguage\":\"pt-BR\",\"@id\":\"https:\/\/www.suno.com.br\/noticias\/#\/schema\/logo\/image\/\",\"url\":\"https:\/\/files.sunoresearch.com.br\/n\/uploads\/2021\/09\/suno-logo.png\",\"contentUrl\":\"https:\/\/files.sunoresearch.com.br\/n\/uploads\/2021\/09\/suno-logo.png\",\"width\":180,\"height\":180,\"caption\":\"Suno Not\u00edcias\"},\"image\":{\"@id\":\"https:\/\/www.suno.com.br\/noticias\/#\/schema\/logo\/image\/\"},\"sameAs\":[\"https:\/\/facebook.com\/sunoresearch\",\"https:\/\/x.com\/sunoresearch\",\"https:\/\/www.instagram.com\/suno\",\"https:\/\/www.linkedin.com\/company\/suno-research\/\",\"https:\/\/www.youtube.com\/c\/sunoresearch\"]},{\"@type\":\"Person\",\"@id\":\"https:\/\/www.suno.com.br\/noticias\/#\/schema\/person\/0d0c9687cd2f600c564f25980c140de9\",\"name\":\"Guilherme Caetano\",\"image\":{\"@type\":\"ImageObject\",\"inLanguage\":\"pt-BR\",\"@id\":\"https:\/\/www.suno.com.br\/noticias\/#\/schema\/person\/image\/\",\"url\":\"https:\/\/secure.gravatar.com\/avatar\/e48357351a01702a0d19307070e081bf?s=96&r=g\",\"contentUrl\":\"https:\/\/secure.gravatar.com\/avatar\/e48357351a01702a0d19307070e081bf?s=96&r=g\",\"caption\":\"Guilherme Caetano\"},\"description\":\"Formado em jornalismo pela Escola de Comunica\u00e7\u00f5es e Artes da USP, Guilherme Caetano escreve para o portal de not\u00edcias da Suno Research. Passou pelas reda\u00e7\u00f5es da Folha de S.Paulo e da revista \u00c9poca.\",\"url\":\"https:\/\/www.suno.com.br\/noticias\/author\/guilherme-caetano\/\"}]}<\/script>\n<!-- \/ Yoast SEO plugin. -->","yoast_head_json":{"title":"Avianca Brasil vai encerrar opera\u00e7\u00f5es de 21 rotas a partir de abril","description":"A Avianca Brasil encerrar\u00e1 a opera\u00e7\u00e3o de 21 rotas a partir de abril, isto \u00e9, abandonar 40% de seus 53 trajetos no Pa\u00eds. Clique e saiba mais","robots":{"index":"index","follow":"follow","max-snippet":"max-snippet:-1","max-image-preview":"max-image-preview:large","max-video-preview":"max-video-preview:-1"},"canonical":"https:\/\/www.suno.com.br\/noticias\/avianca-brasil-encerrar-21-rotas-abril\/","og_locale":"pt_BR","og_type":"article","og_title":"Avianca Brasil vai encerrar opera\u00e7\u00f5es de 21 rotas a partir de abril","og_description":"A Avianca Brasil encerrar\u00e1 a opera\u00e7\u00e3o de 21 rotas a partir de abril, isto \u00e9, abandonar 40% de seus 53 trajetos no Pa\u00eds. Clique e saiba mais","og_url":"https:\/\/www.suno.com.br\/noticias\/avianca-brasil-encerrar-21-rotas-abril\/","og_site_name":"Suno Not\u00edcias","article_publisher":"https:\/\/facebook.com\/sunoresearch","og_image":[{"width":970,"height":400,"url":"https:\/\/files.sunoresearch.com.br\/n\/uploads\/2019\/03\/dea0f632-avianca-brasil.jpg","type":"image\/jpeg"}],"author":"Guilherme Caetano","twitter_card":"summary_large_image","twitter_creator":"@sunoresearch","twitter_site":"@sunoresearch","twitter_misc":{"Escrito por":"Guilherme Caetano","Est. tempo de leitura":"3 minutos"},"schema":{"@context":"https:\/\/schema.org","@graph":[{"@type":"NewsArticle","@id":"https:\/\/www.suno.com.br\/noticias\/avianca-brasil-encerrar-21-rotas-abril\/#article","isPartOf":{"@id":"https:\/\/www.suno.com.br\/noticias\/avianca-brasil-encerrar-21-rotas-abril\/"},"author":{"name":"Guilherme Caetano","@id":"https:\/\/www.suno.com.br\/noticias\/#\/schema\/person\/0d0c9687cd2f600c564f25980c140de9"},"headline":"Avianca Brasil vai encerrar opera\u00e7\u00f5es de 21 rotas a partir de abril","datePublished":"2019-03-26T15:12:05+00:00","mainEntityOfPage":{"@id":"https:\/\/www.suno.com.br\/noticias\/avianca-brasil-encerrar-21-rotas-abril\/"},"wordCount":603,"publisher":{"@id":"https:\/\/www.suno.com.br\/noticias\/#organization"},"image":{"@id":"https:\/\/www.suno.com.br\/noticias\/avianca-brasil-encerrar-21-rotas-abril\/#primaryimage"},"thumbnailUrl":"https:\/\/files.sunoresearch.com.br\/n\/uploads\/2019\/03\/dea0f632-avianca-brasil-jpg.webp","keywords":["Anac","Avianca","recupera\u00e7\u00e3o judicial"],"articleSection":["Neg\u00f3cios"],"inLanguage":"pt-BR"},{"@type":"WebPage","@id":"https:\/\/www.suno.com.br\/noticias\/avianca-brasil-encerrar-21-rotas-abril\/","url":"https:\/\/www.suno.com.br\/noticias\/avianca-brasil-encerrar-21-rotas-abril\/","name":"Avianca Brasil vai encerrar opera\u00e7\u00f5es de 21 rotas a partir de abril","isPartOf":{"@id":"https:\/\/www.suno.com.br\/noticias\/#website"},"primaryImageOfPage":{"@id":"https:\/\/www.suno.com.br\/noticias\/avianca-brasil-encerrar-21-rotas-abril\/#primaryimage"},"image":{"@id":"https:\/\/www.suno.com.br\/noticias\/avianca-brasil-encerrar-21-rotas-abril\/#primaryimage"},"thumbnailUrl":"https:\/\/files.sunoresearch.com.br\/n\/uploads\/2019\/03\/dea0f632-avianca-brasil-jpg.webp","datePublished":"2019-03-26T15:12:05+00:00","description":"A Avianca Brasil encerrar\u00e1 a opera\u00e7\u00e3o de 21 rotas a partir de abril, isto \u00e9, abandonar 40% de seus 53 trajetos no Pa\u00eds. Clique e saiba mais","breadcrumb":{"@id":"https:\/\/www.suno.com.br\/noticias\/avianca-brasil-encerrar-21-rotas-abril\/#breadcrumb"},"inLanguage":"pt-BR","potentialAction":[{"@type":"ReadAction","target":["https:\/\/www.suno.com.br\/noticias\/avianca-brasil-encerrar-21-rotas-abril\/"]}]},{"@type":"ImageObject","inLanguage":"pt-BR","@id":"https:\/\/www.suno.com.br\/noticias\/avianca-brasil-encerrar-21-rotas-abril\/#primaryimage","url":"https:\/\/files.sunoresearch.com.br\/n\/uploads\/2019\/03\/dea0f632-avianca-brasil-jpg.webp","contentUrl":"https:\/\/files.sunoresearch.com.br\/n\/uploads\/2019\/03\/dea0f632-avianca-brasil-jpg.webp","width":970,"height":400,"caption":"Avianca: Justi\u00e7a dos EUA aceita pedido de recupera\u00e7\u00e3o judicial"},{"@type":"BreadcrumbList","@id":"https:\/\/www.suno.com.br\/noticias\/avianca-brasil-encerrar-21-rotas-abril\/#breadcrumb","itemListElement":[{"@type":"ListItem","position":1,"name":"Not\u00edcias","item":"https:\/\/www.suno.com.br\/noticias\/"},{"@type":"ListItem","position":2,"name":"Neg\u00f3cios","item":"https:\/\/www.suno.com.br\/noticias\/negocios\/"},{"@type":"ListItem","position":3,"name":"Avianca Brasil vai encerrar opera\u00e7\u00f5es de 21 rotas a partir de abril"}]},{"@type":"WebSite","@id":"https:\/\/www.suno.com.br\/noticias\/#website","url":"https:\/\/www.suno.com.br\/noticias\/","name":"Suno Not\u00edcias","description":"Seu portal de informa\u00e7\u00e3o sobre o mundo dos investimentos","publisher":{"@id":"https:\/\/www.suno.com.br\/noticias\/#organization"},"potentialAction":[{"@type":"SearchAction","target":{"@type":"EntryPoint","urlTemplate":"https:\/\/www.suno.com.br\/noticias\/?s={search_term_string}"},"query-input":{"@type":"PropertyValueSpecification","valueRequired":true,"valueName":"search_term_string"}}],"inLanguage":"pt-BR"},{"@type":"Organization","@id":"https:\/\/www.suno.com.br\/noticias\/#organization","name":"Suno Not\u00edcias","url":"https:\/\/www.suno.com.br\/noticias\/","logo":{"@type":"ImageObject","inLanguage":"pt-BR","@id":"https:\/\/www.suno.com.br\/noticias\/#\/schema\/logo\/image\/","url":"https:\/\/files.sunoresearch.com.br\/n\/uploads\/2021\/09\/suno-logo.png","contentUrl":"https:\/\/files.sunoresearch.com.br\/n\/uploads\/2021\/09\/suno-logo.png","width":180,"height":180,"caption":"Suno Not\u00edcias"},"image":{"@id":"https:\/\/www.suno.com.br\/noticias\/#\/schema\/logo\/image\/"},"sameAs":["https:\/\/facebook.com\/sunoresearch","https:\/\/x.com\/sunoresearch","https:\/\/www.instagram.com\/suno","https:\/\/www.linkedin.com\/company\/suno-research\/","https:\/\/www.youtube.com\/c\/sunoresearch"]},{"@type":"Person","@id":"https:\/\/www.suno.com.br\/noticias\/#\/schema\/person\/0d0c9687cd2f600c564f25980c140de9","name":"Guilherme Caetano","image":{"@type":"ImageObject","inLanguage":"pt-BR","@id":"https:\/\/www.suno.com.br\/noticias\/#\/schema\/person\/image\/","url":"https:\/\/secure.gravatar.com\/avatar\/e48357351a01702a0d19307070e081bf?s=96&r=g","contentUrl":"https:\/\/secure.gravatar.com\/avatar\/e48357351a01702a0d19307070e081bf?s=96&r=g","caption":"Guilherme Caetano"},"description":"Formado em jornalismo pela Escola de Comunica\u00e7\u00f5es e Artes da USP, Guilherme Caetano escreve para o portal de not\u00edcias da Suno Research. Passou pelas reda\u00e7\u00f5es da Folha de S.Paulo e da revista \u00c9poca.","url":"https:\/\/www.suno.com.br\/noticias\/author\/guilherme-caetano\/"}]}},"default_loop_html":"<div class=\"cardsPage__listCard__boxs\"><div class=\"cardsPage__listCard__boxs__img\"><a href=\"https:\/\/www.suno.com.br\/noticias\/avianca-brasil-encerrar-21-rotas-abril\/\"><img class=\"mask\" src=\"https:\/\/www.suno.com.br\/noticias\/wp-content\/themes\/suno\/resources\/images\/spotlight\/spotlight1img\/bg-mask.png\" alt=\"Image Mask\"\/><img src=\"https:\/\/files.sunoresearch.com.br\/n\/uploads\/2019\/03\/dea0f632-avianca-brasil-400x200.webp\" alt=\"Avianca Brasil vai encerrar opera\u00e7\u00f5es de 21 rotas a partir de abril\"\/><\/a><span class=\"spotlightCategory\"><a href=\"https:\/\/www.suno.com.br\/noticias\/negocios\/\">Neg\u00f3cios<\/a><\/span><\/div><div class=\"cardsPage__listCard__boxs__content\"><a href=\"https:\/\/www.suno.com.br\/noticias\/avianca-brasil-encerrar-21-rotas-abril\/\"><h2 class=\"content__title\">Avianca Brasil vai encerrar opera\u00e7\u00f5es de 21 rotas a partir de abril<\/h2><\/a><div class=\"newsContent__article__meta\"><div class=\"newsContent__article__meta__authorBox\"><a href=\"https:\/\/www.suno.com.br\/noticias\/author\/guilherme-caetano\/\" class=\"authorBox__avatar noMobi\"><img src=\"https:\/\/secure.gravatar.com\/avatar\/e48357351a01702a0d19307070e081bf?s=96&#038;r=g\" alt=\"Guilherme Caetano\"><\/a><div class=\"authorBox__name\"><span>por\n\t\t\t<a href=\"https:\/\/www.suno.com.br\/noticias\/author\/guilherme-caetano\/\"><span itemprop=\"author\">Guilherme Caetano<\/span><\/a><\/span><time datetime=\"2019-03-26T12:12:05-03:00\" itemprop=\"datePublished\">26\/03\/2019 12:12<\/time><\/div><\/div><\/div><\/div><\/div>","single_layout":"posts","amp_enabled":true,"_links":{"self":[{"href":"https:\/\/www.suno.com.br\/noticias\/wp-json\/wp\/v2\/posts\/19077"}],"collection":[{"href":"https:\/\/www.suno.com.br\/noticias\/wp-json\/wp\/v2\/posts"}],"about":[{"href":"https:\/\/www.suno.com.br\/noticias\/wp-json\/wp\/v2\/types\/post"}],"author":[{"embeddable":true,"href":"https:\/\/www.suno.com.br\/noticias\/wp-json\/wp\/v2\/users\/13"}],"replies":[{"embeddable":true,"href":"https:\/\/www.suno.com.br\/noticias\/wp-json\/wp\/v2\/comments?post=19077"}],"version-history":[{"count":0,"href":"https:\/\/www.suno.com.br\/noticias\/wp-json\/wp\/v2\/posts\/19077\/revisions"}],"wp:featuredmedia":[{"embeddable":true,"href":"https:\/\/www.suno.com.br\/noticias\/wp-json\/wp\/v2\/media\/17594"}],"wp:attachment":[{"href":"https:\/\/www.suno.com.br\/noticias\/wp-json\/wp\/v2\/media?parent=19077"}],"wp:term":[{"taxonomy":"category","embeddable":true,"href":"https:\/\/www.suno.com.br\/noticias\/wp-json\/wp\/v2\/categories?post=19077"},{"taxonomy":"post_tag","embeddable":true,"href":"https:\/\/www.suno.com.br\/noticias\/wp-json\/wp\/v2\/tags?post=19077"},{"taxonomy":"suno_strategy","embeddable":true,"href":"https:\/\/www.suno.com.br\/noticias\/wp-json\/wp\/v2\/suno_strategy?post=19077"}],"curies":[{"name":"wp","href":"https:\/\/api.w.org\/{rel}","templated":true}]}}