{"id":190682,"date":"2021-10-05T09:32:40","date_gmt":"2021-10-05T12:32:40","guid":{"rendered":"https:\/\/www.suno.com.br\/noticias\/?p=190682"},"modified":"2021-10-05T12:46:57","modified_gmt":"2021-10-05T15:46:57","slug":"patria-investimentos-pax-seguranca-digital-alta-do-setor","status":"publish","type":"post","link":"https:\/\/www.suno.com.br\/noticias\/patria-investimentos-pax-seguranca-digital-alta-do-setor\/","title":{"rendered":"P\u00e1tria estreia em seguran\u00e7a digital com compra de 2 empresas e j\u00e1 pensa em IPO"},"content":{"rendered":"<p>A gestora <strong>P\u00e1tria<\/strong> Investimentos comprou duas empresas de ciberseguran\u00e7a &#8211; a Neosecure e Proteus &#8211; em meio a uma alta de ataques hacker em todo o mundo. No total, a gestora informou que tem\u00a0um or\u00e7amento de R$ 1,35 bilh\u00e3o para investimentos no setor de <strong>ciberseguran\u00e7a<\/strong>, sendo que o valor j\u00e1 inclui ambas as aquisi\u00e7\u00f5es.<\/p>\t<div class=\"wrapper-featured-image\">\n\t\t<figure class=\"spotlightImg\">\n\n\t\t\t<picture>\n\t\t\t\t<source media=\"(max-width: 768px)\" srcset=\"https:\/\/files.sunoresearch.com.br\/n\/uploads\/2021\/09\/patria-investimentos-400x200.jpg\">\n\t\t\t\t<img loading=\"lazy\" decoding=\"async\" class=\"newsContent__article__imgCapa lazyloadDisabled \" src=\"https:\/\/files.sunoresearch.com.br\/n\/uploads\/2021\/09\/patria-investimentos-800x450.jpg\" width=\"800\" height=\"450\" alt=\"P\u00e1tria estreia em seguran\u00e7a digital com compra de 2 empresas e j\u00e1 pensa em IPO\" fetchpriority=high \/>\n\t\t\t<\/picture>\n\n\t\t\t<figcaption class=\"wp-caption-text wp-caption-text--show\">P\u00e1tria Investimentos Foto: Divulga\u00e7\u00e3o<\/figcaption>\n\t\t<\/figure>\n\t<\/div>\n\n\n\t<p>\n\t\t<a href=\"https:\/\/lp.suno.com.br\/planilha-controle-gastos\/\" target=\"_blank\" data-element=\"shortcode-suno-banner\" title=\"Banner SUNO, clique e saiba mais\">\n\t\t\t<picture>\n\t\t\t\t<source media=\"(max-width: 500px)\" srcset=\"https:\/\/files.sunoresearch.com.br\/n\/uploads\/2023\/03\/400x300-Planilha-controle-de-gastos.png\">\n\t\t\t\t<img class=\"newsContent__article__imgCapa newsContent__article__imgCapa--banner\"\n\t\t\t\t\tsrc=\"https:\/\/files.sunoresearch.com.br\/n\/uploads\/2023\/03\/1420x240-Planilha-controle-de-gastos.png\"\n\t\t\t\t\tdata-promo-id=\"101751\"\t\t\t\t\t\t\t\t\t\twidth='1420' height='240'\t\t\t\t\talt=\"https:\/\/files.sunoresearch.com.br\/n\/uploads\/2023\/03\/1420x240-Planilha-controle-de-gastos.png\"\n\t\t\t\t>\n\t\t\t<\/picture>\n\t\t<\/a>\n\t<\/p>\n\n\n<p>O plano do P\u00e1tria \u00e9 comprar mais empresas do setor para criar uma <strong>plataforma anti-hacker<\/strong> que ir\u00e1 \u00e0 bolsa de valores no Brasil ou nos Estados Unidos. Segundo o Valor Econ\u00f4mico, a oferta de a\u00e7\u00f5es (IPO) deve ocorrer a partir do segundo semestre de 2022.<\/p>\n<p>As compras anunciadas agora, <a href=\"https:\/\/www.suno.com.br\/artigos\/blackrock\/\">segundo a gestora de recursos<\/a>, criam \u201ca maior plataforma especializada em solu\u00e7\u00f5es de <strong>seguran\u00e7a da informa\u00e7\u00e3o<\/strong> da Am\u00e9rica Latina, que movimenta US$ 7,2 bilh\u00f5es (R$ 39,02 bilh\u00f5es) ao ano na regi\u00e3o\u201d.<\/p>\n\t<div data-element=\"shortcode-read-more\" class=\"knowMore\">\n\t\t\t\t<span class=\"knowMore__title\">Leia mais<\/span>\n\t\t\t\t<a class=\"knowMore__link\" href=\"https:\/\/www.suno.com.br\/noticias\/patria-investimentos-fusao-moneda-135-bilhoes-gestao\/\">\n\t\t\tP\u00e1tria Investimentos anuncia fus\u00e3o com o Moneda e chega a R$ 135 bi sob gest\u00e3o; a\u00e7\u00f5es disparam na Nasdaq\t\t<\/a>\n\t<\/div>\n\n\n<p>Deste modo, a empresa de <strong>ciberseguran\u00e7a<\/strong> do P\u00e1tria j\u00e1 nasce com <a href=\"https:\/\/www.suno.com.br\/artigos\/receita-total\/\">meio bilh\u00e3o de reais em faturamento anual<\/a>, sendo presente no Brasil, Chile, Argentina, Peru e Col\u00f4mbia.<\/p>\n<p>A <strong>Proteus<\/strong> \u00e9 paulista, com filial americana e pouco mais de 20 anos de mercado, com foco em an\u00e1lise e controle executivo de risco. J\u00e1 a <strong>Neosecure<\/strong> foi fundada em 1999 no Chile, sendo uma empresa dedicada a enfrentar amea\u00e7as, protegendo os ativos e sistemas das organiza\u00e7\u00f5es.<\/p>\n<p>\u201cNesse contexto, os dois players t\u00eam mais de 20 anos de atua\u00e7\u00e3o e disp\u00f5em ao mercado um portf\u00f3lio de solu\u00e7\u00f5es inovadoras \u2018end to end\u2019, desde a preven\u00e7\u00e3o e detec\u00e7\u00e3o at\u00e9 a implementa\u00e7\u00e3o de solu\u00e7\u00f5es para remediar <strong>ataques hackers<\/strong>\u201d, diz o comunicado do P\u00e1tria sobre a compra.<\/p>\n\t<p>\n\t\t<a href=\"https:\/\/lp.suno.com.br\/planilha-da-vida-financeira\/\" target=\"_blank\" data-element=\"shortcode-suno-banner\" title=\"Banner SUNO, clique e saiba mais\">\n\t\t\t<picture>\n\t\t\t\t<source media=\"(max-width: 500px)\" srcset=\"https:\/\/files.sunoresearch.com.br\/n\/uploads\/2023\/04\/400x300-Planilha-vida-financeira-true.png\">\n\t\t\t\t<img class=\"newsContent__article__imgCapa newsContent__article__imgCapa--banner\"\n\t\t\t\t\tsrc=\"https:\/\/files.sunoresearch.com.br\/n\/uploads\/2023\/04\/1420x240-Planilha-vida-financeira-true.png\"\n\t\t\t\t\tdata-promo-id=\"106682\"\t\t\t\t\t\t\t\t\t\twidth='1420' height='240'\t\t\t\t\talt=\"https:\/\/files.sunoresearch.com.br\/n\/uploads\/2023\/04\/1420x240-Planilha-vida-financeira-true.png\"\n\t\t\t\t>\n\t\t\t<\/picture>\n\t\t<\/a>\n\t<\/p>\n\n\n<h2>P\u00e1tria visa players para um mercado estrat\u00e9gico<\/h2>\n<p>A estrat\u00e9gia do P\u00e1tria \u00e9 comprar <em>players<\/em> de um setor que demonstra um crescimento gradual e promissor. Cada vez mais empresas t\u00eam sofrido com problemas de <strong>seguran\u00e7a<\/strong> digital, como foi o caso da <a href=\"https:\/\/www.suno.com.br\/acoes\/lren3\/\">Renner (LREN3)<\/a> e da <a class=\"suno-keyword\" href=\"https:\/\/www.suno.com.br\/acoes\/CVCB3\/\" target=\"_blank\" rel=\"noopener\" data-force=\"yes\" data-priority=\"2\">CVC (CVCB3)<\/a>.<\/p>\n<p>Al\u00e9m disso, segundo dados divulgados recentemente pela Netscout, o Brasil \u00e9 o segundo pa\u00eds que mais sofreu com ciberataques no acumulado de 2021.<\/p>\n\t<p>\n\t\t<a href=\"https:\/\/lp.suno.com.br\/planilha-de-controle-de-investimentos\/\" target=\"_blank\" data-element=\"shortcode-suno-banner\" title=\"Banner SUNO, clique e saiba mais\">\n\t\t\t<picture>\n\t\t\t\t<source media=\"(max-width: 500px)\" srcset=\"https:\/\/files.sunoresearch.com.br\/n\/uploads\/2023\/03\/400x300-Controle-de-Investimentos.png\">\n\t\t\t\t<img class=\"newsContent__article__imgCapa newsContent__article__imgCapa--banner\"\n\t\t\t\t\tsrc=\"https:\/\/files.sunoresearch.com.br\/n\/uploads\/2023\/03\/1420x240-Controle-de-Investimentos.png\"\n\t\t\t\t\tdata-promo-id=\"75934\"\t\t\t\t\t\t\t\t\t\twidth='1420' height='240'\t\t\t\t\talt=\"https:\/\/files.sunoresearch.com.br\/n\/uploads\/2023\/03\/1420x240-Controle-de-Investimentos.png\"\n\t\t\t\t>\n\t\t\t<\/picture>\n\t\t<\/a>\n\t<\/p>\n\n\n<p>Empresas grandes como o laborat\u00f3rio <a class=\"suno-keyword\" href=\"https:\/\/www.suno.com.br\/noticias\/ataque-fleury-flry3-sirio-libanes-sistema-defesa-contingencia\/\" target=\"_blank\" rel=\"noopener noreferrer\" data-force=\"yes\" data-priority=\"2\">Fleury (FLRY3)<\/a> e o frigor\u00edfico <a class=\"suno-keyword\" href=\"https:\/\/www.suno.com.br\/noticias\/jbs-jbss3-retoma-parte-operacoes-hacker\/\" target=\"_blank\" rel=\"noopener noreferrer\" data-force=\"yes\" data-priority=\"2\">JBS (JBSS3)<\/a> tamb\u00e9m foram alvos de problemas ocasionados por algum hacker &#8211; sendo que o segundo caso envolveu solicita\u00e7\u00e3o de pagamento pelos criminosos, que atingiram f\u00e1bricas dos EUA.<\/p>\n<p>Assim, o Brasil soma uma fatia de 7,1%\u00a0 de todos os problemas do g\u00eanero em todo o mundo, que j\u00e1 s\u00e3o cerca de 6,4 milh\u00f5es at\u00e9 o in\u00edcio de agosto.<\/p>\n<p>Outro estudo relevante, da consultoria alem\u00e3 Roland Berger, indica que o Brasil \u00e9 o quinto pa\u00eds no mundo que mais sofre com os ataques cibern\u00e9ticos. O pa\u00eds est\u00e1 atr\u00e1s apenas de Estados Unidos, Reino Unido, Alemanha e \u00c1frica do Sul no quesito.<\/p>\n<h2>Cota\u00e7\u00e3o PAX<\/h2>\n<p><a href=\"https:\/\/www.suno.com.br\/artigos\/empresa-capital-aberto\/\">Tornando-se uma companhia aberta<\/a> em janeiro deste ano,<a href=\"https:\/\/www.suno.com.br\/artigos\/nasdaq\"> na Nasdaq<\/a>, a companhia v\u00ea uma desvaloriza\u00e7\u00e3o de 18% nas <strong>a\u00e7\u00f5es do P\u00e1tria<\/strong>, negociadas sob o ticker PAX, por US$ 16,32 por papel.<\/p>\n<p>Somente nos \u00faltimos cinco dias, as a\u00e7\u00f5es do <strong>P\u00e1tria<\/strong> ca\u00edram 5,2%, revertendo a alta recente ap\u00f3s a fus\u00e3o com o Moneda, do Chile. A gestora figura como uma das maiores empresas do ramo de <a class=\"suno-keyword\" href=\"https:\/\/www.suno.com.br\/artigos\/private-equity\/\" target=\"_blank\" rel=\"noopener\" data-force=\"no\" data-priority=\"1\">private equity<\/a> da Am\u00e9rica Latina.<\/p>\n\t<p>\n\t\t<a href=\"\" target=\"_blank\" data-element=\"shortcode-suno-banner\" title=\"Banner SUNO, clique e saiba mais\">\n\t\t\t<picture>\n\t\t\t\t<source media=\"(max-width: 500px)\" srcset=\"\">\n\t\t\t\t<img class=\"newsContent__article__imgCapa newsContent__article__imgCapa--banner\"\n\t\t\t\t\tsrc=\"\"\n\t\t\t\t\tdata-promo-id=\"184190\"\t\t\t\t\t\t\t\t\t\t\t\t\t\t\talt=\"\"\n\t\t\t\t>\n\t\t\t<\/picture>\n\t\t<\/a>\n\t<\/p>\n\n\n","protected":false},"excerpt":{"rendered":"<p>A gestora P\u00e1tria Investimentos comprou duas empresas de ciberseguran\u00e7a &#8211; a Neosecure e Proteus &#8211; em meio a uma alta de ataques hacker em todo o mundo. No total, a gestora informou que tem\u00a0um or\u00e7amento de R$ 1,35 bilh\u00e3o para investimentos no setor de ciberseguran\u00e7a, sendo que o valor j\u00e1 inclui ambas as aquisi\u00e7\u00f5es. P\u00e1tria [&hellip;]<\/p>\n","protected":false},"author":73,"featured_media":182339,"comment_status":"closed","ping_status":"closed","sticky":false,"template":"","format":"standard","meta":[],"categories":[64],"tags":[62812,106789,964,1139,49191],"suno_strategy":[],"class_list":["post-190682","post","type-post","status-publish","format-standard","has-post-thumbnail","hentry","category-negocios","tag-fusoes-e-aquisicoes","tag-hacker","tag-nasdaq","tag-patria-investimentos","tag-seguranca-digital"],"yoast_head":"<!-- This site is optimized with the Yoast SEO plugin v24.4 - https:\/\/yoast.com\/wordpress\/plugins\/seo\/ -->\n<title>P\u00e1tria compra duas companhias de seguran\u00e7a digital vendo alta do setor<\/title>\n<meta name=\"description\" content=\"Com aumento crescente nos ataques hacker e afins, o P\u00e1tria realizou duas aquisi\u00e7\u00f5es de players do segmento. Clique aqui e leia mais.\" \/>\n<meta name=\"robots\" content=\"index, follow, max-snippet:-1, max-image-preview:large, max-video-preview:-1\" \/>\n<link rel=\"canonical\" href=\"https:\/\/www.suno.com.br\/noticias\/patria-investimentos-pax-seguranca-digital-alta-do-setor\/\" \/>\n<meta property=\"og:locale\" content=\"pt_BR\" \/>\n<meta property=\"og:type\" content=\"article\" \/>\n<meta property=\"og:title\" content=\"P\u00e1tria compra duas companhias de seguran\u00e7a digital vendo alta do setor\" \/>\n<meta property=\"og:description\" content=\"Com aumento crescente nos ataques hacker e afins, o P\u00e1tria realizou duas aquisi\u00e7\u00f5es de players do segmento. Clique aqui e leia mais.\" \/>\n<meta property=\"og:url\" content=\"https:\/\/www.suno.com.br\/noticias\/patria-investimentos-pax-seguranca-digital-alta-do-setor\/\" \/>\n<meta property=\"og:site_name\" content=\"Suno Not\u00edcias\" \/>\n<meta property=\"article:publisher\" content=\"https:\/\/facebook.com\/sunoresearch\" \/>\n<meta property=\"og:image\" content=\"https:\/\/files.sunoresearch.com.br\/n\/uploads\/2021\/09\/patria-investimentos.jpg\" \/>\n\t<meta property=\"og:image:width\" content=\"1262\" \/>\n\t<meta property=\"og:image:height\" content=\"860\" \/>\n\t<meta property=\"og:image:type\" content=\"image\/jpeg\" \/>\n<meta name=\"author\" content=\"Eduardo Vargas\" \/>\n<meta name=\"twitter:card\" content=\"summary_large_image\" \/>\n<meta name=\"twitter:creator\" content=\"@sunoresearch\" \/>\n<meta name=\"twitter:site\" content=\"@sunoresearch\" \/>\n<meta name=\"twitter:label1\" content=\"Escrito por\" \/>\n\t<meta name=\"twitter:data1\" content=\"Eduardo Vargas\" \/>\n\t<meta name=\"twitter:label2\" content=\"Est. tempo de leitura\" \/>\n\t<meta name=\"twitter:data2\" content=\"3 minutos\" \/>\n<script type=\"application\/ld+json\" class=\"yoast-schema-graph\">{\"@context\":\"https:\/\/schema.org\",\"@graph\":[{\"@type\":\"NewsArticle\",\"@id\":\"https:\/\/www.suno.com.br\/noticias\/patria-investimentos-pax-seguranca-digital-alta-do-setor\/#article\",\"isPartOf\":{\"@id\":\"https:\/\/www.suno.com.br\/noticias\/patria-investimentos-pax-seguranca-digital-alta-do-setor\/\"},\"author\":{\"name\":\"Eduardo Vargas\",\"@id\":\"https:\/\/www.suno.com.br\/noticias\/#\/schema\/person\/7f4d362bf3518e76090143ae77bb49a5\"},\"headline\":\"P\u00e1tria estreia em seguran\u00e7a digital com compra de 2 empresas e j\u00e1 pensa em IPO\",\"datePublished\":\"2021-10-05T12:32:40+00:00\",\"dateModified\":\"2021-10-05T15:46:57+00:00\",\"mainEntityOfPage\":{\"@id\":\"https:\/\/www.suno.com.br\/noticias\/patria-investimentos-pax-seguranca-digital-alta-do-setor\/\"},\"wordCount\":586,\"publisher\":{\"@id\":\"https:\/\/www.suno.com.br\/noticias\/#organization\"},\"image\":{\"@id\":\"https:\/\/www.suno.com.br\/noticias\/patria-investimentos-pax-seguranca-digital-alta-do-setor\/#primaryimage\"},\"thumbnailUrl\":\"https:\/\/files.sunoresearch.com.br\/n\/uploads\/2021\/09\/patria-investimentos.jpg\",\"keywords\":[\"fus\u00f5es e aquisi\u00e7\u00f5es\",\"hacker\",\"Nasdaq\",\"P\u00e1tria Investimentos\",\"seguran\u00e7a digital\"],\"articleSection\":[\"Neg\u00f3cios\"],\"inLanguage\":\"pt-BR\"},{\"@type\":\"WebPage\",\"@id\":\"https:\/\/www.suno.com.br\/noticias\/patria-investimentos-pax-seguranca-digital-alta-do-setor\/\",\"url\":\"https:\/\/www.suno.com.br\/noticias\/patria-investimentos-pax-seguranca-digital-alta-do-setor\/\",\"name\":\"P\u00e1tria compra duas companhias de seguran\u00e7a digital vendo alta do setor\",\"isPartOf\":{\"@id\":\"https:\/\/www.suno.com.br\/noticias\/#website\"},\"primaryImageOfPage\":{\"@id\":\"https:\/\/www.suno.com.br\/noticias\/patria-investimentos-pax-seguranca-digital-alta-do-setor\/#primaryimage\"},\"image\":{\"@id\":\"https:\/\/www.suno.com.br\/noticias\/patria-investimentos-pax-seguranca-digital-alta-do-setor\/#primaryimage\"},\"thumbnailUrl\":\"https:\/\/files.sunoresearch.com.br\/n\/uploads\/2021\/09\/patria-investimentos.jpg\",\"datePublished\":\"2021-10-05T12:32:40+00:00\",\"dateModified\":\"2021-10-05T15:46:57+00:00\",\"description\":\"Com aumento crescente nos ataques hacker e afins, o P\u00e1tria realizou duas aquisi\u00e7\u00f5es de players do segmento. Clique aqui e leia mais.\",\"breadcrumb\":{\"@id\":\"https:\/\/www.suno.com.br\/noticias\/patria-investimentos-pax-seguranca-digital-alta-do-setor\/#breadcrumb\"},\"inLanguage\":\"pt-BR\",\"potentialAction\":[{\"@type\":\"ReadAction\",\"target\":[\"https:\/\/www.suno.com.br\/noticias\/patria-investimentos-pax-seguranca-digital-alta-do-setor\/\"]}]},{\"@type\":\"ImageObject\",\"inLanguage\":\"pt-BR\",\"@id\":\"https:\/\/www.suno.com.br\/noticias\/patria-investimentos-pax-seguranca-digital-alta-do-setor\/#primaryimage\",\"url\":\"https:\/\/files.sunoresearch.com.br\/n\/uploads\/2021\/09\/patria-investimentos.jpg\",\"contentUrl\":\"https:\/\/files.sunoresearch.com.br\/n\/uploads\/2021\/09\/patria-investimentos.jpg\",\"width\":1262,\"height\":860,\"caption\":\"P\u00e1tria Investimentos Foto: Divulga\u00e7\u00e3o\"},{\"@type\":\"BreadcrumbList\",\"@id\":\"https:\/\/www.suno.com.br\/noticias\/patria-investimentos-pax-seguranca-digital-alta-do-setor\/#breadcrumb\",\"itemListElement\":[{\"@type\":\"ListItem\",\"position\":1,\"name\":\"Not\u00edcias\",\"item\":\"https:\/\/www.suno.com.br\/noticias\/\"},{\"@type\":\"ListItem\",\"position\":2,\"name\":\"Neg\u00f3cios\",\"item\":\"https:\/\/www.suno.com.br\/noticias\/negocios\/\"},{\"@type\":\"ListItem\",\"position\":3,\"name\":\"P\u00e1tria estreia em seguran\u00e7a digital com compra de 2 empresas e j\u00e1 pensa em IPO\"}]},{\"@type\":\"WebSite\",\"@id\":\"https:\/\/www.suno.com.br\/noticias\/#website\",\"url\":\"https:\/\/www.suno.com.br\/noticias\/\",\"name\":\"Suno Not\u00edcias\",\"description\":\"Seu portal de informa\u00e7\u00e3o sobre o mundo dos investimentos\",\"publisher\":{\"@id\":\"https:\/\/www.suno.com.br\/noticias\/#organization\"},\"potentialAction\":[{\"@type\":\"SearchAction\",\"target\":{\"@type\":\"EntryPoint\",\"urlTemplate\":\"https:\/\/www.suno.com.br\/noticias\/?s={search_term_string}\"},\"query-input\":{\"@type\":\"PropertyValueSpecification\",\"valueRequired\":true,\"valueName\":\"search_term_string\"}}],\"inLanguage\":\"pt-BR\"},{\"@type\":\"Organization\",\"@id\":\"https:\/\/www.suno.com.br\/noticias\/#organization\",\"name\":\"Suno Not\u00edcias\",\"url\":\"https:\/\/www.suno.com.br\/noticias\/\",\"logo\":{\"@type\":\"ImageObject\",\"inLanguage\":\"pt-BR\",\"@id\":\"https:\/\/www.suno.com.br\/noticias\/#\/schema\/logo\/image\/\",\"url\":\"https:\/\/files.sunoresearch.com.br\/n\/uploads\/2021\/09\/suno-logo.png\",\"contentUrl\":\"https:\/\/files.sunoresearch.com.br\/n\/uploads\/2021\/09\/suno-logo.png\",\"width\":180,\"height\":180,\"caption\":\"Suno Not\u00edcias\"},\"image\":{\"@id\":\"https:\/\/www.suno.com.br\/noticias\/#\/schema\/logo\/image\/\"},\"sameAs\":[\"https:\/\/facebook.com\/sunoresearch\",\"https:\/\/x.com\/sunoresearch\",\"https:\/\/www.instagram.com\/suno\",\"https:\/\/www.linkedin.com\/company\/suno-research\/\",\"https:\/\/www.youtube.com\/c\/sunoresearch\"]},{\"@type\":\"Person\",\"@id\":\"https:\/\/www.suno.com.br\/noticias\/#\/schema\/person\/7f4d362bf3518e76090143ae77bb49a5\",\"name\":\"Eduardo Vargas\",\"image\":{\"@type\":\"ImageObject\",\"inLanguage\":\"pt-BR\",\"@id\":\"https:\/\/www.suno.com.br\/noticias\/#\/schema\/person\/image\/\",\"url\":\"https:\/\/secure.gravatar.com\/avatar\/dac340933427a22924c9f99d1eb2e3f2?s=96&r=g\",\"contentUrl\":\"https:\/\/secure.gravatar.com\/avatar\/dac340933427a22924c9f99d1eb2e3f2?s=96&r=g\",\"caption\":\"Eduardo Vargas\"},\"description\":\"Jornalista formado pela UFSC, cobre macroeconomia, neg\u00f3cios e startups para o Suno Not\u00edcias, escrevendo principalmente not\u00edcias sobre o mercado financeiro e a bolsa de valores. No YouTube e no Instagram, \u00e9 respons\u00e1vel pela produ\u00e7\u00e3o de Reels e Shorts do Suno Not\u00edcias. Anteriormente, trabalhou cobrindo economia e cotidiano no ND+ e para o ND, maior jornal impresso de Santa Catarina. Cursou um semestre letivo de Estudos de M\u00eddia na Universidad de Buenos Aires.\",\"url\":\"https:\/\/www.suno.com.br\/noticias\/author\/eduardo-vargas\/\"}]}<\/script>\n<!-- \/ Yoast SEO plugin. -->","yoast_head_json":{"title":"P\u00e1tria compra duas companhias de seguran\u00e7a digital vendo alta do setor","description":"Com aumento crescente nos ataques hacker e afins, o P\u00e1tria realizou duas aquisi\u00e7\u00f5es de players do segmento. Clique aqui e leia mais.","robots":{"index":"index","follow":"follow","max-snippet":"max-snippet:-1","max-image-preview":"max-image-preview:large","max-video-preview":"max-video-preview:-1"},"canonical":"https:\/\/www.suno.com.br\/noticias\/patria-investimentos-pax-seguranca-digital-alta-do-setor\/","og_locale":"pt_BR","og_type":"article","og_title":"P\u00e1tria compra duas companhias de seguran\u00e7a digital vendo alta do setor","og_description":"Com aumento crescente nos ataques hacker e afins, o P\u00e1tria realizou duas aquisi\u00e7\u00f5es de players do segmento. Clique aqui e leia mais.","og_url":"https:\/\/www.suno.com.br\/noticias\/patria-investimentos-pax-seguranca-digital-alta-do-setor\/","og_site_name":"Suno Not\u00edcias","article_publisher":"https:\/\/facebook.com\/sunoresearch","og_image":[{"width":1262,"height":860,"url":"https:\/\/files.sunoresearch.com.br\/n\/uploads\/2021\/09\/patria-investimentos.jpg","type":"image\/jpeg"}],"author":"Eduardo Vargas","twitter_card":"summary_large_image","twitter_creator":"@sunoresearch","twitter_site":"@sunoresearch","twitter_misc":{"Escrito por":"Eduardo Vargas","Est. tempo de leitura":"3 minutos"},"schema":{"@context":"https:\/\/schema.org","@graph":[{"@type":"NewsArticle","@id":"https:\/\/www.suno.com.br\/noticias\/patria-investimentos-pax-seguranca-digital-alta-do-setor\/#article","isPartOf":{"@id":"https:\/\/www.suno.com.br\/noticias\/patria-investimentos-pax-seguranca-digital-alta-do-setor\/"},"author":{"name":"Eduardo Vargas","@id":"https:\/\/www.suno.com.br\/noticias\/#\/schema\/person\/7f4d362bf3518e76090143ae77bb49a5"},"headline":"P\u00e1tria estreia em seguran\u00e7a digital com compra de 2 empresas e j\u00e1 pensa em IPO","datePublished":"2021-10-05T12:32:40+00:00","dateModified":"2021-10-05T15:46:57+00:00","mainEntityOfPage":{"@id":"https:\/\/www.suno.com.br\/noticias\/patria-investimentos-pax-seguranca-digital-alta-do-setor\/"},"wordCount":586,"publisher":{"@id":"https:\/\/www.suno.com.br\/noticias\/#organization"},"image":{"@id":"https:\/\/www.suno.com.br\/noticias\/patria-investimentos-pax-seguranca-digital-alta-do-setor\/#primaryimage"},"thumbnailUrl":"https:\/\/files.sunoresearch.com.br\/n\/uploads\/2021\/09\/patria-investimentos.jpg","keywords":["fus\u00f5es e aquisi\u00e7\u00f5es","hacker","Nasdaq","P\u00e1tria Investimentos","seguran\u00e7a digital"],"articleSection":["Neg\u00f3cios"],"inLanguage":"pt-BR"},{"@type":"WebPage","@id":"https:\/\/www.suno.com.br\/noticias\/patria-investimentos-pax-seguranca-digital-alta-do-setor\/","url":"https:\/\/www.suno.com.br\/noticias\/patria-investimentos-pax-seguranca-digital-alta-do-setor\/","name":"P\u00e1tria compra duas companhias de seguran\u00e7a digital vendo alta do setor","isPartOf":{"@id":"https:\/\/www.suno.com.br\/noticias\/#website"},"primaryImageOfPage":{"@id":"https:\/\/www.suno.com.br\/noticias\/patria-investimentos-pax-seguranca-digital-alta-do-setor\/#primaryimage"},"image":{"@id":"https:\/\/www.suno.com.br\/noticias\/patria-investimentos-pax-seguranca-digital-alta-do-setor\/#primaryimage"},"thumbnailUrl":"https:\/\/files.sunoresearch.com.br\/n\/uploads\/2021\/09\/patria-investimentos.jpg","datePublished":"2021-10-05T12:32:40+00:00","dateModified":"2021-10-05T15:46:57+00:00","description":"Com aumento crescente nos ataques hacker e afins, o P\u00e1tria realizou duas aquisi\u00e7\u00f5es de players do segmento. Clique aqui e leia mais.","breadcrumb":{"@id":"https:\/\/www.suno.com.br\/noticias\/patria-investimentos-pax-seguranca-digital-alta-do-setor\/#breadcrumb"},"inLanguage":"pt-BR","potentialAction":[{"@type":"ReadAction","target":["https:\/\/www.suno.com.br\/noticias\/patria-investimentos-pax-seguranca-digital-alta-do-setor\/"]}]},{"@type":"ImageObject","inLanguage":"pt-BR","@id":"https:\/\/www.suno.com.br\/noticias\/patria-investimentos-pax-seguranca-digital-alta-do-setor\/#primaryimage","url":"https:\/\/files.sunoresearch.com.br\/n\/uploads\/2021\/09\/patria-investimentos.jpg","contentUrl":"https:\/\/files.sunoresearch.com.br\/n\/uploads\/2021\/09\/patria-investimentos.jpg","width":1262,"height":860,"caption":"P\u00e1tria Investimentos Foto: Divulga\u00e7\u00e3o"},{"@type":"BreadcrumbList","@id":"https:\/\/www.suno.com.br\/noticias\/patria-investimentos-pax-seguranca-digital-alta-do-setor\/#breadcrumb","itemListElement":[{"@type":"ListItem","position":1,"name":"Not\u00edcias","item":"https:\/\/www.suno.com.br\/noticias\/"},{"@type":"ListItem","position":2,"name":"Neg\u00f3cios","item":"https:\/\/www.suno.com.br\/noticias\/negocios\/"},{"@type":"ListItem","position":3,"name":"P\u00e1tria estreia em seguran\u00e7a digital com compra de 2 empresas e j\u00e1 pensa em IPO"}]},{"@type":"WebSite","@id":"https:\/\/www.suno.com.br\/noticias\/#website","url":"https:\/\/www.suno.com.br\/noticias\/","name":"Suno Not\u00edcias","description":"Seu portal de informa\u00e7\u00e3o sobre o mundo dos investimentos","publisher":{"@id":"https:\/\/www.suno.com.br\/noticias\/#organization"},"potentialAction":[{"@type":"SearchAction","target":{"@type":"EntryPoint","urlTemplate":"https:\/\/www.suno.com.br\/noticias\/?s={search_term_string}"},"query-input":{"@type":"PropertyValueSpecification","valueRequired":true,"valueName":"search_term_string"}}],"inLanguage":"pt-BR"},{"@type":"Organization","@id":"https:\/\/www.suno.com.br\/noticias\/#organization","name":"Suno Not\u00edcias","url":"https:\/\/www.suno.com.br\/noticias\/","logo":{"@type":"ImageObject","inLanguage":"pt-BR","@id":"https:\/\/www.suno.com.br\/noticias\/#\/schema\/logo\/image\/","url":"https:\/\/files.sunoresearch.com.br\/n\/uploads\/2021\/09\/suno-logo.png","contentUrl":"https:\/\/files.sunoresearch.com.br\/n\/uploads\/2021\/09\/suno-logo.png","width":180,"height":180,"caption":"Suno Not\u00edcias"},"image":{"@id":"https:\/\/www.suno.com.br\/noticias\/#\/schema\/logo\/image\/"},"sameAs":["https:\/\/facebook.com\/sunoresearch","https:\/\/x.com\/sunoresearch","https:\/\/www.instagram.com\/suno","https:\/\/www.linkedin.com\/company\/suno-research\/","https:\/\/www.youtube.com\/c\/sunoresearch"]},{"@type":"Person","@id":"https:\/\/www.suno.com.br\/noticias\/#\/schema\/person\/7f4d362bf3518e76090143ae77bb49a5","name":"Eduardo Vargas","image":{"@type":"ImageObject","inLanguage":"pt-BR","@id":"https:\/\/www.suno.com.br\/noticias\/#\/schema\/person\/image\/","url":"https:\/\/secure.gravatar.com\/avatar\/dac340933427a22924c9f99d1eb2e3f2?s=96&r=g","contentUrl":"https:\/\/secure.gravatar.com\/avatar\/dac340933427a22924c9f99d1eb2e3f2?s=96&r=g","caption":"Eduardo Vargas"},"description":"Jornalista formado pela UFSC, cobre macroeconomia, neg\u00f3cios e startups para o Suno Not\u00edcias, escrevendo principalmente not\u00edcias sobre o mercado financeiro e a bolsa de valores. No YouTube e no Instagram, \u00e9 respons\u00e1vel pela produ\u00e7\u00e3o de Reels e Shorts do Suno Not\u00edcias. Anteriormente, trabalhou cobrindo economia e cotidiano no ND+ e para o ND, maior jornal impresso de Santa Catarina. Cursou um semestre letivo de Estudos de M\u00eddia na Universidad de Buenos Aires.","url":"https:\/\/www.suno.com.br\/noticias\/author\/eduardo-vargas\/"}]}},"default_loop_html":"<div class=\"cardsPage__listCard__boxs\"><div class=\"cardsPage__listCard__boxs__img\"><a href=\"https:\/\/www.suno.com.br\/noticias\/patria-investimentos-pax-seguranca-digital-alta-do-setor\/\"><img class=\"mask\" src=\"https:\/\/www.suno.com.br\/noticias\/wp-content\/themes\/suno\/resources\/images\/spotlight\/spotlight1img\/bg-mask.png\" alt=\"Image Mask\"\/><img src=\"https:\/\/files.sunoresearch.com.br\/n\/uploads\/2021\/09\/patria-investimentos-400x200.jpg\" alt=\"P\u00e1tria estreia em seguran\u00e7a digital com compra de 2 empresas e j\u00e1 pensa em IPO\"\/><\/a><span class=\"spotlightCategory\"><a href=\"https:\/\/www.suno.com.br\/noticias\/negocios\/\">Neg\u00f3cios<\/a><\/span><\/div><div class=\"cardsPage__listCard__boxs__content\"><a href=\"https:\/\/www.suno.com.br\/noticias\/patria-investimentos-pax-seguranca-digital-alta-do-setor\/\"><h2 class=\"content__title\">P\u00e1tria estreia em seguran\u00e7a digital com compra de 2 empresas e j\u00e1 pensa em IPO<\/h2><\/a><div class=\"newsContent__article__meta\"><div class=\"newsContent__article__meta__authorBox\"><a href=\"https:\/\/www.suno.com.br\/noticias\/author\/eduardo-vargas\/\" class=\"authorBox__avatar noMobi\"><img src=\"https:\/\/secure.gravatar.com\/avatar\/dac340933427a22924c9f99d1eb2e3f2?s=96&#038;r=g\" alt=\"Eduardo Vargas\"><\/a><div class=\"authorBox__name\"><span>por\n\t\t\t<a href=\"https:\/\/www.suno.com.br\/noticias\/author\/eduardo-vargas\/\"><span itemprop=\"author\">Eduardo Vargas<\/span><\/a><\/span><time datetime=\"2021-10-05T09:32:40-03:00\" itemprop=\"datePublished\">05\/10\/2021 09:32<\/time><\/div><\/div><\/div><\/div><\/div>","single_layout":"posts","amp_enabled":true,"_links":{"self":[{"href":"https:\/\/www.suno.com.br\/noticias\/wp-json\/wp\/v2\/posts\/190682"}],"collection":[{"href":"https:\/\/www.suno.com.br\/noticias\/wp-json\/wp\/v2\/posts"}],"about":[{"href":"https:\/\/www.suno.com.br\/noticias\/wp-json\/wp\/v2\/types\/post"}],"author":[{"embeddable":true,"href":"https:\/\/www.suno.com.br\/noticias\/wp-json\/wp\/v2\/users\/73"}],"replies":[{"embeddable":true,"href":"https:\/\/www.suno.com.br\/noticias\/wp-json\/wp\/v2\/comments?post=190682"}],"version-history":[{"count":3,"href":"https:\/\/www.suno.com.br\/noticias\/wp-json\/wp\/v2\/posts\/190682\/revisions"}],"predecessor-version":[{"id":190846,"href":"https:\/\/www.suno.com.br\/noticias\/wp-json\/wp\/v2\/posts\/190682\/revisions\/190846"}],"wp:featuredmedia":[{"embeddable":true,"href":"https:\/\/www.suno.com.br\/noticias\/wp-json\/wp\/v2\/media\/182339"}],"wp:attachment":[{"href":"https:\/\/www.suno.com.br\/noticias\/wp-json\/wp\/v2\/media?parent=190682"}],"wp:term":[{"taxonomy":"category","embeddable":true,"href":"https:\/\/www.suno.com.br\/noticias\/wp-json\/wp\/v2\/categories?post=190682"},{"taxonomy":"post_tag","embeddable":true,"href":"https:\/\/www.suno.com.br\/noticias\/wp-json\/wp\/v2\/tags?post=190682"},{"taxonomy":"suno_strategy","embeddable":true,"href":"https:\/\/www.suno.com.br\/noticias\/wp-json\/wp\/v2\/suno_strategy?post=190682"}],"curies":[{"name":"wp","href":"https:\/\/api.w.org\/{rel}","templated":true}]}}