{"id":190666,"date":"2021-10-05T08:45:55","date_gmt":"2021-10-05T11:45:55","guid":{"rendered":"https:\/\/www.suno.com.br\/noticias\/?p=190666"},"modified":"2021-10-05T08:45:55","modified_gmt":"2021-10-05T11:45:55","slug":"banco-inter-bidi4-bidi11-ubs-rebaixa-recomendacao-neutra","status":"publish","type":"post","link":"https:\/\/www.suno.com.br\/noticias\/banco-inter-bidi4-bidi11-ubs-rebaixa-recomendacao-neutra\/","title":{"rendered":"Banco Inter (BIDI4): UBS rebaixa recomenda\u00e7\u00e3o devido \u00e0 alta na curva de juros. Entenda"},"content":{"rendered":"<p>O<a href=\"https:\/\/www.suno.com.br\/acoes\/BIDI4\/\" target=\"_blank\" rel=\"noopener\"><strong> banco Inter<\/strong> (BIDI4)<\/a> divulgou ao mercado, na \u00faltima segunda-feira (04), <a href=\"https:\/\/www.suno.com.br\/noticias\/banco-inter-bidi4-bidi11-mantem-provisao-previa-operacional\/\" target=\"_blank\" rel=\"noopener\">sua pr\u00e9via operacional do terceiro trimestre<\/a> (3T21). Os n\u00fameros indicam uma boa expans\u00e3o do banco digital, segundo a UBS, que ressalta n\u00e3o haver qualquer indica\u00e7\u00e3o de provis\u00f5es extraordin\u00e1rias.<\/p>\t<div class=\"wrapper-featured-image\">\n\t\t<figure class=\"spotlightImg\">\n\n\t\t\t<picture>\n\t\t\t\t<source media=\"(max-width: 768px)\" srcset=\"https:\/\/files.sunoresearch.com.br\/n\/uploads\/2021\/06\/cf930893-51451644_2000613483341381_4444064620369412096_n-400x200.webp\">\n\t\t\t\t<img loading=\"lazy\" decoding=\"async\" class=\"newsContent__article__imgCapa lazyloadDisabled \" src=\"https:\/\/files.sunoresearch.com.br\/n\/uploads\/2021\/06\/cf930893-51451644_2000613483341381_4444064620369412096_n-800x450.webp\" width=\"800\" height=\"450\" alt=\"Banco Inter (BIDI4): UBS rebaixa recomenda\u00e7\u00e3o devido \u00e0 alta na curva de juros. Entenda\" fetchpriority=high \/>\n\t\t\t<\/picture>\n\n\t\t\t<figcaption class=\"wp-caption-text wp-caption-text--show\">Banco Inter (BIDI11). Foto: Reprodu\u00e7\u00e3o Facebook<\/figcaption>\n\t\t<\/figure>\n\t<\/div>\n\n\n\t<p>\n\t\t<a href=\"https:\/\/lp.suno.com.br\/planilha-controle-gastos\/\" target=\"_blank\" data-element=\"shortcode-suno-banner\" title=\"Banner SUNO, clique e saiba mais\">\n\t\t\t<picture>\n\t\t\t\t<source media=\"(max-width: 500px)\" srcset=\"https:\/\/files.sunoresearch.com.br\/n\/uploads\/2023\/03\/400x300-Planilha-controle-de-gastos.png\">\n\t\t\t\t<img class=\"newsContent__article__imgCapa newsContent__article__imgCapa--banner\"\n\t\t\t\t\tsrc=\"https:\/\/files.sunoresearch.com.br\/n\/uploads\/2023\/03\/1420x240-Planilha-controle-de-gastos.png\"\n\t\t\t\t\tdata-promo-id=\"101751\"\t\t\t\t\t\t\t\t\t\twidth='1420' height='240'\t\t\t\t\talt=\"https:\/\/files.sunoresearch.com.br\/n\/uploads\/2023\/03\/1420x240-Planilha-controle-de-gastos.png\"\n\t\t\t\t>\n\t\t\t<\/picture>\n\t\t<\/a>\n\t<\/p>\n\n\n<p>Por\u00e9m, o banco de investimentos v\u00ea como negativa para o banco Inter a recente alta na <a class=\"suno-keyword\" href=\"https:\/\/www.suno.com.br\/artigos\/curva-de-juros\/\" target=\"_blank\" rel=\"noopener\" data-force=\"no\" data-priority=\"1\">curva de juros<\/a> do Brasil e, por isso, rebaixou a recomenda\u00e7\u00e3o de compra das <a href=\"https:\/\/www.suno.com.br\/acoes\/BIDI11\/\" target=\"_blank\" rel=\"noopener\"><strong>a\u00e7\u00f5es BIDI11<\/strong><\/a> para neutra. O <strong>pre\u00e7o-alvo em 12 meses<\/strong> para os pap\u00e9is ficou em R$ 81,00, o que representa um potencial de valoriza\u00e7\u00e3o de 58,51%.<\/p>\n<p>Em rela\u00e7\u00e3o aos dados da <strong>pr\u00e9via operacional do Inter<\/strong>, o UBS afirma que os n\u00fameros fornecidos mostram um bom desempenho do banco digital. O banco su\u00ed\u00e7o faz uma ressalva em rela\u00e7\u00e3o ao segmento de investimentos, apenas, que considerou aqu\u00e9m do esperado.<\/p>\n<p>Veja algumas <strong>previs\u00f5es do UBS<\/strong> versus o<strong> resultado do Inter<\/strong>:<\/p>\n<table dir=\"ltr\" border=\"1\" cellspacing=\"0\" cellpadding=\"0\">\n<colgroup>\n<col width=\"174\" \/>\n<col width=\"147\" \/>\n<col width=\"192\" \/><\/colgroup>\n<tbody>\n<tr>\n<td><\/td>\n<td style=\"text-align: center;\" data-sheets-value=\"{&quot;1&quot;:2,&quot;2&quot;:&quot;banco Inter 3T21&quot;}\"><strong>banco Inter 3T21<\/strong><\/td>\n<td style=\"text-align: center;\" data-sheets-value=\"{&quot;1&quot;:2,&quot;2&quot;:&quot;UBS estimativa&quot;}\"><strong>UBS estimativa<\/strong><\/td>\n<\/tr>\n<tr>\n<td data-sheets-value=\"{&quot;1&quot;:2,&quot;2&quot;:&quot;clientes totais &quot;}\">clientes totais<\/td>\n<td style=\"text-align: center;\" data-sheets-value=\"{&quot;1&quot;:2,&quot;2&quot;:&quot;14 milh\u00f5es &quot;}\">14 milh\u00f5es<\/td>\n<td style=\"text-align: center;\" data-sheets-value=\"{&quot;1&quot;:2,&quot;2&quot;:&quot;14,5 milh\u00f5es &quot;}\">14,5 milh\u00f5es<\/td>\n<\/tr>\n<tr>\n<td data-sheets-value=\"{&quot;1&quot;:2,&quot;2&quot;:&quot;clientes em investimentos &quot;}\">clientes em investimentos<\/td>\n<td style=\"text-align: center;\" data-sheets-value=\"{&quot;1&quot;:2,&quot;2&quot;:&quot;1,8 milh\u00f5es&quot;}\">1,8 milh\u00f5es<\/td>\n<td style=\"text-align: center;\" data-sheets-value=\"{&quot;1&quot;:2,&quot;2&quot;:&quot;2,3 milh\u00f5es&quot;}\">2,3 milh\u00f5es<\/td>\n<\/tr>\n<tr>\n<td style=\"text-align: left;\" data-sheets-value=\"{&quot;1&quot;:2,&quot;2&quot;:&quot;clientes com seguros &quot;}\">clientes com seguros<\/td>\n<td style=\"text-align: center;\" data-sheets-value=\"{&quot;1&quot;:2,&quot;2&quot;:&quot;683 mil &quot;}\">683 mil<\/td>\n<td style=\"text-align: center;\" data-sheets-value=\"{&quot;1&quot;:2,&quot;2&quot;:&quot;680 mil &quot;}\">680 mil<\/td>\n<\/tr>\n<\/tbody>\n<\/table>\n<p>O Inter ganhou 2 milh\u00f5es de clientes entre julho e setembro, n\u00famero acima do 1,8 milh\u00f5es de abril a junho. O UBS destacou o feito como positivo, embora no valor geral tenha ficado abaixo da estimativa.<\/p>\n\t<p>\n\t\t<a href=\"https:\/\/lp.suno.com.br\/planilha-da-vida-financeira\/\" target=\"_blank\" data-element=\"shortcode-suno-banner\" title=\"Banner SUNO, clique e saiba mais\">\n\t\t\t<picture>\n\t\t\t\t<source media=\"(max-width: 500px)\" srcset=\"https:\/\/files.sunoresearch.com.br\/n\/uploads\/2023\/04\/400x300-Planilha-vida-financeira-true.png\">\n\t\t\t\t<img class=\"newsContent__article__imgCapa newsContent__article__imgCapa--banner\"\n\t\t\t\t\tsrc=\"https:\/\/files.sunoresearch.com.br\/n\/uploads\/2023\/04\/1420x240-Planilha-vida-financeira-true.png\"\n\t\t\t\t\tdata-promo-id=\"106682\"\t\t\t\t\t\t\t\t\t\twidth='1420' height='240'\t\t\t\t\talt=\"https:\/\/files.sunoresearch.com.br\/n\/uploads\/2023\/04\/1420x240-Planilha-vida-financeira-true.png\"\n\t\t\t\t>\n\t\t\t<\/picture>\n\t\t<\/a>\n\t<\/p>\n\n\n<h2>Evolu\u00e7\u00e3o nos neg\u00f3cios sem provis\u00e3o<\/h2>\n<p>Em seu relat\u00f3rio, o UBS destaca que o banco Inter encerrou o 3T21 com 2,5% das reservas de provis\u00f5es, valor semelhante aos trimestres anteriores.\u00a0&#8220;As informa\u00e7\u00f5es de qualidade dos ativos fornecidas devem reduzir as preocupa\u00e7\u00f5es do mercado em rela\u00e7\u00e3o a uma poss\u00edvel necessidade de provis\u00f5es extraordin\u00e1rias, o que j\u00e1 foi negado pelo Inter&#8221;, diz o documento.<\/p>\n<p>No mais, o banco su\u00ed\u00e7o tamb\u00e9m fala sobre a expans\u00e3o da origina\u00e7\u00e3o de cr\u00e9dito do<strong> banco digital<\/strong>, que ele qualifica como &#8220;relevante&#8221;. Os destaques ficaram para o cr\u00e9dito imobili\u00e1rio (+21% trimestre a trimestre) e para PMEs (+16% trimestre a trimestre).<\/p>\n<p>Em rela\u00e7\u00e3o ao <strong>Inter Shop<\/strong>, o UBS destaca que o volume de vendas foi impactado positivamente pelo <strong>Inter Day<\/strong>, que agregou cerca de R$ 100 milh\u00f5es de GMV do 3T21. &#8220;N\u00e3o \u00e9 poss\u00edvel saber o que foi a taxa de aquisi\u00e7\u00e3o l\u00edquida do Inter em seu mercado, mas acreditamos que o n\u00edvel de retorno do dinheiro continuou alto no 3T21 (e deve continuar por um tempo)&#8221;, diz relat\u00f3rio.<\/p>\n\t<p>\n\t\t<a href=\"https:\/\/lp.suno.com.br\/ebook-como-analisar-uma-acao\/\" target=\"_blank\" data-element=\"shortcode-suno-banner\" title=\"Banner SUNO, clique e saiba mais\">\n\t\t\t<picture>\n\t\t\t\t<source media=\"(max-width: 500px)\" srcset=\"https:\/\/files.sunoresearch.com.br\/n\/uploads\/2023\/03\/Ebook-Acoes-Mobile-1.jpg\">\n\t\t\t\t<img class=\"newsContent__article__imgCapa newsContent__article__imgCapa--banner\"\n\t\t\t\t\tsrc=\"https:\/\/files.sunoresearch.com.br\/n\/uploads\/2023\/03\/Ebook-Acoes-Desktop-1.jpg\"\n\t\t\t\t\tdata-promo-id=\"171998\"\t\t\t\t\t\t\t\t\t\twidth='1420' height='286'\t\t\t\t\talt=\"https:\/\/files.sunoresearch.com.br\/n\/uploads\/2023\/03\/Ebook-Acoes-Desktop-1.jpg\"\n\t\t\t\t>\n\t\t\t<\/picture>\n\t\t<\/a>\n\t<\/p>\n\n\n<p>Tamb\u00e9m houve indica\u00e7\u00e3o de que o neg\u00f3cio de cart\u00f5es est\u00e1 ganhando for\u00e7a, com um maior volume total de pagamentos e de emiss\u00f5es.<\/p>\n<table dir=\"ltr\" border=\"1\" cellspacing=\"0\" cellpadding=\"0\">\n<colgroup>\n<col width=\"174\" \/>\n<col width=\"147\" \/>\n<col width=\"192\" \/><\/colgroup>\n<tbody>\n<tr>\n<td><\/td>\n<td style=\"text-align: center;\" data-sheets-value=\"{&quot;1&quot;:2,&quot;2&quot;:&quot;banco Inter 3T21&quot;}\"><strong>banco Inter 3T21<\/strong><\/td>\n<td style=\"text-align: center;\" data-sheets-value=\"{&quot;1&quot;:2,&quot;2&quot;:&quot;UBS estimativa&quot;}\"><strong>UBS estimativa<\/strong><\/td>\n<\/tr>\n<tr>\n<td data-sheets-value=\"{&quot;1&quot;:2,&quot;2&quot;:&quot;GMV do Inter Shop &quot;}\">GMV do Inter Shop<\/td>\n<td style=\"text-align: center;\" data-sheets-value=\"{&quot;1&quot;:2,&quot;2&quot;:&quot;R$ 946 milh\u00f5es &quot;}\">R$ 946 milh\u00f5es<\/td>\n<td style=\"text-align: center;\" data-sheets-value=\"{&quot;1&quot;:2,&quot;2&quot;:&quot;R$ 1 bilh\u00e3o &quot;}\">R$ 1 bilh\u00e3o<\/td>\n<\/tr>\n<tr>\n<td data-sheets-value=\"{&quot;1&quot;:2,&quot;2&quot;:&quot;TPV do cart\u00e3o &quot;}\">TPV do cart\u00e3o<\/td>\n<td style=\"text-align: center;\" data-sheets-value=\"{&quot;1&quot;:2,&quot;2&quot;:&quot;R$ 11,6 bilh\u00f5es &quot;}\">R$ 11,6 bilh\u00f5es<\/td>\n<td style=\"text-align: center;\" data-sheets-value=\"{&quot;1&quot;:2,&quot;2&quot;:&quot;R$ 12,9 bilh\u00f5es &quot;}\">R$ 12,9 bilh\u00f5es<\/td>\n<\/tr>\n<\/tbody>\n<\/table>\n<h2>Curva de juros prejudica o banco Inter no futuro<\/h2>\n<p>A conclus\u00e3o do UBS \u00e9 de que, em detrimento do bom <strong>desempenho do banco Inter<\/strong> no trimestre, a recente alta da curva de juros no Brasil \u00e9 o que pode prejudicar o banco digital no futuro.<\/p>\n<p>O argumento do banco su\u00ed\u00e7o se baseia na dificuldade que o Inter ter\u00e1 para se capitalizar. Segundo o relat\u00f3rio, ser\u00e1 uma dificuldade maior do que a de seus pares, considerando outros bancos digitais e tamb\u00e9m os tradicionais.<\/p>\n<p>&#8220;Calculamos que cada aumento de 100 bps em custo do <a class=\"suno-keyword\" href=\"https:\/\/www.suno.com.br\/artigos\/patrimonio-liquido\/\" target=\"_blank\" rel=\"noopener\" data-force=\"no\" data-priority=\"2\">patrim\u00f4nio l\u00edquido<\/a>, reduz nossa avalia\u00e7\u00e3o do Inter em 25%, enquanto o impacto para o <a class=\"suno-keyword\" href=\"https:\/\/www.suno.com.br\/acoes\/BPAC11\/\" target=\"_blank\" rel=\"noopener\" data-force=\"yes\" data-priority=\"2\">BTG Pactual (BPAC11)<\/a> \u00e9 de 17%. Os n\u00fameros de outros brasileiros que cobrimos fica em cerca de 10%.&#8221;<\/p>\n\t<p>\n\t\t<a href=\"https:\/\/lp.suno.com.br\/planilha-de-controle-de-investimentos\/\" target=\"_blank\" data-element=\"shortcode-suno-banner\" title=\"Banner SUNO, clique e saiba mais\">\n\t\t\t<picture>\n\t\t\t\t<source media=\"(max-width: 500px)\" srcset=\"https:\/\/files.sunoresearch.com.br\/n\/uploads\/2023\/03\/400x300-Controle-de-Investimentos.png\">\n\t\t\t\t<img class=\"newsContent__article__imgCapa newsContent__article__imgCapa--banner\"\n\t\t\t\t\tsrc=\"https:\/\/files.sunoresearch.com.br\/n\/uploads\/2023\/03\/1420x240-Controle-de-Investimentos.png\"\n\t\t\t\t\tdata-promo-id=\"75934\"\t\t\t\t\t\t\t\t\t\twidth='1420' height='240'\t\t\t\t\talt=\"https:\/\/files.sunoresearch.com.br\/n\/uploads\/2023\/03\/1420x240-Controle-de-Investimentos.png\"\n\t\t\t\t>\n\t\t\t<\/picture>\n\t\t<\/a>\n\t<\/p>\n\n\n<p>Al\u00e9m disso, o UBS afirma que a fraqueza das <strong>a\u00e7\u00f5es do banco Inter<\/strong> nos \u00faltimos dias tem como fator preponderante a alta dos juros.<\/p>\n<h2>\u00daltima cota\u00e7\u00e3o do Inter<\/h2>\n<p>Ap\u00f3s as opera\u00e7\u00f5es de segunda, a <strong>cota\u00e7\u00e3o do banco Inter<\/strong> fechou em queda de 13,42% no Ibovespa. As <strong>a\u00e7\u00f5es BIDI11<\/strong> sa\u00edram de R$ 51,10 no in\u00edcio do preg\u00e3o para R$ 44,24 no fechamento.<\/p>\n<p>Ainda assim, nos \u00faltimos 12 meses, o <strong>banco Inter<\/strong> acumula 117,42% de valoriza\u00e7\u00e3o nas suas units. Os pap\u00e9is valeram R$ 86,77 na m\u00e1xima e R$ 16,50 na m\u00ednima durante esse per\u00edodo.<\/p>\n\t<p>\n\t\t<a href=\"\" target=\"_blank\" data-element=\"shortcode-suno-banner\" title=\"Banner SUNO, clique e saiba mais\">\n\t\t\t<picture>\n\t\t\t\t<source media=\"(max-width: 500px)\" srcset=\"\">\n\t\t\t\t<img class=\"newsContent__article__imgCapa newsContent__article__imgCapa--banner\"\n\t\t\t\t\tsrc=\"\"\n\t\t\t\t\tdata-promo-id=\"184190\"\t\t\t\t\t\t\t\t\t\t\t\t\t\t\talt=\"\"\n\t\t\t\t>\n\t\t\t<\/picture>\n\t\t<\/a>\n\t<\/p>\n\n\n","protected":false},"excerpt":{"rendered":"<p>O banco Inter (BIDI4) divulgou ao mercado, na \u00faltima segunda-feira (04), sua pr\u00e9via operacional do terceiro trimestre (3T21). Os n\u00fameros indicam uma boa expans\u00e3o do banco digital, segundo a UBS, que ressalta n\u00e3o haver qualquer indica\u00e7\u00e3o de provis\u00f5es extraordin\u00e1rias. Banco Inter (BIDI11). Foto: Reprodu\u00e7\u00e3o Facebook Por\u00e9m, o banco de investimentos v\u00ea como negativa para o [&hellip;]<\/p>\n","protected":false},"author":102,"featured_media":158691,"comment_status":"closed","ping_status":"closed","sticky":false,"template":"","format":"standard","meta":[],"categories":[64],"tags":[106764,369,105816,747],"suno_strategy":[],"class_list":["post-190666","post","type-post","status-publish","format-standard","has-post-thumbnail","hentry","category-negocios","tag-banco-inter-bidi11","tag-banco-inter-bidi11-bidi4-bidi3","tag-especialistas","tag-ubs-ubsg34"],"yoast_head":"<!-- This site is optimized with the Yoast SEO plugin v24.4 - https:\/\/yoast.com\/wordpress\/plugins\/seo\/ -->\n<title>Banco Inter (BIDI4): UBS rebaixa recomenda\u00e7\u00e3o para neutra. Entenda<\/title>\n<meta name=\"description\" content=\"Ap\u00f3s a divulga\u00e7\u00e3o da pr\u00e9via operacional, o UBS rebaixou a recomenda\u00e7\u00e3o do banco Inter (BIDI4) de compra para neutra. Veja detalhes aqui.\" \/>\n<meta name=\"robots\" content=\"index, follow, max-snippet:-1, max-image-preview:large, max-video-preview:-1\" \/>\n<link rel=\"canonical\" href=\"https:\/\/www.suno.com.br\/noticias\/banco-inter-bidi4-bidi11-ubs-rebaixa-recomendacao-neutra\/\" \/>\n<meta property=\"og:locale\" content=\"pt_BR\" \/>\n<meta property=\"og:type\" content=\"article\" \/>\n<meta property=\"og:title\" content=\"Banco Inter (BIDI4): UBS rebaixa recomenda\u00e7\u00e3o para neutra. Entenda\" \/>\n<meta property=\"og:description\" content=\"Ap\u00f3s a divulga\u00e7\u00e3o da pr\u00e9via operacional, o UBS rebaixou a recomenda\u00e7\u00e3o do banco Inter (BIDI4) de compra para neutra. Veja detalhes aqui.\" \/>\n<meta property=\"og:url\" content=\"https:\/\/www.suno.com.br\/noticias\/banco-inter-bidi4-bidi11-ubs-rebaixa-recomendacao-neutra\/\" \/>\n<meta property=\"og:site_name\" content=\"Suno Not\u00edcias\" \/>\n<meta property=\"article:publisher\" content=\"https:\/\/facebook.com\/sunoresearch\" \/>\n<meta property=\"og:image\" content=\"https:\/\/files.sunoresearch.com.br\/n\/uploads\/2021\/06\/cf930893-51451644_2000613483341381_4444064620369412096_n.png\" \/>\n\t<meta property=\"og:image:width\" content=\"1244\" \/>\n\t<meta property=\"og:image:height\" content=\"473\" \/>\n\t<meta property=\"og:image:type\" content=\"image\/png\" \/>\n<meta name=\"author\" content=\"Monique Lima\" \/>\n<meta name=\"twitter:card\" content=\"summary_large_image\" \/>\n<meta name=\"twitter:creator\" content=\"@sunoresearch\" \/>\n<meta name=\"twitter:site\" content=\"@sunoresearch\" \/>\n<meta name=\"twitter:label1\" content=\"Escrito por\" \/>\n\t<meta name=\"twitter:data1\" content=\"Monique Lima\" \/>\n\t<meta name=\"twitter:label2\" content=\"Est. tempo de leitura\" \/>\n\t<meta name=\"twitter:data2\" content=\"3 minutos\" \/>\n<script type=\"application\/ld+json\" class=\"yoast-schema-graph\">{\"@context\":\"https:\/\/schema.org\",\"@graph\":[{\"@type\":\"NewsArticle\",\"@id\":\"https:\/\/www.suno.com.br\/noticias\/banco-inter-bidi4-bidi11-ubs-rebaixa-recomendacao-neutra\/#article\",\"isPartOf\":{\"@id\":\"https:\/\/www.suno.com.br\/noticias\/banco-inter-bidi4-bidi11-ubs-rebaixa-recomendacao-neutra\/\"},\"author\":{\"name\":\"Monique Lima\",\"@id\":\"https:\/\/www.suno.com.br\/noticias\/#\/schema\/person\/d712329319cc9b10f254d02d654cb36a\"},\"headline\":\"Banco Inter (BIDI4): UBS rebaixa recomenda\u00e7\u00e3o devido \u00e0 alta na curva de juros. Entenda\",\"datePublished\":\"2021-10-05T11:45:55+00:00\",\"mainEntityOfPage\":{\"@id\":\"https:\/\/www.suno.com.br\/noticias\/banco-inter-bidi4-bidi11-ubs-rebaixa-recomendacao-neutra\/\"},\"wordCount\":718,\"publisher\":{\"@id\":\"https:\/\/www.suno.com.br\/noticias\/#organization\"},\"image\":{\"@id\":\"https:\/\/www.suno.com.br\/noticias\/banco-inter-bidi4-bidi11-ubs-rebaixa-recomendacao-neutra\/#primaryimage\"},\"thumbnailUrl\":\"https:\/\/files.sunoresearch.com.br\/n\/uploads\/2021\/06\/cf930893-51451644_2000613483341381_4444064620369412096_n-png.webp\",\"keywords\":[\"Banco Inter (BIDI11)\",\"Banco Inter (BIDI11\/BIDI4\/BIDI3)\",\"Especialistas\",\"UBS (UBSG34)\"],\"articleSection\":[\"Neg\u00f3cios\"],\"inLanguage\":\"pt-BR\"},{\"@type\":\"WebPage\",\"@id\":\"https:\/\/www.suno.com.br\/noticias\/banco-inter-bidi4-bidi11-ubs-rebaixa-recomendacao-neutra\/\",\"url\":\"https:\/\/www.suno.com.br\/noticias\/banco-inter-bidi4-bidi11-ubs-rebaixa-recomendacao-neutra\/\",\"name\":\"Banco Inter (BIDI4): UBS rebaixa recomenda\u00e7\u00e3o para neutra. Entenda\",\"isPartOf\":{\"@id\":\"https:\/\/www.suno.com.br\/noticias\/#website\"},\"primaryImageOfPage\":{\"@id\":\"https:\/\/www.suno.com.br\/noticias\/banco-inter-bidi4-bidi11-ubs-rebaixa-recomendacao-neutra\/#primaryimage\"},\"image\":{\"@id\":\"https:\/\/www.suno.com.br\/noticias\/banco-inter-bidi4-bidi11-ubs-rebaixa-recomendacao-neutra\/#primaryimage\"},\"thumbnailUrl\":\"https:\/\/files.sunoresearch.com.br\/n\/uploads\/2021\/06\/cf930893-51451644_2000613483341381_4444064620369412096_n-png.webp\",\"datePublished\":\"2021-10-05T11:45:55+00:00\",\"description\":\"Ap\u00f3s a divulga\u00e7\u00e3o da pr\u00e9via operacional, o UBS rebaixou a recomenda\u00e7\u00e3o do banco Inter (BIDI4) de compra para neutra. Veja detalhes aqui.\",\"breadcrumb\":{\"@id\":\"https:\/\/www.suno.com.br\/noticias\/banco-inter-bidi4-bidi11-ubs-rebaixa-recomendacao-neutra\/#breadcrumb\"},\"inLanguage\":\"pt-BR\",\"potentialAction\":[{\"@type\":\"ReadAction\",\"target\":[\"https:\/\/www.suno.com.br\/noticias\/banco-inter-bidi4-bidi11-ubs-rebaixa-recomendacao-neutra\/\"]}]},{\"@type\":\"ImageObject\",\"inLanguage\":\"pt-BR\",\"@id\":\"https:\/\/www.suno.com.br\/noticias\/banco-inter-bidi4-bidi11-ubs-rebaixa-recomendacao-neutra\/#primaryimage\",\"url\":\"https:\/\/files.sunoresearch.com.br\/n\/uploads\/2021\/06\/cf930893-51451644_2000613483341381_4444064620369412096_n-png.webp\",\"contentUrl\":\"https:\/\/files.sunoresearch.com.br\/n\/uploads\/2021\/06\/cf930893-51451644_2000613483341381_4444064620369412096_n-png.webp\",\"width\":1244,\"height\":473,\"caption\":\"Banco Inter (BIDI11). Foto: Reprodu\u00e7\u00e3o Facebook\"},{\"@type\":\"BreadcrumbList\",\"@id\":\"https:\/\/www.suno.com.br\/noticias\/banco-inter-bidi4-bidi11-ubs-rebaixa-recomendacao-neutra\/#breadcrumb\",\"itemListElement\":[{\"@type\":\"ListItem\",\"position\":1,\"name\":\"Not\u00edcias\",\"item\":\"https:\/\/www.suno.com.br\/noticias\/\"},{\"@type\":\"ListItem\",\"position\":2,\"name\":\"Neg\u00f3cios\",\"item\":\"https:\/\/www.suno.com.br\/noticias\/negocios\/\"},{\"@type\":\"ListItem\",\"position\":3,\"name\":\"Banco Inter (BIDI4): UBS rebaixa recomenda\u00e7\u00e3o devido \u00e0 alta na curva de juros. Entenda\"}]},{\"@type\":\"WebSite\",\"@id\":\"https:\/\/www.suno.com.br\/noticias\/#website\",\"url\":\"https:\/\/www.suno.com.br\/noticias\/\",\"name\":\"Suno Not\u00edcias\",\"description\":\"Seu portal de informa\u00e7\u00e3o sobre o mundo dos investimentos\",\"publisher\":{\"@id\":\"https:\/\/www.suno.com.br\/noticias\/#organization\"},\"potentialAction\":[{\"@type\":\"SearchAction\",\"target\":{\"@type\":\"EntryPoint\",\"urlTemplate\":\"https:\/\/www.suno.com.br\/noticias\/?s={search_term_string}\"},\"query-input\":{\"@type\":\"PropertyValueSpecification\",\"valueRequired\":true,\"valueName\":\"search_term_string\"}}],\"inLanguage\":\"pt-BR\"},{\"@type\":\"Organization\",\"@id\":\"https:\/\/www.suno.com.br\/noticias\/#organization\",\"name\":\"Suno Not\u00edcias\",\"url\":\"https:\/\/www.suno.com.br\/noticias\/\",\"logo\":{\"@type\":\"ImageObject\",\"inLanguage\":\"pt-BR\",\"@id\":\"https:\/\/www.suno.com.br\/noticias\/#\/schema\/logo\/image\/\",\"url\":\"https:\/\/files.sunoresearch.com.br\/n\/uploads\/2021\/09\/suno-logo.png\",\"contentUrl\":\"https:\/\/files.sunoresearch.com.br\/n\/uploads\/2021\/09\/suno-logo.png\",\"width\":180,\"height\":180,\"caption\":\"Suno Not\u00edcias\"},\"image\":{\"@id\":\"https:\/\/www.suno.com.br\/noticias\/#\/schema\/logo\/image\/\"},\"sameAs\":[\"https:\/\/facebook.com\/sunoresearch\",\"https:\/\/x.com\/sunoresearch\",\"https:\/\/www.instagram.com\/suno\",\"https:\/\/www.linkedin.com\/company\/suno-research\/\",\"https:\/\/www.youtube.com\/c\/sunoresearch\"]},{\"@type\":\"Person\",\"@id\":\"https:\/\/www.suno.com.br\/noticias\/#\/schema\/person\/d712329319cc9b10f254d02d654cb36a\",\"name\":\"Monique Lima\",\"image\":{\"@type\":\"ImageObject\",\"inLanguage\":\"pt-BR\",\"@id\":\"https:\/\/www.suno.com.br\/noticias\/#\/schema\/person\/image\/\",\"url\":\"https:\/\/secure.gravatar.com\/avatar\/daee7f16d906c2e9ffed236206ca2c30?s=96&r=g\",\"contentUrl\":\"https:\/\/secure.gravatar.com\/avatar\/daee7f16d906c2e9ffed236206ca2c30?s=96&r=g\",\"caption\":\"Monique Lima\"},\"description\":\"Rep\u00f3rter de Mercado no Suno Not\u00edcias, \u00e9 jornalista com experi\u00eancia na cobertura de economia, empreendedorismo, finan\u00e7as pessoais, mercado financeiro, carreira e recursos humanos. Formada em Jornalismo pela Universidade Paulista, teve experi\u00eancias em ve\u00edculos de comunica\u00e7\u00e3o como a Ag\u00eancia TradeMap, Revista Voc\u00ea S\/A e Revista Voc\u00ea RH, as duas \u00faltimas publica\u00e7\u00f5es da Editora Abril. No Suno Not\u00edcias, fala sobre as principais not\u00edcias de Fundos Imobili\u00e1rios, Fiagro, Startups e empresas listadas na Bolsa.\",\"url\":\"https:\/\/www.suno.com.br\/noticias\/author\/monique-lima\/\"}]}<\/script>\n<!-- \/ Yoast SEO plugin. -->","yoast_head_json":{"title":"Banco Inter (BIDI4): UBS rebaixa recomenda\u00e7\u00e3o para neutra. Entenda","description":"Ap\u00f3s a divulga\u00e7\u00e3o da pr\u00e9via operacional, o UBS rebaixou a recomenda\u00e7\u00e3o do banco Inter (BIDI4) de compra para neutra. Veja detalhes aqui.","robots":{"index":"index","follow":"follow","max-snippet":"max-snippet:-1","max-image-preview":"max-image-preview:large","max-video-preview":"max-video-preview:-1"},"canonical":"https:\/\/www.suno.com.br\/noticias\/banco-inter-bidi4-bidi11-ubs-rebaixa-recomendacao-neutra\/","og_locale":"pt_BR","og_type":"article","og_title":"Banco Inter (BIDI4): UBS rebaixa recomenda\u00e7\u00e3o para neutra. Entenda","og_description":"Ap\u00f3s a divulga\u00e7\u00e3o da pr\u00e9via operacional, o UBS rebaixou a recomenda\u00e7\u00e3o do banco Inter (BIDI4) de compra para neutra. Veja detalhes aqui.","og_url":"https:\/\/www.suno.com.br\/noticias\/banco-inter-bidi4-bidi11-ubs-rebaixa-recomendacao-neutra\/","og_site_name":"Suno Not\u00edcias","article_publisher":"https:\/\/facebook.com\/sunoresearch","og_image":[{"width":1244,"height":473,"url":"https:\/\/files.sunoresearch.com.br\/n\/uploads\/2021\/06\/cf930893-51451644_2000613483341381_4444064620369412096_n.png","type":"image\/png"}],"author":"Monique Lima","twitter_card":"summary_large_image","twitter_creator":"@sunoresearch","twitter_site":"@sunoresearch","twitter_misc":{"Escrito por":"Monique Lima","Est. tempo de leitura":"3 minutos"},"schema":{"@context":"https:\/\/schema.org","@graph":[{"@type":"NewsArticle","@id":"https:\/\/www.suno.com.br\/noticias\/banco-inter-bidi4-bidi11-ubs-rebaixa-recomendacao-neutra\/#article","isPartOf":{"@id":"https:\/\/www.suno.com.br\/noticias\/banco-inter-bidi4-bidi11-ubs-rebaixa-recomendacao-neutra\/"},"author":{"name":"Monique Lima","@id":"https:\/\/www.suno.com.br\/noticias\/#\/schema\/person\/d712329319cc9b10f254d02d654cb36a"},"headline":"Banco Inter (BIDI4): UBS rebaixa recomenda\u00e7\u00e3o devido \u00e0 alta na curva de juros. Entenda","datePublished":"2021-10-05T11:45:55+00:00","mainEntityOfPage":{"@id":"https:\/\/www.suno.com.br\/noticias\/banco-inter-bidi4-bidi11-ubs-rebaixa-recomendacao-neutra\/"},"wordCount":718,"publisher":{"@id":"https:\/\/www.suno.com.br\/noticias\/#organization"},"image":{"@id":"https:\/\/www.suno.com.br\/noticias\/banco-inter-bidi4-bidi11-ubs-rebaixa-recomendacao-neutra\/#primaryimage"},"thumbnailUrl":"https:\/\/files.sunoresearch.com.br\/n\/uploads\/2021\/06\/cf930893-51451644_2000613483341381_4444064620369412096_n-png.webp","keywords":["Banco Inter (BIDI11)","Banco Inter (BIDI11\/BIDI4\/BIDI3)","Especialistas","UBS (UBSG34)"],"articleSection":["Neg\u00f3cios"],"inLanguage":"pt-BR"},{"@type":"WebPage","@id":"https:\/\/www.suno.com.br\/noticias\/banco-inter-bidi4-bidi11-ubs-rebaixa-recomendacao-neutra\/","url":"https:\/\/www.suno.com.br\/noticias\/banco-inter-bidi4-bidi11-ubs-rebaixa-recomendacao-neutra\/","name":"Banco Inter (BIDI4): UBS rebaixa recomenda\u00e7\u00e3o para neutra. Entenda","isPartOf":{"@id":"https:\/\/www.suno.com.br\/noticias\/#website"},"primaryImageOfPage":{"@id":"https:\/\/www.suno.com.br\/noticias\/banco-inter-bidi4-bidi11-ubs-rebaixa-recomendacao-neutra\/#primaryimage"},"image":{"@id":"https:\/\/www.suno.com.br\/noticias\/banco-inter-bidi4-bidi11-ubs-rebaixa-recomendacao-neutra\/#primaryimage"},"thumbnailUrl":"https:\/\/files.sunoresearch.com.br\/n\/uploads\/2021\/06\/cf930893-51451644_2000613483341381_4444064620369412096_n-png.webp","datePublished":"2021-10-05T11:45:55+00:00","description":"Ap\u00f3s a divulga\u00e7\u00e3o da pr\u00e9via operacional, o UBS rebaixou a recomenda\u00e7\u00e3o do banco Inter (BIDI4) de compra para neutra. Veja detalhes aqui.","breadcrumb":{"@id":"https:\/\/www.suno.com.br\/noticias\/banco-inter-bidi4-bidi11-ubs-rebaixa-recomendacao-neutra\/#breadcrumb"},"inLanguage":"pt-BR","potentialAction":[{"@type":"ReadAction","target":["https:\/\/www.suno.com.br\/noticias\/banco-inter-bidi4-bidi11-ubs-rebaixa-recomendacao-neutra\/"]}]},{"@type":"ImageObject","inLanguage":"pt-BR","@id":"https:\/\/www.suno.com.br\/noticias\/banco-inter-bidi4-bidi11-ubs-rebaixa-recomendacao-neutra\/#primaryimage","url":"https:\/\/files.sunoresearch.com.br\/n\/uploads\/2021\/06\/cf930893-51451644_2000613483341381_4444064620369412096_n-png.webp","contentUrl":"https:\/\/files.sunoresearch.com.br\/n\/uploads\/2021\/06\/cf930893-51451644_2000613483341381_4444064620369412096_n-png.webp","width":1244,"height":473,"caption":"Banco Inter (BIDI11). Foto: Reprodu\u00e7\u00e3o Facebook"},{"@type":"BreadcrumbList","@id":"https:\/\/www.suno.com.br\/noticias\/banco-inter-bidi4-bidi11-ubs-rebaixa-recomendacao-neutra\/#breadcrumb","itemListElement":[{"@type":"ListItem","position":1,"name":"Not\u00edcias","item":"https:\/\/www.suno.com.br\/noticias\/"},{"@type":"ListItem","position":2,"name":"Neg\u00f3cios","item":"https:\/\/www.suno.com.br\/noticias\/negocios\/"},{"@type":"ListItem","position":3,"name":"Banco Inter (BIDI4): UBS rebaixa recomenda\u00e7\u00e3o devido \u00e0 alta na curva de juros. Entenda"}]},{"@type":"WebSite","@id":"https:\/\/www.suno.com.br\/noticias\/#website","url":"https:\/\/www.suno.com.br\/noticias\/","name":"Suno Not\u00edcias","description":"Seu portal de informa\u00e7\u00e3o sobre o mundo dos investimentos","publisher":{"@id":"https:\/\/www.suno.com.br\/noticias\/#organization"},"potentialAction":[{"@type":"SearchAction","target":{"@type":"EntryPoint","urlTemplate":"https:\/\/www.suno.com.br\/noticias\/?s={search_term_string}"},"query-input":{"@type":"PropertyValueSpecification","valueRequired":true,"valueName":"search_term_string"}}],"inLanguage":"pt-BR"},{"@type":"Organization","@id":"https:\/\/www.suno.com.br\/noticias\/#organization","name":"Suno Not\u00edcias","url":"https:\/\/www.suno.com.br\/noticias\/","logo":{"@type":"ImageObject","inLanguage":"pt-BR","@id":"https:\/\/www.suno.com.br\/noticias\/#\/schema\/logo\/image\/","url":"https:\/\/files.sunoresearch.com.br\/n\/uploads\/2021\/09\/suno-logo.png","contentUrl":"https:\/\/files.sunoresearch.com.br\/n\/uploads\/2021\/09\/suno-logo.png","width":180,"height":180,"caption":"Suno Not\u00edcias"},"image":{"@id":"https:\/\/www.suno.com.br\/noticias\/#\/schema\/logo\/image\/"},"sameAs":["https:\/\/facebook.com\/sunoresearch","https:\/\/x.com\/sunoresearch","https:\/\/www.instagram.com\/suno","https:\/\/www.linkedin.com\/company\/suno-research\/","https:\/\/www.youtube.com\/c\/sunoresearch"]},{"@type":"Person","@id":"https:\/\/www.suno.com.br\/noticias\/#\/schema\/person\/d712329319cc9b10f254d02d654cb36a","name":"Monique Lima","image":{"@type":"ImageObject","inLanguage":"pt-BR","@id":"https:\/\/www.suno.com.br\/noticias\/#\/schema\/person\/image\/","url":"https:\/\/secure.gravatar.com\/avatar\/daee7f16d906c2e9ffed236206ca2c30?s=96&r=g","contentUrl":"https:\/\/secure.gravatar.com\/avatar\/daee7f16d906c2e9ffed236206ca2c30?s=96&r=g","caption":"Monique Lima"},"description":"Rep\u00f3rter de Mercado no Suno Not\u00edcias, \u00e9 jornalista com experi\u00eancia na cobertura de economia, empreendedorismo, finan\u00e7as pessoais, mercado financeiro, carreira e recursos humanos. Formada em Jornalismo pela Universidade Paulista, teve experi\u00eancias em ve\u00edculos de comunica\u00e7\u00e3o como a Ag\u00eancia TradeMap, Revista Voc\u00ea S\/A e Revista Voc\u00ea RH, as duas \u00faltimas publica\u00e7\u00f5es da Editora Abril. No Suno Not\u00edcias, fala sobre as principais not\u00edcias de Fundos Imobili\u00e1rios, Fiagro, Startups e empresas listadas na Bolsa.","url":"https:\/\/www.suno.com.br\/noticias\/author\/monique-lima\/"}]}},"default_loop_html":"<div class=\"cardsPage__listCard__boxs\"><div class=\"cardsPage__listCard__boxs__img\"><a href=\"https:\/\/www.suno.com.br\/noticias\/banco-inter-bidi4-bidi11-ubs-rebaixa-recomendacao-neutra\/\"><img class=\"mask\" src=\"https:\/\/www.suno.com.br\/noticias\/wp-content\/themes\/suno\/resources\/images\/spotlight\/spotlight1img\/bg-mask.png\" alt=\"Image Mask\"\/><img src=\"https:\/\/files.sunoresearch.com.br\/n\/uploads\/2021\/06\/cf930893-51451644_2000613483341381_4444064620369412096_n-400x200.webp\" alt=\"Banco Inter (BIDI4): UBS rebaixa recomenda\u00e7\u00e3o devido \u00e0 alta na curva de juros. Entenda\"\/><\/a><span class=\"spotlightCategory\"><a href=\"https:\/\/www.suno.com.br\/noticias\/negocios\/\">Neg\u00f3cios<\/a><\/span><\/div><div class=\"cardsPage__listCard__boxs__content\"><a href=\"https:\/\/www.suno.com.br\/noticias\/banco-inter-bidi4-bidi11-ubs-rebaixa-recomendacao-neutra\/\"><h2 class=\"content__title\">Banco Inter (BIDI4): UBS rebaixa recomenda\u00e7\u00e3o devido \u00e0 alta na curva de juros. Entenda<\/h2><\/a><div class=\"newsContent__article__meta\"><div class=\"newsContent__article__meta__authorBox\"><a href=\"https:\/\/www.suno.com.br\/noticias\/author\/monique-lima\/\" class=\"authorBox__avatar noMobi\"><img src=\"https:\/\/secure.gravatar.com\/avatar\/daee7f16d906c2e9ffed236206ca2c30?s=96&#038;r=g\" alt=\"Monique Lima\"><\/a><div class=\"authorBox__name\"><span>por\n\t\t\t<a href=\"https:\/\/www.suno.com.br\/noticias\/author\/monique-lima\/\"><span itemprop=\"author\">Monique Lima<\/span><\/a><\/span><time datetime=\"2021-10-05T08:45:55-03:00\" itemprop=\"datePublished\">05\/10\/2021 08:45<\/time><\/div><\/div><\/div><\/div><\/div>","single_layout":"posts","amp_enabled":true,"_links":{"self":[{"href":"https:\/\/www.suno.com.br\/noticias\/wp-json\/wp\/v2\/posts\/190666"}],"collection":[{"href":"https:\/\/www.suno.com.br\/noticias\/wp-json\/wp\/v2\/posts"}],"about":[{"href":"https:\/\/www.suno.com.br\/noticias\/wp-json\/wp\/v2\/types\/post"}],"author":[{"embeddable":true,"href":"https:\/\/www.suno.com.br\/noticias\/wp-json\/wp\/v2\/users\/102"}],"replies":[{"embeddable":true,"href":"https:\/\/www.suno.com.br\/noticias\/wp-json\/wp\/v2\/comments?post=190666"}],"version-history":[{"count":3,"href":"https:\/\/www.suno.com.br\/noticias\/wp-json\/wp\/v2\/posts\/190666\/revisions"}],"predecessor-version":[{"id":190693,"href":"https:\/\/www.suno.com.br\/noticias\/wp-json\/wp\/v2\/posts\/190666\/revisions\/190693"}],"wp:featuredmedia":[{"embeddable":true,"href":"https:\/\/www.suno.com.br\/noticias\/wp-json\/wp\/v2\/media\/158691"}],"wp:attachment":[{"href":"https:\/\/www.suno.com.br\/noticias\/wp-json\/wp\/v2\/media?parent=190666"}],"wp:term":[{"taxonomy":"category","embeddable":true,"href":"https:\/\/www.suno.com.br\/noticias\/wp-json\/wp\/v2\/categories?post=190666"},{"taxonomy":"post_tag","embeddable":true,"href":"https:\/\/www.suno.com.br\/noticias\/wp-json\/wp\/v2\/tags?post=190666"},{"taxonomy":"suno_strategy","embeddable":true,"href":"https:\/\/www.suno.com.br\/noticias\/wp-json\/wp\/v2\/suno_strategy?post=190666"}],"curies":[{"name":"wp","href":"https:\/\/api.w.org\/{rel}","templated":true}]}}