{"id":19064,"date":"2019-03-26T11:01:36","date_gmt":"2019-03-26T14:01:36","guid":{"rendered":"https:\/\/www.suno.com.br\/noticias\/?p=19064"},"modified":"2021-06-13T23:21:57","modified_gmt":"2021-06-14T02:21:57","slug":"roche-encerrar-producao-medicamentos","status":"publish","type":"post","link":"https:\/\/www.suno.com.br\/noticias\/roche-encerrar-producao-medicamentos\/","title":{"rendered":"Roche decide encerrar produ\u00e7\u00e3o de medicamentos no Brasil"},"content":{"rendered":"<p>A Roche vai <a href=\"https:\/\/www.suno.com.br\/artigos\/capital-estrangeiro\/\">encerrar sua produ\u00e7\u00e3o<\/a> de medicamentos no Brasil. As atividades da f\u00e1brica em Jacarepagu\u00e1, no Rio de Janeiro, v\u00e3o ser finalizadas entre quatro e cinco anos, de acordo com o grupo farmac\u00eautico su\u00ed\u00e7o.<\/p>\t<div class=\"wrapper-featured-image\">\n\t\t<figure class=\"spotlightImg\">\n\n\t\t\t<picture>\n\t\t\t\t<source media=\"(max-width: 768px)\" srcset=\"https:\/\/files.sunoresearch.com.br\/n\/uploads\/2019\/03\/3789943a-roche-400x200.webp\">\n\t\t\t\t<img loading=\"lazy\" decoding=\"async\" class=\"newsContent__article__imgCapa lazyloadDisabled newsContent__article__imgCapa--noCaption\" src=\"https:\/\/files.sunoresearch.com.br\/n\/uploads\/2019\/03\/3789943a-roche-800x450.webp\" width=\"800\" height=\"450\" alt=\"Roche decide encerrar produ\u00e7\u00e3o de medicamentos no Brasil\" fetchpriority=high \/>\n\t\t\t<\/picture>\n\n\t\t\t<figcaption class=\"wp-caption-text wp-caption-text--hide\">Roche<\/figcaption>\n\t\t<\/figure>\n\t<\/div>\n\n\n<p>O escrit\u00f3rio da empresa no Pa\u00eds, representada pela <strong>Roche Farma Brasil<\/strong>, ser\u00e1 mantido em <strong>S\u00e3o Paulo,<\/strong> da mesma forma que o <strong>centro de distribui\u00e7\u00e3o<\/strong> em <strong>An\u00e1polis,<\/strong> Goi\u00e1s. A empresa tamb\u00e9m afirma que <strong>n\u00e3o prev\u00ea demiss\u00f5es<\/strong> neste ano na unidade carioca, que possui 440 empregados. A opera\u00e7\u00e3o brasileira tem no total 1.200 colaboradores, segundo a companhia.<\/p>\n<p><a href=\"https:\/\/www.suno.com.br\/noticias\/roche-anuncia-aquisicao-spark\/\">Saiba mais: Roche anuncia aquisi\u00e7\u00e3o da Spark Therapeutics por US$ 4,3 milh\u00f5es<\/a><\/p>\n<p>&#8220;Nossos colaboradores receber\u00e3o o melhor suporte poss\u00edvel, com tratamento transparente e respeitoso, ao longo deste per\u00edodo de transi\u00e7\u00e3o&#8221;, afirmou o presidente da <strong>Roche Farma Brasil,<\/strong> <strong>Patrick Eckert<\/strong>.<\/p>\n<p><a href=\"https:\/\/www.suno.com.br\/noticias\/natura-acoes-negociacoes-avon\/\">Saiba mais: Natura: a\u00e7\u00f5es caem com confirma\u00e7\u00e3o de negocia\u00e7\u00f5es envolvendo a Avon<\/a><\/p>\n<p>O grupo diz que os <strong>medicamentos<\/strong> produzidos no Brasil s\u00e3o de alto volume e baixa complexidade, &#8220;o que torna a opera\u00e7\u00e3o do Rio de Janeiro pouco sustent\u00e1vel&#8221;. Mesmo assim, a <strong>Roche<\/strong> &#8220;refor\u00e7a seu compromisso de continuar abastecendo os pacientes com os medicamentos de alta qualidade hoje fabricados no Rio&#8221;. Os <strong>rem\u00e9dios<\/strong> produzidos pela empresa no Pa\u00eds s\u00e3o:<\/p>\n<ul>\n<li><strong>Bactrim<\/strong><\/li>\n<li><strong>Bonviva<\/strong><\/li>\n<li><strong>Cymevene<\/strong><\/li>\n<li><strong>Dilatrend<\/strong><\/li>\n<li><strong>Dormonid<\/strong><\/li>\n<li><strong>Lexotan<\/strong><\/li>\n<li><strong>Prolopa<\/strong><\/li>\n<li><strong>Rivotril<\/strong><\/li>\n<li><strong>Rocaltrol<\/strong><\/li>\n<li><strong>Rohypnol<\/strong><\/li>\n<li><strong>Valium<\/strong><\/li>\n<\/ul>\n<p><a href=\"https:\/\/www.suno.com.br\/noticias\/fleury-investimento-30-milhoes-centro-inovacao-sp\/\">Saiba mais: Fleury investe R$ 30 milh\u00f5es em novo centro de inova\u00e7\u00e3o em SP<\/a><\/p>\n<h2>Roche compra Spark Therapeutics<\/h2>\n<p>A <strong>Roche<\/strong> anunciou em 25 de fevereiro a aquisi\u00e7\u00e3o da <strong>Spark Therapeutics<\/strong>, empresa especializada em terapia gen\u00e9tica, por US$ 4,3 milh\u00f5es.<\/p>\n<p>A <strong>Roche<\/strong> ir\u00e1 oferecer US$ 114,50 por a\u00e7\u00e3o da <strong>Spark<\/strong>, um pr\u00eamio de 122% em rela\u00e7\u00e3o ao <strong>pre\u00e7o do papel<\/strong> no fechamento de 22 de fevereiro. A carteira da <strong>Spark<\/strong> inclui tratamento de cegueira, com aprova\u00e7\u00e3o americana e europeia e outros projetos, como hemofilia e dist\u00farbios neurodegenerativos. A negocia\u00e7\u00e3o deve ser conclu\u00edda no segundo semestre.<\/p>\n<p><a href=\"https:\/\/www.suno.com.br\/noticias\/donald-trump-muro-governo\/\">Saiba mais:\u00a0Donald Trump diz que manter\u00e1 governo fechado at\u00e9 aprova\u00e7\u00e3o do muro<\/a><\/p>\n<p>A terapia gen\u00e9tica vem ganhando destaque no mercado da medicina. Al\u00e9m disso, a rival su\u00ed\u00e7a\u00a0<strong>Novartis<\/strong> tamb\u00e9m est\u00e1 investindo no m\u00e9todo de tratamento, onde as <strong>doen\u00e7as raras<\/strong> e <strong>heredit\u00e1rias<\/strong> possui um dos mais altos pre\u00e7os da medicina. A <strong>terapia de cegueira<\/strong>, por exemplo, custa US$ 850 mil por paciente.<\/p>\n<p>&#8220;Estamos observando esse espa\u00e7o h\u00e1 algum tempo. Simplesmente sentimos que agora \u00e9 a hora certa de avan\u00e7ar&#8221;, disse\u00a0\u00e0 &#8220;Reuters&#8221; presidente-executivo da Roche, Severin Schwan. &#8220;O encaixe da <strong>Spark<\/strong> e da <strong>Roche<\/strong> \u00e9 realmente excelente. Ela nos fornece um amplo portf\u00f3lio e expertise em toda uma cadeia de valor&#8221;, completou Schwan.<\/p>\n<p><a href=\"https:\/\/www.suno.com.br\/noticias\/kraft-heinz-poe-venda-marca-cafe-maxwell-house\/\">Saiba mais: Em crise, Kraft Heinz p\u00f5e a venda a marca de caf\u00e9 Maxwell House<\/a><\/p>\n<p>A <strong>empresa<\/strong> perdeu US$ 21 milh\u00f5es devido a concorr\u00eancia de c\u00f3pias mais baratas de rem\u00e9dios contra o <strong>c\u00e2ncer, Rituxan, Herceptin<\/strong> e <strong>Avastin.<\/strong> Com os novos medicamentos e terapias da <strong>Spark<\/strong>, a <strong>Roche<\/strong> espera recuperar as perdas.<\/p>\n<p>Maior fabricante de rem\u00e9dios contra o c\u00e2ncer, a <strong>Roche<\/strong> ingressou em um mercado j\u00e1 consolidado pelas fabricantes <strong>Keytruda<\/strong> da <strong>Merck,<\/strong> onde o crescimento incomoda at\u00e9 mesmo os produtos da farmac\u00eautica, como o <strong>Tecentriq,<\/strong> que aproveita o<strong> sistema imunol\u00f3gico<\/strong> para combater o c\u00e2ncer.<\/p>\n","protected":false},"excerpt":{"rendered":"<p>A Roche vai encerrar sua produ\u00e7\u00e3o de medicamentos no Brasil. As atividades da f\u00e1brica em Jacarepagu\u00e1, no Rio de Janeiro, v\u00e3o ser finalizadas entre quatro e cinco anos, de acordo com o grupo farmac\u00eautico su\u00ed\u00e7o. Roche O escrit\u00f3rio da empresa no Pa\u00eds, representada pela Roche Farma Brasil, ser\u00e1 mantido em S\u00e3o Paulo, da mesma forma [&hellip;]<\/p>\n","protected":false},"author":13,"featured_media":19065,"comment_status":"closed","ping_status":"closed","sticky":false,"template":"","format":"standard","meta":[],"categories":[64],"tags":[1777],"suno_strategy":[],"class_list":["post-19064","post","type-post","status-publish","format-standard","has-post-thumbnail","hentry","category-negocios","tag-industria-farmaceutica"],"yoast_head":"<!-- This site is optimized with the Yoast SEO plugin v24.4 - https:\/\/yoast.com\/wordpress\/plugins\/seo\/ -->\n<title>Roche decide encerrar produ\u00e7\u00e3o de medicamentos no Brasil<\/title>\n<meta name=\"description\" content=\"A Roche informou que as atividades da f\u00e1brica em Jacarepagu\u00e1, no Rio, v\u00e3o ser finalizadas entre quatro e cinco anos. Clique e saiba mais.\" \/>\n<meta name=\"robots\" content=\"index, follow, max-snippet:-1, max-image-preview:large, max-video-preview:-1\" \/>\n<link rel=\"canonical\" href=\"https:\/\/www.suno.com.br\/noticias\/roche-encerrar-producao-medicamentos\/\" \/>\n<meta property=\"og:locale\" content=\"pt_BR\" \/>\n<meta property=\"og:type\" content=\"article\" \/>\n<meta property=\"og:title\" content=\"Roche decide encerrar produ\u00e7\u00e3o de medicamentos no Brasil\" \/>\n<meta property=\"og:description\" content=\"A Roche informou que as atividades da f\u00e1brica em Jacarepagu\u00e1, no Rio, v\u00e3o ser finalizadas entre quatro e cinco anos. Clique e saiba mais.\" \/>\n<meta property=\"og:url\" content=\"https:\/\/www.suno.com.br\/noticias\/roche-encerrar-producao-medicamentos\/\" \/>\n<meta property=\"og:site_name\" content=\"Suno Not\u00edcias\" \/>\n<meta property=\"article:publisher\" content=\"https:\/\/facebook.com\/sunoresearch\" \/>\n<meta property=\"og:image\" content=\"https:\/\/files.sunoresearch.com.br\/n\/uploads\/2019\/03\/3789943a-roche.jpg\" \/>\n\t<meta property=\"og:image:width\" content=\"1024\" \/>\n\t<meta property=\"og:image:height\" content=\"682\" \/>\n\t<meta property=\"og:image:type\" content=\"image\/jpeg\" \/>\n<meta name=\"author\" content=\"Guilherme Caetano\" \/>\n<meta name=\"twitter:card\" content=\"summary_large_image\" \/>\n<meta name=\"twitter:creator\" content=\"@sunoresearch\" \/>\n<meta name=\"twitter:site\" content=\"@sunoresearch\" \/>\n<meta name=\"twitter:label1\" content=\"Escrito por\" \/>\n\t<meta name=\"twitter:data1\" content=\"Guilherme Caetano\" \/>\n\t<meta name=\"twitter:label2\" content=\"Est. tempo de leitura\" \/>\n\t<meta name=\"twitter:data2\" content=\"3 minutos\" \/>\n<script type=\"application\/ld+json\" class=\"yoast-schema-graph\">{\"@context\":\"https:\/\/schema.org\",\"@graph\":[{\"@type\":\"NewsArticle\",\"@id\":\"https:\/\/www.suno.com.br\/noticias\/roche-encerrar-producao-medicamentos\/#article\",\"isPartOf\":{\"@id\":\"https:\/\/www.suno.com.br\/noticias\/roche-encerrar-producao-medicamentos\/\"},\"author\":{\"name\":\"Guilherme Caetano\",\"@id\":\"https:\/\/www.suno.com.br\/noticias\/#\/schema\/person\/0d0c9687cd2f600c564f25980c140de9\"},\"headline\":\"Roche decide encerrar produ\u00e7\u00e3o de medicamentos no Brasil\",\"datePublished\":\"2019-03-26T14:01:36+00:00\",\"dateModified\":\"2021-06-14T02:21:57+00:00\",\"mainEntityOfPage\":{\"@id\":\"https:\/\/www.suno.com.br\/noticias\/roche-encerrar-producao-medicamentos\/\"},\"wordCount\":571,\"publisher\":{\"@id\":\"https:\/\/www.suno.com.br\/noticias\/#organization\"},\"image\":{\"@id\":\"https:\/\/www.suno.com.br\/noticias\/roche-encerrar-producao-medicamentos\/#primaryimage\"},\"thumbnailUrl\":\"https:\/\/files.sunoresearch.com.br\/n\/uploads\/2019\/03\/3789943a-roche-jpg.webp\",\"keywords\":[\"ind\u00fastria farmac\u00eautica\"],\"articleSection\":[\"Neg\u00f3cios\"],\"inLanguage\":\"pt-BR\"},{\"@type\":\"WebPage\",\"@id\":\"https:\/\/www.suno.com.br\/noticias\/roche-encerrar-producao-medicamentos\/\",\"url\":\"https:\/\/www.suno.com.br\/noticias\/roche-encerrar-producao-medicamentos\/\",\"name\":\"Roche decide encerrar produ\u00e7\u00e3o de medicamentos no Brasil\",\"isPartOf\":{\"@id\":\"https:\/\/www.suno.com.br\/noticias\/#website\"},\"primaryImageOfPage\":{\"@id\":\"https:\/\/www.suno.com.br\/noticias\/roche-encerrar-producao-medicamentos\/#primaryimage\"},\"image\":{\"@id\":\"https:\/\/www.suno.com.br\/noticias\/roche-encerrar-producao-medicamentos\/#primaryimage\"},\"thumbnailUrl\":\"https:\/\/files.sunoresearch.com.br\/n\/uploads\/2019\/03\/3789943a-roche-jpg.webp\",\"datePublished\":\"2019-03-26T14:01:36+00:00\",\"dateModified\":\"2021-06-14T02:21:57+00:00\",\"description\":\"A Roche informou que as atividades da f\u00e1brica em Jacarepagu\u00e1, no Rio, v\u00e3o ser finalizadas entre quatro e cinco anos. Clique e saiba mais.\",\"breadcrumb\":{\"@id\":\"https:\/\/www.suno.com.br\/noticias\/roche-encerrar-producao-medicamentos\/#breadcrumb\"},\"inLanguage\":\"pt-BR\",\"potentialAction\":[{\"@type\":\"ReadAction\",\"target\":[\"https:\/\/www.suno.com.br\/noticias\/roche-encerrar-producao-medicamentos\/\"]}]},{\"@type\":\"ImageObject\",\"inLanguage\":\"pt-BR\",\"@id\":\"https:\/\/www.suno.com.br\/noticias\/roche-encerrar-producao-medicamentos\/#primaryimage\",\"url\":\"https:\/\/files.sunoresearch.com.br\/n\/uploads\/2019\/03\/3789943a-roche-jpg.webp\",\"contentUrl\":\"https:\/\/files.sunoresearch.com.br\/n\/uploads\/2019\/03\/3789943a-roche-jpg.webp\",\"width\":1024,\"height\":682,\"caption\":\"Roche\"},{\"@type\":\"BreadcrumbList\",\"@id\":\"https:\/\/www.suno.com.br\/noticias\/roche-encerrar-producao-medicamentos\/#breadcrumb\",\"itemListElement\":[{\"@type\":\"ListItem\",\"position\":1,\"name\":\"Not\u00edcias\",\"item\":\"https:\/\/www.suno.com.br\/noticias\/\"},{\"@type\":\"ListItem\",\"position\":2,\"name\":\"Neg\u00f3cios\",\"item\":\"https:\/\/www.suno.com.br\/noticias\/negocios\/\"},{\"@type\":\"ListItem\",\"position\":3,\"name\":\"Roche decide encerrar produ\u00e7\u00e3o de medicamentos no Brasil\"}]},{\"@type\":\"WebSite\",\"@id\":\"https:\/\/www.suno.com.br\/noticias\/#website\",\"url\":\"https:\/\/www.suno.com.br\/noticias\/\",\"name\":\"Suno Not\u00edcias\",\"description\":\"Seu portal de informa\u00e7\u00e3o sobre o mundo dos investimentos\",\"publisher\":{\"@id\":\"https:\/\/www.suno.com.br\/noticias\/#organization\"},\"potentialAction\":[{\"@type\":\"SearchAction\",\"target\":{\"@type\":\"EntryPoint\",\"urlTemplate\":\"https:\/\/www.suno.com.br\/noticias\/?s={search_term_string}\"},\"query-input\":{\"@type\":\"PropertyValueSpecification\",\"valueRequired\":true,\"valueName\":\"search_term_string\"}}],\"inLanguage\":\"pt-BR\"},{\"@type\":\"Organization\",\"@id\":\"https:\/\/www.suno.com.br\/noticias\/#organization\",\"name\":\"Suno Not\u00edcias\",\"url\":\"https:\/\/www.suno.com.br\/noticias\/\",\"logo\":{\"@type\":\"ImageObject\",\"inLanguage\":\"pt-BR\",\"@id\":\"https:\/\/www.suno.com.br\/noticias\/#\/schema\/logo\/image\/\",\"url\":\"https:\/\/files.sunoresearch.com.br\/n\/uploads\/2021\/09\/suno-logo.png\",\"contentUrl\":\"https:\/\/files.sunoresearch.com.br\/n\/uploads\/2021\/09\/suno-logo.png\",\"width\":180,\"height\":180,\"caption\":\"Suno Not\u00edcias\"},\"image\":{\"@id\":\"https:\/\/www.suno.com.br\/noticias\/#\/schema\/logo\/image\/\"},\"sameAs\":[\"https:\/\/facebook.com\/sunoresearch\",\"https:\/\/x.com\/sunoresearch\",\"https:\/\/www.instagram.com\/suno\",\"https:\/\/www.linkedin.com\/company\/suno-research\/\",\"https:\/\/www.youtube.com\/c\/sunoresearch\"]},{\"@type\":\"Person\",\"@id\":\"https:\/\/www.suno.com.br\/noticias\/#\/schema\/person\/0d0c9687cd2f600c564f25980c140de9\",\"name\":\"Guilherme Caetano\",\"image\":{\"@type\":\"ImageObject\",\"inLanguage\":\"pt-BR\",\"@id\":\"https:\/\/www.suno.com.br\/noticias\/#\/schema\/person\/image\/\",\"url\":\"https:\/\/secure.gravatar.com\/avatar\/e48357351a01702a0d19307070e081bf?s=96&r=g\",\"contentUrl\":\"https:\/\/secure.gravatar.com\/avatar\/e48357351a01702a0d19307070e081bf?s=96&r=g\",\"caption\":\"Guilherme Caetano\"},\"description\":\"Formado em jornalismo pela Escola de Comunica\u00e7\u00f5es e Artes da USP, Guilherme Caetano escreve para o portal de not\u00edcias da Suno Research. Passou pelas reda\u00e7\u00f5es da Folha de S.Paulo e da revista \u00c9poca.\",\"url\":\"https:\/\/www.suno.com.br\/noticias\/author\/guilherme-caetano\/\"}]}<\/script>\n<!-- \/ Yoast SEO plugin. -->","yoast_head_json":{"title":"Roche decide encerrar produ\u00e7\u00e3o de medicamentos no Brasil","description":"A Roche informou que as atividades da f\u00e1brica em Jacarepagu\u00e1, no Rio, v\u00e3o ser finalizadas entre quatro e cinco anos. Clique e saiba mais.","robots":{"index":"index","follow":"follow","max-snippet":"max-snippet:-1","max-image-preview":"max-image-preview:large","max-video-preview":"max-video-preview:-1"},"canonical":"https:\/\/www.suno.com.br\/noticias\/roche-encerrar-producao-medicamentos\/","og_locale":"pt_BR","og_type":"article","og_title":"Roche decide encerrar produ\u00e7\u00e3o de medicamentos no Brasil","og_description":"A Roche informou que as atividades da f\u00e1brica em Jacarepagu\u00e1, no Rio, v\u00e3o ser finalizadas entre quatro e cinco anos. Clique e saiba mais.","og_url":"https:\/\/www.suno.com.br\/noticias\/roche-encerrar-producao-medicamentos\/","og_site_name":"Suno Not\u00edcias","article_publisher":"https:\/\/facebook.com\/sunoresearch","og_image":[{"width":1024,"height":682,"url":"https:\/\/files.sunoresearch.com.br\/n\/uploads\/2019\/03\/3789943a-roche.jpg","type":"image\/jpeg"}],"author":"Guilherme Caetano","twitter_card":"summary_large_image","twitter_creator":"@sunoresearch","twitter_site":"@sunoresearch","twitter_misc":{"Escrito por":"Guilherme Caetano","Est. tempo de leitura":"3 minutos"},"schema":{"@context":"https:\/\/schema.org","@graph":[{"@type":"NewsArticle","@id":"https:\/\/www.suno.com.br\/noticias\/roche-encerrar-producao-medicamentos\/#article","isPartOf":{"@id":"https:\/\/www.suno.com.br\/noticias\/roche-encerrar-producao-medicamentos\/"},"author":{"name":"Guilherme Caetano","@id":"https:\/\/www.suno.com.br\/noticias\/#\/schema\/person\/0d0c9687cd2f600c564f25980c140de9"},"headline":"Roche decide encerrar produ\u00e7\u00e3o de medicamentos no Brasil","datePublished":"2019-03-26T14:01:36+00:00","dateModified":"2021-06-14T02:21:57+00:00","mainEntityOfPage":{"@id":"https:\/\/www.suno.com.br\/noticias\/roche-encerrar-producao-medicamentos\/"},"wordCount":571,"publisher":{"@id":"https:\/\/www.suno.com.br\/noticias\/#organization"},"image":{"@id":"https:\/\/www.suno.com.br\/noticias\/roche-encerrar-producao-medicamentos\/#primaryimage"},"thumbnailUrl":"https:\/\/files.sunoresearch.com.br\/n\/uploads\/2019\/03\/3789943a-roche-jpg.webp","keywords":["ind\u00fastria farmac\u00eautica"],"articleSection":["Neg\u00f3cios"],"inLanguage":"pt-BR"},{"@type":"WebPage","@id":"https:\/\/www.suno.com.br\/noticias\/roche-encerrar-producao-medicamentos\/","url":"https:\/\/www.suno.com.br\/noticias\/roche-encerrar-producao-medicamentos\/","name":"Roche decide encerrar produ\u00e7\u00e3o de medicamentos no Brasil","isPartOf":{"@id":"https:\/\/www.suno.com.br\/noticias\/#website"},"primaryImageOfPage":{"@id":"https:\/\/www.suno.com.br\/noticias\/roche-encerrar-producao-medicamentos\/#primaryimage"},"image":{"@id":"https:\/\/www.suno.com.br\/noticias\/roche-encerrar-producao-medicamentos\/#primaryimage"},"thumbnailUrl":"https:\/\/files.sunoresearch.com.br\/n\/uploads\/2019\/03\/3789943a-roche-jpg.webp","datePublished":"2019-03-26T14:01:36+00:00","dateModified":"2021-06-14T02:21:57+00:00","description":"A Roche informou que as atividades da f\u00e1brica em Jacarepagu\u00e1, no Rio, v\u00e3o ser finalizadas entre quatro e cinco anos. Clique e saiba mais.","breadcrumb":{"@id":"https:\/\/www.suno.com.br\/noticias\/roche-encerrar-producao-medicamentos\/#breadcrumb"},"inLanguage":"pt-BR","potentialAction":[{"@type":"ReadAction","target":["https:\/\/www.suno.com.br\/noticias\/roche-encerrar-producao-medicamentos\/"]}]},{"@type":"ImageObject","inLanguage":"pt-BR","@id":"https:\/\/www.suno.com.br\/noticias\/roche-encerrar-producao-medicamentos\/#primaryimage","url":"https:\/\/files.sunoresearch.com.br\/n\/uploads\/2019\/03\/3789943a-roche-jpg.webp","contentUrl":"https:\/\/files.sunoresearch.com.br\/n\/uploads\/2019\/03\/3789943a-roche-jpg.webp","width":1024,"height":682,"caption":"Roche"},{"@type":"BreadcrumbList","@id":"https:\/\/www.suno.com.br\/noticias\/roche-encerrar-producao-medicamentos\/#breadcrumb","itemListElement":[{"@type":"ListItem","position":1,"name":"Not\u00edcias","item":"https:\/\/www.suno.com.br\/noticias\/"},{"@type":"ListItem","position":2,"name":"Neg\u00f3cios","item":"https:\/\/www.suno.com.br\/noticias\/negocios\/"},{"@type":"ListItem","position":3,"name":"Roche decide encerrar produ\u00e7\u00e3o de medicamentos no Brasil"}]},{"@type":"WebSite","@id":"https:\/\/www.suno.com.br\/noticias\/#website","url":"https:\/\/www.suno.com.br\/noticias\/","name":"Suno Not\u00edcias","description":"Seu portal de informa\u00e7\u00e3o sobre o mundo dos investimentos","publisher":{"@id":"https:\/\/www.suno.com.br\/noticias\/#organization"},"potentialAction":[{"@type":"SearchAction","target":{"@type":"EntryPoint","urlTemplate":"https:\/\/www.suno.com.br\/noticias\/?s={search_term_string}"},"query-input":{"@type":"PropertyValueSpecification","valueRequired":true,"valueName":"search_term_string"}}],"inLanguage":"pt-BR"},{"@type":"Organization","@id":"https:\/\/www.suno.com.br\/noticias\/#organization","name":"Suno Not\u00edcias","url":"https:\/\/www.suno.com.br\/noticias\/","logo":{"@type":"ImageObject","inLanguage":"pt-BR","@id":"https:\/\/www.suno.com.br\/noticias\/#\/schema\/logo\/image\/","url":"https:\/\/files.sunoresearch.com.br\/n\/uploads\/2021\/09\/suno-logo.png","contentUrl":"https:\/\/files.sunoresearch.com.br\/n\/uploads\/2021\/09\/suno-logo.png","width":180,"height":180,"caption":"Suno Not\u00edcias"},"image":{"@id":"https:\/\/www.suno.com.br\/noticias\/#\/schema\/logo\/image\/"},"sameAs":["https:\/\/facebook.com\/sunoresearch","https:\/\/x.com\/sunoresearch","https:\/\/www.instagram.com\/suno","https:\/\/www.linkedin.com\/company\/suno-research\/","https:\/\/www.youtube.com\/c\/sunoresearch"]},{"@type":"Person","@id":"https:\/\/www.suno.com.br\/noticias\/#\/schema\/person\/0d0c9687cd2f600c564f25980c140de9","name":"Guilherme Caetano","image":{"@type":"ImageObject","inLanguage":"pt-BR","@id":"https:\/\/www.suno.com.br\/noticias\/#\/schema\/person\/image\/","url":"https:\/\/secure.gravatar.com\/avatar\/e48357351a01702a0d19307070e081bf?s=96&r=g","contentUrl":"https:\/\/secure.gravatar.com\/avatar\/e48357351a01702a0d19307070e081bf?s=96&r=g","caption":"Guilherme Caetano"},"description":"Formado em jornalismo pela Escola de Comunica\u00e7\u00f5es e Artes da USP, Guilherme Caetano escreve para o portal de not\u00edcias da Suno Research. Passou pelas reda\u00e7\u00f5es da Folha de S.Paulo e da revista \u00c9poca.","url":"https:\/\/www.suno.com.br\/noticias\/author\/guilherme-caetano\/"}]}},"default_loop_html":"<div class=\"cardsPage__listCard__boxs\"><div class=\"cardsPage__listCard__boxs__img\"><a href=\"https:\/\/www.suno.com.br\/noticias\/roche-encerrar-producao-medicamentos\/\"><img class=\"mask\" src=\"https:\/\/www.suno.com.br\/noticias\/wp-content\/themes\/suno\/resources\/images\/spotlight\/spotlight1img\/bg-mask.png\" alt=\"Image Mask\"\/><img src=\"https:\/\/files.sunoresearch.com.br\/n\/uploads\/2019\/03\/3789943a-roche-400x200.webp\" alt=\"Roche decide encerrar produ\u00e7\u00e3o de medicamentos no Brasil\"\/><\/a><span class=\"spotlightCategory\"><a href=\"https:\/\/www.suno.com.br\/noticias\/negocios\/\">Neg\u00f3cios<\/a><\/span><\/div><div class=\"cardsPage__listCard__boxs__content\"><a href=\"https:\/\/www.suno.com.br\/noticias\/roche-encerrar-producao-medicamentos\/\"><h2 class=\"content__title\">Roche decide encerrar produ\u00e7\u00e3o de medicamentos no Brasil<\/h2><\/a><div class=\"newsContent__article__meta\"><div class=\"newsContent__article__meta__authorBox\"><a href=\"https:\/\/www.suno.com.br\/noticias\/author\/guilherme-caetano\/\" class=\"authorBox__avatar noMobi\"><img src=\"https:\/\/secure.gravatar.com\/avatar\/e48357351a01702a0d19307070e081bf?s=96&#038;r=g\" alt=\"Guilherme Caetano\"><\/a><div class=\"authorBox__name\"><span>por\n\t\t\t<a href=\"https:\/\/www.suno.com.br\/noticias\/author\/guilherme-caetano\/\"><span itemprop=\"author\">Guilherme Caetano<\/span><\/a><\/span><time datetime=\"2019-03-26T11:01:36-03:00\" itemprop=\"datePublished\">26\/03\/2019 11:01<\/time><\/div><\/div><\/div><\/div><\/div>","single_layout":"posts","amp_enabled":true,"_links":{"self":[{"href":"https:\/\/www.suno.com.br\/noticias\/wp-json\/wp\/v2\/posts\/19064"}],"collection":[{"href":"https:\/\/www.suno.com.br\/noticias\/wp-json\/wp\/v2\/posts"}],"about":[{"href":"https:\/\/www.suno.com.br\/noticias\/wp-json\/wp\/v2\/types\/post"}],"author":[{"embeddable":true,"href":"https:\/\/www.suno.com.br\/noticias\/wp-json\/wp\/v2\/users\/13"}],"replies":[{"embeddable":true,"href":"https:\/\/www.suno.com.br\/noticias\/wp-json\/wp\/v2\/comments?post=19064"}],"version-history":[{"count":1,"href":"https:\/\/www.suno.com.br\/noticias\/wp-json\/wp\/v2\/posts\/19064\/revisions"}],"predecessor-version":[{"id":156686,"href":"https:\/\/www.suno.com.br\/noticias\/wp-json\/wp\/v2\/posts\/19064\/revisions\/156686"}],"wp:featuredmedia":[{"embeddable":true,"href":"https:\/\/www.suno.com.br\/noticias\/wp-json\/wp\/v2\/media\/19065"}],"wp:attachment":[{"href":"https:\/\/www.suno.com.br\/noticias\/wp-json\/wp\/v2\/media?parent=19064"}],"wp:term":[{"taxonomy":"category","embeddable":true,"href":"https:\/\/www.suno.com.br\/noticias\/wp-json\/wp\/v2\/categories?post=19064"},{"taxonomy":"post_tag","embeddable":true,"href":"https:\/\/www.suno.com.br\/noticias\/wp-json\/wp\/v2\/tags?post=19064"},{"taxonomy":"suno_strategy","embeddable":true,"href":"https:\/\/www.suno.com.br\/noticias\/wp-json\/wp\/v2\/suno_strategy?post=19064"}],"curies":[{"name":"wp","href":"https:\/\/api.w.org\/{rel}","templated":true}]}}