{"id":19052,"date":"2019-03-26T09:33:28","date_gmt":"2019-03-26T12:33:28","guid":{"rendered":"https:\/\/www.suno.com.br\/noticias\/?p=19052"},"modified":"2021-02-17T22:49:50","modified_gmt":"2021-02-18T01:49:50","slug":"copom-cautela-indica-juro-estavel","status":"publish","type":"post","link":"https:\/\/www.suno.com.br\/noticias\/copom-cautela-indica-juro-estavel\/","title":{"rendered":"Copom prega cautela e indica juro est\u00e1vel nos pr\u00f3ximos meses"},"content":{"rendered":"<p>O Comit\u00ea de Pol\u00edtica Monet\u00e1ria (Copom) informou, em ata de reuni\u00e3o publicada nesta ter\u00e7a (26), que considera importante &#8220;observar o comportamento da economia brasileira ao longo do tempo&#8221; e que essa avalia\u00e7\u00e3o &#8220;demanda tempo e n\u00e3o dever\u00e1 ser conclu\u00edda a curto prazo&#8221;. O Comit\u00ea manteve a <a href=\"https:\/\/www.suno.com.br\/artigos\/taxa-de-juros-2019\/\">taxa b\u00e1sica de juros da economia<\/a>, a Selic, em 6,5%.<\/p>\t<div class=\"wrapper-featured-image\">\n\t\t<figure class=\"spotlightImg\">\n\n\t\t\t<picture>\n\t\t\t\t<source media=\"(max-width: 768px)\" srcset=\"https:\/\/files.sunoresearch.com.br\/n\/uploads\/2018\/12\/521c980b-banco-central-do-brasil3-400x200.webp\">\n\t\t\t\t<img loading=\"lazy\" decoding=\"async\" class=\"newsContent__article__imgCapa lazyloadDisabled newsContent__article__imgCapa--noCaption\" src=\"https:\/\/files.sunoresearch.com.br\/n\/uploads\/2018\/12\/521c980b-banco-central-do-brasil3-800x450.webp\" width=\"800\" height=\"450\" alt=\"Copom prega cautela e indica juro est\u00e1vel nos pr\u00f3ximos meses\" fetchpriority=high \/>\n\t\t\t<\/picture>\n\n\t\t\t<figcaption class=\"wp-caption-text wp-caption-text--hide\">Banco Central decide sobre Selic Foto: Pinterest<\/figcaption>\n\t\t<\/figure>\n\t<\/div>\n\n\n<p>O <strong>Copom<\/strong> lembrou que <strong>indicadores<\/strong> recentes da <strong>atividade econ\u00f4mica<\/strong> do Pa\u00eds apontam ritmo <strong>aqu\u00e9m do esperado<\/strong>, mas que a economia segue em process de <strong>recupera\u00e7\u00e3o gradual.<\/strong> &#8220;A economia segue operando com alto n\u00edvel de <strong>ociosidade<\/strong> dos fatores de produ\u00e7\u00e3o, refletido nos baixos \u00edndices de <strong>utiliza\u00e7\u00e3o da capacidade da ind\u00fastria<\/strong> e, principalmente, na <strong>taxa de desemprego<\/strong>&#8220;.<\/p>\n<p><a href=\"https:\/\/www.suno.com.br\/noticias\/copom-taxa-selic-mantida\/\">Saiba mais: Reuni\u00e3o do Copom: Taxa Selic deve ser mantida em 6,5%<\/a><\/p>\n<p>O <strong>Comit\u00ea<\/strong>\u00a0do <strong>Banco Central<\/strong> descreveu o cen\u00e1rio externo como &#8220;desafiador&#8221;, com decrescentes riscos associados \u00e0 normaliza\u00e7\u00e3o das taxas de juros em algumas economias avan\u00e7adas, mas problemas em rela\u00e7\u00e3o \u00e0 <strong>desacelera\u00e7\u00e3o<\/strong> <strong>da economia global<\/strong>.<\/p>\n<p>As <strong>metas de infla\u00e7\u00e3o<\/strong> tamb\u00e9m foram apresentadas. Em 2019, a <strong>meta<\/strong> central \u00e9 de 4,25%, com oscila\u00e7\u00e3o entre 2,75% e 5,75%. Para 2020, 4%, podendo variar entre 2,5% e 5,5%. No <strong>cen\u00e1rio de mercado<\/strong>, considerando estimativas de bancos para juros e c\u00e2mbio, a previs\u00e3o para a <strong>infla\u00e7\u00e3o<\/strong> \u00e9 de 3,9% em 2019 e de 3,8% em 2020. O c\u00e1lculo leva em conta a <strong>Selic<\/strong> em 6,5% ao ano em 2019 e 7,75% ao ano em 2020, com <strong>c\u00e2mbio<\/strong> de R$ 3,70 e R$ 3,75, respectivamente.<\/p>\n<p><a href=\"https:\/\/www.suno.com.br\/noticias\/contas-externas-deficit-fevereiro\/\">Saiba mais: Contas externas t\u00eam d\u00e9ficit de US$ 1,134 bilh\u00e3o em fevereiro<\/a><\/p>\n<p>Na avalia\u00e7\u00e3o do <strong>Copom,<\/strong> a evolu\u00e7\u00e3o do cen\u00e1rio b\u00e1sico e do balan\u00e7o de riscos &#8220;prescreve manuten\u00e7\u00e3o da taxa <strong>Selic<\/strong> no n\u00edvel vigente [&#8230;] O <strong>Comit\u00ea<\/strong> ressalta que os pr\u00f3ximos passos da <strong>pol\u00edtica monet\u00e1ria<\/strong> continuar\u00e3o dependendo da evolu\u00e7\u00e3o da atividade econ\u00f4mica, do balan\u00e7o de riscos e das proje\u00e7\u00f5es e expectativas de <strong>infla\u00e7\u00e3o&#8221;,<\/strong> <a href=\"https:\/\/www.bcb.gov.br\/publicacoes\/atascopom\">informou o <\/a><strong>Comit\u00ea.<\/strong><\/p>\n<p><a href=\"https:\/\/www.suno.com.br\/noticias\/brasileiros-pagaram-impostos\/\">Saiba mais: Brasileiros pagaram R$ 600 bilh\u00f5es em impostos neste ano<\/a><\/p>\n<p>Por fim, o <strong>Copom<\/strong> diz avaliar que <strong>&#8220;cautela, serenidade<\/strong> e <strong>perseveran\u00e7a&#8221;<\/strong> nas decis\u00f5es de <strong>pol\u00edtica monet\u00e1ria<\/strong> t\u00eam sido &#8220;\u00fateis na persegui\u00e7\u00e3o de seu objetivo prec\u00edpuo de <strong>manter a trajet\u00f3ria da<\/strong> <strong>infla\u00e7\u00e3o<\/strong> em dire\u00e7\u00e3o \u00e0s <strong>metas&#8221;.<\/strong><\/p>\n","protected":false},"excerpt":{"rendered":"<p>O Comit\u00ea de Pol\u00edtica Monet\u00e1ria (Copom) informou, em ata de reuni\u00e3o publicada nesta ter\u00e7a (26), que considera importante &#8220;observar o comportamento da economia brasileira ao longo do tempo&#8221; e que essa avalia\u00e7\u00e3o &#8220;demanda tempo e n\u00e3o dever\u00e1 ser conclu\u00edda a curto prazo&#8221;. O Comit\u00ea manteve a taxa b\u00e1sica de juros da economia, a Selic, em [&hellip;]<\/p>\n","protected":false},"author":13,"featured_media":9722,"comment_status":"closed","ping_status":"closed","sticky":false,"template":"","format":"standard","meta":[],"categories":[62],"tags":[1842,1104,740,290],"suno_strategy":[],"class_list":["post-19052","post","type-post","status-publish","format-standard","has-post-thumbnail","hentry","category-economia","tag-banco-central-bc","tag-copom","tag-economia","tag-taxa-selic"],"yoast_head":"<!-- This site is optimized with the Yoast SEO plugin v24.4 - https:\/\/yoast.com\/wordpress\/plugins\/seo\/ -->\n<title>Copom prega cautela e indica juro est\u00e1vel nos pr\u00f3ximos meses<\/title>\n<meta name=\"description\" content=\"O Copom informou que considera importante &quot;observar o comportamento da economia brasileira ao longo do tempo&quot;. Clique e saiba mais.\" \/>\n<meta name=\"robots\" content=\"index, follow, max-snippet:-1, max-image-preview:large, max-video-preview:-1\" \/>\n<link rel=\"canonical\" href=\"https:\/\/www.suno.com.br\/noticias\/copom-cautela-indica-juro-estavel\/\" \/>\n<meta property=\"og:locale\" content=\"pt_BR\" \/>\n<meta property=\"og:type\" content=\"article\" \/>\n<meta property=\"og:title\" content=\"Copom prega cautela e indica juro est\u00e1vel nos pr\u00f3ximos meses\" \/>\n<meta property=\"og:description\" content=\"O Copom informou que considera importante &quot;observar o comportamento da economia brasileira ao longo do tempo&quot;. Clique e saiba mais.\" \/>\n<meta property=\"og:url\" content=\"https:\/\/www.suno.com.br\/noticias\/copom-cautela-indica-juro-estavel\/\" \/>\n<meta property=\"og:site_name\" content=\"Suno Not\u00edcias\" \/>\n<meta property=\"article:publisher\" content=\"https:\/\/facebook.com\/sunoresearch\" \/>\n<meta property=\"og:image\" content=\"https:\/\/files.sunoresearch.com.br\/n\/uploads\/2018\/12\/521c980b-banco-central-do-brasil3.jpg\" \/>\n\t<meta property=\"og:image:width\" content=\"1030\" \/>\n\t<meta property=\"og:image:height\" content=\"687\" \/>\n\t<meta property=\"og:image:type\" content=\"image\/jpeg\" \/>\n<meta name=\"author\" content=\"Guilherme Caetano\" \/>\n<meta name=\"twitter:card\" content=\"summary_large_image\" \/>\n<meta name=\"twitter:creator\" content=\"@sunoresearch\" \/>\n<meta name=\"twitter:site\" content=\"@sunoresearch\" \/>\n<meta name=\"twitter:label1\" content=\"Escrito por\" \/>\n\t<meta name=\"twitter:data1\" content=\"Guilherme Caetano\" \/>\n\t<meta name=\"twitter:label2\" content=\"Est. tempo de leitura\" \/>\n\t<meta name=\"twitter:data2\" content=\"2 minutos\" \/>\n<script type=\"application\/ld+json\" class=\"yoast-schema-graph\">{\"@context\":\"https:\/\/schema.org\",\"@graph\":[{\"@type\":\"NewsArticle\",\"@id\":\"https:\/\/www.suno.com.br\/noticias\/copom-cautela-indica-juro-estavel\/#article\",\"isPartOf\":{\"@id\":\"https:\/\/www.suno.com.br\/noticias\/copom-cautela-indica-juro-estavel\/\"},\"author\":{\"name\":\"Guilherme Caetano\",\"@id\":\"https:\/\/www.suno.com.br\/noticias\/#\/schema\/person\/0d0c9687cd2f600c564f25980c140de9\"},\"headline\":\"Copom prega cautela e indica juro est\u00e1vel nos pr\u00f3ximos meses\",\"datePublished\":\"2019-03-26T12:33:28+00:00\",\"dateModified\":\"2021-02-18T01:49:50+00:00\",\"mainEntityOfPage\":{\"@id\":\"https:\/\/www.suno.com.br\/noticias\/copom-cautela-indica-juro-estavel\/\"},\"wordCount\":399,\"publisher\":{\"@id\":\"https:\/\/www.suno.com.br\/noticias\/#organization\"},\"image\":{\"@id\":\"https:\/\/www.suno.com.br\/noticias\/copom-cautela-indica-juro-estavel\/#primaryimage\"},\"thumbnailUrl\":\"https:\/\/files.sunoresearch.com.br\/n\/uploads\/2018\/12\/521c980b-banco-central-do-brasil3-jpg.webp\",\"keywords\":[\"Banco Central (BC)\",\"Copom\",\"Economia\",\"Taxa Selic\"],\"articleSection\":[\"Economia\"],\"inLanguage\":\"pt-BR\"},{\"@type\":\"WebPage\",\"@id\":\"https:\/\/www.suno.com.br\/noticias\/copom-cautela-indica-juro-estavel\/\",\"url\":\"https:\/\/www.suno.com.br\/noticias\/copom-cautela-indica-juro-estavel\/\",\"name\":\"Copom prega cautela e indica juro est\u00e1vel nos pr\u00f3ximos meses\",\"isPartOf\":{\"@id\":\"https:\/\/www.suno.com.br\/noticias\/#website\"},\"primaryImageOfPage\":{\"@id\":\"https:\/\/www.suno.com.br\/noticias\/copom-cautela-indica-juro-estavel\/#primaryimage\"},\"image\":{\"@id\":\"https:\/\/www.suno.com.br\/noticias\/copom-cautela-indica-juro-estavel\/#primaryimage\"},\"thumbnailUrl\":\"https:\/\/files.sunoresearch.com.br\/n\/uploads\/2018\/12\/521c980b-banco-central-do-brasil3-jpg.webp\",\"datePublished\":\"2019-03-26T12:33:28+00:00\",\"dateModified\":\"2021-02-18T01:49:50+00:00\",\"description\":\"O Copom informou que considera importante \\\"observar o comportamento da economia brasileira ao longo do tempo\\\". Clique e saiba mais.\",\"breadcrumb\":{\"@id\":\"https:\/\/www.suno.com.br\/noticias\/copom-cautela-indica-juro-estavel\/#breadcrumb\"},\"inLanguage\":\"pt-BR\",\"potentialAction\":[{\"@type\":\"ReadAction\",\"target\":[\"https:\/\/www.suno.com.br\/noticias\/copom-cautela-indica-juro-estavel\/\"]}]},{\"@type\":\"ImageObject\",\"inLanguage\":\"pt-BR\",\"@id\":\"https:\/\/www.suno.com.br\/noticias\/copom-cautela-indica-juro-estavel\/#primaryimage\",\"url\":\"https:\/\/files.sunoresearch.com.br\/n\/uploads\/2018\/12\/521c980b-banco-central-do-brasil3-jpg.webp\",\"contentUrl\":\"https:\/\/files.sunoresearch.com.br\/n\/uploads\/2018\/12\/521c980b-banco-central-do-brasil3-jpg.webp\",\"width\":1030,\"height\":687,\"caption\":\"Banco Central decide sobre Selic Foto: Pinterest\"},{\"@type\":\"BreadcrumbList\",\"@id\":\"https:\/\/www.suno.com.br\/noticias\/copom-cautela-indica-juro-estavel\/#breadcrumb\",\"itemListElement\":[{\"@type\":\"ListItem\",\"position\":1,\"name\":\"Not\u00edcias\",\"item\":\"https:\/\/www.suno.com.br\/noticias\/\"},{\"@type\":\"ListItem\",\"position\":2,\"name\":\"Economia\",\"item\":\"https:\/\/www.suno.com.br\/noticias\/economia\/\"},{\"@type\":\"ListItem\",\"position\":3,\"name\":\"Copom prega cautela e indica juro est\u00e1vel nos pr\u00f3ximos meses\"}]},{\"@type\":\"WebSite\",\"@id\":\"https:\/\/www.suno.com.br\/noticias\/#website\",\"url\":\"https:\/\/www.suno.com.br\/noticias\/\",\"name\":\"Suno Not\u00edcias\",\"description\":\"Seu portal de informa\u00e7\u00e3o sobre o mundo dos investimentos\",\"publisher\":{\"@id\":\"https:\/\/www.suno.com.br\/noticias\/#organization\"},\"potentialAction\":[{\"@type\":\"SearchAction\",\"target\":{\"@type\":\"EntryPoint\",\"urlTemplate\":\"https:\/\/www.suno.com.br\/noticias\/?s={search_term_string}\"},\"query-input\":{\"@type\":\"PropertyValueSpecification\",\"valueRequired\":true,\"valueName\":\"search_term_string\"}}],\"inLanguage\":\"pt-BR\"},{\"@type\":\"Organization\",\"@id\":\"https:\/\/www.suno.com.br\/noticias\/#organization\",\"name\":\"Suno Not\u00edcias\",\"url\":\"https:\/\/www.suno.com.br\/noticias\/\",\"logo\":{\"@type\":\"ImageObject\",\"inLanguage\":\"pt-BR\",\"@id\":\"https:\/\/www.suno.com.br\/noticias\/#\/schema\/logo\/image\/\",\"url\":\"https:\/\/files.sunoresearch.com.br\/n\/uploads\/2021\/09\/suno-logo.png\",\"contentUrl\":\"https:\/\/files.sunoresearch.com.br\/n\/uploads\/2021\/09\/suno-logo.png\",\"width\":180,\"height\":180,\"caption\":\"Suno Not\u00edcias\"},\"image\":{\"@id\":\"https:\/\/www.suno.com.br\/noticias\/#\/schema\/logo\/image\/\"},\"sameAs\":[\"https:\/\/facebook.com\/sunoresearch\",\"https:\/\/x.com\/sunoresearch\",\"https:\/\/www.instagram.com\/suno\",\"https:\/\/www.linkedin.com\/company\/suno-research\/\",\"https:\/\/www.youtube.com\/c\/sunoresearch\"]},{\"@type\":\"Person\",\"@id\":\"https:\/\/www.suno.com.br\/noticias\/#\/schema\/person\/0d0c9687cd2f600c564f25980c140de9\",\"name\":\"Guilherme Caetano\",\"image\":{\"@type\":\"ImageObject\",\"inLanguage\":\"pt-BR\",\"@id\":\"https:\/\/www.suno.com.br\/noticias\/#\/schema\/person\/image\/\",\"url\":\"https:\/\/secure.gravatar.com\/avatar\/e48357351a01702a0d19307070e081bf?s=96&r=g\",\"contentUrl\":\"https:\/\/secure.gravatar.com\/avatar\/e48357351a01702a0d19307070e081bf?s=96&r=g\",\"caption\":\"Guilherme Caetano\"},\"description\":\"Formado em jornalismo pela Escola de Comunica\u00e7\u00f5es e Artes da USP, Guilherme Caetano escreve para o portal de not\u00edcias da Suno Research. Passou pelas reda\u00e7\u00f5es da Folha de S.Paulo e da revista \u00c9poca.\",\"url\":\"https:\/\/www.suno.com.br\/noticias\/author\/guilherme-caetano\/\"}]}<\/script>\n<!-- \/ Yoast SEO plugin. -->","yoast_head_json":{"title":"Copom prega cautela e indica juro est\u00e1vel nos pr\u00f3ximos meses","description":"O Copom informou que considera importante \"observar o comportamento da economia brasileira ao longo do tempo\". Clique e saiba mais.","robots":{"index":"index","follow":"follow","max-snippet":"max-snippet:-1","max-image-preview":"max-image-preview:large","max-video-preview":"max-video-preview:-1"},"canonical":"https:\/\/www.suno.com.br\/noticias\/copom-cautela-indica-juro-estavel\/","og_locale":"pt_BR","og_type":"article","og_title":"Copom prega cautela e indica juro est\u00e1vel nos pr\u00f3ximos meses","og_description":"O Copom informou que considera importante \"observar o comportamento da economia brasileira ao longo do tempo\". Clique e saiba mais.","og_url":"https:\/\/www.suno.com.br\/noticias\/copom-cautela-indica-juro-estavel\/","og_site_name":"Suno Not\u00edcias","article_publisher":"https:\/\/facebook.com\/sunoresearch","og_image":[{"width":1030,"height":687,"url":"https:\/\/files.sunoresearch.com.br\/n\/uploads\/2018\/12\/521c980b-banco-central-do-brasil3.jpg","type":"image\/jpeg"}],"author":"Guilherme Caetano","twitter_card":"summary_large_image","twitter_creator":"@sunoresearch","twitter_site":"@sunoresearch","twitter_misc":{"Escrito por":"Guilherme Caetano","Est. tempo de leitura":"2 minutos"},"schema":{"@context":"https:\/\/schema.org","@graph":[{"@type":"NewsArticle","@id":"https:\/\/www.suno.com.br\/noticias\/copom-cautela-indica-juro-estavel\/#article","isPartOf":{"@id":"https:\/\/www.suno.com.br\/noticias\/copom-cautela-indica-juro-estavel\/"},"author":{"name":"Guilherme Caetano","@id":"https:\/\/www.suno.com.br\/noticias\/#\/schema\/person\/0d0c9687cd2f600c564f25980c140de9"},"headline":"Copom prega cautela e indica juro est\u00e1vel nos pr\u00f3ximos meses","datePublished":"2019-03-26T12:33:28+00:00","dateModified":"2021-02-18T01:49:50+00:00","mainEntityOfPage":{"@id":"https:\/\/www.suno.com.br\/noticias\/copom-cautela-indica-juro-estavel\/"},"wordCount":399,"publisher":{"@id":"https:\/\/www.suno.com.br\/noticias\/#organization"},"image":{"@id":"https:\/\/www.suno.com.br\/noticias\/copom-cautela-indica-juro-estavel\/#primaryimage"},"thumbnailUrl":"https:\/\/files.sunoresearch.com.br\/n\/uploads\/2018\/12\/521c980b-banco-central-do-brasil3-jpg.webp","keywords":["Banco Central (BC)","Copom","Economia","Taxa Selic"],"articleSection":["Economia"],"inLanguage":"pt-BR"},{"@type":"WebPage","@id":"https:\/\/www.suno.com.br\/noticias\/copom-cautela-indica-juro-estavel\/","url":"https:\/\/www.suno.com.br\/noticias\/copom-cautela-indica-juro-estavel\/","name":"Copom prega cautela e indica juro est\u00e1vel nos pr\u00f3ximos meses","isPartOf":{"@id":"https:\/\/www.suno.com.br\/noticias\/#website"},"primaryImageOfPage":{"@id":"https:\/\/www.suno.com.br\/noticias\/copom-cautela-indica-juro-estavel\/#primaryimage"},"image":{"@id":"https:\/\/www.suno.com.br\/noticias\/copom-cautela-indica-juro-estavel\/#primaryimage"},"thumbnailUrl":"https:\/\/files.sunoresearch.com.br\/n\/uploads\/2018\/12\/521c980b-banco-central-do-brasil3-jpg.webp","datePublished":"2019-03-26T12:33:28+00:00","dateModified":"2021-02-18T01:49:50+00:00","description":"O Copom informou que considera importante \"observar o comportamento da economia brasileira ao longo do tempo\". Clique e saiba mais.","breadcrumb":{"@id":"https:\/\/www.suno.com.br\/noticias\/copom-cautela-indica-juro-estavel\/#breadcrumb"},"inLanguage":"pt-BR","potentialAction":[{"@type":"ReadAction","target":["https:\/\/www.suno.com.br\/noticias\/copom-cautela-indica-juro-estavel\/"]}]},{"@type":"ImageObject","inLanguage":"pt-BR","@id":"https:\/\/www.suno.com.br\/noticias\/copom-cautela-indica-juro-estavel\/#primaryimage","url":"https:\/\/files.sunoresearch.com.br\/n\/uploads\/2018\/12\/521c980b-banco-central-do-brasil3-jpg.webp","contentUrl":"https:\/\/files.sunoresearch.com.br\/n\/uploads\/2018\/12\/521c980b-banco-central-do-brasil3-jpg.webp","width":1030,"height":687,"caption":"Banco Central decide sobre Selic Foto: Pinterest"},{"@type":"BreadcrumbList","@id":"https:\/\/www.suno.com.br\/noticias\/copom-cautela-indica-juro-estavel\/#breadcrumb","itemListElement":[{"@type":"ListItem","position":1,"name":"Not\u00edcias","item":"https:\/\/www.suno.com.br\/noticias\/"},{"@type":"ListItem","position":2,"name":"Economia","item":"https:\/\/www.suno.com.br\/noticias\/economia\/"},{"@type":"ListItem","position":3,"name":"Copom prega cautela e indica juro est\u00e1vel nos pr\u00f3ximos meses"}]},{"@type":"WebSite","@id":"https:\/\/www.suno.com.br\/noticias\/#website","url":"https:\/\/www.suno.com.br\/noticias\/","name":"Suno Not\u00edcias","description":"Seu portal de informa\u00e7\u00e3o sobre o mundo dos investimentos","publisher":{"@id":"https:\/\/www.suno.com.br\/noticias\/#organization"},"potentialAction":[{"@type":"SearchAction","target":{"@type":"EntryPoint","urlTemplate":"https:\/\/www.suno.com.br\/noticias\/?s={search_term_string}"},"query-input":{"@type":"PropertyValueSpecification","valueRequired":true,"valueName":"search_term_string"}}],"inLanguage":"pt-BR"},{"@type":"Organization","@id":"https:\/\/www.suno.com.br\/noticias\/#organization","name":"Suno Not\u00edcias","url":"https:\/\/www.suno.com.br\/noticias\/","logo":{"@type":"ImageObject","inLanguage":"pt-BR","@id":"https:\/\/www.suno.com.br\/noticias\/#\/schema\/logo\/image\/","url":"https:\/\/files.sunoresearch.com.br\/n\/uploads\/2021\/09\/suno-logo.png","contentUrl":"https:\/\/files.sunoresearch.com.br\/n\/uploads\/2021\/09\/suno-logo.png","width":180,"height":180,"caption":"Suno Not\u00edcias"},"image":{"@id":"https:\/\/www.suno.com.br\/noticias\/#\/schema\/logo\/image\/"},"sameAs":["https:\/\/facebook.com\/sunoresearch","https:\/\/x.com\/sunoresearch","https:\/\/www.instagram.com\/suno","https:\/\/www.linkedin.com\/company\/suno-research\/","https:\/\/www.youtube.com\/c\/sunoresearch"]},{"@type":"Person","@id":"https:\/\/www.suno.com.br\/noticias\/#\/schema\/person\/0d0c9687cd2f600c564f25980c140de9","name":"Guilherme Caetano","image":{"@type":"ImageObject","inLanguage":"pt-BR","@id":"https:\/\/www.suno.com.br\/noticias\/#\/schema\/person\/image\/","url":"https:\/\/secure.gravatar.com\/avatar\/e48357351a01702a0d19307070e081bf?s=96&r=g","contentUrl":"https:\/\/secure.gravatar.com\/avatar\/e48357351a01702a0d19307070e081bf?s=96&r=g","caption":"Guilherme Caetano"},"description":"Formado em jornalismo pela Escola de Comunica\u00e7\u00f5es e Artes da USP, Guilherme Caetano escreve para o portal de not\u00edcias da Suno Research. Passou pelas reda\u00e7\u00f5es da Folha de S.Paulo e da revista \u00c9poca.","url":"https:\/\/www.suno.com.br\/noticias\/author\/guilherme-caetano\/"}]}},"default_loop_html":"<div class=\"cardsPage__listCard__boxs\"><div class=\"cardsPage__listCard__boxs__img\"><a href=\"https:\/\/www.suno.com.br\/noticias\/copom-cautela-indica-juro-estavel\/\"><img class=\"mask\" src=\"https:\/\/www.suno.com.br\/noticias\/wp-content\/themes\/suno\/resources\/images\/spotlight\/spotlight1img\/bg-mask.png\" alt=\"Image Mask\"\/><img src=\"https:\/\/files.sunoresearch.com.br\/n\/uploads\/2018\/12\/521c980b-banco-central-do-brasil3-400x200.webp\" alt=\"Copom prega cautela e indica juro est\u00e1vel nos pr\u00f3ximos meses\"\/><\/a><span class=\"spotlightCategory\"><a href=\"https:\/\/www.suno.com.br\/noticias\/economia\/\">Economia<\/a><\/span><\/div><div class=\"cardsPage__listCard__boxs__content\"><a href=\"https:\/\/www.suno.com.br\/noticias\/copom-cautela-indica-juro-estavel\/\"><h2 class=\"content__title\">Copom prega cautela e indica juro est\u00e1vel nos pr\u00f3ximos meses<\/h2><\/a><div class=\"newsContent__article__meta\"><div class=\"newsContent__article__meta__authorBox\"><a href=\"https:\/\/www.suno.com.br\/noticias\/author\/guilherme-caetano\/\" class=\"authorBox__avatar noMobi\"><img src=\"https:\/\/secure.gravatar.com\/avatar\/e48357351a01702a0d19307070e081bf?s=96&#038;r=g\" alt=\"Guilherme Caetano\"><\/a><div class=\"authorBox__name\"><span>por\n\t\t\t<a href=\"https:\/\/www.suno.com.br\/noticias\/author\/guilherme-caetano\/\"><span itemprop=\"author\">Guilherme Caetano<\/span><\/a><\/span><time datetime=\"2019-03-26T09:33:28-03:00\" itemprop=\"datePublished\">26\/03\/2019 09:33<\/time><\/div><\/div><\/div><\/div><\/div>","single_layout":"posts","amp_enabled":true,"_links":{"self":[{"href":"https:\/\/www.suno.com.br\/noticias\/wp-json\/wp\/v2\/posts\/19052"}],"collection":[{"href":"https:\/\/www.suno.com.br\/noticias\/wp-json\/wp\/v2\/posts"}],"about":[{"href":"https:\/\/www.suno.com.br\/noticias\/wp-json\/wp\/v2\/types\/post"}],"author":[{"embeddable":true,"href":"https:\/\/www.suno.com.br\/noticias\/wp-json\/wp\/v2\/users\/13"}],"replies":[{"embeddable":true,"href":"https:\/\/www.suno.com.br\/noticias\/wp-json\/wp\/v2\/comments?post=19052"}],"version-history":[{"count":0,"href":"https:\/\/www.suno.com.br\/noticias\/wp-json\/wp\/v2\/posts\/19052\/revisions"}],"wp:featuredmedia":[{"embeddable":true,"href":"https:\/\/www.suno.com.br\/noticias\/wp-json\/wp\/v2\/media\/9722"}],"wp:attachment":[{"href":"https:\/\/www.suno.com.br\/noticias\/wp-json\/wp\/v2\/media?parent=19052"}],"wp:term":[{"taxonomy":"category","embeddable":true,"href":"https:\/\/www.suno.com.br\/noticias\/wp-json\/wp\/v2\/categories?post=19052"},{"taxonomy":"post_tag","embeddable":true,"href":"https:\/\/www.suno.com.br\/noticias\/wp-json\/wp\/v2\/tags?post=19052"},{"taxonomy":"suno_strategy","embeddable":true,"href":"https:\/\/www.suno.com.br\/noticias\/wp-json\/wp\/v2\/suno_strategy?post=19052"}],"curies":[{"name":"wp","href":"https:\/\/api.w.org\/{rel}","templated":true}]}}