{"id":190500,"date":"2021-10-04T15:52:19","date_gmt":"2021-10-04T18:52:19","guid":{"rendered":"https:\/\/www.suno.com.br\/noticias\/?p=190500"},"modified":"2021-10-04T15:52:19","modified_gmt":"2021-10-04T18:52:19","slug":"pix-seguranca-contas-laranja-banco-central-bc-campos-neto","status":"publish","type":"post","link":"https:\/\/www.suno.com.br\/noticias\/pix-seguranca-contas-laranja-banco-central-bc-campos-neto\/","title":{"rendered":"Pix: Para aumentar seguran\u00e7a, Banco Central ir\u00e1 combater &#8216;contas laranja&#8217;"},"content":{"rendered":"<p>O <a class=\"suno-keyword\" href=\"https:\/\/www.suno.com.br\/artigos\/bacen\/\" target=\"_blank\" rel=\"noopener\" data-force=\"no\" data-priority=\"3\">Banco Central (BC)<\/a> est\u00e1 realizando um esfor\u00e7o para combater as chamadas &#8216;contas laranjas&#8217;, utilizadas com frequ\u00eancia para golpes no <strong>Pix <\/strong>&#8211; que agora sofre com restri\u00e7\u00f5es ap\u00f3s aumento de crimes usando a ferramenta.<\/p>\t<div class=\"wrapper-featured-image\">\n\t\t<figure class=\"spotlightImg\">\n\n\t\t\t<picture>\n\t\t\t\t<source media=\"(max-width: 768px)\" srcset=\"https:\/\/files.sunoresearch.com.br\/n\/uploads\/2021\/08\/7c8cf9e9-jfcrz_191119mcal57152963-400x200.jpg\">\n\t\t\t\t<img loading=\"lazy\" decoding=\"async\" class=\"newsContent__article__imgCapa lazyloadDisabled \" src=\"https:\/\/files.sunoresearch.com.br\/n\/uploads\/2021\/08\/7c8cf9e9-jfcrz_191119mcal57152963-800x450.jpg\" width=\"800\" height=\"450\" alt=\"Pix: Para aumentar seguran\u00e7a, Banco Central ir\u00e1 combater &#8216;contas laranja&#8217;\" fetchpriority=high \/>\n\t\t\t<\/picture>\n\n\t\t\t<figcaption class=\"wp-caption-text wp-caption-text--show\">Campos Neto Foto: Ag\u00eancia Brasil.<\/figcaption>\n\t\t<\/figure>\n\t<\/div>\n\n\n\t<p>\n\t\t<a href=\"https:\/\/lp.suno.com.br\/planilha-controle-gastos\/\" target=\"_blank\" data-element=\"shortcode-suno-banner\" title=\"Banner SUNO, clique e saiba mais\">\n\t\t\t<picture>\n\t\t\t\t<source media=\"(max-width: 500px)\" srcset=\"https:\/\/files.sunoresearch.com.br\/n\/uploads\/2023\/03\/400x300-Planilha-controle-de-gastos.png\">\n\t\t\t\t<img class=\"newsContent__article__imgCapa newsContent__article__imgCapa--banner\"\n\t\t\t\t\tsrc=\"https:\/\/files.sunoresearch.com.br\/n\/uploads\/2023\/03\/1420x240-Planilha-controle-de-gastos.png\"\n\t\t\t\t\tdata-promo-id=\"101751\"\t\t\t\t\t\t\t\t\t\twidth='1420' height='240'\t\t\t\t\talt=\"https:\/\/files.sunoresearch.com.br\/n\/uploads\/2023\/03\/1420x240-Planilha-controle-de-gastos.png\"\n\t\t\t\t>\n\t\t\t<\/picture>\n\t\t<\/a>\n\t<\/p>\n\n\n<p>O an\u00fancio da a\u00e7\u00e3o do <strong>Banco Central<\/strong> se deu em fala do presidente da institui\u00e7\u00e3o, <a href=\"https:\/\/www.suno.com.br\/artigos\/roberto-campos-neto\"><strong>Roberto Campos Neto<\/strong><\/a>, nesta segunda-feira (4), em meio a a\u00e7\u00f5es recentes para aumentar a seguran\u00e7a do <a href=\"https:\/\/www.suno.com.br\/artigos\/pix\/\">sistema de pagamento instant\u00e2neo<\/a>. Agora, vale frisar, o Pix tem limite R$ 1 mil nas transa\u00e7\u00f5es das 20h \u00e0s 6h.<\/p>\n<p>\u201cA gente est\u00e1 for\u00e7ando, incentivando, a identifica\u00e7\u00e3o desse tipo de contas e o cancelamento mais rapidamente\u201d, disse Campos Neto durante palestra na Associa\u00e7\u00e3o Comercial de S\u00e3o Paulo. <img decoding=\"async\" style=\"width: 1px; height: 1px;\" src=\"https:\/\/agenciabrasil.ebc.com.br\/ebc.png?id=1423490&amp;o=rss\" \/><img decoding=\"async\" style=\"width: 1px; height: 1px;\" src=\"https:\/\/agenciabrasil.ebc.com.br\/ebc.gif?id=1423490&amp;o=rss\" \/><\/p>\n\n\t<div data-element=\"shortcode-read-more\" class=\"readToo\">\n\t\t\t\t<span class=\"readToo__title\">Leia mais<\/span>\n\t\t\t\t<ul class=\"readToo__list\">\n\t\t\t<li><a href=\"https:\/\/www.suno.com.br\/noticias\/petrobras-petr4-vender-fatia-golfo-do-mexico\/\">Petrobras (PETR4) pretende vender fatia de 20% detida em empresa no Golfo do M\u00e9xico<\/a><\/li><li><a href=\"https:\/\/www.suno.com.br\/noticias\/dolar-amplia-ganhos-02-04102021\/\">D\u00f3lar amplia ganhos e supera R$5,43 ao subir mais de 1% nesta segunda<\/a><\/li>\t\t<\/ul>\n\t<\/div>\n\n\n<p><a href=\"https:\/\/www.suno.com.br\/artigos\/instituicoes-financeiras\/\">O presidente do <strong>Banco Central<\/strong> explicou que no caso de <strong>fraude<\/strong> ou at\u00e9 <strong>sequestro<\/strong><\/a><strong>,<\/strong> os criminosos precisam de uma conta banc\u00e1ria sem os pr\u00f3prios dados pessoais para movimentar recursos.<\/p>\n<p>Da\u00ed a import\u00e2ncia em identificar e fechar essas contas. \u201cA gente precisa atacar esse movimento de <strong>conta laranja<\/strong>. Precisa que os bancos se sintam muito respons\u00e1veis quando alguma conta laranja no sistema deles \u00e9 usada para algum ato il\u00edcito\u201d, acrescentou <strong>Campos Neto<\/strong>.<\/p>\n\t<p>\n\t\t<a href=\"https:\/\/lp.suno.com.br\/planilha-da-vida-financeira\/\" target=\"_blank\" data-element=\"shortcode-suno-banner\" title=\"Banner SUNO, clique e saiba mais\">\n\t\t\t<picture>\n\t\t\t\t<source media=\"(max-width: 500px)\" srcset=\"https:\/\/files.sunoresearch.com.br\/n\/uploads\/2023\/04\/400x300-Planilha-vida-financeira-true.png\">\n\t\t\t\t<img class=\"newsContent__article__imgCapa newsContent__article__imgCapa--banner\"\n\t\t\t\t\tsrc=\"https:\/\/files.sunoresearch.com.br\/n\/uploads\/2023\/04\/1420x240-Planilha-vida-financeira-true.png\"\n\t\t\t\t\tdata-promo-id=\"106682\"\t\t\t\t\t\t\t\t\t\twidth='1420' height='240'\t\t\t\t\talt=\"https:\/\/files.sunoresearch.com.br\/n\/uploads\/2023\/04\/1420x240-Planilha-vida-financeira-true.png\"\n\t\t\t\t>\n\t\t\t<\/picture>\n\t\t<\/a>\n\t<\/p>\n\n\n<p>Sem essa possibilidade de receber o dinheiro, o <strong>presidente do BC<\/strong> acredita que os criminosos devem desistir de praticar esse tipo de ilegalidade pelo Pix. \u201cNo final das contas, se eu n\u00e3o tenho como pegar o dinheiro em esp\u00e9cie em nenhum momento eu tenho uma diminui\u00e7\u00e3o da criminalidade relacionado a isso\u201d, destacou.<\/p>\n<h2>Restri\u00e7\u00e3o noturna<\/h2>\n<p>Outra medida que entrou em vigor nesta segunda (4), limita em R$ 1 mil as <strong>transfer\u00eancias<\/strong> e pagamentos de <a class=\"suno-keyword\" href=\"https:\/\/www.suno.com.br\/artigos\/pessoa-fisica\/\" target=\"_blank\" rel=\"noopener\" data-force=\"no\" data-priority=\"2\">pessoas f\u00edsicas<\/a> entre as 20h e as 6h.\u00a0As contas de pessoas jur\u00eddicas n\u00e3o foram afetadas pela\u00a0nova\u00a0regra.<\/p>\n\t<p>\n\t\t<a href=\"https:\/\/lp.suno.com.br\/ebook-como-analisar-uma-acao\/\" target=\"_blank\" data-element=\"shortcode-suno-banner\" title=\"Banner SUNO, clique e saiba mais\">\n\t\t\t<picture>\n\t\t\t\t<source media=\"(max-width: 500px)\" srcset=\"https:\/\/files.sunoresearch.com.br\/n\/uploads\/2023\/03\/Ebook-Acoes-Mobile-1.jpg\">\n\t\t\t\t<img class=\"newsContent__article__imgCapa newsContent__article__imgCapa--banner\"\n\t\t\t\t\tsrc=\"https:\/\/files.sunoresearch.com.br\/n\/uploads\/2023\/03\/Ebook-Acoes-Desktop-1.jpg\"\n\t\t\t\t\tdata-promo-id=\"171998\"\t\t\t\t\t\t\t\t\t\twidth='1420' height='286'\t\t\t\t\talt=\"https:\/\/files.sunoresearch.com.br\/n\/uploads\/2023\/03\/Ebook-Acoes-Desktop-1.jpg\"\n\t\t\t\t>\n\t\t\t<\/picture>\n\t\t<\/a>\n\t<\/p>\n\n\n<p>A restri\u00e7\u00e3o vale tanto para transa\u00e7\u00f5es via Pix, sistema de pagamento instant\u00e2neo, quanto para outros <a class=\"suno-keyword\" href=\"https:\/\/www.suno.com.br\/artigos\/meios-de-pagamento\/\" target=\"_blank\" rel=\"noopener\" data-force=\"no\" data-priority=\"1\">meios de pagamento<\/a>, como transfer\u00eancias intrabanc\u00e1rias, via <a href=\"https:\/\/www.suno.com.br\/artigos\/ted-ou-doc\/\">Transfer\u00eancia Eletr\u00f4nica Dispon\u00edvel (TED) e Documento de Ordem de Cr\u00e9dito (DOC)<\/a>, pagamentos de boletos e compras com cart\u00f5es de d\u00e9bitos.<\/p>\n<p>O cliente poder\u00e1 alterar os limites das transa\u00e7\u00f5es por meio dos canais de atendimento eletr\u00f4nico das <a class=\"suno-keyword\" href=\"https:\/\/www.suno.com.br\/artigos\/instituicoes-financeiras\/\" target=\"_blank\" rel=\"noopener\" data-force=\"no\" data-priority=\"1\">institui\u00e7\u00f5es financeiras<\/a>. No entanto, os aumentos ser\u00e3o efetivados de 24 horas a 48 horas ap\u00f3s o pedido.<\/p>\n<h2>Seguran\u00e7a do Pix<\/h2>\n<p>Campos defendeu a seguran\u00e7a do sistema instant\u00e2neo de pagamento, apesar do surgimento de novas modalidades de fraudes.<\/p>\n\t<p>\n\t\t<a href=\"https:\/\/lp.suno.com.br\/planilha-de-controle-de-investimentos\/\" target=\"_blank\" data-element=\"shortcode-suno-banner\" title=\"Banner SUNO, clique e saiba mais\">\n\t\t\t<picture>\n\t\t\t\t<source media=\"(max-width: 500px)\" srcset=\"https:\/\/files.sunoresearch.com.br\/n\/uploads\/2023\/03\/400x300-Controle-de-Investimentos.png\">\n\t\t\t\t<img class=\"newsContent__article__imgCapa newsContent__article__imgCapa--banner\"\n\t\t\t\t\tsrc=\"https:\/\/files.sunoresearch.com.br\/n\/uploads\/2023\/03\/1420x240-Controle-de-Investimentos.png\"\n\t\t\t\t\tdata-promo-id=\"75934\"\t\t\t\t\t\t\t\t\t\twidth='1420' height='240'\t\t\t\t\talt=\"https:\/\/files.sunoresearch.com.br\/n\/uploads\/2023\/03\/1420x240-Controle-de-Investimentos.png\"\n\t\t\t\t>\n\t\t\t<\/picture>\n\t\t<\/a>\n\t<\/p>\n\n\n<p>\u201c A criminalidade \u00e9 um tema de seguran\u00e7a p\u00fablica. A gente nunca vai reduzir a criminalidade a zero. Qualquer instrumento de pagamento que voc\u00ea tiver, quando a criminalidade for alta, vai ser em parte responsabilizado pela criminalidade, quando ele s\u00f3 \u00e9 o ve\u00edculo\u201d, destacou.<\/p>\n<p><a href=\"https:\/\/www.suno.com.br\/artigos\/politica-monetaria\">Para o presidente do BC<\/a>, a flexibilidade do sistema facilita o combate \u00e0s fraudes e outros crimes. \u201cA gente entende que o <strong>PIX<\/strong> \u00e9 mais male\u00e1vel porque a gente consegue mudar e adaptar coisas mais rapidamente\u201d, enfatizou.<\/p>\n<p><em>Com informa\u00e7\u00f5es do Estad\u00e3o Conte\u00fado<\/em><\/p>\n\t<p>\n\t\t<a href=\"\" target=\"_blank\" data-element=\"shortcode-suno-banner\" title=\"Banner SUNO, clique e saiba mais\">\n\t\t\t<picture>\n\t\t\t\t<source media=\"(max-width: 500px)\" srcset=\"\">\n\t\t\t\t<img class=\"newsContent__article__imgCapa newsContent__article__imgCapa--banner\"\n\t\t\t\t\tsrc=\"\"\n\t\t\t\t\tdata-promo-id=\"184190\"\t\t\t\t\t\t\t\t\t\t\t\t\t\t\talt=\"\"\n\t\t\t\t>\n\t\t\t<\/picture>\n\t\t<\/a>\n\t<\/p>\n\n\n","protected":false},"excerpt":{"rendered":"<p>O Banco Central (BC) est\u00e1 realizando um esfor\u00e7o para combater as chamadas &#8216;contas laranjas&#8217;, utilizadas com frequ\u00eancia para golpes no Pix &#8211; que agora sofre com restri\u00e7\u00f5es ap\u00f3s aumento de crimes usando a ferramenta. D\u00f3lar. Foto: Pixabay O an\u00fancio da a\u00e7\u00e3o do Banco Central se deu em fala do presidente da institui\u00e7\u00e3o, Roberto Campos Neto, [&hellip;]<\/p>\n","protected":false},"author":73,"featured_media":179071,"comment_status":"closed","ping_status":"closed","sticky":false,"template":"","format":"standard","meta":[],"categories":[62],"tags":[106444,1842,2637,1113],"suno_strategy":[],"class_list":["post-190500","post","type-post","status-publish","format-standard","has-post-thumbnail","hentry","category-economia","tag-agencias","tag-banco-central-bc","tag-pix","tag-roberto-campos-neto"],"yoast_head":"<!-- This site is optimized with the Yoast SEO plugin v24.4 - https:\/\/yoast.com\/wordpress\/plugins\/seo\/ -->\n<title>Pix: Para aumentar seguran\u00e7a, Banco Central ir\u00e1 combater &#039;contas laranja&#039;<\/title>\n<meta name=\"description\" content=\"Presidente do BC reafirmou quest\u00f5es de seguran\u00e7a do Pix em evento; ferramenta passa a ter limite nas transfer\u00eancias. Leia mais.\" \/>\n<meta name=\"robots\" content=\"index, follow, max-snippet:-1, max-image-preview:large, max-video-preview:-1\" \/>\n<link rel=\"canonical\" href=\"https:\/\/www.suno.com.br\/noticias\/pix-seguranca-contas-laranja-banco-central-bc-campos-neto\/\" \/>\n<meta property=\"og:locale\" content=\"pt_BR\" \/>\n<meta property=\"og:type\" content=\"article\" \/>\n<meta property=\"og:title\" content=\"Pix: Para aumentar seguran\u00e7a, Banco Central ir\u00e1 combater &#039;contas laranja&#039;\" \/>\n<meta property=\"og:description\" content=\"Presidente do BC reafirmou quest\u00f5es de seguran\u00e7a do Pix em evento; ferramenta passa a ter limite nas transfer\u00eancias. Leia mais.\" \/>\n<meta property=\"og:url\" content=\"https:\/\/www.suno.com.br\/noticias\/pix-seguranca-contas-laranja-banco-central-bc-campos-neto\/\" \/>\n<meta property=\"og:site_name\" content=\"Suno Not\u00edcias\" \/>\n<meta property=\"article:publisher\" content=\"https:\/\/facebook.com\/sunoresearch\" \/>\n<meta property=\"og:image\" content=\"https:\/\/files.sunoresearch.com.br\/n\/uploads\/2021\/08\/7c8cf9e9-jfcrz_191119mcal57152963-scaled.jpg\" \/>\n\t<meta property=\"og:image:width\" content=\"2560\" \/>\n\t<meta property=\"og:image:height\" content=\"1707\" \/>\n\t<meta property=\"og:image:type\" content=\"image\/jpeg\" \/>\n<meta name=\"author\" content=\"Eduardo Vargas\" \/>\n<meta name=\"twitter:card\" content=\"summary_large_image\" \/>\n<meta name=\"twitter:creator\" content=\"@sunoresearch\" \/>\n<meta name=\"twitter:site\" content=\"@sunoresearch\" \/>\n<meta name=\"twitter:label1\" content=\"Escrito por\" \/>\n\t<meta name=\"twitter:data1\" content=\"Eduardo Vargas\" \/>\n\t<meta name=\"twitter:label2\" content=\"Est. tempo de leitura\" \/>\n\t<meta name=\"twitter:data2\" content=\"3 minutos\" \/>\n<script type=\"application\/ld+json\" class=\"yoast-schema-graph\">{\"@context\":\"https:\/\/schema.org\",\"@graph\":[{\"@type\":\"NewsArticle\",\"@id\":\"https:\/\/www.suno.com.br\/noticias\/pix-seguranca-contas-laranja-banco-central-bc-campos-neto\/#article\",\"isPartOf\":{\"@id\":\"https:\/\/www.suno.com.br\/noticias\/pix-seguranca-contas-laranja-banco-central-bc-campos-neto\/\"},\"author\":{\"name\":\"Eduardo Vargas\",\"@id\":\"https:\/\/www.suno.com.br\/noticias\/#\/schema\/person\/7f4d362bf3518e76090143ae77bb49a5\"},\"headline\":\"Pix: Para aumentar seguran\u00e7a, Banco Central ir\u00e1 combater &#8216;contas laranja&#8217;\",\"datePublished\":\"2021-10-04T18:52:19+00:00\",\"mainEntityOfPage\":{\"@id\":\"https:\/\/www.suno.com.br\/noticias\/pix-seguranca-contas-laranja-banco-central-bc-campos-neto\/\"},\"wordCount\":532,\"publisher\":{\"@id\":\"https:\/\/www.suno.com.br\/noticias\/#organization\"},\"image\":{\"@id\":\"https:\/\/www.suno.com.br\/noticias\/pix-seguranca-contas-laranja-banco-central-bc-campos-neto\/#primaryimage\"},\"thumbnailUrl\":\"https:\/\/files.sunoresearch.com.br\/n\/uploads\/2021\/08\/7c8cf9e9-jfcrz_191119mcal57152963-scaled.jpg\",\"keywords\":[\"Ag\u00eancias\",\"Banco Central (BC)\",\"PIX\",\"Roberto Campos Neto\"],\"articleSection\":[\"Economia\"],\"inLanguage\":\"pt-BR\"},{\"@type\":\"WebPage\",\"@id\":\"https:\/\/www.suno.com.br\/noticias\/pix-seguranca-contas-laranja-banco-central-bc-campos-neto\/\",\"url\":\"https:\/\/www.suno.com.br\/noticias\/pix-seguranca-contas-laranja-banco-central-bc-campos-neto\/\",\"name\":\"Pix: Para aumentar seguran\u00e7a, Banco Central ir\u00e1 combater 'contas laranja'\",\"isPartOf\":{\"@id\":\"https:\/\/www.suno.com.br\/noticias\/#website\"},\"primaryImageOfPage\":{\"@id\":\"https:\/\/www.suno.com.br\/noticias\/pix-seguranca-contas-laranja-banco-central-bc-campos-neto\/#primaryimage\"},\"image\":{\"@id\":\"https:\/\/www.suno.com.br\/noticias\/pix-seguranca-contas-laranja-banco-central-bc-campos-neto\/#primaryimage\"},\"thumbnailUrl\":\"https:\/\/files.sunoresearch.com.br\/n\/uploads\/2021\/08\/7c8cf9e9-jfcrz_191119mcal57152963-scaled.jpg\",\"datePublished\":\"2021-10-04T18:52:19+00:00\",\"description\":\"Presidente do BC reafirmou quest\u00f5es de seguran\u00e7a do Pix em evento; ferramenta passa a ter limite nas transfer\u00eancias. Leia mais.\",\"breadcrumb\":{\"@id\":\"https:\/\/www.suno.com.br\/noticias\/pix-seguranca-contas-laranja-banco-central-bc-campos-neto\/#breadcrumb\"},\"inLanguage\":\"pt-BR\",\"potentialAction\":[{\"@type\":\"ReadAction\",\"target\":[\"https:\/\/www.suno.com.br\/noticias\/pix-seguranca-contas-laranja-banco-central-bc-campos-neto\/\"]}]},{\"@type\":\"ImageObject\",\"inLanguage\":\"pt-BR\",\"@id\":\"https:\/\/www.suno.com.br\/noticias\/pix-seguranca-contas-laranja-banco-central-bc-campos-neto\/#primaryimage\",\"url\":\"https:\/\/files.sunoresearch.com.br\/n\/uploads\/2021\/08\/7c8cf9e9-jfcrz_191119mcal57152963-scaled.jpg\",\"contentUrl\":\"https:\/\/files.sunoresearch.com.br\/n\/uploads\/2021\/08\/7c8cf9e9-jfcrz_191119mcal57152963-scaled.jpg\",\"width\":2560,\"height\":1707,\"caption\":\"Campos Neto Foto: Ag\u00eancia Brasil.\"},{\"@type\":\"BreadcrumbList\",\"@id\":\"https:\/\/www.suno.com.br\/noticias\/pix-seguranca-contas-laranja-banco-central-bc-campos-neto\/#breadcrumb\",\"itemListElement\":[{\"@type\":\"ListItem\",\"position\":1,\"name\":\"Not\u00edcias\",\"item\":\"https:\/\/www.suno.com.br\/noticias\/\"},{\"@type\":\"ListItem\",\"position\":2,\"name\":\"Economia\",\"item\":\"https:\/\/www.suno.com.br\/noticias\/economia\/\"},{\"@type\":\"ListItem\",\"position\":3,\"name\":\"Pix: Para aumentar seguran\u00e7a, Banco Central ir\u00e1 combater &#8216;contas laranja&#8217;\"}]},{\"@type\":\"WebSite\",\"@id\":\"https:\/\/www.suno.com.br\/noticias\/#website\",\"url\":\"https:\/\/www.suno.com.br\/noticias\/\",\"name\":\"Suno Not\u00edcias\",\"description\":\"Seu portal de informa\u00e7\u00e3o sobre o mundo dos investimentos\",\"publisher\":{\"@id\":\"https:\/\/www.suno.com.br\/noticias\/#organization\"},\"potentialAction\":[{\"@type\":\"SearchAction\",\"target\":{\"@type\":\"EntryPoint\",\"urlTemplate\":\"https:\/\/www.suno.com.br\/noticias\/?s={search_term_string}\"},\"query-input\":{\"@type\":\"PropertyValueSpecification\",\"valueRequired\":true,\"valueName\":\"search_term_string\"}}],\"inLanguage\":\"pt-BR\"},{\"@type\":\"Organization\",\"@id\":\"https:\/\/www.suno.com.br\/noticias\/#organization\",\"name\":\"Suno Not\u00edcias\",\"url\":\"https:\/\/www.suno.com.br\/noticias\/\",\"logo\":{\"@type\":\"ImageObject\",\"inLanguage\":\"pt-BR\",\"@id\":\"https:\/\/www.suno.com.br\/noticias\/#\/schema\/logo\/image\/\",\"url\":\"https:\/\/files.sunoresearch.com.br\/n\/uploads\/2021\/09\/suno-logo.png\",\"contentUrl\":\"https:\/\/files.sunoresearch.com.br\/n\/uploads\/2021\/09\/suno-logo.png\",\"width\":180,\"height\":180,\"caption\":\"Suno Not\u00edcias\"},\"image\":{\"@id\":\"https:\/\/www.suno.com.br\/noticias\/#\/schema\/logo\/image\/\"},\"sameAs\":[\"https:\/\/facebook.com\/sunoresearch\",\"https:\/\/x.com\/sunoresearch\",\"https:\/\/www.instagram.com\/suno\",\"https:\/\/www.linkedin.com\/company\/suno-research\/\",\"https:\/\/www.youtube.com\/c\/sunoresearch\"]},{\"@type\":\"Person\",\"@id\":\"https:\/\/www.suno.com.br\/noticias\/#\/schema\/person\/7f4d362bf3518e76090143ae77bb49a5\",\"name\":\"Eduardo Vargas\",\"image\":{\"@type\":\"ImageObject\",\"inLanguage\":\"pt-BR\",\"@id\":\"https:\/\/www.suno.com.br\/noticias\/#\/schema\/person\/image\/\",\"url\":\"https:\/\/secure.gravatar.com\/avatar\/dac340933427a22924c9f99d1eb2e3f2?s=96&r=g\",\"contentUrl\":\"https:\/\/secure.gravatar.com\/avatar\/dac340933427a22924c9f99d1eb2e3f2?s=96&r=g\",\"caption\":\"Eduardo Vargas\"},\"description\":\"Jornalista formado pela UFSC, cobre macroeconomia, neg\u00f3cios e startups para o Suno Not\u00edcias, escrevendo principalmente not\u00edcias sobre o mercado financeiro e a bolsa de valores. No YouTube e no Instagram, \u00e9 respons\u00e1vel pela produ\u00e7\u00e3o de Reels e Shorts do Suno Not\u00edcias. Anteriormente, trabalhou cobrindo economia e cotidiano no ND+ e para o ND, maior jornal impresso de Santa Catarina. Cursou um semestre letivo de Estudos de M\u00eddia na Universidad de Buenos Aires.\",\"url\":\"https:\/\/www.suno.com.br\/noticias\/author\/eduardo-vargas\/\"}]}<\/script>\n<!-- \/ Yoast SEO plugin. -->","yoast_head_json":{"title":"Pix: Para aumentar seguran\u00e7a, Banco Central ir\u00e1 combater 'contas laranja'","description":"Presidente do BC reafirmou quest\u00f5es de seguran\u00e7a do Pix em evento; ferramenta passa a ter limite nas transfer\u00eancias. Leia mais.","robots":{"index":"index","follow":"follow","max-snippet":"max-snippet:-1","max-image-preview":"max-image-preview:large","max-video-preview":"max-video-preview:-1"},"canonical":"https:\/\/www.suno.com.br\/noticias\/pix-seguranca-contas-laranja-banco-central-bc-campos-neto\/","og_locale":"pt_BR","og_type":"article","og_title":"Pix: Para aumentar seguran\u00e7a, Banco Central ir\u00e1 combater 'contas laranja'","og_description":"Presidente do BC reafirmou quest\u00f5es de seguran\u00e7a do Pix em evento; ferramenta passa a ter limite nas transfer\u00eancias. Leia mais.","og_url":"https:\/\/www.suno.com.br\/noticias\/pix-seguranca-contas-laranja-banco-central-bc-campos-neto\/","og_site_name":"Suno Not\u00edcias","article_publisher":"https:\/\/facebook.com\/sunoresearch","og_image":[{"width":2560,"height":1707,"url":"https:\/\/files.sunoresearch.com.br\/n\/uploads\/2021\/08\/7c8cf9e9-jfcrz_191119mcal57152963-scaled.jpg","type":"image\/jpeg"}],"author":"Eduardo Vargas","twitter_card":"summary_large_image","twitter_creator":"@sunoresearch","twitter_site":"@sunoresearch","twitter_misc":{"Escrito por":"Eduardo Vargas","Est. tempo de leitura":"3 minutos"},"schema":{"@context":"https:\/\/schema.org","@graph":[{"@type":"NewsArticle","@id":"https:\/\/www.suno.com.br\/noticias\/pix-seguranca-contas-laranja-banco-central-bc-campos-neto\/#article","isPartOf":{"@id":"https:\/\/www.suno.com.br\/noticias\/pix-seguranca-contas-laranja-banco-central-bc-campos-neto\/"},"author":{"name":"Eduardo Vargas","@id":"https:\/\/www.suno.com.br\/noticias\/#\/schema\/person\/7f4d362bf3518e76090143ae77bb49a5"},"headline":"Pix: Para aumentar seguran\u00e7a, Banco Central ir\u00e1 combater &#8216;contas laranja&#8217;","datePublished":"2021-10-04T18:52:19+00:00","mainEntityOfPage":{"@id":"https:\/\/www.suno.com.br\/noticias\/pix-seguranca-contas-laranja-banco-central-bc-campos-neto\/"},"wordCount":532,"publisher":{"@id":"https:\/\/www.suno.com.br\/noticias\/#organization"},"image":{"@id":"https:\/\/www.suno.com.br\/noticias\/pix-seguranca-contas-laranja-banco-central-bc-campos-neto\/#primaryimage"},"thumbnailUrl":"https:\/\/files.sunoresearch.com.br\/n\/uploads\/2021\/08\/7c8cf9e9-jfcrz_191119mcal57152963-scaled.jpg","keywords":["Ag\u00eancias","Banco Central (BC)","PIX","Roberto Campos Neto"],"articleSection":["Economia"],"inLanguage":"pt-BR"},{"@type":"WebPage","@id":"https:\/\/www.suno.com.br\/noticias\/pix-seguranca-contas-laranja-banco-central-bc-campos-neto\/","url":"https:\/\/www.suno.com.br\/noticias\/pix-seguranca-contas-laranja-banco-central-bc-campos-neto\/","name":"Pix: Para aumentar seguran\u00e7a, Banco Central ir\u00e1 combater 'contas laranja'","isPartOf":{"@id":"https:\/\/www.suno.com.br\/noticias\/#website"},"primaryImageOfPage":{"@id":"https:\/\/www.suno.com.br\/noticias\/pix-seguranca-contas-laranja-banco-central-bc-campos-neto\/#primaryimage"},"image":{"@id":"https:\/\/www.suno.com.br\/noticias\/pix-seguranca-contas-laranja-banco-central-bc-campos-neto\/#primaryimage"},"thumbnailUrl":"https:\/\/files.sunoresearch.com.br\/n\/uploads\/2021\/08\/7c8cf9e9-jfcrz_191119mcal57152963-scaled.jpg","datePublished":"2021-10-04T18:52:19+00:00","description":"Presidente do BC reafirmou quest\u00f5es de seguran\u00e7a do Pix em evento; ferramenta passa a ter limite nas transfer\u00eancias. Leia mais.","breadcrumb":{"@id":"https:\/\/www.suno.com.br\/noticias\/pix-seguranca-contas-laranja-banco-central-bc-campos-neto\/#breadcrumb"},"inLanguage":"pt-BR","potentialAction":[{"@type":"ReadAction","target":["https:\/\/www.suno.com.br\/noticias\/pix-seguranca-contas-laranja-banco-central-bc-campos-neto\/"]}]},{"@type":"ImageObject","inLanguage":"pt-BR","@id":"https:\/\/www.suno.com.br\/noticias\/pix-seguranca-contas-laranja-banco-central-bc-campos-neto\/#primaryimage","url":"https:\/\/files.sunoresearch.com.br\/n\/uploads\/2021\/08\/7c8cf9e9-jfcrz_191119mcal57152963-scaled.jpg","contentUrl":"https:\/\/files.sunoresearch.com.br\/n\/uploads\/2021\/08\/7c8cf9e9-jfcrz_191119mcal57152963-scaled.jpg","width":2560,"height":1707,"caption":"Campos Neto Foto: Ag\u00eancia Brasil."},{"@type":"BreadcrumbList","@id":"https:\/\/www.suno.com.br\/noticias\/pix-seguranca-contas-laranja-banco-central-bc-campos-neto\/#breadcrumb","itemListElement":[{"@type":"ListItem","position":1,"name":"Not\u00edcias","item":"https:\/\/www.suno.com.br\/noticias\/"},{"@type":"ListItem","position":2,"name":"Economia","item":"https:\/\/www.suno.com.br\/noticias\/economia\/"},{"@type":"ListItem","position":3,"name":"Pix: Para aumentar seguran\u00e7a, Banco Central ir\u00e1 combater &#8216;contas laranja&#8217;"}]},{"@type":"WebSite","@id":"https:\/\/www.suno.com.br\/noticias\/#website","url":"https:\/\/www.suno.com.br\/noticias\/","name":"Suno Not\u00edcias","description":"Seu portal de informa\u00e7\u00e3o sobre o mundo dos investimentos","publisher":{"@id":"https:\/\/www.suno.com.br\/noticias\/#organization"},"potentialAction":[{"@type":"SearchAction","target":{"@type":"EntryPoint","urlTemplate":"https:\/\/www.suno.com.br\/noticias\/?s={search_term_string}"},"query-input":{"@type":"PropertyValueSpecification","valueRequired":true,"valueName":"search_term_string"}}],"inLanguage":"pt-BR"},{"@type":"Organization","@id":"https:\/\/www.suno.com.br\/noticias\/#organization","name":"Suno Not\u00edcias","url":"https:\/\/www.suno.com.br\/noticias\/","logo":{"@type":"ImageObject","inLanguage":"pt-BR","@id":"https:\/\/www.suno.com.br\/noticias\/#\/schema\/logo\/image\/","url":"https:\/\/files.sunoresearch.com.br\/n\/uploads\/2021\/09\/suno-logo.png","contentUrl":"https:\/\/files.sunoresearch.com.br\/n\/uploads\/2021\/09\/suno-logo.png","width":180,"height":180,"caption":"Suno Not\u00edcias"},"image":{"@id":"https:\/\/www.suno.com.br\/noticias\/#\/schema\/logo\/image\/"},"sameAs":["https:\/\/facebook.com\/sunoresearch","https:\/\/x.com\/sunoresearch","https:\/\/www.instagram.com\/suno","https:\/\/www.linkedin.com\/company\/suno-research\/","https:\/\/www.youtube.com\/c\/sunoresearch"]},{"@type":"Person","@id":"https:\/\/www.suno.com.br\/noticias\/#\/schema\/person\/7f4d362bf3518e76090143ae77bb49a5","name":"Eduardo Vargas","image":{"@type":"ImageObject","inLanguage":"pt-BR","@id":"https:\/\/www.suno.com.br\/noticias\/#\/schema\/person\/image\/","url":"https:\/\/secure.gravatar.com\/avatar\/dac340933427a22924c9f99d1eb2e3f2?s=96&r=g","contentUrl":"https:\/\/secure.gravatar.com\/avatar\/dac340933427a22924c9f99d1eb2e3f2?s=96&r=g","caption":"Eduardo Vargas"},"description":"Jornalista formado pela UFSC, cobre macroeconomia, neg\u00f3cios e startups para o Suno Not\u00edcias, escrevendo principalmente not\u00edcias sobre o mercado financeiro e a bolsa de valores. No YouTube e no Instagram, \u00e9 respons\u00e1vel pela produ\u00e7\u00e3o de Reels e Shorts do Suno Not\u00edcias. Anteriormente, trabalhou cobrindo economia e cotidiano no ND+ e para o ND, maior jornal impresso de Santa Catarina. Cursou um semestre letivo de Estudos de M\u00eddia na Universidad de Buenos Aires.","url":"https:\/\/www.suno.com.br\/noticias\/author\/eduardo-vargas\/"}]}},"default_loop_html":"<div class=\"cardsPage__listCard__boxs\"><div class=\"cardsPage__listCard__boxs__img\"><a href=\"https:\/\/www.suno.com.br\/noticias\/dolar-amplia-ganhos-02-04102021\/\"><img class=\"mask\" src=\"https:\/\/www.suno.com.br\/noticias\/wp-content\/themes\/suno\/resources\/images\/spotlight\/spotlight1img\/bg-mask.png\" alt=\"Image Mask\"\/><img src=\"https:\/\/files.sunoresearch.com.br\/n\/uploads\/2021\/03\/d81eeb3f-usd-2874026_1280-400x200.webp\" alt=\"D\u00f3lar amplia ganhos e supera R$5,43 ao subir mais de 1% nesta segunda\"\/><\/a><span class=\"spotlightCategory\"><a href=\"https:\/\/www.suno.com.br\/noticias\/mercado\/\">Mercado<\/a><\/span><\/div><div class=\"cardsPage__listCard__boxs__content\"><a href=\"https:\/\/www.suno.com.br\/noticias\/dolar-amplia-ganhos-02-04102021\/\"><h2 class=\"content__title\">D\u00f3lar amplia ganhos e supera R$5,43 ao subir mais de 1% nesta segunda<\/h2><\/a><div class=\"newsContent__article__meta\"><div class=\"newsContent__article__meta__authorBox\"><a href=\"https:\/\/www.suno.com.br\/noticias\/author\/monique-lima\/\" class=\"authorBox__avatar noMobi\"><img src=\"https:\/\/secure.gravatar.com\/avatar\/daee7f16d906c2e9ffed236206ca2c30?s=96&#038;r=g\" alt=\"Monique Lima\"><\/a><div class=\"authorBox__name\"><span>por\n\t\t\t<a href=\"https:\/\/www.suno.com.br\/noticias\/author\/monique-lima\/\"><span itemprop=\"author\">Monique Lima<\/span><\/a><\/span><time datetime=\"2021-10-04T15:14:36-03:00\" itemprop=\"datePublished\">04\/10\/2021 15:14<\/time><\/div><\/div><\/div><\/div><\/div>","single_layout":"posts","amp_enabled":true,"_links":{"self":[{"href":"https:\/\/www.suno.com.br\/noticias\/wp-json\/wp\/v2\/posts\/190500"}],"collection":[{"href":"https:\/\/www.suno.com.br\/noticias\/wp-json\/wp\/v2\/posts"}],"about":[{"href":"https:\/\/www.suno.com.br\/noticias\/wp-json\/wp\/v2\/types\/post"}],"author":[{"embeddable":true,"href":"https:\/\/www.suno.com.br\/noticias\/wp-json\/wp\/v2\/users\/73"}],"replies":[{"embeddable":true,"href":"https:\/\/www.suno.com.br\/noticias\/wp-json\/wp\/v2\/comments?post=190500"}],"version-history":[{"count":2,"href":"https:\/\/www.suno.com.br\/noticias\/wp-json\/wp\/v2\/posts\/190500\/revisions"}],"predecessor-version":[{"id":190515,"href":"https:\/\/www.suno.com.br\/noticias\/wp-json\/wp\/v2\/posts\/190500\/revisions\/190515"}],"wp:featuredmedia":[{"embeddable":true,"href":"https:\/\/www.suno.com.br\/noticias\/wp-json\/wp\/v2\/media\/179071"}],"wp:attachment":[{"href":"https:\/\/www.suno.com.br\/noticias\/wp-json\/wp\/v2\/media?parent=190500"}],"wp:term":[{"taxonomy":"category","embeddable":true,"href":"https:\/\/www.suno.com.br\/noticias\/wp-json\/wp\/v2\/categories?post=190500"},{"taxonomy":"post_tag","embeddable":true,"href":"https:\/\/www.suno.com.br\/noticias\/wp-json\/wp\/v2\/tags?post=190500"},{"taxonomy":"suno_strategy","embeddable":true,"href":"https:\/\/www.suno.com.br\/noticias\/wp-json\/wp\/v2\/suno_strategy?post=190500"}],"curies":[{"name":"wp","href":"https:\/\/api.w.org\/{rel}","templated":true}]}}