{"id":19040,"date":"2019-03-26T08:05:25","date_gmt":"2019-03-26T11:05:25","guid":{"rendered":"https:\/\/www.suno.com.br\/noticias\/?p=19040"},"modified":"2019-05-27T12:01:47","modified_gmt":"2019-05-27T15:01:47","slug":"contas-externas-deficit-fevereiro","status":"publish","type":"post","link":"https:\/\/www.suno.com.br\/noticias\/contas-externas-deficit-fevereiro\/","title":{"rendered":"Contas externas t\u00eam d\u00e9ficit de US$ 1,134 bilh\u00e3o em fevereiro"},"content":{"rendered":"<p>Contas externas registram d\u00e9ficit de US$ 1,134 bilh\u00e3o em fevereiro, segundo dados divulgados pelo Banco Central (BC), na \u00faltima segunda-feira (25).<\/p>\t<div class=\"wrapper-featured-image\">\n\t\t<figure class=\"spotlightImg\">\n\n\t\t\t<picture>\n\t\t\t\t<source media=\"(max-width: 768px)\" srcset=\"https:\/\/files.sunoresearch.com.br\/n\/uploads\/2019\/03\/4106ca78-contas-externas-400x200.webp\">\n\t\t\t\t<img loading=\"lazy\" decoding=\"async\" class=\"newsContent__article__imgCapa lazyloadDisabled newsContent__article__imgCapa--noCaption\" src=\"https:\/\/files.sunoresearch.com.br\/n\/uploads\/2019\/03\/4106ca78-contas-externas-jpg.webp\" width=\"800\" height=\"450\" alt=\"Contas externas t\u00eam d\u00e9ficit de US$ 1,134 bilh\u00e3o em fevereiro\" fetchpriority=high \/>\n\t\t\t<\/picture>\n\n\t\t\t<figcaption class=\"wp-caption-text wp-caption-text--hide\">Contas externas t\u00eam d\u00e9ficit de US$ 1,134 bilh\u00f5es em fevereiro<\/figcaption>\n\t\t<\/figure>\n\t<\/div>\n\n\n<p>No mesmo per\u00edodo, em 2018, o <strong>saldo negativo<\/strong> nas <strong>contas externas<\/strong> foi de US$ 2,043 bilh\u00f5es.<\/p>\n<p>A conta \u00e9 um dos principais indicadores do <strong>setor externo<\/strong> brasileiro. No entanto, \u00e9 formada por:<\/p>\n<ul>\n<li><strong>Balan\u00e7a comercial<\/strong> (com\u00e9rcio de produtos entre o Brasil e o exterior);<\/li>\n<li><strong>Pelos servi\u00e7os<\/strong> (adquiridos por brasileiros no exterior);<\/li>\n<li><strong>Pelas rendas<\/strong> (remessas de juros, lucros e dividendos do Brasil para o exterior).<\/li>\n<\/ul>\n<p><a href=\"https:\/\/www.suno.com.br\/noticias\/bc-contas-externas-deficit-janeiro\/\">Saiba mais:\u00a0BC: contas externas t\u00eam d\u00e9ficit de US$ 6,548 bi em janeiro<\/a><\/p>\n<h2>Primeiro bimestre<\/h2>\n<p>Durante o primeiro bimestre, foi registrado um <strong>d\u00e9ficit<\/strong> de US$ 7,678 bilh\u00f5es. Dessa forma, o saldo negativo registrado apontou uma queda de 7,88% em rela\u00e7\u00e3o ao mesmo per\u00edodo do \u00faltimo ano.<\/p>\n<p>Em 2018, durante o primeiro bimestre, o Brasil havia registrado um d\u00e9ficit de US$ 8,335 bilh\u00f5es.<\/p>\n<p>De acordo com o chefe do Departamento de Estat\u00edstica do BC, Fernando Rocha, o saldo negativo aconteceu porque a procura por insumos importados aumentou devido ao <strong>crescimento da economia<\/strong>.<\/p>\n<p>No entanto, ele ainda afirmou que os resultados das contas externas est\u00e3o relacionadas ao ritmo lento da recupera\u00e7\u00e3o da<strong> economia nacional<\/strong>.<\/p>\n<h2>Investimento estrangeiro<\/h2>\n<p>Conforme dados divulgados pelo Banco Central, os <strong>investimentos<\/strong> estrangeiros diretos chegaram a um total de US$ 14,266 bilh\u00f5es durante o primeiro bimestre, uma alta de 9,1% em rela\u00e7\u00e3o ao ano passado quando foram recebidos US$ 13,075 bilh\u00f5es.<\/p>\n<p>Dessa forma, os investimentos estrangeiros cobriram o <strong>saldo negativo de<\/strong> US$ 7,678 bilh\u00f5es obtidos durante o m\u00eas de janeiro.<\/p>\n<p>Para 2019, o Banco Central estima que haja a entrada de US$ 90 bilh\u00f5es em estrangeiros diretos na economia brasileira. Caso a previs\u00e3o seja confirmada, os <strong>investimentos externos<\/strong> cobririam totalmente o d\u00e9ficit de US$ 35,6 bilh\u00f5es esperado no per\u00edodo.<\/p>\n<h2>Contas externas em 2018 e 2019<\/h2>\n<p>Em 2018, as <strong>contas<\/strong> externas fecharam com um saldo negativo de US$ 14,511 bilh\u00f5es.<\/p>\n<p><a href=\"https:\/\/www.suno.com.br\/noticias\/brasil-deficit-contas-externs-2018\/\">Saiba mais:\u00a0Brasil registra d\u00e9ficit de US$ 14,511 bi em contas externas em 2018<\/a><\/p>\n<p>Para 2019, a expectativa do <strong>Banco Central<\/strong> \u00e9 que as<strong> contas externas<\/strong> registrem um <strong>d\u00e9ficit<\/strong> ainda maior, totalizando um saldo negativo de US$ 35,6 bilh\u00f5es nas <strong>transa\u00e7\u00f5es<\/strong>.<\/p>\n","protected":false},"excerpt":{"rendered":"<p>Contas externas registram d\u00e9ficit de US$ 1,134 bilh\u00e3o em fevereiro, segundo dados divulgados pelo Banco Central (BC), na \u00faltima segunda-feira (25). Contas externas t\u00eam d\u00e9ficit de US$ 1,134 bilh\u00f5es em fevereiro No mesmo per\u00edodo, em 2018, o saldo negativo nas contas externas foi de US$ 2,043 bilh\u00f5es. A conta \u00e9 um dos principais indicadores do [&hellip;]<\/p>\n","protected":false},"author":11,"featured_media":19042,"comment_status":"closed","ping_status":"closed","sticky":false,"template":"","format":"standard","meta":[],"categories":[62],"tags":[1194],"suno_strategy":[],"class_list":["post-19040","post","type-post","status-publish","format-standard","has-post-thumbnail","hentry","category-economia","tag-contas-externas"],"yoast_head":"<!-- This site is optimized with the Yoast SEO plugin v24.4 - https:\/\/yoast.com\/wordpress\/plugins\/seo\/ -->\n<title>Contas externas t\u00eam d\u00e9ficit de US$ 1,134 bilh\u00f5es em fevereiro<\/title>\n<meta name=\"description\" content=\"No primeiro bimestre deste ano foi registrado um d\u00e9ficit US$ 7,678 bilh\u00f5es nas contas externas. Clique para saber mais.\" \/>\n<meta name=\"robots\" content=\"index, follow, max-snippet:-1, max-image-preview:large, max-video-preview:-1\" \/>\n<link rel=\"canonical\" href=\"https:\/\/www.suno.com.br\/noticias\/contas-externas-deficit-fevereiro\/\" \/>\n<meta property=\"og:locale\" content=\"pt_BR\" \/>\n<meta property=\"og:type\" content=\"article\" \/>\n<meta property=\"og:title\" content=\"Contas externas t\u00eam d\u00e9ficit de US$ 1,134 bilh\u00f5es em fevereiro\" \/>\n<meta property=\"og:description\" content=\"No primeiro bimestre deste ano foi registrado um d\u00e9ficit US$ 7,678 bilh\u00f5es nas contas externas. Clique para saber mais.\" \/>\n<meta property=\"og:url\" content=\"https:\/\/www.suno.com.br\/noticias\/contas-externas-deficit-fevereiro\/\" \/>\n<meta property=\"og:site_name\" content=\"Suno Not\u00edcias\" \/>\n<meta property=\"article:publisher\" content=\"https:\/\/facebook.com\/sunoresearch\" \/>\n<meta property=\"og:image\" content=\"https:\/\/files.sunoresearch.com.br\/n\/uploads\/2019\/03\/4106ca78-contas-externas.jpg\" \/>\n\t<meta property=\"og:image:width\" content=\"633\" \/>\n\t<meta property=\"og:image:height\" content=\"475\" \/>\n\t<meta property=\"og:image:type\" content=\"image\/jpeg\" \/>\n<meta name=\"author\" content=\"Renan Bandeira\" \/>\n<meta name=\"twitter:card\" content=\"summary_large_image\" \/>\n<meta name=\"twitter:creator\" content=\"@sunoresearch\" \/>\n<meta name=\"twitter:site\" content=\"@sunoresearch\" \/>\n<meta name=\"twitter:label1\" content=\"Escrito por\" \/>\n\t<meta name=\"twitter:data1\" content=\"Renan Bandeira\" \/>\n\t<meta name=\"twitter:label2\" content=\"Est. tempo de leitura\" \/>\n\t<meta name=\"twitter:data2\" content=\"2 minutos\" \/>\n<script type=\"application\/ld+json\" class=\"yoast-schema-graph\">{\"@context\":\"https:\/\/schema.org\",\"@graph\":[{\"@type\":\"NewsArticle\",\"@id\":\"https:\/\/www.suno.com.br\/noticias\/contas-externas-deficit-fevereiro\/#article\",\"isPartOf\":{\"@id\":\"https:\/\/www.suno.com.br\/noticias\/contas-externas-deficit-fevereiro\/\"},\"author\":{\"name\":\"Renan Bandeira\",\"@id\":\"https:\/\/www.suno.com.br\/noticias\/#\/schema\/person\/fc144a1c6108bd1dcd43784e88a3c138\"},\"headline\":\"Contas externas t\u00eam d\u00e9ficit de US$ 1,134 bilh\u00e3o em fevereiro\",\"datePublished\":\"2019-03-26T11:05:25+00:00\",\"dateModified\":\"2019-05-27T15:01:47+00:00\",\"mainEntityOfPage\":{\"@id\":\"https:\/\/www.suno.com.br\/noticias\/contas-externas-deficit-fevereiro\/\"},\"wordCount\":372,\"publisher\":{\"@id\":\"https:\/\/www.suno.com.br\/noticias\/#organization\"},\"image\":{\"@id\":\"https:\/\/www.suno.com.br\/noticias\/contas-externas-deficit-fevereiro\/#primaryimage\"},\"thumbnailUrl\":\"https:\/\/files.sunoresearch.com.br\/n\/uploads\/2019\/03\/4106ca78-contas-externas-jpg.webp\",\"keywords\":[\"contas externas\"],\"articleSection\":[\"Economia\"],\"inLanguage\":\"pt-BR\"},{\"@type\":\"WebPage\",\"@id\":\"https:\/\/www.suno.com.br\/noticias\/contas-externas-deficit-fevereiro\/\",\"url\":\"https:\/\/www.suno.com.br\/noticias\/contas-externas-deficit-fevereiro\/\",\"name\":\"Contas externas t\u00eam d\u00e9ficit de US$ 1,134 bilh\u00f5es em fevereiro\",\"isPartOf\":{\"@id\":\"https:\/\/www.suno.com.br\/noticias\/#website\"},\"primaryImageOfPage\":{\"@id\":\"https:\/\/www.suno.com.br\/noticias\/contas-externas-deficit-fevereiro\/#primaryimage\"},\"image\":{\"@id\":\"https:\/\/www.suno.com.br\/noticias\/contas-externas-deficit-fevereiro\/#primaryimage\"},\"thumbnailUrl\":\"https:\/\/files.sunoresearch.com.br\/n\/uploads\/2019\/03\/4106ca78-contas-externas-jpg.webp\",\"datePublished\":\"2019-03-26T11:05:25+00:00\",\"dateModified\":\"2019-05-27T15:01:47+00:00\",\"description\":\"No primeiro bimestre deste ano foi registrado um d\u00e9ficit US$ 7,678 bilh\u00f5es nas contas externas. Clique para saber mais.\",\"breadcrumb\":{\"@id\":\"https:\/\/www.suno.com.br\/noticias\/contas-externas-deficit-fevereiro\/#breadcrumb\"},\"inLanguage\":\"pt-BR\",\"potentialAction\":[{\"@type\":\"ReadAction\",\"target\":[\"https:\/\/www.suno.com.br\/noticias\/contas-externas-deficit-fevereiro\/\"]}]},{\"@type\":\"ImageObject\",\"inLanguage\":\"pt-BR\",\"@id\":\"https:\/\/www.suno.com.br\/noticias\/contas-externas-deficit-fevereiro\/#primaryimage\",\"url\":\"https:\/\/files.sunoresearch.com.br\/n\/uploads\/2019\/03\/4106ca78-contas-externas-jpg.webp\",\"contentUrl\":\"https:\/\/files.sunoresearch.com.br\/n\/uploads\/2019\/03\/4106ca78-contas-externas-jpg.webp\",\"width\":633,\"height\":475,\"caption\":\"Contas externas t\u00eam d\u00e9ficit de US$ 1,134 bilh\u00f5es em fevereiro\"},{\"@type\":\"BreadcrumbList\",\"@id\":\"https:\/\/www.suno.com.br\/noticias\/contas-externas-deficit-fevereiro\/#breadcrumb\",\"itemListElement\":[{\"@type\":\"ListItem\",\"position\":1,\"name\":\"Not\u00edcias\",\"item\":\"https:\/\/www.suno.com.br\/noticias\/\"},{\"@type\":\"ListItem\",\"position\":2,\"name\":\"Economia\",\"item\":\"https:\/\/www.suno.com.br\/noticias\/economia\/\"},{\"@type\":\"ListItem\",\"position\":3,\"name\":\"Contas externas t\u00eam d\u00e9ficit de US$ 1,134 bilh\u00e3o em fevereiro\"}]},{\"@type\":\"WebSite\",\"@id\":\"https:\/\/www.suno.com.br\/noticias\/#website\",\"url\":\"https:\/\/www.suno.com.br\/noticias\/\",\"name\":\"Suno Not\u00edcias\",\"description\":\"Seu portal de informa\u00e7\u00e3o sobre o mundo dos investimentos\",\"publisher\":{\"@id\":\"https:\/\/www.suno.com.br\/noticias\/#organization\"},\"potentialAction\":[{\"@type\":\"SearchAction\",\"target\":{\"@type\":\"EntryPoint\",\"urlTemplate\":\"https:\/\/www.suno.com.br\/noticias\/?s={search_term_string}\"},\"query-input\":{\"@type\":\"PropertyValueSpecification\",\"valueRequired\":true,\"valueName\":\"search_term_string\"}}],\"inLanguage\":\"pt-BR\"},{\"@type\":\"Organization\",\"@id\":\"https:\/\/www.suno.com.br\/noticias\/#organization\",\"name\":\"Suno Not\u00edcias\",\"url\":\"https:\/\/www.suno.com.br\/noticias\/\",\"logo\":{\"@type\":\"ImageObject\",\"inLanguage\":\"pt-BR\",\"@id\":\"https:\/\/www.suno.com.br\/noticias\/#\/schema\/logo\/image\/\",\"url\":\"https:\/\/files.sunoresearch.com.br\/n\/uploads\/2021\/09\/suno-logo.png\",\"contentUrl\":\"https:\/\/files.sunoresearch.com.br\/n\/uploads\/2021\/09\/suno-logo.png\",\"width\":180,\"height\":180,\"caption\":\"Suno Not\u00edcias\"},\"image\":{\"@id\":\"https:\/\/www.suno.com.br\/noticias\/#\/schema\/logo\/image\/\"},\"sameAs\":[\"https:\/\/facebook.com\/sunoresearch\",\"https:\/\/x.com\/sunoresearch\",\"https:\/\/www.instagram.com\/suno\",\"https:\/\/www.linkedin.com\/company\/suno-research\/\",\"https:\/\/www.youtube.com\/c\/sunoresearch\"]},{\"@type\":\"Person\",\"@id\":\"https:\/\/www.suno.com.br\/noticias\/#\/schema\/person\/fc144a1c6108bd1dcd43784e88a3c138\",\"name\":\"Renan Bandeira\",\"image\":{\"@type\":\"ImageObject\",\"inLanguage\":\"pt-BR\",\"@id\":\"https:\/\/www.suno.com.br\/noticias\/#\/schema\/person\/image\/\",\"url\":\"https:\/\/secure.gravatar.com\/avatar\/68359cdb608f14f11bbefcb78f3fc747?s=96&r=g\",\"contentUrl\":\"https:\/\/secure.gravatar.com\/avatar\/68359cdb608f14f11bbefcb78f3fc747?s=96&r=g\",\"caption\":\"Renan Bandeira\"},\"description\":\"Renan Bandeira escreve sobre pol\u00edtica e economia para o portal da Suno Research. Antes da Suno, trabalhou em uma rede de televis\u00e3o, onde fazia reportagens sobre os mesmos temas. Estuda na Universidade Metodista de S\u00e3o Paulo.\",\"url\":\"https:\/\/www.suno.com.br\/noticias\/author\/renan-bandeira\/\"}]}<\/script>\n<!-- \/ Yoast SEO plugin. -->","yoast_head_json":{"title":"Contas externas t\u00eam d\u00e9ficit de US$ 1,134 bilh\u00f5es em fevereiro","description":"No primeiro bimestre deste ano foi registrado um d\u00e9ficit US$ 7,678 bilh\u00f5es nas contas externas. Clique para saber mais.","robots":{"index":"index","follow":"follow","max-snippet":"max-snippet:-1","max-image-preview":"max-image-preview:large","max-video-preview":"max-video-preview:-1"},"canonical":"https:\/\/www.suno.com.br\/noticias\/contas-externas-deficit-fevereiro\/","og_locale":"pt_BR","og_type":"article","og_title":"Contas externas t\u00eam d\u00e9ficit de US$ 1,134 bilh\u00f5es em fevereiro","og_description":"No primeiro bimestre deste ano foi registrado um d\u00e9ficit US$ 7,678 bilh\u00f5es nas contas externas. Clique para saber mais.","og_url":"https:\/\/www.suno.com.br\/noticias\/contas-externas-deficit-fevereiro\/","og_site_name":"Suno Not\u00edcias","article_publisher":"https:\/\/facebook.com\/sunoresearch","og_image":[{"width":633,"height":475,"url":"https:\/\/files.sunoresearch.com.br\/n\/uploads\/2019\/03\/4106ca78-contas-externas.jpg","type":"image\/jpeg"}],"author":"Renan Bandeira","twitter_card":"summary_large_image","twitter_creator":"@sunoresearch","twitter_site":"@sunoresearch","twitter_misc":{"Escrito por":"Renan Bandeira","Est. tempo de leitura":"2 minutos"},"schema":{"@context":"https:\/\/schema.org","@graph":[{"@type":"NewsArticle","@id":"https:\/\/www.suno.com.br\/noticias\/contas-externas-deficit-fevereiro\/#article","isPartOf":{"@id":"https:\/\/www.suno.com.br\/noticias\/contas-externas-deficit-fevereiro\/"},"author":{"name":"Renan Bandeira","@id":"https:\/\/www.suno.com.br\/noticias\/#\/schema\/person\/fc144a1c6108bd1dcd43784e88a3c138"},"headline":"Contas externas t\u00eam d\u00e9ficit de US$ 1,134 bilh\u00e3o em fevereiro","datePublished":"2019-03-26T11:05:25+00:00","dateModified":"2019-05-27T15:01:47+00:00","mainEntityOfPage":{"@id":"https:\/\/www.suno.com.br\/noticias\/contas-externas-deficit-fevereiro\/"},"wordCount":372,"publisher":{"@id":"https:\/\/www.suno.com.br\/noticias\/#organization"},"image":{"@id":"https:\/\/www.suno.com.br\/noticias\/contas-externas-deficit-fevereiro\/#primaryimage"},"thumbnailUrl":"https:\/\/files.sunoresearch.com.br\/n\/uploads\/2019\/03\/4106ca78-contas-externas-jpg.webp","keywords":["contas externas"],"articleSection":["Economia"],"inLanguage":"pt-BR"},{"@type":"WebPage","@id":"https:\/\/www.suno.com.br\/noticias\/contas-externas-deficit-fevereiro\/","url":"https:\/\/www.suno.com.br\/noticias\/contas-externas-deficit-fevereiro\/","name":"Contas externas t\u00eam d\u00e9ficit de US$ 1,134 bilh\u00f5es em fevereiro","isPartOf":{"@id":"https:\/\/www.suno.com.br\/noticias\/#website"},"primaryImageOfPage":{"@id":"https:\/\/www.suno.com.br\/noticias\/contas-externas-deficit-fevereiro\/#primaryimage"},"image":{"@id":"https:\/\/www.suno.com.br\/noticias\/contas-externas-deficit-fevereiro\/#primaryimage"},"thumbnailUrl":"https:\/\/files.sunoresearch.com.br\/n\/uploads\/2019\/03\/4106ca78-contas-externas-jpg.webp","datePublished":"2019-03-26T11:05:25+00:00","dateModified":"2019-05-27T15:01:47+00:00","description":"No primeiro bimestre deste ano foi registrado um d\u00e9ficit US$ 7,678 bilh\u00f5es nas contas externas. Clique para saber mais.","breadcrumb":{"@id":"https:\/\/www.suno.com.br\/noticias\/contas-externas-deficit-fevereiro\/#breadcrumb"},"inLanguage":"pt-BR","potentialAction":[{"@type":"ReadAction","target":["https:\/\/www.suno.com.br\/noticias\/contas-externas-deficit-fevereiro\/"]}]},{"@type":"ImageObject","inLanguage":"pt-BR","@id":"https:\/\/www.suno.com.br\/noticias\/contas-externas-deficit-fevereiro\/#primaryimage","url":"https:\/\/files.sunoresearch.com.br\/n\/uploads\/2019\/03\/4106ca78-contas-externas-jpg.webp","contentUrl":"https:\/\/files.sunoresearch.com.br\/n\/uploads\/2019\/03\/4106ca78-contas-externas-jpg.webp","width":633,"height":475,"caption":"Contas externas t\u00eam d\u00e9ficit de US$ 1,134 bilh\u00f5es em fevereiro"},{"@type":"BreadcrumbList","@id":"https:\/\/www.suno.com.br\/noticias\/contas-externas-deficit-fevereiro\/#breadcrumb","itemListElement":[{"@type":"ListItem","position":1,"name":"Not\u00edcias","item":"https:\/\/www.suno.com.br\/noticias\/"},{"@type":"ListItem","position":2,"name":"Economia","item":"https:\/\/www.suno.com.br\/noticias\/economia\/"},{"@type":"ListItem","position":3,"name":"Contas externas t\u00eam d\u00e9ficit de US$ 1,134 bilh\u00e3o em fevereiro"}]},{"@type":"WebSite","@id":"https:\/\/www.suno.com.br\/noticias\/#website","url":"https:\/\/www.suno.com.br\/noticias\/","name":"Suno Not\u00edcias","description":"Seu portal de informa\u00e7\u00e3o sobre o mundo dos investimentos","publisher":{"@id":"https:\/\/www.suno.com.br\/noticias\/#organization"},"potentialAction":[{"@type":"SearchAction","target":{"@type":"EntryPoint","urlTemplate":"https:\/\/www.suno.com.br\/noticias\/?s={search_term_string}"},"query-input":{"@type":"PropertyValueSpecification","valueRequired":true,"valueName":"search_term_string"}}],"inLanguage":"pt-BR"},{"@type":"Organization","@id":"https:\/\/www.suno.com.br\/noticias\/#organization","name":"Suno Not\u00edcias","url":"https:\/\/www.suno.com.br\/noticias\/","logo":{"@type":"ImageObject","inLanguage":"pt-BR","@id":"https:\/\/www.suno.com.br\/noticias\/#\/schema\/logo\/image\/","url":"https:\/\/files.sunoresearch.com.br\/n\/uploads\/2021\/09\/suno-logo.png","contentUrl":"https:\/\/files.sunoresearch.com.br\/n\/uploads\/2021\/09\/suno-logo.png","width":180,"height":180,"caption":"Suno Not\u00edcias"},"image":{"@id":"https:\/\/www.suno.com.br\/noticias\/#\/schema\/logo\/image\/"},"sameAs":["https:\/\/facebook.com\/sunoresearch","https:\/\/x.com\/sunoresearch","https:\/\/www.instagram.com\/suno","https:\/\/www.linkedin.com\/company\/suno-research\/","https:\/\/www.youtube.com\/c\/sunoresearch"]},{"@type":"Person","@id":"https:\/\/www.suno.com.br\/noticias\/#\/schema\/person\/fc144a1c6108bd1dcd43784e88a3c138","name":"Renan Bandeira","image":{"@type":"ImageObject","inLanguage":"pt-BR","@id":"https:\/\/www.suno.com.br\/noticias\/#\/schema\/person\/image\/","url":"https:\/\/secure.gravatar.com\/avatar\/68359cdb608f14f11bbefcb78f3fc747?s=96&r=g","contentUrl":"https:\/\/secure.gravatar.com\/avatar\/68359cdb608f14f11bbefcb78f3fc747?s=96&r=g","caption":"Renan Bandeira"},"description":"Renan Bandeira escreve sobre pol\u00edtica e economia para o portal da Suno Research. Antes da Suno, trabalhou em uma rede de televis\u00e3o, onde fazia reportagens sobre os mesmos temas. Estuda na Universidade Metodista de S\u00e3o Paulo.","url":"https:\/\/www.suno.com.br\/noticias\/author\/renan-bandeira\/"}]}},"default_loop_html":"<div class=\"cardsPage__listCard__boxs\"><div class=\"cardsPage__listCard__boxs__img\"><a href=\"https:\/\/www.suno.com.br\/noticias\/contas-externas-deficit-fevereiro\/\"><img class=\"mask\" src=\"https:\/\/www.suno.com.br\/noticias\/wp-content\/themes\/suno\/resources\/images\/spotlight\/spotlight1img\/bg-mask.png\" alt=\"Image Mask\"\/><img src=\"https:\/\/files.sunoresearch.com.br\/n\/uploads\/2019\/03\/4106ca78-contas-externas-400x200.webp\" alt=\"Contas externas t\u00eam d\u00e9ficit de US$ 1,134 bilh\u00e3o em fevereiro\"\/><\/a><span class=\"spotlightCategory\"><a href=\"https:\/\/www.suno.com.br\/noticias\/economia\/\">Economia<\/a><\/span><\/div><div class=\"cardsPage__listCard__boxs__content\"><a href=\"https:\/\/www.suno.com.br\/noticias\/contas-externas-deficit-fevereiro\/\"><h2 class=\"content__title\">Contas externas t\u00eam d\u00e9ficit de US$ 1,134 bilh\u00e3o em fevereiro<\/h2><\/a><div class=\"newsContent__article__meta\"><div class=\"newsContent__article__meta__authorBox\"><a href=\"https:\/\/www.suno.com.br\/noticias\/author\/renan-bandeira\/\" class=\"authorBox__avatar noMobi\"><img src=\"https:\/\/secure.gravatar.com\/avatar\/68359cdb608f14f11bbefcb78f3fc747?s=96&#038;r=g\" alt=\"Renan Bandeira\"><\/a><div class=\"authorBox__name\"><span>por\n\t\t\t<a href=\"https:\/\/www.suno.com.br\/noticias\/author\/renan-bandeira\/\"><span itemprop=\"author\">Renan Bandeira<\/span><\/a><\/span><time datetime=\"2019-03-26T08:05:25-03:00\" itemprop=\"datePublished\">26\/03\/2019 08:05<\/time><\/div><\/div><\/div><\/div><\/div>","single_layout":"posts","amp_enabled":true,"_links":{"self":[{"href":"https:\/\/www.suno.com.br\/noticias\/wp-json\/wp\/v2\/posts\/19040"}],"collection":[{"href":"https:\/\/www.suno.com.br\/noticias\/wp-json\/wp\/v2\/posts"}],"about":[{"href":"https:\/\/www.suno.com.br\/noticias\/wp-json\/wp\/v2\/types\/post"}],"author":[{"embeddable":true,"href":"https:\/\/www.suno.com.br\/noticias\/wp-json\/wp\/v2\/users\/11"}],"replies":[{"embeddable":true,"href":"https:\/\/www.suno.com.br\/noticias\/wp-json\/wp\/v2\/comments?post=19040"}],"version-history":[{"count":0,"href":"https:\/\/www.suno.com.br\/noticias\/wp-json\/wp\/v2\/posts\/19040\/revisions"}],"wp:featuredmedia":[{"embeddable":true,"href":"https:\/\/www.suno.com.br\/noticias\/wp-json\/wp\/v2\/media\/19042"}],"wp:attachment":[{"href":"https:\/\/www.suno.com.br\/noticias\/wp-json\/wp\/v2\/media?parent=19040"}],"wp:term":[{"taxonomy":"category","embeddable":true,"href":"https:\/\/www.suno.com.br\/noticias\/wp-json\/wp\/v2\/categories?post=19040"},{"taxonomy":"post_tag","embeddable":true,"href":"https:\/\/www.suno.com.br\/noticias\/wp-json\/wp\/v2\/tags?post=19040"},{"taxonomy":"suno_strategy","embeddable":true,"href":"https:\/\/www.suno.com.br\/noticias\/wp-json\/wp\/v2\/suno_strategy?post=19040"}],"curies":[{"name":"wp","href":"https:\/\/api.w.org\/{rel}","templated":true}]}}