{"id":190396,"date":"2021-10-04T12:11:05","date_gmt":"2021-10-04T15:11:05","guid":{"rendered":"https:\/\/www.suno.com.br\/noticias\/?p=190396"},"modified":"2021-10-04T14:41:57","modified_gmt":"2021-10-04T17:41:57","slug":"acoes-itau-itub4-reajuste-bdr-xp-xpbr31","status":"publish","type":"post","link":"https:\/\/www.suno.com.br\/noticias\/acoes-itau-itub4-reajuste-bdr-xp-xpbr31\/","title":{"rendered":"Entenda o reajuste do Ita\u00fa (ITUB4) em estreia de BDR da XP na B3"},"content":{"rendered":"<p>As a\u00e7\u00f5es do <a class=\"suno-keyword\" href=\"https:\/\/www.suno.com.br\/acoes\/ITUB4\/\" target=\"_blank\" rel=\"noopener\" data-force=\"yes\" data-priority=\"2\"><strong>Ita\u00fa<\/strong> (ITUB4)<\/a> sofrem um reajuste de pre\u00e7o nesta segunda-feira (4) em fun\u00e7\u00e3o da cis\u00e3o da sua participa\u00e7\u00e3o societ\u00e1ria na XP &#8212; que passa a ter seu BDR negociado no Brasil. O fen\u00f4meno pode provocar a falsa impress\u00e3o de que os pap\u00e9is do banco caem cerca de 18% em algumas ferramentas e cota\u00e7\u00f5es.<\/p>\t<div class=\"wrapper-featured-image\">\n\t\t<figure class=\"spotlightImg\">\n\n\t\t\t<picture>\n\t\t\t\t<source media=\"(max-width: 768px)\" srcset=\"https:\/\/files.sunoresearch.com.br\/n\/uploads\/2021\/05\/2187bf18-906-xp-carreiras-400x200.jpg\">\n\t\t\t\t<img loading=\"lazy\" decoding=\"async\" class=\"newsContent__article__imgCapa lazyloadDisabled \" src=\"https:\/\/files.sunoresearch.com.br\/n\/uploads\/2021\/05\/2187bf18-906-xp-carreiras-800x450.jpg\" width=\"800\" height=\"450\" alt=\"Entenda o reajuste do Ita\u00fa (ITUB4) em estreia de BDR da XP na B3\" fetchpriority=high \/>\n\t\t\t<\/picture>\n\n\t\t\t<figcaption class=\"wp-caption-text wp-caption-text--show\">XP - Foto: Divulga\u00e7\u00e3o XP<\/figcaption>\n\t\t<\/figure>\n\t<\/div>\n\n\n\t<p>\n\t\t<a href=\"\" target=\"_blank\" data-element=\"shortcode-suno-banner\" title=\"Banner SUNO, clique e saiba mais\">\n\t\t\t<picture>\n\t\t\t\t<source media=\"(max-width: 500px)\" srcset=\"\">\n\t\t\t\t<img class=\"newsContent__article__imgCapa newsContent__article__imgCapa--banner\"\n\t\t\t\t\tsrc=\"\"\n\t\t\t\t\tdata-promo-id=\"91807\"\t\t\t\t\t\t\t\t\t\t\t\t\t\t\talt=\"\"\n\t\t\t\t>\n\t\t\t<\/picture>\n\t\t<\/a>\n\t<\/p>\n\n\n<p>Isso significa que os cerca 500 mil acionistas do Ita\u00fa passar\u00e3o a deter <a href=\"https:\/\/www.suno.com.br\/artigos\/bdr-uma-forma-simples-de-investir-no-exterior\/\">Brazilian Depositary Receipts (<strong>BDRs<\/strong>)<\/a> da XP, ou seja, a <a class=\"suno-keyword\" href=\"https:\/\/www.suno.com.br\/acoes\/ITSA4\/\" target=\"_blank\" rel=\"noopener\" data-force=\"yes\" data-priority=\"2\">Ita\u00fasa (ITSA4)<\/a>, holding que det\u00e9m cerca de 37% do banco, levar\u00e1 uma fatia de 15% da XP.<\/p>\n<p>Quem tinha <strong>a\u00e7\u00f5es do Ita\u00fa<\/strong>, por\u00e9m, passou a ter agora o BDR da XP em contrapartida. \u00c0s 11h40 do preg\u00e3o de hoje, a BDR da XP (XPBR31) apresenta queda de 0,68% cotada a R$ 223,88, ao passo que as<strong> <a class=\"suno-keyword\" href=\"https:\/\/www.suno.com.br\/artigos\/acoes-preferenciais\/\" target=\"_blank\" rel=\"noopener\" data-force=\"no\" data-priority=\"1\">a\u00e7\u00f5es preferenciais<\/a> do Ita\u00fa<\/strong> ficam cotadas a R$ 24,19, em queda de 1,10%.<\/p>\n\n\t<div data-element=\"shortcode-read-more\" class=\"readToo\">\n\t\t\t\t<span class=\"readToo__title\">Leia mais<\/span>\n\t\t\t\t<ul class=\"readToo__list\">\n\t\t\t<li><a href=\"https:\/\/www.suno.com.br\/noticias\/startup-tembici-bicicletas-itau-itub4-capta-rodada-investimentos\/\">Startup Tembici, das bicicletas do Ita\u00fa (ITUB4), capta R$ 430 milh\u00f5es<\/a><\/li><li><a href=\"https:\/\/www.suno.com.br\/noticias\/presidente-do-itau-itub4-reforma-tributaria-credito\/\">Presidente do Ita\u00fa (ITUB4) aprova reforma tribut\u00e1ria, mas v\u00ea impacto no cr\u00e9dito<\/a><\/li>\t\t<\/ul>\n\t<\/div>\n\n\n<p>A movimenta\u00e7\u00e3o \u00e9 fruto do imbr\u00f3gilio societ\u00e1rio que come\u00e7ou com uma briga de vis\u00f5es entre ambas as companhias, sendoa\u00a0 desbancariza\u00e7\u00e3o defendida pela XP. V\u00e1rias etapas ocorreram desde ent\u00e3o, com as a\u00e7\u00f5es sendo inicialmente segregadas em uma companhia chamada <strong>XPart<\/strong>, que foi incorporada pela XP.<\/p>\n<p>A corretora, ent\u00e3o, emitiu as BDRs para os acionistas do Ita\u00fa que passaram a ser negociados hoje.<\/p>\n<p>Com a cis\u00e3o, decidida pelo Ita\u00fa no ano passado, cerca de 90 milh\u00f5es de t\u00edtulos da empresa passaram a ser negociados na Bolsa brasileira. Pelo valor das a\u00e7\u00f5es da XP de ontem, as BDRs representam mais de R$ 20 bilh\u00f5es.<\/p>\n\t<p>\n\t\t<a href=\"https:\/\/lp.suno.com.br\/planilha-da-vida-financeira\/\" target=\"_blank\" data-element=\"shortcode-suno-banner\" title=\"Banner SUNO, clique e saiba mais\">\n\t\t\t<picture>\n\t\t\t\t<source media=\"(max-width: 500px)\" srcset=\"https:\/\/files.sunoresearch.com.br\/n\/uploads\/2023\/04\/400x300-Planilha-vida-financeira-true.png\">\n\t\t\t\t<img class=\"newsContent__article__imgCapa newsContent__article__imgCapa--banner\"\n\t\t\t\t\tsrc=\"https:\/\/files.sunoresearch.com.br\/n\/uploads\/2023\/04\/1420x240-Planilha-vida-financeira-true.png\"\n\t\t\t\t\tdata-promo-id=\"106682\"\t\t\t\t\t\t\t\t\t\twidth='1420' height='240'\t\t\t\t\talt=\"https:\/\/files.sunoresearch.com.br\/n\/uploads\/2023\/04\/1420x240-Planilha-vida-financeira-true.png\"\n\t\t\t\t>\n\t\t\t<\/picture>\n\t\t<\/a>\n\t<\/p>\n\n\n<p>Na Nasdaq, onde a XP \u00e9 listada, as a\u00e7\u00f5es da gigante brasileira caem 2% no intradia desta segunda, aos US$ 41,18. A companhia abriu seu capital no fim de 2019, antes de o div\u00f3rcio com o Ita\u00fa come\u00e7ar.<\/p>\n<p>&#8220;De acordo com os termos contratuais, a opera\u00e7\u00e3o entre XP e Ita\u00fa se dar\u00e1 em tr\u00eas etapas de aquisi\u00e7\u00e3o, o que resultar\u00e1, em 2022, na participa\u00e7\u00e3o do Ita\u00fa em 49,9% do capital votante da XP e 74,9% do seu <a class=\"suno-keyword\" href=\"https:\/\/www.suno.com.br\/artigos\/capital-social\/\" target=\"_blank\" rel=\"noopener\" data-force=\"no\" data-priority=\"2\">capital social<\/a> total. Ap\u00f3s esse per\u00edodo, o acordo prev\u00ea a possibilidade do exerc\u00edcio de cl\u00e1usulas de venda, pela XP, e de compra, pelo Ita\u00fa&#8221;, diz, em 2018, a nota do Cade sobre a compra.<\/p>\n\t<p>\n\t\t<a href=\"https:\/\/lp.suno.com.br\/ebook-como-analisar-uma-acao\/\" target=\"_blank\" data-element=\"shortcode-suno-banner\" title=\"Banner SUNO, clique e saiba mais\">\n\t\t\t<picture>\n\t\t\t\t<source media=\"(max-width: 500px)\" srcset=\"https:\/\/files.sunoresearch.com.br\/n\/uploads\/2023\/03\/Ebook-Acoes-Mobile-1.jpg\">\n\t\t\t\t<img class=\"newsContent__article__imgCapa newsContent__article__imgCapa--banner\"\n\t\t\t\t\tsrc=\"https:\/\/files.sunoresearch.com.br\/n\/uploads\/2023\/03\/Ebook-Acoes-Desktop-1.jpg\"\n\t\t\t\t\tdata-promo-id=\"171998\"\t\t\t\t\t\t\t\t\t\twidth='1420' height='286'\t\t\t\t\talt=\"https:\/\/files.sunoresearch.com.br\/n\/uploads\/2023\/03\/Ebook-Acoes-Desktop-1.jpg\"\n\t\t\t\t>\n\t\t\t<\/picture>\n\t\t<\/a>\n\t<\/p>\n\n\n<p>Vale frisar que, considerando o pre\u00e7o da XP, a compra do capital pelo Ita\u00fa ocasionou uma rentabilidade de cerca de 900%.<\/p>\n<h2>Safra v\u00ea pr\u00eamio no div\u00f3rcio entre XP e Ita\u00fa<\/h2>\n<p>Conforme reportado anteriormente pelo Suno Not\u00edcias, o <strong>Banco\u00a0Safra<\/strong> <a href=\"https:\/\/www.suno.com.br\/artigos\/premio-de-risco\/\">v\u00ea como \u201cpositiva e esperada\u201d<\/a> a conclus\u00e3o da tratativa sobre a incorpora\u00e7\u00e3o da XPart pela XP Investimentos, e frisa que o evento deve desbloquear valor para os acionistas do banco.<\/p>\n<p>Na ocasi\u00e3o, o\u00a0time de an\u00e1lise do\u00a0<strong>Safra<\/strong>\u00a0reiterou a recomenda\u00e7\u00e3o de compra das\u00a0a\u00e7\u00f5es do Ita\u00fa\u00a0<a href=\"https:\/\/www.suno.com.br\/artigos\/preco-alvo\">com pre\u00e7o-alvo de R$ 38<\/a>, ao passo que o pre\u00e7o-alvo ap\u00f3s a cis\u00e3o fica em R$ 33.<\/p>\n\t<p>\n\t\t<a href=\"https:\/\/lp.suno.com.br\/planilha-de-controle-de-investimentos\/\" target=\"_blank\" data-element=\"shortcode-suno-banner\" title=\"Banner SUNO, clique e saiba mais\">\n\t\t\t<picture>\n\t\t\t\t<source media=\"(max-width: 500px)\" srcset=\"https:\/\/files.sunoresearch.com.br\/n\/uploads\/2023\/03\/400x300-Controle-de-Investimentos.png\">\n\t\t\t\t<img class=\"newsContent__article__imgCapa newsContent__article__imgCapa--banner\"\n\t\t\t\t\tsrc=\"https:\/\/files.sunoresearch.com.br\/n\/uploads\/2023\/03\/1420x240-Controle-de-Investimentos.png\"\n\t\t\t\t\tdata-promo-id=\"75934\"\t\t\t\t\t\t\t\t\t\twidth='1420' height='240'\t\t\t\t\talt=\"https:\/\/files.sunoresearch.com.br\/n\/uploads\/2023\/03\/1420x240-Controle-de-Investimentos.png\"\n\t\t\t\t>\n\t\t\t<\/picture>\n\t\t<\/a>\n\t<\/p>\n\n\n<p>A assembleia geral que delibera sobre o tema deve ocorreu no dia 1\u00ba de outubro, \u00faltima sexta, conforme informado em <a class=\"suno-keyword\" href=\"https:\/\/www.suno.com.br\/artigos\/fato-relevante\/\" target=\"_blank\" rel=\"noopener\" data-force=\"no\" data-priority=\"1\">fato relevante<\/a>.<\/p>\n<p>\u201cEmbora esperada, a not\u00edcia \u00e9 positiva, pois deve desbloquear valor para o Ita\u00fa. Vemos o Ita\u00fa sendo negociado atualmente a 10,6 vezes P\/L (Pre\u00e7o\/Lucro) e 1,9 vez P\/VPA (Pre\u00e7o sobre\u00a0<a class=\"suno-keyword\" href=\"https:\/\/www.suno.com.br\/artigos\/valor-patrimonial-por-acao\/\" target=\"_blank\" rel=\"noopener\" data-force=\"no\" data-priority=\"1\">Valor Patrimonial por A\u00e7\u00e3o<\/a>)&#8221;, diz o relat\u00f3rio.<\/p>\n<p>&#8220;Ap\u00f3s essa cis\u00e3o, os m\u00faltiplos do <strong>Ita\u00fa<\/strong> devem cair para aproximadamente 8,6 vezes, o que est\u00e1 em linha com o Santander Brasil (P\/L a 8,8 vezes) e com um pr\u00eamio sobre o Bradesco (P\/L a 7,8 vezes) \u201d, dizem os analistas Luis Azevedo e Silvio D\u00f3ria.<\/p>\n\t<p>\n\t\t<a href=\"\" target=\"_blank\" data-element=\"shortcode-suno-banner\" title=\"Banner SUNO, clique e saiba mais\">\n\t\t\t<picture>\n\t\t\t\t<source media=\"(max-width: 500px)\" srcset=\"\">\n\t\t\t\t<img class=\"newsContent__article__imgCapa newsContent__article__imgCapa--banner\"\n\t\t\t\t\tsrc=\"\"\n\t\t\t\t\tdata-promo-id=\"184190\"\t\t\t\t\t\t\t\t\t\t\t\t\t\t\talt=\"\"\n\t\t\t\t>\n\t\t\t<\/picture>\n\t\t<\/a>\n\t<\/p>\n\n\n","protected":false},"excerpt":{"rendered":"<p>As a\u00e7\u00f5es do Ita\u00fa (ITUB4) sofrem um reajuste de pre\u00e7o nesta segunda-feira (4) em fun\u00e7\u00e3o da cis\u00e3o da sua participa\u00e7\u00e3o societ\u00e1ria na XP &#8212; que passa a ter seu BDR negociado no Brasil. O fen\u00f4meno pode provocar a falsa impress\u00e3o de que os pap\u00e9is do banco caem cerca de 18% em algumas ferramentas e cota\u00e7\u00f5es. [&hellip;]<\/p>\n","protected":false},"author":73,"featured_media":151043,"comment_status":"closed","ping_status":"closed","sticky":false,"template":"","format":"standard","meta":[],"categories":[64],"tags":[317,105816,519,517,964,888],"suno_strategy":[],"class_list":["post-190396","post","type-post","status-publish","format-standard","has-post-thumbnail","hentry","category-negocios","tag-bdrs","tag-especialistas","tag-itau-unibanco-itub3-itub4","tag-itausa-itsa3-itsa4","tag-nasdaq","tag-xp-investimentos"],"yoast_head":"<!-- This site is optimized with the Yoast SEO plugin v24.4 - https:\/\/yoast.com\/wordpress\/plugins\/seo\/ -->\n<title>Entenda o reajuste do Ita\u00fa (ITUB4) em estreia de BDR da XP na B3<\/title>\n<meta name=\"description\" content=\"Ap\u00f3s conclus\u00e3o da cis\u00e3o entre Ita\u00fa e XP, acionistas do banco recebem BDR da XP, listada na Nasdaq e com negocia\u00e7\u00e3o iniciada hoje. Leia mais.\" \/>\n<meta name=\"robots\" content=\"index, follow, max-snippet:-1, max-image-preview:large, max-video-preview:-1\" \/>\n<link rel=\"canonical\" href=\"https:\/\/www.suno.com.br\/noticias\/acoes-itau-itub4-reajuste-bdr-xp-xpbr31\/\" \/>\n<meta property=\"og:locale\" content=\"pt_BR\" \/>\n<meta property=\"og:type\" content=\"article\" \/>\n<meta property=\"og:title\" content=\"Entenda o reajuste do Ita\u00fa (ITUB4) em estreia de BDR da XP na B3\" \/>\n<meta property=\"og:description\" content=\"Ap\u00f3s conclus\u00e3o da cis\u00e3o entre Ita\u00fa e XP, acionistas do banco recebem BDR da XP, listada na Nasdaq e com negocia\u00e7\u00e3o iniciada hoje. Leia mais.\" \/>\n<meta property=\"og:url\" content=\"https:\/\/www.suno.com.br\/noticias\/acoes-itau-itub4-reajuste-bdr-xp-xpbr31\/\" \/>\n<meta property=\"og:site_name\" content=\"Suno Not\u00edcias\" \/>\n<meta property=\"article:publisher\" content=\"https:\/\/facebook.com\/sunoresearch\" \/>\n<meta property=\"og:image\" content=\"https:\/\/files.sunoresearch.com.br\/n\/uploads\/2021\/05\/2187bf18-906-xp-carreiras-scaled.jpg\" \/>\n\t<meta property=\"og:image:width\" content=\"2560\" \/>\n\t<meta property=\"og:image:height\" content=\"1707\" \/>\n\t<meta property=\"og:image:type\" content=\"image\/jpeg\" \/>\n<meta name=\"author\" content=\"Eduardo Vargas\" \/>\n<meta name=\"twitter:card\" content=\"summary_large_image\" \/>\n<meta name=\"twitter:creator\" content=\"@sunoresearch\" \/>\n<meta name=\"twitter:site\" content=\"@sunoresearch\" \/>\n<meta name=\"twitter:label1\" content=\"Escrito por\" \/>\n\t<meta name=\"twitter:data1\" content=\"Eduardo Vargas\" \/>\n\t<meta name=\"twitter:label2\" content=\"Est. tempo de leitura\" \/>\n\t<meta name=\"twitter:data2\" content=\"3 minutos\" \/>\n<script type=\"application\/ld+json\" class=\"yoast-schema-graph\">{\"@context\":\"https:\/\/schema.org\",\"@graph\":[{\"@type\":\"NewsArticle\",\"@id\":\"https:\/\/www.suno.com.br\/noticias\/acoes-itau-itub4-reajuste-bdr-xp-xpbr31\/#article\",\"isPartOf\":{\"@id\":\"https:\/\/www.suno.com.br\/noticias\/acoes-itau-itub4-reajuste-bdr-xp-xpbr31\/\"},\"author\":{\"name\":\"Eduardo Vargas\",\"@id\":\"https:\/\/www.suno.com.br\/noticias\/#\/schema\/person\/7f4d362bf3518e76090143ae77bb49a5\"},\"headline\":\"Entenda o reajuste do Ita\u00fa (ITUB4) em estreia de BDR da XP na B3\",\"datePublished\":\"2021-10-04T15:11:05+00:00\",\"dateModified\":\"2021-10-04T17:41:57+00:00\",\"mainEntityOfPage\":{\"@id\":\"https:\/\/www.suno.com.br\/noticias\/acoes-itau-itub4-reajuste-bdr-xp-xpbr31\/\"},\"wordCount\":643,\"publisher\":{\"@id\":\"https:\/\/www.suno.com.br\/noticias\/#organization\"},\"image\":{\"@id\":\"https:\/\/www.suno.com.br\/noticias\/acoes-itau-itub4-reajuste-bdr-xp-xpbr31\/#primaryimage\"},\"thumbnailUrl\":\"https:\/\/files.sunoresearch.com.br\/n\/uploads\/2021\/05\/2187bf18-906-xp-carreiras-scaled.jpg\",\"keywords\":[\"BDRs\",\"Especialistas\",\"Ita\u00fa Unibanco (ITUB3\/ITUB4)\",\"Ita\u00fasa (ITSA3\/ITSA4)\",\"Nasdaq\",\"XP Investimentos\"],\"articleSection\":[\"Neg\u00f3cios\"],\"inLanguage\":\"pt-BR\"},{\"@type\":\"WebPage\",\"@id\":\"https:\/\/www.suno.com.br\/noticias\/acoes-itau-itub4-reajuste-bdr-xp-xpbr31\/\",\"url\":\"https:\/\/www.suno.com.br\/noticias\/acoes-itau-itub4-reajuste-bdr-xp-xpbr31\/\",\"name\":\"Entenda o reajuste do Ita\u00fa (ITUB4) em estreia de BDR da XP na B3\",\"isPartOf\":{\"@id\":\"https:\/\/www.suno.com.br\/noticias\/#website\"},\"primaryImageOfPage\":{\"@id\":\"https:\/\/www.suno.com.br\/noticias\/acoes-itau-itub4-reajuste-bdr-xp-xpbr31\/#primaryimage\"},\"image\":{\"@id\":\"https:\/\/www.suno.com.br\/noticias\/acoes-itau-itub4-reajuste-bdr-xp-xpbr31\/#primaryimage\"},\"thumbnailUrl\":\"https:\/\/files.sunoresearch.com.br\/n\/uploads\/2021\/05\/2187bf18-906-xp-carreiras-scaled.jpg\",\"datePublished\":\"2021-10-04T15:11:05+00:00\",\"dateModified\":\"2021-10-04T17:41:57+00:00\",\"description\":\"Ap\u00f3s conclus\u00e3o da cis\u00e3o entre Ita\u00fa e XP, acionistas do banco recebem BDR da XP, listada na Nasdaq e com negocia\u00e7\u00e3o iniciada hoje. Leia mais.\",\"breadcrumb\":{\"@id\":\"https:\/\/www.suno.com.br\/noticias\/acoes-itau-itub4-reajuste-bdr-xp-xpbr31\/#breadcrumb\"},\"inLanguage\":\"pt-BR\",\"potentialAction\":[{\"@type\":\"ReadAction\",\"target\":[\"https:\/\/www.suno.com.br\/noticias\/acoes-itau-itub4-reajuste-bdr-xp-xpbr31\/\"]}]},{\"@type\":\"ImageObject\",\"inLanguage\":\"pt-BR\",\"@id\":\"https:\/\/www.suno.com.br\/noticias\/acoes-itau-itub4-reajuste-bdr-xp-xpbr31\/#primaryimage\",\"url\":\"https:\/\/files.sunoresearch.com.br\/n\/uploads\/2021\/05\/2187bf18-906-xp-carreiras-scaled.jpg\",\"contentUrl\":\"https:\/\/files.sunoresearch.com.br\/n\/uploads\/2021\/05\/2187bf18-906-xp-carreiras-scaled.jpg\",\"width\":2560,\"height\":1707,\"caption\":\"XP - Foto: Divulga\u00e7\u00e3o XP\"},{\"@type\":\"BreadcrumbList\",\"@id\":\"https:\/\/www.suno.com.br\/noticias\/acoes-itau-itub4-reajuste-bdr-xp-xpbr31\/#breadcrumb\",\"itemListElement\":[{\"@type\":\"ListItem\",\"position\":1,\"name\":\"Not\u00edcias\",\"item\":\"https:\/\/www.suno.com.br\/noticias\/\"},{\"@type\":\"ListItem\",\"position\":2,\"name\":\"Neg\u00f3cios\",\"item\":\"https:\/\/www.suno.com.br\/noticias\/negocios\/\"},{\"@type\":\"ListItem\",\"position\":3,\"name\":\"Entenda o reajuste do Ita\u00fa (ITUB4) em estreia de BDR da XP na B3\"}]},{\"@type\":\"WebSite\",\"@id\":\"https:\/\/www.suno.com.br\/noticias\/#website\",\"url\":\"https:\/\/www.suno.com.br\/noticias\/\",\"name\":\"Suno Not\u00edcias\",\"description\":\"Seu portal de informa\u00e7\u00e3o sobre o mundo dos investimentos\",\"publisher\":{\"@id\":\"https:\/\/www.suno.com.br\/noticias\/#organization\"},\"potentialAction\":[{\"@type\":\"SearchAction\",\"target\":{\"@type\":\"EntryPoint\",\"urlTemplate\":\"https:\/\/www.suno.com.br\/noticias\/?s={search_term_string}\"},\"query-input\":{\"@type\":\"PropertyValueSpecification\",\"valueRequired\":true,\"valueName\":\"search_term_string\"}}],\"inLanguage\":\"pt-BR\"},{\"@type\":\"Organization\",\"@id\":\"https:\/\/www.suno.com.br\/noticias\/#organization\",\"name\":\"Suno Not\u00edcias\",\"url\":\"https:\/\/www.suno.com.br\/noticias\/\",\"logo\":{\"@type\":\"ImageObject\",\"inLanguage\":\"pt-BR\",\"@id\":\"https:\/\/www.suno.com.br\/noticias\/#\/schema\/logo\/image\/\",\"url\":\"https:\/\/files.sunoresearch.com.br\/n\/uploads\/2021\/09\/suno-logo.png\",\"contentUrl\":\"https:\/\/files.sunoresearch.com.br\/n\/uploads\/2021\/09\/suno-logo.png\",\"width\":180,\"height\":180,\"caption\":\"Suno Not\u00edcias\"},\"image\":{\"@id\":\"https:\/\/www.suno.com.br\/noticias\/#\/schema\/logo\/image\/\"},\"sameAs\":[\"https:\/\/facebook.com\/sunoresearch\",\"https:\/\/x.com\/sunoresearch\",\"https:\/\/www.instagram.com\/suno\",\"https:\/\/www.linkedin.com\/company\/suno-research\/\",\"https:\/\/www.youtube.com\/c\/sunoresearch\"]},{\"@type\":\"Person\",\"@id\":\"https:\/\/www.suno.com.br\/noticias\/#\/schema\/person\/7f4d362bf3518e76090143ae77bb49a5\",\"name\":\"Eduardo Vargas\",\"image\":{\"@type\":\"ImageObject\",\"inLanguage\":\"pt-BR\",\"@id\":\"https:\/\/www.suno.com.br\/noticias\/#\/schema\/person\/image\/\",\"url\":\"https:\/\/secure.gravatar.com\/avatar\/dac340933427a22924c9f99d1eb2e3f2?s=96&r=g\",\"contentUrl\":\"https:\/\/secure.gravatar.com\/avatar\/dac340933427a22924c9f99d1eb2e3f2?s=96&r=g\",\"caption\":\"Eduardo Vargas\"},\"description\":\"Jornalista formado pela UFSC, cobre macroeconomia, neg\u00f3cios e startups para o Suno Not\u00edcias, escrevendo principalmente not\u00edcias sobre o mercado financeiro e a bolsa de valores. No YouTube e no Instagram, \u00e9 respons\u00e1vel pela produ\u00e7\u00e3o de Reels e Shorts do Suno Not\u00edcias. Anteriormente, trabalhou cobrindo economia e cotidiano no ND+ e para o ND, maior jornal impresso de Santa Catarina. Cursou um semestre letivo de Estudos de M\u00eddia na Universidad de Buenos Aires.\",\"url\":\"https:\/\/www.suno.com.br\/noticias\/author\/eduardo-vargas\/\"}]}<\/script>\n<!-- \/ Yoast SEO plugin. -->","yoast_head_json":{"title":"Entenda o reajuste do Ita\u00fa (ITUB4) em estreia de BDR da XP na B3","description":"Ap\u00f3s conclus\u00e3o da cis\u00e3o entre Ita\u00fa e XP, acionistas do banco recebem BDR da XP, listada na Nasdaq e com negocia\u00e7\u00e3o iniciada hoje. Leia mais.","robots":{"index":"index","follow":"follow","max-snippet":"max-snippet:-1","max-image-preview":"max-image-preview:large","max-video-preview":"max-video-preview:-1"},"canonical":"https:\/\/www.suno.com.br\/noticias\/acoes-itau-itub4-reajuste-bdr-xp-xpbr31\/","og_locale":"pt_BR","og_type":"article","og_title":"Entenda o reajuste do Ita\u00fa (ITUB4) em estreia de BDR da XP na B3","og_description":"Ap\u00f3s conclus\u00e3o da cis\u00e3o entre Ita\u00fa e XP, acionistas do banco recebem BDR da XP, listada na Nasdaq e com negocia\u00e7\u00e3o iniciada hoje. Leia mais.","og_url":"https:\/\/www.suno.com.br\/noticias\/acoes-itau-itub4-reajuste-bdr-xp-xpbr31\/","og_site_name":"Suno Not\u00edcias","article_publisher":"https:\/\/facebook.com\/sunoresearch","og_image":[{"width":2560,"height":1707,"url":"https:\/\/files.sunoresearch.com.br\/n\/uploads\/2021\/05\/2187bf18-906-xp-carreiras-scaled.jpg","type":"image\/jpeg"}],"author":"Eduardo Vargas","twitter_card":"summary_large_image","twitter_creator":"@sunoresearch","twitter_site":"@sunoresearch","twitter_misc":{"Escrito por":"Eduardo Vargas","Est. tempo de leitura":"3 minutos"},"schema":{"@context":"https:\/\/schema.org","@graph":[{"@type":"NewsArticle","@id":"https:\/\/www.suno.com.br\/noticias\/acoes-itau-itub4-reajuste-bdr-xp-xpbr31\/#article","isPartOf":{"@id":"https:\/\/www.suno.com.br\/noticias\/acoes-itau-itub4-reajuste-bdr-xp-xpbr31\/"},"author":{"name":"Eduardo Vargas","@id":"https:\/\/www.suno.com.br\/noticias\/#\/schema\/person\/7f4d362bf3518e76090143ae77bb49a5"},"headline":"Entenda o reajuste do Ita\u00fa (ITUB4) em estreia de BDR da XP na B3","datePublished":"2021-10-04T15:11:05+00:00","dateModified":"2021-10-04T17:41:57+00:00","mainEntityOfPage":{"@id":"https:\/\/www.suno.com.br\/noticias\/acoes-itau-itub4-reajuste-bdr-xp-xpbr31\/"},"wordCount":643,"publisher":{"@id":"https:\/\/www.suno.com.br\/noticias\/#organization"},"image":{"@id":"https:\/\/www.suno.com.br\/noticias\/acoes-itau-itub4-reajuste-bdr-xp-xpbr31\/#primaryimage"},"thumbnailUrl":"https:\/\/files.sunoresearch.com.br\/n\/uploads\/2021\/05\/2187bf18-906-xp-carreiras-scaled.jpg","keywords":["BDRs","Especialistas","Ita\u00fa Unibanco (ITUB3\/ITUB4)","Ita\u00fasa (ITSA3\/ITSA4)","Nasdaq","XP Investimentos"],"articleSection":["Neg\u00f3cios"],"inLanguage":"pt-BR"},{"@type":"WebPage","@id":"https:\/\/www.suno.com.br\/noticias\/acoes-itau-itub4-reajuste-bdr-xp-xpbr31\/","url":"https:\/\/www.suno.com.br\/noticias\/acoes-itau-itub4-reajuste-bdr-xp-xpbr31\/","name":"Entenda o reajuste do Ita\u00fa (ITUB4) em estreia de BDR da XP na B3","isPartOf":{"@id":"https:\/\/www.suno.com.br\/noticias\/#website"},"primaryImageOfPage":{"@id":"https:\/\/www.suno.com.br\/noticias\/acoes-itau-itub4-reajuste-bdr-xp-xpbr31\/#primaryimage"},"image":{"@id":"https:\/\/www.suno.com.br\/noticias\/acoes-itau-itub4-reajuste-bdr-xp-xpbr31\/#primaryimage"},"thumbnailUrl":"https:\/\/files.sunoresearch.com.br\/n\/uploads\/2021\/05\/2187bf18-906-xp-carreiras-scaled.jpg","datePublished":"2021-10-04T15:11:05+00:00","dateModified":"2021-10-04T17:41:57+00:00","description":"Ap\u00f3s conclus\u00e3o da cis\u00e3o entre Ita\u00fa e XP, acionistas do banco recebem BDR da XP, listada na Nasdaq e com negocia\u00e7\u00e3o iniciada hoje. Leia mais.","breadcrumb":{"@id":"https:\/\/www.suno.com.br\/noticias\/acoes-itau-itub4-reajuste-bdr-xp-xpbr31\/#breadcrumb"},"inLanguage":"pt-BR","potentialAction":[{"@type":"ReadAction","target":["https:\/\/www.suno.com.br\/noticias\/acoes-itau-itub4-reajuste-bdr-xp-xpbr31\/"]}]},{"@type":"ImageObject","inLanguage":"pt-BR","@id":"https:\/\/www.suno.com.br\/noticias\/acoes-itau-itub4-reajuste-bdr-xp-xpbr31\/#primaryimage","url":"https:\/\/files.sunoresearch.com.br\/n\/uploads\/2021\/05\/2187bf18-906-xp-carreiras-scaled.jpg","contentUrl":"https:\/\/files.sunoresearch.com.br\/n\/uploads\/2021\/05\/2187bf18-906-xp-carreiras-scaled.jpg","width":2560,"height":1707,"caption":"XP - Foto: Divulga\u00e7\u00e3o XP"},{"@type":"BreadcrumbList","@id":"https:\/\/www.suno.com.br\/noticias\/acoes-itau-itub4-reajuste-bdr-xp-xpbr31\/#breadcrumb","itemListElement":[{"@type":"ListItem","position":1,"name":"Not\u00edcias","item":"https:\/\/www.suno.com.br\/noticias\/"},{"@type":"ListItem","position":2,"name":"Neg\u00f3cios","item":"https:\/\/www.suno.com.br\/noticias\/negocios\/"},{"@type":"ListItem","position":3,"name":"Entenda o reajuste do Ita\u00fa (ITUB4) em estreia de BDR da XP na B3"}]},{"@type":"WebSite","@id":"https:\/\/www.suno.com.br\/noticias\/#website","url":"https:\/\/www.suno.com.br\/noticias\/","name":"Suno Not\u00edcias","description":"Seu portal de informa\u00e7\u00e3o sobre o mundo dos investimentos","publisher":{"@id":"https:\/\/www.suno.com.br\/noticias\/#organization"},"potentialAction":[{"@type":"SearchAction","target":{"@type":"EntryPoint","urlTemplate":"https:\/\/www.suno.com.br\/noticias\/?s={search_term_string}"},"query-input":{"@type":"PropertyValueSpecification","valueRequired":true,"valueName":"search_term_string"}}],"inLanguage":"pt-BR"},{"@type":"Organization","@id":"https:\/\/www.suno.com.br\/noticias\/#organization","name":"Suno Not\u00edcias","url":"https:\/\/www.suno.com.br\/noticias\/","logo":{"@type":"ImageObject","inLanguage":"pt-BR","@id":"https:\/\/www.suno.com.br\/noticias\/#\/schema\/logo\/image\/","url":"https:\/\/files.sunoresearch.com.br\/n\/uploads\/2021\/09\/suno-logo.png","contentUrl":"https:\/\/files.sunoresearch.com.br\/n\/uploads\/2021\/09\/suno-logo.png","width":180,"height":180,"caption":"Suno Not\u00edcias"},"image":{"@id":"https:\/\/www.suno.com.br\/noticias\/#\/schema\/logo\/image\/"},"sameAs":["https:\/\/facebook.com\/sunoresearch","https:\/\/x.com\/sunoresearch","https:\/\/www.instagram.com\/suno","https:\/\/www.linkedin.com\/company\/suno-research\/","https:\/\/www.youtube.com\/c\/sunoresearch"]},{"@type":"Person","@id":"https:\/\/www.suno.com.br\/noticias\/#\/schema\/person\/7f4d362bf3518e76090143ae77bb49a5","name":"Eduardo Vargas","image":{"@type":"ImageObject","inLanguage":"pt-BR","@id":"https:\/\/www.suno.com.br\/noticias\/#\/schema\/person\/image\/","url":"https:\/\/secure.gravatar.com\/avatar\/dac340933427a22924c9f99d1eb2e3f2?s=96&r=g","contentUrl":"https:\/\/secure.gravatar.com\/avatar\/dac340933427a22924c9f99d1eb2e3f2?s=96&r=g","caption":"Eduardo Vargas"},"description":"Jornalista formado pela UFSC, cobre macroeconomia, neg\u00f3cios e startups para o Suno Not\u00edcias, escrevendo principalmente not\u00edcias sobre o mercado financeiro e a bolsa de valores. No YouTube e no Instagram, \u00e9 respons\u00e1vel pela produ\u00e7\u00e3o de Reels e Shorts do Suno Not\u00edcias. Anteriormente, trabalhou cobrindo economia e cotidiano no ND+ e para o ND, maior jornal impresso de Santa Catarina. Cursou um semestre letivo de Estudos de M\u00eddia na Universidad de Buenos Aires.","url":"https:\/\/www.suno.com.br\/noticias\/author\/eduardo-vargas\/"}]}},"default_loop_html":"<div class=\"cardsPage__listCard__boxs\"><div class=\"cardsPage__listCard__boxs__img\"><a href=\"https:\/\/www.suno.com.br\/noticias\/presidente-do-itau-itub4-reforma-tributaria-credito\/\"><img class=\"mask\" src=\"https:\/\/www.suno.com.br\/noticias\/wp-content\/themes\/suno\/resources\/images\/spotlight\/spotlight1img\/bg-mask.png\" alt=\"Image Mask\"\/><img src=\"https:\/\/files.sunoresearch.com.br\/n\/uploads\/2021\/08\/692783ef-pr-itub-400x200.png\" alt=\"Presidente do Ita\u00fa (ITUB4) aprova reforma tribut\u00e1ria, mas v\u00ea impacto no cr\u00e9dito\"\/><\/a><span class=\"spotlightCategory\"><a href=\"https:\/\/www.suno.com.br\/noticias\/economia\/\">Economia<\/a><\/span><\/div><div class=\"cardsPage__listCard__boxs__content\"><a href=\"https:\/\/www.suno.com.br\/noticias\/presidente-do-itau-itub4-reforma-tributaria-credito\/\"><h2 class=\"content__title\">Presidente do Ita\u00fa (ITUB4) aprova reforma tribut\u00e1ria, mas v\u00ea impacto no cr\u00e9dito<\/h2><\/a><div class=\"newsContent__article__meta\"><div class=\"newsContent__article__meta__authorBox\"><a href=\"https:\/\/www.suno.com.br\/noticias\/author\/eduardo-vargas\/\" class=\"authorBox__avatar noMobi\"><img src=\"https:\/\/secure.gravatar.com\/avatar\/dac340933427a22924c9f99d1eb2e3f2?s=96&#038;r=g\" alt=\"Eduardo Vargas\"><\/a><div class=\"authorBox__name\"><span>por\n\t\t\t<a href=\"https:\/\/www.suno.com.br\/noticias\/author\/eduardo-vargas\/\"><span itemprop=\"author\">Eduardo Vargas<\/span><\/a><\/span><time datetime=\"2021-08-03T17:09:02-03:00\" itemprop=\"datePublished\">03\/08\/2021 17:09<\/time><\/div><\/div><\/div><\/div><\/div>","single_layout":"posts","amp_enabled":true,"_links":{"self":[{"href":"https:\/\/www.suno.com.br\/noticias\/wp-json\/wp\/v2\/posts\/190396"}],"collection":[{"href":"https:\/\/www.suno.com.br\/noticias\/wp-json\/wp\/v2\/posts"}],"about":[{"href":"https:\/\/www.suno.com.br\/noticias\/wp-json\/wp\/v2\/types\/post"}],"author":[{"embeddable":true,"href":"https:\/\/www.suno.com.br\/noticias\/wp-json\/wp\/v2\/users\/73"}],"replies":[{"embeddable":true,"href":"https:\/\/www.suno.com.br\/noticias\/wp-json\/wp\/v2\/comments?post=190396"}],"version-history":[{"count":4,"href":"https:\/\/www.suno.com.br\/noticias\/wp-json\/wp\/v2\/posts\/190396\/revisions"}],"predecessor-version":[{"id":190492,"href":"https:\/\/www.suno.com.br\/noticias\/wp-json\/wp\/v2\/posts\/190396\/revisions\/190492"}],"wp:featuredmedia":[{"embeddable":true,"href":"https:\/\/www.suno.com.br\/noticias\/wp-json\/wp\/v2\/media\/151043"}],"wp:attachment":[{"href":"https:\/\/www.suno.com.br\/noticias\/wp-json\/wp\/v2\/media?parent=190396"}],"wp:term":[{"taxonomy":"category","embeddable":true,"href":"https:\/\/www.suno.com.br\/noticias\/wp-json\/wp\/v2\/categories?post=190396"},{"taxonomy":"post_tag","embeddable":true,"href":"https:\/\/www.suno.com.br\/noticias\/wp-json\/wp\/v2\/tags?post=190396"},{"taxonomy":"suno_strategy","embeddable":true,"href":"https:\/\/www.suno.com.br\/noticias\/wp-json\/wp\/v2\/suno_strategy?post=190396"}],"curies":[{"name":"wp","href":"https:\/\/api.w.org\/{rel}","templated":true}]}}