{"id":19035,"date":"2019-03-25T21:01:30","date_gmt":"2019-03-26T00:01:30","guid":{"rendered":"https:\/\/www.suno.com.br\/noticias\/?p=19035"},"modified":"2019-03-25T21:01:30","modified_gmt":"2019-03-26T00:01:30","slug":"natura-acoes-negociacoes-avon","status":"publish","type":"post","link":"https:\/\/www.suno.com.br\/noticias\/natura-acoes-negociacoes-avon\/","title":{"rendered":"Natura: a\u00e7\u00f5es caem com confirma\u00e7\u00e3o de negocia\u00e7\u00f5es envolvendo a Avon"},"content":{"rendered":"<p>As a\u00e7\u00f5es da Natura (NATU3) fecharam esta segunda-feira (25) em queda de 3,37% a R$40,10 ap\u00f3s a empresa confirmar negocia\u00e7\u00f5es de compra da maior rival, a Avon.<\/p>\t<div class=\"wrapper-featured-image\">\n\t\t<figure class=\"spotlightImg\">\n\n\t\t\t<picture>\n\t\t\t\t<source media=\"(max-width: 768px)\" srcset=\"https:\/\/files.sunoresearch.com.br\/n\/uploads\/2019\/01\/dcaebeb4-avon-400x200.webp\">\n\t\t\t\t<img loading=\"lazy\" decoding=\"async\" class=\"newsContent__article__imgCapa lazyloadDisabled newsContent__article__imgCapa--noCaption\" src=\"https:\/\/files.sunoresearch.com.br\/n\/uploads\/2019\/01\/dcaebeb4-avon-800x450.webp\" width=\"800\" height=\"450\" alt=\"Natura: a\u00e7\u00f5es caem com confirma\u00e7\u00e3o de negocia\u00e7\u00f5es envolvendo a Avon\" fetchpriority=high \/>\n\t\t\t<\/picture>\n\n\t\t\t<figcaption class=\"wp-caption-text wp-caption-text--hide\">Avon Brasil estabelece parceria com Bradesco para oferecer maquininhas<\/figcaption>\n\t\t<\/figure>\n\t<\/div>\n\n\n<p>O mercado n\u00e3o repercutiu bem as noticias referentes a poss\u00edvel venda das opera\u00e7\u00f5es da <strong>Avon<\/strong> pela <strong>Natura<\/strong>. As informa\u00e7\u00f5es s\u00e3o da ag\u00eancia Dow Jones e foram publicadas na \u00faltima sexta-feira (22).<\/p>\n<p><a href=\"https:\/\/www.suno.com.br\/noticias\/natura-confirma-intencao-compra-parcela-avon\/\">Saiba mais:\u00a0Natura confirma inten\u00e7\u00e3o de compra de parcela da Avon<\/a><\/p>\n<p>&#8220;A esse respeito, a Companhia <strong>confirma<\/strong> que vem mantendo <strong>discuss\u00f5es<\/strong> com a <strong>Avon Products<\/strong>, Inc. a respeito de potencial <strong>transa\u00e7\u00e3o<\/strong> envolvendo ambas as companhias. Natura n\u00e3o pretende fazer coment\u00e1rios adicionais neste momento, por\u00e9m comunicar\u00e1 ao mercado quando apropriado&#8221;, disse a poss\u00edvel compradora em <strong>fato relevante<\/strong> divulgado nesta sexta-feira (22).<\/p>\n<p>De acordo com uma fonte com conhecimento do assunto, as negocia\u00e7\u00f5es est\u00e3o caminhando h\u00e1 alguns meses. O grupo financeiro <strong>Goldman Sachs<\/strong> estaria representado a <strong>Avon<\/strong> e o <strong>UBS<\/strong> a <strong>Natura<\/strong>. Tando a Golsman quanto a UBS n\u00e3o se manifestaram.<\/p>\n<p>De acordo com fontes do\u00a0Wall Street Journal, a <strong>Natura<\/strong> poderia comprar o neg\u00f3cio da <strong>Avon<\/strong> na Am\u00e9rica do Norte e as opera\u00e7\u00f5es listadas na bolsa.<\/p>\n<h2>Negocia\u00e7\u00f5es entre Avon e Natura<\/h2>\n<p>A <strong>Natura<\/strong> e a <strong>Avon<\/strong> operam com a venda de <strong>cosm\u00e9ticos<\/strong> por meio de uma rede de revendedores. A brasileira, por sua vez, possui uma cadeia de lojas, a <strong>Body Shop<\/strong>.<\/p>\n<p>Os cen\u00e1rios da <strong>Avon<\/strong> e da\u00a0<strong>Natura<\/strong> s\u00e3o opostos. A norte-americana apresentou uma <strong>receita trimestral<\/strong> <strong>abaixo das estimativas<\/strong> na \u00faltima divulga\u00e7\u00e3o de resultados.<\/p>\n<p>A companhia <strong>perdeu representantes de vendas<\/strong> e viu cair a <strong>demanda<\/strong> por seus produtos na Am\u00e9rica Latina. As <strong>a\u00e7\u00f5es<\/strong> chegaram a cair at\u00e9 19% ap\u00f3s a publica\u00e7\u00e3o do balan\u00e7o.<\/p>\n<p>A <strong>Natura,<\/strong> por sua vez, vive um bom momento. As <strong>a\u00e7\u00f5es<\/strong> da empresa subiram ap\u00f3s a \u00faltima divulga\u00e7\u00e3o dos resultados, mostrando um crescimento no lucro de 48% no quarto trimestre de 2018.<\/p>\n<p><a href=\"https:\/\/www.suno.com.br\/noticias\/natura-investidores-bolsa\/\">Saiba mais &#8211;\u00a0Natura ganha investidores na bolsa ap\u00f3s resultados positivos\u00a0<\/a><\/p>\n<p>A <strong>Natura<\/strong> e a <strong>Avon<\/strong> operam com a venda de <strong>cosm\u00e9ticos<\/strong> por meio de uma rede de revendedores. A brasileira, por sua vez, possui uma cadeia de lojas, a <strong>Body Shop<\/strong>.<\/p>\n<p>Os cen\u00e1rios da <strong>Avon<\/strong> e da\u00a0<strong>Natura<\/strong> s\u00e3o opostos. A norte-americana apresentou uma <strong>receita trimestral<\/strong> <strong>abaixo das estimativas<\/strong> na \u00faltima divulga\u00e7\u00e3o de resultados.<\/p>\n<p>A companhia <strong>perdeu representantes de vendas<\/strong> e viu cair a <strong>demanda<\/strong> por seus produtos na Am\u00e9rica Latina. As <strong>a\u00e7\u00f5es<\/strong> chegaram a cair at\u00e9 19% ap\u00f3s a publica\u00e7\u00e3o do balan\u00e7o.<\/p>\n<p>A <strong>Natura,<\/strong> por sua vez, vive um bom momento. As <strong>a\u00e7\u00f5es<\/strong> da empresa subiram ap\u00f3s a \u00faltima divulga\u00e7\u00e3o dos resultados, mostrando um crescimento no lucro de 48% no quarto trimestre de 2018.<\/p>\n<p><a href=\"https:\/\/www.suno.com.br\/noticias\/natura-investidores-bolsa\/\">Saiba mais &#8211;\u00a0Natura ganha investidores na bolsa ap\u00f3s resultados positivos\u00a0<\/a><\/p>\n<h2>Como a compra beneficiaria a Natura<\/h2>\n<p>De acordo com an\u00e1lise do &#8220;Valor Econ\u00f4mico&#8221;, que tomou por base os dados de 2017 do<strong>\u00a0Euromonitor International<\/strong>, a <strong>Natura<\/strong> aumentaria a participa\u00e7\u00e3o no<strong> mercado brasileiro de higiene pessoal e beleza<\/strong> para cerca de <strong>17%<\/strong>. Isso caso adquirisse toda a fatia da <strong>Avon<\/strong> no mercado brasileiro.<\/p>\n<p>Afinal, as vendas da <strong>Avon<\/strong> e da <strong>Natura<\/strong> representaram, respectivamente, em <strong>2017<\/strong>:<\/p>\n<ul>\n<li>5,6%<\/li>\n<li>11,7%<\/li>\n<\/ul>\n<p>No mesmo ano dos dados coletados, a Natura recuperou o primeiro lugar nas vendas de cosm\u00e9ticos e cuidados pessoais no Pa\u00eds. Os principais concorrentes ocuparam venderam:<\/p>\n<ul>\n<li><strong>Unilever:<\/strong> 11,1% das vendas.<\/li>\n<li><strong>Grupo Botic\u00e1rio:<\/strong> 10,8% (desconsiderando a aquisi\u00e7\u00e3o da Vult Cosm\u00e9tica, que ocorreu em mar\u00e7o de 2018).<\/li>\n<li><strong>L&#8217;Or\u00e9al:<\/strong> 7,3% das vendas.<\/li>\n<li><strong>Colgate-Palmolive:<\/strong> 6,6% das vendas.<\/li>\n<li><strong>Procter &amp; Gamble:<\/strong> 5% das vendas.<\/li>\n<li><strong>Johnson &amp; Johnson:<\/strong> 4,1% das vendas.<\/li>\n<li><strong>Coty:<\/strong> 3,9% das vendas.<\/li>\n<li><strong>Beiersdorf<\/strong> (dona da Nivea):\u00a03,1% das vendas.<\/li>\n<\/ul>\n<p>Especialistas ouvidos pelo &#8220;Valor Econ\u00f4mico&#8221; consideram que a eventual aquisi\u00e7\u00e3o da <strong>Avon<\/strong> pela <strong>Natura<\/strong> n\u00e3o seria barrada pelo <a href=\"https:\/\/www.suno.com.br\/artigos\/cade\/\">Conselho Administrativo de Defesa Econ\u00f4mica<\/a> (Cade).<\/p>\n","protected":false},"excerpt":{"rendered":"<p>As a\u00e7\u00f5es da Natura (NATU3) fecharam esta segunda-feira (25) em queda de 3,37% a R$40,10 ap\u00f3s a empresa confirmar negocia\u00e7\u00f5es de compra da maior rival, a Avon. Avon Brasil estabelece parceria com Bradesco para oferecer maquininhas O mercado n\u00e3o repercutiu bem as noticias referentes a poss\u00edvel venda das opera\u00e7\u00f5es da Avon pela Natura. As informa\u00e7\u00f5es [&hellip;]<\/p>\n","protected":false},"author":14,"featured_media":11536,"comment_status":"closed","ping_status":"closed","sticky":false,"template":"","format":"standard","meta":[],"categories":[64],"tags":[286,975,574],"suno_strategy":[],"class_list":["post-19035","post","type-post","status-publish","format-standard","has-post-thumbnail","hentry","category-negocios","tag-acoes","tag-avon","tag-natura-ntco3"],"yoast_head":"<!-- This site is optimized with the Yoast SEO plugin v24.4 - https:\/\/yoast.com\/wordpress\/plugins\/seo\/ -->\n<title>Natura: a\u00e7\u00f5es caem com confirma\u00e7\u00e3o de negocia\u00e7\u00f5es envolvendo a Avon<\/title>\n<meta name=\"description\" content=\"O mercado n\u00e3o repercutiu bem as noticias referentes a poss\u00edvel venda das opera\u00e7\u00f5es da Avon pela Natura. Clique para saber mais.\" \/>\n<meta name=\"robots\" content=\"index, follow, max-snippet:-1, max-image-preview:large, max-video-preview:-1\" \/>\n<link rel=\"canonical\" href=\"https:\/\/www.suno.com.br\/noticias\/natura-acoes-negociacoes-avon\/\" \/>\n<meta property=\"og:locale\" content=\"pt_BR\" \/>\n<meta property=\"og:type\" content=\"article\" \/>\n<meta property=\"og:title\" content=\"Natura: a\u00e7\u00f5es caem com confirma\u00e7\u00e3o de negocia\u00e7\u00f5es envolvendo a Avon\" \/>\n<meta property=\"og:description\" content=\"O mercado n\u00e3o repercutiu bem as noticias referentes a poss\u00edvel venda das opera\u00e7\u00f5es da Avon pela Natura. Clique para saber mais.\" \/>\n<meta property=\"og:url\" content=\"https:\/\/www.suno.com.br\/noticias\/natura-acoes-negociacoes-avon\/\" \/>\n<meta property=\"og:site_name\" content=\"Suno Not\u00edcias\" \/>\n<meta property=\"article:publisher\" content=\"https:\/\/facebook.com\/sunoresearch\" \/>\n<meta property=\"og:image\" content=\"https:\/\/files.sunoresearch.com.br\/n\/uploads\/2019\/01\/dcaebeb4-avon.jpg\" \/>\n\t<meta property=\"og:image:width\" content=\"3456\" \/>\n\t<meta property=\"og:image:height\" content=\"2304\" \/>\n\t<meta property=\"og:image:type\" content=\"image\/jpeg\" \/>\n<meta name=\"author\" content=\"Renan Dantas\" \/>\n<meta name=\"twitter:card\" content=\"summary_large_image\" \/>\n<meta name=\"twitter:creator\" content=\"@sunoresearch\" \/>\n<meta name=\"twitter:site\" content=\"@sunoresearch\" \/>\n<meta name=\"twitter:label1\" content=\"Escrito por\" \/>\n\t<meta name=\"twitter:data1\" content=\"Renan Dantas\" \/>\n\t<meta name=\"twitter:label2\" content=\"Est. tempo de leitura\" \/>\n\t<meta name=\"twitter:data2\" content=\"3 minutos\" \/>\n<script type=\"application\/ld+json\" class=\"yoast-schema-graph\">{\"@context\":\"https:\/\/schema.org\",\"@graph\":[{\"@type\":\"NewsArticle\",\"@id\":\"https:\/\/www.suno.com.br\/noticias\/natura-acoes-negociacoes-avon\/#article\",\"isPartOf\":{\"@id\":\"https:\/\/www.suno.com.br\/noticias\/natura-acoes-negociacoes-avon\/\"},\"author\":{\"name\":\"Renan Dantas\",\"@id\":\"https:\/\/www.suno.com.br\/noticias\/#\/schema\/person\/3f7693d5795a3f6d5ce15309ee785699\"},\"headline\":\"Natura: a\u00e7\u00f5es caem com confirma\u00e7\u00e3o de negocia\u00e7\u00f5es envolvendo a Avon\",\"datePublished\":\"2019-03-26T00:01:30+00:00\",\"mainEntityOfPage\":{\"@id\":\"https:\/\/www.suno.com.br\/noticias\/natura-acoes-negociacoes-avon\/\"},\"wordCount\":659,\"publisher\":{\"@id\":\"https:\/\/www.suno.com.br\/noticias\/#organization\"},\"image\":{\"@id\":\"https:\/\/www.suno.com.br\/noticias\/natura-acoes-negociacoes-avon\/#primaryimage\"},\"thumbnailUrl\":\"https:\/\/files.sunoresearch.com.br\/n\/uploads\/2019\/01\/dcaebeb4-avon-scaled.webp\",\"keywords\":[\"A\u00e7\u00f5es\",\"Avon\",\"Natura (NTCO3)\"],\"articleSection\":[\"Neg\u00f3cios\"],\"inLanguage\":\"pt-BR\"},{\"@type\":\"WebPage\",\"@id\":\"https:\/\/www.suno.com.br\/noticias\/natura-acoes-negociacoes-avon\/\",\"url\":\"https:\/\/www.suno.com.br\/noticias\/natura-acoes-negociacoes-avon\/\",\"name\":\"Natura: a\u00e7\u00f5es caem com confirma\u00e7\u00e3o de negocia\u00e7\u00f5es envolvendo a Avon\",\"isPartOf\":{\"@id\":\"https:\/\/www.suno.com.br\/noticias\/#website\"},\"primaryImageOfPage\":{\"@id\":\"https:\/\/www.suno.com.br\/noticias\/natura-acoes-negociacoes-avon\/#primaryimage\"},\"image\":{\"@id\":\"https:\/\/www.suno.com.br\/noticias\/natura-acoes-negociacoes-avon\/#primaryimage\"},\"thumbnailUrl\":\"https:\/\/files.sunoresearch.com.br\/n\/uploads\/2019\/01\/dcaebeb4-avon-scaled.webp\",\"datePublished\":\"2019-03-26T00:01:30+00:00\",\"description\":\"O mercado n\u00e3o repercutiu bem as noticias referentes a poss\u00edvel venda das opera\u00e7\u00f5es da Avon pela Natura. Clique para saber mais.\",\"breadcrumb\":{\"@id\":\"https:\/\/www.suno.com.br\/noticias\/natura-acoes-negociacoes-avon\/#breadcrumb\"},\"inLanguage\":\"pt-BR\",\"potentialAction\":[{\"@type\":\"ReadAction\",\"target\":[\"https:\/\/www.suno.com.br\/noticias\/natura-acoes-negociacoes-avon\/\"]}]},{\"@type\":\"ImageObject\",\"inLanguage\":\"pt-BR\",\"@id\":\"https:\/\/www.suno.com.br\/noticias\/natura-acoes-negociacoes-avon\/#primaryimage\",\"url\":\"https:\/\/files.sunoresearch.com.br\/n\/uploads\/2019\/01\/dcaebeb4-avon-scaled.webp\",\"contentUrl\":\"https:\/\/files.sunoresearch.com.br\/n\/uploads\/2019\/01\/dcaebeb4-avon-scaled.webp\",\"width\":2560,\"height\":1707,\"caption\":\"Avon Brasil estabelece parceria com Bradesco para oferecer maquininhas\"},{\"@type\":\"BreadcrumbList\",\"@id\":\"https:\/\/www.suno.com.br\/noticias\/natura-acoes-negociacoes-avon\/#breadcrumb\",\"itemListElement\":[{\"@type\":\"ListItem\",\"position\":1,\"name\":\"Not\u00edcias\",\"item\":\"https:\/\/www.suno.com.br\/noticias\/\"},{\"@type\":\"ListItem\",\"position\":2,\"name\":\"Neg\u00f3cios\",\"item\":\"https:\/\/www.suno.com.br\/noticias\/negocios\/\"},{\"@type\":\"ListItem\",\"position\":3,\"name\":\"Natura: a\u00e7\u00f5es caem com confirma\u00e7\u00e3o de negocia\u00e7\u00f5es envolvendo a Avon\"}]},{\"@type\":\"WebSite\",\"@id\":\"https:\/\/www.suno.com.br\/noticias\/#website\",\"url\":\"https:\/\/www.suno.com.br\/noticias\/\",\"name\":\"Suno Not\u00edcias\",\"description\":\"Seu portal de informa\u00e7\u00e3o sobre o mundo dos investimentos\",\"publisher\":{\"@id\":\"https:\/\/www.suno.com.br\/noticias\/#organization\"},\"potentialAction\":[{\"@type\":\"SearchAction\",\"target\":{\"@type\":\"EntryPoint\",\"urlTemplate\":\"https:\/\/www.suno.com.br\/noticias\/?s={search_term_string}\"},\"query-input\":{\"@type\":\"PropertyValueSpecification\",\"valueRequired\":true,\"valueName\":\"search_term_string\"}}],\"inLanguage\":\"pt-BR\"},{\"@type\":\"Organization\",\"@id\":\"https:\/\/www.suno.com.br\/noticias\/#organization\",\"name\":\"Suno Not\u00edcias\",\"url\":\"https:\/\/www.suno.com.br\/noticias\/\",\"logo\":{\"@type\":\"ImageObject\",\"inLanguage\":\"pt-BR\",\"@id\":\"https:\/\/www.suno.com.br\/noticias\/#\/schema\/logo\/image\/\",\"url\":\"https:\/\/files.sunoresearch.com.br\/n\/uploads\/2021\/09\/suno-logo.png\",\"contentUrl\":\"https:\/\/files.sunoresearch.com.br\/n\/uploads\/2021\/09\/suno-logo.png\",\"width\":180,\"height\":180,\"caption\":\"Suno Not\u00edcias\"},\"image\":{\"@id\":\"https:\/\/www.suno.com.br\/noticias\/#\/schema\/logo\/image\/\"},\"sameAs\":[\"https:\/\/facebook.com\/sunoresearch\",\"https:\/\/x.com\/sunoresearch\",\"https:\/\/www.instagram.com\/suno\",\"https:\/\/www.linkedin.com\/company\/suno-research\/\",\"https:\/\/www.youtube.com\/c\/sunoresearch\"]},{\"@type\":\"Person\",\"@id\":\"https:\/\/www.suno.com.br\/noticias\/#\/schema\/person\/3f7693d5795a3f6d5ce15309ee785699\",\"name\":\"Renan Dantas\",\"image\":{\"@type\":\"ImageObject\",\"inLanguage\":\"pt-BR\",\"@id\":\"https:\/\/www.suno.com.br\/noticias\/#\/schema\/person\/image\/\",\"url\":\"https:\/\/secure.gravatar.com\/avatar\/1787b83e7484a08e51d62ac8b41c8396?s=96&r=g\",\"contentUrl\":\"https:\/\/secure.gravatar.com\/avatar\/1787b83e7484a08e51d62ac8b41c8396?s=96&r=g\",\"caption\":\"Renan Dantas\"},\"description\":\"Escreve sobre pol\u00edtica e mercado financeiro para o portal Suno Not\u00edcias. Antes, atuou na assessoria de comunica\u00e7\u00e3o do Minist\u00e9rio P\u00fablico do Trabalho e na R\u00e1dio Mackenzie, onde apresentava e produzia um programa sobre artistas da m\u00fasica brasileira. \u00c9 estudante na Universidade Presbiteriana Mackenzie.\",\"url\":\"https:\/\/www.suno.com.br\/noticias\/author\/renan-dantas\/\"}]}<\/script>\n<!-- \/ Yoast SEO plugin. -->","yoast_head_json":{"title":"Natura: a\u00e7\u00f5es caem com confirma\u00e7\u00e3o de negocia\u00e7\u00f5es envolvendo a Avon","description":"O mercado n\u00e3o repercutiu bem as noticias referentes a poss\u00edvel venda das opera\u00e7\u00f5es da Avon pela Natura. Clique para saber mais.","robots":{"index":"index","follow":"follow","max-snippet":"max-snippet:-1","max-image-preview":"max-image-preview:large","max-video-preview":"max-video-preview:-1"},"canonical":"https:\/\/www.suno.com.br\/noticias\/natura-acoes-negociacoes-avon\/","og_locale":"pt_BR","og_type":"article","og_title":"Natura: a\u00e7\u00f5es caem com confirma\u00e7\u00e3o de negocia\u00e7\u00f5es envolvendo a Avon","og_description":"O mercado n\u00e3o repercutiu bem as noticias referentes a poss\u00edvel venda das opera\u00e7\u00f5es da Avon pela Natura. Clique para saber mais.","og_url":"https:\/\/www.suno.com.br\/noticias\/natura-acoes-negociacoes-avon\/","og_site_name":"Suno Not\u00edcias","article_publisher":"https:\/\/facebook.com\/sunoresearch","og_image":[{"width":3456,"height":2304,"url":"https:\/\/files.sunoresearch.com.br\/n\/uploads\/2019\/01\/dcaebeb4-avon.jpg","type":"image\/jpeg"}],"author":"Renan Dantas","twitter_card":"summary_large_image","twitter_creator":"@sunoresearch","twitter_site":"@sunoresearch","twitter_misc":{"Escrito por":"Renan Dantas","Est. tempo de leitura":"3 minutos"},"schema":{"@context":"https:\/\/schema.org","@graph":[{"@type":"NewsArticle","@id":"https:\/\/www.suno.com.br\/noticias\/natura-acoes-negociacoes-avon\/#article","isPartOf":{"@id":"https:\/\/www.suno.com.br\/noticias\/natura-acoes-negociacoes-avon\/"},"author":{"name":"Renan Dantas","@id":"https:\/\/www.suno.com.br\/noticias\/#\/schema\/person\/3f7693d5795a3f6d5ce15309ee785699"},"headline":"Natura: a\u00e7\u00f5es caem com confirma\u00e7\u00e3o de negocia\u00e7\u00f5es envolvendo a Avon","datePublished":"2019-03-26T00:01:30+00:00","mainEntityOfPage":{"@id":"https:\/\/www.suno.com.br\/noticias\/natura-acoes-negociacoes-avon\/"},"wordCount":659,"publisher":{"@id":"https:\/\/www.suno.com.br\/noticias\/#organization"},"image":{"@id":"https:\/\/www.suno.com.br\/noticias\/natura-acoes-negociacoes-avon\/#primaryimage"},"thumbnailUrl":"https:\/\/files.sunoresearch.com.br\/n\/uploads\/2019\/01\/dcaebeb4-avon-scaled.webp","keywords":["A\u00e7\u00f5es","Avon","Natura (NTCO3)"],"articleSection":["Neg\u00f3cios"],"inLanguage":"pt-BR"},{"@type":"WebPage","@id":"https:\/\/www.suno.com.br\/noticias\/natura-acoes-negociacoes-avon\/","url":"https:\/\/www.suno.com.br\/noticias\/natura-acoes-negociacoes-avon\/","name":"Natura: a\u00e7\u00f5es caem com confirma\u00e7\u00e3o de negocia\u00e7\u00f5es envolvendo a Avon","isPartOf":{"@id":"https:\/\/www.suno.com.br\/noticias\/#website"},"primaryImageOfPage":{"@id":"https:\/\/www.suno.com.br\/noticias\/natura-acoes-negociacoes-avon\/#primaryimage"},"image":{"@id":"https:\/\/www.suno.com.br\/noticias\/natura-acoes-negociacoes-avon\/#primaryimage"},"thumbnailUrl":"https:\/\/files.sunoresearch.com.br\/n\/uploads\/2019\/01\/dcaebeb4-avon-scaled.webp","datePublished":"2019-03-26T00:01:30+00:00","description":"O mercado n\u00e3o repercutiu bem as noticias referentes a poss\u00edvel venda das opera\u00e7\u00f5es da Avon pela Natura. Clique para saber mais.","breadcrumb":{"@id":"https:\/\/www.suno.com.br\/noticias\/natura-acoes-negociacoes-avon\/#breadcrumb"},"inLanguage":"pt-BR","potentialAction":[{"@type":"ReadAction","target":["https:\/\/www.suno.com.br\/noticias\/natura-acoes-negociacoes-avon\/"]}]},{"@type":"ImageObject","inLanguage":"pt-BR","@id":"https:\/\/www.suno.com.br\/noticias\/natura-acoes-negociacoes-avon\/#primaryimage","url":"https:\/\/files.sunoresearch.com.br\/n\/uploads\/2019\/01\/dcaebeb4-avon-scaled.webp","contentUrl":"https:\/\/files.sunoresearch.com.br\/n\/uploads\/2019\/01\/dcaebeb4-avon-scaled.webp","width":2560,"height":1707,"caption":"Avon Brasil estabelece parceria com Bradesco para oferecer maquininhas"},{"@type":"BreadcrumbList","@id":"https:\/\/www.suno.com.br\/noticias\/natura-acoes-negociacoes-avon\/#breadcrumb","itemListElement":[{"@type":"ListItem","position":1,"name":"Not\u00edcias","item":"https:\/\/www.suno.com.br\/noticias\/"},{"@type":"ListItem","position":2,"name":"Neg\u00f3cios","item":"https:\/\/www.suno.com.br\/noticias\/negocios\/"},{"@type":"ListItem","position":3,"name":"Natura: a\u00e7\u00f5es caem com confirma\u00e7\u00e3o de negocia\u00e7\u00f5es envolvendo a Avon"}]},{"@type":"WebSite","@id":"https:\/\/www.suno.com.br\/noticias\/#website","url":"https:\/\/www.suno.com.br\/noticias\/","name":"Suno Not\u00edcias","description":"Seu portal de informa\u00e7\u00e3o sobre o mundo dos investimentos","publisher":{"@id":"https:\/\/www.suno.com.br\/noticias\/#organization"},"potentialAction":[{"@type":"SearchAction","target":{"@type":"EntryPoint","urlTemplate":"https:\/\/www.suno.com.br\/noticias\/?s={search_term_string}"},"query-input":{"@type":"PropertyValueSpecification","valueRequired":true,"valueName":"search_term_string"}}],"inLanguage":"pt-BR"},{"@type":"Organization","@id":"https:\/\/www.suno.com.br\/noticias\/#organization","name":"Suno Not\u00edcias","url":"https:\/\/www.suno.com.br\/noticias\/","logo":{"@type":"ImageObject","inLanguage":"pt-BR","@id":"https:\/\/www.suno.com.br\/noticias\/#\/schema\/logo\/image\/","url":"https:\/\/files.sunoresearch.com.br\/n\/uploads\/2021\/09\/suno-logo.png","contentUrl":"https:\/\/files.sunoresearch.com.br\/n\/uploads\/2021\/09\/suno-logo.png","width":180,"height":180,"caption":"Suno Not\u00edcias"},"image":{"@id":"https:\/\/www.suno.com.br\/noticias\/#\/schema\/logo\/image\/"},"sameAs":["https:\/\/facebook.com\/sunoresearch","https:\/\/x.com\/sunoresearch","https:\/\/www.instagram.com\/suno","https:\/\/www.linkedin.com\/company\/suno-research\/","https:\/\/www.youtube.com\/c\/sunoresearch"]},{"@type":"Person","@id":"https:\/\/www.suno.com.br\/noticias\/#\/schema\/person\/3f7693d5795a3f6d5ce15309ee785699","name":"Renan Dantas","image":{"@type":"ImageObject","inLanguage":"pt-BR","@id":"https:\/\/www.suno.com.br\/noticias\/#\/schema\/person\/image\/","url":"https:\/\/secure.gravatar.com\/avatar\/1787b83e7484a08e51d62ac8b41c8396?s=96&r=g","contentUrl":"https:\/\/secure.gravatar.com\/avatar\/1787b83e7484a08e51d62ac8b41c8396?s=96&r=g","caption":"Renan Dantas"},"description":"Escreve sobre pol\u00edtica e mercado financeiro para o portal Suno Not\u00edcias. Antes, atuou na assessoria de comunica\u00e7\u00e3o do Minist\u00e9rio P\u00fablico do Trabalho e na R\u00e1dio Mackenzie, onde apresentava e produzia um programa sobre artistas da m\u00fasica brasileira. \u00c9 estudante na Universidade Presbiteriana Mackenzie.","url":"https:\/\/www.suno.com.br\/noticias\/author\/renan-dantas\/"}]}},"default_loop_html":"<div class=\"cardsPage__listCard__boxs\"><div class=\"cardsPage__listCard__boxs__img\"><a href=\"https:\/\/www.suno.com.br\/noticias\/natura-acoes-negociacoes-avon\/\"><img class=\"mask\" src=\"https:\/\/www.suno.com.br\/noticias\/wp-content\/themes\/suno\/resources\/images\/spotlight\/spotlight1img\/bg-mask.png\" alt=\"Image Mask\"\/><img src=\"https:\/\/files.sunoresearch.com.br\/n\/uploads\/2019\/01\/dcaebeb4-avon-400x200.webp\" alt=\"Natura: a\u00e7\u00f5es caem com confirma\u00e7\u00e3o de negocia\u00e7\u00f5es envolvendo a Avon\"\/><\/a><span class=\"spotlightCategory\"><a href=\"https:\/\/www.suno.com.br\/noticias\/negocios\/\">Neg\u00f3cios<\/a><\/span><\/div><div class=\"cardsPage__listCard__boxs__content\"><a href=\"https:\/\/www.suno.com.br\/noticias\/natura-acoes-negociacoes-avon\/\"><h2 class=\"content__title\">Natura: a\u00e7\u00f5es caem com confirma\u00e7\u00e3o de negocia\u00e7\u00f5es envolvendo a Avon<\/h2><\/a><div class=\"newsContent__article__meta\"><div class=\"newsContent__article__meta__authorBox\"><a href=\"https:\/\/www.suno.com.br\/noticias\/author\/renan-dantas\/\" class=\"authorBox__avatar noMobi\"><img src=\"https:\/\/secure.gravatar.com\/avatar\/1787b83e7484a08e51d62ac8b41c8396?s=96&#038;r=g\" alt=\"Renan Dantas\"><\/a><div class=\"authorBox__name\"><span>por\n\t\t\t<a href=\"https:\/\/www.suno.com.br\/noticias\/author\/renan-dantas\/\"><span itemprop=\"author\">Renan Dantas<\/span><\/a><\/span><time datetime=\"2019-03-25T21:01:30-03:00\" itemprop=\"datePublished\">25\/03\/2019 21:01<\/time><\/div><\/div><\/div><\/div><\/div>","single_layout":"posts","amp_enabled":true,"_links":{"self":[{"href":"https:\/\/www.suno.com.br\/noticias\/wp-json\/wp\/v2\/posts\/19035"}],"collection":[{"href":"https:\/\/www.suno.com.br\/noticias\/wp-json\/wp\/v2\/posts"}],"about":[{"href":"https:\/\/www.suno.com.br\/noticias\/wp-json\/wp\/v2\/types\/post"}],"author":[{"embeddable":true,"href":"https:\/\/www.suno.com.br\/noticias\/wp-json\/wp\/v2\/users\/14"}],"replies":[{"embeddable":true,"href":"https:\/\/www.suno.com.br\/noticias\/wp-json\/wp\/v2\/comments?post=19035"}],"version-history":[{"count":0,"href":"https:\/\/www.suno.com.br\/noticias\/wp-json\/wp\/v2\/posts\/19035\/revisions"}],"wp:featuredmedia":[{"embeddable":true,"href":"https:\/\/www.suno.com.br\/noticias\/wp-json\/wp\/v2\/media\/11536"}],"wp:attachment":[{"href":"https:\/\/www.suno.com.br\/noticias\/wp-json\/wp\/v2\/media?parent=19035"}],"wp:term":[{"taxonomy":"category","embeddable":true,"href":"https:\/\/www.suno.com.br\/noticias\/wp-json\/wp\/v2\/categories?post=19035"},{"taxonomy":"post_tag","embeddable":true,"href":"https:\/\/www.suno.com.br\/noticias\/wp-json\/wp\/v2\/tags?post=19035"},{"taxonomy":"suno_strategy","embeddable":true,"href":"https:\/\/www.suno.com.br\/noticias\/wp-json\/wp\/v2\/suno_strategy?post=19035"}],"curies":[{"name":"wp","href":"https:\/\/api.w.org\/{rel}","templated":true}]}}