{"id":190346,"date":"2021-10-04T11:17:14","date_gmt":"2021-10-04T14:17:14","guid":{"rendered":"https:\/\/www.suno.com.br\/noticias\/?p=190346"},"modified":"2021-10-04T11:17:14","modified_gmt":"2021-10-04T14:17:14","slug":"ibovespa-are-caindo-banco-inter-bidi4-puxa-queda-previas","status":"publish","type":"post","link":"https:\/\/www.suno.com.br\/noticias\/ibovespa-are-caindo-banco-inter-bidi4-puxa-queda-previas\/","title":{"rendered":"Ibovespa recua com exterior; Banco Inter (BIDI4) puxa queda ap\u00f3s pr\u00e9via trimestral"},"content":{"rendered":"<p>No primeiro <a href=\"https:\/\/www.suno.com.br\/artigos\/pregao\">preg\u00e3o desta semana<\/a>, na segunda (4), o <strong>Ibovespa\u00a0<\/strong>abre em queda de 1,28% aos 111.452 pontos, com um dia negativo nos mercados internacionais, dada a preocupa\u00e7\u00e3o com a Evergrande e o teto da d\u00edvida nos Estados Unidos. Al\u00e9m disso, ap\u00f3s divulgar as suas pr\u00e9vias trimestrais, o <a href=\"https:\/\/www.suno.com.br\/acoes\/bidi11\">Banco Inter (BIDI11\/BIDI4)<\/a> lidera as quedas amargando baixa de mais de 5% em ambos os pap\u00e9is.<\/p>\t<div class=\"wrapper-featured-image\">\n\t\t<figure class=\"spotlightImg\">\n\n\t\t\t<picture>\n\t\t\t\t<source media=\"(max-width: 768px)\" srcset=\"https:\/\/files.sunoresearch.com.br\/n\/uploads\/2020\/11\/d1eb6bcb-fachada-nova_banco-inter_social-15-400x200.webp\">\n\t\t\t\t<img loading=\"lazy\" decoding=\"async\" class=\"newsContent__article__imgCapa lazyloadDisabled \" src=\"https:\/\/files.sunoresearch.com.br\/n\/uploads\/2020\/11\/d1eb6bcb-fachada-nova_banco-inter_social-15-800x450.webp\" width=\"800\" height=\"450\" alt=\"Ibovespa recua com exterior; Banco Inter (BIDI4) puxa queda ap\u00f3s pr\u00e9via trimestral\" fetchpriority=high \/>\n\t\t\t<\/picture>\n\n\t\t\t<figcaption class=\"wp-caption-text wp-caption-text--show\">Banco Inter - Foto: Divulga\u00e7\u00e3o<\/figcaption>\n\t\t<\/figure>\n\t<\/div>\n\n\n\t<p>\n\t\t<a href=\"https:\/\/lp.suno.com.br\/planilha-controle-gastos\/\" target=\"_blank\" data-element=\"shortcode-suno-banner\" title=\"Banner SUNO, clique e saiba mais\">\n\t\t\t<picture>\n\t\t\t\t<source media=\"(max-width: 500px)\" srcset=\"https:\/\/files.sunoresearch.com.br\/n\/uploads\/2023\/03\/400x300-Planilha-controle-de-gastos.png\">\n\t\t\t\t<img class=\"newsContent__article__imgCapa newsContent__article__imgCapa--banner\"\n\t\t\t\t\tsrc=\"https:\/\/files.sunoresearch.com.br\/n\/uploads\/2023\/03\/1420x240-Planilha-controle-de-gastos.png\"\n\t\t\t\t\tdata-promo-id=\"101751\"\t\t\t\t\t\t\t\t\t\twidth='1420' height='240'\t\t\t\t\talt=\"https:\/\/files.sunoresearch.com.br\/n\/uploads\/2023\/03\/1420x240-Planilha-controle-de-gastos.png\"\n\t\t\t\t>\n\t\t\t<\/picture>\n\t\t<\/a>\n\t<\/p>\n\n\n<p>O <strong>Ibovespa hoje<\/strong> segue com a tens\u00e3o internacional da chinesa Evergrande, que teve suas a\u00e7\u00f5es suspensas nesta segunda (4). Em declara\u00e7\u00f5es ao mercado, tanto a companhia quanto uma de suas controladas informaram a interrup\u00e7\u00e3o sem indicar os motivos, sugerindo apenas uma &#8220;grande transa\u00e7\u00e3o&#8221;.<\/p>\n<p>A especula\u00e7\u00e3o no mercado \u00e9 de que a incorporadora Hopson Development deve adquirir cerca de 51% da unidade de gest\u00e3o imobili\u00e1ria do grupo Evergrande, por cerca de US$ 5,14 bilh\u00f5es, segundo a <em>CNBC<\/em>.<\/p>\n<p>Os mercados internacionais seguem sem sinal \u00fanico, com o S&amp;P 500 em queda, com preocupa\u00e7\u00f5es sobre o risco fiscal americano, considerando que os parlamentares ainda devem decidir sobre a condu\u00e7\u00e3o da situa\u00e7\u00e3o nos pr\u00f3ximos dias.<\/p>\n<p>&#8220;Iniciamos a semana com os investidores se posicionando com cautela, para uma agenda importante para o per\u00edodo. A defini\u00e7\u00e3o sobre os pacotes de est\u00edmulos nos EUA entre Republicanos e Democratas devem ser novamente adiadas. Trata-se da vota\u00e7\u00e3o final de um projeto de infraestrutura bipartid\u00e1rio de US$ 1,2 trilh\u00e3o e da poss\u00edvel redu\u00e7\u00e3o do valor do pacote de gastos sociais de US$ 3,5 trilh\u00f5es para cerca de US$ 2 trilh\u00f5es. A expectativa \u00e9 que a aprova\u00e7\u00e3o fique para o pr\u00f3ximo m\u00eas&#8221;, afirma Pedro Galdi, analista CNPI da Mirae Asset.<\/p>\n\t<div data-element=\"shortcode-read-more\" class=\"knowMore\">\n\t\t\t\t<span class=\"knowMore__title\">Leia mais<\/span>\n\t\t\t\t<a class=\"knowMore__link\" href=\"https:\/\/www.suno.com.br\/noticias\/asia-evergrande-queda-toquio-hong-kong\/\">\n\t\t\tNa \u00c1sia, Evergrande pressiona Bolsa em T\u00f3quio mas Hong Kong se recupera\t\t<\/a>\n\t<\/div>\n\n\n<p>Em termos de indicadores, o Brasil apresenta um IPC-Fipe de 1,13%, e de acordo com o Boletim Focus divulgado nesta segunda (4), o \u00cdndice Nacional de Pre\u00e7os ao Consumidor Amplo (IPCA) dever\u00e1 fechar o ano com alta acumulada de 8,51%.<\/p>\n<p>Sobre a <a class=\"suno-keyword\" href=\"https:\/\/www.suno.com.br\/artigos\/taxa-basica-de-juros\/\" target=\"_blank\" rel=\"noopener\" data-force=\"no\" data-priority=\"1\">taxa b\u00e1sica de juros<\/a>\u00a0da economia (<strong>Selic<\/strong>), utilizada como ferramenta de\u00a0<a class=\"suno-keyword\" href=\"https:\/\/www.suno.com.br\/artigos\/politica-monetaria\/\" target=\"_blank\" rel=\"noopener\" data-force=\"no\" data-priority=\"1\">pol\u00edtica monet\u00e1ria<\/a>\u00a0do\u00a0<a href=\"https:\/\/www.suno.com.br\/artigos\/bacen\/\" target=\"_blank\" rel=\"noopener\">Banco Central (BC)<\/a> para conter a infla\u00e7\u00e3o, a estimativa permanece a mesma h\u00e1 duas semanas &#8211; de 8,25% em 2021.<\/p>\n<p>Vale frisar que o dia de hoje \u00e9 feriado nacional na China, mantendo os mercados fechados no pa\u00eds asi\u00e1tico, e relativamente mornos nos outros continentes.<\/p>\n<h2>Not\u00edcias que v\u00e3o movimentar o Ibovespa hoje<\/h2>\n<ul>\n<li><b>Banco Pan <\/b>compra a Mosaico<\/li>\n<li>Pr\u00e9vias do <strong>Banco Inter<\/strong><\/li>\n<li><b>CVC <\/b>\u00e9 alvo de ataque<\/li>\n<li><b>Petrobras <\/b>ganha novo cap\u00edtulo em imbr\u00f3glio<\/li>\n<\/ul>\n<h3>Banco Pan incorporar\u00e1 a\u00e7\u00f5es da Mosaico<\/h3>\n<p>O\u00a0<a class=\"suno-keyword\" href=\"https:\/\/www.suno.com.br\/acoes\/BPAN4\/\" target=\"_blank\" rel=\"noopener\" data-force=\"yes\" data-priority=\"2\"><strong>Banco Pan<\/strong>\u00a0(BPAN4),<\/a> que \u00e9 controlado pelo banco de investimento <a href=\"https:\/\/www.suno.com.br\/acoes\/BPAC11\/\">BTG Pactual (BPAC11),<\/a>\u00a0comprou a <a href=\"https:\/\/www.suno.com.br\/acoes\/mosi3\/\">Mosaico (MOSI3)<\/a>, detentora dos sites de compras Buscap\u00e9, Bondfaro e Zoom.<\/p>\n<p>A opera\u00e7\u00e3o, que ser\u00e1 feita com troca de a\u00e7\u00f5es, implica em pr\u00eamio pago entre 9,7% e 42% para os acionistas da Mosaico.<\/p>\n<p>De acordo com o\u00a0<a class=\"suno-keyword\" href=\"https:\/\/www.suno.com.br\/artigos\/fato-relevante\/\" target=\"_blank\" rel=\"noopener\" data-force=\"no\" data-priority=\"1\">fato relevante<\/a> sobre a compra a propor\u00e7\u00e3o de troca ser\u00e1 de 0,8 a\u00e7\u00e3o do Banco Pan para cada a\u00e7\u00e3o da <strong>Mosaico<\/strong>. Considerando o \u00faltimo fechamento, sexta-feira (1\u00ba) a a\u00e7\u00e3o da Mosaico que fechou a R$ 12,62 e o Pan cotado a R$ 17,31, o pr\u00eamio imediato \u00e9 de 9,7%.<\/p>\n\t<p>\n\t\t<a href=\"https:\/\/lp.suno.com.br\/planilha-da-vida-financeira\/\" target=\"_blank\" data-element=\"shortcode-suno-banner\" title=\"Banner SUNO, clique e saiba mais\">\n\t\t\t<picture>\n\t\t\t\t<source media=\"(max-width: 500px)\" srcset=\"https:\/\/files.sunoresearch.com.br\/n\/uploads\/2023\/04\/400x300-Planilha-vida-financeira-true.png\">\n\t\t\t\t<img class=\"newsContent__article__imgCapa newsContent__article__imgCapa--banner\"\n\t\t\t\t\tsrc=\"https:\/\/files.sunoresearch.com.br\/n\/uploads\/2023\/04\/1420x240-Planilha-vida-financeira-true.png\"\n\t\t\t\t\tdata-promo-id=\"106682\"\t\t\t\t\t\t\t\t\t\twidth='1420' height='240'\t\t\t\t\talt=\"https:\/\/files.sunoresearch.com.br\/n\/uploads\/2023\/04\/1420x240-Planilha-vida-financeira-true.png\"\n\t\t\t\t>\n\t\t\t<\/picture>\n\t\t<\/a>\n\t<\/p>\n\n\n<p>Al\u00e9m disso, haver\u00e1 um\u00a0<a class=\"suno-keyword\" href=\"https:\/\/www.suno.com.br\/artigos\/bonus-de-subscricao\/\" target=\"_blank\" rel=\"noopener\" data-force=\"no\" data-priority=\"1\">b\u00f4nus de subscri\u00e7\u00e3o<\/a>, que ser\u00e1 negociado em bolsa, com\u00a0<a class=\"suno-keyword\" href=\"https:\/\/www.suno.com.br\/artigos\/valor-de-face\/\" target=\"_blank\" rel=\"noopener\" data-force=\"no\" data-priority=\"1\">valor de face<\/a>\u00a0de R$ 4. Caso este b\u00f4nus vingue, o pr\u00eamio recebido pelos acionistas da Mosaico pode chegar a 42%.<\/p>\n<p>O b\u00f4nus ser\u00e1 pago se a\u00a0<strong>a\u00e7\u00e3o do Pan<\/strong> fechar acima de R$ 24 por pelo menos tr\u00eas preg\u00f5es seguidos nos pr\u00f3ximos 30 meses. Inicialmente os acionistas da Mosaico ficar\u00e3o com uma fatia de 7,9% no Pan, que pode subir para 9,2% se o b\u00f4nus for exercido. A previs\u00e3o de conclus\u00e3o da compra pode ir de 90 a 120 dias.<\/p>\n<p>\u201cDessa forma, a transa\u00e7\u00e3o implica em um pr\u00eamio entre 9,7% (assumindo que o b\u00f4nus de subscri\u00e7\u00e3o vire p\u00f3) e 42% (assumindo que o b\u00f4nus de subscri\u00e7\u00e3o seja exercido) sobre o fechamento de MOSI3 na sexta-feira\u201d, informou o relat\u00f3rio da XP Investimentos sobre a transa\u00e7\u00e3o.<\/p>\n<p>As <strong>a\u00e7\u00f5es do Banco Pan <\/strong>lideram as <strong>altas do Ibovespa<\/strong>, subindo quase 2% no \u00edndice em um dia negativo para o mercado. Enquanto isso, as a\u00e7\u00f5es da Mosaico sobem 16% no intradia.<\/p>\n<h3>Pr\u00e9vias do Inter derrubam pap\u00e9is<\/h3>\n<p>O <a href=\"https:\/\/www.suno.com.br\/acoes\/BIDI11\/\"><strong>Banco Inter <\/strong>(BIDI11<\/a>) divulgou sua pr\u00e9via do resultado trimestral, reportando um montante de 14 milh\u00f5es de clientes, crescimento de 16% na base trimestral e 94% na anual.<\/p>\n<p>Al\u00e9m disso, o banco digital informou ter ultrapassado 422 milh\u00f5es de acessos em seu Super App no per\u00edodo.<\/p>\n<p>\u201cFinalizamos o m\u00eas de setembro com NPS de 84 pontos, na zona de excel\u00eancia\u201d, consta no documento divulgado pela companhia.<\/p>\n<p>\u201cEncerramos o terceiro trimestre com R$ 1,41 mil de saldo m\u00e9dio em conta por cliente, crescimento de 7% na base anual. Transacionamos R$ 11,6 bilh\u00f5es em cart\u00f5es no terceiro trimestre, crescimento de 23% na base trimestral e 125% na compara\u00e7\u00e3o anual. O n\u00famero de cart\u00f5es utilizados atingiu 4,8 milh\u00f5es, crescimento de 15% na base trimestral e 93% na compara\u00e7\u00e3o anual&#8221;, segue.<\/p>\n<p>Com as pr\u00e9vias, as\u00a0<strong>a\u00e7\u00f5es do Banco Inter<\/strong> caem cerca de 5,3% no <strong>Ibovespa hoje<\/strong>, liderando as quedas do \u00edndice e seguindo a tend\u00eancia do mercado.<\/p>\n<h3>CVC sofre ataque hacker<\/h3>\n<p>Ainda no fim de semana, a <a href=\"https:\/\/www.suno.com.br\/acoes\/cvcb3\/\"><strong>CVC<\/strong> (CVCB3<\/a>) informou que foi v\u00edtima de um ataque hacke. Em nota enviada \u00e0 imprensa, a companhia disse ter ativado com prontid\u00e3o \u201ctodos os seus protocolos de seguran\u00e7a\u201d e que est\u00e1 \u201catuando de forma diligente para mitigar os efeitos do ocorrido e preservar a continuidade dos seus neg\u00f3cios\u201d.<\/p>\n<p>Apesar de at\u00e9 a manh\u00e3 do domingo (3) o site da empresa estar inoperante, a plataforma retornou nesta segunda-feira (4).<\/p>\n<p>O site da CVC Corp, holding que controla as empresas do grupo, tamb\u00e9m est\u00e1 fora do ar. A CVC \u00e9 uma das maiores empresas da Am\u00e9rica Latina no segmento de viagens.<\/p>\n\t<p>\n\t\t<a href=\"https:\/\/lp.suno.com.br\/planilha-da-vida-financeira\/\" target=\"_blank\" data-element=\"shortcode-suno-banner\" title=\"Banner SUNO, clique e saiba mais\">\n\t\t\t<picture>\n\t\t\t\t<source media=\"(max-width: 500px)\" srcset=\"https:\/\/files.sunoresearch.com.br\/n\/uploads\/2023\/04\/400x300-Planilha-vida-financeira-true.png\">\n\t\t\t\t<img class=\"newsContent__article__imgCapa newsContent__article__imgCapa--banner\"\n\t\t\t\t\tsrc=\"https:\/\/files.sunoresearch.com.br\/n\/uploads\/2023\/04\/1420x240-Planilha-vida-financeira-true.png\"\n\t\t\t\t\tdata-promo-id=\"106682\"\t\t\t\t\t\t\t\t\t\twidth='1420' height='240'\t\t\t\t\talt=\"https:\/\/files.sunoresearch.com.br\/n\/uploads\/2023\/04\/1420x240-Planilha-vida-financeira-true.png\"\n\t\t\t\t>\n\t\t\t<\/picture>\n\t\t<\/a>\n\t<\/p>\n\n\n<p>&#8220;A CVC Corp informa que foi v\u00edtima de um ataque cibern\u00e9tico. A empresa prontamente ativou todos os seus protocolos de seguran\u00e7a. Neste momento, a companhia est\u00e1 atuando de forma diligente para mitigar os efeitos do ocorrido e preservar a continuidade dos seus neg\u00f3cios.\u00a0A empresa esclarece que o embarque de clientes com viagens marcadas e as reservas confirmadas n\u00e3o foram impactadas. A empresa informa tamb\u00e9m que a central de atendimento est\u00e1 temporariamente indispon\u00edvel&#8221;, consta o comunicado no site da companhia.<\/p>\n<p>Na <strong>Bolsa de Valores hoje<\/strong> as <strong>a\u00e7\u00f5es da CVC <\/strong>caem 4,2%.<\/p>\n<h3>Petrobras n\u00e3o faz \u2018pol\u00edtica p\u00fablica\u2019, diz Silva e Luna, em defesa dos reajustes<\/h3>\n<p>Em fala recente, o\u00a0presidente da <a href=\"https:\/\/www.suno.com.br\/acoes\/PETR4\/\"><strong>Petrobras<\/strong> (PETR4)<\/a>, Joaquim Silva e Luna, marcou presen\u00e7a em publica\u00e7\u00f5es de alcance nacional neste domingo para defender a pol\u00edtica de pre\u00e7os da companhia e para afirmar que a Petrobras j\u00e1 n\u00e3o \u00e9 \u201caquela empresa estatal na qual havia interfer\u00eancia do governo\u201d.<\/p>\n<p>As falas publicadas pelo jornal O Globo, ao qual o executivo deu uma entrevista, e pelo jornal O Estado de S. Paulo, em artigo assinado pelo executivo.<\/p>\n<p>Ao Globo, o executivo sustentou que a Petrobras \u201cn\u00e3o pode praticar pol\u00edticas p\u00fablicas, mas tem responsabilidade social\u201d. Segundo o presidente da estatal, as a\u00e7\u00f5es sociais da empresa n\u00e3o costumam ter a visibilidade necess\u00e1ria, o que mesmo \u201cagentes p\u00fablicos\u201d desconhecem atua\u00e7\u00e3o.<\/p>\n<p>Na semana passada, o presidente da C\u00e2mara dos Deputados, Arthur Lira (PP-AL) aumentou a press\u00e3o sobre a Petrobras por conta dos reajustes nos pre\u00e7os dos combust\u00edveis. Na sua conta do Twitter, o pol\u00edtico afirmou que os pre\u00e7os est\u00e3o \u201cinsustent\u00e1veis\u201d e que cabe \u00e0 Petrobras encontrar uma solu\u00e7\u00e3o que n\u00e3o seja o \u201csimples repasse frequente\u201d.<\/p>\n<p>As <strong>a\u00e7\u00f5es da Petrobras <\/strong>sobem cerca de 1% no Ibovespa.<\/p>\n<h2>Destaques do Ibovespa<\/h2>\n<p>As principais altas no Ibovespa, por volta das 10h20 s\u00e3o:<\/p>\n<ul>\n<li><a href=\"https:\/\/www.suno.com.br\/acoes\/BIDI11\"><strong>Banco Pan <\/strong>(BPAN4)<\/a>: +1,9%<\/li>\n<li><a href=\"https:\/\/www.suno.com.br\/acoes\/BIDI4\/\"><strong>Embraer <\/strong>(EMBR3)<\/a>: +1,6%<\/li>\n<li><a href=\"https:\/\/www.suno.com.br\/acoes\/mrve3\/\"><strong>PetroRio <\/strong>(PRIO3)<\/a>: +1,4%<\/li>\n<li><a href=\"https:\/\/www.suno.com.br\/acoes\/CASH3\/\"><strong>Petrobras <\/strong>(PETR3)<\/a>: +1%<\/li>\n<li><a href=\"https:\/\/www.suno.com.br\/acoes\/prio3\/\"><strong>Petrobras <\/strong>(PETR4)<\/a>: +0,9%<\/li>\n<\/ul>\n<p>No mesmo hor\u00e1rio, as principais quedas no Ibovespa eram:<\/p>\n<ul>\n<li><a href=\"https:\/\/www.suno.com.br\/acoes\/suzb3\/\"><strong>Banco Inter <\/strong>(BIDI11)<\/a>: -5,3%<\/li>\n<li><a href=\"https:\/\/www.suno.com.br\/acoes\/brkm5\/\"><strong>Banco Inter <\/strong>(BIDI4)<\/a>: -5,2%<\/li>\n<li><a href=\"https:\/\/www.suno.com.br\/acoes\/flry3\/\"><strong>Soma <\/strong>(SOMA3)<\/a> -4,7%<\/li>\n<li><a href=\"https:\/\/www.suno.com.br\/acoes\/sbsp3\/\"><strong>Alpargatas <\/strong>(ALPA4)<\/a>: -4,6%<\/li>\n<li><a href=\"https:\/\/www.suno.com.br\/acoes\/klbn11\/\"><strong>CVC <\/strong>(CVCB3)<\/a>: -4,2%<\/li>\n<\/ul>\n<h2>Principais \u00edndices<\/h2>\n<ul>\n<li><a href=\"https:\/\/www.suno.com.br\/artigos\/ifix\/\">IFIX<\/a>: +0,01%<\/li>\n<li><a href=\"https:\/\/www.suno.com.br\/artigos\/smll\/\">SMLL<\/a>: -1,06%<\/li>\n<li><a href=\"https:\/\/www.suno.com.br\/artigos\/idiv\/\">IDIV<\/a>: -1,26%<\/li>\n<li><a href=\"https:\/\/www.suno.com.br\/artigos\/ibrx\/\">IBRX 100<\/a>: -1,29%<\/li>\n<\/ul>\n<h2>Bolsas mundiais<\/h2>\n<p>Veja o desempenho dos principais \u00edndices acion\u00e1rios no exterior, al\u00e9m do \u00edndice Ibovespa<strong>:<\/strong><\/p>\n<ul>\n<li><a href=\"https:\/\/www.suno.com.br\/artigos\/indice-dow-jones-djia\/\">Nova York Dow Jones (DJIA) futuro<\/a>: +0,23%<\/li>\n<li><a href=\"https:\/\/www.suno.com.br\/artigos\/futuro-de-sp-500\/\">Nova York (S&amp;P 500) futuro<\/a>: -0,31%<\/li>\n<li><a href=\"https:\/\/www.suno.com.br\/artigos\/dax-30\/\">Frankfurt (DAX 30)<\/a>: -0,01%<\/li>\n<li><a href=\"https:\/\/www.suno.com.br\/artigos\/ftse-100\/\">Londres (FTSE 100)<\/a>: +0,52%<\/li>\n<li><a href=\"https:\/\/www.suno.com.br\/artigos\/cac-40\/\">Paris (CAC 40)<\/a>: +0,28%<\/li>\n<li><a href=\"https:\/\/www.suno.com.br\/artigos\/ftse-mib\/\">Mil\u00e3o (FTSE\/MIB)<\/a>: +0,26%<\/li>\n<li><a href=\"https:\/\/www.suno.com.br\/artigos\/nikkei-225\/\">T\u00f3quio (Nikkei 225)<\/a>: -1,13% (fechada)<\/li>\n<li><a href=\"https:\/\/www.suno.com.br\/artigos\/bolsa-de-xangai\/\">Xangai (SSE Composite)<\/a>: +0,90% (fechada)<\/li>\n<li><a href=\"https:\/\/www.suno.com.br\/artigos\/hang-seng\/\">Hong Kong (Hang Seng)<\/a>: -2,19% (fechada)<\/li>\n<\/ul>\n<h2>\u00daltima cota\u00e7\u00e3o do Ibovespa<\/h2>\n<p>No fechamento do preg\u00e3o de sexta (1\u00ba), o <strong>Ibovespa<\/strong> fecho em alta de 1,73% aos a 112.900 pontos.<\/p>\n\t<p>\n\t\t<a href=\"https:\/\/lp.suno.com.br\/planilha-de-controle-de-investimentos\/\" target=\"_blank\" data-element=\"shortcode-suno-banner\" title=\"Banner SUNO, clique e saiba mais\">\n\t\t\t<picture>\n\t\t\t\t<source media=\"(max-width: 500px)\" srcset=\"https:\/\/files.sunoresearch.com.br\/n\/uploads\/2023\/03\/400x300-Controle-de-Investimentos.png\">\n\t\t\t\t<img class=\"newsContent__article__imgCapa newsContent__article__imgCapa--banner\"\n\t\t\t\t\tsrc=\"https:\/\/files.sunoresearch.com.br\/n\/uploads\/2023\/03\/1420x240-Controle-de-Investimentos.png\"\n\t\t\t\t\tdata-promo-id=\"75934\"\t\t\t\t\t\t\t\t\t\twidth='1420' height='240'\t\t\t\t\talt=\"https:\/\/files.sunoresearch.com.br\/n\/uploads\/2023\/03\/1420x240-Controle-de-Investimentos.png\"\n\t\t\t\t>\n\t\t\t<\/picture>\n\t\t<\/a>\n\t<\/p>\n\n\n","protected":false},"excerpt":{"rendered":"<p>No primeiro preg\u00e3o desta semana, na segunda (4), o Ibovespa\u00a0abre em queda de 1,28% aos 111.452 pontos, com um dia negativo nos mercados internacionais, dada a preocupa\u00e7\u00e3o com a Evergrande e o teto da d\u00edvida nos Estados Unidos. Al\u00e9m disso, ap\u00f3s divulgar as suas pr\u00e9vias trimestrais, o Banco Inter (BIDI11\/BIDI4) lidera as quedas amargando baixa [&hellip;]<\/p>\n","protected":false},"author":73,"featured_media":101222,"comment_status":"closed","ping_status":"closed","sticky":false,"template":"","format":"standard","meta":[],"categories":[60],"tags":[106764,369,370,442,105816,721,519,2426,595],"suno_strategy":[],"class_list":["post-190346","post","type-post","status-publish","format-standard","has-post-thumbnail","hentry","category-mercado","tag-banco-inter-bidi11","tag-banco-inter-bidi11-bidi4-bidi3","tag-banco-pan-bpan4","tag-cvc-cvcb3","tag-especialistas","tag-ibovespa","tag-itau-unibanco-itub3-itub4","tag-petr3","tag-petrobras-petr4"],"yoast_head":"<!-- This site is optimized with the Yoast SEO plugin v24.4 - https:\/\/yoast.com\/wordpress\/plugins\/seo\/ -->\n<title>Ibovespa abre caindo e Banco Inter (BIDI4) puxa queda com pr\u00e9vias<\/title>\n<meta name=\"description\" content=\"Com suas pr\u00e9vias trimestrais, o mercado digere os n\u00fameros em queda de 5% nos pap\u00e9is do Inter, que lideram as quedas no Ibovespa. Leia mais.\" \/>\n<meta name=\"robots\" content=\"index, follow, max-snippet:-1, max-image-preview:large, max-video-preview:-1\" \/>\n<link rel=\"canonical\" href=\"https:\/\/www.suno.com.br\/noticias\/ibovespa-are-caindo-banco-inter-bidi4-puxa-queda-previas\/\" \/>\n<meta property=\"og:locale\" content=\"pt_BR\" \/>\n<meta property=\"og:type\" content=\"article\" \/>\n<meta property=\"og:title\" content=\"Ibovespa abre caindo e Banco Inter (BIDI4) puxa queda com pr\u00e9vias\" \/>\n<meta property=\"og:description\" content=\"Com suas pr\u00e9vias trimestrais, o mercado digere os n\u00fameros em queda de 5% nos pap\u00e9is do Inter, que lideram as quedas no Ibovespa. Leia mais.\" \/>\n<meta property=\"og:url\" content=\"https:\/\/www.suno.com.br\/noticias\/ibovespa-are-caindo-banco-inter-bidi4-puxa-queda-previas\/\" \/>\n<meta property=\"og:site_name\" content=\"Suno Not\u00edcias\" \/>\n<meta property=\"article:publisher\" content=\"https:\/\/facebook.com\/sunoresearch\" \/>\n<meta property=\"og:image\" content=\"https:\/\/files.sunoresearch.com.br\/n\/uploads\/2020\/11\/d1eb6bcb-fachada-nova_banco-inter_social-15.jpg\" \/>\n\t<meta property=\"og:image:width\" content=\"1767\" \/>\n\t<meta property=\"og:image:height\" content=\"855\" \/>\n\t<meta property=\"og:image:type\" content=\"image\/jpeg\" \/>\n<meta name=\"author\" content=\"Eduardo Vargas\" \/>\n<meta name=\"twitter:card\" content=\"summary_large_image\" \/>\n<meta name=\"twitter:creator\" content=\"@sunoresearch\" \/>\n<meta name=\"twitter:site\" content=\"@sunoresearch\" \/>\n<meta name=\"twitter:label1\" content=\"Escrito por\" \/>\n\t<meta name=\"twitter:data1\" content=\"Eduardo Vargas\" \/>\n\t<meta name=\"twitter:label2\" content=\"Est. tempo de leitura\" \/>\n\t<meta name=\"twitter:data2\" content=\"7 minutos\" \/>\n<script type=\"application\/ld+json\" class=\"yoast-schema-graph\">{\"@context\":\"https:\/\/schema.org\",\"@graph\":[{\"@type\":\"NewsArticle\",\"@id\":\"https:\/\/www.suno.com.br\/noticias\/ibovespa-are-caindo-banco-inter-bidi4-puxa-queda-previas\/#article\",\"isPartOf\":{\"@id\":\"https:\/\/www.suno.com.br\/noticias\/ibovespa-are-caindo-banco-inter-bidi4-puxa-queda-previas\/\"},\"author\":{\"name\":\"Eduardo Vargas\",\"@id\":\"https:\/\/www.suno.com.br\/noticias\/#\/schema\/person\/7f4d362bf3518e76090143ae77bb49a5\"},\"headline\":\"Ibovespa recua com exterior; Banco Inter (BIDI4) puxa queda ap\u00f3s pr\u00e9via trimestral\",\"datePublished\":\"2021-10-04T14:17:14+00:00\",\"mainEntityOfPage\":{\"@id\":\"https:\/\/www.suno.com.br\/noticias\/ibovespa-are-caindo-banco-inter-bidi4-puxa-queda-previas\/\"},\"wordCount\":1469,\"publisher\":{\"@id\":\"https:\/\/www.suno.com.br\/noticias\/#organization\"},\"image\":{\"@id\":\"https:\/\/www.suno.com.br\/noticias\/ibovespa-are-caindo-banco-inter-bidi4-puxa-queda-previas\/#primaryimage\"},\"thumbnailUrl\":\"https:\/\/files.sunoresearch.com.br\/n\/uploads\/2020\/11\/d1eb6bcb-fachada-nova_banco-inter_social-15-jpg.webp\",\"keywords\":[\"Banco Inter (BIDI11)\",\"Banco Inter (BIDI11\/BIDI4\/BIDI3)\",\"Banco Pan (BPAN4)\",\"CVC (CVCB3)\",\"Especialistas\",\"Ibovespa\",\"Ita\u00fa Unibanco (ITUB3\/ITUB4)\",\"PETR3\",\"Petrobras (PETR4)\"],\"articleSection\":[\"Mercado\"],\"inLanguage\":\"pt-BR\"},{\"@type\":\"WebPage\",\"@id\":\"https:\/\/www.suno.com.br\/noticias\/ibovespa-are-caindo-banco-inter-bidi4-puxa-queda-previas\/\",\"url\":\"https:\/\/www.suno.com.br\/noticias\/ibovespa-are-caindo-banco-inter-bidi4-puxa-queda-previas\/\",\"name\":\"Ibovespa abre caindo e Banco Inter (BIDI4) puxa queda com pr\u00e9vias\",\"isPartOf\":{\"@id\":\"https:\/\/www.suno.com.br\/noticias\/#website\"},\"primaryImageOfPage\":{\"@id\":\"https:\/\/www.suno.com.br\/noticias\/ibovespa-are-caindo-banco-inter-bidi4-puxa-queda-previas\/#primaryimage\"},\"image\":{\"@id\":\"https:\/\/www.suno.com.br\/noticias\/ibovespa-are-caindo-banco-inter-bidi4-puxa-queda-previas\/#primaryimage\"},\"thumbnailUrl\":\"https:\/\/files.sunoresearch.com.br\/n\/uploads\/2020\/11\/d1eb6bcb-fachada-nova_banco-inter_social-15-jpg.webp\",\"datePublished\":\"2021-10-04T14:17:14+00:00\",\"description\":\"Com suas pr\u00e9vias trimestrais, o mercado digere os n\u00fameros em queda de 5% nos pap\u00e9is do Inter, que lideram as quedas no Ibovespa. Leia mais.\",\"breadcrumb\":{\"@id\":\"https:\/\/www.suno.com.br\/noticias\/ibovespa-are-caindo-banco-inter-bidi4-puxa-queda-previas\/#breadcrumb\"},\"inLanguage\":\"pt-BR\",\"potentialAction\":[{\"@type\":\"ReadAction\",\"target\":[\"https:\/\/www.suno.com.br\/noticias\/ibovespa-are-caindo-banco-inter-bidi4-puxa-queda-previas\/\"]}]},{\"@type\":\"ImageObject\",\"inLanguage\":\"pt-BR\",\"@id\":\"https:\/\/www.suno.com.br\/noticias\/ibovespa-are-caindo-banco-inter-bidi4-puxa-queda-previas\/#primaryimage\",\"url\":\"https:\/\/files.sunoresearch.com.br\/n\/uploads\/2020\/11\/d1eb6bcb-fachada-nova_banco-inter_social-15-jpg.webp\",\"contentUrl\":\"https:\/\/files.sunoresearch.com.br\/n\/uploads\/2020\/11\/d1eb6bcb-fachada-nova_banco-inter_social-15-jpg.webp\",\"width\":1767,\"height\":855,\"caption\":\"Banco Inter - Foto: Divulga\u00e7\u00e3o\"},{\"@type\":\"BreadcrumbList\",\"@id\":\"https:\/\/www.suno.com.br\/noticias\/ibovespa-are-caindo-banco-inter-bidi4-puxa-queda-previas\/#breadcrumb\",\"itemListElement\":[{\"@type\":\"ListItem\",\"position\":1,\"name\":\"Not\u00edcias\",\"item\":\"https:\/\/www.suno.com.br\/noticias\/\"},{\"@type\":\"ListItem\",\"position\":2,\"name\":\"Mercado\",\"item\":\"https:\/\/www.suno.com.br\/noticias\/mercado\/\"},{\"@type\":\"ListItem\",\"position\":3,\"name\":\"Ibovespa recua com exterior; Banco Inter (BIDI4) puxa queda ap\u00f3s pr\u00e9via trimestral\"}]},{\"@type\":\"WebSite\",\"@id\":\"https:\/\/www.suno.com.br\/noticias\/#website\",\"url\":\"https:\/\/www.suno.com.br\/noticias\/\",\"name\":\"Suno Not\u00edcias\",\"description\":\"Seu portal de informa\u00e7\u00e3o sobre o mundo dos investimentos\",\"publisher\":{\"@id\":\"https:\/\/www.suno.com.br\/noticias\/#organization\"},\"potentialAction\":[{\"@type\":\"SearchAction\",\"target\":{\"@type\":\"EntryPoint\",\"urlTemplate\":\"https:\/\/www.suno.com.br\/noticias\/?s={search_term_string}\"},\"query-input\":{\"@type\":\"PropertyValueSpecification\",\"valueRequired\":true,\"valueName\":\"search_term_string\"}}],\"inLanguage\":\"pt-BR\"},{\"@type\":\"Organization\",\"@id\":\"https:\/\/www.suno.com.br\/noticias\/#organization\",\"name\":\"Suno Not\u00edcias\",\"url\":\"https:\/\/www.suno.com.br\/noticias\/\",\"logo\":{\"@type\":\"ImageObject\",\"inLanguage\":\"pt-BR\",\"@id\":\"https:\/\/www.suno.com.br\/noticias\/#\/schema\/logo\/image\/\",\"url\":\"https:\/\/files.sunoresearch.com.br\/n\/uploads\/2021\/09\/suno-logo.png\",\"contentUrl\":\"https:\/\/files.sunoresearch.com.br\/n\/uploads\/2021\/09\/suno-logo.png\",\"width\":180,\"height\":180,\"caption\":\"Suno Not\u00edcias\"},\"image\":{\"@id\":\"https:\/\/www.suno.com.br\/noticias\/#\/schema\/logo\/image\/\"},\"sameAs\":[\"https:\/\/facebook.com\/sunoresearch\",\"https:\/\/x.com\/sunoresearch\",\"https:\/\/www.instagram.com\/suno\",\"https:\/\/www.linkedin.com\/company\/suno-research\/\",\"https:\/\/www.youtube.com\/c\/sunoresearch\"]},{\"@type\":\"Person\",\"@id\":\"https:\/\/www.suno.com.br\/noticias\/#\/schema\/person\/7f4d362bf3518e76090143ae77bb49a5\",\"name\":\"Eduardo Vargas\",\"image\":{\"@type\":\"ImageObject\",\"inLanguage\":\"pt-BR\",\"@id\":\"https:\/\/www.suno.com.br\/noticias\/#\/schema\/person\/image\/\",\"url\":\"https:\/\/secure.gravatar.com\/avatar\/dac340933427a22924c9f99d1eb2e3f2?s=96&r=g\",\"contentUrl\":\"https:\/\/secure.gravatar.com\/avatar\/dac340933427a22924c9f99d1eb2e3f2?s=96&r=g\",\"caption\":\"Eduardo Vargas\"},\"description\":\"Jornalista formado pela UFSC, cobre macroeconomia, neg\u00f3cios e startups para o Suno Not\u00edcias, escrevendo principalmente not\u00edcias sobre o mercado financeiro e a bolsa de valores. No YouTube e no Instagram, \u00e9 respons\u00e1vel pela produ\u00e7\u00e3o de Reels e Shorts do Suno Not\u00edcias. Anteriormente, trabalhou cobrindo economia e cotidiano no ND+ e para o ND, maior jornal impresso de Santa Catarina. Cursou um semestre letivo de Estudos de M\u00eddia na Universidad de Buenos Aires.\",\"url\":\"https:\/\/www.suno.com.br\/noticias\/author\/eduardo-vargas\/\"}]}<\/script>\n<!-- \/ Yoast SEO plugin. -->","yoast_head_json":{"title":"Ibovespa abre caindo e Banco Inter (BIDI4) puxa queda com pr\u00e9vias","description":"Com suas pr\u00e9vias trimestrais, o mercado digere os n\u00fameros em queda de 5% nos pap\u00e9is do Inter, que lideram as quedas no Ibovespa. Leia mais.","robots":{"index":"index","follow":"follow","max-snippet":"max-snippet:-1","max-image-preview":"max-image-preview:large","max-video-preview":"max-video-preview:-1"},"canonical":"https:\/\/www.suno.com.br\/noticias\/ibovespa-are-caindo-banco-inter-bidi4-puxa-queda-previas\/","og_locale":"pt_BR","og_type":"article","og_title":"Ibovespa abre caindo e Banco Inter (BIDI4) puxa queda com pr\u00e9vias","og_description":"Com suas pr\u00e9vias trimestrais, o mercado digere os n\u00fameros em queda de 5% nos pap\u00e9is do Inter, que lideram as quedas no Ibovespa. Leia mais.","og_url":"https:\/\/www.suno.com.br\/noticias\/ibovespa-are-caindo-banco-inter-bidi4-puxa-queda-previas\/","og_site_name":"Suno Not\u00edcias","article_publisher":"https:\/\/facebook.com\/sunoresearch","og_image":[{"width":1767,"height":855,"url":"https:\/\/files.sunoresearch.com.br\/n\/uploads\/2020\/11\/d1eb6bcb-fachada-nova_banco-inter_social-15.jpg","type":"image\/jpeg"}],"author":"Eduardo Vargas","twitter_card":"summary_large_image","twitter_creator":"@sunoresearch","twitter_site":"@sunoresearch","twitter_misc":{"Escrito por":"Eduardo Vargas","Est. tempo de leitura":"7 minutos"},"schema":{"@context":"https:\/\/schema.org","@graph":[{"@type":"NewsArticle","@id":"https:\/\/www.suno.com.br\/noticias\/ibovespa-are-caindo-banco-inter-bidi4-puxa-queda-previas\/#article","isPartOf":{"@id":"https:\/\/www.suno.com.br\/noticias\/ibovespa-are-caindo-banco-inter-bidi4-puxa-queda-previas\/"},"author":{"name":"Eduardo Vargas","@id":"https:\/\/www.suno.com.br\/noticias\/#\/schema\/person\/7f4d362bf3518e76090143ae77bb49a5"},"headline":"Ibovespa recua com exterior; Banco Inter (BIDI4) puxa queda ap\u00f3s pr\u00e9via trimestral","datePublished":"2021-10-04T14:17:14+00:00","mainEntityOfPage":{"@id":"https:\/\/www.suno.com.br\/noticias\/ibovespa-are-caindo-banco-inter-bidi4-puxa-queda-previas\/"},"wordCount":1469,"publisher":{"@id":"https:\/\/www.suno.com.br\/noticias\/#organization"},"image":{"@id":"https:\/\/www.suno.com.br\/noticias\/ibovespa-are-caindo-banco-inter-bidi4-puxa-queda-previas\/#primaryimage"},"thumbnailUrl":"https:\/\/files.sunoresearch.com.br\/n\/uploads\/2020\/11\/d1eb6bcb-fachada-nova_banco-inter_social-15-jpg.webp","keywords":["Banco Inter (BIDI11)","Banco Inter (BIDI11\/BIDI4\/BIDI3)","Banco Pan (BPAN4)","CVC (CVCB3)","Especialistas","Ibovespa","Ita\u00fa Unibanco (ITUB3\/ITUB4)","PETR3","Petrobras (PETR4)"],"articleSection":["Mercado"],"inLanguage":"pt-BR"},{"@type":"WebPage","@id":"https:\/\/www.suno.com.br\/noticias\/ibovespa-are-caindo-banco-inter-bidi4-puxa-queda-previas\/","url":"https:\/\/www.suno.com.br\/noticias\/ibovespa-are-caindo-banco-inter-bidi4-puxa-queda-previas\/","name":"Ibovespa abre caindo e Banco Inter (BIDI4) puxa queda com pr\u00e9vias","isPartOf":{"@id":"https:\/\/www.suno.com.br\/noticias\/#website"},"primaryImageOfPage":{"@id":"https:\/\/www.suno.com.br\/noticias\/ibovespa-are-caindo-banco-inter-bidi4-puxa-queda-previas\/#primaryimage"},"image":{"@id":"https:\/\/www.suno.com.br\/noticias\/ibovespa-are-caindo-banco-inter-bidi4-puxa-queda-previas\/#primaryimage"},"thumbnailUrl":"https:\/\/files.sunoresearch.com.br\/n\/uploads\/2020\/11\/d1eb6bcb-fachada-nova_banco-inter_social-15-jpg.webp","datePublished":"2021-10-04T14:17:14+00:00","description":"Com suas pr\u00e9vias trimestrais, o mercado digere os n\u00fameros em queda de 5% nos pap\u00e9is do Inter, que lideram as quedas no Ibovespa. Leia mais.","breadcrumb":{"@id":"https:\/\/www.suno.com.br\/noticias\/ibovespa-are-caindo-banco-inter-bidi4-puxa-queda-previas\/#breadcrumb"},"inLanguage":"pt-BR","potentialAction":[{"@type":"ReadAction","target":["https:\/\/www.suno.com.br\/noticias\/ibovespa-are-caindo-banco-inter-bidi4-puxa-queda-previas\/"]}]},{"@type":"ImageObject","inLanguage":"pt-BR","@id":"https:\/\/www.suno.com.br\/noticias\/ibovespa-are-caindo-banco-inter-bidi4-puxa-queda-previas\/#primaryimage","url":"https:\/\/files.sunoresearch.com.br\/n\/uploads\/2020\/11\/d1eb6bcb-fachada-nova_banco-inter_social-15-jpg.webp","contentUrl":"https:\/\/files.sunoresearch.com.br\/n\/uploads\/2020\/11\/d1eb6bcb-fachada-nova_banco-inter_social-15-jpg.webp","width":1767,"height":855,"caption":"Banco Inter - Foto: Divulga\u00e7\u00e3o"},{"@type":"BreadcrumbList","@id":"https:\/\/www.suno.com.br\/noticias\/ibovespa-are-caindo-banco-inter-bidi4-puxa-queda-previas\/#breadcrumb","itemListElement":[{"@type":"ListItem","position":1,"name":"Not\u00edcias","item":"https:\/\/www.suno.com.br\/noticias\/"},{"@type":"ListItem","position":2,"name":"Mercado","item":"https:\/\/www.suno.com.br\/noticias\/mercado\/"},{"@type":"ListItem","position":3,"name":"Ibovespa recua com exterior; Banco Inter (BIDI4) puxa queda ap\u00f3s pr\u00e9via trimestral"}]},{"@type":"WebSite","@id":"https:\/\/www.suno.com.br\/noticias\/#website","url":"https:\/\/www.suno.com.br\/noticias\/","name":"Suno Not\u00edcias","description":"Seu portal de informa\u00e7\u00e3o sobre o mundo dos investimentos","publisher":{"@id":"https:\/\/www.suno.com.br\/noticias\/#organization"},"potentialAction":[{"@type":"SearchAction","target":{"@type":"EntryPoint","urlTemplate":"https:\/\/www.suno.com.br\/noticias\/?s={search_term_string}"},"query-input":{"@type":"PropertyValueSpecification","valueRequired":true,"valueName":"search_term_string"}}],"inLanguage":"pt-BR"},{"@type":"Organization","@id":"https:\/\/www.suno.com.br\/noticias\/#organization","name":"Suno Not\u00edcias","url":"https:\/\/www.suno.com.br\/noticias\/","logo":{"@type":"ImageObject","inLanguage":"pt-BR","@id":"https:\/\/www.suno.com.br\/noticias\/#\/schema\/logo\/image\/","url":"https:\/\/files.sunoresearch.com.br\/n\/uploads\/2021\/09\/suno-logo.png","contentUrl":"https:\/\/files.sunoresearch.com.br\/n\/uploads\/2021\/09\/suno-logo.png","width":180,"height":180,"caption":"Suno Not\u00edcias"},"image":{"@id":"https:\/\/www.suno.com.br\/noticias\/#\/schema\/logo\/image\/"},"sameAs":["https:\/\/facebook.com\/sunoresearch","https:\/\/x.com\/sunoresearch","https:\/\/www.instagram.com\/suno","https:\/\/www.linkedin.com\/company\/suno-research\/","https:\/\/www.youtube.com\/c\/sunoresearch"]},{"@type":"Person","@id":"https:\/\/www.suno.com.br\/noticias\/#\/schema\/person\/7f4d362bf3518e76090143ae77bb49a5","name":"Eduardo Vargas","image":{"@type":"ImageObject","inLanguage":"pt-BR","@id":"https:\/\/www.suno.com.br\/noticias\/#\/schema\/person\/image\/","url":"https:\/\/secure.gravatar.com\/avatar\/dac340933427a22924c9f99d1eb2e3f2?s=96&r=g","contentUrl":"https:\/\/secure.gravatar.com\/avatar\/dac340933427a22924c9f99d1eb2e3f2?s=96&r=g","caption":"Eduardo Vargas"},"description":"Jornalista formado pela UFSC, cobre macroeconomia, neg\u00f3cios e startups para o Suno Not\u00edcias, escrevendo principalmente not\u00edcias sobre o mercado financeiro e a bolsa de valores. No YouTube e no Instagram, \u00e9 respons\u00e1vel pela produ\u00e7\u00e3o de Reels e Shorts do Suno Not\u00edcias. Anteriormente, trabalhou cobrindo economia e cotidiano no ND+ e para o ND, maior jornal impresso de Santa Catarina. Cursou um semestre letivo de Estudos de M\u00eddia na Universidad de Buenos Aires.","url":"https:\/\/www.suno.com.br\/noticias\/author\/eduardo-vargas\/"}]}},"default_loop_html":"<div class=\"cardsPage__listCard__boxs\"><div class=\"cardsPage__listCard__boxs__img\"><a href=\"https:\/\/www.suno.com.br\/noticias\/ibovespa-are-caindo-banco-inter-bidi4-puxa-queda-previas\/\"><img class=\"mask\" src=\"https:\/\/www.suno.com.br\/noticias\/wp-content\/themes\/suno\/resources\/images\/spotlight\/spotlight1img\/bg-mask.png\" alt=\"Image Mask\"\/><img src=\"https:\/\/files.sunoresearch.com.br\/n\/uploads\/2020\/11\/d1eb6bcb-fachada-nova_banco-inter_social-15-400x200.webp\" alt=\"Ibovespa recua com exterior; Banco Inter (BIDI4) puxa queda ap\u00f3s pr\u00e9via trimestral\"\/><\/a><span class=\"spotlightCategory\"><a href=\"https:\/\/www.suno.com.br\/noticias\/mercado\/\">Mercado<\/a><\/span><\/div><div class=\"cardsPage__listCard__boxs__content\"><a href=\"https:\/\/www.suno.com.br\/noticias\/ibovespa-are-caindo-banco-inter-bidi4-puxa-queda-previas\/\"><h2 class=\"content__title\">Ibovespa recua com exterior; Banco Inter (BIDI4) puxa queda ap\u00f3s pr\u00e9via trimestral<\/h2><\/a><div class=\"newsContent__article__meta\"><div class=\"newsContent__article__meta__authorBox\"><a href=\"https:\/\/www.suno.com.br\/noticias\/author\/eduardo-vargas\/\" class=\"authorBox__avatar noMobi\"><img src=\"https:\/\/secure.gravatar.com\/avatar\/dac340933427a22924c9f99d1eb2e3f2?s=96&#038;r=g\" alt=\"Eduardo Vargas\"><\/a><div class=\"authorBox__name\"><span>por\n\t\t\t<a href=\"https:\/\/www.suno.com.br\/noticias\/author\/eduardo-vargas\/\"><span itemprop=\"author\">Eduardo Vargas<\/span><\/a><\/span><time datetime=\"2021-10-04T11:17:14-03:00\" itemprop=\"datePublished\">04\/10\/2021 11:17<\/time><\/div><\/div><\/div><\/div><\/div>","single_layout":"posts","amp_enabled":true,"_links":{"self":[{"href":"https:\/\/www.suno.com.br\/noticias\/wp-json\/wp\/v2\/posts\/190346"}],"collection":[{"href":"https:\/\/www.suno.com.br\/noticias\/wp-json\/wp\/v2\/posts"}],"about":[{"href":"https:\/\/www.suno.com.br\/noticias\/wp-json\/wp\/v2\/types\/post"}],"author":[{"embeddable":true,"href":"https:\/\/www.suno.com.br\/noticias\/wp-json\/wp\/v2\/users\/73"}],"replies":[{"embeddable":true,"href":"https:\/\/www.suno.com.br\/noticias\/wp-json\/wp\/v2\/comments?post=190346"}],"version-history":[{"count":4,"href":"https:\/\/www.suno.com.br\/noticias\/wp-json\/wp\/v2\/posts\/190346\/revisions"}],"predecessor-version":[{"id":190733,"href":"https:\/\/www.suno.com.br\/noticias\/wp-json\/wp\/v2\/posts\/190346\/revisions\/190733"}],"wp:featuredmedia":[{"embeddable":true,"href":"https:\/\/www.suno.com.br\/noticias\/wp-json\/wp\/v2\/media\/101222"}],"wp:attachment":[{"href":"https:\/\/www.suno.com.br\/noticias\/wp-json\/wp\/v2\/media?parent=190346"}],"wp:term":[{"taxonomy":"category","embeddable":true,"href":"https:\/\/www.suno.com.br\/noticias\/wp-json\/wp\/v2\/categories?post=190346"},{"taxonomy":"post_tag","embeddable":true,"href":"https:\/\/www.suno.com.br\/noticias\/wp-json\/wp\/v2\/tags?post=190346"},{"taxonomy":"suno_strategy","embeddable":true,"href":"https:\/\/www.suno.com.br\/noticias\/wp-json\/wp\/v2\/suno_strategy?post=190346"}],"curies":[{"name":"wp","href":"https:\/\/api.w.org\/{rel}","templated":true}]}}