{"id":190318,"date":"2021-10-04T09:52:23","date_gmt":"2021-10-04T12:52:23","guid":{"rendered":"https:\/\/www.suno.com.br\/noticias\/?p=190318"},"modified":"2021-10-04T09:52:23","modified_gmt":"2021-10-04T12:52:23","slug":"sp-500-nasdaq-queda-evergrande-04102021","status":"publish","type":"post","link":"https:\/\/www.suno.com.br\/noticias\/sp-500-nasdaq-queda-evergrande-04102021\/","title":{"rendered":"S&#038;P 500 futuro recua com d\u00favidas sobre teto da d\u00edvida norte-americana e Evergrande"},"content":{"rendered":"<p>O <strong>S&amp;P 500<\/strong> futuro opera em queda na manh\u00e3 desta segunda-feira (4), avaliando as discuss\u00f5es dos parlamentares em Washington e solu\u00e7\u00f5es para o endividamento da incorporadora chinesa Evergrande.<\/p>\t<div class=\"wrapper-featured-image\">\n\t\t<figure class=\"spotlightImg\">\n\n\t\t\t<picture>\n\t\t\t\t<source media=\"(max-width: 768px)\" srcset=\"https:\/\/files.sunoresearch.com.br\/n\/uploads\/2021\/07\/29045bd8-pexels-karolina-grabowska-4386396-400x200.jpg\">\n\t\t\t\t<img loading=\"lazy\" decoding=\"async\" class=\"newsContent__article__imgCapa lazyloadDisabled \" src=\"https:\/\/files.sunoresearch.com.br\/n\/uploads\/2021\/07\/29045bd8-pexels-karolina-grabowska-4386396-800x450.jpg\" width=\"800\" height=\"450\" alt=\"S&#038;P 500 futuro recua com d\u00favidas sobre teto da d\u00edvida norte-americana e Evergrande\" fetchpriority=high \/>\n\t\t\t<\/picture>\n\n\t\t\t<figcaption class=\"wp-caption-text wp-caption-text--show\">Suno Global FIC FIA: fundo obt\u00e9m retornos acima do S&amp;P 500 - Foto: Karolina Grabowska, por Pexels.<\/figcaption>\n\t\t<\/figure>\n\t<\/div>\n\n\n\t<p>\n\t\t<a href=\"https:\/\/lp.suno.com.br\/planilha-controle-gastos\/\" target=\"_blank\" data-element=\"shortcode-suno-banner\" title=\"Banner SUNO, clique e saiba mais\">\n\t\t\t<picture>\n\t\t\t\t<source media=\"(max-width: 500px)\" srcset=\"https:\/\/files.sunoresearch.com.br\/n\/uploads\/2023\/03\/400x300-Planilha-controle-de-gastos.png\">\n\t\t\t\t<img class=\"newsContent__article__imgCapa newsContent__article__imgCapa--banner\"\n\t\t\t\t\tsrc=\"https:\/\/files.sunoresearch.com.br\/n\/uploads\/2023\/03\/1420x240-Planilha-controle-de-gastos.png\"\n\t\t\t\t\tdata-promo-id=\"101751\"\t\t\t\t\t\t\t\t\t\twidth='1420' height='240'\t\t\t\t\talt=\"https:\/\/files.sunoresearch.com.br\/n\/uploads\/2023\/03\/1420x240-Planilha-controle-de-gastos.png\"\n\t\t\t\t>\n\t\t\t<\/picture>\n\t\t<\/a>\n\t<\/p>\n\n\n<p>Por volta das 9h30, o <a href=\"https:\/\/www.suno.com.br\/artigos\/sp-500\/\">S&amp;P 500<\/a> futuro ca\u00eda 0,38%, para 4.340,50 pontos. A <a href=\"https:\/\/www.suno.com.br\/artigos\/nasdaq\/\"><strong>Nasdaq<\/strong>, por sua vez<\/a>, recuava 0,57%, para 14.707,70 pontos. O d\u00f3lar perde for\u00e7a frente \u00e0s moedas globais, conforme mostra o <strong>\u00edndice DXY<\/strong>, que cai 0,30%, para 93,75 pontos.<\/p>\n<p>O mercado est\u00e1 observando as conversas no Congresso de perto. Democratas e republicanos debatem o aumento do <strong>teto da d\u00edvida<\/strong>, para que o governo consiga arcar com suas contas neste m\u00eas.<\/p>\n<p>Do outro lado, os representantes democratas consideram reduzir o pr\u00f3ximo pacote de gastos de US$ 3,5 trilh\u00f5es para aumentar suas chances de aprova\u00e7\u00e3o.<\/p>\n\n\t<div data-element=\"shortcode-read-more\" class=\"readToo\">\n\t\t\t\t<span class=\"readToo__title\">Saiba mais<\/span>\n\t\t\t\t<ul class=\"readToo__list\">\n\t\t\t<li><a href=\"https:\/\/www.suno.com.br\/noticias\/meta-tapering-atingida-fed\/\">Meta para tapering foi atingida nos EUA, diz representante do Fed<\/a><\/li><li><a href=\"https:\/\/www.suno.com.br\/noticias\/evergrande-calote-titulos-divida-china-offshore\/\">Evergrande d\u00e1 segundo calote da semana com t\u00edtulos de d\u00edvida offshore, diz ag\u00eancia<\/a><\/li>\t\t<\/ul>\n\t<\/div>\n\n\n<p>O governo de Joe Biden tamb\u00e9m deve apresentar sua pol\u00edtica comercial junto \u00e0 <strong>China<\/strong> ap\u00f3s uma revis\u00e3o das tarifas de importa\u00e7\u00e3o.<\/p>\n<p>No que se refere ao caso da incorporadora <strong>Evergrande<\/strong>, uma subsidi\u00e1ria do conglomerado <a href=\"https:\/\/www.suno.com.br\/noticias\/evergrande-acoes-suspensas-hong-kong\/\">suspendeu as negocia\u00e7\u00f5es no preg\u00e3o na Bolsa de Hong Kong<\/a>. A unidade de gest\u00e3o de propriedades est\u00e1 em via de receber uma proposta de aquisi\u00e7\u00e3o.<\/p>\n<p>A inje\u00e7\u00e3o de recursos \u00e9 bem-vinda, uma vez que a empresa chinesa segue n\u00e3o pagando seus credores internacionais e ainda corre risco de fal\u00eancia. O endividamento total \u00e9 de US$ 300 bilh\u00f5es.<\/p>\n<p>&#8220;O vi\u00e9s negativo desta segunda tem a mesma raz\u00e3o. A preocupa\u00e7\u00e3o gira em torno das Treasuries de 10 anos nos Estados Unidos e com ru\u00eddos de curto prazo. O tema da crise imobili\u00e1ria chinesa voltou ao radar depois de uma semana de tr\u00e9gua&#8221;, comenta o economista <strong>Roberto Padovani<\/strong>, do BV.<\/p>\n<h2>S&amp;P 500 e as Bolsas mundiais<\/h2>\n<p>Confira o desempenho das principais bolsas mundiais por volta das 9h45:<\/p>\n<ul>\n<li>S&amp;P 500: +0,31%<\/li>\n<li>Nasdaq: +0,43%<\/li>\n<li><a href=\"https:\/\/www.suno.com.br\/artigos\/dax-30\/\">DAX 30<\/a> (Alemanha): -0,33%<\/li>\n<li><a href=\"https:\/\/www.suno.com.br\/artigos\/ftse-100\/\">FTSE 100<\/a> (Inglaterra): +0,19%<\/li>\n<li><a href=\"https:\/\/www.suno.com.br\/artigos\/euro-stoxx-50\/\">Euro Stoxx 50<\/a>: -0,14%<\/li>\n<li>SSE Composite (Xangai): +0,90% (fechada)<\/li>\n<li><a href=\"https:\/\/www.suno.com.br\/artigos\/nikkei-225\/\">Nikkei 225<\/a> (Jap\u00e3o): -0,31% (fechada)<\/li>\n<\/ul>\n<p>Os mercados internacionais abrem outubro entre ganhos e perdas, com as preocupa\u00e7\u00f5es que rondam o \u00e2mbito econ\u00f4mico. O <strong>S&amp;P 500<\/strong> e as Bolsas ainda digerem o desdobramento das press\u00f5es inflacion\u00e1rias norte-americanas, a crise imobili\u00e1ria chinesa e a retirada de est\u00edmulos mundo afora.<\/p>\n\t<p>\n\t\t<a href=\"https:\/\/lp.suno.com.br\/planilha-de-controle-de-investimentos\/\" target=\"_blank\" data-element=\"shortcode-suno-banner\" title=\"Banner SUNO, clique e saiba mais\">\n\t\t\t<picture>\n\t\t\t\t<source media=\"(max-width: 500px)\" srcset=\"https:\/\/files.sunoresearch.com.br\/n\/uploads\/2023\/03\/400x300-Controle-de-Investimentos.png\">\n\t\t\t\t<img class=\"newsContent__article__imgCapa newsContent__article__imgCapa--banner\"\n\t\t\t\t\tsrc=\"https:\/\/files.sunoresearch.com.br\/n\/uploads\/2023\/03\/1420x240-Controle-de-Investimentos.png\"\n\t\t\t\t\tdata-promo-id=\"75934\"\t\t\t\t\t\t\t\t\t\twidth='1420' height='240'\t\t\t\t\talt=\"https:\/\/files.sunoresearch.com.br\/n\/uploads\/2023\/03\/1420x240-Controle-de-Investimentos.png\"\n\t\t\t\t>\n\t\t\t<\/picture>\n\t\t<\/a>\n\t<\/p>\n\n\n","protected":false},"excerpt":{"rendered":"<p>O S&amp;P 500 futuro opera em queda na manh\u00e3 desta segunda-feira (4), avaliando as discuss\u00f5es dos parlamentares em Washington e solu\u00e7\u00f5es para o endividamento da incorporadora chinesa Evergrande. Evergrande &#8211; Foto: Reprodu\u00e7\u00e3o\/Site Evergrande Por volta das 9h30, o S&amp;P 500 futuro ca\u00eda 0,38%, para 4.340,50 pontos. A Nasdaq, por sua vez, recuava 0,57%, para 14.707,70 [&hellip;]<\/p>\n","protected":false},"author":24,"featured_media":165731,"comment_status":"closed","ping_status":"closed","sticky":false,"template":"","format":"standard","meta":[],"categories":[60],"tags":[1937,105816,105308,73481,964,2667],"suno_strategy":[],"class_list":["post-190318","post","type-post","status-publish","format-standard","has-post-thumbnail","hentry","category-mercado","tag-bolsa-de-valores-de-sao-paulo-b3","tag-especialistas","tag-janet-yellen","tag-joe-biden","tag-nasdaq","tag-sp-500"],"yoast_head":"<!-- This site is optimized with the Yoast SEO plugin v24.4 - https:\/\/yoast.com\/wordpress\/plugins\/seo\/ -->\n<title>S&amp;P 500 futuro recua com d\u00favidas sobre teto da d\u00edvida e Evergrande<\/title>\n<meta name=\"description\" content=\"O S&amp;P 500 futuro opera em queda na manh\u00e3 desta segunda-feira (4), avaliando as discuss\u00f5es do teto da d\u00edvida nos EUA. Clique e saiba mais.\" \/>\n<meta name=\"robots\" content=\"index, follow, max-snippet:-1, max-image-preview:large, max-video-preview:-1\" \/>\n<link rel=\"canonical\" href=\"https:\/\/www.suno.com.br\/noticias\/sp-500-nasdaq-queda-evergrande-04102021\/\" \/>\n<meta property=\"og:locale\" content=\"pt_BR\" \/>\n<meta property=\"og:type\" content=\"article\" \/>\n<meta property=\"og:title\" content=\"S&amp;P 500 futuro recua com d\u00favidas sobre teto da d\u00edvida e Evergrande\" \/>\n<meta property=\"og:description\" content=\"O S&amp;P 500 futuro opera em queda na manh\u00e3 desta segunda-feira (4), avaliando as discuss\u00f5es do teto da d\u00edvida nos EUA. Clique e saiba mais.\" \/>\n<meta property=\"og:url\" content=\"https:\/\/www.suno.com.br\/noticias\/sp-500-nasdaq-queda-evergrande-04102021\/\" \/>\n<meta property=\"og:site_name\" content=\"Suno Not\u00edcias\" \/>\n<meta property=\"article:publisher\" content=\"https:\/\/facebook.com\/sunoresearch\" \/>\n<meta property=\"og:image\" content=\"https:\/\/files.sunoresearch.com.br\/n\/uploads\/2021\/07\/29045bd8-pexels-karolina-grabowska-4386396.jpg\" \/>\n\t<meta property=\"og:image:width\" content=\"1280\" \/>\n\t<meta property=\"og:image:height\" content=\"853\" \/>\n\t<meta property=\"og:image:type\" content=\"image\/jpeg\" \/>\n<meta name=\"author\" content=\"Jader Lazarini\" \/>\n<meta name=\"twitter:card\" content=\"summary_large_image\" \/>\n<meta name=\"twitter:creator\" content=\"@sunoresearch\" \/>\n<meta name=\"twitter:site\" content=\"@sunoresearch\" \/>\n<meta name=\"twitter:label1\" content=\"Escrito por\" \/>\n\t<meta name=\"twitter:data1\" content=\"Jader Lazarini\" \/>\n\t<meta name=\"twitter:label2\" content=\"Est. tempo de leitura\" \/>\n\t<meta name=\"twitter:data2\" content=\"2 minutos\" \/>\n<script type=\"application\/ld+json\" class=\"yoast-schema-graph\">{\"@context\":\"https:\/\/schema.org\",\"@graph\":[{\"@type\":\"NewsArticle\",\"@id\":\"https:\/\/www.suno.com.br\/noticias\/sp-500-nasdaq-queda-evergrande-04102021\/#article\",\"isPartOf\":{\"@id\":\"https:\/\/www.suno.com.br\/noticias\/sp-500-nasdaq-queda-evergrande-04102021\/\"},\"author\":{\"name\":\"Jader Lazarini\",\"@id\":\"https:\/\/www.suno.com.br\/noticias\/#\/schema\/person\/918d79de1f0281f01599b93f9ea6e23f\"},\"headline\":\"S&#038;P 500 futuro recua com d\u00favidas sobre teto da d\u00edvida norte-americana e Evergrande\",\"datePublished\":\"2021-10-04T12:52:23+00:00\",\"mainEntityOfPage\":{\"@id\":\"https:\/\/www.suno.com.br\/noticias\/sp-500-nasdaq-queda-evergrande-04102021\/\"},\"wordCount\":400,\"publisher\":{\"@id\":\"https:\/\/www.suno.com.br\/noticias\/#organization\"},\"image\":{\"@id\":\"https:\/\/www.suno.com.br\/noticias\/sp-500-nasdaq-queda-evergrande-04102021\/#primaryimage\"},\"thumbnailUrl\":\"https:\/\/files.sunoresearch.com.br\/n\/uploads\/2021\/07\/29045bd8-pexels-karolina-grabowska-4386396.jpg\",\"keywords\":[\"Bolsa de Valores de S\u00e3o Paulo (B3)\",\"Especialistas\",\"Janet Yellen\",\"Joe Biden\",\"Nasdaq\",\"S&amp;P 500\"],\"articleSection\":[\"Mercado\"],\"inLanguage\":\"pt-BR\"},{\"@type\":\"WebPage\",\"@id\":\"https:\/\/www.suno.com.br\/noticias\/sp-500-nasdaq-queda-evergrande-04102021\/\",\"url\":\"https:\/\/www.suno.com.br\/noticias\/sp-500-nasdaq-queda-evergrande-04102021\/\",\"name\":\"S&P 500 futuro recua com d\u00favidas sobre teto da d\u00edvida e Evergrande\",\"isPartOf\":{\"@id\":\"https:\/\/www.suno.com.br\/noticias\/#website\"},\"primaryImageOfPage\":{\"@id\":\"https:\/\/www.suno.com.br\/noticias\/sp-500-nasdaq-queda-evergrande-04102021\/#primaryimage\"},\"image\":{\"@id\":\"https:\/\/www.suno.com.br\/noticias\/sp-500-nasdaq-queda-evergrande-04102021\/#primaryimage\"},\"thumbnailUrl\":\"https:\/\/files.sunoresearch.com.br\/n\/uploads\/2021\/07\/29045bd8-pexels-karolina-grabowska-4386396.jpg\",\"datePublished\":\"2021-10-04T12:52:23+00:00\",\"description\":\"O S&P 500 futuro opera em queda na manh\u00e3 desta segunda-feira (4), avaliando as discuss\u00f5es do teto da d\u00edvida nos EUA. Clique e saiba mais.\",\"breadcrumb\":{\"@id\":\"https:\/\/www.suno.com.br\/noticias\/sp-500-nasdaq-queda-evergrande-04102021\/#breadcrumb\"},\"inLanguage\":\"pt-BR\",\"potentialAction\":[{\"@type\":\"ReadAction\",\"target\":[\"https:\/\/www.suno.com.br\/noticias\/sp-500-nasdaq-queda-evergrande-04102021\/\"]}]},{\"@type\":\"ImageObject\",\"inLanguage\":\"pt-BR\",\"@id\":\"https:\/\/www.suno.com.br\/noticias\/sp-500-nasdaq-queda-evergrande-04102021\/#primaryimage\",\"url\":\"https:\/\/files.sunoresearch.com.br\/n\/uploads\/2021\/07\/29045bd8-pexels-karolina-grabowska-4386396.jpg\",\"contentUrl\":\"https:\/\/files.sunoresearch.com.br\/n\/uploads\/2021\/07\/29045bd8-pexels-karolina-grabowska-4386396.jpg\",\"width\":1280,\"height\":853,\"caption\":\"Suno Global FIC FIA: fundo obt\u00e9m retornos acima do S&P 500 - Foto: Karolina Grabowska, por Pexels.\"},{\"@type\":\"BreadcrumbList\",\"@id\":\"https:\/\/www.suno.com.br\/noticias\/sp-500-nasdaq-queda-evergrande-04102021\/#breadcrumb\",\"itemListElement\":[{\"@type\":\"ListItem\",\"position\":1,\"name\":\"Not\u00edcias\",\"item\":\"https:\/\/www.suno.com.br\/noticias\/\"},{\"@type\":\"ListItem\",\"position\":2,\"name\":\"Mercado\",\"item\":\"https:\/\/www.suno.com.br\/noticias\/mercado\/\"},{\"@type\":\"ListItem\",\"position\":3,\"name\":\"S&#038;P 500 futuro recua com d\u00favidas sobre teto da d\u00edvida norte-americana e Evergrande\"}]},{\"@type\":\"WebSite\",\"@id\":\"https:\/\/www.suno.com.br\/noticias\/#website\",\"url\":\"https:\/\/www.suno.com.br\/noticias\/\",\"name\":\"Suno Not\u00edcias\",\"description\":\"Seu portal de informa\u00e7\u00e3o sobre o mundo dos investimentos\",\"publisher\":{\"@id\":\"https:\/\/www.suno.com.br\/noticias\/#organization\"},\"potentialAction\":[{\"@type\":\"SearchAction\",\"target\":{\"@type\":\"EntryPoint\",\"urlTemplate\":\"https:\/\/www.suno.com.br\/noticias\/?s={search_term_string}\"},\"query-input\":{\"@type\":\"PropertyValueSpecification\",\"valueRequired\":true,\"valueName\":\"search_term_string\"}}],\"inLanguage\":\"pt-BR\"},{\"@type\":\"Organization\",\"@id\":\"https:\/\/www.suno.com.br\/noticias\/#organization\",\"name\":\"Suno Not\u00edcias\",\"url\":\"https:\/\/www.suno.com.br\/noticias\/\",\"logo\":{\"@type\":\"ImageObject\",\"inLanguage\":\"pt-BR\",\"@id\":\"https:\/\/www.suno.com.br\/noticias\/#\/schema\/logo\/image\/\",\"url\":\"https:\/\/files.sunoresearch.com.br\/n\/uploads\/2021\/09\/suno-logo.png\",\"contentUrl\":\"https:\/\/files.sunoresearch.com.br\/n\/uploads\/2021\/09\/suno-logo.png\",\"width\":180,\"height\":180,\"caption\":\"Suno Not\u00edcias\"},\"image\":{\"@id\":\"https:\/\/www.suno.com.br\/noticias\/#\/schema\/logo\/image\/\"},\"sameAs\":[\"https:\/\/facebook.com\/sunoresearch\",\"https:\/\/x.com\/sunoresearch\",\"https:\/\/www.instagram.com\/suno\",\"https:\/\/www.linkedin.com\/company\/suno-research\/\",\"https:\/\/www.youtube.com\/c\/sunoresearch\"]},{\"@type\":\"Person\",\"@id\":\"https:\/\/www.suno.com.br\/noticias\/#\/schema\/person\/918d79de1f0281f01599b93f9ea6e23f\",\"name\":\"Jader Lazarini\",\"image\":{\"@type\":\"ImageObject\",\"inLanguage\":\"pt-BR\",\"@id\":\"https:\/\/www.suno.com.br\/noticias\/#\/schema\/person\/image\/\",\"url\":\"https:\/\/secure.gravatar.com\/avatar\/3c1ad8caa51589841baeb923fcddea97?s=96&r=g\",\"contentUrl\":\"https:\/\/secure.gravatar.com\/avatar\/3c1ad8caa51589841baeb923fcddea97?s=96&r=g\",\"caption\":\"Jader Lazarini\"},\"description\":\"Jader Lazarini escreve sobre investimentos, finan\u00e7as, economia e neg\u00f3cios. \u00c9 bacharel em Rela\u00e7\u00f5es Internacionais e analista CNPI (2619).\",\"url\":\"https:\/\/www.suno.com.br\/noticias\/author\/jader-lazarini\/\"}]}<\/script>\n<!-- \/ Yoast SEO plugin. -->","yoast_head_json":{"title":"S&P 500 futuro recua com d\u00favidas sobre teto da d\u00edvida e Evergrande","description":"O S&P 500 futuro opera em queda na manh\u00e3 desta segunda-feira (4), avaliando as discuss\u00f5es do teto da d\u00edvida nos EUA. Clique e saiba mais.","robots":{"index":"index","follow":"follow","max-snippet":"max-snippet:-1","max-image-preview":"max-image-preview:large","max-video-preview":"max-video-preview:-1"},"canonical":"https:\/\/www.suno.com.br\/noticias\/sp-500-nasdaq-queda-evergrande-04102021\/","og_locale":"pt_BR","og_type":"article","og_title":"S&P 500 futuro recua com d\u00favidas sobre teto da d\u00edvida e Evergrande","og_description":"O S&P 500 futuro opera em queda na manh\u00e3 desta segunda-feira (4), avaliando as discuss\u00f5es do teto da d\u00edvida nos EUA. Clique e saiba mais.","og_url":"https:\/\/www.suno.com.br\/noticias\/sp-500-nasdaq-queda-evergrande-04102021\/","og_site_name":"Suno Not\u00edcias","article_publisher":"https:\/\/facebook.com\/sunoresearch","og_image":[{"width":1280,"height":853,"url":"https:\/\/files.sunoresearch.com.br\/n\/uploads\/2021\/07\/29045bd8-pexels-karolina-grabowska-4386396.jpg","type":"image\/jpeg"}],"author":"Jader Lazarini","twitter_card":"summary_large_image","twitter_creator":"@sunoresearch","twitter_site":"@sunoresearch","twitter_misc":{"Escrito por":"Jader Lazarini","Est. tempo de leitura":"2 minutos"},"schema":{"@context":"https:\/\/schema.org","@graph":[{"@type":"NewsArticle","@id":"https:\/\/www.suno.com.br\/noticias\/sp-500-nasdaq-queda-evergrande-04102021\/#article","isPartOf":{"@id":"https:\/\/www.suno.com.br\/noticias\/sp-500-nasdaq-queda-evergrande-04102021\/"},"author":{"name":"Jader Lazarini","@id":"https:\/\/www.suno.com.br\/noticias\/#\/schema\/person\/918d79de1f0281f01599b93f9ea6e23f"},"headline":"S&#038;P 500 futuro recua com d\u00favidas sobre teto da d\u00edvida norte-americana e Evergrande","datePublished":"2021-10-04T12:52:23+00:00","mainEntityOfPage":{"@id":"https:\/\/www.suno.com.br\/noticias\/sp-500-nasdaq-queda-evergrande-04102021\/"},"wordCount":400,"publisher":{"@id":"https:\/\/www.suno.com.br\/noticias\/#organization"},"image":{"@id":"https:\/\/www.suno.com.br\/noticias\/sp-500-nasdaq-queda-evergrande-04102021\/#primaryimage"},"thumbnailUrl":"https:\/\/files.sunoresearch.com.br\/n\/uploads\/2021\/07\/29045bd8-pexels-karolina-grabowska-4386396.jpg","keywords":["Bolsa de Valores de S\u00e3o Paulo (B3)","Especialistas","Janet Yellen","Joe Biden","Nasdaq","S&amp;P 500"],"articleSection":["Mercado"],"inLanguage":"pt-BR"},{"@type":"WebPage","@id":"https:\/\/www.suno.com.br\/noticias\/sp-500-nasdaq-queda-evergrande-04102021\/","url":"https:\/\/www.suno.com.br\/noticias\/sp-500-nasdaq-queda-evergrande-04102021\/","name":"S&P 500 futuro recua com d\u00favidas sobre teto da d\u00edvida e Evergrande","isPartOf":{"@id":"https:\/\/www.suno.com.br\/noticias\/#website"},"primaryImageOfPage":{"@id":"https:\/\/www.suno.com.br\/noticias\/sp-500-nasdaq-queda-evergrande-04102021\/#primaryimage"},"image":{"@id":"https:\/\/www.suno.com.br\/noticias\/sp-500-nasdaq-queda-evergrande-04102021\/#primaryimage"},"thumbnailUrl":"https:\/\/files.sunoresearch.com.br\/n\/uploads\/2021\/07\/29045bd8-pexels-karolina-grabowska-4386396.jpg","datePublished":"2021-10-04T12:52:23+00:00","description":"O S&P 500 futuro opera em queda na manh\u00e3 desta segunda-feira (4), avaliando as discuss\u00f5es do teto da d\u00edvida nos EUA. Clique e saiba mais.","breadcrumb":{"@id":"https:\/\/www.suno.com.br\/noticias\/sp-500-nasdaq-queda-evergrande-04102021\/#breadcrumb"},"inLanguage":"pt-BR","potentialAction":[{"@type":"ReadAction","target":["https:\/\/www.suno.com.br\/noticias\/sp-500-nasdaq-queda-evergrande-04102021\/"]}]},{"@type":"ImageObject","inLanguage":"pt-BR","@id":"https:\/\/www.suno.com.br\/noticias\/sp-500-nasdaq-queda-evergrande-04102021\/#primaryimage","url":"https:\/\/files.sunoresearch.com.br\/n\/uploads\/2021\/07\/29045bd8-pexels-karolina-grabowska-4386396.jpg","contentUrl":"https:\/\/files.sunoresearch.com.br\/n\/uploads\/2021\/07\/29045bd8-pexels-karolina-grabowska-4386396.jpg","width":1280,"height":853,"caption":"Suno Global FIC FIA: fundo obt\u00e9m retornos acima do S&P 500 - Foto: Karolina Grabowska, por Pexels."},{"@type":"BreadcrumbList","@id":"https:\/\/www.suno.com.br\/noticias\/sp-500-nasdaq-queda-evergrande-04102021\/#breadcrumb","itemListElement":[{"@type":"ListItem","position":1,"name":"Not\u00edcias","item":"https:\/\/www.suno.com.br\/noticias\/"},{"@type":"ListItem","position":2,"name":"Mercado","item":"https:\/\/www.suno.com.br\/noticias\/mercado\/"},{"@type":"ListItem","position":3,"name":"S&#038;P 500 futuro recua com d\u00favidas sobre teto da d\u00edvida norte-americana e Evergrande"}]},{"@type":"WebSite","@id":"https:\/\/www.suno.com.br\/noticias\/#website","url":"https:\/\/www.suno.com.br\/noticias\/","name":"Suno Not\u00edcias","description":"Seu portal de informa\u00e7\u00e3o sobre o mundo dos investimentos","publisher":{"@id":"https:\/\/www.suno.com.br\/noticias\/#organization"},"potentialAction":[{"@type":"SearchAction","target":{"@type":"EntryPoint","urlTemplate":"https:\/\/www.suno.com.br\/noticias\/?s={search_term_string}"},"query-input":{"@type":"PropertyValueSpecification","valueRequired":true,"valueName":"search_term_string"}}],"inLanguage":"pt-BR"},{"@type":"Organization","@id":"https:\/\/www.suno.com.br\/noticias\/#organization","name":"Suno Not\u00edcias","url":"https:\/\/www.suno.com.br\/noticias\/","logo":{"@type":"ImageObject","inLanguage":"pt-BR","@id":"https:\/\/www.suno.com.br\/noticias\/#\/schema\/logo\/image\/","url":"https:\/\/files.sunoresearch.com.br\/n\/uploads\/2021\/09\/suno-logo.png","contentUrl":"https:\/\/files.sunoresearch.com.br\/n\/uploads\/2021\/09\/suno-logo.png","width":180,"height":180,"caption":"Suno Not\u00edcias"},"image":{"@id":"https:\/\/www.suno.com.br\/noticias\/#\/schema\/logo\/image\/"},"sameAs":["https:\/\/facebook.com\/sunoresearch","https:\/\/x.com\/sunoresearch","https:\/\/www.instagram.com\/suno","https:\/\/www.linkedin.com\/company\/suno-research\/","https:\/\/www.youtube.com\/c\/sunoresearch"]},{"@type":"Person","@id":"https:\/\/www.suno.com.br\/noticias\/#\/schema\/person\/918d79de1f0281f01599b93f9ea6e23f","name":"Jader Lazarini","image":{"@type":"ImageObject","inLanguage":"pt-BR","@id":"https:\/\/www.suno.com.br\/noticias\/#\/schema\/person\/image\/","url":"https:\/\/secure.gravatar.com\/avatar\/3c1ad8caa51589841baeb923fcddea97?s=96&r=g","contentUrl":"https:\/\/secure.gravatar.com\/avatar\/3c1ad8caa51589841baeb923fcddea97?s=96&r=g","caption":"Jader Lazarini"},"description":"Jader Lazarini escreve sobre investimentos, finan\u00e7as, economia e neg\u00f3cios. \u00c9 bacharel em Rela\u00e7\u00f5es Internacionais e analista CNPI (2619).","url":"https:\/\/www.suno.com.br\/noticias\/author\/jader-lazarini\/"}]}},"default_loop_html":"<div class=\"cardsPage__listCard__boxs\"><div class=\"cardsPage__listCard__boxs__img\"><a href=\"https:\/\/www.suno.com.br\/noticias\/evergrande-calote-titulos-divida-china-offshore\/\"><img class=\"mask\" src=\"https:\/\/www.suno.com.br\/noticias\/wp-content\/themes\/suno\/resources\/images\/spotlight\/spotlight1img\/bg-mask.png\" alt=\"Image Mask\"\/><img src=\"https:\/\/files.sunoresearch.com.br\/n\/uploads\/2021\/09\/aaa-400x200.jpg\" alt=\"Evergrande d\u00e1 segundo calote da semana com t\u00edtulos de d\u00edvida offshore, diz ag\u00eancia\"\/><\/a><span class=\"spotlightCategory\"><a href=\"https:\/\/www.suno.com.br\/noticias\/internacional\/\">Internacional<\/a><\/span><\/div><div class=\"cardsPage__listCard__boxs__content\"><a href=\"https:\/\/www.suno.com.br\/noticias\/evergrande-calote-titulos-divida-china-offshore\/\"><h2 class=\"content__title\">Evergrande d\u00e1 segundo calote da semana com t\u00edtulos de d\u00edvida offshore, diz ag\u00eancia<\/h2><\/a><div class=\"newsContent__article__meta\"><div class=\"newsContent__article__meta__authorBox\"><a href=\"https:\/\/www.suno.com.br\/noticias\/author\/eduardo-vargas\/\" class=\"authorBox__avatar noMobi\"><img src=\"https:\/\/secure.gravatar.com\/avatar\/dac340933427a22924c9f99d1eb2e3f2?s=96&#038;r=g\" alt=\"Eduardo Vargas\"><\/a><div class=\"authorBox__name\"><span>por\n\t\t\t<a href=\"https:\/\/www.suno.com.br\/noticias\/author\/eduardo-vargas\/\"><span itemprop=\"author\">Eduardo Vargas<\/span><\/a><\/span><time datetime=\"2021-10-01T09:06:12-03:00\" itemprop=\"datePublished\">01\/10\/2021 09:06<\/time><\/div><\/div><\/div><\/div><\/div>","single_layout":"posts","amp_enabled":true,"_links":{"self":[{"href":"https:\/\/www.suno.com.br\/noticias\/wp-json\/wp\/v2\/posts\/190318"}],"collection":[{"href":"https:\/\/www.suno.com.br\/noticias\/wp-json\/wp\/v2\/posts"}],"about":[{"href":"https:\/\/www.suno.com.br\/noticias\/wp-json\/wp\/v2\/types\/post"}],"author":[{"embeddable":true,"href":"https:\/\/www.suno.com.br\/noticias\/wp-json\/wp\/v2\/users\/24"}],"replies":[{"embeddable":true,"href":"https:\/\/www.suno.com.br\/noticias\/wp-json\/wp\/v2\/comments?post=190318"}],"version-history":[{"count":3,"href":"https:\/\/www.suno.com.br\/noticias\/wp-json\/wp\/v2\/posts\/190318\/revisions"}],"predecessor-version":[{"id":190345,"href":"https:\/\/www.suno.com.br\/noticias\/wp-json\/wp\/v2\/posts\/190318\/revisions\/190345"}],"wp:featuredmedia":[{"embeddable":true,"href":"https:\/\/www.suno.com.br\/noticias\/wp-json\/wp\/v2\/media\/165731"}],"wp:attachment":[{"href":"https:\/\/www.suno.com.br\/noticias\/wp-json\/wp\/v2\/media?parent=190318"}],"wp:term":[{"taxonomy":"category","embeddable":true,"href":"https:\/\/www.suno.com.br\/noticias\/wp-json\/wp\/v2\/categories?post=190318"},{"taxonomy":"post_tag","embeddable":true,"href":"https:\/\/www.suno.com.br\/noticias\/wp-json\/wp\/v2\/tags?post=190318"},{"taxonomy":"suno_strategy","embeddable":true,"href":"https:\/\/www.suno.com.br\/noticias\/wp-json\/wp\/v2\/suno_strategy?post=190318"}],"curies":[{"name":"wp","href":"https:\/\/api.w.org\/{rel}","templated":true}]}}