{"id":190215,"date":"2021-10-02T16:08:18","date_gmt":"2021-10-02T19:08:18","guid":{"rendered":"https:\/\/www.suno.com.br\/noticias\/?p=190215"},"modified":"2021-10-02T17:12:21","modified_gmt":"2021-10-02T20:12:21","slug":"ibovespa-banco-inter-bidi11-bidi4-meliuz-cash3-quedas","status":"publish","type":"post","link":"https:\/\/www.suno.com.br\/noticias\/ibovespa-banco-inter-bidi11-bidi4-meliuz-cash3-quedas\/","title":{"rendered":"Ibovespa: Banco Inter (BIDI4; BIDI11) e M\u00e9liuz (CASH3) sofrem maiores quedas"},"content":{"rendered":"<p>Com o fim da \u00faltima semana de setembro, o \u00edndice<strong> Ibovespa <\/strong>registrou queda de 6,6% no m\u00eas. Dentre as maiores quedas, se destaca o <a href=\"https:\/\/www.suno.com.br\/acoes\/bidi11\/\" target=\"_blank\" rel=\"noopener noreferrer\">Banco Inter (BIDI4; BIDI11),<\/a> que lidera entre as cinco maiores baixas desta semana. Al\u00e9m disso, a M\u00e9liuz (CASH3), a<a href=\"https:\/\/www.suno.com.br\/acoes\/btow3\/\" target=\"_blank\" rel=\"noopener noreferrer\"> Hapvida (HAPV3)<\/a> e o P\u00e3o de a\u00e7\u00facar (PCAR3)\u00a0tamb\u00e9m foram ladeira abaixo na semana encerrada ontem. Confira o tamanho do tombo destes ativos:<\/p>\t<div class=\"wrapper-featured-image\">\n\t\t<figure class=\"spotlightImg\">\n\n\t\t\t<picture>\n\t\t\t\t<source media=\"(max-width: 768px)\" srcset=\"https:\/\/files.sunoresearch.com.br\/n\/uploads\/2021\/01\/58c7f7bd-banco-inter-400x200.webp\">\n\t\t\t\t<img loading=\"lazy\" decoding=\"async\" class=\"newsContent__article__imgCapa lazyloadDisabled \" src=\"https:\/\/files.sunoresearch.com.br\/n\/uploads\/2021\/01\/58c7f7bd-banco-inter-800x450.webp\" width=\"800\" height=\"450\" alt=\"Ibovespa: Banco Inter (BIDI4; BIDI11) e M\u00e9liuz (CASH3) sofrem maiores quedas\" fetchpriority=high \/>\n\t\t\t<\/picture>\n\n\t\t\t<figcaption class=\"wp-caption-text wp-caption-text--show\">Em meio a reorganiza\u00e7\u00e3o societ\u00e1ria e rumores sobre cr\u00e9dito mal provisionado, Banco Inter enfrentou volatilidade do Ibovespa - Foto: divulga\u00e7\u00e3o<\/figcaption>\n\t\t<\/figure>\n\t<\/div>\n\n\n<ul>\n<li>Banco Inter caiu 16,34% (BIDI11) e 15,69% (BIDI4)<\/li>\n<li>M\u00e9liuz (CASH3) caiu 9,50%<\/li>\n<li>Hapvida (HAPV3) caiu 8,82%<\/li>\n<li>P\u00e3o de a\u00e7\u00facar (PCAR3) caiu 8,67%<\/li>\n<\/ul>\n<h2>Banco Inter (BIDI4; BIDI11) lidera as maiores perdas do Ibovespa<\/h2>\n<p>O Banco Inter (<a href=\"https:\/\/www.infomoney.com.br\/cotacoes\/banco-inter-bidi4\/\">BIDI4<\/a>;<a href=\"https:\/\/www.infomoney.com.br\/cotacoes\/banco-inter-bidi11\/\">BIDI11<\/a>) protagonizou n\u00e3o s\u00f3 a maior queda desta semana, como tamb\u00e9m a maior do m\u00eas de setembro, com uma desvaloriza\u00e7\u00e3o de 15,69%, cotada a R$ 17,14 no caso da BIDI4, e 16,34% cotada a R$ 51,10, para a BIDI11. No m\u00eas, acumulou uma desvaloriza\u00e7\u00e3o de 31,18% das units (BIDI11) e 28,56% das preferenciais (BIDI4).<\/p>\n\t<p>\n\t\t<a href=\"https:\/\/lp.suno.com.br\/planilha-controle-gastos\/\" target=\"_blank\" data-element=\"shortcode-suno-banner\" title=\"Banner SUNO, clique e saiba mais\">\n\t\t\t<picture>\n\t\t\t\t<source media=\"(max-width: 500px)\" srcset=\"https:\/\/files.sunoresearch.com.br\/n\/uploads\/2023\/03\/400x300-Planilha-controle-de-gastos.png\">\n\t\t\t\t<img class=\"newsContent__article__imgCapa newsContent__article__imgCapa--banner\"\n\t\t\t\t\tsrc=\"https:\/\/files.sunoresearch.com.br\/n\/uploads\/2023\/03\/1420x240-Planilha-controle-de-gastos.png\"\n\t\t\t\t\tdata-promo-id=\"101751\"\t\t\t\t\t\t\t\t\t\twidth='1420' height='240'\t\t\t\t\talt=\"https:\/\/files.sunoresearch.com.br\/n\/uploads\/2023\/03\/1420x240-Planilha-controle-de-gastos.png\"\n\t\t\t\t>\n\t\t\t<\/picture>\n\t\t<\/a>\n\t<\/p>\n\n\n<p>A queda das a\u00e7\u00f5es do banco foram causadas principalmente pelo contexto interno da empresa. O mercado n\u00e3o reagiu bem ao saber que o banco e a StoneCo (STOC31) est\u00e3o n\u00e3o s\u00f3 negociando a prorroga\u00e7\u00e3o de sua parceria atual, como tamb\u00e9m planejando uma poss\u00edvel fus\u00e3o. As negocia\u00e7\u00f5es sobre uma fus\u00e3o ocorrem no momento em que a\u00a0<strong>StoneCo<\/strong>\u00a0enfrenta uma perda em empr\u00e9stimos de R$ 400 milh\u00f5es com uma opera\u00e7\u00e3o de cr\u00e9dito rec\u00e9m-lan\u00e7ada que deu problemas no sistema.<\/p>\n<p>Al\u00e9m disso, a queda dos pap\u00e9is do banco se devem tamb\u00e9m \u00e0 abertura das curvas de juros e, concomitantemente, ao aumento dos pr\u00eamios de risco. Tanto nos Estados Unidos quanto no Brasil, o aumento dos juros representa perda de valor para empresas digitais, como o Inter, que tem como tese de neg\u00f3cios a valoriza\u00e7\u00e3o no <a class=\"suno-keyword\" href=\"https:\/\/www.suno.com.br\/artigos\/longo-prazo\/\" target=\"_blank\" rel=\"noopener\" data-force=\"no\" data-priority=\"1\">longo prazo<\/a>.<\/p>\n\t<div data-element=\"shortcode-read-more\" class=\"knowMore\">\n\t\t\t\t<span class=\"knowMore__title\">Saiba mais<\/span>\n\t\t\t\t<a class=\"knowMore__link\" href=\"https:\/\/www.suno.com.br\/noticias\/banco-inter-bidi11-derrete-ibovespa-entenda\/\">\n\t\t\tBanco Inter (BIDI4) derrete no Ibovespa e a\u00e7\u00f5es caem mais de 11%; entenda\t\t<\/a>\n\t<\/div>\n\n\n<h2>M\u00e9liuz (CASH3) segue mais uma semana de queda<\/h2>\n<p>A empresa Small Cap se configura como uma das maiores quedas da bolsa, em uma sequ\u00eancia desfavor\u00e1vel de quedas j\u00e1 na semana anterior. A <strong>M\u00e9liuz<\/strong> encerrou o preg\u00e3o desta semana com desvaloriza\u00e7\u00e3o de 9,5%, sendo vendida ao pre\u00e7o de R$ 6,29.<\/p>\n\t<p>\n\t\t<a href=\"https:\/\/lp.suno.com.br\/planilha-da-vida-financeira\/\" target=\"_blank\" data-element=\"shortcode-suno-banner\" title=\"Banner SUNO, clique e saiba mais\">\n\t\t\t<picture>\n\t\t\t\t<source media=\"(max-width: 500px)\" srcset=\"https:\/\/files.sunoresearch.com.br\/n\/uploads\/2023\/04\/400x300-Planilha-vida-financeira-true.png\">\n\t\t\t\t<img class=\"newsContent__article__imgCapa newsContent__article__imgCapa--banner\"\n\t\t\t\t\tsrc=\"https:\/\/files.sunoresearch.com.br\/n\/uploads\/2023\/04\/1420x240-Planilha-vida-financeira-true.png\"\n\t\t\t\t\tdata-promo-id=\"106682\"\t\t\t\t\t\t\t\t\t\twidth='1420' height='240'\t\t\t\t\talt=\"https:\/\/files.sunoresearch.com.br\/n\/uploads\/2023\/04\/1420x240-Planilha-vida-financeira-true.png\"\n\t\t\t\t>\n\t\t\t<\/picture>\n\t\t<\/a>\n\t<\/p>\n\n\n<p>Segundo o relat\u00f3rio da Genial Investimentos, a queda da M\u00e9liuz se deve ao aumento das taxas de juros. \u201c\u00c9 mais uma quest\u00e3o macroecon\u00f4mica do que puramente fundamentalista\u201d, diz o relat\u00f3rio. Os analistas tamb\u00e9m lembram no relat\u00f3rio que o setor de tecnologia j\u00e1 possui naturalmente maior volatilidade, o qual a M\u00e9liuz, empresa que oferece servi\u00e7o de cashback, participa.<\/p>\n<h2>Fus\u00e3o de Hapvida (HAPV3) e NotreDame (GNDI3) \u00e9 &#8220;complexa&#8221;<\/h2>\n<p>A <strong>Hapvida<\/strong> (HAPV3), empresa que semana passada foi citada na CPI da covid, viu suas a\u00e7\u00f5es desvalorizarem 8,82% essa semana, vendidas a R$ 13,44.<\/p>\n<p>As a\u00e7\u00f5es da empresa foram altamente prejudicadas nesta semana ap\u00f3s o Cade determinar que o processo de fus\u00e3o entre Hapvida e Notre Dame Interm\u00e9dica (GNDI3) \u00e9 \u201ccomplexo\u201d.<\/p>\n\t<p>\n\t\t<a href=\"https:\/\/lp.suno.com.br\/ebook-como-analisar-uma-acao\/\" target=\"_blank\" data-element=\"shortcode-suno-banner\" title=\"Banner SUNO, clique e saiba mais\">\n\t\t\t<picture>\n\t\t\t\t<source media=\"(max-width: 500px)\" srcset=\"https:\/\/files.sunoresearch.com.br\/n\/uploads\/2023\/03\/Ebook-Acoes-Mobile-1.jpg\">\n\t\t\t\t<img class=\"newsContent__article__imgCapa newsContent__article__imgCapa--banner\"\n\t\t\t\t\tsrc=\"https:\/\/files.sunoresearch.com.br\/n\/uploads\/2023\/03\/Ebook-Acoes-Desktop-1.jpg\"\n\t\t\t\t\tdata-promo-id=\"171998\"\t\t\t\t\t\t\t\t\t\twidth='1420' height='286'\t\t\t\t\talt=\"https:\/\/files.sunoresearch.com.br\/n\/uploads\/2023\/03\/Ebook-Acoes-Desktop-1.jpg\"\n\t\t\t\t>\n\t\t\t<\/picture>\n\t\t<\/a>\n\t<\/p>\n\n\n<p>Sua cita\u00e7\u00e3o na CPI, que tamb\u00e9m afetou negativamente na \u00e9poca, ainda reverbera. Nesta semana, a Ag\u00eancia Nacional de Sa\u00fade (ANS) decidiu apurar a conduta da Hapvida durante a pandemia, o que contribuiu para acentuar sua queda.<\/p>\n\t<div data-element=\"shortcode-read-more\" class=\"knowMore\">\n\t\t\t\t<span class=\"knowMore__title\">Saiba mais<\/span>\n\t\t\t\t<a class=\"knowMore__link\" href=\"https:\/\/www.suno.com.br\/noticias\/hapvida-hapv3-investigada-por-tratamento-contra-covid-19\/\">\n\t\t\tHapvida (HAPV3) \u00e9 investigada ap\u00f3s suspeitas sobre tratamentos contra Covid-19\t\t<\/a>\n\t<\/div>\n\n\n<h2>P\u00e3o de a\u00e7\u00facar (PCAR3) segue desempenho fraco no Ibovespa<\/h2>\n<p>Sem gatilhos espec\u00edficos, as a\u00e7\u00f5es do <strong>P\u00e3o de A\u00e7\u00facar<\/strong> (PCAR3) encerraram o preg\u00e3o desta semana com queda de 8,67%, cotadas a R$ 25,08.<\/p>\n<p>Apesar da queda, a empresa lan\u00e7ou nesta semana sua plataforma de encomenda de refei\u00e7\u00f5es. Segundo a diretora de Opera\u00e7\u00f5es do P\u00e3o de A\u00e7\u00facar, Christiane Cruz Citr\u00e2ngulo, o lan\u00e7amento da plataforma refor\u00e7a o diferencial da rede.<\/p>\n\t<p>\n\t\t<a href=\"https:\/\/lp.suno.com.br\/planilha-de-controle-de-investimentos\/\" target=\"_blank\" data-element=\"shortcode-suno-banner\" title=\"Banner SUNO, clique e saiba mais\">\n\t\t\t<picture>\n\t\t\t\t<source media=\"(max-width: 500px)\" srcset=\"https:\/\/files.sunoresearch.com.br\/n\/uploads\/2023\/03\/400x300-Controle-de-Investimentos.png\">\n\t\t\t\t<img class=\"newsContent__article__imgCapa newsContent__article__imgCapa--banner\"\n\t\t\t\t\tsrc=\"https:\/\/files.sunoresearch.com.br\/n\/uploads\/2023\/03\/1420x240-Controle-de-Investimentos.png\"\n\t\t\t\t\tdata-promo-id=\"75934\"\t\t\t\t\t\t\t\t\t\twidth='1420' height='240'\t\t\t\t\talt=\"https:\/\/files.sunoresearch.com.br\/n\/uploads\/2023\/03\/1420x240-Controle-de-Investimentos.png\"\n\t\t\t\t>\n\t\t\t<\/picture>\n\t\t<\/a>\n\t<\/p>\n\n\n<p>\u201cOs clientes do P\u00e3o de A\u00e7\u00facar j\u00e1 sabem que a nossa Rotisserie tem pratos exclusivos com ingredientes frescos e selecionados. Agora, oferecemos op\u00e7\u00f5es de menus para todos os momentos e prefer\u00eancias com o toque especial da Cheftime, al\u00e9m de incluir op\u00e7\u00f5es com categorias em que o P\u00e3o de A\u00e7\u00facar \u00e9 refer\u00eancia, como menu plant based\u201d, disse a diretora.<\/p>\n\t<p>\n\t\t<a href=\"\" target=\"_blank\" data-element=\"shortcode-suno-banner\" title=\"Banner SUNO, clique e saiba mais\">\n\t\t\t<picture>\n\t\t\t\t<source media=\"(max-width: 500px)\" srcset=\"\">\n\t\t\t\t<img class=\"newsContent__article__imgCapa newsContent__article__imgCapa--banner\"\n\t\t\t\t\tsrc=\"\"\n\t\t\t\t\tdata-promo-id=\"184190\"\t\t\t\t\t\t\t\t\t\t\t\t\t\t\talt=\"\"\n\t\t\t\t>\n\t\t\t<\/picture>\n\t\t<\/a>\n\t<\/p>\n\n\n","protected":false},"excerpt":{"rendered":"<p>Com o fim da \u00faltima semana de setembro, o \u00edndice Ibovespa registrou queda de 6,6% no m\u00eas. Dentre as maiores quedas, se destaca o Banco Inter (BIDI4; BIDI11), que lidera entre as cinco maiores baixas desta semana. Al\u00e9m disso, a M\u00e9liuz (CASH3), a Hapvida (HAPV3) e o P\u00e3o de a\u00e7\u00facar (PCAR3)\u00a0tamb\u00e9m foram ladeira abaixo na [&hellip;]<\/p>\n","protected":false},"author":118,"featured_media":111725,"comment_status":"closed","ping_status":"closed","sticky":false,"template":"","format":"standard","meta":[],"categories":[64],"tags":[369,1964,497,721,104467],"suno_strategy":[],"class_list":["post-190215","post","type-post","status-publish","format-standard","has-post-thumbnail","hentry","category-negocios","tag-banco-inter-bidi11-bidi4-bidi3","tag-grupo-pao-de-acucar-pcar3-pcar4","tag-hapvida-hapv3","tag-ibovespa","tag-meliuz-cash3"],"yoast_head":"<!-- This site is optimized with the Yoast SEO plugin v24.4 - https:\/\/yoast.com\/wordpress\/plugins\/seo\/ -->\n<title>Ibovespa: Banco Inter (BIDI4; BIDI11) e M\u00e9liuz (CASH3) sofrem maiores quedas<\/title>\n<meta name=\"description\" content=\"Com o fim da \u00faltima semana de setembro, \u00edndice Ibovespa registrou queda de 6,6% no m\u00eas. Dentre as maiores quedas, se destacam...Saiba mais\" \/>\n<meta name=\"robots\" content=\"index, follow, max-snippet:-1, max-image-preview:large, max-video-preview:-1\" \/>\n<link rel=\"canonical\" href=\"https:\/\/www.suno.com.br\/noticias\/ibovespa-banco-inter-bidi11-bidi4-meliuz-cash3-quedas\/\" \/>\n<meta property=\"og:locale\" content=\"pt_BR\" \/>\n<meta property=\"og:type\" content=\"article\" \/>\n<meta property=\"og:title\" content=\"Ibovespa: Banco Inter (BIDI4; BIDI11) e M\u00e9liuz (CASH3) sofrem maiores quedas\" \/>\n<meta property=\"og:description\" content=\"Com o fim da \u00faltima semana de setembro, \u00edndice Ibovespa registrou queda de 6,6% no m\u00eas. Dentre as maiores quedas, se destacam...Saiba mais\" \/>\n<meta property=\"og:url\" content=\"https:\/\/www.suno.com.br\/noticias\/ibovespa-banco-inter-bidi11-bidi4-meliuz-cash3-quedas\/\" \/>\n<meta property=\"og:site_name\" content=\"Suno Not\u00edcias\" \/>\n<meta property=\"article:publisher\" content=\"https:\/\/facebook.com\/sunoresearch\" \/>\n<meta property=\"og:image\" content=\"https:\/\/files.sunoresearch.com.br\/n\/uploads\/2021\/01\/58c7f7bd-banco-inter.jpg\" \/>\n\t<meta property=\"og:image:width\" content=\"1767\" \/>\n\t<meta property=\"og:image:height\" content=\"855\" \/>\n\t<meta property=\"og:image:type\" content=\"image\/jpeg\" \/>\n<meta name=\"author\" content=\"Bruno Galv\u00e3o\" \/>\n<meta name=\"twitter:card\" content=\"summary_large_image\" \/>\n<meta name=\"twitter:creator\" content=\"@sunoresearch\" \/>\n<meta name=\"twitter:site\" content=\"@sunoresearch\" \/>\n<meta name=\"twitter:label1\" content=\"Escrito por\" \/>\n\t<meta name=\"twitter:data1\" content=\"Bruno Galv\u00e3o\" \/>\n\t<meta name=\"twitter:label2\" content=\"Est. tempo de leitura\" \/>\n\t<meta name=\"twitter:data2\" content=\"3 minutos\" \/>\n<script type=\"application\/ld+json\" class=\"yoast-schema-graph\">{\"@context\":\"https:\/\/schema.org\",\"@graph\":[{\"@type\":\"NewsArticle\",\"@id\":\"https:\/\/www.suno.com.br\/noticias\/ibovespa-banco-inter-bidi11-bidi4-meliuz-cash3-quedas\/#article\",\"isPartOf\":{\"@id\":\"https:\/\/www.suno.com.br\/noticias\/ibovespa-banco-inter-bidi11-bidi4-meliuz-cash3-quedas\/\"},\"author\":{\"name\":\"Bruno Galv\u00e3o\",\"@id\":\"https:\/\/www.suno.com.br\/noticias\/#\/schema\/person\/06f0d962a6b1c54852e4860f16935600\"},\"headline\":\"Ibovespa: Banco Inter (BIDI4; BIDI11) e M\u00e9liuz (CASH3) sofrem maiores quedas\",\"datePublished\":\"2021-10-02T19:08:18+00:00\",\"dateModified\":\"2021-10-02T20:12:21+00:00\",\"mainEntityOfPage\":{\"@id\":\"https:\/\/www.suno.com.br\/noticias\/ibovespa-banco-inter-bidi11-bidi4-meliuz-cash3-quedas\/\"},\"wordCount\":720,\"publisher\":{\"@id\":\"https:\/\/www.suno.com.br\/noticias\/#organization\"},\"image\":{\"@id\":\"https:\/\/www.suno.com.br\/noticias\/ibovespa-banco-inter-bidi11-bidi4-meliuz-cash3-quedas\/#primaryimage\"},\"thumbnailUrl\":\"https:\/\/files.sunoresearch.com.br\/n\/uploads\/2021\/01\/58c7f7bd-banco-inter-jpg.webp\",\"keywords\":[\"Banco Inter (BIDI11\/BIDI4\/BIDI3)\",\"Grupo P\u00e3o de A\u00e7\u00facar (PCAR3\/PCAR4)\",\"Hapvida (HAPV3)\",\"Ibovespa\",\"M\u00e9liuz (CASH3)\"],\"articleSection\":[\"Neg\u00f3cios\"],\"inLanguage\":\"pt-BR\"},{\"@type\":\"WebPage\",\"@id\":\"https:\/\/www.suno.com.br\/noticias\/ibovespa-banco-inter-bidi11-bidi4-meliuz-cash3-quedas\/\",\"url\":\"https:\/\/www.suno.com.br\/noticias\/ibovespa-banco-inter-bidi11-bidi4-meliuz-cash3-quedas\/\",\"name\":\"Ibovespa: Banco Inter (BIDI4; BIDI11) e M\u00e9liuz (CASH3) sofrem maiores quedas\",\"isPartOf\":{\"@id\":\"https:\/\/www.suno.com.br\/noticias\/#website\"},\"primaryImageOfPage\":{\"@id\":\"https:\/\/www.suno.com.br\/noticias\/ibovespa-banco-inter-bidi11-bidi4-meliuz-cash3-quedas\/#primaryimage\"},\"image\":{\"@id\":\"https:\/\/www.suno.com.br\/noticias\/ibovespa-banco-inter-bidi11-bidi4-meliuz-cash3-quedas\/#primaryimage\"},\"thumbnailUrl\":\"https:\/\/files.sunoresearch.com.br\/n\/uploads\/2021\/01\/58c7f7bd-banco-inter-jpg.webp\",\"datePublished\":\"2021-10-02T19:08:18+00:00\",\"dateModified\":\"2021-10-02T20:12:21+00:00\",\"description\":\"Com o fim da \u00faltima semana de setembro, \u00edndice Ibovespa registrou queda de 6,6% no m\u00eas. Dentre as maiores quedas, se destacam...Saiba mais\",\"breadcrumb\":{\"@id\":\"https:\/\/www.suno.com.br\/noticias\/ibovespa-banco-inter-bidi11-bidi4-meliuz-cash3-quedas\/#breadcrumb\"},\"inLanguage\":\"pt-BR\",\"potentialAction\":[{\"@type\":\"ReadAction\",\"target\":[\"https:\/\/www.suno.com.br\/noticias\/ibovespa-banco-inter-bidi11-bidi4-meliuz-cash3-quedas\/\"]}]},{\"@type\":\"ImageObject\",\"inLanguage\":\"pt-BR\",\"@id\":\"https:\/\/www.suno.com.br\/noticias\/ibovespa-banco-inter-bidi11-bidi4-meliuz-cash3-quedas\/#primaryimage\",\"url\":\"https:\/\/files.sunoresearch.com.br\/n\/uploads\/2021\/01\/58c7f7bd-banco-inter-jpg.webp\",\"contentUrl\":\"https:\/\/files.sunoresearch.com.br\/n\/uploads\/2021\/01\/58c7f7bd-banco-inter-jpg.webp\",\"width\":1767,\"height\":855,\"caption\":\"Em meio a reorganiza\u00e7\u00e3o societ\u00e1ria e rumores sobre cr\u00e9dito mal provisionado, Banco Inter enfrentou volatilidade do Ibovespa - Foto: divulga\u00e7\u00e3o\"},{\"@type\":\"BreadcrumbList\",\"@id\":\"https:\/\/www.suno.com.br\/noticias\/ibovespa-banco-inter-bidi11-bidi4-meliuz-cash3-quedas\/#breadcrumb\",\"itemListElement\":[{\"@type\":\"ListItem\",\"position\":1,\"name\":\"Not\u00edcias\",\"item\":\"https:\/\/www.suno.com.br\/noticias\/\"},{\"@type\":\"ListItem\",\"position\":2,\"name\":\"Neg\u00f3cios\",\"item\":\"https:\/\/www.suno.com.br\/noticias\/negocios\/\"},{\"@type\":\"ListItem\",\"position\":3,\"name\":\"Ibovespa: Banco Inter (BIDI4; BIDI11) e M\u00e9liuz (CASH3) sofrem maiores quedas\"}]},{\"@type\":\"WebSite\",\"@id\":\"https:\/\/www.suno.com.br\/noticias\/#website\",\"url\":\"https:\/\/www.suno.com.br\/noticias\/\",\"name\":\"Suno Not\u00edcias\",\"description\":\"Seu portal de informa\u00e7\u00e3o sobre o mundo dos investimentos\",\"publisher\":{\"@id\":\"https:\/\/www.suno.com.br\/noticias\/#organization\"},\"potentialAction\":[{\"@type\":\"SearchAction\",\"target\":{\"@type\":\"EntryPoint\",\"urlTemplate\":\"https:\/\/www.suno.com.br\/noticias\/?s={search_term_string}\"},\"query-input\":{\"@type\":\"PropertyValueSpecification\",\"valueRequired\":true,\"valueName\":\"search_term_string\"}}],\"inLanguage\":\"pt-BR\"},{\"@type\":\"Organization\",\"@id\":\"https:\/\/www.suno.com.br\/noticias\/#organization\",\"name\":\"Suno Not\u00edcias\",\"url\":\"https:\/\/www.suno.com.br\/noticias\/\",\"logo\":{\"@type\":\"ImageObject\",\"inLanguage\":\"pt-BR\",\"@id\":\"https:\/\/www.suno.com.br\/noticias\/#\/schema\/logo\/image\/\",\"url\":\"https:\/\/files.sunoresearch.com.br\/n\/uploads\/2021\/09\/suno-logo.png\",\"contentUrl\":\"https:\/\/files.sunoresearch.com.br\/n\/uploads\/2021\/09\/suno-logo.png\",\"width\":180,\"height\":180,\"caption\":\"Suno Not\u00edcias\"},\"image\":{\"@id\":\"https:\/\/www.suno.com.br\/noticias\/#\/schema\/logo\/image\/\"},\"sameAs\":[\"https:\/\/facebook.com\/sunoresearch\",\"https:\/\/x.com\/sunoresearch\",\"https:\/\/www.instagram.com\/suno\",\"https:\/\/www.linkedin.com\/company\/suno-research\/\",\"https:\/\/www.youtube.com\/c\/sunoresearch\"]},{\"@type\":\"Person\",\"@id\":\"https:\/\/www.suno.com.br\/noticias\/#\/schema\/person\/06f0d962a6b1c54852e4860f16935600\",\"name\":\"Bruno Galv\u00e3o\",\"image\":{\"@type\":\"ImageObject\",\"inLanguage\":\"pt-BR\",\"@id\":\"https:\/\/www.suno.com.br\/noticias\/#\/schema\/person\/image\/\",\"url\":\"https:\/\/secure.gravatar.com\/avatar\/53598df0b41c00f12f287a912d0e918e?s=96&r=g\",\"contentUrl\":\"https:\/\/secure.gravatar.com\/avatar\/53598df0b41c00f12f287a912d0e918e?s=96&r=g\",\"caption\":\"Bruno Galv\u00e3o\"},\"description\":\"Escreve para o portal Suno Not\u00edcias. \u00c9 estudante de Jornalismo pela Faculdade C\u00e1sper L\u00edbero e Letras pela USP. Entusiasta de tecnologia e intelig\u00eancia artificial.\",\"url\":\"https:\/\/www.suno.com.br\/noticias\/author\/bruno-garcia\/\"}]}<\/script>\n<!-- \/ Yoast SEO plugin. -->","yoast_head_json":{"title":"Ibovespa: Banco Inter (BIDI4; BIDI11) e M\u00e9liuz (CASH3) sofrem maiores quedas","description":"Com o fim da \u00faltima semana de setembro, \u00edndice Ibovespa registrou queda de 6,6% no m\u00eas. Dentre as maiores quedas, se destacam...Saiba mais","robots":{"index":"index","follow":"follow","max-snippet":"max-snippet:-1","max-image-preview":"max-image-preview:large","max-video-preview":"max-video-preview:-1"},"canonical":"https:\/\/www.suno.com.br\/noticias\/ibovespa-banco-inter-bidi11-bidi4-meliuz-cash3-quedas\/","og_locale":"pt_BR","og_type":"article","og_title":"Ibovespa: Banco Inter (BIDI4; BIDI11) e M\u00e9liuz (CASH3) sofrem maiores quedas","og_description":"Com o fim da \u00faltima semana de setembro, \u00edndice Ibovespa registrou queda de 6,6% no m\u00eas. Dentre as maiores quedas, se destacam...Saiba mais","og_url":"https:\/\/www.suno.com.br\/noticias\/ibovespa-banco-inter-bidi11-bidi4-meliuz-cash3-quedas\/","og_site_name":"Suno Not\u00edcias","article_publisher":"https:\/\/facebook.com\/sunoresearch","og_image":[{"width":1767,"height":855,"url":"https:\/\/files.sunoresearch.com.br\/n\/uploads\/2021\/01\/58c7f7bd-banco-inter.jpg","type":"image\/jpeg"}],"author":"Bruno Galv\u00e3o","twitter_card":"summary_large_image","twitter_creator":"@sunoresearch","twitter_site":"@sunoresearch","twitter_misc":{"Escrito por":"Bruno Galv\u00e3o","Est. tempo de leitura":"3 minutos"},"schema":{"@context":"https:\/\/schema.org","@graph":[{"@type":"NewsArticle","@id":"https:\/\/www.suno.com.br\/noticias\/ibovespa-banco-inter-bidi11-bidi4-meliuz-cash3-quedas\/#article","isPartOf":{"@id":"https:\/\/www.suno.com.br\/noticias\/ibovespa-banco-inter-bidi11-bidi4-meliuz-cash3-quedas\/"},"author":{"name":"Bruno Galv\u00e3o","@id":"https:\/\/www.suno.com.br\/noticias\/#\/schema\/person\/06f0d962a6b1c54852e4860f16935600"},"headline":"Ibovespa: Banco Inter (BIDI4; BIDI11) e M\u00e9liuz (CASH3) sofrem maiores quedas","datePublished":"2021-10-02T19:08:18+00:00","dateModified":"2021-10-02T20:12:21+00:00","mainEntityOfPage":{"@id":"https:\/\/www.suno.com.br\/noticias\/ibovespa-banco-inter-bidi11-bidi4-meliuz-cash3-quedas\/"},"wordCount":720,"publisher":{"@id":"https:\/\/www.suno.com.br\/noticias\/#organization"},"image":{"@id":"https:\/\/www.suno.com.br\/noticias\/ibovespa-banco-inter-bidi11-bidi4-meliuz-cash3-quedas\/#primaryimage"},"thumbnailUrl":"https:\/\/files.sunoresearch.com.br\/n\/uploads\/2021\/01\/58c7f7bd-banco-inter-jpg.webp","keywords":["Banco Inter (BIDI11\/BIDI4\/BIDI3)","Grupo P\u00e3o de A\u00e7\u00facar (PCAR3\/PCAR4)","Hapvida (HAPV3)","Ibovespa","M\u00e9liuz (CASH3)"],"articleSection":["Neg\u00f3cios"],"inLanguage":"pt-BR"},{"@type":"WebPage","@id":"https:\/\/www.suno.com.br\/noticias\/ibovespa-banco-inter-bidi11-bidi4-meliuz-cash3-quedas\/","url":"https:\/\/www.suno.com.br\/noticias\/ibovespa-banco-inter-bidi11-bidi4-meliuz-cash3-quedas\/","name":"Ibovespa: Banco Inter (BIDI4; BIDI11) e M\u00e9liuz (CASH3) sofrem maiores quedas","isPartOf":{"@id":"https:\/\/www.suno.com.br\/noticias\/#website"},"primaryImageOfPage":{"@id":"https:\/\/www.suno.com.br\/noticias\/ibovespa-banco-inter-bidi11-bidi4-meliuz-cash3-quedas\/#primaryimage"},"image":{"@id":"https:\/\/www.suno.com.br\/noticias\/ibovespa-banco-inter-bidi11-bidi4-meliuz-cash3-quedas\/#primaryimage"},"thumbnailUrl":"https:\/\/files.sunoresearch.com.br\/n\/uploads\/2021\/01\/58c7f7bd-banco-inter-jpg.webp","datePublished":"2021-10-02T19:08:18+00:00","dateModified":"2021-10-02T20:12:21+00:00","description":"Com o fim da \u00faltima semana de setembro, \u00edndice Ibovespa registrou queda de 6,6% no m\u00eas. Dentre as maiores quedas, se destacam...Saiba mais","breadcrumb":{"@id":"https:\/\/www.suno.com.br\/noticias\/ibovespa-banco-inter-bidi11-bidi4-meliuz-cash3-quedas\/#breadcrumb"},"inLanguage":"pt-BR","potentialAction":[{"@type":"ReadAction","target":["https:\/\/www.suno.com.br\/noticias\/ibovespa-banco-inter-bidi11-bidi4-meliuz-cash3-quedas\/"]}]},{"@type":"ImageObject","inLanguage":"pt-BR","@id":"https:\/\/www.suno.com.br\/noticias\/ibovespa-banco-inter-bidi11-bidi4-meliuz-cash3-quedas\/#primaryimage","url":"https:\/\/files.sunoresearch.com.br\/n\/uploads\/2021\/01\/58c7f7bd-banco-inter-jpg.webp","contentUrl":"https:\/\/files.sunoresearch.com.br\/n\/uploads\/2021\/01\/58c7f7bd-banco-inter-jpg.webp","width":1767,"height":855,"caption":"Em meio a reorganiza\u00e7\u00e3o societ\u00e1ria e rumores sobre cr\u00e9dito mal provisionado, Banco Inter enfrentou volatilidade do Ibovespa - Foto: divulga\u00e7\u00e3o"},{"@type":"BreadcrumbList","@id":"https:\/\/www.suno.com.br\/noticias\/ibovespa-banco-inter-bidi11-bidi4-meliuz-cash3-quedas\/#breadcrumb","itemListElement":[{"@type":"ListItem","position":1,"name":"Not\u00edcias","item":"https:\/\/www.suno.com.br\/noticias\/"},{"@type":"ListItem","position":2,"name":"Neg\u00f3cios","item":"https:\/\/www.suno.com.br\/noticias\/negocios\/"},{"@type":"ListItem","position":3,"name":"Ibovespa: Banco Inter (BIDI4; BIDI11) e M\u00e9liuz (CASH3) sofrem maiores quedas"}]},{"@type":"WebSite","@id":"https:\/\/www.suno.com.br\/noticias\/#website","url":"https:\/\/www.suno.com.br\/noticias\/","name":"Suno Not\u00edcias","description":"Seu portal de informa\u00e7\u00e3o sobre o mundo dos investimentos","publisher":{"@id":"https:\/\/www.suno.com.br\/noticias\/#organization"},"potentialAction":[{"@type":"SearchAction","target":{"@type":"EntryPoint","urlTemplate":"https:\/\/www.suno.com.br\/noticias\/?s={search_term_string}"},"query-input":{"@type":"PropertyValueSpecification","valueRequired":true,"valueName":"search_term_string"}}],"inLanguage":"pt-BR"},{"@type":"Organization","@id":"https:\/\/www.suno.com.br\/noticias\/#organization","name":"Suno Not\u00edcias","url":"https:\/\/www.suno.com.br\/noticias\/","logo":{"@type":"ImageObject","inLanguage":"pt-BR","@id":"https:\/\/www.suno.com.br\/noticias\/#\/schema\/logo\/image\/","url":"https:\/\/files.sunoresearch.com.br\/n\/uploads\/2021\/09\/suno-logo.png","contentUrl":"https:\/\/files.sunoresearch.com.br\/n\/uploads\/2021\/09\/suno-logo.png","width":180,"height":180,"caption":"Suno Not\u00edcias"},"image":{"@id":"https:\/\/www.suno.com.br\/noticias\/#\/schema\/logo\/image\/"},"sameAs":["https:\/\/facebook.com\/sunoresearch","https:\/\/x.com\/sunoresearch","https:\/\/www.instagram.com\/suno","https:\/\/www.linkedin.com\/company\/suno-research\/","https:\/\/www.youtube.com\/c\/sunoresearch"]},{"@type":"Person","@id":"https:\/\/www.suno.com.br\/noticias\/#\/schema\/person\/06f0d962a6b1c54852e4860f16935600","name":"Bruno Galv\u00e3o","image":{"@type":"ImageObject","inLanguage":"pt-BR","@id":"https:\/\/www.suno.com.br\/noticias\/#\/schema\/person\/image\/","url":"https:\/\/secure.gravatar.com\/avatar\/53598df0b41c00f12f287a912d0e918e?s=96&r=g","contentUrl":"https:\/\/secure.gravatar.com\/avatar\/53598df0b41c00f12f287a912d0e918e?s=96&r=g","caption":"Bruno Galv\u00e3o"},"description":"Escreve para o portal Suno Not\u00edcias. \u00c9 estudante de Jornalismo pela Faculdade C\u00e1sper L\u00edbero e Letras pela USP. Entusiasta de tecnologia e intelig\u00eancia artificial.","url":"https:\/\/www.suno.com.br\/noticias\/author\/bruno-garcia\/"}]}},"default_loop_html":"<div class=\"cardsPage__listCard__boxs\"><div class=\"cardsPage__listCard__boxs__img\"><a href=\"https:\/\/www.suno.com.br\/noticias\/ibovespa-banco-inter-bidi11-bidi4-meliuz-cash3-quedas\/\"><img class=\"mask\" src=\"https:\/\/www.suno.com.br\/noticias\/wp-content\/themes\/suno\/resources\/images\/spotlight\/spotlight1img\/bg-mask.png\" alt=\"Image Mask\"\/><img src=\"https:\/\/files.sunoresearch.com.br\/n\/uploads\/2021\/01\/58c7f7bd-banco-inter-400x200.webp\" alt=\"Ibovespa: Banco Inter (BIDI4; BIDI11) e M\u00e9liuz (CASH3) sofrem maiores quedas\"\/><\/a><span class=\"spotlightCategory\"><a href=\"https:\/\/www.suno.com.br\/noticias\/negocios\/\">Neg\u00f3cios<\/a><\/span><\/div><div class=\"cardsPage__listCard__boxs__content\"><a href=\"https:\/\/www.suno.com.br\/noticias\/ibovespa-banco-inter-bidi11-bidi4-meliuz-cash3-quedas\/\"><h2 class=\"content__title\">Ibovespa: Banco Inter (BIDI4; BIDI11) e M\u00e9liuz (CASH3) sofrem maiores quedas<\/h2><\/a><div class=\"newsContent__article__meta\"><div class=\"newsContent__article__meta__authorBox\"><a href=\"https:\/\/www.suno.com.br\/noticias\/author\/bruno-garcia\/\" class=\"authorBox__avatar noMobi\"><img src=\"https:\/\/secure.gravatar.com\/avatar\/53598df0b41c00f12f287a912d0e918e?s=96&#038;r=g\" alt=\"Bruno Galv\u00e3o\"><\/a><div class=\"authorBox__name\"><span>por\n\t\t\t<a href=\"https:\/\/www.suno.com.br\/noticias\/author\/bruno-garcia\/\"><span itemprop=\"author\">Bruno Galv\u00e3o<\/span><\/a><\/span><time datetime=\"2021-10-02T16:08:18-03:00\" itemprop=\"datePublished\">02\/10\/2021 16:08<\/time><\/div><\/div><\/div><\/div><\/div>","single_layout":"posts","amp_enabled":true,"_links":{"self":[{"href":"https:\/\/www.suno.com.br\/noticias\/wp-json\/wp\/v2\/posts\/190215"}],"collection":[{"href":"https:\/\/www.suno.com.br\/noticias\/wp-json\/wp\/v2\/posts"}],"about":[{"href":"https:\/\/www.suno.com.br\/noticias\/wp-json\/wp\/v2\/types\/post"}],"author":[{"embeddable":true,"href":"https:\/\/www.suno.com.br\/noticias\/wp-json\/wp\/v2\/users\/118"}],"replies":[{"embeddable":true,"href":"https:\/\/www.suno.com.br\/noticias\/wp-json\/wp\/v2\/comments?post=190215"}],"version-history":[{"count":2,"href":"https:\/\/www.suno.com.br\/noticias\/wp-json\/wp\/v2\/posts\/190215\/revisions"}],"predecessor-version":[{"id":190225,"href":"https:\/\/www.suno.com.br\/noticias\/wp-json\/wp\/v2\/posts\/190215\/revisions\/190225"}],"wp:featuredmedia":[{"embeddable":true,"href":"https:\/\/www.suno.com.br\/noticias\/wp-json\/wp\/v2\/media\/111725"}],"wp:attachment":[{"href":"https:\/\/www.suno.com.br\/noticias\/wp-json\/wp\/v2\/media?parent=190215"}],"wp:term":[{"taxonomy":"category","embeddable":true,"href":"https:\/\/www.suno.com.br\/noticias\/wp-json\/wp\/v2\/categories?post=190215"},{"taxonomy":"post_tag","embeddable":true,"href":"https:\/\/www.suno.com.br\/noticias\/wp-json\/wp\/v2\/tags?post=190215"},{"taxonomy":"suno_strategy","embeddable":true,"href":"https:\/\/www.suno.com.br\/noticias\/wp-json\/wp\/v2\/suno_strategy?post=190215"}],"curies":[{"name":"wp","href":"https:\/\/api.w.org\/{rel}","templated":true}]}}