{"id":190199,"date":"2021-10-02T11:38:42","date_gmt":"2021-10-02T14:38:42","guid":{"rendered":"https:\/\/www.suno.com.br\/noticias\/?p=190199"},"modified":"2021-10-04T14:40:52","modified_gmt":"2021-10-04T17:40:52","slug":"irb-brasil-irbr3-anuncia-demissao-de-cfo-werner-romera-suffert","status":"publish","type":"post","link":"https:\/\/www.suno.com.br\/noticias\/irb-brasil-irbr3-anuncia-demissao-de-cfo-werner-romera-suffert\/","title":{"rendered":"IRB Brasil (IRBR3) anuncia demiss\u00e3o de CFO, Werner Romera S\u00fcffert"},"content":{"rendered":"<p>Em <a class=\"suno-keyword\" href=\"https:\/\/www.suno.com.br\/artigos\/fato-relevante\/\" target=\"_blank\" rel=\"noopener\" data-force=\"no\" data-priority=\"1\">fato relevante<\/a> divulgado nesta sexta (1\u00ba), a <strong>IRB Brasil<\/strong> (IRBR3) anunciou que <span dir=\"ltr\" role=\"presentation\">Werner <\/span><br role=\"presentation\" \/><span dir=\"ltr\" role=\"presentation\">Romera S\u00fcffert, Diretor Vice-Presidente Executivo Financeiro e de Rela\u00e7\u00f5es com <br role=\"presentation\" \/>Investidores (CFO), se desligar\u00e1 da empresa no dia 31 de outubro, por motivos pessoais.\u00a0<\/span><\/p>\t<div class=\"wrapper-featured-image\">\n\t\t<figure class=\"spotlightImg\">\n\n\t\t\t<picture>\n\t\t\t\t<source media=\"(max-width: 768px)\" srcset=\"https:\/\/files.sunoresearch.com.br\/n\/uploads\/2021\/01\/5f0710ba-irb-brasil-re-acoes-400x200.webp\">\n\t\t\t\t<img loading=\"lazy\" decoding=\"async\" class=\"newsContent__article__imgCapa lazyloadDisabled newsContent__article__imgCapa--noCaption\" src=\"https:\/\/files.sunoresearch.com.br\/n\/uploads\/2021\/01\/5f0710ba-irb-brasil-re-acoes-800x450.webp\" width=\"800\" height=\"450\" alt=\"IRB Brasil (IRBR3) anuncia demiss\u00e3o de CFO, Werner Romera S\u00fcffert\" fetchpriority=high \/>\n\t\t\t<\/picture>\n\n\t\t\t<figcaption class=\"wp-caption-text wp-caption-text--hide\"><\/figcaption>\n\t\t<\/figure>\n\t<\/div>\n\n\n<p>\t<p>\n\t\t<a href=\"\" target=\"_blank\" data-element=\"shortcode-suno-banner\" title=\"Banner SUNO, clique e saiba mais\">\n\t\t\t<picture>\n\t\t\t\t<source media=\"(max-width: 500px)\" srcset=\"\">\n\t\t\t\t<img class=\"newsContent__article__imgCapa newsContent__article__imgCapa--banner\"\n\t\t\t\t\tsrc=\"\"\n\t\t\t\t\tdata-promo-id=\"91650\"\t\t\t\t\t\t\t\t\t\t\t\t\t\t\talt=\"\"\n\t\t\t\t>\n\t\t\t<\/picture>\n\t\t<\/a>\n\t<\/p>\n\n<br \/>\nO documento comunica que CFO da <strong>IRB<\/strong> foi pe\u00e7a fundamental para a reestrutura\u00e7\u00e3o <span dir=\"ltr\" role=\"presentation\"> (<\/span><strong><span dir=\"ltr\" role=\"presentation\">turnaround<\/span><\/strong><span dir=\"ltr\" role=\"presentation\">) executada no <\/span> <span dir=\"ltr\" role=\"presentation\">\u00faltimo ano na Companhia, tendo colaborado de forma decisiva para seu sucesso. S\u00fcffert possui mais de 28 anos de carreira em fun\u00e7\u00f5es executivas, tendo atuado anteriormente na BB Seguros e Brasilprev.<\/span><\/p>\n<p>O comunicado informa ainda que <span dir=\"ltr\" role=\"presentation\">S\u00fcffert<\/span>, a pedido da empresa, ir\u00e1 ajudar na sele\u00e7\u00e3o de seu substituto, realizando a transfer\u00eancia do cargo para seu sucessor. O executivo havia sido eleito pelo C<span dir=\"ltr\" role=\"presentation\">onselho de <\/span><span dir=\"ltr\" role=\"presentation\">Administra\u00e7\u00e3o em mar\u00e7o de 2020.<\/span><\/p>\n\t<p>\n\t\t<a href=\"https:\/\/lp.suno.com.br\/planilha-da-vida-financeira\/\" target=\"_blank\" data-element=\"shortcode-suno-banner\" title=\"Banner SUNO, clique e saiba mais\">\n\t\t\t<picture>\n\t\t\t\t<source media=\"(max-width: 500px)\" srcset=\"https:\/\/files.sunoresearch.com.br\/n\/uploads\/2023\/04\/400x300-Planilha-vida-financeira-true.png\">\n\t\t\t\t<img class=\"newsContent__article__imgCapa newsContent__article__imgCapa--banner\"\n\t\t\t\t\tsrc=\"https:\/\/files.sunoresearch.com.br\/n\/uploads\/2023\/04\/1420x240-Planilha-vida-financeira-true.png\"\n\t\t\t\t\tdata-promo-id=\"106682\"\t\t\t\t\t\t\t\t\t\twidth='1420' height='240'\t\t\t\t\talt=\"https:\/\/files.sunoresearch.com.br\/n\/uploads\/2023\/04\/1420x240-Planilha-vida-financeira-true.png\"\n\t\t\t\t>\n\t\t\t<\/picture>\n\t\t<\/a>\n\t<\/p>\n\n\n<p>A empresa tamb\u00e9m anunciou recentemente a substitui\u00e7\u00e3o de outro executivo de alto escal\u00e3o. Em reuni\u00e3o realizada no m\u00eas passado, foi selecionado o novo <strong>CEO<\/strong> da empresa. O escolhido foi Raphael Afonso Godinho de Carvalho, que assumiu ontem, 1\u00ba de outubro. O executivo ter\u00e1 mandato unificado com os demais membros da diretoria estatut\u00e1ria, at\u00e9 o dia 2 de julho de 2023.<\/p>\n<p>O executivo chega no ressegurador para dar continuidade \u00e0\u00a0<strong>reformula\u00e7\u00e3o<\/strong>\u00a0realizada pela empresa desde a crise de 2020, a pior em sua hist\u00f3ria, que demandou uma completa revis\u00e3o de seus balan\u00e7os, contratos firmados e atividades.<\/p>\n\t<p>\n\t\t<a href=\"https:\/\/lp.suno.com.br\/ebook-como-analisar-uma-acao\/\" target=\"_blank\" data-element=\"shortcode-suno-banner\" title=\"Banner SUNO, clique e saiba mais\">\n\t\t\t<picture>\n\t\t\t\t<source media=\"(max-width: 500px)\" srcset=\"https:\/\/files.sunoresearch.com.br\/n\/uploads\/2023\/03\/Ebook-Acoes-Mobile-1.jpg\">\n\t\t\t\t<img class=\"newsContent__article__imgCapa newsContent__article__imgCapa--banner\"\n\t\t\t\t\tsrc=\"https:\/\/files.sunoresearch.com.br\/n\/uploads\/2023\/03\/Ebook-Acoes-Desktop-1.jpg\"\n\t\t\t\t\tdata-promo-id=\"171998\"\t\t\t\t\t\t\t\t\t\twidth='1420' height='286'\t\t\t\t\talt=\"https:\/\/files.sunoresearch.com.br\/n\/uploads\/2023\/03\/Ebook-Acoes-Desktop-1.jpg\"\n\t\t\t\t>\n\t\t\t<\/picture>\n\t\t<\/a>\n\t<\/p>\n\n\n<p>Com a chegada de Carvalho, Wilson Toneto, que ocupava interinamente o\u00a0<a href=\"https:\/\/www.suno.com.br\/artigos\/ceo\/\">cargo de\u00a0<strong>CEO do IRB<\/strong><\/a>\u00a0desde mar\u00e7o, passar\u00e1 a ser o diretor vice-presidente t\u00e9cnico e de opera\u00e7\u00f5es.<\/p>\n<p>Ainda nesta semana, em relat\u00f3rio divulgado pela ag\u00eancia de classifica\u00e7\u00e3o de riscos Standard&amp;Poor\u2019s Global Ratings (<strong>S&amp;P<\/strong>), foi mantido o rating de cr\u00e9dito de emissor do IRB Brasil RE de \u201cbrAAA\u201d na escala Nacional Brasil, com perspectiva est\u00e1vel.<\/p>\n\t<div data-element=\"shortcode-read-more\" class=\"knowMore\">\n\t\t\t\t<span class=\"knowMore__title\">Saiba mais<\/span>\n\t\t\t\t<a class=\"knowMore__link\" href=\"https:\/\/www.suno.com.br\/noticias\/irb-brasil-irbr3-planner-recomendacao-compra\/\">\n\t\t\tIRB Brasil (IRBR3): Planner reitera recomenda\u00e7\u00e3o de compra com upside de 56%; confira\t\t<\/a>\n\t<\/div>\n\n\n\t<p>\n\t\t<a href=\"https:\/\/lp.suno.com.br\/planilha-de-controle-de-investimentos\/\" target=\"_blank\" data-element=\"shortcode-suno-banner\" title=\"Banner SUNO, clique e saiba mais\">\n\t\t\t<picture>\n\t\t\t\t<source media=\"(max-width: 500px)\" srcset=\"https:\/\/files.sunoresearch.com.br\/n\/uploads\/2023\/03\/400x300-Controle-de-Investimentos.png\">\n\t\t\t\t<img class=\"newsContent__article__imgCapa newsContent__article__imgCapa--banner\"\n\t\t\t\t\tsrc=\"https:\/\/files.sunoresearch.com.br\/n\/uploads\/2023\/03\/1420x240-Controle-de-Investimentos.png\"\n\t\t\t\t\tdata-promo-id=\"75934\"\t\t\t\t\t\t\t\t\t\twidth='1420' height='240'\t\t\t\t\talt=\"https:\/\/files.sunoresearch.com.br\/n\/uploads\/2023\/03\/1420x240-Controle-de-Investimentos.png\"\n\t\t\t\t>\n\t\t\t<\/picture>\n\t\t<\/a>\n\t<\/p>\n\n\n<h2>Cota\u00e7\u00e3o do IRB Brasil<\/h2>\n<p>As<strong>\u00a0a\u00e7\u00f5es do IRB Brasil<\/strong> encerraram o preg\u00e3o na \u00faltima sexta-feira (1\u00ba) negociadas a R$ 4,94. Nos \u00faltimos 12 meses, os pap\u00e9is recuam 4,25%. A companhia vale R$ 6,56 bilh\u00f5es na B3.<\/p>\n\t<p>\n\t\t<a href=\"\" target=\"_blank\" data-element=\"shortcode-suno-banner\" title=\"Banner SUNO, clique e saiba mais\">\n\t\t\t<picture>\n\t\t\t\t<source media=\"(max-width: 500px)\" srcset=\"\">\n\t\t\t\t<img class=\"newsContent__article__imgCapa newsContent__article__imgCapa--banner\"\n\t\t\t\t\tsrc=\"\"\n\t\t\t\t\tdata-promo-id=\"184190\"\t\t\t\t\t\t\t\t\t\t\t\t\t\t\talt=\"\"\n\t\t\t\t>\n\t\t\t<\/picture>\n\t\t<\/a>\n\t<\/p>\n\n\n","protected":false},"excerpt":{"rendered":"<p>Em fato relevante divulgado nesta sexta (1\u00ba), a IRB Brasil (IRBR3) anunciou que Werner Romera S\u00fcffert, Diretor Vice-Presidente Executivo Financeiro e de Rela\u00e7\u00f5es com Investidores (CFO), se desligar\u00e1 da empresa no dia 31 de outubro, por motivos pessoais.\u00a0 O documento comunica que CFO da IRB foi pe\u00e7a fundamental para a reestrutura\u00e7\u00e3o (turnaround) executada no \u00faltimo [&hellip;]<\/p>\n","protected":false},"author":118,"featured_media":117028,"comment_status":"closed","ping_status":"closed","sticky":false,"template":"","format":"standard","meta":[],"categories":[64],"tags":[378,1813],"suno_strategy":[],"class_list":["post-190199","post","type-post","status-publish","format-standard","has-post-thumbnail","hentry","category-negocios","tag-bb-seguridade-bbse3","tag-irb-brasil-irbr3"],"yoast_head":"<!-- This site is optimized with the Yoast SEO plugin v24.4 - https:\/\/yoast.com\/wordpress\/plugins\/seo\/ -->\n<title>IRB Brasil (IRBR3) anuncia demiss\u00e3o de CFO, Werner Romera S\u00fcffert<\/title>\n<meta name=\"description\" content=\"Em fato relevante divulgado nesta sexta (1\u00ba), a IRB Brasil (IRBR3) anunciou que Werner Romera S\u00fcffert, atual CFO da empresa...Saiba mais\" \/>\n<meta name=\"robots\" content=\"index, follow, max-snippet:-1, max-image-preview:large, max-video-preview:-1\" \/>\n<link rel=\"canonical\" href=\"https:\/\/www.suno.com.br\/noticias\/irb-brasil-irbr3-anuncia-demissao-de-cfo-werner-romera-suffert\/\" \/>\n<meta property=\"og:locale\" content=\"pt_BR\" \/>\n<meta property=\"og:type\" content=\"article\" \/>\n<meta property=\"og:title\" content=\"IRB Brasil (IRBR3) anuncia demiss\u00e3o de CFO, Werner Romera S\u00fcffert\" \/>\n<meta property=\"og:description\" content=\"Em fato relevante divulgado nesta sexta (1\u00ba), a IRB Brasil (IRBR3) anunciou que Werner Romera S\u00fcffert, atual CFO da empresa...Saiba mais\" \/>\n<meta property=\"og:url\" content=\"https:\/\/www.suno.com.br\/noticias\/irb-brasil-irbr3-anuncia-demissao-de-cfo-werner-romera-suffert\/\" \/>\n<meta property=\"og:site_name\" content=\"Suno Not\u00edcias\" \/>\n<meta property=\"article:publisher\" content=\"https:\/\/facebook.com\/sunoresearch\" \/>\n<meta property=\"og:image\" content=\"https:\/\/files.sunoresearch.com.br\/n\/uploads\/2021\/01\/5f0710ba-irb-brasil-re-acoes.jpg\" \/>\n\t<meta property=\"og:image:width\" content=\"960\" \/>\n\t<meta property=\"og:image:height\" content=\"768\" \/>\n\t<meta property=\"og:image:type\" content=\"image\/jpeg\" \/>\n<meta name=\"author\" content=\"Bruno Galv\u00e3o\" \/>\n<meta name=\"twitter:card\" content=\"summary_large_image\" \/>\n<meta name=\"twitter:creator\" content=\"@sunoresearch\" \/>\n<meta name=\"twitter:site\" content=\"@sunoresearch\" \/>\n<meta name=\"twitter:label1\" content=\"Escrito por\" \/>\n\t<meta name=\"twitter:data1\" content=\"Bruno Galv\u00e3o\" \/>\n\t<meta name=\"twitter:label2\" content=\"Est. tempo de leitura\" \/>\n\t<meta name=\"twitter:data2\" content=\"2 minutos\" \/>\n<script type=\"application\/ld+json\" class=\"yoast-schema-graph\">{\"@context\":\"https:\/\/schema.org\",\"@graph\":[{\"@type\":\"NewsArticle\",\"@id\":\"https:\/\/www.suno.com.br\/noticias\/irb-brasil-irbr3-anuncia-demissao-de-cfo-werner-romera-suffert\/#article\",\"isPartOf\":{\"@id\":\"https:\/\/www.suno.com.br\/noticias\/irb-brasil-irbr3-anuncia-demissao-de-cfo-werner-romera-suffert\/\"},\"author\":{\"name\":\"Bruno Galv\u00e3o\",\"@id\":\"https:\/\/www.suno.com.br\/noticias\/#\/schema\/person\/06f0d962a6b1c54852e4860f16935600\"},\"headline\":\"IRB Brasil (IRBR3) anuncia demiss\u00e3o de CFO, Werner Romera S\u00fcffert\",\"datePublished\":\"2021-10-02T14:38:42+00:00\",\"dateModified\":\"2021-10-04T17:40:52+00:00\",\"mainEntityOfPage\":{\"@id\":\"https:\/\/www.suno.com.br\/noticias\/irb-brasil-irbr3-anuncia-demissao-de-cfo-werner-romera-suffert\/\"},\"wordCount\":378,\"publisher\":{\"@id\":\"https:\/\/www.suno.com.br\/noticias\/#organization\"},\"image\":{\"@id\":\"https:\/\/www.suno.com.br\/noticias\/irb-brasil-irbr3-anuncia-demissao-de-cfo-werner-romera-suffert\/#primaryimage\"},\"thumbnailUrl\":\"https:\/\/files.sunoresearch.com.br\/n\/uploads\/2021\/01\/5f0710ba-irb-brasil-re-acoes-jpg.webp\",\"keywords\":[\"BB Seguridade (BBSE3)\",\"IRB Brasil (IRBR3)\"],\"articleSection\":[\"Neg\u00f3cios\"],\"inLanguage\":\"pt-BR\"},{\"@type\":\"WebPage\",\"@id\":\"https:\/\/www.suno.com.br\/noticias\/irb-brasil-irbr3-anuncia-demissao-de-cfo-werner-romera-suffert\/\",\"url\":\"https:\/\/www.suno.com.br\/noticias\/irb-brasil-irbr3-anuncia-demissao-de-cfo-werner-romera-suffert\/\",\"name\":\"IRB Brasil (IRBR3) anuncia demiss\u00e3o de CFO, Werner Romera S\u00fcffert\",\"isPartOf\":{\"@id\":\"https:\/\/www.suno.com.br\/noticias\/#website\"},\"primaryImageOfPage\":{\"@id\":\"https:\/\/www.suno.com.br\/noticias\/irb-brasil-irbr3-anuncia-demissao-de-cfo-werner-romera-suffert\/#primaryimage\"},\"image\":{\"@id\":\"https:\/\/www.suno.com.br\/noticias\/irb-brasil-irbr3-anuncia-demissao-de-cfo-werner-romera-suffert\/#primaryimage\"},\"thumbnailUrl\":\"https:\/\/files.sunoresearch.com.br\/n\/uploads\/2021\/01\/5f0710ba-irb-brasil-re-acoes-jpg.webp\",\"datePublished\":\"2021-10-02T14:38:42+00:00\",\"dateModified\":\"2021-10-04T17:40:52+00:00\",\"description\":\"Em fato relevante divulgado nesta sexta (1\u00ba), a IRB Brasil (IRBR3) anunciou que Werner Romera S\u00fcffert, atual CFO da empresa...Saiba mais\",\"breadcrumb\":{\"@id\":\"https:\/\/www.suno.com.br\/noticias\/irb-brasil-irbr3-anuncia-demissao-de-cfo-werner-romera-suffert\/#breadcrumb\"},\"inLanguage\":\"pt-BR\",\"potentialAction\":[{\"@type\":\"ReadAction\",\"target\":[\"https:\/\/www.suno.com.br\/noticias\/irb-brasil-irbr3-anuncia-demissao-de-cfo-werner-romera-suffert\/\"]}]},{\"@type\":\"ImageObject\",\"inLanguage\":\"pt-BR\",\"@id\":\"https:\/\/www.suno.com.br\/noticias\/irb-brasil-irbr3-anuncia-demissao-de-cfo-werner-romera-suffert\/#primaryimage\",\"url\":\"https:\/\/files.sunoresearch.com.br\/n\/uploads\/2021\/01\/5f0710ba-irb-brasil-re-acoes-jpg.webp\",\"contentUrl\":\"https:\/\/files.sunoresearch.com.br\/n\/uploads\/2021\/01\/5f0710ba-irb-brasil-re-acoes-jpg.webp\",\"width\":960,\"height\":768},{\"@type\":\"BreadcrumbList\",\"@id\":\"https:\/\/www.suno.com.br\/noticias\/irb-brasil-irbr3-anuncia-demissao-de-cfo-werner-romera-suffert\/#breadcrumb\",\"itemListElement\":[{\"@type\":\"ListItem\",\"position\":1,\"name\":\"Not\u00edcias\",\"item\":\"https:\/\/www.suno.com.br\/noticias\/\"},{\"@type\":\"ListItem\",\"position\":2,\"name\":\"Neg\u00f3cios\",\"item\":\"https:\/\/www.suno.com.br\/noticias\/negocios\/\"},{\"@type\":\"ListItem\",\"position\":3,\"name\":\"IRB Brasil (IRBR3) anuncia demiss\u00e3o de CFO, Werner Romera S\u00fcffert\"}]},{\"@type\":\"WebSite\",\"@id\":\"https:\/\/www.suno.com.br\/noticias\/#website\",\"url\":\"https:\/\/www.suno.com.br\/noticias\/\",\"name\":\"Suno Not\u00edcias\",\"description\":\"Seu portal de informa\u00e7\u00e3o sobre o mundo dos investimentos\",\"publisher\":{\"@id\":\"https:\/\/www.suno.com.br\/noticias\/#organization\"},\"potentialAction\":[{\"@type\":\"SearchAction\",\"target\":{\"@type\":\"EntryPoint\",\"urlTemplate\":\"https:\/\/www.suno.com.br\/noticias\/?s={search_term_string}\"},\"query-input\":{\"@type\":\"PropertyValueSpecification\",\"valueRequired\":true,\"valueName\":\"search_term_string\"}}],\"inLanguage\":\"pt-BR\"},{\"@type\":\"Organization\",\"@id\":\"https:\/\/www.suno.com.br\/noticias\/#organization\",\"name\":\"Suno Not\u00edcias\",\"url\":\"https:\/\/www.suno.com.br\/noticias\/\",\"logo\":{\"@type\":\"ImageObject\",\"inLanguage\":\"pt-BR\",\"@id\":\"https:\/\/www.suno.com.br\/noticias\/#\/schema\/logo\/image\/\",\"url\":\"https:\/\/files.sunoresearch.com.br\/n\/uploads\/2021\/09\/suno-logo.png\",\"contentUrl\":\"https:\/\/files.sunoresearch.com.br\/n\/uploads\/2021\/09\/suno-logo.png\",\"width\":180,\"height\":180,\"caption\":\"Suno Not\u00edcias\"},\"image\":{\"@id\":\"https:\/\/www.suno.com.br\/noticias\/#\/schema\/logo\/image\/\"},\"sameAs\":[\"https:\/\/facebook.com\/sunoresearch\",\"https:\/\/x.com\/sunoresearch\",\"https:\/\/www.instagram.com\/suno\",\"https:\/\/www.linkedin.com\/company\/suno-research\/\",\"https:\/\/www.youtube.com\/c\/sunoresearch\"]},{\"@type\":\"Person\",\"@id\":\"https:\/\/www.suno.com.br\/noticias\/#\/schema\/person\/06f0d962a6b1c54852e4860f16935600\",\"name\":\"Bruno Galv\u00e3o\",\"image\":{\"@type\":\"ImageObject\",\"inLanguage\":\"pt-BR\",\"@id\":\"https:\/\/www.suno.com.br\/noticias\/#\/schema\/person\/image\/\",\"url\":\"https:\/\/secure.gravatar.com\/avatar\/53598df0b41c00f12f287a912d0e918e?s=96&r=g\",\"contentUrl\":\"https:\/\/secure.gravatar.com\/avatar\/53598df0b41c00f12f287a912d0e918e?s=96&r=g\",\"caption\":\"Bruno Galv\u00e3o\"},\"description\":\"Escreve para o portal Suno Not\u00edcias. \u00c9 estudante de Jornalismo pela Faculdade C\u00e1sper L\u00edbero e Letras pela USP. Entusiasta de tecnologia e intelig\u00eancia artificial.\",\"url\":\"https:\/\/www.suno.com.br\/noticias\/author\/bruno-garcia\/\"}]}<\/script>\n<!-- \/ Yoast SEO plugin. -->","yoast_head_json":{"title":"IRB Brasil (IRBR3) anuncia demiss\u00e3o de CFO, Werner Romera S\u00fcffert","description":"Em fato relevante divulgado nesta sexta (1\u00ba), a IRB Brasil (IRBR3) anunciou que Werner Romera S\u00fcffert, atual CFO da empresa...Saiba mais","robots":{"index":"index","follow":"follow","max-snippet":"max-snippet:-1","max-image-preview":"max-image-preview:large","max-video-preview":"max-video-preview:-1"},"canonical":"https:\/\/www.suno.com.br\/noticias\/irb-brasil-irbr3-anuncia-demissao-de-cfo-werner-romera-suffert\/","og_locale":"pt_BR","og_type":"article","og_title":"IRB Brasil (IRBR3) anuncia demiss\u00e3o de CFO, Werner Romera S\u00fcffert","og_description":"Em fato relevante divulgado nesta sexta (1\u00ba), a IRB Brasil (IRBR3) anunciou que Werner Romera S\u00fcffert, atual CFO da empresa...Saiba mais","og_url":"https:\/\/www.suno.com.br\/noticias\/irb-brasil-irbr3-anuncia-demissao-de-cfo-werner-romera-suffert\/","og_site_name":"Suno Not\u00edcias","article_publisher":"https:\/\/facebook.com\/sunoresearch","og_image":[{"width":960,"height":768,"url":"https:\/\/files.sunoresearch.com.br\/n\/uploads\/2021\/01\/5f0710ba-irb-brasil-re-acoes.jpg","type":"image\/jpeg"}],"author":"Bruno Galv\u00e3o","twitter_card":"summary_large_image","twitter_creator":"@sunoresearch","twitter_site":"@sunoresearch","twitter_misc":{"Escrito por":"Bruno Galv\u00e3o","Est. tempo de leitura":"2 minutos"},"schema":{"@context":"https:\/\/schema.org","@graph":[{"@type":"NewsArticle","@id":"https:\/\/www.suno.com.br\/noticias\/irb-brasil-irbr3-anuncia-demissao-de-cfo-werner-romera-suffert\/#article","isPartOf":{"@id":"https:\/\/www.suno.com.br\/noticias\/irb-brasil-irbr3-anuncia-demissao-de-cfo-werner-romera-suffert\/"},"author":{"name":"Bruno Galv\u00e3o","@id":"https:\/\/www.suno.com.br\/noticias\/#\/schema\/person\/06f0d962a6b1c54852e4860f16935600"},"headline":"IRB Brasil (IRBR3) anuncia demiss\u00e3o de CFO, Werner Romera S\u00fcffert","datePublished":"2021-10-02T14:38:42+00:00","dateModified":"2021-10-04T17:40:52+00:00","mainEntityOfPage":{"@id":"https:\/\/www.suno.com.br\/noticias\/irb-brasil-irbr3-anuncia-demissao-de-cfo-werner-romera-suffert\/"},"wordCount":378,"publisher":{"@id":"https:\/\/www.suno.com.br\/noticias\/#organization"},"image":{"@id":"https:\/\/www.suno.com.br\/noticias\/irb-brasil-irbr3-anuncia-demissao-de-cfo-werner-romera-suffert\/#primaryimage"},"thumbnailUrl":"https:\/\/files.sunoresearch.com.br\/n\/uploads\/2021\/01\/5f0710ba-irb-brasil-re-acoes-jpg.webp","keywords":["BB Seguridade (BBSE3)","IRB Brasil (IRBR3)"],"articleSection":["Neg\u00f3cios"],"inLanguage":"pt-BR"},{"@type":"WebPage","@id":"https:\/\/www.suno.com.br\/noticias\/irb-brasil-irbr3-anuncia-demissao-de-cfo-werner-romera-suffert\/","url":"https:\/\/www.suno.com.br\/noticias\/irb-brasil-irbr3-anuncia-demissao-de-cfo-werner-romera-suffert\/","name":"IRB Brasil (IRBR3) anuncia demiss\u00e3o de CFO, Werner Romera S\u00fcffert","isPartOf":{"@id":"https:\/\/www.suno.com.br\/noticias\/#website"},"primaryImageOfPage":{"@id":"https:\/\/www.suno.com.br\/noticias\/irb-brasil-irbr3-anuncia-demissao-de-cfo-werner-romera-suffert\/#primaryimage"},"image":{"@id":"https:\/\/www.suno.com.br\/noticias\/irb-brasil-irbr3-anuncia-demissao-de-cfo-werner-romera-suffert\/#primaryimage"},"thumbnailUrl":"https:\/\/files.sunoresearch.com.br\/n\/uploads\/2021\/01\/5f0710ba-irb-brasil-re-acoes-jpg.webp","datePublished":"2021-10-02T14:38:42+00:00","dateModified":"2021-10-04T17:40:52+00:00","description":"Em fato relevante divulgado nesta sexta (1\u00ba), a IRB Brasil (IRBR3) anunciou que Werner Romera S\u00fcffert, atual CFO da empresa...Saiba mais","breadcrumb":{"@id":"https:\/\/www.suno.com.br\/noticias\/irb-brasil-irbr3-anuncia-demissao-de-cfo-werner-romera-suffert\/#breadcrumb"},"inLanguage":"pt-BR","potentialAction":[{"@type":"ReadAction","target":["https:\/\/www.suno.com.br\/noticias\/irb-brasil-irbr3-anuncia-demissao-de-cfo-werner-romera-suffert\/"]}]},{"@type":"ImageObject","inLanguage":"pt-BR","@id":"https:\/\/www.suno.com.br\/noticias\/irb-brasil-irbr3-anuncia-demissao-de-cfo-werner-romera-suffert\/#primaryimage","url":"https:\/\/files.sunoresearch.com.br\/n\/uploads\/2021\/01\/5f0710ba-irb-brasil-re-acoes-jpg.webp","contentUrl":"https:\/\/files.sunoresearch.com.br\/n\/uploads\/2021\/01\/5f0710ba-irb-brasil-re-acoes-jpg.webp","width":960,"height":768},{"@type":"BreadcrumbList","@id":"https:\/\/www.suno.com.br\/noticias\/irb-brasil-irbr3-anuncia-demissao-de-cfo-werner-romera-suffert\/#breadcrumb","itemListElement":[{"@type":"ListItem","position":1,"name":"Not\u00edcias","item":"https:\/\/www.suno.com.br\/noticias\/"},{"@type":"ListItem","position":2,"name":"Neg\u00f3cios","item":"https:\/\/www.suno.com.br\/noticias\/negocios\/"},{"@type":"ListItem","position":3,"name":"IRB Brasil (IRBR3) anuncia demiss\u00e3o de CFO, Werner Romera S\u00fcffert"}]},{"@type":"WebSite","@id":"https:\/\/www.suno.com.br\/noticias\/#website","url":"https:\/\/www.suno.com.br\/noticias\/","name":"Suno Not\u00edcias","description":"Seu portal de informa\u00e7\u00e3o sobre o mundo dos investimentos","publisher":{"@id":"https:\/\/www.suno.com.br\/noticias\/#organization"},"potentialAction":[{"@type":"SearchAction","target":{"@type":"EntryPoint","urlTemplate":"https:\/\/www.suno.com.br\/noticias\/?s={search_term_string}"},"query-input":{"@type":"PropertyValueSpecification","valueRequired":true,"valueName":"search_term_string"}}],"inLanguage":"pt-BR"},{"@type":"Organization","@id":"https:\/\/www.suno.com.br\/noticias\/#organization","name":"Suno Not\u00edcias","url":"https:\/\/www.suno.com.br\/noticias\/","logo":{"@type":"ImageObject","inLanguage":"pt-BR","@id":"https:\/\/www.suno.com.br\/noticias\/#\/schema\/logo\/image\/","url":"https:\/\/files.sunoresearch.com.br\/n\/uploads\/2021\/09\/suno-logo.png","contentUrl":"https:\/\/files.sunoresearch.com.br\/n\/uploads\/2021\/09\/suno-logo.png","width":180,"height":180,"caption":"Suno Not\u00edcias"},"image":{"@id":"https:\/\/www.suno.com.br\/noticias\/#\/schema\/logo\/image\/"},"sameAs":["https:\/\/facebook.com\/sunoresearch","https:\/\/x.com\/sunoresearch","https:\/\/www.instagram.com\/suno","https:\/\/www.linkedin.com\/company\/suno-research\/","https:\/\/www.youtube.com\/c\/sunoresearch"]},{"@type":"Person","@id":"https:\/\/www.suno.com.br\/noticias\/#\/schema\/person\/06f0d962a6b1c54852e4860f16935600","name":"Bruno Galv\u00e3o","image":{"@type":"ImageObject","inLanguage":"pt-BR","@id":"https:\/\/www.suno.com.br\/noticias\/#\/schema\/person\/image\/","url":"https:\/\/secure.gravatar.com\/avatar\/53598df0b41c00f12f287a912d0e918e?s=96&r=g","contentUrl":"https:\/\/secure.gravatar.com\/avatar\/53598df0b41c00f12f287a912d0e918e?s=96&r=g","caption":"Bruno Galv\u00e3o"},"description":"Escreve para o portal Suno Not\u00edcias. \u00c9 estudante de Jornalismo pela Faculdade C\u00e1sper L\u00edbero e Letras pela USP. Entusiasta de tecnologia e intelig\u00eancia artificial.","url":"https:\/\/www.suno.com.br\/noticias\/author\/bruno-garcia\/"}]}},"default_loop_html":"<div class=\"cardsPage__listCard__boxs\"><div class=\"cardsPage__listCard__boxs__img\"><a href=\"https:\/\/www.suno.com.br\/noticias\/irb-brasil-irbr3-anuncia-demissao-de-cfo-werner-romera-suffert\/\"><img class=\"mask\" src=\"https:\/\/www.suno.com.br\/noticias\/wp-content\/themes\/suno\/resources\/images\/spotlight\/spotlight1img\/bg-mask.png\" alt=\"Image Mask\"\/><img src=\"https:\/\/files.sunoresearch.com.br\/n\/uploads\/2021\/01\/5f0710ba-irb-brasil-re-acoes-400x200.webp\" alt=\"IRB Brasil (IRBR3) anuncia demiss\u00e3o de CFO, Werner Romera S\u00fcffert\"\/><\/a><span class=\"spotlightCategory\"><a href=\"https:\/\/www.suno.com.br\/noticias\/negocios\/\">Neg\u00f3cios<\/a><\/span><\/div><div class=\"cardsPage__listCard__boxs__content\"><a href=\"https:\/\/www.suno.com.br\/noticias\/irb-brasil-irbr3-anuncia-demissao-de-cfo-werner-romera-suffert\/\"><h2 class=\"content__title\">IRB Brasil (IRBR3) anuncia demiss\u00e3o de CFO, Werner Romera S\u00fcffert<\/h2><\/a><div class=\"newsContent__article__meta\"><div class=\"newsContent__article__meta__authorBox\"><a href=\"https:\/\/www.suno.com.br\/noticias\/author\/bruno-garcia\/\" class=\"authorBox__avatar noMobi\"><img src=\"https:\/\/secure.gravatar.com\/avatar\/53598df0b41c00f12f287a912d0e918e?s=96&#038;r=g\" alt=\"Bruno Galv\u00e3o\"><\/a><div class=\"authorBox__name\"><span>por\n\t\t\t<a href=\"https:\/\/www.suno.com.br\/noticias\/author\/bruno-garcia\/\"><span itemprop=\"author\">Bruno Galv\u00e3o<\/span><\/a><\/span><time datetime=\"2021-10-02T11:38:42-03:00\" itemprop=\"datePublished\">02\/10\/2021 11:38<\/time><\/div><\/div><\/div><\/div><\/div>","single_layout":"posts","amp_enabled":true,"_links":{"self":[{"href":"https:\/\/www.suno.com.br\/noticias\/wp-json\/wp\/v2\/posts\/190199"}],"collection":[{"href":"https:\/\/www.suno.com.br\/noticias\/wp-json\/wp\/v2\/posts"}],"about":[{"href":"https:\/\/www.suno.com.br\/noticias\/wp-json\/wp\/v2\/types\/post"}],"author":[{"embeddable":true,"href":"https:\/\/www.suno.com.br\/noticias\/wp-json\/wp\/v2\/users\/118"}],"replies":[{"embeddable":true,"href":"https:\/\/www.suno.com.br\/noticias\/wp-json\/wp\/v2\/comments?post=190199"}],"version-history":[{"count":4,"href":"https:\/\/www.suno.com.br\/noticias\/wp-json\/wp\/v2\/posts\/190199\/revisions"}],"predecessor-version":[{"id":190489,"href":"https:\/\/www.suno.com.br\/noticias\/wp-json\/wp\/v2\/posts\/190199\/revisions\/190489"}],"wp:featuredmedia":[{"embeddable":true,"href":"https:\/\/www.suno.com.br\/noticias\/wp-json\/wp\/v2\/media\/117028"}],"wp:attachment":[{"href":"https:\/\/www.suno.com.br\/noticias\/wp-json\/wp\/v2\/media?parent=190199"}],"wp:term":[{"taxonomy":"category","embeddable":true,"href":"https:\/\/www.suno.com.br\/noticias\/wp-json\/wp\/v2\/categories?post=190199"},{"taxonomy":"post_tag","embeddable":true,"href":"https:\/\/www.suno.com.br\/noticias\/wp-json\/wp\/v2\/tags?post=190199"},{"taxonomy":"suno_strategy","embeddable":true,"href":"https:\/\/www.suno.com.br\/noticias\/wp-json\/wp\/v2\/suno_strategy?post=190199"}],"curies":[{"name":"wp","href":"https:\/\/api.w.org\/{rel}","templated":true}]}}