{"id":190059,"date":"2021-10-01T17:55:56","date_gmt":"2021-10-01T20:55:56","guid":{"rendered":"https:\/\/www.suno.com.br\/noticias\/?p=190059"},"modified":"2021-10-01T19:01:14","modified_gmt":"2021-10-01T22:01:14","slug":"dolar-fecha-queda-bc-auxilio-brasil-1102021","status":"publish","type":"post","link":"https:\/\/www.suno.com.br\/noticias\/dolar-fecha-queda-bc-auxilio-brasil-1102021\/","title":{"rendered":"D\u00f3lar fecha em queda de 1,42%, com Aux\u00edlio Brasil no radar e possibilidade de novos leil\u00f5es do BC"},"content":{"rendered":"<p>O<strong> d\u00f3lar <\/strong>encerrou as negocia\u00e7\u00f5es desta sexta-feira (1\u00ba) em queda de 1,42%, frente ao real, valendo R$ 5,369 na venda.<\/p>\t<div class=\"wrapper-featured-image\">\n\t\t<figure class=\"spotlightImg\">\n\n\t\t\t<picture>\n\t\t\t\t<source media=\"(max-width: 768px)\" srcset=\"https:\/\/files.sunoresearch.com.br\/n\/uploads\/2021\/03\/5f9e5d9c-dollar-2322785_1280-400x200.webp\">\n\t\t\t\t<img loading=\"lazy\" decoding=\"async\" class=\"newsContent__article__imgCapa lazyloadDisabled \" src=\"https:\/\/files.sunoresearch.com.br\/n\/uploads\/2021\/03\/5f9e5d9c-dollar-2322785_1280-800x450.webp\" width=\"800\" height=\"450\" alt=\"D\u00f3lar fecha em queda de 1,42%, com Aux\u00edlio Brasil no radar e possibilidade de novos leil\u00f5es do BC\" fetchpriority=high \/>\n\t\t\t<\/picture>\n\n\t\t\t<figcaption class=\"wp-caption-text wp-caption-text--show\">D\u00f3lar. Foto: Pixabay<\/figcaption>\n\t\t<\/figure>\n\t<\/div>\n\n\n\t<p>\n\t\t<a href=\"https:\/\/lp.suno.com.br\/planilha-controle-gastos\/\" target=\"_blank\" data-element=\"shortcode-suno-banner\" title=\"Banner SUNO, clique e saiba mais\">\n\t\t\t<picture>\n\t\t\t\t<source media=\"(max-width: 500px)\" srcset=\"https:\/\/files.sunoresearch.com.br\/n\/uploads\/2023\/03\/400x300-Planilha-controle-de-gastos.png\">\n\t\t\t\t<img class=\"newsContent__article__imgCapa newsContent__article__imgCapa--banner\"\n\t\t\t\t\tsrc=\"https:\/\/files.sunoresearch.com.br\/n\/uploads\/2023\/03\/1420x240-Planilha-controle-de-gastos.png\"\n\t\t\t\t\tdata-promo-id=\"101751\"\t\t\t\t\t\t\t\t\t\twidth='1420' height='240'\t\t\t\t\talt=\"https:\/\/files.sunoresearch.com.br\/n\/uploads\/2023\/03\/1420x240-Planilha-controle-de-gastos.png\"\n\t\t\t\t>\n\t\t\t<\/picture>\n\t\t<\/a>\n\t<\/p>\n\n\n<p>O\u00a0<strong>d\u00f3lar hoje\u00a0<\/strong>acompanhou o ministro da Economia <a class=\"suno-keyword\" href=\"https:\/\/www.suno.com.br\/tudo-sobre\/paulo-guedes\/\" target=\"_blank\" rel=\"noopener\" data-force=\"no\" data-priority=\"2\">Paulo Guedes<\/a>, que citou a extens\u00e3o do aux\u00edlio emergencial, mas depois esclareceu que se referia \u00e0 amplia\u00e7\u00e3o do Bolsa Fam\u00edlia, que ser\u00e1 feita com a cria\u00e7\u00e3o do Aux\u00edlio Brasil, conforme destaca Marcelle Gutierrez da Mesa RV.<\/p>\n<p>Al\u00e9m disso, o mercado acompanhou a possibilidade de o Banco Central refor\u00e7ar <strong>ofertas de d\u00f3lares<\/strong>, para conter a press\u00e3o e volatilidade cambial e amenizar o impacto na infla\u00e7\u00e3o, al\u00e9m da disposi\u00e7\u00e3o da autoridade de levar a Selic at\u00e9 onde for poss\u00edvel para garantir o cumprimento das metas de infla\u00e7\u00e3o neste ano e em 2022 &#8211; o que em tese favoreceria a atratividade do real perante investidores estrangeiros.<\/p>\n\t<p>\n\t\t<a href=\"https:\/\/lp.suno.com.br\/planilha-da-vida-financeira\/\" target=\"_blank\" data-element=\"shortcode-suno-banner\" title=\"Banner SUNO, clique e saiba mais\">\n\t\t\t<picture>\n\t\t\t\t<source media=\"(max-width: 500px)\" srcset=\"https:\/\/files.sunoresearch.com.br\/n\/uploads\/2023\/04\/400x300-Planilha-vida-financeira-true.png\">\n\t\t\t\t<img class=\"newsContent__article__imgCapa newsContent__article__imgCapa--banner\"\n\t\t\t\t\tsrc=\"https:\/\/files.sunoresearch.com.br\/n\/uploads\/2023\/04\/1420x240-Planilha-vida-financeira-true.png\"\n\t\t\t\t\tdata-promo-id=\"106682\"\t\t\t\t\t\t\t\t\t\twidth='1420' height='240'\t\t\t\t\talt=\"https:\/\/files.sunoresearch.com.br\/n\/uploads\/2023\/04\/1420x240-Planilha-vida-financeira-true.png\"\n\t\t\t\t>\n\t\t\t<\/picture>\n\t\t<\/a>\n\t<\/p>\n\n\n<h2>Movimenta\u00e7\u00e3o do d\u00f3lar<\/h2>\n<p>O <strong>d\u00f3lar<\/strong> <strong>americano\u00a0<\/strong>abriu a sess\u00e3o de hoje em queda. Vanei Nagem, respons\u00e1vel pela \u00e1rea de c\u00e2mbio da Terra Investimentos, atribuiu a queda da abertura a um movimento de realiza\u00e7\u00e3o no c\u00e2mbio de sobras de d\u00f3lar das rolagens de contratos de fim de m\u00eas, ontem, ap\u00f3s ganho acumulado de mais de 5% em setembro, e a possibilidade de novos leil\u00f5es do BC para conter a escalada de pre\u00e7o, que pressiona a infla\u00e7\u00e3o.<\/p>\n<p>Durante a sess\u00e3o, a divisa continuou caindo frente ao real, de olho na <a class=\"suno-keyword\" href=\"https:\/\/www.suno.com.br\/artigos\/balanca-comercial\/\" target=\"_blank\" rel=\"noopener\" data-force=\"no\" data-priority=\"2\">balan\u00e7a comercial<\/a> brasileira que registrou super\u00e1vit US$ 4,322 bilh\u00f5es em setembro, com crescimento nas exporta\u00e7\u00f5es e importa\u00e7\u00f5es sobre o mesmo m\u00eas de 2020.<\/p>\n<p>Al\u00e9m disso, com a safra brasileira prejudicada por quest\u00f5es clim\u00e1ticas, o Minist\u00e9rio da Economia revisou para baixo a proje\u00e7\u00e3o do saldo da balan\u00e7a comercial para 2021. O n\u00famero passou de US$ 105,3 bilh\u00f5es, previstos em julho, para US$ 70,9 bilh\u00f5es. Os dados foram divulgados nesta sexta-feira, 1\u00ba de outubro, pela Secretaria de Com\u00e9rcio Exterior, do Minist\u00e9rio da Economia.<\/p>\n\t<p>\n\t\t<a href=\"https:\/\/lp.suno.com.br\/ebook-como-analisar-uma-acao\/\" target=\"_blank\" data-element=\"shortcode-suno-banner\" title=\"Banner SUNO, clique e saiba mais\">\n\t\t\t<picture>\n\t\t\t\t<source media=\"(max-width: 500px)\" srcset=\"https:\/\/files.sunoresearch.com.br\/n\/uploads\/2023\/03\/Ebook-Acoes-Mobile-1.jpg\">\n\t\t\t\t<img class=\"newsContent__article__imgCapa newsContent__article__imgCapa--banner\"\n\t\t\t\t\tsrc=\"https:\/\/files.sunoresearch.com.br\/n\/uploads\/2023\/03\/Ebook-Acoes-Desktop-1.jpg\"\n\t\t\t\t\tdata-promo-id=\"171998\"\t\t\t\t\t\t\t\t\t\twidth='1420' height='286'\t\t\t\t\talt=\"https:\/\/files.sunoresearch.com.br\/n\/uploads\/2023\/03\/Ebook-Acoes-Desktop-1.jpg\"\n\t\t\t\t>\n\t\t\t<\/picture>\n\t\t<\/a>\n\t<\/p>\n\n\n<h2>Not\u00edcias que movimentaram o d\u00f3lar<\/h2>\n<p>Al\u00e9m disso, veja algumas not\u00edcias que movimentaram o d\u00f3lar durante a sess\u00e3o de hoje:<\/p>\n<ul>\n<li>Balan\u00e7a comercial tem super\u00e1vit de US$ 4,322 bilh\u00f5es em setembro<\/li>\n<li>Meta para <a class=\"suno-keyword\" href=\"https:\/\/www.suno.com.br\/artigos\/tapering\/\" target=\"_blank\" rel=\"noopener\" data-force=\"no\" data-priority=\"2\">tapering<\/a> foi atingida nos EUA, diz representante do Fed<\/li>\n<li>Selic ir\u00e1 aonde deve ir para Pa\u00eds alcan\u00e7ar <a class=\"suno-keyword\" href=\"https:\/\/www.suno.com.br\/artigos\/meta-de-inflacao\/\" target=\"_blank\" rel=\"noopener\" data-force=\"no\" data-priority=\"1\">meta de infla\u00e7\u00e3o<\/a>, diz presidente do BC<\/li>\n<\/ul>\n<h3>Balan\u00e7a comercial: super\u00e1vit em setembro ficou 15% menor na compara\u00e7\u00e3o anual<\/h3>\n<p>A<strong> balan\u00e7a comercial brasileira<\/strong> registrou super\u00e1vit de US$ 4,322 bilh\u00f5es em setembro, com crescimento nas exporta\u00e7\u00f5es e importa\u00e7\u00f5es sobre o mesmo m\u00eas de 2020. Os dados foram divulgados nesta sexta-feira pela Secretaria de Com\u00e9rcio Exterior, do Minist\u00e9rio da Economia.<\/p>\n<p>O super\u00e1vit em setembro ficou 15% menor do que o registrado em setembro de 2020, quando alcan\u00e7ou US$ 5,083 bilh\u00f5es.<\/p>\n<p>No m\u00eas passado, a corrente de com\u00e9rcio (soma das exporta\u00e7\u00f5es e importa\u00e7\u00f5es) avan\u00e7ou 41,1%. As exporta\u00e7\u00f5es somaram US$ 24,284 bilh\u00f5es em setembro (+33,3%). J\u00e1 as importa\u00e7\u00f5es chegaram a US$ 19,962 bilh\u00f5es em setembro (+51,9%).<\/p>\n\t<p>\n\t\t<a href=\"https:\/\/lp.suno.com.br\/planilha-de-controle-de-investimentos\/\" target=\"_blank\" data-element=\"shortcode-suno-banner\" title=\"Banner SUNO, clique e saiba mais\">\n\t\t\t<picture>\n\t\t\t\t<source media=\"(max-width: 500px)\" srcset=\"https:\/\/files.sunoresearch.com.br\/n\/uploads\/2023\/03\/400x300-Controle-de-Investimentos.png\">\n\t\t\t\t<img class=\"newsContent__article__imgCapa newsContent__article__imgCapa--banner\"\n\t\t\t\t\tsrc=\"https:\/\/files.sunoresearch.com.br\/n\/uploads\/2023\/03\/1420x240-Controle-de-Investimentos.png\"\n\t\t\t\t\tdata-promo-id=\"75934\"\t\t\t\t\t\t\t\t\t\twidth='1420' height='240'\t\t\t\t\talt=\"https:\/\/files.sunoresearch.com.br\/n\/uploads\/2023\/03\/1420x240-Controle-de-Investimentos.png\"\n\t\t\t\t>\n\t\t\t<\/picture>\n\t\t<\/a>\n\t<\/p>\n\n\n<p>De janeiro a setembro, a balan\u00e7a comercial acumula super\u00e1vit de US$ 56,433 bilh\u00f5es. O valor \u00e9 38,3% maior do que o mesmo per\u00edodo do ano passado. Houve um aumento de 36,9 % nas exporta\u00e7\u00f5es e de 36,4% nas importa\u00e7\u00f5es do per\u00edodo.<\/p>\n<h3>Meta para tapering foi atingida nos EUA, diz dirigente do Fed<\/h3>\n<p>Em evento realizado hoje pelo Manhattan Institute, nos Estados Unidos, a presidente da distrital de Cleveland do Fed (Federal Reserve, o banco central norte-americano), Loretta Mester, disse que j\u00e1 houve &#8220;progresso substancial&#8221; em dire\u00e7\u00e3o \u00e0s metas de infla\u00e7\u00e3o e m\u00e1ximo emprego, crit\u00e9rios definidos para a realiza\u00e7\u00e3o do tapering, medida que visa a retirada gradual dos est\u00edmulos monet\u00e1rios por BCs.<\/p>\n<p>Com isso, a representante do Fed defende que em breve deve come\u00e7ar a redu\u00e7\u00e3o das compras mensais de Treasuries, t\u00edtulos da <a class=\"suno-keyword\" href=\"https:\/\/www.suno.com.br\/artigos\/divida-publica\/\" target=\"_blank\" rel=\"noopener\" data-force=\"no\" data-priority=\"1\">d\u00edvida p\u00fablica<\/a> americana, e ativos lastreados em hipotecas.<\/p>\n<p>O presidente da distrital da Filad\u00e9lfia do Fed, Patrick Harker, tamb\u00e9m comentou sobre o assunto, dizendo que gostaria de realizar o tapering o quanto antes, argumentando que a alta infla\u00e7\u00e3o do pa\u00eds \u00e9 um motivo para acelerar o processo.<\/p>\n<p>Segundo ele, \u00e9 poss\u00edvel que as press\u00f5es inflacion\u00e1rias advindas da reabertura da economia global podem n\u00e3o ser t\u00e3o transit\u00f3rias quanto o esperado.<\/p>\n<h3>&#8220;Selic ir\u00e1 onde deve ir&#8221;<\/h3>\n<p>O presidente do Banco Central (BC), Roberto Campos Neto, refor\u00e7ou nesta sexta-feira, em webinar do Morgan Stanley, que a <a class=\"suno-keyword\" href=\"https:\/\/www.suno.com.br\/artigos\/taxa-basica-de-juros\/\" target=\"_blank\" rel=\"noopener\" data-force=\"no\" data-priority=\"1\">taxa b\u00e1sica de juros<\/a>, a Selic, ir\u00e1 onde for preciso para alcan\u00e7ar a meta de infla\u00e7\u00e3o. Segundo ele, o BC n\u00e3o acredita em metas ajustadas, que, conforme ele, podem afetar a credibilidade.<\/p>\n<p>&#8220;N\u00e3o acreditamos em metas ajustadas, acreditamos em atingir as metas. A Selic estar\u00e1 onde tiver de estar para atingir a meta. Metas ajustadas afetam a credibilidade. N\u00e3o acreditamos que essa \u00e9 a forma de fazer isso&#8221;, afirmou o presidente do BC.<\/p>\n<p>Campos Neto voltou a citar que h\u00e1 dissemina\u00e7\u00e3o da infla\u00e7\u00e3o, com os n\u00facleos est\u00e3o muito acima da meta.<\/p>\n<p>O presidente do Banco Central afirmou tamb\u00e9m que a <a class=\"suno-keyword\" href=\"https:\/\/www.suno.com.br\/artigos\/curva-de-juros\/\" target=\"_blank\" rel=\"noopener\" data-force=\"no\" data-priority=\"1\">curva de juros<\/a> est\u00e1 mais alta no Brasil atualmente porque h\u00e1 incertezas fiscais. &#8220;H\u00e1 debate sobre como programas do governo p\u00f3s-covid ser\u00e3o financiados.&#8221;<\/p>\n<p>Destacou ainda que a quest\u00e3o agora no mundo \u00e9 a magnitude do crescimento da economia ap\u00f3s a recupera\u00e7\u00e3o da crise provocada pela pandemia de covid-19.<\/p>\n<h2>Cota\u00e7\u00e3o do d\u00f3lar nesta quinta (30)<\/h2>\n<p>Na \u00faltima sess\u00e3o, quinta-feira (30), o <strong>d\u00f3lar<\/strong> encerrou em alta de 0,29%, negociado a R$ 5,44.<\/p>\n<p><em>(Com informa\u00e7\u00f5es do Estad\u00e3o Conte\u00fado)\u00a0<\/em><\/p>\n\t<p>\n\t\t<a href=\"\" target=\"_blank\" data-element=\"shortcode-suno-banner\" title=\"Banner SUNO, clique e saiba mais\">\n\t\t\t<picture>\n\t\t\t\t<source media=\"(max-width: 500px)\" srcset=\"\">\n\t\t\t\t<img class=\"newsContent__article__imgCapa newsContent__article__imgCapa--banner\"\n\t\t\t\t\tsrc=\"\"\n\t\t\t\t\tdata-promo-id=\"184190\"\t\t\t\t\t\t\t\t\t\t\t\t\t\t\talt=\"\"\n\t\t\t\t>\n\t\t\t<\/picture>\n\t\t<\/a>\n\t<\/p>\n\n\n","protected":false},"excerpt":{"rendered":"<p>O d\u00f3lar encerrou as negocia\u00e7\u00f5es desta sexta-feira (1\u00ba) em queda de 1,42%, frente ao real, valendo R$ 5,369 na venda. D\u00f3lar. Foto: Pixabay O\u00a0d\u00f3lar hoje\u00a0acompanhou o ministro da Economia Paulo Guedes, que citou a extens\u00e3o do aux\u00edlio emergencial, mas depois esclareceu que se referia \u00e0 amplia\u00e7\u00e3o do Bolsa Fam\u00edlia, que ser\u00e1 feita com a cria\u00e7\u00e3o [&hellip;]<\/p>\n","protected":false},"author":39,"featured_media":135092,"comment_status":"closed","ping_status":"closed","sticky":false,"template":"","format":"standard","meta":[],"categories":[60],"tags":[326,105816],"suno_strategy":[],"class_list":["post-190059","post","type-post","status-publish","format-standard","has-post-thumbnail","hentry","category-mercado","tag-dolar","tag-especialistas"],"yoast_head":"<!-- This site is optimized with the Yoast SEO plugin v24.4 - https:\/\/yoast.com\/wordpress\/plugins\/seo\/ -->\n<title>D\u00f3lar fecha em queda de 1,42%, com Aux\u00edlio Brasil no radar e possibilidade de novos leil\u00f5es do BC<\/title>\n<meta name=\"description\" content=\"O d\u00f3lar encerrou as negocia\u00e7\u00f5es desta sexta-feira (30) em queda de 1,42%, frente ao real, valendo R$ 5,369 na venda. Clique e saiba mais!\" \/>\n<meta name=\"robots\" content=\"index, follow, max-snippet:-1, max-image-preview:large, max-video-preview:-1\" \/>\n<link rel=\"canonical\" href=\"https:\/\/www.suno.com.br\/noticias\/dolar-fecha-queda-bc-auxilio-brasil-1102021\/\" \/>\n<meta property=\"og:locale\" content=\"pt_BR\" \/>\n<meta property=\"og:type\" content=\"article\" \/>\n<meta property=\"og:title\" content=\"D\u00f3lar fecha em queda de 1,42%, com Aux\u00edlio Brasil no radar e possibilidade de novos leil\u00f5es do BC\" \/>\n<meta property=\"og:description\" content=\"O d\u00f3lar encerrou as negocia\u00e7\u00f5es desta sexta-feira (30) em queda de 1,42%, frente ao real, valendo R$ 5,369 na venda. Clique e saiba mais!\" \/>\n<meta property=\"og:url\" content=\"https:\/\/www.suno.com.br\/noticias\/dolar-fecha-queda-bc-auxilio-brasil-1102021\/\" \/>\n<meta property=\"og:site_name\" content=\"Suno Not\u00edcias\" \/>\n<meta property=\"article:publisher\" content=\"https:\/\/facebook.com\/sunoresearch\" \/>\n<meta property=\"og:image\" content=\"https:\/\/files.sunoresearch.com.br\/n\/uploads\/2021\/03\/5f9e5d9c-dollar-2322785_1280.jpg\" \/>\n\t<meta property=\"og:image:width\" content=\"1280\" \/>\n\t<meta property=\"og:image:height\" content=\"849\" \/>\n\t<meta property=\"og:image:type\" content=\"image\/jpeg\" \/>\n<meta name=\"author\" content=\"Laura Moutinho\" \/>\n<meta name=\"twitter:card\" content=\"summary_large_image\" \/>\n<meta name=\"twitter:creator\" content=\"@sunoresearch\" \/>\n<meta name=\"twitter:site\" content=\"@sunoresearch\" \/>\n<meta name=\"twitter:label1\" content=\"Escrito por\" \/>\n\t<meta name=\"twitter:data1\" content=\"Laura Moutinho\" \/>\n\t<meta name=\"twitter:label2\" content=\"Est. tempo de leitura\" \/>\n\t<meta name=\"twitter:data2\" content=\"4 minutos\" \/>\n<script type=\"application\/ld+json\" class=\"yoast-schema-graph\">{\"@context\":\"https:\/\/schema.org\",\"@graph\":[{\"@type\":\"NewsArticle\",\"@id\":\"https:\/\/www.suno.com.br\/noticias\/dolar-fecha-queda-bc-auxilio-brasil-1102021\/#article\",\"isPartOf\":{\"@id\":\"https:\/\/www.suno.com.br\/noticias\/dolar-fecha-queda-bc-auxilio-brasil-1102021\/\"},\"author\":{\"name\":\"Laura Moutinho\",\"@id\":\"https:\/\/www.suno.com.br\/noticias\/#\/schema\/person\/3df0d2808748b74496efe5dbeaef2c72\"},\"headline\":\"D\u00f3lar fecha em queda de 1,42%, com Aux\u00edlio Brasil no radar e possibilidade de novos leil\u00f5es do BC\",\"datePublished\":\"2021-10-01T20:55:56+00:00\",\"dateModified\":\"2021-10-01T22:01:14+00:00\",\"mainEntityOfPage\":{\"@id\":\"https:\/\/www.suno.com.br\/noticias\/dolar-fecha-queda-bc-auxilio-brasil-1102021\/\"},\"wordCount\":994,\"publisher\":{\"@id\":\"https:\/\/www.suno.com.br\/noticias\/#organization\"},\"image\":{\"@id\":\"https:\/\/www.suno.com.br\/noticias\/dolar-fecha-queda-bc-auxilio-brasil-1102021\/#primaryimage\"},\"thumbnailUrl\":\"https:\/\/files.sunoresearch.com.br\/n\/uploads\/2021\/03\/5f9e5d9c-dollar-2322785_1280-jpg.webp\",\"keywords\":[\"d\u00f3lar\",\"Especialistas\"],\"articleSection\":[\"Mercado\"],\"inLanguage\":\"pt-BR\"},{\"@type\":\"WebPage\",\"@id\":\"https:\/\/www.suno.com.br\/noticias\/dolar-fecha-queda-bc-auxilio-brasil-1102021\/\",\"url\":\"https:\/\/www.suno.com.br\/noticias\/dolar-fecha-queda-bc-auxilio-brasil-1102021\/\",\"name\":\"D\u00f3lar fecha em queda de 1,42%, com Aux\u00edlio Brasil no radar e possibilidade de novos leil\u00f5es do BC\",\"isPartOf\":{\"@id\":\"https:\/\/www.suno.com.br\/noticias\/#website\"},\"primaryImageOfPage\":{\"@id\":\"https:\/\/www.suno.com.br\/noticias\/dolar-fecha-queda-bc-auxilio-brasil-1102021\/#primaryimage\"},\"image\":{\"@id\":\"https:\/\/www.suno.com.br\/noticias\/dolar-fecha-queda-bc-auxilio-brasil-1102021\/#primaryimage\"},\"thumbnailUrl\":\"https:\/\/files.sunoresearch.com.br\/n\/uploads\/2021\/03\/5f9e5d9c-dollar-2322785_1280-jpg.webp\",\"datePublished\":\"2021-10-01T20:55:56+00:00\",\"dateModified\":\"2021-10-01T22:01:14+00:00\",\"description\":\"O d\u00f3lar encerrou as negocia\u00e7\u00f5es desta sexta-feira (30) em queda de 1,42%, frente ao real, valendo R$ 5,369 na venda. Clique e saiba mais!\",\"breadcrumb\":{\"@id\":\"https:\/\/www.suno.com.br\/noticias\/dolar-fecha-queda-bc-auxilio-brasil-1102021\/#breadcrumb\"},\"inLanguage\":\"pt-BR\",\"potentialAction\":[{\"@type\":\"ReadAction\",\"target\":[\"https:\/\/www.suno.com.br\/noticias\/dolar-fecha-queda-bc-auxilio-brasil-1102021\/\"]}]},{\"@type\":\"ImageObject\",\"inLanguage\":\"pt-BR\",\"@id\":\"https:\/\/www.suno.com.br\/noticias\/dolar-fecha-queda-bc-auxilio-brasil-1102021\/#primaryimage\",\"url\":\"https:\/\/files.sunoresearch.com.br\/n\/uploads\/2021\/03\/5f9e5d9c-dollar-2322785_1280-jpg.webp\",\"contentUrl\":\"https:\/\/files.sunoresearch.com.br\/n\/uploads\/2021\/03\/5f9e5d9c-dollar-2322785_1280-jpg.webp\",\"width\":1280,\"height\":849,\"caption\":\"D\u00f3lar. Foto: Pixabay\"},{\"@type\":\"BreadcrumbList\",\"@id\":\"https:\/\/www.suno.com.br\/noticias\/dolar-fecha-queda-bc-auxilio-brasil-1102021\/#breadcrumb\",\"itemListElement\":[{\"@type\":\"ListItem\",\"position\":1,\"name\":\"Not\u00edcias\",\"item\":\"https:\/\/www.suno.com.br\/noticias\/\"},{\"@type\":\"ListItem\",\"position\":2,\"name\":\"Mercado\",\"item\":\"https:\/\/www.suno.com.br\/noticias\/mercado\/\"},{\"@type\":\"ListItem\",\"position\":3,\"name\":\"D\u00f3lar fecha em queda de 1,42%, com Aux\u00edlio Brasil no radar e possibilidade de novos leil\u00f5es do BC\"}]},{\"@type\":\"WebSite\",\"@id\":\"https:\/\/www.suno.com.br\/noticias\/#website\",\"url\":\"https:\/\/www.suno.com.br\/noticias\/\",\"name\":\"Suno Not\u00edcias\",\"description\":\"Seu portal de informa\u00e7\u00e3o sobre o mundo dos investimentos\",\"publisher\":{\"@id\":\"https:\/\/www.suno.com.br\/noticias\/#organization\"},\"potentialAction\":[{\"@type\":\"SearchAction\",\"target\":{\"@type\":\"EntryPoint\",\"urlTemplate\":\"https:\/\/www.suno.com.br\/noticias\/?s={search_term_string}\"},\"query-input\":{\"@type\":\"PropertyValueSpecification\",\"valueRequired\":true,\"valueName\":\"search_term_string\"}}],\"inLanguage\":\"pt-BR\"},{\"@type\":\"Organization\",\"@id\":\"https:\/\/www.suno.com.br\/noticias\/#organization\",\"name\":\"Suno Not\u00edcias\",\"url\":\"https:\/\/www.suno.com.br\/noticias\/\",\"logo\":{\"@type\":\"ImageObject\",\"inLanguage\":\"pt-BR\",\"@id\":\"https:\/\/www.suno.com.br\/noticias\/#\/schema\/logo\/image\/\",\"url\":\"https:\/\/files.sunoresearch.com.br\/n\/uploads\/2021\/09\/suno-logo.png\",\"contentUrl\":\"https:\/\/files.sunoresearch.com.br\/n\/uploads\/2021\/09\/suno-logo.png\",\"width\":180,\"height\":180,\"caption\":\"Suno Not\u00edcias\"},\"image\":{\"@id\":\"https:\/\/www.suno.com.br\/noticias\/#\/schema\/logo\/image\/\"},\"sameAs\":[\"https:\/\/facebook.com\/sunoresearch\",\"https:\/\/x.com\/sunoresearch\",\"https:\/\/www.instagram.com\/suno\",\"https:\/\/www.linkedin.com\/company\/suno-research\/\",\"https:\/\/www.youtube.com\/c\/sunoresearch\"]},{\"@type\":\"Person\",\"@id\":\"https:\/\/www.suno.com.br\/noticias\/#\/schema\/person\/3df0d2808748b74496efe5dbeaef2c72\",\"name\":\"Laura Moutinho\",\"image\":{\"@type\":\"ImageObject\",\"inLanguage\":\"pt-BR\",\"@id\":\"https:\/\/www.suno.com.br\/noticias\/#\/schema\/person\/image\/\",\"url\":\"https:\/\/secure.gravatar.com\/avatar\/7571c7c8ca3a6fca5e41384ece5557ff?s=96&r=g\",\"contentUrl\":\"https:\/\/secure.gravatar.com\/avatar\/7571c7c8ca3a6fca5e41384ece5557ff?s=96&r=g\",\"caption\":\"Laura Moutinho\"},\"description\":\"Estagi\u00e1ria na Suno Not\u00edcias, escreve not\u00edcias que afetam o mercado financeiro. Estuda administra\u00e7\u00e3o na Universidade Presbiteriana Mackenzie.\",\"url\":\"https:\/\/www.suno.com.br\/noticias\/author\/laura-moutinho\/\"}]}<\/script>\n<!-- \/ Yoast SEO plugin. -->","yoast_head_json":{"title":"D\u00f3lar fecha em queda de 1,42%, com Aux\u00edlio Brasil no radar e possibilidade de novos leil\u00f5es do BC","description":"O d\u00f3lar encerrou as negocia\u00e7\u00f5es desta sexta-feira (30) em queda de 1,42%, frente ao real, valendo R$ 5,369 na venda. Clique e saiba mais!","robots":{"index":"index","follow":"follow","max-snippet":"max-snippet:-1","max-image-preview":"max-image-preview:large","max-video-preview":"max-video-preview:-1"},"canonical":"https:\/\/www.suno.com.br\/noticias\/dolar-fecha-queda-bc-auxilio-brasil-1102021\/","og_locale":"pt_BR","og_type":"article","og_title":"D\u00f3lar fecha em queda de 1,42%, com Aux\u00edlio Brasil no radar e possibilidade de novos leil\u00f5es do BC","og_description":"O d\u00f3lar encerrou as negocia\u00e7\u00f5es desta sexta-feira (30) em queda de 1,42%, frente ao real, valendo R$ 5,369 na venda. Clique e saiba mais!","og_url":"https:\/\/www.suno.com.br\/noticias\/dolar-fecha-queda-bc-auxilio-brasil-1102021\/","og_site_name":"Suno Not\u00edcias","article_publisher":"https:\/\/facebook.com\/sunoresearch","og_image":[{"width":1280,"height":849,"url":"https:\/\/files.sunoresearch.com.br\/n\/uploads\/2021\/03\/5f9e5d9c-dollar-2322785_1280.jpg","type":"image\/jpeg"}],"author":"Laura Moutinho","twitter_card":"summary_large_image","twitter_creator":"@sunoresearch","twitter_site":"@sunoresearch","twitter_misc":{"Escrito por":"Laura Moutinho","Est. tempo de leitura":"4 minutos"},"schema":{"@context":"https:\/\/schema.org","@graph":[{"@type":"NewsArticle","@id":"https:\/\/www.suno.com.br\/noticias\/dolar-fecha-queda-bc-auxilio-brasil-1102021\/#article","isPartOf":{"@id":"https:\/\/www.suno.com.br\/noticias\/dolar-fecha-queda-bc-auxilio-brasil-1102021\/"},"author":{"name":"Laura Moutinho","@id":"https:\/\/www.suno.com.br\/noticias\/#\/schema\/person\/3df0d2808748b74496efe5dbeaef2c72"},"headline":"D\u00f3lar fecha em queda de 1,42%, com Aux\u00edlio Brasil no radar e possibilidade de novos leil\u00f5es do BC","datePublished":"2021-10-01T20:55:56+00:00","dateModified":"2021-10-01T22:01:14+00:00","mainEntityOfPage":{"@id":"https:\/\/www.suno.com.br\/noticias\/dolar-fecha-queda-bc-auxilio-brasil-1102021\/"},"wordCount":994,"publisher":{"@id":"https:\/\/www.suno.com.br\/noticias\/#organization"},"image":{"@id":"https:\/\/www.suno.com.br\/noticias\/dolar-fecha-queda-bc-auxilio-brasil-1102021\/#primaryimage"},"thumbnailUrl":"https:\/\/files.sunoresearch.com.br\/n\/uploads\/2021\/03\/5f9e5d9c-dollar-2322785_1280-jpg.webp","keywords":["d\u00f3lar","Especialistas"],"articleSection":["Mercado"],"inLanguage":"pt-BR"},{"@type":"WebPage","@id":"https:\/\/www.suno.com.br\/noticias\/dolar-fecha-queda-bc-auxilio-brasil-1102021\/","url":"https:\/\/www.suno.com.br\/noticias\/dolar-fecha-queda-bc-auxilio-brasil-1102021\/","name":"D\u00f3lar fecha em queda de 1,42%, com Aux\u00edlio Brasil no radar e possibilidade de novos leil\u00f5es do BC","isPartOf":{"@id":"https:\/\/www.suno.com.br\/noticias\/#website"},"primaryImageOfPage":{"@id":"https:\/\/www.suno.com.br\/noticias\/dolar-fecha-queda-bc-auxilio-brasil-1102021\/#primaryimage"},"image":{"@id":"https:\/\/www.suno.com.br\/noticias\/dolar-fecha-queda-bc-auxilio-brasil-1102021\/#primaryimage"},"thumbnailUrl":"https:\/\/files.sunoresearch.com.br\/n\/uploads\/2021\/03\/5f9e5d9c-dollar-2322785_1280-jpg.webp","datePublished":"2021-10-01T20:55:56+00:00","dateModified":"2021-10-01T22:01:14+00:00","description":"O d\u00f3lar encerrou as negocia\u00e7\u00f5es desta sexta-feira (30) em queda de 1,42%, frente ao real, valendo R$ 5,369 na venda. Clique e saiba mais!","breadcrumb":{"@id":"https:\/\/www.suno.com.br\/noticias\/dolar-fecha-queda-bc-auxilio-brasil-1102021\/#breadcrumb"},"inLanguage":"pt-BR","potentialAction":[{"@type":"ReadAction","target":["https:\/\/www.suno.com.br\/noticias\/dolar-fecha-queda-bc-auxilio-brasil-1102021\/"]}]},{"@type":"ImageObject","inLanguage":"pt-BR","@id":"https:\/\/www.suno.com.br\/noticias\/dolar-fecha-queda-bc-auxilio-brasil-1102021\/#primaryimage","url":"https:\/\/files.sunoresearch.com.br\/n\/uploads\/2021\/03\/5f9e5d9c-dollar-2322785_1280-jpg.webp","contentUrl":"https:\/\/files.sunoresearch.com.br\/n\/uploads\/2021\/03\/5f9e5d9c-dollar-2322785_1280-jpg.webp","width":1280,"height":849,"caption":"D\u00f3lar. Foto: Pixabay"},{"@type":"BreadcrumbList","@id":"https:\/\/www.suno.com.br\/noticias\/dolar-fecha-queda-bc-auxilio-brasil-1102021\/#breadcrumb","itemListElement":[{"@type":"ListItem","position":1,"name":"Not\u00edcias","item":"https:\/\/www.suno.com.br\/noticias\/"},{"@type":"ListItem","position":2,"name":"Mercado","item":"https:\/\/www.suno.com.br\/noticias\/mercado\/"},{"@type":"ListItem","position":3,"name":"D\u00f3lar fecha em queda de 1,42%, com Aux\u00edlio Brasil no radar e possibilidade de novos leil\u00f5es do BC"}]},{"@type":"WebSite","@id":"https:\/\/www.suno.com.br\/noticias\/#website","url":"https:\/\/www.suno.com.br\/noticias\/","name":"Suno Not\u00edcias","description":"Seu portal de informa\u00e7\u00e3o sobre o mundo dos investimentos","publisher":{"@id":"https:\/\/www.suno.com.br\/noticias\/#organization"},"potentialAction":[{"@type":"SearchAction","target":{"@type":"EntryPoint","urlTemplate":"https:\/\/www.suno.com.br\/noticias\/?s={search_term_string}"},"query-input":{"@type":"PropertyValueSpecification","valueRequired":true,"valueName":"search_term_string"}}],"inLanguage":"pt-BR"},{"@type":"Organization","@id":"https:\/\/www.suno.com.br\/noticias\/#organization","name":"Suno Not\u00edcias","url":"https:\/\/www.suno.com.br\/noticias\/","logo":{"@type":"ImageObject","inLanguage":"pt-BR","@id":"https:\/\/www.suno.com.br\/noticias\/#\/schema\/logo\/image\/","url":"https:\/\/files.sunoresearch.com.br\/n\/uploads\/2021\/09\/suno-logo.png","contentUrl":"https:\/\/files.sunoresearch.com.br\/n\/uploads\/2021\/09\/suno-logo.png","width":180,"height":180,"caption":"Suno Not\u00edcias"},"image":{"@id":"https:\/\/www.suno.com.br\/noticias\/#\/schema\/logo\/image\/"},"sameAs":["https:\/\/facebook.com\/sunoresearch","https:\/\/x.com\/sunoresearch","https:\/\/www.instagram.com\/suno","https:\/\/www.linkedin.com\/company\/suno-research\/","https:\/\/www.youtube.com\/c\/sunoresearch"]},{"@type":"Person","@id":"https:\/\/www.suno.com.br\/noticias\/#\/schema\/person\/3df0d2808748b74496efe5dbeaef2c72","name":"Laura Moutinho","image":{"@type":"ImageObject","inLanguage":"pt-BR","@id":"https:\/\/www.suno.com.br\/noticias\/#\/schema\/person\/image\/","url":"https:\/\/secure.gravatar.com\/avatar\/7571c7c8ca3a6fca5e41384ece5557ff?s=96&r=g","contentUrl":"https:\/\/secure.gravatar.com\/avatar\/7571c7c8ca3a6fca5e41384ece5557ff?s=96&r=g","caption":"Laura Moutinho"},"description":"Estagi\u00e1ria na Suno Not\u00edcias, escreve not\u00edcias que afetam o mercado financeiro. Estuda administra\u00e7\u00e3o na Universidade Presbiteriana Mackenzie.","url":"https:\/\/www.suno.com.br\/noticias\/author\/laura-moutinho\/"}]}},"default_loop_html":"<div class=\"cardsPage__listCard__boxs\"><div class=\"cardsPage__listCard__boxs__img\"><a href=\"https:\/\/www.suno.com.br\/noticias\/dolar-fecha-queda-bc-auxilio-brasil-1102021\/\"><img class=\"mask\" src=\"https:\/\/www.suno.com.br\/noticias\/wp-content\/themes\/suno\/resources\/images\/spotlight\/spotlight1img\/bg-mask.png\" alt=\"Image Mask\"\/><img src=\"https:\/\/files.sunoresearch.com.br\/n\/uploads\/2021\/03\/5f9e5d9c-dollar-2322785_1280-400x200.webp\" alt=\"D\u00f3lar fecha em queda de 1,42%, com Aux\u00edlio Brasil no radar e possibilidade de novos leil\u00f5es do BC\"\/><\/a><span class=\"spotlightCategory\"><a href=\"https:\/\/www.suno.com.br\/noticias\/mercado\/\">Mercado<\/a><\/span><\/div><div class=\"cardsPage__listCard__boxs__content\"><a href=\"https:\/\/www.suno.com.br\/noticias\/dolar-fecha-queda-bc-auxilio-brasil-1102021\/\"><h2 class=\"content__title\">D\u00f3lar fecha em queda de 1,42%, com Aux\u00edlio Brasil no radar e possibilidade de novos leil\u00f5es do BC<\/h2><\/a><div class=\"newsContent__article__meta\"><div class=\"newsContent__article__meta__authorBox\"><a href=\"https:\/\/www.suno.com.br\/noticias\/author\/laura-moutinho\/\" class=\"authorBox__avatar noMobi\"><img src=\"https:\/\/files.sunoresearch.com.br\/n\/uploads\/2020\/08\/531ff69d-whatsapp-image-2020-08-03-at-14.54.38-150x150.webp\" alt=\"Laura Moutinho\"><\/a><div class=\"authorBox__name\"><span>por\n\t\t\t<a href=\"https:\/\/www.suno.com.br\/noticias\/author\/laura-moutinho\/\"><span itemprop=\"author\">Laura Moutinho<\/span><\/a><\/span><time datetime=\"2021-10-01T17:55:56-03:00\" itemprop=\"datePublished\">01\/10\/2021 17:55<\/time><\/div><\/div><\/div><\/div><\/div>","single_layout":"posts","amp_enabled":true,"_links":{"self":[{"href":"https:\/\/www.suno.com.br\/noticias\/wp-json\/wp\/v2\/posts\/190059"}],"collection":[{"href":"https:\/\/www.suno.com.br\/noticias\/wp-json\/wp\/v2\/posts"}],"about":[{"href":"https:\/\/www.suno.com.br\/noticias\/wp-json\/wp\/v2\/types\/post"}],"author":[{"embeddable":true,"href":"https:\/\/www.suno.com.br\/noticias\/wp-json\/wp\/v2\/users\/39"}],"replies":[{"embeddable":true,"href":"https:\/\/www.suno.com.br\/noticias\/wp-json\/wp\/v2\/comments?post=190059"}],"version-history":[{"count":3,"href":"https:\/\/www.suno.com.br\/noticias\/wp-json\/wp\/v2\/posts\/190059\/revisions"}],"predecessor-version":[{"id":190114,"href":"https:\/\/www.suno.com.br\/noticias\/wp-json\/wp\/v2\/posts\/190059\/revisions\/190114"}],"wp:featuredmedia":[{"embeddable":true,"href":"https:\/\/www.suno.com.br\/noticias\/wp-json\/wp\/v2\/media\/135092"}],"wp:attachment":[{"href":"https:\/\/www.suno.com.br\/noticias\/wp-json\/wp\/v2\/media?parent=190059"}],"wp:term":[{"taxonomy":"category","embeddable":true,"href":"https:\/\/www.suno.com.br\/noticias\/wp-json\/wp\/v2\/categories?post=190059"},{"taxonomy":"post_tag","embeddable":true,"href":"https:\/\/www.suno.com.br\/noticias\/wp-json\/wp\/v2\/tags?post=190059"},{"taxonomy":"suno_strategy","embeddable":true,"href":"https:\/\/www.suno.com.br\/noticias\/wp-json\/wp\/v2\/suno_strategy?post=190059"}],"curies":[{"name":"wp","href":"https:\/\/api.w.org\/{rel}","templated":true}]}}