{"id":189962,"date":"2021-10-01T21:57:24","date_gmt":"2021-10-02T00:57:24","guid":{"rendered":"https:\/\/www.suno.com.br\/noticias\/?p=189962"},"modified":"2021-11-11T10:59:13","modified_gmt":"2021-11-11T13:59:13","slug":"meta-tapering-atingida-fed","status":"publish","type":"post","link":"https:\/\/www.suno.com.br\/noticias\/meta-tapering-atingida-fed\/","title":{"rendered":"Meta para tapering foi atingida nos EUA, diz representante do Fed"},"content":{"rendered":"<p>Em evento realizado nesta sexta (1\u00ba) pelo Manhattan Institute, nos Estados Unidos, a presidente da distrital de Cleveland do Fed (Federal Reserve, o banco central norte-americano), Loretta Mester, disse que j\u00e1 houve &#8220;progresso substancial&#8221; em dire\u00e7\u00e3o \u00e0s metas de infla\u00e7\u00e3o e m\u00e1ximo emprego, <a href=\"https:\/\/www.suno.com.br\/artigos\/tapering\/\">crit\u00e9rios definidos para a realiza\u00e7\u00e3o do tapering<\/a>, medida que visa a retirada gradual dos est\u00edmulos monet\u00e1rios por BCs.<\/p>\t<div class=\"wrapper-featured-image\">\n\t\t<figure class=\"spotlightImg\">\n\n\t\t\t<picture>\n\t\t\t\t<source media=\"(max-width: 768px)\" srcset=\"https:\/\/files.sunoresearch.com.br\/n\/uploads\/2021\/04\/b06455be-whatsapp-image-2021-04-30-at-17.44.21-e1619815615157-400x200.webp\">\n\t\t\t\t<img loading=\"lazy\" decoding=\"async\" class=\"newsContent__article__imgCapa lazyloadDisabled \" src=\"https:\/\/files.sunoresearch.com.br\/n\/uploads\/2021\/04\/b06455be-whatsapp-image-2021-04-30-at-17.44.21-e1619815615157-800x450.webp\" width=\"800\" height=\"450\" alt=\"Meta para tapering foi atingida nos EUA, diz representante do Fed\" fetchpriority=high \/>\n\t\t\t<\/picture>\n\n\t\t\t<figcaption class=\"wp-caption-text wp-caption-text--show\">Fed de Chicago. Foto: Reprodu\u00e7\u00e3o Instagram<\/figcaption>\n\t\t<\/figure>\n\t<\/div>\n\n\n\t<p>\n\t\t<a href=\"https:\/\/lp.suno.com.br\/planilha-controle-gastos\/\" target=\"_blank\" data-element=\"shortcode-suno-banner\" title=\"Banner SUNO, clique e saiba mais\">\n\t\t\t<picture>\n\t\t\t\t<source media=\"(max-width: 500px)\" srcset=\"https:\/\/files.sunoresearch.com.br\/n\/uploads\/2023\/03\/400x300-Planilha-controle-de-gastos.png\">\n\t\t\t\t<img class=\"newsContent__article__imgCapa newsContent__article__imgCapa--banner\"\n\t\t\t\t\tsrc=\"https:\/\/files.sunoresearch.com.br\/n\/uploads\/2023\/03\/1420x240-Planilha-controle-de-gastos.png\"\n\t\t\t\t\tdata-promo-id=\"101751\"\t\t\t\t\t\t\t\t\t\twidth='1420' height='240'\t\t\t\t\talt=\"https:\/\/files.sunoresearch.com.br\/n\/uploads\/2023\/03\/1420x240-Planilha-controle-de-gastos.png\"\n\t\t\t\t>\n\t\t\t<\/picture>\n\t\t<\/a>\n\t<\/p>\n\n\n<p>Com isso, a representante do Fed defende que em breve deve come\u00e7ar a redu\u00e7\u00e3o das compras mensais de Treasuries, t\u00edtulos da d\u00edvida p\u00fablica americana, e ativos lastreados em hipotecas.<\/p>\n<p>O Presidente da distrital da Filad\u00e9lfia do Fed,Patrick Harker, tamb\u00e9m comentou sobre o assunto, dizendo que gostaria de realizar o <a class=\"suno-keyword\" href=\"https:\/\/www.suno.com.br\/artigos\/tapering\/\" target=\"_blank\" rel=\"noopener\" data-force=\"no\" data-priority=\"2\">tapering<\/a> o quanto antes, argumentando que a alta infla\u00e7\u00e3o do pa\u00eds \u00e9 um motivo para acelerar o processo.<\/p>\n<p>Segundo ele, \u00e9 poss\u00edvel que as press\u00f5es inflacion\u00e1rias advindas da reabertura da economia global podem n\u00e3o ser t\u00e3o transit\u00f3rias quanto o esperado.<\/p>\n\t<p>\n\t\t<a href=\"https:\/\/lp.suno.com.br\/planilha-da-vida-financeira\/\" target=\"_blank\" data-element=\"shortcode-suno-banner\" title=\"Banner SUNO, clique e saiba mais\">\n\t\t\t<picture>\n\t\t\t\t<source media=\"(max-width: 500px)\" srcset=\"https:\/\/files.sunoresearch.com.br\/n\/uploads\/2023\/04\/400x300-Planilha-vida-financeira-true.png\">\n\t\t\t\t<img class=\"newsContent__article__imgCapa newsContent__article__imgCapa--banner\"\n\t\t\t\t\tsrc=\"https:\/\/files.sunoresearch.com.br\/n\/uploads\/2023\/04\/1420x240-Planilha-vida-financeira-true.png\"\n\t\t\t\t\tdata-promo-id=\"106682\"\t\t\t\t\t\t\t\t\t\twidth='1420' height='240'\t\t\t\t\talt=\"https:\/\/files.sunoresearch.com.br\/n\/uploads\/2023\/04\/1420x240-Planilha-vida-financeira-true.png\"\n\t\t\t\t>\n\t\t\t<\/picture>\n\t\t<\/a>\n\t<\/p>\n\n\n<p>Em seu discurso durante o evento, o dirigente, que n\u00e3o tem direito a voto nas reuni\u00f5es do Comit\u00ea Federal de Mercado Aberto (Fomc, na sigla em ingl\u00eas) este ano, afirmou esperar uma <strong>infla\u00e7\u00e3o<\/strong> anual de cerca de 4% em 2021, antes dos pre\u00e7os moderarem para um n\u00edvel um pouco acima de 2% em 2022.<\/p>\n<p>Em 2023, o l\u00edder da distrital da Filad\u00e9lfia do Fed prev\u00ea que a infla\u00e7\u00e3o converja para a meta de 2% da entidade.<\/p>\n<p>Os gargalos na cadeia de suprimentos, por\u00e9m, s\u00e3o um risco de alta para esta previs\u00e3o, j\u00e1 que eles podem levar anos para serem solucionados completamente, disse Harker.<\/p>\n\t<p>\n\t\t<a href=\"https:\/\/lp.suno.com.br\/ebook-como-analisar-uma-acao\/\" target=\"_blank\" data-element=\"shortcode-suno-banner\" title=\"Banner SUNO, clique e saiba mais\">\n\t\t\t<picture>\n\t\t\t\t<source media=\"(max-width: 500px)\" srcset=\"https:\/\/files.sunoresearch.com.br\/n\/uploads\/2023\/03\/Ebook-Acoes-Mobile-1.jpg\">\n\t\t\t\t<img class=\"newsContent__article__imgCapa newsContent__article__imgCapa--banner\"\n\t\t\t\t\tsrc=\"https:\/\/files.sunoresearch.com.br\/n\/uploads\/2023\/03\/Ebook-Acoes-Desktop-1.jpg\"\n\t\t\t\t\tdata-promo-id=\"171998\"\t\t\t\t\t\t\t\t\t\twidth='1420' height='286'\t\t\t\t\talt=\"https:\/\/files.sunoresearch.com.br\/n\/uploads\/2023\/03\/Ebook-Acoes-Desktop-1.jpg\"\n\t\t\t\t>\n\t\t\t<\/picture>\n\t\t<\/a>\n\t<\/p>\n\n\n<p><b>Fed quer tapering a partir de novembro e alta dos juros no fim de 2022<\/b><\/p>\n<p>O presidente da distrital da Filad\u00e9lfia do Federal Reserve reafirmou sua defesa pelo <i>tapering<\/i> &#8220;em breve&#8221;, a partir de novembro. Segundo ele, os est\u00edmulos monet\u00e1rios j\u00e1 n\u00e3o s\u00e3o necess\u00e1rios em uma economia com problemas na oferta.<\/p>\n<p>Ap\u00f3s o t\u00e9rmino do <i>tapering<\/i> por volta de meados do ano que vem, Harker afirmou que o Fed poder\u00e1 come\u00e7ar a pensar em uma alta dos juros nos Estados Unidos. Ele alertou, no entanto, que isso n\u00e3o deve ocorrer antes do per\u00edodo entre o fim de 2022 e o come\u00e7o do ano seguinte.<\/p>\n\t<p>\n\t\t<a href=\"https:\/\/lp.suno.com.br\/planilha-de-controle-de-investimentos\/\" target=\"_blank\" data-element=\"shortcode-suno-banner\" title=\"Banner SUNO, clique e saiba mais\">\n\t\t\t<picture>\n\t\t\t\t<source media=\"(max-width: 500px)\" srcset=\"https:\/\/files.sunoresearch.com.br\/n\/uploads\/2023\/03\/400x300-Controle-de-Investimentos.png\">\n\t\t\t\t<img class=\"newsContent__article__imgCapa newsContent__article__imgCapa--banner\"\n\t\t\t\t\tsrc=\"https:\/\/files.sunoresearch.com.br\/n\/uploads\/2023\/03\/1420x240-Controle-de-Investimentos.png\"\n\t\t\t\t\tdata-promo-id=\"75934\"\t\t\t\t\t\t\t\t\t\twidth='1420' height='240'\t\t\t\t\talt=\"https:\/\/files.sunoresearch.com.br\/n\/uploads\/2023\/03\/1420x240-Controle-de-Investimentos.png\"\n\t\t\t\t>\n\t\t\t<\/picture>\n\t\t<\/a>\n\t<\/p>\n\n\n<p>O dirigente disse estar otimista quanto \u00e0 perspectiva econ\u00f4mica do pa\u00eds, e previu um crescimento de cerca de 6,5% do <a class=\"suno-keyword\" href=\"https:\/\/www.suno.com.br\/artigos\/pib-produto-interno-bruto\/\" target=\"_blank\" rel=\"noopener\" data-force=\"no\" data-priority=\"2\">Produto Interno Bruto (PIB)<\/a> americano em 2021, al\u00e9m de altas de 3,5% em 2022 e de 2,5% em 2023.<\/p>\n<p>Apesar do otimismo, Harker voltou a dizer que os gargalos na cadeia de suprimentos s\u00e3o empecilhos &#8220;poderosos&#8221; ao crescimento, especialmente se duraram pelos pr\u00f3ximos anos, como alguns &#8220;sinais&#8221; indicam, segundo ele.<\/p>\n<p>&#8220;Escassez de pe\u00e7as essenciais como chips semicondutores prejudicou n\u00e3o apenas a produ\u00e7\u00e3o de carros e caminh\u00f5es, mas tamb\u00e9m de bens dur\u00e1veis menores, como eletrodom\u00e9sticos&#8221;, destacou o dirigente do <strong>Fed<\/strong>.<\/p>\n<p><em>Com informa\u00e7\u00f5es da Ag\u00eancia Estado<\/em><\/p>\n\t<p>\n\t\t<a href=\"\" target=\"_blank\" data-element=\"shortcode-suno-banner\" title=\"Banner SUNO, clique e saiba mais\">\n\t\t\t<picture>\n\t\t\t\t<source media=\"(max-width: 500px)\" srcset=\"\">\n\t\t\t\t<img class=\"newsContent__article__imgCapa newsContent__article__imgCapa--banner\"\n\t\t\t\t\tsrc=\"\"\n\t\t\t\t\tdata-promo-id=\"184190\"\t\t\t\t\t\t\t\t\t\t\t\t\t\t\talt=\"\"\n\t\t\t\t>\n\t\t\t<\/picture>\n\t\t<\/a>\n\t<\/p>\n\n\n","protected":false},"excerpt":{"rendered":"<p>Em evento realizado nesta sexta (1\u00ba) pelo Manhattan Institute, nos Estados Unidos, a presidente da distrital de Cleveland do Fed (Federal Reserve, o banco central norte-americano), Loretta Mester, disse que j\u00e1 houve &#8220;progresso substancial&#8221; em dire\u00e7\u00e3o \u00e0s metas de infla\u00e7\u00e3o e m\u00e1ximo emprego, crit\u00e9rios definidos para a realiza\u00e7\u00e3o do tapering, medida que visa a retirada [&hellip;]<\/p>\n","protected":false},"author":118,"featured_media":143959,"comment_status":"closed","ping_status":"closed","sticky":false,"template":"","format":"standard","meta":[],"categories":[63],"tags":[776],"suno_strategy":[],"class_list":["post-189962","post","type-post","status-publish","format-standard","has-post-thumbnail","hentry","category-internacional","tag-federal-reseve-fed"],"yoast_head":"<!-- This site is optimized with the Yoast SEO plugin v24.4 - https:\/\/yoast.com\/wordpress\/plugins\/seo\/ -->\n<title>Meta para tapering foi atingida nos EUA, diz representante do Fed<\/title>\n<meta name=\"description\" content=\"Em evento organizado nos Estados Unidos, nesta sexta, o Presidente da distrital da Filad\u00e9lfia do Fed disse que quer tapering...Saiba mais\" \/>\n<meta name=\"robots\" content=\"index, follow, max-snippet:-1, max-image-preview:large, max-video-preview:-1\" \/>\n<link rel=\"canonical\" href=\"https:\/\/www.suno.com.br\/noticias\/meta-tapering-atingida-fed\/\" \/>\n<meta property=\"og:locale\" content=\"pt_BR\" \/>\n<meta property=\"og:type\" content=\"article\" \/>\n<meta property=\"og:title\" content=\"Meta para tapering foi atingida nos EUA, diz representante do Fed\" \/>\n<meta property=\"og:description\" content=\"Em evento organizado nos Estados Unidos, nesta sexta, o Presidente da distrital da Filad\u00e9lfia do Fed disse que quer tapering...Saiba mais\" \/>\n<meta property=\"og:url\" content=\"https:\/\/www.suno.com.br\/noticias\/meta-tapering-atingida-fed\/\" \/>\n<meta property=\"og:site_name\" content=\"Suno Not\u00edcias\" \/>\n<meta property=\"article:publisher\" content=\"https:\/\/facebook.com\/sunoresearch\" \/>\n<meta property=\"og:image\" content=\"https:\/\/files.sunoresearch.com.br\/n\/uploads\/2021\/04\/b06455be-whatsapp-image-2021-04-30-at-17.44.21-e1619815615157.jpeg\" \/>\n\t<meta property=\"og:image:width\" content=\"1170\" \/>\n\t<meta property=\"og:image:height\" content=\"655\" \/>\n\t<meta property=\"og:image:type\" content=\"image\/jpeg\" \/>\n<meta name=\"author\" content=\"Bruno Galv\u00e3o\" \/>\n<meta name=\"twitter:card\" content=\"summary_large_image\" \/>\n<meta name=\"twitter:creator\" content=\"@sunoresearch\" \/>\n<meta name=\"twitter:site\" content=\"@sunoresearch\" \/>\n<meta name=\"twitter:label1\" content=\"Escrito por\" \/>\n\t<meta name=\"twitter:data1\" content=\"Bruno Galv\u00e3o\" \/>\n\t<meta name=\"twitter:label2\" content=\"Est. tempo de leitura\" \/>\n\t<meta name=\"twitter:data2\" content=\"3 minutos\" \/>\n<script type=\"application\/ld+json\" class=\"yoast-schema-graph\">{\"@context\":\"https:\/\/schema.org\",\"@graph\":[{\"@type\":\"NewsArticle\",\"@id\":\"https:\/\/www.suno.com.br\/noticias\/meta-tapering-atingida-fed\/#article\",\"isPartOf\":{\"@id\":\"https:\/\/www.suno.com.br\/noticias\/meta-tapering-atingida-fed\/\"},\"author\":{\"name\":\"Bruno Galv\u00e3o\",\"@id\":\"https:\/\/www.suno.com.br\/noticias\/#\/schema\/person\/06f0d962a6b1c54852e4860f16935600\"},\"headline\":\"Meta para tapering foi atingida nos EUA, diz representante do Fed\",\"datePublished\":\"2021-10-02T00:57:24+00:00\",\"dateModified\":\"2021-11-11T13:59:13+00:00\",\"mainEntityOfPage\":{\"@id\":\"https:\/\/www.suno.com.br\/noticias\/meta-tapering-atingida-fed\/\"},\"wordCount\":530,\"publisher\":{\"@id\":\"https:\/\/www.suno.com.br\/noticias\/#organization\"},\"image\":{\"@id\":\"https:\/\/www.suno.com.br\/noticias\/meta-tapering-atingida-fed\/#primaryimage\"},\"thumbnailUrl\":\"https:\/\/files.sunoresearch.com.br\/n\/uploads\/2021\/04\/b06455be-whatsapp-image-2021-04-30-at-17.44.21-e1619815615157-jpeg.webp\",\"keywords\":[\"Federal Reserve (FED)\"],\"articleSection\":[\"Internacional\"],\"inLanguage\":\"pt-BR\"},{\"@type\":\"WebPage\",\"@id\":\"https:\/\/www.suno.com.br\/noticias\/meta-tapering-atingida-fed\/\",\"url\":\"https:\/\/www.suno.com.br\/noticias\/meta-tapering-atingida-fed\/\",\"name\":\"Meta para tapering foi atingida nos EUA, diz representante do Fed\",\"isPartOf\":{\"@id\":\"https:\/\/www.suno.com.br\/noticias\/#website\"},\"primaryImageOfPage\":{\"@id\":\"https:\/\/www.suno.com.br\/noticias\/meta-tapering-atingida-fed\/#primaryimage\"},\"image\":{\"@id\":\"https:\/\/www.suno.com.br\/noticias\/meta-tapering-atingida-fed\/#primaryimage\"},\"thumbnailUrl\":\"https:\/\/files.sunoresearch.com.br\/n\/uploads\/2021\/04\/b06455be-whatsapp-image-2021-04-30-at-17.44.21-e1619815615157-jpeg.webp\",\"datePublished\":\"2021-10-02T00:57:24+00:00\",\"dateModified\":\"2021-11-11T13:59:13+00:00\",\"description\":\"Em evento organizado nos Estados Unidos, nesta sexta, o Presidente da distrital da Filad\u00e9lfia do Fed disse que quer tapering...Saiba mais\",\"breadcrumb\":{\"@id\":\"https:\/\/www.suno.com.br\/noticias\/meta-tapering-atingida-fed\/#breadcrumb\"},\"inLanguage\":\"pt-BR\",\"potentialAction\":[{\"@type\":\"ReadAction\",\"target\":[\"https:\/\/www.suno.com.br\/noticias\/meta-tapering-atingida-fed\/\"]}]},{\"@type\":\"ImageObject\",\"inLanguage\":\"pt-BR\",\"@id\":\"https:\/\/www.suno.com.br\/noticias\/meta-tapering-atingida-fed\/#primaryimage\",\"url\":\"https:\/\/files.sunoresearch.com.br\/n\/uploads\/2021\/04\/b06455be-whatsapp-image-2021-04-30-at-17.44.21-e1619815615157-jpeg.webp\",\"contentUrl\":\"https:\/\/files.sunoresearch.com.br\/n\/uploads\/2021\/04\/b06455be-whatsapp-image-2021-04-30-at-17.44.21-e1619815615157-jpeg.webp\",\"width\":1170,\"height\":655,\"caption\":\"Fed de Chicago. Foto: Reprodu\u00e7\u00e3o Instagram\"},{\"@type\":\"BreadcrumbList\",\"@id\":\"https:\/\/www.suno.com.br\/noticias\/meta-tapering-atingida-fed\/#breadcrumb\",\"itemListElement\":[{\"@type\":\"ListItem\",\"position\":1,\"name\":\"Not\u00edcias\",\"item\":\"https:\/\/www.suno.com.br\/noticias\/\"},{\"@type\":\"ListItem\",\"position\":2,\"name\":\"Internacional\",\"item\":\"https:\/\/www.suno.com.br\/noticias\/internacional\/\"},{\"@type\":\"ListItem\",\"position\":3,\"name\":\"Meta para tapering foi atingida nos EUA, diz representante do Fed\"}]},{\"@type\":\"WebSite\",\"@id\":\"https:\/\/www.suno.com.br\/noticias\/#website\",\"url\":\"https:\/\/www.suno.com.br\/noticias\/\",\"name\":\"Suno Not\u00edcias\",\"description\":\"Seu portal de informa\u00e7\u00e3o sobre o mundo dos investimentos\",\"publisher\":{\"@id\":\"https:\/\/www.suno.com.br\/noticias\/#organization\"},\"potentialAction\":[{\"@type\":\"SearchAction\",\"target\":{\"@type\":\"EntryPoint\",\"urlTemplate\":\"https:\/\/www.suno.com.br\/noticias\/?s={search_term_string}\"},\"query-input\":{\"@type\":\"PropertyValueSpecification\",\"valueRequired\":true,\"valueName\":\"search_term_string\"}}],\"inLanguage\":\"pt-BR\"},{\"@type\":\"Organization\",\"@id\":\"https:\/\/www.suno.com.br\/noticias\/#organization\",\"name\":\"Suno Not\u00edcias\",\"url\":\"https:\/\/www.suno.com.br\/noticias\/\",\"logo\":{\"@type\":\"ImageObject\",\"inLanguage\":\"pt-BR\",\"@id\":\"https:\/\/www.suno.com.br\/noticias\/#\/schema\/logo\/image\/\",\"url\":\"https:\/\/files.sunoresearch.com.br\/n\/uploads\/2021\/09\/suno-logo.png\",\"contentUrl\":\"https:\/\/files.sunoresearch.com.br\/n\/uploads\/2021\/09\/suno-logo.png\",\"width\":180,\"height\":180,\"caption\":\"Suno Not\u00edcias\"},\"image\":{\"@id\":\"https:\/\/www.suno.com.br\/noticias\/#\/schema\/logo\/image\/\"},\"sameAs\":[\"https:\/\/facebook.com\/sunoresearch\",\"https:\/\/x.com\/sunoresearch\",\"https:\/\/www.instagram.com\/suno\",\"https:\/\/www.linkedin.com\/company\/suno-research\/\",\"https:\/\/www.youtube.com\/c\/sunoresearch\"]},{\"@type\":\"Person\",\"@id\":\"https:\/\/www.suno.com.br\/noticias\/#\/schema\/person\/06f0d962a6b1c54852e4860f16935600\",\"name\":\"Bruno Galv\u00e3o\",\"image\":{\"@type\":\"ImageObject\",\"inLanguage\":\"pt-BR\",\"@id\":\"https:\/\/www.suno.com.br\/noticias\/#\/schema\/person\/image\/\",\"url\":\"https:\/\/secure.gravatar.com\/avatar\/53598df0b41c00f12f287a912d0e918e?s=96&r=g\",\"contentUrl\":\"https:\/\/secure.gravatar.com\/avatar\/53598df0b41c00f12f287a912d0e918e?s=96&r=g\",\"caption\":\"Bruno Galv\u00e3o\"},\"description\":\"Escreve para o portal Suno Not\u00edcias. \u00c9 estudante de Jornalismo pela Faculdade C\u00e1sper L\u00edbero e Letras pela USP. Entusiasta de tecnologia e intelig\u00eancia artificial.\",\"url\":\"https:\/\/www.suno.com.br\/noticias\/author\/bruno-garcia\/\"}]}<\/script>\n<!-- \/ Yoast SEO plugin. -->","yoast_head_json":{"title":"Meta para tapering foi atingida nos EUA, diz representante do Fed","description":"Em evento organizado nos Estados Unidos, nesta sexta, o Presidente da distrital da Filad\u00e9lfia do Fed disse que quer tapering...Saiba mais","robots":{"index":"index","follow":"follow","max-snippet":"max-snippet:-1","max-image-preview":"max-image-preview:large","max-video-preview":"max-video-preview:-1"},"canonical":"https:\/\/www.suno.com.br\/noticias\/meta-tapering-atingida-fed\/","og_locale":"pt_BR","og_type":"article","og_title":"Meta para tapering foi atingida nos EUA, diz representante do Fed","og_description":"Em evento organizado nos Estados Unidos, nesta sexta, o Presidente da distrital da Filad\u00e9lfia do Fed disse que quer tapering...Saiba mais","og_url":"https:\/\/www.suno.com.br\/noticias\/meta-tapering-atingida-fed\/","og_site_name":"Suno Not\u00edcias","article_publisher":"https:\/\/facebook.com\/sunoresearch","og_image":[{"width":1170,"height":655,"url":"https:\/\/files.sunoresearch.com.br\/n\/uploads\/2021\/04\/b06455be-whatsapp-image-2021-04-30-at-17.44.21-e1619815615157.jpeg","type":"image\/jpeg"}],"author":"Bruno Galv\u00e3o","twitter_card":"summary_large_image","twitter_creator":"@sunoresearch","twitter_site":"@sunoresearch","twitter_misc":{"Escrito por":"Bruno Galv\u00e3o","Est. tempo de leitura":"3 minutos"},"schema":{"@context":"https:\/\/schema.org","@graph":[{"@type":"NewsArticle","@id":"https:\/\/www.suno.com.br\/noticias\/meta-tapering-atingida-fed\/#article","isPartOf":{"@id":"https:\/\/www.suno.com.br\/noticias\/meta-tapering-atingida-fed\/"},"author":{"name":"Bruno Galv\u00e3o","@id":"https:\/\/www.suno.com.br\/noticias\/#\/schema\/person\/06f0d962a6b1c54852e4860f16935600"},"headline":"Meta para tapering foi atingida nos EUA, diz representante do Fed","datePublished":"2021-10-02T00:57:24+00:00","dateModified":"2021-11-11T13:59:13+00:00","mainEntityOfPage":{"@id":"https:\/\/www.suno.com.br\/noticias\/meta-tapering-atingida-fed\/"},"wordCount":530,"publisher":{"@id":"https:\/\/www.suno.com.br\/noticias\/#organization"},"image":{"@id":"https:\/\/www.suno.com.br\/noticias\/meta-tapering-atingida-fed\/#primaryimage"},"thumbnailUrl":"https:\/\/files.sunoresearch.com.br\/n\/uploads\/2021\/04\/b06455be-whatsapp-image-2021-04-30-at-17.44.21-e1619815615157-jpeg.webp","keywords":["Federal Reserve (FED)"],"articleSection":["Internacional"],"inLanguage":"pt-BR"},{"@type":"WebPage","@id":"https:\/\/www.suno.com.br\/noticias\/meta-tapering-atingida-fed\/","url":"https:\/\/www.suno.com.br\/noticias\/meta-tapering-atingida-fed\/","name":"Meta para tapering foi atingida nos EUA, diz representante do Fed","isPartOf":{"@id":"https:\/\/www.suno.com.br\/noticias\/#website"},"primaryImageOfPage":{"@id":"https:\/\/www.suno.com.br\/noticias\/meta-tapering-atingida-fed\/#primaryimage"},"image":{"@id":"https:\/\/www.suno.com.br\/noticias\/meta-tapering-atingida-fed\/#primaryimage"},"thumbnailUrl":"https:\/\/files.sunoresearch.com.br\/n\/uploads\/2021\/04\/b06455be-whatsapp-image-2021-04-30-at-17.44.21-e1619815615157-jpeg.webp","datePublished":"2021-10-02T00:57:24+00:00","dateModified":"2021-11-11T13:59:13+00:00","description":"Em evento organizado nos Estados Unidos, nesta sexta, o Presidente da distrital da Filad\u00e9lfia do Fed disse que quer tapering...Saiba mais","breadcrumb":{"@id":"https:\/\/www.suno.com.br\/noticias\/meta-tapering-atingida-fed\/#breadcrumb"},"inLanguage":"pt-BR","potentialAction":[{"@type":"ReadAction","target":["https:\/\/www.suno.com.br\/noticias\/meta-tapering-atingida-fed\/"]}]},{"@type":"ImageObject","inLanguage":"pt-BR","@id":"https:\/\/www.suno.com.br\/noticias\/meta-tapering-atingida-fed\/#primaryimage","url":"https:\/\/files.sunoresearch.com.br\/n\/uploads\/2021\/04\/b06455be-whatsapp-image-2021-04-30-at-17.44.21-e1619815615157-jpeg.webp","contentUrl":"https:\/\/files.sunoresearch.com.br\/n\/uploads\/2021\/04\/b06455be-whatsapp-image-2021-04-30-at-17.44.21-e1619815615157-jpeg.webp","width":1170,"height":655,"caption":"Fed de Chicago. Foto: Reprodu\u00e7\u00e3o Instagram"},{"@type":"BreadcrumbList","@id":"https:\/\/www.suno.com.br\/noticias\/meta-tapering-atingida-fed\/#breadcrumb","itemListElement":[{"@type":"ListItem","position":1,"name":"Not\u00edcias","item":"https:\/\/www.suno.com.br\/noticias\/"},{"@type":"ListItem","position":2,"name":"Internacional","item":"https:\/\/www.suno.com.br\/noticias\/internacional\/"},{"@type":"ListItem","position":3,"name":"Meta para tapering foi atingida nos EUA, diz representante do Fed"}]},{"@type":"WebSite","@id":"https:\/\/www.suno.com.br\/noticias\/#website","url":"https:\/\/www.suno.com.br\/noticias\/","name":"Suno Not\u00edcias","description":"Seu portal de informa\u00e7\u00e3o sobre o mundo dos investimentos","publisher":{"@id":"https:\/\/www.suno.com.br\/noticias\/#organization"},"potentialAction":[{"@type":"SearchAction","target":{"@type":"EntryPoint","urlTemplate":"https:\/\/www.suno.com.br\/noticias\/?s={search_term_string}"},"query-input":{"@type":"PropertyValueSpecification","valueRequired":true,"valueName":"search_term_string"}}],"inLanguage":"pt-BR"},{"@type":"Organization","@id":"https:\/\/www.suno.com.br\/noticias\/#organization","name":"Suno Not\u00edcias","url":"https:\/\/www.suno.com.br\/noticias\/","logo":{"@type":"ImageObject","inLanguage":"pt-BR","@id":"https:\/\/www.suno.com.br\/noticias\/#\/schema\/logo\/image\/","url":"https:\/\/files.sunoresearch.com.br\/n\/uploads\/2021\/09\/suno-logo.png","contentUrl":"https:\/\/files.sunoresearch.com.br\/n\/uploads\/2021\/09\/suno-logo.png","width":180,"height":180,"caption":"Suno Not\u00edcias"},"image":{"@id":"https:\/\/www.suno.com.br\/noticias\/#\/schema\/logo\/image\/"},"sameAs":["https:\/\/facebook.com\/sunoresearch","https:\/\/x.com\/sunoresearch","https:\/\/www.instagram.com\/suno","https:\/\/www.linkedin.com\/company\/suno-research\/","https:\/\/www.youtube.com\/c\/sunoresearch"]},{"@type":"Person","@id":"https:\/\/www.suno.com.br\/noticias\/#\/schema\/person\/06f0d962a6b1c54852e4860f16935600","name":"Bruno Galv\u00e3o","image":{"@type":"ImageObject","inLanguage":"pt-BR","@id":"https:\/\/www.suno.com.br\/noticias\/#\/schema\/person\/image\/","url":"https:\/\/secure.gravatar.com\/avatar\/53598df0b41c00f12f287a912d0e918e?s=96&r=g","contentUrl":"https:\/\/secure.gravatar.com\/avatar\/53598df0b41c00f12f287a912d0e918e?s=96&r=g","caption":"Bruno Galv\u00e3o"},"description":"Escreve para o portal Suno Not\u00edcias. \u00c9 estudante de Jornalismo pela Faculdade C\u00e1sper L\u00edbero e Letras pela USP. Entusiasta de tecnologia e intelig\u00eancia artificial.","url":"https:\/\/www.suno.com.br\/noticias\/author\/bruno-garcia\/"}]}},"default_loop_html":"<div class=\"cardsPage__listCard__boxs\"><div class=\"cardsPage__listCard__boxs__img\"><a href=\"https:\/\/www.suno.com.br\/noticias\/meta-tapering-atingida-fed\/\"><img class=\"mask\" src=\"https:\/\/www.suno.com.br\/noticias\/wp-content\/themes\/suno\/resources\/images\/spotlight\/spotlight1img\/bg-mask.png\" alt=\"Image Mask\"\/><img src=\"https:\/\/files.sunoresearch.com.br\/n\/uploads\/2021\/04\/b06455be-whatsapp-image-2021-04-30-at-17.44.21-e1619815615157-400x200.webp\" alt=\"Meta para tapering foi atingida nos EUA, diz representante do Fed\"\/><\/a><span class=\"spotlightCategory\"><a href=\"https:\/\/www.suno.com.br\/noticias\/internacional\/\">Internacional<\/a><\/span><\/div><div class=\"cardsPage__listCard__boxs__content\"><a href=\"https:\/\/www.suno.com.br\/noticias\/meta-tapering-atingida-fed\/\"><h2 class=\"content__title\">Meta para tapering foi atingida nos EUA, diz representante do Fed<\/h2><\/a><div class=\"newsContent__article__meta\"><div class=\"newsContent__article__meta__authorBox\"><a href=\"https:\/\/www.suno.com.br\/noticias\/author\/bruno-garcia\/\" class=\"authorBox__avatar noMobi\"><img src=\"https:\/\/secure.gravatar.com\/avatar\/53598df0b41c00f12f287a912d0e918e?s=96&#038;r=g\" alt=\"Bruno Galv\u00e3o\"><\/a><div class=\"authorBox__name\"><span>por\n\t\t\t<a href=\"https:\/\/www.suno.com.br\/noticias\/author\/bruno-garcia\/\"><span itemprop=\"author\">Bruno Galv\u00e3o<\/span><\/a><\/span><time datetime=\"2021-10-01T21:57:24-03:00\" itemprop=\"datePublished\">01\/10\/2021 21:57<\/time><\/div><\/div><\/div><\/div><\/div>","single_layout":"posts","amp_enabled":true,"_links":{"self":[{"href":"https:\/\/www.suno.com.br\/noticias\/wp-json\/wp\/v2\/posts\/189962"}],"collection":[{"href":"https:\/\/www.suno.com.br\/noticias\/wp-json\/wp\/v2\/posts"}],"about":[{"href":"https:\/\/www.suno.com.br\/noticias\/wp-json\/wp\/v2\/types\/post"}],"author":[{"embeddable":true,"href":"https:\/\/www.suno.com.br\/noticias\/wp-json\/wp\/v2\/users\/118"}],"replies":[{"embeddable":true,"href":"https:\/\/www.suno.com.br\/noticias\/wp-json\/wp\/v2\/comments?post=189962"}],"version-history":[{"count":4,"href":"https:\/\/www.suno.com.br\/noticias\/wp-json\/wp\/v2\/posts\/189962\/revisions"}],"predecessor-version":[{"id":204019,"href":"https:\/\/www.suno.com.br\/noticias\/wp-json\/wp\/v2\/posts\/189962\/revisions\/204019"}],"wp:featuredmedia":[{"embeddable":true,"href":"https:\/\/www.suno.com.br\/noticias\/wp-json\/wp\/v2\/media\/143959"}],"wp:attachment":[{"href":"https:\/\/www.suno.com.br\/noticias\/wp-json\/wp\/v2\/media?parent=189962"}],"wp:term":[{"taxonomy":"category","embeddable":true,"href":"https:\/\/www.suno.com.br\/noticias\/wp-json\/wp\/v2\/categories?post=189962"},{"taxonomy":"post_tag","embeddable":true,"href":"https:\/\/www.suno.com.br\/noticias\/wp-json\/wp\/v2\/tags?post=189962"},{"taxonomy":"suno_strategy","embeddable":true,"href":"https:\/\/www.suno.com.br\/noticias\/wp-json\/wp\/v2\/suno_strategy?post=189962"}],"curies":[{"name":"wp","href":"https:\/\/api.w.org\/{rel}","templated":true}]}}