{"id":189907,"date":"2021-10-01T18:47:59","date_gmt":"2021-10-01T21:47:59","guid":{"rendered":"https:\/\/www.suno.com.br\/noticias\/?p=189907"},"modified":"2021-10-01T18:47:59","modified_gmt":"2021-10-01T21:47:59","slug":"fiis-que-mais-cairam-setembro-bbpo11-fundos-imobiliarios","status":"publish","type":"post","link":"https:\/\/www.suno.com.br\/noticias\/fiis-que-mais-cairam-setembro-bbpo11-fundos-imobiliarios\/","title":{"rendered":"Confira os 5 fundos imobili\u00e1rios que mais ca\u00edram no m\u00eas; BBPO11 despenca 15%"},"content":{"rendered":"<p>Foi um m\u00eas amargo <a href=\"https:\/\/www.suno.com.br\/artigos\/fundos-imobiliarios\/\">para a maioria dos \u00edndices no Brasil. <\/a>Em setembro, alguns <strong>fundos imobili\u00e1rios <\/strong>tiveram perdas acima de 15%. O <a href=\"https:\/\/www.suno.com.br\/artigos\/ifix\/\">IFIX, principal \u00edndice de FIIs<\/a> da Bolsa brasileira, encerrou o per\u00edodo com uma baixa de 1,24%, puxado pelo BBPO11.<\/p>\t<div class=\"wrapper-featured-image\">\n\t\t<figure class=\"spotlightImg\">\n\n\t\t\t<picture>\n\t\t\t\t<source media=\"(max-width: 768px)\" srcset=\"https:\/\/files.sunoresearch.com.br\/n\/uploads\/2021\/09\/architecture-g5051196a2_1920-400x200.jpg\">\n\t\t\t\t<img loading=\"lazy\" decoding=\"async\" class=\"newsContent__article__imgCapa lazyloadDisabled \" src=\"https:\/\/files.sunoresearch.com.br\/n\/uploads\/2021\/09\/architecture-g5051196a2_1920-800x450.jpg\" width=\"800\" height=\"450\" alt=\"Confira os 5 fundos imobili\u00e1rios que mais ca\u00edram no m\u00eas; BBPO11 despenca 15%\" fetchpriority=high \/>\n\t\t\t<\/picture>\n\n\t\t\t<figcaption class=\"wp-caption-text wp-caption-text--show\">Fundos Imobili\u00e1rios. Foto: Pixabay<\/figcaption>\n\t\t<\/figure>\n\t<\/div>\n\n\n\t<p>\n\t\t<a href=\"https:\/\/lp.suno.com.br\/planilha-controle-gastos\/\" target=\"_blank\" data-element=\"shortcode-suno-banner\" title=\"Banner SUNO, clique e saiba mais\">\n\t\t\t<picture>\n\t\t\t\t<source media=\"(max-width: 500px)\" srcset=\"https:\/\/files.sunoresearch.com.br\/n\/uploads\/2023\/03\/400x300-Planilha-controle-de-gastos.png\">\n\t\t\t\t<img class=\"newsContent__article__imgCapa newsContent__article__imgCapa--banner\"\n\t\t\t\t\tsrc=\"https:\/\/files.sunoresearch.com.br\/n\/uploads\/2023\/03\/1420x240-Planilha-controle-de-gastos.png\"\n\t\t\t\t\tdata-promo-id=\"101751\"\t\t\t\t\t\t\t\t\t\twidth='1420' height='240'\t\t\t\t\talt=\"https:\/\/files.sunoresearch.com.br\/n\/uploads\/2023\/03\/1420x240-Planilha-controle-de-gastos.png\"\n\t\t\t\t>\n\t\t\t<\/picture>\n\t\t<\/a>\n\t<\/p>\n\n\n<p>Os\u00a0<strong>fundos imobili\u00e1rios que ca\u00edram em setembro <\/strong>sofreram\u00a0o impacto negativo da continuidade do ciclo de alta da\u00a0<a href=\"https:\/\/www.suno.com.br\/guias\/taxa-selic\/\">taxa b\u00e1sica de juros da economia, a taxa Selic<\/a>. As expectativas do mercado se aproximam cada vez mais\u00a0 dos dois d\u00edgitos para o come\u00e7o do ano que vem.<\/p>\n<p>Segundo a \u00faltima decis\u00e3o do Banco Central (BC), a taxa \u00e9 de 6,25% ao ano, com possibilidade de terminar o ano em cerca de 8% &#8211; considerando progn\u00f3sticos de bancos, corretoras e casas de an\u00e1lise.<\/p>\n<p>Outro fator que impacta diretamente a <strong>ind\u00fastria de FIIs<\/strong> \u00e9 a expectativa por infla\u00e7\u00e3o, que vem crescendo. Alguns fundos conseguem repassar o aumento dos pre\u00e7os aos inquilinos e, consequentemente, os investidores sentem o pagamento maior. Mas <strong><a class=\"suno-keyword\" href=\"https:\/\/www.suno.com.br\/artigos\/fundos-de-tijolo\/\" target=\"_blank\" rel=\"noopener\" data-force=\"no\" data-priority=\"1\">fundos de tijolo<\/a><\/strong> n\u00e3o conseguem ser t\u00e3o \u00e1geis no processo.<\/p>\n<p>Veja os fundos imobili\u00e1rios que mais subiram em setembro:<\/p>\n<ul>\n<li>BB Progressivo (<strong><a class=\"suno-keyword\" href=\"https:\/\/www.suno.com.br\/fundos-imobiliarios\/BBPO11\/\" target=\"_blank\" rel=\"noopener\" data-force=\"yes\" data-priority=\"2\">BBPO11<\/a><\/strong>) -15,58%<\/li>\n<li>XP Corporate Maca\u00e9 (<strong><a class=\"suno-keyword\" href=\"https:\/\/www.suno.com.br\/fundos-imobiliarios\/XPCM11\/\" target=\"_blank\" rel=\"noopener\" data-force=\"yes\" data-priority=\"2\">XPCM11<\/a><\/strong>) -3,03%<\/li>\n<li>Santander Renda de Alugueis (<strong><a class=\"suno-keyword\" href=\"https:\/\/www.suno.com.br\/fundos-imobiliarios\/SARE11\/\" target=\"_blank\" rel=\"noopener\" data-force=\"yes\" data-priority=\"2\">SARE11<\/a><\/strong>) -13,55%<\/li>\n<li>Rec Renda Imobili\u00e1ria (<strong><a class=\"suno-keyword\" href=\"https:\/\/www.suno.com.br\/fundos-imobiliarios\/rect11\" target=\"_blank\" rel=\"noopener\" data-force=\"yes\" data-priority=\"2\">RECT11<\/a><\/strong>) -10,51%<\/li>\n<li>VBI Prime Properties (<strong><a class=\"suno-keyword\" href=\"https:\/\/www.suno.com.br\/fundos-imobiliarios\/PVBI11\/\" target=\"_blank\" rel=\"noopener\" data-force=\"yes\" data-priority=\"2\">PVBI11<\/a><\/strong>) -8,71%<\/li>\n<\/ul>\n\t<p>\n\t\t<a href=\"https:\/\/lp.suno.com.br\/planilha-da-vida-financeira\/\" target=\"_blank\" data-element=\"shortcode-suno-banner\" title=\"Banner SUNO, clique e saiba mais\">\n\t\t\t<picture>\n\t\t\t\t<source media=\"(max-width: 500px)\" srcset=\"https:\/\/files.sunoresearch.com.br\/n\/uploads\/2023\/04\/400x300-Planilha-vida-financeira-true.png\">\n\t\t\t\t<img class=\"newsContent__article__imgCapa newsContent__article__imgCapa--banner\"\n\t\t\t\t\tsrc=\"https:\/\/files.sunoresearch.com.br\/n\/uploads\/2023\/04\/1420x240-Planilha-vida-financeira-true.png\"\n\t\t\t\t\tdata-promo-id=\"106682\"\t\t\t\t\t\t\t\t\t\twidth='1420' height='240'\t\t\t\t\talt=\"https:\/\/files.sunoresearch.com.br\/n\/uploads\/2023\/04\/1420x240-Planilha-vida-financeira-true.png\"\n\t\t\t\t>\n\t\t\t<\/picture>\n\t\t<\/a>\n\t<\/p>\n\n\n<p>O\u00a0<strong>Suno Not\u00edcias<\/strong> elencou outros motivos que podem ter levado \u00e0s varia\u00e7\u00f5es de pre\u00e7os desses ativos. Vale ressaltar que esta mat\u00e9ria n\u00e3o configura uma recomenda\u00e7\u00e3o de investimento.<\/p>\n<h3>BBPO11 cai com renova\u00e7\u00e3o<\/h3>\n<p>O <strong>BB Progressivo<\/strong> contou com a renova\u00e7\u00e3o contratual de 58 dos 64 im\u00f3veis detidos pelo fundo, que tamb\u00e9m negociou um desconto no valor do aluguel e alterou o contrato de at\u00edpico para t\u00edpico.<\/p>\n<p>O BBPO11 tamb\u00e9m adicionou cl\u00e1usulas de multa por rescis\u00e3o e pagamento do desconto concedido em caso de sa\u00edda antecipada.<\/p>\n<p><iframe loading=\"lazy\" title=\"YouTube video player\" src=\"https:\/\/www.youtube.com\/embed\/PCh2Cst8bHQ\" width=\"727\" height=\"409\" frameborder=\"0\" allowfullscreen=\"allowfullscreen\"><\/iframe><\/p>\n<p>O fundo foi criado para adquirir ag\u00eancias e centros administrativos do <a class=\"suno-keyword\" href=\"https:\/\/www.suno.com.br\/acoes\/BBAS3\/\" target=\"_blank\" rel=\"noopener\" data-force=\"yes\" data-priority=\"2\">Banco do Brasil (BBAS3)<\/a>, para alug\u00e1-los ao pr\u00f3prio BB pelo prazo inicial de 10 anos.<\/p>\n<p>Segundo seu \u00faltimo relat\u00f3rio gerencial, a decis\u00e3o de renova\u00e7\u00e3o do BBPO11 se deu por causa de &#8220;uma estrat\u00e9gia adotada para, entre outras coisas, conseguir antecipar para o reposicionamento e nova loca\u00e7\u00e3o de im\u00f3veis com contratos n\u00e3o renovados&#8221;.<\/p>\n<p>A gest\u00e3o tamb\u00e9m cita a tarefa de &#8220;evitar discuss\u00f5es durante um ano de grande incerteza pol\u00edtica e aumentar a previsibilidade de rendimentos do fundo&#8221;.<\/p>\n<p>O BBPO11 pagar\u00e1 R$ 0,82 por cota no dia 15 de outubro.<\/p>\n<h3>XPCM11: sa\u00edda de im\u00f3vel da Petrobras (PETR4)<\/h3>\n<p>Apesar da recupera\u00e7\u00e3o no IFIX no fim do m\u00eas, o\u00a0<strong>XPCM11<\/strong>\u00a0ficou entre as maiores quedas do \u00edndice. O fundo contou com a sa\u00edda da <a class=\"suno-keyword\" href=\"https:\/\/www.suno.com.br\/acoes\/PETR4\/\" target=\"_blank\" rel=\"noopener\" data-force=\"yes\" data-priority=\"2\">Petrobras (PETR4)<\/a> do Edif\u00edcio Corporate Maca\u00e9, dando continuidade ao processo de rescis\u00e3o do contrato de loca\u00e7\u00e3o.<\/p>\n<p>Os valores de indeniza\u00e7\u00e3o e multa que dever\u00e3o ser pagos pela Petrobras poder\u00e3o ser utilizados pelo fundo para:<\/p>\n<ul>\n<li>Manuten\u00e7\u00e3o e conserva\u00e7\u00e3o do im\u00f3vel;<\/li>\n<li>Execu\u00e7\u00e3o de benfeitorias e concess\u00e3o de benef\u00edcios no \u00e2mbito das negocia\u00e7\u00f5es locat\u00edcias para ocupa\u00e7\u00e3o dos espa\u00e7os vagos;<\/li>\n<li>Distribui\u00e7\u00e3o de rendimentos para os investidores do resultado caixa<\/li>\n<\/ul>\n\t<p>\n\t\t<a href=\"https:\/\/lp.suno.com.br\/ebook-como-analisar-uma-acao\/\" target=\"_blank\" data-element=\"shortcode-suno-banner\" title=\"Banner SUNO, clique e saiba mais\">\n\t\t\t<picture>\n\t\t\t\t<source media=\"(max-width: 500px)\" srcset=\"https:\/\/files.sunoresearch.com.br\/n\/uploads\/2023\/03\/Ebook-Acoes-Mobile-1.jpg\">\n\t\t\t\t<img class=\"newsContent__article__imgCapa newsContent__article__imgCapa--banner\"\n\t\t\t\t\tsrc=\"https:\/\/files.sunoresearch.com.br\/n\/uploads\/2023\/03\/Ebook-Acoes-Desktop-1.jpg\"\n\t\t\t\t\tdata-promo-id=\"171998\"\t\t\t\t\t\t\t\t\t\twidth='1420' height='286'\t\t\t\t\talt=\"https:\/\/files.sunoresearch.com.br\/n\/uploads\/2023\/03\/Ebook-Acoes-Desktop-1.jpg\"\n\t\t\t\t>\n\t\t\t<\/picture>\n\t\t<\/a>\n\t<\/p>\n\n\n<p>Esses tr\u00eas itens somam um valor de R$ 29,7 milh\u00f5es em impacto para o fundo, segundo o relat\u00f3rio mais recente.<\/p>\n<p>Com patrim\u00f4nio l\u00edquido de R$ 171 milh\u00f5es, o XP Maca\u00e9 teve um <strong>dividend yield<\/strong> de 5,96% ainda em agosto, com a distribui\u00e7\u00e3o de R$ 0,21 por cota para os detentores das mesmas.<\/p>\n<p>O XPCM11 pagar\u00e1 R$ 0,21 por cota no dia 15 de outubro.<\/p>\n<h3><strong>SARE11: busca de im\u00f3veis log\u00edstic0s<\/strong><\/h3>\n<p>O <b>SARE11<\/b> segue uma derrocada ap\u00f3s um m\u00eas de agosto amargo e com quedas expressivas. Com patrim\u00f4nio l\u00edquido de R$ 962 milh\u00f5es, o fundo afirma que recebeu quatro visitas nos andares que ficar\u00e3o dispon\u00edveis no WT Morumbi e que segue na busca de novos inquilinos para o im\u00f3vel.<\/p>\n<p>&#8220;Ressaltamos novamente que a rescis\u00e3o parcial que mencionamos no \u00faltimo relat\u00f3rio n\u00e3o ter\u00e1 impacto financeiro no resultado do fundo at\u00e9 dezembro de 2022, pois o contrato prev\u00ea aviso pr\u00e9vio de 6 meses, multa por rescis\u00e3o antecipada e devolu\u00e7\u00e3o proporcional da car\u00eancia que foi concedida no in\u00edcio da loca\u00e7\u00e3o&#8221;, disse a gest\u00e3o, no seu \u00faltimo relat\u00f3rio gerencial, tamb\u00e9m do \u00faltimo dia de agosto.<\/p>\n<p>Segundo o documento, a equipe de gest\u00e3o segue focada na busca de im\u00f3veis log\u00edsticos bem localizados, pr\u00f3ximos a grandes centros urbanos.<\/p>\n<p>O SARE11 pagar\u00e1 R$ 0,60 por cota no dia 15 de outubro.<\/p>\n<h3><strong>RECT11: novas loca\u00e7\u00f5es<\/strong><\/h3>\n<p>O <strong>RECT11<\/strong> contou com novas loca\u00e7\u00f5es, do Cidade Matarazzo e de escrit\u00f3rios da Torre Sul no Canopus Corporate Alphaville, mas fechou o m\u00eas em queda. No primeiro caso,\u00a0 a vig\u00eancia da loca\u00e7\u00e3o ter\u00e1 in\u00edcio ap\u00f3s a quita\u00e7\u00e3o do pre\u00e7o dos im\u00f3veis, que, conforme <a class=\"suno-keyword\" href=\"https:\/\/www.suno.com.br\/artigos\/fato-relevante\/\" target=\"_blank\" rel=\"noopener\" data-force=\"no\" data-priority=\"1\">fato relevante<\/a> publicado em julho, dever\u00e1 ocorrer em at\u00e9 30 dias da efetiva averba\u00e7\u00e3o do Habite-se na matr\u00edcula dos im\u00f3veis.<\/p>\n\t<div data-element=\"shortcode-read-more\" class=\"knowMore\">\n\t\t\t\t<span class=\"knowMore__title\">Leia tamb\u00e9m<\/span>\n\t\t\t\t<a class=\"knowMore__link\" href=\"https:\/\/www.suno.com.br\/noticias\/fii-fundo-imobiliario-mxrf11-reciclagem-portfolio\/\">\n\t\t\tMXRF11: fundo imobili\u00e1rio avan\u00e7a na reciclagem do portf\u00f3lio em abril\t\t<\/a>\n\t<\/div>\n\n\n<p>No seu \u00faltimo relat\u00f3rio gerencial, o FII frisou a aloca\u00e7\u00e3o dos CRIs e que ainda segue na procura de locat\u00e1rios para alguns dos im\u00f3veis vagos sob gest\u00e3o.<\/p>\n<p>&#8220;Ao longo do m\u00eas de agosto o caixa do fundo ficou alocado em CRIs. No final do m\u00eas, realizamos a venda de CRIs com o intuito de auferir resultado caixa para o Fundo. Essa opera\u00e7\u00e3o de venda de CRIs explica a parcela relevante de caixa aplicada em fundo de liquidez (DI) na virada do m\u00eas&#8221;, diz o documento.<\/p>\n<h3><strong>PVBI11 encerra lista dos fundos imobili\u00e1rios<\/strong><\/h3>\n<p>O fundo em quest\u00e3o soma dois ter\u00e7os do seu PL de R$ 971 milh\u00f5es em im\u00f3veis e conclui suas obras na Faria Lima recentemente, mas, ainda assim, fechou setembro no vermelho.<\/p>\n<p>&#8220;Ao longo do m\u00eas foi dada continuidade \u00e0s obras de retrofit dos elevadores de servi\u00e7o e desenvolvimento do projeto de retrofit dos biciclet\u00e1rios e vesti\u00e1rios. Como pr\u00f3ximo passo, teremos o upgrade do sistema de acesso. Esses investimentos visam a moderniza\u00e7\u00e3o do empreendimento, mantendo seu valor e qualidade, como um dos melhores edif\u00edcios <a class=\"suno-keyword\" href=\"https:\/\/www.suno.com.br\/artigos\/triple-a\/\" target=\"_blank\" rel=\"noopener\" data-force=\"no\" data-priority=\"1\">Triple A<\/a> da Faria Lima&#8221;, frisa a gest\u00e3o no \u00faltimo relat\u00f3rio gerencial.<\/p>\n<p>O fundo <strong>VBI Prime Properties<\/strong> tem edif\u00edcio locado \u00e0 Prevent Senior, investigada na CPI da Covid por manipula\u00e7\u00e3o de dados. A companhia em quest\u00e3o aluga 100% de um dos quatro edif\u00edcios que comp\u00f5em o portf\u00f3lio do fundo atualmente.<\/p>\n\t<p>\n\t\t<a href=\"https:\/\/lp.suno.com.br\/planilha-de-controle-de-investimentos\/\" target=\"_blank\" data-element=\"shortcode-suno-banner\" title=\"Banner SUNO, clique e saiba mais\">\n\t\t\t<picture>\n\t\t\t\t<source media=\"(max-width: 500px)\" srcset=\"https:\/\/files.sunoresearch.com.br\/n\/uploads\/2023\/03\/400x300-Controle-de-Investimentos.png\">\n\t\t\t\t<img class=\"newsContent__article__imgCapa newsContent__article__imgCapa--banner\"\n\t\t\t\t\tsrc=\"https:\/\/files.sunoresearch.com.br\/n\/uploads\/2023\/03\/1420x240-Controle-de-Investimentos.png\"\n\t\t\t\t\tdata-promo-id=\"75934\"\t\t\t\t\t\t\t\t\t\twidth='1420' height='240'\t\t\t\t\talt=\"https:\/\/files.sunoresearch.com.br\/n\/uploads\/2023\/03\/1420x240-Controle-de-Investimentos.png\"\n\t\t\t\t>\n\t\t\t<\/picture>\n\t\t<\/a>\n\t<\/p>\n\n\n<p>\u201cToda a vez que temos qualquer ru\u00eddo sobre inquilino, im\u00f3vel, setor ou regula\u00e7\u00e3o, sentimos um aumento desta procura por informa\u00e7\u00e3o. De certa forma, um aumento da tens\u00e3o\u201d, afirmou recentemente Rodrigo Abbud, gestor do VBI Prime Properties, sobre o caso e a queda das cotas, em entrevista ao InfoMoney.<\/p>\n<p>Na mesma ocasi\u00e3o, disse: \u201cEstamos confort\u00e1veis? N\u00e3o. Estamos acompanhando o dia a dia e fazendo nosso papel de gestores\u201d.<\/p>\n<p>O PVBI11 pagar\u00e1 R$ 0,56 por cota no dia 7 de outubro, e se destaca como a quinta maior baixa dentre os <strong>fundos imobili\u00e1rios<\/strong> em setembro.<\/p>\n\t<p>\n\t\t<a href=\"\" target=\"_blank\" data-element=\"shortcode-suno-banner\" title=\"Banner SUNO, clique e saiba mais\">\n\t\t\t<picture>\n\t\t\t\t<source media=\"(max-width: 500px)\" srcset=\"\">\n\t\t\t\t<img class=\"newsContent__article__imgCapa newsContent__article__imgCapa--banner\"\n\t\t\t\t\tsrc=\"\"\n\t\t\t\t\tdata-promo-id=\"184190\"\t\t\t\t\t\t\t\t\t\t\t\t\t\t\talt=\"\"\n\t\t\t\t>\n\t\t\t<\/picture>\n\t\t<\/a>\n\t<\/p>\n\n\n","protected":false},"excerpt":{"rendered":"<p>Foi um m\u00eas amargo para a maioria dos \u00edndices no Brasil. Em setembro, alguns fundos imobili\u00e1rios tiveram perdas acima de 15%. O IFIX, principal \u00edndice de FIIs da Bolsa brasileira, encerrou o per\u00edodo com uma baixa de 1,24%, puxado pelo BBPO11. Fundos Imobili\u00e1rios. Foto: Pixabay Os\u00a0fundos imobili\u00e1rios que ca\u00edram em setembro sofreram\u00a0o impacto negativo da [&hellip;]<\/p>\n","protected":false},"author":73,"featured_media":189537,"comment_status":"closed","ping_status":"closed","sticky":false,"template":"","format":"standard","meta":[],"categories":[60],"tags":[105686,105815,315,106199,105962,106759,105868],"suno_strategy":[],"class_list":["post-189907","post","type-post","status-publish","format-standard","has-post-thumbnail","hentry","category-mercado","tag-bbpo11","tag-especial","tag-fundos-imobiliarios-fiis","tag-pvbi11","tag-rect11","tag-sare11","tag-xpcm11"],"yoast_head":"<!-- This site is optimized with the Yoast SEO plugin v24.4 - https:\/\/yoast.com\/wordpress\/plugins\/seo\/ -->\n<title>Confira os 5 Fundos Imobili\u00e1rios que mais ca\u00edram em setembro<\/title>\n<meta name=\"description\" content=\"O BBPO11 lidera a lista dos fundos imobili\u00e1rios que mais ca\u00edram no m\u00eas, com uma desvaloriza\u00e7\u00e3o de mais de 15%. Clique aqui e leia mais.\" \/>\n<meta name=\"robots\" content=\"index, follow, max-snippet:-1, max-image-preview:large, max-video-preview:-1\" \/>\n<link rel=\"canonical\" href=\"https:\/\/www.suno.com.br\/noticias\/fiis-que-mais-cairam-setembro-bbpo11-fundos-imobiliarios\/\" \/>\n<meta property=\"og:locale\" content=\"pt_BR\" \/>\n<meta property=\"og:type\" content=\"article\" \/>\n<meta property=\"og:title\" content=\"Confira os 5 Fundos Imobili\u00e1rios que mais ca\u00edram em setembro\" \/>\n<meta property=\"og:description\" content=\"O BBPO11 lidera a lista dos fundos imobili\u00e1rios que mais ca\u00edram no m\u00eas, com uma desvaloriza\u00e7\u00e3o de mais de 15%. Clique aqui e leia mais.\" \/>\n<meta property=\"og:url\" content=\"https:\/\/www.suno.com.br\/noticias\/fiis-que-mais-cairam-setembro-bbpo11-fundos-imobiliarios\/\" \/>\n<meta property=\"og:site_name\" content=\"Suno Not\u00edcias\" \/>\n<meta property=\"article:publisher\" content=\"https:\/\/facebook.com\/sunoresearch\" \/>\n<meta property=\"og:image\" content=\"https:\/\/files.sunoresearch.com.br\/n\/uploads\/2021\/09\/architecture-g5051196a2_1920.jpg\" \/>\n\t<meta property=\"og:image:width\" content=\"1920\" \/>\n\t<meta property=\"og:image:height\" content=\"1281\" \/>\n\t<meta property=\"og:image:type\" content=\"image\/jpeg\" \/>\n<meta name=\"author\" content=\"Eduardo Vargas\" \/>\n<meta name=\"twitter:card\" content=\"summary_large_image\" \/>\n<meta name=\"twitter:creator\" content=\"@sunoresearch\" \/>\n<meta name=\"twitter:site\" content=\"@sunoresearch\" \/>\n<meta name=\"twitter:label1\" content=\"Escrito por\" \/>\n\t<meta name=\"twitter:data1\" content=\"Eduardo Vargas\" \/>\n\t<meta name=\"twitter:label2\" content=\"Est. tempo de leitura\" \/>\n\t<meta name=\"twitter:data2\" content=\"5 minutos\" \/>\n<script type=\"application\/ld+json\" class=\"yoast-schema-graph\">{\"@context\":\"https:\/\/schema.org\",\"@graph\":[{\"@type\":\"NewsArticle\",\"@id\":\"https:\/\/www.suno.com.br\/noticias\/fiis-que-mais-cairam-setembro-bbpo11-fundos-imobiliarios\/#article\",\"isPartOf\":{\"@id\":\"https:\/\/www.suno.com.br\/noticias\/fiis-que-mais-cairam-setembro-bbpo11-fundos-imobiliarios\/\"},\"author\":{\"name\":\"Eduardo Vargas\",\"@id\":\"https:\/\/www.suno.com.br\/noticias\/#\/schema\/person\/7f4d362bf3518e76090143ae77bb49a5\"},\"headline\":\"Confira os 5 fundos imobili\u00e1rios que mais ca\u00edram no m\u00eas; BBPO11 despenca 15%\",\"datePublished\":\"2021-10-01T21:47:59+00:00\",\"mainEntityOfPage\":{\"@id\":\"https:\/\/www.suno.com.br\/noticias\/fiis-que-mais-cairam-setembro-bbpo11-fundos-imobiliarios\/\"},\"wordCount\":1241,\"publisher\":{\"@id\":\"https:\/\/www.suno.com.br\/noticias\/#organization\"},\"image\":{\"@id\":\"https:\/\/www.suno.com.br\/noticias\/fiis-que-mais-cairam-setembro-bbpo11-fundos-imobiliarios\/#primaryimage\"},\"thumbnailUrl\":\"https:\/\/files.sunoresearch.com.br\/n\/uploads\/2021\/09\/architecture-g5051196a2_1920.jpg\",\"keywords\":[\"BBPO11\",\"Especiais\",\"Fundos Imobili\u00e1rios (FIIs)\",\"PVBI11\",\"RECT11\",\"SARE11\",\"XPCM11\"],\"articleSection\":[\"Mercado\"],\"inLanguage\":\"pt-BR\"},{\"@type\":\"WebPage\",\"@id\":\"https:\/\/www.suno.com.br\/noticias\/fiis-que-mais-cairam-setembro-bbpo11-fundos-imobiliarios\/\",\"url\":\"https:\/\/www.suno.com.br\/noticias\/fiis-que-mais-cairam-setembro-bbpo11-fundos-imobiliarios\/\",\"name\":\"Confira os 5 Fundos Imobili\u00e1rios que mais ca\u00edram em setembro\",\"isPartOf\":{\"@id\":\"https:\/\/www.suno.com.br\/noticias\/#website\"},\"primaryImageOfPage\":{\"@id\":\"https:\/\/www.suno.com.br\/noticias\/fiis-que-mais-cairam-setembro-bbpo11-fundos-imobiliarios\/#primaryimage\"},\"image\":{\"@id\":\"https:\/\/www.suno.com.br\/noticias\/fiis-que-mais-cairam-setembro-bbpo11-fundos-imobiliarios\/#primaryimage\"},\"thumbnailUrl\":\"https:\/\/files.sunoresearch.com.br\/n\/uploads\/2021\/09\/architecture-g5051196a2_1920.jpg\",\"datePublished\":\"2021-10-01T21:47:59+00:00\",\"description\":\"O BBPO11 lidera a lista dos fundos imobili\u00e1rios que mais ca\u00edram no m\u00eas, com uma desvaloriza\u00e7\u00e3o de mais de 15%. Clique aqui e leia mais.\",\"breadcrumb\":{\"@id\":\"https:\/\/www.suno.com.br\/noticias\/fiis-que-mais-cairam-setembro-bbpo11-fundos-imobiliarios\/#breadcrumb\"},\"inLanguage\":\"pt-BR\",\"potentialAction\":[{\"@type\":\"ReadAction\",\"target\":[\"https:\/\/www.suno.com.br\/noticias\/fiis-que-mais-cairam-setembro-bbpo11-fundos-imobiliarios\/\"]}]},{\"@type\":\"ImageObject\",\"inLanguage\":\"pt-BR\",\"@id\":\"https:\/\/www.suno.com.br\/noticias\/fiis-que-mais-cairam-setembro-bbpo11-fundos-imobiliarios\/#primaryimage\",\"url\":\"https:\/\/files.sunoresearch.com.br\/n\/uploads\/2021\/09\/architecture-g5051196a2_1920.jpg\",\"contentUrl\":\"https:\/\/files.sunoresearch.com.br\/n\/uploads\/2021\/09\/architecture-g5051196a2_1920.jpg\",\"width\":1920,\"height\":1281,\"caption\":\"Fundos Imobili\u00e1rios. Foto: Pixabay\"},{\"@type\":\"BreadcrumbList\",\"@id\":\"https:\/\/www.suno.com.br\/noticias\/fiis-que-mais-cairam-setembro-bbpo11-fundos-imobiliarios\/#breadcrumb\",\"itemListElement\":[{\"@type\":\"ListItem\",\"position\":1,\"name\":\"Not\u00edcias\",\"item\":\"https:\/\/www.suno.com.br\/noticias\/\"},{\"@type\":\"ListItem\",\"position\":2,\"name\":\"Mercado\",\"item\":\"https:\/\/www.suno.com.br\/noticias\/mercado\/\"},{\"@type\":\"ListItem\",\"position\":3,\"name\":\"Confira os 5 fundos imobili\u00e1rios que mais ca\u00edram no m\u00eas; BBPO11 despenca 15%\"}]},{\"@type\":\"WebSite\",\"@id\":\"https:\/\/www.suno.com.br\/noticias\/#website\",\"url\":\"https:\/\/www.suno.com.br\/noticias\/\",\"name\":\"Suno Not\u00edcias\",\"description\":\"Seu portal de informa\u00e7\u00e3o sobre o mundo dos investimentos\",\"publisher\":{\"@id\":\"https:\/\/www.suno.com.br\/noticias\/#organization\"},\"potentialAction\":[{\"@type\":\"SearchAction\",\"target\":{\"@type\":\"EntryPoint\",\"urlTemplate\":\"https:\/\/www.suno.com.br\/noticias\/?s={search_term_string}\"},\"query-input\":{\"@type\":\"PropertyValueSpecification\",\"valueRequired\":true,\"valueName\":\"search_term_string\"}}],\"inLanguage\":\"pt-BR\"},{\"@type\":\"Organization\",\"@id\":\"https:\/\/www.suno.com.br\/noticias\/#organization\",\"name\":\"Suno Not\u00edcias\",\"url\":\"https:\/\/www.suno.com.br\/noticias\/\",\"logo\":{\"@type\":\"ImageObject\",\"inLanguage\":\"pt-BR\",\"@id\":\"https:\/\/www.suno.com.br\/noticias\/#\/schema\/logo\/image\/\",\"url\":\"https:\/\/files.sunoresearch.com.br\/n\/uploads\/2021\/09\/suno-logo.png\",\"contentUrl\":\"https:\/\/files.sunoresearch.com.br\/n\/uploads\/2021\/09\/suno-logo.png\",\"width\":180,\"height\":180,\"caption\":\"Suno Not\u00edcias\"},\"image\":{\"@id\":\"https:\/\/www.suno.com.br\/noticias\/#\/schema\/logo\/image\/\"},\"sameAs\":[\"https:\/\/facebook.com\/sunoresearch\",\"https:\/\/x.com\/sunoresearch\",\"https:\/\/www.instagram.com\/suno\",\"https:\/\/www.linkedin.com\/company\/suno-research\/\",\"https:\/\/www.youtube.com\/c\/sunoresearch\"]},{\"@type\":\"Person\",\"@id\":\"https:\/\/www.suno.com.br\/noticias\/#\/schema\/person\/7f4d362bf3518e76090143ae77bb49a5\",\"name\":\"Eduardo Vargas\",\"image\":{\"@type\":\"ImageObject\",\"inLanguage\":\"pt-BR\",\"@id\":\"https:\/\/www.suno.com.br\/noticias\/#\/schema\/person\/image\/\",\"url\":\"https:\/\/secure.gravatar.com\/avatar\/dac340933427a22924c9f99d1eb2e3f2?s=96&r=g\",\"contentUrl\":\"https:\/\/secure.gravatar.com\/avatar\/dac340933427a22924c9f99d1eb2e3f2?s=96&r=g\",\"caption\":\"Eduardo Vargas\"},\"description\":\"Jornalista formado pela UFSC, cobre macroeconomia, neg\u00f3cios e startups para o Suno Not\u00edcias, escrevendo principalmente not\u00edcias sobre o mercado financeiro e a bolsa de valores. No YouTube e no Instagram, \u00e9 respons\u00e1vel pela produ\u00e7\u00e3o de Reels e Shorts do Suno Not\u00edcias. Anteriormente, trabalhou cobrindo economia e cotidiano no ND+ e para o ND, maior jornal impresso de Santa Catarina. Cursou um semestre letivo de Estudos de M\u00eddia na Universidad de Buenos Aires.\",\"url\":\"https:\/\/www.suno.com.br\/noticias\/author\/eduardo-vargas\/\"}]}<\/script>\n<!-- \/ Yoast SEO plugin. -->","yoast_head_json":{"title":"Confira os 5 Fundos Imobili\u00e1rios que mais ca\u00edram em setembro","description":"O BBPO11 lidera a lista dos fundos imobili\u00e1rios que mais ca\u00edram no m\u00eas, com uma desvaloriza\u00e7\u00e3o de mais de 15%. Clique aqui e leia mais.","robots":{"index":"index","follow":"follow","max-snippet":"max-snippet:-1","max-image-preview":"max-image-preview:large","max-video-preview":"max-video-preview:-1"},"canonical":"https:\/\/www.suno.com.br\/noticias\/fiis-que-mais-cairam-setembro-bbpo11-fundos-imobiliarios\/","og_locale":"pt_BR","og_type":"article","og_title":"Confira os 5 Fundos Imobili\u00e1rios que mais ca\u00edram em setembro","og_description":"O BBPO11 lidera a lista dos fundos imobili\u00e1rios que mais ca\u00edram no m\u00eas, com uma desvaloriza\u00e7\u00e3o de mais de 15%. Clique aqui e leia mais.","og_url":"https:\/\/www.suno.com.br\/noticias\/fiis-que-mais-cairam-setembro-bbpo11-fundos-imobiliarios\/","og_site_name":"Suno Not\u00edcias","article_publisher":"https:\/\/facebook.com\/sunoresearch","og_image":[{"width":1920,"height":1281,"url":"https:\/\/files.sunoresearch.com.br\/n\/uploads\/2021\/09\/architecture-g5051196a2_1920.jpg","type":"image\/jpeg"}],"author":"Eduardo Vargas","twitter_card":"summary_large_image","twitter_creator":"@sunoresearch","twitter_site":"@sunoresearch","twitter_misc":{"Escrito por":"Eduardo Vargas","Est. tempo de leitura":"5 minutos"},"schema":{"@context":"https:\/\/schema.org","@graph":[{"@type":"NewsArticle","@id":"https:\/\/www.suno.com.br\/noticias\/fiis-que-mais-cairam-setembro-bbpo11-fundos-imobiliarios\/#article","isPartOf":{"@id":"https:\/\/www.suno.com.br\/noticias\/fiis-que-mais-cairam-setembro-bbpo11-fundos-imobiliarios\/"},"author":{"name":"Eduardo Vargas","@id":"https:\/\/www.suno.com.br\/noticias\/#\/schema\/person\/7f4d362bf3518e76090143ae77bb49a5"},"headline":"Confira os 5 fundos imobili\u00e1rios que mais ca\u00edram no m\u00eas; BBPO11 despenca 15%","datePublished":"2021-10-01T21:47:59+00:00","mainEntityOfPage":{"@id":"https:\/\/www.suno.com.br\/noticias\/fiis-que-mais-cairam-setembro-bbpo11-fundos-imobiliarios\/"},"wordCount":1241,"publisher":{"@id":"https:\/\/www.suno.com.br\/noticias\/#organization"},"image":{"@id":"https:\/\/www.suno.com.br\/noticias\/fiis-que-mais-cairam-setembro-bbpo11-fundos-imobiliarios\/#primaryimage"},"thumbnailUrl":"https:\/\/files.sunoresearch.com.br\/n\/uploads\/2021\/09\/architecture-g5051196a2_1920.jpg","keywords":["BBPO11","Especiais","Fundos Imobili\u00e1rios (FIIs)","PVBI11","RECT11","SARE11","XPCM11"],"articleSection":["Mercado"],"inLanguage":"pt-BR"},{"@type":"WebPage","@id":"https:\/\/www.suno.com.br\/noticias\/fiis-que-mais-cairam-setembro-bbpo11-fundos-imobiliarios\/","url":"https:\/\/www.suno.com.br\/noticias\/fiis-que-mais-cairam-setembro-bbpo11-fundos-imobiliarios\/","name":"Confira os 5 Fundos Imobili\u00e1rios que mais ca\u00edram em setembro","isPartOf":{"@id":"https:\/\/www.suno.com.br\/noticias\/#website"},"primaryImageOfPage":{"@id":"https:\/\/www.suno.com.br\/noticias\/fiis-que-mais-cairam-setembro-bbpo11-fundos-imobiliarios\/#primaryimage"},"image":{"@id":"https:\/\/www.suno.com.br\/noticias\/fiis-que-mais-cairam-setembro-bbpo11-fundos-imobiliarios\/#primaryimage"},"thumbnailUrl":"https:\/\/files.sunoresearch.com.br\/n\/uploads\/2021\/09\/architecture-g5051196a2_1920.jpg","datePublished":"2021-10-01T21:47:59+00:00","description":"O BBPO11 lidera a lista dos fundos imobili\u00e1rios que mais ca\u00edram no m\u00eas, com uma desvaloriza\u00e7\u00e3o de mais de 15%. Clique aqui e leia mais.","breadcrumb":{"@id":"https:\/\/www.suno.com.br\/noticias\/fiis-que-mais-cairam-setembro-bbpo11-fundos-imobiliarios\/#breadcrumb"},"inLanguage":"pt-BR","potentialAction":[{"@type":"ReadAction","target":["https:\/\/www.suno.com.br\/noticias\/fiis-que-mais-cairam-setembro-bbpo11-fundos-imobiliarios\/"]}]},{"@type":"ImageObject","inLanguage":"pt-BR","@id":"https:\/\/www.suno.com.br\/noticias\/fiis-que-mais-cairam-setembro-bbpo11-fundos-imobiliarios\/#primaryimage","url":"https:\/\/files.sunoresearch.com.br\/n\/uploads\/2021\/09\/architecture-g5051196a2_1920.jpg","contentUrl":"https:\/\/files.sunoresearch.com.br\/n\/uploads\/2021\/09\/architecture-g5051196a2_1920.jpg","width":1920,"height":1281,"caption":"Fundos Imobili\u00e1rios. Foto: Pixabay"},{"@type":"BreadcrumbList","@id":"https:\/\/www.suno.com.br\/noticias\/fiis-que-mais-cairam-setembro-bbpo11-fundos-imobiliarios\/#breadcrumb","itemListElement":[{"@type":"ListItem","position":1,"name":"Not\u00edcias","item":"https:\/\/www.suno.com.br\/noticias\/"},{"@type":"ListItem","position":2,"name":"Mercado","item":"https:\/\/www.suno.com.br\/noticias\/mercado\/"},{"@type":"ListItem","position":3,"name":"Confira os 5 fundos imobili\u00e1rios que mais ca\u00edram no m\u00eas; BBPO11 despenca 15%"}]},{"@type":"WebSite","@id":"https:\/\/www.suno.com.br\/noticias\/#website","url":"https:\/\/www.suno.com.br\/noticias\/","name":"Suno Not\u00edcias","description":"Seu portal de informa\u00e7\u00e3o sobre o mundo dos investimentos","publisher":{"@id":"https:\/\/www.suno.com.br\/noticias\/#organization"},"potentialAction":[{"@type":"SearchAction","target":{"@type":"EntryPoint","urlTemplate":"https:\/\/www.suno.com.br\/noticias\/?s={search_term_string}"},"query-input":{"@type":"PropertyValueSpecification","valueRequired":true,"valueName":"search_term_string"}}],"inLanguage":"pt-BR"},{"@type":"Organization","@id":"https:\/\/www.suno.com.br\/noticias\/#organization","name":"Suno Not\u00edcias","url":"https:\/\/www.suno.com.br\/noticias\/","logo":{"@type":"ImageObject","inLanguage":"pt-BR","@id":"https:\/\/www.suno.com.br\/noticias\/#\/schema\/logo\/image\/","url":"https:\/\/files.sunoresearch.com.br\/n\/uploads\/2021\/09\/suno-logo.png","contentUrl":"https:\/\/files.sunoresearch.com.br\/n\/uploads\/2021\/09\/suno-logo.png","width":180,"height":180,"caption":"Suno Not\u00edcias"},"image":{"@id":"https:\/\/www.suno.com.br\/noticias\/#\/schema\/logo\/image\/"},"sameAs":["https:\/\/facebook.com\/sunoresearch","https:\/\/x.com\/sunoresearch","https:\/\/www.instagram.com\/suno","https:\/\/www.linkedin.com\/company\/suno-research\/","https:\/\/www.youtube.com\/c\/sunoresearch"]},{"@type":"Person","@id":"https:\/\/www.suno.com.br\/noticias\/#\/schema\/person\/7f4d362bf3518e76090143ae77bb49a5","name":"Eduardo Vargas","image":{"@type":"ImageObject","inLanguage":"pt-BR","@id":"https:\/\/www.suno.com.br\/noticias\/#\/schema\/person\/image\/","url":"https:\/\/secure.gravatar.com\/avatar\/dac340933427a22924c9f99d1eb2e3f2?s=96&r=g","contentUrl":"https:\/\/secure.gravatar.com\/avatar\/dac340933427a22924c9f99d1eb2e3f2?s=96&r=g","caption":"Eduardo Vargas"},"description":"Jornalista formado pela UFSC, cobre macroeconomia, neg\u00f3cios e startups para o Suno Not\u00edcias, escrevendo principalmente not\u00edcias sobre o mercado financeiro e a bolsa de valores. No YouTube e no Instagram, \u00e9 respons\u00e1vel pela produ\u00e7\u00e3o de Reels e Shorts do Suno Not\u00edcias. Anteriormente, trabalhou cobrindo economia e cotidiano no ND+ e para o ND, maior jornal impresso de Santa Catarina. Cursou um semestre letivo de Estudos de M\u00eddia na Universidad de Buenos Aires.","url":"https:\/\/www.suno.com.br\/noticias\/author\/eduardo-vargas\/"}]}},"default_loop_html":"<div class=\"cardsPage__listCard__boxs\"><div class=\"cardsPage__listCard__boxs__img\"><a href=\"https:\/\/www.suno.com.br\/noticias\/fiis-que-mais-cairam-setembro-bbpo11-fundos-imobiliarios\/\"><img class=\"mask\" src=\"https:\/\/www.suno.com.br\/noticias\/wp-content\/themes\/suno\/resources\/images\/spotlight\/spotlight1img\/bg-mask.png\" alt=\"Image Mask\"\/><img src=\"https:\/\/files.sunoresearch.com.br\/n\/uploads\/2021\/09\/architecture-g5051196a2_1920-400x200.jpg\" alt=\"Confira os 5 fundos imobili\u00e1rios que mais ca\u00edram no m\u00eas; BBPO11 despenca 15%\"\/><\/a><span class=\"spotlightCategory\"><a href=\"https:\/\/www.suno.com.br\/noticias\/mercado\/\">Mercado<\/a><\/span><\/div><div class=\"cardsPage__listCard__boxs__content\"><a href=\"https:\/\/www.suno.com.br\/noticias\/fiis-que-mais-cairam-setembro-bbpo11-fundos-imobiliarios\/\"><h2 class=\"content__title\">Confira os 5 fundos imobili\u00e1rios que mais ca\u00edram no m\u00eas; BBPO11 despenca 15%<\/h2><\/a><div class=\"newsContent__article__meta\"><div class=\"newsContent__article__meta__authorBox\"><a href=\"https:\/\/www.suno.com.br\/noticias\/author\/eduardo-vargas\/\" class=\"authorBox__avatar noMobi\"><img src=\"https:\/\/secure.gravatar.com\/avatar\/dac340933427a22924c9f99d1eb2e3f2?s=96&#038;r=g\" alt=\"Eduardo Vargas\"><\/a><div class=\"authorBox__name\"><span>por\n\t\t\t<a href=\"https:\/\/www.suno.com.br\/noticias\/author\/eduardo-vargas\/\"><span itemprop=\"author\">Eduardo Vargas<\/span><\/a><\/span><time datetime=\"2021-10-01T18:47:59-03:00\" itemprop=\"datePublished\">01\/10\/2021 18:47<\/time><\/div><\/div><\/div><\/div><\/div>","single_layout":"posts","amp_enabled":true,"_links":{"self":[{"href":"https:\/\/www.suno.com.br\/noticias\/wp-json\/wp\/v2\/posts\/189907"}],"collection":[{"href":"https:\/\/www.suno.com.br\/noticias\/wp-json\/wp\/v2\/posts"}],"about":[{"href":"https:\/\/www.suno.com.br\/noticias\/wp-json\/wp\/v2\/types\/post"}],"author":[{"embeddable":true,"href":"https:\/\/www.suno.com.br\/noticias\/wp-json\/wp\/v2\/users\/73"}],"replies":[{"embeddable":true,"href":"https:\/\/www.suno.com.br\/noticias\/wp-json\/wp\/v2\/comments?post=189907"}],"version-history":[{"count":4,"href":"https:\/\/www.suno.com.br\/noticias\/wp-json\/wp\/v2\/posts\/189907\/revisions"}],"predecessor-version":[{"id":190104,"href":"https:\/\/www.suno.com.br\/noticias\/wp-json\/wp\/v2\/posts\/189907\/revisions\/190104"}],"wp:featuredmedia":[{"embeddable":true,"href":"https:\/\/www.suno.com.br\/noticias\/wp-json\/wp\/v2\/media\/189537"}],"wp:attachment":[{"href":"https:\/\/www.suno.com.br\/noticias\/wp-json\/wp\/v2\/media?parent=189907"}],"wp:term":[{"taxonomy":"category","embeddable":true,"href":"https:\/\/www.suno.com.br\/noticias\/wp-json\/wp\/v2\/categories?post=189907"},{"taxonomy":"post_tag","embeddable":true,"href":"https:\/\/www.suno.com.br\/noticias\/wp-json\/wp\/v2\/tags?post=189907"},{"taxonomy":"suno_strategy","embeddable":true,"href":"https:\/\/www.suno.com.br\/noticias\/wp-json\/wp\/v2\/suno_strategy?post=189907"}],"curies":[{"name":"wp","href":"https:\/\/api.w.org\/{rel}","templated":true}]}}