{"id":18986,"date":"2019-03-25T17:14:01","date_gmt":"2019-03-25T20:14:01","guid":{"rendered":"https:\/\/www.suno.com.br\/noticias\/?p=18986"},"modified":"2019-04-16T18:26:50","modified_gmt":"2019-04-16T21:26:50","slug":"insatisfacao-nova-greve-dos-caminhoneiros","status":"publish","type":"post","link":"https:\/\/www.suno.com.br\/noticias\/insatisfacao-nova-greve-dos-caminhoneiros\/","title":{"rendered":"Insatisfa\u00e7\u00e3o pode levar a nova greve dos caminhoneiros, diz associa\u00e7\u00e3o"},"content":{"rendered":"<p>O n\u00edvel de insatisfa\u00e7\u00e3o dos caminhoneiros est\u00e1 muito grande. Pelo menos \u00e9 o que afirma a Associa\u00e7\u00e3o Brasileira dos Caminhoneiros (Abcam), uma das principais entidades do setor. Segundo ela, os \u00e2nimos podem gerar uma nova greve dos caminhoneiros, dando eco aos rumores surgidos no \u00faltimo fim de semana a respeito de uma paralisa\u00e7\u00e3o no fim deste m\u00eas.<\/p>\t<div class=\"wrapper-featured-image\">\n\t\t<figure class=\"spotlightImg\">\n\n\t\t\t<picture>\n\t\t\t\t<source media=\"(max-width: 768px)\" srcset=\"https:\/\/files.sunoresearch.com.br\/n\/uploads\/2018\/10\/1f634a02-greve-dos-caminhoneiros-400x200.webp\">\n\t\t\t\t<img loading=\"lazy\" decoding=\"async\" class=\"newsContent__article__imgCapa lazyloadDisabled newsContent__article__imgCapa--noCaption\" src=\"https:\/\/files.sunoresearch.com.br\/n\/uploads\/2018\/10\/1f634a02-greve-dos-caminhoneiros-800x450.webp\" width=\"800\" height=\"450\" alt=\"Insatisfa\u00e7\u00e3o pode levar a nova greve dos caminhoneiros, diz associa\u00e7\u00e3o\" fetchpriority=high \/>\n\t\t\t<\/picture>\n\n\t\t\t<figcaption class=\"wp-caption-text wp-caption-text--hide\">Greve dos caminhoneiros: movimento pode ter in\u00edcio nesta semana<\/figcaption>\n\t\t<\/figure>\n\t<\/div>\n\n\n<p>&#8220;S\u00e3o in\u00fameros telefonemas e mensagens de <strong>insatisfa\u00e7\u00e3o<\/strong> com o atual piso m\u00ednimo de frete, bem como a falta de fiscaliza\u00e7\u00e3o para o seu cumprimento&#8221;, informou a <strong>Abcam,<\/strong> que afirma representar mais de 600 mil <strong>caminhoneiros aut\u00f4nomos<\/strong> em todo o Pa\u00eds. &#8220;A entidade vem percebendo uma <strong>insatisfa\u00e7\u00e3o<\/strong> muito grande da <strong>categoria,<\/strong> o que pode refletir em uma poss\u00edvel <strong>nova paralisa\u00e7\u00e3o&#8221;.<\/strong><\/p>\n<p><a href=\"https:\/\/www.suno.com.br\/noticias\/nova-greve-dos-caminhoneiros-poderia-ocorrer-marco\/\">Saiba mais: Nova greve dos caminhoneiros pode ocorrer no dia 30 de mar\u00e7o<\/a><\/p>\n<p>Antes de tomar qualquer decis\u00e3o, no entanto, a associa\u00e7\u00e3o diz esperar a divulga\u00e7\u00e3o de um estudo elaborado pelo <strong>Grupo de Pesquisa e Extens\u00e3o em Log\u00edstica Agroindustrial (Esalq-Log)<\/strong>, da <strong>Universidade de S\u00e3o Paulo (USP)<\/strong> sobre a <strong>tabela de frete<\/strong> criada no \u00faltimo governo, ap\u00f3s a <strong>greve dos caminhoneiros<\/strong> que afetou o Pa\u00eds por 11 dias em 2018.<\/p>\n<p><a href=\"https:\/\/www.suno.com.br\/noticias\/justica-rio-janeiro-solta-michel-temer\/\">Saiba mais: Justi\u00e7a do Rio solta ex-presidente Michel Temer<\/a><\/p>\n<p>O <strong>governo federal<\/strong> est\u00e1 monitorando os grupos de <strong>WhatsApp<\/strong> nos quais os <strong>caminhoneiros<\/strong> est\u00e3o <strong>articulando<\/strong> uma <strong>eventual nova paralisa\u00e7\u00e3o<\/strong>. Segundo algumas lideran\u00e7as dos <strong>caminhoneiros,<\/strong> o governo n\u00e3o teria cumprido os principais compromissos assumidos pelo governo do ex-presidente <strong>Michel Temer.<\/strong> Para tentar terminar a <strong>greve<\/strong> do ano passado, o <strong>Executivo<\/strong> tinha aceitado tabelar os fretes e reduzir o pre\u00e7o do diesel.<\/p>\n<p><a href=\"https:\/\/www.suno.com.br\/noticias\/velha-politica-bolsonaro-pacificar-relacoes\/\">Saiba mais: Ap\u00f3s abrir fogo contra &#8216;velha pol\u00edtica&#8217;, Bolsonaro tenta pacificar rela\u00e7\u00f5es<\/a><\/p>\n<p>O <a href=\"http:\/\/www.gsi.gov.br\/\"><strong>Gabinete de Seguran\u00e7a Institucional (GSI)<\/strong><\/a> est\u00e1 fazendo o monitoramento e detectou mensagens que falam em <strong>greve<\/strong> para o dia 30 de mar\u00e7o.<\/p>\n<p>Entretanto, as primeiras informa\u00e7\u00f5es mostram como, no momento, o <strong>movimento<\/strong> n\u00e3o tenha a mesa for\u00e7a percebida no ano passado. No governo h\u00e1 temores de que os <strong>motoristas<\/strong> acabem se fortalecendo, levando a uma <strong>greve dos caminhoneiros<\/strong> com grande potencial, como a do ano passado.<\/p>\n","protected":false},"excerpt":{"rendered":"<p>O n\u00edvel de insatisfa\u00e7\u00e3o dos caminhoneiros est\u00e1 muito grande. Pelo menos \u00e9 o que afirma a Associa\u00e7\u00e3o Brasileira dos Caminhoneiros (Abcam), uma das principais entidades do setor. Segundo ela, os \u00e2nimos podem gerar uma nova greve dos caminhoneiros, dando eco aos rumores surgidos no \u00faltimo fim de semana a respeito de uma paralisa\u00e7\u00e3o no fim [&hellip;]<\/p>\n","protected":false},"author":13,"featured_media":5802,"comment_status":"closed","ping_status":"closed","sticky":false,"template":"","format":"standard","meta":[],"categories":[62],"tags":[833],"suno_strategy":[],"class_list":["post-18986","post","type-post","status-publish","format-standard","has-post-thumbnail","hentry","category-economia","tag-greve-dos-caminhoneiros"],"yoast_head":"<!-- This site is optimized with the Yoast SEO plugin v24.4 - https:\/\/yoast.com\/wordpress\/plugins\/seo\/ -->\n<title>Insatisfa\u00e7\u00e3o pode levar a nova greve dos caminhoneiros, diz associa\u00e7\u00e3o<\/title>\n<meta name=\"description\" content=\"A Abcam vem percebendo uma insatisfa\u00e7\u00e3o muito grande da categoria, que pode refletir em nova greve dos caminhoneiros. Clique e saiba mais.\" \/>\n<meta name=\"robots\" content=\"index, follow, max-snippet:-1, max-image-preview:large, max-video-preview:-1\" \/>\n<link rel=\"canonical\" href=\"https:\/\/www.suno.com.br\/noticias\/insatisfacao-nova-greve-dos-caminhoneiros\/\" \/>\n<meta property=\"og:locale\" content=\"pt_BR\" \/>\n<meta property=\"og:type\" content=\"article\" \/>\n<meta property=\"og:title\" content=\"Insatisfa\u00e7\u00e3o pode levar a nova greve dos caminhoneiros, diz associa\u00e7\u00e3o\" \/>\n<meta property=\"og:description\" content=\"A Abcam vem percebendo uma insatisfa\u00e7\u00e3o muito grande da categoria, que pode refletir em nova greve dos caminhoneiros. Clique e saiba mais.\" \/>\n<meta property=\"og:url\" content=\"https:\/\/www.suno.com.br\/noticias\/insatisfacao-nova-greve-dos-caminhoneiros\/\" \/>\n<meta property=\"og:site_name\" content=\"Suno Not\u00edcias\" \/>\n<meta property=\"article:publisher\" content=\"https:\/\/facebook.com\/sunoresearch\" \/>\n<meta property=\"og:image\" content=\"https:\/\/files.sunoresearch.com.br\/n\/uploads\/2018\/10\/1f634a02-greve-dos-caminhoneiros.jpg\" \/>\n\t<meta property=\"og:image:width\" content=\"1920\" \/>\n\t<meta property=\"og:image:height\" content=\"1440\" \/>\n\t<meta property=\"og:image:type\" content=\"image\/jpeg\" \/>\n<meta name=\"author\" content=\"Guilherme Caetano\" \/>\n<meta name=\"twitter:card\" content=\"summary_large_image\" \/>\n<meta name=\"twitter:creator\" content=\"@sunoresearch\" \/>\n<meta name=\"twitter:site\" content=\"@sunoresearch\" \/>\n<meta name=\"twitter:label1\" content=\"Escrito por\" \/>\n\t<meta name=\"twitter:data1\" content=\"Guilherme Caetano\" \/>\n\t<meta name=\"twitter:label2\" content=\"Est. tempo de leitura\" \/>\n\t<meta name=\"twitter:data2\" content=\"2 minutos\" \/>\n<script type=\"application\/ld+json\" class=\"yoast-schema-graph\">{\"@context\":\"https:\/\/schema.org\",\"@graph\":[{\"@type\":\"NewsArticle\",\"@id\":\"https:\/\/www.suno.com.br\/noticias\/insatisfacao-nova-greve-dos-caminhoneiros\/#article\",\"isPartOf\":{\"@id\":\"https:\/\/www.suno.com.br\/noticias\/insatisfacao-nova-greve-dos-caminhoneiros\/\"},\"author\":{\"name\":\"Guilherme Caetano\",\"@id\":\"https:\/\/www.suno.com.br\/noticias\/#\/schema\/person\/0d0c9687cd2f600c564f25980c140de9\"},\"headline\":\"Insatisfa\u00e7\u00e3o pode levar a nova greve dos caminhoneiros, diz associa\u00e7\u00e3o\",\"datePublished\":\"2019-03-25T20:14:01+00:00\",\"dateModified\":\"2019-04-16T21:26:50+00:00\",\"mainEntityOfPage\":{\"@id\":\"https:\/\/www.suno.com.br\/noticias\/insatisfacao-nova-greve-dos-caminhoneiros\/\"},\"wordCount\":377,\"publisher\":{\"@id\":\"https:\/\/www.suno.com.br\/noticias\/#organization\"},\"image\":{\"@id\":\"https:\/\/www.suno.com.br\/noticias\/insatisfacao-nova-greve-dos-caminhoneiros\/#primaryimage\"},\"thumbnailUrl\":\"https:\/\/files.sunoresearch.com.br\/n\/uploads\/2018\/10\/1f634a02-greve-dos-caminhoneiros-jpg.webp\",\"keywords\":[\"greve dos caminhoneiros\"],\"articleSection\":[\"Economia\"],\"inLanguage\":\"pt-BR\"},{\"@type\":\"WebPage\",\"@id\":\"https:\/\/www.suno.com.br\/noticias\/insatisfacao-nova-greve-dos-caminhoneiros\/\",\"url\":\"https:\/\/www.suno.com.br\/noticias\/insatisfacao-nova-greve-dos-caminhoneiros\/\",\"name\":\"Insatisfa\u00e7\u00e3o pode levar a nova greve dos caminhoneiros, diz associa\u00e7\u00e3o\",\"isPartOf\":{\"@id\":\"https:\/\/www.suno.com.br\/noticias\/#website\"},\"primaryImageOfPage\":{\"@id\":\"https:\/\/www.suno.com.br\/noticias\/insatisfacao-nova-greve-dos-caminhoneiros\/#primaryimage\"},\"image\":{\"@id\":\"https:\/\/www.suno.com.br\/noticias\/insatisfacao-nova-greve-dos-caminhoneiros\/#primaryimage\"},\"thumbnailUrl\":\"https:\/\/files.sunoresearch.com.br\/n\/uploads\/2018\/10\/1f634a02-greve-dos-caminhoneiros-jpg.webp\",\"datePublished\":\"2019-03-25T20:14:01+00:00\",\"dateModified\":\"2019-04-16T21:26:50+00:00\",\"description\":\"A Abcam vem percebendo uma insatisfa\u00e7\u00e3o muito grande da categoria, que pode refletir em nova greve dos caminhoneiros. Clique e saiba mais.\",\"breadcrumb\":{\"@id\":\"https:\/\/www.suno.com.br\/noticias\/insatisfacao-nova-greve-dos-caminhoneiros\/#breadcrumb\"},\"inLanguage\":\"pt-BR\",\"potentialAction\":[{\"@type\":\"ReadAction\",\"target\":[\"https:\/\/www.suno.com.br\/noticias\/insatisfacao-nova-greve-dos-caminhoneiros\/\"]}]},{\"@type\":\"ImageObject\",\"inLanguage\":\"pt-BR\",\"@id\":\"https:\/\/www.suno.com.br\/noticias\/insatisfacao-nova-greve-dos-caminhoneiros\/#primaryimage\",\"url\":\"https:\/\/files.sunoresearch.com.br\/n\/uploads\/2018\/10\/1f634a02-greve-dos-caminhoneiros-jpg.webp\",\"contentUrl\":\"https:\/\/files.sunoresearch.com.br\/n\/uploads\/2018\/10\/1f634a02-greve-dos-caminhoneiros-jpg.webp\",\"width\":1920,\"height\":1440,\"caption\":\"Greve dos caminhoneiros: movimento pode ter in\u00edcio nesta semana\"},{\"@type\":\"BreadcrumbList\",\"@id\":\"https:\/\/www.suno.com.br\/noticias\/insatisfacao-nova-greve-dos-caminhoneiros\/#breadcrumb\",\"itemListElement\":[{\"@type\":\"ListItem\",\"position\":1,\"name\":\"Not\u00edcias\",\"item\":\"https:\/\/www.suno.com.br\/noticias\/\"},{\"@type\":\"ListItem\",\"position\":2,\"name\":\"Economia\",\"item\":\"https:\/\/www.suno.com.br\/noticias\/economia\/\"},{\"@type\":\"ListItem\",\"position\":3,\"name\":\"Insatisfa\u00e7\u00e3o pode levar a nova greve dos caminhoneiros, diz associa\u00e7\u00e3o\"}]},{\"@type\":\"WebSite\",\"@id\":\"https:\/\/www.suno.com.br\/noticias\/#website\",\"url\":\"https:\/\/www.suno.com.br\/noticias\/\",\"name\":\"Suno Not\u00edcias\",\"description\":\"Seu portal de informa\u00e7\u00e3o sobre o mundo dos investimentos\",\"publisher\":{\"@id\":\"https:\/\/www.suno.com.br\/noticias\/#organization\"},\"potentialAction\":[{\"@type\":\"SearchAction\",\"target\":{\"@type\":\"EntryPoint\",\"urlTemplate\":\"https:\/\/www.suno.com.br\/noticias\/?s={search_term_string}\"},\"query-input\":{\"@type\":\"PropertyValueSpecification\",\"valueRequired\":true,\"valueName\":\"search_term_string\"}}],\"inLanguage\":\"pt-BR\"},{\"@type\":\"Organization\",\"@id\":\"https:\/\/www.suno.com.br\/noticias\/#organization\",\"name\":\"Suno Not\u00edcias\",\"url\":\"https:\/\/www.suno.com.br\/noticias\/\",\"logo\":{\"@type\":\"ImageObject\",\"inLanguage\":\"pt-BR\",\"@id\":\"https:\/\/www.suno.com.br\/noticias\/#\/schema\/logo\/image\/\",\"url\":\"https:\/\/files.sunoresearch.com.br\/n\/uploads\/2021\/09\/suno-logo.png\",\"contentUrl\":\"https:\/\/files.sunoresearch.com.br\/n\/uploads\/2021\/09\/suno-logo.png\",\"width\":180,\"height\":180,\"caption\":\"Suno Not\u00edcias\"},\"image\":{\"@id\":\"https:\/\/www.suno.com.br\/noticias\/#\/schema\/logo\/image\/\"},\"sameAs\":[\"https:\/\/facebook.com\/sunoresearch\",\"https:\/\/x.com\/sunoresearch\",\"https:\/\/www.instagram.com\/suno\",\"https:\/\/www.linkedin.com\/company\/suno-research\/\",\"https:\/\/www.youtube.com\/c\/sunoresearch\"]},{\"@type\":\"Person\",\"@id\":\"https:\/\/www.suno.com.br\/noticias\/#\/schema\/person\/0d0c9687cd2f600c564f25980c140de9\",\"name\":\"Guilherme Caetano\",\"image\":{\"@type\":\"ImageObject\",\"inLanguage\":\"pt-BR\",\"@id\":\"https:\/\/www.suno.com.br\/noticias\/#\/schema\/person\/image\/\",\"url\":\"https:\/\/secure.gravatar.com\/avatar\/e48357351a01702a0d19307070e081bf?s=96&r=g\",\"contentUrl\":\"https:\/\/secure.gravatar.com\/avatar\/e48357351a01702a0d19307070e081bf?s=96&r=g\",\"caption\":\"Guilherme Caetano\"},\"description\":\"Formado em jornalismo pela Escola de Comunica\u00e7\u00f5es e Artes da USP, Guilherme Caetano escreve para o portal de not\u00edcias da Suno Research. Passou pelas reda\u00e7\u00f5es da Folha de S.Paulo e da revista \u00c9poca.\",\"url\":\"https:\/\/www.suno.com.br\/noticias\/author\/guilherme-caetano\/\"}]}<\/script>\n<!-- \/ Yoast SEO plugin. -->","yoast_head_json":{"title":"Insatisfa\u00e7\u00e3o pode levar a nova greve dos caminhoneiros, diz associa\u00e7\u00e3o","description":"A Abcam vem percebendo uma insatisfa\u00e7\u00e3o muito grande da categoria, que pode refletir em nova greve dos caminhoneiros. Clique e saiba mais.","robots":{"index":"index","follow":"follow","max-snippet":"max-snippet:-1","max-image-preview":"max-image-preview:large","max-video-preview":"max-video-preview:-1"},"canonical":"https:\/\/www.suno.com.br\/noticias\/insatisfacao-nova-greve-dos-caminhoneiros\/","og_locale":"pt_BR","og_type":"article","og_title":"Insatisfa\u00e7\u00e3o pode levar a nova greve dos caminhoneiros, diz associa\u00e7\u00e3o","og_description":"A Abcam vem percebendo uma insatisfa\u00e7\u00e3o muito grande da categoria, que pode refletir em nova greve dos caminhoneiros. Clique e saiba mais.","og_url":"https:\/\/www.suno.com.br\/noticias\/insatisfacao-nova-greve-dos-caminhoneiros\/","og_site_name":"Suno Not\u00edcias","article_publisher":"https:\/\/facebook.com\/sunoresearch","og_image":[{"width":1920,"height":1440,"url":"https:\/\/files.sunoresearch.com.br\/n\/uploads\/2018\/10\/1f634a02-greve-dos-caminhoneiros.jpg","type":"image\/jpeg"}],"author":"Guilherme Caetano","twitter_card":"summary_large_image","twitter_creator":"@sunoresearch","twitter_site":"@sunoresearch","twitter_misc":{"Escrito por":"Guilherme Caetano","Est. tempo de leitura":"2 minutos"},"schema":{"@context":"https:\/\/schema.org","@graph":[{"@type":"NewsArticle","@id":"https:\/\/www.suno.com.br\/noticias\/insatisfacao-nova-greve-dos-caminhoneiros\/#article","isPartOf":{"@id":"https:\/\/www.suno.com.br\/noticias\/insatisfacao-nova-greve-dos-caminhoneiros\/"},"author":{"name":"Guilherme Caetano","@id":"https:\/\/www.suno.com.br\/noticias\/#\/schema\/person\/0d0c9687cd2f600c564f25980c140de9"},"headline":"Insatisfa\u00e7\u00e3o pode levar a nova greve dos caminhoneiros, diz associa\u00e7\u00e3o","datePublished":"2019-03-25T20:14:01+00:00","dateModified":"2019-04-16T21:26:50+00:00","mainEntityOfPage":{"@id":"https:\/\/www.suno.com.br\/noticias\/insatisfacao-nova-greve-dos-caminhoneiros\/"},"wordCount":377,"publisher":{"@id":"https:\/\/www.suno.com.br\/noticias\/#organization"},"image":{"@id":"https:\/\/www.suno.com.br\/noticias\/insatisfacao-nova-greve-dos-caminhoneiros\/#primaryimage"},"thumbnailUrl":"https:\/\/files.sunoresearch.com.br\/n\/uploads\/2018\/10\/1f634a02-greve-dos-caminhoneiros-jpg.webp","keywords":["greve dos caminhoneiros"],"articleSection":["Economia"],"inLanguage":"pt-BR"},{"@type":"WebPage","@id":"https:\/\/www.suno.com.br\/noticias\/insatisfacao-nova-greve-dos-caminhoneiros\/","url":"https:\/\/www.suno.com.br\/noticias\/insatisfacao-nova-greve-dos-caminhoneiros\/","name":"Insatisfa\u00e7\u00e3o pode levar a nova greve dos caminhoneiros, diz associa\u00e7\u00e3o","isPartOf":{"@id":"https:\/\/www.suno.com.br\/noticias\/#website"},"primaryImageOfPage":{"@id":"https:\/\/www.suno.com.br\/noticias\/insatisfacao-nova-greve-dos-caminhoneiros\/#primaryimage"},"image":{"@id":"https:\/\/www.suno.com.br\/noticias\/insatisfacao-nova-greve-dos-caminhoneiros\/#primaryimage"},"thumbnailUrl":"https:\/\/files.sunoresearch.com.br\/n\/uploads\/2018\/10\/1f634a02-greve-dos-caminhoneiros-jpg.webp","datePublished":"2019-03-25T20:14:01+00:00","dateModified":"2019-04-16T21:26:50+00:00","description":"A Abcam vem percebendo uma insatisfa\u00e7\u00e3o muito grande da categoria, que pode refletir em nova greve dos caminhoneiros. Clique e saiba mais.","breadcrumb":{"@id":"https:\/\/www.suno.com.br\/noticias\/insatisfacao-nova-greve-dos-caminhoneiros\/#breadcrumb"},"inLanguage":"pt-BR","potentialAction":[{"@type":"ReadAction","target":["https:\/\/www.suno.com.br\/noticias\/insatisfacao-nova-greve-dos-caminhoneiros\/"]}]},{"@type":"ImageObject","inLanguage":"pt-BR","@id":"https:\/\/www.suno.com.br\/noticias\/insatisfacao-nova-greve-dos-caminhoneiros\/#primaryimage","url":"https:\/\/files.sunoresearch.com.br\/n\/uploads\/2018\/10\/1f634a02-greve-dos-caminhoneiros-jpg.webp","contentUrl":"https:\/\/files.sunoresearch.com.br\/n\/uploads\/2018\/10\/1f634a02-greve-dos-caminhoneiros-jpg.webp","width":1920,"height":1440,"caption":"Greve dos caminhoneiros: movimento pode ter in\u00edcio nesta semana"},{"@type":"BreadcrumbList","@id":"https:\/\/www.suno.com.br\/noticias\/insatisfacao-nova-greve-dos-caminhoneiros\/#breadcrumb","itemListElement":[{"@type":"ListItem","position":1,"name":"Not\u00edcias","item":"https:\/\/www.suno.com.br\/noticias\/"},{"@type":"ListItem","position":2,"name":"Economia","item":"https:\/\/www.suno.com.br\/noticias\/economia\/"},{"@type":"ListItem","position":3,"name":"Insatisfa\u00e7\u00e3o pode levar a nova greve dos caminhoneiros, diz associa\u00e7\u00e3o"}]},{"@type":"WebSite","@id":"https:\/\/www.suno.com.br\/noticias\/#website","url":"https:\/\/www.suno.com.br\/noticias\/","name":"Suno Not\u00edcias","description":"Seu portal de informa\u00e7\u00e3o sobre o mundo dos investimentos","publisher":{"@id":"https:\/\/www.suno.com.br\/noticias\/#organization"},"potentialAction":[{"@type":"SearchAction","target":{"@type":"EntryPoint","urlTemplate":"https:\/\/www.suno.com.br\/noticias\/?s={search_term_string}"},"query-input":{"@type":"PropertyValueSpecification","valueRequired":true,"valueName":"search_term_string"}}],"inLanguage":"pt-BR"},{"@type":"Organization","@id":"https:\/\/www.suno.com.br\/noticias\/#organization","name":"Suno Not\u00edcias","url":"https:\/\/www.suno.com.br\/noticias\/","logo":{"@type":"ImageObject","inLanguage":"pt-BR","@id":"https:\/\/www.suno.com.br\/noticias\/#\/schema\/logo\/image\/","url":"https:\/\/files.sunoresearch.com.br\/n\/uploads\/2021\/09\/suno-logo.png","contentUrl":"https:\/\/files.sunoresearch.com.br\/n\/uploads\/2021\/09\/suno-logo.png","width":180,"height":180,"caption":"Suno Not\u00edcias"},"image":{"@id":"https:\/\/www.suno.com.br\/noticias\/#\/schema\/logo\/image\/"},"sameAs":["https:\/\/facebook.com\/sunoresearch","https:\/\/x.com\/sunoresearch","https:\/\/www.instagram.com\/suno","https:\/\/www.linkedin.com\/company\/suno-research\/","https:\/\/www.youtube.com\/c\/sunoresearch"]},{"@type":"Person","@id":"https:\/\/www.suno.com.br\/noticias\/#\/schema\/person\/0d0c9687cd2f600c564f25980c140de9","name":"Guilherme Caetano","image":{"@type":"ImageObject","inLanguage":"pt-BR","@id":"https:\/\/www.suno.com.br\/noticias\/#\/schema\/person\/image\/","url":"https:\/\/secure.gravatar.com\/avatar\/e48357351a01702a0d19307070e081bf?s=96&r=g","contentUrl":"https:\/\/secure.gravatar.com\/avatar\/e48357351a01702a0d19307070e081bf?s=96&r=g","caption":"Guilherme Caetano"},"description":"Formado em jornalismo pela Escola de Comunica\u00e7\u00f5es e Artes da USP, Guilherme Caetano escreve para o portal de not\u00edcias da Suno Research. Passou pelas reda\u00e7\u00f5es da Folha de S.Paulo e da revista \u00c9poca.","url":"https:\/\/www.suno.com.br\/noticias\/author\/guilherme-caetano\/"}]}},"default_loop_html":"<div class=\"cardsPage__listCard__boxs\"><div class=\"cardsPage__listCard__boxs__img\"><a href=\"https:\/\/www.suno.com.br\/noticias\/insatisfacao-nova-greve-dos-caminhoneiros\/\"><img class=\"mask\" src=\"https:\/\/www.suno.com.br\/noticias\/wp-content\/themes\/suno\/resources\/images\/spotlight\/spotlight1img\/bg-mask.png\" alt=\"Image Mask\"\/><img src=\"https:\/\/files.sunoresearch.com.br\/n\/uploads\/2018\/10\/1f634a02-greve-dos-caminhoneiros-400x200.webp\" alt=\"Insatisfa\u00e7\u00e3o pode levar a nova greve dos caminhoneiros, diz associa\u00e7\u00e3o\"\/><\/a><span class=\"spotlightCategory\"><a href=\"https:\/\/www.suno.com.br\/noticias\/economia\/\">Economia<\/a><\/span><\/div><div class=\"cardsPage__listCard__boxs__content\"><a href=\"https:\/\/www.suno.com.br\/noticias\/insatisfacao-nova-greve-dos-caminhoneiros\/\"><h2 class=\"content__title\">Insatisfa\u00e7\u00e3o pode levar a nova greve dos caminhoneiros, diz associa\u00e7\u00e3o<\/h2><\/a><div class=\"newsContent__article__meta\"><div class=\"newsContent__article__meta__authorBox\"><a href=\"https:\/\/www.suno.com.br\/noticias\/author\/guilherme-caetano\/\" class=\"authorBox__avatar noMobi\"><img src=\"https:\/\/secure.gravatar.com\/avatar\/e48357351a01702a0d19307070e081bf?s=96&#038;r=g\" alt=\"Guilherme Caetano\"><\/a><div class=\"authorBox__name\"><span>por\n\t\t\t<a href=\"https:\/\/www.suno.com.br\/noticias\/author\/guilherme-caetano\/\"><span itemprop=\"author\">Guilherme Caetano<\/span><\/a><\/span><time datetime=\"2019-03-25T17:14:01-03:00\" itemprop=\"datePublished\">25\/03\/2019 17:14<\/time><\/div><\/div><\/div><\/div><\/div>","single_layout":"posts","amp_enabled":true,"_links":{"self":[{"href":"https:\/\/www.suno.com.br\/noticias\/wp-json\/wp\/v2\/posts\/18986"}],"collection":[{"href":"https:\/\/www.suno.com.br\/noticias\/wp-json\/wp\/v2\/posts"}],"about":[{"href":"https:\/\/www.suno.com.br\/noticias\/wp-json\/wp\/v2\/types\/post"}],"author":[{"embeddable":true,"href":"https:\/\/www.suno.com.br\/noticias\/wp-json\/wp\/v2\/users\/13"}],"replies":[{"embeddable":true,"href":"https:\/\/www.suno.com.br\/noticias\/wp-json\/wp\/v2\/comments?post=18986"}],"version-history":[{"count":0,"href":"https:\/\/www.suno.com.br\/noticias\/wp-json\/wp\/v2\/posts\/18986\/revisions"}],"wp:featuredmedia":[{"embeddable":true,"href":"https:\/\/www.suno.com.br\/noticias\/wp-json\/wp\/v2\/media\/5802"}],"wp:attachment":[{"href":"https:\/\/www.suno.com.br\/noticias\/wp-json\/wp\/v2\/media?parent=18986"}],"wp:term":[{"taxonomy":"category","embeddable":true,"href":"https:\/\/www.suno.com.br\/noticias\/wp-json\/wp\/v2\/categories?post=18986"},{"taxonomy":"post_tag","embeddable":true,"href":"https:\/\/www.suno.com.br\/noticias\/wp-json\/wp\/v2\/tags?post=18986"},{"taxonomy":"suno_strategy","embeddable":true,"href":"https:\/\/www.suno.com.br\/noticias\/wp-json\/wp\/v2\/suno_strategy?post=18986"}],"curies":[{"name":"wp","href":"https:\/\/api.w.org\/{rel}","templated":true}]}}