{"id":189848,"date":"2021-10-01T10:42:10","date_gmt":"2021-10-01T13:42:10","guid":{"rendered":"https:\/\/www.suno.com.br\/noticias\/?p=189848"},"modified":"2021-10-01T10:46:49","modified_gmt":"2021-10-01T13:46:49","slug":"ibovespa-abre-alta-banco-inter-bidi4-dispara-revelacao-negociacoes","status":"publish","type":"post","link":"https:\/\/www.suno.com.br\/noticias\/ibovespa-abre-alta-banco-inter-bidi4-dispara-revelacao-negociacoes\/","title":{"rendered":"Ibovespa abre em alta, com Banco Inter (BIDI4) se recuperando ap\u00f3s tombos"},"content":{"rendered":"<p>No \u00faltimo <a href=\"https:\/\/www.suno.com.br\/artigos\/pregao\">preg\u00e3o da semana e o primeiro de outubro<\/a>, o <strong>Ibovespa\u00a0<\/strong>abre em alta de 0,75% aos 111.810 pontos mesmo com preocupa\u00e7\u00f5es sobre a infla\u00e7\u00e3o afetando os mercados internacionais, que demonstram resultados mistos. Na ponta, o <a href=\"https:\/\/www.suno.com.br\/acoes\/bidi11\">Banco Inter (BIDI11\/BIDI4)<\/a> lidera as altas ap\u00f3s <a href=\"https:\/\/www.suno.com.br\/noticias\/banco-inter-bidi4-bidi11-itau-asset-vende-acoes\/\">not\u00edcias sobre as negocia\u00e7\u00f5es recentes da companhia<\/a>.<\/p>\t<div class=\"wrapper-featured-image\">\n\t\t<figure class=\"spotlightImg\">\n\n\t\t\t<picture>\n\t\t\t\t<source media=\"(max-width: 768px)\" srcset=\"https:\/\/files.sunoresearch.com.br\/n\/uploads\/2021\/06\/dad9092c-fachada_inter-400x200.jpeg\">\n\t\t\t\t<img loading=\"lazy\" decoding=\"async\" class=\"newsContent__article__imgCapa lazyloadDisabled \" src=\"https:\/\/files.sunoresearch.com.br\/n\/uploads\/2021\/06\/dad9092c-fachada_inter-800x450.jpeg\" width=\"800\" height=\"450\" alt=\"Ibovespa abre em alta, com Banco Inter (BIDI4) se recuperando ap\u00f3s tombos\" fetchpriority=high \/>\n\t\t\t<\/picture>\n\n\t\t\t<figcaption class=\"wp-caption-text wp-caption-text--show\">Banco Inter (BIDI11) - Foto: Divulga\u00e7\u00e3o<\/figcaption>\n\t\t<\/figure>\n\t<\/div>\n\n\n\t<p>\n\t\t<a href=\"https:\/\/lp.suno.com.br\/planilha-controle-gastos\/\" target=\"_blank\" data-element=\"shortcode-suno-banner\" title=\"Banner SUNO, clique e saiba mais\">\n\t\t\t<picture>\n\t\t\t\t<source media=\"(max-width: 500px)\" srcset=\"https:\/\/files.sunoresearch.com.br\/n\/uploads\/2023\/03\/400x300-Planilha-controle-de-gastos.png\">\n\t\t\t\t<img class=\"newsContent__article__imgCapa newsContent__article__imgCapa--banner\"\n\t\t\t\t\tsrc=\"https:\/\/files.sunoresearch.com.br\/n\/uploads\/2023\/03\/1420x240-Planilha-controle-de-gastos.png\"\n\t\t\t\t\tdata-promo-id=\"101751\"\t\t\t\t\t\t\t\t\t\twidth='1420' height='240'\t\t\t\t\talt=\"https:\/\/files.sunoresearch.com.br\/n\/uploads\/2023\/03\/1420x240-Planilha-controle-de-gastos.png\"\n\t\t\t\t>\n\t\t\t<\/picture>\n\t\t<\/a>\n\t<\/p>\n\n\n<p>O <strong>Ibovespa hoje<\/strong> lida com a tens\u00e3o &#8211; que ganhou novos cap\u00edtulos com falas dos membros do\u00a0 <a href=\"https:\/\/www.suno.com.br\/artigos\/fed\">Federal Reserve (<strong>Fed<\/strong>)<\/a> nesta semana &#8211; ainda que a situa\u00e7\u00e3o fiscal dos EUA apresente sinais de melhora.<\/p>\n<p>Os deputados afastaram a probabilidade de que as contas p\u00fablicas do pa\u00eds extrapolem o teto da d\u00edvida &#8211; conhecido como\u00a0<em>shutdown<\/em>.<\/p>\n<p>&#8220;Pesam para os investidores as preocupa\u00e7\u00f5es sobre a infla\u00e7\u00e3o global crescente e perspectivas de retirada de est\u00edmulos dos diferentes Bancos Centrais. Na \u00c1sia se inicia hoje o feriado da Semana Dourada na China e em Hong Kong e que estende at\u00e9 7 de outubro. Mesmo assim, as preocupa\u00e7\u00f5es com a empresa Evergrande devem continuar no radar&#8221; frisa Pedro Galdi, analista CNPI da Mirae Asset Management.<\/p>\n\t<div data-element=\"shortcode-read-more\" class=\"knowMore\">\n\t\t\t\t<span class=\"knowMore__title\">Leia mais<\/span>\n\t\t\t\t<a class=\"knowMore__link\" href=\"https:\/\/www.suno.com.br\/noticias\/asia-evergrande-queda-toquio-hong-kong\/\">\n\t\t\tNa \u00c1sia, Evergrande pressiona Bolsa em T\u00f3quio mas Hong Kong se recupera\t\t<\/a>\n\t<\/div>\n\n\n<p>Al\u00e9m disso, a agenda de indicadores desta sexta-feira (1\u00ba) conta com diversos n\u00fameros relevantes para os mercados, como o \u00edndice de gastos pessoais dos EUA e o<a href=\"https:\/\/www.suno.com.br\/artigos\/ipc-fipe\/\"> \u00edndice de pre\u00e7os ao consumidor (IPC)<\/a> da Zona do Euro. Este segundo dado ficou em um anualizado de 3,4%, segundo a divulga\u00e7\u00e3o feita \u00e0s 6h (hor\u00e1rio de Bras\u00edlia).<\/p>\n<p>&#8220;Importante destacar que esse \u00e9 o maior patamar desde 2008. A Europa sente o mesmo problema que os EUA&#8221;, destaca Rodrigo Franchini, s\u00f3cio da Monte Bravo Investimentos.<\/p>\n<p>O N\u00facleo do \u00cdndice de Pre\u00e7os PCE dos EUA, referente ao m\u00eas de agosto, veio em alta de 0,3% ante expectativa de 0,2%. A renda pessoal subiu 0,2%, abaixo das expectativas, e os gastos pessoais aumentaram 0,8%, ante proje\u00e7\u00e3o de 0,6% &#8211; ambos n\u00fameros referentes tamb\u00e9m ao m\u00eas de agosto.<\/p>\n<p>O dado nacional rec\u00e9m divulgado demonstra um PMI Industrial Markit de 54,5 no Brasil, sendo o \u00fanico indicador relevante para o mercado dom\u00e9stico divulgado hoje.<\/p>\n<p>Mais tarde, os mercados devem ter contato com a Contagem Total de Sondas dos EUA por Baker Hughes, o \u00cdndice Michigan de Percep\u00e7\u00e3o do Consumidor e o PMI Industrial ISM\u00a0 dos EUA, al\u00e9m do Pronunciamento de Schnabel, do BCE.<\/p>\n<h2>Not\u00edcias que v\u00e3o movimentar o Ibovespa hoje<\/h2>\n<ul>\n<li><b>BRF <\/b>aprova programa de recompra de a\u00e7\u00f5es<\/li>\n<li><b>Petrobras<\/b> informa que recebeu novas ofertas acima de R$ 4 bilh\u00f5es<\/li>\n<li><b>Embraer<\/b> vendeu 50 aeronaves<\/li>\n<li><strong>Inter<\/strong> se recupera ap\u00f3s quatro tombos<\/li>\n<\/ul>\n<h3>BRF recomprar\u00e1 3 milh\u00f5es de pap\u00e9is<\/h3>\n<p>Ontem, com o preg\u00e3o fechado, a <a href=\"https:\/\/www.suno.com.br\/acoes\/brfs3\"><strong>BRF <\/strong>(BRFS3)<\/a>\u00a0anunciou um programa de recompra de at\u00e9 aproximadamente 3,69 milh\u00f5es de\u00a0<a class=\"suno-keyword\" href=\"https:\/\/www.suno.com.br\/artigos\/o-que-sao-acoes-ordinarias-preferenciais-e-units\/\" target=\"_blank\" rel=\"noopener\" data-force=\"no\" data-priority=\"1\">a\u00e7\u00f5es ordin\u00e1rias<\/a>, segundo\u00a0<a class=\"suno-keyword\" href=\"https:\/\/www.suno.com.br\/artigos\/fato-relevante\/\" target=\"_blank\" rel=\"noopener\" data-force=\"no\" data-priority=\"1\">fato relevante<\/a>. A empresa possui atualmente 808,3 milh\u00f5es de pap\u00e9is em circula\u00e7\u00e3o.<\/p>\n<p>\u201cA companhia entende que as aquisi\u00e7\u00f5es de a\u00e7\u00f5es de sua emiss\u00e3o n\u00e3o acarretar\u00e3o impactos sobre a composi\u00e7\u00e3o acion\u00e1ria ou sobre sua estrutura administrativa\u201d, diz o comunicado do frigor\u00edfico.<\/p>\n<p>O documento arquivado na CVM explica que o valor ser\u00e1 pago utilizando a <a class=\"suno-keyword\" href=\"https:\/\/www.suno.com.br\/artigos\/reserva-capital\/\" target=\"_blank\" rel=\"noopener\" data-force=\"no\" data-priority=\"1\">reserva de capital<\/a>\u00a0da empresa, e as a\u00e7\u00f5es adquiridas no Programa de Recompra ser\u00e3o utilizadas para a execu\u00e7\u00e3o do Plano de Outorga de Op\u00e7\u00e3o de Compra e do Plano de Outorga de A\u00e7\u00f5es Restritas.<\/p>\n\t<p>\n\t\t<a href=\"https:\/\/lp.suno.com.br\/planilha-da-vida-financeira\/\" target=\"_blank\" data-element=\"shortcode-suno-banner\" title=\"Banner SUNO, clique e saiba mais\">\n\t\t\t<picture>\n\t\t\t\t<source media=\"(max-width: 500px)\" srcset=\"https:\/\/files.sunoresearch.com.br\/n\/uploads\/2023\/04\/400x300-Planilha-vida-financeira-true.png\">\n\t\t\t\t<img class=\"newsContent__article__imgCapa newsContent__article__imgCapa--banner\"\n\t\t\t\t\tsrc=\"https:\/\/files.sunoresearch.com.br\/n\/uploads\/2023\/04\/1420x240-Planilha-vida-financeira-true.png\"\n\t\t\t\t\tdata-promo-id=\"106682\"\t\t\t\t\t\t\t\t\t\twidth='1420' height='240'\t\t\t\t\talt=\"https:\/\/files.sunoresearch.com.br\/n\/uploads\/2023\/04\/1420x240-Planilha-vida-financeira-true.png\"\n\t\t\t\t>\n\t\t\t<\/picture>\n\t\t<\/a>\n\t<\/p>\n\n\n<p>A\u00a0BRF deu 18 meses como prazo m\u00e1ximo para a compra dos pap\u00e9is, a partir desta sexta (1\u00ba). O per\u00edodo se estender\u00e1 at\u00e9 1\u00ba de abril de 2023. A data exata em que ser\u00e1 realizada a compra ainda est\u00e1 para ser definida pela empresa.<\/p>\n<p>As <strong>a\u00e7\u00f5es da BRF<\/strong> caem 0,19% no Ibovespa hoje.<\/p>\n<h3>Petrobras recebe propostas ambiciosas no balc\u00e3o<\/h3>\n<p>A\u00a0<a class=\"suno-keyword\" href=\"https:\/\/www.suno.com.br\/acoes\/PETR4\/\" target=\"_blank\" rel=\"noopener\" data-force=\"yes\" data-priority=\"2\"><strong>Petrobras<\/strong>\u00a0(PETR4)<\/a> confirmou, tamb\u00e9m na quinta-feira (30), que recebeu ofertas vinculantes dos cons\u00f3rcios <a class=\"suno-keyword\" href=\"https:\/\/www.suno.com.br\/acoes\/PRIO3\/\" target=\"_blank\" rel=\"noopener\" data-force=\"yes\" data-priority=\"2\">PetroRio (PRIO3)<\/a>\/Cobra e EIG Global Energies Partners\/<a class=\"suno-keyword\" href=\"https:\/\/www.suno.com.br\/acoes\/ENAT3\/\" target=\"_blank\" rel=\"noopener\" data-force=\"yes\" data-priority=\"2\">Enauta (ENAT3)<\/a>\/<a class=\"suno-keyword\" href=\"https:\/\/www.suno.com.br\/acoes\/RRRP3\/\" target=\"_blank\" rel=\"noopener\" data-force=\"yes\" data-priority=\"2\">3R Petroleum (RRRP3)<\/a> para a aquisi\u00e7\u00e3o dos campos de Albacora e Albacora Leste, localizados na Bacia de Campos.<\/p>\n<p>As ofertas, segundo a estatal, podem superar US$ 4 bilh\u00f5es para ambos os campos.<\/p>\n\t<p>\n\t\t<a href=\"https:\/\/lp.suno.com.br\/planilha-da-vida-financeira\/\" target=\"_blank\" data-element=\"shortcode-suno-banner\" title=\"Banner SUNO, clique e saiba mais\">\n\t\t\t<picture>\n\t\t\t\t<source media=\"(max-width: 500px)\" srcset=\"https:\/\/files.sunoresearch.com.br\/n\/uploads\/2023\/04\/400x300-Planilha-vida-financeira-true.png\">\n\t\t\t\t<img class=\"newsContent__article__imgCapa newsContent__article__imgCapa--banner\"\n\t\t\t\t\tsrc=\"https:\/\/files.sunoresearch.com.br\/n\/uploads\/2023\/04\/1420x240-Planilha-vida-financeira-true.png\"\n\t\t\t\t\tdata-promo-id=\"106682\"\t\t\t\t\t\t\t\t\t\twidth='1420' height='240'\t\t\t\t\talt=\"https:\/\/files.sunoresearch.com.br\/n\/uploads\/2023\/04\/1420x240-Planilha-vida-financeira-true.png\"\n\t\t\t\t>\n\t\t\t<\/picture>\n\t\t<\/a>\n\t<\/p>\n\n\n<p>A<strong>\u00a0petrol\u00edfera<\/strong>\u00a0disse ainda que est\u00e1 analisando as propostas seguindo os crit\u00e9rios de avalia\u00e7\u00e3o deste projeto e levando em considera\u00e7\u00e3o todas as componentes de valor e outras condi\u00e7\u00f5es, incluindo pagamentos firmes, contingentes e outros pontos contratuais relevantes.<\/p>\n<p>Depois da an\u00e1lise, o in\u00edcio da fase de negocia\u00e7\u00e3o ser\u00e1 submetido \u00e0 delibera\u00e7\u00e3o da diretoria executiva.<\/p>\n<p>\u201cA companhia esclarece que a celebra\u00e7\u00e3o da transa\u00e7\u00e3o depender\u00e1 do resultado das negocia\u00e7\u00f5es, bem como das aprova\u00e7\u00f5es corporativas necess\u00e1rias\u201d, diz o documento arquivado pela companhia.<\/p>\n<p>Na <strong>Bolsa de Valores hoje<\/strong> as <strong>a\u00e7\u00f5es da Petrobras<\/strong> sobem 0,5%.<\/p>\n<h3>Embraer vendeu 50 unidades da Ipanema<\/h3>\n<p>A <a href=\"https:\/\/www.suno.com.br\/acoes\/embr3\/\"><strong>Embraer <\/strong>(EMBR3)<\/a> informou que a sua divis\u00e3o de avia\u00e7\u00e3o agr\u00edcola encerrou o m\u00eas de setembro com um acumulado de 50 aeronaves Ipanema EMB-203 vendidas no ano.<\/p>\n<p>\u201cO Ipanema \u00e9 um grande aliado do agroneg\u00f3cio brasileiro ao refletir a efici\u00eancia, produtividade, economicidade e robustez, que fazem da avia\u00e7\u00e3o agr\u00edcola uma ferramenta essencial para o Pa\u00eds\u201d, afirma Sany Onofre, head de avia\u00e7\u00e3o agr\u00edcola da Embraer.<\/p>\n<p>\u201cEstamos bastante satisfeitos com os resultados obtidos este ano e, a cada nova entrega, aumenta o nosso entusiasmo com as proje\u00e7\u00f5es para os pr\u00f3ximos anos\u201d, acrescenta.<\/p>\n<p>A alta de vendas mostra que a companhia dobrou os neg\u00f3cios em rela\u00e7\u00e3o ao total de 2020. Esse dado \u00e9 considerado um reflexo do bom desempenho do agroneg\u00f3cio e da confian\u00e7a dos produtores na safra do ano que vem, que j\u00e1 \u00e9 respons\u00e1vel por 30% das novas encomendas.<\/p>\n<p>As <strong>a\u00e7\u00f5es da Embraer <\/strong>sobem 0,82% no Ibovespa, acumulando uma valoriza\u00e7\u00e3o de 68,3% nos \u00faltimos seis meses.<\/p>\n<h3>Inter se recupera<\/h3>\n<p>Segundo informa\u00e7\u00f5es recentes do <em>Brazil Journal<\/em>, o\u00a0fundo da Ita\u00fa Asset \u00e9 respons\u00e1vel pelas vendas em massa das a\u00e7\u00f5es do\u00a0<a href=\"https:\/\/www.suno.com.br\/acoes\/BIDI4\/\" target=\"_blank\" rel=\"noopener\">banco Inter\u00a0(BIDI4)<\/a> no Ibovespa. O fundo em quest\u00e3o \u00e9 dono de 15% do banco digital.<\/p>\n<p>Nesta semana, os pap\u00e9is do banco derreteram em todos os quatro preg\u00f5es anteriores, com quedas expressivas.\u00a0At\u00e9 a abertura de mercado de hoje, o saldo negativo da semana chegava a 22,87% de queda.<\/p>\n<p>Analistas chegaram a atribuir a queda do <strong>banco da fam\u00edlia Menin<\/strong> \u00e0 abertura das curvas de juros e, concomitantemente, ao aumento dos pr\u00eamios de risco. Tanto nos EUA quanto no Brasil, o aumento dos juros representa perda de valor para empresas digitais, como o Inter, que tem como tese de neg\u00f3cios a valoriza\u00e7\u00e3o no <a class=\"suno-keyword\" href=\"https:\/\/www.suno.com.br\/artigos\/longo-prazo\/\" target=\"_blank\" rel=\"noopener\" data-force=\"no\" data-priority=\"1\">longo prazo<\/a>.<\/p>\n<div class=\"readToo\" data-element=\"shortcode-read-more\">\n<p>Uma outra especula\u00e7\u00e3o veio do <em>Broadcast<\/em>, que anunciou a inten\u00e7\u00e3o do\u00a0<strong>Inter<\/strong>\u00a0de fazer\u00a0<strong>provisionamento de cr\u00e9dito<\/strong> em seu pr\u00f3ximo balan\u00e7o. Entretanto, no mesmo dia o banco soltou um comunicado ao mercado em que negava essas inten\u00e7\u00f5es.<\/p>\n<p>\u201cO Inter informa que recebeu questionamentos acerca de nota especulativa divulgada pelo\u00a0<em>Broadcast<\/em>\u00a0na data de hoje, com a conota\u00e7\u00e3o de que faria provisionamento extraordin\u00e1rio em seu balan\u00e7o patrimonial. O Inter nega que existam fundamentos para tal nota\u201d, diz documento enviado \u00e0 CVM.<\/p>\n<p>Nesse contexto, as <strong>a\u00e7\u00f5es do Banco Inter<\/strong> sobem no Ibovespa, encabe\u00e7ando as altas do dia na abertura.<\/p>\n<\/div>\n<h2>Destaques do Ibovespa<\/h2>\n<p>As principais altas no Ibovespa, por volta das 10h20 s\u00e3o:<\/p>\n<ul>\n<li><a href=\"https:\/\/www.suno.com.br\/acoes\/BIDI11\"><strong>Banco Inter <\/strong>(BIDI11)<\/a>: +8%<\/li>\n<li><a href=\"https:\/\/www.suno.com.br\/acoes\/BIDI4\/\"><strong>Banco Inter <\/strong>(BIDI4)<\/a>: +6,7%<\/li>\n<li><a href=\"https:\/\/www.suno.com.br\/acoes\/mrve3\/\"><strong>MRV <\/strong>(MRVE3)<\/a>: +4,4%<\/li>\n<li><a href=\"https:\/\/www.suno.com.br\/acoes\/CASH3\/\"><strong>M\u00e9liuz <\/strong>(CASH3)<\/a>: +4%<\/li>\n<li><a href=\"https:\/\/www.suno.com.br\/acoes\/prio3\/\"><strong>PetroRio <\/strong>(PRIO3)<\/a>: +3,4%<\/li>\n<\/ul>\n<p>No mesmo hor\u00e1rio, as principais quedas no Ibovespa eram:<\/p>\n<ul>\n<li><a href=\"https:\/\/www.suno.com.br\/acoes\/suzb3\/\"><strong>Suzano <\/strong>(SUZB3)<\/a>: -2,5%<\/li>\n<li><a href=\"https:\/\/www.suno.com.br\/acoes\/brkm5\/\"><strong>Braskem <\/strong>(BRKM5)<\/a>: -1%<\/li>\n<li><a href=\"https:\/\/www.suno.com.br\/acoes\/sbsp3\/\"><strong>Sabesp <\/strong>(SBSP3)<\/a>: -1%<\/li>\n<li><a href=\"https:\/\/www.suno.com.br\/acoes\/klbn11\/\"><strong>Klabin <\/strong>(KLBN11)<\/a>: -0,9%<\/li>\n<li><a href=\"https:\/\/www.suno.com.br\/acoes\/flry3\/\"><strong>Fleury <\/strong>(FLRY3)<\/a> -0,8%<\/li>\n<\/ul>\n<h2>Principais \u00edndices<\/h2>\n<ul>\n<li><a href=\"https:\/\/www.suno.com.br\/artigos\/ifix\/\">IFIX<\/a>: +0,09%<\/li>\n<li><a href=\"https:\/\/www.suno.com.br\/artigos\/smll\/\">SMLL<\/a>: +0,65%<\/li>\n<li><a href=\"https:\/\/www.suno.com.br\/artigos\/idiv\/\">IDIV<\/a>: +0,39%<\/li>\n<li><a href=\"https:\/\/www.suno.com.br\/artigos\/ibrx\/\">IBRX 100<\/a>: +0,79%<\/li>\n<\/ul>\n<h2>Bolsas mundiais<\/h2>\n<p>Veja o desempenho dos principais \u00edndices acion\u00e1rios no exterior, al\u00e9m do \u00edndice Ibovespa<strong>:<\/strong><\/p>\n<ul>\n<li><a href=\"https:\/\/www.suno.com.br\/artigos\/indice-dow-jones-djia\/\">Nova York Dow Jones (DJIA) futuro<\/a>: +0,49%<\/li>\n<li><a href=\"https:\/\/www.suno.com.br\/artigos\/futuro-de-sp-500\/\">Nova York (S&amp;P 500) futuro<\/a>: +0,43%<\/li>\n<li><a href=\"https:\/\/www.suno.com.br\/artigos\/dax-30\/\">Frankfurt (DAX 30)<\/a>: -0,18%<\/li>\n<li><a href=\"https:\/\/www.suno.com.br\/artigos\/ftse-100\/\">Londres (FTSE 100)<\/a>: -0,72%<\/li>\n<li><a href=\"https:\/\/www.suno.com.br\/artigos\/cac-40\/\">Paris (CAC 40)<\/a>: +0,08%<\/li>\n<li><a href=\"https:\/\/www.suno.com.br\/artigos\/ftse-mib\/\">Mil\u00e3o (FTSE\/MIB)<\/a>: +0,03%<\/li>\n<li><a href=\"https:\/\/www.suno.com.br\/artigos\/nikkei-225\/\">T\u00f3quio (Nikkei 225)<\/a>: -2,31% (fechada)<\/li>\n<li><a href=\"https:\/\/www.suno.com.br\/artigos\/bolsa-de-xangai\/\">Xangai (SSE Composite)<\/a>: +0,90% (fechada)<\/li>\n<li><a href=\"https:\/\/www.suno.com.br\/artigos\/hang-seng\/\">Hong Kong (Hang Seng)<\/a>: -0,36% (fechada)<\/li>\n<\/ul>\n<h2>\u00daltima cota\u00e7\u00e3o do Ibovespa<\/h2>\n<p>No fechamento do preg\u00e3o de quinta (30), o <strong>Ibovespa<\/strong> apresentou queda de 0,11%, a 110.979 pontos.<\/p>\n\t<p>\n\t\t<a href=\"https:\/\/lp.suno.com.br\/planilha-de-controle-de-investimentos\/\" target=\"_blank\" data-element=\"shortcode-suno-banner\" title=\"Banner SUNO, clique e saiba mais\">\n\t\t\t<picture>\n\t\t\t\t<source media=\"(max-width: 500px)\" srcset=\"https:\/\/files.sunoresearch.com.br\/n\/uploads\/2023\/03\/400x300-Controle-de-Investimentos.png\">\n\t\t\t\t<img class=\"newsContent__article__imgCapa newsContent__article__imgCapa--banner\"\n\t\t\t\t\tsrc=\"https:\/\/files.sunoresearch.com.br\/n\/uploads\/2023\/03\/1420x240-Controle-de-Investimentos.png\"\n\t\t\t\t\tdata-promo-id=\"75934\"\t\t\t\t\t\t\t\t\t\twidth='1420' height='240'\t\t\t\t\talt=\"https:\/\/files.sunoresearch.com.br\/n\/uploads\/2023\/03\/1420x240-Controle-de-Investimentos.png\"\n\t\t\t\t>\n\t\t\t<\/picture>\n\t\t<\/a>\n\t<\/p>\n\n\n","protected":false},"excerpt":{"rendered":"<p>No \u00faltimo preg\u00e3o da semana e o primeiro de outubro, o Ibovespa\u00a0abre em alta de 0,75% aos 111.810 pontos mesmo com preocupa\u00e7\u00f5es sobre a infla\u00e7\u00e3o afetando os mercados internacionais, que demonstram resultados mistos. Na ponta, o Banco Inter (BIDI11\/BIDI4) lidera as altas ap\u00f3s not\u00edcias sobre as negocia\u00e7\u00f5es recentes da companhia. Banco Inter (BIDI11) &#8211; Foto: [&hellip;]<\/p>\n","protected":false},"author":73,"featured_media":154428,"comment_status":"closed","ping_status":"closed","sticky":false,"template":"","format":"standard","meta":[],"categories":[60],"tags":[106764,369,397,460,105816,721,2426,595],"suno_strategy":[],"class_list":["post-189848","post","type-post","status-publish","format-standard","has-post-thumbnail","hentry","category-mercado","tag-banco-inter-bidi11","tag-banco-inter-bidi11-bidi4-bidi3","tag-brf-brfs3","tag-embraer-embr3","tag-especialistas","tag-ibovespa","tag-petr3","tag-petrobras-petr4"],"yoast_head":"<!-- This site is optimized with the Yoast SEO plugin v24.4 - https:\/\/yoast.com\/wordpress\/plugins\/seo\/ -->\n<title>Ibovespa abre em alta; Banco Inter (BIDI4) subindo 8% ap\u00f3s tombos<\/title>\n<meta name=\"description\" content=\"Ap\u00f3s amargar quedas intensas em quatro preg\u00f5es seguidos, as a\u00e7\u00f5es do Banco Inter abrem em recupera\u00e7\u00e3o no Ibovespa. Clique aqui e leia mais.\" \/>\n<meta name=\"robots\" content=\"index, follow, max-snippet:-1, max-image-preview:large, max-video-preview:-1\" \/>\n<link rel=\"canonical\" href=\"https:\/\/www.suno.com.br\/noticias\/ibovespa-abre-alta-banco-inter-bidi4-dispara-revelacao-negociacoes\/\" \/>\n<meta property=\"og:locale\" content=\"pt_BR\" \/>\n<meta property=\"og:type\" content=\"article\" \/>\n<meta property=\"og:title\" content=\"Ibovespa abre em alta; Banco Inter (BIDI4) subindo 8% ap\u00f3s tombos\" \/>\n<meta property=\"og:description\" content=\"Ap\u00f3s amargar quedas intensas em quatro preg\u00f5es seguidos, as a\u00e7\u00f5es do Banco Inter abrem em recupera\u00e7\u00e3o no Ibovespa. Clique aqui e leia mais.\" \/>\n<meta property=\"og:url\" content=\"https:\/\/www.suno.com.br\/noticias\/ibovespa-abre-alta-banco-inter-bidi4-dispara-revelacao-negociacoes\/\" \/>\n<meta property=\"og:site_name\" content=\"Suno Not\u00edcias\" \/>\n<meta property=\"article:publisher\" content=\"https:\/\/facebook.com\/sunoresearch\" \/>\n<meta property=\"og:image\" content=\"https:\/\/files.sunoresearch.com.br\/n\/uploads\/2021\/06\/dad9092c-fachada_inter-scaled.jpeg\" \/>\n\t<meta property=\"og:image:width\" content=\"2560\" \/>\n\t<meta property=\"og:image:height\" content=\"1707\" \/>\n\t<meta property=\"og:image:type\" content=\"image\/jpeg\" \/>\n<meta name=\"author\" content=\"Eduardo Vargas\" \/>\n<meta name=\"twitter:card\" content=\"summary_large_image\" \/>\n<meta name=\"twitter:creator\" content=\"@sunoresearch\" \/>\n<meta name=\"twitter:site\" content=\"@sunoresearch\" \/>\n<meta name=\"twitter:label1\" content=\"Escrito por\" \/>\n\t<meta name=\"twitter:data1\" content=\"Eduardo Vargas\" \/>\n\t<meta name=\"twitter:label2\" content=\"Est. tempo de leitura\" \/>\n\t<meta name=\"twitter:data2\" content=\"6 minutos\" \/>\n<script type=\"application\/ld+json\" class=\"yoast-schema-graph\">{\"@context\":\"https:\/\/schema.org\",\"@graph\":[{\"@type\":\"NewsArticle\",\"@id\":\"https:\/\/www.suno.com.br\/noticias\/ibovespa-abre-alta-banco-inter-bidi4-dispara-revelacao-negociacoes\/#article\",\"isPartOf\":{\"@id\":\"https:\/\/www.suno.com.br\/noticias\/ibovespa-abre-alta-banco-inter-bidi4-dispara-revelacao-negociacoes\/\"},\"author\":{\"name\":\"Eduardo Vargas\",\"@id\":\"https:\/\/www.suno.com.br\/noticias\/#\/schema\/person\/7f4d362bf3518e76090143ae77bb49a5\"},\"headline\":\"Ibovespa abre em alta, com Banco Inter (BIDI4) se recuperando ap\u00f3s tombos\",\"datePublished\":\"2021-10-01T13:42:10+00:00\",\"dateModified\":\"2021-10-01T13:46:49+00:00\",\"mainEntityOfPage\":{\"@id\":\"https:\/\/www.suno.com.br\/noticias\/ibovespa-abre-alta-banco-inter-bidi4-dispara-revelacao-negociacoes\/\"},\"wordCount\":1357,\"publisher\":{\"@id\":\"https:\/\/www.suno.com.br\/noticias\/#organization\"},\"image\":{\"@id\":\"https:\/\/www.suno.com.br\/noticias\/ibovespa-abre-alta-banco-inter-bidi4-dispara-revelacao-negociacoes\/#primaryimage\"},\"thumbnailUrl\":\"https:\/\/files.sunoresearch.com.br\/n\/uploads\/2021\/06\/dad9092c-fachada_inter-scaled.jpeg\",\"keywords\":[\"Banco Inter (BIDI11)\",\"Banco Inter (BIDI11\/BIDI4\/BIDI3)\",\"BRF (BRFS3)\",\"Embraer (EMBR3)\",\"Especialistas\",\"Ibovespa\",\"PETR3\",\"Petrobras (PETR4)\"],\"articleSection\":[\"Mercado\"],\"inLanguage\":\"pt-BR\"},{\"@type\":\"WebPage\",\"@id\":\"https:\/\/www.suno.com.br\/noticias\/ibovespa-abre-alta-banco-inter-bidi4-dispara-revelacao-negociacoes\/\",\"url\":\"https:\/\/www.suno.com.br\/noticias\/ibovespa-abre-alta-banco-inter-bidi4-dispara-revelacao-negociacoes\/\",\"name\":\"Ibovespa abre em alta; Banco Inter (BIDI4) subindo 8% ap\u00f3s tombos\",\"isPartOf\":{\"@id\":\"https:\/\/www.suno.com.br\/noticias\/#website\"},\"primaryImageOfPage\":{\"@id\":\"https:\/\/www.suno.com.br\/noticias\/ibovespa-abre-alta-banco-inter-bidi4-dispara-revelacao-negociacoes\/#primaryimage\"},\"image\":{\"@id\":\"https:\/\/www.suno.com.br\/noticias\/ibovespa-abre-alta-banco-inter-bidi4-dispara-revelacao-negociacoes\/#primaryimage\"},\"thumbnailUrl\":\"https:\/\/files.sunoresearch.com.br\/n\/uploads\/2021\/06\/dad9092c-fachada_inter-scaled.jpeg\",\"datePublished\":\"2021-10-01T13:42:10+00:00\",\"dateModified\":\"2021-10-01T13:46:49+00:00\",\"description\":\"Ap\u00f3s amargar quedas intensas em quatro preg\u00f5es seguidos, as a\u00e7\u00f5es do Banco Inter abrem em recupera\u00e7\u00e3o no Ibovespa. Clique aqui e leia mais.\",\"breadcrumb\":{\"@id\":\"https:\/\/www.suno.com.br\/noticias\/ibovespa-abre-alta-banco-inter-bidi4-dispara-revelacao-negociacoes\/#breadcrumb\"},\"inLanguage\":\"pt-BR\",\"potentialAction\":[{\"@type\":\"ReadAction\",\"target\":[\"https:\/\/www.suno.com.br\/noticias\/ibovespa-abre-alta-banco-inter-bidi4-dispara-revelacao-negociacoes\/\"]}]},{\"@type\":\"ImageObject\",\"inLanguage\":\"pt-BR\",\"@id\":\"https:\/\/www.suno.com.br\/noticias\/ibovespa-abre-alta-banco-inter-bidi4-dispara-revelacao-negociacoes\/#primaryimage\",\"url\":\"https:\/\/files.sunoresearch.com.br\/n\/uploads\/2021\/06\/dad9092c-fachada_inter-scaled.jpeg\",\"contentUrl\":\"https:\/\/files.sunoresearch.com.br\/n\/uploads\/2021\/06\/dad9092c-fachada_inter-scaled.jpeg\",\"width\":2560,\"height\":1707,\"caption\":\"Banco Inter (BIDI11) - Foto: Divulga\u00e7\u00e3o\"},{\"@type\":\"BreadcrumbList\",\"@id\":\"https:\/\/www.suno.com.br\/noticias\/ibovespa-abre-alta-banco-inter-bidi4-dispara-revelacao-negociacoes\/#breadcrumb\",\"itemListElement\":[{\"@type\":\"ListItem\",\"position\":1,\"name\":\"Not\u00edcias\",\"item\":\"https:\/\/www.suno.com.br\/noticias\/\"},{\"@type\":\"ListItem\",\"position\":2,\"name\":\"Mercado\",\"item\":\"https:\/\/www.suno.com.br\/noticias\/mercado\/\"},{\"@type\":\"ListItem\",\"position\":3,\"name\":\"Ibovespa abre em alta, com Banco Inter (BIDI4) se recuperando ap\u00f3s tombos\"}]},{\"@type\":\"WebSite\",\"@id\":\"https:\/\/www.suno.com.br\/noticias\/#website\",\"url\":\"https:\/\/www.suno.com.br\/noticias\/\",\"name\":\"Suno Not\u00edcias\",\"description\":\"Seu portal de informa\u00e7\u00e3o sobre o mundo dos investimentos\",\"publisher\":{\"@id\":\"https:\/\/www.suno.com.br\/noticias\/#organization\"},\"potentialAction\":[{\"@type\":\"SearchAction\",\"target\":{\"@type\":\"EntryPoint\",\"urlTemplate\":\"https:\/\/www.suno.com.br\/noticias\/?s={search_term_string}\"},\"query-input\":{\"@type\":\"PropertyValueSpecification\",\"valueRequired\":true,\"valueName\":\"search_term_string\"}}],\"inLanguage\":\"pt-BR\"},{\"@type\":\"Organization\",\"@id\":\"https:\/\/www.suno.com.br\/noticias\/#organization\",\"name\":\"Suno Not\u00edcias\",\"url\":\"https:\/\/www.suno.com.br\/noticias\/\",\"logo\":{\"@type\":\"ImageObject\",\"inLanguage\":\"pt-BR\",\"@id\":\"https:\/\/www.suno.com.br\/noticias\/#\/schema\/logo\/image\/\",\"url\":\"https:\/\/files.sunoresearch.com.br\/n\/uploads\/2021\/09\/suno-logo.png\",\"contentUrl\":\"https:\/\/files.sunoresearch.com.br\/n\/uploads\/2021\/09\/suno-logo.png\",\"width\":180,\"height\":180,\"caption\":\"Suno Not\u00edcias\"},\"image\":{\"@id\":\"https:\/\/www.suno.com.br\/noticias\/#\/schema\/logo\/image\/\"},\"sameAs\":[\"https:\/\/facebook.com\/sunoresearch\",\"https:\/\/x.com\/sunoresearch\",\"https:\/\/www.instagram.com\/suno\",\"https:\/\/www.linkedin.com\/company\/suno-research\/\",\"https:\/\/www.youtube.com\/c\/sunoresearch\"]},{\"@type\":\"Person\",\"@id\":\"https:\/\/www.suno.com.br\/noticias\/#\/schema\/person\/7f4d362bf3518e76090143ae77bb49a5\",\"name\":\"Eduardo Vargas\",\"image\":{\"@type\":\"ImageObject\",\"inLanguage\":\"pt-BR\",\"@id\":\"https:\/\/www.suno.com.br\/noticias\/#\/schema\/person\/image\/\",\"url\":\"https:\/\/secure.gravatar.com\/avatar\/dac340933427a22924c9f99d1eb2e3f2?s=96&r=g\",\"contentUrl\":\"https:\/\/secure.gravatar.com\/avatar\/dac340933427a22924c9f99d1eb2e3f2?s=96&r=g\",\"caption\":\"Eduardo Vargas\"},\"description\":\"Jornalista formado pela UFSC, cobre macroeconomia, neg\u00f3cios e startups para o Suno Not\u00edcias, escrevendo principalmente not\u00edcias sobre o mercado financeiro e a bolsa de valores. No YouTube e no Instagram, \u00e9 respons\u00e1vel pela produ\u00e7\u00e3o de Reels e Shorts do Suno Not\u00edcias. Anteriormente, trabalhou cobrindo economia e cotidiano no ND+ e para o ND, maior jornal impresso de Santa Catarina. Cursou um semestre letivo de Estudos de M\u00eddia na Universidad de Buenos Aires.\",\"url\":\"https:\/\/www.suno.com.br\/noticias\/author\/eduardo-vargas\/\"}]}<\/script>\n<!-- \/ Yoast SEO plugin. -->","yoast_head_json":{"title":"Ibovespa abre em alta; Banco Inter (BIDI4) subindo 8% ap\u00f3s tombos","description":"Ap\u00f3s amargar quedas intensas em quatro preg\u00f5es seguidos, as a\u00e7\u00f5es do Banco Inter abrem em recupera\u00e7\u00e3o no Ibovespa. Clique aqui e leia mais.","robots":{"index":"index","follow":"follow","max-snippet":"max-snippet:-1","max-image-preview":"max-image-preview:large","max-video-preview":"max-video-preview:-1"},"canonical":"https:\/\/www.suno.com.br\/noticias\/ibovespa-abre-alta-banco-inter-bidi4-dispara-revelacao-negociacoes\/","og_locale":"pt_BR","og_type":"article","og_title":"Ibovespa abre em alta; Banco Inter (BIDI4) subindo 8% ap\u00f3s tombos","og_description":"Ap\u00f3s amargar quedas intensas em quatro preg\u00f5es seguidos, as a\u00e7\u00f5es do Banco Inter abrem em recupera\u00e7\u00e3o no Ibovespa. Clique aqui e leia mais.","og_url":"https:\/\/www.suno.com.br\/noticias\/ibovespa-abre-alta-banco-inter-bidi4-dispara-revelacao-negociacoes\/","og_site_name":"Suno Not\u00edcias","article_publisher":"https:\/\/facebook.com\/sunoresearch","og_image":[{"width":2560,"height":1707,"url":"https:\/\/files.sunoresearch.com.br\/n\/uploads\/2021\/06\/dad9092c-fachada_inter-scaled.jpeg","type":"image\/jpeg"}],"author":"Eduardo Vargas","twitter_card":"summary_large_image","twitter_creator":"@sunoresearch","twitter_site":"@sunoresearch","twitter_misc":{"Escrito por":"Eduardo Vargas","Est. tempo de leitura":"6 minutos"},"schema":{"@context":"https:\/\/schema.org","@graph":[{"@type":"NewsArticle","@id":"https:\/\/www.suno.com.br\/noticias\/ibovespa-abre-alta-banco-inter-bidi4-dispara-revelacao-negociacoes\/#article","isPartOf":{"@id":"https:\/\/www.suno.com.br\/noticias\/ibovespa-abre-alta-banco-inter-bidi4-dispara-revelacao-negociacoes\/"},"author":{"name":"Eduardo Vargas","@id":"https:\/\/www.suno.com.br\/noticias\/#\/schema\/person\/7f4d362bf3518e76090143ae77bb49a5"},"headline":"Ibovespa abre em alta, com Banco Inter (BIDI4) se recuperando ap\u00f3s tombos","datePublished":"2021-10-01T13:42:10+00:00","dateModified":"2021-10-01T13:46:49+00:00","mainEntityOfPage":{"@id":"https:\/\/www.suno.com.br\/noticias\/ibovespa-abre-alta-banco-inter-bidi4-dispara-revelacao-negociacoes\/"},"wordCount":1357,"publisher":{"@id":"https:\/\/www.suno.com.br\/noticias\/#organization"},"image":{"@id":"https:\/\/www.suno.com.br\/noticias\/ibovespa-abre-alta-banco-inter-bidi4-dispara-revelacao-negociacoes\/#primaryimage"},"thumbnailUrl":"https:\/\/files.sunoresearch.com.br\/n\/uploads\/2021\/06\/dad9092c-fachada_inter-scaled.jpeg","keywords":["Banco Inter (BIDI11)","Banco Inter (BIDI11\/BIDI4\/BIDI3)","BRF (BRFS3)","Embraer (EMBR3)","Especialistas","Ibovespa","PETR3","Petrobras (PETR4)"],"articleSection":["Mercado"],"inLanguage":"pt-BR"},{"@type":"WebPage","@id":"https:\/\/www.suno.com.br\/noticias\/ibovespa-abre-alta-banco-inter-bidi4-dispara-revelacao-negociacoes\/","url":"https:\/\/www.suno.com.br\/noticias\/ibovespa-abre-alta-banco-inter-bidi4-dispara-revelacao-negociacoes\/","name":"Ibovespa abre em alta; Banco Inter (BIDI4) subindo 8% ap\u00f3s tombos","isPartOf":{"@id":"https:\/\/www.suno.com.br\/noticias\/#website"},"primaryImageOfPage":{"@id":"https:\/\/www.suno.com.br\/noticias\/ibovespa-abre-alta-banco-inter-bidi4-dispara-revelacao-negociacoes\/#primaryimage"},"image":{"@id":"https:\/\/www.suno.com.br\/noticias\/ibovespa-abre-alta-banco-inter-bidi4-dispara-revelacao-negociacoes\/#primaryimage"},"thumbnailUrl":"https:\/\/files.sunoresearch.com.br\/n\/uploads\/2021\/06\/dad9092c-fachada_inter-scaled.jpeg","datePublished":"2021-10-01T13:42:10+00:00","dateModified":"2021-10-01T13:46:49+00:00","description":"Ap\u00f3s amargar quedas intensas em quatro preg\u00f5es seguidos, as a\u00e7\u00f5es do Banco Inter abrem em recupera\u00e7\u00e3o no Ibovespa. Clique aqui e leia mais.","breadcrumb":{"@id":"https:\/\/www.suno.com.br\/noticias\/ibovespa-abre-alta-banco-inter-bidi4-dispara-revelacao-negociacoes\/#breadcrumb"},"inLanguage":"pt-BR","potentialAction":[{"@type":"ReadAction","target":["https:\/\/www.suno.com.br\/noticias\/ibovespa-abre-alta-banco-inter-bidi4-dispara-revelacao-negociacoes\/"]}]},{"@type":"ImageObject","inLanguage":"pt-BR","@id":"https:\/\/www.suno.com.br\/noticias\/ibovespa-abre-alta-banco-inter-bidi4-dispara-revelacao-negociacoes\/#primaryimage","url":"https:\/\/files.sunoresearch.com.br\/n\/uploads\/2021\/06\/dad9092c-fachada_inter-scaled.jpeg","contentUrl":"https:\/\/files.sunoresearch.com.br\/n\/uploads\/2021\/06\/dad9092c-fachada_inter-scaled.jpeg","width":2560,"height":1707,"caption":"Banco Inter (BIDI11) - Foto: Divulga\u00e7\u00e3o"},{"@type":"BreadcrumbList","@id":"https:\/\/www.suno.com.br\/noticias\/ibovespa-abre-alta-banco-inter-bidi4-dispara-revelacao-negociacoes\/#breadcrumb","itemListElement":[{"@type":"ListItem","position":1,"name":"Not\u00edcias","item":"https:\/\/www.suno.com.br\/noticias\/"},{"@type":"ListItem","position":2,"name":"Mercado","item":"https:\/\/www.suno.com.br\/noticias\/mercado\/"},{"@type":"ListItem","position":3,"name":"Ibovespa abre em alta, com Banco Inter (BIDI4) se recuperando ap\u00f3s tombos"}]},{"@type":"WebSite","@id":"https:\/\/www.suno.com.br\/noticias\/#website","url":"https:\/\/www.suno.com.br\/noticias\/","name":"Suno Not\u00edcias","description":"Seu portal de informa\u00e7\u00e3o sobre o mundo dos investimentos","publisher":{"@id":"https:\/\/www.suno.com.br\/noticias\/#organization"},"potentialAction":[{"@type":"SearchAction","target":{"@type":"EntryPoint","urlTemplate":"https:\/\/www.suno.com.br\/noticias\/?s={search_term_string}"},"query-input":{"@type":"PropertyValueSpecification","valueRequired":true,"valueName":"search_term_string"}}],"inLanguage":"pt-BR"},{"@type":"Organization","@id":"https:\/\/www.suno.com.br\/noticias\/#organization","name":"Suno Not\u00edcias","url":"https:\/\/www.suno.com.br\/noticias\/","logo":{"@type":"ImageObject","inLanguage":"pt-BR","@id":"https:\/\/www.suno.com.br\/noticias\/#\/schema\/logo\/image\/","url":"https:\/\/files.sunoresearch.com.br\/n\/uploads\/2021\/09\/suno-logo.png","contentUrl":"https:\/\/files.sunoresearch.com.br\/n\/uploads\/2021\/09\/suno-logo.png","width":180,"height":180,"caption":"Suno Not\u00edcias"},"image":{"@id":"https:\/\/www.suno.com.br\/noticias\/#\/schema\/logo\/image\/"},"sameAs":["https:\/\/facebook.com\/sunoresearch","https:\/\/x.com\/sunoresearch","https:\/\/www.instagram.com\/suno","https:\/\/www.linkedin.com\/company\/suno-research\/","https:\/\/www.youtube.com\/c\/sunoresearch"]},{"@type":"Person","@id":"https:\/\/www.suno.com.br\/noticias\/#\/schema\/person\/7f4d362bf3518e76090143ae77bb49a5","name":"Eduardo Vargas","image":{"@type":"ImageObject","inLanguage":"pt-BR","@id":"https:\/\/www.suno.com.br\/noticias\/#\/schema\/person\/image\/","url":"https:\/\/secure.gravatar.com\/avatar\/dac340933427a22924c9f99d1eb2e3f2?s=96&r=g","contentUrl":"https:\/\/secure.gravatar.com\/avatar\/dac340933427a22924c9f99d1eb2e3f2?s=96&r=g","caption":"Eduardo Vargas"},"description":"Jornalista formado pela UFSC, cobre macroeconomia, neg\u00f3cios e startups para o Suno Not\u00edcias, escrevendo principalmente not\u00edcias sobre o mercado financeiro e a bolsa de valores. No YouTube e no Instagram, \u00e9 respons\u00e1vel pela produ\u00e7\u00e3o de Reels e Shorts do Suno Not\u00edcias. Anteriormente, trabalhou cobrindo economia e cotidiano no ND+ e para o ND, maior jornal impresso de Santa Catarina. Cursou um semestre letivo de Estudos de M\u00eddia na Universidad de Buenos Aires.","url":"https:\/\/www.suno.com.br\/noticias\/author\/eduardo-vargas\/"}]}},"default_loop_html":"<div class=\"cardsPage__listCard__boxs\"><div class=\"cardsPage__listCard__boxs__img\"><a href=\"https:\/\/www.suno.com.br\/noticias\/ibovespa-abre-alta-banco-inter-bidi4-dispara-revelacao-negociacoes\/\"><img class=\"mask\" src=\"https:\/\/www.suno.com.br\/noticias\/wp-content\/themes\/suno\/resources\/images\/spotlight\/spotlight1img\/bg-mask.png\" alt=\"Image Mask\"\/><img src=\"https:\/\/files.sunoresearch.com.br\/n\/uploads\/2021\/06\/dad9092c-fachada_inter-400x200.jpeg\" alt=\"Ibovespa abre em alta, com Banco Inter (BIDI4) se recuperando ap\u00f3s tombos\"\/><\/a><span class=\"spotlightCategory\"><a href=\"https:\/\/www.suno.com.br\/noticias\/mercado\/\">Mercado<\/a><\/span><\/div><div class=\"cardsPage__listCard__boxs__content\"><a href=\"https:\/\/www.suno.com.br\/noticias\/ibovespa-abre-alta-banco-inter-bidi4-dispara-revelacao-negociacoes\/\"><h2 class=\"content__title\">Ibovespa abre em alta, com Banco Inter (BIDI4) se recuperando ap\u00f3s tombos<\/h2><\/a><div class=\"newsContent__article__meta\"><div class=\"newsContent__article__meta__authorBox\"><a href=\"https:\/\/www.suno.com.br\/noticias\/author\/eduardo-vargas\/\" class=\"authorBox__avatar noMobi\"><img src=\"https:\/\/secure.gravatar.com\/avatar\/dac340933427a22924c9f99d1eb2e3f2?s=96&#038;r=g\" alt=\"Eduardo Vargas\"><\/a><div class=\"authorBox__name\"><span>por\n\t\t\t<a href=\"https:\/\/www.suno.com.br\/noticias\/author\/eduardo-vargas\/\"><span itemprop=\"author\">Eduardo Vargas<\/span><\/a><\/span><time datetime=\"2021-10-01T10:42:10-03:00\" itemprop=\"datePublished\">01\/10\/2021 10:42<\/time><\/div><\/div><\/div><\/div><\/div>","single_layout":"posts","amp_enabled":true,"_links":{"self":[{"href":"https:\/\/www.suno.com.br\/noticias\/wp-json\/wp\/v2\/posts\/189848"}],"collection":[{"href":"https:\/\/www.suno.com.br\/noticias\/wp-json\/wp\/v2\/posts"}],"about":[{"href":"https:\/\/www.suno.com.br\/noticias\/wp-json\/wp\/v2\/types\/post"}],"author":[{"embeddable":true,"href":"https:\/\/www.suno.com.br\/noticias\/wp-json\/wp\/v2\/users\/73"}],"replies":[{"embeddable":true,"href":"https:\/\/www.suno.com.br\/noticias\/wp-json\/wp\/v2\/comments?post=189848"}],"version-history":[{"count":3,"href":"https:\/\/www.suno.com.br\/noticias\/wp-json\/wp\/v2\/posts\/189848\/revisions"}],"predecessor-version":[{"id":189889,"href":"https:\/\/www.suno.com.br\/noticias\/wp-json\/wp\/v2\/posts\/189848\/revisions\/189889"}],"wp:featuredmedia":[{"embeddable":true,"href":"https:\/\/www.suno.com.br\/noticias\/wp-json\/wp\/v2\/media\/154428"}],"wp:attachment":[{"href":"https:\/\/www.suno.com.br\/noticias\/wp-json\/wp\/v2\/media?parent=189848"}],"wp:term":[{"taxonomy":"category","embeddable":true,"href":"https:\/\/www.suno.com.br\/noticias\/wp-json\/wp\/v2\/categories?post=189848"},{"taxonomy":"post_tag","embeddable":true,"href":"https:\/\/www.suno.com.br\/noticias\/wp-json\/wp\/v2\/tags?post=189848"},{"taxonomy":"suno_strategy","embeddable":true,"href":"https:\/\/www.suno.com.br\/noticias\/wp-json\/wp\/v2\/suno_strategy?post=189848"}],"curies":[{"name":"wp","href":"https:\/\/api.w.org\/{rel}","templated":true}]}}