{"id":189775,"date":"2021-10-01T08:59:02","date_gmt":"2021-10-01T11:59:02","guid":{"rendered":"https:\/\/www.suno.com.br\/noticias\/?p=189775"},"modified":"2021-10-01T08:59:02","modified_gmt":"2021-10-01T11:59:02","slug":"petrobras-petr4-bolsonaro-fundo-para-combustiveis","status":"publish","type":"post","link":"https:\/\/www.suno.com.br\/noticias\/petrobras-petr4-bolsonaro-fundo-para-combustiveis\/","title":{"rendered":"Bolsonaro quer usar dividendos da Petrobras (PETR4) para conter combust\u00edveis"},"content":{"rendered":"<p>Em transmiss\u00e3o ao vivo nas redes sociais, o presidente Jair Bolsonaro sugeriu a possibilidade de repassar os <a class=\"suno-keyword\" href=\"https:\/\/www.suno.com.br\/guias\/dividendos\/\" target=\"_blank\" rel=\"noopener\" data-force=\"no\" data-priority=\"1\">dividendos<\/a> da <a class=\"suno-keyword\" href=\"https:\/\/www.suno.com.br\/acoes\/PETR4\/\" target=\"_blank\" rel=\"noopener\" data-force=\"yes\" data-priority=\"2\"><strong>Petrobras<\/strong> (PETR4)<\/a> para um fundo regulador que module a alta dos combust\u00edveis. A fala aconteceu na \u00faltima quinta-feira (30), em uma das lives habituais do presidente.<\/p>\t<div class=\"wrapper-featured-image\">\n\t\t<figure class=\"spotlightImg\">\n\n\t\t\t<picture>\n\t\t\t\t<source media=\"(max-width: 768px)\" srcset=\"https:\/\/files.sunoresearch.com.br\/n\/uploads\/2021\/03\/492ba11e-jair-bolsonaro-foto-alan-santos-pr-2-400x200.webp\">\n\t\t\t\t<img loading=\"lazy\" decoding=\"async\" class=\"newsContent__article__imgCapa lazyloadDisabled \" src=\"https:\/\/files.sunoresearch.com.br\/n\/uploads\/2021\/03\/492ba11e-jair-bolsonaro-foto-alan-santos-pr-2-800x450.webp\" width=\"800\" height=\"450\" alt=\"Bolsonaro quer usar dividendos da Petrobras (PETR4) para conter combust\u00edveis\" fetchpriority=high \/>\n\t\t\t<\/picture>\n\n\t\t\t<figcaption class=\"wp-caption-text wp-caption-text--show\">Teto de gastos foi motivo de quedas intensas da bolsa nos \u00faltimos dias - Foto: Alan Santos PR<\/figcaption>\n\t\t<\/figure>\n\t<\/div>\n\n\n\t<p>\n\t\t<a href=\"https:\/\/lp.suno.com.br\/planilha-controle-gastos\/\" target=\"_blank\" data-element=\"shortcode-suno-banner\" title=\"Banner SUNO, clique e saiba mais\">\n\t\t\t<picture>\n\t\t\t\t<source media=\"(max-width: 500px)\" srcset=\"https:\/\/files.sunoresearch.com.br\/n\/uploads\/2023\/03\/400x300-Planilha-controle-de-gastos.png\">\n\t\t\t\t<img class=\"newsContent__article__imgCapa newsContent__article__imgCapa--banner\"\n\t\t\t\t\tsrc=\"https:\/\/files.sunoresearch.com.br\/n\/uploads\/2023\/03\/1420x240-Planilha-controle-de-gastos.png\"\n\t\t\t\t\tdata-promo-id=\"101751\"\t\t\t\t\t\t\t\t\t\twidth='1420' height='240'\t\t\t\t\talt=\"https:\/\/files.sunoresearch.com.br\/n\/uploads\/2023\/03\/1420x240-Planilha-controle-de-gastos.png\"\n\t\t\t\t>\n\t\t\t<\/picture>\n\t\t<\/a>\n\t<\/p>\n\n\n<p>Segundo <strong>Bolsonaro<\/strong>, ele j\u00e1 discutiu essa possibilidade com o presidente do Banco Nacional de <a class=\"suno-keyword\" href=\"https:\/\/www.suno.com.br\/artigos\/desenvolvimento-economico\/\" target=\"_blank\" rel=\"noopener\" data-force=\"no\" data-priority=\"1\">Desenvolvimento Econ\u00f4mico<\/a> e Social (BNDES), Gustavo Montezano. &#8220;Vim conversando com Montezano, hoje, no avi\u00e3o, pegando dicas com ele, do que a gente pode fazer&#8221;.<\/p>\n\t<div data-element=\"shortcode-read-more\" class=\"knowMore\">\n\t\t\t\t<a class=\"knowMore__link\" href=\"https:\/\/www.suno.com.br\/noticias\/petrobras-petr4-vai-subsidiar-gas-de-cozinha\/\">\n\t\t\tPetrobras (PETR4) vai destinar R$ 300 milh\u00f5es para subsidiar g\u00e1s de cozinha\t\t<\/a>\n\t<\/div>\n\n\n<p>A sugest\u00e3o do presidente \u00e9 criar um fundo regulador com os <strong>dividendos da Petrobras<\/strong> que s\u00e3o destinados \u00e0 Uni\u00e3o.\u00a0&#8220;Toda vez que der um aumento, voc\u00ea n\u00e3o repassar todo aumento, ou n\u00e3o repassar aumento nenhum. Voc\u00ea faz caixa quando est\u00e1 mais no baixo e quando sobe, voc\u00ea, com esse caixa, compensa o reajuste l\u00e1 na frente&#8221;, disse Bolsonaro na live.<\/p>\n\t<p>\n\t\t<a href=\"https:\/\/lp.suno.com.br\/planilha-da-vida-financeira\/\" target=\"_blank\" data-element=\"shortcode-suno-banner\" title=\"Banner SUNO, clique e saiba mais\">\n\t\t\t<picture>\n\t\t\t\t<source media=\"(max-width: 500px)\" srcset=\"https:\/\/files.sunoresearch.com.br\/n\/uploads\/2023\/04\/400x300-Planilha-vida-financeira-true.png\">\n\t\t\t\t<img class=\"newsContent__article__imgCapa newsContent__article__imgCapa--banner\"\n\t\t\t\t\tsrc=\"https:\/\/files.sunoresearch.com.br\/n\/uploads\/2023\/04\/1420x240-Planilha-vida-financeira-true.png\"\n\t\t\t\t\tdata-promo-id=\"106682\"\t\t\t\t\t\t\t\t\t\twidth='1420' height='240'\t\t\t\t\talt=\"https:\/\/files.sunoresearch.com.br\/n\/uploads\/2023\/04\/1420x240-Planilha-vida-financeira-true.png\"\n\t\t\t\t>\n\t\t\t<\/picture>\n\t\t<\/a>\n\t<\/p>\n\n\n<p>A possibilidade de criar um fundo regulador, que amenize o impacto de oscila\u00e7\u00f5es do mercado internacional sobre o <strong>pre\u00e7o dos combust\u00edveis<\/strong>, <a href=\"https:\/\/www.suno.com.br\/noticias\/lira-critica-preco-gasolina\/\" target=\"_blank\" rel=\"noopener\">j\u00e1 foi sugerida ontem pelo presidente da C\u00e2mara<\/a>, Arthur Lira (PP-AL). O parlamentar disse que a medida n\u00e3o alteraria a pol\u00edtica de <strong>pre\u00e7os da Petrobras<\/strong>, explicada por Bolsonaro a seus apoiadores durante a live.<\/p>\n<p>&#8220;Voc\u00eas ficam indagando, como a gente pode ser autossuficiente (em petr\u00f3leo) e pagar o pre\u00e7o do mercado internacional? \u00c9 uma coisa acertada l\u00e1 atr\u00e1s&#8221;, afirmou o presidente. <strong>Jair Bolsonaro<\/strong> ainda citou o combate ao desperd\u00edcio com contratos de alugu\u00e9is como forma de reduzir o valor dos combust\u00edveis. &#8220;Com <strong>Silva e Luna<\/strong>, estamos atacando em outra frente: o desperd\u00edcio da Petrobras.&#8221;<\/p>\n<h2>Bolsonaro ataca governadores com ICMS<\/h2>\n<p>Em mais uma refer\u00eancia aos governadores, Bolsonaro atribuiu novamente a <strong>alta dos combust\u00edveis<\/strong> \u00e0 incid\u00eancia do ICMS sobre os produtos da Petrobras. Em live desta quinta, ele declarou que a redu\u00e7\u00e3o porcentual do imposto, j\u00e1 anunciada por Roraima, n\u00e3o resolve. &#8220;N\u00e3o \u00e9 a solu\u00e7\u00e3o, a solu\u00e7\u00e3o \u00e9 cada Estado ter seu valor fixo&#8221;, disse.<\/p>\n\t<p>\n\t\t<a href=\"https:\/\/lp.suno.com.br\/ebook-como-analisar-uma-acao\/\" target=\"_blank\" data-element=\"shortcode-suno-banner\" title=\"Banner SUNO, clique e saiba mais\">\n\t\t\t<picture>\n\t\t\t\t<source media=\"(max-width: 500px)\" srcset=\"https:\/\/files.sunoresearch.com.br\/n\/uploads\/2023\/03\/Ebook-Acoes-Mobile-1.jpg\">\n\t\t\t\t<img class=\"newsContent__article__imgCapa newsContent__article__imgCapa--banner\"\n\t\t\t\t\tsrc=\"https:\/\/files.sunoresearch.com.br\/n\/uploads\/2023\/03\/Ebook-Acoes-Desktop-1.jpg\"\n\t\t\t\t\tdata-promo-id=\"171998\"\t\t\t\t\t\t\t\t\t\twidth='1420' height='286'\t\t\t\t\talt=\"https:\/\/files.sunoresearch.com.br\/n\/uploads\/2023\/03\/Ebook-Acoes-Desktop-1.jpg\"\n\t\t\t\t>\n\t\t\t<\/picture>\n\t\t<\/a>\n\t<\/p>\n\n\n<p>Com apoio de Lira, o governo defende projeto em tramita\u00e7\u00e3o no Congresso para fixar o <a class=\"suno-keyword\" href=\"https:\/\/www.suno.com.br\/artigos\/valor-nominal\/\" target=\"_blank\" rel=\"noopener\" data-force=\"no\" data-priority=\"1\">valor nominal<\/a> do ICMS, uma das principais fontes de renda dos Estados, e n\u00e3o apenas a al\u00edquota. &#8220;Lira \u00e9 o presidente da C\u00e2mara, mas n\u00e3o tem o poder que muita gente pensa que tem, ele n\u00e3o manda, ele conduz&#8221;, acenou o presidente ao aliado.<\/p>\n<p>&#8220;L\u00e1 dentro do parlamento, vai ter o lobby de muitos governadores&#8221;, acrescentou, sobre a pauta de <strong>fixar o ICMS<\/strong>. &#8220;N\u00e3o quero encrenca com governador.&#8221;<\/p>\n\t<div data-element=\"shortcode-read-more\" class=\"knowMore\">\n\t\t\t\t<a class=\"knowMore__link\" href=\"https:\/\/www.suno.com.br\/noticias\/bolsonaro-combustiveis-petrobras-divida\/\">\n\t\t\tBolsonaro diz que pre\u00e7o alto dos combust\u00edveis \u00e9 heran\u00e7a da Petrobras (PETR4)\t\t<\/a>\n\t<\/div>\n\n\n<p>Tamb\u00e9m presente na transmiss\u00e3o ao vivo, o ministro da Infraestrutura, Tarc\u00edsio de Freitas, sugeriu o aumento do valor do intervalo de refer\u00eancia para reajuste dos combust\u00edveis como uma poss\u00edvel solu\u00e7\u00e3o para o impasse. &#8220;O impacto seria menor e daria mais flexibilidade&#8221;, disse. &#8220;Todas as medidas que podem ser estudadas pelo governo est\u00e3o sendo estudadas&#8221;, garantiu.<\/p>\n<p>O presidente ainda voltou a afirmar que o diesel est\u00e1 caro, mas abaixo da m\u00e9dia mundial. &#8220;N\u00e3o posso fazer milagre, alguns querem que eu interfira na canetada, mantenha o pre\u00e7o l\u00e1 embaixo, se eu fizer isso, o caos se instala&#8221;, reconheceu o presidente sobre o problema de interferir na <strong>Petrobras<\/strong>.<\/p>\n<h2>\u00daltima cota\u00e7\u00e3o da Petrobras<\/h2>\n<p>Ap\u00f3s o preg\u00e3o de quinta-feira (30), a <strong>cota\u00e7\u00e3o da Petrobras<\/strong> fechou em queda de 0,80%, com as a\u00e7\u00f5es preferenciais <strong>PETR4<\/strong> valendo R$ 27,23.<\/p>\n<p>Nos \u00faltimos 12 meses, os pap\u00e9is da <strong>Petrobras<\/strong> acumulam valoriza\u00e7\u00e3o de 56,85%, sendo negociados a R$ 28,99 na m\u00e1xima e a R$ 16,19 na m\u00ednima.<\/p>\n\t<p>\n\t\t<a href=\"\" target=\"_blank\" data-element=\"shortcode-suno-banner\" title=\"Banner SUNO, clique e saiba mais\">\n\t\t\t<picture>\n\t\t\t\t<source media=\"(max-width: 500px)\" srcset=\"\">\n\t\t\t\t<img class=\"newsContent__article__imgCapa newsContent__article__imgCapa--banner\"\n\t\t\t\t\tsrc=\"\"\n\t\t\t\t\tdata-promo-id=\"184190\"\t\t\t\t\t\t\t\t\t\t\t\t\t\t\talt=\"\"\n\t\t\t\t>\n\t\t\t<\/picture>\n\t\t<\/a>\n\t<\/p>\n\n\n<p><em>Com informa\u00e7\u00f5es de Estad\u00e3o Conte\u00fado.\u00a0<\/em><\/p>\n","protected":false},"excerpt":{"rendered":"<p>Em transmiss\u00e3o ao vivo nas redes sociais, o presidente Jair Bolsonaro sugeriu a possibilidade de repassar os dividendos da Petrobras (PETR4) para um fundo regulador que module a alta dos combust\u00edveis. A fala aconteceu na \u00faltima quinta-feira (30), em uma das lives habituais do presidente. Teto de gastos foi motivo de quedas intensas da bolsa [&hellip;]<\/p>\n","protected":false},"author":102,"featured_media":130354,"comment_status":"closed","ping_status":"closed","sticky":false,"template":"","format":"standard","meta":[],"categories":[64],"tags":[1437,295,719,595],"suno_strategy":[],"class_list":["post-189775","post","type-post","status-publish","format-standard","has-post-thumbnail","hentry","category-negocios","tag-combustiveis","tag-dividendos","tag-jair-bolsonaro","tag-petrobras-petr4"],"yoast_head":"<!-- This site is optimized with the Yoast SEO plugin v24.4 - https:\/\/yoast.com\/wordpress\/plugins\/seo\/ -->\n<title>Bolsonaro quer usar dividendos da Petrobras (PETR4) para conter combust\u00edveis<\/title>\n<meta name=\"description\" content=\"O presidente sugeriu em live, na quinta-feira (30), que se crie um fundo com dividendos da Petrobras (PETR4) para subsidiar combust\u00edveis.\" \/>\n<meta name=\"robots\" content=\"index, follow, max-snippet:-1, max-image-preview:large, max-video-preview:-1\" \/>\n<link rel=\"canonical\" href=\"https:\/\/www.suno.com.br\/noticias\/petrobras-petr4-bolsonaro-fundo-para-combustiveis\/\" \/>\n<meta property=\"og:locale\" content=\"pt_BR\" \/>\n<meta property=\"og:type\" content=\"article\" \/>\n<meta property=\"og:title\" content=\"Bolsonaro quer usar dividendos da Petrobras (PETR4) para conter combust\u00edveis\" \/>\n<meta property=\"og:description\" content=\"O presidente sugeriu em live, na quinta-feira (30), que se crie um fundo com dividendos da Petrobras (PETR4) para subsidiar combust\u00edveis.\" \/>\n<meta property=\"og:url\" content=\"https:\/\/www.suno.com.br\/noticias\/petrobras-petr4-bolsonaro-fundo-para-combustiveis\/\" \/>\n<meta property=\"og:site_name\" content=\"Suno Not\u00edcias\" \/>\n<meta property=\"article:publisher\" content=\"https:\/\/facebook.com\/sunoresearch\" \/>\n<meta property=\"og:image\" content=\"https:\/\/files.sunoresearch.com.br\/n\/uploads\/2021\/03\/492ba11e-jair-bolsonaro-foto-alan-santos-pr-2.jpg\" \/>\n\t<meta property=\"og:image:width\" content=\"1200\" \/>\n\t<meta property=\"og:image:height\" content=\"800\" \/>\n\t<meta property=\"og:image:type\" content=\"image\/jpeg\" \/>\n<meta name=\"author\" content=\"Monique Lima\" \/>\n<meta name=\"twitter:card\" content=\"summary_large_image\" \/>\n<meta name=\"twitter:creator\" content=\"@sunoresearch\" \/>\n<meta name=\"twitter:site\" content=\"@sunoresearch\" \/>\n<meta name=\"twitter:label1\" content=\"Escrito por\" \/>\n\t<meta name=\"twitter:data1\" content=\"Monique Lima\" \/>\n\t<meta name=\"twitter:label2\" content=\"Est. tempo de leitura\" \/>\n\t<meta name=\"twitter:data2\" content=\"3 minutos\" \/>\n<script type=\"application\/ld+json\" class=\"yoast-schema-graph\">{\"@context\":\"https:\/\/schema.org\",\"@graph\":[{\"@type\":\"NewsArticle\",\"@id\":\"https:\/\/www.suno.com.br\/noticias\/petrobras-petr4-bolsonaro-fundo-para-combustiveis\/#article\",\"isPartOf\":{\"@id\":\"https:\/\/www.suno.com.br\/noticias\/petrobras-petr4-bolsonaro-fundo-para-combustiveis\/\"},\"author\":{\"name\":\"Monique Lima\",\"@id\":\"https:\/\/www.suno.com.br\/noticias\/#\/schema\/person\/d712329319cc9b10f254d02d654cb36a\"},\"headline\":\"Bolsonaro quer usar dividendos da Petrobras (PETR4) para conter combust\u00edveis\",\"datePublished\":\"2021-10-01T11:59:02+00:00\",\"mainEntityOfPage\":{\"@id\":\"https:\/\/www.suno.com.br\/noticias\/petrobras-petr4-bolsonaro-fundo-para-combustiveis\/\"},\"wordCount\":642,\"publisher\":{\"@id\":\"https:\/\/www.suno.com.br\/noticias\/#organization\"},\"image\":{\"@id\":\"https:\/\/www.suno.com.br\/noticias\/petrobras-petr4-bolsonaro-fundo-para-combustiveis\/#primaryimage\"},\"thumbnailUrl\":\"https:\/\/files.sunoresearch.com.br\/n\/uploads\/2021\/03\/492ba11e-jair-bolsonaro-foto-alan-santos-pr-2-jpg.webp\",\"keywords\":[\"combust\u00edveis\",\"dividendos\",\"Jair Bolsonaro\",\"Petrobras (PETR4)\"],\"articleSection\":[\"Neg\u00f3cios\"],\"inLanguage\":\"pt-BR\"},{\"@type\":\"WebPage\",\"@id\":\"https:\/\/www.suno.com.br\/noticias\/petrobras-petr4-bolsonaro-fundo-para-combustiveis\/\",\"url\":\"https:\/\/www.suno.com.br\/noticias\/petrobras-petr4-bolsonaro-fundo-para-combustiveis\/\",\"name\":\"Bolsonaro quer usar dividendos da Petrobras (PETR4) para conter combust\u00edveis\",\"isPartOf\":{\"@id\":\"https:\/\/www.suno.com.br\/noticias\/#website\"},\"primaryImageOfPage\":{\"@id\":\"https:\/\/www.suno.com.br\/noticias\/petrobras-petr4-bolsonaro-fundo-para-combustiveis\/#primaryimage\"},\"image\":{\"@id\":\"https:\/\/www.suno.com.br\/noticias\/petrobras-petr4-bolsonaro-fundo-para-combustiveis\/#primaryimage\"},\"thumbnailUrl\":\"https:\/\/files.sunoresearch.com.br\/n\/uploads\/2021\/03\/492ba11e-jair-bolsonaro-foto-alan-santos-pr-2-jpg.webp\",\"datePublished\":\"2021-10-01T11:59:02+00:00\",\"description\":\"O presidente sugeriu em live, na quinta-feira (30), que se crie um fundo com dividendos da Petrobras (PETR4) para subsidiar combust\u00edveis.\",\"breadcrumb\":{\"@id\":\"https:\/\/www.suno.com.br\/noticias\/petrobras-petr4-bolsonaro-fundo-para-combustiveis\/#breadcrumb\"},\"inLanguage\":\"pt-BR\",\"potentialAction\":[{\"@type\":\"ReadAction\",\"target\":[\"https:\/\/www.suno.com.br\/noticias\/petrobras-petr4-bolsonaro-fundo-para-combustiveis\/\"]}]},{\"@type\":\"ImageObject\",\"inLanguage\":\"pt-BR\",\"@id\":\"https:\/\/www.suno.com.br\/noticias\/petrobras-petr4-bolsonaro-fundo-para-combustiveis\/#primaryimage\",\"url\":\"https:\/\/files.sunoresearch.com.br\/n\/uploads\/2021\/03\/492ba11e-jair-bolsonaro-foto-alan-santos-pr-2-jpg.webp\",\"contentUrl\":\"https:\/\/files.sunoresearch.com.br\/n\/uploads\/2021\/03\/492ba11e-jair-bolsonaro-foto-alan-santos-pr-2-jpg.webp\",\"width\":1200,\"height\":800,\"caption\":\"Teto de gastos foi motivo de quedas intensas da bolsa nos \u00faltimos dias - Foto: Alan Santos PR\"},{\"@type\":\"BreadcrumbList\",\"@id\":\"https:\/\/www.suno.com.br\/noticias\/petrobras-petr4-bolsonaro-fundo-para-combustiveis\/#breadcrumb\",\"itemListElement\":[{\"@type\":\"ListItem\",\"position\":1,\"name\":\"Not\u00edcias\",\"item\":\"https:\/\/www.suno.com.br\/noticias\/\"},{\"@type\":\"ListItem\",\"position\":2,\"name\":\"Neg\u00f3cios\",\"item\":\"https:\/\/www.suno.com.br\/noticias\/negocios\/\"},{\"@type\":\"ListItem\",\"position\":3,\"name\":\"Bolsonaro quer usar dividendos da Petrobras (PETR4) para conter combust\u00edveis\"}]},{\"@type\":\"WebSite\",\"@id\":\"https:\/\/www.suno.com.br\/noticias\/#website\",\"url\":\"https:\/\/www.suno.com.br\/noticias\/\",\"name\":\"Suno Not\u00edcias\",\"description\":\"Seu portal de informa\u00e7\u00e3o sobre o mundo dos investimentos\",\"publisher\":{\"@id\":\"https:\/\/www.suno.com.br\/noticias\/#organization\"},\"potentialAction\":[{\"@type\":\"SearchAction\",\"target\":{\"@type\":\"EntryPoint\",\"urlTemplate\":\"https:\/\/www.suno.com.br\/noticias\/?s={search_term_string}\"},\"query-input\":{\"@type\":\"PropertyValueSpecification\",\"valueRequired\":true,\"valueName\":\"search_term_string\"}}],\"inLanguage\":\"pt-BR\"},{\"@type\":\"Organization\",\"@id\":\"https:\/\/www.suno.com.br\/noticias\/#organization\",\"name\":\"Suno Not\u00edcias\",\"url\":\"https:\/\/www.suno.com.br\/noticias\/\",\"logo\":{\"@type\":\"ImageObject\",\"inLanguage\":\"pt-BR\",\"@id\":\"https:\/\/www.suno.com.br\/noticias\/#\/schema\/logo\/image\/\",\"url\":\"https:\/\/files.sunoresearch.com.br\/n\/uploads\/2021\/09\/suno-logo.png\",\"contentUrl\":\"https:\/\/files.sunoresearch.com.br\/n\/uploads\/2021\/09\/suno-logo.png\",\"width\":180,\"height\":180,\"caption\":\"Suno Not\u00edcias\"},\"image\":{\"@id\":\"https:\/\/www.suno.com.br\/noticias\/#\/schema\/logo\/image\/\"},\"sameAs\":[\"https:\/\/facebook.com\/sunoresearch\",\"https:\/\/x.com\/sunoresearch\",\"https:\/\/www.instagram.com\/suno\",\"https:\/\/www.linkedin.com\/company\/suno-research\/\",\"https:\/\/www.youtube.com\/c\/sunoresearch\"]},{\"@type\":\"Person\",\"@id\":\"https:\/\/www.suno.com.br\/noticias\/#\/schema\/person\/d712329319cc9b10f254d02d654cb36a\",\"name\":\"Monique Lima\",\"image\":{\"@type\":\"ImageObject\",\"inLanguage\":\"pt-BR\",\"@id\":\"https:\/\/www.suno.com.br\/noticias\/#\/schema\/person\/image\/\",\"url\":\"https:\/\/secure.gravatar.com\/avatar\/daee7f16d906c2e9ffed236206ca2c30?s=96&r=g\",\"contentUrl\":\"https:\/\/secure.gravatar.com\/avatar\/daee7f16d906c2e9ffed236206ca2c30?s=96&r=g\",\"caption\":\"Monique Lima\"},\"description\":\"Rep\u00f3rter de Mercado no Suno Not\u00edcias, \u00e9 jornalista com experi\u00eancia na cobertura de economia, empreendedorismo, finan\u00e7as pessoais, mercado financeiro, carreira e recursos humanos. Formada em Jornalismo pela Universidade Paulista, teve experi\u00eancias em ve\u00edculos de comunica\u00e7\u00e3o como a Ag\u00eancia TradeMap, Revista Voc\u00ea S\/A e Revista Voc\u00ea RH, as duas \u00faltimas publica\u00e7\u00f5es da Editora Abril. No Suno Not\u00edcias, fala sobre as principais not\u00edcias de Fundos Imobili\u00e1rios, Fiagro, Startups e empresas listadas na Bolsa.\",\"url\":\"https:\/\/www.suno.com.br\/noticias\/author\/monique-lima\/\"}]}<\/script>\n<!-- \/ Yoast SEO plugin. -->","yoast_head_json":{"title":"Bolsonaro quer usar dividendos da Petrobras (PETR4) para conter combust\u00edveis","description":"O presidente sugeriu em live, na quinta-feira (30), que se crie um fundo com dividendos da Petrobras (PETR4) para subsidiar combust\u00edveis.","robots":{"index":"index","follow":"follow","max-snippet":"max-snippet:-1","max-image-preview":"max-image-preview:large","max-video-preview":"max-video-preview:-1"},"canonical":"https:\/\/www.suno.com.br\/noticias\/petrobras-petr4-bolsonaro-fundo-para-combustiveis\/","og_locale":"pt_BR","og_type":"article","og_title":"Bolsonaro quer usar dividendos da Petrobras (PETR4) para conter combust\u00edveis","og_description":"O presidente sugeriu em live, na quinta-feira (30), que se crie um fundo com dividendos da Petrobras (PETR4) para subsidiar combust\u00edveis.","og_url":"https:\/\/www.suno.com.br\/noticias\/petrobras-petr4-bolsonaro-fundo-para-combustiveis\/","og_site_name":"Suno Not\u00edcias","article_publisher":"https:\/\/facebook.com\/sunoresearch","og_image":[{"width":1200,"height":800,"url":"https:\/\/files.sunoresearch.com.br\/n\/uploads\/2021\/03\/492ba11e-jair-bolsonaro-foto-alan-santos-pr-2.jpg","type":"image\/jpeg"}],"author":"Monique Lima","twitter_card":"summary_large_image","twitter_creator":"@sunoresearch","twitter_site":"@sunoresearch","twitter_misc":{"Escrito por":"Monique Lima","Est. tempo de leitura":"3 minutos"},"schema":{"@context":"https:\/\/schema.org","@graph":[{"@type":"NewsArticle","@id":"https:\/\/www.suno.com.br\/noticias\/petrobras-petr4-bolsonaro-fundo-para-combustiveis\/#article","isPartOf":{"@id":"https:\/\/www.suno.com.br\/noticias\/petrobras-petr4-bolsonaro-fundo-para-combustiveis\/"},"author":{"name":"Monique Lima","@id":"https:\/\/www.suno.com.br\/noticias\/#\/schema\/person\/d712329319cc9b10f254d02d654cb36a"},"headline":"Bolsonaro quer usar dividendos da Petrobras (PETR4) para conter combust\u00edveis","datePublished":"2021-10-01T11:59:02+00:00","mainEntityOfPage":{"@id":"https:\/\/www.suno.com.br\/noticias\/petrobras-petr4-bolsonaro-fundo-para-combustiveis\/"},"wordCount":642,"publisher":{"@id":"https:\/\/www.suno.com.br\/noticias\/#organization"},"image":{"@id":"https:\/\/www.suno.com.br\/noticias\/petrobras-petr4-bolsonaro-fundo-para-combustiveis\/#primaryimage"},"thumbnailUrl":"https:\/\/files.sunoresearch.com.br\/n\/uploads\/2021\/03\/492ba11e-jair-bolsonaro-foto-alan-santos-pr-2-jpg.webp","keywords":["combust\u00edveis","dividendos","Jair Bolsonaro","Petrobras (PETR4)"],"articleSection":["Neg\u00f3cios"],"inLanguage":"pt-BR"},{"@type":"WebPage","@id":"https:\/\/www.suno.com.br\/noticias\/petrobras-petr4-bolsonaro-fundo-para-combustiveis\/","url":"https:\/\/www.suno.com.br\/noticias\/petrobras-petr4-bolsonaro-fundo-para-combustiveis\/","name":"Bolsonaro quer usar dividendos da Petrobras (PETR4) para conter combust\u00edveis","isPartOf":{"@id":"https:\/\/www.suno.com.br\/noticias\/#website"},"primaryImageOfPage":{"@id":"https:\/\/www.suno.com.br\/noticias\/petrobras-petr4-bolsonaro-fundo-para-combustiveis\/#primaryimage"},"image":{"@id":"https:\/\/www.suno.com.br\/noticias\/petrobras-petr4-bolsonaro-fundo-para-combustiveis\/#primaryimage"},"thumbnailUrl":"https:\/\/files.sunoresearch.com.br\/n\/uploads\/2021\/03\/492ba11e-jair-bolsonaro-foto-alan-santos-pr-2-jpg.webp","datePublished":"2021-10-01T11:59:02+00:00","description":"O presidente sugeriu em live, na quinta-feira (30), que se crie um fundo com dividendos da Petrobras (PETR4) para subsidiar combust\u00edveis.","breadcrumb":{"@id":"https:\/\/www.suno.com.br\/noticias\/petrobras-petr4-bolsonaro-fundo-para-combustiveis\/#breadcrumb"},"inLanguage":"pt-BR","potentialAction":[{"@type":"ReadAction","target":["https:\/\/www.suno.com.br\/noticias\/petrobras-petr4-bolsonaro-fundo-para-combustiveis\/"]}]},{"@type":"ImageObject","inLanguage":"pt-BR","@id":"https:\/\/www.suno.com.br\/noticias\/petrobras-petr4-bolsonaro-fundo-para-combustiveis\/#primaryimage","url":"https:\/\/files.sunoresearch.com.br\/n\/uploads\/2021\/03\/492ba11e-jair-bolsonaro-foto-alan-santos-pr-2-jpg.webp","contentUrl":"https:\/\/files.sunoresearch.com.br\/n\/uploads\/2021\/03\/492ba11e-jair-bolsonaro-foto-alan-santos-pr-2-jpg.webp","width":1200,"height":800,"caption":"Teto de gastos foi motivo de quedas intensas da bolsa nos \u00faltimos dias - Foto: Alan Santos PR"},{"@type":"BreadcrumbList","@id":"https:\/\/www.suno.com.br\/noticias\/petrobras-petr4-bolsonaro-fundo-para-combustiveis\/#breadcrumb","itemListElement":[{"@type":"ListItem","position":1,"name":"Not\u00edcias","item":"https:\/\/www.suno.com.br\/noticias\/"},{"@type":"ListItem","position":2,"name":"Neg\u00f3cios","item":"https:\/\/www.suno.com.br\/noticias\/negocios\/"},{"@type":"ListItem","position":3,"name":"Bolsonaro quer usar dividendos da Petrobras (PETR4) para conter combust\u00edveis"}]},{"@type":"WebSite","@id":"https:\/\/www.suno.com.br\/noticias\/#website","url":"https:\/\/www.suno.com.br\/noticias\/","name":"Suno Not\u00edcias","description":"Seu portal de informa\u00e7\u00e3o sobre o mundo dos investimentos","publisher":{"@id":"https:\/\/www.suno.com.br\/noticias\/#organization"},"potentialAction":[{"@type":"SearchAction","target":{"@type":"EntryPoint","urlTemplate":"https:\/\/www.suno.com.br\/noticias\/?s={search_term_string}"},"query-input":{"@type":"PropertyValueSpecification","valueRequired":true,"valueName":"search_term_string"}}],"inLanguage":"pt-BR"},{"@type":"Organization","@id":"https:\/\/www.suno.com.br\/noticias\/#organization","name":"Suno Not\u00edcias","url":"https:\/\/www.suno.com.br\/noticias\/","logo":{"@type":"ImageObject","inLanguage":"pt-BR","@id":"https:\/\/www.suno.com.br\/noticias\/#\/schema\/logo\/image\/","url":"https:\/\/files.sunoresearch.com.br\/n\/uploads\/2021\/09\/suno-logo.png","contentUrl":"https:\/\/files.sunoresearch.com.br\/n\/uploads\/2021\/09\/suno-logo.png","width":180,"height":180,"caption":"Suno Not\u00edcias"},"image":{"@id":"https:\/\/www.suno.com.br\/noticias\/#\/schema\/logo\/image\/"},"sameAs":["https:\/\/facebook.com\/sunoresearch","https:\/\/x.com\/sunoresearch","https:\/\/www.instagram.com\/suno","https:\/\/www.linkedin.com\/company\/suno-research\/","https:\/\/www.youtube.com\/c\/sunoresearch"]},{"@type":"Person","@id":"https:\/\/www.suno.com.br\/noticias\/#\/schema\/person\/d712329319cc9b10f254d02d654cb36a","name":"Monique Lima","image":{"@type":"ImageObject","inLanguage":"pt-BR","@id":"https:\/\/www.suno.com.br\/noticias\/#\/schema\/person\/image\/","url":"https:\/\/secure.gravatar.com\/avatar\/daee7f16d906c2e9ffed236206ca2c30?s=96&r=g","contentUrl":"https:\/\/secure.gravatar.com\/avatar\/daee7f16d906c2e9ffed236206ca2c30?s=96&r=g","caption":"Monique Lima"},"description":"Rep\u00f3rter de Mercado no Suno Not\u00edcias, \u00e9 jornalista com experi\u00eancia na cobertura de economia, empreendedorismo, finan\u00e7as pessoais, mercado financeiro, carreira e recursos humanos. Formada em Jornalismo pela Universidade Paulista, teve experi\u00eancias em ve\u00edculos de comunica\u00e7\u00e3o como a Ag\u00eancia TradeMap, Revista Voc\u00ea S\/A e Revista Voc\u00ea RH, as duas \u00faltimas publica\u00e7\u00f5es da Editora Abril. No Suno Not\u00edcias, fala sobre as principais not\u00edcias de Fundos Imobili\u00e1rios, Fiagro, Startups e empresas listadas na Bolsa.","url":"https:\/\/www.suno.com.br\/noticias\/author\/monique-lima\/"}]}},"default_loop_html":"<div class=\"cardsPage__listCard__boxs\"><div class=\"cardsPage__listCard__boxs__img\"><a href=\"https:\/\/www.suno.com.br\/noticias\/petrobras-petr4-bolsonaro-fundo-para-combustiveis\/\"><img class=\"mask\" src=\"https:\/\/www.suno.com.br\/noticias\/wp-content\/themes\/suno\/resources\/images\/spotlight\/spotlight1img\/bg-mask.png\" alt=\"Image Mask\"\/><img src=\"https:\/\/files.sunoresearch.com.br\/n\/uploads\/2021\/03\/492ba11e-jair-bolsonaro-foto-alan-santos-pr-2-400x200.webp\" alt=\"Bolsonaro quer usar dividendos da Petrobras (PETR4) para conter combust\u00edveis\"\/><\/a><span class=\"spotlightCategory\"><a href=\"https:\/\/www.suno.com.br\/noticias\/negocios\/\">Neg\u00f3cios<\/a><\/span><\/div><div class=\"cardsPage__listCard__boxs__content\"><a href=\"https:\/\/www.suno.com.br\/noticias\/petrobras-petr4-bolsonaro-fundo-para-combustiveis\/\"><h2 class=\"content__title\">Bolsonaro quer usar dividendos da Petrobras (PETR4) para conter combust\u00edveis<\/h2><\/a><div class=\"newsContent__article__meta\"><div class=\"newsContent__article__meta__authorBox\"><a href=\"https:\/\/www.suno.com.br\/noticias\/author\/monique-lima\/\" class=\"authorBox__avatar noMobi\"><img src=\"https:\/\/secure.gravatar.com\/avatar\/daee7f16d906c2e9ffed236206ca2c30?s=96&#038;r=g\" alt=\"Monique Lima\"><\/a><div class=\"authorBox__name\"><span>por\n\t\t\t<a href=\"https:\/\/www.suno.com.br\/noticias\/author\/monique-lima\/\"><span itemprop=\"author\">Monique Lima<\/span><\/a><\/span><time datetime=\"2021-10-01T08:59:02-03:00\" itemprop=\"datePublished\">01\/10\/2021 08:59<\/time><\/div><\/div><\/div><\/div><\/div>","single_layout":"posts","amp_enabled":true,"_links":{"self":[{"href":"https:\/\/www.suno.com.br\/noticias\/wp-json\/wp\/v2\/posts\/189775"}],"collection":[{"href":"https:\/\/www.suno.com.br\/noticias\/wp-json\/wp\/v2\/posts"}],"about":[{"href":"https:\/\/www.suno.com.br\/noticias\/wp-json\/wp\/v2\/types\/post"}],"author":[{"embeddable":true,"href":"https:\/\/www.suno.com.br\/noticias\/wp-json\/wp\/v2\/users\/102"}],"replies":[{"embeddable":true,"href":"https:\/\/www.suno.com.br\/noticias\/wp-json\/wp\/v2\/comments?post=189775"}],"version-history":[{"count":4,"href":"https:\/\/www.suno.com.br\/noticias\/wp-json\/wp\/v2\/posts\/189775\/revisions"}],"predecessor-version":[{"id":189817,"href":"https:\/\/www.suno.com.br\/noticias\/wp-json\/wp\/v2\/posts\/189775\/revisions\/189817"}],"wp:featuredmedia":[{"embeddable":true,"href":"https:\/\/www.suno.com.br\/noticias\/wp-json\/wp\/v2\/media\/130354"}],"wp:attachment":[{"href":"https:\/\/www.suno.com.br\/noticias\/wp-json\/wp\/v2\/media?parent=189775"}],"wp:term":[{"taxonomy":"category","embeddable":true,"href":"https:\/\/www.suno.com.br\/noticias\/wp-json\/wp\/v2\/categories?post=189775"},{"taxonomy":"post_tag","embeddable":true,"href":"https:\/\/www.suno.com.br\/noticias\/wp-json\/wp\/v2\/tags?post=189775"},{"taxonomy":"suno_strategy","embeddable":true,"href":"https:\/\/www.suno.com.br\/noticias\/wp-json\/wp\/v2\/suno_strategy?post=189775"}],"curies":[{"name":"wp","href":"https:\/\/api.w.org\/{rel}","templated":true}]}}