{"id":189726,"date":"2021-10-01T09:47:17","date_gmt":"2021-10-01T12:47:17","guid":{"rendered":"https:\/\/www.suno.com.br\/noticias\/?p=189726"},"modified":"2021-10-01T09:47:17","modified_gmt":"2021-10-01T12:47:17","slug":"startup-tembici-bicicletas-itau-itub4-capta-rodada-investimentos","status":"publish","type":"post","link":"https:\/\/www.suno.com.br\/noticias\/startup-tembici-bicicletas-itau-itub4-capta-rodada-investimentos\/","title":{"rendered":"Startup Tembici, das bicicletas do Ita\u00fa (ITUB4), capta R$ 430 milh\u00f5es"},"content":{"rendered":"<p><a href=\"https:\/\/www.suno.com.br\/artigos\/startup\">A startup de mobilidade<\/a> <strong>Tembici<\/strong>, especializada na loca\u00e7\u00e3o de bicicletas em grandes centros, captou um montante de US$ 80 milh\u00f5es (cerca de R$ 430 milh\u00f5es no c\u00e2mbio atual) em nova rodada de investimentos liderada pelo fundo Crescera Capital.<\/p>\t<div class=\"wrapper-featured-image\">\n\t\t<figure class=\"spotlightImg\">\n\n\t\t\t<picture>\n\t\t\t\t<source media=\"(max-width: 768px)\" srcset=\"https:\/\/files.sunoresearch.com.br\/n\/uploads\/2021\/09\/tembici-recebe-investimento-1-400x200.jpg\">\n\t\t\t\t<img loading=\"lazy\" decoding=\"async\" class=\"newsContent__article__imgCapa lazyloadDisabled \" src=\"https:\/\/files.sunoresearch.com.br\/n\/uploads\/2021\/09\/tembici-recebe-investimento-1-800x450.jpg\" width=\"800\" height=\"450\" alt=\"Startup Tembici, das bicicletas do Ita\u00fa (ITUB4), capta R$ 430 milh\u00f5es\" fetchpriority=high \/>\n\t\t\t<\/picture>\n\n\t\t\t<figcaption class=\"wp-caption-text wp-caption-text--show\">Com o novo aporte, a Tembici quer depender menos de patroc\u00ednios - Foto: Divulga\u00e7\u00e3o\/Tembici<\/figcaption>\n\t\t<\/figure>\n\t<\/div>\n\n\n\t<p>\n\t\t<a href=\"https:\/\/lp.suno.com.br\/planilha-controle-gastos\/\" target=\"_blank\" data-element=\"shortcode-suno-banner\" title=\"Banner SUNO, clique e saiba mais\">\n\t\t\t<picture>\n\t\t\t\t<source media=\"(max-width: 500px)\" srcset=\"https:\/\/files.sunoresearch.com.br\/n\/uploads\/2023\/03\/400x300-Planilha-controle-de-gastos.png\">\n\t\t\t\t<img class=\"newsContent__article__imgCapa newsContent__article__imgCapa--banner\"\n\t\t\t\t\tsrc=\"https:\/\/files.sunoresearch.com.br\/n\/uploads\/2023\/03\/1420x240-Planilha-controle-de-gastos.png\"\n\t\t\t\t\tdata-promo-id=\"101751\"\t\t\t\t\t\t\t\t\t\twidth='1420' height='240'\t\t\t\t\talt=\"https:\/\/files.sunoresearch.com.br\/n\/uploads\/2023\/03\/1420x240-Planilha-controle-de-gastos.png\"\n\t\t\t\t>\n\t\t\t<\/picture>\n\t\t<\/a>\n\t<\/p>\n\n\n<p>A <strong>startup<\/strong> tamb\u00e9m teve aportes do <a href=\"https:\/\/www.suno.com.br\/acoes\/itub4\/\"><strong>Ita\u00fa<\/strong> (ITUB4)<\/a> e <a class=\"suno-keyword\" href=\"https:\/\/www.suno.com.br\/acoes\/SANB11\/\" target=\"_blank\" rel=\"noopener\" data-force=\"yes\" data-priority=\"2\">Santander (SANB11)<\/a>. Segundo a Tembici, o capital levantado deve servir para acelerar a sua e<a href=\"https:\/\/www.suno.com.br\/artigos\/bootstrap\">xpans\u00e3o no mercado brasileiro e latino-americano<\/a>.<\/p>\n<p>Entre os principais planos est\u00e1 o aumento do n\u00famero de <a href=\"https:\/\/www.suno.com.br\/artigos\/esg\"><strong>bicicletas<\/strong> el\u00e9tricas ofertadas aos clientes<\/a>.<\/p>\n<p>&#8220;A capta\u00e7\u00e3o \u00e9 para continuarmos crescendo. Vamos ampliar os investimentos em tecnologia e dados para consolidar as bicicletas el\u00e9tricas e o novo modelo de neg\u00f3cio focado em cicloentregas&#8221;, diz Tom\u00e1s Martins, presidente e cofundador da Tembici.<\/p>\n\n\t<div data-element=\"shortcode-read-more\" class=\"readToo\">\n\t\t\t\t<span class=\"readToo__title\">Leia mais<\/span>\n\t\t\t\t<ul class=\"readToo__list\">\n\t\t\t<li><a href=\"https:\/\/www.suno.com.br\/noticias\/itau-itub4-tembici-recebe-aporte\/\">Tembici, das bicicletas do Ita\u00fa, recebe aporte de R$ 238,5 mi<\/a><\/li><li><a href=\"https:\/\/www.suno.com.br\/noticias\/yellow-tembici-bicicletas-bikes-eletricas-sao-paulo\/\">Yellow e Tembici lan\u00e7am bicicletas el\u00e9tricas em S\u00e3o Paulo neste m\u00eas<\/a><\/li>\t\t<\/ul>\n\t<\/div>\n\n\n<h2>Contato com a Crescera come\u00e7ou ano passado<\/h2>\n<p>A aproxima\u00e7\u00e3o com o <strong>Crescera<\/strong> come\u00e7ou em 2020, mas esfriou com a pandemia, quando a opera\u00e7\u00e3o da Tembici ficou praticamente paralisada.<\/p>\n<p><a href=\"https:\/\/www.suno.com.br\/artigos\/venture-capital\">Por\u00e9m, segundo Fernando Silva, s\u00f3cio do Crescera<\/a>, a vis\u00e3o \u00e9 de que a empresa vai crescer rapidamente. O fundo j\u00e1 projeta uma abertura de capital do neg\u00f3cio nos EUA em at\u00e9 tr\u00eas anos.<\/p>\n<p>Conhecida pelas <strong>bicicletas laranjas<\/strong> com o logo do Ita\u00fa (um dos principais patrocinadores da startup), a Tembici opera 16 mil bicicletas. <a href=\"https:\/\/www.suno.com.br\/artigos\/geracao-de-caixa\">Com dinheiro em caixa<\/a>, a meta \u00e9 aumentar em 10 mil o n\u00famero de bicicletas, sendo 50% delas el\u00e9tricas.<\/p>\n\t<p>\n\t\t<a href=\"https:\/\/lp.suno.com.br\/planilha-da-vida-financeira\/\" target=\"_blank\" data-element=\"shortcode-suno-banner\" title=\"Banner SUNO, clique e saiba mais\">\n\t\t\t<picture>\n\t\t\t\t<source media=\"(max-width: 500px)\" srcset=\"https:\/\/files.sunoresearch.com.br\/n\/uploads\/2023\/04\/400x300-Planilha-vida-financeira-true.png\">\n\t\t\t\t<img class=\"newsContent__article__imgCapa newsContent__article__imgCapa--banner\"\n\t\t\t\t\tsrc=\"https:\/\/files.sunoresearch.com.br\/n\/uploads\/2023\/04\/1420x240-Planilha-vida-financeira-true.png\"\n\t\t\t\t\tdata-promo-id=\"106682\"\t\t\t\t\t\t\t\t\t\twidth='1420' height='240'\t\t\t\t\talt=\"https:\/\/files.sunoresearch.com.br\/n\/uploads\/2023\/04\/1420x240-Planilha-vida-financeira-true.png\"\n\t\t\t\t>\n\t\t\t<\/picture>\n\t\t<\/a>\n\t<\/p>\n\n\n<p>&#8220;O futuro \u00e9 <strong>el\u00e9trico<\/strong>. Acreditamos que os modais leves movidos a eletricidade trazem uma maior efici\u00eancia para o deslocamento e, nos nossos pilotos, com bicicletas el\u00e9tricas percebemos uma utiliza\u00e7\u00e3o 30% maior em compara\u00e7\u00e3o \u00e0s convencionais&#8221;, afirma Maur\u00edcio Villar, cofundador do Tembici e diretor de opera\u00e7\u00f5es.<\/p>\n<p>Hoje, a Tembici tem 1 mil <strong>bicicletas el\u00e9tricas<\/strong>. No Rio de Janeiro, s\u00e3o 500 unidades que ficam paradas nas esta\u00e7\u00f5es de loca\u00e7\u00e3o. Em S\u00e3o Paulo, a empresa fez uma parceria com o <strong>iFood<\/strong>, que tamb\u00e9m funciona como patrocinador, para fornecer bicicletas aos entregadores.<\/p>\n\t<p>\n\t\t<a href=\"https:\/\/lp.suno.com.br\/ebook-como-analisar-uma-acao\/\" target=\"_blank\" data-element=\"shortcode-suno-banner\" title=\"Banner SUNO, clique e saiba mais\">\n\t\t\t<picture>\n\t\t\t\t<source media=\"(max-width: 500px)\" srcset=\"https:\/\/files.sunoresearch.com.br\/n\/uploads\/2023\/03\/Ebook-Acoes-Mobile-1.jpg\">\n\t\t\t\t<img class=\"newsContent__article__imgCapa newsContent__article__imgCapa--banner\"\n\t\t\t\t\tsrc=\"https:\/\/files.sunoresearch.com.br\/n\/uploads\/2023\/03\/Ebook-Acoes-Desktop-1.jpg\"\n\t\t\t\t\tdata-promo-id=\"171998\"\t\t\t\t\t\t\t\t\t\twidth='1420' height='286'\t\t\t\t\talt=\"https:\/\/files.sunoresearch.com.br\/n\/uploads\/2023\/03\/Ebook-Acoes-Desktop-1.jpg\"\n\t\t\t\t>\n\t\t\t<\/picture>\n\t\t<\/a>\n\t<\/p>\n\n\n<p>Com o novo <strong>aporte<\/strong>, a Tembici quer depender menos de patroc\u00ednios. A startup surgiu com um modelo de neg\u00f3cio em que o Ita\u00fa pagava para estampar a sua marca nas bicicletas espalhadas pelo Rio de Janeiro. A empresa fechou contratos semelhantes em outros mercados.<\/p>\n<p>Nos \u00faltimos anos, por\u00e9m, a participa\u00e7\u00e3o desse tipo de contrato na receita caiu de 80% para 50%. Alugar bicicletas em S\u00e3o Paulo custa de R$ 2,99 (viagens de at\u00e9 15 minutos) at\u00e9 R$ 358,80 (no plano anual).<\/p>\n<h2>Rivais da Tembici<\/h2>\n<p>A companhia, por ora, segue sem rivais diretos no mercado. Isso porque a Grow saiu das ruas ap\u00f3s pedir <a class=\"suno-keyword\" href=\"https:\/\/www.suno.com.br\/artigos\/recuperacao-judicial\/\" target=\"_blank\" rel=\"noopener\" data-force=\"no\" data-priority=\"2\">recupera\u00e7\u00e3o judicial<\/a> no in\u00edcio do ano passado &#8211; e n\u00e3o voltou mais.<\/p>\n\t<p>\n\t\t<a href=\"https:\/\/lp.suno.com.br\/planilha-de-controle-de-investimentos\/\" target=\"_blank\" data-element=\"shortcode-suno-banner\" title=\"Banner SUNO, clique e saiba mais\">\n\t\t\t<picture>\n\t\t\t\t<source media=\"(max-width: 500px)\" srcset=\"https:\/\/files.sunoresearch.com.br\/n\/uploads\/2023\/03\/400x300-Controle-de-Investimentos.png\">\n\t\t\t\t<img class=\"newsContent__article__imgCapa newsContent__article__imgCapa--banner\"\n\t\t\t\t\tsrc=\"https:\/\/files.sunoresearch.com.br\/n\/uploads\/2023\/03\/1420x240-Controle-de-Investimentos.png\"\n\t\t\t\t\tdata-promo-id=\"75934\"\t\t\t\t\t\t\t\t\t\twidth='1420' height='240'\t\t\t\t\talt=\"https:\/\/files.sunoresearch.com.br\/n\/uploads\/2023\/03\/1420x240-Controle-de-Investimentos.png\"\n\t\t\t\t>\n\t\t\t<\/picture>\n\t\t<\/a>\n\t<\/p>\n\n\n<p>As bicicletas e patinetes el\u00e9tricos da Grow ficavam espalhados pela cidade sem um ponto f\u00edsico de estacionamento. Resultado: os clientes eram menos cuidadosos, e o custo da startup com manuten\u00e7\u00e3o disparou. A Grow chegou a receber aportes no valor de US$ 150 milh\u00f5es.<\/p>\n<p>Mas h\u00e1 novos neg\u00f3cios chegando no segmento da <strong>Tembici<\/strong>. A FlipOn, sediada em S\u00e3o Carlos (SP), comprou 12 mil patinetes e 9 mil bicicletas el\u00e9tricas da Grow <a href=\"https:\/\/www.suno.com.br\/noticias\/tags\/sao-paulo\/\">e deseja coloc\u00e1-los nas ruas de S\u00e3o Paulo<\/a>.<\/p>\n<p><em>Com informa\u00e7\u00f5es do Estad\u00e3o Conte\u00fado<\/em><\/p>\n\t<p>\n\t\t<a href=\"\" target=\"_blank\" data-element=\"shortcode-suno-banner\" title=\"Banner SUNO, clique e saiba mais\">\n\t\t\t<picture>\n\t\t\t\t<source media=\"(max-width: 500px)\" srcset=\"\">\n\t\t\t\t<img class=\"newsContent__article__imgCapa newsContent__article__imgCapa--banner\"\n\t\t\t\t\tsrc=\"\"\n\t\t\t\t\tdata-promo-id=\"184190\"\t\t\t\t\t\t\t\t\t\t\t\t\t\t\talt=\"\"\n\t\t\t\t>\n\t\t\t<\/picture>\n\t\t<\/a>\n\t<\/p>\n\n\n","protected":false},"excerpt":{"rendered":"<p>A startup de mobilidade Tembici, especializada na loca\u00e7\u00e3o de bicicletas em grandes centros, captou um montante de US$ 80 milh\u00f5es (cerca de R$ 430 milh\u00f5es no c\u00e2mbio atual) em nova rodada de investimentos liderada pelo fundo Crescera Capital. Yellow lan\u00e7a compartilhamento de bicicletas el\u00e9tricas no Brasil. (divulga\u00e7\u00e3o) A startup tamb\u00e9m teve aportes do Ita\u00fa (ITUB4) [&hellip;]<\/p>\n","protected":false},"author":73,"featured_media":189839,"comment_status":"closed","ping_status":"closed","sticky":false,"template":"","format":"standard","meta":[],"categories":[106394],"tags":[106444,2153,75364,519,624,708,44675],"suno_strategy":[],"class_list":["post-189726","post","type-post","status-publish","format-standard","has-post-thumbnail","hentry","category-startups","tag-agencias","tag-energia-eletrica","tag-esg","tag-itau-unibanco-itub3-itub4","tag-santander-sanb11-sanb3-sanb4","tag-startups","tag-tembici"],"yoast_head":"<!-- This site is optimized with the Yoast SEO plugin v24.4 - https:\/\/yoast.com\/wordpress\/plugins\/seo\/ -->\n<title>Startup Tembici, das bicicletas do Ita\u00fa (ITUB4), capta R$ 430mi<\/title>\n<meta name=\"description\" content=\"Conhecida pelas bicicletas laranjas com o logo do Ita\u00fa (um dos patrocinadores da startup), a Tembici opera 16 mil bicicletas. Leia mais.\" \/>\n<meta name=\"robots\" content=\"index, follow, max-snippet:-1, max-image-preview:large, max-video-preview:-1\" \/>\n<link rel=\"canonical\" href=\"https:\/\/www.suno.com.br\/noticias\/startup-tembici-bicicletas-itau-itub4-capta-rodada-investimentos\/\" \/>\n<meta property=\"og:locale\" content=\"pt_BR\" \/>\n<meta property=\"og:type\" content=\"article\" \/>\n<meta property=\"og:title\" content=\"Startup Tembici, das bicicletas do Ita\u00fa (ITUB4), capta R$ 430mi\" \/>\n<meta property=\"og:description\" content=\"Conhecida pelas bicicletas laranjas com o logo do Ita\u00fa (um dos patrocinadores da startup), a Tembici opera 16 mil bicicletas. Leia mais.\" \/>\n<meta property=\"og:url\" content=\"https:\/\/www.suno.com.br\/noticias\/startup-tembici-bicicletas-itau-itub4-capta-rodada-investimentos\/\" \/>\n<meta property=\"og:site_name\" content=\"Suno Not\u00edcias\" \/>\n<meta property=\"article:publisher\" content=\"https:\/\/facebook.com\/sunoresearch\" \/>\n<meta property=\"og:image\" content=\"https:\/\/files.sunoresearch.com.br\/n\/uploads\/2021\/09\/tembici-recebe-investimento-1.jpg\" \/>\n\t<meta property=\"og:image:width\" content=\"1280\" \/>\n\t<meta property=\"og:image:height\" content=\"853\" \/>\n\t<meta property=\"og:image:type\" content=\"image\/jpeg\" \/>\n<meta name=\"author\" content=\"Eduardo Vargas\" \/>\n<meta name=\"twitter:card\" content=\"summary_large_image\" \/>\n<meta name=\"twitter:creator\" content=\"@sunoresearch\" \/>\n<meta name=\"twitter:site\" content=\"@sunoresearch\" \/>\n<meta name=\"twitter:label1\" content=\"Escrito por\" \/>\n\t<meta name=\"twitter:data1\" content=\"Eduardo Vargas\" \/>\n\t<meta name=\"twitter:label2\" content=\"Est. tempo de leitura\" \/>\n\t<meta name=\"twitter:data2\" content=\"3 minutos\" \/>\n<script type=\"application\/ld+json\" class=\"yoast-schema-graph\">{\"@context\":\"https:\/\/schema.org\",\"@graph\":[{\"@type\":\"NewsArticle\",\"@id\":\"https:\/\/www.suno.com.br\/noticias\/startup-tembici-bicicletas-itau-itub4-capta-rodada-investimentos\/#article\",\"isPartOf\":{\"@id\":\"https:\/\/www.suno.com.br\/noticias\/startup-tembici-bicicletas-itau-itub4-capta-rodada-investimentos\/\"},\"author\":{\"name\":\"Eduardo Vargas\",\"@id\":\"https:\/\/www.suno.com.br\/noticias\/#\/schema\/person\/7f4d362bf3518e76090143ae77bb49a5\"},\"headline\":\"Startup Tembici, das bicicletas do Ita\u00fa (ITUB4), capta R$ 430 milh\u00f5es\",\"datePublished\":\"2021-10-01T12:47:17+00:00\",\"mainEntityOfPage\":{\"@id\":\"https:\/\/www.suno.com.br\/noticias\/startup-tembici-bicicletas-itau-itub4-capta-rodada-investimentos\/\"},\"wordCount\":574,\"publisher\":{\"@id\":\"https:\/\/www.suno.com.br\/noticias\/#organization\"},\"image\":{\"@id\":\"https:\/\/www.suno.com.br\/noticias\/startup-tembici-bicicletas-itau-itub4-capta-rodada-investimentos\/#primaryimage\"},\"thumbnailUrl\":\"https:\/\/files.sunoresearch.com.br\/n\/uploads\/2021\/09\/tembici-recebe-investimento-1.jpg\",\"keywords\":[\"Ag\u00eancias\",\"energia el\u00e9trica\",\"ESG\",\"Ita\u00fa Unibanco (ITUB3\/ITUB4)\",\"Santander (SANB11\/SANB3\/SANB4)\",\"startups\",\"Tembici\"],\"articleSection\":[\"Startups\"],\"inLanguage\":\"pt-BR\"},{\"@type\":\"WebPage\",\"@id\":\"https:\/\/www.suno.com.br\/noticias\/startup-tembici-bicicletas-itau-itub4-capta-rodada-investimentos\/\",\"url\":\"https:\/\/www.suno.com.br\/noticias\/startup-tembici-bicicletas-itau-itub4-capta-rodada-investimentos\/\",\"name\":\"Startup Tembici, das bicicletas do Ita\u00fa (ITUB4), capta R$ 430mi\",\"isPartOf\":{\"@id\":\"https:\/\/www.suno.com.br\/noticias\/#website\"},\"primaryImageOfPage\":{\"@id\":\"https:\/\/www.suno.com.br\/noticias\/startup-tembici-bicicletas-itau-itub4-capta-rodada-investimentos\/#primaryimage\"},\"image\":{\"@id\":\"https:\/\/www.suno.com.br\/noticias\/startup-tembici-bicicletas-itau-itub4-capta-rodada-investimentos\/#primaryimage\"},\"thumbnailUrl\":\"https:\/\/files.sunoresearch.com.br\/n\/uploads\/2021\/09\/tembici-recebe-investimento-1.jpg\",\"datePublished\":\"2021-10-01T12:47:17+00:00\",\"description\":\"Conhecida pelas bicicletas laranjas com o logo do Ita\u00fa (um dos patrocinadores da startup), a Tembici opera 16 mil bicicletas. Leia mais.\",\"breadcrumb\":{\"@id\":\"https:\/\/www.suno.com.br\/noticias\/startup-tembici-bicicletas-itau-itub4-capta-rodada-investimentos\/#breadcrumb\"},\"inLanguage\":\"pt-BR\",\"potentialAction\":[{\"@type\":\"ReadAction\",\"target\":[\"https:\/\/www.suno.com.br\/noticias\/startup-tembici-bicicletas-itau-itub4-capta-rodada-investimentos\/\"]}]},{\"@type\":\"ImageObject\",\"inLanguage\":\"pt-BR\",\"@id\":\"https:\/\/www.suno.com.br\/noticias\/startup-tembici-bicicletas-itau-itub4-capta-rodada-investimentos\/#primaryimage\",\"url\":\"https:\/\/files.sunoresearch.com.br\/n\/uploads\/2021\/09\/tembici-recebe-investimento-1.jpg\",\"contentUrl\":\"https:\/\/files.sunoresearch.com.br\/n\/uploads\/2021\/09\/tembici-recebe-investimento-1.jpg\",\"width\":1280,\"height\":853,\"caption\":\"Com o novo aporte, a Tembici quer depender menos de patroc\u00ednios - Foto: Divulga\u00e7\u00e3o\/Tembici\"},{\"@type\":\"BreadcrumbList\",\"@id\":\"https:\/\/www.suno.com.br\/noticias\/startup-tembici-bicicletas-itau-itub4-capta-rodada-investimentos\/#breadcrumb\",\"itemListElement\":[{\"@type\":\"ListItem\",\"position\":1,\"name\":\"Not\u00edcias\",\"item\":\"https:\/\/www.suno.com.br\/noticias\/\"},{\"@type\":\"ListItem\",\"position\":2,\"name\":\"Startups\",\"item\":\"https:\/\/www.suno.com.br\/noticias\/startups\/\"},{\"@type\":\"ListItem\",\"position\":3,\"name\":\"Startup Tembici, das bicicletas do Ita\u00fa (ITUB4), capta R$ 430 milh\u00f5es\"}]},{\"@type\":\"WebSite\",\"@id\":\"https:\/\/www.suno.com.br\/noticias\/#website\",\"url\":\"https:\/\/www.suno.com.br\/noticias\/\",\"name\":\"Suno Not\u00edcias\",\"description\":\"Seu portal de informa\u00e7\u00e3o sobre o mundo dos investimentos\",\"publisher\":{\"@id\":\"https:\/\/www.suno.com.br\/noticias\/#organization\"},\"potentialAction\":[{\"@type\":\"SearchAction\",\"target\":{\"@type\":\"EntryPoint\",\"urlTemplate\":\"https:\/\/www.suno.com.br\/noticias\/?s={search_term_string}\"},\"query-input\":{\"@type\":\"PropertyValueSpecification\",\"valueRequired\":true,\"valueName\":\"search_term_string\"}}],\"inLanguage\":\"pt-BR\"},{\"@type\":\"Organization\",\"@id\":\"https:\/\/www.suno.com.br\/noticias\/#organization\",\"name\":\"Suno Not\u00edcias\",\"url\":\"https:\/\/www.suno.com.br\/noticias\/\",\"logo\":{\"@type\":\"ImageObject\",\"inLanguage\":\"pt-BR\",\"@id\":\"https:\/\/www.suno.com.br\/noticias\/#\/schema\/logo\/image\/\",\"url\":\"https:\/\/files.sunoresearch.com.br\/n\/uploads\/2021\/09\/suno-logo.png\",\"contentUrl\":\"https:\/\/files.sunoresearch.com.br\/n\/uploads\/2021\/09\/suno-logo.png\",\"width\":180,\"height\":180,\"caption\":\"Suno Not\u00edcias\"},\"image\":{\"@id\":\"https:\/\/www.suno.com.br\/noticias\/#\/schema\/logo\/image\/\"},\"sameAs\":[\"https:\/\/facebook.com\/sunoresearch\",\"https:\/\/x.com\/sunoresearch\",\"https:\/\/www.instagram.com\/suno\",\"https:\/\/www.linkedin.com\/company\/suno-research\/\",\"https:\/\/www.youtube.com\/c\/sunoresearch\"]},{\"@type\":\"Person\",\"@id\":\"https:\/\/www.suno.com.br\/noticias\/#\/schema\/person\/7f4d362bf3518e76090143ae77bb49a5\",\"name\":\"Eduardo Vargas\",\"image\":{\"@type\":\"ImageObject\",\"inLanguage\":\"pt-BR\",\"@id\":\"https:\/\/www.suno.com.br\/noticias\/#\/schema\/person\/image\/\",\"url\":\"https:\/\/secure.gravatar.com\/avatar\/dac340933427a22924c9f99d1eb2e3f2?s=96&r=g\",\"contentUrl\":\"https:\/\/secure.gravatar.com\/avatar\/dac340933427a22924c9f99d1eb2e3f2?s=96&r=g\",\"caption\":\"Eduardo Vargas\"},\"description\":\"Jornalista formado pela UFSC, cobre macroeconomia, neg\u00f3cios e startups para o Suno Not\u00edcias, escrevendo principalmente not\u00edcias sobre o mercado financeiro e a bolsa de valores. No YouTube e no Instagram, \u00e9 respons\u00e1vel pela produ\u00e7\u00e3o de Reels e Shorts do Suno Not\u00edcias. Anteriormente, trabalhou cobrindo economia e cotidiano no ND+ e para o ND, maior jornal impresso de Santa Catarina. Cursou um semestre letivo de Estudos de M\u00eddia na Universidad de Buenos Aires.\",\"url\":\"https:\/\/www.suno.com.br\/noticias\/author\/eduardo-vargas\/\"}]}<\/script>\n<!-- \/ Yoast SEO plugin. -->","yoast_head_json":{"title":"Startup Tembici, das bicicletas do Ita\u00fa (ITUB4), capta R$ 430mi","description":"Conhecida pelas bicicletas laranjas com o logo do Ita\u00fa (um dos patrocinadores da startup), a Tembici opera 16 mil bicicletas. Leia mais.","robots":{"index":"index","follow":"follow","max-snippet":"max-snippet:-1","max-image-preview":"max-image-preview:large","max-video-preview":"max-video-preview:-1"},"canonical":"https:\/\/www.suno.com.br\/noticias\/startup-tembici-bicicletas-itau-itub4-capta-rodada-investimentos\/","og_locale":"pt_BR","og_type":"article","og_title":"Startup Tembici, das bicicletas do Ita\u00fa (ITUB4), capta R$ 430mi","og_description":"Conhecida pelas bicicletas laranjas com o logo do Ita\u00fa (um dos patrocinadores da startup), a Tembici opera 16 mil bicicletas. Leia mais.","og_url":"https:\/\/www.suno.com.br\/noticias\/startup-tembici-bicicletas-itau-itub4-capta-rodada-investimentos\/","og_site_name":"Suno Not\u00edcias","article_publisher":"https:\/\/facebook.com\/sunoresearch","og_image":[{"width":1280,"height":853,"url":"https:\/\/files.sunoresearch.com.br\/n\/uploads\/2021\/09\/tembici-recebe-investimento-1.jpg","type":"image\/jpeg"}],"author":"Eduardo Vargas","twitter_card":"summary_large_image","twitter_creator":"@sunoresearch","twitter_site":"@sunoresearch","twitter_misc":{"Escrito por":"Eduardo Vargas","Est. tempo de leitura":"3 minutos"},"schema":{"@context":"https:\/\/schema.org","@graph":[{"@type":"NewsArticle","@id":"https:\/\/www.suno.com.br\/noticias\/startup-tembici-bicicletas-itau-itub4-capta-rodada-investimentos\/#article","isPartOf":{"@id":"https:\/\/www.suno.com.br\/noticias\/startup-tembici-bicicletas-itau-itub4-capta-rodada-investimentos\/"},"author":{"name":"Eduardo Vargas","@id":"https:\/\/www.suno.com.br\/noticias\/#\/schema\/person\/7f4d362bf3518e76090143ae77bb49a5"},"headline":"Startup Tembici, das bicicletas do Ita\u00fa (ITUB4), capta R$ 430 milh\u00f5es","datePublished":"2021-10-01T12:47:17+00:00","mainEntityOfPage":{"@id":"https:\/\/www.suno.com.br\/noticias\/startup-tembici-bicicletas-itau-itub4-capta-rodada-investimentos\/"},"wordCount":574,"publisher":{"@id":"https:\/\/www.suno.com.br\/noticias\/#organization"},"image":{"@id":"https:\/\/www.suno.com.br\/noticias\/startup-tembici-bicicletas-itau-itub4-capta-rodada-investimentos\/#primaryimage"},"thumbnailUrl":"https:\/\/files.sunoresearch.com.br\/n\/uploads\/2021\/09\/tembici-recebe-investimento-1.jpg","keywords":["Ag\u00eancias","energia el\u00e9trica","ESG","Ita\u00fa Unibanco (ITUB3\/ITUB4)","Santander (SANB11\/SANB3\/SANB4)","startups","Tembici"],"articleSection":["Startups"],"inLanguage":"pt-BR"},{"@type":"WebPage","@id":"https:\/\/www.suno.com.br\/noticias\/startup-tembici-bicicletas-itau-itub4-capta-rodada-investimentos\/","url":"https:\/\/www.suno.com.br\/noticias\/startup-tembici-bicicletas-itau-itub4-capta-rodada-investimentos\/","name":"Startup Tembici, das bicicletas do Ita\u00fa (ITUB4), capta R$ 430mi","isPartOf":{"@id":"https:\/\/www.suno.com.br\/noticias\/#website"},"primaryImageOfPage":{"@id":"https:\/\/www.suno.com.br\/noticias\/startup-tembici-bicicletas-itau-itub4-capta-rodada-investimentos\/#primaryimage"},"image":{"@id":"https:\/\/www.suno.com.br\/noticias\/startup-tembici-bicicletas-itau-itub4-capta-rodada-investimentos\/#primaryimage"},"thumbnailUrl":"https:\/\/files.sunoresearch.com.br\/n\/uploads\/2021\/09\/tembici-recebe-investimento-1.jpg","datePublished":"2021-10-01T12:47:17+00:00","description":"Conhecida pelas bicicletas laranjas com o logo do Ita\u00fa (um dos patrocinadores da startup), a Tembici opera 16 mil bicicletas. Leia mais.","breadcrumb":{"@id":"https:\/\/www.suno.com.br\/noticias\/startup-tembici-bicicletas-itau-itub4-capta-rodada-investimentos\/#breadcrumb"},"inLanguage":"pt-BR","potentialAction":[{"@type":"ReadAction","target":["https:\/\/www.suno.com.br\/noticias\/startup-tembici-bicicletas-itau-itub4-capta-rodada-investimentos\/"]}]},{"@type":"ImageObject","inLanguage":"pt-BR","@id":"https:\/\/www.suno.com.br\/noticias\/startup-tembici-bicicletas-itau-itub4-capta-rodada-investimentos\/#primaryimage","url":"https:\/\/files.sunoresearch.com.br\/n\/uploads\/2021\/09\/tembici-recebe-investimento-1.jpg","contentUrl":"https:\/\/files.sunoresearch.com.br\/n\/uploads\/2021\/09\/tembici-recebe-investimento-1.jpg","width":1280,"height":853,"caption":"Com o novo aporte, a Tembici quer depender menos de patroc\u00ednios - Foto: Divulga\u00e7\u00e3o\/Tembici"},{"@type":"BreadcrumbList","@id":"https:\/\/www.suno.com.br\/noticias\/startup-tembici-bicicletas-itau-itub4-capta-rodada-investimentos\/#breadcrumb","itemListElement":[{"@type":"ListItem","position":1,"name":"Not\u00edcias","item":"https:\/\/www.suno.com.br\/noticias\/"},{"@type":"ListItem","position":2,"name":"Startups","item":"https:\/\/www.suno.com.br\/noticias\/startups\/"},{"@type":"ListItem","position":3,"name":"Startup Tembici, das bicicletas do Ita\u00fa (ITUB4), capta R$ 430 milh\u00f5es"}]},{"@type":"WebSite","@id":"https:\/\/www.suno.com.br\/noticias\/#website","url":"https:\/\/www.suno.com.br\/noticias\/","name":"Suno Not\u00edcias","description":"Seu portal de informa\u00e7\u00e3o sobre o mundo dos investimentos","publisher":{"@id":"https:\/\/www.suno.com.br\/noticias\/#organization"},"potentialAction":[{"@type":"SearchAction","target":{"@type":"EntryPoint","urlTemplate":"https:\/\/www.suno.com.br\/noticias\/?s={search_term_string}"},"query-input":{"@type":"PropertyValueSpecification","valueRequired":true,"valueName":"search_term_string"}}],"inLanguage":"pt-BR"},{"@type":"Organization","@id":"https:\/\/www.suno.com.br\/noticias\/#organization","name":"Suno Not\u00edcias","url":"https:\/\/www.suno.com.br\/noticias\/","logo":{"@type":"ImageObject","inLanguage":"pt-BR","@id":"https:\/\/www.suno.com.br\/noticias\/#\/schema\/logo\/image\/","url":"https:\/\/files.sunoresearch.com.br\/n\/uploads\/2021\/09\/suno-logo.png","contentUrl":"https:\/\/files.sunoresearch.com.br\/n\/uploads\/2021\/09\/suno-logo.png","width":180,"height":180,"caption":"Suno Not\u00edcias"},"image":{"@id":"https:\/\/www.suno.com.br\/noticias\/#\/schema\/logo\/image\/"},"sameAs":["https:\/\/facebook.com\/sunoresearch","https:\/\/x.com\/sunoresearch","https:\/\/www.instagram.com\/suno","https:\/\/www.linkedin.com\/company\/suno-research\/","https:\/\/www.youtube.com\/c\/sunoresearch"]},{"@type":"Person","@id":"https:\/\/www.suno.com.br\/noticias\/#\/schema\/person\/7f4d362bf3518e76090143ae77bb49a5","name":"Eduardo Vargas","image":{"@type":"ImageObject","inLanguage":"pt-BR","@id":"https:\/\/www.suno.com.br\/noticias\/#\/schema\/person\/image\/","url":"https:\/\/secure.gravatar.com\/avatar\/dac340933427a22924c9f99d1eb2e3f2?s=96&r=g","contentUrl":"https:\/\/secure.gravatar.com\/avatar\/dac340933427a22924c9f99d1eb2e3f2?s=96&r=g","caption":"Eduardo Vargas"},"description":"Jornalista formado pela UFSC, cobre macroeconomia, neg\u00f3cios e startups para o Suno Not\u00edcias, escrevendo principalmente not\u00edcias sobre o mercado financeiro e a bolsa de valores. No YouTube e no Instagram, \u00e9 respons\u00e1vel pela produ\u00e7\u00e3o de Reels e Shorts do Suno Not\u00edcias. Anteriormente, trabalhou cobrindo economia e cotidiano no ND+ e para o ND, maior jornal impresso de Santa Catarina. Cursou um semestre letivo de Estudos de M\u00eddia na Universidad de Buenos Aires.","url":"https:\/\/www.suno.com.br\/noticias\/author\/eduardo-vargas\/"}]}},"default_loop_html":"<div class=\"cardsPage__listCard__boxs\"><div class=\"cardsPage__listCard__boxs__img\"><a href=\"https:\/\/www.suno.com.br\/noticias\/yellow-tembici-bicicletas-bikes-eletricas-sao-paulo\/\"><img class=\"mask\" src=\"https:\/\/www.suno.com.br\/noticias\/wp-content\/themes\/suno\/resources\/images\/spotlight\/spotlight1img\/bg-mask.png\" alt=\"Image Mask\"\/><img src=\"https:\/\/files.sunoresearch.com.br\/n\/uploads\/2019\/03\/2ea46d6b-yellow-400x200.webp\" alt=\"Yellow e Tembici lan\u00e7am bicicletas el\u00e9tricas em S\u00e3o Paulo neste m\u00eas\"\/><\/a><span class=\"spotlightCategory\"><a href=\"https:\/\/www.suno.com.br\/noticias\/negocios\/\">Neg\u00f3cios<\/a><\/span><\/div><div class=\"cardsPage__listCard__boxs__content\"><a href=\"https:\/\/www.suno.com.br\/noticias\/yellow-tembici-bicicletas-bikes-eletricas-sao-paulo\/\"><h2 class=\"content__title\">Yellow e Tembici lan\u00e7am bicicletas el\u00e9tricas em S\u00e3o Paulo neste m\u00eas<\/h2><\/a><div class=\"newsContent__article__meta\"><div class=\"newsContent__article__meta__authorBox\"><a href=\"https:\/\/www.suno.com.br\/noticias\/author\/amanda\/\" class=\"authorBox__avatar noMobi\"><img src=\"https:\/\/files.sunoresearch.com.br\/n\/uploads\/2018\/11\/c6ad30be-amanda-150x150.webp\" alt=\"Amanda Gushiken\"><\/a><div class=\"authorBox__name\"><span>por\n\t\t\t<a href=\"https:\/\/www.suno.com.br\/noticias\/author\/amanda\/\"><span itemprop=\"author\">Amanda Gushiken<\/span><\/a><\/span><time datetime=\"2019-03-13T15:18:07-03:00\" itemprop=\"datePublished\">13\/03\/2019 15:18<\/time><\/div><\/div><\/div><\/div><\/div>","single_layout":"posts","amp_enabled":true,"_links":{"self":[{"href":"https:\/\/www.suno.com.br\/noticias\/wp-json\/wp\/v2\/posts\/189726"}],"collection":[{"href":"https:\/\/www.suno.com.br\/noticias\/wp-json\/wp\/v2\/posts"}],"about":[{"href":"https:\/\/www.suno.com.br\/noticias\/wp-json\/wp\/v2\/types\/post"}],"author":[{"embeddable":true,"href":"https:\/\/www.suno.com.br\/noticias\/wp-json\/wp\/v2\/users\/73"}],"replies":[{"embeddable":true,"href":"https:\/\/www.suno.com.br\/noticias\/wp-json\/wp\/v2\/comments?post=189726"}],"version-history":[{"count":5,"href":"https:\/\/www.suno.com.br\/noticias\/wp-json\/wp\/v2\/posts\/189726\/revisions"}],"predecessor-version":[{"id":189850,"href":"https:\/\/www.suno.com.br\/noticias\/wp-json\/wp\/v2\/posts\/189726\/revisions\/189850"}],"wp:featuredmedia":[{"embeddable":true,"href":"https:\/\/www.suno.com.br\/noticias\/wp-json\/wp\/v2\/media\/189839"}],"wp:attachment":[{"href":"https:\/\/www.suno.com.br\/noticias\/wp-json\/wp\/v2\/media?parent=189726"}],"wp:term":[{"taxonomy":"category","embeddable":true,"href":"https:\/\/www.suno.com.br\/noticias\/wp-json\/wp\/v2\/categories?post=189726"},{"taxonomy":"post_tag","embeddable":true,"href":"https:\/\/www.suno.com.br\/noticias\/wp-json\/wp\/v2\/tags?post=189726"},{"taxonomy":"suno_strategy","embeddable":true,"href":"https:\/\/www.suno.com.br\/noticias\/wp-json\/wp\/v2\/suno_strategy?post=189726"}],"curies":[{"name":"wp","href":"https:\/\/api.w.org\/{rel}","templated":true}]}}