{"id":18968,"date":"2019-03-25T16:42:43","date_gmt":"2019-03-25T19:42:43","guid":{"rendered":"https:\/\/www.suno.com.br\/noticias\/?p=18968"},"modified":"2019-03-25T17:28:39","modified_gmt":"2019-03-25T20:28:39","slug":"velha-politica-bolsonaro-pacificar-relacoes","status":"publish","type":"post","link":"https:\/\/www.suno.com.br\/noticias\/velha-politica-bolsonaro-pacificar-relacoes\/","title":{"rendered":"Ap\u00f3s abrir fogo contra &#8216;velha pol\u00edtica&#8217;, Bolsonaro tenta pacificar rela\u00e7\u00f5es"},"content":{"rendered":"<p>O presidente Jair Bolsonaro afirmou nesta segunda (25), numa reuni\u00e3o com ministros, que \u00e9 hora de construir uma rela\u00e7\u00e3o pac\u00edfica com o Legislativo, principalmente com o presidente da C\u00e2mara, Rodrigo Maia (DEM-RJ).<\/p>\t<div class=\"wrapper-featured-image\">\n\t\t<figure class=\"spotlightImg\">\n\n\t\t\t<picture>\n\t\t\t\t<source media=\"(max-width: 768px)\" srcset=\"https:\/\/files.sunoresearch.com.br\/n\/uploads\/2019\/03\/d0cb8eca-bolsonaro-400x200.webp\">\n\t\t\t\t<img loading=\"lazy\" decoding=\"async\" class=\"newsContent__article__imgCapa lazyloadDisabled newsContent__article__imgCapa--noCaption\" src=\"https:\/\/files.sunoresearch.com.br\/n\/uploads\/2019\/03\/d0cb8eca-bolsonaro-800x450.webp\" width=\"800\" height=\"450\" alt=\"Ap\u00f3s abrir fogo contra &#8216;velha pol\u00edtica&#8217;, Bolsonaro tenta pacificar rela\u00e7\u00f5es\" fetchpriority=high \/>\n\t\t\t<\/picture>\n\n\t\t\t<figcaption class=\"wp-caption-text wp-caption-text--hide\">Governo Bolsonaro tem 35% de aprova\u00e7\u00e3o, afirma CNI\/Ibope<\/figcaption>\n\t\t<\/figure>\n\t<\/div>\n\n\n<p>Segundo a Folha de S.Paulo, <strong>Bolsonaro<\/strong> se reuniu com os ministros <strong>Onyx Lorenzoni<\/strong> (Casa Civil), <strong>Carlos Alberto dos Santos Cruz<\/strong> (Secretaria de Governo), <strong>Paulo Guedes<\/strong> (Economia) e <strong>Augusto Heleno<\/strong> (Gabinete de Seguran\u00e7a Institucional).<\/p>\n<p>Ap\u00f3s um fim de semana de <strong>atritos<\/strong> com <strong>Maia,\u00a0Jair Bolsonaro<\/strong> disse no encontro n\u00e3o ter interesse numa rela\u00e7\u00e3o conflituosa.<\/p>\n<p><a href=\"https:\/\/www.suno.com.br\/noticias\/ibovespa-desaba-rodrigo-maia\/\">Saiba mais: Ap\u00f3s dois golpes, Ibovespa desaba ainda mais com declara\u00e7\u00e3o de Rodrigo Maia<\/a><\/p>\n<p>Na sexta (22), irritado com as cr\u00edticas recebidas pelo entorno <strong>bolsonarista<\/strong> e pelo pr\u00f3prio <strong>presidente,<\/strong> o deputado declarou que abandonaria a <strong>articula\u00e7\u00e3o<\/strong> pela aprova\u00e7\u00e3o da <strong>reforma da Previd\u00eancia<\/strong>. Ele disse que, dali em diante, faria a <strong>&#8220;nova pol\u00edtica&#8221;,<\/strong> assim como <strong>Bolsonaro.<\/strong> \u201cEu concordo com o presidente: \u00e9 preciso construir uma maioria de uma nova forma. Essa responsabilidade \u00e9 dele. Quando ele tiver a maioria e achar que \u00e9 a gora de votar a reforma, ele me avisa e eu pauto para vota\u00e7\u00e3o. E digo com quantos votos posso colaborar\u201d, declarou o <strong>presidente da C\u00e2mara<\/strong>. Em seguida, o <strong>Ibovespa<\/strong> entrou em queda, expressando a preocupa\u00e7\u00e3o do <strong>mercado<\/strong> com o rumos do projeto.<\/p>\n<p>Ao mesmo tempo, na contram\u00e3o da tentativa do pai de pacificar a rela\u00e7\u00e3o com o <strong>Congresso,<\/strong> o vereador <strong>Carlos Bolsonaro<\/strong> iniciou uma campanha pelas <strong>redes sociais<\/strong> para atacar os partidos que se posicionaram contra a <strong>reforma.<\/strong> A campanha promoveu uma guerra de <strong>hashtags<\/strong> no <strong>Twitter<\/strong> e atacou partidos de esquerda.<\/p>\n<p><a href=\"https:\/\/www.suno.com.br\/noticias\/reforma-da-previdencia-maia-dialogo\/\">Saiba mais: Reforma da Previd\u00eancia: Maia pede di\u00e1logo para aprovar proposta<\/a><\/p>\n<p>O movimento n\u00e3o parece estar em conformidade com a estrat\u00e9gia oficial do governo. T\u00e9cnicos do <strong>minist\u00e9rio da Economia<\/strong> ouvidos pelo jornal O Estado de S. Paulo disseram que a campanha de <strong>Carlos<\/strong> era &#8220;agressiva&#8221; e &#8220;coisa da cabe\u00e7a do Carlos&#8221;. O pr\u00f3prio <strong>Rodrigo Maia<\/strong> falou na sexta sobre a import\u00e2ncia de buscar votos com <strong>todos os parlamentares<\/strong>. &#8220;N\u00e3o d\u00e1 para dispensar voto de nenhum partido&#8221;, afirmou.<\/p>\n<p>A <strong>desarticula\u00e7\u00e3o<\/strong> do governo escorreu at\u00e9 suas bases na <strong>C\u00e2mara.<\/strong> No \u00faltimo domingo (24), o deputado <strong>Kim Kataguiri<\/strong> (DEM-SP), defensor da reforma da Previd\u00eancia, e a l\u00edder do governo no <strong>Congresso, Joice Hasselmann<\/strong> (PSL-SP), discutiram no <strong>Twitter<\/strong> sobre a atitude do <strong>PSL<\/strong> em rela\u00e7\u00e3o \u00e0 aprova\u00e7\u00e3o do projeto.<\/p>\n<p><strong>Kim<\/strong> criticou o que chamou de &#8220;incoer\u00eancia&#8221; do partido de <strong>Bolsonaro<\/strong> ao investir contra Maia num momento que deveria ser de aproxima\u00e7\u00e3o. <strong>Hasselmann<\/strong> o replicou, chamando-o de oportunista. <strong>Kim<\/strong> rebateu: &#8220;Tem de ser muito cara de pau para falar em oportunismo. Dizia que <strong>Maia<\/strong> era o dem\u00f4nio na Terra, o arqui-inimigo da <strong>Lava Jato,<\/strong> o s\u00edmbolo-mor da corrup\u00e7\u00e3o. Depois de eleita, passou a ser <strong>Maia<\/strong> desde criancinha. Tenha d\u00f3. Quer seguir Carluxo e afundar o governo no Twitter tamb\u00e9m?&#8221;<\/p>\n<p><strong>&#8220;KIM,<\/strong> vc est\u00e1 realmente o que sempre foi; um moleque. S\u00f3 isso e mais nada. Biruta de aeroporto. Seus comportamentos em rela\u00e7\u00e3o ao <strong>@jairbolsonaro<\/strong> no 1o e no 2o turnos da elei\u00e7\u00e3o mostram bem isso. Pega a chupeta e vai nanar, nen\u00e9m. Deixa os adultos trabalharem&#8221;, escreveu em seguida a deputada.<\/p>\n<p><a href=\"https:\/\/www.suno.com.br\/noticias\/previdencia-bolsonaro-lider-governo-reunem\/\">Saiba mais: Previd\u00eancia: Bolsonaro e l\u00edder do governo na C\u00e2mara se re\u00fanem<\/a><\/p>\n<p>Nesta segunda, em entrevista \u00e0 Folha de S.Paulo, <strong>Kim<\/strong> disse que a articula\u00e7\u00e3o do governo <strong>Bolsonaro<\/strong> \u00e9 uma &#8220;cat\u00e1strofe&#8221; e que a <a href=\"https:\/\/www.suno.com.br\/artigos\/tag\/previdencia\/\"><strong>reforma da Previd\u00eancia<\/strong><\/a>, do jeito que est\u00e1, j\u00e1 morreu.<\/p>\n<p>Enquanto os governistas n\u00e3o se entendem, <strong>Maia<\/strong> disse a aliados que a <strong>reforma da Previd\u00eancia<\/strong> est\u00e1 &#8220;acima do governo&#8221; e que vai trabalhar para tocar o projeto, mas com ajustes pr\u00f3prios, segundo informou o G1. O <a href=\"https:\/\/www.camara.leg.br\/\"><strong>presidente da C\u00e2mara<\/strong><\/a> agora tenta arrefecer os \u00e2nimos da Casa. Irritados com o tratamento do governo, alguns <strong>parlamentares<\/strong> planejavam derrubar o decreto de <strong>Bolsonaro<\/strong> que isenta <strong>vistos de americanos<\/strong> e outras nacionalidades para entrar no <strong>Brasil.<\/strong><\/p>\n","protected":false},"excerpt":{"rendered":"<p>O presidente Jair Bolsonaro afirmou nesta segunda (25), numa reuni\u00e3o com ministros, que \u00e9 hora de construir uma rela\u00e7\u00e3o pac\u00edfica com o Legislativo, principalmente com o presidente da C\u00e2mara, Rodrigo Maia (DEM-RJ). Governo Bolsonaro tem 35% de aprova\u00e7\u00e3o, afirma CNI\/Ibope Segundo a Folha de S.Paulo, Bolsonaro se reuniu com os ministros Onyx Lorenzoni (Casa Civil), [&hellip;]<\/p>\n","protected":false},"author":13,"featured_media":18599,"comment_status":"closed","ping_status":"closed","sticky":false,"template":"","format":"standard","meta":[],"categories":[61],"tags":[719,940,892],"suno_strategy":[],"class_list":["post-18968","post","type-post","status-publish","format-standard","has-post-thumbnail","hentry","category-politica","tag-jair-bolsonaro","tag-reforma-da-previdencia","tag-rodrigo-maia"],"yoast_head":"<!-- This site is optimized with the Yoast SEO plugin v24.4 - https:\/\/yoast.com\/wordpress\/plugins\/seo\/ -->\n<title>Ap\u00f3s abrir fogo contra &#039;velha pol\u00edtica&#039;, Bolsonaro tenta pacificar rela\u00e7\u00f5es<\/title>\n<meta name=\"description\" content=\"O presidente Jair Bolsonaro afirmou a ministros que \u00e9 hora de construir uma rela\u00e7\u00e3o pac\u00edfica com o Legislativo. Clique para saber mais.\" \/>\n<meta name=\"robots\" content=\"index, follow, max-snippet:-1, max-image-preview:large, max-video-preview:-1\" \/>\n<link rel=\"canonical\" href=\"https:\/\/www.suno.com.br\/noticias\/velha-politica-bolsonaro-pacificar-relacoes\/\" \/>\n<meta property=\"og:locale\" content=\"pt_BR\" \/>\n<meta property=\"og:type\" content=\"article\" \/>\n<meta property=\"og:title\" content=\"Ap\u00f3s abrir fogo contra &#039;velha pol\u00edtica&#039;, Bolsonaro tenta pacificar rela\u00e7\u00f5es\" \/>\n<meta property=\"og:description\" content=\"O presidente Jair Bolsonaro afirmou a ministros que \u00e9 hora de construir uma rela\u00e7\u00e3o pac\u00edfica com o Legislativo. Clique para saber mais.\" \/>\n<meta property=\"og:url\" content=\"https:\/\/www.suno.com.br\/noticias\/velha-politica-bolsonaro-pacificar-relacoes\/\" \/>\n<meta property=\"og:site_name\" content=\"Suno Not\u00edcias\" \/>\n<meta property=\"article:publisher\" content=\"https:\/\/facebook.com\/sunoresearch\" \/>\n<meta property=\"og:image\" content=\"https:\/\/files.sunoresearch.com.br\/n\/uploads\/2019\/03\/d0cb8eca-bolsonaro.jpg\" \/>\n\t<meta property=\"og:image:width\" content=\"1140\" \/>\n\t<meta property=\"og:image:height\" content=\"760\" \/>\n\t<meta property=\"og:image:type\" content=\"image\/jpeg\" \/>\n<meta name=\"author\" content=\"Guilherme Caetano\" \/>\n<meta name=\"twitter:card\" content=\"summary_large_image\" \/>\n<meta name=\"twitter:creator\" content=\"@sunoresearch\" \/>\n<meta name=\"twitter:site\" content=\"@sunoresearch\" \/>\n<meta name=\"twitter:label1\" content=\"Escrito por\" \/>\n\t<meta name=\"twitter:data1\" content=\"Guilherme Caetano\" \/>\n\t<meta name=\"twitter:label2\" content=\"Est. tempo de leitura\" \/>\n\t<meta name=\"twitter:data2\" content=\"3 minutos\" \/>\n<script type=\"application\/ld+json\" class=\"yoast-schema-graph\">{\"@context\":\"https:\/\/schema.org\",\"@graph\":[{\"@type\":\"NewsArticle\",\"@id\":\"https:\/\/www.suno.com.br\/noticias\/velha-politica-bolsonaro-pacificar-relacoes\/#article\",\"isPartOf\":{\"@id\":\"https:\/\/www.suno.com.br\/noticias\/velha-politica-bolsonaro-pacificar-relacoes\/\"},\"author\":{\"name\":\"Guilherme Caetano\",\"@id\":\"https:\/\/www.suno.com.br\/noticias\/#\/schema\/person\/0d0c9687cd2f600c564f25980c140de9\"},\"headline\":\"Ap\u00f3s abrir fogo contra &#8216;velha pol\u00edtica&#8217;, Bolsonaro tenta pacificar rela\u00e7\u00f5es\",\"datePublished\":\"2019-03-25T19:42:43+00:00\",\"dateModified\":\"2019-03-25T20:28:39+00:00\",\"mainEntityOfPage\":{\"@id\":\"https:\/\/www.suno.com.br\/noticias\/velha-politica-bolsonaro-pacificar-relacoes\/\"},\"wordCount\":692,\"publisher\":{\"@id\":\"https:\/\/www.suno.com.br\/noticias\/#organization\"},\"image\":{\"@id\":\"https:\/\/www.suno.com.br\/noticias\/velha-politica-bolsonaro-pacificar-relacoes\/#primaryimage\"},\"thumbnailUrl\":\"https:\/\/files.sunoresearch.com.br\/n\/uploads\/2019\/03\/d0cb8eca-bolsonaro-jpg.webp\",\"keywords\":[\"Jair Bolsonaro\",\"Reforma da Previd\u00eancia\",\"Rodrigo Maia\"],\"articleSection\":[\"Pol\u00edtica\"],\"inLanguage\":\"pt-BR\"},{\"@type\":\"WebPage\",\"@id\":\"https:\/\/www.suno.com.br\/noticias\/velha-politica-bolsonaro-pacificar-relacoes\/\",\"url\":\"https:\/\/www.suno.com.br\/noticias\/velha-politica-bolsonaro-pacificar-relacoes\/\",\"name\":\"Ap\u00f3s abrir fogo contra 'velha pol\u00edtica', Bolsonaro tenta pacificar rela\u00e7\u00f5es\",\"isPartOf\":{\"@id\":\"https:\/\/www.suno.com.br\/noticias\/#website\"},\"primaryImageOfPage\":{\"@id\":\"https:\/\/www.suno.com.br\/noticias\/velha-politica-bolsonaro-pacificar-relacoes\/#primaryimage\"},\"image\":{\"@id\":\"https:\/\/www.suno.com.br\/noticias\/velha-politica-bolsonaro-pacificar-relacoes\/#primaryimage\"},\"thumbnailUrl\":\"https:\/\/files.sunoresearch.com.br\/n\/uploads\/2019\/03\/d0cb8eca-bolsonaro-jpg.webp\",\"datePublished\":\"2019-03-25T19:42:43+00:00\",\"dateModified\":\"2019-03-25T20:28:39+00:00\",\"description\":\"O presidente Jair Bolsonaro afirmou a ministros que \u00e9 hora de construir uma rela\u00e7\u00e3o pac\u00edfica com o Legislativo. Clique para saber mais.\",\"breadcrumb\":{\"@id\":\"https:\/\/www.suno.com.br\/noticias\/velha-politica-bolsonaro-pacificar-relacoes\/#breadcrumb\"},\"inLanguage\":\"pt-BR\",\"potentialAction\":[{\"@type\":\"ReadAction\",\"target\":[\"https:\/\/www.suno.com.br\/noticias\/velha-politica-bolsonaro-pacificar-relacoes\/\"]}]},{\"@type\":\"ImageObject\",\"inLanguage\":\"pt-BR\",\"@id\":\"https:\/\/www.suno.com.br\/noticias\/velha-politica-bolsonaro-pacificar-relacoes\/#primaryimage\",\"url\":\"https:\/\/files.sunoresearch.com.br\/n\/uploads\/2019\/03\/d0cb8eca-bolsonaro-jpg.webp\",\"contentUrl\":\"https:\/\/files.sunoresearch.com.br\/n\/uploads\/2019\/03\/d0cb8eca-bolsonaro-jpg.webp\",\"width\":1140,\"height\":760,\"caption\":\"Governo Bolsonaro tem 35% de aprova\u00e7\u00e3o, afirma CNI\/Ibope\"},{\"@type\":\"BreadcrumbList\",\"@id\":\"https:\/\/www.suno.com.br\/noticias\/velha-politica-bolsonaro-pacificar-relacoes\/#breadcrumb\",\"itemListElement\":[{\"@type\":\"ListItem\",\"position\":1,\"name\":\"Not\u00edcias\",\"item\":\"https:\/\/www.suno.com.br\/noticias\/\"},{\"@type\":\"ListItem\",\"position\":2,\"name\":\"Pol\u00edtica\",\"item\":\"https:\/\/www.suno.com.br\/noticias\/politica\/\"},{\"@type\":\"ListItem\",\"position\":3,\"name\":\"Ap\u00f3s abrir fogo contra &#8216;velha pol\u00edtica&#8217;, Bolsonaro tenta pacificar rela\u00e7\u00f5es\"}]},{\"@type\":\"WebSite\",\"@id\":\"https:\/\/www.suno.com.br\/noticias\/#website\",\"url\":\"https:\/\/www.suno.com.br\/noticias\/\",\"name\":\"Suno Not\u00edcias\",\"description\":\"Seu portal de informa\u00e7\u00e3o sobre o mundo dos investimentos\",\"publisher\":{\"@id\":\"https:\/\/www.suno.com.br\/noticias\/#organization\"},\"potentialAction\":[{\"@type\":\"SearchAction\",\"target\":{\"@type\":\"EntryPoint\",\"urlTemplate\":\"https:\/\/www.suno.com.br\/noticias\/?s={search_term_string}\"},\"query-input\":{\"@type\":\"PropertyValueSpecification\",\"valueRequired\":true,\"valueName\":\"search_term_string\"}}],\"inLanguage\":\"pt-BR\"},{\"@type\":\"Organization\",\"@id\":\"https:\/\/www.suno.com.br\/noticias\/#organization\",\"name\":\"Suno Not\u00edcias\",\"url\":\"https:\/\/www.suno.com.br\/noticias\/\",\"logo\":{\"@type\":\"ImageObject\",\"inLanguage\":\"pt-BR\",\"@id\":\"https:\/\/www.suno.com.br\/noticias\/#\/schema\/logo\/image\/\",\"url\":\"https:\/\/files.sunoresearch.com.br\/n\/uploads\/2021\/09\/suno-logo.png\",\"contentUrl\":\"https:\/\/files.sunoresearch.com.br\/n\/uploads\/2021\/09\/suno-logo.png\",\"width\":180,\"height\":180,\"caption\":\"Suno Not\u00edcias\"},\"image\":{\"@id\":\"https:\/\/www.suno.com.br\/noticias\/#\/schema\/logo\/image\/\"},\"sameAs\":[\"https:\/\/facebook.com\/sunoresearch\",\"https:\/\/x.com\/sunoresearch\",\"https:\/\/www.instagram.com\/suno\",\"https:\/\/www.linkedin.com\/company\/suno-research\/\",\"https:\/\/www.youtube.com\/c\/sunoresearch\"]},{\"@type\":\"Person\",\"@id\":\"https:\/\/www.suno.com.br\/noticias\/#\/schema\/person\/0d0c9687cd2f600c564f25980c140de9\",\"name\":\"Guilherme Caetano\",\"image\":{\"@type\":\"ImageObject\",\"inLanguage\":\"pt-BR\",\"@id\":\"https:\/\/www.suno.com.br\/noticias\/#\/schema\/person\/image\/\",\"url\":\"https:\/\/secure.gravatar.com\/avatar\/e48357351a01702a0d19307070e081bf?s=96&r=g\",\"contentUrl\":\"https:\/\/secure.gravatar.com\/avatar\/e48357351a01702a0d19307070e081bf?s=96&r=g\",\"caption\":\"Guilherme Caetano\"},\"description\":\"Formado em jornalismo pela Escola de Comunica\u00e7\u00f5es e Artes da USP, Guilherme Caetano escreve para o portal de not\u00edcias da Suno Research. Passou pelas reda\u00e7\u00f5es da Folha de S.Paulo e da revista \u00c9poca.\",\"url\":\"https:\/\/www.suno.com.br\/noticias\/author\/guilherme-caetano\/\"}]}<\/script>\n<!-- \/ Yoast SEO plugin. -->","yoast_head_json":{"title":"Ap\u00f3s abrir fogo contra 'velha pol\u00edtica', Bolsonaro tenta pacificar rela\u00e7\u00f5es","description":"O presidente Jair Bolsonaro afirmou a ministros que \u00e9 hora de construir uma rela\u00e7\u00e3o pac\u00edfica com o Legislativo. Clique para saber mais.","robots":{"index":"index","follow":"follow","max-snippet":"max-snippet:-1","max-image-preview":"max-image-preview:large","max-video-preview":"max-video-preview:-1"},"canonical":"https:\/\/www.suno.com.br\/noticias\/velha-politica-bolsonaro-pacificar-relacoes\/","og_locale":"pt_BR","og_type":"article","og_title":"Ap\u00f3s abrir fogo contra 'velha pol\u00edtica', Bolsonaro tenta pacificar rela\u00e7\u00f5es","og_description":"O presidente Jair Bolsonaro afirmou a ministros que \u00e9 hora de construir uma rela\u00e7\u00e3o pac\u00edfica com o Legislativo. Clique para saber mais.","og_url":"https:\/\/www.suno.com.br\/noticias\/velha-politica-bolsonaro-pacificar-relacoes\/","og_site_name":"Suno Not\u00edcias","article_publisher":"https:\/\/facebook.com\/sunoresearch","og_image":[{"width":1140,"height":760,"url":"https:\/\/files.sunoresearch.com.br\/n\/uploads\/2019\/03\/d0cb8eca-bolsonaro.jpg","type":"image\/jpeg"}],"author":"Guilherme Caetano","twitter_card":"summary_large_image","twitter_creator":"@sunoresearch","twitter_site":"@sunoresearch","twitter_misc":{"Escrito por":"Guilherme Caetano","Est. tempo de leitura":"3 minutos"},"schema":{"@context":"https:\/\/schema.org","@graph":[{"@type":"NewsArticle","@id":"https:\/\/www.suno.com.br\/noticias\/velha-politica-bolsonaro-pacificar-relacoes\/#article","isPartOf":{"@id":"https:\/\/www.suno.com.br\/noticias\/velha-politica-bolsonaro-pacificar-relacoes\/"},"author":{"name":"Guilherme Caetano","@id":"https:\/\/www.suno.com.br\/noticias\/#\/schema\/person\/0d0c9687cd2f600c564f25980c140de9"},"headline":"Ap\u00f3s abrir fogo contra &#8216;velha pol\u00edtica&#8217;, Bolsonaro tenta pacificar rela\u00e7\u00f5es","datePublished":"2019-03-25T19:42:43+00:00","dateModified":"2019-03-25T20:28:39+00:00","mainEntityOfPage":{"@id":"https:\/\/www.suno.com.br\/noticias\/velha-politica-bolsonaro-pacificar-relacoes\/"},"wordCount":692,"publisher":{"@id":"https:\/\/www.suno.com.br\/noticias\/#organization"},"image":{"@id":"https:\/\/www.suno.com.br\/noticias\/velha-politica-bolsonaro-pacificar-relacoes\/#primaryimage"},"thumbnailUrl":"https:\/\/files.sunoresearch.com.br\/n\/uploads\/2019\/03\/d0cb8eca-bolsonaro-jpg.webp","keywords":["Jair Bolsonaro","Reforma da Previd\u00eancia","Rodrigo Maia"],"articleSection":["Pol\u00edtica"],"inLanguage":"pt-BR"},{"@type":"WebPage","@id":"https:\/\/www.suno.com.br\/noticias\/velha-politica-bolsonaro-pacificar-relacoes\/","url":"https:\/\/www.suno.com.br\/noticias\/velha-politica-bolsonaro-pacificar-relacoes\/","name":"Ap\u00f3s abrir fogo contra 'velha pol\u00edtica', Bolsonaro tenta pacificar rela\u00e7\u00f5es","isPartOf":{"@id":"https:\/\/www.suno.com.br\/noticias\/#website"},"primaryImageOfPage":{"@id":"https:\/\/www.suno.com.br\/noticias\/velha-politica-bolsonaro-pacificar-relacoes\/#primaryimage"},"image":{"@id":"https:\/\/www.suno.com.br\/noticias\/velha-politica-bolsonaro-pacificar-relacoes\/#primaryimage"},"thumbnailUrl":"https:\/\/files.sunoresearch.com.br\/n\/uploads\/2019\/03\/d0cb8eca-bolsonaro-jpg.webp","datePublished":"2019-03-25T19:42:43+00:00","dateModified":"2019-03-25T20:28:39+00:00","description":"O presidente Jair Bolsonaro afirmou a ministros que \u00e9 hora de construir uma rela\u00e7\u00e3o pac\u00edfica com o Legislativo. Clique para saber mais.","breadcrumb":{"@id":"https:\/\/www.suno.com.br\/noticias\/velha-politica-bolsonaro-pacificar-relacoes\/#breadcrumb"},"inLanguage":"pt-BR","potentialAction":[{"@type":"ReadAction","target":["https:\/\/www.suno.com.br\/noticias\/velha-politica-bolsonaro-pacificar-relacoes\/"]}]},{"@type":"ImageObject","inLanguage":"pt-BR","@id":"https:\/\/www.suno.com.br\/noticias\/velha-politica-bolsonaro-pacificar-relacoes\/#primaryimage","url":"https:\/\/files.sunoresearch.com.br\/n\/uploads\/2019\/03\/d0cb8eca-bolsonaro-jpg.webp","contentUrl":"https:\/\/files.sunoresearch.com.br\/n\/uploads\/2019\/03\/d0cb8eca-bolsonaro-jpg.webp","width":1140,"height":760,"caption":"Governo Bolsonaro tem 35% de aprova\u00e7\u00e3o, afirma CNI\/Ibope"},{"@type":"BreadcrumbList","@id":"https:\/\/www.suno.com.br\/noticias\/velha-politica-bolsonaro-pacificar-relacoes\/#breadcrumb","itemListElement":[{"@type":"ListItem","position":1,"name":"Not\u00edcias","item":"https:\/\/www.suno.com.br\/noticias\/"},{"@type":"ListItem","position":2,"name":"Pol\u00edtica","item":"https:\/\/www.suno.com.br\/noticias\/politica\/"},{"@type":"ListItem","position":3,"name":"Ap\u00f3s abrir fogo contra &#8216;velha pol\u00edtica&#8217;, Bolsonaro tenta pacificar rela\u00e7\u00f5es"}]},{"@type":"WebSite","@id":"https:\/\/www.suno.com.br\/noticias\/#website","url":"https:\/\/www.suno.com.br\/noticias\/","name":"Suno Not\u00edcias","description":"Seu portal de informa\u00e7\u00e3o sobre o mundo dos investimentos","publisher":{"@id":"https:\/\/www.suno.com.br\/noticias\/#organization"},"potentialAction":[{"@type":"SearchAction","target":{"@type":"EntryPoint","urlTemplate":"https:\/\/www.suno.com.br\/noticias\/?s={search_term_string}"},"query-input":{"@type":"PropertyValueSpecification","valueRequired":true,"valueName":"search_term_string"}}],"inLanguage":"pt-BR"},{"@type":"Organization","@id":"https:\/\/www.suno.com.br\/noticias\/#organization","name":"Suno Not\u00edcias","url":"https:\/\/www.suno.com.br\/noticias\/","logo":{"@type":"ImageObject","inLanguage":"pt-BR","@id":"https:\/\/www.suno.com.br\/noticias\/#\/schema\/logo\/image\/","url":"https:\/\/files.sunoresearch.com.br\/n\/uploads\/2021\/09\/suno-logo.png","contentUrl":"https:\/\/files.sunoresearch.com.br\/n\/uploads\/2021\/09\/suno-logo.png","width":180,"height":180,"caption":"Suno Not\u00edcias"},"image":{"@id":"https:\/\/www.suno.com.br\/noticias\/#\/schema\/logo\/image\/"},"sameAs":["https:\/\/facebook.com\/sunoresearch","https:\/\/x.com\/sunoresearch","https:\/\/www.instagram.com\/suno","https:\/\/www.linkedin.com\/company\/suno-research\/","https:\/\/www.youtube.com\/c\/sunoresearch"]},{"@type":"Person","@id":"https:\/\/www.suno.com.br\/noticias\/#\/schema\/person\/0d0c9687cd2f600c564f25980c140de9","name":"Guilherme Caetano","image":{"@type":"ImageObject","inLanguage":"pt-BR","@id":"https:\/\/www.suno.com.br\/noticias\/#\/schema\/person\/image\/","url":"https:\/\/secure.gravatar.com\/avatar\/e48357351a01702a0d19307070e081bf?s=96&r=g","contentUrl":"https:\/\/secure.gravatar.com\/avatar\/e48357351a01702a0d19307070e081bf?s=96&r=g","caption":"Guilherme Caetano"},"description":"Formado em jornalismo pela Escola de Comunica\u00e7\u00f5es e Artes da USP, Guilherme Caetano escreve para o portal de not\u00edcias da Suno Research. Passou pelas reda\u00e7\u00f5es da Folha de S.Paulo e da revista \u00c9poca.","url":"https:\/\/www.suno.com.br\/noticias\/author\/guilherme-caetano\/"}]}},"default_loop_html":"<div class=\"cardsPage__listCard__boxs\"><div class=\"cardsPage__listCard__boxs__img\"><a href=\"https:\/\/www.suno.com.br\/noticias\/velha-politica-bolsonaro-pacificar-relacoes\/\"><img class=\"mask\" src=\"https:\/\/www.suno.com.br\/noticias\/wp-content\/themes\/suno\/resources\/images\/spotlight\/spotlight1img\/bg-mask.png\" alt=\"Image Mask\"\/><img src=\"https:\/\/files.sunoresearch.com.br\/n\/uploads\/2019\/03\/d0cb8eca-bolsonaro-400x200.webp\" alt=\"Ap\u00f3s abrir fogo contra &#8216;velha pol\u00edtica&#8217;, Bolsonaro tenta pacificar rela\u00e7\u00f5es\"\/><\/a><span class=\"spotlightCategory\"><a href=\"https:\/\/www.suno.com.br\/noticias\/politica\/\">Pol\u00edtica<\/a><\/span><\/div><div class=\"cardsPage__listCard__boxs__content\"><a href=\"https:\/\/www.suno.com.br\/noticias\/velha-politica-bolsonaro-pacificar-relacoes\/\"><h2 class=\"content__title\">Ap\u00f3s abrir fogo contra &#8216;velha pol\u00edtica&#8217;, Bolsonaro tenta pacificar rela\u00e7\u00f5es<\/h2><\/a><div class=\"newsContent__article__meta\"><div class=\"newsContent__article__meta__authorBox\"><a href=\"https:\/\/www.suno.com.br\/noticias\/author\/guilherme-caetano\/\" class=\"authorBox__avatar noMobi\"><img src=\"https:\/\/secure.gravatar.com\/avatar\/e48357351a01702a0d19307070e081bf?s=96&#038;r=g\" alt=\"Guilherme Caetano\"><\/a><div class=\"authorBox__name\"><span>por\n\t\t\t<a href=\"https:\/\/www.suno.com.br\/noticias\/author\/guilherme-caetano\/\"><span itemprop=\"author\">Guilherme Caetano<\/span><\/a><\/span><time datetime=\"2019-03-25T16:42:43-03:00\" itemprop=\"datePublished\">25\/03\/2019 16:42<\/time><\/div><\/div><\/div><\/div><\/div>","single_layout":"posts","amp_enabled":true,"_links":{"self":[{"href":"https:\/\/www.suno.com.br\/noticias\/wp-json\/wp\/v2\/posts\/18968"}],"collection":[{"href":"https:\/\/www.suno.com.br\/noticias\/wp-json\/wp\/v2\/posts"}],"about":[{"href":"https:\/\/www.suno.com.br\/noticias\/wp-json\/wp\/v2\/types\/post"}],"author":[{"embeddable":true,"href":"https:\/\/www.suno.com.br\/noticias\/wp-json\/wp\/v2\/users\/13"}],"replies":[{"embeddable":true,"href":"https:\/\/www.suno.com.br\/noticias\/wp-json\/wp\/v2\/comments?post=18968"}],"version-history":[{"count":0,"href":"https:\/\/www.suno.com.br\/noticias\/wp-json\/wp\/v2\/posts\/18968\/revisions"}],"wp:featuredmedia":[{"embeddable":true,"href":"https:\/\/www.suno.com.br\/noticias\/wp-json\/wp\/v2\/media\/18599"}],"wp:attachment":[{"href":"https:\/\/www.suno.com.br\/noticias\/wp-json\/wp\/v2\/media?parent=18968"}],"wp:term":[{"taxonomy":"category","embeddable":true,"href":"https:\/\/www.suno.com.br\/noticias\/wp-json\/wp\/v2\/categories?post=18968"},{"taxonomy":"post_tag","embeddable":true,"href":"https:\/\/www.suno.com.br\/noticias\/wp-json\/wp\/v2\/tags?post=18968"},{"taxonomy":"suno_strategy","embeddable":true,"href":"https:\/\/www.suno.com.br\/noticias\/wp-json\/wp\/v2\/suno_strategy?post=18968"}],"curies":[{"name":"wp","href":"https:\/\/api.w.org\/{rel}","templated":true}]}}