{"id":189535,"date":"2021-09-30T17:05:33","date_gmt":"2021-09-30T20:05:33","guid":{"rendered":"https:\/\/www.suno.com.br\/noticias\/?p=189535"},"modified":"2021-09-30T22:08:17","modified_gmt":"2021-10-01T01:08:17","slug":"ouro-fecha-em-alta-e-se-recupera-da-queda-nos-ultimos-dias","status":"publish","type":"post","link":"https:\/\/www.suno.com.br\/noticias\/ouro-fecha-em-alta-e-se-recupera-da-queda-nos-ultimos-dias\/","title":{"rendered":"Ouro fecha em alta e se recupera da queda nos \u00faltimos dias"},"content":{"rendered":"<p>Recuperando-se da queda dos \u00faltimos dias, o <strong>ouro<\/strong> fechou esta quinta-feira (30) em alta, dia em que mais investidores buscaram ativos de seguran\u00e7a. A discuss\u00e3o em torno da suspens\u00e3o do teto da <a class=\"suno-keyword\" href=\"https:\/\/www.suno.com.br\/artigos\/divida-fiscal\/\" target=\"_blank\" rel=\"noopener\" data-force=\"no\" data-priority=\"1\">d\u00edvida fiscal<\/a> dos EUA \u00e9 um dos fatores que impulsionaram o metal precioso, assim como a ainda influente imin\u00eancia de colapso da chinesa Evergrande.<\/p>\t<div class=\"wrapper-featured-image\">\n\t\t<figure class=\"spotlightImg\">\n\n\t\t\t<picture>\n\t\t\t\t<source media=\"(max-width: 768px)\" srcset=\"https:\/\/files.sunoresearch.com.br\/n\/uploads\/2021\/07\/bb514084-bullion-1744773_1920-400x200.jpg\">\n\t\t\t\t<img loading=\"lazy\" decoding=\"async\" class=\"newsContent__article__imgCapa lazyloadDisabled \" src=\"https:\/\/files.sunoresearch.com.br\/n\/uploads\/2021\/07\/bb514084-bullion-1744773_1920-800x450.jpg\" width=\"800\" height=\"450\" alt=\"Ouro fecha em alta e se recupera da queda nos \u00faltimos dias\" fetchpriority=high \/>\n\t\t\t<\/picture>\n\n\t\t\t<figcaption class=\"wp-caption-text wp-caption-text--show\">Ouro Foto: Pixabay<\/figcaption>\n\t\t<\/figure>\n\t<\/div>\n\n\n\t<p>\n\t\t<a href=\"https:\/\/lp.suno.com.br\/planilha-controle-gastos\/\" target=\"_blank\" data-element=\"shortcode-suno-banner\" title=\"Banner SUNO, clique e saiba mais\">\n\t\t\t<picture>\n\t\t\t\t<source media=\"(max-width: 500px)\" srcset=\"https:\/\/files.sunoresearch.com.br\/n\/uploads\/2023\/03\/400x300-Planilha-controle-de-gastos.png\">\n\t\t\t\t<img class=\"newsContent__article__imgCapa newsContent__article__imgCapa--banner\"\n\t\t\t\t\tsrc=\"https:\/\/files.sunoresearch.com.br\/n\/uploads\/2023\/03\/1420x240-Planilha-controle-de-gastos.png\"\n\t\t\t\t\tdata-promo-id=\"101751\"\t\t\t\t\t\t\t\t\t\twidth='1420' height='240'\t\t\t\t\talt=\"https:\/\/files.sunoresearch.com.br\/n\/uploads\/2023\/03\/1420x240-Planilha-controle-de-gastos.png\"\n\t\t\t\t>\n\t\t\t<\/picture>\n\t\t<\/a>\n\t<\/p>\n\n\n<p>Na <strong>Comex<\/strong>, divis\u00e3o de metais da <a class=\"suno-keyword\" href=\"https:\/\/www.suno.com.br\/artigos\/nymex\/\" target=\"_blank\" rel=\"noopener\" data-force=\"no\" data-priority=\"1\">New York Mercantile Exchange (Nymex)<\/a>, o <strong>ouro<\/strong> com entrega prevista para dezembro subiu 1,99% nesta quinta-feira, a US$ 1.757,00 por on\u00e7a-troy.<\/p>\n<p>Para o analista de mercados da Oanda, Edward Moya, o metal precioso seguiu ritmo de recupera\u00e7\u00e3o nesta quinta, ap\u00f3s acumular sess\u00f5es de baixas e altas pr\u00f3ximas \u00e0 estabilidade na \u00faltima semana.<\/p>\n\t<p>\n\t\t<a href=\"https:\/\/lp.suno.com.br\/planilha-da-vida-financeira\/\" target=\"_blank\" data-element=\"shortcode-suno-banner\" title=\"Banner SUNO, clique e saiba mais\">\n\t\t\t<picture>\n\t\t\t\t<source media=\"(max-width: 500px)\" srcset=\"https:\/\/files.sunoresearch.com.br\/n\/uploads\/2023\/04\/400x300-Planilha-vida-financeira-true.png\">\n\t\t\t\t<img class=\"newsContent__article__imgCapa newsContent__article__imgCapa--banner\"\n\t\t\t\t\tsrc=\"https:\/\/files.sunoresearch.com.br\/n\/uploads\/2023\/04\/1420x240-Planilha-vida-financeira-true.png\"\n\t\t\t\t\tdata-promo-id=\"106682\"\t\t\t\t\t\t\t\t\t\twidth='1420' height='240'\t\t\t\t\talt=\"https:\/\/files.sunoresearch.com.br\/n\/uploads\/2023\/04\/1420x240-Planilha-vida-financeira-true.png\"\n\t\t\t\t>\n\t\t\t<\/picture>\n\t\t<\/a>\n\t<\/p>\n\n\n<p>Segundo ele, o impulso \u00e0 commodity vem tamb\u00e9m de investidores que buscam prote\u00e7\u00e3o em meio ao <strong>impasse em Washington<\/strong>, capital dos EUA, sobre a suspens\u00e3o do teto da d\u00edvida fiscal do governo.<\/p>\n<p>Uma proposta para suspender o teto at\u00e9 <strong>dezembro de 2022<\/strong> foi aprovada na quarta pela C\u00e2mara dos Representantes, mas a pauta ter\u00e1 maior oposi\u00e7\u00e3o do Senado americano, que nesta quinta votou medida para evitar o <i>shutdown<\/i> do governo, ou seja, a paralisa\u00e7\u00e3o da m\u00e1quina p\u00fablica &#8211; sem, por\u00e9m, ainda, resolver o impasse do teto.<\/p>\n<p>Jeb Handwerger, editor da Gold Stock Trades, afirma que preocupa\u00e7\u00f5es quanto \u00e0 situa\u00e7\u00e3o da <strong>Evergrande<\/strong>, gigante do setor imobili\u00e1rio da China que vive grave crise de liquidez, tamb\u00e9m deram suporte \u00e0 seguran\u00e7a do ouro. Nesta quinta, a <i>Reuters<\/i> informou que a companhia deixou de pagar juros de uma emiss\u00e3o de bonds realizada fora da China.<\/p>\n\t<p>\n\t\t<a href=\"https:\/\/lp.suno.com.br\/ebook-como-analisar-uma-acao\/\" target=\"_blank\" data-element=\"shortcode-suno-banner\" title=\"Banner SUNO, clique e saiba mais\">\n\t\t\t<picture>\n\t\t\t\t<source media=\"(max-width: 500px)\" srcset=\"https:\/\/files.sunoresearch.com.br\/n\/uploads\/2023\/03\/Ebook-Acoes-Mobile-1.jpg\">\n\t\t\t\t<img class=\"newsContent__article__imgCapa newsContent__article__imgCapa--banner\"\n\t\t\t\t\tsrc=\"https:\/\/files.sunoresearch.com.br\/n\/uploads\/2023\/03\/Ebook-Acoes-Desktop-1.jpg\"\n\t\t\t\t\tdata-promo-id=\"171998\"\t\t\t\t\t\t\t\t\t\twidth='1420' height='286'\t\t\t\t\talt=\"https:\/\/files.sunoresearch.com.br\/n\/uploads\/2023\/03\/Ebook-Acoes-Desktop-1.jpg\"\n\t\t\t\t>\n\t\t\t<\/picture>\n\t\t<\/a>\n\t<\/p>\n\n\n<h2>Cota\u00e7\u00e3o do ouro nesta quarta (29)<\/h2>\n<p>O ouro encerrou a \u00faltima quarta (29) em baixa,\u00a0puxado pelo fortalecimento do d\u00f3lar ante moedas rivais e de\u00a0<a class=\"suno-keyword\" href=\"https:\/\/www.suno.com.br\/artigos\/paises-emergentes\/\" target=\"_blank\" rel=\"noopener\" data-force=\"no\" data-priority=\"2\">pa\u00edses emergentes<\/a>. O mercado cambial pressionou o metal precioso \u00e0 medida que o d\u00f3lar se valorizou diante de mais sinaliza\u00e7\u00f5es de que o Fed deve come\u00e7ar a reduzir em breve o est\u00edmulo monet\u00e1rio que prov\u00ea ao sistema financeiro dos Estados Unidos.<\/p>\n\t<p>\n\t\t<a href=\"https:\/\/lp.suno.com.br\/planilha-de-controle-de-investimentos\/\" target=\"_blank\" data-element=\"shortcode-suno-banner\" title=\"Banner SUNO, clique e saiba mais\">\n\t\t\t<picture>\n\t\t\t\t<source media=\"(max-width: 500px)\" srcset=\"https:\/\/files.sunoresearch.com.br\/n\/uploads\/2023\/03\/400x300-Controle-de-Investimentos.png\">\n\t\t\t\t<img class=\"newsContent__article__imgCapa newsContent__article__imgCapa--banner\"\n\t\t\t\t\tsrc=\"https:\/\/files.sunoresearch.com.br\/n\/uploads\/2023\/03\/1420x240-Controle-de-Investimentos.png\"\n\t\t\t\t\tdata-promo-id=\"75934\"\t\t\t\t\t\t\t\t\t\twidth='1420' height='240'\t\t\t\t\talt=\"https:\/\/files.sunoresearch.com.br\/n\/uploads\/2023\/03\/1420x240-Controle-de-Investimentos.png\"\n\t\t\t\t>\n\t\t\t<\/picture>\n\t\t<\/a>\n\t<\/p>\n\n\n<p>Na\u00a0Comex<strong>,<\/strong>\u00a0divis\u00e3o de metais da New York Mercantile Exchange (Nymex), o\u00a0<strong>ouro <\/strong>com entrega prevista para dezembro\u00a0recuou 0,84%, a US$ 1.722,90 por on\u00e7a-troy.<\/p>\n<p><em>(Com informa\u00e7\u00f5es de Dow Jones Newswires)<\/em><\/p>\n\t<p>\n\t\t<a href=\"\" target=\"_blank\" data-element=\"shortcode-suno-banner\" title=\"Banner SUNO, clique e saiba mais\">\n\t\t\t<picture>\n\t\t\t\t<source media=\"(max-width: 500px)\" srcset=\"\">\n\t\t\t\t<img class=\"newsContent__article__imgCapa newsContent__article__imgCapa--banner\"\n\t\t\t\t\tsrc=\"\"\n\t\t\t\t\tdata-promo-id=\"184190\"\t\t\t\t\t\t\t\t\t\t\t\t\t\t\talt=\"\"\n\t\t\t\t>\n\t\t\t<\/picture>\n\t\t<\/a>\n\t<\/p>\n\n\n","protected":false},"excerpt":{"rendered":"<p>Recuperando-se da queda dos \u00faltimos dias, o ouro fechou esta quinta-feira (30) em alta, dia em que mais investidores buscaram ativos de seguran\u00e7a. A discuss\u00e3o em torno da suspens\u00e3o do teto da d\u00edvida fiscal dos EUA \u00e9 um dos fatores que impulsionaram o metal precioso, assim como a ainda influente imin\u00eancia de colapso da chinesa [&hellip;]<\/p>\n","protected":false},"author":118,"featured_media":164497,"comment_status":"closed","ping_status":"closed","sticky":false,"template":"","format":"standard","meta":[],"categories":[60],"tags":[],"suno_strategy":[],"class_list":["post-189535","post","type-post","status-publish","format-standard","has-post-thumbnail","hentry","category-mercado"],"yoast_head":"<!-- This site is optimized with the Yoast SEO plugin v24.4 - https:\/\/yoast.com\/wordpress\/plugins\/seo\/ -->\n<title>Ouro fecha em alta e se recupera da queda nos \u00faltimos dias<\/title>\n<meta name=\"description\" content=\"Se recuperando da queda dos \u00faltimos dias, o ouro fechou est\u00e1 quinta-feira em alta, ao passo em que mais investidores...Saiba mais\" \/>\n<meta name=\"robots\" content=\"index, follow, max-snippet:-1, max-image-preview:large, max-video-preview:-1\" \/>\n<link rel=\"canonical\" href=\"https:\/\/www.suno.com.br\/noticias\/ouro-fecha-em-alta-e-se-recupera-da-queda-nos-ultimos-dias\/\" \/>\n<meta property=\"og:locale\" content=\"pt_BR\" \/>\n<meta property=\"og:type\" content=\"article\" \/>\n<meta property=\"og:title\" content=\"Ouro fecha em alta e se recupera da queda nos \u00faltimos dias\" \/>\n<meta property=\"og:description\" content=\"Se recuperando da queda dos \u00faltimos dias, o ouro fechou est\u00e1 quinta-feira em alta, ao passo em que mais investidores...Saiba mais\" \/>\n<meta property=\"og:url\" content=\"https:\/\/www.suno.com.br\/noticias\/ouro-fecha-em-alta-e-se-recupera-da-queda-nos-ultimos-dias\/\" \/>\n<meta property=\"og:site_name\" content=\"Suno Not\u00edcias\" \/>\n<meta property=\"article:publisher\" content=\"https:\/\/facebook.com\/sunoresearch\" \/>\n<meta property=\"og:image\" content=\"https:\/\/files.sunoresearch.com.br\/n\/uploads\/2021\/07\/bb514084-bullion-1744773_1920.jpg\" \/>\n\t<meta property=\"og:image:width\" content=\"1920\" \/>\n\t<meta property=\"og:image:height\" content=\"1056\" \/>\n\t<meta property=\"og:image:type\" content=\"image\/jpeg\" \/>\n<meta name=\"author\" content=\"Bruno Galv\u00e3o\" \/>\n<meta name=\"twitter:card\" content=\"summary_large_image\" \/>\n<meta name=\"twitter:creator\" content=\"@sunoresearch\" \/>\n<meta name=\"twitter:site\" content=\"@sunoresearch\" \/>\n<meta name=\"twitter:label1\" content=\"Escrito por\" \/>\n\t<meta name=\"twitter:data1\" content=\"Bruno Galv\u00e3o\" \/>\n\t<meta name=\"twitter:label2\" content=\"Est. tempo de leitura\" \/>\n\t<meta name=\"twitter:data2\" content=\"2 minutos\" \/>\n<script type=\"application\/ld+json\" class=\"yoast-schema-graph\">{\"@context\":\"https:\/\/schema.org\",\"@graph\":[{\"@type\":\"NewsArticle\",\"@id\":\"https:\/\/www.suno.com.br\/noticias\/ouro-fecha-em-alta-e-se-recupera-da-queda-nos-ultimos-dias\/#article\",\"isPartOf\":{\"@id\":\"https:\/\/www.suno.com.br\/noticias\/ouro-fecha-em-alta-e-se-recupera-da-queda-nos-ultimos-dias\/\"},\"author\":{\"name\":\"Bruno Galv\u00e3o\",\"@id\":\"https:\/\/www.suno.com.br\/noticias\/#\/schema\/person\/06f0d962a6b1c54852e4860f16935600\"},\"headline\":\"Ouro fecha em alta e se recupera da queda nos \u00faltimos dias\",\"datePublished\":\"2021-09-30T20:05:33+00:00\",\"dateModified\":\"2021-10-01T01:08:17+00:00\",\"mainEntityOfPage\":{\"@id\":\"https:\/\/www.suno.com.br\/noticias\/ouro-fecha-em-alta-e-se-recupera-da-queda-nos-ultimos-dias\/\"},\"wordCount\":403,\"publisher\":{\"@id\":\"https:\/\/www.suno.com.br\/noticias\/#organization\"},\"image\":{\"@id\":\"https:\/\/www.suno.com.br\/noticias\/ouro-fecha-em-alta-e-se-recupera-da-queda-nos-ultimos-dias\/#primaryimage\"},\"thumbnailUrl\":\"https:\/\/files.sunoresearch.com.br\/n\/uploads\/2021\/07\/bb514084-bullion-1744773_1920.jpg\",\"articleSection\":[\"Mercado\"],\"inLanguage\":\"pt-BR\"},{\"@type\":\"WebPage\",\"@id\":\"https:\/\/www.suno.com.br\/noticias\/ouro-fecha-em-alta-e-se-recupera-da-queda-nos-ultimos-dias\/\",\"url\":\"https:\/\/www.suno.com.br\/noticias\/ouro-fecha-em-alta-e-se-recupera-da-queda-nos-ultimos-dias\/\",\"name\":\"Ouro fecha em alta e se recupera da queda nos \u00faltimos dias\",\"isPartOf\":{\"@id\":\"https:\/\/www.suno.com.br\/noticias\/#website\"},\"primaryImageOfPage\":{\"@id\":\"https:\/\/www.suno.com.br\/noticias\/ouro-fecha-em-alta-e-se-recupera-da-queda-nos-ultimos-dias\/#primaryimage\"},\"image\":{\"@id\":\"https:\/\/www.suno.com.br\/noticias\/ouro-fecha-em-alta-e-se-recupera-da-queda-nos-ultimos-dias\/#primaryimage\"},\"thumbnailUrl\":\"https:\/\/files.sunoresearch.com.br\/n\/uploads\/2021\/07\/bb514084-bullion-1744773_1920.jpg\",\"datePublished\":\"2021-09-30T20:05:33+00:00\",\"dateModified\":\"2021-10-01T01:08:17+00:00\",\"description\":\"Se recuperando da queda dos \u00faltimos dias, o ouro fechou est\u00e1 quinta-feira em alta, ao passo em que mais investidores...Saiba mais\",\"breadcrumb\":{\"@id\":\"https:\/\/www.suno.com.br\/noticias\/ouro-fecha-em-alta-e-se-recupera-da-queda-nos-ultimos-dias\/#breadcrumb\"},\"inLanguage\":\"pt-BR\",\"potentialAction\":[{\"@type\":\"ReadAction\",\"target\":[\"https:\/\/www.suno.com.br\/noticias\/ouro-fecha-em-alta-e-se-recupera-da-queda-nos-ultimos-dias\/\"]}]},{\"@type\":\"ImageObject\",\"inLanguage\":\"pt-BR\",\"@id\":\"https:\/\/www.suno.com.br\/noticias\/ouro-fecha-em-alta-e-se-recupera-da-queda-nos-ultimos-dias\/#primaryimage\",\"url\":\"https:\/\/files.sunoresearch.com.br\/n\/uploads\/2021\/07\/bb514084-bullion-1744773_1920.jpg\",\"contentUrl\":\"https:\/\/files.sunoresearch.com.br\/n\/uploads\/2021\/07\/bb514084-bullion-1744773_1920.jpg\",\"width\":1920,\"height\":1056,\"caption\":\"Ouro Foto: Pixabay\"},{\"@type\":\"BreadcrumbList\",\"@id\":\"https:\/\/www.suno.com.br\/noticias\/ouro-fecha-em-alta-e-se-recupera-da-queda-nos-ultimos-dias\/#breadcrumb\",\"itemListElement\":[{\"@type\":\"ListItem\",\"position\":1,\"name\":\"Not\u00edcias\",\"item\":\"https:\/\/www.suno.com.br\/noticias\/\"},{\"@type\":\"ListItem\",\"position\":2,\"name\":\"Mercado\",\"item\":\"https:\/\/www.suno.com.br\/noticias\/mercado\/\"},{\"@type\":\"ListItem\",\"position\":3,\"name\":\"Ouro fecha em alta e se recupera da queda nos \u00faltimos dias\"}]},{\"@type\":\"WebSite\",\"@id\":\"https:\/\/www.suno.com.br\/noticias\/#website\",\"url\":\"https:\/\/www.suno.com.br\/noticias\/\",\"name\":\"Suno Not\u00edcias\",\"description\":\"Seu portal de informa\u00e7\u00e3o sobre o mundo dos investimentos\",\"publisher\":{\"@id\":\"https:\/\/www.suno.com.br\/noticias\/#organization\"},\"potentialAction\":[{\"@type\":\"SearchAction\",\"target\":{\"@type\":\"EntryPoint\",\"urlTemplate\":\"https:\/\/www.suno.com.br\/noticias\/?s={search_term_string}\"},\"query-input\":{\"@type\":\"PropertyValueSpecification\",\"valueRequired\":true,\"valueName\":\"search_term_string\"}}],\"inLanguage\":\"pt-BR\"},{\"@type\":\"Organization\",\"@id\":\"https:\/\/www.suno.com.br\/noticias\/#organization\",\"name\":\"Suno Not\u00edcias\",\"url\":\"https:\/\/www.suno.com.br\/noticias\/\",\"logo\":{\"@type\":\"ImageObject\",\"inLanguage\":\"pt-BR\",\"@id\":\"https:\/\/www.suno.com.br\/noticias\/#\/schema\/logo\/image\/\",\"url\":\"https:\/\/files.sunoresearch.com.br\/n\/uploads\/2021\/09\/suno-logo.png\",\"contentUrl\":\"https:\/\/files.sunoresearch.com.br\/n\/uploads\/2021\/09\/suno-logo.png\",\"width\":180,\"height\":180,\"caption\":\"Suno Not\u00edcias\"},\"image\":{\"@id\":\"https:\/\/www.suno.com.br\/noticias\/#\/schema\/logo\/image\/\"},\"sameAs\":[\"https:\/\/facebook.com\/sunoresearch\",\"https:\/\/x.com\/sunoresearch\",\"https:\/\/www.instagram.com\/suno\",\"https:\/\/www.linkedin.com\/company\/suno-research\/\",\"https:\/\/www.youtube.com\/c\/sunoresearch\"]},{\"@type\":\"Person\",\"@id\":\"https:\/\/www.suno.com.br\/noticias\/#\/schema\/person\/06f0d962a6b1c54852e4860f16935600\",\"name\":\"Bruno Galv\u00e3o\",\"image\":{\"@type\":\"ImageObject\",\"inLanguage\":\"pt-BR\",\"@id\":\"https:\/\/www.suno.com.br\/noticias\/#\/schema\/person\/image\/\",\"url\":\"https:\/\/secure.gravatar.com\/avatar\/53598df0b41c00f12f287a912d0e918e?s=96&r=g\",\"contentUrl\":\"https:\/\/secure.gravatar.com\/avatar\/53598df0b41c00f12f287a912d0e918e?s=96&r=g\",\"caption\":\"Bruno Galv\u00e3o\"},\"description\":\"Escreve para o portal Suno Not\u00edcias. \u00c9 estudante de Jornalismo pela Faculdade C\u00e1sper L\u00edbero e Letras pela USP. Entusiasta de tecnologia e intelig\u00eancia artificial.\",\"url\":\"https:\/\/www.suno.com.br\/noticias\/author\/bruno-garcia\/\"}]}<\/script>\n<!-- \/ Yoast SEO plugin. -->","yoast_head_json":{"title":"Ouro fecha em alta e se recupera da queda nos \u00faltimos dias","description":"Se recuperando da queda dos \u00faltimos dias, o ouro fechou est\u00e1 quinta-feira em alta, ao passo em que mais investidores...Saiba mais","robots":{"index":"index","follow":"follow","max-snippet":"max-snippet:-1","max-image-preview":"max-image-preview:large","max-video-preview":"max-video-preview:-1"},"canonical":"https:\/\/www.suno.com.br\/noticias\/ouro-fecha-em-alta-e-se-recupera-da-queda-nos-ultimos-dias\/","og_locale":"pt_BR","og_type":"article","og_title":"Ouro fecha em alta e se recupera da queda nos \u00faltimos dias","og_description":"Se recuperando da queda dos \u00faltimos dias, o ouro fechou est\u00e1 quinta-feira em alta, ao passo em que mais investidores...Saiba mais","og_url":"https:\/\/www.suno.com.br\/noticias\/ouro-fecha-em-alta-e-se-recupera-da-queda-nos-ultimos-dias\/","og_site_name":"Suno Not\u00edcias","article_publisher":"https:\/\/facebook.com\/sunoresearch","og_image":[{"width":1920,"height":1056,"url":"https:\/\/files.sunoresearch.com.br\/n\/uploads\/2021\/07\/bb514084-bullion-1744773_1920.jpg","type":"image\/jpeg"}],"author":"Bruno Galv\u00e3o","twitter_card":"summary_large_image","twitter_creator":"@sunoresearch","twitter_site":"@sunoresearch","twitter_misc":{"Escrito por":"Bruno Galv\u00e3o","Est. tempo de leitura":"2 minutos"},"schema":{"@context":"https:\/\/schema.org","@graph":[{"@type":"NewsArticle","@id":"https:\/\/www.suno.com.br\/noticias\/ouro-fecha-em-alta-e-se-recupera-da-queda-nos-ultimos-dias\/#article","isPartOf":{"@id":"https:\/\/www.suno.com.br\/noticias\/ouro-fecha-em-alta-e-se-recupera-da-queda-nos-ultimos-dias\/"},"author":{"name":"Bruno Galv\u00e3o","@id":"https:\/\/www.suno.com.br\/noticias\/#\/schema\/person\/06f0d962a6b1c54852e4860f16935600"},"headline":"Ouro fecha em alta e se recupera da queda nos \u00faltimos dias","datePublished":"2021-09-30T20:05:33+00:00","dateModified":"2021-10-01T01:08:17+00:00","mainEntityOfPage":{"@id":"https:\/\/www.suno.com.br\/noticias\/ouro-fecha-em-alta-e-se-recupera-da-queda-nos-ultimos-dias\/"},"wordCount":403,"publisher":{"@id":"https:\/\/www.suno.com.br\/noticias\/#organization"},"image":{"@id":"https:\/\/www.suno.com.br\/noticias\/ouro-fecha-em-alta-e-se-recupera-da-queda-nos-ultimos-dias\/#primaryimage"},"thumbnailUrl":"https:\/\/files.sunoresearch.com.br\/n\/uploads\/2021\/07\/bb514084-bullion-1744773_1920.jpg","articleSection":["Mercado"],"inLanguage":"pt-BR"},{"@type":"WebPage","@id":"https:\/\/www.suno.com.br\/noticias\/ouro-fecha-em-alta-e-se-recupera-da-queda-nos-ultimos-dias\/","url":"https:\/\/www.suno.com.br\/noticias\/ouro-fecha-em-alta-e-se-recupera-da-queda-nos-ultimos-dias\/","name":"Ouro fecha em alta e se recupera da queda nos \u00faltimos dias","isPartOf":{"@id":"https:\/\/www.suno.com.br\/noticias\/#website"},"primaryImageOfPage":{"@id":"https:\/\/www.suno.com.br\/noticias\/ouro-fecha-em-alta-e-se-recupera-da-queda-nos-ultimos-dias\/#primaryimage"},"image":{"@id":"https:\/\/www.suno.com.br\/noticias\/ouro-fecha-em-alta-e-se-recupera-da-queda-nos-ultimos-dias\/#primaryimage"},"thumbnailUrl":"https:\/\/files.sunoresearch.com.br\/n\/uploads\/2021\/07\/bb514084-bullion-1744773_1920.jpg","datePublished":"2021-09-30T20:05:33+00:00","dateModified":"2021-10-01T01:08:17+00:00","description":"Se recuperando da queda dos \u00faltimos dias, o ouro fechou est\u00e1 quinta-feira em alta, ao passo em que mais investidores...Saiba mais","breadcrumb":{"@id":"https:\/\/www.suno.com.br\/noticias\/ouro-fecha-em-alta-e-se-recupera-da-queda-nos-ultimos-dias\/#breadcrumb"},"inLanguage":"pt-BR","potentialAction":[{"@type":"ReadAction","target":["https:\/\/www.suno.com.br\/noticias\/ouro-fecha-em-alta-e-se-recupera-da-queda-nos-ultimos-dias\/"]}]},{"@type":"ImageObject","inLanguage":"pt-BR","@id":"https:\/\/www.suno.com.br\/noticias\/ouro-fecha-em-alta-e-se-recupera-da-queda-nos-ultimos-dias\/#primaryimage","url":"https:\/\/files.sunoresearch.com.br\/n\/uploads\/2021\/07\/bb514084-bullion-1744773_1920.jpg","contentUrl":"https:\/\/files.sunoresearch.com.br\/n\/uploads\/2021\/07\/bb514084-bullion-1744773_1920.jpg","width":1920,"height":1056,"caption":"Ouro Foto: Pixabay"},{"@type":"BreadcrumbList","@id":"https:\/\/www.suno.com.br\/noticias\/ouro-fecha-em-alta-e-se-recupera-da-queda-nos-ultimos-dias\/#breadcrumb","itemListElement":[{"@type":"ListItem","position":1,"name":"Not\u00edcias","item":"https:\/\/www.suno.com.br\/noticias\/"},{"@type":"ListItem","position":2,"name":"Mercado","item":"https:\/\/www.suno.com.br\/noticias\/mercado\/"},{"@type":"ListItem","position":3,"name":"Ouro fecha em alta e se recupera da queda nos \u00faltimos dias"}]},{"@type":"WebSite","@id":"https:\/\/www.suno.com.br\/noticias\/#website","url":"https:\/\/www.suno.com.br\/noticias\/","name":"Suno Not\u00edcias","description":"Seu portal de informa\u00e7\u00e3o sobre o mundo dos investimentos","publisher":{"@id":"https:\/\/www.suno.com.br\/noticias\/#organization"},"potentialAction":[{"@type":"SearchAction","target":{"@type":"EntryPoint","urlTemplate":"https:\/\/www.suno.com.br\/noticias\/?s={search_term_string}"},"query-input":{"@type":"PropertyValueSpecification","valueRequired":true,"valueName":"search_term_string"}}],"inLanguage":"pt-BR"},{"@type":"Organization","@id":"https:\/\/www.suno.com.br\/noticias\/#organization","name":"Suno Not\u00edcias","url":"https:\/\/www.suno.com.br\/noticias\/","logo":{"@type":"ImageObject","inLanguage":"pt-BR","@id":"https:\/\/www.suno.com.br\/noticias\/#\/schema\/logo\/image\/","url":"https:\/\/files.sunoresearch.com.br\/n\/uploads\/2021\/09\/suno-logo.png","contentUrl":"https:\/\/files.sunoresearch.com.br\/n\/uploads\/2021\/09\/suno-logo.png","width":180,"height":180,"caption":"Suno Not\u00edcias"},"image":{"@id":"https:\/\/www.suno.com.br\/noticias\/#\/schema\/logo\/image\/"},"sameAs":["https:\/\/facebook.com\/sunoresearch","https:\/\/x.com\/sunoresearch","https:\/\/www.instagram.com\/suno","https:\/\/www.linkedin.com\/company\/suno-research\/","https:\/\/www.youtube.com\/c\/sunoresearch"]},{"@type":"Person","@id":"https:\/\/www.suno.com.br\/noticias\/#\/schema\/person\/06f0d962a6b1c54852e4860f16935600","name":"Bruno Galv\u00e3o","image":{"@type":"ImageObject","inLanguage":"pt-BR","@id":"https:\/\/www.suno.com.br\/noticias\/#\/schema\/person\/image\/","url":"https:\/\/secure.gravatar.com\/avatar\/53598df0b41c00f12f287a912d0e918e?s=96&r=g","contentUrl":"https:\/\/secure.gravatar.com\/avatar\/53598df0b41c00f12f287a912d0e918e?s=96&r=g","caption":"Bruno Galv\u00e3o"},"description":"Escreve para o portal Suno Not\u00edcias. \u00c9 estudante de Jornalismo pela Faculdade C\u00e1sper L\u00edbero e Letras pela USP. Entusiasta de tecnologia e intelig\u00eancia artificial.","url":"https:\/\/www.suno.com.br\/noticias\/author\/bruno-garcia\/"}]}},"default_loop_html":"<div class=\"cardsPage__listCard__boxs\"><div class=\"cardsPage__listCard__boxs__img\"><a href=\"https:\/\/www.suno.com.br\/noticias\/ouro-fecha-em-alta-e-se-recupera-da-queda-nos-ultimos-dias\/\"><img class=\"mask\" src=\"https:\/\/www.suno.com.br\/noticias\/wp-content\/themes\/suno\/resources\/images\/spotlight\/spotlight1img\/bg-mask.png\" alt=\"Image Mask\"\/><img src=\"https:\/\/files.sunoresearch.com.br\/n\/uploads\/2021\/07\/bb514084-bullion-1744773_1920-400x200.jpg\" alt=\"Ouro fecha em alta e se recupera da queda nos \u00faltimos dias\"\/><\/a><span class=\"spotlightCategory\"><a href=\"https:\/\/www.suno.com.br\/noticias\/mercado\/\">Mercado<\/a><\/span><\/div><div class=\"cardsPage__listCard__boxs__content\"><a href=\"https:\/\/www.suno.com.br\/noticias\/ouro-fecha-em-alta-e-se-recupera-da-queda-nos-ultimos-dias\/\"><h2 class=\"content__title\">Ouro fecha em alta e se recupera da queda nos \u00faltimos dias<\/h2><\/a><div class=\"newsContent__article__meta\"><div class=\"newsContent__article__meta__authorBox\"><a href=\"https:\/\/www.suno.com.br\/noticias\/author\/bruno-garcia\/\" class=\"authorBox__avatar noMobi\"><img src=\"https:\/\/secure.gravatar.com\/avatar\/53598df0b41c00f12f287a912d0e918e?s=96&#038;r=g\" alt=\"Bruno Galv\u00e3o\"><\/a><div class=\"authorBox__name\"><span>por\n\t\t\t<a href=\"https:\/\/www.suno.com.br\/noticias\/author\/bruno-garcia\/\"><span itemprop=\"author\">Bruno Galv\u00e3o<\/span><\/a><\/span><time datetime=\"2021-09-30T17:05:33-03:00\" itemprop=\"datePublished\">30\/09\/2021 17:05<\/time><\/div><\/div><\/div><\/div><\/div>","single_layout":"posts","amp_enabled":true,"_links":{"self":[{"href":"https:\/\/www.suno.com.br\/noticias\/wp-json\/wp\/v2\/posts\/189535"}],"collection":[{"href":"https:\/\/www.suno.com.br\/noticias\/wp-json\/wp\/v2\/posts"}],"about":[{"href":"https:\/\/www.suno.com.br\/noticias\/wp-json\/wp\/v2\/types\/post"}],"author":[{"embeddable":true,"href":"https:\/\/www.suno.com.br\/noticias\/wp-json\/wp\/v2\/users\/118"}],"replies":[{"embeddable":true,"href":"https:\/\/www.suno.com.br\/noticias\/wp-json\/wp\/v2\/comments?post=189535"}],"version-history":[{"count":4,"href":"https:\/\/www.suno.com.br\/noticias\/wp-json\/wp\/v2\/posts\/189535\/revisions"}],"predecessor-version":[{"id":189767,"href":"https:\/\/www.suno.com.br\/noticias\/wp-json\/wp\/v2\/posts\/189535\/revisions\/189767"}],"wp:featuredmedia":[{"embeddable":true,"href":"https:\/\/www.suno.com.br\/noticias\/wp-json\/wp\/v2\/media\/164497"}],"wp:attachment":[{"href":"https:\/\/www.suno.com.br\/noticias\/wp-json\/wp\/v2\/media?parent=189535"}],"wp:term":[{"taxonomy":"category","embeddable":true,"href":"https:\/\/www.suno.com.br\/noticias\/wp-json\/wp\/v2\/categories?post=189535"},{"taxonomy":"post_tag","embeddable":true,"href":"https:\/\/www.suno.com.br\/noticias\/wp-json\/wp\/v2\/tags?post=189535"},{"taxonomy":"suno_strategy","embeddable":true,"href":"https:\/\/www.suno.com.br\/noticias\/wp-json\/wp\/v2\/suno_strategy?post=189535"}],"curies":[{"name":"wp","href":"https:\/\/api.w.org\/{rel}","templated":true}]}}