{"id":18923,"date":"2019-03-25T12:44:26","date_gmt":"2019-03-25T15:44:26","guid":{"rendered":"https:\/\/www.suno.com.br\/noticias\/?p=18923"},"modified":"2019-03-25T12:44:26","modified_gmt":"2019-03-25T15:44:26","slug":"itau-propoe-reeleicao-membros-conselho","status":"publish","type":"post","link":"https:\/\/www.suno.com.br\/noticias\/itau-propoe-reeleicao-membros-conselho\/","title":{"rendered":"Ita\u00fa: Banco prop\u00f5e que os 12 membros do conselho sejam reeleitos"},"content":{"rendered":"<p>O Ita\u00fa Unibanco convocou a assembleia geral ordin\u00e1ria (AGO) para 24 de abril. Nela, os acionistas devem votar a composi\u00e7\u00e3o do conselho de administra\u00e7\u00e3o. No entanto, a proposta que os 12 membros atuais sejam reeleitos.<\/p>\t<div class=\"wrapper-featured-image\">\n\t\t<figure class=\"spotlightImg\">\n\n\t\t\t<picture>\n\t\t\t\t<source media=\"(max-width: 768px)\" srcset=\"https:\/\/files.sunoresearch.com.br\/n\/uploads\/2019\/02\/649907e8-itausa-400x200.webp\">\n\t\t\t\t<img loading=\"lazy\" decoding=\"async\" class=\"newsContent__article__imgCapa lazyloadDisabled newsContent__article__imgCapa--noCaption\" src=\"https:\/\/files.sunoresearch.com.br\/n\/uploads\/2019\/02\/649907e8-itausa-800x450.webp\" width=\"800\" height=\"450\" alt=\"Ita\u00fa: Banco prop\u00f5e que os 12 membros do conselho sejam reeleitos\" fetchpriority=high \/>\n\t\t\t<\/picture>\n\n\t\t\t<figcaption class=\"wp-caption-text wp-caption-text--hide\"><\/figcaption>\n\t\t<\/figure>\n\t<\/div>\n\n\n<p>Atualmente, o conselho do <strong>Ita\u00fa<\/strong> \u00e9 formado pelos seguintes membros:<\/p>\n<ul>\n<li>Roberto Egydio Setubal (Copresidente);<\/li>\n<li>Pedro Moreira Salles (Copresidente);<\/li>\n<li>Alfredo Egydio Setubal (Membro);<\/li>\n<li>Ana L\u00facia de Mattos Barretto Villela (Membro);<\/li>\n<li>Jo\u00e3o Moreira Salles (Membro);<\/li>\n<li>Marco Ambrogio Crespi Bonomi (Membro);<\/li>\n<li>Ricardo Villela Marino (Membro);<\/li>\n<li>Amos Genish (Independente);<\/li>\n<li>F\u00e1bio Colletti Barbosa (Independente);<\/li>\n<li>Gustavo Jorge Laboissi\u00e8re Loyola (Independente);<\/li>\n<li>Jos\u00e9 Gall\u00f3 (Independente);<\/li>\n<li>Pedro Luiz Bodin de Moraes (Independente).<\/li>\n<\/ul>\n<p><a href=\"https:\/\/www.suno.com.br\/noticias\/bancos-itau-santander-bradesco-acionistas\/\">Saiba mais:\u00a0Bancos Ita\u00fa, Santander e Bradesco pagar\u00e3o R$ 36,8 bi aos acionistas<\/a><\/p>\n<p>&#8220;Diante da avalia\u00e7\u00e3o do \u00f3rg\u00e3o colegiado e de seus membros individualmente, do bom desempenho durante o per\u00edodo e da assiduidade de seus integrantes nas reuni\u00f5es e, ainda, da ader\u00eancia aos requisitos de elegibilidade da companhia e de sua pol\u00edtica de indica\u00e7\u00e3o de administradores, prop\u00f5e-se a reelei\u00e7\u00e3o dos membros&#8221;, diz o texto.<\/p>\n<p>De acordo com a carta, o setor banc\u00e1rio passa por importantes mudan\u00e7as, principalmente em rela\u00e7\u00e3o a concorr\u00eancia.\u00a0 &#8220;Al\u00e9m da concorr\u00eancia tradicional, \u00e9 crescente a presen\u00e7a de novos entrantes, impulsionados pelo uso de tecnologias inovadoras, o que vem aumentando a competi\u00e7\u00e3o de forma saud\u00e1vel no sistema financeiro nacional&#8221;.<\/p>\n<h2>Lucro l\u00edquido do Ita\u00fa<\/h2>\n<p>O Ita\u00fa Unibanco anunciou em fevereiro seu balan\u00e7o financeiro. De acordo com o banco, em 2018, foi registrado lucro l\u00edquido de R$ 24,9777 bilh\u00f5es. O valor corresponde a um aumento de 4,2%, em rela\u00e7\u00e3o a 2017.<\/p>\n<p>No terceiro trimestre de 2018, o <strong>lucro l\u00edquido<\/strong> do <strong>Ita\u00fa<\/strong> foi de\u00a0 R$ 6,206 bilh\u00f5es, uma alta de 6,4% ante o mesmo per\u00edodo do ano anterior.<\/p>\n<p><a href=\"https:\/\/www.suno.com.br\/noticias\/itau-unibanco-lucro-25-bilhoes\/\">Saiba mais:\u00a0Ita\u00fa Unibanco registra lucro de R$ 25 bilh\u00f5es em 2018; alta foi de 4,2%<\/a><\/p>\n<p>O <strong>lucro l\u00edquido <\/strong>recorrente\u00a0do <strong>Ita\u00fa<\/strong> (que exclui fatores extraordin\u00e1rios no trimestre fiscal), por sua vez, somou R$ 6,478 bilh\u00f5es no <strong>quarto trimestre<\/strong>. Trata-se de um aumento de 3,1% na compara\u00e7\u00e3o ao mesmo per\u00edodo de 2017. O acumulado do ano foi de R$ 25,733 bilh\u00f5es &#8211; avan\u00e7o de 3,4%.<\/p>\n","protected":false},"excerpt":{"rendered":"<p>O Ita\u00fa Unibanco convocou a assembleia geral ordin\u00e1ria (AGO) para 24 de abril. Nela, os acionistas devem votar a composi\u00e7\u00e3o do conselho de administra\u00e7\u00e3o. No entanto, a proposta que os 12 membros atuais sejam reeleitos. Atualmente, o conselho do Ita\u00fa \u00e9 formado pelos seguintes membros: Roberto Egydio Setubal (Copresidente); Pedro Moreira Salles (Copresidente); Alfredo Egydio [&hellip;]<\/p>\n","protected":false},"author":11,"featured_media":15923,"comment_status":"closed","ping_status":"closed","sticky":false,"template":"","format":"standard","meta":[],"categories":[60],"tags":[519],"suno_strategy":[],"class_list":["post-18923","post","type-post","status-publish","format-standard","has-post-thumbnail","hentry","category-mercado","tag-itau-unibanco-itub3-itub4"],"yoast_head":"<!-- This site is optimized with the Yoast SEO plugin v24.4 - https:\/\/yoast.com\/wordpress\/plugins\/seo\/ -->\n<title>Ita\u00fa: Banco prop\u00f5e que os 12 membros do conselho sejam reeleitos<\/title>\n<meta name=\"description\" content=\"Ita\u00fa convoca assembleia geral ordin\u00e1ria (AGO) para o dia 24 de abril, nela ser\u00e3o escolhidos os membros do conselho do banco. Clique e saiba mais.\" \/>\n<meta name=\"robots\" content=\"index, follow, max-snippet:-1, max-image-preview:large, max-video-preview:-1\" \/>\n<link rel=\"canonical\" href=\"https:\/\/www.suno.com.br\/noticias\/itau-propoe-reeleicao-membros-conselho\/\" \/>\n<meta property=\"og:locale\" content=\"pt_BR\" \/>\n<meta property=\"og:type\" content=\"article\" \/>\n<meta property=\"og:title\" content=\"Ita\u00fa: Banco prop\u00f5e que os 12 membros do conselho sejam reeleitos\" \/>\n<meta property=\"og:description\" content=\"Ita\u00fa convoca assembleia geral ordin\u00e1ria (AGO) para o dia 24 de abril, nela ser\u00e3o escolhidos os membros do conselho do banco. Clique e saiba mais.\" \/>\n<meta property=\"og:url\" content=\"https:\/\/www.suno.com.br\/noticias\/itau-propoe-reeleicao-membros-conselho\/\" \/>\n<meta property=\"og:site_name\" content=\"Suno Not\u00edcias\" \/>\n<meta property=\"article:publisher\" content=\"https:\/\/facebook.com\/sunoresearch\" \/>\n<meta property=\"og:image\" content=\"https:\/\/files.sunoresearch.com.br\/n\/uploads\/2019\/02\/649907e8-itausa.jpg\" \/>\n\t<meta property=\"og:image:width\" content=\"819\" \/>\n\t<meta property=\"og:image:height\" content=\"614\" \/>\n\t<meta property=\"og:image:type\" content=\"image\/jpeg\" \/>\n<meta name=\"author\" content=\"Renan Bandeira\" \/>\n<meta name=\"twitter:card\" content=\"summary_large_image\" \/>\n<meta name=\"twitter:creator\" content=\"@sunoresearch\" \/>\n<meta name=\"twitter:site\" content=\"@sunoresearch\" \/>\n<meta name=\"twitter:label1\" content=\"Escrito por\" \/>\n\t<meta name=\"twitter:data1\" content=\"Renan Bandeira\" \/>\n\t<meta name=\"twitter:label2\" content=\"Est. tempo de leitura\" \/>\n\t<meta name=\"twitter:data2\" content=\"2 minutos\" \/>\n<script type=\"application\/ld+json\" class=\"yoast-schema-graph\">{\"@context\":\"https:\/\/schema.org\",\"@graph\":[{\"@type\":\"NewsArticle\",\"@id\":\"https:\/\/www.suno.com.br\/noticias\/itau-propoe-reeleicao-membros-conselho\/#article\",\"isPartOf\":{\"@id\":\"https:\/\/www.suno.com.br\/noticias\/itau-propoe-reeleicao-membros-conselho\/\"},\"author\":{\"name\":\"Renan Bandeira\",\"@id\":\"https:\/\/www.suno.com.br\/noticias\/#\/schema\/person\/fc144a1c6108bd1dcd43784e88a3c138\"},\"headline\":\"Ita\u00fa: Banco prop\u00f5e que os 12 membros do conselho sejam reeleitos\",\"datePublished\":\"2019-03-25T15:44:26+00:00\",\"mainEntityOfPage\":{\"@id\":\"https:\/\/www.suno.com.br\/noticias\/itau-propoe-reeleicao-membros-conselho\/\"},\"wordCount\":373,\"publisher\":{\"@id\":\"https:\/\/www.suno.com.br\/noticias\/#organization\"},\"image\":{\"@id\":\"https:\/\/www.suno.com.br\/noticias\/itau-propoe-reeleicao-membros-conselho\/#primaryimage\"},\"thumbnailUrl\":\"https:\/\/files.sunoresearch.com.br\/n\/uploads\/2019\/02\/649907e8-itausa.jpg\",\"keywords\":[\"Ita\u00fa Unibanco (ITUB3\/ITUB4)\"],\"articleSection\":[\"Mercado\"],\"inLanguage\":\"pt-BR\"},{\"@type\":\"WebPage\",\"@id\":\"https:\/\/www.suno.com.br\/noticias\/itau-propoe-reeleicao-membros-conselho\/\",\"url\":\"https:\/\/www.suno.com.br\/noticias\/itau-propoe-reeleicao-membros-conselho\/\",\"name\":\"Ita\u00fa: Banco prop\u00f5e que os 12 membros do conselho sejam reeleitos\",\"isPartOf\":{\"@id\":\"https:\/\/www.suno.com.br\/noticias\/#website\"},\"primaryImageOfPage\":{\"@id\":\"https:\/\/www.suno.com.br\/noticias\/itau-propoe-reeleicao-membros-conselho\/#primaryimage\"},\"image\":{\"@id\":\"https:\/\/www.suno.com.br\/noticias\/itau-propoe-reeleicao-membros-conselho\/#primaryimage\"},\"thumbnailUrl\":\"https:\/\/files.sunoresearch.com.br\/n\/uploads\/2019\/02\/649907e8-itausa.jpg\",\"datePublished\":\"2019-03-25T15:44:26+00:00\",\"description\":\"Ita\u00fa convoca assembleia geral ordin\u00e1ria (AGO) para o dia 24 de abril, nela ser\u00e3o escolhidos os membros do conselho do banco. Clique e saiba mais.\",\"breadcrumb\":{\"@id\":\"https:\/\/www.suno.com.br\/noticias\/itau-propoe-reeleicao-membros-conselho\/#breadcrumb\"},\"inLanguage\":\"pt-BR\",\"potentialAction\":[{\"@type\":\"ReadAction\",\"target\":[\"https:\/\/www.suno.com.br\/noticias\/itau-propoe-reeleicao-membros-conselho\/\"]}]},{\"@type\":\"ImageObject\",\"inLanguage\":\"pt-BR\",\"@id\":\"https:\/\/www.suno.com.br\/noticias\/itau-propoe-reeleicao-membros-conselho\/#primaryimage\",\"url\":\"https:\/\/files.sunoresearch.com.br\/n\/uploads\/2019\/02\/649907e8-itausa.jpg\",\"contentUrl\":\"https:\/\/files.sunoresearch.com.br\/n\/uploads\/2019\/02\/649907e8-itausa.jpg\",\"width\":819,\"height\":614,\"caption\":\"Ita\u00fa\"},{\"@type\":\"BreadcrumbList\",\"@id\":\"https:\/\/www.suno.com.br\/noticias\/itau-propoe-reeleicao-membros-conselho\/#breadcrumb\",\"itemListElement\":[{\"@type\":\"ListItem\",\"position\":1,\"name\":\"Not\u00edcias\",\"item\":\"https:\/\/www.suno.com.br\/noticias\/\"},{\"@type\":\"ListItem\",\"position\":2,\"name\":\"Mercado\",\"item\":\"https:\/\/www.suno.com.br\/noticias\/mercado\/\"},{\"@type\":\"ListItem\",\"position\":3,\"name\":\"Ita\u00fa: Banco prop\u00f5e que os 12 membros do conselho sejam reeleitos\"}]},{\"@type\":\"WebSite\",\"@id\":\"https:\/\/www.suno.com.br\/noticias\/#website\",\"url\":\"https:\/\/www.suno.com.br\/noticias\/\",\"name\":\"Suno Not\u00edcias\",\"description\":\"Seu portal de informa\u00e7\u00e3o sobre o mundo dos investimentos\",\"publisher\":{\"@id\":\"https:\/\/www.suno.com.br\/noticias\/#organization\"},\"potentialAction\":[{\"@type\":\"SearchAction\",\"target\":{\"@type\":\"EntryPoint\",\"urlTemplate\":\"https:\/\/www.suno.com.br\/noticias\/?s={search_term_string}\"},\"query-input\":{\"@type\":\"PropertyValueSpecification\",\"valueRequired\":true,\"valueName\":\"search_term_string\"}}],\"inLanguage\":\"pt-BR\"},{\"@type\":\"Organization\",\"@id\":\"https:\/\/www.suno.com.br\/noticias\/#organization\",\"name\":\"Suno Not\u00edcias\",\"url\":\"https:\/\/www.suno.com.br\/noticias\/\",\"logo\":{\"@type\":\"ImageObject\",\"inLanguage\":\"pt-BR\",\"@id\":\"https:\/\/www.suno.com.br\/noticias\/#\/schema\/logo\/image\/\",\"url\":\"https:\/\/files.sunoresearch.com.br\/n\/uploads\/2021\/09\/suno-logo.png\",\"contentUrl\":\"https:\/\/files.sunoresearch.com.br\/n\/uploads\/2021\/09\/suno-logo.png\",\"width\":180,\"height\":180,\"caption\":\"Suno Not\u00edcias\"},\"image\":{\"@id\":\"https:\/\/www.suno.com.br\/noticias\/#\/schema\/logo\/image\/\"},\"sameAs\":[\"https:\/\/facebook.com\/sunoresearch\",\"https:\/\/x.com\/sunoresearch\",\"https:\/\/www.instagram.com\/suno\",\"https:\/\/www.linkedin.com\/company\/suno-research\/\",\"https:\/\/www.youtube.com\/c\/sunoresearch\"]},{\"@type\":\"Person\",\"@id\":\"https:\/\/www.suno.com.br\/noticias\/#\/schema\/person\/fc144a1c6108bd1dcd43784e88a3c138\",\"name\":\"Renan Bandeira\",\"image\":{\"@type\":\"ImageObject\",\"inLanguage\":\"pt-BR\",\"@id\":\"https:\/\/www.suno.com.br\/noticias\/#\/schema\/person\/image\/\",\"url\":\"https:\/\/secure.gravatar.com\/avatar\/68359cdb608f14f11bbefcb78f3fc747?s=96&r=g\",\"contentUrl\":\"https:\/\/secure.gravatar.com\/avatar\/68359cdb608f14f11bbefcb78f3fc747?s=96&r=g\",\"caption\":\"Renan Bandeira\"},\"description\":\"Renan Bandeira escreve sobre pol\u00edtica e economia para o portal da Suno Research. Antes da Suno, trabalhou em uma rede de televis\u00e3o, onde fazia reportagens sobre os mesmos temas. Estuda na Universidade Metodista de S\u00e3o Paulo.\",\"url\":\"https:\/\/www.suno.com.br\/noticias\/author\/renan-bandeira\/\"}]}<\/script>\n<!-- \/ Yoast SEO plugin. -->","yoast_head_json":{"title":"Ita\u00fa: Banco prop\u00f5e que os 12 membros do conselho sejam reeleitos","description":"Ita\u00fa convoca assembleia geral ordin\u00e1ria (AGO) para o dia 24 de abril, nela ser\u00e3o escolhidos os membros do conselho do banco. Clique e saiba mais.","robots":{"index":"index","follow":"follow","max-snippet":"max-snippet:-1","max-image-preview":"max-image-preview:large","max-video-preview":"max-video-preview:-1"},"canonical":"https:\/\/www.suno.com.br\/noticias\/itau-propoe-reeleicao-membros-conselho\/","og_locale":"pt_BR","og_type":"article","og_title":"Ita\u00fa: Banco prop\u00f5e que os 12 membros do conselho sejam reeleitos","og_description":"Ita\u00fa convoca assembleia geral ordin\u00e1ria (AGO) para o dia 24 de abril, nela ser\u00e3o escolhidos os membros do conselho do banco. Clique e saiba mais.","og_url":"https:\/\/www.suno.com.br\/noticias\/itau-propoe-reeleicao-membros-conselho\/","og_site_name":"Suno Not\u00edcias","article_publisher":"https:\/\/facebook.com\/sunoresearch","og_image":[{"width":819,"height":614,"url":"https:\/\/files.sunoresearch.com.br\/n\/uploads\/2019\/02\/649907e8-itausa.jpg","type":"image\/jpeg"}],"author":"Renan Bandeira","twitter_card":"summary_large_image","twitter_creator":"@sunoresearch","twitter_site":"@sunoresearch","twitter_misc":{"Escrito por":"Renan Bandeira","Est. tempo de leitura":"2 minutos"},"schema":{"@context":"https:\/\/schema.org","@graph":[{"@type":"NewsArticle","@id":"https:\/\/www.suno.com.br\/noticias\/itau-propoe-reeleicao-membros-conselho\/#article","isPartOf":{"@id":"https:\/\/www.suno.com.br\/noticias\/itau-propoe-reeleicao-membros-conselho\/"},"author":{"name":"Renan Bandeira","@id":"https:\/\/www.suno.com.br\/noticias\/#\/schema\/person\/fc144a1c6108bd1dcd43784e88a3c138"},"headline":"Ita\u00fa: Banco prop\u00f5e que os 12 membros do conselho sejam reeleitos","datePublished":"2019-03-25T15:44:26+00:00","mainEntityOfPage":{"@id":"https:\/\/www.suno.com.br\/noticias\/itau-propoe-reeleicao-membros-conselho\/"},"wordCount":373,"publisher":{"@id":"https:\/\/www.suno.com.br\/noticias\/#organization"},"image":{"@id":"https:\/\/www.suno.com.br\/noticias\/itau-propoe-reeleicao-membros-conselho\/#primaryimage"},"thumbnailUrl":"https:\/\/files.sunoresearch.com.br\/n\/uploads\/2019\/02\/649907e8-itausa.jpg","keywords":["Ita\u00fa Unibanco (ITUB3\/ITUB4)"],"articleSection":["Mercado"],"inLanguage":"pt-BR"},{"@type":"WebPage","@id":"https:\/\/www.suno.com.br\/noticias\/itau-propoe-reeleicao-membros-conselho\/","url":"https:\/\/www.suno.com.br\/noticias\/itau-propoe-reeleicao-membros-conselho\/","name":"Ita\u00fa: Banco prop\u00f5e que os 12 membros do conselho sejam reeleitos","isPartOf":{"@id":"https:\/\/www.suno.com.br\/noticias\/#website"},"primaryImageOfPage":{"@id":"https:\/\/www.suno.com.br\/noticias\/itau-propoe-reeleicao-membros-conselho\/#primaryimage"},"image":{"@id":"https:\/\/www.suno.com.br\/noticias\/itau-propoe-reeleicao-membros-conselho\/#primaryimage"},"thumbnailUrl":"https:\/\/files.sunoresearch.com.br\/n\/uploads\/2019\/02\/649907e8-itausa.jpg","datePublished":"2019-03-25T15:44:26+00:00","description":"Ita\u00fa convoca assembleia geral ordin\u00e1ria (AGO) para o dia 24 de abril, nela ser\u00e3o escolhidos os membros do conselho do banco. Clique e saiba mais.","breadcrumb":{"@id":"https:\/\/www.suno.com.br\/noticias\/itau-propoe-reeleicao-membros-conselho\/#breadcrumb"},"inLanguage":"pt-BR","potentialAction":[{"@type":"ReadAction","target":["https:\/\/www.suno.com.br\/noticias\/itau-propoe-reeleicao-membros-conselho\/"]}]},{"@type":"ImageObject","inLanguage":"pt-BR","@id":"https:\/\/www.suno.com.br\/noticias\/itau-propoe-reeleicao-membros-conselho\/#primaryimage","url":"https:\/\/files.sunoresearch.com.br\/n\/uploads\/2019\/02\/649907e8-itausa.jpg","contentUrl":"https:\/\/files.sunoresearch.com.br\/n\/uploads\/2019\/02\/649907e8-itausa.jpg","width":819,"height":614,"caption":"Ita\u00fa"},{"@type":"BreadcrumbList","@id":"https:\/\/www.suno.com.br\/noticias\/itau-propoe-reeleicao-membros-conselho\/#breadcrumb","itemListElement":[{"@type":"ListItem","position":1,"name":"Not\u00edcias","item":"https:\/\/www.suno.com.br\/noticias\/"},{"@type":"ListItem","position":2,"name":"Mercado","item":"https:\/\/www.suno.com.br\/noticias\/mercado\/"},{"@type":"ListItem","position":3,"name":"Ita\u00fa: Banco prop\u00f5e que os 12 membros do conselho sejam reeleitos"}]},{"@type":"WebSite","@id":"https:\/\/www.suno.com.br\/noticias\/#website","url":"https:\/\/www.suno.com.br\/noticias\/","name":"Suno Not\u00edcias","description":"Seu portal de informa\u00e7\u00e3o sobre o mundo dos investimentos","publisher":{"@id":"https:\/\/www.suno.com.br\/noticias\/#organization"},"potentialAction":[{"@type":"SearchAction","target":{"@type":"EntryPoint","urlTemplate":"https:\/\/www.suno.com.br\/noticias\/?s={search_term_string}"},"query-input":{"@type":"PropertyValueSpecification","valueRequired":true,"valueName":"search_term_string"}}],"inLanguage":"pt-BR"},{"@type":"Organization","@id":"https:\/\/www.suno.com.br\/noticias\/#organization","name":"Suno Not\u00edcias","url":"https:\/\/www.suno.com.br\/noticias\/","logo":{"@type":"ImageObject","inLanguage":"pt-BR","@id":"https:\/\/www.suno.com.br\/noticias\/#\/schema\/logo\/image\/","url":"https:\/\/files.sunoresearch.com.br\/n\/uploads\/2021\/09\/suno-logo.png","contentUrl":"https:\/\/files.sunoresearch.com.br\/n\/uploads\/2021\/09\/suno-logo.png","width":180,"height":180,"caption":"Suno Not\u00edcias"},"image":{"@id":"https:\/\/www.suno.com.br\/noticias\/#\/schema\/logo\/image\/"},"sameAs":["https:\/\/facebook.com\/sunoresearch","https:\/\/x.com\/sunoresearch","https:\/\/www.instagram.com\/suno","https:\/\/www.linkedin.com\/company\/suno-research\/","https:\/\/www.youtube.com\/c\/sunoresearch"]},{"@type":"Person","@id":"https:\/\/www.suno.com.br\/noticias\/#\/schema\/person\/fc144a1c6108bd1dcd43784e88a3c138","name":"Renan Bandeira","image":{"@type":"ImageObject","inLanguage":"pt-BR","@id":"https:\/\/www.suno.com.br\/noticias\/#\/schema\/person\/image\/","url":"https:\/\/secure.gravatar.com\/avatar\/68359cdb608f14f11bbefcb78f3fc747?s=96&r=g","contentUrl":"https:\/\/secure.gravatar.com\/avatar\/68359cdb608f14f11bbefcb78f3fc747?s=96&r=g","caption":"Renan Bandeira"},"description":"Renan Bandeira escreve sobre pol\u00edtica e economia para o portal da Suno Research. Antes da Suno, trabalhou em uma rede de televis\u00e3o, onde fazia reportagens sobre os mesmos temas. Estuda na Universidade Metodista de S\u00e3o Paulo.","url":"https:\/\/www.suno.com.br\/noticias\/author\/renan-bandeira\/"}]}},"default_loop_html":"<div class=\"cardsPage__listCard__boxs\"><div class=\"cardsPage__listCard__boxs__img\"><a href=\"https:\/\/www.suno.com.br\/noticias\/itau-propoe-reeleicao-membros-conselho\/\"><img class=\"mask\" src=\"https:\/\/www.suno.com.br\/noticias\/wp-content\/themes\/suno\/resources\/images\/spotlight\/spotlight1img\/bg-mask.png\" alt=\"Image Mask\"\/><img src=\"https:\/\/files.sunoresearch.com.br\/n\/uploads\/2019\/02\/649907e8-itausa-400x200.webp\" alt=\"Ita\u00fa: Banco prop\u00f5e que os 12 membros do conselho sejam reeleitos\"\/><\/a><span class=\"spotlightCategory\"><a href=\"https:\/\/www.suno.com.br\/noticias\/mercado\/\">Mercado<\/a><\/span><\/div><div class=\"cardsPage__listCard__boxs__content\"><a href=\"https:\/\/www.suno.com.br\/noticias\/itau-propoe-reeleicao-membros-conselho\/\"><h2 class=\"content__title\">Ita\u00fa: Banco prop\u00f5e que os 12 membros do conselho sejam reeleitos<\/h2><\/a><div class=\"newsContent__article__meta\"><div class=\"newsContent__article__meta__authorBox\"><a href=\"https:\/\/www.suno.com.br\/noticias\/author\/renan-bandeira\/\" class=\"authorBox__avatar noMobi\"><img src=\"https:\/\/secure.gravatar.com\/avatar\/68359cdb608f14f11bbefcb78f3fc747?s=96&#038;r=g\" alt=\"Renan Bandeira\"><\/a><div class=\"authorBox__name\"><span>por\n\t\t\t<a href=\"https:\/\/www.suno.com.br\/noticias\/author\/renan-bandeira\/\"><span itemprop=\"author\">Renan Bandeira<\/span><\/a><\/span><time datetime=\"2019-03-25T12:44:26-03:00\" itemprop=\"datePublished\">25\/03\/2019 12:44<\/time><\/div><\/div><\/div><\/div><\/div>","single_layout":"posts","amp_enabled":true,"_links":{"self":[{"href":"https:\/\/www.suno.com.br\/noticias\/wp-json\/wp\/v2\/posts\/18923"}],"collection":[{"href":"https:\/\/www.suno.com.br\/noticias\/wp-json\/wp\/v2\/posts"}],"about":[{"href":"https:\/\/www.suno.com.br\/noticias\/wp-json\/wp\/v2\/types\/post"}],"author":[{"embeddable":true,"href":"https:\/\/www.suno.com.br\/noticias\/wp-json\/wp\/v2\/users\/11"}],"replies":[{"embeddable":true,"href":"https:\/\/www.suno.com.br\/noticias\/wp-json\/wp\/v2\/comments?post=18923"}],"version-history":[{"count":0,"href":"https:\/\/www.suno.com.br\/noticias\/wp-json\/wp\/v2\/posts\/18923\/revisions"}],"wp:featuredmedia":[{"embeddable":true,"href":"https:\/\/www.suno.com.br\/noticias\/wp-json\/wp\/v2\/media\/15923"}],"wp:attachment":[{"href":"https:\/\/www.suno.com.br\/noticias\/wp-json\/wp\/v2\/media?parent=18923"}],"wp:term":[{"taxonomy":"category","embeddable":true,"href":"https:\/\/www.suno.com.br\/noticias\/wp-json\/wp\/v2\/categories?post=18923"},{"taxonomy":"post_tag","embeddable":true,"href":"https:\/\/www.suno.com.br\/noticias\/wp-json\/wp\/v2\/tags?post=18923"},{"taxonomy":"suno_strategy","embeddable":true,"href":"https:\/\/www.suno.com.br\/noticias\/wp-json\/wp\/v2\/suno_strategy?post=18923"}],"curies":[{"name":"wp","href":"https:\/\/api.w.org\/{rel}","templated":true}]}}