{"id":189211,"date":"2021-09-30T09:22:25","date_gmt":"2021-09-30T12:22:25","guid":{"rendered":"https:\/\/www.suno.com.br\/noticias\/?p=189211"},"modified":"2021-09-30T09:22:25","modified_gmt":"2021-09-30T12:22:25","slug":"rni-rdni3-predio-144-apartamentos-79-vgv","status":"publish","type":"post","link":"https:\/\/www.suno.com.br\/noticias\/rni-rdni3-predio-144-apartamentos-79-vgv\/","title":{"rendered":"RNI (RDNI3) inaugura pr\u00e9dio com 144 apartamentos em Ribeir\u00e3o Preto com R$ 79 milh\u00f5es em VGV"},"content":{"rendered":"<p>O <strong>RNI<\/strong> ir\u00e1 lan\u00e7ar um novo empreendimento imobili\u00e1rio em Ribeir\u00e3o Preto (SP), chamado &#8220;Magn\u00f3lia&#8221;, contendo 144 apartamentos de dois quartos.<\/p>\t<div class=\"wrapper-featured-image\">\n\t\t<figure class=\"spotlightImg\">\n\n\t\t\t<picture>\n\t\t\t\t<source media=\"(max-width: 768px)\" srcset=\"https:\/\/files.sunoresearch.com.br\/n\/uploads\/2021\/09\/29-RNI-1280x720-1-400x200.jpg\">\n\t\t\t\t<img loading=\"lazy\" decoding=\"async\" class=\"newsContent__article__imgCapa lazyloadDisabled \" src=\"https:\/\/files.sunoresearch.com.br\/n\/uploads\/2021\/09\/29-RNI-1280x720-1-800x450.jpg\" width=\"800\" height=\"450\" alt=\"RNI (RDNI3) inaugura pr\u00e9dio com 144 apartamentos em Ribeir\u00e3o Preto com R$ 79 milh\u00f5es em VGV\" fetchpriority=high \/>\n\t\t\t<\/picture>\n\n\t\t\t<figcaption class=\"wp-caption-text wp-caption-text--show\">RNI soma 195 empreendimentos imobili\u00e1rios no pa\u00eds - Foto: Reprodu\u00e7\u00e3o\/RNI<\/figcaption>\n\t\t<\/figure>\n\t<\/div>\n\n\n\t<p>\n\t\t<a href=\"https:\/\/lp.suno.com.br\/planilha-controle-gastos\/\" target=\"_blank\" data-element=\"shortcode-suno-banner\" title=\"Banner SUNO, clique e saiba mais\">\n\t\t\t<picture>\n\t\t\t\t<source media=\"(max-width: 500px)\" srcset=\"https:\/\/files.sunoresearch.com.br\/n\/uploads\/2023\/03\/400x300-Planilha-controle-de-gastos.png\">\n\t\t\t\t<img class=\"newsContent__article__imgCapa newsContent__article__imgCapa--banner\"\n\t\t\t\t\tsrc=\"https:\/\/files.sunoresearch.com.br\/n\/uploads\/2023\/03\/1420x240-Planilha-controle-de-gastos.png\"\n\t\t\t\t\tdata-promo-id=\"101751\"\t\t\t\t\t\t\t\t\t\twidth='1420' height='240'\t\t\t\t\talt=\"https:\/\/files.sunoresearch.com.br\/n\/uploads\/2023\/03\/1420x240-Planilha-controle-de-gastos.png\"\n\t\t\t\t>\n\t\t\t<\/picture>\n\t\t<\/a>\n\t<\/p>\n\n\n<p>O lan\u00e7amento do <strong>Magn\u00f3lia<\/strong> foi divulgado por meio de comunicado ao mercado arquivado pelo RNI na <a class=\"suno-keyword\" href=\"https:\/\/www.suno.com.br\/artigos\/cvm\/\" target=\"_blank\" rel=\"noopener\" data-force=\"no\" data-priority=\"2\">Comiss\u00e3o de Valores Mobili\u00e1rios (CVM)<\/a>.<\/p>\n<p>&#8220;Ser\u00e3o ofertadas 144 unidades de dois dormit\u00f3rios, uma su\u00edte, com metragens 82,55m2, 82,99m2, 83,96m2 e 83,77m2, sendo o 15\u00ba lan\u00e7amento na cidade&#8221;, destaca a empresa.<\/p>\n\t<div data-element=\"shortcode-read-more\" class=\"knowMore\">\n\t\t\t\t<span class=\"knowMore__title\">Leia mais<\/span>\n\t\t\t\t<a class=\"knowMore__link\" href=\"https:\/\/www.suno.com.br\/noticias\/fitch-nota-evergrande-calote-proximo\/\">\n\t\t\tFitch rebaixa nota da Evergrande e v\u00ea calote pr\u00f3ximo\t\t<\/a>\n\t<\/div>\n\n\n<p>O Valor Geral de Vendas (<strong>VGV<\/strong>) previsto para o pr\u00e9dio \u00e9 de R$ 79 milh\u00f5es, segundo consta no documento.<\/p>\n<p>Trata-se do 195\u00aa pr\u00e9dio residencial da RNI, que atua na edifica\u00e7\u00e3o de pr\u00e9dios por meio da incorporadora RNI &#8211; a qual fica sob o guarda-chuva do Grupo <strong>Rodobens<\/strong>.<\/p>\n\t<p>\n\t\t<a href=\"https:\/\/lp.suno.com.br\/planilha-da-vida-financeira\/\" target=\"_blank\" data-element=\"shortcode-suno-banner\" title=\"Banner SUNO, clique e saiba mais\">\n\t\t\t<picture>\n\t\t\t\t<source media=\"(max-width: 500px)\" srcset=\"https:\/\/files.sunoresearch.com.br\/n\/uploads\/2023\/04\/400x300-Planilha-vida-financeira-true.png\">\n\t\t\t\t<img class=\"newsContent__article__imgCapa newsContent__article__imgCapa--banner\"\n\t\t\t\t\tsrc=\"https:\/\/files.sunoresearch.com.br\/n\/uploads\/2023\/04\/1420x240-Planilha-vida-financeira-true.png\"\n\t\t\t\t\tdata-promo-id=\"106682\"\t\t\t\t\t\t\t\t\t\twidth='1420' height='240'\t\t\t\t\talt=\"https:\/\/files.sunoresearch.com.br\/n\/uploads\/2023\/04\/1420x240-Planilha-vida-financeira-true.png\"\n\t\t\t\t>\n\t\t\t<\/picture>\n\t\t<\/a>\n\t<\/p>\n\n\n<p>A RNI atua como construtora e incorporadora, com 30 anos no setor e\u00a0 cerca de 14 na bolsa &#8211; acumulando pouco mais de 40% de queda desde que tornou-se uma companhia de capital aberto.<\/p>\n<p>Atualmente, encontra-se presente em 59 cidades e 12 estados, com 74 mil apartamentos no total. O Grupo Rodobens, o qual faz parte, atua tamb\u00e9m no varejo automotivo e no segmento financeiro, com empreendimentos de Banco, Cons\u00f3rcio, Corretora de Seguros, Leasing &amp; Loca\u00e7\u00e3o, Autom\u00f3veis e Ve\u00edculos Comerciais.<\/p>\n\t<p>\n\t\t<a href=\"https:\/\/lp.suno.com.br\/ebook-como-analisar-uma-acao\/\" target=\"_blank\" data-element=\"shortcode-suno-banner\" title=\"Banner SUNO, clique e saiba mais\">\n\t\t\t<picture>\n\t\t\t\t<source media=\"(max-width: 500px)\" srcset=\"https:\/\/files.sunoresearch.com.br\/n\/uploads\/2023\/03\/Ebook-Acoes-Mobile-1.jpg\">\n\t\t\t\t<img class=\"newsContent__article__imgCapa newsContent__article__imgCapa--banner\"\n\t\t\t\t\tsrc=\"https:\/\/files.sunoresearch.com.br\/n\/uploads\/2023\/03\/Ebook-Acoes-Desktop-1.jpg\"\n\t\t\t\t\tdata-promo-id=\"171998\"\t\t\t\t\t\t\t\t\t\twidth='1420' height='286'\t\t\t\t\talt=\"https:\/\/files.sunoresearch.com.br\/n\/uploads\/2023\/03\/Ebook-Acoes-Desktop-1.jpg\"\n\t\t\t\t>\n\t\t\t<\/picture>\n\t\t<\/a>\n\t<\/p>\n\n\n<p>A RNI tamb\u00e9m participa do programa governamental <strong>Casa Verde Amarela<\/strong> (antigo Minha Casa Minha Vida), com os seus empreendimentos no segmento faixa 3.<\/p>\n<h2>Cota\u00e7\u00e3o de RNI<\/h2>\n<p>Cotadas a R$ 12,44 no preg\u00e3o de quarta (30), as <strong>a\u00e7\u00f5es da RNI<\/strong> somam alta de 2,3% no \u00faltimo m\u00eas e 51% no semestre, considerando que no \u00faltimo balan\u00e7o, do segundo trimestre deste ano, a companhia do segmento imobili\u00e1rio destacou vir do &#8220;Melhor Semestre dos \u00faltimos 5 anos em <a class=\"suno-keyword\" href=\"https:\/\/www.suno.com.br\/artigos\/margem-bruta-entenda-sua-importancia\/\" target=\"_blank\" rel=\"noopener\" data-force=\"no\" data-priority=\"1\">Margem Bruta<\/a>&#8220;.<\/p>\n\t<p>\n\t\t<a href=\"https:\/\/lp.suno.com.br\/planilha-de-controle-de-investimentos\/\" target=\"_blank\" data-element=\"shortcode-suno-banner\" title=\"Banner SUNO, clique e saiba mais\">\n\t\t\t<picture>\n\t\t\t\t<source media=\"(max-width: 500px)\" srcset=\"https:\/\/files.sunoresearch.com.br\/n\/uploads\/2023\/03\/400x300-Controle-de-Investimentos.png\">\n\t\t\t\t<img class=\"newsContent__article__imgCapa newsContent__article__imgCapa--banner\"\n\t\t\t\t\tsrc=\"https:\/\/files.sunoresearch.com.br\/n\/uploads\/2023\/03\/1420x240-Controle-de-Investimentos.png\"\n\t\t\t\t\tdata-promo-id=\"75934\"\t\t\t\t\t\t\t\t\t\twidth='1420' height='240'\t\t\t\t\talt=\"https:\/\/files.sunoresearch.com.br\/n\/uploads\/2023\/03\/1420x240-Controle-de-Investimentos.png\"\n\t\t\t\t>\n\t\t\t<\/picture>\n\t\t<\/a>\n\t<\/p>\n\n\n<p>&#8220;Nossas <strong>obras<\/strong> se encontram em ritmo normal sem que houvesse paralisa\u00e7\u00e3o nesse semestre e no 2T21 tivemos uma acelera\u00e7\u00e3o de aproximadamente 20% acima de nossas expectativas, apesar da evolu\u00e7\u00e3o do pre\u00e7o dos insumos de constru\u00e7\u00e3o&#8221;, destaca a administra\u00e7\u00e3o.<\/p>\n<p>No acumulado trimestral, foram R$ 24,1 milh\u00f5es de <a class=\"suno-keyword\" href=\"https:\/\/www.suno.com.br\/artigos\/lucro-bruto\/\" target=\"_blank\" rel=\"noopener\" data-force=\"no\" data-priority=\"1\">lucro bruto<\/a> e 30% de margem bruta ajustada, segundo o <a class=\"suno-keyword\" href=\"https:\/\/www.suno.com.br\/artigos\/resultado-financeiro\/\" target=\"_blank\" rel=\"noopener\" data-force=\"no\" data-priority=\"1\">resultado financeiro<\/a> da <strong>RNI<\/strong>.<\/p>\n\t<p>\n\t\t<a href=\"\" target=\"_blank\" data-element=\"shortcode-suno-banner\" title=\"Banner SUNO, clique e saiba mais\">\n\t\t\t<picture>\n\t\t\t\t<source media=\"(max-width: 500px)\" srcset=\"\">\n\t\t\t\t<img class=\"newsContent__article__imgCapa newsContent__article__imgCapa--banner\"\n\t\t\t\t\tsrc=\"\"\n\t\t\t\t\tdata-promo-id=\"184190\"\t\t\t\t\t\t\t\t\t\t\t\t\t\t\talt=\"\"\n\t\t\t\t>\n\t\t\t<\/picture>\n\t\t<\/a>\n\t<\/p>\n\n\n","protected":false},"excerpt":{"rendered":"<p>O RNI ir\u00e1 lan\u00e7ar um novo empreendimento imobili\u00e1rio em Ribeir\u00e3o Preto (SP), chamado &#8220;Magn\u00f3lia&#8221;, contendo 144 apartamentos de dois quartos. RNI soma 195 empreendimentos imobili\u00e1rios no pa\u00eds &#8211; Foto: Reprodu\u00e7\u00e3o\/RNI O lan\u00e7amento do Magn\u00f3lia foi divulgado por meio de comunicado ao mercado arquivado pelo RNI na Comiss\u00e3o de Valores Mobili\u00e1rios (CVM). &#8220;Ser\u00e3o ofertadas 144 unidades [&hellip;]<\/p>\n","protected":false},"author":73,"featured_media":189229,"comment_status":"closed","ping_status":"closed","sticky":false,"template":"","format":"standard","meta":[],"categories":[64],"tags":[1904],"suno_strategy":[],"class_list":["post-189211","post","type-post","status-publish","format-standard","has-post-thumbnail","hentry","category-negocios","tag-mercado-imobiliario"],"yoast_head":"<!-- This site is optimized with the Yoast SEO plugin v24.4 - https:\/\/yoast.com\/wordpress\/plugins\/seo\/ -->\n<title>RNI (RDNI3) inaugura pr\u00e9dio com 144 apartamentos e R$ 79mi em VGV<\/title>\n<meta name=\"description\" content=\"RNI j\u00e1 beira os 200 empreendimentos imobili\u00e1rios no pa\u00eds com o Magn\u00f3lia, novo edif\u00edcio em Ribeir\u00e3o Preto. Clique aqui e leia mais.\" \/>\n<meta name=\"robots\" content=\"index, follow, max-snippet:-1, max-image-preview:large, max-video-preview:-1\" \/>\n<link rel=\"canonical\" href=\"https:\/\/www.suno.com.br\/noticias\/rni-rdni3-predio-144-apartamentos-79-vgv\/\" \/>\n<meta property=\"og:locale\" content=\"pt_BR\" \/>\n<meta property=\"og:type\" content=\"article\" \/>\n<meta property=\"og:title\" content=\"RNI (RDNI3) inaugura pr\u00e9dio com 144 apartamentos e R$ 79mi em VGV\" \/>\n<meta property=\"og:description\" content=\"RNI j\u00e1 beira os 200 empreendimentos imobili\u00e1rios no pa\u00eds com o Magn\u00f3lia, novo edif\u00edcio em Ribeir\u00e3o Preto. Clique aqui e leia mais.\" \/>\n<meta property=\"og:url\" content=\"https:\/\/www.suno.com.br\/noticias\/rni-rdni3-predio-144-apartamentos-79-vgv\/\" \/>\n<meta property=\"og:site_name\" content=\"Suno Not\u00edcias\" \/>\n<meta property=\"article:publisher\" content=\"https:\/\/facebook.com\/sunoresearch\" \/>\n<meta property=\"og:image\" content=\"https:\/\/files.sunoresearch.com.br\/n\/uploads\/2021\/09\/29-RNI-1280x720-1.jpg\" \/>\n\t<meta property=\"og:image:width\" content=\"1280\" \/>\n\t<meta property=\"og:image:height\" content=\"720\" \/>\n\t<meta property=\"og:image:type\" content=\"image\/jpeg\" \/>\n<meta name=\"author\" content=\"Eduardo Vargas\" \/>\n<meta name=\"twitter:card\" content=\"summary_large_image\" \/>\n<meta name=\"twitter:creator\" content=\"@sunoresearch\" \/>\n<meta name=\"twitter:site\" content=\"@sunoresearch\" \/>\n<meta name=\"twitter:label1\" content=\"Escrito por\" \/>\n\t<meta name=\"twitter:data1\" content=\"Eduardo Vargas\" \/>\n\t<meta name=\"twitter:label2\" content=\"Est. tempo de leitura\" \/>\n\t<meta name=\"twitter:data2\" content=\"2 minutos\" \/>\n<script type=\"application\/ld+json\" class=\"yoast-schema-graph\">{\"@context\":\"https:\/\/schema.org\",\"@graph\":[{\"@type\":\"NewsArticle\",\"@id\":\"https:\/\/www.suno.com.br\/noticias\/rni-rdni3-predio-144-apartamentos-79-vgv\/#article\",\"isPartOf\":{\"@id\":\"https:\/\/www.suno.com.br\/noticias\/rni-rdni3-predio-144-apartamentos-79-vgv\/\"},\"author\":{\"name\":\"Eduardo Vargas\",\"@id\":\"https:\/\/www.suno.com.br\/noticias\/#\/schema\/person\/7f4d362bf3518e76090143ae77bb49a5\"},\"headline\":\"RNI (RDNI3) inaugura pr\u00e9dio com 144 apartamentos em Ribeir\u00e3o Preto com R$ 79 milh\u00f5es em VGV\",\"datePublished\":\"2021-09-30T12:22:25+00:00\",\"mainEntityOfPage\":{\"@id\":\"https:\/\/www.suno.com.br\/noticias\/rni-rdni3-predio-144-apartamentos-79-vgv\/\"},\"wordCount\":384,\"publisher\":{\"@id\":\"https:\/\/www.suno.com.br\/noticias\/#organization\"},\"image\":{\"@id\":\"https:\/\/www.suno.com.br\/noticias\/rni-rdni3-predio-144-apartamentos-79-vgv\/#primaryimage\"},\"thumbnailUrl\":\"https:\/\/files.sunoresearch.com.br\/n\/uploads\/2021\/09\/29-RNI-1280x720-1.jpg\",\"keywords\":[\"mercado imobili\u00e1rio\"],\"articleSection\":[\"Neg\u00f3cios\"],\"inLanguage\":\"pt-BR\"},{\"@type\":\"WebPage\",\"@id\":\"https:\/\/www.suno.com.br\/noticias\/rni-rdni3-predio-144-apartamentos-79-vgv\/\",\"url\":\"https:\/\/www.suno.com.br\/noticias\/rni-rdni3-predio-144-apartamentos-79-vgv\/\",\"name\":\"RNI (RDNI3) inaugura pr\u00e9dio com 144 apartamentos e R$ 79mi em VGV\",\"isPartOf\":{\"@id\":\"https:\/\/www.suno.com.br\/noticias\/#website\"},\"primaryImageOfPage\":{\"@id\":\"https:\/\/www.suno.com.br\/noticias\/rni-rdni3-predio-144-apartamentos-79-vgv\/#primaryimage\"},\"image\":{\"@id\":\"https:\/\/www.suno.com.br\/noticias\/rni-rdni3-predio-144-apartamentos-79-vgv\/#primaryimage\"},\"thumbnailUrl\":\"https:\/\/files.sunoresearch.com.br\/n\/uploads\/2021\/09\/29-RNI-1280x720-1.jpg\",\"datePublished\":\"2021-09-30T12:22:25+00:00\",\"description\":\"RNI j\u00e1 beira os 200 empreendimentos imobili\u00e1rios no pa\u00eds com o Magn\u00f3lia, novo edif\u00edcio em Ribeir\u00e3o Preto. Clique aqui e leia mais.\",\"breadcrumb\":{\"@id\":\"https:\/\/www.suno.com.br\/noticias\/rni-rdni3-predio-144-apartamentos-79-vgv\/#breadcrumb\"},\"inLanguage\":\"pt-BR\",\"potentialAction\":[{\"@type\":\"ReadAction\",\"target\":[\"https:\/\/www.suno.com.br\/noticias\/rni-rdni3-predio-144-apartamentos-79-vgv\/\"]}]},{\"@type\":\"ImageObject\",\"inLanguage\":\"pt-BR\",\"@id\":\"https:\/\/www.suno.com.br\/noticias\/rni-rdni3-predio-144-apartamentos-79-vgv\/#primaryimage\",\"url\":\"https:\/\/files.sunoresearch.com.br\/n\/uploads\/2021\/09\/29-RNI-1280x720-1.jpg\",\"contentUrl\":\"https:\/\/files.sunoresearch.com.br\/n\/uploads\/2021\/09\/29-RNI-1280x720-1.jpg\",\"width\":1280,\"height\":720,\"caption\":\"RNI soma 195 empreendimentos imobili\u00e1rios no pa\u00eds - Foto: Reprodu\u00e7\u00e3o\/RNI\"},{\"@type\":\"BreadcrumbList\",\"@id\":\"https:\/\/www.suno.com.br\/noticias\/rni-rdni3-predio-144-apartamentos-79-vgv\/#breadcrumb\",\"itemListElement\":[{\"@type\":\"ListItem\",\"position\":1,\"name\":\"Not\u00edcias\",\"item\":\"https:\/\/www.suno.com.br\/noticias\/\"},{\"@type\":\"ListItem\",\"position\":2,\"name\":\"Neg\u00f3cios\",\"item\":\"https:\/\/www.suno.com.br\/noticias\/negocios\/\"},{\"@type\":\"ListItem\",\"position\":3,\"name\":\"RNI (RDNI3) inaugura pr\u00e9dio com 144 apartamentos em Ribeir\u00e3o Preto com R$ 79 milh\u00f5es em VGV\"}]},{\"@type\":\"WebSite\",\"@id\":\"https:\/\/www.suno.com.br\/noticias\/#website\",\"url\":\"https:\/\/www.suno.com.br\/noticias\/\",\"name\":\"Suno Not\u00edcias\",\"description\":\"Seu portal de informa\u00e7\u00e3o sobre o mundo dos investimentos\",\"publisher\":{\"@id\":\"https:\/\/www.suno.com.br\/noticias\/#organization\"},\"potentialAction\":[{\"@type\":\"SearchAction\",\"target\":{\"@type\":\"EntryPoint\",\"urlTemplate\":\"https:\/\/www.suno.com.br\/noticias\/?s={search_term_string}\"},\"query-input\":{\"@type\":\"PropertyValueSpecification\",\"valueRequired\":true,\"valueName\":\"search_term_string\"}}],\"inLanguage\":\"pt-BR\"},{\"@type\":\"Organization\",\"@id\":\"https:\/\/www.suno.com.br\/noticias\/#organization\",\"name\":\"Suno Not\u00edcias\",\"url\":\"https:\/\/www.suno.com.br\/noticias\/\",\"logo\":{\"@type\":\"ImageObject\",\"inLanguage\":\"pt-BR\",\"@id\":\"https:\/\/www.suno.com.br\/noticias\/#\/schema\/logo\/image\/\",\"url\":\"https:\/\/files.sunoresearch.com.br\/n\/uploads\/2021\/09\/suno-logo.png\",\"contentUrl\":\"https:\/\/files.sunoresearch.com.br\/n\/uploads\/2021\/09\/suno-logo.png\",\"width\":180,\"height\":180,\"caption\":\"Suno Not\u00edcias\"},\"image\":{\"@id\":\"https:\/\/www.suno.com.br\/noticias\/#\/schema\/logo\/image\/\"},\"sameAs\":[\"https:\/\/facebook.com\/sunoresearch\",\"https:\/\/x.com\/sunoresearch\",\"https:\/\/www.instagram.com\/suno\",\"https:\/\/www.linkedin.com\/company\/suno-research\/\",\"https:\/\/www.youtube.com\/c\/sunoresearch\"]},{\"@type\":\"Person\",\"@id\":\"https:\/\/www.suno.com.br\/noticias\/#\/schema\/person\/7f4d362bf3518e76090143ae77bb49a5\",\"name\":\"Eduardo Vargas\",\"image\":{\"@type\":\"ImageObject\",\"inLanguage\":\"pt-BR\",\"@id\":\"https:\/\/www.suno.com.br\/noticias\/#\/schema\/person\/image\/\",\"url\":\"https:\/\/secure.gravatar.com\/avatar\/dac340933427a22924c9f99d1eb2e3f2?s=96&r=g\",\"contentUrl\":\"https:\/\/secure.gravatar.com\/avatar\/dac340933427a22924c9f99d1eb2e3f2?s=96&r=g\",\"caption\":\"Eduardo Vargas\"},\"description\":\"Jornalista formado pela UFSC, cobre macroeconomia, neg\u00f3cios e startups para o Suno Not\u00edcias, escrevendo principalmente not\u00edcias sobre o mercado financeiro e a bolsa de valores. No YouTube e no Instagram, \u00e9 respons\u00e1vel pela produ\u00e7\u00e3o de Reels e Shorts do Suno Not\u00edcias. Anteriormente, trabalhou cobrindo economia e cotidiano no ND+ e para o ND, maior jornal impresso de Santa Catarina. Cursou um semestre letivo de Estudos de M\u00eddia na Universidad de Buenos Aires.\",\"url\":\"https:\/\/www.suno.com.br\/noticias\/author\/eduardo-vargas\/\"}]}<\/script>\n<!-- \/ Yoast SEO plugin. -->","yoast_head_json":{"title":"RNI (RDNI3) inaugura pr\u00e9dio com 144 apartamentos e R$ 79mi em VGV","description":"RNI j\u00e1 beira os 200 empreendimentos imobili\u00e1rios no pa\u00eds com o Magn\u00f3lia, novo edif\u00edcio em Ribeir\u00e3o Preto. Clique aqui e leia mais.","robots":{"index":"index","follow":"follow","max-snippet":"max-snippet:-1","max-image-preview":"max-image-preview:large","max-video-preview":"max-video-preview:-1"},"canonical":"https:\/\/www.suno.com.br\/noticias\/rni-rdni3-predio-144-apartamentos-79-vgv\/","og_locale":"pt_BR","og_type":"article","og_title":"RNI (RDNI3) inaugura pr\u00e9dio com 144 apartamentos e R$ 79mi em VGV","og_description":"RNI j\u00e1 beira os 200 empreendimentos imobili\u00e1rios no pa\u00eds com o Magn\u00f3lia, novo edif\u00edcio em Ribeir\u00e3o Preto. Clique aqui e leia mais.","og_url":"https:\/\/www.suno.com.br\/noticias\/rni-rdni3-predio-144-apartamentos-79-vgv\/","og_site_name":"Suno Not\u00edcias","article_publisher":"https:\/\/facebook.com\/sunoresearch","og_image":[{"width":1280,"height":720,"url":"https:\/\/files.sunoresearch.com.br\/n\/uploads\/2021\/09\/29-RNI-1280x720-1.jpg","type":"image\/jpeg"}],"author":"Eduardo Vargas","twitter_card":"summary_large_image","twitter_creator":"@sunoresearch","twitter_site":"@sunoresearch","twitter_misc":{"Escrito por":"Eduardo Vargas","Est. tempo de leitura":"2 minutos"},"schema":{"@context":"https:\/\/schema.org","@graph":[{"@type":"NewsArticle","@id":"https:\/\/www.suno.com.br\/noticias\/rni-rdni3-predio-144-apartamentos-79-vgv\/#article","isPartOf":{"@id":"https:\/\/www.suno.com.br\/noticias\/rni-rdni3-predio-144-apartamentos-79-vgv\/"},"author":{"name":"Eduardo Vargas","@id":"https:\/\/www.suno.com.br\/noticias\/#\/schema\/person\/7f4d362bf3518e76090143ae77bb49a5"},"headline":"RNI (RDNI3) inaugura pr\u00e9dio com 144 apartamentos em Ribeir\u00e3o Preto com R$ 79 milh\u00f5es em VGV","datePublished":"2021-09-30T12:22:25+00:00","mainEntityOfPage":{"@id":"https:\/\/www.suno.com.br\/noticias\/rni-rdni3-predio-144-apartamentos-79-vgv\/"},"wordCount":384,"publisher":{"@id":"https:\/\/www.suno.com.br\/noticias\/#organization"},"image":{"@id":"https:\/\/www.suno.com.br\/noticias\/rni-rdni3-predio-144-apartamentos-79-vgv\/#primaryimage"},"thumbnailUrl":"https:\/\/files.sunoresearch.com.br\/n\/uploads\/2021\/09\/29-RNI-1280x720-1.jpg","keywords":["mercado imobili\u00e1rio"],"articleSection":["Neg\u00f3cios"],"inLanguage":"pt-BR"},{"@type":"WebPage","@id":"https:\/\/www.suno.com.br\/noticias\/rni-rdni3-predio-144-apartamentos-79-vgv\/","url":"https:\/\/www.suno.com.br\/noticias\/rni-rdni3-predio-144-apartamentos-79-vgv\/","name":"RNI (RDNI3) inaugura pr\u00e9dio com 144 apartamentos e R$ 79mi em VGV","isPartOf":{"@id":"https:\/\/www.suno.com.br\/noticias\/#website"},"primaryImageOfPage":{"@id":"https:\/\/www.suno.com.br\/noticias\/rni-rdni3-predio-144-apartamentos-79-vgv\/#primaryimage"},"image":{"@id":"https:\/\/www.suno.com.br\/noticias\/rni-rdni3-predio-144-apartamentos-79-vgv\/#primaryimage"},"thumbnailUrl":"https:\/\/files.sunoresearch.com.br\/n\/uploads\/2021\/09\/29-RNI-1280x720-1.jpg","datePublished":"2021-09-30T12:22:25+00:00","description":"RNI j\u00e1 beira os 200 empreendimentos imobili\u00e1rios no pa\u00eds com o Magn\u00f3lia, novo edif\u00edcio em Ribeir\u00e3o Preto. Clique aqui e leia mais.","breadcrumb":{"@id":"https:\/\/www.suno.com.br\/noticias\/rni-rdni3-predio-144-apartamentos-79-vgv\/#breadcrumb"},"inLanguage":"pt-BR","potentialAction":[{"@type":"ReadAction","target":["https:\/\/www.suno.com.br\/noticias\/rni-rdni3-predio-144-apartamentos-79-vgv\/"]}]},{"@type":"ImageObject","inLanguage":"pt-BR","@id":"https:\/\/www.suno.com.br\/noticias\/rni-rdni3-predio-144-apartamentos-79-vgv\/#primaryimage","url":"https:\/\/files.sunoresearch.com.br\/n\/uploads\/2021\/09\/29-RNI-1280x720-1.jpg","contentUrl":"https:\/\/files.sunoresearch.com.br\/n\/uploads\/2021\/09\/29-RNI-1280x720-1.jpg","width":1280,"height":720,"caption":"RNI soma 195 empreendimentos imobili\u00e1rios no pa\u00eds - Foto: Reprodu\u00e7\u00e3o\/RNI"},{"@type":"BreadcrumbList","@id":"https:\/\/www.suno.com.br\/noticias\/rni-rdni3-predio-144-apartamentos-79-vgv\/#breadcrumb","itemListElement":[{"@type":"ListItem","position":1,"name":"Not\u00edcias","item":"https:\/\/www.suno.com.br\/noticias\/"},{"@type":"ListItem","position":2,"name":"Neg\u00f3cios","item":"https:\/\/www.suno.com.br\/noticias\/negocios\/"},{"@type":"ListItem","position":3,"name":"RNI (RDNI3) inaugura pr\u00e9dio com 144 apartamentos em Ribeir\u00e3o Preto com R$ 79 milh\u00f5es em VGV"}]},{"@type":"WebSite","@id":"https:\/\/www.suno.com.br\/noticias\/#website","url":"https:\/\/www.suno.com.br\/noticias\/","name":"Suno Not\u00edcias","description":"Seu portal de informa\u00e7\u00e3o sobre o mundo dos investimentos","publisher":{"@id":"https:\/\/www.suno.com.br\/noticias\/#organization"},"potentialAction":[{"@type":"SearchAction","target":{"@type":"EntryPoint","urlTemplate":"https:\/\/www.suno.com.br\/noticias\/?s={search_term_string}"},"query-input":{"@type":"PropertyValueSpecification","valueRequired":true,"valueName":"search_term_string"}}],"inLanguage":"pt-BR"},{"@type":"Organization","@id":"https:\/\/www.suno.com.br\/noticias\/#organization","name":"Suno Not\u00edcias","url":"https:\/\/www.suno.com.br\/noticias\/","logo":{"@type":"ImageObject","inLanguage":"pt-BR","@id":"https:\/\/www.suno.com.br\/noticias\/#\/schema\/logo\/image\/","url":"https:\/\/files.sunoresearch.com.br\/n\/uploads\/2021\/09\/suno-logo.png","contentUrl":"https:\/\/files.sunoresearch.com.br\/n\/uploads\/2021\/09\/suno-logo.png","width":180,"height":180,"caption":"Suno Not\u00edcias"},"image":{"@id":"https:\/\/www.suno.com.br\/noticias\/#\/schema\/logo\/image\/"},"sameAs":["https:\/\/facebook.com\/sunoresearch","https:\/\/x.com\/sunoresearch","https:\/\/www.instagram.com\/suno","https:\/\/www.linkedin.com\/company\/suno-research\/","https:\/\/www.youtube.com\/c\/sunoresearch"]},{"@type":"Person","@id":"https:\/\/www.suno.com.br\/noticias\/#\/schema\/person\/7f4d362bf3518e76090143ae77bb49a5","name":"Eduardo Vargas","image":{"@type":"ImageObject","inLanguage":"pt-BR","@id":"https:\/\/www.suno.com.br\/noticias\/#\/schema\/person\/image\/","url":"https:\/\/secure.gravatar.com\/avatar\/dac340933427a22924c9f99d1eb2e3f2?s=96&r=g","contentUrl":"https:\/\/secure.gravatar.com\/avatar\/dac340933427a22924c9f99d1eb2e3f2?s=96&r=g","caption":"Eduardo Vargas"},"description":"Jornalista formado pela UFSC, cobre macroeconomia, neg\u00f3cios e startups para o Suno Not\u00edcias, escrevendo principalmente not\u00edcias sobre o mercado financeiro e a bolsa de valores. No YouTube e no Instagram, \u00e9 respons\u00e1vel pela produ\u00e7\u00e3o de Reels e Shorts do Suno Not\u00edcias. Anteriormente, trabalhou cobrindo economia e cotidiano no ND+ e para o ND, maior jornal impresso de Santa Catarina. Cursou um semestre letivo de Estudos de M\u00eddia na Universidad de Buenos Aires.","url":"https:\/\/www.suno.com.br\/noticias\/author\/eduardo-vargas\/"}]}},"default_loop_html":"<div class=\"cardsPage__listCard__boxs\"><div class=\"cardsPage__listCard__boxs__img\"><a href=\"https:\/\/www.suno.com.br\/noticias\/rni-rdni3-predio-144-apartamentos-79-vgv\/\"><img class=\"mask\" src=\"https:\/\/www.suno.com.br\/noticias\/wp-content\/themes\/suno\/resources\/images\/spotlight\/spotlight1img\/bg-mask.png\" alt=\"Image Mask\"\/><img src=\"https:\/\/files.sunoresearch.com.br\/n\/uploads\/2021\/09\/29-RNI-1280x720-1-400x200.jpg\" alt=\"RNI (RDNI3) inaugura pr\u00e9dio com 144 apartamentos em Ribeir\u00e3o Preto com R$ 79 milh\u00f5es em VGV\"\/><\/a><span class=\"spotlightCategory\"><a href=\"https:\/\/www.suno.com.br\/noticias\/negocios\/\">Neg\u00f3cios<\/a><\/span><\/div><div class=\"cardsPage__listCard__boxs__content\"><a href=\"https:\/\/www.suno.com.br\/noticias\/rni-rdni3-predio-144-apartamentos-79-vgv\/\"><h2 class=\"content__title\">RNI (RDNI3) inaugura pr\u00e9dio com 144 apartamentos em Ribeir\u00e3o Preto com R$ 79 milh\u00f5es em VGV<\/h2><\/a><div class=\"newsContent__article__meta\"><div class=\"newsContent__article__meta__authorBox\"><a href=\"https:\/\/www.suno.com.br\/noticias\/author\/eduardo-vargas\/\" class=\"authorBox__avatar noMobi\"><img src=\"https:\/\/secure.gravatar.com\/avatar\/dac340933427a22924c9f99d1eb2e3f2?s=96&#038;r=g\" alt=\"Eduardo Vargas\"><\/a><div class=\"authorBox__name\"><span>por\n\t\t\t<a href=\"https:\/\/www.suno.com.br\/noticias\/author\/eduardo-vargas\/\"><span itemprop=\"author\">Eduardo Vargas<\/span><\/a><\/span><time datetime=\"2021-09-30T09:22:25-03:00\" itemprop=\"datePublished\">30\/09\/2021 09:22<\/time><\/div><\/div><\/div><\/div><\/div>","single_layout":"posts","amp_enabled":true,"_links":{"self":[{"href":"https:\/\/www.suno.com.br\/noticias\/wp-json\/wp\/v2\/posts\/189211"}],"collection":[{"href":"https:\/\/www.suno.com.br\/noticias\/wp-json\/wp\/v2\/posts"}],"about":[{"href":"https:\/\/www.suno.com.br\/noticias\/wp-json\/wp\/v2\/types\/post"}],"author":[{"embeddable":true,"href":"https:\/\/www.suno.com.br\/noticias\/wp-json\/wp\/v2\/users\/73"}],"replies":[{"embeddable":true,"href":"https:\/\/www.suno.com.br\/noticias\/wp-json\/wp\/v2\/comments?post=189211"}],"version-history":[{"count":2,"href":"https:\/\/www.suno.com.br\/noticias\/wp-json\/wp\/v2\/posts\/189211\/revisions"}],"predecessor-version":[{"id":189232,"href":"https:\/\/www.suno.com.br\/noticias\/wp-json\/wp\/v2\/posts\/189211\/revisions\/189232"}],"wp:featuredmedia":[{"embeddable":true,"href":"https:\/\/www.suno.com.br\/noticias\/wp-json\/wp\/v2\/media\/189229"}],"wp:attachment":[{"href":"https:\/\/www.suno.com.br\/noticias\/wp-json\/wp\/v2\/media?parent=189211"}],"wp:term":[{"taxonomy":"category","embeddable":true,"href":"https:\/\/www.suno.com.br\/noticias\/wp-json\/wp\/v2\/categories?post=189211"},{"taxonomy":"post_tag","embeddable":true,"href":"https:\/\/www.suno.com.br\/noticias\/wp-json\/wp\/v2\/tags?post=189211"},{"taxonomy":"suno_strategy","embeddable":true,"href":"https:\/\/www.suno.com.br\/noticias\/wp-json\/wp\/v2\/suno_strategy?post=189211"}],"curies":[{"name":"wp","href":"https:\/\/api.w.org\/{rel}","templated":true}]}}