{"id":189191,"date":"2021-09-30T15:58:56","date_gmt":"2021-09-30T18:58:56","guid":{"rendered":"https:\/\/www.suno.com.br\/noticias\/?p=189191"},"modified":"2021-09-30T15:58:56","modified_gmt":"2021-09-30T18:58:56","slug":"camara-aprova-auxilio-gas-familias-baixa-renda","status":"publish","type":"post","link":"https:\/\/www.suno.com.br\/noticias\/camara-aprova-auxilio-gas-familias-baixa-renda\/","title":{"rendered":"C\u00e2mara aprova aux\u00edlio g\u00e1s para fam\u00edlias de baixa renda"},"content":{"rendered":"<p>Os parlamentares da C\u00e2mara dos Deputados aprovaram uma proposta <a href=\"https:\/\/www.suno.com.br\/artigos\/subsidios\/\">que cria um um aux\u00edlio para subsidiar<\/a> <strong>g\u00e1s <\/strong>para fam\u00edlias de baixa renda em vota\u00e7\u00e3o nesta quarta-feira (29). Com o aval dos deputados, a mat\u00e9ria segue para an\u00e1lise do Senado.<img decoding=\"async\" style=\"width: 1px; height: 1px;\" src=\"https:\/\/agenciabrasil.ebc.com.br\/ebc.png?id=1423022&amp;o=rss\" \/><img decoding=\"async\" style=\"width: 1px; height: 1px;\" src=\"https:\/\/agenciabrasil.ebc.com.br\/ebc.gif?id=1423022&amp;o=rss\" \/><\/p>\t<div class=\"wrapper-featured-image\">\n\t\t<figure class=\"spotlightImg\">\n\n\t\t\t<picture>\n\t\t\t\t<source media=\"(max-width: 768px)\" srcset=\"https:\/\/files.sunoresearch.com.br\/n\/uploads\/2021\/09\/fcpzzbabr2405182827-400x200.jpg\">\n\t\t\t\t<img loading=\"lazy\" decoding=\"async\" class=\"newsContent__article__imgCapa lazyloadDisabled \" src=\"https:\/\/files.sunoresearch.com.br\/n\/uploads\/2021\/09\/fcpzzbabr2405182827-800x450.jpg\" width=\"800\" height=\"450\" alt=\"C\u00e2mara aprova aux\u00edlio g\u00e1s para fam\u00edlias de baixa renda\" fetchpriority=high \/>\n\t\t\t<\/picture>\n\n\t\t\t<figcaption class=\"wp-caption-text wp-caption-text--show\">Recentemente, a Petrobras tamb\u00e9m anunciou iniciativa social de subs\u00eddio de g\u00e1s de cozinha - Foto: Fabio Rodrigues Pozzebom\/Ag\u00eancia Brasil<\/figcaption>\n\t\t<\/figure>\n\t<\/div>\n\n\n\t<p>\n\t\t<a href=\"https:\/\/lp.suno.com.br\/planilha-controle-gastos\/\" target=\"_blank\" data-element=\"shortcode-suno-banner\" title=\"Banner SUNO, clique e saiba mais\">\n\t\t\t<picture>\n\t\t\t\t<source media=\"(max-width: 500px)\" srcset=\"https:\/\/files.sunoresearch.com.br\/n\/uploads\/2023\/03\/400x300-Planilha-controle-de-gastos.png\">\n\t\t\t\t<img class=\"newsContent__article__imgCapa newsContent__article__imgCapa--banner\"\n\t\t\t\t\tsrc=\"https:\/\/files.sunoresearch.com.br\/n\/uploads\/2023\/03\/1420x240-Planilha-controle-de-gastos.png\"\n\t\t\t\t\tdata-promo-id=\"101751\"\t\t\t\t\t\t\t\t\t\twidth='1420' height='240'\t\t\t\t\talt=\"https:\/\/files.sunoresearch.com.br\/n\/uploads\/2023\/03\/1420x240-Planilha-controle-de-gastos.png\"\n\t\t\t\t>\n\t\t\t<\/picture>\n\t\t<\/a>\n\t<\/p>\n\n\n<p>O texto estabelece que o Minist\u00e9rio da Cidadania ter\u00e1 60 dias para regulamentar os crit\u00e9rios para definir as fam\u00edlias a serem contempladas, a periodicidade do <strong>benef\u00edcio<\/strong>, a operacionaliza\u00e7\u00e3o do benef\u00edcio e <a href=\"https:\/\/www.suno.com.br\/artigos\/meios-de-pagamento\">a forma de pagamento do g\u00e1s<\/a>, cujas parcelas n\u00e3o podem passar de 60 dias de intervalo.<\/p>\n<p>Pelo texto, o Poder Executivo ser\u00e1 autorizado a pagar o <strong>aux\u00edlio<\/strong> diretamente \u00e0s fam\u00edlias beneficiadas na modalidade de transfer\u00eancia de renda.<\/p>\n\n\t<div data-element=\"shortcode-read-more\" class=\"readToo\">\n\t\t\t\t<span class=\"readToo__title\">Leia mais<\/span>\n\t\t\t\t<ul class=\"readToo__list\">\n\t\t\t<li><a href=\"https:\/\/www.suno.com.br\/noticias\/bolsonaro-volta-vale-gas-petrobras-petr4\/\">Bolsonaro volta a falar em vale-g\u00e1s da Petrobras (PETR4)<\/a><\/li><li><a href=\"https:\/\/www.suno.com.br\/noticias\/petrobras-petr4-pronuncia-fala-vale-gas-bolsonaro\/\">Petrobras (PETR4) sobre vale-g\u00e1s de Bolsonaro: &#8220;N\u00e3o h\u00e1 defini\u00e7\u00e3o&#8221;<\/a><\/li>\t\t<\/ul>\n\t<\/div>\n\n\n<p>A mat\u00e9ria assegura um benef\u00edcio mensal \u00e0s fam\u00edlias inscritas no Cadastro \u00danico para Programas Sociais (Cad\u00danico), com <strong>renda<\/strong> familiar mensal per capita menor ou igual a meio <a class=\"suno-keyword\" href=\"https:\/\/www.suno.com.br\/artigos\/salario-minimo\/\" target=\"_blank\" rel=\"noopener\" data-force=\"no\" data-priority=\"3\">sal\u00e1rio m\u00ednimo<\/a> ou que tenham entre os seus integrantes pessoa que receba <a href=\"https:\/\/www.suno.com.br\/artigos\/bpc\/\">benef\u00edcio de presta\u00e7\u00e3o continuada (BPC)<\/a>.<\/p>\n<p>Os cr\u00e9ditos poder\u00e3o ser concedidos por meio de cart\u00e3o eletr\u00f4nico ou outro meio previsto na regulamenta\u00e7\u00e3o.<\/p>\n<p>Segundo o projeto, a primeira fonte de recursos para assegurar a medida \u00e9 a parcela dos royalties e de participa\u00e7\u00e3o especial, decorrentes da explora\u00e7\u00e3o de petr\u00f3leo e g\u00e1s natural que cabe \u00e0 Uni\u00e3o.<\/p>\n<p>De acordo com o relator, deputado Christiano Aureo (PP-RJ), o <strong>pre\u00e7o do g\u00e1s<\/strong> tem sido impactado, entre outros fatores, pela desvaloriza\u00e7\u00e3o do real frente ao d\u00f3lar.<\/p>\n\t<p>\n\t\t<a href=\"https:\/\/lp.suno.com.br\/planilha-da-vida-financeira\/\" target=\"_blank\" data-element=\"shortcode-suno-banner\" title=\"Banner SUNO, clique e saiba mais\">\n\t\t\t<picture>\n\t\t\t\t<source media=\"(max-width: 500px)\" srcset=\"https:\/\/files.sunoresearch.com.br\/n\/uploads\/2023\/04\/400x300-Planilha-vida-financeira-true.png\">\n\t\t\t\t<img class=\"newsContent__article__imgCapa newsContent__article__imgCapa--banner\"\n\t\t\t\t\tsrc=\"https:\/\/files.sunoresearch.com.br\/n\/uploads\/2023\/04\/1420x240-Planilha-vida-financeira-true.png\"\n\t\t\t\t\tdata-promo-id=\"106682\"\t\t\t\t\t\t\t\t\t\twidth='1420' height='240'\t\t\t\t\talt=\"https:\/\/files.sunoresearch.com.br\/n\/uploads\/2023\/04\/1420x240-Planilha-vida-financeira-true.png\"\n\t\t\t\t>\n\t\t\t<\/picture>\n\t\t<\/a>\n\t<\/p>\n\n\n<p>&#8220;O GLP, impactado pela forma\u00e7\u00e3o de pre\u00e7os vinculada <a href=\"https:\/\/www.suno.com.br\/artigos\/cotacao-do-petroleo\/\">ao barril de petr\u00f3leo, ao brent<\/a>, \u00e0 varia\u00e7\u00e3o do c\u00e2mbio, atinge, em algumas pra\u00e7as o valor de at\u00e9 R$ 120, que \u00e9 um valor insuport\u00e1vel para as fam\u00edlias de um modo geral, mais especificamente para as fam\u00edlias que comp\u00f5em o Cad\u00danico e ainda mais especificamente para um corte de fam\u00edlias na extrema pobreza\u201d, argumentou.<\/p>\n<h2>Desastres<\/h2>\n<p>O parlamentar destacou ainda que tem sido noticiado frequentemente casos de trag\u00e9dias com pessoas que utilizam meios como \u00e1lcool e carv\u00e3o em substitui\u00e7\u00e3o ao g\u00e1s para preparar refei\u00e7\u00f5es.<\/p>\n<p>Levantamento realizado pela a <a href=\"https:\/\/www.suno.com.br\/artigos\/agencias-reguladoras\">Ag\u00eancia Nacional de Petr\u00f3leo (ANP)<\/a> apontou que o <a class=\"suno-keyword\" href=\"https:\/\/www.suno.com.br\/artigos\/preco-medio\/\" target=\"_blank\" rel=\"noopener\" data-force=\"no\" data-priority=\"1\">pre\u00e7o m\u00e9dio<\/a> do g\u00e1s de cozinha, na terceira semana de setembro, era de R$ 98,70.<\/p>\n\t<p>\n\t\t<a href=\"https:\/\/lp.suno.com.br\/ebook-como-analisar-uma-acao\/\" target=\"_blank\" data-element=\"shortcode-suno-banner\" title=\"Banner SUNO, clique e saiba mais\">\n\t\t\t<picture>\n\t\t\t\t<source media=\"(max-width: 500px)\" srcset=\"https:\/\/files.sunoresearch.com.br\/n\/uploads\/2023\/03\/Ebook-Acoes-Mobile-1.jpg\">\n\t\t\t\t<img class=\"newsContent__article__imgCapa newsContent__article__imgCapa--banner\"\n\t\t\t\t\tsrc=\"https:\/\/files.sunoresearch.com.br\/n\/uploads\/2023\/03\/Ebook-Acoes-Desktop-1.jpg\"\n\t\t\t\t\tdata-promo-id=\"171998\"\t\t\t\t\t\t\t\t\t\twidth='1420' height='286'\t\t\t\t\talt=\"https:\/\/files.sunoresearch.com.br\/n\/uploads\/2023\/03\/Ebook-Acoes-Desktop-1.jpg\"\n\t\t\t\t>\n\t\t\t<\/picture>\n\t\t<\/a>\n\t<\/p>\n\n\n<p>\u201cO notici\u00e1rio tem trazido toda semana desastres acontecidos no interior dos lares em fun\u00e7\u00e3o da utiliza\u00e7\u00e3o de meios para cozinhar que n\u00e3o s\u00e3o adequados nem seguros, como \u00e1lcool, carv\u00e3o e lenha, na maioria das comunidades e na zona rural&#8221;, disse o deputado Christiano Aureo.<\/p>\n<h2>Petrobras (PETR4) subsidiar\u00e1 g\u00e1s em R$ 300 milh\u00f5es<\/h2>\n<p>Em iniciativa semelhante, o <a class=\"suno-keyword\" href=\"https:\/\/www.suno.com.br\/artigos\/conselho-administracao\/\" target=\"_blank\" rel=\"noopener\" data-force=\"no\" data-priority=\"1\">conselho de administra\u00e7\u00e3o<\/a> da <a class=\"suno-keyword\" href=\"https:\/\/www.suno.com.br\/acoes\/PETR4\/\" target=\"_blank\" rel=\"noopener\" data-force=\"yes\" data-priority=\"2\"><strong>Petrobras<\/strong> (PETR4)<\/a> aprovou na \u00faltima quarta-feira (29) a cria\u00e7\u00e3o de um programa social subsidiado pela estatal. Com isso, vai destinar R$ 300 milh\u00f5es, por um per\u00eddo de 15 meses, para apoiar fam\u00edlias em situa\u00e7\u00e3o de vulnerabilidade social na compra de insumos essenciais, com foco no g\u00e1s liquefeito de petr\u00f3leo (GLP), conhecido como g\u00e1s de cozinha.<\/p>\n<p>Segundo a Petrobras, o <strong>programa social<\/strong> visa alinhar a atua\u00e7\u00e3o social da empresa ao praticado por outros pares de mercado e se justifica pelos efeitos da situa\u00e7\u00e3o excepcional e de emerg\u00eancia decorrentes da pandemia da Covid-19.<\/p>\n<p>&#8220;Somos uma empresa socialmente respons\u00e1vel e comprometida com a melhoria das condi\u00e7\u00f5es de vida das fam\u00edlias, particularmente das mais vulner\u00e1veis&#8221;, diz comunicado ao mercado da petroleira.<\/p>\n\t<p>\n\t\t<a href=\"https:\/\/lp.suno.com.br\/planilha-de-controle-de-investimentos\/\" target=\"_blank\" data-element=\"shortcode-suno-banner\" title=\"Banner SUNO, clique e saiba mais\">\n\t\t\t<picture>\n\t\t\t\t<source media=\"(max-width: 500px)\" srcset=\"https:\/\/files.sunoresearch.com.br\/n\/uploads\/2023\/03\/400x300-Controle-de-Investimentos.png\">\n\t\t\t\t<img class=\"newsContent__article__imgCapa newsContent__article__imgCapa--banner\"\n\t\t\t\t\tsrc=\"https:\/\/files.sunoresearch.com.br\/n\/uploads\/2023\/03\/1420x240-Controle-de-Investimentos.png\"\n\t\t\t\t\tdata-promo-id=\"75934\"\t\t\t\t\t\t\t\t\t\twidth='1420' height='240'\t\t\t\t\talt=\"https:\/\/files.sunoresearch.com.br\/n\/uploads\/2023\/03\/1420x240-Controle-de-Investimentos.png\"\n\t\t\t\t>\n\t\t\t<\/picture>\n\t\t<\/a>\n\t<\/p>\n\n\n<p>Em texto, a estatal afirma que a pandemia e todas as suas consequ\u00eancias trouxeram mais dificuldades para as pessoas em situa\u00e7\u00e3o de pobreza. &#8220;Tal fato alerta a Petrobras para que reforce seu papel social, contribuindo ainda mais com a sociedade&#8221;, afirma<strong> Joaquim Silva e Luna<\/strong>, presidente da estatal, em nota.<\/p>\n<p>O modelo do <strong>programa social da Petrobras<\/strong> ainda est\u00e1 em fase final de estudos, incluindo a defini\u00e7\u00e3o do crit\u00e9rio de escolha das fam\u00edlias em situa\u00e7\u00e3o de vulnerabilidade.<\/p>\n<p>A Petrobras tamb\u00e9m busca por parceiros que possam somar esfor\u00e7os e ampliar o valor a ser investido no subs\u00eddio ao <strong>g\u00e1s<\/strong> de cozinha, com a possibilidade da cria\u00e7\u00e3o de um fundo que permita que outras empresas venham a aderir ao projeto.<\/p>\n<p><em>Com informa\u00e7\u00f5es do Estad\u00e3o Conte\u00fado<\/em><\/p>\n\t<p>\n\t\t<a href=\"\" target=\"_blank\" data-element=\"shortcode-suno-banner\" title=\"Banner SUNO, clique e saiba mais\">\n\t\t\t<picture>\n\t\t\t\t<source media=\"(max-width: 500px)\" srcset=\"\">\n\t\t\t\t<img class=\"newsContent__article__imgCapa newsContent__article__imgCapa--banner\"\n\t\t\t\t\tsrc=\"\"\n\t\t\t\t\tdata-promo-id=\"184190\"\t\t\t\t\t\t\t\t\t\t\t\t\t\t\talt=\"\"\n\t\t\t\t>\n\t\t\t<\/picture>\n\t\t<\/a>\n\t<\/p>\n\n\n","protected":false},"excerpt":{"rendered":"<p>Os parlamentares da C\u00e2mara dos Deputados aprovaram uma proposta que cria um um aux\u00edlio para subsidiar g\u00e1s para fam\u00edlias de baixa renda em vota\u00e7\u00e3o nesta quarta-feira (29). Com o aval dos deputados, a mat\u00e9ria segue para an\u00e1lise do Senado. Fala de Bolsonaro sobre vale-g\u00e1s custeado pela Petrobras se deu em programa veiculado na sexta (30) [&hellip;]<\/p>\n","protected":false},"author":73,"featured_media":189297,"comment_status":"closed","ping_status":"closed","sticky":false,"template":"","format":"standard","meta":[],"categories":[61],"tags":[106444,938,901,105822,1467,595],"suno_strategy":[],"class_list":["post-189191","post","type-post","status-publish","format-standard","has-post-thumbnail","hentry","category-politica","tag-agencias","tag-camara-dos-deputados","tag-congresso-nacional","tag-gas","tag-gas-natural","tag-petrobras-petr4"],"yoast_head":"<!-- This site is optimized with the Yoast SEO plugin v24.4 - https:\/\/yoast.com\/wordpress\/plugins\/seo\/ -->\n<title>C\u00e2mara aprova aux\u00edlio g\u00e1s para fam\u00edlias de baixa renda<\/title>\n<meta name=\"description\" content=\"Proposta aprovada pelos deputados ainda deve firmar detalhes sobre pagamentos do g\u00e1s de cozinha. Clique aqui e leia mais.\" \/>\n<meta name=\"robots\" content=\"index, follow, max-snippet:-1, max-image-preview:large, max-video-preview:-1\" \/>\n<link rel=\"canonical\" href=\"https:\/\/www.suno.com.br\/noticias\/camara-aprova-auxilio-gas-familias-baixa-renda\/\" \/>\n<meta property=\"og:locale\" content=\"pt_BR\" \/>\n<meta property=\"og:type\" content=\"article\" \/>\n<meta property=\"og:title\" content=\"C\u00e2mara aprova aux\u00edlio g\u00e1s para fam\u00edlias de baixa renda\" \/>\n<meta property=\"og:description\" content=\"Proposta aprovada pelos deputados ainda deve firmar detalhes sobre pagamentos do g\u00e1s de cozinha. Clique aqui e leia mais.\" \/>\n<meta property=\"og:url\" content=\"https:\/\/www.suno.com.br\/noticias\/camara-aprova-auxilio-gas-familias-baixa-renda\/\" \/>\n<meta property=\"og:site_name\" content=\"Suno Not\u00edcias\" \/>\n<meta property=\"article:publisher\" content=\"https:\/\/facebook.com\/sunoresearch\" \/>\n<meta property=\"og:image\" content=\"https:\/\/files.sunoresearch.com.br\/n\/uploads\/2021\/09\/fcpzzbabr2405182827-scaled.jpg\" \/>\n\t<meta property=\"og:image:width\" content=\"2560\" \/>\n\t<meta property=\"og:image:height\" content=\"1707\" \/>\n\t<meta property=\"og:image:type\" content=\"image\/jpeg\" \/>\n<meta name=\"author\" content=\"Eduardo Vargas\" \/>\n<meta name=\"twitter:card\" content=\"summary_large_image\" \/>\n<meta name=\"twitter:creator\" content=\"@sunoresearch\" \/>\n<meta name=\"twitter:site\" content=\"@sunoresearch\" \/>\n<meta name=\"twitter:label1\" content=\"Escrito por\" \/>\n\t<meta name=\"twitter:data1\" content=\"Eduardo Vargas\" \/>\n\t<meta name=\"twitter:label2\" content=\"Est. tempo de leitura\" \/>\n\t<meta name=\"twitter:data2\" content=\"4 minutos\" \/>\n<script type=\"application\/ld+json\" class=\"yoast-schema-graph\">{\"@context\":\"https:\/\/schema.org\",\"@graph\":[{\"@type\":\"NewsArticle\",\"@id\":\"https:\/\/www.suno.com.br\/noticias\/camara-aprova-auxilio-gas-familias-baixa-renda\/#article\",\"isPartOf\":{\"@id\":\"https:\/\/www.suno.com.br\/noticias\/camara-aprova-auxilio-gas-familias-baixa-renda\/\"},\"author\":{\"name\":\"Eduardo Vargas\",\"@id\":\"https:\/\/www.suno.com.br\/noticias\/#\/schema\/person\/7f4d362bf3518e76090143ae77bb49a5\"},\"headline\":\"C\u00e2mara aprova aux\u00edlio g\u00e1s para fam\u00edlias de baixa renda\",\"datePublished\":\"2021-09-30T18:58:56+00:00\",\"mainEntityOfPage\":{\"@id\":\"https:\/\/www.suno.com.br\/noticias\/camara-aprova-auxilio-gas-familias-baixa-renda\/\"},\"wordCount\":766,\"publisher\":{\"@id\":\"https:\/\/www.suno.com.br\/noticias\/#organization\"},\"image\":{\"@id\":\"https:\/\/www.suno.com.br\/noticias\/camara-aprova-auxilio-gas-familias-baixa-renda\/#primaryimage\"},\"thumbnailUrl\":\"https:\/\/files.sunoresearch.com.br\/n\/uploads\/2021\/09\/fcpzzbabr2405182827-scaled.jpg\",\"keywords\":[\"Ag\u00eancias\",\"C\u00e2mara dos Deputados\",\"Congresso Nacional\",\"g\u00e1s\",\"g\u00e1s natural\",\"Petrobras (PETR4)\"],\"articleSection\":[\"Pol\u00edtica\"],\"inLanguage\":\"pt-BR\"},{\"@type\":\"WebPage\",\"@id\":\"https:\/\/www.suno.com.br\/noticias\/camara-aprova-auxilio-gas-familias-baixa-renda\/\",\"url\":\"https:\/\/www.suno.com.br\/noticias\/camara-aprova-auxilio-gas-familias-baixa-renda\/\",\"name\":\"C\u00e2mara aprova aux\u00edlio g\u00e1s para fam\u00edlias de baixa renda\",\"isPartOf\":{\"@id\":\"https:\/\/www.suno.com.br\/noticias\/#website\"},\"primaryImageOfPage\":{\"@id\":\"https:\/\/www.suno.com.br\/noticias\/camara-aprova-auxilio-gas-familias-baixa-renda\/#primaryimage\"},\"image\":{\"@id\":\"https:\/\/www.suno.com.br\/noticias\/camara-aprova-auxilio-gas-familias-baixa-renda\/#primaryimage\"},\"thumbnailUrl\":\"https:\/\/files.sunoresearch.com.br\/n\/uploads\/2021\/09\/fcpzzbabr2405182827-scaled.jpg\",\"datePublished\":\"2021-09-30T18:58:56+00:00\",\"description\":\"Proposta aprovada pelos deputados ainda deve firmar detalhes sobre pagamentos do g\u00e1s de cozinha. Clique aqui e leia mais.\",\"breadcrumb\":{\"@id\":\"https:\/\/www.suno.com.br\/noticias\/camara-aprova-auxilio-gas-familias-baixa-renda\/#breadcrumb\"},\"inLanguage\":\"pt-BR\",\"potentialAction\":[{\"@type\":\"ReadAction\",\"target\":[\"https:\/\/www.suno.com.br\/noticias\/camara-aprova-auxilio-gas-familias-baixa-renda\/\"]}]},{\"@type\":\"ImageObject\",\"inLanguage\":\"pt-BR\",\"@id\":\"https:\/\/www.suno.com.br\/noticias\/camara-aprova-auxilio-gas-familias-baixa-renda\/#primaryimage\",\"url\":\"https:\/\/files.sunoresearch.com.br\/n\/uploads\/2021\/09\/fcpzzbabr2405182827-scaled.jpg\",\"contentUrl\":\"https:\/\/files.sunoresearch.com.br\/n\/uploads\/2021\/09\/fcpzzbabr2405182827-scaled.jpg\",\"width\":2560,\"height\":1707,\"caption\":\"Recentemente, a Petrobras tamb\u00e9m anunciou iniciativa social de subs\u00eddio de g\u00e1s de cozinha - Foto: Fabio Rodrigues Pozzebom\/Ag\u00eancia Brasil\"},{\"@type\":\"BreadcrumbList\",\"@id\":\"https:\/\/www.suno.com.br\/noticias\/camara-aprova-auxilio-gas-familias-baixa-renda\/#breadcrumb\",\"itemListElement\":[{\"@type\":\"ListItem\",\"position\":1,\"name\":\"Not\u00edcias\",\"item\":\"https:\/\/www.suno.com.br\/noticias\/\"},{\"@type\":\"ListItem\",\"position\":2,\"name\":\"Pol\u00edtica\",\"item\":\"https:\/\/www.suno.com.br\/noticias\/politica\/\"},{\"@type\":\"ListItem\",\"position\":3,\"name\":\"C\u00e2mara aprova aux\u00edlio g\u00e1s para fam\u00edlias de baixa renda\"}]},{\"@type\":\"WebSite\",\"@id\":\"https:\/\/www.suno.com.br\/noticias\/#website\",\"url\":\"https:\/\/www.suno.com.br\/noticias\/\",\"name\":\"Suno Not\u00edcias\",\"description\":\"Seu portal de informa\u00e7\u00e3o sobre o mundo dos investimentos\",\"publisher\":{\"@id\":\"https:\/\/www.suno.com.br\/noticias\/#organization\"},\"potentialAction\":[{\"@type\":\"SearchAction\",\"target\":{\"@type\":\"EntryPoint\",\"urlTemplate\":\"https:\/\/www.suno.com.br\/noticias\/?s={search_term_string}\"},\"query-input\":{\"@type\":\"PropertyValueSpecification\",\"valueRequired\":true,\"valueName\":\"search_term_string\"}}],\"inLanguage\":\"pt-BR\"},{\"@type\":\"Organization\",\"@id\":\"https:\/\/www.suno.com.br\/noticias\/#organization\",\"name\":\"Suno Not\u00edcias\",\"url\":\"https:\/\/www.suno.com.br\/noticias\/\",\"logo\":{\"@type\":\"ImageObject\",\"inLanguage\":\"pt-BR\",\"@id\":\"https:\/\/www.suno.com.br\/noticias\/#\/schema\/logo\/image\/\",\"url\":\"https:\/\/files.sunoresearch.com.br\/n\/uploads\/2021\/09\/suno-logo.png\",\"contentUrl\":\"https:\/\/files.sunoresearch.com.br\/n\/uploads\/2021\/09\/suno-logo.png\",\"width\":180,\"height\":180,\"caption\":\"Suno Not\u00edcias\"},\"image\":{\"@id\":\"https:\/\/www.suno.com.br\/noticias\/#\/schema\/logo\/image\/\"},\"sameAs\":[\"https:\/\/facebook.com\/sunoresearch\",\"https:\/\/x.com\/sunoresearch\",\"https:\/\/www.instagram.com\/suno\",\"https:\/\/www.linkedin.com\/company\/suno-research\/\",\"https:\/\/www.youtube.com\/c\/sunoresearch\"]},{\"@type\":\"Person\",\"@id\":\"https:\/\/www.suno.com.br\/noticias\/#\/schema\/person\/7f4d362bf3518e76090143ae77bb49a5\",\"name\":\"Eduardo Vargas\",\"image\":{\"@type\":\"ImageObject\",\"inLanguage\":\"pt-BR\",\"@id\":\"https:\/\/www.suno.com.br\/noticias\/#\/schema\/person\/image\/\",\"url\":\"https:\/\/secure.gravatar.com\/avatar\/dac340933427a22924c9f99d1eb2e3f2?s=96&r=g\",\"contentUrl\":\"https:\/\/secure.gravatar.com\/avatar\/dac340933427a22924c9f99d1eb2e3f2?s=96&r=g\",\"caption\":\"Eduardo Vargas\"},\"description\":\"Jornalista formado pela UFSC, cobre macroeconomia, neg\u00f3cios e startups para o Suno Not\u00edcias, escrevendo principalmente not\u00edcias sobre o mercado financeiro e a bolsa de valores. No YouTube e no Instagram, \u00e9 respons\u00e1vel pela produ\u00e7\u00e3o de Reels e Shorts do Suno Not\u00edcias. Anteriormente, trabalhou cobrindo economia e cotidiano no ND+ e para o ND, maior jornal impresso de Santa Catarina. Cursou um semestre letivo de Estudos de M\u00eddia na Universidad de Buenos Aires.\",\"url\":\"https:\/\/www.suno.com.br\/noticias\/author\/eduardo-vargas\/\"}]}<\/script>\n<!-- \/ Yoast SEO plugin. -->","yoast_head_json":{"title":"C\u00e2mara aprova aux\u00edlio g\u00e1s para fam\u00edlias de baixa renda","description":"Proposta aprovada pelos deputados ainda deve firmar detalhes sobre pagamentos do g\u00e1s de cozinha. Clique aqui e leia mais.","robots":{"index":"index","follow":"follow","max-snippet":"max-snippet:-1","max-image-preview":"max-image-preview:large","max-video-preview":"max-video-preview:-1"},"canonical":"https:\/\/www.suno.com.br\/noticias\/camara-aprova-auxilio-gas-familias-baixa-renda\/","og_locale":"pt_BR","og_type":"article","og_title":"C\u00e2mara aprova aux\u00edlio g\u00e1s para fam\u00edlias de baixa renda","og_description":"Proposta aprovada pelos deputados ainda deve firmar detalhes sobre pagamentos do g\u00e1s de cozinha. Clique aqui e leia mais.","og_url":"https:\/\/www.suno.com.br\/noticias\/camara-aprova-auxilio-gas-familias-baixa-renda\/","og_site_name":"Suno Not\u00edcias","article_publisher":"https:\/\/facebook.com\/sunoresearch","og_image":[{"width":2560,"height":1707,"url":"https:\/\/files.sunoresearch.com.br\/n\/uploads\/2021\/09\/fcpzzbabr2405182827-scaled.jpg","type":"image\/jpeg"}],"author":"Eduardo Vargas","twitter_card":"summary_large_image","twitter_creator":"@sunoresearch","twitter_site":"@sunoresearch","twitter_misc":{"Escrito por":"Eduardo Vargas","Est. tempo de leitura":"4 minutos"},"schema":{"@context":"https:\/\/schema.org","@graph":[{"@type":"NewsArticle","@id":"https:\/\/www.suno.com.br\/noticias\/camara-aprova-auxilio-gas-familias-baixa-renda\/#article","isPartOf":{"@id":"https:\/\/www.suno.com.br\/noticias\/camara-aprova-auxilio-gas-familias-baixa-renda\/"},"author":{"name":"Eduardo Vargas","@id":"https:\/\/www.suno.com.br\/noticias\/#\/schema\/person\/7f4d362bf3518e76090143ae77bb49a5"},"headline":"C\u00e2mara aprova aux\u00edlio g\u00e1s para fam\u00edlias de baixa renda","datePublished":"2021-09-30T18:58:56+00:00","mainEntityOfPage":{"@id":"https:\/\/www.suno.com.br\/noticias\/camara-aprova-auxilio-gas-familias-baixa-renda\/"},"wordCount":766,"publisher":{"@id":"https:\/\/www.suno.com.br\/noticias\/#organization"},"image":{"@id":"https:\/\/www.suno.com.br\/noticias\/camara-aprova-auxilio-gas-familias-baixa-renda\/#primaryimage"},"thumbnailUrl":"https:\/\/files.sunoresearch.com.br\/n\/uploads\/2021\/09\/fcpzzbabr2405182827-scaled.jpg","keywords":["Ag\u00eancias","C\u00e2mara dos Deputados","Congresso Nacional","g\u00e1s","g\u00e1s natural","Petrobras (PETR4)"],"articleSection":["Pol\u00edtica"],"inLanguage":"pt-BR"},{"@type":"WebPage","@id":"https:\/\/www.suno.com.br\/noticias\/camara-aprova-auxilio-gas-familias-baixa-renda\/","url":"https:\/\/www.suno.com.br\/noticias\/camara-aprova-auxilio-gas-familias-baixa-renda\/","name":"C\u00e2mara aprova aux\u00edlio g\u00e1s para fam\u00edlias de baixa renda","isPartOf":{"@id":"https:\/\/www.suno.com.br\/noticias\/#website"},"primaryImageOfPage":{"@id":"https:\/\/www.suno.com.br\/noticias\/camara-aprova-auxilio-gas-familias-baixa-renda\/#primaryimage"},"image":{"@id":"https:\/\/www.suno.com.br\/noticias\/camara-aprova-auxilio-gas-familias-baixa-renda\/#primaryimage"},"thumbnailUrl":"https:\/\/files.sunoresearch.com.br\/n\/uploads\/2021\/09\/fcpzzbabr2405182827-scaled.jpg","datePublished":"2021-09-30T18:58:56+00:00","description":"Proposta aprovada pelos deputados ainda deve firmar detalhes sobre pagamentos do g\u00e1s de cozinha. Clique aqui e leia mais.","breadcrumb":{"@id":"https:\/\/www.suno.com.br\/noticias\/camara-aprova-auxilio-gas-familias-baixa-renda\/#breadcrumb"},"inLanguage":"pt-BR","potentialAction":[{"@type":"ReadAction","target":["https:\/\/www.suno.com.br\/noticias\/camara-aprova-auxilio-gas-familias-baixa-renda\/"]}]},{"@type":"ImageObject","inLanguage":"pt-BR","@id":"https:\/\/www.suno.com.br\/noticias\/camara-aprova-auxilio-gas-familias-baixa-renda\/#primaryimage","url":"https:\/\/files.sunoresearch.com.br\/n\/uploads\/2021\/09\/fcpzzbabr2405182827-scaled.jpg","contentUrl":"https:\/\/files.sunoresearch.com.br\/n\/uploads\/2021\/09\/fcpzzbabr2405182827-scaled.jpg","width":2560,"height":1707,"caption":"Recentemente, a Petrobras tamb\u00e9m anunciou iniciativa social de subs\u00eddio de g\u00e1s de cozinha - Foto: Fabio Rodrigues Pozzebom\/Ag\u00eancia Brasil"},{"@type":"BreadcrumbList","@id":"https:\/\/www.suno.com.br\/noticias\/camara-aprova-auxilio-gas-familias-baixa-renda\/#breadcrumb","itemListElement":[{"@type":"ListItem","position":1,"name":"Not\u00edcias","item":"https:\/\/www.suno.com.br\/noticias\/"},{"@type":"ListItem","position":2,"name":"Pol\u00edtica","item":"https:\/\/www.suno.com.br\/noticias\/politica\/"},{"@type":"ListItem","position":3,"name":"C\u00e2mara aprova aux\u00edlio g\u00e1s para fam\u00edlias de baixa renda"}]},{"@type":"WebSite","@id":"https:\/\/www.suno.com.br\/noticias\/#website","url":"https:\/\/www.suno.com.br\/noticias\/","name":"Suno Not\u00edcias","description":"Seu portal de informa\u00e7\u00e3o sobre o mundo dos investimentos","publisher":{"@id":"https:\/\/www.suno.com.br\/noticias\/#organization"},"potentialAction":[{"@type":"SearchAction","target":{"@type":"EntryPoint","urlTemplate":"https:\/\/www.suno.com.br\/noticias\/?s={search_term_string}"},"query-input":{"@type":"PropertyValueSpecification","valueRequired":true,"valueName":"search_term_string"}}],"inLanguage":"pt-BR"},{"@type":"Organization","@id":"https:\/\/www.suno.com.br\/noticias\/#organization","name":"Suno Not\u00edcias","url":"https:\/\/www.suno.com.br\/noticias\/","logo":{"@type":"ImageObject","inLanguage":"pt-BR","@id":"https:\/\/www.suno.com.br\/noticias\/#\/schema\/logo\/image\/","url":"https:\/\/files.sunoresearch.com.br\/n\/uploads\/2021\/09\/suno-logo.png","contentUrl":"https:\/\/files.sunoresearch.com.br\/n\/uploads\/2021\/09\/suno-logo.png","width":180,"height":180,"caption":"Suno Not\u00edcias"},"image":{"@id":"https:\/\/www.suno.com.br\/noticias\/#\/schema\/logo\/image\/"},"sameAs":["https:\/\/facebook.com\/sunoresearch","https:\/\/x.com\/sunoresearch","https:\/\/www.instagram.com\/suno","https:\/\/www.linkedin.com\/company\/suno-research\/","https:\/\/www.youtube.com\/c\/sunoresearch"]},{"@type":"Person","@id":"https:\/\/www.suno.com.br\/noticias\/#\/schema\/person\/7f4d362bf3518e76090143ae77bb49a5","name":"Eduardo Vargas","image":{"@type":"ImageObject","inLanguage":"pt-BR","@id":"https:\/\/www.suno.com.br\/noticias\/#\/schema\/person\/image\/","url":"https:\/\/secure.gravatar.com\/avatar\/dac340933427a22924c9f99d1eb2e3f2?s=96&r=g","contentUrl":"https:\/\/secure.gravatar.com\/avatar\/dac340933427a22924c9f99d1eb2e3f2?s=96&r=g","caption":"Eduardo Vargas"},"description":"Jornalista formado pela UFSC, cobre macroeconomia, neg\u00f3cios e startups para o Suno Not\u00edcias, escrevendo principalmente not\u00edcias sobre o mercado financeiro e a bolsa de valores. No YouTube e no Instagram, \u00e9 respons\u00e1vel pela produ\u00e7\u00e3o de Reels e Shorts do Suno Not\u00edcias. Anteriormente, trabalhou cobrindo economia e cotidiano no ND+ e para o ND, maior jornal impresso de Santa Catarina. Cursou um semestre letivo de Estudos de M\u00eddia na Universidad de Buenos Aires.","url":"https:\/\/www.suno.com.br\/noticias\/author\/eduardo-vargas\/"}]}},"default_loop_html":"<div class=\"cardsPage__listCard__boxs\"><div class=\"cardsPage__listCard__boxs__img\"><a href=\"https:\/\/www.suno.com.br\/noticias\/petrobras-petr4-pronuncia-fala-vale-gas-bolsonaro\/\"><img class=\"mask\" src=\"https:\/\/www.suno.com.br\/noticias\/wp-content\/themes\/suno\/resources\/images\/spotlight\/spotlight1img\/bg-mask.png\" alt=\"Image Mask\"\/><img src=\"https:\/\/files.sunoresearch.com.br\/n\/uploads\/2021\/08\/d3e75e57-brasil-ratinho-bolsonaro-27052019-001-400x200.jpg\" alt=\"Petrobras (PETR4) sobre vale-g\u00e1s de Bolsonaro: &#8220;N\u00e3o h\u00e1 defini\u00e7\u00e3o&#8221;\"\/><\/a><span class=\"spotlightCategory\"><a href=\"https:\/\/www.suno.com.br\/noticias\/negocios\/\">Neg\u00f3cios<\/a><\/span><\/div><div class=\"cardsPage__listCard__boxs__content\"><a href=\"https:\/\/www.suno.com.br\/noticias\/petrobras-petr4-pronuncia-fala-vale-gas-bolsonaro\/\"><h2 class=\"content__title\">Petrobras (PETR4) sobre vale-g\u00e1s de Bolsonaro: &#8220;N\u00e3o h\u00e1 defini\u00e7\u00e3o&#8221;<\/h2><\/a><div class=\"newsContent__article__meta\"><div class=\"newsContent__article__meta__authorBox\"><a href=\"https:\/\/www.suno.com.br\/noticias\/author\/eduardo-vargas\/\" class=\"authorBox__avatar noMobi\"><img src=\"https:\/\/secure.gravatar.com\/avatar\/dac340933427a22924c9f99d1eb2e3f2?s=96&#038;r=g\" alt=\"Eduardo Vargas\"><\/a><div class=\"authorBox__name\"><span>por\n\t\t\t<a href=\"https:\/\/www.suno.com.br\/noticias\/author\/eduardo-vargas\/\"><span itemprop=\"author\">Eduardo Vargas<\/span><\/a><\/span><time datetime=\"2021-08-02T18:30:41-03:00\" itemprop=\"datePublished\">02\/08\/2021 18:30<\/time><\/div><\/div><\/div><\/div><\/div>","single_layout":"posts","amp_enabled":true,"_links":{"self":[{"href":"https:\/\/www.suno.com.br\/noticias\/wp-json\/wp\/v2\/posts\/189191"}],"collection":[{"href":"https:\/\/www.suno.com.br\/noticias\/wp-json\/wp\/v2\/posts"}],"about":[{"href":"https:\/\/www.suno.com.br\/noticias\/wp-json\/wp\/v2\/types\/post"}],"author":[{"embeddable":true,"href":"https:\/\/www.suno.com.br\/noticias\/wp-json\/wp\/v2\/users\/73"}],"replies":[{"embeddable":true,"href":"https:\/\/www.suno.com.br\/noticias\/wp-json\/wp\/v2\/comments?post=189191"}],"version-history":[{"count":4,"href":"https:\/\/www.suno.com.br\/noticias\/wp-json\/wp\/v2\/posts\/189191\/revisions"}],"predecessor-version":[{"id":189557,"href":"https:\/\/www.suno.com.br\/noticias\/wp-json\/wp\/v2\/posts\/189191\/revisions\/189557"}],"wp:featuredmedia":[{"embeddable":true,"href":"https:\/\/www.suno.com.br\/noticias\/wp-json\/wp\/v2\/media\/189297"}],"wp:attachment":[{"href":"https:\/\/www.suno.com.br\/noticias\/wp-json\/wp\/v2\/media?parent=189191"}],"wp:term":[{"taxonomy":"category","embeddable":true,"href":"https:\/\/www.suno.com.br\/noticias\/wp-json\/wp\/v2\/categories?post=189191"},{"taxonomy":"post_tag","embeddable":true,"href":"https:\/\/www.suno.com.br\/noticias\/wp-json\/wp\/v2\/tags?post=189191"},{"taxonomy":"suno_strategy","embeddable":true,"href":"https:\/\/www.suno.com.br\/noticias\/wp-json\/wp\/v2\/suno_strategy?post=189191"}],"curies":[{"name":"wp","href":"https:\/\/api.w.org\/{rel}","templated":true}]}}