{"id":189166,"date":"2021-09-29T21:08:56","date_gmt":"2021-09-30T00:08:56","guid":{"rendered":"https:\/\/www.suno.com.br\/noticias\/?p=189166"},"modified":"2021-09-29T21:08:56","modified_gmt":"2021-09-30T00:08:56","slug":"radar-movida-movi3-oi-oibr3-petrobras-petr4","status":"publish","type":"post","link":"https:\/\/www.suno.com.br\/noticias\/radar-movida-movi3-oi-oibr3-petrobras-petr4\/","title":{"rendered":"Radar: Movida (MOVI3) ajusta JCP, Oi (OIBR3) ter\u00e1 de pagar multa em processo e Petrobras (PETR4) vender\u00e1 fatia do Campo de B\u00fazios"},"content":{"rendered":"<p>Ap\u00f3s ser condenada na 23\u00aa Vara C\u00edvel de Belo Horizonte, a <strong>Oi<\/strong> (OIBR3) ter\u00e1 de pagar multa de R$ 1 milh\u00e3o. O processo judicial acusa a tele de n\u00e3o ter sido transparente em oferta de produtos aos clientes.<\/p>\t<div class=\"wrapper-featured-image\">\n\t\t<figure class=\"spotlightImg\">\n\n\t\t\t<picture>\n\t\t\t\t<source media=\"(max-width: 768px)\" srcset=\"https:\/\/files.sunoresearch.com.br\/n\/uploads\/2021\/08\/bb1cedf7-loja-oi1-400x200.jpg\">\n\t\t\t\t<img loading=\"lazy\" decoding=\"async\" class=\"newsContent__article__imgCapa lazyloadDisabled \" src=\"https:\/\/files.sunoresearch.com.br\/n\/uploads\/2021\/08\/bb1cedf7-loja-oi1-800x450.jpg\" width=\"800\" height=\"450\" alt=\"Radar: Movida (MOVI3) ajusta JCP, Oi (OIBR3) ter\u00e1 de pagar multa em processo e Petrobras (PETR4) vender\u00e1 fatia do Campo de B\u00fazios\" fetchpriority=high \/>\n\t\t\t<\/picture>\n\n\t\t\t<figcaption class=\"wp-caption-text wp-caption-text--show\">Oi. Foto: Divulga\u00e7\u00e3o<\/figcaption>\n\t\t<\/figure>\n\t<\/div>\n\n\n\t<p>\n\t\t<a href=\"https:\/\/lp.suno.com.br\/planilha-controle-gastos\/\" target=\"_blank\" data-element=\"shortcode-suno-banner\" title=\"Banner SUNO, clique e saiba mais\">\n\t\t\t<picture>\n\t\t\t\t<source media=\"(max-width: 500px)\" srcset=\"https:\/\/files.sunoresearch.com.br\/n\/uploads\/2023\/03\/400x300-Planilha-controle-de-gastos.png\">\n\t\t\t\t<img class=\"newsContent__article__imgCapa newsContent__article__imgCapa--banner\"\n\t\t\t\t\tsrc=\"https:\/\/files.sunoresearch.com.br\/n\/uploads\/2023\/03\/1420x240-Planilha-controle-de-gastos.png\"\n\t\t\t\t\tdata-promo-id=\"101751\"\t\t\t\t\t\t\t\t\t\twidth='1420' height='240'\t\t\t\t\talt=\"https:\/\/files.sunoresearch.com.br\/n\/uploads\/2023\/03\/1420x240-Planilha-controle-de-gastos.png\"\n\t\t\t\t>\n\t\t\t<\/picture>\n\t\t<\/a>\n\t<\/p>\n\n\n<p>A a\u00e7\u00e3o alega que a Oi n\u00e3o deixou claras as op\u00e7\u00f5es mais baratas de seus planos de telefonia fixa, induzindo o consumidor a comprar os pacotes mais elevados.<\/p>\n<p>O plano de baixo custo da operadora valia entre R$ 13 a R$ 15, com varia\u00e7\u00f5es de acordo com o estado, e inclui em seu servi\u00e7o de franquia mensal um limite de at\u00e9 90 minutos de liga\u00e7\u00e3o para chamadas locais para telefones fixos. Ap\u00f3s investiga\u00e7\u00e3o, o Minist\u00e9rio P\u00fablico concluiu que em diversas lojas n\u00e3o havia qualquer divulga\u00e7\u00e3o desta op\u00e7\u00e3o, e os pr\u00f3prios funcion\u00e1rios n\u00e3o sabiam explicar o plano para os fiscais do Minist\u00e9rio.<\/p>\n\t<p>\n\t\t<a href=\"https:\/\/lp.suno.com.br\/planilha-da-vida-financeira\/\" target=\"_blank\" data-element=\"shortcode-suno-banner\" title=\"Banner SUNO, clique e saiba mais\">\n\t\t\t<picture>\n\t\t\t\t<source media=\"(max-width: 500px)\" srcset=\"https:\/\/files.sunoresearch.com.br\/n\/uploads\/2023\/04\/400x300-Planilha-vida-financeira-true.png\">\n\t\t\t\t<img class=\"newsContent__article__imgCapa newsContent__article__imgCapa--banner\"\n\t\t\t\t\tsrc=\"https:\/\/files.sunoresearch.com.br\/n\/uploads\/2023\/04\/1420x240-Planilha-vida-financeira-true.png\"\n\t\t\t\t\tdata-promo-id=\"106682\"\t\t\t\t\t\t\t\t\t\twidth='1420' height='240'\t\t\t\t\talt=\"https:\/\/files.sunoresearch.com.br\/n\/uploads\/2023\/04\/1420x240-Planilha-vida-financeira-true.png\"\n\t\t\t\t>\n\t\t\t<\/picture>\n\t\t<\/a>\n\t<\/p>\n\n\n<p>A omiss\u00e3o de informa\u00e7\u00f5es pode ser conden\u00e1vel judicialmente por dano moral coletivo porque prejudica o consumidor. A empresa agora ter\u00e1 que pagar uma multa de R$ 1 milh\u00e3o e, se n\u00e3o cumprir a determina\u00e7\u00e3o judicial, receber\u00e1 multas di\u00e1rias de R$ 3 mil. Al\u00e9m disso, ser\u00e1 obrigada a divulgar de forma clara todas as op\u00e7\u00f5es de servi\u00e7o dispon\u00edveis.<\/p>\n<p>Em sua defesa, a Oi afirmou que segue todas as normas da Anatel, n\u00e3o tendo provas que confirmem a necessidade de modificar as obriga\u00e7\u00f5es contratuais com seus clientes.<\/p>\n<p>Al\u00e9m da Oi, veja outras empresas que ficaram no radar nessa quarta-feira:<\/p>\n<h2>Magazine Luiza (MGLU3) quer captar R$ 2 bilh\u00f5es com deb\u00eantures<\/h2>\n<ul>\n<li>O <a class=\"suno-keyword\" href=\"https:\/\/www.suno.com.br\/artigos\/conselho-administracao\/\" target=\"_blank\" rel=\"noopener\" data-force=\"no\" data-priority=\"1\">conselho de administra\u00e7\u00e3o<\/a> do <a class=\"suno-keyword\" href=\"https:\/\/www.suno.com.br\/acoes\/MGLU3\/\" target=\"_blank\" rel=\"noopener\" data-force=\"yes\" data-priority=\"2\"><strong>Magazine Luiza<\/strong> (MGLU3)<\/a> aprovou a emiss\u00e3o de R$ 2 bilh\u00f5es em deb\u00eantures, de s\u00e9rie \u00fanica, com vencimento para outubro de 2026.<\/li>\n<li>A emiss\u00e3o de <strong>deb\u00eantures do Magazine Luiza<\/strong> ser\u00e1 restrita a investidores profissionais, conforme a Instru\u00e7\u00e3o 476 da Comiss\u00e3o de Valores Mobili\u00e1rios (CVM). Isso quer dizer que apenas um grupo restrito de 75 investidores, com mais de R$ 10 milh\u00f5es em investimentos no mercado financeiro, poder\u00e3o comprar os pap\u00e9is.<\/li>\n<li>A oferta do <strong>Magalu<\/strong> ser\u00e1 de 2 milh\u00f5es de deb\u00eantures, cada uma no valor de R$1 mil, n\u00e3o convers\u00edveis em <strong>a\u00e7\u00f5es MGLU3<\/strong>.<\/li>\n<li>\u201cAs deb\u00eantures ser\u00e3o emitidas sob a forma nominativa e escritural, sem emiss\u00e3o de cautelas ou certificados\u201d, diz ata do conselho.<\/li>\n<li>Os recursos obtidos com a <strong>emiss\u00e3o das deb\u00eantures<\/strong> pela varejista ser\u00e3o destinados \u00e0 otimiza\u00e7\u00e3o do <a class=\"suno-keyword\" href=\"https:\/\/www.suno.com.br\/artigos\/fluxo-de-caixa\/\" target=\"_blank\" rel=\"noopener\" data-force=\"no\" data-priority=\"2\">fluxo de caixa<\/a> e gest\u00e3o ordin\u00e1ria dos neg\u00f3cios.<\/li>\n<li>O Magazine Luiza informa que os pap\u00e9is ir\u00e3o remunerar semestralmente, a partir de 15 de abril de 2022. A varia\u00e7\u00e3o ser\u00e1 com base na taxa DI mais uma sobretaxa m\u00e1xima equivalente a 1,25% ao ano.<\/li>\n<li>O <a href=\"https:\/\/www.suno.com.br\/artigos\/debentures\/\" target=\"_blank\" rel=\"noopener\">vencimento das deb\u00eantures<\/a> est\u00e1 previsto para o dia 15 de outubro de 2026. J\u00e1 a amortiza\u00e7\u00e3o ocorrer\u00e1 em duas parcelas, uma em 15 de outubro de 2025 e outra no vencimento.<\/li>\n<\/ul>\n\t<p>\n\t\t<a href=\"https:\/\/lp.suno.com.br\/ebook-como-analisar-uma-acao\/\" target=\"_blank\" data-element=\"shortcode-suno-banner\" title=\"Banner SUNO, clique e saiba mais\">\n\t\t\t<picture>\n\t\t\t\t<source media=\"(max-width: 500px)\" srcset=\"https:\/\/files.sunoresearch.com.br\/n\/uploads\/2023\/03\/Ebook-Acoes-Mobile-1.jpg\">\n\t\t\t\t<img class=\"newsContent__article__imgCapa newsContent__article__imgCapa--banner\"\n\t\t\t\t\tsrc=\"https:\/\/files.sunoresearch.com.br\/n\/uploads\/2023\/03\/Ebook-Acoes-Desktop-1.jpg\"\n\t\t\t\t\tdata-promo-id=\"171998\"\t\t\t\t\t\t\t\t\t\twidth='1420' height='286'\t\t\t\t\talt=\"https:\/\/files.sunoresearch.com.br\/n\/uploads\/2023\/03\/Ebook-Acoes-Desktop-1.jpg\"\n\t\t\t\t>\n\t\t\t<\/picture>\n\t\t<\/a>\n\t<\/p>\n\n\n<h2>Movida (MOVI3) ajusta valor por a\u00e7\u00e3o de JCP; veja quanto mudou<\/h2>\n<ul>\n<li>A \u00a0<a href=\"https:\/\/www.suno.com.br\/acoes\/movi3\/\"><strong>Movida<\/strong> (MOVI3)<\/a> anunciou que o valor por a\u00e7\u00e3o dos juros sobre capital pr\u00f3prio (JCP), aprovados na \u00faltima sexta-feira (24), sofreu um ajuste e passou de R$ 0,076772906 para R$ 0,076774598.<\/li>\n<li>\u00a0Vale lembrar que os juros sobre capital pr\u00f3prio s\u00e3o sujeitos a do imposto de renda na fonte, com al\u00edquota de 15%.<\/li>\n<li>A mudan\u00e7a no valor por a\u00e7\u00e3o nos<strong> JCP da Movida<\/strong> j\u00e1 havia sido prevista na divulga\u00e7\u00e3o dos proventos, e aconteceu devido a &#8220;transfer\u00eancia de a\u00e7\u00f5es em tesouraria no \u00e2mbito do Programa de A\u00e7\u00f5es Restritas e Matching da Companhia&#8221;, conforme explica fato relevante enviado \u00e0 Comiss\u00e3o de Valores Mobili\u00e1rios (CVM) nessa quarta.<\/li>\n<li>Os investidores que ter\u00e3o direito a receber a remunera\u00e7\u00e3o s\u00e3o aqueles com <strong>a\u00e7\u00f5es da Movida<\/strong> ao final do preg\u00e3o de hoje. O pagamento est\u00e1 marcado para acontecer em 3 de novembro.<\/li>\n<li>Apesar do ajuste no valor por a\u00e7\u00e3o, o valor total dos <strong>JCP<\/strong> continuam em R$ 27.740.000,00. Esses proventos fazem parte dos <strong><a class=\"suno-keyword\" href=\"https:\/\/www.suno.com.br\/guias\/dividendos\/\" target=\"_blank\" rel=\"noopener\" data-force=\"no\" data-priority=\"1\">dividendos<\/a> obrigat\u00f3rios<\/strong> do exerc\u00edcio de 2021.<\/li>\n<\/ul>\n\t<p>\n\t\t<a href=\"https:\/\/lp.suno.com.br\/planilha-de-controle-de-investimentos\/\" target=\"_blank\" data-element=\"shortcode-suno-banner\" title=\"Banner SUNO, clique e saiba mais\">\n\t\t\t<picture>\n\t\t\t\t<source media=\"(max-width: 500px)\" srcset=\"https:\/\/files.sunoresearch.com.br\/n\/uploads\/2023\/03\/400x300-Controle-de-Investimentos.png\">\n\t\t\t\t<img class=\"newsContent__article__imgCapa newsContent__article__imgCapa--banner\"\n\t\t\t\t\tsrc=\"https:\/\/files.sunoresearch.com.br\/n\/uploads\/2023\/03\/1420x240-Controle-de-Investimentos.png\"\n\t\t\t\t\tdata-promo-id=\"75934\"\t\t\t\t\t\t\t\t\t\twidth='1420' height='240'\t\t\t\t\talt=\"https:\/\/files.sunoresearch.com.br\/n\/uploads\/2023\/03\/1420x240-Controle-de-Investimentos.png\"\n\t\t\t\t>\n\t\t\t<\/picture>\n\t\t<\/a>\n\t<\/p>\n\n\n<h2>Azul (AZUL4) encomenda 10 avi\u00f5es turbo\u00e9lice para expandir opera\u00e7\u00e3o da Azul Conecta<\/h2>\n<ul>\n<li>A <a class=\"suno-keyword\" href=\"https:\/\/www.suno.com.br\/acoes\/AZUL4\/\" target=\"_blank\" rel=\"noopener\" data-force=\"yes\" data-priority=\"2\"><strong>Azul<\/strong> (AZUL4)<\/a>, por meio da sua subsidi\u00e1ria de avia\u00e7\u00e3o sub-regional Azul Conecta, encomendou 10 avi\u00f5es turbo\u00e9lice Cessna Gran Caravan EX, da norte-americana Textron, &#8220;para conectar ainda mais o interior do Pa\u00eds&#8221;.<\/li>\n<li>Duas aeronaves chegar\u00e3o a Belo Horizonte no pr\u00f3ximo dia 6 de outubro e outras tr\u00eas at\u00e9 o primeiro quadrimestre de 2022, afirmou a empresa a\u00e9rea. Ao todo, s\u00e3o cinco pedidos firmes e cinco <a class=\"suno-keyword\" href=\"https:\/\/www.suno.com.br\/artigos\/opcao-de-compra\/\" target=\"_blank\" rel=\"noopener\" data-force=\"no\" data-priority=\"1\">op\u00e7\u00f5es de compra<\/a> para as aeronaves.<\/li>\n<li>Os<strong> Cessna Gran Caravan<\/strong> ser\u00e3o configurados para transportar at\u00e9 nove passageiros, al\u00e9m de dois tripulantes. A chegada destes avi\u00f5es. disse a companhia, contribui para o plano de renova\u00e7\u00e3o de frota da <strong>companhia a\u00e9rea<\/strong>, reduzindo a idade m\u00e9dia das aeronaves.<\/li>\n<li>\u201cA Azul tem como voca\u00e7\u00e3o de seu plano de neg\u00f3cios o desenvolvimento da avia\u00e7\u00e3o regional e sub-regional do Brasil e as nossas opera\u00e7\u00f5es com a Conecta desde o ano passado representam bem isso\u201d, afirmou o diretor presidente da <strong>Azul Conecta<\/strong>, Flavio Costa, em nota.<\/li>\n<\/ul>\n<h2>Petrobras (PETR4) vai vender fatia do Campo de B\u00fazios por R$ 2 bilh\u00f5es<\/h2>\n<ul>\n<li>A <a class=\"suno-keyword\" href=\"https:\/\/www.suno.com.br\/acoes\/PETR4\/\" target=\"_blank\" rel=\"noopener\" data-force=\"yes\" data-priority=\"2\"><strong>Petrobras<\/strong> (PETR4)<\/a> afirmou que ir\u00e1 vender uma fatia no Campo de B\u00fazios, localizado no pr\u00e9-sal da Bacia de Santos.<\/li>\n<li>No <a class=\"suno-keyword\" href=\"https:\/\/www.suno.com.br\/artigos\/fato-relevante\/\" target=\"_blank\" rel=\"noopener\" data-force=\"no\" data-priority=\"1\">fato relevante<\/a> arquivado na Comiss\u00e3o de Valores Mobili\u00e1rios (<strong>CVM<\/strong>), a Petrobras informa que a chinesa CNOOC manifestou o interesse no exerc\u00edcio da op\u00e7\u00e3o de compra de parcela adicional, de 5%, no Contrato de Partilha de Produ\u00e7\u00e3o do Excedente da <a class=\"suno-keyword\" href=\"https:\/\/www.suno.com.br\/artigos\/cessao-onerosa\/\" target=\"_blank\" rel=\"noopener\" data-force=\"no\" data-priority=\"1\">Cess\u00e3o Onerosa<\/a> para o <strong>campo de B\u00fazios<\/strong> pelo valor de R$ 2,08 bilh\u00f5es.<\/li>\n<li>Segundo a companhia o impacto na curva de produ\u00e7\u00e3o deve ocorrer somente quando a compra ocorrer efetivamente, sem previs\u00e3o de impacto para a <strong>estatal<\/strong> neste ano de 2021.<\/li>\n<li>&#8220;O valor estimado a ser recebido pela Petrobras \u00e0 vista no fechamento da opera\u00e7\u00e3o pela parcela da <strong>CNOOC<\/strong>, com base no c\u00e2mbio de R$ 5,42\/US$, ser\u00e1 de US$ 2,08 bilh\u00f5es, sendo US$ 1,45 bilh\u00e3o pela compensa\u00e7\u00e3o, sujeito aos ajustes previstos no contrato, que considera a mesma data efetiva do Acordo de Coparticipa\u00e7\u00e3o de B\u00fazios de 01\/09\/2021 e US$ 0,63 bilh\u00e3o pelo reembolso do b\u00f4nus de assinatura, referente a participa\u00e7\u00e3o adicional da CNOOC. Os valores ser\u00e3o atualizados at\u00e9 a data do fechamento da transa\u00e7\u00e3o&#8221;, consta no documento.<\/li>\n<li>A op\u00e7\u00e3o de compra j\u00e1 tinha previs\u00e3o em contrato assinado com parceiras no\u00a0leil\u00e3o do volume excedente ao Contrato de Cess\u00e3o de Cess\u00e3o Onerosa do campo de B\u00fazios, realizado em novembro de 2019.<\/li>\n<li>No leil\u00e3o em quest\u00e3o, a <strong>CNOOC<\/strong> havia comprado 5% de participa\u00e7\u00e3o, enquanto outra chinesa, a <strong>CNODC<\/strong>, tamb\u00e9m adquiriu 5%, ficando a Petrobras at\u00e9 aquela oportunidade com uma participa\u00e7\u00e3o de 90% no ativo.<\/li>\n<\/ul>\n<p>Da <b>Oi <\/b>\u00e0 Petrobras, essas foram as empresas que se destacaram hoje. Para ler todas as mat\u00e9rias <a href=\"https:\/\/www.suno.com.br\/noticias\/\">clique aqui<\/a>.<\/p>\n\t<p>\n\t\t<a href=\"\" target=\"_blank\" data-element=\"shortcode-suno-banner\" title=\"Banner SUNO, clique e saiba mais\">\n\t\t\t<picture>\n\t\t\t\t<source media=\"(max-width: 500px)\" srcset=\"\">\n\t\t\t\t<img class=\"newsContent__article__imgCapa newsContent__article__imgCapa--banner\"\n\t\t\t\t\tsrc=\"\"\n\t\t\t\t\tdata-promo-id=\"184190\"\t\t\t\t\t\t\t\t\t\t\t\t\t\t\talt=\"\"\n\t\t\t\t>\n\t\t\t<\/picture>\n\t\t<\/a>\n\t<\/p>\n\n\n","protected":false},"excerpt":{"rendered":"<p>Ap\u00f3s ser condenada na 23\u00aa Vara C\u00edvel de Belo Horizonte, a Oi (OIBR3) ter\u00e1 de pagar multa de R$ 1 milh\u00e3o. O processo judicial acusa a tele de n\u00e3o ter sido transparente em oferta de produtos aos clientes. Oi. Foto: Divulga\u00e7\u00e3o A a\u00e7\u00e3o alega que a Oi n\u00e3o deixou claras as op\u00e7\u00f5es mais baratas de [&hellip;]<\/p>\n","protected":false},"author":39,"featured_media":177304,"comment_status":"closed","ping_status":"closed","sticky":false,"template":"","format":"standard","meta":[],"categories":[64],"tags":[106932,548,567,584,595],"suno_strategy":[],"class_list":["post-189166","post","type-post","status-publish","format-standard","has-post-thumbnail","hentry","category-negocios","tag-azul-azul4","tag-magazine-luiza-mglu3","tag-movida-movi3","tag-oi-oibr3-oibr4","tag-petrobras-petr4"],"yoast_head":"<!-- This site is optimized with the Yoast SEO plugin v24.4 - https:\/\/yoast.com\/wordpress\/plugins\/seo\/ -->\n<title>Radar: Movida (MOVI3) ajusta JCP e Oi (OIBR3) ter\u00e1 de pagar multa<\/title>\n<meta name=\"description\" content=\"A Movida (MOVI3) ajustou o valor por a\u00e7\u00e3o dos seus JCP e a Oi (OIBR3) ter\u00e1 de pagar multa milion\u00e1ria em processo. Clique e siba mais!\" \/>\n<meta name=\"robots\" content=\"index, follow, max-snippet:-1, max-image-preview:large, max-video-preview:-1\" \/>\n<link rel=\"canonical\" href=\"https:\/\/www.suno.com.br\/noticias\/radar-movida-movi3-oi-oibr3-petrobras-petr4\/\" \/>\n<meta property=\"og:locale\" content=\"pt_BR\" \/>\n<meta property=\"og:type\" content=\"article\" \/>\n<meta property=\"og:title\" content=\"Radar: Movida (MOVI3) ajusta JCP e Oi (OIBR3) ter\u00e1 de pagar multa\" \/>\n<meta property=\"og:description\" content=\"A Movida (MOVI3) ajustou o valor por a\u00e7\u00e3o dos seus JCP e a Oi (OIBR3) ter\u00e1 de pagar multa milion\u00e1ria em processo. Clique e siba mais!\" \/>\n<meta property=\"og:url\" content=\"https:\/\/www.suno.com.br\/noticias\/radar-movida-movi3-oi-oibr3-petrobras-petr4\/\" \/>\n<meta property=\"og:site_name\" content=\"Suno Not\u00edcias\" \/>\n<meta property=\"article:publisher\" content=\"https:\/\/facebook.com\/sunoresearch\" \/>\n<meta property=\"og:image\" content=\"https:\/\/files.sunoresearch.com.br\/n\/uploads\/2021\/08\/bb1cedf7-loja-oi1.jpg\" \/>\n\t<meta property=\"og:image:width\" content=\"2000\" \/>\n\t<meta property=\"og:image:height\" content=\"1335\" \/>\n\t<meta property=\"og:image:type\" content=\"image\/jpeg\" \/>\n<meta name=\"author\" content=\"Laura Moutinho\" \/>\n<meta name=\"twitter:card\" content=\"summary_large_image\" \/>\n<meta name=\"twitter:creator\" content=\"@sunoresearch\" \/>\n<meta name=\"twitter:site\" content=\"@sunoresearch\" \/>\n<meta name=\"twitter:label1\" content=\"Escrito por\" \/>\n\t<meta name=\"twitter:data1\" content=\"Laura Moutinho\" \/>\n\t<meta name=\"twitter:label2\" content=\"Est. tempo de leitura\" \/>\n\t<meta name=\"twitter:data2\" content=\"5 minutos\" \/>\n<script type=\"application\/ld+json\" class=\"yoast-schema-graph\">{\"@context\":\"https:\/\/schema.org\",\"@graph\":[{\"@type\":\"NewsArticle\",\"@id\":\"https:\/\/www.suno.com.br\/noticias\/radar-movida-movi3-oi-oibr3-petrobras-petr4\/#article\",\"isPartOf\":{\"@id\":\"https:\/\/www.suno.com.br\/noticias\/radar-movida-movi3-oi-oibr3-petrobras-petr4\/\"},\"author\":{\"name\":\"Laura Moutinho\",\"@id\":\"https:\/\/www.suno.com.br\/noticias\/#\/schema\/person\/3df0d2808748b74496efe5dbeaef2c72\"},\"headline\":\"Radar: Movida (MOVI3) ajusta JCP, Oi (OIBR3) ter\u00e1 de pagar multa em processo e Petrobras (PETR4) vender\u00e1 fatia do Campo de B\u00fazios\",\"datePublished\":\"2021-09-30T00:08:56+00:00\",\"mainEntityOfPage\":{\"@id\":\"https:\/\/www.suno.com.br\/noticias\/radar-movida-movi3-oi-oibr3-petrobras-petr4\/\"},\"wordCount\":1219,\"publisher\":{\"@id\":\"https:\/\/www.suno.com.br\/noticias\/#organization\"},\"image\":{\"@id\":\"https:\/\/www.suno.com.br\/noticias\/radar-movida-movi3-oi-oibr3-petrobras-petr4\/#primaryimage\"},\"thumbnailUrl\":\"https:\/\/files.sunoresearch.com.br\/n\/uploads\/2021\/08\/bb1cedf7-loja-oi1.jpg\",\"keywords\":[\"Azul (AZUL4)\",\"Magazine Luiza (MGLU3)\",\"Movida (MOVI3)\",\"Oi (OIBR3\/OIBR4)\",\"Petrobras (PETR4)\"],\"articleSection\":[\"Neg\u00f3cios\"],\"inLanguage\":\"pt-BR\"},{\"@type\":\"WebPage\",\"@id\":\"https:\/\/www.suno.com.br\/noticias\/radar-movida-movi3-oi-oibr3-petrobras-petr4\/\",\"url\":\"https:\/\/www.suno.com.br\/noticias\/radar-movida-movi3-oi-oibr3-petrobras-petr4\/\",\"name\":\"Radar: Movida (MOVI3) ajusta JCP e Oi (OIBR3) ter\u00e1 de pagar multa\",\"isPartOf\":{\"@id\":\"https:\/\/www.suno.com.br\/noticias\/#website\"},\"primaryImageOfPage\":{\"@id\":\"https:\/\/www.suno.com.br\/noticias\/radar-movida-movi3-oi-oibr3-petrobras-petr4\/#primaryimage\"},\"image\":{\"@id\":\"https:\/\/www.suno.com.br\/noticias\/radar-movida-movi3-oi-oibr3-petrobras-petr4\/#primaryimage\"},\"thumbnailUrl\":\"https:\/\/files.sunoresearch.com.br\/n\/uploads\/2021\/08\/bb1cedf7-loja-oi1.jpg\",\"datePublished\":\"2021-09-30T00:08:56+00:00\",\"description\":\"A Movida (MOVI3) ajustou o valor por a\u00e7\u00e3o dos seus JCP e a Oi (OIBR3) ter\u00e1 de pagar multa milion\u00e1ria em processo. Clique e siba mais!\",\"breadcrumb\":{\"@id\":\"https:\/\/www.suno.com.br\/noticias\/radar-movida-movi3-oi-oibr3-petrobras-petr4\/#breadcrumb\"},\"inLanguage\":\"pt-BR\",\"potentialAction\":[{\"@type\":\"ReadAction\",\"target\":[\"https:\/\/www.suno.com.br\/noticias\/radar-movida-movi3-oi-oibr3-petrobras-petr4\/\"]}]},{\"@type\":\"ImageObject\",\"inLanguage\":\"pt-BR\",\"@id\":\"https:\/\/www.suno.com.br\/noticias\/radar-movida-movi3-oi-oibr3-petrobras-petr4\/#primaryimage\",\"url\":\"https:\/\/files.sunoresearch.com.br\/n\/uploads\/2021\/08\/bb1cedf7-loja-oi1.jpg\",\"contentUrl\":\"https:\/\/files.sunoresearch.com.br\/n\/uploads\/2021\/08\/bb1cedf7-loja-oi1.jpg\",\"width\":2000,\"height\":1335,\"caption\":\"Oi. Foto: Divulga\u00e7\u00e3o\"},{\"@type\":\"BreadcrumbList\",\"@id\":\"https:\/\/www.suno.com.br\/noticias\/radar-movida-movi3-oi-oibr3-petrobras-petr4\/#breadcrumb\",\"itemListElement\":[{\"@type\":\"ListItem\",\"position\":1,\"name\":\"Not\u00edcias\",\"item\":\"https:\/\/www.suno.com.br\/noticias\/\"},{\"@type\":\"ListItem\",\"position\":2,\"name\":\"Neg\u00f3cios\",\"item\":\"https:\/\/www.suno.com.br\/noticias\/negocios\/\"},{\"@type\":\"ListItem\",\"position\":3,\"name\":\"Radar: Movida (MOVI3) ajusta JCP, Oi (OIBR3) ter\u00e1 de pagar multa em processo e Petrobras (PETR4) vender\u00e1 fatia do Campo de B\u00fazios\"}]},{\"@type\":\"WebSite\",\"@id\":\"https:\/\/www.suno.com.br\/noticias\/#website\",\"url\":\"https:\/\/www.suno.com.br\/noticias\/\",\"name\":\"Suno Not\u00edcias\",\"description\":\"Seu portal de informa\u00e7\u00e3o sobre o mundo dos investimentos\",\"publisher\":{\"@id\":\"https:\/\/www.suno.com.br\/noticias\/#organization\"},\"potentialAction\":[{\"@type\":\"SearchAction\",\"target\":{\"@type\":\"EntryPoint\",\"urlTemplate\":\"https:\/\/www.suno.com.br\/noticias\/?s={search_term_string}\"},\"query-input\":{\"@type\":\"PropertyValueSpecification\",\"valueRequired\":true,\"valueName\":\"search_term_string\"}}],\"inLanguage\":\"pt-BR\"},{\"@type\":\"Organization\",\"@id\":\"https:\/\/www.suno.com.br\/noticias\/#organization\",\"name\":\"Suno Not\u00edcias\",\"url\":\"https:\/\/www.suno.com.br\/noticias\/\",\"logo\":{\"@type\":\"ImageObject\",\"inLanguage\":\"pt-BR\",\"@id\":\"https:\/\/www.suno.com.br\/noticias\/#\/schema\/logo\/image\/\",\"url\":\"https:\/\/files.sunoresearch.com.br\/n\/uploads\/2021\/09\/suno-logo.png\",\"contentUrl\":\"https:\/\/files.sunoresearch.com.br\/n\/uploads\/2021\/09\/suno-logo.png\",\"width\":180,\"height\":180,\"caption\":\"Suno Not\u00edcias\"},\"image\":{\"@id\":\"https:\/\/www.suno.com.br\/noticias\/#\/schema\/logo\/image\/\"},\"sameAs\":[\"https:\/\/facebook.com\/sunoresearch\",\"https:\/\/x.com\/sunoresearch\",\"https:\/\/www.instagram.com\/suno\",\"https:\/\/www.linkedin.com\/company\/suno-research\/\",\"https:\/\/www.youtube.com\/c\/sunoresearch\"]},{\"@type\":\"Person\",\"@id\":\"https:\/\/www.suno.com.br\/noticias\/#\/schema\/person\/3df0d2808748b74496efe5dbeaef2c72\",\"name\":\"Laura Moutinho\",\"image\":{\"@type\":\"ImageObject\",\"inLanguage\":\"pt-BR\",\"@id\":\"https:\/\/www.suno.com.br\/noticias\/#\/schema\/person\/image\/\",\"url\":\"https:\/\/secure.gravatar.com\/avatar\/7571c7c8ca3a6fca5e41384ece5557ff?s=96&r=g\",\"contentUrl\":\"https:\/\/secure.gravatar.com\/avatar\/7571c7c8ca3a6fca5e41384ece5557ff?s=96&r=g\",\"caption\":\"Laura Moutinho\"},\"description\":\"Estagi\u00e1ria na Suno Not\u00edcias, escreve not\u00edcias que afetam o mercado financeiro. Estuda administra\u00e7\u00e3o na Universidade Presbiteriana Mackenzie.\",\"url\":\"https:\/\/www.suno.com.br\/noticias\/author\/laura-moutinho\/\"}]}<\/script>\n<!-- \/ Yoast SEO plugin. -->","yoast_head_json":{"title":"Radar: Movida (MOVI3) ajusta JCP e Oi (OIBR3) ter\u00e1 de pagar multa","description":"A Movida (MOVI3) ajustou o valor por a\u00e7\u00e3o dos seus JCP e a Oi (OIBR3) ter\u00e1 de pagar multa milion\u00e1ria em processo. Clique e siba mais!","robots":{"index":"index","follow":"follow","max-snippet":"max-snippet:-1","max-image-preview":"max-image-preview:large","max-video-preview":"max-video-preview:-1"},"canonical":"https:\/\/www.suno.com.br\/noticias\/radar-movida-movi3-oi-oibr3-petrobras-petr4\/","og_locale":"pt_BR","og_type":"article","og_title":"Radar: Movida (MOVI3) ajusta JCP e Oi (OIBR3) ter\u00e1 de pagar multa","og_description":"A Movida (MOVI3) ajustou o valor por a\u00e7\u00e3o dos seus JCP e a Oi (OIBR3) ter\u00e1 de pagar multa milion\u00e1ria em processo. Clique e siba mais!","og_url":"https:\/\/www.suno.com.br\/noticias\/radar-movida-movi3-oi-oibr3-petrobras-petr4\/","og_site_name":"Suno Not\u00edcias","article_publisher":"https:\/\/facebook.com\/sunoresearch","og_image":[{"width":2000,"height":1335,"url":"https:\/\/files.sunoresearch.com.br\/n\/uploads\/2021\/08\/bb1cedf7-loja-oi1.jpg","type":"image\/jpeg"}],"author":"Laura Moutinho","twitter_card":"summary_large_image","twitter_creator":"@sunoresearch","twitter_site":"@sunoresearch","twitter_misc":{"Escrito por":"Laura Moutinho","Est. tempo de leitura":"5 minutos"},"schema":{"@context":"https:\/\/schema.org","@graph":[{"@type":"NewsArticle","@id":"https:\/\/www.suno.com.br\/noticias\/radar-movida-movi3-oi-oibr3-petrobras-petr4\/#article","isPartOf":{"@id":"https:\/\/www.suno.com.br\/noticias\/radar-movida-movi3-oi-oibr3-petrobras-petr4\/"},"author":{"name":"Laura Moutinho","@id":"https:\/\/www.suno.com.br\/noticias\/#\/schema\/person\/3df0d2808748b74496efe5dbeaef2c72"},"headline":"Radar: Movida (MOVI3) ajusta JCP, Oi (OIBR3) ter\u00e1 de pagar multa em processo e Petrobras (PETR4) vender\u00e1 fatia do Campo de B\u00fazios","datePublished":"2021-09-30T00:08:56+00:00","mainEntityOfPage":{"@id":"https:\/\/www.suno.com.br\/noticias\/radar-movida-movi3-oi-oibr3-petrobras-petr4\/"},"wordCount":1219,"publisher":{"@id":"https:\/\/www.suno.com.br\/noticias\/#organization"},"image":{"@id":"https:\/\/www.suno.com.br\/noticias\/radar-movida-movi3-oi-oibr3-petrobras-petr4\/#primaryimage"},"thumbnailUrl":"https:\/\/files.sunoresearch.com.br\/n\/uploads\/2021\/08\/bb1cedf7-loja-oi1.jpg","keywords":["Azul (AZUL4)","Magazine Luiza (MGLU3)","Movida (MOVI3)","Oi (OIBR3\/OIBR4)","Petrobras (PETR4)"],"articleSection":["Neg\u00f3cios"],"inLanguage":"pt-BR"},{"@type":"WebPage","@id":"https:\/\/www.suno.com.br\/noticias\/radar-movida-movi3-oi-oibr3-petrobras-petr4\/","url":"https:\/\/www.suno.com.br\/noticias\/radar-movida-movi3-oi-oibr3-petrobras-petr4\/","name":"Radar: Movida (MOVI3) ajusta JCP e Oi (OIBR3) ter\u00e1 de pagar multa","isPartOf":{"@id":"https:\/\/www.suno.com.br\/noticias\/#website"},"primaryImageOfPage":{"@id":"https:\/\/www.suno.com.br\/noticias\/radar-movida-movi3-oi-oibr3-petrobras-petr4\/#primaryimage"},"image":{"@id":"https:\/\/www.suno.com.br\/noticias\/radar-movida-movi3-oi-oibr3-petrobras-petr4\/#primaryimage"},"thumbnailUrl":"https:\/\/files.sunoresearch.com.br\/n\/uploads\/2021\/08\/bb1cedf7-loja-oi1.jpg","datePublished":"2021-09-30T00:08:56+00:00","description":"A Movida (MOVI3) ajustou o valor por a\u00e7\u00e3o dos seus JCP e a Oi (OIBR3) ter\u00e1 de pagar multa milion\u00e1ria em processo. Clique e siba mais!","breadcrumb":{"@id":"https:\/\/www.suno.com.br\/noticias\/radar-movida-movi3-oi-oibr3-petrobras-petr4\/#breadcrumb"},"inLanguage":"pt-BR","potentialAction":[{"@type":"ReadAction","target":["https:\/\/www.suno.com.br\/noticias\/radar-movida-movi3-oi-oibr3-petrobras-petr4\/"]}]},{"@type":"ImageObject","inLanguage":"pt-BR","@id":"https:\/\/www.suno.com.br\/noticias\/radar-movida-movi3-oi-oibr3-petrobras-petr4\/#primaryimage","url":"https:\/\/files.sunoresearch.com.br\/n\/uploads\/2021\/08\/bb1cedf7-loja-oi1.jpg","contentUrl":"https:\/\/files.sunoresearch.com.br\/n\/uploads\/2021\/08\/bb1cedf7-loja-oi1.jpg","width":2000,"height":1335,"caption":"Oi. Foto: Divulga\u00e7\u00e3o"},{"@type":"BreadcrumbList","@id":"https:\/\/www.suno.com.br\/noticias\/radar-movida-movi3-oi-oibr3-petrobras-petr4\/#breadcrumb","itemListElement":[{"@type":"ListItem","position":1,"name":"Not\u00edcias","item":"https:\/\/www.suno.com.br\/noticias\/"},{"@type":"ListItem","position":2,"name":"Neg\u00f3cios","item":"https:\/\/www.suno.com.br\/noticias\/negocios\/"},{"@type":"ListItem","position":3,"name":"Radar: Movida (MOVI3) ajusta JCP, Oi (OIBR3) ter\u00e1 de pagar multa em processo e Petrobras (PETR4) vender\u00e1 fatia do Campo de B\u00fazios"}]},{"@type":"WebSite","@id":"https:\/\/www.suno.com.br\/noticias\/#website","url":"https:\/\/www.suno.com.br\/noticias\/","name":"Suno Not\u00edcias","description":"Seu portal de informa\u00e7\u00e3o sobre o mundo dos investimentos","publisher":{"@id":"https:\/\/www.suno.com.br\/noticias\/#organization"},"potentialAction":[{"@type":"SearchAction","target":{"@type":"EntryPoint","urlTemplate":"https:\/\/www.suno.com.br\/noticias\/?s={search_term_string}"},"query-input":{"@type":"PropertyValueSpecification","valueRequired":true,"valueName":"search_term_string"}}],"inLanguage":"pt-BR"},{"@type":"Organization","@id":"https:\/\/www.suno.com.br\/noticias\/#organization","name":"Suno Not\u00edcias","url":"https:\/\/www.suno.com.br\/noticias\/","logo":{"@type":"ImageObject","inLanguage":"pt-BR","@id":"https:\/\/www.suno.com.br\/noticias\/#\/schema\/logo\/image\/","url":"https:\/\/files.sunoresearch.com.br\/n\/uploads\/2021\/09\/suno-logo.png","contentUrl":"https:\/\/files.sunoresearch.com.br\/n\/uploads\/2021\/09\/suno-logo.png","width":180,"height":180,"caption":"Suno Not\u00edcias"},"image":{"@id":"https:\/\/www.suno.com.br\/noticias\/#\/schema\/logo\/image\/"},"sameAs":["https:\/\/facebook.com\/sunoresearch","https:\/\/x.com\/sunoresearch","https:\/\/www.instagram.com\/suno","https:\/\/www.linkedin.com\/company\/suno-research\/","https:\/\/www.youtube.com\/c\/sunoresearch"]},{"@type":"Person","@id":"https:\/\/www.suno.com.br\/noticias\/#\/schema\/person\/3df0d2808748b74496efe5dbeaef2c72","name":"Laura Moutinho","image":{"@type":"ImageObject","inLanguage":"pt-BR","@id":"https:\/\/www.suno.com.br\/noticias\/#\/schema\/person\/image\/","url":"https:\/\/secure.gravatar.com\/avatar\/7571c7c8ca3a6fca5e41384ece5557ff?s=96&r=g","contentUrl":"https:\/\/secure.gravatar.com\/avatar\/7571c7c8ca3a6fca5e41384ece5557ff?s=96&r=g","caption":"Laura Moutinho"},"description":"Estagi\u00e1ria na Suno Not\u00edcias, escreve not\u00edcias que afetam o mercado financeiro. Estuda administra\u00e7\u00e3o na Universidade Presbiteriana Mackenzie.","url":"https:\/\/www.suno.com.br\/noticias\/author\/laura-moutinho\/"}]}},"default_loop_html":"<div class=\"cardsPage__listCard__boxs\"><div class=\"cardsPage__listCard__boxs__img\"><a href=\"https:\/\/www.suno.com.br\/noticias\/radar-movida-movi3-oi-oibr3-petrobras-petr4\/\"><img class=\"mask\" src=\"https:\/\/www.suno.com.br\/noticias\/wp-content\/themes\/suno\/resources\/images\/spotlight\/spotlight1img\/bg-mask.png\" alt=\"Image Mask\"\/><img src=\"https:\/\/files.sunoresearch.com.br\/n\/uploads\/2021\/08\/bb1cedf7-loja-oi1-400x200.jpg\" alt=\"Radar: Movida (MOVI3) ajusta JCP, Oi (OIBR3) ter\u00e1 de pagar multa em processo e Petrobras (PETR4) vender\u00e1 fatia do Campo de B\u00fazios\"\/><\/a><span class=\"spotlightCategory\"><a href=\"https:\/\/www.suno.com.br\/noticias\/negocios\/\">Neg\u00f3cios<\/a><\/span><\/div><div class=\"cardsPage__listCard__boxs__content\"><a href=\"https:\/\/www.suno.com.br\/noticias\/radar-movida-movi3-oi-oibr3-petrobras-petr4\/\"><h2 class=\"content__title\">Radar: Movida (MOVI3) ajusta JCP, Oi (OIBR3) ter\u00e1 de pagar multa em processo e Petrobras (PETR4) vender\u00e1 fatia do Campo de B\u00fazios<\/h2><\/a><div class=\"newsContent__article__meta\"><div class=\"newsContent__article__meta__authorBox\"><a href=\"https:\/\/www.suno.com.br\/noticias\/author\/laura-moutinho\/\" class=\"authorBox__avatar noMobi\"><img src=\"https:\/\/files.sunoresearch.com.br\/n\/uploads\/2020\/08\/531ff69d-whatsapp-image-2020-08-03-at-14.54.38-150x150.webp\" alt=\"Laura Moutinho\"><\/a><div class=\"authorBox__name\"><span>por\n\t\t\t<a href=\"https:\/\/www.suno.com.br\/noticias\/author\/laura-moutinho\/\"><span itemprop=\"author\">Laura Moutinho<\/span><\/a><\/span><time datetime=\"2021-09-29T21:08:56-03:00\" itemprop=\"datePublished\">29\/09\/2021 21:08<\/time><\/div><\/div><\/div><\/div><\/div>","single_layout":"posts","amp_enabled":true,"_links":{"self":[{"href":"https:\/\/www.suno.com.br\/noticias\/wp-json\/wp\/v2\/posts\/189166"}],"collection":[{"href":"https:\/\/www.suno.com.br\/noticias\/wp-json\/wp\/v2\/posts"}],"about":[{"href":"https:\/\/www.suno.com.br\/noticias\/wp-json\/wp\/v2\/types\/post"}],"author":[{"embeddable":true,"href":"https:\/\/www.suno.com.br\/noticias\/wp-json\/wp\/v2\/users\/39"}],"replies":[{"embeddable":true,"href":"https:\/\/www.suno.com.br\/noticias\/wp-json\/wp\/v2\/comments?post=189166"}],"version-history":[{"count":2,"href":"https:\/\/www.suno.com.br\/noticias\/wp-json\/wp\/v2\/posts\/189166\/revisions"}],"predecessor-version":[{"id":189173,"href":"https:\/\/www.suno.com.br\/noticias\/wp-json\/wp\/v2\/posts\/189166\/revisions\/189173"}],"wp:featuredmedia":[{"embeddable":true,"href":"https:\/\/www.suno.com.br\/noticias\/wp-json\/wp\/v2\/media\/177304"}],"wp:attachment":[{"href":"https:\/\/www.suno.com.br\/noticias\/wp-json\/wp\/v2\/media?parent=189166"}],"wp:term":[{"taxonomy":"category","embeddable":true,"href":"https:\/\/www.suno.com.br\/noticias\/wp-json\/wp\/v2\/categories?post=189166"},{"taxonomy":"post_tag","embeddable":true,"href":"https:\/\/www.suno.com.br\/noticias\/wp-json\/wp\/v2\/tags?post=189166"},{"taxonomy":"suno_strategy","embeddable":true,"href":"https:\/\/www.suno.com.br\/noticias\/wp-json\/wp\/v2\/suno_strategy?post=189166"}],"curies":[{"name":"wp","href":"https:\/\/api.w.org\/{rel}","templated":true}]}}