{"id":18914,"date":"2019-03-25T11:04:16","date_gmt":"2019-03-25T14:04:16","guid":{"rendered":"https:\/\/www.suno.com.br\/noticias\/?p=18914"},"modified":"2019-03-25T11:04:16","modified_gmt":"2019-03-25T14:04:16","slug":"pib-decada-menor-120-anos","status":"publish","type":"post","link":"https:\/\/www.suno.com.br\/noticias\/pib-decada-menor-120-anos\/","title":{"rendered":"PIB desta d\u00e9cada deve registrar a menor marca dos \u00faltimos 120 anos"},"content":{"rendered":"<p>A taxa m\u00e9dia de crescimento do <a href=\"https:\/\/www.suno.com.br\/artigos\/pib-produto-interno-bruto\/\">Produto Interno Bruto (PIB)<\/a> do Brasil nesta d\u00e9cada (que ser\u00e1 encerrado no final de 2020) deve ser a pior dos \u00faltimos 120 anos.<\/p>\t<div class=\"wrapper-featured-image\">\n\t\t<figure class=\"spotlightImg\">\n\n\t\t\t<picture>\n\t\t\t\t<source media=\"(max-width: 768px)\" srcset=\"https:\/\/files.sunoresearch.com.br\/n\/uploads\/2019\/03\/8fe068fd-pib-400x200.webp\">\n\t\t\t\t<img loading=\"lazy\" decoding=\"async\" class=\"newsContent__article__imgCapa lazyloadDisabled newsContent__article__imgCapa--noCaption\" src=\"https:\/\/files.sunoresearch.com.br\/n\/uploads\/2019\/03\/8fe068fd-pib-jpg.webp\" width=\"800\" height=\"450\" alt=\"PIB desta d\u00e9cada deve registrar a menor marca dos \u00faltimos 120 anos\" fetchpriority=high \/>\n\t\t\t<\/picture>\n\n\t\t\t<figcaption class=\"wp-caption-text wp-caption-text--hide\">PIB desta d\u00e9cada deve registrar a menor marca dos \u00faltimos 120 anos<\/figcaption>\n\t\t<\/figure>\n\t<\/div>\n\n\n<p>De acordo com estudo do<strong> Instituto Brasileiro de Economia (Ibre)<\/strong>, da <strong>Funda\u00e7\u00e3o Get\u00falio Vargas (FGV)<\/strong>, de 2011 a 2020, o crescimento m\u00e9dio do <strong>PIB<\/strong> do Brasil deve ser de apenas 0,9% ao ano.<\/p>\n<p>Caso a previs\u00e3o seja confirmada, a economia nacional vai registrar um desempenho mais fraco at\u00e9 que nos 1980, conhecida como &#8220;d\u00e9cada perdida&#8221; onde o PIB registrou uma avan\u00e7o m\u00e9dio de apenas 1,6% ao ano.<\/p>\n<p><a href=\"https:\/\/www.suno.com.br\/noticias\/boletim-focus-reduz-crescimento-pib\/\">Saiba mais:\u00a0Boletim Focus reduz crescimento do PIB para 2% em 2019<\/a><\/p>\n<p><a href=\"https:\/\/www.suno.com.br\/noticias\/monitor-pib-fgv-crescimento-economico-janeiro\/\">Saiba mais:\u00a0Monitor do PIB da FGV mostra crescimento econ\u00f4mico de 0,3% em janeiro<\/a><\/p>\n<h2>Boletim Focus e a nova previs\u00e3o para o PIB<\/h2>\n<p>A previs\u00e3o de crescimento do<strong> Produto Interno Bruto (PIB)<\/strong> nacional para 2019 foi reduzida mais uma vez pelo <strong>Boletim Focus<\/strong>.\u00a0O Boletim \u00e9 elaborado semanalmente pelo <strong>Banco Central<\/strong> na base das previs\u00f5es dos analistas de\u00a0mais de 100 institui\u00e7\u00f5es financeiras.<\/p>\n<p>Na \u00faltima semana, os analistas haviam estimado um crescimento de 2,01% para este ano. No entanto, o Boletim, divulgado nesta segunda-feira (25) aponta um crescimento de apenas 2%.<\/p>\n<p>Dessa forma, o Boletim Focus recua pela quarta semana seguida as proje\u00e7\u00f5es para o PIB.<\/p>\n<p>Al\u00e9m disso, os analistas tamb\u00e9m cortaram as previs\u00f5es de crescimento para 2020. A nova proje\u00e7\u00e3o de expans\u00e3o \u00e9 de 2,78%, percentual inferior aos 2,80% estimados no \u00faltimo Boletim.<\/p>\n<p>O corte, j\u00e1 esperado pelo mercado, segue a tend\u00eancia iniciada ap\u00f3s a divulga\u00e7\u00e3o dos dados de 2018. De acordo com o <strong>Instituto Brasileiro de Geografia e Estat\u00edstica (IBGE)<\/strong>, no in\u00edcio de mar\u00e7o, o crescimento do <strong>PIB<\/strong> em 2018 foi de 1,1%.<\/p>\n<p>No entanto, o resultado obtido repetiu o desempenho fracasso da economia nacional em 2017. Pelo fato da expans\u00e3o ter sido pequena, as expectativas para 2019 foram reduzidas.<\/p>\n<p><a href=\"https:\/\/www.suno.com.br\/noticias\/boletim-focus-preve-desaceleracao-pib-2019\/\">Saiba mais: Boletim Focus prev\u00ea desacelera\u00e7\u00e3o do PIB em 2019\u00a0<\/a><\/p>\n<p style=\"text-align: left;\">As proje\u00e7\u00f5es para 2021 e 2022 continuaram inalteradas, com o <strong>PIB<\/strong> crescendo de 2,5%.<\/p>\n","protected":false},"excerpt":{"rendered":"<p>A taxa m\u00e9dia de crescimento do Produto Interno Bruto (PIB) do Brasil nesta d\u00e9cada (que ser\u00e1 encerrado no final de 2020) deve ser a pior dos \u00faltimos 120 anos. PIB desta d\u00e9cada deve registrar a menor marca dos \u00faltimos 120 anos De acordo com estudo do Instituto Brasileiro de Economia (Ibre), da Funda\u00e7\u00e3o Get\u00falio Vargas [&hellip;]<\/p>\n","protected":false},"author":11,"featured_media":18915,"comment_status":"closed","ping_status":"closed","sticky":false,"template":"","format":"standard","meta":[],"categories":[62],"tags":[807],"suno_strategy":[],"class_list":["post-18914","post","type-post","status-publish","format-standard","has-post-thumbnail","hentry","category-economia","tag-produto-interno-bruto-pib"],"yoast_head":"<!-- This site is optimized with the Yoast SEO plugin v24.4 - https:\/\/yoast.com\/wordpress\/plugins\/seo\/ -->\n<title>PIB desta d\u00e9cada deve registrar a menor marca dos \u00faltimos 120 anos<\/title>\n<meta name=\"description\" content=\"PIB do Brasil teve previs\u00e3o de alta reduzida novamente pelo Boletim Focus; Crescimento da d\u00e9cada deve ser de 0,9% ao ano. Clique e saiba mais.\" \/>\n<meta name=\"robots\" content=\"index, follow, max-snippet:-1, max-image-preview:large, max-video-preview:-1\" \/>\n<link rel=\"canonical\" href=\"https:\/\/www.suno.com.br\/noticias\/pib-decada-menor-120-anos\/\" \/>\n<meta property=\"og:locale\" content=\"pt_BR\" \/>\n<meta property=\"og:type\" content=\"article\" \/>\n<meta property=\"og:title\" content=\"PIB desta d\u00e9cada deve registrar a menor marca dos \u00faltimos 120 anos\" \/>\n<meta property=\"og:description\" content=\"PIB do Brasil teve previs\u00e3o de alta reduzida novamente pelo Boletim Focus; Crescimento da d\u00e9cada deve ser de 0,9% ao ano. Clique e saiba mais.\" \/>\n<meta property=\"og:url\" content=\"https:\/\/www.suno.com.br\/noticias\/pib-decada-menor-120-anos\/\" \/>\n<meta property=\"og:site_name\" content=\"Suno Not\u00edcias\" \/>\n<meta property=\"article:publisher\" content=\"https:\/\/facebook.com\/sunoresearch\" \/>\n<meta property=\"og:image\" content=\"https:\/\/files.sunoresearch.com.br\/n\/uploads\/2019\/03\/8fe068fd-pib.jpg\" \/>\n\t<meta property=\"og:image:width\" content=\"754\" \/>\n\t<meta property=\"og:image:height\" content=\"502\" \/>\n\t<meta property=\"og:image:type\" content=\"image\/jpeg\" \/>\n<meta name=\"author\" content=\"Renan Bandeira\" \/>\n<meta name=\"twitter:card\" content=\"summary_large_image\" \/>\n<meta name=\"twitter:creator\" content=\"@sunoresearch\" \/>\n<meta name=\"twitter:site\" content=\"@sunoresearch\" \/>\n<meta name=\"twitter:label1\" content=\"Escrito por\" \/>\n\t<meta name=\"twitter:data1\" content=\"Renan Bandeira\" \/>\n\t<meta name=\"twitter:label2\" content=\"Est. tempo de leitura\" \/>\n\t<meta name=\"twitter:data2\" content=\"2 minutos\" \/>\n<script type=\"application\/ld+json\" class=\"yoast-schema-graph\">{\"@context\":\"https:\/\/schema.org\",\"@graph\":[{\"@type\":\"NewsArticle\",\"@id\":\"https:\/\/www.suno.com.br\/noticias\/pib-decada-menor-120-anos\/#article\",\"isPartOf\":{\"@id\":\"https:\/\/www.suno.com.br\/noticias\/pib-decada-menor-120-anos\/\"},\"author\":{\"name\":\"Renan Bandeira\",\"@id\":\"https:\/\/www.suno.com.br\/noticias\/#\/schema\/person\/fc144a1c6108bd1dcd43784e88a3c138\"},\"headline\":\"PIB desta d\u00e9cada deve registrar a menor marca dos \u00faltimos 120 anos\",\"datePublished\":\"2019-03-25T14:04:16+00:00\",\"mainEntityOfPage\":{\"@id\":\"https:\/\/www.suno.com.br\/noticias\/pib-decada-menor-120-anos\/\"},\"wordCount\":346,\"publisher\":{\"@id\":\"https:\/\/www.suno.com.br\/noticias\/#organization\"},\"image\":{\"@id\":\"https:\/\/www.suno.com.br\/noticias\/pib-decada-menor-120-anos\/#primaryimage\"},\"thumbnailUrl\":\"https:\/\/files.sunoresearch.com.br\/n\/uploads\/2019\/03\/8fe068fd-pib-jpg.webp\",\"keywords\":[\"Produto Interno Bruto (PIB)\"],\"articleSection\":[\"Economia\"],\"inLanguage\":\"pt-BR\"},{\"@type\":\"WebPage\",\"@id\":\"https:\/\/www.suno.com.br\/noticias\/pib-decada-menor-120-anos\/\",\"url\":\"https:\/\/www.suno.com.br\/noticias\/pib-decada-menor-120-anos\/\",\"name\":\"PIB desta d\u00e9cada deve registrar a menor marca dos \u00faltimos 120 anos\",\"isPartOf\":{\"@id\":\"https:\/\/www.suno.com.br\/noticias\/#website\"},\"primaryImageOfPage\":{\"@id\":\"https:\/\/www.suno.com.br\/noticias\/pib-decada-menor-120-anos\/#primaryimage\"},\"image\":{\"@id\":\"https:\/\/www.suno.com.br\/noticias\/pib-decada-menor-120-anos\/#primaryimage\"},\"thumbnailUrl\":\"https:\/\/files.sunoresearch.com.br\/n\/uploads\/2019\/03\/8fe068fd-pib-jpg.webp\",\"datePublished\":\"2019-03-25T14:04:16+00:00\",\"description\":\"PIB do Brasil teve previs\u00e3o de alta reduzida novamente pelo Boletim Focus; Crescimento da d\u00e9cada deve ser de 0,9% ao ano. Clique e saiba mais.\",\"breadcrumb\":{\"@id\":\"https:\/\/www.suno.com.br\/noticias\/pib-decada-menor-120-anos\/#breadcrumb\"},\"inLanguage\":\"pt-BR\",\"potentialAction\":[{\"@type\":\"ReadAction\",\"target\":[\"https:\/\/www.suno.com.br\/noticias\/pib-decada-menor-120-anos\/\"]}]},{\"@type\":\"ImageObject\",\"inLanguage\":\"pt-BR\",\"@id\":\"https:\/\/www.suno.com.br\/noticias\/pib-decada-menor-120-anos\/#primaryimage\",\"url\":\"https:\/\/files.sunoresearch.com.br\/n\/uploads\/2019\/03\/8fe068fd-pib-jpg.webp\",\"contentUrl\":\"https:\/\/files.sunoresearch.com.br\/n\/uploads\/2019\/03\/8fe068fd-pib-jpg.webp\",\"width\":754,\"height\":502,\"caption\":\"PIB desta d\u00e9cada deve registrar a menor marca dos \u00faltimos 120 anos\"},{\"@type\":\"BreadcrumbList\",\"@id\":\"https:\/\/www.suno.com.br\/noticias\/pib-decada-menor-120-anos\/#breadcrumb\",\"itemListElement\":[{\"@type\":\"ListItem\",\"position\":1,\"name\":\"Not\u00edcias\",\"item\":\"https:\/\/www.suno.com.br\/noticias\/\"},{\"@type\":\"ListItem\",\"position\":2,\"name\":\"Economia\",\"item\":\"https:\/\/www.suno.com.br\/noticias\/economia\/\"},{\"@type\":\"ListItem\",\"position\":3,\"name\":\"PIB desta d\u00e9cada deve registrar a menor marca dos \u00faltimos 120 anos\"}]},{\"@type\":\"WebSite\",\"@id\":\"https:\/\/www.suno.com.br\/noticias\/#website\",\"url\":\"https:\/\/www.suno.com.br\/noticias\/\",\"name\":\"Suno Not\u00edcias\",\"description\":\"Seu portal de informa\u00e7\u00e3o sobre o mundo dos investimentos\",\"publisher\":{\"@id\":\"https:\/\/www.suno.com.br\/noticias\/#organization\"},\"potentialAction\":[{\"@type\":\"SearchAction\",\"target\":{\"@type\":\"EntryPoint\",\"urlTemplate\":\"https:\/\/www.suno.com.br\/noticias\/?s={search_term_string}\"},\"query-input\":{\"@type\":\"PropertyValueSpecification\",\"valueRequired\":true,\"valueName\":\"search_term_string\"}}],\"inLanguage\":\"pt-BR\"},{\"@type\":\"Organization\",\"@id\":\"https:\/\/www.suno.com.br\/noticias\/#organization\",\"name\":\"Suno Not\u00edcias\",\"url\":\"https:\/\/www.suno.com.br\/noticias\/\",\"logo\":{\"@type\":\"ImageObject\",\"inLanguage\":\"pt-BR\",\"@id\":\"https:\/\/www.suno.com.br\/noticias\/#\/schema\/logo\/image\/\",\"url\":\"https:\/\/files.sunoresearch.com.br\/n\/uploads\/2021\/09\/suno-logo.png\",\"contentUrl\":\"https:\/\/files.sunoresearch.com.br\/n\/uploads\/2021\/09\/suno-logo.png\",\"width\":180,\"height\":180,\"caption\":\"Suno Not\u00edcias\"},\"image\":{\"@id\":\"https:\/\/www.suno.com.br\/noticias\/#\/schema\/logo\/image\/\"},\"sameAs\":[\"https:\/\/facebook.com\/sunoresearch\",\"https:\/\/x.com\/sunoresearch\",\"https:\/\/www.instagram.com\/suno\",\"https:\/\/www.linkedin.com\/company\/suno-research\/\",\"https:\/\/www.youtube.com\/c\/sunoresearch\"]},{\"@type\":\"Person\",\"@id\":\"https:\/\/www.suno.com.br\/noticias\/#\/schema\/person\/fc144a1c6108bd1dcd43784e88a3c138\",\"name\":\"Renan Bandeira\",\"image\":{\"@type\":\"ImageObject\",\"inLanguage\":\"pt-BR\",\"@id\":\"https:\/\/www.suno.com.br\/noticias\/#\/schema\/person\/image\/\",\"url\":\"https:\/\/secure.gravatar.com\/avatar\/68359cdb608f14f11bbefcb78f3fc747?s=96&r=g\",\"contentUrl\":\"https:\/\/secure.gravatar.com\/avatar\/68359cdb608f14f11bbefcb78f3fc747?s=96&r=g\",\"caption\":\"Renan Bandeira\"},\"description\":\"Renan Bandeira escreve sobre pol\u00edtica e economia para o portal da Suno Research. Antes da Suno, trabalhou em uma rede de televis\u00e3o, onde fazia reportagens sobre os mesmos temas. Estuda na Universidade Metodista de S\u00e3o Paulo.\",\"url\":\"https:\/\/www.suno.com.br\/noticias\/author\/renan-bandeira\/\"}]}<\/script>\n<!-- \/ Yoast SEO plugin. -->","yoast_head_json":{"title":"PIB desta d\u00e9cada deve registrar a menor marca dos \u00faltimos 120 anos","description":"PIB do Brasil teve previs\u00e3o de alta reduzida novamente pelo Boletim Focus; Crescimento da d\u00e9cada deve ser de 0,9% ao ano. Clique e saiba mais.","robots":{"index":"index","follow":"follow","max-snippet":"max-snippet:-1","max-image-preview":"max-image-preview:large","max-video-preview":"max-video-preview:-1"},"canonical":"https:\/\/www.suno.com.br\/noticias\/pib-decada-menor-120-anos\/","og_locale":"pt_BR","og_type":"article","og_title":"PIB desta d\u00e9cada deve registrar a menor marca dos \u00faltimos 120 anos","og_description":"PIB do Brasil teve previs\u00e3o de alta reduzida novamente pelo Boletim Focus; Crescimento da d\u00e9cada deve ser de 0,9% ao ano. Clique e saiba mais.","og_url":"https:\/\/www.suno.com.br\/noticias\/pib-decada-menor-120-anos\/","og_site_name":"Suno Not\u00edcias","article_publisher":"https:\/\/facebook.com\/sunoresearch","og_image":[{"width":754,"height":502,"url":"https:\/\/files.sunoresearch.com.br\/n\/uploads\/2019\/03\/8fe068fd-pib.jpg","type":"image\/jpeg"}],"author":"Renan Bandeira","twitter_card":"summary_large_image","twitter_creator":"@sunoresearch","twitter_site":"@sunoresearch","twitter_misc":{"Escrito por":"Renan Bandeira","Est. tempo de leitura":"2 minutos"},"schema":{"@context":"https:\/\/schema.org","@graph":[{"@type":"NewsArticle","@id":"https:\/\/www.suno.com.br\/noticias\/pib-decada-menor-120-anos\/#article","isPartOf":{"@id":"https:\/\/www.suno.com.br\/noticias\/pib-decada-menor-120-anos\/"},"author":{"name":"Renan Bandeira","@id":"https:\/\/www.suno.com.br\/noticias\/#\/schema\/person\/fc144a1c6108bd1dcd43784e88a3c138"},"headline":"PIB desta d\u00e9cada deve registrar a menor marca dos \u00faltimos 120 anos","datePublished":"2019-03-25T14:04:16+00:00","mainEntityOfPage":{"@id":"https:\/\/www.suno.com.br\/noticias\/pib-decada-menor-120-anos\/"},"wordCount":346,"publisher":{"@id":"https:\/\/www.suno.com.br\/noticias\/#organization"},"image":{"@id":"https:\/\/www.suno.com.br\/noticias\/pib-decada-menor-120-anos\/#primaryimage"},"thumbnailUrl":"https:\/\/files.sunoresearch.com.br\/n\/uploads\/2019\/03\/8fe068fd-pib-jpg.webp","keywords":["Produto Interno Bruto (PIB)"],"articleSection":["Economia"],"inLanguage":"pt-BR"},{"@type":"WebPage","@id":"https:\/\/www.suno.com.br\/noticias\/pib-decada-menor-120-anos\/","url":"https:\/\/www.suno.com.br\/noticias\/pib-decada-menor-120-anos\/","name":"PIB desta d\u00e9cada deve registrar a menor marca dos \u00faltimos 120 anos","isPartOf":{"@id":"https:\/\/www.suno.com.br\/noticias\/#website"},"primaryImageOfPage":{"@id":"https:\/\/www.suno.com.br\/noticias\/pib-decada-menor-120-anos\/#primaryimage"},"image":{"@id":"https:\/\/www.suno.com.br\/noticias\/pib-decada-menor-120-anos\/#primaryimage"},"thumbnailUrl":"https:\/\/files.sunoresearch.com.br\/n\/uploads\/2019\/03\/8fe068fd-pib-jpg.webp","datePublished":"2019-03-25T14:04:16+00:00","description":"PIB do Brasil teve previs\u00e3o de alta reduzida novamente pelo Boletim Focus; Crescimento da d\u00e9cada deve ser de 0,9% ao ano. Clique e saiba mais.","breadcrumb":{"@id":"https:\/\/www.suno.com.br\/noticias\/pib-decada-menor-120-anos\/#breadcrumb"},"inLanguage":"pt-BR","potentialAction":[{"@type":"ReadAction","target":["https:\/\/www.suno.com.br\/noticias\/pib-decada-menor-120-anos\/"]}]},{"@type":"ImageObject","inLanguage":"pt-BR","@id":"https:\/\/www.suno.com.br\/noticias\/pib-decada-menor-120-anos\/#primaryimage","url":"https:\/\/files.sunoresearch.com.br\/n\/uploads\/2019\/03\/8fe068fd-pib-jpg.webp","contentUrl":"https:\/\/files.sunoresearch.com.br\/n\/uploads\/2019\/03\/8fe068fd-pib-jpg.webp","width":754,"height":502,"caption":"PIB desta d\u00e9cada deve registrar a menor marca dos \u00faltimos 120 anos"},{"@type":"BreadcrumbList","@id":"https:\/\/www.suno.com.br\/noticias\/pib-decada-menor-120-anos\/#breadcrumb","itemListElement":[{"@type":"ListItem","position":1,"name":"Not\u00edcias","item":"https:\/\/www.suno.com.br\/noticias\/"},{"@type":"ListItem","position":2,"name":"Economia","item":"https:\/\/www.suno.com.br\/noticias\/economia\/"},{"@type":"ListItem","position":3,"name":"PIB desta d\u00e9cada deve registrar a menor marca dos \u00faltimos 120 anos"}]},{"@type":"WebSite","@id":"https:\/\/www.suno.com.br\/noticias\/#website","url":"https:\/\/www.suno.com.br\/noticias\/","name":"Suno Not\u00edcias","description":"Seu portal de informa\u00e7\u00e3o sobre o mundo dos investimentos","publisher":{"@id":"https:\/\/www.suno.com.br\/noticias\/#organization"},"potentialAction":[{"@type":"SearchAction","target":{"@type":"EntryPoint","urlTemplate":"https:\/\/www.suno.com.br\/noticias\/?s={search_term_string}"},"query-input":{"@type":"PropertyValueSpecification","valueRequired":true,"valueName":"search_term_string"}}],"inLanguage":"pt-BR"},{"@type":"Organization","@id":"https:\/\/www.suno.com.br\/noticias\/#organization","name":"Suno Not\u00edcias","url":"https:\/\/www.suno.com.br\/noticias\/","logo":{"@type":"ImageObject","inLanguage":"pt-BR","@id":"https:\/\/www.suno.com.br\/noticias\/#\/schema\/logo\/image\/","url":"https:\/\/files.sunoresearch.com.br\/n\/uploads\/2021\/09\/suno-logo.png","contentUrl":"https:\/\/files.sunoresearch.com.br\/n\/uploads\/2021\/09\/suno-logo.png","width":180,"height":180,"caption":"Suno Not\u00edcias"},"image":{"@id":"https:\/\/www.suno.com.br\/noticias\/#\/schema\/logo\/image\/"},"sameAs":["https:\/\/facebook.com\/sunoresearch","https:\/\/x.com\/sunoresearch","https:\/\/www.instagram.com\/suno","https:\/\/www.linkedin.com\/company\/suno-research\/","https:\/\/www.youtube.com\/c\/sunoresearch"]},{"@type":"Person","@id":"https:\/\/www.suno.com.br\/noticias\/#\/schema\/person\/fc144a1c6108bd1dcd43784e88a3c138","name":"Renan Bandeira","image":{"@type":"ImageObject","inLanguage":"pt-BR","@id":"https:\/\/www.suno.com.br\/noticias\/#\/schema\/person\/image\/","url":"https:\/\/secure.gravatar.com\/avatar\/68359cdb608f14f11bbefcb78f3fc747?s=96&r=g","contentUrl":"https:\/\/secure.gravatar.com\/avatar\/68359cdb608f14f11bbefcb78f3fc747?s=96&r=g","caption":"Renan Bandeira"},"description":"Renan Bandeira escreve sobre pol\u00edtica e economia para o portal da Suno Research. Antes da Suno, trabalhou em uma rede de televis\u00e3o, onde fazia reportagens sobre os mesmos temas. Estuda na Universidade Metodista de S\u00e3o Paulo.","url":"https:\/\/www.suno.com.br\/noticias\/author\/renan-bandeira\/"}]}},"default_loop_html":"<div class=\"cardsPage__listCard__boxs\"><div class=\"cardsPage__listCard__boxs__img\"><a href=\"https:\/\/www.suno.com.br\/noticias\/pib-decada-menor-120-anos\/\"><img class=\"mask\" src=\"https:\/\/www.suno.com.br\/noticias\/wp-content\/themes\/suno\/resources\/images\/spotlight\/spotlight1img\/bg-mask.png\" alt=\"Image Mask\"\/><img src=\"https:\/\/files.sunoresearch.com.br\/n\/uploads\/2019\/03\/8fe068fd-pib-400x200.webp\" alt=\"PIB desta d\u00e9cada deve registrar a menor marca dos \u00faltimos 120 anos\"\/><\/a><span class=\"spotlightCategory\"><a href=\"https:\/\/www.suno.com.br\/noticias\/economia\/\">Economia<\/a><\/span><\/div><div class=\"cardsPage__listCard__boxs__content\"><a href=\"https:\/\/www.suno.com.br\/noticias\/pib-decada-menor-120-anos\/\"><h2 class=\"content__title\">PIB desta d\u00e9cada deve registrar a menor marca dos \u00faltimos 120 anos<\/h2><\/a><div class=\"newsContent__article__meta\"><div class=\"newsContent__article__meta__authorBox\"><a href=\"https:\/\/www.suno.com.br\/noticias\/author\/renan-bandeira\/\" class=\"authorBox__avatar noMobi\"><img src=\"https:\/\/secure.gravatar.com\/avatar\/68359cdb608f14f11bbefcb78f3fc747?s=96&#038;r=g\" alt=\"Renan Bandeira\"><\/a><div class=\"authorBox__name\"><span>por\n\t\t\t<a href=\"https:\/\/www.suno.com.br\/noticias\/author\/renan-bandeira\/\"><span itemprop=\"author\">Renan Bandeira<\/span><\/a><\/span><time datetime=\"2019-03-25T11:04:16-03:00\" itemprop=\"datePublished\">25\/03\/2019 11:04<\/time><\/div><\/div><\/div><\/div><\/div>","single_layout":"posts","amp_enabled":true,"_links":{"self":[{"href":"https:\/\/www.suno.com.br\/noticias\/wp-json\/wp\/v2\/posts\/18914"}],"collection":[{"href":"https:\/\/www.suno.com.br\/noticias\/wp-json\/wp\/v2\/posts"}],"about":[{"href":"https:\/\/www.suno.com.br\/noticias\/wp-json\/wp\/v2\/types\/post"}],"author":[{"embeddable":true,"href":"https:\/\/www.suno.com.br\/noticias\/wp-json\/wp\/v2\/users\/11"}],"replies":[{"embeddable":true,"href":"https:\/\/www.suno.com.br\/noticias\/wp-json\/wp\/v2\/comments?post=18914"}],"version-history":[{"count":0,"href":"https:\/\/www.suno.com.br\/noticias\/wp-json\/wp\/v2\/posts\/18914\/revisions"}],"wp:featuredmedia":[{"embeddable":true,"href":"https:\/\/www.suno.com.br\/noticias\/wp-json\/wp\/v2\/media\/18915"}],"wp:attachment":[{"href":"https:\/\/www.suno.com.br\/noticias\/wp-json\/wp\/v2\/media?parent=18914"}],"wp:term":[{"taxonomy":"category","embeddable":true,"href":"https:\/\/www.suno.com.br\/noticias\/wp-json\/wp\/v2\/categories?post=18914"},{"taxonomy":"post_tag","embeddable":true,"href":"https:\/\/www.suno.com.br\/noticias\/wp-json\/wp\/v2\/tags?post=18914"},{"taxonomy":"suno_strategy","embeddable":true,"href":"https:\/\/www.suno.com.br\/noticias\/wp-json\/wp\/v2\/suno_strategy?post=18914"}],"curies":[{"name":"wp","href":"https:\/\/api.w.org\/{rel}","templated":true}]}}