{"id":18893,"date":"2019-03-24T16:45:14","date_gmt":"2019-03-24T19:45:14","guid":{"rendered":"https:\/\/www.suno.com.br\/noticias\/?p=18893"},"modified":"2019-03-24T16:45:14","modified_gmt":"2019-03-24T19:45:14","slug":"reforma-da-previdencia-maia-dialogo","status":"publish","type":"post","link":"https:\/\/www.suno.com.br\/noticias\/reforma-da-previdencia-maia-dialogo\/","title":{"rendered":"Reforma da Previd\u00eancia: Maia pede di\u00e1logo para aprovar proposta"},"content":{"rendered":"<p>O presidente da C\u00e2mara dos Deputados, Rodrigo Maia, pediu que o di\u00e1logo entre o Executivo e o Legislativo continue acontecendo para que seja aprovada a reforma da Previd\u00eancia.<\/p>\t<div class=\"wrapper-featured-image\">\n\t\t<figure class=\"spotlightImg\">\n\n\t\t\t<picture>\n\t\t\t\t<source media=\"(max-width: 768px)\" srcset=\"https:\/\/files.sunoresearch.com.br\/n\/uploads\/2019\/03\/3ecb6dde-reforma-da-previd\u00eancia-400x200.webp\">\n\t\t\t\t<img loading=\"lazy\" decoding=\"async\" class=\"newsContent__article__imgCapa lazyloadDisabled newsContent__article__imgCapa--noCaption\" src=\"https:\/\/files.sunoresearch.com.br\/n\/uploads\/2019\/03\/3ecb6dde-reforma-da-previd\u00eancia-800x450.webp\" width=\"800\" height=\"450\" alt=\"Reforma da Previd\u00eancia: Maia pede di\u00e1logo para aprovar proposta\" fetchpriority=high \/>\n\t\t\t<\/picture>\n\n\t\t\t<figcaption class=\"wp-caption-text wp-caption-text--hide\">Maia<\/figcaption>\n\t\t<\/figure>\n\t<\/div>\n\n\n<p>\u201cN\u00f3s precisamos manter o di\u00e1logo para mostrar para a sociedade que essa <strong>reforma [da Previd\u00eancia]<\/strong> vem numa linha objetiva de reestruturar o sistema previdenci\u00e1rio de, principalmente, cobrar mais dos que ganham mais, uma al\u00edquota maior, e menos dos que ganham menos, uma al\u00edquota menor\u201d, disse <strong>Rodrigo Maia<\/strong>.<\/p>\n<p><a href=\"https:\/\/www.suno.com.br\/noticias\/prisao-temer-afeta-reforma-previdencia\/\">Saiba mais:\u00a0Entenda como a pris\u00e3o de Temer pode afetar a reforma da Previd\u00eancia<\/a><\/p>\n<p>De acordo com o presidente da C\u00e2mara, ele seguir\u00e1 convencendo os demais parlamentares sobre a import\u00e2ncia da aprova\u00e7\u00e3o do texto.<\/p>\n<p>\u201cEu continuo defendendo, mostrando aos parlamentares a import\u00e2ncia da mat\u00e9ria. E n\u00f3s temos que olhar para frente, a aprova\u00e7\u00e3o da Previd\u00eancia \u00e9 decisiva para o futuro do Brasil\u201d, afirmou Maia.<\/p>\n<h2>Maia fala de empenho para aprova\u00e7\u00e3o<\/h2>\n<p>O <strong>presidente da C\u00e2mara,<\/strong> Rodrigo Maia, reafirmou no \u00faltimo s\u00e1bado (23) que vai trabalhar pela aprova\u00e7\u00e3o da<strong> reforma da Previd\u00eancia social<\/strong>. Conforme explicou o deputado, a partir da pr\u00f3xima segunda-feira (25) ele ir\u00e1 se empenhar par dar andamento a proposta.<\/p>\n<p><a href=\"https:\/\/www.suno.com.br\/noticias\/maia-empenhar-favor-reforma-previdencia\/\">Saiba mais:\u00a0Maia: vou me empenhar em favor da reforma da Previd\u00eancia<\/a><\/p>\n<p>De acordo com o <strong>presidente da C\u00e2mara<\/strong>, as articula\u00e7\u00f5es pol\u00edticas ser\u00e3o levadas adiante para que a reforma seja aprovada. Ele ainda disse que as conversas ser\u00e3o realizadas com os integrantes do governo federal sobre a quest\u00e3o.<\/p>\n<h2>Bolsonaro se re\u00fane com l\u00edder de governo para falar da reforma<\/h2>\n<p>Neste domingo (24), o presidente Jair Bolsonaro recebeu o deputado Major Vitor Hugo, l\u00edder do governo na C\u00e2mara, no Pal\u00e1cio da Alvorada, em Bras\u00edlia.<\/p>\n<p>De acordo com o deputado, a reuni\u00e3o com <strong>Bolsonaro<\/strong> serviu para tratar da <strong>articula\u00e7\u00e3o pol\u00edtica<\/strong> para que a <strong>reforma da Previd\u00eancia<\/strong> seja aprovada.<\/p>\n<p><a href=\"https:\/\/www.suno.com.br\/noticias\/previdencia-bolsonaro-lider-governo-reunem\/\">Saiba mais:\u00a0Previd\u00eancia: Bolsonaro e l\u00edder de governo na C\u00e2mara se re\u00fanem<\/a><\/p>\n<p>&#8220;Tratamos sobre a articula\u00e7\u00e3o pol\u00edtica. Sobre a pr\u00f3xima semana agora, como retomar os trabalhos para a aprova\u00e7\u00e3o da nova Previd\u00eancia, a quest\u00e3o dos votos na CCJ&#8221;, disse o deputado.<\/p>\n<p>O encontro com o l\u00edder do governo aconteceu logo ap\u00f3s a chegada de <strong>Jair Bolsonaro<\/strong> \u00e0 Bras\u00edlia. O presidente estava no Chile, onde se reuniu com lideran\u00e7as sul-americanas para tratar do <strong>Prosul<\/strong>.<\/p>\n<p>No s\u00e1bado (23), o presidente havia afirmado que a responsabilidade pela<strong> reforma da Previd\u00eancia<\/strong> est\u00e1, neste momento, com o <strong>Parlamento brasileiro.<\/strong><\/p>\n","protected":false},"excerpt":{"rendered":"<p>O presidente da C\u00e2mara dos Deputados, Rodrigo Maia, pediu que o di\u00e1logo entre o Executivo e o Legislativo continue acontecendo para que seja aprovada a reforma da Previd\u00eancia. Maia \u201cN\u00f3s precisamos manter o di\u00e1logo para mostrar para a sociedade que essa reforma [da Previd\u00eancia] vem numa linha objetiva de reestruturar o sistema previdenci\u00e1rio de, principalmente, [&hellip;]<\/p>\n","protected":false},"author":11,"featured_media":18894,"comment_status":"closed","ping_status":"closed","sticky":false,"template":"","format":"standard","meta":[],"categories":[61],"tags":[940,892],"suno_strategy":[],"class_list":["post-18893","post","type-post","status-publish","format-standard","has-post-thumbnail","hentry","category-politica","tag-reforma-da-previdencia","tag-rodrigo-maia"],"yoast_head":"<!-- This site is optimized with the Yoast SEO plugin v24.4 - https:\/\/yoast.com\/wordpress\/plugins\/seo\/ -->\n<title>Reforma da Previd\u00eancia: Maia pede di\u00e1logo para aprovar proposta<\/title>\n<meta name=\"description\" content=\"Reforma da Previd\u00eancia \u00e9 de responsabilidade do Parlamento brasileiro, disse o presidente Jair Bolsonaro. Clique para saber mais.\" \/>\n<meta name=\"robots\" content=\"index, follow, max-snippet:-1, max-image-preview:large, max-video-preview:-1\" \/>\n<link rel=\"canonical\" href=\"https:\/\/www.suno.com.br\/noticias\/reforma-da-previdencia-maia-dialogo\/\" \/>\n<meta property=\"og:locale\" content=\"pt_BR\" \/>\n<meta property=\"og:type\" content=\"article\" \/>\n<meta property=\"og:title\" content=\"Reforma da Previd\u00eancia: Maia pede di\u00e1logo para aprovar proposta\" \/>\n<meta property=\"og:description\" content=\"Reforma da Previd\u00eancia \u00e9 de responsabilidade do Parlamento brasileiro, disse o presidente Jair Bolsonaro. Clique para saber mais.\" \/>\n<meta property=\"og:url\" content=\"https:\/\/www.suno.com.br\/noticias\/reforma-da-previdencia-maia-dialogo\/\" \/>\n<meta property=\"og:site_name\" content=\"Suno Not\u00edcias\" \/>\n<meta property=\"article:publisher\" content=\"https:\/\/facebook.com\/sunoresearch\" \/>\n<meta property=\"og:image\" content=\"https:\/\/files.sunoresearch.com.br\/n\/uploads\/2019\/03\/3ecb6dde-reforma-da-previd\u00eancia.jpg\" \/>\n\t<meta property=\"og:image:width\" content=\"1140\" \/>\n\t<meta property=\"og:image:height\" content=\"760\" \/>\n\t<meta property=\"og:image:type\" content=\"image\/jpeg\" \/>\n<meta name=\"author\" content=\"Renan Bandeira\" \/>\n<meta name=\"twitter:card\" content=\"summary_large_image\" \/>\n<meta name=\"twitter:creator\" content=\"@sunoresearch\" \/>\n<meta name=\"twitter:site\" content=\"@sunoresearch\" \/>\n<meta name=\"twitter:label1\" content=\"Escrito por\" \/>\n\t<meta name=\"twitter:data1\" content=\"Renan Bandeira\" \/>\n\t<meta name=\"twitter:label2\" content=\"Est. tempo de leitura\" \/>\n\t<meta name=\"twitter:data2\" content=\"2 minutos\" \/>\n<script type=\"application\/ld+json\" class=\"yoast-schema-graph\">{\"@context\":\"https:\/\/schema.org\",\"@graph\":[{\"@type\":\"NewsArticle\",\"@id\":\"https:\/\/www.suno.com.br\/noticias\/reforma-da-previdencia-maia-dialogo\/#article\",\"isPartOf\":{\"@id\":\"https:\/\/www.suno.com.br\/noticias\/reforma-da-previdencia-maia-dialogo\/\"},\"author\":{\"name\":\"Renan Bandeira\",\"@id\":\"https:\/\/www.suno.com.br\/noticias\/#\/schema\/person\/fc144a1c6108bd1dcd43784e88a3c138\"},\"headline\":\"Reforma da Previd\u00eancia: Maia pede di\u00e1logo para aprovar proposta\",\"datePublished\":\"2019-03-24T19:45:14+00:00\",\"mainEntityOfPage\":{\"@id\":\"https:\/\/www.suno.com.br\/noticias\/reforma-da-previdencia-maia-dialogo\/\"},\"wordCount\":448,\"publisher\":{\"@id\":\"https:\/\/www.suno.com.br\/noticias\/#organization\"},\"image\":{\"@id\":\"https:\/\/www.suno.com.br\/noticias\/reforma-da-previdencia-maia-dialogo\/#primaryimage\"},\"thumbnailUrl\":\"https:\/\/files.sunoresearch.com.br\/n\/uploads\/2019\/03\/3ecb6dde-reforma-da-previd\u00eancia-jpg.webp\",\"keywords\":[\"Reforma da Previd\u00eancia\",\"Rodrigo Maia\"],\"articleSection\":[\"Pol\u00edtica\"],\"inLanguage\":\"pt-BR\"},{\"@type\":\"WebPage\",\"@id\":\"https:\/\/www.suno.com.br\/noticias\/reforma-da-previdencia-maia-dialogo\/\",\"url\":\"https:\/\/www.suno.com.br\/noticias\/reforma-da-previdencia-maia-dialogo\/\",\"name\":\"Reforma da Previd\u00eancia: Maia pede di\u00e1logo para aprovar proposta\",\"isPartOf\":{\"@id\":\"https:\/\/www.suno.com.br\/noticias\/#website\"},\"primaryImageOfPage\":{\"@id\":\"https:\/\/www.suno.com.br\/noticias\/reforma-da-previdencia-maia-dialogo\/#primaryimage\"},\"image\":{\"@id\":\"https:\/\/www.suno.com.br\/noticias\/reforma-da-previdencia-maia-dialogo\/#primaryimage\"},\"thumbnailUrl\":\"https:\/\/files.sunoresearch.com.br\/n\/uploads\/2019\/03\/3ecb6dde-reforma-da-previd\u00eancia-jpg.webp\",\"datePublished\":\"2019-03-24T19:45:14+00:00\",\"description\":\"Reforma da Previd\u00eancia \u00e9 de responsabilidade do Parlamento brasileiro, disse o presidente Jair Bolsonaro. Clique para saber mais.\",\"breadcrumb\":{\"@id\":\"https:\/\/www.suno.com.br\/noticias\/reforma-da-previdencia-maia-dialogo\/#breadcrumb\"},\"inLanguage\":\"pt-BR\",\"potentialAction\":[{\"@type\":\"ReadAction\",\"target\":[\"https:\/\/www.suno.com.br\/noticias\/reforma-da-previdencia-maia-dialogo\/\"]}]},{\"@type\":\"ImageObject\",\"inLanguage\":\"pt-BR\",\"@id\":\"https:\/\/www.suno.com.br\/noticias\/reforma-da-previdencia-maia-dialogo\/#primaryimage\",\"url\":\"https:\/\/files.sunoresearch.com.br\/n\/uploads\/2019\/03\/3ecb6dde-reforma-da-previd\u00eancia-jpg.webp\",\"contentUrl\":\"https:\/\/files.sunoresearch.com.br\/n\/uploads\/2019\/03\/3ecb6dde-reforma-da-previd\u00eancia-jpg.webp\",\"width\":1140,\"height\":760,\"caption\":\"Maia\"},{\"@type\":\"BreadcrumbList\",\"@id\":\"https:\/\/www.suno.com.br\/noticias\/reforma-da-previdencia-maia-dialogo\/#breadcrumb\",\"itemListElement\":[{\"@type\":\"ListItem\",\"position\":1,\"name\":\"Not\u00edcias\",\"item\":\"https:\/\/www.suno.com.br\/noticias\/\"},{\"@type\":\"ListItem\",\"position\":2,\"name\":\"Pol\u00edtica\",\"item\":\"https:\/\/www.suno.com.br\/noticias\/politica\/\"},{\"@type\":\"ListItem\",\"position\":3,\"name\":\"Reforma da Previd\u00eancia: Maia pede di\u00e1logo para aprovar proposta\"}]},{\"@type\":\"WebSite\",\"@id\":\"https:\/\/www.suno.com.br\/noticias\/#website\",\"url\":\"https:\/\/www.suno.com.br\/noticias\/\",\"name\":\"Suno Not\u00edcias\",\"description\":\"Seu portal de informa\u00e7\u00e3o sobre o mundo dos investimentos\",\"publisher\":{\"@id\":\"https:\/\/www.suno.com.br\/noticias\/#organization\"},\"potentialAction\":[{\"@type\":\"SearchAction\",\"target\":{\"@type\":\"EntryPoint\",\"urlTemplate\":\"https:\/\/www.suno.com.br\/noticias\/?s={search_term_string}\"},\"query-input\":{\"@type\":\"PropertyValueSpecification\",\"valueRequired\":true,\"valueName\":\"search_term_string\"}}],\"inLanguage\":\"pt-BR\"},{\"@type\":\"Organization\",\"@id\":\"https:\/\/www.suno.com.br\/noticias\/#organization\",\"name\":\"Suno Not\u00edcias\",\"url\":\"https:\/\/www.suno.com.br\/noticias\/\",\"logo\":{\"@type\":\"ImageObject\",\"inLanguage\":\"pt-BR\",\"@id\":\"https:\/\/www.suno.com.br\/noticias\/#\/schema\/logo\/image\/\",\"url\":\"https:\/\/files.sunoresearch.com.br\/n\/uploads\/2021\/09\/suno-logo.png\",\"contentUrl\":\"https:\/\/files.sunoresearch.com.br\/n\/uploads\/2021\/09\/suno-logo.png\",\"width\":180,\"height\":180,\"caption\":\"Suno Not\u00edcias\"},\"image\":{\"@id\":\"https:\/\/www.suno.com.br\/noticias\/#\/schema\/logo\/image\/\"},\"sameAs\":[\"https:\/\/facebook.com\/sunoresearch\",\"https:\/\/x.com\/sunoresearch\",\"https:\/\/www.instagram.com\/suno\",\"https:\/\/www.linkedin.com\/company\/suno-research\/\",\"https:\/\/www.youtube.com\/c\/sunoresearch\"]},{\"@type\":\"Person\",\"@id\":\"https:\/\/www.suno.com.br\/noticias\/#\/schema\/person\/fc144a1c6108bd1dcd43784e88a3c138\",\"name\":\"Renan Bandeira\",\"image\":{\"@type\":\"ImageObject\",\"inLanguage\":\"pt-BR\",\"@id\":\"https:\/\/www.suno.com.br\/noticias\/#\/schema\/person\/image\/\",\"url\":\"https:\/\/secure.gravatar.com\/avatar\/68359cdb608f14f11bbefcb78f3fc747?s=96&r=g\",\"contentUrl\":\"https:\/\/secure.gravatar.com\/avatar\/68359cdb608f14f11bbefcb78f3fc747?s=96&r=g\",\"caption\":\"Renan Bandeira\"},\"description\":\"Renan Bandeira escreve sobre pol\u00edtica e economia para o portal da Suno Research. Antes da Suno, trabalhou em uma rede de televis\u00e3o, onde fazia reportagens sobre os mesmos temas. Estuda na Universidade Metodista de S\u00e3o Paulo.\",\"url\":\"https:\/\/www.suno.com.br\/noticias\/author\/renan-bandeira\/\"}]}<\/script>\n<!-- \/ Yoast SEO plugin. -->","yoast_head_json":{"title":"Reforma da Previd\u00eancia: Maia pede di\u00e1logo para aprovar proposta","description":"Reforma da Previd\u00eancia \u00e9 de responsabilidade do Parlamento brasileiro, disse o presidente Jair Bolsonaro. Clique para saber mais.","robots":{"index":"index","follow":"follow","max-snippet":"max-snippet:-1","max-image-preview":"max-image-preview:large","max-video-preview":"max-video-preview:-1"},"canonical":"https:\/\/www.suno.com.br\/noticias\/reforma-da-previdencia-maia-dialogo\/","og_locale":"pt_BR","og_type":"article","og_title":"Reforma da Previd\u00eancia: Maia pede di\u00e1logo para aprovar proposta","og_description":"Reforma da Previd\u00eancia \u00e9 de responsabilidade do Parlamento brasileiro, disse o presidente Jair Bolsonaro. Clique para saber mais.","og_url":"https:\/\/www.suno.com.br\/noticias\/reforma-da-previdencia-maia-dialogo\/","og_site_name":"Suno Not\u00edcias","article_publisher":"https:\/\/facebook.com\/sunoresearch","og_image":[{"width":1140,"height":760,"url":"https:\/\/files.sunoresearch.com.br\/n\/uploads\/2019\/03\/3ecb6dde-reforma-da-previd\u00eancia.jpg","type":"image\/jpeg"}],"author":"Renan Bandeira","twitter_card":"summary_large_image","twitter_creator":"@sunoresearch","twitter_site":"@sunoresearch","twitter_misc":{"Escrito por":"Renan Bandeira","Est. tempo de leitura":"2 minutos"},"schema":{"@context":"https:\/\/schema.org","@graph":[{"@type":"NewsArticle","@id":"https:\/\/www.suno.com.br\/noticias\/reforma-da-previdencia-maia-dialogo\/#article","isPartOf":{"@id":"https:\/\/www.suno.com.br\/noticias\/reforma-da-previdencia-maia-dialogo\/"},"author":{"name":"Renan Bandeira","@id":"https:\/\/www.suno.com.br\/noticias\/#\/schema\/person\/fc144a1c6108bd1dcd43784e88a3c138"},"headline":"Reforma da Previd\u00eancia: Maia pede di\u00e1logo para aprovar proposta","datePublished":"2019-03-24T19:45:14+00:00","mainEntityOfPage":{"@id":"https:\/\/www.suno.com.br\/noticias\/reforma-da-previdencia-maia-dialogo\/"},"wordCount":448,"publisher":{"@id":"https:\/\/www.suno.com.br\/noticias\/#organization"},"image":{"@id":"https:\/\/www.suno.com.br\/noticias\/reforma-da-previdencia-maia-dialogo\/#primaryimage"},"thumbnailUrl":"https:\/\/files.sunoresearch.com.br\/n\/uploads\/2019\/03\/3ecb6dde-reforma-da-previd\u00eancia-jpg.webp","keywords":["Reforma da Previd\u00eancia","Rodrigo Maia"],"articleSection":["Pol\u00edtica"],"inLanguage":"pt-BR"},{"@type":"WebPage","@id":"https:\/\/www.suno.com.br\/noticias\/reforma-da-previdencia-maia-dialogo\/","url":"https:\/\/www.suno.com.br\/noticias\/reforma-da-previdencia-maia-dialogo\/","name":"Reforma da Previd\u00eancia: Maia pede di\u00e1logo para aprovar proposta","isPartOf":{"@id":"https:\/\/www.suno.com.br\/noticias\/#website"},"primaryImageOfPage":{"@id":"https:\/\/www.suno.com.br\/noticias\/reforma-da-previdencia-maia-dialogo\/#primaryimage"},"image":{"@id":"https:\/\/www.suno.com.br\/noticias\/reforma-da-previdencia-maia-dialogo\/#primaryimage"},"thumbnailUrl":"https:\/\/files.sunoresearch.com.br\/n\/uploads\/2019\/03\/3ecb6dde-reforma-da-previd\u00eancia-jpg.webp","datePublished":"2019-03-24T19:45:14+00:00","description":"Reforma da Previd\u00eancia \u00e9 de responsabilidade do Parlamento brasileiro, disse o presidente Jair Bolsonaro. Clique para saber mais.","breadcrumb":{"@id":"https:\/\/www.suno.com.br\/noticias\/reforma-da-previdencia-maia-dialogo\/#breadcrumb"},"inLanguage":"pt-BR","potentialAction":[{"@type":"ReadAction","target":["https:\/\/www.suno.com.br\/noticias\/reforma-da-previdencia-maia-dialogo\/"]}]},{"@type":"ImageObject","inLanguage":"pt-BR","@id":"https:\/\/www.suno.com.br\/noticias\/reforma-da-previdencia-maia-dialogo\/#primaryimage","url":"https:\/\/files.sunoresearch.com.br\/n\/uploads\/2019\/03\/3ecb6dde-reforma-da-previd\u00eancia-jpg.webp","contentUrl":"https:\/\/files.sunoresearch.com.br\/n\/uploads\/2019\/03\/3ecb6dde-reforma-da-previd\u00eancia-jpg.webp","width":1140,"height":760,"caption":"Maia"},{"@type":"BreadcrumbList","@id":"https:\/\/www.suno.com.br\/noticias\/reforma-da-previdencia-maia-dialogo\/#breadcrumb","itemListElement":[{"@type":"ListItem","position":1,"name":"Not\u00edcias","item":"https:\/\/www.suno.com.br\/noticias\/"},{"@type":"ListItem","position":2,"name":"Pol\u00edtica","item":"https:\/\/www.suno.com.br\/noticias\/politica\/"},{"@type":"ListItem","position":3,"name":"Reforma da Previd\u00eancia: Maia pede di\u00e1logo para aprovar proposta"}]},{"@type":"WebSite","@id":"https:\/\/www.suno.com.br\/noticias\/#website","url":"https:\/\/www.suno.com.br\/noticias\/","name":"Suno Not\u00edcias","description":"Seu portal de informa\u00e7\u00e3o sobre o mundo dos investimentos","publisher":{"@id":"https:\/\/www.suno.com.br\/noticias\/#organization"},"potentialAction":[{"@type":"SearchAction","target":{"@type":"EntryPoint","urlTemplate":"https:\/\/www.suno.com.br\/noticias\/?s={search_term_string}"},"query-input":{"@type":"PropertyValueSpecification","valueRequired":true,"valueName":"search_term_string"}}],"inLanguage":"pt-BR"},{"@type":"Organization","@id":"https:\/\/www.suno.com.br\/noticias\/#organization","name":"Suno Not\u00edcias","url":"https:\/\/www.suno.com.br\/noticias\/","logo":{"@type":"ImageObject","inLanguage":"pt-BR","@id":"https:\/\/www.suno.com.br\/noticias\/#\/schema\/logo\/image\/","url":"https:\/\/files.sunoresearch.com.br\/n\/uploads\/2021\/09\/suno-logo.png","contentUrl":"https:\/\/files.sunoresearch.com.br\/n\/uploads\/2021\/09\/suno-logo.png","width":180,"height":180,"caption":"Suno Not\u00edcias"},"image":{"@id":"https:\/\/www.suno.com.br\/noticias\/#\/schema\/logo\/image\/"},"sameAs":["https:\/\/facebook.com\/sunoresearch","https:\/\/x.com\/sunoresearch","https:\/\/www.instagram.com\/suno","https:\/\/www.linkedin.com\/company\/suno-research\/","https:\/\/www.youtube.com\/c\/sunoresearch"]},{"@type":"Person","@id":"https:\/\/www.suno.com.br\/noticias\/#\/schema\/person\/fc144a1c6108bd1dcd43784e88a3c138","name":"Renan Bandeira","image":{"@type":"ImageObject","inLanguage":"pt-BR","@id":"https:\/\/www.suno.com.br\/noticias\/#\/schema\/person\/image\/","url":"https:\/\/secure.gravatar.com\/avatar\/68359cdb608f14f11bbefcb78f3fc747?s=96&r=g","contentUrl":"https:\/\/secure.gravatar.com\/avatar\/68359cdb608f14f11bbefcb78f3fc747?s=96&r=g","caption":"Renan Bandeira"},"description":"Renan Bandeira escreve sobre pol\u00edtica e economia para o portal da Suno Research. Antes da Suno, trabalhou em uma rede de televis\u00e3o, onde fazia reportagens sobre os mesmos temas. Estuda na Universidade Metodista de S\u00e3o Paulo.","url":"https:\/\/www.suno.com.br\/noticias\/author\/renan-bandeira\/"}]}},"default_loop_html":"<div class=\"cardsPage__listCard__boxs\"><div class=\"cardsPage__listCard__boxs__img\"><a href=\"https:\/\/www.suno.com.br\/noticias\/reforma-da-previdencia-maia-dialogo\/\"><img class=\"mask\" src=\"https:\/\/www.suno.com.br\/noticias\/wp-content\/themes\/suno\/resources\/images\/spotlight\/spotlight1img\/bg-mask.png\" alt=\"Image Mask\"\/><img src=\"https:\/\/files.sunoresearch.com.br\/n\/uploads\/2019\/03\/3ecb6dde-reforma-da-previd\u00eancia-400x200.webp\" alt=\"Reforma da Previd\u00eancia: Maia pede di\u00e1logo para aprovar proposta\"\/><\/a><span class=\"spotlightCategory\"><a href=\"https:\/\/www.suno.com.br\/noticias\/politica\/\">Pol\u00edtica<\/a><\/span><\/div><div class=\"cardsPage__listCard__boxs__content\"><a href=\"https:\/\/www.suno.com.br\/noticias\/reforma-da-previdencia-maia-dialogo\/\"><h2 class=\"content__title\">Reforma da Previd\u00eancia: Maia pede di\u00e1logo para aprovar proposta<\/h2><\/a><div class=\"newsContent__article__meta\"><div class=\"newsContent__article__meta__authorBox\"><a href=\"https:\/\/www.suno.com.br\/noticias\/author\/renan-bandeira\/\" class=\"authorBox__avatar noMobi\"><img src=\"https:\/\/secure.gravatar.com\/avatar\/68359cdb608f14f11bbefcb78f3fc747?s=96&#038;r=g\" alt=\"Renan Bandeira\"><\/a><div class=\"authorBox__name\"><span>por\n\t\t\t<a href=\"https:\/\/www.suno.com.br\/noticias\/author\/renan-bandeira\/\"><span itemprop=\"author\">Renan Bandeira<\/span><\/a><\/span><time datetime=\"2019-03-24T16:45:14-03:00\" itemprop=\"datePublished\">24\/03\/2019 16:45<\/time><\/div><\/div><\/div><\/div><\/div>","single_layout":"posts","amp_enabled":true,"_links":{"self":[{"href":"https:\/\/www.suno.com.br\/noticias\/wp-json\/wp\/v2\/posts\/18893"}],"collection":[{"href":"https:\/\/www.suno.com.br\/noticias\/wp-json\/wp\/v2\/posts"}],"about":[{"href":"https:\/\/www.suno.com.br\/noticias\/wp-json\/wp\/v2\/types\/post"}],"author":[{"embeddable":true,"href":"https:\/\/www.suno.com.br\/noticias\/wp-json\/wp\/v2\/users\/11"}],"replies":[{"embeddable":true,"href":"https:\/\/www.suno.com.br\/noticias\/wp-json\/wp\/v2\/comments?post=18893"}],"version-history":[{"count":0,"href":"https:\/\/www.suno.com.br\/noticias\/wp-json\/wp\/v2\/posts\/18893\/revisions"}],"wp:featuredmedia":[{"embeddable":true,"href":"https:\/\/www.suno.com.br\/noticias\/wp-json\/wp\/v2\/media\/18894"}],"wp:attachment":[{"href":"https:\/\/www.suno.com.br\/noticias\/wp-json\/wp\/v2\/media?parent=18893"}],"wp:term":[{"taxonomy":"category","embeddable":true,"href":"https:\/\/www.suno.com.br\/noticias\/wp-json\/wp\/v2\/categories?post=18893"},{"taxonomy":"post_tag","embeddable":true,"href":"https:\/\/www.suno.com.br\/noticias\/wp-json\/wp\/v2\/tags?post=18893"},{"taxonomy":"suno_strategy","embeddable":true,"href":"https:\/\/www.suno.com.br\/noticias\/wp-json\/wp\/v2\/suno_strategy?post=18893"}],"curies":[{"name":"wp","href":"https:\/\/api.w.org\/{rel}","templated":true}]}}