{"id":18884,"date":"2019-03-24T14:10:21","date_gmt":"2019-03-24T17:10:21","guid":{"rendered":"https:\/\/www.suno.com.br\/noticias\/?p=18884"},"modified":"2019-03-24T14:10:21","modified_gmt":"2019-03-24T17:10:21","slug":"previdencia-bolsonaro-lider-governo-reunem","status":"publish","type":"post","link":"https:\/\/www.suno.com.br\/noticias\/previdencia-bolsonaro-lider-governo-reunem\/","title":{"rendered":"Previd\u00eancia: Bolsonaro e l\u00edder de governo na C\u00e2mara se re\u00fanem"},"content":{"rendered":"<p>O presidente Jair Bolsonaro recebeu o deputado Major Vitor Hugo, l\u00edder do governo na C\u00e2mara, no Pal\u00e1cio da Alvorada, em Bras\u00edlia, neste domingo (24).<\/p>\t<div class=\"wrapper-featured-image\">\n\t\t<figure class=\"spotlightImg\">\n\n\t\t\t<picture>\n\t\t\t\t<source media=\"(max-width: 768px)\" srcset=\"https:\/\/files.sunoresearch.com.br\/n\/uploads\/2019\/03\/66109934-reforma-da-previd\u00eancia-400x200.webp\">\n\t\t\t\t<img loading=\"lazy\" decoding=\"async\" class=\"newsContent__article__imgCapa lazyloadDisabled newsContent__article__imgCapa--noCaption\" src=\"https:\/\/files.sunoresearch.com.br\/n\/uploads\/2019\/03\/66109934-reforma-da-previd\u00eancia-800x450.webp\" width=\"800\" height=\"450\" alt=\"Previd\u00eancia: Bolsonaro e l\u00edder de governo na C\u00e2mara se re\u00fanem\" fetchpriority=high \/>\n\t\t\t<\/picture>\n\n\t\t\t<figcaption class=\"wp-caption-text wp-caption-text--hide\">Previd\u00eancia: Bolsonaro e l\u00edder de governo na C\u00e2mara se re\u00fanem <\/figcaption>\n\t\t<\/figure>\n\t<\/div>\n\n\n<p>De acordo com o deputado, a reuni\u00e3o com <strong>Bolsonaro<\/strong> serviu para tratar da <strong>articula\u00e7\u00e3o pol\u00edtica<\/strong> para que a <strong>reforma da Previd\u00eancia<\/strong> seja aprovada.<\/p>\n<p>&#8220;Tratamos sobre a articula\u00e7\u00e3o pol\u00edtica. Sobre a pr\u00f3xima semana agora, como retomar os trabalhos para a aprova\u00e7\u00e3o da nova Previd\u00eancia, a quest\u00e3o dos votos na CCJ&#8221;, disse o deputado.<\/p>\n<p><a href=\"https:\/\/www.suno.com.br\/noticias\/maia-empenhar-favor-reforma-previdencia\/\">Saiba mais:\u00a0Maia: vou me empenhar em favor da reforma da Previd\u00eancia<\/a><\/p>\n<p><a href=\"https:\/\/www.suno.com.br\/noticias\/bolsonaro-congresso-responsabilidade-reforma-previdencia\/\">Saiba mais:\u00a0Bolsonaro: Congresso tem responsabilidade com a reforma da Previd\u00eancia<\/a><\/p>\n<p><a href=\"https:\/\/www.suno.com.br\/noticias\/bolsonaro-reuniao-reforma-militares\/\">Saiba mais:\u00a0Bolsonaro faz reuni\u00e3o para definir reforma na previd\u00eancia de militares<\/a><\/p>\n<h2>Bolsonaro x Maia<\/h2>\n<p>Em rela\u00e7\u00e3o ao clima entre Bolsonaro e Maia, Vitor Hugo afirmou que a situa\u00e7\u00e3o deve &#8220;arrefecer&#8221;. Segundo ele, &#8220;existe disposi\u00e7\u00e3o dos dois poderes a\u00ed de aproximar. A semana passada foi uma semana muito tensa agora a gente vai caminhar pra uma aproxima\u00e7\u00e3o&#8221;.<\/p>\n<p>Durante a \u00faltima semana, o presidente da C\u00e2mara havia demonstrado insatisfa\u00e7\u00e3o por considerar que o governo n\u00e3o est\u00e1 participando das negocia\u00e7\u00f5es para aprova\u00e7\u00e3o da <strong>PEC<\/strong>.<\/p>\n<p>Maia afirmou que o <strong>Pal\u00e1cio do Planalto<\/strong> n\u00e3o pode terceirizar a articula\u00e7\u00e3o. Em contrapartida, Bolsonaro, ainda no Chile, disse que n\u00e3o negociaria como os outros governos, se referindo que chama de &#8220;toma l\u00e1 da c\u00e1&#8221;, que \u00e9 a troca de cargos por apoio.<\/p>\n<p>Bolsonaro afirmou ainda que vai intensificar as conversas com a <strong>C\u00e2mara<\/strong>, para esclarecer as d\u00favidas referentes \u00e0 <strong>reforma da Previd\u00eancia<\/strong>.<\/p>\n<h2>Maia e o empenho para aprova\u00e7\u00e3o<\/h2>\n<p>O <strong>presidente da C\u00e2mara,<\/strong> Rodrigo Maia, reafirmou no \u00faltimo s\u00e1bado (23) que vai trabalhar pela aprova\u00e7\u00e3o da<strong> reforma da Previd\u00eancia social<\/strong>. O deputado explicou que a partir da pr\u00f3xima segunda-feira (25) ir\u00e1 se empenhar par dar andamento a proposta do governo.<\/p>\n<p>O <strong>presidente da C\u00e2mara<\/strong> afirmou que levar\u00e1 adiante as articula\u00e7\u00f5es pol\u00edticas necess\u00e1rias para a aprova\u00e7\u00e3o da <strong>reforma da Previd\u00eancia social<\/strong>. De acordo com ele, conversas ser\u00e3o realizadas com os integrantes do governo federal sobre a quest\u00e3o.<\/p>\n","protected":false},"excerpt":{"rendered":"<p>O presidente Jair Bolsonaro recebeu o deputado Major Vitor Hugo, l\u00edder do governo na C\u00e2mara, no Pal\u00e1cio da Alvorada, em Bras\u00edlia, neste domingo (24). Previd\u00eancia: Bolsonaro e l\u00edder de governo na C\u00e2mara se re\u00fanem De acordo com o deputado, a reuni\u00e3o com Bolsonaro serviu para tratar da articula\u00e7\u00e3o pol\u00edtica para que a reforma da Previd\u00eancia [&hellip;]<\/p>\n","protected":false},"author":11,"featured_media":18888,"comment_status":"closed","ping_status":"closed","sticky":false,"template":"","format":"standard","meta":[],"categories":[61],"tags":[719,940],"suno_strategy":[],"class_list":["post-18884","post","type-post","status-publish","format-standard","has-post-thumbnail","hentry","category-politica","tag-jair-bolsonaro","tag-reforma-da-previdencia"],"yoast_head":"<!-- This site is optimized with the Yoast SEO plugin v24.4 - https:\/\/yoast.com\/wordpress\/plugins\/seo\/ -->\n<title>Previd\u00eancia: Bolsonaro e l\u00edder de governo na C\u00e2mara se re\u00fanem<\/title>\n<meta name=\"description\" content=\"Ap\u00f3s criticar o posicionamento do governo sobre a atua\u00e7\u00e3o nas negocia\u00e7\u00f5es, Maia diz que vai se empenhar na Previd\u00eancia. Clique e saiba mais.\" \/>\n<meta name=\"robots\" content=\"index, follow, max-snippet:-1, max-image-preview:large, max-video-preview:-1\" \/>\n<link rel=\"canonical\" href=\"https:\/\/www.suno.com.br\/noticias\/previdencia-bolsonaro-lider-governo-reunem\/\" \/>\n<meta property=\"og:locale\" content=\"pt_BR\" \/>\n<meta property=\"og:type\" content=\"article\" \/>\n<meta property=\"og:title\" content=\"Previd\u00eancia: Bolsonaro e l\u00edder de governo na C\u00e2mara se re\u00fanem\" \/>\n<meta property=\"og:description\" content=\"Ap\u00f3s criticar o posicionamento do governo sobre a atua\u00e7\u00e3o nas negocia\u00e7\u00f5es, Maia diz que vai se empenhar na Previd\u00eancia. Clique e saiba mais.\" \/>\n<meta property=\"og:url\" content=\"https:\/\/www.suno.com.br\/noticias\/previdencia-bolsonaro-lider-governo-reunem\/\" \/>\n<meta property=\"og:site_name\" content=\"Suno Not\u00edcias\" \/>\n<meta property=\"article:publisher\" content=\"https:\/\/facebook.com\/sunoresearch\" \/>\n<meta property=\"og:image\" content=\"https:\/\/files.sunoresearch.com.br\/n\/uploads\/2019\/03\/66109934-reforma-da-previd\u00eancia.jpg\" \/>\n\t<meta property=\"og:image:width\" content=\"1140\" \/>\n\t<meta property=\"og:image:height\" content=\"760\" \/>\n\t<meta property=\"og:image:type\" content=\"image\/jpeg\" \/>\n<meta name=\"author\" content=\"Renan Bandeira\" \/>\n<meta name=\"twitter:card\" content=\"summary_large_image\" \/>\n<meta name=\"twitter:creator\" content=\"@sunoresearch\" \/>\n<meta name=\"twitter:site\" content=\"@sunoresearch\" \/>\n<meta name=\"twitter:label1\" content=\"Escrito por\" \/>\n\t<meta name=\"twitter:data1\" content=\"Renan Bandeira\" \/>\n\t<meta name=\"twitter:label2\" content=\"Est. tempo de leitura\" \/>\n\t<meta name=\"twitter:data2\" content=\"2 minutos\" \/>\n<script type=\"application\/ld+json\" class=\"yoast-schema-graph\">{\"@context\":\"https:\/\/schema.org\",\"@graph\":[{\"@type\":\"NewsArticle\",\"@id\":\"https:\/\/www.suno.com.br\/noticias\/previdencia-bolsonaro-lider-governo-reunem\/#article\",\"isPartOf\":{\"@id\":\"https:\/\/www.suno.com.br\/noticias\/previdencia-bolsonaro-lider-governo-reunem\/\"},\"author\":{\"name\":\"Renan Bandeira\",\"@id\":\"https:\/\/www.suno.com.br\/noticias\/#\/schema\/person\/fc144a1c6108bd1dcd43784e88a3c138\"},\"headline\":\"Previd\u00eancia: Bolsonaro e l\u00edder de governo na C\u00e2mara se re\u00fanem\",\"datePublished\":\"2019-03-24T17:10:21+00:00\",\"mainEntityOfPage\":{\"@id\":\"https:\/\/www.suno.com.br\/noticias\/previdencia-bolsonaro-lider-governo-reunem\/\"},\"wordCount\":384,\"publisher\":{\"@id\":\"https:\/\/www.suno.com.br\/noticias\/#organization\"},\"image\":{\"@id\":\"https:\/\/www.suno.com.br\/noticias\/previdencia-bolsonaro-lider-governo-reunem\/#primaryimage\"},\"thumbnailUrl\":\"https:\/\/files.sunoresearch.com.br\/n\/uploads\/2019\/03\/66109934-reforma-da-previd\u00eancia-jpg.webp\",\"keywords\":[\"Jair Bolsonaro\",\"Reforma da Previd\u00eancia\"],\"articleSection\":[\"Pol\u00edtica\"],\"inLanguage\":\"pt-BR\"},{\"@type\":\"WebPage\",\"@id\":\"https:\/\/www.suno.com.br\/noticias\/previdencia-bolsonaro-lider-governo-reunem\/\",\"url\":\"https:\/\/www.suno.com.br\/noticias\/previdencia-bolsonaro-lider-governo-reunem\/\",\"name\":\"Previd\u00eancia: Bolsonaro e l\u00edder de governo na C\u00e2mara se re\u00fanem\",\"isPartOf\":{\"@id\":\"https:\/\/www.suno.com.br\/noticias\/#website\"},\"primaryImageOfPage\":{\"@id\":\"https:\/\/www.suno.com.br\/noticias\/previdencia-bolsonaro-lider-governo-reunem\/#primaryimage\"},\"image\":{\"@id\":\"https:\/\/www.suno.com.br\/noticias\/previdencia-bolsonaro-lider-governo-reunem\/#primaryimage\"},\"thumbnailUrl\":\"https:\/\/files.sunoresearch.com.br\/n\/uploads\/2019\/03\/66109934-reforma-da-previd\u00eancia-jpg.webp\",\"datePublished\":\"2019-03-24T17:10:21+00:00\",\"description\":\"Ap\u00f3s criticar o posicionamento do governo sobre a atua\u00e7\u00e3o nas negocia\u00e7\u00f5es, Maia diz que vai se empenhar na Previd\u00eancia. Clique e saiba mais.\",\"breadcrumb\":{\"@id\":\"https:\/\/www.suno.com.br\/noticias\/previdencia-bolsonaro-lider-governo-reunem\/#breadcrumb\"},\"inLanguage\":\"pt-BR\",\"potentialAction\":[{\"@type\":\"ReadAction\",\"target\":[\"https:\/\/www.suno.com.br\/noticias\/previdencia-bolsonaro-lider-governo-reunem\/\"]}]},{\"@type\":\"ImageObject\",\"inLanguage\":\"pt-BR\",\"@id\":\"https:\/\/www.suno.com.br\/noticias\/previdencia-bolsonaro-lider-governo-reunem\/#primaryimage\",\"url\":\"https:\/\/files.sunoresearch.com.br\/n\/uploads\/2019\/03\/66109934-reforma-da-previd\u00eancia-jpg.webp\",\"contentUrl\":\"https:\/\/files.sunoresearch.com.br\/n\/uploads\/2019\/03\/66109934-reforma-da-previd\u00eancia-jpg.webp\",\"width\":1140,\"height\":760,\"caption\":\"Previd\u00eancia: Bolsonaro e l\u00edder de governo na C\u00e2mara se re\u00fanem\"},{\"@type\":\"BreadcrumbList\",\"@id\":\"https:\/\/www.suno.com.br\/noticias\/previdencia-bolsonaro-lider-governo-reunem\/#breadcrumb\",\"itemListElement\":[{\"@type\":\"ListItem\",\"position\":1,\"name\":\"Not\u00edcias\",\"item\":\"https:\/\/www.suno.com.br\/noticias\/\"},{\"@type\":\"ListItem\",\"position\":2,\"name\":\"Pol\u00edtica\",\"item\":\"https:\/\/www.suno.com.br\/noticias\/politica\/\"},{\"@type\":\"ListItem\",\"position\":3,\"name\":\"Previd\u00eancia: Bolsonaro e l\u00edder de governo na C\u00e2mara se re\u00fanem\"}]},{\"@type\":\"WebSite\",\"@id\":\"https:\/\/www.suno.com.br\/noticias\/#website\",\"url\":\"https:\/\/www.suno.com.br\/noticias\/\",\"name\":\"Suno Not\u00edcias\",\"description\":\"Seu portal de informa\u00e7\u00e3o sobre o mundo dos investimentos\",\"publisher\":{\"@id\":\"https:\/\/www.suno.com.br\/noticias\/#organization\"},\"potentialAction\":[{\"@type\":\"SearchAction\",\"target\":{\"@type\":\"EntryPoint\",\"urlTemplate\":\"https:\/\/www.suno.com.br\/noticias\/?s={search_term_string}\"},\"query-input\":{\"@type\":\"PropertyValueSpecification\",\"valueRequired\":true,\"valueName\":\"search_term_string\"}}],\"inLanguage\":\"pt-BR\"},{\"@type\":\"Organization\",\"@id\":\"https:\/\/www.suno.com.br\/noticias\/#organization\",\"name\":\"Suno Not\u00edcias\",\"url\":\"https:\/\/www.suno.com.br\/noticias\/\",\"logo\":{\"@type\":\"ImageObject\",\"inLanguage\":\"pt-BR\",\"@id\":\"https:\/\/www.suno.com.br\/noticias\/#\/schema\/logo\/image\/\",\"url\":\"https:\/\/files.sunoresearch.com.br\/n\/uploads\/2021\/09\/suno-logo.png\",\"contentUrl\":\"https:\/\/files.sunoresearch.com.br\/n\/uploads\/2021\/09\/suno-logo.png\",\"width\":180,\"height\":180,\"caption\":\"Suno Not\u00edcias\"},\"image\":{\"@id\":\"https:\/\/www.suno.com.br\/noticias\/#\/schema\/logo\/image\/\"},\"sameAs\":[\"https:\/\/facebook.com\/sunoresearch\",\"https:\/\/x.com\/sunoresearch\",\"https:\/\/www.instagram.com\/suno\",\"https:\/\/www.linkedin.com\/company\/suno-research\/\",\"https:\/\/www.youtube.com\/c\/sunoresearch\"]},{\"@type\":\"Person\",\"@id\":\"https:\/\/www.suno.com.br\/noticias\/#\/schema\/person\/fc144a1c6108bd1dcd43784e88a3c138\",\"name\":\"Renan Bandeira\",\"image\":{\"@type\":\"ImageObject\",\"inLanguage\":\"pt-BR\",\"@id\":\"https:\/\/www.suno.com.br\/noticias\/#\/schema\/person\/image\/\",\"url\":\"https:\/\/secure.gravatar.com\/avatar\/68359cdb608f14f11bbefcb78f3fc747?s=96&r=g\",\"contentUrl\":\"https:\/\/secure.gravatar.com\/avatar\/68359cdb608f14f11bbefcb78f3fc747?s=96&r=g\",\"caption\":\"Renan Bandeira\"},\"description\":\"Renan Bandeira escreve sobre pol\u00edtica e economia para o portal da Suno Research. Antes da Suno, trabalhou em uma rede de televis\u00e3o, onde fazia reportagens sobre os mesmos temas. Estuda na Universidade Metodista de S\u00e3o Paulo.\",\"url\":\"https:\/\/www.suno.com.br\/noticias\/author\/renan-bandeira\/\"}]}<\/script>\n<!-- \/ Yoast SEO plugin. -->","yoast_head_json":{"title":"Previd\u00eancia: Bolsonaro e l\u00edder de governo na C\u00e2mara se re\u00fanem","description":"Ap\u00f3s criticar o posicionamento do governo sobre a atua\u00e7\u00e3o nas negocia\u00e7\u00f5es, Maia diz que vai se empenhar na Previd\u00eancia. Clique e saiba mais.","robots":{"index":"index","follow":"follow","max-snippet":"max-snippet:-1","max-image-preview":"max-image-preview:large","max-video-preview":"max-video-preview:-1"},"canonical":"https:\/\/www.suno.com.br\/noticias\/previdencia-bolsonaro-lider-governo-reunem\/","og_locale":"pt_BR","og_type":"article","og_title":"Previd\u00eancia: Bolsonaro e l\u00edder de governo na C\u00e2mara se re\u00fanem","og_description":"Ap\u00f3s criticar o posicionamento do governo sobre a atua\u00e7\u00e3o nas negocia\u00e7\u00f5es, Maia diz que vai se empenhar na Previd\u00eancia. Clique e saiba mais.","og_url":"https:\/\/www.suno.com.br\/noticias\/previdencia-bolsonaro-lider-governo-reunem\/","og_site_name":"Suno Not\u00edcias","article_publisher":"https:\/\/facebook.com\/sunoresearch","og_image":[{"width":1140,"height":760,"url":"https:\/\/files.sunoresearch.com.br\/n\/uploads\/2019\/03\/66109934-reforma-da-previd\u00eancia.jpg","type":"image\/jpeg"}],"author":"Renan Bandeira","twitter_card":"summary_large_image","twitter_creator":"@sunoresearch","twitter_site":"@sunoresearch","twitter_misc":{"Escrito por":"Renan Bandeira","Est. tempo de leitura":"2 minutos"},"schema":{"@context":"https:\/\/schema.org","@graph":[{"@type":"NewsArticle","@id":"https:\/\/www.suno.com.br\/noticias\/previdencia-bolsonaro-lider-governo-reunem\/#article","isPartOf":{"@id":"https:\/\/www.suno.com.br\/noticias\/previdencia-bolsonaro-lider-governo-reunem\/"},"author":{"name":"Renan Bandeira","@id":"https:\/\/www.suno.com.br\/noticias\/#\/schema\/person\/fc144a1c6108bd1dcd43784e88a3c138"},"headline":"Previd\u00eancia: Bolsonaro e l\u00edder de governo na C\u00e2mara se re\u00fanem","datePublished":"2019-03-24T17:10:21+00:00","mainEntityOfPage":{"@id":"https:\/\/www.suno.com.br\/noticias\/previdencia-bolsonaro-lider-governo-reunem\/"},"wordCount":384,"publisher":{"@id":"https:\/\/www.suno.com.br\/noticias\/#organization"},"image":{"@id":"https:\/\/www.suno.com.br\/noticias\/previdencia-bolsonaro-lider-governo-reunem\/#primaryimage"},"thumbnailUrl":"https:\/\/files.sunoresearch.com.br\/n\/uploads\/2019\/03\/66109934-reforma-da-previd\u00eancia-jpg.webp","keywords":["Jair Bolsonaro","Reforma da Previd\u00eancia"],"articleSection":["Pol\u00edtica"],"inLanguage":"pt-BR"},{"@type":"WebPage","@id":"https:\/\/www.suno.com.br\/noticias\/previdencia-bolsonaro-lider-governo-reunem\/","url":"https:\/\/www.suno.com.br\/noticias\/previdencia-bolsonaro-lider-governo-reunem\/","name":"Previd\u00eancia: Bolsonaro e l\u00edder de governo na C\u00e2mara se re\u00fanem","isPartOf":{"@id":"https:\/\/www.suno.com.br\/noticias\/#website"},"primaryImageOfPage":{"@id":"https:\/\/www.suno.com.br\/noticias\/previdencia-bolsonaro-lider-governo-reunem\/#primaryimage"},"image":{"@id":"https:\/\/www.suno.com.br\/noticias\/previdencia-bolsonaro-lider-governo-reunem\/#primaryimage"},"thumbnailUrl":"https:\/\/files.sunoresearch.com.br\/n\/uploads\/2019\/03\/66109934-reforma-da-previd\u00eancia-jpg.webp","datePublished":"2019-03-24T17:10:21+00:00","description":"Ap\u00f3s criticar o posicionamento do governo sobre a atua\u00e7\u00e3o nas negocia\u00e7\u00f5es, Maia diz que vai se empenhar na Previd\u00eancia. Clique e saiba mais.","breadcrumb":{"@id":"https:\/\/www.suno.com.br\/noticias\/previdencia-bolsonaro-lider-governo-reunem\/#breadcrumb"},"inLanguage":"pt-BR","potentialAction":[{"@type":"ReadAction","target":["https:\/\/www.suno.com.br\/noticias\/previdencia-bolsonaro-lider-governo-reunem\/"]}]},{"@type":"ImageObject","inLanguage":"pt-BR","@id":"https:\/\/www.suno.com.br\/noticias\/previdencia-bolsonaro-lider-governo-reunem\/#primaryimage","url":"https:\/\/files.sunoresearch.com.br\/n\/uploads\/2019\/03\/66109934-reforma-da-previd\u00eancia-jpg.webp","contentUrl":"https:\/\/files.sunoresearch.com.br\/n\/uploads\/2019\/03\/66109934-reforma-da-previd\u00eancia-jpg.webp","width":1140,"height":760,"caption":"Previd\u00eancia: Bolsonaro e l\u00edder de governo na C\u00e2mara se re\u00fanem"},{"@type":"BreadcrumbList","@id":"https:\/\/www.suno.com.br\/noticias\/previdencia-bolsonaro-lider-governo-reunem\/#breadcrumb","itemListElement":[{"@type":"ListItem","position":1,"name":"Not\u00edcias","item":"https:\/\/www.suno.com.br\/noticias\/"},{"@type":"ListItem","position":2,"name":"Pol\u00edtica","item":"https:\/\/www.suno.com.br\/noticias\/politica\/"},{"@type":"ListItem","position":3,"name":"Previd\u00eancia: Bolsonaro e l\u00edder de governo na C\u00e2mara se re\u00fanem"}]},{"@type":"WebSite","@id":"https:\/\/www.suno.com.br\/noticias\/#website","url":"https:\/\/www.suno.com.br\/noticias\/","name":"Suno Not\u00edcias","description":"Seu portal de informa\u00e7\u00e3o sobre o mundo dos investimentos","publisher":{"@id":"https:\/\/www.suno.com.br\/noticias\/#organization"},"potentialAction":[{"@type":"SearchAction","target":{"@type":"EntryPoint","urlTemplate":"https:\/\/www.suno.com.br\/noticias\/?s={search_term_string}"},"query-input":{"@type":"PropertyValueSpecification","valueRequired":true,"valueName":"search_term_string"}}],"inLanguage":"pt-BR"},{"@type":"Organization","@id":"https:\/\/www.suno.com.br\/noticias\/#organization","name":"Suno Not\u00edcias","url":"https:\/\/www.suno.com.br\/noticias\/","logo":{"@type":"ImageObject","inLanguage":"pt-BR","@id":"https:\/\/www.suno.com.br\/noticias\/#\/schema\/logo\/image\/","url":"https:\/\/files.sunoresearch.com.br\/n\/uploads\/2021\/09\/suno-logo.png","contentUrl":"https:\/\/files.sunoresearch.com.br\/n\/uploads\/2021\/09\/suno-logo.png","width":180,"height":180,"caption":"Suno Not\u00edcias"},"image":{"@id":"https:\/\/www.suno.com.br\/noticias\/#\/schema\/logo\/image\/"},"sameAs":["https:\/\/facebook.com\/sunoresearch","https:\/\/x.com\/sunoresearch","https:\/\/www.instagram.com\/suno","https:\/\/www.linkedin.com\/company\/suno-research\/","https:\/\/www.youtube.com\/c\/sunoresearch"]},{"@type":"Person","@id":"https:\/\/www.suno.com.br\/noticias\/#\/schema\/person\/fc144a1c6108bd1dcd43784e88a3c138","name":"Renan Bandeira","image":{"@type":"ImageObject","inLanguage":"pt-BR","@id":"https:\/\/www.suno.com.br\/noticias\/#\/schema\/person\/image\/","url":"https:\/\/secure.gravatar.com\/avatar\/68359cdb608f14f11bbefcb78f3fc747?s=96&r=g","contentUrl":"https:\/\/secure.gravatar.com\/avatar\/68359cdb608f14f11bbefcb78f3fc747?s=96&r=g","caption":"Renan Bandeira"},"description":"Renan Bandeira escreve sobre pol\u00edtica e economia para o portal da Suno Research. Antes da Suno, trabalhou em uma rede de televis\u00e3o, onde fazia reportagens sobre os mesmos temas. Estuda na Universidade Metodista de S\u00e3o Paulo.","url":"https:\/\/www.suno.com.br\/noticias\/author\/renan-bandeira\/"}]}},"default_loop_html":"<div class=\"cardsPage__listCard__boxs\"><div class=\"cardsPage__listCard__boxs__img\"><a href=\"https:\/\/www.suno.com.br\/noticias\/previdencia-bolsonaro-lider-governo-reunem\/\"><img class=\"mask\" src=\"https:\/\/www.suno.com.br\/noticias\/wp-content\/themes\/suno\/resources\/images\/spotlight\/spotlight1img\/bg-mask.png\" alt=\"Image Mask\"\/><img src=\"https:\/\/files.sunoresearch.com.br\/n\/uploads\/2019\/03\/66109934-reforma-da-previd\u00eancia-400x200.webp\" alt=\"Previd\u00eancia: Bolsonaro e l\u00edder de governo na C\u00e2mara se re\u00fanem\"\/><\/a><span class=\"spotlightCategory\"><a href=\"https:\/\/www.suno.com.br\/noticias\/politica\/\">Pol\u00edtica<\/a><\/span><\/div><div class=\"cardsPage__listCard__boxs__content\"><a href=\"https:\/\/www.suno.com.br\/noticias\/previdencia-bolsonaro-lider-governo-reunem\/\"><h2 class=\"content__title\">Previd\u00eancia: Bolsonaro e l\u00edder de governo na C\u00e2mara se re\u00fanem<\/h2><\/a><div class=\"newsContent__article__meta\"><div class=\"newsContent__article__meta__authorBox\"><a href=\"https:\/\/www.suno.com.br\/noticias\/author\/renan-bandeira\/\" class=\"authorBox__avatar noMobi\"><img src=\"https:\/\/secure.gravatar.com\/avatar\/68359cdb608f14f11bbefcb78f3fc747?s=96&#038;r=g\" alt=\"Renan Bandeira\"><\/a><div class=\"authorBox__name\"><span>por\n\t\t\t<a href=\"https:\/\/www.suno.com.br\/noticias\/author\/renan-bandeira\/\"><span itemprop=\"author\">Renan Bandeira<\/span><\/a><\/span><time datetime=\"2019-03-24T14:10:21-03:00\" itemprop=\"datePublished\">24\/03\/2019 14:10<\/time><\/div><\/div><\/div><\/div><\/div>","single_layout":"posts","amp_enabled":true,"_links":{"self":[{"href":"https:\/\/www.suno.com.br\/noticias\/wp-json\/wp\/v2\/posts\/18884"}],"collection":[{"href":"https:\/\/www.suno.com.br\/noticias\/wp-json\/wp\/v2\/posts"}],"about":[{"href":"https:\/\/www.suno.com.br\/noticias\/wp-json\/wp\/v2\/types\/post"}],"author":[{"embeddable":true,"href":"https:\/\/www.suno.com.br\/noticias\/wp-json\/wp\/v2\/users\/11"}],"replies":[{"embeddable":true,"href":"https:\/\/www.suno.com.br\/noticias\/wp-json\/wp\/v2\/comments?post=18884"}],"version-history":[{"count":0,"href":"https:\/\/www.suno.com.br\/noticias\/wp-json\/wp\/v2\/posts\/18884\/revisions"}],"wp:featuredmedia":[{"embeddable":true,"href":"https:\/\/www.suno.com.br\/noticias\/wp-json\/wp\/v2\/media\/18888"}],"wp:attachment":[{"href":"https:\/\/www.suno.com.br\/noticias\/wp-json\/wp\/v2\/media?parent=18884"}],"wp:term":[{"taxonomy":"category","embeddable":true,"href":"https:\/\/www.suno.com.br\/noticias\/wp-json\/wp\/v2\/categories?post=18884"},{"taxonomy":"post_tag","embeddable":true,"href":"https:\/\/www.suno.com.br\/noticias\/wp-json\/wp\/v2\/tags?post=18884"},{"taxonomy":"suno_strategy","embeddable":true,"href":"https:\/\/www.suno.com.br\/noticias\/wp-json\/wp\/v2\/suno_strategy?post=18884"}],"curies":[{"name":"wp","href":"https:\/\/api.w.org\/{rel}","templated":true}]}}