{"id":188834,"date":"2021-09-29T13:46:25","date_gmt":"2021-09-29T16:46:25","guid":{"rendered":"https:\/\/www.suno.com.br\/noticias\/?p=188834"},"modified":"2021-09-29T13:46:25","modified_gmt":"2021-09-29T16:46:25","slug":"acima-expectativas-brasil-372-mil-empregos-agosto","status":"publish","type":"post","link":"https:\/\/www.suno.com.br\/noticias\/acima-expectativas-brasil-372-mil-empregos-agosto\/","title":{"rendered":"Acima das expectativas, Brasil cria 372 mil empregos em agosto, revela Caged"},"content":{"rendered":"<p>O Brasil registrou um saldo de 372,2 mil <strong>empregos<\/strong> formais no m\u00eas de agosto de 2021, em saldo resultante de 1,8 milh\u00e3o de contrata\u00e7\u00f5es e 1,4 milh\u00e3o de demiss\u00f5es. Os dados s\u00e3o do <a class=\"suno-keyword\" href=\"https:\/\/www.suno.com.br\/artigos\/caged\/\" target=\"_blank\" rel=\"noopener\" data-force=\"no\" data-priority=\"2\">Cadastro Geral de Empregados e Desempregados<\/a> (Novo Caged) divulgados nesta quarta (29) pelo Minist\u00e9rio do Trabalho.<\/p>\t<div class=\"wrapper-featured-image\">\n\t\t<figure class=\"spotlightImg\">\n\n\t\t\t<picture>\n\t\t\t\t<source media=\"(max-width: 768px)\" srcset=\"https:\/\/files.sunoresearch.com.br\/n\/uploads\/2021\/09\/carteira-de-trabalho-digital_mcamgo_abr_240620211818-2-400x200.jpg\">\n\t\t\t\t<img loading=\"lazy\" decoding=\"async\" class=\"newsContent__article__imgCapa lazyloadDisabled \" src=\"https:\/\/files.sunoresearch.com.br\/n\/uploads\/2021\/09\/carteira-de-trabalho-digital_mcamgo_abr_240620211818-2-800x450.jpg\" width=\"800\" height=\"450\" alt=\"Acima das expectativas, Brasil cria 372 mil empregos em agosto, revela Caged\" fetchpriority=high \/>\n\t\t\t<\/picture>\n\n\t\t\t<figcaption class=\"wp-caption-text wp-caption-text--show\">Caged. Foto: Ag\u00eancia Brasil<\/figcaption>\n\t\t<\/figure>\n\t<\/div>\n\n\n\t<p>\n\t\t<a href=\"https:\/\/lp.suno.com.br\/planilha-controle-gastos\/\" target=\"_blank\" data-element=\"shortcode-suno-banner\" title=\"Banner SUNO, clique e saiba mais\">\n\t\t\t<picture>\n\t\t\t\t<source media=\"(max-width: 500px)\" srcset=\"https:\/\/files.sunoresearch.com.br\/n\/uploads\/2023\/03\/400x300-Planilha-controle-de-gastos.png\">\n\t\t\t\t<img class=\"newsContent__article__imgCapa newsContent__article__imgCapa--banner\"\n\t\t\t\t\tsrc=\"https:\/\/files.sunoresearch.com.br\/n\/uploads\/2023\/03\/1420x240-Planilha-controle-de-gastos.png\"\n\t\t\t\t\tdata-promo-id=\"101751\"\t\t\t\t\t\t\t\t\t\twidth='1420' height='240'\t\t\t\t\talt=\"https:\/\/files.sunoresearch.com.br\/n\/uploads\/2023\/03\/1420x240-Planilha-controle-de-gastos.png\"\n\t\t\t\t>\n\t\t\t<\/picture>\n\t\t<\/a>\n\t<\/p>\n\n\n<p><a href=\"https:\/\/www.suno.com.br\/artigos\/desemprego\">Segundo os novos dados do emprego do <strong>Caged<\/strong><\/a>, o sal\u00e1rio m\u00e9dio de admiss\u00e3o caiu 1,42% na compara\u00e7\u00e3o com o m\u00eas anterior, ficando em R$ 1.792,07.<img decoding=\"async\" style=\"width: 1px; height: 1px;\" src=\"https:\/\/agenciabrasil.ebc.com.br\/ebc.png?id=1422934&amp;o=rss\" \/><img decoding=\"async\" style=\"width: 1px; height: 1px;\" src=\"https:\/\/agenciabrasil.ebc.com.br\/ebc.gif?id=1422934&amp;o=rss\" \/><\/p>\n<p>No acumulado no ano, o saldo passou a somar 2.203.987 postos ocupados, decorrente de 13.082.860 de admiss\u00f5es e de 10.878.873 demiss\u00f5es.<\/p>\n\t<div data-element=\"shortcode-read-more\" class=\"knowMore\">\n\t\t\t\t<span class=\"knowMore__title\">Leia mais<\/span>\n\t\t\t\t<a class=\"knowMore__link\" href=\"https:\/\/www.suno.com.br\/noticias\/desempregocai-junho-pesquisa-ipea\/\">\n\t\t\tDesemprego cai para 13,7% em junho, segundo pesquisa do Ipea\t\t<\/a>\n\t<\/div>\n\n\n<p>O estoque nacional, que \u00e9 a quantidade total de v\u00ednculos celetistas ativos, em agosto de 2021, contabilizou 41.566.955, o que representa uma varia\u00e7\u00e3o de 0,9% em rela\u00e7\u00e3o ao estoque do m\u00eas anterior.<\/p>\n<p>De acordo com o <strong>Novo\u00a0Caged<\/strong>, em agosto, os dados registraram saldo positivo no n\u00edvel de emprego nos cinco grandes grupamentos de atividades econ\u00f4micas: servi\u00e7os (+180.660 postos), distribu\u00eddo principalmente nas atividades de informa\u00e7\u00e3o, comunica\u00e7\u00e3o e atividades financeiras, imobili\u00e1rias, profissionais e administrativas (+79.832 postos); com\u00e9rcio (+77.769 postos); ind\u00fastria geral (+72.694 postos), concentrado na <a class=\"suno-keyword\" href=\"https:\/\/www.suno.com.br\/artigos\/industria-de-transformacao\/\" target=\"_blank\" rel=\"noopener\" data-force=\"no\" data-priority=\"1\">ind\u00fastria de transforma\u00e7\u00e3o<\/a> (+69.266 postos); constru\u00e7\u00e3o (+32.005 postos); e agricultura, pecu\u00e1ria, produ\u00e7\u00e3o florestal, pesca e aquicultura (+9.232 postos).<\/p>\n\t<p>\n\t\t<a href=\"https:\/\/lp.suno.com.br\/planilha-da-vida-financeira\/\" target=\"_blank\" data-element=\"shortcode-suno-banner\" title=\"Banner SUNO, clique e saiba mais\">\n\t\t\t<picture>\n\t\t\t\t<source media=\"(max-width: 500px)\" srcset=\"https:\/\/files.sunoresearch.com.br\/n\/uploads\/2023\/04\/400x300-Planilha-vida-financeira-true.png\">\n\t\t\t\t<img class=\"newsContent__article__imgCapa newsContent__article__imgCapa--banner\"\n\t\t\t\t\tsrc=\"https:\/\/files.sunoresearch.com.br\/n\/uploads\/2023\/04\/1420x240-Planilha-vida-financeira-true.png\"\n\t\t\t\t\tdata-promo-id=\"106682\"\t\t\t\t\t\t\t\t\t\twidth='1420' height='240'\t\t\t\t\talt=\"https:\/\/files.sunoresearch.com.br\/n\/uploads\/2023\/04\/1420x240-Planilha-vida-financeira-true.png\"\n\t\t\t\t>\n\t\t\t<\/picture>\n\t\t<\/a>\n\t<\/p>\n\n\n<h2>Emprego por regi\u00f5es e estados<\/h2>\n<p><a href=\"https:\/\/www.suno.com.br\/artigos\/crescimento-economico\">A Regi\u00e3o Sudeste foi a que gerou mais postos de trabalho<\/a>. O saldo positivo ficou em 185.930 vagas, o que corresponde a um aumento de 0,88% ante julho. No Nordeste foram criados 82.878 postos (+1,25%); na Regi\u00e3o Sul o saldo tamb\u00e9m ficou positivo (54.079 postos, +0,69%), a exemplo do Centro-Oeste (+29.690 postos, +0,84%) e do Norte (+19.778 postos, +1,03%).<\/p>\n<p>S\u00e3o Paulo foi o estado que registrou o maior saldo positivo, com 113.836 novos postos de trabalho (alta de 0,89% na compara\u00e7\u00e3o com julho); seguido de Minas Gerais, com 43.310 novas vagas (alta de 0,99% na compara\u00e7\u00e3o com o m\u00eas anterior) e do Rio\u00a0de Janeiro, com 22.960 novos postos (alta de 0,71%, na compara\u00e7\u00e3o com julho).<\/p>\n\t<p>\n\t\t<a href=\"https:\/\/lp.suno.com.br\/ebook-como-analisar-uma-acao\/\" target=\"_blank\" data-element=\"shortcode-suno-banner\" title=\"Banner SUNO, clique e saiba mais\">\n\t\t\t<picture>\n\t\t\t\t<source media=\"(max-width: 500px)\" srcset=\"https:\/\/files.sunoresearch.com.br\/n\/uploads\/2023\/03\/Ebook-Acoes-Mobile-1.jpg\">\n\t\t\t\t<img class=\"newsContent__article__imgCapa newsContent__article__imgCapa--banner\"\n\t\t\t\t\tsrc=\"https:\/\/files.sunoresearch.com.br\/n\/uploads\/2023\/03\/Ebook-Acoes-Desktop-1.jpg\"\n\t\t\t\t\tdata-promo-id=\"171998\"\t\t\t\t\t\t\t\t\t\twidth='1420' height='286'\t\t\t\t\talt=\"https:\/\/files.sunoresearch.com.br\/n\/uploads\/2023\/03\/Ebook-Acoes-Desktop-1.jpg\"\n\t\t\t\t>\n\t\t\t<\/picture>\n\t\t<\/a>\n\t<\/p>\n\n\n<p>J\u00e1 as unidades federativas com o menor saldo foram o Acre (346 novos postos; crescimento de 0,38% ante ao m\u00eas anterior); Roraima: (saldo de 592 postos; crescimento de 0,98%); e Amap\u00e1 (saldo de 882 postos; +1,28%).<\/p>\n<h2>Sal\u00e1rio m\u00e9dio de admiss\u00e3o<\/h2>\n<p>O <strong>sal\u00e1rio<\/strong> m\u00e9dio de admiss\u00e3o em agosto de 2021 ( R$ 1.792,07) apresenta uma queda real de R$ 25,78 na compara\u00e7\u00e3o com julho de 2021. A varia\u00e7\u00e3o corresponde a um percentual de -1,42%.<\/p>\n<p><a href=\"https:\/\/www.suno.com.br\/artigos\/tipos-de-industrias\/\">A maior queda foi na <strong>ind\u00fastria<\/strong><\/a>, onde a redu\u00e7\u00e3o\u00a0do valor m\u00e9dio de admiss\u00e3o (-2,83%) resultou em um sal\u00e1rio inicial de R$ 1.755,22. Na sequ\u00eancia ficou o setor de agricultura, pecu\u00e1ria, produ\u00e7\u00e3o florestal, pesca e aquicultura, cuja queda m\u00e9dia no sal\u00e1rio de admiss\u00e3o\u00a0reduziu 2,56%, resultando em um sal\u00e1rio\u00a0R$ 1.493,27.<\/p>\n\t<p>\n\t\t<a href=\"https:\/\/lp.suno.com.br\/planilha-de-controle-de-investimentos\/\" target=\"_blank\" data-element=\"shortcode-suno-banner\" title=\"Banner SUNO, clique e saiba mais\">\n\t\t\t<picture>\n\t\t\t\t<source media=\"(max-width: 500px)\" srcset=\"https:\/\/files.sunoresearch.com.br\/n\/uploads\/2023\/03\/400x300-Controle-de-Investimentos.png\">\n\t\t\t\t<img class=\"newsContent__article__imgCapa newsContent__article__imgCapa--banner\"\n\t\t\t\t\tsrc=\"https:\/\/files.sunoresearch.com.br\/n\/uploads\/2023\/03\/1420x240-Controle-de-Investimentos.png\"\n\t\t\t\t\tdata-promo-id=\"75934\"\t\t\t\t\t\t\t\t\t\twidth='1420' height='240'\t\t\t\t\talt=\"https:\/\/files.sunoresearch.com.br\/n\/uploads\/2023\/03\/1420x240-Controle-de-Investimentos.png\"\n\t\t\t\t>\n\t\t\t<\/picture>\n\t\t<\/a>\n\t<\/p>\n\n\n<p>O setor de <strong>servi\u00e7os<\/strong> vem em seguida, com queda m\u00e9dia de 1,77%, resultando em um sal\u00e1rio de admiss\u00e3o de R$ 1.947,92. J\u00e1 a queda do sal\u00e1rio m\u00e9dio de admiss\u00e3o do setor de com\u00e9rcio; repara\u00e7\u00e3o de ve\u00edculos automotores e motocicletas ficou em 0,59%. Com isso, o sal\u00e1rio m\u00e9dio inicial do setor est\u00e1 em R$ 1.544,73.<\/p>\n<h2>Trabalho Intermitente<\/h2>\n<p>Em agosto de 2021, houve 26.554 admiss\u00f5es e 14.766 <a href=\"https:\/\/www.suno.com.br\/artigos\/investimentos\/\">desligamentos na modalidade de trabalho intermitente<\/a>, gerando saldo de 11.788 empregos, envolvendo 5.662 estabelecimentos contratantes. Um total de 259 empregados celebrou mais de um contrato na condi\u00e7\u00e3o de trabalhador intermitente.<\/p>\n<p>\u201cDo ponto de vista das atividades econ\u00f4micas, o saldo de <strong>emprego<\/strong> na modalidade de trabalho intermitente distribuiu-se por servi\u00e7os (+7.095 postos), com\u00e9rcio (+1.986 postos), constru\u00e7\u00e3o (+1.607 postos), ind\u00fastria geral (+1.126 postos), e agropecu\u00e1ria (-26 postos)\u201d, informou o Minist\u00e9rio do Trabalho.<\/p>\n<p><em>Com informa\u00e7\u00f5es da Ag\u00eancia Brasil<\/em><\/p>\n\t<p>\n\t\t<a href=\"\" target=\"_blank\" data-element=\"shortcode-suno-banner\" title=\"Banner SUNO, clique e saiba mais\">\n\t\t\t<picture>\n\t\t\t\t<source media=\"(max-width: 500px)\" srcset=\"\">\n\t\t\t\t<img class=\"newsContent__article__imgCapa newsContent__article__imgCapa--banner\"\n\t\t\t\t\tsrc=\"\"\n\t\t\t\t\tdata-promo-id=\"184190\"\t\t\t\t\t\t\t\t\t\t\t\t\t\t\talt=\"\"\n\t\t\t\t>\n\t\t\t<\/picture>\n\t\t<\/a>\n\t<\/p>\n\n\n","protected":false},"excerpt":{"rendered":"<p>O Brasil registrou um saldo de 372,2 mil empregos formais no m\u00eas de agosto de 2021, em saldo resultante de 1,8 milh\u00e3o de contrata\u00e7\u00f5es e 1,4 milh\u00e3o de demiss\u00f5es. Os dados s\u00e3o do Cadastro Geral de Empregados e Desempregados (Novo Caged) divulgados nesta quarta (29) pelo Minist\u00e9rio do Trabalho. Caged. Foto: Ag\u00eancia Brasil Segundo os [&hellip;]<\/p>\n","protected":false},"author":73,"featured_media":188859,"comment_status":"closed","ping_status":"closed","sticky":false,"template":"","format":"standard","meta":[],"categories":[62],"tags":[106444,1296,1796,106154],"suno_strategy":[],"class_list":["post-188834","post","type-post","status-publish","format-standard","has-post-thumbnail","hentry","category-economia","tag-agencias","tag-desemprego","tag-emprego","tag-pesquisas"],"yoast_head":"<!-- This site is optimized with the Yoast SEO plugin v24.4 - https:\/\/yoast.com\/wordpress\/plugins\/seo\/ -->\n<title>Acima das expectativas, Brasil cria 372 mil empregos em agosto<\/title>\n<meta name=\"description\" content=\"Dados de emprego do Novo Caged apontam saldo resultante de 1,8 milh\u00e3o de contrata\u00e7\u00f5es e 1,4 milh\u00e3o de demiss\u00f5es. Clique aqui e leia mais.\" \/>\n<meta name=\"robots\" content=\"index, follow, max-snippet:-1, max-image-preview:large, max-video-preview:-1\" \/>\n<link rel=\"canonical\" href=\"https:\/\/www.suno.com.br\/noticias\/acima-expectativas-brasil-372-mil-empregos-agosto\/\" \/>\n<meta property=\"og:locale\" content=\"pt_BR\" \/>\n<meta property=\"og:type\" content=\"article\" \/>\n<meta property=\"og:title\" content=\"Acima das expectativas, Brasil cria 372 mil empregos em agosto\" \/>\n<meta property=\"og:description\" content=\"Dados de emprego do Novo Caged apontam saldo resultante de 1,8 milh\u00e3o de contrata\u00e7\u00f5es e 1,4 milh\u00e3o de demiss\u00f5es. Clique aqui e leia mais.\" \/>\n<meta property=\"og:url\" content=\"https:\/\/www.suno.com.br\/noticias\/acima-expectativas-brasil-372-mil-empregos-agosto\/\" \/>\n<meta property=\"og:site_name\" content=\"Suno Not\u00edcias\" \/>\n<meta property=\"article:publisher\" content=\"https:\/\/facebook.com\/sunoresearch\" \/>\n<meta property=\"og:image\" content=\"https:\/\/files.sunoresearch.com.br\/n\/uploads\/2021\/09\/carteira-de-trabalho-digital_mcamgo_abr_240620211818-2-scaled.jpg\" \/>\n\t<meta property=\"og:image:width\" content=\"2560\" \/>\n\t<meta property=\"og:image:height\" content=\"1707\" \/>\n\t<meta property=\"og:image:type\" content=\"image\/jpeg\" \/>\n<meta name=\"author\" content=\"Eduardo Vargas\" \/>\n<meta name=\"twitter:card\" content=\"summary_large_image\" \/>\n<meta name=\"twitter:creator\" content=\"@sunoresearch\" \/>\n<meta name=\"twitter:site\" content=\"@sunoresearch\" \/>\n<meta name=\"twitter:label1\" content=\"Escrito por\" \/>\n\t<meta name=\"twitter:data1\" content=\"Eduardo Vargas\" \/>\n\t<meta name=\"twitter:label2\" content=\"Est. tempo de leitura\" \/>\n\t<meta name=\"twitter:data2\" content=\"4 minutos\" \/>\n<script type=\"application\/ld+json\" class=\"yoast-schema-graph\">{\"@context\":\"https:\/\/schema.org\",\"@graph\":[{\"@type\":\"NewsArticle\",\"@id\":\"https:\/\/www.suno.com.br\/noticias\/acima-expectativas-brasil-372-mil-empregos-agosto\/#article\",\"isPartOf\":{\"@id\":\"https:\/\/www.suno.com.br\/noticias\/acima-expectativas-brasil-372-mil-empregos-agosto\/\"},\"author\":{\"name\":\"Eduardo Vargas\",\"@id\":\"https:\/\/www.suno.com.br\/noticias\/#\/schema\/person\/7f4d362bf3518e76090143ae77bb49a5\"},\"headline\":\"Acima das expectativas, Brasil cria 372 mil empregos em agosto, revela Caged\",\"datePublished\":\"2021-09-29T16:46:25+00:00\",\"mainEntityOfPage\":{\"@id\":\"https:\/\/www.suno.com.br\/noticias\/acima-expectativas-brasil-372-mil-empregos-agosto\/\"},\"wordCount\":635,\"publisher\":{\"@id\":\"https:\/\/www.suno.com.br\/noticias\/#organization\"},\"image\":{\"@id\":\"https:\/\/www.suno.com.br\/noticias\/acima-expectativas-brasil-372-mil-empregos-agosto\/#primaryimage\"},\"thumbnailUrl\":\"https:\/\/files.sunoresearch.com.br\/n\/uploads\/2021\/09\/carteira-de-trabalho-digital_mcamgo_abr_240620211818-2-scaled.jpg\",\"keywords\":[\"Ag\u00eancias\",\"Desemprego\",\"Emprego\",\"Pesquisas\"],\"articleSection\":[\"Economia\"],\"inLanguage\":\"pt-BR\"},{\"@type\":\"WebPage\",\"@id\":\"https:\/\/www.suno.com.br\/noticias\/acima-expectativas-brasil-372-mil-empregos-agosto\/\",\"url\":\"https:\/\/www.suno.com.br\/noticias\/acima-expectativas-brasil-372-mil-empregos-agosto\/\",\"name\":\"Acima das expectativas, Brasil cria 372 mil empregos em agosto\",\"isPartOf\":{\"@id\":\"https:\/\/www.suno.com.br\/noticias\/#website\"},\"primaryImageOfPage\":{\"@id\":\"https:\/\/www.suno.com.br\/noticias\/acima-expectativas-brasil-372-mil-empregos-agosto\/#primaryimage\"},\"image\":{\"@id\":\"https:\/\/www.suno.com.br\/noticias\/acima-expectativas-brasil-372-mil-empregos-agosto\/#primaryimage\"},\"thumbnailUrl\":\"https:\/\/files.sunoresearch.com.br\/n\/uploads\/2021\/09\/carteira-de-trabalho-digital_mcamgo_abr_240620211818-2-scaled.jpg\",\"datePublished\":\"2021-09-29T16:46:25+00:00\",\"description\":\"Dados de emprego do Novo Caged apontam saldo resultante de 1,8 milh\u00e3o de contrata\u00e7\u00f5es e 1,4 milh\u00e3o de demiss\u00f5es. Clique aqui e leia mais.\",\"breadcrumb\":{\"@id\":\"https:\/\/www.suno.com.br\/noticias\/acima-expectativas-brasil-372-mil-empregos-agosto\/#breadcrumb\"},\"inLanguage\":\"pt-BR\",\"potentialAction\":[{\"@type\":\"ReadAction\",\"target\":[\"https:\/\/www.suno.com.br\/noticias\/acima-expectativas-brasil-372-mil-empregos-agosto\/\"]}]},{\"@type\":\"ImageObject\",\"inLanguage\":\"pt-BR\",\"@id\":\"https:\/\/www.suno.com.br\/noticias\/acima-expectativas-brasil-372-mil-empregos-agosto\/#primaryimage\",\"url\":\"https:\/\/files.sunoresearch.com.br\/n\/uploads\/2021\/09\/carteira-de-trabalho-digital_mcamgo_abr_240620211818-2-scaled.jpg\",\"contentUrl\":\"https:\/\/files.sunoresearch.com.br\/n\/uploads\/2021\/09\/carteira-de-trabalho-digital_mcamgo_abr_240620211818-2-scaled.jpg\",\"width\":2560,\"height\":1707,\"caption\":\"Caged. Foto: Ag\u00eancia Brasil\"},{\"@type\":\"BreadcrumbList\",\"@id\":\"https:\/\/www.suno.com.br\/noticias\/acima-expectativas-brasil-372-mil-empregos-agosto\/#breadcrumb\",\"itemListElement\":[{\"@type\":\"ListItem\",\"position\":1,\"name\":\"Not\u00edcias\",\"item\":\"https:\/\/www.suno.com.br\/noticias\/\"},{\"@type\":\"ListItem\",\"position\":2,\"name\":\"Economia\",\"item\":\"https:\/\/www.suno.com.br\/noticias\/economia\/\"},{\"@type\":\"ListItem\",\"position\":3,\"name\":\"Acima das expectativas, Brasil cria 372 mil empregos em agosto, revela Caged\"}]},{\"@type\":\"WebSite\",\"@id\":\"https:\/\/www.suno.com.br\/noticias\/#website\",\"url\":\"https:\/\/www.suno.com.br\/noticias\/\",\"name\":\"Suno Not\u00edcias\",\"description\":\"Seu portal de informa\u00e7\u00e3o sobre o mundo dos investimentos\",\"publisher\":{\"@id\":\"https:\/\/www.suno.com.br\/noticias\/#organization\"},\"potentialAction\":[{\"@type\":\"SearchAction\",\"target\":{\"@type\":\"EntryPoint\",\"urlTemplate\":\"https:\/\/www.suno.com.br\/noticias\/?s={search_term_string}\"},\"query-input\":{\"@type\":\"PropertyValueSpecification\",\"valueRequired\":true,\"valueName\":\"search_term_string\"}}],\"inLanguage\":\"pt-BR\"},{\"@type\":\"Organization\",\"@id\":\"https:\/\/www.suno.com.br\/noticias\/#organization\",\"name\":\"Suno Not\u00edcias\",\"url\":\"https:\/\/www.suno.com.br\/noticias\/\",\"logo\":{\"@type\":\"ImageObject\",\"inLanguage\":\"pt-BR\",\"@id\":\"https:\/\/www.suno.com.br\/noticias\/#\/schema\/logo\/image\/\",\"url\":\"https:\/\/files.sunoresearch.com.br\/n\/uploads\/2021\/09\/suno-logo.png\",\"contentUrl\":\"https:\/\/files.sunoresearch.com.br\/n\/uploads\/2021\/09\/suno-logo.png\",\"width\":180,\"height\":180,\"caption\":\"Suno Not\u00edcias\"},\"image\":{\"@id\":\"https:\/\/www.suno.com.br\/noticias\/#\/schema\/logo\/image\/\"},\"sameAs\":[\"https:\/\/facebook.com\/sunoresearch\",\"https:\/\/x.com\/sunoresearch\",\"https:\/\/www.instagram.com\/suno\",\"https:\/\/www.linkedin.com\/company\/suno-research\/\",\"https:\/\/www.youtube.com\/c\/sunoresearch\"]},{\"@type\":\"Person\",\"@id\":\"https:\/\/www.suno.com.br\/noticias\/#\/schema\/person\/7f4d362bf3518e76090143ae77bb49a5\",\"name\":\"Eduardo Vargas\",\"image\":{\"@type\":\"ImageObject\",\"inLanguage\":\"pt-BR\",\"@id\":\"https:\/\/www.suno.com.br\/noticias\/#\/schema\/person\/image\/\",\"url\":\"https:\/\/secure.gravatar.com\/avatar\/dac340933427a22924c9f99d1eb2e3f2?s=96&r=g\",\"contentUrl\":\"https:\/\/secure.gravatar.com\/avatar\/dac340933427a22924c9f99d1eb2e3f2?s=96&r=g\",\"caption\":\"Eduardo Vargas\"},\"description\":\"Jornalista formado pela UFSC, cobre macroeconomia, neg\u00f3cios e startups para o Suno Not\u00edcias, escrevendo principalmente not\u00edcias sobre o mercado financeiro e a bolsa de valores. No YouTube e no Instagram, \u00e9 respons\u00e1vel pela produ\u00e7\u00e3o de Reels e Shorts do Suno Not\u00edcias. Anteriormente, trabalhou cobrindo economia e cotidiano no ND+ e para o ND, maior jornal impresso de Santa Catarina. Cursou um semestre letivo de Estudos de M\u00eddia na Universidad de Buenos Aires.\",\"url\":\"https:\/\/www.suno.com.br\/noticias\/author\/eduardo-vargas\/\"}]}<\/script>\n<!-- \/ Yoast SEO plugin. -->","yoast_head_json":{"title":"Acima das expectativas, Brasil cria 372 mil empregos em agosto","description":"Dados de emprego do Novo Caged apontam saldo resultante de 1,8 milh\u00e3o de contrata\u00e7\u00f5es e 1,4 milh\u00e3o de demiss\u00f5es. Clique aqui e leia mais.","robots":{"index":"index","follow":"follow","max-snippet":"max-snippet:-1","max-image-preview":"max-image-preview:large","max-video-preview":"max-video-preview:-1"},"canonical":"https:\/\/www.suno.com.br\/noticias\/acima-expectativas-brasil-372-mil-empregos-agosto\/","og_locale":"pt_BR","og_type":"article","og_title":"Acima das expectativas, Brasil cria 372 mil empregos em agosto","og_description":"Dados de emprego do Novo Caged apontam saldo resultante de 1,8 milh\u00e3o de contrata\u00e7\u00f5es e 1,4 milh\u00e3o de demiss\u00f5es. Clique aqui e leia mais.","og_url":"https:\/\/www.suno.com.br\/noticias\/acima-expectativas-brasil-372-mil-empregos-agosto\/","og_site_name":"Suno Not\u00edcias","article_publisher":"https:\/\/facebook.com\/sunoresearch","og_image":[{"width":2560,"height":1707,"url":"https:\/\/files.sunoresearch.com.br\/n\/uploads\/2021\/09\/carteira-de-trabalho-digital_mcamgo_abr_240620211818-2-scaled.jpg","type":"image\/jpeg"}],"author":"Eduardo Vargas","twitter_card":"summary_large_image","twitter_creator":"@sunoresearch","twitter_site":"@sunoresearch","twitter_misc":{"Escrito por":"Eduardo Vargas","Est. tempo de leitura":"4 minutos"},"schema":{"@context":"https:\/\/schema.org","@graph":[{"@type":"NewsArticle","@id":"https:\/\/www.suno.com.br\/noticias\/acima-expectativas-brasil-372-mil-empregos-agosto\/#article","isPartOf":{"@id":"https:\/\/www.suno.com.br\/noticias\/acima-expectativas-brasil-372-mil-empregos-agosto\/"},"author":{"name":"Eduardo Vargas","@id":"https:\/\/www.suno.com.br\/noticias\/#\/schema\/person\/7f4d362bf3518e76090143ae77bb49a5"},"headline":"Acima das expectativas, Brasil cria 372 mil empregos em agosto, revela Caged","datePublished":"2021-09-29T16:46:25+00:00","mainEntityOfPage":{"@id":"https:\/\/www.suno.com.br\/noticias\/acima-expectativas-brasil-372-mil-empregos-agosto\/"},"wordCount":635,"publisher":{"@id":"https:\/\/www.suno.com.br\/noticias\/#organization"},"image":{"@id":"https:\/\/www.suno.com.br\/noticias\/acima-expectativas-brasil-372-mil-empregos-agosto\/#primaryimage"},"thumbnailUrl":"https:\/\/files.sunoresearch.com.br\/n\/uploads\/2021\/09\/carteira-de-trabalho-digital_mcamgo_abr_240620211818-2-scaled.jpg","keywords":["Ag\u00eancias","Desemprego","Emprego","Pesquisas"],"articleSection":["Economia"],"inLanguage":"pt-BR"},{"@type":"WebPage","@id":"https:\/\/www.suno.com.br\/noticias\/acima-expectativas-brasil-372-mil-empregos-agosto\/","url":"https:\/\/www.suno.com.br\/noticias\/acima-expectativas-brasil-372-mil-empregos-agosto\/","name":"Acima das expectativas, Brasil cria 372 mil empregos em agosto","isPartOf":{"@id":"https:\/\/www.suno.com.br\/noticias\/#website"},"primaryImageOfPage":{"@id":"https:\/\/www.suno.com.br\/noticias\/acima-expectativas-brasil-372-mil-empregos-agosto\/#primaryimage"},"image":{"@id":"https:\/\/www.suno.com.br\/noticias\/acima-expectativas-brasil-372-mil-empregos-agosto\/#primaryimage"},"thumbnailUrl":"https:\/\/files.sunoresearch.com.br\/n\/uploads\/2021\/09\/carteira-de-trabalho-digital_mcamgo_abr_240620211818-2-scaled.jpg","datePublished":"2021-09-29T16:46:25+00:00","description":"Dados de emprego do Novo Caged apontam saldo resultante de 1,8 milh\u00e3o de contrata\u00e7\u00f5es e 1,4 milh\u00e3o de demiss\u00f5es. Clique aqui e leia mais.","breadcrumb":{"@id":"https:\/\/www.suno.com.br\/noticias\/acima-expectativas-brasil-372-mil-empregos-agosto\/#breadcrumb"},"inLanguage":"pt-BR","potentialAction":[{"@type":"ReadAction","target":["https:\/\/www.suno.com.br\/noticias\/acima-expectativas-brasil-372-mil-empregos-agosto\/"]}]},{"@type":"ImageObject","inLanguage":"pt-BR","@id":"https:\/\/www.suno.com.br\/noticias\/acima-expectativas-brasil-372-mil-empregos-agosto\/#primaryimage","url":"https:\/\/files.sunoresearch.com.br\/n\/uploads\/2021\/09\/carteira-de-trabalho-digital_mcamgo_abr_240620211818-2-scaled.jpg","contentUrl":"https:\/\/files.sunoresearch.com.br\/n\/uploads\/2021\/09\/carteira-de-trabalho-digital_mcamgo_abr_240620211818-2-scaled.jpg","width":2560,"height":1707,"caption":"Caged. Foto: Ag\u00eancia Brasil"},{"@type":"BreadcrumbList","@id":"https:\/\/www.suno.com.br\/noticias\/acima-expectativas-brasil-372-mil-empregos-agosto\/#breadcrumb","itemListElement":[{"@type":"ListItem","position":1,"name":"Not\u00edcias","item":"https:\/\/www.suno.com.br\/noticias\/"},{"@type":"ListItem","position":2,"name":"Economia","item":"https:\/\/www.suno.com.br\/noticias\/economia\/"},{"@type":"ListItem","position":3,"name":"Acima das expectativas, Brasil cria 372 mil empregos em agosto, revela Caged"}]},{"@type":"WebSite","@id":"https:\/\/www.suno.com.br\/noticias\/#website","url":"https:\/\/www.suno.com.br\/noticias\/","name":"Suno Not\u00edcias","description":"Seu portal de informa\u00e7\u00e3o sobre o mundo dos investimentos","publisher":{"@id":"https:\/\/www.suno.com.br\/noticias\/#organization"},"potentialAction":[{"@type":"SearchAction","target":{"@type":"EntryPoint","urlTemplate":"https:\/\/www.suno.com.br\/noticias\/?s={search_term_string}"},"query-input":{"@type":"PropertyValueSpecification","valueRequired":true,"valueName":"search_term_string"}}],"inLanguage":"pt-BR"},{"@type":"Organization","@id":"https:\/\/www.suno.com.br\/noticias\/#organization","name":"Suno Not\u00edcias","url":"https:\/\/www.suno.com.br\/noticias\/","logo":{"@type":"ImageObject","inLanguage":"pt-BR","@id":"https:\/\/www.suno.com.br\/noticias\/#\/schema\/logo\/image\/","url":"https:\/\/files.sunoresearch.com.br\/n\/uploads\/2021\/09\/suno-logo.png","contentUrl":"https:\/\/files.sunoresearch.com.br\/n\/uploads\/2021\/09\/suno-logo.png","width":180,"height":180,"caption":"Suno Not\u00edcias"},"image":{"@id":"https:\/\/www.suno.com.br\/noticias\/#\/schema\/logo\/image\/"},"sameAs":["https:\/\/facebook.com\/sunoresearch","https:\/\/x.com\/sunoresearch","https:\/\/www.instagram.com\/suno","https:\/\/www.linkedin.com\/company\/suno-research\/","https:\/\/www.youtube.com\/c\/sunoresearch"]},{"@type":"Person","@id":"https:\/\/www.suno.com.br\/noticias\/#\/schema\/person\/7f4d362bf3518e76090143ae77bb49a5","name":"Eduardo Vargas","image":{"@type":"ImageObject","inLanguage":"pt-BR","@id":"https:\/\/www.suno.com.br\/noticias\/#\/schema\/person\/image\/","url":"https:\/\/secure.gravatar.com\/avatar\/dac340933427a22924c9f99d1eb2e3f2?s=96&r=g","contentUrl":"https:\/\/secure.gravatar.com\/avatar\/dac340933427a22924c9f99d1eb2e3f2?s=96&r=g","caption":"Eduardo Vargas"},"description":"Jornalista formado pela UFSC, cobre macroeconomia, neg\u00f3cios e startups para o Suno Not\u00edcias, escrevendo principalmente not\u00edcias sobre o mercado financeiro e a bolsa de valores. No YouTube e no Instagram, \u00e9 respons\u00e1vel pela produ\u00e7\u00e3o de Reels e Shorts do Suno Not\u00edcias. Anteriormente, trabalhou cobrindo economia e cotidiano no ND+ e para o ND, maior jornal impresso de Santa Catarina. Cursou um semestre letivo de Estudos de M\u00eddia na Universidad de Buenos Aires.","url":"https:\/\/www.suno.com.br\/noticias\/author\/eduardo-vargas\/"}]}},"default_loop_html":"<div class=\"cardsPage__listCard__boxs\"><div class=\"cardsPage__listCard__boxs__img\"><a href=\"https:\/\/www.suno.com.br\/noticias\/acima-expectativas-brasil-372-mil-empregos-agosto\/\"><img class=\"mask\" src=\"https:\/\/www.suno.com.br\/noticias\/wp-content\/themes\/suno\/resources\/images\/spotlight\/spotlight1img\/bg-mask.png\" alt=\"Image Mask\"\/><img src=\"https:\/\/files.sunoresearch.com.br\/n\/uploads\/2021\/09\/carteira-de-trabalho-digital_mcamgo_abr_240620211818-2-400x200.jpg\" alt=\"Acima das expectativas, Brasil cria 372 mil empregos em agosto, revela Caged\"\/><\/a><span class=\"spotlightCategory\"><a href=\"https:\/\/www.suno.com.br\/noticias\/economia\/\">Economia<\/a><\/span><\/div><div class=\"cardsPage__listCard__boxs__content\"><a href=\"https:\/\/www.suno.com.br\/noticias\/acima-expectativas-brasil-372-mil-empregos-agosto\/\"><h2 class=\"content__title\">Acima das expectativas, Brasil cria 372 mil empregos em agosto, revela Caged<\/h2><\/a><div class=\"newsContent__article__meta\"><div class=\"newsContent__article__meta__authorBox\"><a href=\"https:\/\/www.suno.com.br\/noticias\/author\/eduardo-vargas\/\" class=\"authorBox__avatar noMobi\"><img src=\"https:\/\/secure.gravatar.com\/avatar\/dac340933427a22924c9f99d1eb2e3f2?s=96&#038;r=g\" alt=\"Eduardo Vargas\"><\/a><div class=\"authorBox__name\"><span>por\n\t\t\t<a href=\"https:\/\/www.suno.com.br\/noticias\/author\/eduardo-vargas\/\"><span itemprop=\"author\">Eduardo Vargas<\/span><\/a><\/span><time datetime=\"2021-09-29T13:46:25-03:00\" itemprop=\"datePublished\">29\/09\/2021 13:46<\/time><\/div><\/div><\/div><\/div><\/div>","single_layout":"posts","amp_enabled":true,"_links":{"self":[{"href":"https:\/\/www.suno.com.br\/noticias\/wp-json\/wp\/v2\/posts\/188834"}],"collection":[{"href":"https:\/\/www.suno.com.br\/noticias\/wp-json\/wp\/v2\/posts"}],"about":[{"href":"https:\/\/www.suno.com.br\/noticias\/wp-json\/wp\/v2\/types\/post"}],"author":[{"embeddable":true,"href":"https:\/\/www.suno.com.br\/noticias\/wp-json\/wp\/v2\/users\/73"}],"replies":[{"embeddable":true,"href":"https:\/\/www.suno.com.br\/noticias\/wp-json\/wp\/v2\/comments?post=188834"}],"version-history":[{"count":4,"href":"https:\/\/www.suno.com.br\/noticias\/wp-json\/wp\/v2\/posts\/188834\/revisions"}],"predecessor-version":[{"id":188900,"href":"https:\/\/www.suno.com.br\/noticias\/wp-json\/wp\/v2\/posts\/188834\/revisions\/188900"}],"wp:featuredmedia":[{"embeddable":true,"href":"https:\/\/www.suno.com.br\/noticias\/wp-json\/wp\/v2\/media\/188859"}],"wp:attachment":[{"href":"https:\/\/www.suno.com.br\/noticias\/wp-json\/wp\/v2\/media?parent=188834"}],"wp:term":[{"taxonomy":"category","embeddable":true,"href":"https:\/\/www.suno.com.br\/noticias\/wp-json\/wp\/v2\/categories?post=188834"},{"taxonomy":"post_tag","embeddable":true,"href":"https:\/\/www.suno.com.br\/noticias\/wp-json\/wp\/v2\/tags?post=188834"},{"taxonomy":"suno_strategy","embeddable":true,"href":"https:\/\/www.suno.com.br\/noticias\/wp-json\/wp\/v2\/suno_strategy?post=188834"}],"curies":[{"name":"wp","href":"https:\/\/api.w.org\/{rel}","templated":true}]}}