{"id":18877,"date":"2019-03-24T11:37:33","date_gmt":"2019-03-24T14:37:33","guid":{"rendered":"https:\/\/www.suno.com.br\/noticias\/?p=18877"},"modified":"2021-06-13T23:47:13","modified_gmt":"2021-06-14T02:47:13","slug":"a-seguir-crise-na-reforma-temer-preso-e-indicios-de-desaceleracao-nos-eua","status":"publish","type":"post","link":"https:\/\/www.suno.com.br\/noticias\/a-seguir-crise-na-reforma-temer-preso-e-indicios-de-desaceleracao-nos-eua\/","title":{"rendered":"A Seguir: Crise na Reforma, Temer Preso e Ind\u00edcios de Desacelera\u00e7\u00e3o nos EUA"},"content":{"rendered":"<h2>O que deve movimentar a semana no Brasil<\/h2>\n<p>No Brasil a situa\u00e7\u00e3o pol\u00edtica continua a ter forte influ\u00eancia na Bolsa.<\/p>\t<div class=\"wrapper-featured-image\">\n\t\t<figure class=\"spotlightImg\">\n\n\t\t\t<picture>\n\t\t\t\t<source media=\"(max-width: 768px)\" srcset=\"https:\/\/files.sunoresearch.com.br\/n\/uploads\/2019\/03\/db6cde08-nik-shuliahin-418684-unsplash-400x200.webp\">\n\t\t\t\t<img loading=\"lazy\" decoding=\"async\" class=\"newsContent__article__imgCapa lazyloadDisabled newsContent__article__imgCapa--noCaption\" src=\"https:\/\/files.sunoresearch.com.br\/n\/uploads\/2019\/03\/db6cde08-nik-shuliahin-418684-unsplash-800x450.webp\" width=\"800\" height=\"450\" alt=\"A Seguir: Crise na Reforma, Temer Preso e Ind\u00edcios de Desacelera\u00e7\u00e3o nos EUA\" fetchpriority=high \/>\n\t\t\t<\/picture>\n\n\t\t\t<figcaption class=\"wp-caption-text wp-caption-text--hide\"><\/figcaption>\n\t\t<\/figure>\n\t<\/div>\n\n<h2>O que deve movimentar a semana no Brasil<\/h2>\n\n<p><strong>IBOV perde os 100.000 com pris\u00e3o de Temer<\/strong><\/p>\n<p>Logo ap\u00f3s batermos a marca hist\u00f3rica dos 100.000 pontos pela primeira vez na hist\u00f3ria (em termos nominais) uma s\u00e9rie de eventos pol\u00edticos impactou o mercado trazendo o IBOV para baixo dos 94 mil pontos.<\/p>\n<p>O in\u00edcio das complica\u00e7\u00f5es se deu com a pris\u00e3o do ex Presidente Temer na \u00faltima semana durante mais uma fase da opera\u00e7\u00e3o Lava Jato.<\/p>\n<p><a href=\"https:\/\/www.suno.com.br\/noticias\/prisao-temer-imprensa-internacional\/\">Veja mais:\u00a0Pris\u00e3o de Michel Temer: confira a repercuss\u00e3o na imprensa internacional\u00a0<\/a><\/p>\n<p>Durante a mesma opera\u00e7\u00e3o o ex governador do rio Moreira Franco tamb\u00e9m foi preso.<\/p>\n<hr \/>\n<p><strong>Maia Amea\u00e7a deixar articula\u00e7\u00e3o para reforma da previd\u00eancia<\/strong><\/p>\n<p>Os acontecimentos culminaram com a declara\u00e7\u00e3o de Maia \u2013 aliado pol\u00edtico de Temer no MDB e genro de Moreira Franco \u2013 considerando deixar a articula\u00e7\u00e3o para a aprova\u00e7\u00e3o da reforma.<\/p>\n<p>Veja mais: <a href=\"https:\/\/www.suno.com.br\/noticias\/ibovespa-desaba-rodrigo-maia\/\">Ap\u00f3s dois golpes, Ibovespa desaba ainda mais com declara\u00e7\u00e3o de Rodrigo Maia\u00a0<\/a><\/p>\n<p>Tais acontecimentos somados ao descontentamento geral com a proposta de reforma para a aposentadoria dos militares que foi consideravelmente mais branda do que o esperado, teve um impacto fortemente negativo no mercado.<\/p>\n<p>As conversas para que Bolsonaro e Maia se encontrem amanh\u00e3 (segunda-feira) para discutir como realinhar o processo de aprova\u00e7\u00e3o da reforma j\u00e1 foram iniciadas, e as expectativas s\u00e3o grandes.<\/p>\n<hr \/>\n<p><strong>Reuni\u00e3o do COPOM tamb\u00e9m \u00e9 destaque<\/strong><\/p>\n<p>Saindo um pouco do campo pol\u00edtico nessa semana tamb\u00e9m teremos a minuta da reuni\u00e3o do COPOM, que deve ser liberada na ter\u00e7a-feira (26).<\/p>\n<p>A expectativa \u00e9 de que os coment\u00e1rios da ata indiquem o que esperar sobre a pol\u00edtica monet\u00e1ria e econ\u00f4mica no curto e m\u00e9dio prazo.<\/p>\n<p>O papel dessas decis\u00f5es tem se tornado cada vez mais relevante para garantir o crescimento do pa\u00eds, uma vez que o cen\u00e1rio de incerteza pol\u00edtica vem continuamente pressionando as expectativas de crescimento do PIB que hoje j\u00e1 se aproximam de 1% em 2019, antes algo em torno de 3% em 2018.<\/p>\n<hr \/>\n<p><strong>Dados sobre confian\u00e7a do consumidor e gera\u00e7\u00e3o de empregos<\/strong><\/p>\n<p>Al\u00e9m disso, teremos tamb\u00e9m a libera\u00e7\u00e3o de dados sobre a confian\u00e7a do consumidor pela FGV na quarta-feira (27) e do CAGED (gera\u00e7\u00e3o de empregos) na quinta-feira (28).<\/p>\n<p>No caso do CAGED a expectativa \u00e9 ampliada devido ao fato do \u00faltimo relat\u00f3rio ter ficado consideravelmente abaixo das expectativas. Caso o mesmo se repita na pr\u00f3xima libera\u00e7\u00e3o, isso pode apontar para um cen\u00e1rio de desacelera\u00e7\u00e3o da economia ao oposto do crescimento esperado.<\/p>\n<hr \/>\n<h2>O que deve movimentar o mundo essa semana<\/h2>\n<p>No mundo os destaques continuam sendo velhos conhecidos.<\/p>\n<p><strong>Dados sobre economia dos EUA s\u00e3o aguardados<\/strong><\/p>\n<p>Nos EUA os dados econ\u00f4micos que devem ser liberados ao longo dessa semana chamam aten\u00e7\u00e3o a come\u00e7ar pela \u00faltima avalia\u00e7\u00e3o sobre o GDP (PIB) no 4\u00ba\u00a0trimestre de 2018.<\/p>\n<p>A expectativa \u00e9 que os dados mostrem um crescimento de 2,4% em base anual (abaixo da estimativa anterior de 2,6%), e tamb\u00e9m abaixo dos dados do 3\u00ba\u00a0trimestre onde o crescimento era de 3,4%.<\/p>\n<p>De modo geral, essa desacelera\u00e7\u00e3o \u00e9 vista como esperada uma vez que os efeitos do corte fiscal de 1,5 Trilh\u00e3o de D\u00f3lares realizado por Donald Trump no ano passado, come\u00e7a a ser totalmente incorporado na economia.<\/p>\n<p>Al\u00e9m disso, a guerra comercial com a China, bem como tens\u00f5es na Europa causadas pelo Brexit, contribu\u00edram para um aumento da incerteza, o que acaba por causar impacto negativo no crescimento da economia.<\/p>\n<p>Na sexta-feira, tamb\u00e9m devem ser liberados dados sobre a infla\u00e7\u00e3o americana, a expetativa \u00e9 que seja apresentada uma alta de 0,2% e que a infla\u00e7\u00e3o anual fique na casa dos 1,9%.<\/p>\n<p>Por fim, ao longo da semana dados sobre o mercado de im\u00f3veis (<em>Housing<\/em>) devem ser liberados, assim como dados sobre a confian\u00e7a do consumidor.<\/p>\n<hr \/>\n<p><strong>Negocia\u00e7\u00f5es a respeito da Guerra Comercial continuam<\/strong><\/p>\n<p>Nessa semana tamb\u00e9m \u00e9 prevista a retomada das negocia\u00e7\u00f5es de alto n\u00edvel entre EUA e China sobre a Guerra Comercial envolvendo as duas pot\u00eancias que j\u00e1 se estende a 8 meses.<\/p>\n<p>Apesar de ambos os pa\u00edses j\u00e1 terem declarado a inten\u00e7\u00e3o de chegarem a uma solu\u00e7\u00e3o pac\u00edfica e positiva para o tema, alguns pontos ainda geram atritos.<\/p>\n<p>Nesse momento o foco da discuss\u00e3o \u00e9 a demanda vinda dos EUA para que a China diminua as barreiras impostas para que as empresas de tecnologia americana possam atuar no pa\u00eds.<\/p>\n<hr \/>\n<p><strong>Brexit continua sem solu\u00e7\u00e3o clara<\/strong><\/p>\n<p>E para finalizar a vis\u00e3o global dessa semana, vamos para a Europa, onde o Brexit continua sem uma conclus\u00e3o clara a vista.<\/p>\n<p>As chances de um \u201cNo deal Brexit\u201d continuam altas, e apesar de Theresa May ter conseguido uma extens\u00e3o do prazo para a conclus\u00e3o do Brexit (de 29 de mar\u00e7o para 12 de abril), as negocia\u00e7\u00f5es no Parlamento para a aprova\u00e7\u00e3o de um acordo sobre como o Brexit deve acontecer seguem complexas.<\/p>\n<p><a href=\"https:\/\/www.suno.com.br\/noticias\/adiamento-brexit-nova-data-30-junho\/\">Veja mais:\u00a0Adiamento do Brexit \u00e9 aprovado; nova data pode ser 30 de junho\u00a0<\/a><\/p>\n<p>O fato da proposta de May para o Brexit j\u00e1 ter sido derrotada em vota\u00e7\u00e3o 2 vezes, est\u00e1 ampliando a press\u00e3o para que ela renuncie ao posto de primeira ministra o que colabora para aumentar as incertezas sobre a situa\u00e7\u00e3o como um todo.<\/p>\n","protected":false},"excerpt":{"rendered":"<p>O que deve movimentar a semana no Brasil No Brasil a situa\u00e7\u00e3o pol\u00edtica continua a ter forte influ\u00eancia na Bolsa. O que deve movimentar a semana no Brasil IBOV perde os 100.000 com pris\u00e3o de Temer Logo ap\u00f3s batermos a marca hist\u00f3rica dos 100.000 pontos pela primeira vez na hist\u00f3ria (em termos nominais) uma s\u00e9rie [&hellip;]<\/p>\n","protected":false},"author":2,"featured_media":18878,"comment_status":"closed","ping_status":"closed","sticky":false,"template":"","format":"standard","meta":[],"categories":[60],"tags":[309,711,724,793,721,940],"suno_strategy":[],"class_list":["post-18877","post","type-post","status-publish","format-standard","has-post-thumbnail","hentry","category-mercado","tag-bolsa-de-valores","tag-china","tag-donald-trump","tag-estados-unidos-eua","tag-ibovespa","tag-reforma-da-previdencia"],"yoast_head":"<!-- This site is optimized with the Yoast SEO plugin v24.4 - https:\/\/yoast.com\/wordpress\/plugins\/seo\/ -->\n<title>A Seguir: Crise na Reforma, Temer Preso e Ind\u00edcios de Desacelera\u00e7\u00e3o nos EUA<\/title>\n<meta name=\"robots\" content=\"index, follow, max-snippet:-1, max-image-preview:large, max-video-preview:-1\" \/>\n<link rel=\"canonical\" href=\"https:\/\/www.suno.com.br\/noticias\/a-seguir-crise-na-reforma-temer-preso-e-indicios-de-desaceleracao-nos-eua\/\" \/>\n<meta property=\"og:locale\" content=\"pt_BR\" \/>\n<meta property=\"og:type\" content=\"article\" \/>\n<meta property=\"og:title\" content=\"A Seguir: Crise na Reforma, Temer Preso e Ind\u00edcios de Desacelera\u00e7\u00e3o nos EUA\" \/>\n<meta property=\"og:description\" content=\"O que deve movimentar a semana no Brasil No Brasil a situa\u00e7\u00e3o pol\u00edtica continua a ter forte influ\u00eancia na Bolsa. O que deve movimentar a semana no Brasil IBOV perde os 100.000 com pris\u00e3o de Temer Logo ap\u00f3s batermos a marca hist\u00f3rica dos 100.000 pontos pela primeira vez na hist\u00f3ria (em termos nominais) uma s\u00e9rie [&hellip;]\" \/>\n<meta property=\"og:url\" content=\"https:\/\/www.suno.com.br\/noticias\/a-seguir-crise-na-reforma-temer-preso-e-indicios-de-desaceleracao-nos-eua\/\" \/>\n<meta property=\"og:site_name\" content=\"Suno Not\u00edcias\" \/>\n<meta property=\"article:publisher\" content=\"https:\/\/facebook.com\/sunoresearch\" \/>\n<meta property=\"article:author\" content=\"https:\/\/www.facebook.com\/joaovitor2763\" \/>\n<meta property=\"og:image\" content=\"https:\/\/files.sunoresearch.com.br\/n\/uploads\/2019\/03\/db6cde08-nik-shuliahin-418684-unsplash.jpg\" \/>\n\t<meta property=\"og:image:width\" content=\"1360\" \/>\n\t<meta property=\"og:image:height\" content=\"651\" \/>\n\t<meta property=\"og:image:type\" content=\"image\/jpeg\" \/>\n<meta name=\"author\" content=\"Jo\u00e3o Vitor Chaves Silva\" \/>\n<meta name=\"twitter:card\" content=\"summary_large_image\" \/>\n<meta name=\"twitter:creator\" content=\"@https:\/\/twitter.com\/joaovitor2763\" \/>\n<meta name=\"twitter:site\" content=\"@sunoresearch\" \/>\n<meta name=\"twitter:label1\" content=\"Escrito por\" \/>\n\t<meta name=\"twitter:data1\" content=\"Jo\u00e3o Vitor Chaves Silva\" \/>\n\t<meta name=\"twitter:label2\" content=\"Est. tempo de leitura\" \/>\n\t<meta name=\"twitter:data2\" content=\"5 minutos\" \/>\n<script type=\"application\/ld+json\" class=\"yoast-schema-graph\">{\"@context\":\"https:\/\/schema.org\",\"@graph\":[{\"@type\":\"NewsArticle\",\"@id\":\"https:\/\/www.suno.com.br\/noticias\/a-seguir-crise-na-reforma-temer-preso-e-indicios-de-desaceleracao-nos-eua\/#article\",\"isPartOf\":{\"@id\":\"https:\/\/www.suno.com.br\/noticias\/a-seguir-crise-na-reforma-temer-preso-e-indicios-de-desaceleracao-nos-eua\/\"},\"author\":{\"name\":\"Jo\u00e3o Vitor Chaves Silva\",\"@id\":\"https:\/\/www.suno.com.br\/noticias\/#\/schema\/person\/962c5e214a16b408badbd2e3e889decc\"},\"headline\":\"A Seguir: Crise na Reforma, Temer Preso e Ind\u00edcios de Desacelera\u00e7\u00e3o nos EUA\",\"datePublished\":\"2019-03-24T14:37:33+00:00\",\"dateModified\":\"2021-06-14T02:47:13+00:00\",\"mainEntityOfPage\":{\"@id\":\"https:\/\/www.suno.com.br\/noticias\/a-seguir-crise-na-reforma-temer-preso-e-indicios-de-desaceleracao-nos-eua\/\"},\"wordCount\":923,\"publisher\":{\"@id\":\"https:\/\/www.suno.com.br\/noticias\/#organization\"},\"image\":{\"@id\":\"https:\/\/www.suno.com.br\/noticias\/a-seguir-crise-na-reforma-temer-preso-e-indicios-de-desaceleracao-nos-eua\/#primaryimage\"},\"thumbnailUrl\":\"https:\/\/files.sunoresearch.com.br\/n\/uploads\/2019\/03\/db6cde08-nik-shuliahin-418684-unsplash-jpg.webp\",\"keywords\":[\"Bolsa de Valores\",\"China\",\"Donald Trump\",\"Estados Unidos (EUA)\",\"Ibovespa\",\"Reforma da Previd\u00eancia\"],\"articleSection\":[\"Mercado\"],\"inLanguage\":\"pt-BR\"},{\"@type\":\"WebPage\",\"@id\":\"https:\/\/www.suno.com.br\/noticias\/a-seguir-crise-na-reforma-temer-preso-e-indicios-de-desaceleracao-nos-eua\/\",\"url\":\"https:\/\/www.suno.com.br\/noticias\/a-seguir-crise-na-reforma-temer-preso-e-indicios-de-desaceleracao-nos-eua\/\",\"name\":\"A Seguir: Crise na Reforma, Temer Preso e Ind\u00edcios de Desacelera\u00e7\u00e3o nos EUA\",\"isPartOf\":{\"@id\":\"https:\/\/www.suno.com.br\/noticias\/#website\"},\"primaryImageOfPage\":{\"@id\":\"https:\/\/www.suno.com.br\/noticias\/a-seguir-crise-na-reforma-temer-preso-e-indicios-de-desaceleracao-nos-eua\/#primaryimage\"},\"image\":{\"@id\":\"https:\/\/www.suno.com.br\/noticias\/a-seguir-crise-na-reforma-temer-preso-e-indicios-de-desaceleracao-nos-eua\/#primaryimage\"},\"thumbnailUrl\":\"https:\/\/files.sunoresearch.com.br\/n\/uploads\/2019\/03\/db6cde08-nik-shuliahin-418684-unsplash-jpg.webp\",\"datePublished\":\"2019-03-24T14:37:33+00:00\",\"dateModified\":\"2021-06-14T02:47:13+00:00\",\"breadcrumb\":{\"@id\":\"https:\/\/www.suno.com.br\/noticias\/a-seguir-crise-na-reforma-temer-preso-e-indicios-de-desaceleracao-nos-eua\/#breadcrumb\"},\"inLanguage\":\"pt-BR\",\"potentialAction\":[{\"@type\":\"ReadAction\",\"target\":[\"https:\/\/www.suno.com.br\/noticias\/a-seguir-crise-na-reforma-temer-preso-e-indicios-de-desaceleracao-nos-eua\/\"]}]},{\"@type\":\"ImageObject\",\"inLanguage\":\"pt-BR\",\"@id\":\"https:\/\/www.suno.com.br\/noticias\/a-seguir-crise-na-reforma-temer-preso-e-indicios-de-desaceleracao-nos-eua\/#primaryimage\",\"url\":\"https:\/\/files.sunoresearch.com.br\/n\/uploads\/2019\/03\/db6cde08-nik-shuliahin-418684-unsplash-jpg.webp\",\"contentUrl\":\"https:\/\/files.sunoresearch.com.br\/n\/uploads\/2019\/03\/db6cde08-nik-shuliahin-418684-unsplash-jpg.webp\",\"width\":1360,\"height\":651},{\"@type\":\"BreadcrumbList\",\"@id\":\"https:\/\/www.suno.com.br\/noticias\/a-seguir-crise-na-reforma-temer-preso-e-indicios-de-desaceleracao-nos-eua\/#breadcrumb\",\"itemListElement\":[{\"@type\":\"ListItem\",\"position\":1,\"name\":\"Not\u00edcias\",\"item\":\"https:\/\/www.suno.com.br\/noticias\/\"},{\"@type\":\"ListItem\",\"position\":2,\"name\":\"Mercado\",\"item\":\"https:\/\/www.suno.com.br\/noticias\/mercado\/\"},{\"@type\":\"ListItem\",\"position\":3,\"name\":\"A Seguir: Crise na Reforma, Temer Preso e Ind\u00edcios de Desacelera\u00e7\u00e3o nos EUA\"}]},{\"@type\":\"WebSite\",\"@id\":\"https:\/\/www.suno.com.br\/noticias\/#website\",\"url\":\"https:\/\/www.suno.com.br\/noticias\/\",\"name\":\"Suno Not\u00edcias\",\"description\":\"Seu portal de informa\u00e7\u00e3o sobre o mundo dos investimentos\",\"publisher\":{\"@id\":\"https:\/\/www.suno.com.br\/noticias\/#organization\"},\"potentialAction\":[{\"@type\":\"SearchAction\",\"target\":{\"@type\":\"EntryPoint\",\"urlTemplate\":\"https:\/\/www.suno.com.br\/noticias\/?s={search_term_string}\"},\"query-input\":{\"@type\":\"PropertyValueSpecification\",\"valueRequired\":true,\"valueName\":\"search_term_string\"}}],\"inLanguage\":\"pt-BR\"},{\"@type\":\"Organization\",\"@id\":\"https:\/\/www.suno.com.br\/noticias\/#organization\",\"name\":\"Suno Not\u00edcias\",\"url\":\"https:\/\/www.suno.com.br\/noticias\/\",\"logo\":{\"@type\":\"ImageObject\",\"inLanguage\":\"pt-BR\",\"@id\":\"https:\/\/www.suno.com.br\/noticias\/#\/schema\/logo\/image\/\",\"url\":\"https:\/\/files.sunoresearch.com.br\/n\/uploads\/2021\/09\/suno-logo.png\",\"contentUrl\":\"https:\/\/files.sunoresearch.com.br\/n\/uploads\/2021\/09\/suno-logo.png\",\"width\":180,\"height\":180,\"caption\":\"Suno Not\u00edcias\"},\"image\":{\"@id\":\"https:\/\/www.suno.com.br\/noticias\/#\/schema\/logo\/image\/\"},\"sameAs\":[\"https:\/\/facebook.com\/sunoresearch\",\"https:\/\/x.com\/sunoresearch\",\"https:\/\/www.instagram.com\/suno\",\"https:\/\/www.linkedin.com\/company\/suno-research\/\",\"https:\/\/www.youtube.com\/c\/sunoresearch\"]},{\"@type\":\"Person\",\"@id\":\"https:\/\/www.suno.com.br\/noticias\/#\/schema\/person\/962c5e214a16b408badbd2e3e889decc\",\"name\":\"Jo\u00e3o Vitor Chaves Silva\",\"image\":{\"@type\":\"ImageObject\",\"inLanguage\":\"pt-BR\",\"@id\":\"https:\/\/www.suno.com.br\/noticias\/#\/schema\/person\/image\/\",\"url\":\"https:\/\/secure.gravatar.com\/avatar\/e2e62d3d83007a9c98150149e35d1c78?s=96&r=g\",\"contentUrl\":\"https:\/\/secure.gravatar.com\/avatar\/e2e62d3d83007a9c98150149e35d1c78?s=96&r=g\",\"caption\":\"Jo\u00e3o Vitor Chaves Silva\"},\"description\":\"Fundador do Empreenda Junto, 2\u00ba\u00a0Maior comunidade online de empreendedores do Brasil, 1\u00ba\u00a0Brasileiro e Pessoa mais jovem a receber o t\u00edtulo de Teacher Of New Ventures And Leadership pelo MIT GEB, COO da Suno Research.\",\"sameAs\":[\"https:\/\/www.suno.com.br\",\"https:\/\/www.facebook.com\/joaovitor2763\",\"https:\/\/x.com\/https:\/\/twitter.com\/joaovitor2763\"],\"url\":\"https:\/\/www.suno.com.br\/noticias\/author\/joao-vitor\/\"}]}<\/script>\n<!-- \/ Yoast SEO plugin. -->","yoast_head_json":{"title":"A Seguir: Crise na Reforma, Temer Preso e Ind\u00edcios de Desacelera\u00e7\u00e3o nos EUA","robots":{"index":"index","follow":"follow","max-snippet":"max-snippet:-1","max-image-preview":"max-image-preview:large","max-video-preview":"max-video-preview:-1"},"canonical":"https:\/\/www.suno.com.br\/noticias\/a-seguir-crise-na-reforma-temer-preso-e-indicios-de-desaceleracao-nos-eua\/","og_locale":"pt_BR","og_type":"article","og_title":"A Seguir: Crise na Reforma, Temer Preso e Ind\u00edcios de Desacelera\u00e7\u00e3o nos EUA","og_description":"O que deve movimentar a semana no Brasil No Brasil a situa\u00e7\u00e3o pol\u00edtica continua a ter forte influ\u00eancia na Bolsa. O que deve movimentar a semana no Brasil IBOV perde os 100.000 com pris\u00e3o de Temer Logo ap\u00f3s batermos a marca hist\u00f3rica dos 100.000 pontos pela primeira vez na hist\u00f3ria (em termos nominais) uma s\u00e9rie [&hellip;]","og_url":"https:\/\/www.suno.com.br\/noticias\/a-seguir-crise-na-reforma-temer-preso-e-indicios-de-desaceleracao-nos-eua\/","og_site_name":"Suno Not\u00edcias","article_publisher":"https:\/\/facebook.com\/sunoresearch","article_author":"https:\/\/www.facebook.com\/joaovitor2763","og_image":[{"width":1360,"height":651,"url":"https:\/\/files.sunoresearch.com.br\/n\/uploads\/2019\/03\/db6cde08-nik-shuliahin-418684-unsplash.jpg","type":"image\/jpeg"}],"author":"Jo\u00e3o Vitor Chaves Silva","twitter_card":"summary_large_image","twitter_creator":"@https:\/\/twitter.com\/joaovitor2763","twitter_site":"@sunoresearch","twitter_misc":{"Escrito por":"Jo\u00e3o Vitor Chaves Silva","Est. tempo de leitura":"5 minutos"},"schema":{"@context":"https:\/\/schema.org","@graph":[{"@type":"NewsArticle","@id":"https:\/\/www.suno.com.br\/noticias\/a-seguir-crise-na-reforma-temer-preso-e-indicios-de-desaceleracao-nos-eua\/#article","isPartOf":{"@id":"https:\/\/www.suno.com.br\/noticias\/a-seguir-crise-na-reforma-temer-preso-e-indicios-de-desaceleracao-nos-eua\/"},"author":{"name":"Jo\u00e3o Vitor Chaves Silva","@id":"https:\/\/www.suno.com.br\/noticias\/#\/schema\/person\/962c5e214a16b408badbd2e3e889decc"},"headline":"A Seguir: Crise na Reforma, Temer Preso e Ind\u00edcios de Desacelera\u00e7\u00e3o nos EUA","datePublished":"2019-03-24T14:37:33+00:00","dateModified":"2021-06-14T02:47:13+00:00","mainEntityOfPage":{"@id":"https:\/\/www.suno.com.br\/noticias\/a-seguir-crise-na-reforma-temer-preso-e-indicios-de-desaceleracao-nos-eua\/"},"wordCount":923,"publisher":{"@id":"https:\/\/www.suno.com.br\/noticias\/#organization"},"image":{"@id":"https:\/\/www.suno.com.br\/noticias\/a-seguir-crise-na-reforma-temer-preso-e-indicios-de-desaceleracao-nos-eua\/#primaryimage"},"thumbnailUrl":"https:\/\/files.sunoresearch.com.br\/n\/uploads\/2019\/03\/db6cde08-nik-shuliahin-418684-unsplash-jpg.webp","keywords":["Bolsa de Valores","China","Donald Trump","Estados Unidos (EUA)","Ibovespa","Reforma da Previd\u00eancia"],"articleSection":["Mercado"],"inLanguage":"pt-BR"},{"@type":"WebPage","@id":"https:\/\/www.suno.com.br\/noticias\/a-seguir-crise-na-reforma-temer-preso-e-indicios-de-desaceleracao-nos-eua\/","url":"https:\/\/www.suno.com.br\/noticias\/a-seguir-crise-na-reforma-temer-preso-e-indicios-de-desaceleracao-nos-eua\/","name":"A Seguir: Crise na Reforma, Temer Preso e Ind\u00edcios de Desacelera\u00e7\u00e3o nos EUA","isPartOf":{"@id":"https:\/\/www.suno.com.br\/noticias\/#website"},"primaryImageOfPage":{"@id":"https:\/\/www.suno.com.br\/noticias\/a-seguir-crise-na-reforma-temer-preso-e-indicios-de-desaceleracao-nos-eua\/#primaryimage"},"image":{"@id":"https:\/\/www.suno.com.br\/noticias\/a-seguir-crise-na-reforma-temer-preso-e-indicios-de-desaceleracao-nos-eua\/#primaryimage"},"thumbnailUrl":"https:\/\/files.sunoresearch.com.br\/n\/uploads\/2019\/03\/db6cde08-nik-shuliahin-418684-unsplash-jpg.webp","datePublished":"2019-03-24T14:37:33+00:00","dateModified":"2021-06-14T02:47:13+00:00","breadcrumb":{"@id":"https:\/\/www.suno.com.br\/noticias\/a-seguir-crise-na-reforma-temer-preso-e-indicios-de-desaceleracao-nos-eua\/#breadcrumb"},"inLanguage":"pt-BR","potentialAction":[{"@type":"ReadAction","target":["https:\/\/www.suno.com.br\/noticias\/a-seguir-crise-na-reforma-temer-preso-e-indicios-de-desaceleracao-nos-eua\/"]}]},{"@type":"ImageObject","inLanguage":"pt-BR","@id":"https:\/\/www.suno.com.br\/noticias\/a-seguir-crise-na-reforma-temer-preso-e-indicios-de-desaceleracao-nos-eua\/#primaryimage","url":"https:\/\/files.sunoresearch.com.br\/n\/uploads\/2019\/03\/db6cde08-nik-shuliahin-418684-unsplash-jpg.webp","contentUrl":"https:\/\/files.sunoresearch.com.br\/n\/uploads\/2019\/03\/db6cde08-nik-shuliahin-418684-unsplash-jpg.webp","width":1360,"height":651},{"@type":"BreadcrumbList","@id":"https:\/\/www.suno.com.br\/noticias\/a-seguir-crise-na-reforma-temer-preso-e-indicios-de-desaceleracao-nos-eua\/#breadcrumb","itemListElement":[{"@type":"ListItem","position":1,"name":"Not\u00edcias","item":"https:\/\/www.suno.com.br\/noticias\/"},{"@type":"ListItem","position":2,"name":"Mercado","item":"https:\/\/www.suno.com.br\/noticias\/mercado\/"},{"@type":"ListItem","position":3,"name":"A Seguir: Crise na Reforma, Temer Preso e Ind\u00edcios de Desacelera\u00e7\u00e3o nos EUA"}]},{"@type":"WebSite","@id":"https:\/\/www.suno.com.br\/noticias\/#website","url":"https:\/\/www.suno.com.br\/noticias\/","name":"Suno Not\u00edcias","description":"Seu portal de informa\u00e7\u00e3o sobre o mundo dos investimentos","publisher":{"@id":"https:\/\/www.suno.com.br\/noticias\/#organization"},"potentialAction":[{"@type":"SearchAction","target":{"@type":"EntryPoint","urlTemplate":"https:\/\/www.suno.com.br\/noticias\/?s={search_term_string}"},"query-input":{"@type":"PropertyValueSpecification","valueRequired":true,"valueName":"search_term_string"}}],"inLanguage":"pt-BR"},{"@type":"Organization","@id":"https:\/\/www.suno.com.br\/noticias\/#organization","name":"Suno Not\u00edcias","url":"https:\/\/www.suno.com.br\/noticias\/","logo":{"@type":"ImageObject","inLanguage":"pt-BR","@id":"https:\/\/www.suno.com.br\/noticias\/#\/schema\/logo\/image\/","url":"https:\/\/files.sunoresearch.com.br\/n\/uploads\/2021\/09\/suno-logo.png","contentUrl":"https:\/\/files.sunoresearch.com.br\/n\/uploads\/2021\/09\/suno-logo.png","width":180,"height":180,"caption":"Suno Not\u00edcias"},"image":{"@id":"https:\/\/www.suno.com.br\/noticias\/#\/schema\/logo\/image\/"},"sameAs":["https:\/\/facebook.com\/sunoresearch","https:\/\/x.com\/sunoresearch","https:\/\/www.instagram.com\/suno","https:\/\/www.linkedin.com\/company\/suno-research\/","https:\/\/www.youtube.com\/c\/sunoresearch"]},{"@type":"Person","@id":"https:\/\/www.suno.com.br\/noticias\/#\/schema\/person\/962c5e214a16b408badbd2e3e889decc","name":"Jo\u00e3o Vitor Chaves Silva","image":{"@type":"ImageObject","inLanguage":"pt-BR","@id":"https:\/\/www.suno.com.br\/noticias\/#\/schema\/person\/image\/","url":"https:\/\/secure.gravatar.com\/avatar\/e2e62d3d83007a9c98150149e35d1c78?s=96&r=g","contentUrl":"https:\/\/secure.gravatar.com\/avatar\/e2e62d3d83007a9c98150149e35d1c78?s=96&r=g","caption":"Jo\u00e3o Vitor Chaves Silva"},"description":"Fundador do Empreenda Junto, 2\u00ba\u00a0Maior comunidade online de empreendedores do Brasil, 1\u00ba\u00a0Brasileiro e Pessoa mais jovem a receber o t\u00edtulo de Teacher Of New Ventures And Leadership pelo MIT GEB, COO da Suno Research.","sameAs":["https:\/\/www.suno.com.br","https:\/\/www.facebook.com\/joaovitor2763","https:\/\/x.com\/https:\/\/twitter.com\/joaovitor2763"],"url":"https:\/\/www.suno.com.br\/noticias\/author\/joao-vitor\/"}]}},"default_loop_html":"<div class=\"cardsPage__listCard__boxs\"><div class=\"cardsPage__listCard__boxs__img\"><a href=\"https:\/\/www.suno.com.br\/noticias\/a-seguir-crise-na-reforma-temer-preso-e-indicios-de-desaceleracao-nos-eua\/\"><img class=\"mask\" src=\"https:\/\/www.suno.com.br\/noticias\/wp-content\/themes\/suno\/resources\/images\/spotlight\/spotlight1img\/bg-mask.png\" alt=\"Image Mask\"\/><img src=\"https:\/\/files.sunoresearch.com.br\/n\/uploads\/2019\/03\/db6cde08-nik-shuliahin-418684-unsplash-400x200.webp\" alt=\"A Seguir: Crise na Reforma, Temer Preso e Ind\u00edcios de Desacelera\u00e7\u00e3o nos EUA\"\/><\/a><span class=\"spotlightCategory\"><a href=\"https:\/\/www.suno.com.br\/noticias\/mercado\/\">Mercado<\/a><\/span><\/div><div class=\"cardsPage__listCard__boxs__content\"><a href=\"https:\/\/www.suno.com.br\/noticias\/a-seguir-crise-na-reforma-temer-preso-e-indicios-de-desaceleracao-nos-eua\/\"><h2 class=\"content__title\">A Seguir: Crise na Reforma, Temer Preso e Ind\u00edcios de Desacelera\u00e7\u00e3o nos EUA<\/h2><\/a><div class=\"newsContent__article__meta\"><div class=\"newsContent__article__meta__authorBox\"><a href=\"https:\/\/www.suno.com.br\/noticias\/author\/joao-vitor\/\" class=\"authorBox__avatar noMobi\"><img src=\"https:\/\/secure.gravatar.com\/avatar\/e2e62d3d83007a9c98150149e35d1c78?s=96&#038;r=g\" alt=\"Jo\u00e3o Vitor Chaves Silva\"><\/a><div class=\"authorBox__name\"><span>por\n\t\t\t<a href=\"https:\/\/www.suno.com.br\/noticias\/author\/joao-vitor\/\"><span itemprop=\"author\">Jo\u00e3o Vitor Chaves Silva<\/span><\/a><\/span><time datetime=\"2019-03-24T11:37:33-03:00\" itemprop=\"datePublished\">24\/03\/2019 11:37<\/time><\/div><\/div><\/div><\/div><\/div>","single_layout":"posts","amp_enabled":true,"_links":{"self":[{"href":"https:\/\/www.suno.com.br\/noticias\/wp-json\/wp\/v2\/posts\/18877"}],"collection":[{"href":"https:\/\/www.suno.com.br\/noticias\/wp-json\/wp\/v2\/posts"}],"about":[{"href":"https:\/\/www.suno.com.br\/noticias\/wp-json\/wp\/v2\/types\/post"}],"author":[{"embeddable":true,"href":"https:\/\/www.suno.com.br\/noticias\/wp-json\/wp\/v2\/users\/2"}],"replies":[{"embeddable":true,"href":"https:\/\/www.suno.com.br\/noticias\/wp-json\/wp\/v2\/comments?post=18877"}],"version-history":[{"count":1,"href":"https:\/\/www.suno.com.br\/noticias\/wp-json\/wp\/v2\/posts\/18877\/revisions"}],"predecessor-version":[{"id":157440,"href":"https:\/\/www.suno.com.br\/noticias\/wp-json\/wp\/v2\/posts\/18877\/revisions\/157440"}],"wp:featuredmedia":[{"embeddable":true,"href":"https:\/\/www.suno.com.br\/noticias\/wp-json\/wp\/v2\/media\/18878"}],"wp:attachment":[{"href":"https:\/\/www.suno.com.br\/noticias\/wp-json\/wp\/v2\/media?parent=18877"}],"wp:term":[{"taxonomy":"category","embeddable":true,"href":"https:\/\/www.suno.com.br\/noticias\/wp-json\/wp\/v2\/categories?post=18877"},{"taxonomy":"post_tag","embeddable":true,"href":"https:\/\/www.suno.com.br\/noticias\/wp-json\/wp\/v2\/tags?post=18877"},{"taxonomy":"suno_strategy","embeddable":true,"href":"https:\/\/www.suno.com.br\/noticias\/wp-json\/wp\/v2\/suno_strategy?post=18877"}],"curies":[{"name":"wp","href":"https:\/\/api.w.org\/{rel}","templated":true}]}}