{"id":188708,"date":"2021-09-29T11:57:36","date_gmt":"2021-09-29T14:57:36","guid":{"rendered":"https:\/\/www.suno.com.br\/noticias\/?p=188708"},"modified":"2021-09-29T11:57:36","modified_gmt":"2021-09-29T14:57:36","slug":"fitch-nota-evergrande-calote-proximo","status":"publish","type":"post","link":"https:\/\/www.suno.com.br\/noticias\/fitch-nota-evergrande-calote-proximo\/","title":{"rendered":"Fitch rebaixa nota da Evergrande e v\u00ea calote pr\u00f3ximo"},"content":{"rendered":"<p>A Fitch reduziu para &#8216;C&#8217; (calote pr\u00f3ximo) a nota de cr\u00e9dito em moeda internacional da <strong>Evergrande<\/strong> e de duas de suas subsidi\u00e1rias &#8211; Hengda Real Estate e Tianji Holding. <a href=\"https:\/\/www.suno.com.br\/artigos\/risco-brasil\/\">A nota anterior dada pela ag\u00eancia de risco era &#8216;CC&#8217;<\/a>.<\/p>\t<div class=\"wrapper-featured-image\">\n\t\t<figure class=\"spotlightImg\">\n\n\t\t\t<picture>\n\t\t\t\t<source media=\"(max-width: 768px)\" srcset=\"https:\/\/files.sunoresearch.com.br\/n\/uploads\/2021\/09\/Residential_buildings_developed_by_Evergrande_in_Yuanyang-400x200.jpg\">\n\t\t\t\t<img loading=\"lazy\" decoding=\"async\" class=\"newsContent__article__imgCapa lazyloadDisabled \" src=\"https:\/\/files.sunoresearch.com.br\/n\/uploads\/2021\/09\/Residential_buildings_developed_by_Evergrande_in_Yuanyang-800x450.jpg\" width=\"800\" height=\"450\" alt=\"Fitch rebaixa nota da Evergrande e v\u00ea calote pr\u00f3ximo\" fetchpriority=high \/>\n\t\t\t<\/picture>\n\n\t\t\t<figcaption class=\"wp-caption-text wp-caption-text--show\">Evergrande. Foto: Reprodu\u00e7\u00e3o\/Site Evergrande<\/figcaption>\n\t\t<\/figure>\n\t<\/div>\n\n\n\t<p>\n\t\t<a href=\"https:\/\/lp.suno.com.br\/planilha-controle-gastos\/\" target=\"_blank\" data-element=\"shortcode-suno-banner\" title=\"Banner SUNO, clique e saiba mais\">\n\t\t\t<picture>\n\t\t\t\t<source media=\"(max-width: 500px)\" srcset=\"https:\/\/files.sunoresearch.com.br\/n\/uploads\/2023\/03\/400x300-Planilha-controle-de-gastos.png\">\n\t\t\t\t<img class=\"newsContent__article__imgCapa newsContent__article__imgCapa--banner\"\n\t\t\t\t\tsrc=\"https:\/\/files.sunoresearch.com.br\/n\/uploads\/2023\/03\/1420x240-Planilha-controle-de-gastos.png\"\n\t\t\t\t\tdata-promo-id=\"101751\"\t\t\t\t\t\t\t\t\t\twidth='1420' height='240'\t\t\t\t\talt=\"https:\/\/files.sunoresearch.com.br\/n\/uploads\/2023\/03\/1420x240-Planilha-controle-de-gastos.png\"\n\t\t\t\t>\n\t\t\t<\/picture>\n\t\t<\/a>\n\t<\/p>\n\n\n<p>Segundo a <strong>Fitch<\/strong>, o corte reflete a probabilidade de que a Evergrande tenha deixado de pagar juros referentes a uma emiss\u00e3o de t\u00edtulos de d\u00edvida denominada em d\u00f3lares na semana passada.<\/p>\n<p>De acordo com a Fitch, n\u00e3o h\u00e1 informa\u00e7\u00f5es de que a incorporadora tenha realizado o <strong>pagamento<\/strong>, o que deu partida a um per\u00edodo de 30 dias at\u00e9 que o calote seja declarado oficialmente.<\/p>\n\t<div data-element=\"shortcode-read-more\" class=\"knowMore\">\n\t\t\t\t<span class=\"knowMore__title\">Leia mais<\/span>\n\t\t\t\t<a class=\"knowMore__link\" href=\"https:\/\/www.suno.com.br\/noticias\/ubs-ashmores-blackrock-credores-evergrande\/\">\n\t\t\tUBS, Ashmore e BlackRock s\u00e3o credores da Evergrande, que pode dar calote de US$ 300 bilh\u00f5es\t\t<\/a>\n\t<\/div>\n\n\n<p>A Fitch fez uma an\u00e1lise das possibilidades de recupera\u00e7\u00e3o de valores pelos<strong> credores da Evergrande<\/strong> em caso de fal\u00eancia da companhia. A empresa provavelmente seria liquidada, de acordo com os analistas, porque \u00e9 uma companhia de negocia\u00e7\u00e3o de ativos. Este cen\u00e1rio assume que tanto a Evergrande quanto a Hengda faliriam caso o calote fosse confirmado.<\/p>\n<p>Dados os graus de dificuldade na venda dos principais ativos do grupo, a Fitch atribuiu uma nota de recupera\u00e7\u00e3o de &#8216;RR6&#8217; para os t\u00edtulos da Evergrande. Segundo defini\u00e7\u00e3o da pr\u00f3pria ag\u00eancia, emissores neste grau de avalia\u00e7\u00e3o t\u00eam caracter\u00edsticas consistentes com uma recupera\u00e7\u00e3o de valores muito baixa, entre 0% e 10% do valor original dos t\u00edtulos e dos juros a eles associados, em caso de calote.<\/p>\n\t<p>\n\t\t<a href=\"https:\/\/lp.suno.com.br\/planilha-da-vida-financeira\/\" target=\"_blank\" data-element=\"shortcode-suno-banner\" title=\"Banner SUNO, clique e saiba mais\">\n\t\t\t<picture>\n\t\t\t\t<source media=\"(max-width: 500px)\" srcset=\"https:\/\/files.sunoresearch.com.br\/n\/uploads\/2023\/04\/400x300-Planilha-vida-financeira-true.png\">\n\t\t\t\t<img class=\"newsContent__article__imgCapa newsContent__article__imgCapa--banner\"\n\t\t\t\t\tsrc=\"https:\/\/files.sunoresearch.com.br\/n\/uploads\/2023\/04\/1420x240-Planilha-vida-financeira-true.png\"\n\t\t\t\t\tdata-promo-id=\"106682\"\t\t\t\t\t\t\t\t\t\twidth='1420' height='240'\t\t\t\t\talt=\"https:\/\/files.sunoresearch.com.br\/n\/uploads\/2023\/04\/1420x240-Planilha-vida-financeira-true.png\"\n\t\t\t\t>\n\t\t\t<\/picture>\n\t\t<\/a>\n\t<\/p>\n\n\n<p>A an\u00e1lise da Fitch n\u00e3o leva em considera\u00e7\u00e3o a venda de uma fatia das a\u00e7\u00f5es que a Evergrande det\u00e9m no Shengjing Bank, anunciada na ter\u00e7a-feira passada, e com a qual a incorporadora pretende levantar US$ 1,55 bilh\u00e3o em recursos.<\/p>\n<h2>China injetou US$ 15,5 bilh\u00f5es no sistema financeiro e visa estatiza\u00e7\u00e3o<\/h2>\n<p>O Banco do Povo da China (PBoC) injetou 100 bilh\u00f5es de yuans (cerca de US$ 15,5 bilh\u00f5es no c\u00e2mbio atual) no sistema financeiro chin\u00eas atrav\u00e9s de opera\u00e7\u00f5es de recompra reversa de 14 dias nesta segunda (27) tentativa de manter a liquidez do <a class=\"suno-keyword\" href=\"https:\/\/www.suno.com.br\/artigos\/sistema-bancario\/\" target=\"_blank\" rel=\"noopener\" data-force=\"no\" data-priority=\"1\">sistema banc\u00e1rio<\/a> em meio a preocupa\u00e7\u00f5es com as dificuldades financeiras da Evergrande.<\/p>\n<p>Neste m\u00eas, o <strong>PBoC<\/strong> intensificou as inje\u00e7\u00f5es de capital diante de crescentes sinais de insolv\u00eancia da Evergrande.<\/p>\n\t<p>\n\t\t<a href=\"https:\/\/lp.suno.com.br\/ebook-como-analisar-uma-acao\/\" target=\"_blank\" data-element=\"shortcode-suno-banner\" title=\"Banner SUNO, clique e saiba mais\">\n\t\t\t<picture>\n\t\t\t\t<source media=\"(max-width: 500px)\" srcset=\"https:\/\/files.sunoresearch.com.br\/n\/uploads\/2023\/03\/Ebook-Acoes-Mobile-1.jpg\">\n\t\t\t\t<img class=\"newsContent__article__imgCapa newsContent__article__imgCapa--banner\"\n\t\t\t\t\tsrc=\"https:\/\/files.sunoresearch.com.br\/n\/uploads\/2023\/03\/Ebook-Acoes-Desktop-1.jpg\"\n\t\t\t\t\tdata-promo-id=\"171998\"\t\t\t\t\t\t\t\t\t\twidth='1420' height='286'\t\t\t\t\talt=\"https:\/\/files.sunoresearch.com.br\/n\/uploads\/2023\/03\/Ebook-Acoes-Desktop-1.jpg\"\n\t\t\t\t>\n\t\t\t<\/picture>\n\t\t<\/a>\n\t<\/p>\n\n\n<p>Na quinta-feira (23), uma subsidi\u00e1ria da empresa falhou em honrar o pagamento de juros sobre b\u00f4nus externos. Desde a semana passada, circulam relatos de que o governo chin\u00eas ir\u00e1 reestruturar a Evergrande e estatiz\u00e1-la.<\/p>\n<p>As preocupa\u00e7\u00f5es de que a Evergrande n\u00e3o pague seus <strong>b\u00f4nus<\/strong> neste m\u00eas geraram vendas de pap\u00e9is de outras companhias no setor <strong>imobili\u00e1rio<\/strong>, pesando sobre fundos gerenciados por <a href=\"https:\/\/www.suno.com.br\/noticias\/ubs-ashmores-blackrock-credores-evergrande\/\"><strong>Ashmore<\/strong> Group, <strong>BlackRock<\/strong> e Pacific Investment Management, entre outros<\/a>.<\/p>\n<p>Enquanto os b\u00f4nus da Evergrande eram negociados a cerca de US$ 0,25 em boa parte de setembro, se disseminaram as vendas de b\u00f4nus de outras grandes incorporadoras da China.<\/p>\n<h2>Entenda o caso Evergrande<\/h2>\n<p>Tudo come\u00e7ou quando a Evergrande, a segunda maior incorporadora imobili\u00e1ria da <strong>China<\/strong>, <a href=\"https:\/\/www.suno.com.br\/artigos\/risco-de-credito\/\">veio a p\u00fablico no dia 14 afirmar que h\u00e1 uma possibilidade de calote<\/a>, j\u00e1 que a companhia pode n\u00e3o conseguir honrar suas d\u00edvidas. Atualmente, a companhia possui um compromisso que passa dos US$ 300 bilh\u00f5es.<\/p>\n\t<p>\n\t\t<a href=\"https:\/\/lp.suno.com.br\/planilha-de-controle-de-investimentos\/\" target=\"_blank\" data-element=\"shortcode-suno-banner\" title=\"Banner SUNO, clique e saiba mais\">\n\t\t\t<picture>\n\t\t\t\t<source media=\"(max-width: 500px)\" srcset=\"https:\/\/files.sunoresearch.com.br\/n\/uploads\/2023\/03\/400x300-Controle-de-Investimentos.png\">\n\t\t\t\t<img class=\"newsContent__article__imgCapa newsContent__article__imgCapa--banner\"\n\t\t\t\t\tsrc=\"https:\/\/files.sunoresearch.com.br\/n\/uploads\/2023\/03\/1420x240-Controle-de-Investimentos.png\"\n\t\t\t\t\tdata-promo-id=\"75934\"\t\t\t\t\t\t\t\t\t\twidth='1420' height='240'\t\t\t\t\talt=\"https:\/\/files.sunoresearch.com.br\/n\/uploads\/2023\/03\/1420x240-Controle-de-Investimentos.png\"\n\t\t\t\t>\n\t\t\t<\/picture>\n\t\t<\/a>\n\t<\/p>\n\n\n<p>Com um montante t\u00e3o grande a ser pago, analistas come\u00e7aram a alertar para a possibilidade de um colapso no <a href=\"https:\/\/www.suno.com.br\/artigos\/sistema-financeiro\"><strong>sistema financeiro chin\u00eas<\/strong><\/a>, o que eventualmente tamb\u00e9m geraria problemas nos mercados e nas economias internacionais. A Evergrande tamb\u00e9m tomou empr\u00e9stimos em outros pa\u00edses.<\/p>\n<p>Na ocasi\u00e3o, a\u00a0companhia alega estar sob &#8220;tremenda press\u00e3o&#8221; e estende o risco de calote para os pr\u00f3ximos meses, <a href=\"https:\/\/www.suno.com.br\/artigos\/acoes-ordinarias\">o que derrubou as a\u00e7\u00f5es da Evergrande<\/a>, fundada em Guangzhou, na China, mas listada na bolsa de <strong>Hong Kong<\/strong>.<\/p>\n<p>Apesar de uma recupera\u00e7\u00e3o recente, a <strong>Evergrande<\/strong> j\u00e1 acumula queda de 81% nos seus pap\u00e9is desde o in\u00edcio do ano.<\/p>\n<p><em>Com informa\u00e7\u00f5es do Estad\u00e3o Conte\u00fado<\/em><\/p>\n\t<p>\n\t\t<a href=\"\" target=\"_blank\" data-element=\"shortcode-suno-banner\" title=\"Banner SUNO, clique e saiba mais\">\n\t\t\t<picture>\n\t\t\t\t<source media=\"(max-width: 500px)\" srcset=\"\">\n\t\t\t\t<img class=\"newsContent__article__imgCapa newsContent__article__imgCapa--banner\"\n\t\t\t\t\tsrc=\"\"\n\t\t\t\t\tdata-promo-id=\"184190\"\t\t\t\t\t\t\t\t\t\t\t\t\t\t\talt=\"\"\n\t\t\t\t>\n\t\t\t<\/picture>\n\t\t<\/a>\n\t<\/p>\n\n\n","protected":false},"excerpt":{"rendered":"<p>A Fitch reduziu para &#8216;C&#8217; (calote pr\u00f3ximo) a nota de cr\u00e9dito em moeda internacional da Evergrande e de duas de suas subsidi\u00e1rias &#8211; Hengda Real Estate e Tianji Holding. A nota anterior dada pela ag\u00eancia de risco era &#8216;CC&#8217;. Evergrande. Foto: Reprodu\u00e7\u00e3o\/Site Evergrande Segundo a Fitch, o corte reflete a probabilidade de que a Evergrande [&hellip;]<\/p>\n","protected":false},"author":73,"featured_media":185516,"comment_status":"closed","ping_status":"closed","sticky":false,"template":"","format":"standard","meta":[],"categories":[63],"tags":[106444,711,1277,1904],"suno_strategy":[],"class_list":["post-188708","post","type-post","status-publish","format-standard","has-post-thumbnail","hentry","category-internacional","tag-agencias","tag-china","tag-fitch","tag-mercado-imobiliario"],"yoast_head":"<!-- This site is optimized with the Yoast SEO plugin v24.4 - https:\/\/yoast.com\/wordpress\/plugins\/seo\/ -->\n<title>Fitch rebaixa nota da Evergrande e v\u00ea calote pr\u00f3ximo<\/title>\n<meta name=\"description\" content=\"A ag\u00eancia de risco rebaixou a nota da Evergrande para C citando que n\u00e3o teve confirma\u00e7\u00e3o de pagamentos recentes. Clique aqui e leia mais.\" \/>\n<meta name=\"robots\" content=\"index, follow, max-snippet:-1, max-image-preview:large, max-video-preview:-1\" \/>\n<link rel=\"canonical\" href=\"https:\/\/www.suno.com.br\/noticias\/fitch-nota-evergrande-calote-proximo\/\" \/>\n<meta property=\"og:locale\" content=\"pt_BR\" \/>\n<meta property=\"og:type\" content=\"article\" \/>\n<meta property=\"og:title\" content=\"Fitch rebaixa nota da Evergrande e v\u00ea calote pr\u00f3ximo\" \/>\n<meta property=\"og:description\" content=\"A ag\u00eancia de risco rebaixou a nota da Evergrande para C citando que n\u00e3o teve confirma\u00e7\u00e3o de pagamentos recentes. Clique aqui e leia mais.\" \/>\n<meta property=\"og:url\" content=\"https:\/\/www.suno.com.br\/noticias\/fitch-nota-evergrande-calote-proximo\/\" \/>\n<meta property=\"og:site_name\" content=\"Suno Not\u00edcias\" \/>\n<meta property=\"article:publisher\" content=\"https:\/\/facebook.com\/sunoresearch\" \/>\n<meta property=\"og:image\" content=\"https:\/\/files.sunoresearch.com.br\/n\/uploads\/2021\/09\/Residential_buildings_developed_by_Evergrande_in_Yuanyang.jpg\" \/>\n\t<meta property=\"og:image:width\" content=\"1280\" \/>\n\t<meta property=\"og:image:height\" content=\"853\" \/>\n\t<meta property=\"og:image:type\" content=\"image\/jpeg\" \/>\n<meta name=\"author\" content=\"Eduardo Vargas\" \/>\n<meta name=\"twitter:card\" content=\"summary_large_image\" \/>\n<meta name=\"twitter:creator\" content=\"@sunoresearch\" \/>\n<meta name=\"twitter:site\" content=\"@sunoresearch\" \/>\n<meta name=\"twitter:label1\" content=\"Escrito por\" \/>\n\t<meta name=\"twitter:data1\" content=\"Eduardo Vargas\" \/>\n\t<meta name=\"twitter:label2\" content=\"Est. tempo de leitura\" \/>\n\t<meta name=\"twitter:data2\" content=\"3 minutos\" \/>\n<script type=\"application\/ld+json\" class=\"yoast-schema-graph\">{\"@context\":\"https:\/\/schema.org\",\"@graph\":[{\"@type\":\"NewsArticle\",\"@id\":\"https:\/\/www.suno.com.br\/noticias\/fitch-nota-evergrande-calote-proximo\/#article\",\"isPartOf\":{\"@id\":\"https:\/\/www.suno.com.br\/noticias\/fitch-nota-evergrande-calote-proximo\/\"},\"author\":{\"name\":\"Eduardo Vargas\",\"@id\":\"https:\/\/www.suno.com.br\/noticias\/#\/schema\/person\/7f4d362bf3518e76090143ae77bb49a5\"},\"headline\":\"Fitch rebaixa nota da Evergrande e v\u00ea calote pr\u00f3ximo\",\"datePublished\":\"2021-09-29T14:57:36+00:00\",\"mainEntityOfPage\":{\"@id\":\"https:\/\/www.suno.com.br\/noticias\/fitch-nota-evergrande-calote-proximo\/\"},\"wordCount\":697,\"publisher\":{\"@id\":\"https:\/\/www.suno.com.br\/noticias\/#organization\"},\"image\":{\"@id\":\"https:\/\/www.suno.com.br\/noticias\/fitch-nota-evergrande-calote-proximo\/#primaryimage\"},\"thumbnailUrl\":\"https:\/\/files.sunoresearch.com.br\/n\/uploads\/2021\/09\/Residential_buildings_developed_by_Evergrande_in_Yuanyang.jpg\",\"keywords\":[\"Ag\u00eancias\",\"China\",\"Fitch\",\"mercado imobili\u00e1rio\"],\"articleSection\":[\"Internacional\"],\"inLanguage\":\"pt-BR\"},{\"@type\":\"WebPage\",\"@id\":\"https:\/\/www.suno.com.br\/noticias\/fitch-nota-evergrande-calote-proximo\/\",\"url\":\"https:\/\/www.suno.com.br\/noticias\/fitch-nota-evergrande-calote-proximo\/\",\"name\":\"Fitch rebaixa nota da Evergrande e v\u00ea calote pr\u00f3ximo\",\"isPartOf\":{\"@id\":\"https:\/\/www.suno.com.br\/noticias\/#website\"},\"primaryImageOfPage\":{\"@id\":\"https:\/\/www.suno.com.br\/noticias\/fitch-nota-evergrande-calote-proximo\/#primaryimage\"},\"image\":{\"@id\":\"https:\/\/www.suno.com.br\/noticias\/fitch-nota-evergrande-calote-proximo\/#primaryimage\"},\"thumbnailUrl\":\"https:\/\/files.sunoresearch.com.br\/n\/uploads\/2021\/09\/Residential_buildings_developed_by_Evergrande_in_Yuanyang.jpg\",\"datePublished\":\"2021-09-29T14:57:36+00:00\",\"description\":\"A ag\u00eancia de risco rebaixou a nota da Evergrande para C citando que n\u00e3o teve confirma\u00e7\u00e3o de pagamentos recentes. Clique aqui e leia mais.\",\"breadcrumb\":{\"@id\":\"https:\/\/www.suno.com.br\/noticias\/fitch-nota-evergrande-calote-proximo\/#breadcrumb\"},\"inLanguage\":\"pt-BR\",\"potentialAction\":[{\"@type\":\"ReadAction\",\"target\":[\"https:\/\/www.suno.com.br\/noticias\/fitch-nota-evergrande-calote-proximo\/\"]}]},{\"@type\":\"ImageObject\",\"inLanguage\":\"pt-BR\",\"@id\":\"https:\/\/www.suno.com.br\/noticias\/fitch-nota-evergrande-calote-proximo\/#primaryimage\",\"url\":\"https:\/\/files.sunoresearch.com.br\/n\/uploads\/2021\/09\/Residential_buildings_developed_by_Evergrande_in_Yuanyang.jpg\",\"contentUrl\":\"https:\/\/files.sunoresearch.com.br\/n\/uploads\/2021\/09\/Residential_buildings_developed_by_Evergrande_in_Yuanyang.jpg\",\"width\":1280,\"height\":853,\"caption\":\"Evergrande. Foto: Reprodu\u00e7\u00e3o\/Site Evergrande\"},{\"@type\":\"BreadcrumbList\",\"@id\":\"https:\/\/www.suno.com.br\/noticias\/fitch-nota-evergrande-calote-proximo\/#breadcrumb\",\"itemListElement\":[{\"@type\":\"ListItem\",\"position\":1,\"name\":\"Not\u00edcias\",\"item\":\"https:\/\/www.suno.com.br\/noticias\/\"},{\"@type\":\"ListItem\",\"position\":2,\"name\":\"Internacional\",\"item\":\"https:\/\/www.suno.com.br\/noticias\/internacional\/\"},{\"@type\":\"ListItem\",\"position\":3,\"name\":\"Fitch rebaixa nota da Evergrande e v\u00ea calote pr\u00f3ximo\"}]},{\"@type\":\"WebSite\",\"@id\":\"https:\/\/www.suno.com.br\/noticias\/#website\",\"url\":\"https:\/\/www.suno.com.br\/noticias\/\",\"name\":\"Suno Not\u00edcias\",\"description\":\"Seu portal de informa\u00e7\u00e3o sobre o mundo dos investimentos\",\"publisher\":{\"@id\":\"https:\/\/www.suno.com.br\/noticias\/#organization\"},\"potentialAction\":[{\"@type\":\"SearchAction\",\"target\":{\"@type\":\"EntryPoint\",\"urlTemplate\":\"https:\/\/www.suno.com.br\/noticias\/?s={search_term_string}\"},\"query-input\":{\"@type\":\"PropertyValueSpecification\",\"valueRequired\":true,\"valueName\":\"search_term_string\"}}],\"inLanguage\":\"pt-BR\"},{\"@type\":\"Organization\",\"@id\":\"https:\/\/www.suno.com.br\/noticias\/#organization\",\"name\":\"Suno Not\u00edcias\",\"url\":\"https:\/\/www.suno.com.br\/noticias\/\",\"logo\":{\"@type\":\"ImageObject\",\"inLanguage\":\"pt-BR\",\"@id\":\"https:\/\/www.suno.com.br\/noticias\/#\/schema\/logo\/image\/\",\"url\":\"https:\/\/files.sunoresearch.com.br\/n\/uploads\/2021\/09\/suno-logo.png\",\"contentUrl\":\"https:\/\/files.sunoresearch.com.br\/n\/uploads\/2021\/09\/suno-logo.png\",\"width\":180,\"height\":180,\"caption\":\"Suno Not\u00edcias\"},\"image\":{\"@id\":\"https:\/\/www.suno.com.br\/noticias\/#\/schema\/logo\/image\/\"},\"sameAs\":[\"https:\/\/facebook.com\/sunoresearch\",\"https:\/\/x.com\/sunoresearch\",\"https:\/\/www.instagram.com\/suno\",\"https:\/\/www.linkedin.com\/company\/suno-research\/\",\"https:\/\/www.youtube.com\/c\/sunoresearch\"]},{\"@type\":\"Person\",\"@id\":\"https:\/\/www.suno.com.br\/noticias\/#\/schema\/person\/7f4d362bf3518e76090143ae77bb49a5\",\"name\":\"Eduardo Vargas\",\"image\":{\"@type\":\"ImageObject\",\"inLanguage\":\"pt-BR\",\"@id\":\"https:\/\/www.suno.com.br\/noticias\/#\/schema\/person\/image\/\",\"url\":\"https:\/\/secure.gravatar.com\/avatar\/dac340933427a22924c9f99d1eb2e3f2?s=96&r=g\",\"contentUrl\":\"https:\/\/secure.gravatar.com\/avatar\/dac340933427a22924c9f99d1eb2e3f2?s=96&r=g\",\"caption\":\"Eduardo Vargas\"},\"description\":\"Jornalista formado pela UFSC, cobre macroeconomia, neg\u00f3cios e startups para o Suno Not\u00edcias, escrevendo principalmente not\u00edcias sobre o mercado financeiro e a bolsa de valores. No YouTube e no Instagram, \u00e9 respons\u00e1vel pela produ\u00e7\u00e3o de Reels e Shorts do Suno Not\u00edcias. Anteriormente, trabalhou cobrindo economia e cotidiano no ND+ e para o ND, maior jornal impresso de Santa Catarina. Cursou um semestre letivo de Estudos de M\u00eddia na Universidad de Buenos Aires.\",\"url\":\"https:\/\/www.suno.com.br\/noticias\/author\/eduardo-vargas\/\"}]}<\/script>\n<!-- \/ Yoast SEO plugin. -->","yoast_head_json":{"title":"Fitch rebaixa nota da Evergrande e v\u00ea calote pr\u00f3ximo","description":"A ag\u00eancia de risco rebaixou a nota da Evergrande para C citando que n\u00e3o teve confirma\u00e7\u00e3o de pagamentos recentes. Clique aqui e leia mais.","robots":{"index":"index","follow":"follow","max-snippet":"max-snippet:-1","max-image-preview":"max-image-preview:large","max-video-preview":"max-video-preview:-1"},"canonical":"https:\/\/www.suno.com.br\/noticias\/fitch-nota-evergrande-calote-proximo\/","og_locale":"pt_BR","og_type":"article","og_title":"Fitch rebaixa nota da Evergrande e v\u00ea calote pr\u00f3ximo","og_description":"A ag\u00eancia de risco rebaixou a nota da Evergrande para C citando que n\u00e3o teve confirma\u00e7\u00e3o de pagamentos recentes. Clique aqui e leia mais.","og_url":"https:\/\/www.suno.com.br\/noticias\/fitch-nota-evergrande-calote-proximo\/","og_site_name":"Suno Not\u00edcias","article_publisher":"https:\/\/facebook.com\/sunoresearch","og_image":[{"width":1280,"height":853,"url":"https:\/\/files.sunoresearch.com.br\/n\/uploads\/2021\/09\/Residential_buildings_developed_by_Evergrande_in_Yuanyang.jpg","type":"image\/jpeg"}],"author":"Eduardo Vargas","twitter_card":"summary_large_image","twitter_creator":"@sunoresearch","twitter_site":"@sunoresearch","twitter_misc":{"Escrito por":"Eduardo Vargas","Est. tempo de leitura":"3 minutos"},"schema":{"@context":"https:\/\/schema.org","@graph":[{"@type":"NewsArticle","@id":"https:\/\/www.suno.com.br\/noticias\/fitch-nota-evergrande-calote-proximo\/#article","isPartOf":{"@id":"https:\/\/www.suno.com.br\/noticias\/fitch-nota-evergrande-calote-proximo\/"},"author":{"name":"Eduardo Vargas","@id":"https:\/\/www.suno.com.br\/noticias\/#\/schema\/person\/7f4d362bf3518e76090143ae77bb49a5"},"headline":"Fitch rebaixa nota da Evergrande e v\u00ea calote pr\u00f3ximo","datePublished":"2021-09-29T14:57:36+00:00","mainEntityOfPage":{"@id":"https:\/\/www.suno.com.br\/noticias\/fitch-nota-evergrande-calote-proximo\/"},"wordCount":697,"publisher":{"@id":"https:\/\/www.suno.com.br\/noticias\/#organization"},"image":{"@id":"https:\/\/www.suno.com.br\/noticias\/fitch-nota-evergrande-calote-proximo\/#primaryimage"},"thumbnailUrl":"https:\/\/files.sunoresearch.com.br\/n\/uploads\/2021\/09\/Residential_buildings_developed_by_Evergrande_in_Yuanyang.jpg","keywords":["Ag\u00eancias","China","Fitch","mercado imobili\u00e1rio"],"articleSection":["Internacional"],"inLanguage":"pt-BR"},{"@type":"WebPage","@id":"https:\/\/www.suno.com.br\/noticias\/fitch-nota-evergrande-calote-proximo\/","url":"https:\/\/www.suno.com.br\/noticias\/fitch-nota-evergrande-calote-proximo\/","name":"Fitch rebaixa nota da Evergrande e v\u00ea calote pr\u00f3ximo","isPartOf":{"@id":"https:\/\/www.suno.com.br\/noticias\/#website"},"primaryImageOfPage":{"@id":"https:\/\/www.suno.com.br\/noticias\/fitch-nota-evergrande-calote-proximo\/#primaryimage"},"image":{"@id":"https:\/\/www.suno.com.br\/noticias\/fitch-nota-evergrande-calote-proximo\/#primaryimage"},"thumbnailUrl":"https:\/\/files.sunoresearch.com.br\/n\/uploads\/2021\/09\/Residential_buildings_developed_by_Evergrande_in_Yuanyang.jpg","datePublished":"2021-09-29T14:57:36+00:00","description":"A ag\u00eancia de risco rebaixou a nota da Evergrande para C citando que n\u00e3o teve confirma\u00e7\u00e3o de pagamentos recentes. Clique aqui e leia mais.","breadcrumb":{"@id":"https:\/\/www.suno.com.br\/noticias\/fitch-nota-evergrande-calote-proximo\/#breadcrumb"},"inLanguage":"pt-BR","potentialAction":[{"@type":"ReadAction","target":["https:\/\/www.suno.com.br\/noticias\/fitch-nota-evergrande-calote-proximo\/"]}]},{"@type":"ImageObject","inLanguage":"pt-BR","@id":"https:\/\/www.suno.com.br\/noticias\/fitch-nota-evergrande-calote-proximo\/#primaryimage","url":"https:\/\/files.sunoresearch.com.br\/n\/uploads\/2021\/09\/Residential_buildings_developed_by_Evergrande_in_Yuanyang.jpg","contentUrl":"https:\/\/files.sunoresearch.com.br\/n\/uploads\/2021\/09\/Residential_buildings_developed_by_Evergrande_in_Yuanyang.jpg","width":1280,"height":853,"caption":"Evergrande. Foto: Reprodu\u00e7\u00e3o\/Site Evergrande"},{"@type":"BreadcrumbList","@id":"https:\/\/www.suno.com.br\/noticias\/fitch-nota-evergrande-calote-proximo\/#breadcrumb","itemListElement":[{"@type":"ListItem","position":1,"name":"Not\u00edcias","item":"https:\/\/www.suno.com.br\/noticias\/"},{"@type":"ListItem","position":2,"name":"Internacional","item":"https:\/\/www.suno.com.br\/noticias\/internacional\/"},{"@type":"ListItem","position":3,"name":"Fitch rebaixa nota da Evergrande e v\u00ea calote pr\u00f3ximo"}]},{"@type":"WebSite","@id":"https:\/\/www.suno.com.br\/noticias\/#website","url":"https:\/\/www.suno.com.br\/noticias\/","name":"Suno Not\u00edcias","description":"Seu portal de informa\u00e7\u00e3o sobre o mundo dos investimentos","publisher":{"@id":"https:\/\/www.suno.com.br\/noticias\/#organization"},"potentialAction":[{"@type":"SearchAction","target":{"@type":"EntryPoint","urlTemplate":"https:\/\/www.suno.com.br\/noticias\/?s={search_term_string}"},"query-input":{"@type":"PropertyValueSpecification","valueRequired":true,"valueName":"search_term_string"}}],"inLanguage":"pt-BR"},{"@type":"Organization","@id":"https:\/\/www.suno.com.br\/noticias\/#organization","name":"Suno Not\u00edcias","url":"https:\/\/www.suno.com.br\/noticias\/","logo":{"@type":"ImageObject","inLanguage":"pt-BR","@id":"https:\/\/www.suno.com.br\/noticias\/#\/schema\/logo\/image\/","url":"https:\/\/files.sunoresearch.com.br\/n\/uploads\/2021\/09\/suno-logo.png","contentUrl":"https:\/\/files.sunoresearch.com.br\/n\/uploads\/2021\/09\/suno-logo.png","width":180,"height":180,"caption":"Suno Not\u00edcias"},"image":{"@id":"https:\/\/www.suno.com.br\/noticias\/#\/schema\/logo\/image\/"},"sameAs":["https:\/\/facebook.com\/sunoresearch","https:\/\/x.com\/sunoresearch","https:\/\/www.instagram.com\/suno","https:\/\/www.linkedin.com\/company\/suno-research\/","https:\/\/www.youtube.com\/c\/sunoresearch"]},{"@type":"Person","@id":"https:\/\/www.suno.com.br\/noticias\/#\/schema\/person\/7f4d362bf3518e76090143ae77bb49a5","name":"Eduardo Vargas","image":{"@type":"ImageObject","inLanguage":"pt-BR","@id":"https:\/\/www.suno.com.br\/noticias\/#\/schema\/person\/image\/","url":"https:\/\/secure.gravatar.com\/avatar\/dac340933427a22924c9f99d1eb2e3f2?s=96&r=g","contentUrl":"https:\/\/secure.gravatar.com\/avatar\/dac340933427a22924c9f99d1eb2e3f2?s=96&r=g","caption":"Eduardo Vargas"},"description":"Jornalista formado pela UFSC, cobre macroeconomia, neg\u00f3cios e startups para o Suno Not\u00edcias, escrevendo principalmente not\u00edcias sobre o mercado financeiro e a bolsa de valores. No YouTube e no Instagram, \u00e9 respons\u00e1vel pela produ\u00e7\u00e3o de Reels e Shorts do Suno Not\u00edcias. Anteriormente, trabalhou cobrindo economia e cotidiano no ND+ e para o ND, maior jornal impresso de Santa Catarina. Cursou um semestre letivo de Estudos de M\u00eddia na Universidad de Buenos Aires.","url":"https:\/\/www.suno.com.br\/noticias\/author\/eduardo-vargas\/"}]}},"default_loop_html":"<div class=\"cardsPage__listCard__boxs\"><div class=\"cardsPage__listCard__boxs__img\"><a href=\"https:\/\/www.suno.com.br\/noticias\/fitch-nota-evergrande-calote-proximo\/\"><img class=\"mask\" src=\"https:\/\/www.suno.com.br\/noticias\/wp-content\/themes\/suno\/resources\/images\/spotlight\/spotlight1img\/bg-mask.png\" alt=\"Image Mask\"\/><img src=\"https:\/\/files.sunoresearch.com.br\/n\/uploads\/2021\/09\/Residential_buildings_developed_by_Evergrande_in_Yuanyang-400x200.jpg\" alt=\"Fitch rebaixa nota da Evergrande e v\u00ea calote pr\u00f3ximo\"\/><\/a><span class=\"spotlightCategory\"><a href=\"https:\/\/www.suno.com.br\/noticias\/internacional\/\">Internacional<\/a><\/span><\/div><div class=\"cardsPage__listCard__boxs__content\"><a href=\"https:\/\/www.suno.com.br\/noticias\/fitch-nota-evergrande-calote-proximo\/\"><h2 class=\"content__title\">Fitch rebaixa nota da Evergrande e v\u00ea calote pr\u00f3ximo<\/h2><\/a><div class=\"newsContent__article__meta\"><div class=\"newsContent__article__meta__authorBox\"><a href=\"https:\/\/www.suno.com.br\/noticias\/author\/eduardo-vargas\/\" class=\"authorBox__avatar noMobi\"><img src=\"https:\/\/secure.gravatar.com\/avatar\/dac340933427a22924c9f99d1eb2e3f2?s=96&#038;r=g\" alt=\"Eduardo Vargas\"><\/a><div class=\"authorBox__name\"><span>por\n\t\t\t<a href=\"https:\/\/www.suno.com.br\/noticias\/author\/eduardo-vargas\/\"><span itemprop=\"author\">Eduardo Vargas<\/span><\/a><\/span><time datetime=\"2021-09-29T11:57:36-03:00\" itemprop=\"datePublished\">29\/09\/2021 11:57<\/time><\/div><\/div><\/div><\/div><\/div>","single_layout":"posts","amp_enabled":true,"_links":{"self":[{"href":"https:\/\/www.suno.com.br\/noticias\/wp-json\/wp\/v2\/posts\/188708"}],"collection":[{"href":"https:\/\/www.suno.com.br\/noticias\/wp-json\/wp\/v2\/posts"}],"about":[{"href":"https:\/\/www.suno.com.br\/noticias\/wp-json\/wp\/v2\/types\/post"}],"author":[{"embeddable":true,"href":"https:\/\/www.suno.com.br\/noticias\/wp-json\/wp\/v2\/users\/73"}],"replies":[{"embeddable":true,"href":"https:\/\/www.suno.com.br\/noticias\/wp-json\/wp\/v2\/comments?post=188708"}],"version-history":[{"count":4,"href":"https:\/\/www.suno.com.br\/noticias\/wp-json\/wp\/v2\/posts\/188708\/revisions"}],"predecessor-version":[{"id":188863,"href":"https:\/\/www.suno.com.br\/noticias\/wp-json\/wp\/v2\/posts\/188708\/revisions\/188863"}],"wp:featuredmedia":[{"embeddable":true,"href":"https:\/\/www.suno.com.br\/noticias\/wp-json\/wp\/v2\/media\/185516"}],"wp:attachment":[{"href":"https:\/\/www.suno.com.br\/noticias\/wp-json\/wp\/v2\/media?parent=188708"}],"wp:term":[{"taxonomy":"category","embeddable":true,"href":"https:\/\/www.suno.com.br\/noticias\/wp-json\/wp\/v2\/categories?post=188708"},{"taxonomy":"post_tag","embeddable":true,"href":"https:\/\/www.suno.com.br\/noticias\/wp-json\/wp\/v2\/tags?post=188708"},{"taxonomy":"suno_strategy","embeddable":true,"href":"https:\/\/www.suno.com.br\/noticias\/wp-json\/wp\/v2\/suno_strategy?post=188708"}],"curies":[{"name":"wp","href":"https:\/\/api.w.org\/{rel}","templated":true}]}}