{"id":188537,"date":"2021-09-28T18:23:17","date_gmt":"2021-09-28T21:23:17","guid":{"rendered":"https:\/\/www.suno.com.br\/noticias\/?p=188537"},"modified":"2021-09-28T18:23:17","modified_gmt":"2021-09-28T21:23:17","slug":"prorrogacao-auxilio-emergencial-ministro","status":"publish","type":"post","link":"https:\/\/www.suno.com.br\/noticias\/prorrogacao-auxilio-emergencial-ministro\/","title":{"rendered":"Aux\u00edlio emergencial pode ser prorrogado at\u00e9 2022, afirma ministro"},"content":{"rendered":"<p>O ministro da Cidadania, Jo\u00e3o Roma, disse hoje (28) em entrevista ao Estad\u00e3o que uma prorroga\u00e7\u00e3o do <strong>aux\u00edlio emergencial<\/strong>, programado para se encerrarado dentro de um m\u00eas, &#8220;est\u00e1 na mesa&#8221;. O governo estuda a possiblidade de prorrogar o benef\u00edcio, criado como medida para atender os mais vulner\u00e1veis durante a pandemia de covid-19, at\u00e9 abril de 2022.<\/p>\t<div class=\"wrapper-featured-image\">\n\t\t<figure class=\"spotlightImg\">\n\n\t\t\t<picture>\n\t\t\t\t<source media=\"(max-width: 768px)\" srcset=\"https:\/\/files.sunoresearch.com.br\/n\/uploads\/2021\/02\/7f5153c2-coronavoucher-400x200.webp\">\n\t\t\t\t<img loading=\"lazy\" decoding=\"async\" class=\"newsContent__article__imgCapa lazyloadDisabled \" src=\"https:\/\/files.sunoresearch.com.br\/n\/uploads\/2021\/02\/7f5153c2-coronavoucher-800x450.webp\" width=\"800\" height=\"450\" alt=\"Aux\u00edlio emergencial pode ser prorrogado at\u00e9 2022, afirma ministro\" fetchpriority=high \/>\n\t\t\t<\/picture>\n\n\t\t\t<figcaption class=\"wp-caption-text wp-caption-text--show\">Aux\u00edlio emergencial. Foto: Reprodu\u00e7\u00e3o<\/figcaption>\n\t\t<\/figure>\n\t<\/div>\n\n\n\t<p>\n\t\t<a href=\"https:\/\/lp.suno.com.br\/planilha-controle-gastos\/\" target=\"_blank\" data-element=\"shortcode-suno-banner\" title=\"Banner SUNO, clique e saiba mais\">\n\t\t\t<picture>\n\t\t\t\t<source media=\"(max-width: 500px)\" srcset=\"https:\/\/files.sunoresearch.com.br\/n\/uploads\/2023\/03\/400x300-Planilha-controle-de-gastos.png\">\n\t\t\t\t<img class=\"newsContent__article__imgCapa newsContent__article__imgCapa--banner\"\n\t\t\t\t\tsrc=\"https:\/\/files.sunoresearch.com.br\/n\/uploads\/2023\/03\/1420x240-Planilha-controle-de-gastos.png\"\n\t\t\t\t\tdata-promo-id=\"101751\"\t\t\t\t\t\t\t\t\t\twidth='1420' height='240'\t\t\t\t\talt=\"https:\/\/files.sunoresearch.com.br\/n\/uploads\/2023\/03\/1420x240-Planilha-controle-de-gastos.png\"\n\t\t\t\t>\n\t\t\t<\/picture>\n\t\t<\/a>\n\t<\/p>\n\n\n<p>&#8220;\u00c9 preciso que haja um esfor\u00e7o do Estado brasileiro para proteger 25 milh\u00f5es de cidad\u00e3os&#8221;, disse ele, em refer\u00eancia ao p\u00fablico que hoje recebe o <strong>aux\u00edlio emergencial<\/strong>, mas que ficaria fora da nova pol\u00edtica sucessora do Bolsa Fam\u00edlia.<\/p>\n<p>Recriado em abril, o aux\u00edlio emergencial de 2021 paga de R$ 150 a R$ 375 mensais para cerca de 39 milh\u00f5es de fam\u00edlias eleg\u00edveis, enquanto o novo Aux\u00edlio Brasil deve alcan\u00e7ar 16,5 milh\u00f5es. Segundo Roma, embora os casos de covid-19 e de mortes pela doen\u00e7a tenham diminu\u00eddo, na esteira da vacina\u00e7\u00e3o, os impactos da crise permanecem. &#8220;A pandemia acabou, mas seus efeitos sociais n\u00e3o.&#8221;<\/p>\n\t<p>\n\t\t<a href=\"https:\/\/lp.suno.com.br\/planilha-da-vida-financeira\/\" target=\"_blank\" data-element=\"shortcode-suno-banner\" title=\"Banner SUNO, clique e saiba mais\">\n\t\t\t<picture>\n\t\t\t\t<source media=\"(max-width: 500px)\" srcset=\"https:\/\/files.sunoresearch.com.br\/n\/uploads\/2023\/04\/400x300-Planilha-vida-financeira-true.png\">\n\t\t\t\t<img class=\"newsContent__article__imgCapa newsContent__article__imgCapa--banner\"\n\t\t\t\t\tsrc=\"https:\/\/files.sunoresearch.com.br\/n\/uploads\/2023\/04\/1420x240-Planilha-vida-financeira-true.png\"\n\t\t\t\t\tdata-promo-id=\"106682\"\t\t\t\t\t\t\t\t\t\twidth='1420' height='240'\t\t\t\t\talt=\"https:\/\/files.sunoresearch.com.br\/n\/uploads\/2023\/04\/1420x240-Planilha-vida-financeira-true.png\"\n\t\t\t\t>\n\t\t\t<\/picture>\n\t\t<\/a>\n\t<\/p>\n\n\n<p>A prorroga\u00e7\u00e3o do aux\u00edlio emergencial tamb\u00e9m tem sido defendida por aliados do governo no Congresso. Para essa ala, a medida pode ser adotada mesmo que se resolva o impasse em torno dos precat\u00f3rios, d\u00edvidas judiciais que saltaram a R$ 89,1 bilh\u00f5es em 2022 e ocuparam o espa\u00e7o fiscal antes reservado \u00e0 amplia\u00e7\u00e3o do Bolsa Fam\u00edlia. O governo apresentou uma Proposta de Emenda \u00e0 Constitui\u00e7\u00e3o (PEC) para parcelar os d\u00e9bitos, mas o texto est\u00e1 sendo alvo de negocia\u00e7\u00e3o com parlamentares e ainda n\u00e3o foi votado.<\/p>\n<p>Entre aliados do governo no Congresso, a avalia\u00e7\u00e3o \u00e9 de que as duas medidas (PEC dos precat\u00f3rios\/Aux\u00edlio Brasil e prorroga\u00e7\u00e3o do aux\u00edlio emergencial) n\u00e3o est\u00e3o vinculadas e s\u00e3o independentes.<\/p>\n\t<p>\n\t\t<a href=\"https:\/\/lp.suno.com.br\/ebook-como-analisar-uma-acao\/\" target=\"_blank\" data-element=\"shortcode-suno-banner\" title=\"Banner SUNO, clique e saiba mais\">\n\t\t\t<picture>\n\t\t\t\t<source media=\"(max-width: 500px)\" srcset=\"https:\/\/files.sunoresearch.com.br\/n\/uploads\/2023\/03\/Ebook-Acoes-Mobile-1.jpg\">\n\t\t\t\t<img class=\"newsContent__article__imgCapa newsContent__article__imgCapa--banner\"\n\t\t\t\t\tsrc=\"https:\/\/files.sunoresearch.com.br\/n\/uploads\/2023\/03\/Ebook-Acoes-Desktop-1.jpg\"\n\t\t\t\t\tdata-promo-id=\"171998\"\t\t\t\t\t\t\t\t\t\twidth='1420' height='286'\t\t\t\t\talt=\"https:\/\/files.sunoresearch.com.br\/n\/uploads\/2023\/03\/Ebook-Acoes-Desktop-1.jpg\"\n\t\t\t\t>\n\t\t\t<\/picture>\n\t\t<\/a>\n\t<\/p>\n\n\n<p>Apesar disso, cada dia sem avan\u00e7os na solu\u00e7\u00e3o para as d\u00edvidas judiciais \u00e9 contabilizado no Pal\u00e1cio do Planalto como um impulso a mais \u00e0 ideia de prorrogar o aux\u00edlio emergencial. Sobretudo porque, sem resolver os precat\u00f3rios, o t\u00edquete m\u00e9dio do novo benef\u00edcio ficaria em R$ 194,45, um aumento de apenas R$ 8,51, como revelou o Estad\u00e3o\/Broadcast. O valor \u00e9 considerado invi\u00e1vel sob o ponto de vista pol\u00edtico e tamb\u00e9m social. O presidente Jair Bolsonaro, que vai tentar a reelei\u00e7\u00e3o no ano que vem, tem prometido pelo menos R$ 300.<\/p>\n<p>Apesar da defesa expl\u00edcita de ministros do governo, a prorroga\u00e7\u00e3o do benef\u00edcio a vulner\u00e1veis enfrenta resist\u00eancias no <a class=\"suno-keyword\" href=\"https:\/\/www.suno.com.br\/artigos\/ministerio-da-economia\/\" target=\"_blank\" rel=\"noopener\" data-force=\"no\" data-priority=\"3\">Minist\u00e9rio da Economia<\/a>. A equipe de Paulo Guedes n\u00e3o v\u00ea respaldo legal e t\u00e9cnico para uma nova rodada do benef\u00edcio, justamente porque o n\u00famero de casos e mortes est\u00e1 caindo em decorr\u00eancia da vacina\u00e7\u00e3o. Para os t\u00e9cnicos, n\u00e3o h\u00e1 como, no cen\u00e1rio atual, justificar a abertura de um novo cr\u00e9dito extraordin\u00e1rio para permitir gastos adicionais fora de amarras fiscais como o <a class=\"suno-keyword\" href=\"https:\/\/www.suno.com.br\/artigos\/teto-de-gastos\/\" target=\"_blank\" rel=\"noopener\" data-force=\"no\" data-priority=\"1\">teto de gastos<\/a>, que limita o avan\u00e7o das despesas \u00e0 infla\u00e7\u00e3o.<\/p>\n\t<p>\n\t\t<a href=\"https:\/\/lp.suno.com.br\/planilha-de-controle-de-investimentos\/\" target=\"_blank\" data-element=\"shortcode-suno-banner\" title=\"Banner SUNO, clique e saiba mais\">\n\t\t\t<picture>\n\t\t\t\t<source media=\"(max-width: 500px)\" srcset=\"https:\/\/files.sunoresearch.com.br\/n\/uploads\/2023\/03\/400x300-Controle-de-Investimentos.png\">\n\t\t\t\t<img class=\"newsContent__article__imgCapa newsContent__article__imgCapa--banner\"\n\t\t\t\t\tsrc=\"https:\/\/files.sunoresearch.com.br\/n\/uploads\/2023\/03\/1420x240-Controle-de-Investimentos.png\"\n\t\t\t\t\tdata-promo-id=\"75934\"\t\t\t\t\t\t\t\t\t\twidth='1420' height='240'\t\t\t\t\talt=\"https:\/\/files.sunoresearch.com.br\/n\/uploads\/2023\/03\/1420x240-Controle-de-Investimentos.png\"\n\t\t\t\t>\n\t\t\t<\/picture>\n\t\t<\/a>\n\t<\/p>\n\n\n<p>J\u00e1 uma fonte da c\u00fapula do Legislativo afirma que a curva de casos e mortes est\u00e1 caindo, &#8220;mas n\u00e3o a do desemprego, a da fome e a da infla\u00e7\u00e3o&#8221;. O Pa\u00eds tem hoje 14,4 milh\u00f5es de desempregados, e a infla\u00e7\u00e3o cruzou a fronteira dos dois d\u00edgitos no acumulado em 12 meses at\u00e9 metade de setembro (alta de 10,05%).<\/p>\n<p>Defensores da prorroga\u00e7\u00e3o do <strong>aux\u00edlio emergencial<\/strong> tamb\u00e9m argumentam que outros pa\u00edses est\u00e3o estendendo seus programas emergenciais at\u00e9 abril de 2022. Na avalia\u00e7\u00e3o dessa ala, ainda que a equipe econ\u00f4mica celebre a &#8220;recupera\u00e7\u00e3o em V&#8221;, a situa\u00e7\u00e3o n\u00e3o \u00e9 de normalidade. Da\u00ed a necessidade de &#8220;dar uma resposta palat\u00e1vel&#8221; \u00e0 crise social, sem que isso signifique irresponsabilidade fiscal.<\/p>\n<p><em>Com informa\u00e7\u00f5es da Ag\u00eancia Estado<\/em><\/p>\n\t<p>\n\t\t<a href=\"\" target=\"_blank\" data-element=\"shortcode-suno-banner\" title=\"Banner SUNO, clique e saiba mais\">\n\t\t\t<picture>\n\t\t\t\t<source media=\"(max-width: 500px)\" srcset=\"\">\n\t\t\t\t<img class=\"newsContent__article__imgCapa newsContent__article__imgCapa--banner\"\n\t\t\t\t\tsrc=\"\"\n\t\t\t\t\tdata-promo-id=\"184190\"\t\t\t\t\t\t\t\t\t\t\t\t\t\t\talt=\"\"\n\t\t\t\t>\n\t\t\t<\/picture>\n\t\t<\/a>\n\t<\/p>\n\n\n","protected":false},"excerpt":{"rendered":"<p>O ministro da Cidadania, Jo\u00e3o Roma, disse hoje (28) em entrevista ao Estad\u00e3o que uma prorroga\u00e7\u00e3o do aux\u00edlio emergencial, programado para se encerrarado dentro de um m\u00eas, &#8220;est\u00e1 na mesa&#8221;. O governo estuda a possiblidade de prorrogar o benef\u00edcio, criado como medida para atender os mais vulner\u00e1veis durante a pandemia de covid-19, at\u00e9 abril de [&hellip;]<\/p>\n","protected":false},"author":118,"featured_media":120439,"comment_status":"closed","ping_status":"closed","sticky":false,"template":"","format":"standard","meta":[],"categories":[62],"tags":[17139],"suno_strategy":[],"class_list":["post-188537","post","type-post","status-publish","format-standard","has-post-thumbnail","hentry","category-economia","tag-auxilio-emergencial"],"yoast_head":"<!-- This site is optimized with the Yoast SEO plugin v24.4 - https:\/\/yoast.com\/wordpress\/plugins\/seo\/ -->\n<title>Aux\u00edlio emergencial pode ser prorrogado at\u00e9 2022, afirma ministro<\/title>\n<meta name=\"description\" content=\"O ministro da Cidadania, Jo\u00e3o Roma, disse hoje (28) em entrevista ao Estad\u00e3o que uma prorroga\u00e7\u00e3o do aux\u00edlio emergencial...Saiba mais\" \/>\n<meta name=\"robots\" content=\"index, follow, max-snippet:-1, max-image-preview:large, max-video-preview:-1\" \/>\n<link rel=\"canonical\" href=\"https:\/\/www.suno.com.br\/noticias\/prorrogacao-auxilio-emergencial-ministro\/\" \/>\n<meta property=\"og:locale\" content=\"pt_BR\" \/>\n<meta property=\"og:type\" content=\"article\" \/>\n<meta property=\"og:title\" content=\"Aux\u00edlio emergencial pode ser prorrogado at\u00e9 2022, afirma ministro\" \/>\n<meta property=\"og:description\" content=\"O ministro da Cidadania, Jo\u00e3o Roma, disse hoje (28) em entrevista ao Estad\u00e3o que uma prorroga\u00e7\u00e3o do aux\u00edlio emergencial...Saiba mais\" \/>\n<meta property=\"og:url\" content=\"https:\/\/www.suno.com.br\/noticias\/prorrogacao-auxilio-emergencial-ministro\/\" \/>\n<meta property=\"og:site_name\" content=\"Suno Not\u00edcias\" \/>\n<meta property=\"article:publisher\" content=\"https:\/\/facebook.com\/sunoresearch\" \/>\n<meta property=\"og:image\" content=\"https:\/\/files.sunoresearch.com.br\/n\/uploads\/2021\/02\/7f5153c2-coronavoucher.jpg\" \/>\n\t<meta property=\"og:image:width\" content=\"1400\" \/>\n\t<meta property=\"og:image:height\" content=\"1050\" \/>\n\t<meta property=\"og:image:type\" content=\"image\/jpeg\" \/>\n<meta name=\"author\" content=\"Bruno Galv\u00e3o\" \/>\n<meta name=\"twitter:card\" content=\"summary_large_image\" \/>\n<meta name=\"twitter:creator\" content=\"@sunoresearch\" \/>\n<meta name=\"twitter:site\" content=\"@sunoresearch\" \/>\n<meta name=\"twitter:label1\" content=\"Escrito por\" \/>\n\t<meta name=\"twitter:data1\" content=\"Bruno Galv\u00e3o\" \/>\n\t<meta name=\"twitter:label2\" content=\"Est. tempo de leitura\" \/>\n\t<meta name=\"twitter:data2\" content=\"3 minutos\" \/>\n<script type=\"application\/ld+json\" class=\"yoast-schema-graph\">{\"@context\":\"https:\/\/schema.org\",\"@graph\":[{\"@type\":\"NewsArticle\",\"@id\":\"https:\/\/www.suno.com.br\/noticias\/prorrogacao-auxilio-emergencial-ministro\/#article\",\"isPartOf\":{\"@id\":\"https:\/\/www.suno.com.br\/noticias\/prorrogacao-auxilio-emergencial-ministro\/\"},\"author\":{\"name\":\"Bruno Galv\u00e3o\",\"@id\":\"https:\/\/www.suno.com.br\/noticias\/#\/schema\/person\/06f0d962a6b1c54852e4860f16935600\"},\"headline\":\"Aux\u00edlio emergencial pode ser prorrogado at\u00e9 2022, afirma ministro\",\"datePublished\":\"2021-09-28T21:23:17+00:00\",\"mainEntityOfPage\":{\"@id\":\"https:\/\/www.suno.com.br\/noticias\/prorrogacao-auxilio-emergencial-ministro\/\"},\"wordCount\":668,\"publisher\":{\"@id\":\"https:\/\/www.suno.com.br\/noticias\/#organization\"},\"image\":{\"@id\":\"https:\/\/www.suno.com.br\/noticias\/prorrogacao-auxilio-emergencial-ministro\/#primaryimage\"},\"thumbnailUrl\":\"https:\/\/files.sunoresearch.com.br\/n\/uploads\/2021\/02\/7f5153c2-coronavoucher-jpg.webp\",\"keywords\":[\"aux\u00edlio emergencial\"],\"articleSection\":[\"Economia\"],\"inLanguage\":\"pt-BR\"},{\"@type\":\"WebPage\",\"@id\":\"https:\/\/www.suno.com.br\/noticias\/prorrogacao-auxilio-emergencial-ministro\/\",\"url\":\"https:\/\/www.suno.com.br\/noticias\/prorrogacao-auxilio-emergencial-ministro\/\",\"name\":\"Aux\u00edlio emergencial pode ser prorrogado at\u00e9 2022, afirma ministro\",\"isPartOf\":{\"@id\":\"https:\/\/www.suno.com.br\/noticias\/#website\"},\"primaryImageOfPage\":{\"@id\":\"https:\/\/www.suno.com.br\/noticias\/prorrogacao-auxilio-emergencial-ministro\/#primaryimage\"},\"image\":{\"@id\":\"https:\/\/www.suno.com.br\/noticias\/prorrogacao-auxilio-emergencial-ministro\/#primaryimage\"},\"thumbnailUrl\":\"https:\/\/files.sunoresearch.com.br\/n\/uploads\/2021\/02\/7f5153c2-coronavoucher-jpg.webp\",\"datePublished\":\"2021-09-28T21:23:17+00:00\",\"description\":\"O ministro da Cidadania, Jo\u00e3o Roma, disse hoje (28) em entrevista ao Estad\u00e3o que uma prorroga\u00e7\u00e3o do aux\u00edlio emergencial...Saiba mais\",\"breadcrumb\":{\"@id\":\"https:\/\/www.suno.com.br\/noticias\/prorrogacao-auxilio-emergencial-ministro\/#breadcrumb\"},\"inLanguage\":\"pt-BR\",\"potentialAction\":[{\"@type\":\"ReadAction\",\"target\":[\"https:\/\/www.suno.com.br\/noticias\/prorrogacao-auxilio-emergencial-ministro\/\"]}]},{\"@type\":\"ImageObject\",\"inLanguage\":\"pt-BR\",\"@id\":\"https:\/\/www.suno.com.br\/noticias\/prorrogacao-auxilio-emergencial-ministro\/#primaryimage\",\"url\":\"https:\/\/files.sunoresearch.com.br\/n\/uploads\/2021\/02\/7f5153c2-coronavoucher-jpg.webp\",\"contentUrl\":\"https:\/\/files.sunoresearch.com.br\/n\/uploads\/2021\/02\/7f5153c2-coronavoucher-jpg.webp\",\"width\":1400,\"height\":1050,\"caption\":\"Aux\u00edlio emergencial. Foto: Reprodu\u00e7\u00e3o\"},{\"@type\":\"BreadcrumbList\",\"@id\":\"https:\/\/www.suno.com.br\/noticias\/prorrogacao-auxilio-emergencial-ministro\/#breadcrumb\",\"itemListElement\":[{\"@type\":\"ListItem\",\"position\":1,\"name\":\"Not\u00edcias\",\"item\":\"https:\/\/www.suno.com.br\/noticias\/\"},{\"@type\":\"ListItem\",\"position\":2,\"name\":\"Economia\",\"item\":\"https:\/\/www.suno.com.br\/noticias\/economia\/\"},{\"@type\":\"ListItem\",\"position\":3,\"name\":\"Aux\u00edlio emergencial pode ser prorrogado at\u00e9 2022, afirma ministro\"}]},{\"@type\":\"WebSite\",\"@id\":\"https:\/\/www.suno.com.br\/noticias\/#website\",\"url\":\"https:\/\/www.suno.com.br\/noticias\/\",\"name\":\"Suno Not\u00edcias\",\"description\":\"Seu portal de informa\u00e7\u00e3o sobre o mundo dos investimentos\",\"publisher\":{\"@id\":\"https:\/\/www.suno.com.br\/noticias\/#organization\"},\"potentialAction\":[{\"@type\":\"SearchAction\",\"target\":{\"@type\":\"EntryPoint\",\"urlTemplate\":\"https:\/\/www.suno.com.br\/noticias\/?s={search_term_string}\"},\"query-input\":{\"@type\":\"PropertyValueSpecification\",\"valueRequired\":true,\"valueName\":\"search_term_string\"}}],\"inLanguage\":\"pt-BR\"},{\"@type\":\"Organization\",\"@id\":\"https:\/\/www.suno.com.br\/noticias\/#organization\",\"name\":\"Suno Not\u00edcias\",\"url\":\"https:\/\/www.suno.com.br\/noticias\/\",\"logo\":{\"@type\":\"ImageObject\",\"inLanguage\":\"pt-BR\",\"@id\":\"https:\/\/www.suno.com.br\/noticias\/#\/schema\/logo\/image\/\",\"url\":\"https:\/\/files.sunoresearch.com.br\/n\/uploads\/2021\/09\/suno-logo.png\",\"contentUrl\":\"https:\/\/files.sunoresearch.com.br\/n\/uploads\/2021\/09\/suno-logo.png\",\"width\":180,\"height\":180,\"caption\":\"Suno Not\u00edcias\"},\"image\":{\"@id\":\"https:\/\/www.suno.com.br\/noticias\/#\/schema\/logo\/image\/\"},\"sameAs\":[\"https:\/\/facebook.com\/sunoresearch\",\"https:\/\/x.com\/sunoresearch\",\"https:\/\/www.instagram.com\/suno\",\"https:\/\/www.linkedin.com\/company\/suno-research\/\",\"https:\/\/www.youtube.com\/c\/sunoresearch\"]},{\"@type\":\"Person\",\"@id\":\"https:\/\/www.suno.com.br\/noticias\/#\/schema\/person\/06f0d962a6b1c54852e4860f16935600\",\"name\":\"Bruno Galv\u00e3o\",\"image\":{\"@type\":\"ImageObject\",\"inLanguage\":\"pt-BR\",\"@id\":\"https:\/\/www.suno.com.br\/noticias\/#\/schema\/person\/image\/\",\"url\":\"https:\/\/secure.gravatar.com\/avatar\/53598df0b41c00f12f287a912d0e918e?s=96&r=g\",\"contentUrl\":\"https:\/\/secure.gravatar.com\/avatar\/53598df0b41c00f12f287a912d0e918e?s=96&r=g\",\"caption\":\"Bruno Galv\u00e3o\"},\"description\":\"Escreve para o portal Suno Not\u00edcias. \u00c9 estudante de Jornalismo pela Faculdade C\u00e1sper L\u00edbero e Letras pela USP. Entusiasta de tecnologia e intelig\u00eancia artificial.\",\"url\":\"https:\/\/www.suno.com.br\/noticias\/author\/bruno-garcia\/\"}]}<\/script>\n<!-- \/ Yoast SEO plugin. -->","yoast_head_json":{"title":"Aux\u00edlio emergencial pode ser prorrogado at\u00e9 2022, afirma ministro","description":"O ministro da Cidadania, Jo\u00e3o Roma, disse hoje (28) em entrevista ao Estad\u00e3o que uma prorroga\u00e7\u00e3o do aux\u00edlio emergencial...Saiba mais","robots":{"index":"index","follow":"follow","max-snippet":"max-snippet:-1","max-image-preview":"max-image-preview:large","max-video-preview":"max-video-preview:-1"},"canonical":"https:\/\/www.suno.com.br\/noticias\/prorrogacao-auxilio-emergencial-ministro\/","og_locale":"pt_BR","og_type":"article","og_title":"Aux\u00edlio emergencial pode ser prorrogado at\u00e9 2022, afirma ministro","og_description":"O ministro da Cidadania, Jo\u00e3o Roma, disse hoje (28) em entrevista ao Estad\u00e3o que uma prorroga\u00e7\u00e3o do aux\u00edlio emergencial...Saiba mais","og_url":"https:\/\/www.suno.com.br\/noticias\/prorrogacao-auxilio-emergencial-ministro\/","og_site_name":"Suno Not\u00edcias","article_publisher":"https:\/\/facebook.com\/sunoresearch","og_image":[{"width":1400,"height":1050,"url":"https:\/\/files.sunoresearch.com.br\/n\/uploads\/2021\/02\/7f5153c2-coronavoucher.jpg","type":"image\/jpeg"}],"author":"Bruno Galv\u00e3o","twitter_card":"summary_large_image","twitter_creator":"@sunoresearch","twitter_site":"@sunoresearch","twitter_misc":{"Escrito por":"Bruno Galv\u00e3o","Est. tempo de leitura":"3 minutos"},"schema":{"@context":"https:\/\/schema.org","@graph":[{"@type":"NewsArticle","@id":"https:\/\/www.suno.com.br\/noticias\/prorrogacao-auxilio-emergencial-ministro\/#article","isPartOf":{"@id":"https:\/\/www.suno.com.br\/noticias\/prorrogacao-auxilio-emergencial-ministro\/"},"author":{"name":"Bruno Galv\u00e3o","@id":"https:\/\/www.suno.com.br\/noticias\/#\/schema\/person\/06f0d962a6b1c54852e4860f16935600"},"headline":"Aux\u00edlio emergencial pode ser prorrogado at\u00e9 2022, afirma ministro","datePublished":"2021-09-28T21:23:17+00:00","mainEntityOfPage":{"@id":"https:\/\/www.suno.com.br\/noticias\/prorrogacao-auxilio-emergencial-ministro\/"},"wordCount":668,"publisher":{"@id":"https:\/\/www.suno.com.br\/noticias\/#organization"},"image":{"@id":"https:\/\/www.suno.com.br\/noticias\/prorrogacao-auxilio-emergencial-ministro\/#primaryimage"},"thumbnailUrl":"https:\/\/files.sunoresearch.com.br\/n\/uploads\/2021\/02\/7f5153c2-coronavoucher-jpg.webp","keywords":["aux\u00edlio emergencial"],"articleSection":["Economia"],"inLanguage":"pt-BR"},{"@type":"WebPage","@id":"https:\/\/www.suno.com.br\/noticias\/prorrogacao-auxilio-emergencial-ministro\/","url":"https:\/\/www.suno.com.br\/noticias\/prorrogacao-auxilio-emergencial-ministro\/","name":"Aux\u00edlio emergencial pode ser prorrogado at\u00e9 2022, afirma ministro","isPartOf":{"@id":"https:\/\/www.suno.com.br\/noticias\/#website"},"primaryImageOfPage":{"@id":"https:\/\/www.suno.com.br\/noticias\/prorrogacao-auxilio-emergencial-ministro\/#primaryimage"},"image":{"@id":"https:\/\/www.suno.com.br\/noticias\/prorrogacao-auxilio-emergencial-ministro\/#primaryimage"},"thumbnailUrl":"https:\/\/files.sunoresearch.com.br\/n\/uploads\/2021\/02\/7f5153c2-coronavoucher-jpg.webp","datePublished":"2021-09-28T21:23:17+00:00","description":"O ministro da Cidadania, Jo\u00e3o Roma, disse hoje (28) em entrevista ao Estad\u00e3o que uma prorroga\u00e7\u00e3o do aux\u00edlio emergencial...Saiba mais","breadcrumb":{"@id":"https:\/\/www.suno.com.br\/noticias\/prorrogacao-auxilio-emergencial-ministro\/#breadcrumb"},"inLanguage":"pt-BR","potentialAction":[{"@type":"ReadAction","target":["https:\/\/www.suno.com.br\/noticias\/prorrogacao-auxilio-emergencial-ministro\/"]}]},{"@type":"ImageObject","inLanguage":"pt-BR","@id":"https:\/\/www.suno.com.br\/noticias\/prorrogacao-auxilio-emergencial-ministro\/#primaryimage","url":"https:\/\/files.sunoresearch.com.br\/n\/uploads\/2021\/02\/7f5153c2-coronavoucher-jpg.webp","contentUrl":"https:\/\/files.sunoresearch.com.br\/n\/uploads\/2021\/02\/7f5153c2-coronavoucher-jpg.webp","width":1400,"height":1050,"caption":"Aux\u00edlio emergencial. Foto: Reprodu\u00e7\u00e3o"},{"@type":"BreadcrumbList","@id":"https:\/\/www.suno.com.br\/noticias\/prorrogacao-auxilio-emergencial-ministro\/#breadcrumb","itemListElement":[{"@type":"ListItem","position":1,"name":"Not\u00edcias","item":"https:\/\/www.suno.com.br\/noticias\/"},{"@type":"ListItem","position":2,"name":"Economia","item":"https:\/\/www.suno.com.br\/noticias\/economia\/"},{"@type":"ListItem","position":3,"name":"Aux\u00edlio emergencial pode ser prorrogado at\u00e9 2022, afirma ministro"}]},{"@type":"WebSite","@id":"https:\/\/www.suno.com.br\/noticias\/#website","url":"https:\/\/www.suno.com.br\/noticias\/","name":"Suno Not\u00edcias","description":"Seu portal de informa\u00e7\u00e3o sobre o mundo dos investimentos","publisher":{"@id":"https:\/\/www.suno.com.br\/noticias\/#organization"},"potentialAction":[{"@type":"SearchAction","target":{"@type":"EntryPoint","urlTemplate":"https:\/\/www.suno.com.br\/noticias\/?s={search_term_string}"},"query-input":{"@type":"PropertyValueSpecification","valueRequired":true,"valueName":"search_term_string"}}],"inLanguage":"pt-BR"},{"@type":"Organization","@id":"https:\/\/www.suno.com.br\/noticias\/#organization","name":"Suno Not\u00edcias","url":"https:\/\/www.suno.com.br\/noticias\/","logo":{"@type":"ImageObject","inLanguage":"pt-BR","@id":"https:\/\/www.suno.com.br\/noticias\/#\/schema\/logo\/image\/","url":"https:\/\/files.sunoresearch.com.br\/n\/uploads\/2021\/09\/suno-logo.png","contentUrl":"https:\/\/files.sunoresearch.com.br\/n\/uploads\/2021\/09\/suno-logo.png","width":180,"height":180,"caption":"Suno Not\u00edcias"},"image":{"@id":"https:\/\/www.suno.com.br\/noticias\/#\/schema\/logo\/image\/"},"sameAs":["https:\/\/facebook.com\/sunoresearch","https:\/\/x.com\/sunoresearch","https:\/\/www.instagram.com\/suno","https:\/\/www.linkedin.com\/company\/suno-research\/","https:\/\/www.youtube.com\/c\/sunoresearch"]},{"@type":"Person","@id":"https:\/\/www.suno.com.br\/noticias\/#\/schema\/person\/06f0d962a6b1c54852e4860f16935600","name":"Bruno Galv\u00e3o","image":{"@type":"ImageObject","inLanguage":"pt-BR","@id":"https:\/\/www.suno.com.br\/noticias\/#\/schema\/person\/image\/","url":"https:\/\/secure.gravatar.com\/avatar\/53598df0b41c00f12f287a912d0e918e?s=96&r=g","contentUrl":"https:\/\/secure.gravatar.com\/avatar\/53598df0b41c00f12f287a912d0e918e?s=96&r=g","caption":"Bruno Galv\u00e3o"},"description":"Escreve para o portal Suno Not\u00edcias. \u00c9 estudante de Jornalismo pela Faculdade C\u00e1sper L\u00edbero e Letras pela USP. Entusiasta de tecnologia e intelig\u00eancia artificial.","url":"https:\/\/www.suno.com.br\/noticias\/author\/bruno-garcia\/"}]}},"default_loop_html":"<div class=\"cardsPage__listCard__boxs\"><div class=\"cardsPage__listCard__boxs__img\"><a href=\"https:\/\/www.suno.com.br\/noticias\/prorrogacao-auxilio-emergencial-ministro\/\"><img class=\"mask\" src=\"https:\/\/www.suno.com.br\/noticias\/wp-content\/themes\/suno\/resources\/images\/spotlight\/spotlight1img\/bg-mask.png\" alt=\"Image Mask\"\/><img src=\"https:\/\/files.sunoresearch.com.br\/n\/uploads\/2021\/02\/7f5153c2-coronavoucher-400x200.webp\" alt=\"Aux\u00edlio emergencial pode ser prorrogado at\u00e9 2022, afirma ministro\"\/><\/a><span class=\"spotlightCategory\"><a href=\"https:\/\/www.suno.com.br\/noticias\/economia\/\">Economia<\/a><\/span><\/div><div class=\"cardsPage__listCard__boxs__content\"><a href=\"https:\/\/www.suno.com.br\/noticias\/prorrogacao-auxilio-emergencial-ministro\/\"><h2 class=\"content__title\">Aux\u00edlio emergencial pode ser prorrogado at\u00e9 2022, afirma ministro<\/h2><\/a><div class=\"newsContent__article__meta\"><div class=\"newsContent__article__meta__authorBox\"><a href=\"https:\/\/www.suno.com.br\/noticias\/author\/bruno-garcia\/\" class=\"authorBox__avatar noMobi\"><img src=\"https:\/\/secure.gravatar.com\/avatar\/53598df0b41c00f12f287a912d0e918e?s=96&#038;r=g\" alt=\"Bruno Galv\u00e3o\"><\/a><div class=\"authorBox__name\"><span>por\n\t\t\t<a href=\"https:\/\/www.suno.com.br\/noticias\/author\/bruno-garcia\/\"><span itemprop=\"author\">Bruno Galv\u00e3o<\/span><\/a><\/span><time datetime=\"2021-09-28T18:23:17-03:00\" itemprop=\"datePublished\">28\/09\/2021 18:23<\/time><\/div><\/div><\/div><\/div><\/div>","single_layout":"posts","amp_enabled":true,"_links":{"self":[{"href":"https:\/\/www.suno.com.br\/noticias\/wp-json\/wp\/v2\/posts\/188537"}],"collection":[{"href":"https:\/\/www.suno.com.br\/noticias\/wp-json\/wp\/v2\/posts"}],"about":[{"href":"https:\/\/www.suno.com.br\/noticias\/wp-json\/wp\/v2\/types\/post"}],"author":[{"embeddable":true,"href":"https:\/\/www.suno.com.br\/noticias\/wp-json\/wp\/v2\/users\/118"}],"replies":[{"embeddable":true,"href":"https:\/\/www.suno.com.br\/noticias\/wp-json\/wp\/v2\/comments?post=188537"}],"version-history":[{"count":4,"href":"https:\/\/www.suno.com.br\/noticias\/wp-json\/wp\/v2\/posts\/188537\/revisions"}],"predecessor-version":[{"id":188598,"href":"https:\/\/www.suno.com.br\/noticias\/wp-json\/wp\/v2\/posts\/188537\/revisions\/188598"}],"wp:featuredmedia":[{"embeddable":true,"href":"https:\/\/www.suno.com.br\/noticias\/wp-json\/wp\/v2\/media\/120439"}],"wp:attachment":[{"href":"https:\/\/www.suno.com.br\/noticias\/wp-json\/wp\/v2\/media?parent=188537"}],"wp:term":[{"taxonomy":"category","embeddable":true,"href":"https:\/\/www.suno.com.br\/noticias\/wp-json\/wp\/v2\/categories?post=188537"},{"taxonomy":"post_tag","embeddable":true,"href":"https:\/\/www.suno.com.br\/noticias\/wp-json\/wp\/v2\/tags?post=188537"},{"taxonomy":"suno_strategy","embeddable":true,"href":"https:\/\/www.suno.com.br\/noticias\/wp-json\/wp\/v2\/suno_strategy?post=188537"}],"curies":[{"name":"wp","href":"https:\/\/api.w.org\/{rel}","templated":true}]}}