{"id":188450,"date":"2021-09-28T18:12:11","date_gmt":"2021-09-28T21:12:11","guid":{"rendered":"https:\/\/www.suno.com.br\/noticias\/?p=188450"},"modified":"2021-09-28T18:21:26","modified_gmt":"2021-09-28T21:21:26","slug":"lira-critica-preco-gasolina","status":"publish","type":"post","link":"https:\/\/www.suno.com.br\/noticias\/lira-critica-preco-gasolina\/","title":{"rendered":"Lira diz que pre\u00e7os da Petrobras (PETR4) para combust\u00edveis s\u00e3o &#8220;intoler\u00e1veis&#8221;"},"content":{"rendered":"<p>O presidente da C\u00e2mara dos Deputados, <strong>Arthur Lira<\/strong> (PP-AL), declarou nesta ter\u00e7a (28) que os deputados ir\u00e3o buscar solu\u00e7\u00f5es legislativas para combater o aumento nos pre\u00e7os dos combust\u00edveis e do g\u00e1s de cozinha. &#8220;Amanh\u00e3 (quarta-feira), vamos colocar alternativas em discuss\u00e3o no Col\u00e9gio de L\u00edderes. O fato \u00e9 que o Brasil n\u00e3o pode tolerar gasolina a quase R$ 7 e o g\u00e1s a R$ 120&#8221;, escreveu o parlamentar, criticando a <a class=\"suno-keyword\" href=\"https:\/\/www.suno.com.br\/acoes\/PETR4\/\" target=\"_blank\" rel=\"noopener\" data-force=\"yes\" data-priority=\"2\">Petrobras (PETR4)<\/a>.<\/p>\t<div class=\"wrapper-featured-image\">\n\t\t<figure class=\"spotlightImg\">\n\n\t\t\t<picture>\n\t\t\t\t<source media=\"(max-width: 768px)\" srcset=\"https:\/\/files.sunoresearch.com.br\/n\/uploads\/2021\/06\/45913622-1021673-23052016pzzb1541--400x200.webp\">\n\t\t\t\t<img loading=\"lazy\" decoding=\"async\" class=\"newsContent__article__imgCapa lazyloadDisabled \" src=\"https:\/\/files.sunoresearch.com.br\/n\/uploads\/2021\/06\/45913622-1021673-23052016pzzb1541--800x450.webp\" width=\"800\" height=\"450\" alt=\"Lira diz que pre\u00e7os da Petrobras (PETR4) para combust\u00edveis s\u00e3o &#8220;intoler\u00e1veis&#8221;\" fetchpriority=high \/>\n\t\t\t<\/picture>\n\n\t\t\t<figcaption class=\"wp-caption-text wp-caption-text--show\">O presidente da C\u00e2mara dos Deputados, Arthur Lira. Foto: Rodrigues Pozzebom\/Ag\u00eancia Brasil. <\/figcaption>\n\t\t<\/figure>\n\t<\/div>\n\n\n\t<p>\n\t\t<a href=\"https:\/\/lp.suno.com.br\/planilha-controle-gastos\/\" target=\"_blank\" data-element=\"shortcode-suno-banner\" title=\"Banner SUNO, clique e saiba mais\">\n\t\t\t<picture>\n\t\t\t\t<source media=\"(max-width: 500px)\" srcset=\"https:\/\/files.sunoresearch.com.br\/n\/uploads\/2023\/03\/400x300-Planilha-controle-de-gastos.png\">\n\t\t\t\t<img class=\"newsContent__article__imgCapa newsContent__article__imgCapa--banner\"\n\t\t\t\t\tsrc=\"https:\/\/files.sunoresearch.com.br\/n\/uploads\/2023\/03\/1420x240-Planilha-controle-de-gastos.png\"\n\t\t\t\t\tdata-promo-id=\"101751\"\t\t\t\t\t\t\t\t\t\twidth='1420' height='240'\t\t\t\t\talt=\"https:\/\/files.sunoresearch.com.br\/n\/uploads\/2023\/03\/1420x240-Planilha-controle-de-gastos.png\"\n\t\t\t\t>\n\t\t\t<\/picture>\n\t\t<\/a>\n\t<\/p>\n\n\n<p>H\u00e1 duas semanas, <strong>Lira<\/strong> j\u00e1 havia criticado a companhia ao anunciar um comiss\u00e3o geral na C\u00e2mara com a empresa para debater o pre\u00e7o dos combust\u00edveis.<\/p>\n<p>O an\u00fancio de Lira vem um dia depois de a Petrobras convocar a imprensa para explicar que sua pol\u00edtica de pre\u00e7os continua acompanhando a paridade internacional e o c\u00e2mbio.<\/p>\n<p>Lira ir\u00e1 com o presidente Jair Bolsonaro a um evento de entrega de moradias no interior de Alagoas, reduto eleitoral do deputado. O alto pre\u00e7o dos combust\u00edveis \u00e9 um dos temas que t\u00eam tirado o sossego de Bolsonaro pelo impacto na infla\u00e7\u00e3o e humor de seus eleitores.<\/p>\n\t<p>\n\t\t<a href=\"https:\/\/lp.suno.com.br\/planilha-da-vida-financeira\/\" target=\"_blank\" data-element=\"shortcode-suno-banner\" title=\"Banner SUNO, clique e saiba mais\">\n\t\t\t<picture>\n\t\t\t\t<source media=\"(max-width: 500px)\" srcset=\"https:\/\/files.sunoresearch.com.br\/n\/uploads\/2023\/04\/400x300-Planilha-vida-financeira-true.png\">\n\t\t\t\t<img class=\"newsContent__article__imgCapa newsContent__article__imgCapa--banner\"\n\t\t\t\t\tsrc=\"https:\/\/files.sunoresearch.com.br\/n\/uploads\/2023\/04\/1420x240-Planilha-vida-financeira-true.png\"\n\t\t\t\t\tdata-promo-id=\"106682\"\t\t\t\t\t\t\t\t\t\twidth='1420' height='240'\t\t\t\t\talt=\"https:\/\/files.sunoresearch.com.br\/n\/uploads\/2023\/04\/1420x240-Planilha-vida-financeira-true.png\"\n\t\t\t\t>\n\t\t\t<\/picture>\n\t\t<\/a>\n\t<\/p>\n\n\n<p>Na segunda-feira (27) o presidente da estatal, Joaquim Silva e Luna, afirmou que n\u00e3o haver\u00e1 mudan\u00e7a na pol\u00edtica de pre\u00e7os da Petrobras &#8211; mais cedo, no mesmo dia, Bolsonaro havia dito ter conversado com o ministro de Minas e Energia, Bento Albuquerque, &#8220;sobre a nossa Petrobras&#8221; e sobre que fazer &#8220;para melhorar ou diminuir o pre\u00e7o na ponta da linha&#8221;.<\/p>\n<p>Na entrevista coletiva, Silva e Luna disse que os pre\u00e7os da companhia est\u00e3o defasados em compara\u00e7\u00e3o ao mercado internacional. O diretor de Comercializa\u00e7\u00e3o e Log\u00edstica da Petrobras, Claudio Mastella, declarou que a empresa &#8220;est\u00e1 olhando com carinho a possibilidade de reajuste de pre\u00e7o dos combust\u00edveis&#8221;.<\/p>\n\t<div data-element=\"shortcode-read-more\" class=\"knowMore\">\n\t\t\t\t<span class=\"knowMore__title\">Saiba mais<\/span>\n\t\t\t\t<a class=\"knowMore__link\" href=\"https:\/\/www.suno.com.br\/noticias\/petrobras-petr4-brent-ajuste\/\">\n\t\t\tPetrobras (PETR4) diz que alta do petr\u00f3leo indica necessidade de reajuste de combust\u00edveis\t\t<\/a>\n\t<\/div>\n\n\n\t<p>\n\t\t<a href=\"https:\/\/lp.suno.com.br\/ebook-como-analisar-uma-acao\/\" target=\"_blank\" data-element=\"shortcode-suno-banner\" title=\"Banner SUNO, clique e saiba mais\">\n\t\t\t<picture>\n\t\t\t\t<source media=\"(max-width: 500px)\" srcset=\"https:\/\/files.sunoresearch.com.br\/n\/uploads\/2023\/03\/Ebook-Acoes-Mobile-1.jpg\">\n\t\t\t\t<img class=\"newsContent__article__imgCapa newsContent__article__imgCapa--banner\"\n\t\t\t\t\tsrc=\"https:\/\/files.sunoresearch.com.br\/n\/uploads\/2023\/03\/Ebook-Acoes-Desktop-1.jpg\"\n\t\t\t\t\tdata-promo-id=\"171998\"\t\t\t\t\t\t\t\t\t\twidth='1420' height='286'\t\t\t\t\talt=\"https:\/\/files.sunoresearch.com.br\/n\/uploads\/2023\/03\/Ebook-Acoes-Desktop-1.jpg\"\n\t\t\t\t>\n\t\t\t<\/picture>\n\t\t<\/a>\n\t<\/p>\n\n\n<p>Nesta ter\u00e7a, a estatal reajustou o valor do diesel em suas refinarias em R$ 0,25 por litro. O valor passar\u00e1 de R$ 2,81 para R$ 3,06, uma alta de 8,9%. Essa \u00e9 a primeira revis\u00e3o no pre\u00e7o do combust\u00edvel em 85 dias.<\/p>\n<h2>Lira ironiza fala de diretor da Petrobras<\/h2>\n<p>A fala de Mastella foi destacada no post de Lira, que ironizou: &#8220;O diretor da Petrobras Cl\u00e1udio Mastella diz que estuda com &#8216;carinho&#8217; um aumento de pre\u00e7os diante desse cen\u00e1rio. Tenho certeza que ele \u00e9 bem pago para buscar outras solu\u00e7\u00f5es que n\u00e3o o simples repasse frequente.&#8221;<\/p>\n<p>O presidente da C\u00e2mara pontuou ainda que o d\u00f3lar persiste num patamar alto e, junto com a valoriza\u00e7\u00e3o do barril de petr\u00f3leo, pressiona o pre\u00e7o dos combust\u00edveis, que &#8220;\u00e9 insustent\u00e1vel&#8221;.<\/p>\n\t<p>\n\t\t<a href=\"https:\/\/lp.suno.com.br\/planilha-de-controle-de-investimentos\/\" target=\"_blank\" data-element=\"shortcode-suno-banner\" title=\"Banner SUNO, clique e saiba mais\">\n\t\t\t<picture>\n\t\t\t\t<source media=\"(max-width: 500px)\" srcset=\"https:\/\/files.sunoresearch.com.br\/n\/uploads\/2023\/03\/400x300-Controle-de-Investimentos.png\">\n\t\t\t\t<img class=\"newsContent__article__imgCapa newsContent__article__imgCapa--banner\"\n\t\t\t\t\tsrc=\"https:\/\/files.sunoresearch.com.br\/n\/uploads\/2023\/03\/1420x240-Controle-de-Investimentos.png\"\n\t\t\t\t\tdata-promo-id=\"75934\"\t\t\t\t\t\t\t\t\t\twidth='1420' height='240'\t\t\t\t\talt=\"https:\/\/files.sunoresearch.com.br\/n\/uploads\/2023\/03\/1420x240-Controle-de-Investimentos.png\"\n\t\t\t\t>\n\t\t\t<\/picture>\n\t\t<\/a>\n\t<\/p>\n\n\n<p>Arthur <strong>Lira<\/strong> tamb\u00e9m fez quest\u00e3o de dizer que a Casa &#8220;est\u00e1 fazendo seu dever de casa para o pa\u00eds retomar a economia respeitando os limites fiscais e sendo respons\u00e1vel em todas as suas sinaliza\u00e7\u00f5es para o mercado&#8221;.<\/p>\n<p><em>(Com informa\u00e7\u00f5es da Ag\u00eancia Estado)<\/em><\/p>\n\t<p>\n\t\t<a href=\"\" target=\"_blank\" data-element=\"shortcode-suno-banner\" title=\"Banner SUNO, clique e saiba mais\">\n\t\t\t<picture>\n\t\t\t\t<source media=\"(max-width: 500px)\" srcset=\"\">\n\t\t\t\t<img class=\"newsContent__article__imgCapa newsContent__article__imgCapa--banner\"\n\t\t\t\t\tsrc=\"\"\n\t\t\t\t\tdata-promo-id=\"184190\"\t\t\t\t\t\t\t\t\t\t\t\t\t\t\talt=\"\"\n\t\t\t\t>\n\t\t\t<\/picture>\n\t\t<\/a>\n\t<\/p>\n\n\n","protected":false},"excerpt":{"rendered":"<p>O presidente da C\u00e2mara dos Deputados, Arthur Lira (PP-AL), declarou nesta ter\u00e7a (28) que os deputados ir\u00e3o buscar solu\u00e7\u00f5es legislativas para combater o aumento nos pre\u00e7os dos combust\u00edveis e do g\u00e1s de cozinha. &#8220;Amanh\u00e3 (quarta-feira), vamos colocar alternativas em discuss\u00e3o no Col\u00e9gio de L\u00edderes. O fato \u00e9 que o Brasil n\u00e3o pode tolerar gasolina a [&hellip;]<\/p>\n","protected":false},"author":118,"featured_media":158387,"comment_status":"closed","ping_status":"closed","sticky":false,"template":"","format":"standard","meta":[],"categories":[61],"tags":[104858,595],"suno_strategy":[],"class_list":["post-188450","post","type-post","status-publish","format-standard","has-post-thumbnail","hentry","category-politica","tag-arthur-lira","tag-petrobras-petr4"],"yoast_head":"<!-- This site is optimized with the Yoast SEO plugin v24.4 - https:\/\/yoast.com\/wordpress\/plugins\/seo\/ -->\n<title>Lira: pre\u00e7os da Petrobras (PETR4) para combust\u00edveis s\u00e3o &quot;intoler\u00e1veis&quot;<\/title>\n<meta name=\"description\" content=\"O presidente da C\u00e2mara dos Deputados, Arthur Lira (PP-AL), declarou hoje (28) que os deputados ir\u00e3o buscar solu\u00e7\u00f5es...Saiba mais\" \/>\n<meta name=\"robots\" content=\"index, follow, max-snippet:-1, max-image-preview:large, max-video-preview:-1\" \/>\n<link rel=\"canonical\" href=\"https:\/\/www.suno.com.br\/noticias\/lira-critica-preco-gasolina\/\" \/>\n<meta property=\"og:locale\" content=\"pt_BR\" \/>\n<meta property=\"og:type\" content=\"article\" \/>\n<meta property=\"og:title\" content=\"Lira: pre\u00e7os da Petrobras (PETR4) para combust\u00edveis s\u00e3o &quot;intoler\u00e1veis&quot;\" \/>\n<meta property=\"og:description\" content=\"O presidente da C\u00e2mara dos Deputados, Arthur Lira (PP-AL), declarou hoje (28) que os deputados ir\u00e3o buscar solu\u00e7\u00f5es...Saiba mais\" \/>\n<meta property=\"og:url\" content=\"https:\/\/www.suno.com.br\/noticias\/lira-critica-preco-gasolina\/\" \/>\n<meta property=\"og:site_name\" content=\"Suno Not\u00edcias\" \/>\n<meta property=\"article:publisher\" content=\"https:\/\/facebook.com\/sunoresearch\" \/>\n<meta property=\"og:image\" content=\"https:\/\/files.sunoresearch.com.br\/n\/uploads\/2021\/06\/45913622-1021673-23052016pzzb1541-.jpg\" \/>\n\t<meta property=\"og:image:width\" content=\"1526\" \/>\n\t<meta property=\"og:image:height\" content=\"1017\" \/>\n\t<meta property=\"og:image:type\" content=\"image\/jpeg\" \/>\n<meta name=\"author\" content=\"Bruno Galv\u00e3o\" \/>\n<meta name=\"twitter:card\" content=\"summary_large_image\" \/>\n<meta name=\"twitter:creator\" content=\"@sunoresearch\" \/>\n<meta name=\"twitter:site\" content=\"@sunoresearch\" \/>\n<meta name=\"twitter:label1\" content=\"Escrito por\" \/>\n\t<meta name=\"twitter:data1\" content=\"Bruno Galv\u00e3o\" \/>\n\t<meta name=\"twitter:label2\" content=\"Est. tempo de leitura\" \/>\n\t<meta name=\"twitter:data2\" content=\"3 minutos\" \/>\n<script type=\"application\/ld+json\" class=\"yoast-schema-graph\">{\"@context\":\"https:\/\/schema.org\",\"@graph\":[{\"@type\":\"NewsArticle\",\"@id\":\"https:\/\/www.suno.com.br\/noticias\/lira-critica-preco-gasolina\/#article\",\"isPartOf\":{\"@id\":\"https:\/\/www.suno.com.br\/noticias\/lira-critica-preco-gasolina\/\"},\"author\":{\"name\":\"Bruno Galv\u00e3o\",\"@id\":\"https:\/\/www.suno.com.br\/noticias\/#\/schema\/person\/06f0d962a6b1c54852e4860f16935600\"},\"headline\":\"Lira diz que pre\u00e7os da Petrobras (PETR4) para combust\u00edveis s\u00e3o &#8220;intoler\u00e1veis&#8221;\",\"datePublished\":\"2021-09-28T21:12:11+00:00\",\"dateModified\":\"2021-09-28T21:21:26+00:00\",\"mainEntityOfPage\":{\"@id\":\"https:\/\/www.suno.com.br\/noticias\/lira-critica-preco-gasolina\/\"},\"wordCount\":527,\"publisher\":{\"@id\":\"https:\/\/www.suno.com.br\/noticias\/#organization\"},\"image\":{\"@id\":\"https:\/\/www.suno.com.br\/noticias\/lira-critica-preco-gasolina\/#primaryimage\"},\"thumbnailUrl\":\"https:\/\/files.sunoresearch.com.br\/n\/uploads\/2021\/06\/45913622-1021673-23052016pzzb1541--jpg.webp\",\"keywords\":[\"Arthur Lira\",\"Petrobras (PETR4)\"],\"articleSection\":[\"Pol\u00edtica\"],\"inLanguage\":\"pt-BR\"},{\"@type\":\"WebPage\",\"@id\":\"https:\/\/www.suno.com.br\/noticias\/lira-critica-preco-gasolina\/\",\"url\":\"https:\/\/www.suno.com.br\/noticias\/lira-critica-preco-gasolina\/\",\"name\":\"Lira: pre\u00e7os da Petrobras (PETR4) para combust\u00edveis s\u00e3o \\\"intoler\u00e1veis\\\"\",\"isPartOf\":{\"@id\":\"https:\/\/www.suno.com.br\/noticias\/#website\"},\"primaryImageOfPage\":{\"@id\":\"https:\/\/www.suno.com.br\/noticias\/lira-critica-preco-gasolina\/#primaryimage\"},\"image\":{\"@id\":\"https:\/\/www.suno.com.br\/noticias\/lira-critica-preco-gasolina\/#primaryimage\"},\"thumbnailUrl\":\"https:\/\/files.sunoresearch.com.br\/n\/uploads\/2021\/06\/45913622-1021673-23052016pzzb1541--jpg.webp\",\"datePublished\":\"2021-09-28T21:12:11+00:00\",\"dateModified\":\"2021-09-28T21:21:26+00:00\",\"description\":\"O presidente da C\u00e2mara dos Deputados, Arthur Lira (PP-AL), declarou hoje (28) que os deputados ir\u00e3o buscar solu\u00e7\u00f5es...Saiba mais\",\"breadcrumb\":{\"@id\":\"https:\/\/www.suno.com.br\/noticias\/lira-critica-preco-gasolina\/#breadcrumb\"},\"inLanguage\":\"pt-BR\",\"potentialAction\":[{\"@type\":\"ReadAction\",\"target\":[\"https:\/\/www.suno.com.br\/noticias\/lira-critica-preco-gasolina\/\"]}]},{\"@type\":\"ImageObject\",\"inLanguage\":\"pt-BR\",\"@id\":\"https:\/\/www.suno.com.br\/noticias\/lira-critica-preco-gasolina\/#primaryimage\",\"url\":\"https:\/\/files.sunoresearch.com.br\/n\/uploads\/2021\/06\/45913622-1021673-23052016pzzb1541--jpg.webp\",\"contentUrl\":\"https:\/\/files.sunoresearch.com.br\/n\/uploads\/2021\/06\/45913622-1021673-23052016pzzb1541--jpg.webp\",\"width\":1526,\"height\":1017,\"caption\":\"O presidente da C\u00e2mara dos Deputados, Arthur Lira. Foto: Rodrigues Pozzebom\/Ag\u00eancia Brasil.\"},{\"@type\":\"BreadcrumbList\",\"@id\":\"https:\/\/www.suno.com.br\/noticias\/lira-critica-preco-gasolina\/#breadcrumb\",\"itemListElement\":[{\"@type\":\"ListItem\",\"position\":1,\"name\":\"Not\u00edcias\",\"item\":\"https:\/\/www.suno.com.br\/noticias\/\"},{\"@type\":\"ListItem\",\"position\":2,\"name\":\"Pol\u00edtica\",\"item\":\"https:\/\/www.suno.com.br\/noticias\/politica\/\"},{\"@type\":\"ListItem\",\"position\":3,\"name\":\"Lira diz que pre\u00e7os da Petrobras (PETR4) para combust\u00edveis s\u00e3o &#8220;intoler\u00e1veis&#8221;\"}]},{\"@type\":\"WebSite\",\"@id\":\"https:\/\/www.suno.com.br\/noticias\/#website\",\"url\":\"https:\/\/www.suno.com.br\/noticias\/\",\"name\":\"Suno Not\u00edcias\",\"description\":\"Seu portal de informa\u00e7\u00e3o sobre o mundo dos investimentos\",\"publisher\":{\"@id\":\"https:\/\/www.suno.com.br\/noticias\/#organization\"},\"potentialAction\":[{\"@type\":\"SearchAction\",\"target\":{\"@type\":\"EntryPoint\",\"urlTemplate\":\"https:\/\/www.suno.com.br\/noticias\/?s={search_term_string}\"},\"query-input\":{\"@type\":\"PropertyValueSpecification\",\"valueRequired\":true,\"valueName\":\"search_term_string\"}}],\"inLanguage\":\"pt-BR\"},{\"@type\":\"Organization\",\"@id\":\"https:\/\/www.suno.com.br\/noticias\/#organization\",\"name\":\"Suno Not\u00edcias\",\"url\":\"https:\/\/www.suno.com.br\/noticias\/\",\"logo\":{\"@type\":\"ImageObject\",\"inLanguage\":\"pt-BR\",\"@id\":\"https:\/\/www.suno.com.br\/noticias\/#\/schema\/logo\/image\/\",\"url\":\"https:\/\/files.sunoresearch.com.br\/n\/uploads\/2021\/09\/suno-logo.png\",\"contentUrl\":\"https:\/\/files.sunoresearch.com.br\/n\/uploads\/2021\/09\/suno-logo.png\",\"width\":180,\"height\":180,\"caption\":\"Suno Not\u00edcias\"},\"image\":{\"@id\":\"https:\/\/www.suno.com.br\/noticias\/#\/schema\/logo\/image\/\"},\"sameAs\":[\"https:\/\/facebook.com\/sunoresearch\",\"https:\/\/x.com\/sunoresearch\",\"https:\/\/www.instagram.com\/suno\",\"https:\/\/www.linkedin.com\/company\/suno-research\/\",\"https:\/\/www.youtube.com\/c\/sunoresearch\"]},{\"@type\":\"Person\",\"@id\":\"https:\/\/www.suno.com.br\/noticias\/#\/schema\/person\/06f0d962a6b1c54852e4860f16935600\",\"name\":\"Bruno Galv\u00e3o\",\"image\":{\"@type\":\"ImageObject\",\"inLanguage\":\"pt-BR\",\"@id\":\"https:\/\/www.suno.com.br\/noticias\/#\/schema\/person\/image\/\",\"url\":\"https:\/\/secure.gravatar.com\/avatar\/53598df0b41c00f12f287a912d0e918e?s=96&r=g\",\"contentUrl\":\"https:\/\/secure.gravatar.com\/avatar\/53598df0b41c00f12f287a912d0e918e?s=96&r=g\",\"caption\":\"Bruno Galv\u00e3o\"},\"description\":\"Escreve para o portal Suno Not\u00edcias. \u00c9 estudante de Jornalismo pela Faculdade C\u00e1sper L\u00edbero e Letras pela USP. Entusiasta de tecnologia e intelig\u00eancia artificial.\",\"url\":\"https:\/\/www.suno.com.br\/noticias\/author\/bruno-garcia\/\"}]}<\/script>\n<!-- \/ Yoast SEO plugin. -->","yoast_head_json":{"title":"Lira: pre\u00e7os da Petrobras (PETR4) para combust\u00edveis s\u00e3o \"intoler\u00e1veis\"","description":"O presidente da C\u00e2mara dos Deputados, Arthur Lira (PP-AL), declarou hoje (28) que os deputados ir\u00e3o buscar solu\u00e7\u00f5es...Saiba mais","robots":{"index":"index","follow":"follow","max-snippet":"max-snippet:-1","max-image-preview":"max-image-preview:large","max-video-preview":"max-video-preview:-1"},"canonical":"https:\/\/www.suno.com.br\/noticias\/lira-critica-preco-gasolina\/","og_locale":"pt_BR","og_type":"article","og_title":"Lira: pre\u00e7os da Petrobras (PETR4) para combust\u00edveis s\u00e3o \"intoler\u00e1veis\"","og_description":"O presidente da C\u00e2mara dos Deputados, Arthur Lira (PP-AL), declarou hoje (28) que os deputados ir\u00e3o buscar solu\u00e7\u00f5es...Saiba mais","og_url":"https:\/\/www.suno.com.br\/noticias\/lira-critica-preco-gasolina\/","og_site_name":"Suno Not\u00edcias","article_publisher":"https:\/\/facebook.com\/sunoresearch","og_image":[{"width":1526,"height":1017,"url":"https:\/\/files.sunoresearch.com.br\/n\/uploads\/2021\/06\/45913622-1021673-23052016pzzb1541-.jpg","type":"image\/jpeg"}],"author":"Bruno Galv\u00e3o","twitter_card":"summary_large_image","twitter_creator":"@sunoresearch","twitter_site":"@sunoresearch","twitter_misc":{"Escrito por":"Bruno Galv\u00e3o","Est. tempo de leitura":"3 minutos"},"schema":{"@context":"https:\/\/schema.org","@graph":[{"@type":"NewsArticle","@id":"https:\/\/www.suno.com.br\/noticias\/lira-critica-preco-gasolina\/#article","isPartOf":{"@id":"https:\/\/www.suno.com.br\/noticias\/lira-critica-preco-gasolina\/"},"author":{"name":"Bruno Galv\u00e3o","@id":"https:\/\/www.suno.com.br\/noticias\/#\/schema\/person\/06f0d962a6b1c54852e4860f16935600"},"headline":"Lira diz que pre\u00e7os da Petrobras (PETR4) para combust\u00edveis s\u00e3o &#8220;intoler\u00e1veis&#8221;","datePublished":"2021-09-28T21:12:11+00:00","dateModified":"2021-09-28T21:21:26+00:00","mainEntityOfPage":{"@id":"https:\/\/www.suno.com.br\/noticias\/lira-critica-preco-gasolina\/"},"wordCount":527,"publisher":{"@id":"https:\/\/www.suno.com.br\/noticias\/#organization"},"image":{"@id":"https:\/\/www.suno.com.br\/noticias\/lira-critica-preco-gasolina\/#primaryimage"},"thumbnailUrl":"https:\/\/files.sunoresearch.com.br\/n\/uploads\/2021\/06\/45913622-1021673-23052016pzzb1541--jpg.webp","keywords":["Arthur Lira","Petrobras (PETR4)"],"articleSection":["Pol\u00edtica"],"inLanguage":"pt-BR"},{"@type":"WebPage","@id":"https:\/\/www.suno.com.br\/noticias\/lira-critica-preco-gasolina\/","url":"https:\/\/www.suno.com.br\/noticias\/lira-critica-preco-gasolina\/","name":"Lira: pre\u00e7os da Petrobras (PETR4) para combust\u00edveis s\u00e3o \"intoler\u00e1veis\"","isPartOf":{"@id":"https:\/\/www.suno.com.br\/noticias\/#website"},"primaryImageOfPage":{"@id":"https:\/\/www.suno.com.br\/noticias\/lira-critica-preco-gasolina\/#primaryimage"},"image":{"@id":"https:\/\/www.suno.com.br\/noticias\/lira-critica-preco-gasolina\/#primaryimage"},"thumbnailUrl":"https:\/\/files.sunoresearch.com.br\/n\/uploads\/2021\/06\/45913622-1021673-23052016pzzb1541--jpg.webp","datePublished":"2021-09-28T21:12:11+00:00","dateModified":"2021-09-28T21:21:26+00:00","description":"O presidente da C\u00e2mara dos Deputados, Arthur Lira (PP-AL), declarou hoje (28) que os deputados ir\u00e3o buscar solu\u00e7\u00f5es...Saiba mais","breadcrumb":{"@id":"https:\/\/www.suno.com.br\/noticias\/lira-critica-preco-gasolina\/#breadcrumb"},"inLanguage":"pt-BR","potentialAction":[{"@type":"ReadAction","target":["https:\/\/www.suno.com.br\/noticias\/lira-critica-preco-gasolina\/"]}]},{"@type":"ImageObject","inLanguage":"pt-BR","@id":"https:\/\/www.suno.com.br\/noticias\/lira-critica-preco-gasolina\/#primaryimage","url":"https:\/\/files.sunoresearch.com.br\/n\/uploads\/2021\/06\/45913622-1021673-23052016pzzb1541--jpg.webp","contentUrl":"https:\/\/files.sunoresearch.com.br\/n\/uploads\/2021\/06\/45913622-1021673-23052016pzzb1541--jpg.webp","width":1526,"height":1017,"caption":"O presidente da C\u00e2mara dos Deputados, Arthur Lira. Foto: Rodrigues Pozzebom\/Ag\u00eancia Brasil."},{"@type":"BreadcrumbList","@id":"https:\/\/www.suno.com.br\/noticias\/lira-critica-preco-gasolina\/#breadcrumb","itemListElement":[{"@type":"ListItem","position":1,"name":"Not\u00edcias","item":"https:\/\/www.suno.com.br\/noticias\/"},{"@type":"ListItem","position":2,"name":"Pol\u00edtica","item":"https:\/\/www.suno.com.br\/noticias\/politica\/"},{"@type":"ListItem","position":3,"name":"Lira diz que pre\u00e7os da Petrobras (PETR4) para combust\u00edveis s\u00e3o &#8220;intoler\u00e1veis&#8221;"}]},{"@type":"WebSite","@id":"https:\/\/www.suno.com.br\/noticias\/#website","url":"https:\/\/www.suno.com.br\/noticias\/","name":"Suno Not\u00edcias","description":"Seu portal de informa\u00e7\u00e3o sobre o mundo dos investimentos","publisher":{"@id":"https:\/\/www.suno.com.br\/noticias\/#organization"},"potentialAction":[{"@type":"SearchAction","target":{"@type":"EntryPoint","urlTemplate":"https:\/\/www.suno.com.br\/noticias\/?s={search_term_string}"},"query-input":{"@type":"PropertyValueSpecification","valueRequired":true,"valueName":"search_term_string"}}],"inLanguage":"pt-BR"},{"@type":"Organization","@id":"https:\/\/www.suno.com.br\/noticias\/#organization","name":"Suno Not\u00edcias","url":"https:\/\/www.suno.com.br\/noticias\/","logo":{"@type":"ImageObject","inLanguage":"pt-BR","@id":"https:\/\/www.suno.com.br\/noticias\/#\/schema\/logo\/image\/","url":"https:\/\/files.sunoresearch.com.br\/n\/uploads\/2021\/09\/suno-logo.png","contentUrl":"https:\/\/files.sunoresearch.com.br\/n\/uploads\/2021\/09\/suno-logo.png","width":180,"height":180,"caption":"Suno Not\u00edcias"},"image":{"@id":"https:\/\/www.suno.com.br\/noticias\/#\/schema\/logo\/image\/"},"sameAs":["https:\/\/facebook.com\/sunoresearch","https:\/\/x.com\/sunoresearch","https:\/\/www.instagram.com\/suno","https:\/\/www.linkedin.com\/company\/suno-research\/","https:\/\/www.youtube.com\/c\/sunoresearch"]},{"@type":"Person","@id":"https:\/\/www.suno.com.br\/noticias\/#\/schema\/person\/06f0d962a6b1c54852e4860f16935600","name":"Bruno Galv\u00e3o","image":{"@type":"ImageObject","inLanguage":"pt-BR","@id":"https:\/\/www.suno.com.br\/noticias\/#\/schema\/person\/image\/","url":"https:\/\/secure.gravatar.com\/avatar\/53598df0b41c00f12f287a912d0e918e?s=96&r=g","contentUrl":"https:\/\/secure.gravatar.com\/avatar\/53598df0b41c00f12f287a912d0e918e?s=96&r=g","caption":"Bruno Galv\u00e3o"},"description":"Escreve para o portal Suno Not\u00edcias. \u00c9 estudante de Jornalismo pela Faculdade C\u00e1sper L\u00edbero e Letras pela USP. Entusiasta de tecnologia e intelig\u00eancia artificial.","url":"https:\/\/www.suno.com.br\/noticias\/author\/bruno-garcia\/"}]}},"default_loop_html":"<div class=\"cardsPage__listCard__boxs\"><div class=\"cardsPage__listCard__boxs__img\"><a href=\"https:\/\/www.suno.com.br\/noticias\/lira-critica-preco-gasolina\/\"><img class=\"mask\" src=\"https:\/\/www.suno.com.br\/noticias\/wp-content\/themes\/suno\/resources\/images\/spotlight\/spotlight1img\/bg-mask.png\" alt=\"Image Mask\"\/><img src=\"https:\/\/files.sunoresearch.com.br\/n\/uploads\/2021\/06\/45913622-1021673-23052016pzzb1541--400x200.webp\" alt=\"Lira diz que pre\u00e7os da Petrobras (PETR4) para combust\u00edveis s\u00e3o &#8220;intoler\u00e1veis&#8221;\"\/><\/a><span class=\"spotlightCategory\"><a href=\"https:\/\/www.suno.com.br\/noticias\/politica\/\">Pol\u00edtica<\/a><\/span><\/div><div class=\"cardsPage__listCard__boxs__content\"><a href=\"https:\/\/www.suno.com.br\/noticias\/lira-critica-preco-gasolina\/\"><h2 class=\"content__title\">Lira diz que pre\u00e7os da Petrobras (PETR4) para combust\u00edveis s\u00e3o &#8220;intoler\u00e1veis&#8221;<\/h2><\/a><div class=\"newsContent__article__meta\"><div class=\"newsContent__article__meta__authorBox\"><a href=\"https:\/\/www.suno.com.br\/noticias\/author\/bruno-garcia\/\" class=\"authorBox__avatar noMobi\"><img src=\"https:\/\/secure.gravatar.com\/avatar\/53598df0b41c00f12f287a912d0e918e?s=96&#038;r=g\" alt=\"Bruno Galv\u00e3o\"><\/a><div class=\"authorBox__name\"><span>por\n\t\t\t<a href=\"https:\/\/www.suno.com.br\/noticias\/author\/bruno-garcia\/\"><span itemprop=\"author\">Bruno Galv\u00e3o<\/span><\/a><\/span><time datetime=\"2021-09-28T18:12:11-03:00\" itemprop=\"datePublished\">28\/09\/2021 18:12<\/time><\/div><\/div><\/div><\/div><\/div>","single_layout":"posts","amp_enabled":true,"_links":{"self":[{"href":"https:\/\/www.suno.com.br\/noticias\/wp-json\/wp\/v2\/posts\/188450"}],"collection":[{"href":"https:\/\/www.suno.com.br\/noticias\/wp-json\/wp\/v2\/posts"}],"about":[{"href":"https:\/\/www.suno.com.br\/noticias\/wp-json\/wp\/v2\/types\/post"}],"author":[{"embeddable":true,"href":"https:\/\/www.suno.com.br\/noticias\/wp-json\/wp\/v2\/users\/118"}],"replies":[{"embeddable":true,"href":"https:\/\/www.suno.com.br\/noticias\/wp-json\/wp\/v2\/comments?post=188450"}],"version-history":[{"count":5,"href":"https:\/\/www.suno.com.br\/noticias\/wp-json\/wp\/v2\/posts\/188450\/revisions"}],"predecessor-version":[{"id":188595,"href":"https:\/\/www.suno.com.br\/noticias\/wp-json\/wp\/v2\/posts\/188450\/revisions\/188595"}],"wp:featuredmedia":[{"embeddable":true,"href":"https:\/\/www.suno.com.br\/noticias\/wp-json\/wp\/v2\/media\/158387"}],"wp:attachment":[{"href":"https:\/\/www.suno.com.br\/noticias\/wp-json\/wp\/v2\/media?parent=188450"}],"wp:term":[{"taxonomy":"category","embeddable":true,"href":"https:\/\/www.suno.com.br\/noticias\/wp-json\/wp\/v2\/categories?post=188450"},{"taxonomy":"post_tag","embeddable":true,"href":"https:\/\/www.suno.com.br\/noticias\/wp-json\/wp\/v2\/tags?post=188450"},{"taxonomy":"suno_strategy","embeddable":true,"href":"https:\/\/www.suno.com.br\/noticias\/wp-json\/wp\/v2\/suno_strategy?post=188450"}],"curies":[{"name":"wp","href":"https:\/\/api.w.org\/{rel}","templated":true}]}}