{"id":188343,"date":"2021-09-28T10:47:34","date_gmt":"2021-09-28T13:47:34","guid":{"rendered":"https:\/\/www.suno.com.br\/noticias\/?p=188343"},"modified":"2021-09-28T10:47:34","modified_gmt":"2021-09-28T13:47:34","slug":"ibovespa-abre-queda-embraer-embr3-bancos-bbdc4","status":"publish","type":"post","link":"https:\/\/www.suno.com.br\/noticias\/ibovespa-abre-queda-embraer-embr3-bancos-bbdc4\/","title":{"rendered":"Ibovespa abre em queda; Embraer (EMBR3) e bancos s\u00e3o destaques de alta"},"content":{"rendered":"<p>O <strong>Ibovespa<\/strong> abre em queda de 0,5% <a href=\"https:\/\/www.suno.com.br\/artigos\/pregao\">no preg\u00e3o desta ter\u00e7a-feira (28), ficando em 113.017 pontos<\/a>, digerindo as decis\u00f5es recentes de juros das autoridades monet\u00e1rias &#8211; que puxam alta dos pap\u00e9is dos bancos tradicionais.<\/p>\t<div class=\"wrapper-featured-image\">\n\t\t<figure class=\"spotlightImg\">\n\n\t\t\t<picture>\n\t\t\t\t<source media=\"(max-width: 768px)\" srcset=\"https:\/\/files.sunoresearch.com.br\/n\/uploads\/2021\/04\/6bf3192e-bradesco-400x200.webp\">\n\t\t\t\t<img loading=\"lazy\" decoding=\"async\" class=\"newsContent__article__imgCapa lazyloadDisabled \" src=\"https:\/\/files.sunoresearch.com.br\/n\/uploads\/2021\/04\/6bf3192e-bradesco-800x450.webp\" width=\"800\" height=\"450\" alt=\"Ibovespa abre em queda; Embraer (EMBR3) e bancos s\u00e3o destaques de alta\" fetchpriority=high \/>\n\t\t\t<\/picture>\n\n\t\t\t<figcaption class=\"wp-caption-text wp-caption-text--show\">Bradesco - Foto: Divulga\u00e7\u00e3o.<\/figcaption>\n\t\t<\/figure>\n\t<\/div>\n\n\n\t<p>\n\t\t<a href=\"https:\/\/lp.suno.com.br\/planilha-controle-gastos\/\" target=\"_blank\" data-element=\"shortcode-suno-banner\" title=\"Banner SUNO, clique e saiba mais\">\n\t\t\t<picture>\n\t\t\t\t<source media=\"(max-width: 500px)\" srcset=\"https:\/\/files.sunoresearch.com.br\/n\/uploads\/2023\/03\/400x300-Planilha-controle-de-gastos.png\">\n\t\t\t\t<img class=\"newsContent__article__imgCapa newsContent__article__imgCapa--banner\"\n\t\t\t\t\tsrc=\"https:\/\/files.sunoresearch.com.br\/n\/uploads\/2023\/03\/1420x240-Planilha-controle-de-gastos.png\"\n\t\t\t\t\tdata-promo-id=\"101751\"\t\t\t\t\t\t\t\t\t\twidth='1420' height='240'\t\t\t\t\talt=\"https:\/\/files.sunoresearch.com.br\/n\/uploads\/2023\/03\/1420x240-Planilha-controle-de-gastos.png\"\n\t\t\t\t>\n\t\t\t<\/picture>\n\t\t<\/a>\n\t<\/p>\n\n\n<p>O <strong>Ibovespa hoje\u00a0<\/strong>lida com as mesmas mudan\u00e7as de juros. No caso do Brasil, a Selic ficou em 6,25% ao ano com a \u00faltima decis\u00e3o do Copom.<\/p>\n<p>&#8220;Hoje acontece um evento onde v\u00e1rios presidentes de Bancos Centrais far\u00e3o discursos, inclusive o presidente do <a href=\"https:\/\/www.suno.com.br\/artigos\/fed\">Federal Reserve (<strong>Fed<\/strong>)<\/a>, que pode refor\u00e7ar o in\u00edcio da redu\u00e7\u00e3o do programa de recompra de t\u00edtulos de US$ 120 bilh\u00f5es mensais a partir de novembro pr\u00f3ximo. Pesa tamb\u00e9m a alta da taxa das <em>treasuries<\/em> e a crise energ\u00e9tica, que n\u00e3o abala s\u00f3 o Brasil&#8221;, afirma Pedro Galdi, analista CNPI da Mirae Asset Management.<\/p>\n\t<div data-element=\"shortcode-read-more\" class=\"knowMore\">\n\t\t\t\t<span class=\"knowMore__title\">Leia mais<\/span>\n\t\t\t\t<a class=\"knowMore__link\" href=\"https:\/\/www.suno.com.br\/noticias\/asia-evergrande-queda-toquio-hong-kong\/\">\n\t\t\tNa \u00c1sia, Evergrande pressiona Bolsa em T\u00f3quio mas Hong Kong se recupera\t\t<\/a>\n\t<\/div>\n\n\n<p>Apesar de que na China h\u00e1 escassez de g\u00e1s e carv\u00e3o, o petr\u00f3leo segue em alta, com o Brent aos US$ 80\/boe, ante um min\u00e9rio de ferro que segue no patamar de US$ 120, com varia\u00e7\u00e3o leve de 0,1% nos contratos em Dalian.<\/p>\n<p>Al\u00e9m disso, seguem no radar as decis\u00f5es dos parlamentares dos Estados Unidos, que est\u00e3o em impasse acerca do teto da d\u00edvida e de um or\u00e7amento federal trilion\u00e1rio.<\/p>\n<p>&#8220;Os republicanos, na segunda (27), barraram um projeto que suspenderia o teto de gastos para financiar o governo. Agora o pa\u00eds tem at\u00e9 quinta (30) para aprovar um novo or\u00e7amento que garanta o funcionamento da m\u00e1quina p\u00fablica. Do contr\u00e1rio, existe o risco do <em>shutdown<\/em> &#8211; apesar de ser pequeno porque eles n\u00e3o deixar\u00e3o isso ocorrer. Na mesma quinta, os deputados votam um pacote de infraestrutura de US$ 1 trilh\u00e3o&#8221;, analisa Rodrigo Franchini, s\u00f3cio da Monte Bravo Investimentos.<\/p>\n<p>Em termos de indicadores, o N\u00edvel de Estoques do Varejo excluindo dos EUA em agosto ficou em alta de 0,6% e mais tarde, \u00e0s 11h, os mercados contam com os dados de confian\u00e7a do consumidor americano e o Depoimento de Powell, Presidente do Fed.<\/p>\n<p>Mais cedo, foi divulgada a Ata do Copom, sobre a decis\u00e3o da Selic na semana passada. O comit\u00ea \u201cantev\u00ea outro ajuste da mesma magnitude\u201d.<\/p>\n<p>\u201cO Copom enfatiza que os passos futuros da pol\u00edtica monet\u00e1ria poder\u00e3o ser ajustados para assegurar o cumprimento da meta de infla\u00e7\u00e3o e depender\u00e3o da evolu\u00e7\u00e3o da atividade econ\u00f4mica, do balan\u00e7o de riscos e das proje\u00e7\u00f5es e expectativas de infla\u00e7\u00e3o para o horizonte relevante da pol\u00edtica monet\u00e1ria&#8221;, disse a institui\u00e7\u00e3o na ata.<\/p>\n<h2>Not\u00edcias que v\u00e3o movimentar o Ibovespa hoje<\/h2>\n<ul>\n<li><b>Vale <\/b>tem acidente e preocupa mercado<\/li>\n<li><b>Braskem<\/b> assina contrato com a Pemex<\/li>\n<li><b>JSL<\/b> incorpora todas as a\u00e7\u00f5es da Fadel<\/li>\n<\/ul>\n<h3>Acidente na Vale envolve 39 funcion\u00e1rios<\/h3>\n<p>Na noite de segunda (27) a <a href=\"https:\/\/www.suno.com.br\/acoes\/vale3\"><strong>Vale<\/strong> (VALE3)<\/a> informou que uma p\u00e1 escavadeira que estava sendo transportada no acesso ao local subterr\u00e2nea se desprendeu, bloqueando a passagem de 39 funcion\u00e1rios.<\/p>\n<p>A ocorr\u00eancia se deu na mina de Totten, no Canad\u00e1.<\/p>\n<p>\u201cOs empregados estavam na mina no momento do incidente e imediatamente dirigiram-se \u00e0s esta\u00e7\u00f5es de ref\u00fagio como parte do procedimento padr\u00e3o. Temos mantido frequente comunica\u00e7\u00e3o com eles desde o ocorrido\u201d, disse a companhia afirmando que \u201cresgatar os empregados de forma segura e r\u00e1pida \u00e9 nossa prioridade n\u00famero um.\u201d<\/p>\n<p>J\u00e1 na manh\u00e3 de hoje, o jornal canadense\u00a0<em>Toronto Star<\/em> noticiou que quatro dos 39 mineiros presos voltaram \u00e0 superf\u00edcie.<\/p>\n<p>O resgate est\u00e1 sendo por meio de uma escada que tem 553 metros espalhados por 1.776 degraus. Os\u00a0mineiros\u00a0come\u00e7aram a escalada na segunda-feira, por volta das 18h.<\/p>\n<p>O oficial de\u00a0<strong>resgate da mina<\/strong>\u00a0informou ao jornal canadense que o tempo de subida pode levar de seis a 10 horas, a depender do n\u00edvel de fadiga de cada mineiro.<\/p>\n\t<p>\n\t\t<a href=\"https:\/\/lp.suno.com.br\/planilha-da-vida-financeira\/\" target=\"_blank\" data-element=\"shortcode-suno-banner\" title=\"Banner SUNO, clique e saiba mais\">\n\t\t\t<picture>\n\t\t\t\t<source media=\"(max-width: 500px)\" srcset=\"https:\/\/files.sunoresearch.com.br\/n\/uploads\/2023\/04\/400x300-Planilha-vida-financeira-true.png\">\n\t\t\t\t<img class=\"newsContent__article__imgCapa newsContent__article__imgCapa--banner\"\n\t\t\t\t\tsrc=\"https:\/\/files.sunoresearch.com.br\/n\/uploads\/2023\/04\/1420x240-Planilha-vida-financeira-true.png\"\n\t\t\t\t\tdata-promo-id=\"106682\"\t\t\t\t\t\t\t\t\t\twidth='1420' height='240'\t\t\t\t\talt=\"https:\/\/files.sunoresearch.com.br\/n\/uploads\/2023\/04\/1420x240-Planilha-vida-financeira-true.png\"\n\t\t\t\t>\n\t\t\t<\/picture>\n\t\t<\/a>\n\t<\/p>\n\n\n<p>A companhia cai 1,1% no premarket americano, com quedas mais expressivas nas negocia\u00e7\u00f5es futuras vistas nas horas anteriores. No\u00a0<strong>Ibovespa hoje<\/strong>, as <strong>a\u00e7\u00f5es da Vale <\/strong>caem 0,68% seguindo a tend\u00eancia do \u00edndice.<\/p>\n<h3>Braskem fecha com empresa mexicana<\/h3>\n<p>Antes da abertura do preg\u00e3o, a\u00a0<a href=\"https:\/\/www.suno.com.br\/acoes\/brkm5\"><strong>Braskem<\/strong> (BRKM5)<\/a> informou que a sua subsidi\u00e1ria Idesa assinou aditivo contratual com a mexicana Pemex para quita\u00e7\u00e3o de pend\u00eancias contratuais.<\/p>\n<p>O aditivo da petroqu\u00edmica tamb\u00e9m prev\u00ea apoio para projeto de constru\u00e7\u00e3o de terminal de importa\u00e7\u00e3o de etano no M\u00e9xico e altera o compromisso de fornecimento para o volume m\u00ednimo de 30 mil barris por dia.<\/p>\n\t<p>\n\t\t<a href=\"https:\/\/lp.suno.com.br\/planilha-da-vida-financeira\/\" target=\"_blank\" data-element=\"shortcode-suno-banner\" title=\"Banner SUNO, clique e saiba mais\">\n\t\t\t<picture>\n\t\t\t\t<source media=\"(max-width: 500px)\" srcset=\"https:\/\/files.sunoresearch.com.br\/n\/uploads\/2023\/04\/400x300-Planilha-vida-financeira-true.png\">\n\t\t\t\t<img class=\"newsContent__article__imgCapa newsContent__article__imgCapa--banner\"\n\t\t\t\t\tsrc=\"https:\/\/files.sunoresearch.com.br\/n\/uploads\/2023\/04\/1420x240-Planilha-vida-financeira-true.png\"\n\t\t\t\t\tdata-promo-id=\"106682\"\t\t\t\t\t\t\t\t\t\twidth='1420' height='240'\t\t\t\t\talt=\"https:\/\/files.sunoresearch.com.br\/n\/uploads\/2023\/04\/1420x240-Planilha-vida-financeira-true.png\"\n\t\t\t\t>\n\t\t\t<\/picture>\n\t\t<\/a>\n\t<\/p>\n\n\n<p>\u201cO projeto do terminal visa a complementar o abastecimento de etano no M\u00e9xico e viabilizar a opera\u00e7\u00e3o da Braskem Idesa a plena capacidade, com acesso a novas fontes de mat\u00e9rias-primas\u201d, consta no fato relevante.<\/p>\n<p>Segundo a companhia, o aditivo altera o compromisso de volume m\u00ednimo para 30.000 barris por dia at\u00e9:<\/p>\n<ol>\n<li>a entrada em opera\u00e7\u00e3o de terminal de importa\u00e7\u00e3o de etano, prevista para o segundo semestre de 2024 ou;<\/li>\n<li>a data limite de fevereiro de 2025 (pass\u00edvel de extens\u00f5esse houver atrasos com licen\u00e7as), o que ocorrer primeiro<\/li>\n<\/ol>\n<p>&#8220;Adicionalmente, o Aditivo estabelece um direito de prefer\u00eancia para a BI adquirir todo o etano que a PEMEXtiver dispon\u00edvel e n\u00e3o consuma no seu pr\u00f3prio processo produtivo at\u00e9 2045, a pre\u00e7os conforme refer\u00eancias internacionais. Vale ressaltar que o projeto do terminal tem por objetivo complementar o abastecimento de etano no M\u00e9xico e viabilizar a opera\u00e7\u00e3o da BI a plena capacidade, com o acesso a novas fontes de mat\u00e9rias primas&#8221;, segue a petroqu\u00edmica.<\/p>\n<p>Na <strong>Bolsa de Valores hoje<\/strong> a companhia v\u00ea seus pap\u00e9is tendo uma das maiores <strong>altas <\/strong><strong>do Ibovespa<\/strong>, com alta de 2,2%<\/p>\n<h3>JSL incorpora a Fadel<\/h3>\n<p>A <a href=\"https:\/\/www.suno.com.br\/acoes\/crfb3\/\"><strong>JSL <\/strong>(JSLG3)<\/a> comunicou ao mercado, tamb\u00e9m antes da abertura do preg\u00e3o, que incorporou as a\u00e7\u00f5es da Fadel, empresa comprada pela companhia de log\u00edstica ainda no ano passado.<\/p>\n<p>Como resultado da Incorpora\u00e7\u00e3o de A\u00e7\u00f5es, o capital social da JSL foi aumentado no montante de R$39,4 milh\u00f5es, a ser subscrito e integralizado mediante a vers\u00e3o das a\u00e7\u00f5es de emiss\u00e3o da Fadel.<\/p>\n<p>&#8220;Como resultado da Incorpora\u00e7\u00e3o de A\u00e7\u00f5es, a Fadel tornar-se-\u00e1 uma subsidi\u00e1ria integral da JSL, simplificando a estrutura societ\u00e1ria das subsidi\u00e1rias da JSL, bem como promovendo ganhos de sinergia, efici\u00eancia e redu\u00e7\u00e3o de custos. Ademais, considerando que a presente reorganiza\u00e7\u00e3o foi acordada no contexto da aquisi\u00e7\u00e3o da Fadel pela JSL e reestrutura\u00e7\u00e3o da administra\u00e7\u00e3o da JSL, a Incorpora\u00e7\u00e3o de A\u00e7\u00f5es representa tamb\u00e9m um importante alinhamento de interesses entre o novo Diretor Presidente da JSL, Sr. Ramon Alcaraz&#8221;, ressalta a JSL em seu fato relevante.<\/p>\n<p>As <strong>a\u00e7\u00f5es da JSL <\/strong>caem 3,8% fora do Ibovespa.<\/p>\n<h2>Destaques do Ibovespa<\/h2>\n<p>As principais altas no Ibovespa, por volta das 10h20 s\u00e3o:<\/p>\n<ul>\n<li><a href=\"https:\/\/www.suno.com.br\/acoes\/EMBR3\/\"><strong>Embraer <\/strong>(EMBR3)<\/a>: +3%<\/li>\n<li><a href=\"https:\/\/www.suno.com.br\/acoes\/BBDC4\/\"><strong>Bradesco <\/strong>(BBDC4)<\/a>: +2,4%<\/li>\n<li><a href=\"https:\/\/www.suno.com.br\/acoes\/PETR4\/\"><strong>Braskem <\/strong>(BRKM5)<\/a>: +2,2%<\/li>\n<li><a href=\"https:\/\/www.suno.com.br\/acoes\/PETR3\/\"><strong>Petrobras <\/strong>(PETR3)<\/a>: +2,1%<\/li>\n<li><a href=\"https:\/\/www.suno.com.br\/acoes\/petr4\/\"><strong>Petrobras <\/strong>(PETR4)<\/a>: +2%<\/li>\n<\/ul>\n<p>No mesmo hor\u00e1rio, as principais quedas no Ibovespa eram:<\/p>\n<ul>\n<li><a href=\"https:\/\/www.suno.com.br\/acoes\/CASH3\/\"><strong>M\u00e9liuz <\/strong>(CASH3)<\/a>: -4,2%<\/li>\n<li><a href=\"https:\/\/www.suno.com.br\/acoes\/BIDI11\"><strong>Banco Inter <\/strong>(BIDI11)<\/a>: -3,9%<\/li>\n<li><a href=\"https:\/\/www.suno.com.br\/acoes\/LWSA3\/\"><strong>Locaweb <\/strong>(LWSA3)<\/a>: -3,8%<\/li>\n<li><a href=\"https:\/\/www.suno.com.br\/acoes\/BIDI4\/\"><strong>Banco Inter <\/strong>(BIDI4)<\/a>: -3,5%<\/li>\n<li><a href=\"https:\/\/www.suno.com.br\/acoes\/LAME4\/\"><strong>Lojas Americanas <\/strong>(LAME4)<\/a> -3,1%<\/li>\n<\/ul>\n<h2>Principais \u00edndices<\/h2>\n<ul>\n<li><a href=\"https:\/\/www.suno.com.br\/artigos\/ifix\/\">IFIX<\/a>: +0,11%<\/li>\n<li><a href=\"https:\/\/www.suno.com.br\/artigos\/smll\/\">SMLL<\/a>: -0,55%<\/li>\n<li><a href=\"https:\/\/www.suno.com.br\/artigos\/idiv\/\">IDIV<\/a>: -0,34%<\/li>\n<li><a href=\"https:\/\/www.suno.com.br\/artigos\/ibrx\/\">IBRX 100<\/a>: -0,68%<\/li>\n<\/ul>\n<h2>Bolsas mundiais<\/h2>\n<p>Veja o desempenho dos principais \u00edndices acion\u00e1rios no exterior, al\u00e9m do \u00edndice Ibovespa<strong>:<\/strong><\/p>\n<ul>\n<li><a href=\"https:\/\/www.suno.com.br\/artigos\/indice-dow-jones-djia\/\">Nova York Dow Jones (DJIA) futuro<\/a>: -0,33%<\/li>\n<li><a href=\"https:\/\/www.suno.com.br\/artigos\/futuro-de-sp-500\/\">Nova York (S&amp;P 500) futuro<\/a>: -0,64%<\/li>\n<li><a href=\"https:\/\/www.suno.com.br\/artigos\/dax-30\/\">Frankfurt (DAX 30)<\/a>: -1,14%<\/li>\n<li><a href=\"https:\/\/www.suno.com.br\/artigos\/ftse-100\/\">Londres (FTSE 100)<\/a>: +0,06%<\/li>\n<li><a href=\"https:\/\/www.suno.com.br\/artigos\/cac-40\/\">Paris (CAC 40)<\/a>: -1,49%<\/li>\n<li><a href=\"https:\/\/www.suno.com.br\/artigos\/ftse-mib\/\">Mil\u00e3o (FTSE\/MIB)<\/a>: -0,92%<\/li>\n<li><a href=\"https:\/\/www.suno.com.br\/artigos\/nikkei-225\/\">T\u00f3quio (Nikkei 225)<\/a>: -0,19% (fechada)<\/li>\n<li><a href=\"https:\/\/www.suno.com.br\/artigos\/bolsa-de-xangai\/\">Xangai (SSE Composite)<\/a>: +0,54% (fechada)<\/li>\n<li><a href=\"https:\/\/www.suno.com.br\/artigos\/hang-seng\/\">Hong Kong (Hang Seng)<\/a>: +1,20% (fechada)<\/li>\n<\/ul>\n<h2>\u00daltima cota\u00e7\u00e3o do Ibovespa<\/h2>\n<p>No fechamento do preg\u00e3o de sexta (24), o <strong>Ibovespa<\/strong> apresentou alta de 0,27%, a 113.583 pontos.<\/p>\n\t<p>\n\t\t<a href=\"https:\/\/lp.suno.com.br\/planilha-de-controle-de-investimentos\/\" target=\"_blank\" data-element=\"shortcode-suno-banner\" title=\"Banner SUNO, clique e saiba mais\">\n\t\t\t<picture>\n\t\t\t\t<source media=\"(max-width: 500px)\" srcset=\"https:\/\/files.sunoresearch.com.br\/n\/uploads\/2023\/03\/400x300-Controle-de-Investimentos.png\">\n\t\t\t\t<img class=\"newsContent__article__imgCapa newsContent__article__imgCapa--banner\"\n\t\t\t\t\tsrc=\"https:\/\/files.sunoresearch.com.br\/n\/uploads\/2023\/03\/1420x240-Controle-de-Investimentos.png\"\n\t\t\t\t\tdata-promo-id=\"75934\"\t\t\t\t\t\t\t\t\t\twidth='1420' height='240'\t\t\t\t\talt=\"https:\/\/files.sunoresearch.com.br\/n\/uploads\/2023\/03\/1420x240-Controle-de-Investimentos.png\"\n\t\t\t\t>\n\t\t\t<\/picture>\n\t\t<\/a>\n\t<\/p>\n\n\n","protected":false},"excerpt":{"rendered":"<p>O Ibovespa abre em queda de 0,5% no preg\u00e3o desta ter\u00e7a-feira (28), ficando em 113.017 pontos, digerindo as decis\u00f5es recentes de juros das autoridades monet\u00e1rias &#8211; que puxam alta dos pap\u00e9is dos bancos tradicionais. Bradesco &#8211; Foto: Divulga\u00e7\u00e3o. O Ibovespa hoje\u00a0lida com as mesmas mudan\u00e7as de juros. No caso do Brasil, a Selic ficou em [&hellip;]<\/p>\n","protected":false},"author":73,"featured_media":137752,"comment_status":"closed","ping_status":"closed","sticky":false,"template":"","format":"standard","meta":[],"categories":[60],"tags":[104703,392,395,105816,721,104690,526,676],"suno_strategy":[],"class_list":["post-188343","post","type-post","status-publish","format-standard","has-post-thumbnail","hentry","category-mercado","tag-bolsas-mundiais","tag-bradesco-bbdc3-bbdc4","tag-braskem-brkm3-brkm5-brkm6","tag-especialistas","tag-ibovespa","tag-ibovespa-futuro","tag-jsl-jslg11-jslg3","tag-vale-vale3"],"yoast_head":"<!-- This site is optimized with the Yoast SEO plugin v24.4 - https:\/\/yoast.com\/wordpress\/plugins\/seo\/ -->\n<title>Ibovespa abre em queda; bancos s\u00e3o destaques de alta<\/title>\n<meta name=\"description\" content=\"As a\u00e7\u00f5es do Bradesco, do Ita\u00fa e do Banco do Brasil ficam dentre as maiores altas do Ibovespa nesta ter\u00e7a. Clique aqui e leia mais.\" \/>\n<meta name=\"robots\" content=\"index, follow, max-snippet:-1, max-image-preview:large, max-video-preview:-1\" \/>\n<link rel=\"canonical\" href=\"https:\/\/www.suno.com.br\/noticias\/ibovespa-abre-queda-embraer-embr3-bancos-bbdc4\/\" \/>\n<meta property=\"og:locale\" content=\"pt_BR\" \/>\n<meta property=\"og:type\" content=\"article\" \/>\n<meta property=\"og:title\" content=\"Ibovespa abre em queda; bancos s\u00e3o destaques de alta\" \/>\n<meta property=\"og:description\" content=\"As a\u00e7\u00f5es do Bradesco, do Ita\u00fa e do Banco do Brasil ficam dentre as maiores altas do Ibovespa nesta ter\u00e7a. Clique aqui e leia mais.\" \/>\n<meta property=\"og:url\" content=\"https:\/\/www.suno.com.br\/noticias\/ibovespa-abre-queda-embraer-embr3-bancos-bbdc4\/\" \/>\n<meta property=\"og:site_name\" content=\"Suno Not\u00edcias\" \/>\n<meta property=\"article:publisher\" content=\"https:\/\/facebook.com\/sunoresearch\" \/>\n<meta property=\"og:image\" content=\"https:\/\/files.sunoresearch.com.br\/n\/uploads\/2021\/04\/6bf3192e-bradesco.jpg\" \/>\n\t<meta property=\"og:image:width\" content=\"1200\" \/>\n\t<meta property=\"og:image:height\" content=\"856\" \/>\n\t<meta property=\"og:image:type\" content=\"image\/jpeg\" \/>\n<meta name=\"author\" content=\"Eduardo Vargas\" \/>\n<meta name=\"twitter:card\" content=\"summary_large_image\" \/>\n<meta name=\"twitter:creator\" content=\"@sunoresearch\" \/>\n<meta name=\"twitter:site\" content=\"@sunoresearch\" \/>\n<meta name=\"twitter:label1\" content=\"Escrito por\" \/>\n\t<meta name=\"twitter:data1\" content=\"Eduardo Vargas\" \/>\n\t<meta name=\"twitter:label2\" content=\"Est. tempo de leitura\" \/>\n\t<meta name=\"twitter:data2\" content=\"6 minutos\" \/>\n<script type=\"application\/ld+json\" class=\"yoast-schema-graph\">{\"@context\":\"https:\/\/schema.org\",\"@graph\":[{\"@type\":\"NewsArticle\",\"@id\":\"https:\/\/www.suno.com.br\/noticias\/ibovespa-abre-queda-embraer-embr3-bancos-bbdc4\/#article\",\"isPartOf\":{\"@id\":\"https:\/\/www.suno.com.br\/noticias\/ibovespa-abre-queda-embraer-embr3-bancos-bbdc4\/\"},\"author\":{\"name\":\"Eduardo Vargas\",\"@id\":\"https:\/\/www.suno.com.br\/noticias\/#\/schema\/person\/7f4d362bf3518e76090143ae77bb49a5\"},\"headline\":\"Ibovespa abre em queda; Embraer (EMBR3) e bancos s\u00e3o destaques de alta\",\"datePublished\":\"2021-09-28T13:47:34+00:00\",\"mainEntityOfPage\":{\"@id\":\"https:\/\/www.suno.com.br\/noticias\/ibovespa-abre-queda-embraer-embr3-bancos-bbdc4\/\"},\"wordCount\":1299,\"publisher\":{\"@id\":\"https:\/\/www.suno.com.br\/noticias\/#organization\"},\"image\":{\"@id\":\"https:\/\/www.suno.com.br\/noticias\/ibovespa-abre-queda-embraer-embr3-bancos-bbdc4\/#primaryimage\"},\"thumbnailUrl\":\"https:\/\/files.sunoresearch.com.br\/n\/uploads\/2021\/04\/6bf3192e-bradesco-jpg.webp\",\"keywords\":[\"Bolsas mundiais\",\"Bradesco (BBDC3\/BBDC4)\",\"Braskem (BRKM3\/BRKM5\/BRKM6)\",\"Especialistas\",\"Ibovespa\",\"Ibovespa futuro\",\"JSL (JSL11\/JSLG3)\",\"Vale (VALE3)\"],\"articleSection\":[\"Mercado\"],\"inLanguage\":\"pt-BR\"},{\"@type\":\"WebPage\",\"@id\":\"https:\/\/www.suno.com.br\/noticias\/ibovespa-abre-queda-embraer-embr3-bancos-bbdc4\/\",\"url\":\"https:\/\/www.suno.com.br\/noticias\/ibovespa-abre-queda-embraer-embr3-bancos-bbdc4\/\",\"name\":\"Ibovespa abre em queda; bancos s\u00e3o destaques de alta\",\"isPartOf\":{\"@id\":\"https:\/\/www.suno.com.br\/noticias\/#website\"},\"primaryImageOfPage\":{\"@id\":\"https:\/\/www.suno.com.br\/noticias\/ibovespa-abre-queda-embraer-embr3-bancos-bbdc4\/#primaryimage\"},\"image\":{\"@id\":\"https:\/\/www.suno.com.br\/noticias\/ibovespa-abre-queda-embraer-embr3-bancos-bbdc4\/#primaryimage\"},\"thumbnailUrl\":\"https:\/\/files.sunoresearch.com.br\/n\/uploads\/2021\/04\/6bf3192e-bradesco-jpg.webp\",\"datePublished\":\"2021-09-28T13:47:34+00:00\",\"description\":\"As a\u00e7\u00f5es do Bradesco, do Ita\u00fa e do Banco do Brasil ficam dentre as maiores altas do Ibovespa nesta ter\u00e7a. Clique aqui e leia mais.\",\"breadcrumb\":{\"@id\":\"https:\/\/www.suno.com.br\/noticias\/ibovespa-abre-queda-embraer-embr3-bancos-bbdc4\/#breadcrumb\"},\"inLanguage\":\"pt-BR\",\"potentialAction\":[{\"@type\":\"ReadAction\",\"target\":[\"https:\/\/www.suno.com.br\/noticias\/ibovespa-abre-queda-embraer-embr3-bancos-bbdc4\/\"]}]},{\"@type\":\"ImageObject\",\"inLanguage\":\"pt-BR\",\"@id\":\"https:\/\/www.suno.com.br\/noticias\/ibovespa-abre-queda-embraer-embr3-bancos-bbdc4\/#primaryimage\",\"url\":\"https:\/\/files.sunoresearch.com.br\/n\/uploads\/2021\/04\/6bf3192e-bradesco-jpg.webp\",\"contentUrl\":\"https:\/\/files.sunoresearch.com.br\/n\/uploads\/2021\/04\/6bf3192e-bradesco-jpg.webp\",\"width\":1200,\"height\":856,\"caption\":\"Bradesco - Foto: Divulga\u00e7\u00e3o.\"},{\"@type\":\"BreadcrumbList\",\"@id\":\"https:\/\/www.suno.com.br\/noticias\/ibovespa-abre-queda-embraer-embr3-bancos-bbdc4\/#breadcrumb\",\"itemListElement\":[{\"@type\":\"ListItem\",\"position\":1,\"name\":\"Not\u00edcias\",\"item\":\"https:\/\/www.suno.com.br\/noticias\/\"},{\"@type\":\"ListItem\",\"position\":2,\"name\":\"Mercado\",\"item\":\"https:\/\/www.suno.com.br\/noticias\/mercado\/\"},{\"@type\":\"ListItem\",\"position\":3,\"name\":\"Ibovespa abre em queda; Embraer (EMBR3) e bancos s\u00e3o destaques de alta\"}]},{\"@type\":\"WebSite\",\"@id\":\"https:\/\/www.suno.com.br\/noticias\/#website\",\"url\":\"https:\/\/www.suno.com.br\/noticias\/\",\"name\":\"Suno Not\u00edcias\",\"description\":\"Seu portal de informa\u00e7\u00e3o sobre o mundo dos investimentos\",\"publisher\":{\"@id\":\"https:\/\/www.suno.com.br\/noticias\/#organization\"},\"potentialAction\":[{\"@type\":\"SearchAction\",\"target\":{\"@type\":\"EntryPoint\",\"urlTemplate\":\"https:\/\/www.suno.com.br\/noticias\/?s={search_term_string}\"},\"query-input\":{\"@type\":\"PropertyValueSpecification\",\"valueRequired\":true,\"valueName\":\"search_term_string\"}}],\"inLanguage\":\"pt-BR\"},{\"@type\":\"Organization\",\"@id\":\"https:\/\/www.suno.com.br\/noticias\/#organization\",\"name\":\"Suno Not\u00edcias\",\"url\":\"https:\/\/www.suno.com.br\/noticias\/\",\"logo\":{\"@type\":\"ImageObject\",\"inLanguage\":\"pt-BR\",\"@id\":\"https:\/\/www.suno.com.br\/noticias\/#\/schema\/logo\/image\/\",\"url\":\"https:\/\/files.sunoresearch.com.br\/n\/uploads\/2021\/09\/suno-logo.png\",\"contentUrl\":\"https:\/\/files.sunoresearch.com.br\/n\/uploads\/2021\/09\/suno-logo.png\",\"width\":180,\"height\":180,\"caption\":\"Suno Not\u00edcias\"},\"image\":{\"@id\":\"https:\/\/www.suno.com.br\/noticias\/#\/schema\/logo\/image\/\"},\"sameAs\":[\"https:\/\/facebook.com\/sunoresearch\",\"https:\/\/x.com\/sunoresearch\",\"https:\/\/www.instagram.com\/suno\",\"https:\/\/www.linkedin.com\/company\/suno-research\/\",\"https:\/\/www.youtube.com\/c\/sunoresearch\"]},{\"@type\":\"Person\",\"@id\":\"https:\/\/www.suno.com.br\/noticias\/#\/schema\/person\/7f4d362bf3518e76090143ae77bb49a5\",\"name\":\"Eduardo Vargas\",\"image\":{\"@type\":\"ImageObject\",\"inLanguage\":\"pt-BR\",\"@id\":\"https:\/\/www.suno.com.br\/noticias\/#\/schema\/person\/image\/\",\"url\":\"https:\/\/secure.gravatar.com\/avatar\/dac340933427a22924c9f99d1eb2e3f2?s=96&r=g\",\"contentUrl\":\"https:\/\/secure.gravatar.com\/avatar\/dac340933427a22924c9f99d1eb2e3f2?s=96&r=g\",\"caption\":\"Eduardo Vargas\"},\"description\":\"Jornalista formado pela UFSC, cobre macroeconomia, neg\u00f3cios e startups para o Suno Not\u00edcias, escrevendo principalmente not\u00edcias sobre o mercado financeiro e a bolsa de valores. No YouTube e no Instagram, \u00e9 respons\u00e1vel pela produ\u00e7\u00e3o de Reels e Shorts do Suno Not\u00edcias. Anteriormente, trabalhou cobrindo economia e cotidiano no ND+ e para o ND, maior jornal impresso de Santa Catarina. Cursou um semestre letivo de Estudos de M\u00eddia na Universidad de Buenos Aires.\",\"url\":\"https:\/\/www.suno.com.br\/noticias\/author\/eduardo-vargas\/\"}]}<\/script>\n<!-- \/ Yoast SEO plugin. -->","yoast_head_json":{"title":"Ibovespa abre em queda; bancos s\u00e3o destaques de alta","description":"As a\u00e7\u00f5es do Bradesco, do Ita\u00fa e do Banco do Brasil ficam dentre as maiores altas do Ibovespa nesta ter\u00e7a. Clique aqui e leia mais.","robots":{"index":"index","follow":"follow","max-snippet":"max-snippet:-1","max-image-preview":"max-image-preview:large","max-video-preview":"max-video-preview:-1"},"canonical":"https:\/\/www.suno.com.br\/noticias\/ibovespa-abre-queda-embraer-embr3-bancos-bbdc4\/","og_locale":"pt_BR","og_type":"article","og_title":"Ibovespa abre em queda; bancos s\u00e3o destaques de alta","og_description":"As a\u00e7\u00f5es do Bradesco, do Ita\u00fa e do Banco do Brasil ficam dentre as maiores altas do Ibovespa nesta ter\u00e7a. Clique aqui e leia mais.","og_url":"https:\/\/www.suno.com.br\/noticias\/ibovespa-abre-queda-embraer-embr3-bancos-bbdc4\/","og_site_name":"Suno Not\u00edcias","article_publisher":"https:\/\/facebook.com\/sunoresearch","og_image":[{"width":1200,"height":856,"url":"https:\/\/files.sunoresearch.com.br\/n\/uploads\/2021\/04\/6bf3192e-bradesco.jpg","type":"image\/jpeg"}],"author":"Eduardo Vargas","twitter_card":"summary_large_image","twitter_creator":"@sunoresearch","twitter_site":"@sunoresearch","twitter_misc":{"Escrito por":"Eduardo Vargas","Est. tempo de leitura":"6 minutos"},"schema":{"@context":"https:\/\/schema.org","@graph":[{"@type":"NewsArticle","@id":"https:\/\/www.suno.com.br\/noticias\/ibovespa-abre-queda-embraer-embr3-bancos-bbdc4\/#article","isPartOf":{"@id":"https:\/\/www.suno.com.br\/noticias\/ibovespa-abre-queda-embraer-embr3-bancos-bbdc4\/"},"author":{"name":"Eduardo Vargas","@id":"https:\/\/www.suno.com.br\/noticias\/#\/schema\/person\/7f4d362bf3518e76090143ae77bb49a5"},"headline":"Ibovespa abre em queda; Embraer (EMBR3) e bancos s\u00e3o destaques de alta","datePublished":"2021-09-28T13:47:34+00:00","mainEntityOfPage":{"@id":"https:\/\/www.suno.com.br\/noticias\/ibovespa-abre-queda-embraer-embr3-bancos-bbdc4\/"},"wordCount":1299,"publisher":{"@id":"https:\/\/www.suno.com.br\/noticias\/#organization"},"image":{"@id":"https:\/\/www.suno.com.br\/noticias\/ibovespa-abre-queda-embraer-embr3-bancos-bbdc4\/#primaryimage"},"thumbnailUrl":"https:\/\/files.sunoresearch.com.br\/n\/uploads\/2021\/04\/6bf3192e-bradesco-jpg.webp","keywords":["Bolsas mundiais","Bradesco (BBDC3\/BBDC4)","Braskem (BRKM3\/BRKM5\/BRKM6)","Especialistas","Ibovespa","Ibovespa futuro","JSL (JSL11\/JSLG3)","Vale (VALE3)"],"articleSection":["Mercado"],"inLanguage":"pt-BR"},{"@type":"WebPage","@id":"https:\/\/www.suno.com.br\/noticias\/ibovespa-abre-queda-embraer-embr3-bancos-bbdc4\/","url":"https:\/\/www.suno.com.br\/noticias\/ibovespa-abre-queda-embraer-embr3-bancos-bbdc4\/","name":"Ibovespa abre em queda; bancos s\u00e3o destaques de alta","isPartOf":{"@id":"https:\/\/www.suno.com.br\/noticias\/#website"},"primaryImageOfPage":{"@id":"https:\/\/www.suno.com.br\/noticias\/ibovespa-abre-queda-embraer-embr3-bancos-bbdc4\/#primaryimage"},"image":{"@id":"https:\/\/www.suno.com.br\/noticias\/ibovespa-abre-queda-embraer-embr3-bancos-bbdc4\/#primaryimage"},"thumbnailUrl":"https:\/\/files.sunoresearch.com.br\/n\/uploads\/2021\/04\/6bf3192e-bradesco-jpg.webp","datePublished":"2021-09-28T13:47:34+00:00","description":"As a\u00e7\u00f5es do Bradesco, do Ita\u00fa e do Banco do Brasil ficam dentre as maiores altas do Ibovespa nesta ter\u00e7a. Clique aqui e leia mais.","breadcrumb":{"@id":"https:\/\/www.suno.com.br\/noticias\/ibovespa-abre-queda-embraer-embr3-bancos-bbdc4\/#breadcrumb"},"inLanguage":"pt-BR","potentialAction":[{"@type":"ReadAction","target":["https:\/\/www.suno.com.br\/noticias\/ibovespa-abre-queda-embraer-embr3-bancos-bbdc4\/"]}]},{"@type":"ImageObject","inLanguage":"pt-BR","@id":"https:\/\/www.suno.com.br\/noticias\/ibovespa-abre-queda-embraer-embr3-bancos-bbdc4\/#primaryimage","url":"https:\/\/files.sunoresearch.com.br\/n\/uploads\/2021\/04\/6bf3192e-bradesco-jpg.webp","contentUrl":"https:\/\/files.sunoresearch.com.br\/n\/uploads\/2021\/04\/6bf3192e-bradesco-jpg.webp","width":1200,"height":856,"caption":"Bradesco - Foto: Divulga\u00e7\u00e3o."},{"@type":"BreadcrumbList","@id":"https:\/\/www.suno.com.br\/noticias\/ibovespa-abre-queda-embraer-embr3-bancos-bbdc4\/#breadcrumb","itemListElement":[{"@type":"ListItem","position":1,"name":"Not\u00edcias","item":"https:\/\/www.suno.com.br\/noticias\/"},{"@type":"ListItem","position":2,"name":"Mercado","item":"https:\/\/www.suno.com.br\/noticias\/mercado\/"},{"@type":"ListItem","position":3,"name":"Ibovespa abre em queda; Embraer (EMBR3) e bancos s\u00e3o destaques de alta"}]},{"@type":"WebSite","@id":"https:\/\/www.suno.com.br\/noticias\/#website","url":"https:\/\/www.suno.com.br\/noticias\/","name":"Suno Not\u00edcias","description":"Seu portal de informa\u00e7\u00e3o sobre o mundo dos investimentos","publisher":{"@id":"https:\/\/www.suno.com.br\/noticias\/#organization"},"potentialAction":[{"@type":"SearchAction","target":{"@type":"EntryPoint","urlTemplate":"https:\/\/www.suno.com.br\/noticias\/?s={search_term_string}"},"query-input":{"@type":"PropertyValueSpecification","valueRequired":true,"valueName":"search_term_string"}}],"inLanguage":"pt-BR"},{"@type":"Organization","@id":"https:\/\/www.suno.com.br\/noticias\/#organization","name":"Suno Not\u00edcias","url":"https:\/\/www.suno.com.br\/noticias\/","logo":{"@type":"ImageObject","inLanguage":"pt-BR","@id":"https:\/\/www.suno.com.br\/noticias\/#\/schema\/logo\/image\/","url":"https:\/\/files.sunoresearch.com.br\/n\/uploads\/2021\/09\/suno-logo.png","contentUrl":"https:\/\/files.sunoresearch.com.br\/n\/uploads\/2021\/09\/suno-logo.png","width":180,"height":180,"caption":"Suno Not\u00edcias"},"image":{"@id":"https:\/\/www.suno.com.br\/noticias\/#\/schema\/logo\/image\/"},"sameAs":["https:\/\/facebook.com\/sunoresearch","https:\/\/x.com\/sunoresearch","https:\/\/www.instagram.com\/suno","https:\/\/www.linkedin.com\/company\/suno-research\/","https:\/\/www.youtube.com\/c\/sunoresearch"]},{"@type":"Person","@id":"https:\/\/www.suno.com.br\/noticias\/#\/schema\/person\/7f4d362bf3518e76090143ae77bb49a5","name":"Eduardo Vargas","image":{"@type":"ImageObject","inLanguage":"pt-BR","@id":"https:\/\/www.suno.com.br\/noticias\/#\/schema\/person\/image\/","url":"https:\/\/secure.gravatar.com\/avatar\/dac340933427a22924c9f99d1eb2e3f2?s=96&r=g","contentUrl":"https:\/\/secure.gravatar.com\/avatar\/dac340933427a22924c9f99d1eb2e3f2?s=96&r=g","caption":"Eduardo Vargas"},"description":"Jornalista formado pela UFSC, cobre macroeconomia, neg\u00f3cios e startups para o Suno Not\u00edcias, escrevendo principalmente not\u00edcias sobre o mercado financeiro e a bolsa de valores. No YouTube e no Instagram, \u00e9 respons\u00e1vel pela produ\u00e7\u00e3o de Reels e Shorts do Suno Not\u00edcias. Anteriormente, trabalhou cobrindo economia e cotidiano no ND+ e para o ND, maior jornal impresso de Santa Catarina. Cursou um semestre letivo de Estudos de M\u00eddia na Universidad de Buenos Aires.","url":"https:\/\/www.suno.com.br\/noticias\/author\/eduardo-vargas\/"}]}},"default_loop_html":"<div class=\"cardsPage__listCard__boxs\"><div class=\"cardsPage__listCard__boxs__img\"><a href=\"https:\/\/www.suno.com.br\/noticias\/ibovespa-abre-queda-embraer-embr3-bancos-bbdc4\/\"><img class=\"mask\" src=\"https:\/\/www.suno.com.br\/noticias\/wp-content\/themes\/suno\/resources\/images\/spotlight\/spotlight1img\/bg-mask.png\" alt=\"Image Mask\"\/><img src=\"https:\/\/files.sunoresearch.com.br\/n\/uploads\/2021\/04\/6bf3192e-bradesco-400x200.webp\" alt=\"Ibovespa abre em queda; Embraer (EMBR3) e bancos s\u00e3o destaques de alta\"\/><\/a><span class=\"spotlightCategory\"><a href=\"https:\/\/www.suno.com.br\/noticias\/mercado\/\">Mercado<\/a><\/span><\/div><div class=\"cardsPage__listCard__boxs__content\"><a href=\"https:\/\/www.suno.com.br\/noticias\/ibovespa-abre-queda-embraer-embr3-bancos-bbdc4\/\"><h2 class=\"content__title\">Ibovespa abre em queda; Embraer (EMBR3) e bancos s\u00e3o destaques de alta<\/h2><\/a><div class=\"newsContent__article__meta\"><div class=\"newsContent__article__meta__authorBox\"><a href=\"https:\/\/www.suno.com.br\/noticias\/author\/eduardo-vargas\/\" class=\"authorBox__avatar noMobi\"><img src=\"https:\/\/secure.gravatar.com\/avatar\/dac340933427a22924c9f99d1eb2e3f2?s=96&#038;r=g\" alt=\"Eduardo Vargas\"><\/a><div class=\"authorBox__name\"><span>por\n\t\t\t<a href=\"https:\/\/www.suno.com.br\/noticias\/author\/eduardo-vargas\/\"><span itemprop=\"author\">Eduardo Vargas<\/span><\/a><\/span><time datetime=\"2021-09-28T10:47:34-03:00\" itemprop=\"datePublished\">28\/09\/2021 10:47<\/time><\/div><\/div><\/div><\/div><\/div>","single_layout":"posts","amp_enabled":true,"_links":{"self":[{"href":"https:\/\/www.suno.com.br\/noticias\/wp-json\/wp\/v2\/posts\/188343"}],"collection":[{"href":"https:\/\/www.suno.com.br\/noticias\/wp-json\/wp\/v2\/posts"}],"about":[{"href":"https:\/\/www.suno.com.br\/noticias\/wp-json\/wp\/v2\/types\/post"}],"author":[{"embeddable":true,"href":"https:\/\/www.suno.com.br\/noticias\/wp-json\/wp\/v2\/users\/73"}],"replies":[{"embeddable":true,"href":"https:\/\/www.suno.com.br\/noticias\/wp-json\/wp\/v2\/comments?post=188343"}],"version-history":[{"count":3,"href":"https:\/\/www.suno.com.br\/noticias\/wp-json\/wp\/v2\/posts\/188343\/revisions"}],"predecessor-version":[{"id":188373,"href":"https:\/\/www.suno.com.br\/noticias\/wp-json\/wp\/v2\/posts\/188343\/revisions\/188373"}],"wp:featuredmedia":[{"embeddable":true,"href":"https:\/\/www.suno.com.br\/noticias\/wp-json\/wp\/v2\/media\/137752"}],"wp:attachment":[{"href":"https:\/\/www.suno.com.br\/noticias\/wp-json\/wp\/v2\/media?parent=188343"}],"wp:term":[{"taxonomy":"category","embeddable":true,"href":"https:\/\/www.suno.com.br\/noticias\/wp-json\/wp\/v2\/categories?post=188343"},{"taxonomy":"post_tag","embeddable":true,"href":"https:\/\/www.suno.com.br\/noticias\/wp-json\/wp\/v2\/tags?post=188343"},{"taxonomy":"suno_strategy","embeddable":true,"href":"https:\/\/www.suno.com.br\/noticias\/wp-json\/wp\/v2\/suno_strategy?post=188343"}],"curies":[{"name":"wp","href":"https:\/\/api.w.org\/{rel}","templated":true}]}}