{"id":188288,"date":"2021-09-28T09:24:10","date_gmt":"2021-09-28T12:24:10","guid":{"rendered":"https:\/\/www.suno.com.br\/noticias\/?p=188288"},"modified":"2021-09-28T09:24:10","modified_gmt":"2021-09-28T12:24:10","slug":"hapvida-hapv3-investigada-por-tratamento-contra-covid-19","status":"publish","type":"post","link":"https:\/\/www.suno.com.br\/noticias\/hapvida-hapv3-investigada-por-tratamento-contra-covid-19\/","title":{"rendered":"Hapvida (HAPV3) \u00e9 investigada ap\u00f3s suspeitas sobre tratamentos contra Covid-19"},"content":{"rendered":"<p>Ap\u00f3s envolvimento da <a class=\"suno-keyword\" href=\"https:\/\/www.suno.com.br\/acoes\/HAPV3\/\" target=\"_blank\" rel=\"noopener\" data-force=\"yes\" data-priority=\"2\"><strong>Hapvida<\/strong> (HAPV3)<\/a> no escand\u00e2lo da Prevent Senior, ao ser mencionada na CPI da Covid, a Ag\u00eancia Nacional de Sa\u00fade (ANS) decidiu apurar a conduta da empresa durante a pandemia.<\/p>\t<div class=\"wrapper-featured-image\">\n\t\t<figure class=\"spotlightImg\">\n\n\t\t\t<picture>\n\t\t\t\t<source media=\"(max-width: 768px)\" srcset=\"https:\/\/files.sunoresearch.com.br\/n\/uploads\/2021\/04\/5cc0756e-foto-hapvida-institucional_divulgacao_credito-falcao-jr-400x200.webp\">\n\t\t\t\t<img loading=\"lazy\" decoding=\"async\" class=\"newsContent__article__imgCapa lazyloadDisabled \" src=\"https:\/\/files.sunoresearch.com.br\/n\/uploads\/2021\/04\/5cc0756e-foto-hapvida-institucional_divulgacao_credito-falcao-jr-800x450.webp\" width=\"800\" height=\"450\" alt=\"Hapvida (HAPV3) \u00e9 investigada ap\u00f3s suspeitas sobre tratamentos contra Covid-19\" fetchpriority=high \/>\n\t\t\t<\/picture>\n\n\t\t\t<figcaption class=\"wp-caption-text wp-caption-text--show\">Hapvida . Foto: Divulga\u00e7\u00e3o<\/figcaption>\n\t\t<\/figure>\n\t<\/div>\n\n\n\t<p>\n\t\t<a href=\"https:\/\/lp.suno.com.br\/planilha-controle-gastos\/\" target=\"_blank\" data-element=\"shortcode-suno-banner\" title=\"Banner SUNO, clique e saiba mais\">\n\t\t\t<picture>\n\t\t\t\t<source media=\"(max-width: 500px)\" srcset=\"https:\/\/files.sunoresearch.com.br\/n\/uploads\/2023\/03\/400x300-Planilha-controle-de-gastos.png\">\n\t\t\t\t<img class=\"newsContent__article__imgCapa newsContent__article__imgCapa--banner\"\n\t\t\t\t\tsrc=\"https:\/\/files.sunoresearch.com.br\/n\/uploads\/2023\/03\/1420x240-Planilha-controle-de-gastos.png\"\n\t\t\t\t\tdata-promo-id=\"101751\"\t\t\t\t\t\t\t\t\t\twidth='1420' height='240'\t\t\t\t\talt=\"https:\/\/files.sunoresearch.com.br\/n\/uploads\/2023\/03\/1420x240-Planilha-controle-de-gastos.png\"\n\t\t\t\t>\n\t\t\t<\/picture>\n\t\t<\/a>\n\t<\/p>\n\n\n<p>A investiga\u00e7\u00e3o tem como base relatos de que a empresa pressionava seus m\u00e9dicos de diferentes locais para receitar hidroxicloroquina em casos suspeitos ou confirmados de Covid-19, informa a <em>BBC News<\/em>.<\/p>\n<p>Em abril, o Minist\u00e9rio P\u00fablico Estadual do Cear\u00e1 (<strong>MP-CE<\/strong>) <strong>multou a Hapvida<\/strong> em R$ 468 mil por &#8220;impor, indistintamente a todos os m\u00e9dicos conveniados, que receitem determinados medicamentos no tratamento de pacientes com Covid-19&#8221;, informa a mat\u00e9ria.<\/p>\n<p>A Hapvida protocolou recurso contra a multa aplicada pelo MP-CE e aguarda resposta. Ap\u00f3s a penalidade, o promotor do caso pediu que o mesmo fosse encaminhado \u00e0 <strong>ANS<\/strong>.<\/p>\n<p>Na segunda-feira (27), a ag\u00eancia fez &#8220;dilig\u00eancias in loco&#8221; nas sedes da Hapvida e do <strong>Grupo S\u00e3o Francisco<\/strong>, rede comprada pela<strong> empresa de planos de sa\u00fade<\/strong> em 2019. O objetivo era buscar &#8220;mais informa\u00e7\u00f5es para o processo de apura\u00e7\u00e3o&#8221; sobre as suspeitas de irregularidades.<\/p>\n\t<p>\n\t\t<a href=\"https:\/\/lp.suno.com.br\/planilha-da-vida-financeira\/\" target=\"_blank\" data-element=\"shortcode-suno-banner\" title=\"Banner SUNO, clique e saiba mais\">\n\t\t\t<picture>\n\t\t\t\t<source media=\"(max-width: 500px)\" srcset=\"https:\/\/files.sunoresearch.com.br\/n\/uploads\/2023\/04\/400x300-Planilha-vida-financeira-true.png\">\n\t\t\t\t<img class=\"newsContent__article__imgCapa newsContent__article__imgCapa--banner\"\n\t\t\t\t\tsrc=\"https:\/\/files.sunoresearch.com.br\/n\/uploads\/2023\/04\/1420x240-Planilha-vida-financeira-true.png\"\n\t\t\t\t\tdata-promo-id=\"106682\"\t\t\t\t\t\t\t\t\t\twidth='1420' height='240'\t\t\t\t\talt=\"https:\/\/files.sunoresearch.com.br\/n\/uploads\/2023\/04\/1420x240-Planilha-vida-financeira-true.png\"\n\t\t\t\t>\n\t\t\t<\/picture>\n\t\t<\/a>\n\t<\/p>\n\n\n<p>As investiga\u00e7\u00f5es em curso pela ANS separam as empresas, ainda que o Grupo S\u00e3o Francisco perten\u00e7a \u00e0 Hapvida. &#8220;S\u00e3o Francisco tem CNPJ pr\u00f3prio, devendo obedecer \u00e0 legisla\u00e7\u00e3o de sa\u00fade suplementar e estando sujeita a san\u00e7\u00f5es caso cometa infra\u00e7\u00f5es&#8221;, justifica a ag\u00eancia.<\/p>\n<p>Em nota \u00e0 reportagem da <em>BBC News<\/em>, a Hapvida nega que tenha feito press\u00e3o para o uso da <strong>hidroxicloroquina<\/strong> em seus hospitais e afirma que respeita a autonomia m\u00e9dica.<\/p>\n<h2>Hapvida \u00e9 citada na CPI da Covid<\/h2>\n<p>Na quarta-feira, dia 22 de setembro, o <strong>diretor na Prevent Senior<\/strong>, Pedro Benedito Batista Junior, prestou depoimento \u00e0 <strong>CPI da Covid<\/strong>. Em suas declara\u00e7\u00f5es, o diretor confirmou que a empresa de planos de sa\u00fade prescreveu <strong>tratamento precoce<\/strong> com rem\u00e9dios n\u00e3o comprovados contra a doen\u00e7a, al\u00e9m de fazer testes experimentais com pacientes doentes por <strong>coronav\u00edrus<\/strong>.<\/p>\n\t<p>\n\t\t<a href=\"https:\/\/lp.suno.com.br\/ebook-como-analisar-uma-acao\/\" target=\"_blank\" data-element=\"shortcode-suno-banner\" title=\"Banner SUNO, clique e saiba mais\">\n\t\t\t<picture>\n\t\t\t\t<source media=\"(max-width: 500px)\" srcset=\"https:\/\/files.sunoresearch.com.br\/n\/uploads\/2023\/03\/Ebook-Acoes-Mobile-1.jpg\">\n\t\t\t\t<img class=\"newsContent__article__imgCapa newsContent__article__imgCapa--banner\"\n\t\t\t\t\tsrc=\"https:\/\/files.sunoresearch.com.br\/n\/uploads\/2023\/03\/Ebook-Acoes-Desktop-1.jpg\"\n\t\t\t\t\tdata-promo-id=\"171998\"\t\t\t\t\t\t\t\t\t\twidth='1420' height='286'\t\t\t\t\talt=\"https:\/\/files.sunoresearch.com.br\/n\/uploads\/2023\/03\/Ebook-Acoes-Desktop-1.jpg\"\n\t\t\t\t>\n\t\t\t<\/picture>\n\t\t<\/a>\n\t<\/p>\n\n\n<p>Em meio aos questionamentos dos senadores, Batista Junior revelou que a pol\u00edtica de \u201cobedi\u00eancia e lealdade\u201d em vigor na Prevent Senior, foi uma express\u00e3o implementada na empresa em 2017, por um ex-diretor que hoje trabalharia para a Hapvida.<\/p>\n<p>Diante disso, os senadores cogitaram, durante a sess\u00e3o da CPI da Covid, convocar <strong>executivos da Hapvida<\/strong> para depor.<\/p>\n<p>No dia, a a\u00e7\u00e3o da empresa de planos de sa\u00fade fechou em baixa de 3,89%, valendo R$ 14,59. E n\u00e3o s\u00f3, o papel da <strong>NotreDame<\/strong> (GNDI3), com quem a Hapvida tenta uma fus\u00e3o, recuou 3,88% no mesmo dia.<\/p>\n\t<p>\n\t\t<a href=\"https:\/\/lp.suno.com.br\/planilha-de-controle-de-investimentos\/\" target=\"_blank\" data-element=\"shortcode-suno-banner\" title=\"Banner SUNO, clique e saiba mais\">\n\t\t\t<picture>\n\t\t\t\t<source media=\"(max-width: 500px)\" srcset=\"https:\/\/files.sunoresearch.com.br\/n\/uploads\/2023\/03\/400x300-Controle-de-Investimentos.png\">\n\t\t\t\t<img class=\"newsContent__article__imgCapa newsContent__article__imgCapa--banner\"\n\t\t\t\t\tsrc=\"https:\/\/files.sunoresearch.com.br\/n\/uploads\/2023\/03\/1420x240-Controle-de-Investimentos.png\"\n\t\t\t\t\tdata-promo-id=\"75934\"\t\t\t\t\t\t\t\t\t\twidth='1420' height='240'\t\t\t\t\talt=\"https:\/\/files.sunoresearch.com.br\/n\/uploads\/2023\/03\/1420x240-Controle-de-Investimentos.png\"\n\t\t\t\t>\n\t\t\t<\/picture>\n\t\t<\/a>\n\t<\/p>\n\n\n<h2>\u00daltima cota\u00e7\u00e3o<\/h2>\n<p>Desde a sess\u00e3o no Senado Federal, a <strong>cota\u00e7\u00e3o da Hapvida<\/strong> acumula quedas no Ibovespa. At\u00e9 o fechamento do preg\u00e3o de ontem, as a\u00e7\u00f5es da empresa desvalorizaram 4,68%.<\/p>\n<p>Na segunda-feira (27), os pap\u00e9is <strong>HAPV3<\/strong> fecharam com 1,83% de queda, valendo R$ 14,47.<\/p>\n<p>Nos \u00faltimos 12 meses, as a\u00e7\u00f5es da <strong>Hapvida<\/strong> acumulam valoriza\u00e7\u00e3o de 19,79%, sendo negociadas a R$ 18,44 na m\u00e1xima e a R$ 11,91 na m\u00ednima.<\/p>\n\t<p>\n\t\t<a href=\"\" target=\"_blank\" data-element=\"shortcode-suno-banner\" title=\"Banner SUNO, clique e saiba mais\">\n\t\t\t<picture>\n\t\t\t\t<source media=\"(max-width: 500px)\" srcset=\"\">\n\t\t\t\t<img class=\"newsContent__article__imgCapa newsContent__article__imgCapa--banner\"\n\t\t\t\t\tsrc=\"\"\n\t\t\t\t\tdata-promo-id=\"184190\"\t\t\t\t\t\t\t\t\t\t\t\t\t\t\talt=\"\"\n\t\t\t\t>\n\t\t\t<\/picture>\n\t\t<\/a>\n\t<\/p>\n\n\n","protected":false},"excerpt":{"rendered":"<p>Ap\u00f3s envolvimento da Hapvida (HAPV3) no escand\u00e2lo da Prevent Senior, ao ser mencionada na CPI da Covid, a Ag\u00eancia Nacional de Sa\u00fade (ANS) decidiu apurar a conduta da empresa durante a pandemia. Hapvida . Foto: Divulga\u00e7\u00e3o A investiga\u00e7\u00e3o tem como base relatos de que a empresa pressionava seus m\u00e9dicos de diferentes locais para receitar hidroxicloroquina [&hellip;]<\/p>\n","protected":false},"author":102,"featured_media":137430,"comment_status":"closed","ping_status":"closed","sticky":false,"template":"","format":"standard","meta":[],"categories":[64],"tags":[1455,497,1068],"suno_strategy":[],"class_list":["post-188288","post","type-post","status-publish","format-standard","has-post-thumbnail","hentry","category-negocios","tag-comissao-parlamentar-inquerito-cpi","tag-hapvida-hapv3","tag-senado-federal"],"yoast_head":"<!-- This site is optimized with the Yoast SEO plugin v24.4 - https:\/\/yoast.com\/wordpress\/plugins\/seo\/ -->\n<title>Hapvida (HAPV3) \u00e9 investigada por suspeitas em tratamento contra Covid<\/title>\n<meta name=\"description\" content=\"Ap\u00f3s ser mencionada na CPI da Covid e ter den\u00fancias internas, a Hapvida (HAPV3) est\u00e1 sendo investigada pela ANS por conduta na pandemia.\" \/>\n<meta name=\"robots\" content=\"index, follow, max-snippet:-1, max-image-preview:large, max-video-preview:-1\" \/>\n<link rel=\"canonical\" href=\"https:\/\/www.suno.com.br\/noticias\/hapvida-hapv3-investigada-por-tratamento-contra-covid-19\/\" \/>\n<meta property=\"og:locale\" content=\"pt_BR\" \/>\n<meta property=\"og:type\" content=\"article\" \/>\n<meta property=\"og:title\" content=\"Hapvida (HAPV3) \u00e9 investigada por suspeitas em tratamento contra Covid\" \/>\n<meta property=\"og:description\" content=\"Ap\u00f3s ser mencionada na CPI da Covid e ter den\u00fancias internas, a Hapvida (HAPV3) est\u00e1 sendo investigada pela ANS por conduta na pandemia.\" \/>\n<meta property=\"og:url\" content=\"https:\/\/www.suno.com.br\/noticias\/hapvida-hapv3-investigada-por-tratamento-contra-covid-19\/\" \/>\n<meta property=\"og:site_name\" content=\"Suno Not\u00edcias\" \/>\n<meta property=\"article:publisher\" content=\"https:\/\/facebook.com\/sunoresearch\" \/>\n<meta property=\"og:image\" content=\"https:\/\/files.sunoresearch.com.br\/n\/uploads\/2021\/04\/5cc0756e-foto-hapvida-institucional_divulgacao_credito-falcao-jr.jpg\" \/>\n\t<meta property=\"og:image:width\" content=\"1200\" \/>\n\t<meta property=\"og:image:height\" content=\"708\" \/>\n\t<meta property=\"og:image:type\" content=\"image\/jpeg\" \/>\n<meta name=\"author\" content=\"Monique Lima\" \/>\n<meta name=\"twitter:card\" content=\"summary_large_image\" \/>\n<meta name=\"twitter:creator\" content=\"@sunoresearch\" \/>\n<meta name=\"twitter:site\" content=\"@sunoresearch\" \/>\n<meta name=\"twitter:label1\" content=\"Escrito por\" \/>\n\t<meta name=\"twitter:data1\" content=\"Monique Lima\" \/>\n\t<meta name=\"twitter:label2\" content=\"Est. tempo de leitura\" \/>\n\t<meta name=\"twitter:data2\" content=\"3 minutos\" \/>\n<script type=\"application\/ld+json\" class=\"yoast-schema-graph\">{\"@context\":\"https:\/\/schema.org\",\"@graph\":[{\"@type\":\"NewsArticle\",\"@id\":\"https:\/\/www.suno.com.br\/noticias\/hapvida-hapv3-investigada-por-tratamento-contra-covid-19\/#article\",\"isPartOf\":{\"@id\":\"https:\/\/www.suno.com.br\/noticias\/hapvida-hapv3-investigada-por-tratamento-contra-covid-19\/\"},\"author\":{\"name\":\"Monique Lima\",\"@id\":\"https:\/\/www.suno.com.br\/noticias\/#\/schema\/person\/d712329319cc9b10f254d02d654cb36a\"},\"headline\":\"Hapvida (HAPV3) \u00e9 investigada ap\u00f3s suspeitas sobre tratamentos contra Covid-19\",\"datePublished\":\"2021-09-28T12:24:10+00:00\",\"mainEntityOfPage\":{\"@id\":\"https:\/\/www.suno.com.br\/noticias\/hapvida-hapv3-investigada-por-tratamento-contra-covid-19\/\"},\"wordCount\":521,\"publisher\":{\"@id\":\"https:\/\/www.suno.com.br\/noticias\/#organization\"},\"image\":{\"@id\":\"https:\/\/www.suno.com.br\/noticias\/hapvida-hapv3-investigada-por-tratamento-contra-covid-19\/#primaryimage\"},\"thumbnailUrl\":\"https:\/\/files.sunoresearch.com.br\/n\/uploads\/2021\/04\/5cc0756e-foto-hapvida-institucional_divulgacao_credito-falcao-jr-jpg.webp\",\"keywords\":[\"Comiss\u00e3o Parlamentar de Inqu\u00e9rito (CPI)\",\"Hapvida (HAPV3)\",\"Senado Federal\"],\"articleSection\":[\"Neg\u00f3cios\"],\"inLanguage\":\"pt-BR\"},{\"@type\":\"WebPage\",\"@id\":\"https:\/\/www.suno.com.br\/noticias\/hapvida-hapv3-investigada-por-tratamento-contra-covid-19\/\",\"url\":\"https:\/\/www.suno.com.br\/noticias\/hapvida-hapv3-investigada-por-tratamento-contra-covid-19\/\",\"name\":\"Hapvida (HAPV3) \u00e9 investigada por suspeitas em tratamento contra Covid\",\"isPartOf\":{\"@id\":\"https:\/\/www.suno.com.br\/noticias\/#website\"},\"primaryImageOfPage\":{\"@id\":\"https:\/\/www.suno.com.br\/noticias\/hapvida-hapv3-investigada-por-tratamento-contra-covid-19\/#primaryimage\"},\"image\":{\"@id\":\"https:\/\/www.suno.com.br\/noticias\/hapvida-hapv3-investigada-por-tratamento-contra-covid-19\/#primaryimage\"},\"thumbnailUrl\":\"https:\/\/files.sunoresearch.com.br\/n\/uploads\/2021\/04\/5cc0756e-foto-hapvida-institucional_divulgacao_credito-falcao-jr-jpg.webp\",\"datePublished\":\"2021-09-28T12:24:10+00:00\",\"description\":\"Ap\u00f3s ser mencionada na CPI da Covid e ter den\u00fancias internas, a Hapvida (HAPV3) est\u00e1 sendo investigada pela ANS por conduta na pandemia.\",\"breadcrumb\":{\"@id\":\"https:\/\/www.suno.com.br\/noticias\/hapvida-hapv3-investigada-por-tratamento-contra-covid-19\/#breadcrumb\"},\"inLanguage\":\"pt-BR\",\"potentialAction\":[{\"@type\":\"ReadAction\",\"target\":[\"https:\/\/www.suno.com.br\/noticias\/hapvida-hapv3-investigada-por-tratamento-contra-covid-19\/\"]}]},{\"@type\":\"ImageObject\",\"inLanguage\":\"pt-BR\",\"@id\":\"https:\/\/www.suno.com.br\/noticias\/hapvida-hapv3-investigada-por-tratamento-contra-covid-19\/#primaryimage\",\"url\":\"https:\/\/files.sunoresearch.com.br\/n\/uploads\/2021\/04\/5cc0756e-foto-hapvida-institucional_divulgacao_credito-falcao-jr-jpg.webp\",\"contentUrl\":\"https:\/\/files.sunoresearch.com.br\/n\/uploads\/2021\/04\/5cc0756e-foto-hapvida-institucional_divulgacao_credito-falcao-jr-jpg.webp\",\"width\":1200,\"height\":708,\"caption\":\"Hapvida . Foto: Divulga\u00e7\u00e3o\"},{\"@type\":\"BreadcrumbList\",\"@id\":\"https:\/\/www.suno.com.br\/noticias\/hapvida-hapv3-investigada-por-tratamento-contra-covid-19\/#breadcrumb\",\"itemListElement\":[{\"@type\":\"ListItem\",\"position\":1,\"name\":\"Not\u00edcias\",\"item\":\"https:\/\/www.suno.com.br\/noticias\/\"},{\"@type\":\"ListItem\",\"position\":2,\"name\":\"Neg\u00f3cios\",\"item\":\"https:\/\/www.suno.com.br\/noticias\/negocios\/\"},{\"@type\":\"ListItem\",\"position\":3,\"name\":\"Hapvida (HAPV3) \u00e9 investigada ap\u00f3s suspeitas sobre tratamentos contra Covid-19\"}]},{\"@type\":\"WebSite\",\"@id\":\"https:\/\/www.suno.com.br\/noticias\/#website\",\"url\":\"https:\/\/www.suno.com.br\/noticias\/\",\"name\":\"Suno Not\u00edcias\",\"description\":\"Seu portal de informa\u00e7\u00e3o sobre o mundo dos investimentos\",\"publisher\":{\"@id\":\"https:\/\/www.suno.com.br\/noticias\/#organization\"},\"potentialAction\":[{\"@type\":\"SearchAction\",\"target\":{\"@type\":\"EntryPoint\",\"urlTemplate\":\"https:\/\/www.suno.com.br\/noticias\/?s={search_term_string}\"},\"query-input\":{\"@type\":\"PropertyValueSpecification\",\"valueRequired\":true,\"valueName\":\"search_term_string\"}}],\"inLanguage\":\"pt-BR\"},{\"@type\":\"Organization\",\"@id\":\"https:\/\/www.suno.com.br\/noticias\/#organization\",\"name\":\"Suno Not\u00edcias\",\"url\":\"https:\/\/www.suno.com.br\/noticias\/\",\"logo\":{\"@type\":\"ImageObject\",\"inLanguage\":\"pt-BR\",\"@id\":\"https:\/\/www.suno.com.br\/noticias\/#\/schema\/logo\/image\/\",\"url\":\"https:\/\/files.sunoresearch.com.br\/n\/uploads\/2021\/09\/suno-logo.png\",\"contentUrl\":\"https:\/\/files.sunoresearch.com.br\/n\/uploads\/2021\/09\/suno-logo.png\",\"width\":180,\"height\":180,\"caption\":\"Suno Not\u00edcias\"},\"image\":{\"@id\":\"https:\/\/www.suno.com.br\/noticias\/#\/schema\/logo\/image\/\"},\"sameAs\":[\"https:\/\/facebook.com\/sunoresearch\",\"https:\/\/x.com\/sunoresearch\",\"https:\/\/www.instagram.com\/suno\",\"https:\/\/www.linkedin.com\/company\/suno-research\/\",\"https:\/\/www.youtube.com\/c\/sunoresearch\"]},{\"@type\":\"Person\",\"@id\":\"https:\/\/www.suno.com.br\/noticias\/#\/schema\/person\/d712329319cc9b10f254d02d654cb36a\",\"name\":\"Monique Lima\",\"image\":{\"@type\":\"ImageObject\",\"inLanguage\":\"pt-BR\",\"@id\":\"https:\/\/www.suno.com.br\/noticias\/#\/schema\/person\/image\/\",\"url\":\"https:\/\/secure.gravatar.com\/avatar\/daee7f16d906c2e9ffed236206ca2c30?s=96&r=g\",\"contentUrl\":\"https:\/\/secure.gravatar.com\/avatar\/daee7f16d906c2e9ffed236206ca2c30?s=96&r=g\",\"caption\":\"Monique Lima\"},\"description\":\"Rep\u00f3rter de Mercado no Suno Not\u00edcias, \u00e9 jornalista com experi\u00eancia na cobertura de economia, empreendedorismo, finan\u00e7as pessoais, mercado financeiro, carreira e recursos humanos. Formada em Jornalismo pela Universidade Paulista, teve experi\u00eancias em ve\u00edculos de comunica\u00e7\u00e3o como a Ag\u00eancia TradeMap, Revista Voc\u00ea S\/A e Revista Voc\u00ea RH, as duas \u00faltimas publica\u00e7\u00f5es da Editora Abril. No Suno Not\u00edcias, fala sobre as principais not\u00edcias de Fundos Imobili\u00e1rios, Fiagro, Startups e empresas listadas na Bolsa.\",\"url\":\"https:\/\/www.suno.com.br\/noticias\/author\/monique-lima\/\"}]}<\/script>\n<!-- \/ Yoast SEO plugin. -->","yoast_head_json":{"title":"Hapvida (HAPV3) \u00e9 investigada por suspeitas em tratamento contra Covid","description":"Ap\u00f3s ser mencionada na CPI da Covid e ter den\u00fancias internas, a Hapvida (HAPV3) est\u00e1 sendo investigada pela ANS por conduta na pandemia.","robots":{"index":"index","follow":"follow","max-snippet":"max-snippet:-1","max-image-preview":"max-image-preview:large","max-video-preview":"max-video-preview:-1"},"canonical":"https:\/\/www.suno.com.br\/noticias\/hapvida-hapv3-investigada-por-tratamento-contra-covid-19\/","og_locale":"pt_BR","og_type":"article","og_title":"Hapvida (HAPV3) \u00e9 investigada por suspeitas em tratamento contra Covid","og_description":"Ap\u00f3s ser mencionada na CPI da Covid e ter den\u00fancias internas, a Hapvida (HAPV3) est\u00e1 sendo investigada pela ANS por conduta na pandemia.","og_url":"https:\/\/www.suno.com.br\/noticias\/hapvida-hapv3-investigada-por-tratamento-contra-covid-19\/","og_site_name":"Suno Not\u00edcias","article_publisher":"https:\/\/facebook.com\/sunoresearch","og_image":[{"width":1200,"height":708,"url":"https:\/\/files.sunoresearch.com.br\/n\/uploads\/2021\/04\/5cc0756e-foto-hapvida-institucional_divulgacao_credito-falcao-jr.jpg","type":"image\/jpeg"}],"author":"Monique Lima","twitter_card":"summary_large_image","twitter_creator":"@sunoresearch","twitter_site":"@sunoresearch","twitter_misc":{"Escrito por":"Monique Lima","Est. tempo de leitura":"3 minutos"},"schema":{"@context":"https:\/\/schema.org","@graph":[{"@type":"NewsArticle","@id":"https:\/\/www.suno.com.br\/noticias\/hapvida-hapv3-investigada-por-tratamento-contra-covid-19\/#article","isPartOf":{"@id":"https:\/\/www.suno.com.br\/noticias\/hapvida-hapv3-investigada-por-tratamento-contra-covid-19\/"},"author":{"name":"Monique Lima","@id":"https:\/\/www.suno.com.br\/noticias\/#\/schema\/person\/d712329319cc9b10f254d02d654cb36a"},"headline":"Hapvida (HAPV3) \u00e9 investigada ap\u00f3s suspeitas sobre tratamentos contra Covid-19","datePublished":"2021-09-28T12:24:10+00:00","mainEntityOfPage":{"@id":"https:\/\/www.suno.com.br\/noticias\/hapvida-hapv3-investigada-por-tratamento-contra-covid-19\/"},"wordCount":521,"publisher":{"@id":"https:\/\/www.suno.com.br\/noticias\/#organization"},"image":{"@id":"https:\/\/www.suno.com.br\/noticias\/hapvida-hapv3-investigada-por-tratamento-contra-covid-19\/#primaryimage"},"thumbnailUrl":"https:\/\/files.sunoresearch.com.br\/n\/uploads\/2021\/04\/5cc0756e-foto-hapvida-institucional_divulgacao_credito-falcao-jr-jpg.webp","keywords":["Comiss\u00e3o Parlamentar de Inqu\u00e9rito (CPI)","Hapvida (HAPV3)","Senado Federal"],"articleSection":["Neg\u00f3cios"],"inLanguage":"pt-BR"},{"@type":"WebPage","@id":"https:\/\/www.suno.com.br\/noticias\/hapvida-hapv3-investigada-por-tratamento-contra-covid-19\/","url":"https:\/\/www.suno.com.br\/noticias\/hapvida-hapv3-investigada-por-tratamento-contra-covid-19\/","name":"Hapvida (HAPV3) \u00e9 investigada por suspeitas em tratamento contra Covid","isPartOf":{"@id":"https:\/\/www.suno.com.br\/noticias\/#website"},"primaryImageOfPage":{"@id":"https:\/\/www.suno.com.br\/noticias\/hapvida-hapv3-investigada-por-tratamento-contra-covid-19\/#primaryimage"},"image":{"@id":"https:\/\/www.suno.com.br\/noticias\/hapvida-hapv3-investigada-por-tratamento-contra-covid-19\/#primaryimage"},"thumbnailUrl":"https:\/\/files.sunoresearch.com.br\/n\/uploads\/2021\/04\/5cc0756e-foto-hapvida-institucional_divulgacao_credito-falcao-jr-jpg.webp","datePublished":"2021-09-28T12:24:10+00:00","description":"Ap\u00f3s ser mencionada na CPI da Covid e ter den\u00fancias internas, a Hapvida (HAPV3) est\u00e1 sendo investigada pela ANS por conduta na pandemia.","breadcrumb":{"@id":"https:\/\/www.suno.com.br\/noticias\/hapvida-hapv3-investigada-por-tratamento-contra-covid-19\/#breadcrumb"},"inLanguage":"pt-BR","potentialAction":[{"@type":"ReadAction","target":["https:\/\/www.suno.com.br\/noticias\/hapvida-hapv3-investigada-por-tratamento-contra-covid-19\/"]}]},{"@type":"ImageObject","inLanguage":"pt-BR","@id":"https:\/\/www.suno.com.br\/noticias\/hapvida-hapv3-investigada-por-tratamento-contra-covid-19\/#primaryimage","url":"https:\/\/files.sunoresearch.com.br\/n\/uploads\/2021\/04\/5cc0756e-foto-hapvida-institucional_divulgacao_credito-falcao-jr-jpg.webp","contentUrl":"https:\/\/files.sunoresearch.com.br\/n\/uploads\/2021\/04\/5cc0756e-foto-hapvida-institucional_divulgacao_credito-falcao-jr-jpg.webp","width":1200,"height":708,"caption":"Hapvida . Foto: Divulga\u00e7\u00e3o"},{"@type":"BreadcrumbList","@id":"https:\/\/www.suno.com.br\/noticias\/hapvida-hapv3-investigada-por-tratamento-contra-covid-19\/#breadcrumb","itemListElement":[{"@type":"ListItem","position":1,"name":"Not\u00edcias","item":"https:\/\/www.suno.com.br\/noticias\/"},{"@type":"ListItem","position":2,"name":"Neg\u00f3cios","item":"https:\/\/www.suno.com.br\/noticias\/negocios\/"},{"@type":"ListItem","position":3,"name":"Hapvida (HAPV3) \u00e9 investigada ap\u00f3s suspeitas sobre tratamentos contra Covid-19"}]},{"@type":"WebSite","@id":"https:\/\/www.suno.com.br\/noticias\/#website","url":"https:\/\/www.suno.com.br\/noticias\/","name":"Suno Not\u00edcias","description":"Seu portal de informa\u00e7\u00e3o sobre o mundo dos investimentos","publisher":{"@id":"https:\/\/www.suno.com.br\/noticias\/#organization"},"potentialAction":[{"@type":"SearchAction","target":{"@type":"EntryPoint","urlTemplate":"https:\/\/www.suno.com.br\/noticias\/?s={search_term_string}"},"query-input":{"@type":"PropertyValueSpecification","valueRequired":true,"valueName":"search_term_string"}}],"inLanguage":"pt-BR"},{"@type":"Organization","@id":"https:\/\/www.suno.com.br\/noticias\/#organization","name":"Suno Not\u00edcias","url":"https:\/\/www.suno.com.br\/noticias\/","logo":{"@type":"ImageObject","inLanguage":"pt-BR","@id":"https:\/\/www.suno.com.br\/noticias\/#\/schema\/logo\/image\/","url":"https:\/\/files.sunoresearch.com.br\/n\/uploads\/2021\/09\/suno-logo.png","contentUrl":"https:\/\/files.sunoresearch.com.br\/n\/uploads\/2021\/09\/suno-logo.png","width":180,"height":180,"caption":"Suno Not\u00edcias"},"image":{"@id":"https:\/\/www.suno.com.br\/noticias\/#\/schema\/logo\/image\/"},"sameAs":["https:\/\/facebook.com\/sunoresearch","https:\/\/x.com\/sunoresearch","https:\/\/www.instagram.com\/suno","https:\/\/www.linkedin.com\/company\/suno-research\/","https:\/\/www.youtube.com\/c\/sunoresearch"]},{"@type":"Person","@id":"https:\/\/www.suno.com.br\/noticias\/#\/schema\/person\/d712329319cc9b10f254d02d654cb36a","name":"Monique Lima","image":{"@type":"ImageObject","inLanguage":"pt-BR","@id":"https:\/\/www.suno.com.br\/noticias\/#\/schema\/person\/image\/","url":"https:\/\/secure.gravatar.com\/avatar\/daee7f16d906c2e9ffed236206ca2c30?s=96&r=g","contentUrl":"https:\/\/secure.gravatar.com\/avatar\/daee7f16d906c2e9ffed236206ca2c30?s=96&r=g","caption":"Monique Lima"},"description":"Rep\u00f3rter de Mercado no Suno Not\u00edcias, \u00e9 jornalista com experi\u00eancia na cobertura de economia, empreendedorismo, finan\u00e7as pessoais, mercado financeiro, carreira e recursos humanos. Formada em Jornalismo pela Universidade Paulista, teve experi\u00eancias em ve\u00edculos de comunica\u00e7\u00e3o como a Ag\u00eancia TradeMap, Revista Voc\u00ea S\/A e Revista Voc\u00ea RH, as duas \u00faltimas publica\u00e7\u00f5es da Editora Abril. No Suno Not\u00edcias, fala sobre as principais not\u00edcias de Fundos Imobili\u00e1rios, Fiagro, Startups e empresas listadas na Bolsa.","url":"https:\/\/www.suno.com.br\/noticias\/author\/monique-lima\/"}]}},"default_loop_html":"<div class=\"cardsPage__listCard__boxs\"><div class=\"cardsPage__listCard__boxs__img\"><a href=\"https:\/\/www.suno.com.br\/noticias\/hapvida-hapv3-investigada-por-tratamento-contra-covid-19\/\"><img class=\"mask\" src=\"https:\/\/www.suno.com.br\/noticias\/wp-content\/themes\/suno\/resources\/images\/spotlight\/spotlight1img\/bg-mask.png\" alt=\"Image Mask\"\/><img src=\"https:\/\/files.sunoresearch.com.br\/n\/uploads\/2021\/04\/5cc0756e-foto-hapvida-institucional_divulgacao_credito-falcao-jr-400x200.webp\" alt=\"Hapvida (HAPV3) \u00e9 investigada ap\u00f3s suspeitas sobre tratamentos contra Covid-19\"\/><\/a><span class=\"spotlightCategory\"><a href=\"https:\/\/www.suno.com.br\/noticias\/negocios\/\">Neg\u00f3cios<\/a><\/span><\/div><div class=\"cardsPage__listCard__boxs__content\"><a href=\"https:\/\/www.suno.com.br\/noticias\/hapvida-hapv3-investigada-por-tratamento-contra-covid-19\/\"><h2 class=\"content__title\">Hapvida (HAPV3) \u00e9 investigada ap\u00f3s suspeitas sobre tratamentos contra Covid-19<\/h2><\/a><div class=\"newsContent__article__meta\"><div class=\"newsContent__article__meta__authorBox\"><a href=\"https:\/\/www.suno.com.br\/noticias\/author\/monique-lima\/\" class=\"authorBox__avatar noMobi\"><img src=\"https:\/\/secure.gravatar.com\/avatar\/daee7f16d906c2e9ffed236206ca2c30?s=96&#038;r=g\" alt=\"Monique Lima\"><\/a><div class=\"authorBox__name\"><span>por\n\t\t\t<a href=\"https:\/\/www.suno.com.br\/noticias\/author\/monique-lima\/\"><span itemprop=\"author\">Monique Lima<\/span><\/a><\/span><time datetime=\"2021-09-28T09:24:10-03:00\" itemprop=\"datePublished\">28\/09\/2021 09:24<\/time><\/div><\/div><\/div><\/div><\/div>","single_layout":"posts","amp_enabled":true,"_links":{"self":[{"href":"https:\/\/www.suno.com.br\/noticias\/wp-json\/wp\/v2\/posts\/188288"}],"collection":[{"href":"https:\/\/www.suno.com.br\/noticias\/wp-json\/wp\/v2\/posts"}],"about":[{"href":"https:\/\/www.suno.com.br\/noticias\/wp-json\/wp\/v2\/types\/post"}],"author":[{"embeddable":true,"href":"https:\/\/www.suno.com.br\/noticias\/wp-json\/wp\/v2\/users\/102"}],"replies":[{"embeddable":true,"href":"https:\/\/www.suno.com.br\/noticias\/wp-json\/wp\/v2\/comments?post=188288"}],"version-history":[{"count":3,"href":"https:\/\/www.suno.com.br\/noticias\/wp-json\/wp\/v2\/posts\/188288\/revisions"}],"predecessor-version":[{"id":188325,"href":"https:\/\/www.suno.com.br\/noticias\/wp-json\/wp\/v2\/posts\/188288\/revisions\/188325"}],"wp:featuredmedia":[{"embeddable":true,"href":"https:\/\/www.suno.com.br\/noticias\/wp-json\/wp\/v2\/media\/137430"}],"wp:attachment":[{"href":"https:\/\/www.suno.com.br\/noticias\/wp-json\/wp\/v2\/media?parent=188288"}],"wp:term":[{"taxonomy":"category","embeddable":true,"href":"https:\/\/www.suno.com.br\/noticias\/wp-json\/wp\/v2\/categories?post=188288"},{"taxonomy":"post_tag","embeddable":true,"href":"https:\/\/www.suno.com.br\/noticias\/wp-json\/wp\/v2\/tags?post=188288"},{"taxonomy":"suno_strategy","embeddable":true,"href":"https:\/\/www.suno.com.br\/noticias\/wp-json\/wp\/v2\/suno_strategy?post=188288"}],"curies":[{"name":"wp","href":"https:\/\/api.w.org\/{rel}","templated":true}]}}