{"id":188241,"date":"2021-09-27T22:43:46","date_gmt":"2021-09-28T01:43:46","guid":{"rendered":"https:\/\/www.suno.com.br\/noticias\/?p=188241"},"modified":"2021-09-28T01:56:39","modified_gmt":"2021-09-28T04:56:39","slug":"congresso-autoriza-uso-reforma-do-ir-auxilio-brasil","status":"publish","type":"post","link":"https:\/\/www.suno.com.br\/noticias\/congresso-autoriza-uso-reforma-do-ir-auxilio-brasil\/","title":{"rendered":"Congresso aprova uso da reforma do IR para viabilizar Aux\u00edlio Brasil; mas texto sobre tributa\u00e7\u00e3o est\u00e1 parado no Senado"},"content":{"rendered":"<p>O Senado aprovou, nesta segunda-feira (27), o projeto de lei que permite que o governo federal utilize recursos da <a href=\"https:\/\/www.suno.com.br\/noticias\/reforma-do-imposto-de-renda-camara-reduz-taxacao-dividendos\/\">reforma do Imposto de Renda<\/a> para custear o <strong>Aux\u00edlio Brasil<\/strong>, programa social que vai tomar o lugar do Bolsa Fam\u00edlia.<\/p>\t<div class=\"wrapper-featured-image\">\n\t\t<figure class=\"spotlightImg\">\n\n\t\t\t<picture>\n\t\t\t\t<source media=\"(max-width: 768px)\" srcset=\"https:\/\/files.sunoresearch.com.br\/n\/uploads\/2021\/07\/3bb86cde-plenario_do_senado_federal_sessao_deliberativa_ordinaria_semipresencial_fcpzzb_abr_240220211043-400x200.jpg\">\n\t\t\t\t<img loading=\"lazy\" decoding=\"async\" class=\"newsContent__article__imgCapa lazyloadDisabled \" src=\"https:\/\/files.sunoresearch.com.br\/n\/uploads\/2021\/07\/3bb86cde-plenario_do_senado_federal_sessao_deliberativa_ordinaria_semipresencial_fcpzzb_abr_240220211043-800x450.jpg\" width=\"800\" height=\"450\" alt=\"Congresso aprova uso da reforma do IR para viabilizar Aux\u00edlio Brasil; mas texto sobre tributa\u00e7\u00e3o est\u00e1 parado no Senado\" fetchpriority=high \/>\n\t\t\t<\/picture>\n\n\t\t\t<figcaption class=\"wp-caption-text wp-caption-text--show\">Senado Federal. Foto: Fabio Rodrigues Pozzebom\/Ag\u00eancia Brasil<\/figcaption>\n\t\t<\/figure>\n\t<\/div>\n\n\n\t<p>\n\t\t<a href=\"https:\/\/lp.suno.com.br\/planilha-controle-gastos\/\" target=\"_blank\" data-element=\"shortcode-suno-banner\" title=\"Banner SUNO, clique e saiba mais\">\n\t\t\t<picture>\n\t\t\t\t<source media=\"(max-width: 500px)\" srcset=\"https:\/\/files.sunoresearch.com.br\/n\/uploads\/2023\/03\/400x300-Planilha-controle-de-gastos.png\">\n\t\t\t\t<img class=\"newsContent__article__imgCapa newsContent__article__imgCapa--banner\"\n\t\t\t\t\tsrc=\"https:\/\/files.sunoresearch.com.br\/n\/uploads\/2023\/03\/1420x240-Planilha-controle-de-gastos.png\"\n\t\t\t\t\tdata-promo-id=\"101751\"\t\t\t\t\t\t\t\t\t\twidth='1420' height='240'\t\t\t\t\talt=\"https:\/\/files.sunoresearch.com.br\/n\/uploads\/2023\/03\/1420x240-Planilha-controle-de-gastos.png\"\n\t\t\t\t>\n\t\t\t<\/picture>\n\t\t<\/a>\n\t<\/p>\n\n\n<p>A reforma no IR foi aprovada pela C\u00e2mara dos Deputados. O projeto, no entanto, est\u00e1 parado no Senado e h\u00e1 risco de a medida causar queda na arrecada\u00e7\u00e3o.<\/p>\n<p>O PLN, encaminhado ao Congresso pelo Executivo, foi <a href=\"https:\/\/www.suno.com.br\/noticias\/camara-autoriza-uso-da-reforma-do-ir-para-bancar-auxilio-brasil\/\">aprovado mais cedo pela C\u00e2mara<\/a> e recebeu aval do Senado \u00e0 noite. A proposta seguir\u00e1 para san\u00e7\u00e3o do presidente Jair Bolsonaro. O texto sobre os <strong>recursos para o Aux\u00edlio Brasil<\/strong> altera a Lei de Diretrizes Or\u00e7ament\u00e1rias (LDO) de 2021 e autoriza o uso de propostas legislativas em tramita\u00e7\u00e3o como fonte de compensa\u00e7\u00e3o para cria\u00e7\u00e3o ou aumento de despesa obrigat\u00f3ria para programas de transfer\u00eancia de renda.<\/p>\n<p>A inten\u00e7\u00e3o do governo \u00e9 usar a arrecada\u00e7\u00e3o das mudan\u00e7as no Imposto de Renda para bancar o Aux\u00edlio Brasil a partir de novembro.<\/p>\n<p>O impasse em torno da compensa\u00e7\u00e3o levantou cr\u00edticas entre t\u00e9cnicos. Al\u00e9m de a compensa\u00e7\u00e3o estar vinculada a um projeto que ainda n\u00e3o foi aprovado, o Aux\u00edlio Brasil ainda depende de compensa\u00e7\u00e3o pelo lado do gasto para ser lan\u00e7ado. O governo aposta na aprova\u00e7\u00e3o da Proposta de Emenda \u00e0 Constitui\u00e7\u00e3o (PEC) dos precat\u00f3rios para abrir espa\u00e7o no <a class=\"suno-keyword\" href=\"https:\/\/www.suno.com.br\/artigos\/teto-de-gastos\/\" target=\"_blank\" rel=\"noopener\" data-force=\"no\" data-priority=\"1\">teto de gastos<\/a> e destravar o programa social, mas ainda n\u00e3o h\u00e1 acordo no Legislativo.<\/p>\n<p>Al\u00e9m da arrecada\u00e7\u00e3o, a vincula\u00e7\u00e3o \u00e9 apontada como inconstitucional por especialistas. A Constitui\u00e7\u00e3o pro\u00edbe expressamente a vincula\u00e7\u00e3o de impostos a despesas espec\u00edficas, com algumas exce\u00e7\u00f5es.<\/p>\n<p>&#8220;O Aux\u00edlio Brasil n\u00e3o est\u00e1 entre as exce\u00e7\u00f5es, raz\u00e3o pela qual a vincula\u00e7\u00e3o aprovada \u00e9 inconstitucional, por ferir o artigo 167, IV, da CF&#8221;, comentou o especialista em Direito Tribut\u00e1rio F\u00e1bio Nieves Barreira, s\u00f3cio do Viseu Advogados.<\/p>\n\t<p>\n\t\t<a href=\"\" target=\"_blank\" data-element=\"shortcode-suno-banner\" title=\"Banner SUNO, clique e saiba mais\">\n\t\t\t<picture>\n\t\t\t\t<source media=\"(max-width: 500px)\" srcset=\"\">\n\t\t\t\t<img class=\"newsContent__article__imgCapa newsContent__article__imgCapa--banner\"\n\t\t\t\t\tsrc=\"\"\n\t\t\t\t\tdata-promo-id=\"77053\"\t\t\t\t\t\t\t\t\t\t\t\t\t\t\talt=\"\"\n\t\t\t\t>\n\t\t\t<\/picture>\n\t\t<\/a>\n\t<\/p>\n\n\n<h2>Abertura de cr\u00e9ditos suplementares em 2021<\/h2>\n<p>O Congresso aprovou um projeto que aumenta o prazo e os limites para abertura de cr\u00e9ditos suplementares pelo governo sem aval do Legislativo ainda em 2021. Com isso, o governo poder\u00e1 trocar despesas de lugar por decreto ou portaria at\u00e9 o fim do ano. Essa flexibilidade pode facilitar a negocia\u00e7\u00e3o de verbas com deputados e senadores em troca de apoio pol\u00edtico.<\/p>\n<p>O prazo de cr\u00e9ditos suplementares por ato pr\u00f3prio \u00e9 estendido de 15 para 23 de dezembro, deixando o final para um dia em que o Legislativo j\u00e1 estar\u00e1 em recesso. Al\u00e9m disso, o governo poder\u00e1 refor\u00e7ar despesas discricion\u00e1rias mediante a anula\u00e7\u00e3o de outros gastos que estejam no guarda-chuva dos minist\u00e9rios e at\u00e9 de despesas obrigat\u00f3rias.<\/p>\n<p>Atualmente, h\u00e1 uma s\u00e9rie de limita\u00e7\u00f5es para essa movimenta\u00e7\u00e3o, como a obriga\u00e7\u00e3o de n\u00e3o tirar de uma \u00e1rea em benef\u00edcio de outra. Com a mudan\u00e7a, o governo poder\u00e1 negociar verbas no apagar das luzes do ano diretamente com aliados sem nenhuma transpar\u00eancia.<\/p>\n<p>O mesmo projeto autoriza o governo a usar recursos da &#8220;sobra&#8221; do programa Bolsa Fam\u00edlia para refor\u00e7ar despesas de assist\u00eancia social no combate \u00e0 covid-19. Em fun\u00e7\u00e3o do aux\u00edlio emergencial, pago a trabalhadores informais e tamb\u00e9m a benefici\u00e1rios do programa assistencial por meio de cr\u00e9dito extraordin\u00e1rio, a expectativa de t\u00e9cnicos \u00e9 que R$ 9,4 bilh\u00f5es da previs\u00e3o inicial do Bolsa Fam\u00edlia para 2021 n\u00e3o sejam utilizados e possam ser realocados em outros gastos do Minist\u00e9rio da Cidadania.<\/p>\n<h2>Projeto para custear o Aux\u00edlio Brasil e abertura de cr\u00e9ditos extraordin\u00e1rios<\/h2>\n<p>O relator do projeto, deputado Juscelino Filho (DEM-MA), promoveu outras altera\u00e7\u00f5es no projeto para abrir caminho a obras de interesse eleitoral ainda em 2021. O parecer flexibilizou o uso de recursos gerados pela redu\u00e7\u00e3o de despesas prim\u00e1rias a partir da abertura de cr\u00e9ditos extraordin\u00e1rios.<\/p>\n<p>Os congressistas tamb\u00e9m aprovaram a inclus\u00e3o de dispositivos na <a href=\"https:\/\/www.suno.com.br\/noticias\/ldo-2022-e-aprovada-no-congresso-texto-segue-para-sancao-presidencial\/\">LDO<\/a> de 2021 id\u00eanticos aos aprovados e vetados pelo presidente Jair Bolsonaro nas diretrizes do or\u00e7amento de 2022. Uma das medidas autoriza a celebra\u00e7\u00e3o de aditivos em contratos para conclus\u00e3o de obras paralisadas que demonstrem &#8220;equil\u00edbrio no cronograma f\u00edsico financeiro e apresentem execu\u00e7\u00e3o f\u00edsica igual ou superior a 30%&#8221;. \u00c9 uma proposta pol\u00eamica e enfrenta resist\u00eancias na equipe econ\u00f4mica, mas \u00e9 patrocinada pela base de apoio do governo. A altera\u00e7\u00e3o pode encarecer o custo de obras nos pr\u00f3ximos anos com o objetivo de atender a interesses eleitorais.<\/p>\n<p>Al\u00e9m disso, o governo havia proposto no texto original a proibi\u00e7\u00e3o do envio de recursos para munic\u00edpios inadimplentes com menos de 50 mil habitantes e ainda a veda\u00e7\u00e3o \u00e0s transfer\u00eancias especiais para emendas de bancada estadual, verbas batizadas de &#8220;emendas cheque em branco&#8221; e &#8220;PIX or\u00e7ament\u00e1rio&#8221;. Essas duas propostas j\u00e1 foram alvo de derrubada de vetos no Congresso. No projeto aprovado, o Congresso garantiu a manuten\u00e7\u00e3o dos dispositivos na LDO deste ano.<\/p>\n\t<p>\n\t\t<a href=\"\" target=\"_blank\" data-element=\"shortcode-suno-banner\" title=\"Banner SUNO, clique e saiba mais\">\n\t\t\t<picture>\n\t\t\t\t<source media=\"(max-width: 500px)\" srcset=\"\">\n\t\t\t\t<img class=\"newsContent__article__imgCapa newsContent__article__imgCapa--banner\"\n\t\t\t\t\tsrc=\"\"\n\t\t\t\t\tdata-promo-id=\"89005\"\t\t\t\t\t\t\t\t\t\t\t\t\t\t\talt=\"\"\n\t\t\t\t>\n\t\t\t<\/picture>\n\t\t<\/a>\n\t<\/p>\n\n\n<p>Outro dispositivo pol\u00eamico aprovado abre caminho para redu\u00e7\u00e3o de recursos na \u00e1rea de sa\u00fade ainda neste ano, apesar da pandemia de covid-19. Atualmente, a LDO pro\u00edbe a abertura de cr\u00e9ditos adicionais ao longo do ano com a diminui\u00e7\u00e3o das despesas ao setor inclu\u00eddas por emendas parlamentares. No Or\u00e7amento de 2021, est\u00e3o destinados R$ 5,281 bilh\u00f5es em emendas de deputados e senadores para a\u00e7\u00f5es e servi\u00e7os p\u00fablicos de sa\u00fade. Com a altera\u00e7\u00e3o, o valor poder\u00e1 cair at\u00e9 o fim do ano.<\/p>\n<p>Em seu parecer, Juscelino flexibilizou ainda mais o uso de recursos gerados e esse espa\u00e7o tamb\u00e9m poder\u00e1 ser usado para despesas prim\u00e1rias que n\u00e3o t\u00eam rela\u00e7\u00e3o com a \u00e1rea que recebeu dinheiro via cr\u00e9dito extraordin\u00e1rio. O montante de recursos extra originalmente destinado ao aux\u00edlio emergencial deixar\u00e1 sobrando alguns recursos do Bolsa Fam\u00edlia, agora<strong> Aux\u00edlio Brasil,<\/strong> previstos para este ano.<\/p>\n<p><em>(Com informa\u00e7\u00f5es do Estad\u00e3o Conte\u00fado)<\/em><\/p>\n\t<p>\n\t\t<a href=\"https:\/\/lp.suno.com.br\/planilha-de-controle-de-investimentos\/\" target=\"_blank\" data-element=\"shortcode-suno-banner\" title=\"Banner SUNO, clique e saiba mais\">\n\t\t\t<picture>\n\t\t\t\t<source media=\"(max-width: 500px)\" srcset=\"https:\/\/files.sunoresearch.com.br\/n\/uploads\/2023\/03\/400x300-Controle-de-Investimentos.png\">\n\t\t\t\t<img class=\"newsContent__article__imgCapa newsContent__article__imgCapa--banner\"\n\t\t\t\t\tsrc=\"https:\/\/files.sunoresearch.com.br\/n\/uploads\/2023\/03\/1420x240-Controle-de-Investimentos.png\"\n\t\t\t\t\tdata-promo-id=\"75934\"\t\t\t\t\t\t\t\t\t\twidth='1420' height='240'\t\t\t\t\talt=\"https:\/\/files.sunoresearch.com.br\/n\/uploads\/2023\/03\/1420x240-Controle-de-Investimentos.png\"\n\t\t\t\t>\n\t\t\t<\/picture>\n\t\t<\/a>\n\t<\/p>\n\n\n","protected":false},"excerpt":{"rendered":"<p>O Senado aprovou, nesta segunda-feira (27), o projeto de lei que permite que o governo federal utilize recursos da reforma do Imposto de Renda para custear o Aux\u00edlio Brasil, programa social que vai tomar o lugar do Bolsa Fam\u00edlia. Senado Federal. Foto: Fabio Rodrigues Pozzebom\/Ag\u00eancia Brasil A reforma no IR foi aprovada pela C\u00e2mara dos [&hellip;]<\/p>\n","protected":false},"author":43,"featured_media":165996,"comment_status":"closed","ping_status":"closed","sticky":false,"template":"","format":"standard","meta":[],"categories":[64],"tags":[303,1286],"suno_strategy":[],"class_list":["post-188241","post","type-post","status-publish","format-standard","has-post-thumbnail","hentry","category-negocios","tag-imposto-de-renda","tag-reforma-tributaria"],"yoast_head":"<!-- This site is optimized with the Yoast SEO plugin v24.4 - https:\/\/yoast.com\/wordpress\/plugins\/seo\/ -->\n<title>Congresso aprova uso da reforma do IR para custear Aux\u00edlio Brasil<\/title>\n<meta name=\"description\" content=\"Congresso aprovou o projeto de lei que permite que o governo utilize recursos da reforma do Imposto de Renda para custear o Aux\u00edlio Brasil.\" \/>\n<meta name=\"robots\" content=\"index, follow, max-snippet:-1, max-image-preview:large, max-video-preview:-1\" \/>\n<link rel=\"canonical\" href=\"https:\/\/www.suno.com.br\/noticias\/congresso-autoriza-uso-reforma-do-ir-auxilio-brasil\/\" \/>\n<meta property=\"og:locale\" content=\"pt_BR\" \/>\n<meta property=\"og:type\" content=\"article\" \/>\n<meta property=\"og:title\" content=\"Congresso aprova uso da reforma do IR para custear Aux\u00edlio Brasil\" \/>\n<meta property=\"og:description\" content=\"Congresso aprovou o projeto de lei que permite que o governo utilize recursos da reforma do Imposto de Renda para custear o Aux\u00edlio Brasil.\" \/>\n<meta property=\"og:url\" content=\"https:\/\/www.suno.com.br\/noticias\/congresso-autoriza-uso-reforma-do-ir-auxilio-brasil\/\" \/>\n<meta property=\"og:site_name\" content=\"Suno Not\u00edcias\" \/>\n<meta property=\"article:publisher\" content=\"https:\/\/facebook.com\/sunoresearch\" \/>\n<meta property=\"article:author\" content=\"https:\/\/www.facebook.com\/sunonoticias\/\" \/>\n<meta property=\"og:image\" content=\"https:\/\/files.sunoresearch.com.br\/n\/uploads\/2021\/07\/3bb86cde-plenario_do_senado_federal_sessao_deliberativa_ordinaria_semipresencial_fcpzzb_abr_240220211043-scaled.jpg\" \/>\n\t<meta property=\"og:image:width\" content=\"2560\" \/>\n\t<meta property=\"og:image:height\" content=\"1707\" \/>\n\t<meta property=\"og:image:type\" content=\"image\/jpeg\" \/>\n<meta name=\"author\" content=\"Reda\u00e7\u00e3o Suno Not\u00edcias\" \/>\n<meta name=\"twitter:card\" content=\"summary_large_image\" \/>\n<meta name=\"twitter:creator\" content=\"@https:\/\/twitter.com\/sunoresearch\" \/>\n<meta name=\"twitter:site\" content=\"@sunoresearch\" \/>\n<meta name=\"twitter:label1\" content=\"Escrito por\" \/>\n\t<meta name=\"twitter:data1\" content=\"Reda\u00e7\u00e3o Suno Not\u00edcias\" \/>\n\t<meta name=\"twitter:label2\" content=\"Est. tempo de leitura\" \/>\n\t<meta name=\"twitter:data2\" content=\"4 minutos\" \/>\n<script type=\"application\/ld+json\" class=\"yoast-schema-graph\">{\"@context\":\"https:\/\/schema.org\",\"@graph\":[{\"@type\":\"NewsArticle\",\"@id\":\"https:\/\/www.suno.com.br\/noticias\/congresso-autoriza-uso-reforma-do-ir-auxilio-brasil\/#article\",\"isPartOf\":{\"@id\":\"https:\/\/www.suno.com.br\/noticias\/congresso-autoriza-uso-reforma-do-ir-auxilio-brasil\/\"},\"author\":{\"name\":\"Reda\u00e7\u00e3o Suno Not\u00edcias\",\"@id\":\"https:\/\/www.suno.com.br\/noticias\/#\/schema\/person\/c1b1bd3727fa852bd045e9dbff3673ea\"},\"headline\":\"Congresso aprova uso da reforma do IR para viabilizar Aux\u00edlio Brasil; mas texto sobre tributa\u00e7\u00e3o est\u00e1 parado no Senado\",\"datePublished\":\"2021-09-28T01:43:46+00:00\",\"dateModified\":\"2021-09-28T04:56:39+00:00\",\"mainEntityOfPage\":{\"@id\":\"https:\/\/www.suno.com.br\/noticias\/congresso-autoriza-uso-reforma-do-ir-auxilio-brasil\/\"},\"wordCount\":1054,\"publisher\":{\"@id\":\"https:\/\/www.suno.com.br\/noticias\/#organization\"},\"image\":{\"@id\":\"https:\/\/www.suno.com.br\/noticias\/congresso-autoriza-uso-reforma-do-ir-auxilio-brasil\/#primaryimage\"},\"thumbnailUrl\":\"https:\/\/files.sunoresearch.com.br\/n\/uploads\/2021\/07\/3bb86cde-plenario_do_senado_federal_sessao_deliberativa_ordinaria_semipresencial_fcpzzb_abr_240220211043-scaled.jpg\",\"keywords\":[\"Imposto de Renda\",\"reforma tribut\u00e1ria\"],\"articleSection\":[\"Neg\u00f3cios\"],\"inLanguage\":\"pt-BR\"},{\"@type\":\"WebPage\",\"@id\":\"https:\/\/www.suno.com.br\/noticias\/congresso-autoriza-uso-reforma-do-ir-auxilio-brasil\/\",\"url\":\"https:\/\/www.suno.com.br\/noticias\/congresso-autoriza-uso-reforma-do-ir-auxilio-brasil\/\",\"name\":\"Congresso aprova uso da reforma do IR para custear Aux\u00edlio Brasil\",\"isPartOf\":{\"@id\":\"https:\/\/www.suno.com.br\/noticias\/#website\"},\"primaryImageOfPage\":{\"@id\":\"https:\/\/www.suno.com.br\/noticias\/congresso-autoriza-uso-reforma-do-ir-auxilio-brasil\/#primaryimage\"},\"image\":{\"@id\":\"https:\/\/www.suno.com.br\/noticias\/congresso-autoriza-uso-reforma-do-ir-auxilio-brasil\/#primaryimage\"},\"thumbnailUrl\":\"https:\/\/files.sunoresearch.com.br\/n\/uploads\/2021\/07\/3bb86cde-plenario_do_senado_federal_sessao_deliberativa_ordinaria_semipresencial_fcpzzb_abr_240220211043-scaled.jpg\",\"datePublished\":\"2021-09-28T01:43:46+00:00\",\"dateModified\":\"2021-09-28T04:56:39+00:00\",\"description\":\"Congresso aprovou o projeto de lei que permite que o governo utilize recursos da reforma do Imposto de Renda para custear o Aux\u00edlio Brasil.\",\"breadcrumb\":{\"@id\":\"https:\/\/www.suno.com.br\/noticias\/congresso-autoriza-uso-reforma-do-ir-auxilio-brasil\/#breadcrumb\"},\"inLanguage\":\"pt-BR\",\"potentialAction\":[{\"@type\":\"ReadAction\",\"target\":[\"https:\/\/www.suno.com.br\/noticias\/congresso-autoriza-uso-reforma-do-ir-auxilio-brasil\/\"]}]},{\"@type\":\"ImageObject\",\"inLanguage\":\"pt-BR\",\"@id\":\"https:\/\/www.suno.com.br\/noticias\/congresso-autoriza-uso-reforma-do-ir-auxilio-brasil\/#primaryimage\",\"url\":\"https:\/\/files.sunoresearch.com.br\/n\/uploads\/2021\/07\/3bb86cde-plenario_do_senado_federal_sessao_deliberativa_ordinaria_semipresencial_fcpzzb_abr_240220211043-scaled.jpg\",\"contentUrl\":\"https:\/\/files.sunoresearch.com.br\/n\/uploads\/2021\/07\/3bb86cde-plenario_do_senado_federal_sessao_deliberativa_ordinaria_semipresencial_fcpzzb_abr_240220211043-scaled.jpg\",\"width\":2560,\"height\":1707,\"caption\":\"Senado Federal. Foto: Fabio Rodrigues Pozzebom\/Ag\u00eancia Brasil\"},{\"@type\":\"BreadcrumbList\",\"@id\":\"https:\/\/www.suno.com.br\/noticias\/congresso-autoriza-uso-reforma-do-ir-auxilio-brasil\/#breadcrumb\",\"itemListElement\":[{\"@type\":\"ListItem\",\"position\":1,\"name\":\"Not\u00edcias\",\"item\":\"https:\/\/www.suno.com.br\/noticias\/\"},{\"@type\":\"ListItem\",\"position\":2,\"name\":\"Neg\u00f3cios\",\"item\":\"https:\/\/www.suno.com.br\/noticias\/negocios\/\"},{\"@type\":\"ListItem\",\"position\":3,\"name\":\"Congresso aprova uso da reforma do IR para viabilizar Aux\u00edlio Brasil; mas texto sobre tributa\u00e7\u00e3o est\u00e1 parado no Senado\"}]},{\"@type\":\"WebSite\",\"@id\":\"https:\/\/www.suno.com.br\/noticias\/#website\",\"url\":\"https:\/\/www.suno.com.br\/noticias\/\",\"name\":\"Suno Not\u00edcias\",\"description\":\"Seu portal de informa\u00e7\u00e3o sobre o mundo dos investimentos\",\"publisher\":{\"@id\":\"https:\/\/www.suno.com.br\/noticias\/#organization\"},\"potentialAction\":[{\"@type\":\"SearchAction\",\"target\":{\"@type\":\"EntryPoint\",\"urlTemplate\":\"https:\/\/www.suno.com.br\/noticias\/?s={search_term_string}\"},\"query-input\":{\"@type\":\"PropertyValueSpecification\",\"valueRequired\":true,\"valueName\":\"search_term_string\"}}],\"inLanguage\":\"pt-BR\"},{\"@type\":\"Organization\",\"@id\":\"https:\/\/www.suno.com.br\/noticias\/#organization\",\"name\":\"Suno Not\u00edcias\",\"url\":\"https:\/\/www.suno.com.br\/noticias\/\",\"logo\":{\"@type\":\"ImageObject\",\"inLanguage\":\"pt-BR\",\"@id\":\"https:\/\/www.suno.com.br\/noticias\/#\/schema\/logo\/image\/\",\"url\":\"https:\/\/files.sunoresearch.com.br\/n\/uploads\/2021\/09\/suno-logo.png\",\"contentUrl\":\"https:\/\/files.sunoresearch.com.br\/n\/uploads\/2021\/09\/suno-logo.png\",\"width\":180,\"height\":180,\"caption\":\"Suno Not\u00edcias\"},\"image\":{\"@id\":\"https:\/\/www.suno.com.br\/noticias\/#\/schema\/logo\/image\/\"},\"sameAs\":[\"https:\/\/facebook.com\/sunoresearch\",\"https:\/\/x.com\/sunoresearch\",\"https:\/\/www.instagram.com\/suno\",\"https:\/\/www.linkedin.com\/company\/suno-research\/\",\"https:\/\/www.youtube.com\/c\/sunoresearch\"]},{\"@type\":\"Person\",\"@id\":\"https:\/\/www.suno.com.br\/noticias\/#\/schema\/person\/c1b1bd3727fa852bd045e9dbff3673ea\",\"name\":\"Reda\u00e7\u00e3o Suno Not\u00edcias\",\"image\":{\"@type\":\"ImageObject\",\"inLanguage\":\"pt-BR\",\"@id\":\"https:\/\/www.suno.com.br\/noticias\/#\/schema\/person\/image\/\",\"url\":\"https:\/\/secure.gravatar.com\/avatar\/b8104b9b5a71985d5238ee59fbe418af?s=96&r=g\",\"contentUrl\":\"https:\/\/secure.gravatar.com\/avatar\/b8104b9b5a71985d5238ee59fbe418af?s=96&r=g\",\"caption\":\"Reda\u00e7\u00e3o Suno Not\u00edcias\"},\"description\":\"O Suno Not\u00edcias \u00e9 um portal de informa\u00e7\u00f5es sobre Mercado Financeiro, Pol\u00edtica, Neg\u00f3cios, Economia e Finan\u00e7as Pessoais.\",\"sameAs\":[\"https:\/\/www.suno.com.br\/noticias\",\"https:\/\/www.facebook.com\/sunonoticias\/\",\"https:\/\/www.instagram.com\/sunonoticias\/\",\"https:\/\/x.com\/https:\/\/twitter.com\/sunoresearch\",\"https:\/\/www.youtube.com\/sunonoticias\"],\"url\":\"https:\/\/www.suno.com.br\/noticias\/author\/redacao-suno\/\"}]}<\/script>\n<!-- \/ Yoast SEO plugin. -->","yoast_head_json":{"title":"Congresso aprova uso da reforma do IR para custear Aux\u00edlio Brasil","description":"Congresso aprovou o projeto de lei que permite que o governo utilize recursos da reforma do Imposto de Renda para custear o Aux\u00edlio Brasil.","robots":{"index":"index","follow":"follow","max-snippet":"max-snippet:-1","max-image-preview":"max-image-preview:large","max-video-preview":"max-video-preview:-1"},"canonical":"https:\/\/www.suno.com.br\/noticias\/congresso-autoriza-uso-reforma-do-ir-auxilio-brasil\/","og_locale":"pt_BR","og_type":"article","og_title":"Congresso aprova uso da reforma do IR para custear Aux\u00edlio Brasil","og_description":"Congresso aprovou o projeto de lei que permite que o governo utilize recursos da reforma do Imposto de Renda para custear o Aux\u00edlio Brasil.","og_url":"https:\/\/www.suno.com.br\/noticias\/congresso-autoriza-uso-reforma-do-ir-auxilio-brasil\/","og_site_name":"Suno Not\u00edcias","article_publisher":"https:\/\/facebook.com\/sunoresearch","article_author":"https:\/\/www.facebook.com\/sunonoticias\/","og_image":[{"width":2560,"height":1707,"url":"https:\/\/files.sunoresearch.com.br\/n\/uploads\/2021\/07\/3bb86cde-plenario_do_senado_federal_sessao_deliberativa_ordinaria_semipresencial_fcpzzb_abr_240220211043-scaled.jpg","type":"image\/jpeg"}],"author":"Reda\u00e7\u00e3o Suno Not\u00edcias","twitter_card":"summary_large_image","twitter_creator":"@https:\/\/twitter.com\/sunoresearch","twitter_site":"@sunoresearch","twitter_misc":{"Escrito por":"Reda\u00e7\u00e3o Suno Not\u00edcias","Est. tempo de leitura":"4 minutos"},"schema":{"@context":"https:\/\/schema.org","@graph":[{"@type":"NewsArticle","@id":"https:\/\/www.suno.com.br\/noticias\/congresso-autoriza-uso-reforma-do-ir-auxilio-brasil\/#article","isPartOf":{"@id":"https:\/\/www.suno.com.br\/noticias\/congresso-autoriza-uso-reforma-do-ir-auxilio-brasil\/"},"author":{"name":"Reda\u00e7\u00e3o Suno Not\u00edcias","@id":"https:\/\/www.suno.com.br\/noticias\/#\/schema\/person\/c1b1bd3727fa852bd045e9dbff3673ea"},"headline":"Congresso aprova uso da reforma do IR para viabilizar Aux\u00edlio Brasil; mas texto sobre tributa\u00e7\u00e3o est\u00e1 parado no Senado","datePublished":"2021-09-28T01:43:46+00:00","dateModified":"2021-09-28T04:56:39+00:00","mainEntityOfPage":{"@id":"https:\/\/www.suno.com.br\/noticias\/congresso-autoriza-uso-reforma-do-ir-auxilio-brasil\/"},"wordCount":1054,"publisher":{"@id":"https:\/\/www.suno.com.br\/noticias\/#organization"},"image":{"@id":"https:\/\/www.suno.com.br\/noticias\/congresso-autoriza-uso-reforma-do-ir-auxilio-brasil\/#primaryimage"},"thumbnailUrl":"https:\/\/files.sunoresearch.com.br\/n\/uploads\/2021\/07\/3bb86cde-plenario_do_senado_federal_sessao_deliberativa_ordinaria_semipresencial_fcpzzb_abr_240220211043-scaled.jpg","keywords":["Imposto de Renda","reforma tribut\u00e1ria"],"articleSection":["Neg\u00f3cios"],"inLanguage":"pt-BR"},{"@type":"WebPage","@id":"https:\/\/www.suno.com.br\/noticias\/congresso-autoriza-uso-reforma-do-ir-auxilio-brasil\/","url":"https:\/\/www.suno.com.br\/noticias\/congresso-autoriza-uso-reforma-do-ir-auxilio-brasil\/","name":"Congresso aprova uso da reforma do IR para custear Aux\u00edlio Brasil","isPartOf":{"@id":"https:\/\/www.suno.com.br\/noticias\/#website"},"primaryImageOfPage":{"@id":"https:\/\/www.suno.com.br\/noticias\/congresso-autoriza-uso-reforma-do-ir-auxilio-brasil\/#primaryimage"},"image":{"@id":"https:\/\/www.suno.com.br\/noticias\/congresso-autoriza-uso-reforma-do-ir-auxilio-brasil\/#primaryimage"},"thumbnailUrl":"https:\/\/files.sunoresearch.com.br\/n\/uploads\/2021\/07\/3bb86cde-plenario_do_senado_federal_sessao_deliberativa_ordinaria_semipresencial_fcpzzb_abr_240220211043-scaled.jpg","datePublished":"2021-09-28T01:43:46+00:00","dateModified":"2021-09-28T04:56:39+00:00","description":"Congresso aprovou o projeto de lei que permite que o governo utilize recursos da reforma do Imposto de Renda para custear o Aux\u00edlio Brasil.","breadcrumb":{"@id":"https:\/\/www.suno.com.br\/noticias\/congresso-autoriza-uso-reforma-do-ir-auxilio-brasil\/#breadcrumb"},"inLanguage":"pt-BR","potentialAction":[{"@type":"ReadAction","target":["https:\/\/www.suno.com.br\/noticias\/congresso-autoriza-uso-reforma-do-ir-auxilio-brasil\/"]}]},{"@type":"ImageObject","inLanguage":"pt-BR","@id":"https:\/\/www.suno.com.br\/noticias\/congresso-autoriza-uso-reforma-do-ir-auxilio-brasil\/#primaryimage","url":"https:\/\/files.sunoresearch.com.br\/n\/uploads\/2021\/07\/3bb86cde-plenario_do_senado_federal_sessao_deliberativa_ordinaria_semipresencial_fcpzzb_abr_240220211043-scaled.jpg","contentUrl":"https:\/\/files.sunoresearch.com.br\/n\/uploads\/2021\/07\/3bb86cde-plenario_do_senado_federal_sessao_deliberativa_ordinaria_semipresencial_fcpzzb_abr_240220211043-scaled.jpg","width":2560,"height":1707,"caption":"Senado Federal. Foto: Fabio Rodrigues Pozzebom\/Ag\u00eancia Brasil"},{"@type":"BreadcrumbList","@id":"https:\/\/www.suno.com.br\/noticias\/congresso-autoriza-uso-reforma-do-ir-auxilio-brasil\/#breadcrumb","itemListElement":[{"@type":"ListItem","position":1,"name":"Not\u00edcias","item":"https:\/\/www.suno.com.br\/noticias\/"},{"@type":"ListItem","position":2,"name":"Neg\u00f3cios","item":"https:\/\/www.suno.com.br\/noticias\/negocios\/"},{"@type":"ListItem","position":3,"name":"Congresso aprova uso da reforma do IR para viabilizar Aux\u00edlio Brasil; mas texto sobre tributa\u00e7\u00e3o est\u00e1 parado no Senado"}]},{"@type":"WebSite","@id":"https:\/\/www.suno.com.br\/noticias\/#website","url":"https:\/\/www.suno.com.br\/noticias\/","name":"Suno Not\u00edcias","description":"Seu portal de informa\u00e7\u00e3o sobre o mundo dos investimentos","publisher":{"@id":"https:\/\/www.suno.com.br\/noticias\/#organization"},"potentialAction":[{"@type":"SearchAction","target":{"@type":"EntryPoint","urlTemplate":"https:\/\/www.suno.com.br\/noticias\/?s={search_term_string}"},"query-input":{"@type":"PropertyValueSpecification","valueRequired":true,"valueName":"search_term_string"}}],"inLanguage":"pt-BR"},{"@type":"Organization","@id":"https:\/\/www.suno.com.br\/noticias\/#organization","name":"Suno Not\u00edcias","url":"https:\/\/www.suno.com.br\/noticias\/","logo":{"@type":"ImageObject","inLanguage":"pt-BR","@id":"https:\/\/www.suno.com.br\/noticias\/#\/schema\/logo\/image\/","url":"https:\/\/files.sunoresearch.com.br\/n\/uploads\/2021\/09\/suno-logo.png","contentUrl":"https:\/\/files.sunoresearch.com.br\/n\/uploads\/2021\/09\/suno-logo.png","width":180,"height":180,"caption":"Suno Not\u00edcias"},"image":{"@id":"https:\/\/www.suno.com.br\/noticias\/#\/schema\/logo\/image\/"},"sameAs":["https:\/\/facebook.com\/sunoresearch","https:\/\/x.com\/sunoresearch","https:\/\/www.instagram.com\/suno","https:\/\/www.linkedin.com\/company\/suno-research\/","https:\/\/www.youtube.com\/c\/sunoresearch"]},{"@type":"Person","@id":"https:\/\/www.suno.com.br\/noticias\/#\/schema\/person\/c1b1bd3727fa852bd045e9dbff3673ea","name":"Reda\u00e7\u00e3o Suno Not\u00edcias","image":{"@type":"ImageObject","inLanguage":"pt-BR","@id":"https:\/\/www.suno.com.br\/noticias\/#\/schema\/person\/image\/","url":"https:\/\/secure.gravatar.com\/avatar\/b8104b9b5a71985d5238ee59fbe418af?s=96&r=g","contentUrl":"https:\/\/secure.gravatar.com\/avatar\/b8104b9b5a71985d5238ee59fbe418af?s=96&r=g","caption":"Reda\u00e7\u00e3o Suno Not\u00edcias"},"description":"O Suno Not\u00edcias \u00e9 um portal de informa\u00e7\u00f5es sobre Mercado Financeiro, Pol\u00edtica, Neg\u00f3cios, Economia e Finan\u00e7as Pessoais.","sameAs":["https:\/\/www.suno.com.br\/noticias","https:\/\/www.facebook.com\/sunonoticias\/","https:\/\/www.instagram.com\/sunonoticias\/","https:\/\/x.com\/https:\/\/twitter.com\/sunoresearch","https:\/\/www.youtube.com\/sunonoticias"],"url":"https:\/\/www.suno.com.br\/noticias\/author\/redacao-suno\/"}]}},"default_loop_html":"<div class=\"cardsPage__listCard__boxs\"><div class=\"cardsPage__listCard__boxs__img\"><a href=\"https:\/\/www.suno.com.br\/noticias\/congresso-autoriza-uso-reforma-do-ir-auxilio-brasil\/\"><img class=\"mask\" src=\"https:\/\/www.suno.com.br\/noticias\/wp-content\/themes\/suno\/resources\/images\/spotlight\/spotlight1img\/bg-mask.png\" alt=\"Image Mask\"\/><img src=\"https:\/\/files.sunoresearch.com.br\/n\/uploads\/2021\/07\/3bb86cde-plenario_do_senado_federal_sessao_deliberativa_ordinaria_semipresencial_fcpzzb_abr_240220211043-400x200.jpg\" alt=\"Congresso aprova uso da reforma do IR para viabilizar Aux\u00edlio Brasil; mas texto sobre tributa\u00e7\u00e3o est\u00e1 parado no Senado\"\/><\/a><span class=\"spotlightCategory\"><a href=\"https:\/\/www.suno.com.br\/noticias\/negocios\/\">Neg\u00f3cios<\/a><\/span><\/div><div class=\"cardsPage__listCard__boxs__content\"><a href=\"https:\/\/www.suno.com.br\/noticias\/congresso-autoriza-uso-reforma-do-ir-auxilio-brasil\/\"><h2 class=\"content__title\">Congresso aprova uso da reforma do IR para viabilizar Aux\u00edlio Brasil; mas texto sobre tributa\u00e7\u00e3o est\u00e1 parado no Senado<\/h2><\/a><div class=\"newsContent__article__meta\"><div class=\"newsContent__article__meta__authorBox\"><a href=\"https:\/\/www.suno.com.br\/noticias\/author\/redacao-suno\/\" class=\"authorBox__avatar noMobi\"><img src=\"https:\/\/files.sunoresearch.com.br\/n\/uploads\/2020\/08\/0ace682d-redacao-1-150x150.webp\" alt=\"Reda\u00e7\u00e3o Suno Not\u00edcias\"><\/a><div class=\"authorBox__name\"><span>por\n\t\t\t<a href=\"https:\/\/www.suno.com.br\/noticias\/author\/redacao-suno\/\"><span itemprop=\"author\">Reda\u00e7\u00e3o Suno Not\u00edcias<\/span><\/a><\/span><time datetime=\"2021-09-27T22:43:46-03:00\" itemprop=\"datePublished\">27\/09\/2021 22:43<\/time><\/div><\/div><\/div><\/div><\/div>","single_layout":"posts","amp_enabled":true,"_links":{"self":[{"href":"https:\/\/www.suno.com.br\/noticias\/wp-json\/wp\/v2\/posts\/188241"}],"collection":[{"href":"https:\/\/www.suno.com.br\/noticias\/wp-json\/wp\/v2\/posts"}],"about":[{"href":"https:\/\/www.suno.com.br\/noticias\/wp-json\/wp\/v2\/types\/post"}],"author":[{"embeddable":true,"href":"https:\/\/www.suno.com.br\/noticias\/wp-json\/wp\/v2\/users\/43"}],"replies":[{"embeddable":true,"href":"https:\/\/www.suno.com.br\/noticias\/wp-json\/wp\/v2\/comments?post=188241"}],"version-history":[{"count":3,"href":"https:\/\/www.suno.com.br\/noticias\/wp-json\/wp\/v2\/posts\/188241\/revisions"}],"predecessor-version":[{"id":188261,"href":"https:\/\/www.suno.com.br\/noticias\/wp-json\/wp\/v2\/posts\/188241\/revisions\/188261"}],"wp:featuredmedia":[{"embeddable":true,"href":"https:\/\/www.suno.com.br\/noticias\/wp-json\/wp\/v2\/media\/165996"}],"wp:attachment":[{"href":"https:\/\/www.suno.com.br\/noticias\/wp-json\/wp\/v2\/media?parent=188241"}],"wp:term":[{"taxonomy":"category","embeddable":true,"href":"https:\/\/www.suno.com.br\/noticias\/wp-json\/wp\/v2\/categories?post=188241"},{"taxonomy":"post_tag","embeddable":true,"href":"https:\/\/www.suno.com.br\/noticias\/wp-json\/wp\/v2\/tags?post=188241"},{"taxonomy":"suno_strategy","embeddable":true,"href":"https:\/\/www.suno.com.br\/noticias\/wp-json\/wp\/v2\/suno_strategy?post=188241"}],"curies":[{"name":"wp","href":"https:\/\/api.w.org\/{rel}","templated":true}]}}