{"id":18803,"date":"2019-03-22T16:17:34","date_gmt":"2019-03-22T19:17:34","guid":{"rendered":"https:\/\/www.suno.com.br\/noticias\/?p=18803"},"modified":"2019-03-22T16:42:00","modified_gmt":"2019-03-22T19:42:00","slug":"natura-confirma-intencao-compra-parcela-avon","status":"publish","type":"post","link":"https:\/\/www.suno.com.br\/noticias\/natura-confirma-intencao-compra-parcela-avon\/","title":{"rendered":"Natura confirma inten\u00e7\u00e3o de compra de parcela da Avon"},"content":{"rendered":"<p>A Natura Cosm\u00e9ticos (NATU3) confirmou a possibilidade de compra de parcela da norte-americana\u00a0<strong>Avon<\/strong>. Tanto as <strong>opera\u00e7\u00f5es<\/strong> da Avon nos Estados Unidos da Am\u00e9rica (EUA), cuja opera\u00e7\u00e3o \u00e9 por meio de<strong>\u00a0<a href=\"https:\/\/www.suno.com.br\/artigos\/empresa-capital-fechado\/\">capital fechado<\/a><\/strong>, quanto \u00e0s opera\u00e7\u00f5es da empresa no restante do mundo, via<strong> <a href=\"https:\/\/www.suno.com.br\/artigos\/empresa-capital-aberto\/\">capital aberto<\/a><\/strong>.<\/p>\t<div class=\"wrapper-featured-image\">\n\t\t<figure class=\"spotlightImg\">\n\n\t\t\t<picture>\n\t\t\t\t<source media=\"(max-width: 768px)\" srcset=\"https:\/\/files.sunoresearch.com.br\/n\/uploads\/2019\/01\/dcaebeb4-avon-400x200.webp\">\n\t\t\t\t<img loading=\"lazy\" decoding=\"async\" class=\"newsContent__article__imgCapa lazyloadDisabled newsContent__article__imgCapa--noCaption\" src=\"https:\/\/files.sunoresearch.com.br\/n\/uploads\/2019\/01\/dcaebeb4-avon-800x450.webp\" width=\"800\" height=\"450\" alt=\"Natura confirma inten\u00e7\u00e3o de compra de parcela da Avon\" fetchpriority=high \/>\n\t\t\t<\/picture>\n\n\t\t\t<figcaption class=\"wp-caption-text wp-caption-text--hide\">Avon Brasil estabelece parceria com Bradesco para oferecer maquininhas<\/figcaption>\n\t\t<\/figure>\n\t<\/div>\n\n\n<p>&#8220;A esse respeito, a Companhia <strong>confirma<\/strong> que vem mantendo <strong>discuss\u00f5es<\/strong> com a <strong>Avon Products<\/strong>, Inc. a respeito de potencial <strong>transa\u00e7\u00e3o<\/strong> envolvendo ambas as companhias. Natura n\u00e3o pretende fazer coment\u00e1rios adicionais neste momento, por\u00e9m comunicar\u00e1 ao mercado quando apropriado&#8221;, disse a poss\u00edvel compradora em <strong>fato relevante<\/strong> divulgado nesta sexta-feira (22).<\/p>\n<p style=\"text-align: center;\"><iframe loading=\"lazy\" src=\"https:\/\/www.youtube.com\/embed\/jBx23FUCH8g\" width=\"560\" height=\"315\" frameborder=\"0\" allowfullscreen=\"allowfullscreen\"><\/iframe><\/p>\n<p>A <strong>Natura<\/strong> e a <strong>Avon<\/strong> operam com a venda de <strong>cosm\u00e9ticos<\/strong> por meio de uma rede de revendedores. A brasileira, por sua vez, possui uma cadeia de lojas, a <strong>Body Shop<\/strong>.<\/p>\n<p>Os cen\u00e1rios da <strong>Avon<\/strong> e da\u00a0<strong>Natura<\/strong> s\u00e3o opostos. A norte-americana apresentou uma <strong>receita trimestral<\/strong> <strong>abaixo das estimativas<\/strong> na \u00faltima divulga\u00e7\u00e3o de resultados.<\/p>\n<p>A companhia <strong>perdeu representantes de vendas<\/strong> e viu cair a <strong>demanda<\/strong> por seus produtos na Am\u00e9rica Latina. As <strong>a\u00e7\u00f5es<\/strong> chegaram a cair at\u00e9 19% ap\u00f3s a publica\u00e7\u00e3o do balan\u00e7o.<\/p>\n<p>A <strong>Natura,<\/strong> por sua vez, vive um bom momento. As <strong>a\u00e7\u00f5es<\/strong> da empresa subiram ap\u00f3s a \u00faltima divulga\u00e7\u00e3o dos resultados, mostrando um crescimento no lucro de 48% no quarto trimestre de 2018.<\/p>\n<p><a href=\"https:\/\/www.suno.com.br\/noticias\/natura-investidores-bolsa\/\">Saiba mais &#8211;\u00a0Natura ganha investidores na bolsa ap\u00f3s resultados positivos\u00a0<\/a><\/p>\n<h2>Como a compra beneficiaria a Natura<\/h2>\n<p>De acordo com an\u00e1lise do &#8220;Valor Econ\u00f4mico&#8221;, que tomou por base os dados de 2017 do<strong>\u00a0Euromonitor International<\/strong>, a <strong>Natura<\/strong> aumentaria a participa\u00e7\u00e3o no<strong> mercado brasileiro de higiene pessoal e beleza<\/strong> para cerca de <strong>17%<\/strong>. Isso caso adquirisse toda a fatia da <strong>Avon<\/strong> no mercado brasileiro.<\/p>\n<p>Afinal, as vendas da <strong>Avon<\/strong> e da <strong>Natura<\/strong> representaram, respectivamente, em <strong>2017<\/strong>:<\/p>\n<ul>\n<li>5,6%<\/li>\n<li>11,7%<\/li>\n<\/ul>\n<p>No mesmo ano dos dados coletados, a Natura recuperou o primeiro lugar nas vendas de cosm\u00e9ticos e cuidados pessoais no Pa\u00eds. Os principais concorrentes ocuparam venderam:<\/p>\n<ul>\n<li><strong>Unilever:<\/strong> 11,1% das vendas.<\/li>\n<li><strong>Grupo Botic\u00e1rio:<\/strong> 10,8% (desconsiderando a aquisi\u00e7\u00e3o da Vult Cosm\u00e9tica, que ocorreu em mar\u00e7o de 2018).<\/li>\n<li><strong>L&#8217;Or\u00e9al:<\/strong> 7,3% das vendas.<\/li>\n<li><strong>Colgate-Palmolive:<\/strong> 6,6% das vendas.<\/li>\n<li><strong>Procter &amp; Gamble:<\/strong> 5% das vendas.<\/li>\n<li><strong>Johnson &amp; Johnson:<\/strong> 4,1% das vendas.<\/li>\n<li><strong>Coty:<\/strong> 3,9% das vendas.<\/li>\n<li><strong>Beiersdorf<\/strong> (dona da Nivea):\u00a03,1% das vendas.<\/li>\n<\/ul>\n<p>Especialistas ouvidos pelo &#8220;Valor Econ\u00f4mico&#8221; consideram que a eventual aquisi\u00e7\u00e3o da <strong>Avon<\/strong> pela <strong>Natura<\/strong> n\u00e3o seria barrada pelo <a href=\"https:\/\/www.suno.com.br\/artigos\/cade\/\">Conselho Administrativo de Defesa Econ\u00f4mica<\/a> (Cade).<\/p>\n","protected":false},"excerpt":{"rendered":"<p>A Natura Cosm\u00e9ticos (NATU3) confirmou a possibilidade de compra de parcela da norte-americana\u00a0Avon. Tanto as opera\u00e7\u00f5es da Avon nos Estados Unidos da Am\u00e9rica (EUA), cuja opera\u00e7\u00e3o \u00e9 por meio de\u00a0capital fechado, quanto \u00e0s opera\u00e7\u00f5es da empresa no restante do mundo, via capital aberto. Avon Brasil estabelece parceria com Bradesco para oferecer maquininhas &#8220;A esse respeito, [&hellip;]<\/p>\n","protected":false},"author":12,"featured_media":11536,"comment_status":"closed","ping_status":"closed","sticky":false,"template":"","format":"standard","meta":[],"categories":[64],"tags":[975,574],"suno_strategy":[],"class_list":["post-18803","post","type-post","status-publish","format-standard","has-post-thumbnail","hentry","category-negocios","tag-avon","tag-natura-ntco3"],"yoast_head":"<!-- This site is optimized with the Yoast SEO plugin v24.4 - https:\/\/yoast.com\/wordpress\/plugins\/seo\/ -->\n<title>Natura confirma inten\u00e7\u00e3o de compra de parcela da Avon<\/title>\n<meta name=\"description\" content=\"A Natura Cosm\u00e9ticos (NATU3) confirmou a possibilidade de compra de parcela da Avon. Clique para saber mais.\" \/>\n<meta name=\"robots\" content=\"index, follow, max-snippet:-1, max-image-preview:large, max-video-preview:-1\" \/>\n<link rel=\"canonical\" href=\"https:\/\/www.suno.com.br\/noticias\/natura-confirma-intencao-compra-parcela-avon\/\" \/>\n<meta property=\"og:locale\" content=\"pt_BR\" \/>\n<meta property=\"og:type\" content=\"article\" \/>\n<meta property=\"og:title\" content=\"Natura confirma inten\u00e7\u00e3o de compra de parcela da Avon\" \/>\n<meta property=\"og:description\" content=\"A Natura Cosm\u00e9ticos (NATU3) confirmou a possibilidade de compra de parcela da Avon. Clique para saber mais.\" \/>\n<meta property=\"og:url\" content=\"https:\/\/www.suno.com.br\/noticias\/natura-confirma-intencao-compra-parcela-avon\/\" \/>\n<meta property=\"og:site_name\" content=\"Suno Not\u00edcias\" \/>\n<meta property=\"article:publisher\" content=\"https:\/\/facebook.com\/sunoresearch\" \/>\n<meta property=\"og:image\" content=\"https:\/\/files.sunoresearch.com.br\/n\/uploads\/2019\/01\/dcaebeb4-avon.jpg\" \/>\n\t<meta property=\"og:image:width\" content=\"3456\" \/>\n\t<meta property=\"og:image:height\" content=\"2304\" \/>\n\t<meta property=\"og:image:type\" content=\"image\/jpeg\" \/>\n<meta name=\"author\" content=\"Amanda Gushiken\" \/>\n<meta name=\"twitter:card\" content=\"summary_large_image\" \/>\n<meta name=\"twitter:creator\" content=\"@sunoresearch\" \/>\n<meta name=\"twitter:site\" content=\"@sunoresearch\" \/>\n<meta name=\"twitter:label1\" content=\"Escrito por\" \/>\n\t<meta name=\"twitter:data1\" content=\"Amanda Gushiken\" \/>\n\t<meta name=\"twitter:label2\" content=\"Est. tempo de leitura\" \/>\n\t<meta name=\"twitter:data2\" content=\"2 minutos\" \/>\n<script type=\"application\/ld+json\" class=\"yoast-schema-graph\">{\"@context\":\"https:\/\/schema.org\",\"@graph\":[{\"@type\":\"NewsArticle\",\"@id\":\"https:\/\/www.suno.com.br\/noticias\/natura-confirma-intencao-compra-parcela-avon\/#article\",\"isPartOf\":{\"@id\":\"https:\/\/www.suno.com.br\/noticias\/natura-confirma-intencao-compra-parcela-avon\/\"},\"author\":{\"name\":\"Amanda Gushiken\",\"@id\":\"https:\/\/www.suno.com.br\/noticias\/#\/schema\/person\/a5b06fa4e879d8e8e119c6ed3cd630d1\"},\"headline\":\"Natura confirma inten\u00e7\u00e3o de compra de parcela da Avon\",\"datePublished\":\"2019-03-22T19:17:34+00:00\",\"dateModified\":\"2019-03-22T19:42:00+00:00\",\"mainEntityOfPage\":{\"@id\":\"https:\/\/www.suno.com.br\/noticias\/natura-confirma-intencao-compra-parcela-avon\/\"},\"wordCount\":416,\"publisher\":{\"@id\":\"https:\/\/www.suno.com.br\/noticias\/#organization\"},\"image\":{\"@id\":\"https:\/\/www.suno.com.br\/noticias\/natura-confirma-intencao-compra-parcela-avon\/#primaryimage\"},\"thumbnailUrl\":\"https:\/\/files.sunoresearch.com.br\/n\/uploads\/2019\/01\/dcaebeb4-avon-scaled.webp\",\"keywords\":[\"Avon\",\"Natura (NTCO3)\"],\"articleSection\":[\"Neg\u00f3cios\"],\"inLanguage\":\"pt-BR\"},{\"@type\":\"WebPage\",\"@id\":\"https:\/\/www.suno.com.br\/noticias\/natura-confirma-intencao-compra-parcela-avon\/\",\"url\":\"https:\/\/www.suno.com.br\/noticias\/natura-confirma-intencao-compra-parcela-avon\/\",\"name\":\"Natura confirma inten\u00e7\u00e3o de compra de parcela da Avon\",\"isPartOf\":{\"@id\":\"https:\/\/www.suno.com.br\/noticias\/#website\"},\"primaryImageOfPage\":{\"@id\":\"https:\/\/www.suno.com.br\/noticias\/natura-confirma-intencao-compra-parcela-avon\/#primaryimage\"},\"image\":{\"@id\":\"https:\/\/www.suno.com.br\/noticias\/natura-confirma-intencao-compra-parcela-avon\/#primaryimage\"},\"thumbnailUrl\":\"https:\/\/files.sunoresearch.com.br\/n\/uploads\/2019\/01\/dcaebeb4-avon-scaled.webp\",\"datePublished\":\"2019-03-22T19:17:34+00:00\",\"dateModified\":\"2019-03-22T19:42:00+00:00\",\"description\":\"A Natura Cosm\u00e9ticos (NATU3) confirmou a possibilidade de compra de parcela da Avon. Clique para saber mais.\",\"breadcrumb\":{\"@id\":\"https:\/\/www.suno.com.br\/noticias\/natura-confirma-intencao-compra-parcela-avon\/#breadcrumb\"},\"inLanguage\":\"pt-BR\",\"potentialAction\":[{\"@type\":\"ReadAction\",\"target\":[\"https:\/\/www.suno.com.br\/noticias\/natura-confirma-intencao-compra-parcela-avon\/\"]}]},{\"@type\":\"ImageObject\",\"inLanguage\":\"pt-BR\",\"@id\":\"https:\/\/www.suno.com.br\/noticias\/natura-confirma-intencao-compra-parcela-avon\/#primaryimage\",\"url\":\"https:\/\/files.sunoresearch.com.br\/n\/uploads\/2019\/01\/dcaebeb4-avon-scaled.webp\",\"contentUrl\":\"https:\/\/files.sunoresearch.com.br\/n\/uploads\/2019\/01\/dcaebeb4-avon-scaled.webp\",\"width\":2560,\"height\":1707,\"caption\":\"Avon Brasil estabelece parceria com Bradesco para oferecer maquininhas\"},{\"@type\":\"BreadcrumbList\",\"@id\":\"https:\/\/www.suno.com.br\/noticias\/natura-confirma-intencao-compra-parcela-avon\/#breadcrumb\",\"itemListElement\":[{\"@type\":\"ListItem\",\"position\":1,\"name\":\"Not\u00edcias\",\"item\":\"https:\/\/www.suno.com.br\/noticias\/\"},{\"@type\":\"ListItem\",\"position\":2,\"name\":\"Neg\u00f3cios\",\"item\":\"https:\/\/www.suno.com.br\/noticias\/negocios\/\"},{\"@type\":\"ListItem\",\"position\":3,\"name\":\"Natura confirma inten\u00e7\u00e3o de compra de parcela da Avon\"}]},{\"@type\":\"WebSite\",\"@id\":\"https:\/\/www.suno.com.br\/noticias\/#website\",\"url\":\"https:\/\/www.suno.com.br\/noticias\/\",\"name\":\"Suno Not\u00edcias\",\"description\":\"Seu portal de informa\u00e7\u00e3o sobre o mundo dos investimentos\",\"publisher\":{\"@id\":\"https:\/\/www.suno.com.br\/noticias\/#organization\"},\"potentialAction\":[{\"@type\":\"SearchAction\",\"target\":{\"@type\":\"EntryPoint\",\"urlTemplate\":\"https:\/\/www.suno.com.br\/noticias\/?s={search_term_string}\"},\"query-input\":{\"@type\":\"PropertyValueSpecification\",\"valueRequired\":true,\"valueName\":\"search_term_string\"}}],\"inLanguage\":\"pt-BR\"},{\"@type\":\"Organization\",\"@id\":\"https:\/\/www.suno.com.br\/noticias\/#organization\",\"name\":\"Suno Not\u00edcias\",\"url\":\"https:\/\/www.suno.com.br\/noticias\/\",\"logo\":{\"@type\":\"ImageObject\",\"inLanguage\":\"pt-BR\",\"@id\":\"https:\/\/www.suno.com.br\/noticias\/#\/schema\/logo\/image\/\",\"url\":\"https:\/\/files.sunoresearch.com.br\/n\/uploads\/2021\/09\/suno-logo.png\",\"contentUrl\":\"https:\/\/files.sunoresearch.com.br\/n\/uploads\/2021\/09\/suno-logo.png\",\"width\":180,\"height\":180,\"caption\":\"Suno Not\u00edcias\"},\"image\":{\"@id\":\"https:\/\/www.suno.com.br\/noticias\/#\/schema\/logo\/image\/\"},\"sameAs\":[\"https:\/\/facebook.com\/sunoresearch\",\"https:\/\/x.com\/sunoresearch\",\"https:\/\/www.instagram.com\/suno\",\"https:\/\/www.linkedin.com\/company\/suno-research\/\",\"https:\/\/www.youtube.com\/c\/sunoresearch\"]},{\"@type\":\"Person\",\"@id\":\"https:\/\/www.suno.com.br\/noticias\/#\/schema\/person\/a5b06fa4e879d8e8e119c6ed3cd630d1\",\"name\":\"Amanda Gushiken\",\"image\":{\"@type\":\"ImageObject\",\"inLanguage\":\"pt-BR\",\"@id\":\"https:\/\/www.suno.com.br\/noticias\/#\/schema\/person\/image\/\",\"url\":\"https:\/\/secure.gravatar.com\/avatar\/ecd84705e6b65e3685ae80d725501fbe?s=96&r=g\",\"contentUrl\":\"https:\/\/secure.gravatar.com\/avatar\/ecd84705e6b65e3685ae80d725501fbe?s=96&r=g\",\"caption\":\"Amanda Gushiken\"},\"description\":\"Amanda Sayuri Gushiken escreve sobre finan\u00e7as e neg\u00f3cios para o portal Suno Not\u00edcias. Antes, trabalhou selecionando not\u00edcias da imprensa para clientes do mercado financeiro. Tamb\u00e9m desenvolveu pesquisa acad\u00eamica pela Universidade Anhembi Morumbi na \u00e1rea de Teorias da Comunica\u00e7\u00e3o e \u00e9 fot\u00f3grafa nas horas vagas.\",\"url\":\"https:\/\/www.suno.com.br\/noticias\/author\/amanda\/\"}]}<\/script>\n<!-- \/ Yoast SEO plugin. -->","yoast_head_json":{"title":"Natura confirma inten\u00e7\u00e3o de compra de parcela da Avon","description":"A Natura Cosm\u00e9ticos (NATU3) confirmou a possibilidade de compra de parcela da Avon. Clique para saber mais.","robots":{"index":"index","follow":"follow","max-snippet":"max-snippet:-1","max-image-preview":"max-image-preview:large","max-video-preview":"max-video-preview:-1"},"canonical":"https:\/\/www.suno.com.br\/noticias\/natura-confirma-intencao-compra-parcela-avon\/","og_locale":"pt_BR","og_type":"article","og_title":"Natura confirma inten\u00e7\u00e3o de compra de parcela da Avon","og_description":"A Natura Cosm\u00e9ticos (NATU3) confirmou a possibilidade de compra de parcela da Avon. Clique para saber mais.","og_url":"https:\/\/www.suno.com.br\/noticias\/natura-confirma-intencao-compra-parcela-avon\/","og_site_name":"Suno Not\u00edcias","article_publisher":"https:\/\/facebook.com\/sunoresearch","og_image":[{"width":3456,"height":2304,"url":"https:\/\/files.sunoresearch.com.br\/n\/uploads\/2019\/01\/dcaebeb4-avon.jpg","type":"image\/jpeg"}],"author":"Amanda Gushiken","twitter_card":"summary_large_image","twitter_creator":"@sunoresearch","twitter_site":"@sunoresearch","twitter_misc":{"Escrito por":"Amanda Gushiken","Est. tempo de leitura":"2 minutos"},"schema":{"@context":"https:\/\/schema.org","@graph":[{"@type":"NewsArticle","@id":"https:\/\/www.suno.com.br\/noticias\/natura-confirma-intencao-compra-parcela-avon\/#article","isPartOf":{"@id":"https:\/\/www.suno.com.br\/noticias\/natura-confirma-intencao-compra-parcela-avon\/"},"author":{"name":"Amanda Gushiken","@id":"https:\/\/www.suno.com.br\/noticias\/#\/schema\/person\/a5b06fa4e879d8e8e119c6ed3cd630d1"},"headline":"Natura confirma inten\u00e7\u00e3o de compra de parcela da Avon","datePublished":"2019-03-22T19:17:34+00:00","dateModified":"2019-03-22T19:42:00+00:00","mainEntityOfPage":{"@id":"https:\/\/www.suno.com.br\/noticias\/natura-confirma-intencao-compra-parcela-avon\/"},"wordCount":416,"publisher":{"@id":"https:\/\/www.suno.com.br\/noticias\/#organization"},"image":{"@id":"https:\/\/www.suno.com.br\/noticias\/natura-confirma-intencao-compra-parcela-avon\/#primaryimage"},"thumbnailUrl":"https:\/\/files.sunoresearch.com.br\/n\/uploads\/2019\/01\/dcaebeb4-avon-scaled.webp","keywords":["Avon","Natura (NTCO3)"],"articleSection":["Neg\u00f3cios"],"inLanguage":"pt-BR"},{"@type":"WebPage","@id":"https:\/\/www.suno.com.br\/noticias\/natura-confirma-intencao-compra-parcela-avon\/","url":"https:\/\/www.suno.com.br\/noticias\/natura-confirma-intencao-compra-parcela-avon\/","name":"Natura confirma inten\u00e7\u00e3o de compra de parcela da Avon","isPartOf":{"@id":"https:\/\/www.suno.com.br\/noticias\/#website"},"primaryImageOfPage":{"@id":"https:\/\/www.suno.com.br\/noticias\/natura-confirma-intencao-compra-parcela-avon\/#primaryimage"},"image":{"@id":"https:\/\/www.suno.com.br\/noticias\/natura-confirma-intencao-compra-parcela-avon\/#primaryimage"},"thumbnailUrl":"https:\/\/files.sunoresearch.com.br\/n\/uploads\/2019\/01\/dcaebeb4-avon-scaled.webp","datePublished":"2019-03-22T19:17:34+00:00","dateModified":"2019-03-22T19:42:00+00:00","description":"A Natura Cosm\u00e9ticos (NATU3) confirmou a possibilidade de compra de parcela da Avon. Clique para saber mais.","breadcrumb":{"@id":"https:\/\/www.suno.com.br\/noticias\/natura-confirma-intencao-compra-parcela-avon\/#breadcrumb"},"inLanguage":"pt-BR","potentialAction":[{"@type":"ReadAction","target":["https:\/\/www.suno.com.br\/noticias\/natura-confirma-intencao-compra-parcela-avon\/"]}]},{"@type":"ImageObject","inLanguage":"pt-BR","@id":"https:\/\/www.suno.com.br\/noticias\/natura-confirma-intencao-compra-parcela-avon\/#primaryimage","url":"https:\/\/files.sunoresearch.com.br\/n\/uploads\/2019\/01\/dcaebeb4-avon-scaled.webp","contentUrl":"https:\/\/files.sunoresearch.com.br\/n\/uploads\/2019\/01\/dcaebeb4-avon-scaled.webp","width":2560,"height":1707,"caption":"Avon Brasil estabelece parceria com Bradesco para oferecer maquininhas"},{"@type":"BreadcrumbList","@id":"https:\/\/www.suno.com.br\/noticias\/natura-confirma-intencao-compra-parcela-avon\/#breadcrumb","itemListElement":[{"@type":"ListItem","position":1,"name":"Not\u00edcias","item":"https:\/\/www.suno.com.br\/noticias\/"},{"@type":"ListItem","position":2,"name":"Neg\u00f3cios","item":"https:\/\/www.suno.com.br\/noticias\/negocios\/"},{"@type":"ListItem","position":3,"name":"Natura confirma inten\u00e7\u00e3o de compra de parcela da Avon"}]},{"@type":"WebSite","@id":"https:\/\/www.suno.com.br\/noticias\/#website","url":"https:\/\/www.suno.com.br\/noticias\/","name":"Suno Not\u00edcias","description":"Seu portal de informa\u00e7\u00e3o sobre o mundo dos investimentos","publisher":{"@id":"https:\/\/www.suno.com.br\/noticias\/#organization"},"potentialAction":[{"@type":"SearchAction","target":{"@type":"EntryPoint","urlTemplate":"https:\/\/www.suno.com.br\/noticias\/?s={search_term_string}"},"query-input":{"@type":"PropertyValueSpecification","valueRequired":true,"valueName":"search_term_string"}}],"inLanguage":"pt-BR"},{"@type":"Organization","@id":"https:\/\/www.suno.com.br\/noticias\/#organization","name":"Suno Not\u00edcias","url":"https:\/\/www.suno.com.br\/noticias\/","logo":{"@type":"ImageObject","inLanguage":"pt-BR","@id":"https:\/\/www.suno.com.br\/noticias\/#\/schema\/logo\/image\/","url":"https:\/\/files.sunoresearch.com.br\/n\/uploads\/2021\/09\/suno-logo.png","contentUrl":"https:\/\/files.sunoresearch.com.br\/n\/uploads\/2021\/09\/suno-logo.png","width":180,"height":180,"caption":"Suno Not\u00edcias"},"image":{"@id":"https:\/\/www.suno.com.br\/noticias\/#\/schema\/logo\/image\/"},"sameAs":["https:\/\/facebook.com\/sunoresearch","https:\/\/x.com\/sunoresearch","https:\/\/www.instagram.com\/suno","https:\/\/www.linkedin.com\/company\/suno-research\/","https:\/\/www.youtube.com\/c\/sunoresearch"]},{"@type":"Person","@id":"https:\/\/www.suno.com.br\/noticias\/#\/schema\/person\/a5b06fa4e879d8e8e119c6ed3cd630d1","name":"Amanda Gushiken","image":{"@type":"ImageObject","inLanguage":"pt-BR","@id":"https:\/\/www.suno.com.br\/noticias\/#\/schema\/person\/image\/","url":"https:\/\/secure.gravatar.com\/avatar\/ecd84705e6b65e3685ae80d725501fbe?s=96&r=g","contentUrl":"https:\/\/secure.gravatar.com\/avatar\/ecd84705e6b65e3685ae80d725501fbe?s=96&r=g","caption":"Amanda Gushiken"},"description":"Amanda Sayuri Gushiken escreve sobre finan\u00e7as e neg\u00f3cios para o portal Suno Not\u00edcias. Antes, trabalhou selecionando not\u00edcias da imprensa para clientes do mercado financeiro. Tamb\u00e9m desenvolveu pesquisa acad\u00eamica pela Universidade Anhembi Morumbi na \u00e1rea de Teorias da Comunica\u00e7\u00e3o e \u00e9 fot\u00f3grafa nas horas vagas.","url":"https:\/\/www.suno.com.br\/noticias\/author\/amanda\/"}]}},"default_loop_html":"<div class=\"cardsPage__listCard__boxs\"><div class=\"cardsPage__listCard__boxs__img\"><a href=\"https:\/\/www.suno.com.br\/noticias\/natura-confirma-intencao-compra-parcela-avon\/\"><img class=\"mask\" src=\"https:\/\/www.suno.com.br\/noticias\/wp-content\/themes\/suno\/resources\/images\/spotlight\/spotlight1img\/bg-mask.png\" alt=\"Image Mask\"\/><img src=\"https:\/\/files.sunoresearch.com.br\/n\/uploads\/2019\/01\/dcaebeb4-avon-400x200.webp\" alt=\"Natura confirma inten\u00e7\u00e3o de compra de parcela da Avon\"\/><\/a><span class=\"spotlightCategory\"><a href=\"https:\/\/www.suno.com.br\/noticias\/negocios\/\">Neg\u00f3cios<\/a><\/span><\/div><div class=\"cardsPage__listCard__boxs__content\"><a href=\"https:\/\/www.suno.com.br\/noticias\/natura-confirma-intencao-compra-parcela-avon\/\"><h2 class=\"content__title\">Natura confirma inten\u00e7\u00e3o de compra de parcela da Avon<\/h2><\/a><div class=\"newsContent__article__meta\"><div class=\"newsContent__article__meta__authorBox\"><a href=\"https:\/\/www.suno.com.br\/noticias\/author\/amanda\/\" class=\"authorBox__avatar noMobi\"><img src=\"https:\/\/files.sunoresearch.com.br\/n\/uploads\/2018\/11\/c6ad30be-amanda-150x150.webp\" alt=\"Amanda Gushiken\"><\/a><div class=\"authorBox__name\"><span>por\n\t\t\t<a href=\"https:\/\/www.suno.com.br\/noticias\/author\/amanda\/\"><span itemprop=\"author\">Amanda Gushiken<\/span><\/a><\/span><time datetime=\"2019-03-22T16:17:34-03:00\" itemprop=\"datePublished\">22\/03\/2019 16:17<\/time><\/div><\/div><\/div><\/div><\/div>","single_layout":"posts","amp_enabled":true,"_links":{"self":[{"href":"https:\/\/www.suno.com.br\/noticias\/wp-json\/wp\/v2\/posts\/18803"}],"collection":[{"href":"https:\/\/www.suno.com.br\/noticias\/wp-json\/wp\/v2\/posts"}],"about":[{"href":"https:\/\/www.suno.com.br\/noticias\/wp-json\/wp\/v2\/types\/post"}],"author":[{"embeddable":true,"href":"https:\/\/www.suno.com.br\/noticias\/wp-json\/wp\/v2\/users\/12"}],"replies":[{"embeddable":true,"href":"https:\/\/www.suno.com.br\/noticias\/wp-json\/wp\/v2\/comments?post=18803"}],"version-history":[{"count":0,"href":"https:\/\/www.suno.com.br\/noticias\/wp-json\/wp\/v2\/posts\/18803\/revisions"}],"wp:featuredmedia":[{"embeddable":true,"href":"https:\/\/www.suno.com.br\/noticias\/wp-json\/wp\/v2\/media\/11536"}],"wp:attachment":[{"href":"https:\/\/www.suno.com.br\/noticias\/wp-json\/wp\/v2\/media?parent=18803"}],"wp:term":[{"taxonomy":"category","embeddable":true,"href":"https:\/\/www.suno.com.br\/noticias\/wp-json\/wp\/v2\/categories?post=18803"},{"taxonomy":"post_tag","embeddable":true,"href":"https:\/\/www.suno.com.br\/noticias\/wp-json\/wp\/v2\/tags?post=18803"},{"taxonomy":"suno_strategy","embeddable":true,"href":"https:\/\/www.suno.com.br\/noticias\/wp-json\/wp\/v2\/suno_strategy?post=18803"}],"curies":[{"name":"wp","href":"https:\/\/api.w.org\/{rel}","templated":true}]}}