{"id":18794,"date":"2019-03-22T16:06:29","date_gmt":"2019-03-22T19:06:29","guid":{"rendered":"https:\/\/www.suno.com.br\/noticias\/?p=18794"},"modified":"2019-03-22T16:06:29","modified_gmt":"2019-03-22T19:06:29","slug":"ibovespa-desaba-rodrigo-maia","status":"publish","type":"post","link":"https:\/\/www.suno.com.br\/noticias\/ibovespa-desaba-rodrigo-maia\/","title":{"rendered":"Ap\u00f3s dois golpes, Ibovespa desaba ainda mais com declara\u00e7\u00e3o de Rodrigo Maia"},"content":{"rendered":"<p>A semana n\u00e3o foi boa para o Ibovespa. Se na segunda-feira (18) o \u00edndice havia batido a casa dos 100 mil pontos diversas vezes, embora tenha fechado abaixo da marca, a Bolsa de Valores de S\u00e3o Paulo fecha a semana bem longe do patamar simb\u00f3lico.<\/p>\t<div class=\"wrapper-featured-image\">\n\t\t<figure class=\"spotlightImg\">\n\n\t\t\t<picture>\n\t\t\t\t<source media=\"(max-width: 768px)\" srcset=\"https:\/\/files.sunoresearch.com.br\/n\/uploads\/2019\/02\/4f3c09dd-rofdrigo-maia-400x200.webp\">\n\t\t\t\t<img loading=\"lazy\" decoding=\"async\" class=\"newsContent__article__imgCapa lazyloadDisabled newsContent__article__imgCapa--noCaption\" src=\"https:\/\/files.sunoresearch.com.br\/n\/uploads\/2019\/02\/4f3c09dd-rofdrigo-maia-800x450.webp\" width=\"800\" height=\"450\" alt=\"Ap\u00f3s dois golpes, Ibovespa desaba ainda mais com declara\u00e7\u00e3o de Rodrigo Maia\" fetchpriority=high \/>\n\t\t\t<\/picture>\n\n\t\t\t<figcaption class=\"wp-caption-text wp-caption-text--hide\">Rodrigo Maia reforma da Previd\u00eancia<\/figcaption>\n\t\t<\/figure>\n\t<\/div>\n\n\n<p>Nesta sexta (22), ap\u00f3s dois golpes que derrubaram a <strong>Bolsa<\/strong> nos \u00faltimos dias, como a decepcionante <strong>reforma da Previd\u00eancia<\/strong> dos <strong>militares<\/strong> e a pris\u00e3o de <strong>Michel Temer,<\/strong> que pode ter impacto nos trabalhos do <strong>Congresso,<\/strong> o <strong>Ibovespa<\/strong> sofreu com o jogo pol\u00edtico mais uma vez.<\/p>\n<p><a href=\"https:\/\/www.suno.com.br\/noticias\/eventos-derrubaram-ibovespa-24h\/\">Saiba mais: Veja os dois eventos que derrubaram o Ibovespa nas \u00faltimas 24 horas<\/a><\/p>\n<p>O <strong>\u00edndice<\/strong> reagiu negativamente com a mais recente declara\u00e7\u00e3o do presidente da <strong>C\u00e2mara,<\/strong> <strong>Rodrigo Maia (DEM-RJ)<\/strong>, afastando-se da articula\u00e7\u00e3o pela conquista dos votos necess\u00e1rios para a <strong>aprova\u00e7\u00e3o<\/strong> do <a href=\"https:\/\/www.suno.com.br\/artigos\/tag\/previdencia\/\">mais importante projeto de <\/a><strong>Bolsonaro.<\/strong><\/p>\n<p>A <strong>desarticula\u00e7\u00e3o<\/strong> do governo em torno da pauta tem desanimado o deputado. Semanas atr\u00e1s, ele chegou a cobrar publicamente maior engajamento da base <strong>bolsonarista<\/strong> pela defesa da proposta. A apatia na mobiliza\u00e7\u00e3o vinha do pr\u00f3prio presidente <strong>Jair Bolsonaro.<\/strong> Um levantamento feito pelo ve\u00edculo jornal\u00edstico Poder360 mostrou que que, ap\u00f3s dois meses de gest\u00e3o, <strong>Bolsonaro<\/strong> pouco havia falado sobre a <strong>reforma da Previd\u00eancia<\/strong>. Desde 1\u00ba de janeiro at\u00e9 o in\u00edcio de mar\u00e7o, ele tinha publicado 326 vezes em seu Twitter, entre as quais o principal <strong>projeto<\/strong> do governo foi citado apenas seis vezes.<\/p>\n<p><a href=\"https:\/\/www.suno.com.br\/noticias\/prisao-temer-afeta-reforma-previdencia\/\">Saiba mais: Entenda como a pris\u00e3o de Temer pode afetar a reforma da Previd\u00eancia<\/a><\/p>\n<p>Ap\u00f3s a cobran\u00e7a p\u00fablica de <strong>Maia, Bolsonaro<\/strong> se mostrou mais presente na defesa da reforma. Suas declara\u00e7\u00f5es atacando a <strong>&#8220;velha pol\u00edtica&#8221;,<\/strong> no entanto, inflamaram sua rela\u00e7\u00e3o com o <strong><a href=\"https:\/\/congressonacional.leg.br\">Congresso Nacional<\/a>.<\/strong> O presidente foi eleito defendendo o fim do &#8220;toma l\u00e1, d\u00e1 c\u00e1&#8221;, ou seja, o balc\u00e3o de neg\u00f3cios t\u00edpico da atividade legislativa em <strong>Bras\u00edlia. Bolsonaro<\/strong> chegou a dizer nesta sexta que &#8220;n\u00e3o est\u00e1 disposto&#8221; a abrir m\u00e3o de sua recusa em negociar cargos por votos na <strong>reforma da Previd\u00eancia<\/strong>. Segundo o G1, o <strong>Pal\u00e1cio do Planalto<\/strong> vai defender que os parlamentares precisam colocar os &#8220;interesses do pa\u00eds&#8221; acima dos pessoais.<\/p>\n<p>As declara\u00e7\u00f5es contradit\u00f3rias do presidente deixaram a impress\u00e3o de que ele quer <strong>Maia<\/strong> na linha de frente pela aprova\u00e7\u00e3o da impopular reforma, praticando a &#8220;velha pol\u00edtica&#8221;, mas que n\u00e3o vai entrar na briga pela obten\u00e7\u00e3o dos votos. <strong>Rodrigo Maia<\/strong> entendeu a mensagem e declarou, de agora em diante, far\u00e1 a <strong>&#8220;nova pol\u00edtica&#8221;,<\/strong> assim como <strong>Bolsonaro.<\/strong> &#8220;Eu concordo com o presidente: \u00e9 preciso construir uma maioria de uma nova forma. Essa responsabilidade \u00e9 dele. Quando ele tiver a maioria e achar que \u00e9 a gora de votar a reforma, ele me avisa e eu pauto para vota\u00e7\u00e3o. E digo com quantos votos posso colaborar&#8221;, declarou <strong>Maia,<\/strong> segundo a Folha de S.Paulo.<\/p>\n<p>Logo em seguida, o <strong>Ibovespa,<\/strong>\u00a0que j\u00e1 havia come\u00e7ado o dia em queda livre e depois estabilizado, desceu ainda mais. \u00c0s 16h05 desta sexta, o <strong>\u00edndice<\/strong> registrava baixa de 2,90%, a 93.919,60 pontos. Bem longe dos <strong>100 mil pontos<\/strong> da segunda-feira que haviam traduzido as boas <strong>expectativas<\/strong> do <strong>mercado<\/strong> com a semana que come\u00e7ava.<\/p>\n","protected":false},"excerpt":{"rendered":"<p>A semana n\u00e3o foi boa para o Ibovespa. Se na segunda-feira (18) o \u00edndice havia batido a casa dos 100 mil pontos diversas vezes, embora tenha fechado abaixo da marca, a Bolsa de Valores de S\u00e3o Paulo fecha a semana bem longe do patamar simb\u00f3lico. Rodrigo Maia reforma da Previd\u00eancia Nesta sexta (22), ap\u00f3s dois [&hellip;]<\/p>\n","protected":false},"author":13,"featured_media":16558,"comment_status":"closed","ping_status":"closed","sticky":false,"template":"","format":"standard","meta":[],"categories":[60],"tags":[938,719,734,940,892],"suno_strategy":[],"class_list":["post-18794","post","type-post","status-publish","format-standard","has-post-thumbnail","hentry","category-mercado","tag-camara-dos-deputados","tag-jair-bolsonaro","tag-michel-temer","tag-reforma-da-previdencia","tag-rodrigo-maia"],"yoast_head":"<!-- This site is optimized with the Yoast SEO plugin v24.4 - https:\/\/yoast.com\/wordpress\/plugins\/seo\/ -->\n<title>Ap\u00f3s dois golpes, Ibovespa desaba ainda mais com fala de Rodrigo Maia<\/title>\n<meta name=\"description\" content=\"Ap\u00f3s dois golpes que derrubaram a Bolsa nos \u00faltimos dias, o Ibovespa sofreu com o jogo pol\u00edtico mais uma vez. Clique para saber mais.\" \/>\n<meta name=\"robots\" content=\"index, follow, max-snippet:-1, max-image-preview:large, max-video-preview:-1\" \/>\n<link rel=\"canonical\" href=\"https:\/\/www.suno.com.br\/noticias\/ibovespa-desaba-rodrigo-maia\/\" \/>\n<meta property=\"og:locale\" content=\"pt_BR\" \/>\n<meta property=\"og:type\" content=\"article\" \/>\n<meta property=\"og:title\" content=\"Ap\u00f3s dois golpes, Ibovespa desaba ainda mais com fala de Rodrigo Maia\" \/>\n<meta property=\"og:description\" content=\"Ap\u00f3s dois golpes que derrubaram a Bolsa nos \u00faltimos dias, o Ibovespa sofreu com o jogo pol\u00edtico mais uma vez. Clique para saber mais.\" \/>\n<meta property=\"og:url\" content=\"https:\/\/www.suno.com.br\/noticias\/ibovespa-desaba-rodrigo-maia\/\" \/>\n<meta property=\"og:site_name\" content=\"Suno Not\u00edcias\" \/>\n<meta property=\"article:publisher\" content=\"https:\/\/facebook.com\/sunoresearch\" \/>\n<meta property=\"og:image\" content=\"https:\/\/files.sunoresearch.com.br\/n\/uploads\/2019\/02\/4f3c09dd-rofdrigo-maia.jpg\" \/>\n\t<meta property=\"og:image:width\" content=\"2592\" \/>\n\t<meta property=\"og:image:height\" content=\"1728\" \/>\n\t<meta property=\"og:image:type\" content=\"image\/jpeg\" \/>\n<meta name=\"author\" content=\"Guilherme Caetano\" \/>\n<meta name=\"twitter:card\" content=\"summary_large_image\" \/>\n<meta name=\"twitter:creator\" content=\"@sunoresearch\" \/>\n<meta name=\"twitter:site\" content=\"@sunoresearch\" \/>\n<meta name=\"twitter:label1\" content=\"Escrito por\" \/>\n\t<meta name=\"twitter:data1\" content=\"Guilherme Caetano\" \/>\n\t<meta name=\"twitter:label2\" content=\"Est. tempo de leitura\" \/>\n\t<meta name=\"twitter:data2\" content=\"3 minutos\" \/>\n<script type=\"application\/ld+json\" class=\"yoast-schema-graph\">{\"@context\":\"https:\/\/schema.org\",\"@graph\":[{\"@type\":\"NewsArticle\",\"@id\":\"https:\/\/www.suno.com.br\/noticias\/ibovespa-desaba-rodrigo-maia\/#article\",\"isPartOf\":{\"@id\":\"https:\/\/www.suno.com.br\/noticias\/ibovespa-desaba-rodrigo-maia\/\"},\"author\":{\"name\":\"Guilherme Caetano\",\"@id\":\"https:\/\/www.suno.com.br\/noticias\/#\/schema\/person\/0d0c9687cd2f600c564f25980c140de9\"},\"headline\":\"Ap\u00f3s dois golpes, Ibovespa desaba ainda mais com declara\u00e7\u00e3o de Rodrigo Maia\",\"datePublished\":\"2019-03-22T19:06:29+00:00\",\"mainEntityOfPage\":{\"@id\":\"https:\/\/www.suno.com.br\/noticias\/ibovespa-desaba-rodrigo-maia\/\"},\"wordCount\":561,\"publisher\":{\"@id\":\"https:\/\/www.suno.com.br\/noticias\/#organization\"},\"image\":{\"@id\":\"https:\/\/www.suno.com.br\/noticias\/ibovespa-desaba-rodrigo-maia\/#primaryimage\"},\"thumbnailUrl\":\"https:\/\/files.sunoresearch.com.br\/n\/uploads\/2019\/02\/4f3c09dd-rofdrigo-maia-scaled.webp\",\"keywords\":[\"C\u00e2mara dos Deputados\",\"Jair Bolsonaro\",\"Michel Temer\",\"Reforma da Previd\u00eancia\",\"Rodrigo Maia\"],\"articleSection\":[\"Mercado\"],\"inLanguage\":\"pt-BR\"},{\"@type\":\"WebPage\",\"@id\":\"https:\/\/www.suno.com.br\/noticias\/ibovespa-desaba-rodrigo-maia\/\",\"url\":\"https:\/\/www.suno.com.br\/noticias\/ibovespa-desaba-rodrigo-maia\/\",\"name\":\"Ap\u00f3s dois golpes, Ibovespa desaba ainda mais com fala de Rodrigo Maia\",\"isPartOf\":{\"@id\":\"https:\/\/www.suno.com.br\/noticias\/#website\"},\"primaryImageOfPage\":{\"@id\":\"https:\/\/www.suno.com.br\/noticias\/ibovespa-desaba-rodrigo-maia\/#primaryimage\"},\"image\":{\"@id\":\"https:\/\/www.suno.com.br\/noticias\/ibovespa-desaba-rodrigo-maia\/#primaryimage\"},\"thumbnailUrl\":\"https:\/\/files.sunoresearch.com.br\/n\/uploads\/2019\/02\/4f3c09dd-rofdrigo-maia-scaled.webp\",\"datePublished\":\"2019-03-22T19:06:29+00:00\",\"description\":\"Ap\u00f3s dois golpes que derrubaram a Bolsa nos \u00faltimos dias, o Ibovespa sofreu com o jogo pol\u00edtico mais uma vez. Clique para saber mais.\",\"breadcrumb\":{\"@id\":\"https:\/\/www.suno.com.br\/noticias\/ibovespa-desaba-rodrigo-maia\/#breadcrumb\"},\"inLanguage\":\"pt-BR\",\"potentialAction\":[{\"@type\":\"ReadAction\",\"target\":[\"https:\/\/www.suno.com.br\/noticias\/ibovespa-desaba-rodrigo-maia\/\"]}]},{\"@type\":\"ImageObject\",\"inLanguage\":\"pt-BR\",\"@id\":\"https:\/\/www.suno.com.br\/noticias\/ibovespa-desaba-rodrigo-maia\/#primaryimage\",\"url\":\"https:\/\/files.sunoresearch.com.br\/n\/uploads\/2019\/02\/4f3c09dd-rofdrigo-maia-scaled.webp\",\"contentUrl\":\"https:\/\/files.sunoresearch.com.br\/n\/uploads\/2019\/02\/4f3c09dd-rofdrigo-maia-scaled.webp\",\"width\":2560,\"height\":1707,\"caption\":\"Rodrigo Maia reforma da Previd\u00eancia\"},{\"@type\":\"BreadcrumbList\",\"@id\":\"https:\/\/www.suno.com.br\/noticias\/ibovespa-desaba-rodrigo-maia\/#breadcrumb\",\"itemListElement\":[{\"@type\":\"ListItem\",\"position\":1,\"name\":\"Not\u00edcias\",\"item\":\"https:\/\/www.suno.com.br\/noticias\/\"},{\"@type\":\"ListItem\",\"position\":2,\"name\":\"Mercado\",\"item\":\"https:\/\/www.suno.com.br\/noticias\/mercado\/\"},{\"@type\":\"ListItem\",\"position\":3,\"name\":\"Ap\u00f3s dois golpes, Ibovespa desaba ainda mais com declara\u00e7\u00e3o de Rodrigo Maia\"}]},{\"@type\":\"WebSite\",\"@id\":\"https:\/\/www.suno.com.br\/noticias\/#website\",\"url\":\"https:\/\/www.suno.com.br\/noticias\/\",\"name\":\"Suno Not\u00edcias\",\"description\":\"Seu portal de informa\u00e7\u00e3o sobre o mundo dos investimentos\",\"publisher\":{\"@id\":\"https:\/\/www.suno.com.br\/noticias\/#organization\"},\"potentialAction\":[{\"@type\":\"SearchAction\",\"target\":{\"@type\":\"EntryPoint\",\"urlTemplate\":\"https:\/\/www.suno.com.br\/noticias\/?s={search_term_string}\"},\"query-input\":{\"@type\":\"PropertyValueSpecification\",\"valueRequired\":true,\"valueName\":\"search_term_string\"}}],\"inLanguage\":\"pt-BR\"},{\"@type\":\"Organization\",\"@id\":\"https:\/\/www.suno.com.br\/noticias\/#organization\",\"name\":\"Suno Not\u00edcias\",\"url\":\"https:\/\/www.suno.com.br\/noticias\/\",\"logo\":{\"@type\":\"ImageObject\",\"inLanguage\":\"pt-BR\",\"@id\":\"https:\/\/www.suno.com.br\/noticias\/#\/schema\/logo\/image\/\",\"url\":\"https:\/\/files.sunoresearch.com.br\/n\/uploads\/2021\/09\/suno-logo.png\",\"contentUrl\":\"https:\/\/files.sunoresearch.com.br\/n\/uploads\/2021\/09\/suno-logo.png\",\"width\":180,\"height\":180,\"caption\":\"Suno Not\u00edcias\"},\"image\":{\"@id\":\"https:\/\/www.suno.com.br\/noticias\/#\/schema\/logo\/image\/\"},\"sameAs\":[\"https:\/\/facebook.com\/sunoresearch\",\"https:\/\/x.com\/sunoresearch\",\"https:\/\/www.instagram.com\/suno\",\"https:\/\/www.linkedin.com\/company\/suno-research\/\",\"https:\/\/www.youtube.com\/c\/sunoresearch\"]},{\"@type\":\"Person\",\"@id\":\"https:\/\/www.suno.com.br\/noticias\/#\/schema\/person\/0d0c9687cd2f600c564f25980c140de9\",\"name\":\"Guilherme Caetano\",\"image\":{\"@type\":\"ImageObject\",\"inLanguage\":\"pt-BR\",\"@id\":\"https:\/\/www.suno.com.br\/noticias\/#\/schema\/person\/image\/\",\"url\":\"https:\/\/secure.gravatar.com\/avatar\/e48357351a01702a0d19307070e081bf?s=96&r=g\",\"contentUrl\":\"https:\/\/secure.gravatar.com\/avatar\/e48357351a01702a0d19307070e081bf?s=96&r=g\",\"caption\":\"Guilherme Caetano\"},\"description\":\"Formado em jornalismo pela Escola de Comunica\u00e7\u00f5es e Artes da USP, Guilherme Caetano escreve para o portal de not\u00edcias da Suno Research. Passou pelas reda\u00e7\u00f5es da Folha de S.Paulo e da revista \u00c9poca.\",\"url\":\"https:\/\/www.suno.com.br\/noticias\/author\/guilherme-caetano\/\"}]}<\/script>\n<!-- \/ Yoast SEO plugin. -->","yoast_head_json":{"title":"Ap\u00f3s dois golpes, Ibovespa desaba ainda mais com fala de Rodrigo Maia","description":"Ap\u00f3s dois golpes que derrubaram a Bolsa nos \u00faltimos dias, o Ibovespa sofreu com o jogo pol\u00edtico mais uma vez. Clique para saber mais.","robots":{"index":"index","follow":"follow","max-snippet":"max-snippet:-1","max-image-preview":"max-image-preview:large","max-video-preview":"max-video-preview:-1"},"canonical":"https:\/\/www.suno.com.br\/noticias\/ibovespa-desaba-rodrigo-maia\/","og_locale":"pt_BR","og_type":"article","og_title":"Ap\u00f3s dois golpes, Ibovespa desaba ainda mais com fala de Rodrigo Maia","og_description":"Ap\u00f3s dois golpes que derrubaram a Bolsa nos \u00faltimos dias, o Ibovespa sofreu com o jogo pol\u00edtico mais uma vez. Clique para saber mais.","og_url":"https:\/\/www.suno.com.br\/noticias\/ibovespa-desaba-rodrigo-maia\/","og_site_name":"Suno Not\u00edcias","article_publisher":"https:\/\/facebook.com\/sunoresearch","og_image":[{"width":2592,"height":1728,"url":"https:\/\/files.sunoresearch.com.br\/n\/uploads\/2019\/02\/4f3c09dd-rofdrigo-maia.jpg","type":"image\/jpeg"}],"author":"Guilherme Caetano","twitter_card":"summary_large_image","twitter_creator":"@sunoresearch","twitter_site":"@sunoresearch","twitter_misc":{"Escrito por":"Guilherme Caetano","Est. tempo de leitura":"3 minutos"},"schema":{"@context":"https:\/\/schema.org","@graph":[{"@type":"NewsArticle","@id":"https:\/\/www.suno.com.br\/noticias\/ibovespa-desaba-rodrigo-maia\/#article","isPartOf":{"@id":"https:\/\/www.suno.com.br\/noticias\/ibovespa-desaba-rodrigo-maia\/"},"author":{"name":"Guilherme Caetano","@id":"https:\/\/www.suno.com.br\/noticias\/#\/schema\/person\/0d0c9687cd2f600c564f25980c140de9"},"headline":"Ap\u00f3s dois golpes, Ibovespa desaba ainda mais com declara\u00e7\u00e3o de Rodrigo Maia","datePublished":"2019-03-22T19:06:29+00:00","mainEntityOfPage":{"@id":"https:\/\/www.suno.com.br\/noticias\/ibovespa-desaba-rodrigo-maia\/"},"wordCount":561,"publisher":{"@id":"https:\/\/www.suno.com.br\/noticias\/#organization"},"image":{"@id":"https:\/\/www.suno.com.br\/noticias\/ibovespa-desaba-rodrigo-maia\/#primaryimage"},"thumbnailUrl":"https:\/\/files.sunoresearch.com.br\/n\/uploads\/2019\/02\/4f3c09dd-rofdrigo-maia-scaled.webp","keywords":["C\u00e2mara dos Deputados","Jair Bolsonaro","Michel Temer","Reforma da Previd\u00eancia","Rodrigo Maia"],"articleSection":["Mercado"],"inLanguage":"pt-BR"},{"@type":"WebPage","@id":"https:\/\/www.suno.com.br\/noticias\/ibovespa-desaba-rodrigo-maia\/","url":"https:\/\/www.suno.com.br\/noticias\/ibovespa-desaba-rodrigo-maia\/","name":"Ap\u00f3s dois golpes, Ibovespa desaba ainda mais com fala de Rodrigo Maia","isPartOf":{"@id":"https:\/\/www.suno.com.br\/noticias\/#website"},"primaryImageOfPage":{"@id":"https:\/\/www.suno.com.br\/noticias\/ibovespa-desaba-rodrigo-maia\/#primaryimage"},"image":{"@id":"https:\/\/www.suno.com.br\/noticias\/ibovespa-desaba-rodrigo-maia\/#primaryimage"},"thumbnailUrl":"https:\/\/files.sunoresearch.com.br\/n\/uploads\/2019\/02\/4f3c09dd-rofdrigo-maia-scaled.webp","datePublished":"2019-03-22T19:06:29+00:00","description":"Ap\u00f3s dois golpes que derrubaram a Bolsa nos \u00faltimos dias, o Ibovespa sofreu com o jogo pol\u00edtico mais uma vez. Clique para saber mais.","breadcrumb":{"@id":"https:\/\/www.suno.com.br\/noticias\/ibovespa-desaba-rodrigo-maia\/#breadcrumb"},"inLanguage":"pt-BR","potentialAction":[{"@type":"ReadAction","target":["https:\/\/www.suno.com.br\/noticias\/ibovespa-desaba-rodrigo-maia\/"]}]},{"@type":"ImageObject","inLanguage":"pt-BR","@id":"https:\/\/www.suno.com.br\/noticias\/ibovespa-desaba-rodrigo-maia\/#primaryimage","url":"https:\/\/files.sunoresearch.com.br\/n\/uploads\/2019\/02\/4f3c09dd-rofdrigo-maia-scaled.webp","contentUrl":"https:\/\/files.sunoresearch.com.br\/n\/uploads\/2019\/02\/4f3c09dd-rofdrigo-maia-scaled.webp","width":2560,"height":1707,"caption":"Rodrigo Maia reforma da Previd\u00eancia"},{"@type":"BreadcrumbList","@id":"https:\/\/www.suno.com.br\/noticias\/ibovespa-desaba-rodrigo-maia\/#breadcrumb","itemListElement":[{"@type":"ListItem","position":1,"name":"Not\u00edcias","item":"https:\/\/www.suno.com.br\/noticias\/"},{"@type":"ListItem","position":2,"name":"Mercado","item":"https:\/\/www.suno.com.br\/noticias\/mercado\/"},{"@type":"ListItem","position":3,"name":"Ap\u00f3s dois golpes, Ibovespa desaba ainda mais com declara\u00e7\u00e3o de Rodrigo Maia"}]},{"@type":"WebSite","@id":"https:\/\/www.suno.com.br\/noticias\/#website","url":"https:\/\/www.suno.com.br\/noticias\/","name":"Suno Not\u00edcias","description":"Seu portal de informa\u00e7\u00e3o sobre o mundo dos investimentos","publisher":{"@id":"https:\/\/www.suno.com.br\/noticias\/#organization"},"potentialAction":[{"@type":"SearchAction","target":{"@type":"EntryPoint","urlTemplate":"https:\/\/www.suno.com.br\/noticias\/?s={search_term_string}"},"query-input":{"@type":"PropertyValueSpecification","valueRequired":true,"valueName":"search_term_string"}}],"inLanguage":"pt-BR"},{"@type":"Organization","@id":"https:\/\/www.suno.com.br\/noticias\/#organization","name":"Suno Not\u00edcias","url":"https:\/\/www.suno.com.br\/noticias\/","logo":{"@type":"ImageObject","inLanguage":"pt-BR","@id":"https:\/\/www.suno.com.br\/noticias\/#\/schema\/logo\/image\/","url":"https:\/\/files.sunoresearch.com.br\/n\/uploads\/2021\/09\/suno-logo.png","contentUrl":"https:\/\/files.sunoresearch.com.br\/n\/uploads\/2021\/09\/suno-logo.png","width":180,"height":180,"caption":"Suno Not\u00edcias"},"image":{"@id":"https:\/\/www.suno.com.br\/noticias\/#\/schema\/logo\/image\/"},"sameAs":["https:\/\/facebook.com\/sunoresearch","https:\/\/x.com\/sunoresearch","https:\/\/www.instagram.com\/suno","https:\/\/www.linkedin.com\/company\/suno-research\/","https:\/\/www.youtube.com\/c\/sunoresearch"]},{"@type":"Person","@id":"https:\/\/www.suno.com.br\/noticias\/#\/schema\/person\/0d0c9687cd2f600c564f25980c140de9","name":"Guilherme Caetano","image":{"@type":"ImageObject","inLanguage":"pt-BR","@id":"https:\/\/www.suno.com.br\/noticias\/#\/schema\/person\/image\/","url":"https:\/\/secure.gravatar.com\/avatar\/e48357351a01702a0d19307070e081bf?s=96&r=g","contentUrl":"https:\/\/secure.gravatar.com\/avatar\/e48357351a01702a0d19307070e081bf?s=96&r=g","caption":"Guilherme Caetano"},"description":"Formado em jornalismo pela Escola de Comunica\u00e7\u00f5es e Artes da USP, Guilherme Caetano escreve para o portal de not\u00edcias da Suno Research. Passou pelas reda\u00e7\u00f5es da Folha de S.Paulo e da revista \u00c9poca.","url":"https:\/\/www.suno.com.br\/noticias\/author\/guilherme-caetano\/"}]}},"default_loop_html":"<div class=\"cardsPage__listCard__boxs\"><div class=\"cardsPage__listCard__boxs__img\"><a href=\"https:\/\/www.suno.com.br\/noticias\/ibovespa-desaba-rodrigo-maia\/\"><img class=\"mask\" src=\"https:\/\/www.suno.com.br\/noticias\/wp-content\/themes\/suno\/resources\/images\/spotlight\/spotlight1img\/bg-mask.png\" alt=\"Image Mask\"\/><img src=\"https:\/\/files.sunoresearch.com.br\/n\/uploads\/2019\/02\/4f3c09dd-rofdrigo-maia-400x200.webp\" alt=\"Ap\u00f3s dois golpes, Ibovespa desaba ainda mais com declara\u00e7\u00e3o de Rodrigo Maia\"\/><\/a><span class=\"spotlightCategory\"><a href=\"https:\/\/www.suno.com.br\/noticias\/mercado\/\">Mercado<\/a><\/span><\/div><div class=\"cardsPage__listCard__boxs__content\"><a href=\"https:\/\/www.suno.com.br\/noticias\/ibovespa-desaba-rodrigo-maia\/\"><h2 class=\"content__title\">Ap\u00f3s dois golpes, Ibovespa desaba ainda mais com declara\u00e7\u00e3o de Rodrigo Maia<\/h2><\/a><div class=\"newsContent__article__meta\"><div class=\"newsContent__article__meta__authorBox\"><a href=\"https:\/\/www.suno.com.br\/noticias\/author\/guilherme-caetano\/\" class=\"authorBox__avatar noMobi\"><img src=\"https:\/\/secure.gravatar.com\/avatar\/e48357351a01702a0d19307070e081bf?s=96&#038;r=g\" alt=\"Guilherme Caetano\"><\/a><div class=\"authorBox__name\"><span>por\n\t\t\t<a href=\"https:\/\/www.suno.com.br\/noticias\/author\/guilherme-caetano\/\"><span itemprop=\"author\">Guilherme Caetano<\/span><\/a><\/span><time datetime=\"2019-03-22T16:06:29-03:00\" itemprop=\"datePublished\">22\/03\/2019 16:06<\/time><\/div><\/div><\/div><\/div><\/div>","single_layout":"posts","amp_enabled":true,"_links":{"self":[{"href":"https:\/\/www.suno.com.br\/noticias\/wp-json\/wp\/v2\/posts\/18794"}],"collection":[{"href":"https:\/\/www.suno.com.br\/noticias\/wp-json\/wp\/v2\/posts"}],"about":[{"href":"https:\/\/www.suno.com.br\/noticias\/wp-json\/wp\/v2\/types\/post"}],"author":[{"embeddable":true,"href":"https:\/\/www.suno.com.br\/noticias\/wp-json\/wp\/v2\/users\/13"}],"replies":[{"embeddable":true,"href":"https:\/\/www.suno.com.br\/noticias\/wp-json\/wp\/v2\/comments?post=18794"}],"version-history":[{"count":0,"href":"https:\/\/www.suno.com.br\/noticias\/wp-json\/wp\/v2\/posts\/18794\/revisions"}],"wp:featuredmedia":[{"embeddable":true,"href":"https:\/\/www.suno.com.br\/noticias\/wp-json\/wp\/v2\/media\/16558"}],"wp:attachment":[{"href":"https:\/\/www.suno.com.br\/noticias\/wp-json\/wp\/v2\/media?parent=18794"}],"wp:term":[{"taxonomy":"category","embeddable":true,"href":"https:\/\/www.suno.com.br\/noticias\/wp-json\/wp\/v2\/categories?post=18794"},{"taxonomy":"post_tag","embeddable":true,"href":"https:\/\/www.suno.com.br\/noticias\/wp-json\/wp\/v2\/tags?post=18794"},{"taxonomy":"suno_strategy","embeddable":true,"href":"https:\/\/www.suno.com.br\/noticias\/wp-json\/wp\/v2\/suno_strategy?post=18794"}],"curies":[{"name":"wp","href":"https:\/\/api.w.org\/{rel}","templated":true}]}}