{"id":187927,"date":"2021-09-27T15:20:16","date_gmt":"2021-09-27T18:20:16","guid":{"rendered":"https:\/\/www.suno.com.br\/noticias\/?p=187927"},"modified":"2021-09-27T15:20:16","modified_gmt":"2021-09-27T18:20:16","slug":"dirigente-do-fed-ve-mercado-de-trabalho-muito-forte-nos-eua-durante-proximo-ano","status":"publish","type":"post","link":"https:\/\/www.suno.com.br\/noticias\/dirigente-do-fed-ve-mercado-de-trabalho-muito-forte-nos-eua-durante-proximo-ano\/","title":{"rendered":"Dirigente do Fed v\u00ea mercado de trabalho &#8216;muito forte&#8217; nos EUA durante pr\u00f3ximo ano"},"content":{"rendered":"<p>O presidente da distrital de Nova Iorque do <a href=\"https:\/\/www.suno.com.br\/artigos\/fed\">Federal Reserve<\/a>, o <strong>Fed<\/strong>, John Williams, afirmou nesta que n\u00e3o deve haver um grande salto na oferta de trabalho em setembro ou outubro nos Estados Unidos, mas que h\u00e1 um progn\u00f3stico de uma alta &#8220;muita forte&#8221; nos pr\u00f3ximos 12 meses ou mais nos EUA.<\/p>\t<div class=\"wrapper-featured-image\">\n\t\t<figure class=\"spotlightImg\">\n\n\t\t\t<picture>\n\t\t\t\t<source media=\"(max-width: 768px)\" srcset=\"https:\/\/files.sunoresearch.com.br\/n\/uploads\/2021\/09\/willfed-400x200.png\">\n\t\t\t\t<img loading=\"lazy\" decoding=\"async\" class=\"newsContent__article__imgCapa lazyloadDisabled \" src=\"https:\/\/files.sunoresearch.com.br\/n\/uploads\/2021\/09\/willfed-800x450.png\" width=\"800\" height=\"450\" alt=\"Dirigente do Fed v\u00ea mercado de trabalho &#8216;muito forte&#8217; nos EUA durante pr\u00f3ximo ano\" fetchpriority=high \/>\n\t\t\t<\/picture>\n\n\t\t\t<figcaption class=\"wp-caption-text wp-caption-text--show\">Williams tamb\u00e9m ressaltou que o Fed n\u00e3o tem como desfazer os eventuais estragos causados por um impasse com o teto da d\u00edvida - Foto: Reprodu\u00e7\u00e3o\/YouTube\/Fed<\/figcaption>\n\t\t<\/figure>\n\t<\/div>\n\n\n\t<p>\n\t\t<a href=\"https:\/\/lp.suno.com.br\/planilha-controle-gastos\/\" target=\"_blank\" data-element=\"shortcode-suno-banner\" title=\"Banner SUNO, clique e saiba mais\">\n\t\t\t<picture>\n\t\t\t\t<source media=\"(max-width: 500px)\" srcset=\"https:\/\/files.sunoresearch.com.br\/n\/uploads\/2023\/03\/400x300-Planilha-controle-de-gastos.png\">\n\t\t\t\t<img class=\"newsContent__article__imgCapa newsContent__article__imgCapa--banner\"\n\t\t\t\t\tsrc=\"https:\/\/files.sunoresearch.com.br\/n\/uploads\/2023\/03\/1420x240-Planilha-controle-de-gastos.png\"\n\t\t\t\t\tdata-promo-id=\"101751\"\t\t\t\t\t\t\t\t\t\twidth='1420' height='240'\t\t\t\t\talt=\"https:\/\/files.sunoresearch.com.br\/n\/uploads\/2023\/03\/1420x240-Planilha-controle-de-gastos.png\"\n\t\t\t\t>\n\t\t\t<\/picture>\n\t\t<\/a>\n\t<\/p>\n\n\n<p><strong>Williams<\/strong> tratou do assunto durante evento virtual do Clube Econ\u00f4mico de Nova Iorque. Em sua fala, o dirigente do Fed tamb\u00e9m notou que alguns gargalos na <a href=\"https:\/\/www.suno.com.br\/artigos\/horizontalizacao\/\">cadeia de <strong>produ\u00e7\u00e3o<\/strong> t\u00eam durado mais do que o antecipado<\/a>.<\/p>\n<p>Tamb\u00e9m alertou para a import\u00e2ncia da quest\u00e3o do teto da d\u00edvida dos <strong>EUA<\/strong>, atualmente em discuss\u00e3o no Congresso.<\/p>\n\n\t<div data-element=\"shortcode-read-more\" class=\"readToo\">\n\t\t\t\t<span class=\"readToo__title\">Leia mais<\/span>\n\t\t\t\t<ul class=\"readToo__list\">\n\t\t\t<li><a href=\"https:\/\/www.suno.com.br\/noticias\/crise-hidrica-investimento-13-bilhoes-termicas-conta-luz\/\">Crise h\u00eddrica for\u00e7a investimento de R$ 13 bi em usinas poluentes e encarece conta de luz at\u00e9 2025<\/a><\/li><li><a href=\"https:\/\/www.suno.com.br\/noticias\/ouro-encerra-em-queda-apos-fed-dar-indicios-de-tapering-ainda-este-ano\/\">Ouro encerra em queda, ap\u00f3s Fed dar ind\u00edcios de tapering ainda este ano<\/a><\/li>\t\t<\/ul>\n\t<\/div>\n\n\n<p>Ele considerou que \u00e9 &#8220;crucial&#8221; resolver isso logo e ressaltou que o Fed n\u00e3o tem como desfazer os eventuais estragos causados por um impasse sobre o tema.<\/p>\n<p>A fala de Williams se soma a alguns discursos do membro da autoridade monet\u00e1ria americana previstos para esta semana. <a href=\"https:\/\/www.suno.com.br\/tudo-sobre\/jerome-powell\/\"><strong>Powell<\/strong>, que preside o Fed<\/a>, deve falar nesta ter\u00e7a (28) e na quarta (29).<\/p>\n\t<p>\n\t\t<a href=\"https:\/\/lp.suno.com.br\/planilha-da-vida-financeira\/\" target=\"_blank\" data-element=\"shortcode-suno-banner\" title=\"Banner SUNO, clique e saiba mais\">\n\t\t\t<picture>\n\t\t\t\t<source media=\"(max-width: 500px)\" srcset=\"https:\/\/files.sunoresearch.com.br\/n\/uploads\/2023\/04\/400x300-Planilha-vida-financeira-true.png\">\n\t\t\t\t<img class=\"newsContent__article__imgCapa newsContent__article__imgCapa--banner\"\n\t\t\t\t\tsrc=\"https:\/\/files.sunoresearch.com.br\/n\/uploads\/2023\/04\/1420x240-Planilha-vida-financeira-true.png\"\n\t\t\t\t\tdata-promo-id=\"106682\"\t\t\t\t\t\t\t\t\t\twidth='1420' height='240'\t\t\t\t\talt=\"https:\/\/files.sunoresearch.com.br\/n\/uploads\/2023\/04\/1420x240-Planilha-vida-financeira-true.png\"\n\t\t\t\t>\n\t\t\t<\/picture>\n\t\t<\/a>\n\t<\/p>\n\n\n<h2>Coronav\u00edrus ainda representa riscos a econ\u00f4micos, diz diretora Fed<\/h2>\n<p>J\u00e1 a diretora do <strong>Federal Reserve<\/strong>, Lael <strong>Brainard<\/strong>, afirmou que o <a href=\"https:\/\/www.suno.com.br\/artigos\/recessao-economica\/\">coronav\u00edrus continua a representar riscos negativos para as perspectivas econ\u00f4micas<\/a>.<\/p>\n\t<p>\n\t\t<a href=\"https:\/\/lp.suno.com.br\/ebook-como-analisar-uma-acao\/\" target=\"_blank\" data-element=\"shortcode-suno-banner\" title=\"Banner SUNO, clique e saiba mais\">\n\t\t\t<picture>\n\t\t\t\t<source media=\"(max-width: 500px)\" srcset=\"https:\/\/files.sunoresearch.com.br\/n\/uploads\/2023\/03\/Ebook-Acoes-Mobile-1.jpg\">\n\t\t\t\t<img class=\"newsContent__article__imgCapa newsContent__article__imgCapa--banner\"\n\t\t\t\t\tsrc=\"https:\/\/files.sunoresearch.com.br\/n\/uploads\/2023\/03\/Ebook-Acoes-Desktop-1.jpg\"\n\t\t\t\t\tdata-promo-id=\"171998\"\t\t\t\t\t\t\t\t\t\twidth='1420' height='286'\t\t\t\t\talt=\"https:\/\/files.sunoresearch.com.br\/n\/uploads\/2023\/03\/Ebook-Acoes-Desktop-1.jpg\"\n\t\t\t\t>\n\t\t\t<\/picture>\n\t\t<\/a>\n\t<\/p>\n\n\n<p>&#8220;A economia continua a ter progresso, mas a variante <strong>Delta<\/strong> tem impactado mais do que o esperado&#8221;, avaliou em discurso para evento da Associa\u00e7\u00e3o Nacional para Economia Empresarial (Nabe, pela sigla em ingl\u00eas).<\/p>\n<p>&#8220;Dado a natureza sem precedentes do choque causado pela pandemia, n\u00e3o deveria haver surpresas de que a retomada n\u00e3o ocorrendo de forma linear&#8221;, disse Lael Brainard.<\/p>\n\t<p>\n\t\t<a href=\"https:\/\/lp.suno.com.br\/planilha-de-controle-de-investimentos\/\" target=\"_blank\" data-element=\"shortcode-suno-banner\" title=\"Banner SUNO, clique e saiba mais\">\n\t\t\t<picture>\n\t\t\t\t<source media=\"(max-width: 500px)\" srcset=\"https:\/\/files.sunoresearch.com.br\/n\/uploads\/2023\/03\/400x300-Controle-de-Investimentos.png\">\n\t\t\t\t<img class=\"newsContent__article__imgCapa newsContent__article__imgCapa--banner\"\n\t\t\t\t\tsrc=\"https:\/\/files.sunoresearch.com.br\/n\/uploads\/2023\/03\/1420x240-Controle-de-Investimentos.png\"\n\t\t\t\t\tdata-promo-id=\"75934\"\t\t\t\t\t\t\t\t\t\twidth='1420' height='240'\t\t\t\t\talt=\"https:\/\/files.sunoresearch.com.br\/n\/uploads\/2023\/03\/1420x240-Controle-de-Investimentos.png\"\n\t\t\t\t>\n\t\t\t<\/picture>\n\t\t<\/a>\n\t<\/p>\n\n\n<p>A dirigente observou que a Delta interrompeu tanto a demanda quanto a oferta.<\/p>\n<p>Dados de alta frequ\u00eancia indicam que gastos com consumo diminu\u00edram no segundo semestre deste ano, com a Delta tendo limitado a acelera\u00e7\u00e3o dos gastos nesse setor.\u00a0Por outro lado, a Delta prolongou os gargalos de oferta, disse.<\/p>\n<p>&#8220;A for\u00e7a da retomada, apesar dos desafios sem precedentes associados \u00e0 pandemia, reflete uma <a class=\"suno-keyword\" href=\"https:\/\/www.suno.com.br\/artigos\/politica-fiscal\/\" target=\"_blank\" rel=\"noopener\" data-force=\"no\" data-priority=\"1\">pol\u00edtica fiscal<\/a> e monet\u00e1ria poderosa e resili\u00eancia dos trabalhadores, empresas e fam\u00edlias americanas&#8221;, comentou a diretora do <strong>Fed<\/strong>.<\/p>\n<p><em>Com informa\u00e7\u00f5es do Estad\u00e3o Conte\u00fado<\/em><\/p>\n\t<p>\n\t\t<a href=\"\" target=\"_blank\" data-element=\"shortcode-suno-banner\" title=\"Banner SUNO, clique e saiba mais\">\n\t\t\t<picture>\n\t\t\t\t<source media=\"(max-width: 500px)\" srcset=\"\">\n\t\t\t\t<img class=\"newsContent__article__imgCapa newsContent__article__imgCapa--banner\"\n\t\t\t\t\tsrc=\"\"\n\t\t\t\t\tdata-promo-id=\"184190\"\t\t\t\t\t\t\t\t\t\t\t\t\t\t\talt=\"\"\n\t\t\t\t>\n\t\t\t<\/picture>\n\t\t<\/a>\n\t<\/p>\n\n\n","protected":false},"excerpt":{"rendered":"<p>O presidente da distrital de Nova Iorque do Federal Reserve, o Fed, John Williams, afirmou nesta que n\u00e3o deve haver um grande salto na oferta de trabalho em setembro ou outubro nos Estados Unidos, mas que h\u00e1 um progn\u00f3stico de uma alta &#8220;muita forte&#8221; nos pr\u00f3ximos 12 meses ou mais nos EUA. Ouro Foto: Pixabay [&hellip;]<\/p>\n","protected":false},"author":73,"featured_media":187955,"comment_status":"closed","ping_status":"closed","sticky":false,"template":"","format":"standard","meta":[],"categories":[63],"tags":[106444,1296,1796,776,1752],"suno_strategy":[],"class_list":["post-187927","post","type-post","status-publish","format-standard","has-post-thumbnail","hentry","category-internacional","tag-agencias","tag-desemprego","tag-emprego","tag-federal-reseve-fed","tag-taxa-de-juros"],"yoast_head":"<!-- This site is optimized with the Yoast SEO plugin v24.4 - https:\/\/yoast.com\/wordpress\/plugins\/seo\/ -->\n<title>Dirigente do Fed v\u00ea mercado de trabalho &#039;muito forte&#039; durante pr\u00f3ximo ano<\/title>\n<meta name=\"description\" content=\"No discurso, o dirigente do Fed tamb\u00e9m considerou que \u00e9 &quot;crucial&quot; resolver o impasse do teto da d\u00edvida americana. Clique aqui e leia mais.\" \/>\n<meta name=\"robots\" content=\"index, follow, max-snippet:-1, max-image-preview:large, max-video-preview:-1\" \/>\n<link rel=\"canonical\" href=\"https:\/\/www.suno.com.br\/noticias\/dirigente-do-fed-ve-mercado-de-trabalho-muito-forte-nos-eua-durante-proximo-ano\/\" \/>\n<meta property=\"og:locale\" content=\"pt_BR\" \/>\n<meta property=\"og:type\" content=\"article\" \/>\n<meta property=\"og:title\" content=\"Dirigente do Fed v\u00ea mercado de trabalho &#039;muito forte&#039; durante pr\u00f3ximo ano\" \/>\n<meta property=\"og:description\" content=\"No discurso, o dirigente do Fed tamb\u00e9m considerou que \u00e9 &quot;crucial&quot; resolver o impasse do teto da d\u00edvida americana. Clique aqui e leia mais.\" \/>\n<meta property=\"og:url\" content=\"https:\/\/www.suno.com.br\/noticias\/dirigente-do-fed-ve-mercado-de-trabalho-muito-forte-nos-eua-durante-proximo-ano\/\" \/>\n<meta property=\"og:site_name\" content=\"Suno Not\u00edcias\" \/>\n<meta property=\"article:publisher\" content=\"https:\/\/facebook.com\/sunoresearch\" \/>\n<meta property=\"og:image\" content=\"https:\/\/files.sunoresearch.com.br\/n\/uploads\/2021\/09\/willfed.png\" \/>\n\t<meta property=\"og:image:width\" content=\"1364\" \/>\n\t<meta property=\"og:image:height\" content=\"768\" \/>\n\t<meta property=\"og:image:type\" content=\"image\/png\" \/>\n<meta name=\"author\" content=\"Eduardo Vargas\" \/>\n<meta name=\"twitter:card\" content=\"summary_large_image\" \/>\n<meta name=\"twitter:creator\" content=\"@sunoresearch\" \/>\n<meta name=\"twitter:site\" content=\"@sunoresearch\" \/>\n<meta name=\"twitter:label1\" content=\"Escrito por\" \/>\n\t<meta name=\"twitter:data1\" content=\"Eduardo Vargas\" \/>\n\t<meta name=\"twitter:label2\" content=\"Est. tempo de leitura\" \/>\n\t<meta name=\"twitter:data2\" content=\"2 minutos\" \/>\n<script type=\"application\/ld+json\" class=\"yoast-schema-graph\">{\"@context\":\"https:\/\/schema.org\",\"@graph\":[{\"@type\":\"NewsArticle\",\"@id\":\"https:\/\/www.suno.com.br\/noticias\/dirigente-do-fed-ve-mercado-de-trabalho-muito-forte-nos-eua-durante-proximo-ano\/#article\",\"isPartOf\":{\"@id\":\"https:\/\/www.suno.com.br\/noticias\/dirigente-do-fed-ve-mercado-de-trabalho-muito-forte-nos-eua-durante-proximo-ano\/\"},\"author\":{\"name\":\"Eduardo Vargas\",\"@id\":\"https:\/\/www.suno.com.br\/noticias\/#\/schema\/person\/7f4d362bf3518e76090143ae77bb49a5\"},\"headline\":\"Dirigente do Fed v\u00ea mercado de trabalho &#8216;muito forte&#8217; nos EUA durante pr\u00f3ximo ano\",\"datePublished\":\"2021-09-27T18:20:16+00:00\",\"mainEntityOfPage\":{\"@id\":\"https:\/\/www.suno.com.br\/noticias\/dirigente-do-fed-ve-mercado-de-trabalho-muito-forte-nos-eua-durante-proximo-ano\/\"},\"wordCount\":408,\"publisher\":{\"@id\":\"https:\/\/www.suno.com.br\/noticias\/#organization\"},\"image\":{\"@id\":\"https:\/\/www.suno.com.br\/noticias\/dirigente-do-fed-ve-mercado-de-trabalho-muito-forte-nos-eua-durante-proximo-ano\/#primaryimage\"},\"thumbnailUrl\":\"https:\/\/files.sunoresearch.com.br\/n\/uploads\/2021\/09\/willfed.png\",\"keywords\":[\"Ag\u00eancias\",\"Desemprego\",\"Emprego\",\"Federal Reserve (FED)\",\"taxa de juros\"],\"articleSection\":[\"Internacional\"],\"inLanguage\":\"pt-BR\"},{\"@type\":\"WebPage\",\"@id\":\"https:\/\/www.suno.com.br\/noticias\/dirigente-do-fed-ve-mercado-de-trabalho-muito-forte-nos-eua-durante-proximo-ano\/\",\"url\":\"https:\/\/www.suno.com.br\/noticias\/dirigente-do-fed-ve-mercado-de-trabalho-muito-forte-nos-eua-durante-proximo-ano\/\",\"name\":\"Dirigente do Fed v\u00ea mercado de trabalho 'muito forte' durante pr\u00f3ximo ano\",\"isPartOf\":{\"@id\":\"https:\/\/www.suno.com.br\/noticias\/#website\"},\"primaryImageOfPage\":{\"@id\":\"https:\/\/www.suno.com.br\/noticias\/dirigente-do-fed-ve-mercado-de-trabalho-muito-forte-nos-eua-durante-proximo-ano\/#primaryimage\"},\"image\":{\"@id\":\"https:\/\/www.suno.com.br\/noticias\/dirigente-do-fed-ve-mercado-de-trabalho-muito-forte-nos-eua-durante-proximo-ano\/#primaryimage\"},\"thumbnailUrl\":\"https:\/\/files.sunoresearch.com.br\/n\/uploads\/2021\/09\/willfed.png\",\"datePublished\":\"2021-09-27T18:20:16+00:00\",\"description\":\"No discurso, o dirigente do Fed tamb\u00e9m considerou que \u00e9 \\\"crucial\\\" resolver o impasse do teto da d\u00edvida americana. Clique aqui e leia mais.\",\"breadcrumb\":{\"@id\":\"https:\/\/www.suno.com.br\/noticias\/dirigente-do-fed-ve-mercado-de-trabalho-muito-forte-nos-eua-durante-proximo-ano\/#breadcrumb\"},\"inLanguage\":\"pt-BR\",\"potentialAction\":[{\"@type\":\"ReadAction\",\"target\":[\"https:\/\/www.suno.com.br\/noticias\/dirigente-do-fed-ve-mercado-de-trabalho-muito-forte-nos-eua-durante-proximo-ano\/\"]}]},{\"@type\":\"ImageObject\",\"inLanguage\":\"pt-BR\",\"@id\":\"https:\/\/www.suno.com.br\/noticias\/dirigente-do-fed-ve-mercado-de-trabalho-muito-forte-nos-eua-durante-proximo-ano\/#primaryimage\",\"url\":\"https:\/\/files.sunoresearch.com.br\/n\/uploads\/2021\/09\/willfed.png\",\"contentUrl\":\"https:\/\/files.sunoresearch.com.br\/n\/uploads\/2021\/09\/willfed.png\",\"width\":1364,\"height\":768,\"caption\":\"Williams tamb\u00e9m ressaltou que o Fed n\u00e3o tem como desfazer os eventuais estragos causados por um impasse com o teto da d\u00edvida - Foto: Reprodu\u00e7\u00e3o\/YouTube\/Fed\"},{\"@type\":\"BreadcrumbList\",\"@id\":\"https:\/\/www.suno.com.br\/noticias\/dirigente-do-fed-ve-mercado-de-trabalho-muito-forte-nos-eua-durante-proximo-ano\/#breadcrumb\",\"itemListElement\":[{\"@type\":\"ListItem\",\"position\":1,\"name\":\"Not\u00edcias\",\"item\":\"https:\/\/www.suno.com.br\/noticias\/\"},{\"@type\":\"ListItem\",\"position\":2,\"name\":\"Internacional\",\"item\":\"https:\/\/www.suno.com.br\/noticias\/internacional\/\"},{\"@type\":\"ListItem\",\"position\":3,\"name\":\"Dirigente do Fed v\u00ea mercado de trabalho &#8216;muito forte&#8217; nos EUA durante pr\u00f3ximo ano\"}]},{\"@type\":\"WebSite\",\"@id\":\"https:\/\/www.suno.com.br\/noticias\/#website\",\"url\":\"https:\/\/www.suno.com.br\/noticias\/\",\"name\":\"Suno Not\u00edcias\",\"description\":\"Seu portal de informa\u00e7\u00e3o sobre o mundo dos investimentos\",\"publisher\":{\"@id\":\"https:\/\/www.suno.com.br\/noticias\/#organization\"},\"potentialAction\":[{\"@type\":\"SearchAction\",\"target\":{\"@type\":\"EntryPoint\",\"urlTemplate\":\"https:\/\/www.suno.com.br\/noticias\/?s={search_term_string}\"},\"query-input\":{\"@type\":\"PropertyValueSpecification\",\"valueRequired\":true,\"valueName\":\"search_term_string\"}}],\"inLanguage\":\"pt-BR\"},{\"@type\":\"Organization\",\"@id\":\"https:\/\/www.suno.com.br\/noticias\/#organization\",\"name\":\"Suno Not\u00edcias\",\"url\":\"https:\/\/www.suno.com.br\/noticias\/\",\"logo\":{\"@type\":\"ImageObject\",\"inLanguage\":\"pt-BR\",\"@id\":\"https:\/\/www.suno.com.br\/noticias\/#\/schema\/logo\/image\/\",\"url\":\"https:\/\/files.sunoresearch.com.br\/n\/uploads\/2021\/09\/suno-logo.png\",\"contentUrl\":\"https:\/\/files.sunoresearch.com.br\/n\/uploads\/2021\/09\/suno-logo.png\",\"width\":180,\"height\":180,\"caption\":\"Suno Not\u00edcias\"},\"image\":{\"@id\":\"https:\/\/www.suno.com.br\/noticias\/#\/schema\/logo\/image\/\"},\"sameAs\":[\"https:\/\/facebook.com\/sunoresearch\",\"https:\/\/x.com\/sunoresearch\",\"https:\/\/www.instagram.com\/suno\",\"https:\/\/www.linkedin.com\/company\/suno-research\/\",\"https:\/\/www.youtube.com\/c\/sunoresearch\"]},{\"@type\":\"Person\",\"@id\":\"https:\/\/www.suno.com.br\/noticias\/#\/schema\/person\/7f4d362bf3518e76090143ae77bb49a5\",\"name\":\"Eduardo Vargas\",\"image\":{\"@type\":\"ImageObject\",\"inLanguage\":\"pt-BR\",\"@id\":\"https:\/\/www.suno.com.br\/noticias\/#\/schema\/person\/image\/\",\"url\":\"https:\/\/secure.gravatar.com\/avatar\/dac340933427a22924c9f99d1eb2e3f2?s=96&r=g\",\"contentUrl\":\"https:\/\/secure.gravatar.com\/avatar\/dac340933427a22924c9f99d1eb2e3f2?s=96&r=g\",\"caption\":\"Eduardo Vargas\"},\"description\":\"Jornalista formado pela UFSC, cobre macroeconomia, neg\u00f3cios e startups para o Suno Not\u00edcias, escrevendo principalmente not\u00edcias sobre o mercado financeiro e a bolsa de valores. No YouTube e no Instagram, \u00e9 respons\u00e1vel pela produ\u00e7\u00e3o de Reels e Shorts do Suno Not\u00edcias. Anteriormente, trabalhou cobrindo economia e cotidiano no ND+ e para o ND, maior jornal impresso de Santa Catarina. Cursou um semestre letivo de Estudos de M\u00eddia na Universidad de Buenos Aires.\",\"url\":\"https:\/\/www.suno.com.br\/noticias\/author\/eduardo-vargas\/\"}]}<\/script>\n<!-- \/ Yoast SEO plugin. -->","yoast_head_json":{"title":"Dirigente do Fed v\u00ea mercado de trabalho 'muito forte' durante pr\u00f3ximo ano","description":"No discurso, o dirigente do Fed tamb\u00e9m considerou que \u00e9 \"crucial\" resolver o impasse do teto da d\u00edvida americana. Clique aqui e leia mais.","robots":{"index":"index","follow":"follow","max-snippet":"max-snippet:-1","max-image-preview":"max-image-preview:large","max-video-preview":"max-video-preview:-1"},"canonical":"https:\/\/www.suno.com.br\/noticias\/dirigente-do-fed-ve-mercado-de-trabalho-muito-forte-nos-eua-durante-proximo-ano\/","og_locale":"pt_BR","og_type":"article","og_title":"Dirigente do Fed v\u00ea mercado de trabalho 'muito forte' durante pr\u00f3ximo ano","og_description":"No discurso, o dirigente do Fed tamb\u00e9m considerou que \u00e9 \"crucial\" resolver o impasse do teto da d\u00edvida americana. Clique aqui e leia mais.","og_url":"https:\/\/www.suno.com.br\/noticias\/dirigente-do-fed-ve-mercado-de-trabalho-muito-forte-nos-eua-durante-proximo-ano\/","og_site_name":"Suno Not\u00edcias","article_publisher":"https:\/\/facebook.com\/sunoresearch","og_image":[{"width":1364,"height":768,"url":"https:\/\/files.sunoresearch.com.br\/n\/uploads\/2021\/09\/willfed.png","type":"image\/png"}],"author":"Eduardo Vargas","twitter_card":"summary_large_image","twitter_creator":"@sunoresearch","twitter_site":"@sunoresearch","twitter_misc":{"Escrito por":"Eduardo Vargas","Est. tempo de leitura":"2 minutos"},"schema":{"@context":"https:\/\/schema.org","@graph":[{"@type":"NewsArticle","@id":"https:\/\/www.suno.com.br\/noticias\/dirigente-do-fed-ve-mercado-de-trabalho-muito-forte-nos-eua-durante-proximo-ano\/#article","isPartOf":{"@id":"https:\/\/www.suno.com.br\/noticias\/dirigente-do-fed-ve-mercado-de-trabalho-muito-forte-nos-eua-durante-proximo-ano\/"},"author":{"name":"Eduardo Vargas","@id":"https:\/\/www.suno.com.br\/noticias\/#\/schema\/person\/7f4d362bf3518e76090143ae77bb49a5"},"headline":"Dirigente do Fed v\u00ea mercado de trabalho &#8216;muito forte&#8217; nos EUA durante pr\u00f3ximo ano","datePublished":"2021-09-27T18:20:16+00:00","mainEntityOfPage":{"@id":"https:\/\/www.suno.com.br\/noticias\/dirigente-do-fed-ve-mercado-de-trabalho-muito-forte-nos-eua-durante-proximo-ano\/"},"wordCount":408,"publisher":{"@id":"https:\/\/www.suno.com.br\/noticias\/#organization"},"image":{"@id":"https:\/\/www.suno.com.br\/noticias\/dirigente-do-fed-ve-mercado-de-trabalho-muito-forte-nos-eua-durante-proximo-ano\/#primaryimage"},"thumbnailUrl":"https:\/\/files.sunoresearch.com.br\/n\/uploads\/2021\/09\/willfed.png","keywords":["Ag\u00eancias","Desemprego","Emprego","Federal Reserve (FED)","taxa de juros"],"articleSection":["Internacional"],"inLanguage":"pt-BR"},{"@type":"WebPage","@id":"https:\/\/www.suno.com.br\/noticias\/dirigente-do-fed-ve-mercado-de-trabalho-muito-forte-nos-eua-durante-proximo-ano\/","url":"https:\/\/www.suno.com.br\/noticias\/dirigente-do-fed-ve-mercado-de-trabalho-muito-forte-nos-eua-durante-proximo-ano\/","name":"Dirigente do Fed v\u00ea mercado de trabalho 'muito forte' durante pr\u00f3ximo ano","isPartOf":{"@id":"https:\/\/www.suno.com.br\/noticias\/#website"},"primaryImageOfPage":{"@id":"https:\/\/www.suno.com.br\/noticias\/dirigente-do-fed-ve-mercado-de-trabalho-muito-forte-nos-eua-durante-proximo-ano\/#primaryimage"},"image":{"@id":"https:\/\/www.suno.com.br\/noticias\/dirigente-do-fed-ve-mercado-de-trabalho-muito-forte-nos-eua-durante-proximo-ano\/#primaryimage"},"thumbnailUrl":"https:\/\/files.sunoresearch.com.br\/n\/uploads\/2021\/09\/willfed.png","datePublished":"2021-09-27T18:20:16+00:00","description":"No discurso, o dirigente do Fed tamb\u00e9m considerou que \u00e9 \"crucial\" resolver o impasse do teto da d\u00edvida americana. Clique aqui e leia mais.","breadcrumb":{"@id":"https:\/\/www.suno.com.br\/noticias\/dirigente-do-fed-ve-mercado-de-trabalho-muito-forte-nos-eua-durante-proximo-ano\/#breadcrumb"},"inLanguage":"pt-BR","potentialAction":[{"@type":"ReadAction","target":["https:\/\/www.suno.com.br\/noticias\/dirigente-do-fed-ve-mercado-de-trabalho-muito-forte-nos-eua-durante-proximo-ano\/"]}]},{"@type":"ImageObject","inLanguage":"pt-BR","@id":"https:\/\/www.suno.com.br\/noticias\/dirigente-do-fed-ve-mercado-de-trabalho-muito-forte-nos-eua-durante-proximo-ano\/#primaryimage","url":"https:\/\/files.sunoresearch.com.br\/n\/uploads\/2021\/09\/willfed.png","contentUrl":"https:\/\/files.sunoresearch.com.br\/n\/uploads\/2021\/09\/willfed.png","width":1364,"height":768,"caption":"Williams tamb\u00e9m ressaltou que o Fed n\u00e3o tem como desfazer os eventuais estragos causados por um impasse com o teto da d\u00edvida - Foto: Reprodu\u00e7\u00e3o\/YouTube\/Fed"},{"@type":"BreadcrumbList","@id":"https:\/\/www.suno.com.br\/noticias\/dirigente-do-fed-ve-mercado-de-trabalho-muito-forte-nos-eua-durante-proximo-ano\/#breadcrumb","itemListElement":[{"@type":"ListItem","position":1,"name":"Not\u00edcias","item":"https:\/\/www.suno.com.br\/noticias\/"},{"@type":"ListItem","position":2,"name":"Internacional","item":"https:\/\/www.suno.com.br\/noticias\/internacional\/"},{"@type":"ListItem","position":3,"name":"Dirigente do Fed v\u00ea mercado de trabalho &#8216;muito forte&#8217; nos EUA durante pr\u00f3ximo ano"}]},{"@type":"WebSite","@id":"https:\/\/www.suno.com.br\/noticias\/#website","url":"https:\/\/www.suno.com.br\/noticias\/","name":"Suno Not\u00edcias","description":"Seu portal de informa\u00e7\u00e3o sobre o mundo dos investimentos","publisher":{"@id":"https:\/\/www.suno.com.br\/noticias\/#organization"},"potentialAction":[{"@type":"SearchAction","target":{"@type":"EntryPoint","urlTemplate":"https:\/\/www.suno.com.br\/noticias\/?s={search_term_string}"},"query-input":{"@type":"PropertyValueSpecification","valueRequired":true,"valueName":"search_term_string"}}],"inLanguage":"pt-BR"},{"@type":"Organization","@id":"https:\/\/www.suno.com.br\/noticias\/#organization","name":"Suno Not\u00edcias","url":"https:\/\/www.suno.com.br\/noticias\/","logo":{"@type":"ImageObject","inLanguage":"pt-BR","@id":"https:\/\/www.suno.com.br\/noticias\/#\/schema\/logo\/image\/","url":"https:\/\/files.sunoresearch.com.br\/n\/uploads\/2021\/09\/suno-logo.png","contentUrl":"https:\/\/files.sunoresearch.com.br\/n\/uploads\/2021\/09\/suno-logo.png","width":180,"height":180,"caption":"Suno Not\u00edcias"},"image":{"@id":"https:\/\/www.suno.com.br\/noticias\/#\/schema\/logo\/image\/"},"sameAs":["https:\/\/facebook.com\/sunoresearch","https:\/\/x.com\/sunoresearch","https:\/\/www.instagram.com\/suno","https:\/\/www.linkedin.com\/company\/suno-research\/","https:\/\/www.youtube.com\/c\/sunoresearch"]},{"@type":"Person","@id":"https:\/\/www.suno.com.br\/noticias\/#\/schema\/person\/7f4d362bf3518e76090143ae77bb49a5","name":"Eduardo Vargas","image":{"@type":"ImageObject","inLanguage":"pt-BR","@id":"https:\/\/www.suno.com.br\/noticias\/#\/schema\/person\/image\/","url":"https:\/\/secure.gravatar.com\/avatar\/dac340933427a22924c9f99d1eb2e3f2?s=96&r=g","contentUrl":"https:\/\/secure.gravatar.com\/avatar\/dac340933427a22924c9f99d1eb2e3f2?s=96&r=g","caption":"Eduardo Vargas"},"description":"Jornalista formado pela UFSC, cobre macroeconomia, neg\u00f3cios e startups para o Suno Not\u00edcias, escrevendo principalmente not\u00edcias sobre o mercado financeiro e a bolsa de valores. No YouTube e no Instagram, \u00e9 respons\u00e1vel pela produ\u00e7\u00e3o de Reels e Shorts do Suno Not\u00edcias. Anteriormente, trabalhou cobrindo economia e cotidiano no ND+ e para o ND, maior jornal impresso de Santa Catarina. Cursou um semestre letivo de Estudos de M\u00eddia na Universidad de Buenos Aires.","url":"https:\/\/www.suno.com.br\/noticias\/author\/eduardo-vargas\/"}]}},"default_loop_html":"<div class=\"cardsPage__listCard__boxs\"><div class=\"cardsPage__listCard__boxs__img\"><a href=\"https:\/\/www.suno.com.br\/noticias\/ouro-encerra-em-queda-apos-fed-dar-indicios-de-tapering-ainda-este-ano\/\"><img class=\"mask\" src=\"https:\/\/www.suno.com.br\/noticias\/wp-content\/themes\/suno\/resources\/images\/spotlight\/spotlight1img\/bg-mask.png\" alt=\"Image Mask\"\/><img src=\"https:\/\/files.sunoresearch.com.br\/n\/uploads\/2021\/07\/bb514084-bullion-1744773_1920-400x200.jpg\" alt=\"Ouro encerra em queda, ap\u00f3s Fed dar ind\u00edcios de tapering ainda este ano\"\/><\/a><span class=\"spotlightCategory\"><a href=\"https:\/\/www.suno.com.br\/noticias\/mercado\/\">Mercado<\/a><\/span><\/div><div class=\"cardsPage__listCard__boxs__content\"><a href=\"https:\/\/www.suno.com.br\/noticias\/ouro-encerra-em-queda-apos-fed-dar-indicios-de-tapering-ainda-este-ano\/\"><h2 class=\"content__title\">Ouro encerra em queda, ap\u00f3s Fed dar ind\u00edcios de tapering ainda este ano<\/h2><\/a><div class=\"newsContent__article__meta\"><div class=\"newsContent__article__meta__authorBox\"><a href=\"https:\/\/www.suno.com.br\/noticias\/author\/bruno-garcia\/\" class=\"authorBox__avatar noMobi\"><img src=\"https:\/\/secure.gravatar.com\/avatar\/53598df0b41c00f12f287a912d0e918e?s=96&#038;r=g\" alt=\"Bruno Galv\u00e3o\"><\/a><div class=\"authorBox__name\"><span>por\n\t\t\t<a href=\"https:\/\/www.suno.com.br\/noticias\/author\/bruno-garcia\/\"><span itemprop=\"author\">Bruno Galv\u00e3o<\/span><\/a><\/span><time datetime=\"2021-09-23T17:08:46-03:00\" itemprop=\"datePublished\">23\/09\/2021 17:08<\/time><\/div><\/div><\/div><\/div><\/div>","single_layout":"posts","amp_enabled":true,"_links":{"self":[{"href":"https:\/\/www.suno.com.br\/noticias\/wp-json\/wp\/v2\/posts\/187927"}],"collection":[{"href":"https:\/\/www.suno.com.br\/noticias\/wp-json\/wp\/v2\/posts"}],"about":[{"href":"https:\/\/www.suno.com.br\/noticias\/wp-json\/wp\/v2\/types\/post"}],"author":[{"embeddable":true,"href":"https:\/\/www.suno.com.br\/noticias\/wp-json\/wp\/v2\/users\/73"}],"replies":[{"embeddable":true,"href":"https:\/\/www.suno.com.br\/noticias\/wp-json\/wp\/v2\/comments?post=187927"}],"version-history":[{"count":2,"href":"https:\/\/www.suno.com.br\/noticias\/wp-json\/wp\/v2\/posts\/187927\/revisions"}],"predecessor-version":[{"id":187958,"href":"https:\/\/www.suno.com.br\/noticias\/wp-json\/wp\/v2\/posts\/187927\/revisions\/187958"}],"wp:featuredmedia":[{"embeddable":true,"href":"https:\/\/www.suno.com.br\/noticias\/wp-json\/wp\/v2\/media\/187955"}],"wp:attachment":[{"href":"https:\/\/www.suno.com.br\/noticias\/wp-json\/wp\/v2\/media?parent=187927"}],"wp:term":[{"taxonomy":"category","embeddable":true,"href":"https:\/\/www.suno.com.br\/noticias\/wp-json\/wp\/v2\/categories?post=187927"},{"taxonomy":"post_tag","embeddable":true,"href":"https:\/\/www.suno.com.br\/noticias\/wp-json\/wp\/v2\/tags?post=187927"},{"taxonomy":"suno_strategy","embeddable":true,"href":"https:\/\/www.suno.com.br\/noticias\/wp-json\/wp\/v2\/suno_strategy?post=187927"}],"curies":[{"name":"wp","href":"https:\/\/api.w.org\/{rel}","templated":true}]}}