{"id":187859,"date":"2021-09-27T17:50:26","date_gmt":"2021-09-27T20:50:26","guid":{"rendered":"https:\/\/www.suno.com.br\/noticias\/?p=187859"},"modified":"2021-09-27T17:50:26","modified_gmt":"2021-09-27T20:50:26","slug":"bc-juros-lagarde-inflacao-meta","status":"publish","type":"post","link":"https:\/\/www.suno.com.br\/noticias\/bc-juros-lagarde-inflacao-meta\/","title":{"rendered":"BCE n\u00e3o subir\u00e1 juros antes de infla\u00e7\u00e3o chegar \u00e0 meta sustentada de 2% ao ano, diz Lagarde"},"content":{"rendered":"<p>A presidente do Banco Central Europeu, o <strong>BCE<\/strong>, Christine Lagarde, afirmou que o &#8220;cen\u00e1rio de base&#8221; indica que as press\u00f5es de alta nos pre\u00e7os s\u00e3o transit\u00f3rias e que a infla\u00e7\u00e3o da zona do euro deve permanecer abaixo da meta de 2% da autoridade monet\u00e1rio.<\/p>\t<div class=\"wrapper-featured-image\">\n\t\t<figure class=\"spotlightImg\">\n\n\t\t\t<picture>\n\t\t\t\t<source media=\"(max-width: 768px)\" srcset=\"https:\/\/files.sunoresearch.com.br\/n\/uploads\/2021\/09\/lagarde-bce-400x200.png\">\n\t\t\t\t<img loading=\"lazy\" decoding=\"async\" class=\"newsContent__article__imgCapa lazyloadDisabled \" src=\"https:\/\/files.sunoresearch.com.br\/n\/uploads\/2021\/09\/lagarde-bce-800x450.png\" width=\"800\" height=\"450\" alt=\"BCE n\u00e3o subir\u00e1 juros antes de infla\u00e7\u00e3o chegar \u00e0 meta sustentada de 2% ao ano, diz Lagarde\" fetchpriority=high \/>\n\t\t\t<\/picture>\n\n\t\t\t<figcaption class=\"wp-caption-text wp-caption-text--show\">Para dar suporte \u00e0 recupera\u00e7\u00e3o econ\u00f4mica, Lagarde disse que ser\u00e1 necess\u00e1rio manter as condi\u00e7\u00f5es financeiras &quot;favor\u00e1veis&quot; na zona do euro, algo que deve ser garantido pela revis\u00e3o da estrat\u00e9gia de pol\u00edtica monet\u00e1ria do BCE com base nos dados de infla\u00e7\u00e3o - Foto: Reprodu\u00e7\u00e3o\/World Economic Forum<\/figcaption>\n\t\t<\/figure>\n\t<\/div>\n\n\n\t<p>\n\t\t<a href=\"https:\/\/lp.suno.com.br\/planilha-controle-gastos\/\" target=\"_blank\" data-element=\"shortcode-suno-banner\" title=\"Banner SUNO, clique e saiba mais\">\n\t\t\t<picture>\n\t\t\t\t<source media=\"(max-width: 500px)\" srcset=\"https:\/\/files.sunoresearch.com.br\/n\/uploads\/2023\/03\/400x300-Planilha-controle-de-gastos.png\">\n\t\t\t\t<img class=\"newsContent__article__imgCapa newsContent__article__imgCapa--banner\"\n\t\t\t\t\tsrc=\"https:\/\/files.sunoresearch.com.br\/n\/uploads\/2023\/03\/1420x240-Planilha-controle-de-gastos.png\"\n\t\t\t\t\tdata-promo-id=\"101751\"\t\t\t\t\t\t\t\t\t\twidth='1420' height='240'\t\t\t\t\talt=\"https:\/\/files.sunoresearch.com.br\/n\/uploads\/2023\/03\/1420x240-Planilha-controle-de-gastos.png\"\n\t\t\t\t>\n\t\t\t<\/picture>\n\t\t<\/a>\n\t<\/p>\n\n\n<p>Deste modo, o BCE n\u00e3o vai considerar elevar os <strong>juros<\/strong> na regi\u00e3o, segundo ela disse durante discurso ao Comit\u00ea de para Assuntos Econ\u00f4micos e Monet\u00e1rios do Parlamento Europeu nesta segunda-feira (27).<\/p>\n<p>Entre os fatores que provocam esta press\u00e3o tempor\u00e1ria, <strong>Lagarde<\/strong> citou o &#8220;forte aumento dos pre\u00e7os do petr\u00f3leo desde meados do ano passado, a revers\u00e3o da redu\u00e7\u00e3o tempor\u00e1ria do Imposto sobre Valor Agregado (IVA) na Alemanha e press\u00f5es de custo decorrentes de escassez tempor\u00e1ria de materiais e equipamentos&#8221;.<\/p>\n\n\t<div data-element=\"shortcode-read-more\" class=\"readToo\">\n\t\t\t\t<span class=\"readToo__title\">Leia mais<\/span>\n\t\t\t\t<ul class=\"readToo__list\">\n\t\t\t<li><a href=\"https:\/\/www.suno.com.br\/noticias\/estimulos-expansao-lagarde-bce\/\">Est\u00edmulos monet\u00e1rios s\u00e3o necess\u00e1rios para seguir expans\u00e3o, diz Lagarde, do BCE<\/a><\/li><li><a href=\"https:\/\/www.suno.com.br\/noticias\/bc-disposto-agir-fed-zona-euro-lane\/\">BCE est\u00e1 &#8220;disposto a agir&#8221; caso Fed afete a zona do Euro, diz Lane<\/a><\/li>\t\t<\/ul>\n\t<\/div>\n\n\n<p>Este \u00faltimo item, caso se estenda, pode fazer com que a <strong>infla\u00e7\u00e3o<\/strong> fique elevada por mais tempo que o esperado, de acordo com a dirigente, que ainda ponderou que o BCE v\u00ea &#8220;sinais limitados&#8221; no momento de que isso possa ocorrer.<\/p>\n<p>Sobre a evolu\u00e7\u00e3o da <strong>economia<\/strong> europeia, Lagarde disse que um &#8220;forte&#8221; crescimento \u00e9 esperado para a segunda metade de 2021, continuando o movimento do primeiro semestre.<\/p>\n\t<p>\n\t\t<a href=\"https:\/\/lp.suno.com.br\/planilha-da-vida-financeira\/\" target=\"_blank\" data-element=\"shortcode-suno-banner\" title=\"Banner SUNO, clique e saiba mais\">\n\t\t\t<picture>\n\t\t\t\t<source media=\"(max-width: 500px)\" srcset=\"https:\/\/files.sunoresearch.com.br\/n\/uploads\/2023\/04\/400x300-Planilha-vida-financeira-true.png\">\n\t\t\t\t<img class=\"newsContent__article__imgCapa newsContent__article__imgCapa--banner\"\n\t\t\t\t\tsrc=\"https:\/\/files.sunoresearch.com.br\/n\/uploads\/2023\/04\/1420x240-Planilha-vida-financeira-true.png\"\n\t\t\t\t\tdata-promo-id=\"106682\"\t\t\t\t\t\t\t\t\t\twidth='1420' height='240'\t\t\t\t\talt=\"https:\/\/files.sunoresearch.com.br\/n\/uploads\/2023\/04\/1420x240-Planilha-vida-financeira-true.png\"\n\t\t\t\t>\n\t\t\t<\/picture>\n\t\t<\/a>\n\t<\/p>\n\n\n<p>Esta previs\u00e3o, por\u00e9m, segue incerta e dependente da situa\u00e7\u00e3o da pandemia de coronav\u00edrus, mas os &#8220;riscos est\u00e3o amplamente equilibrados&#8221;, disse a banqueira central.<\/p>\n<h2>BCE n\u00e3o persegue infla\u00e7\u00e3o acima dos 2% ao ano, diz Lagarde<\/h2>\n<p>Para dar suporte \u00e0 recupera\u00e7\u00e3o econ\u00f4mica, Lagarde disse que ser\u00e1 necess\u00e1rio manter as condi\u00e7\u00f5es financeiras &#8220;favor\u00e1veis&#8221; na zona do <strong>euro<\/strong>, algo que deve ser garantido pela revis\u00e3o da estrat\u00e9gia de pol\u00edtica monet\u00e1ria do BCE realizada em julho, de acordo com ela.<\/p>\n\t<p>\n\t\t<a href=\"https:\/\/lp.suno.com.br\/ebook-como-analisar-uma-acao\/\" target=\"_blank\" data-element=\"shortcode-suno-banner\" title=\"Banner SUNO, clique e saiba mais\">\n\t\t\t<picture>\n\t\t\t\t<source media=\"(max-width: 500px)\" srcset=\"https:\/\/files.sunoresearch.com.br\/n\/uploads\/2023\/03\/Ebook-Acoes-Mobile-1.jpg\">\n\t\t\t\t<img class=\"newsContent__article__imgCapa newsContent__article__imgCapa--banner\"\n\t\t\t\t\tsrc=\"https:\/\/files.sunoresearch.com.br\/n\/uploads\/2023\/03\/Ebook-Acoes-Desktop-1.jpg\"\n\t\t\t\t\tdata-promo-id=\"171998\"\t\t\t\t\t\t\t\t\t\twidth='1420' height='286'\t\t\t\t\talt=\"https:\/\/files.sunoresearch.com.br\/n\/uploads\/2023\/03\/Ebook-Acoes-Desktop-1.jpg\"\n\t\t\t\t>\n\t\t\t<\/picture>\n\t\t<\/a>\n\t<\/p>\n\n\n<p>Para &#8220;avaliar a adequa\u00e7\u00e3o&#8221; da pol\u00edtica monet\u00e1ria em rela\u00e7\u00e3o ao objetivo de estabilidade de pre\u00e7os no bloco monet\u00e1rio, Lagarde anunciou que uma nova revis\u00e3o estrat\u00e9gica ser\u00e1 feita em 2025.<\/p>\n<p>A presidente do Banco Central Europeu esclareceu que a entidade n\u00e3o busca &#8220;deliberadamente&#8221; por uma infla\u00e7\u00e3o acima da sua meta de 2% ao ano.<\/p>\n<p>Para atingir a <strong>meta<\/strong> de forma sustentada e por toda a base de proje\u00e7\u00f5es do BCE, \u00e9 poss\u00edvel que a infla\u00e7\u00e3o fique moderadamente acima de 2%, disse ela, ao ponderar que o BC comum tem &#8220;todas as raz\u00f5es&#8221; para crer que efeitos de base e as press\u00f5es nos pre\u00e7os de energia n\u00e3o resultar\u00e3o em uma infla\u00e7\u00e3o sustentada.<\/p>\n\t<p>\n\t\t<a href=\"https:\/\/lp.suno.com.br\/planilha-de-controle-de-investimentos\/\" target=\"_blank\" data-element=\"shortcode-suno-banner\" title=\"Banner SUNO, clique e saiba mais\">\n\t\t\t<picture>\n\t\t\t\t<source media=\"(max-width: 500px)\" srcset=\"https:\/\/files.sunoresearch.com.br\/n\/uploads\/2023\/03\/400x300-Controle-de-Investimentos.png\">\n\t\t\t\t<img class=\"newsContent__article__imgCapa newsContent__article__imgCapa--banner\"\n\t\t\t\t\tsrc=\"https:\/\/files.sunoresearch.com.br\/n\/uploads\/2023\/03\/1420x240-Controle-de-Investimentos.png\"\n\t\t\t\t\tdata-promo-id=\"75934\"\t\t\t\t\t\t\t\t\t\twidth='1420' height='240'\t\t\t\t\talt=\"https:\/\/files.sunoresearch.com.br\/n\/uploads\/2023\/03\/1420x240-Controle-de-Investimentos.png\"\n\t\t\t\t>\n\t\t\t<\/picture>\n\t\t<\/a>\n\t<\/p>\n\n\n<p>Lagarde afirmou, por\u00e9m, que a entidade ficar\u00e1 atenta aos gargalos na cadeia de suprimentos, caso eles se estendam al\u00e9m do esperado. Demanda de sal\u00e1rios, excesso de poupan\u00e7as e as expectativas inflacion\u00e1rias na zona do euro tamb\u00e9m ser\u00e3o acompanhadas de perto pelo <strong>BCE<\/strong>, segundo a dirigente. A banqueira central afirmou que as expectativas subiram recentemente, mas &#8220;apenas&#8221; para cerca de 1,7% a 1,8% ao ano.<\/p>\n<p><em>Com informa\u00e7\u00f5es do Estad\u00e3o Conte\u00fado<\/em><\/p>\n\t<p>\n\t\t<a href=\"\" target=\"_blank\" data-element=\"shortcode-suno-banner\" title=\"Banner SUNO, clique e saiba mais\">\n\t\t\t<picture>\n\t\t\t\t<source media=\"(max-width: 500px)\" srcset=\"\">\n\t\t\t\t<img class=\"newsContent__article__imgCapa newsContent__article__imgCapa--banner\"\n\t\t\t\t\tsrc=\"\"\n\t\t\t\t\tdata-promo-id=\"184190\"\t\t\t\t\t\t\t\t\t\t\t\t\t\t\talt=\"\"\n\t\t\t\t>\n\t\t\t<\/picture>\n\t\t<\/a>\n\t<\/p>\n\n\n","protected":false},"excerpt":{"rendered":"<p>A presidente do Banco Central Europeu, o BCE, Christine Lagarde, afirmou que o &#8220;cen\u00e1rio de base&#8221; indica que as press\u00f5es de alta nos pre\u00e7os s\u00e3o transit\u00f3rias e que a infla\u00e7\u00e3o da zona do euro deve permanecer abaixo da meta de 2% da autoridade monet\u00e1rio. BCE &#8211; Foto: Divulga\u00e7\u00e3o\/Banco Central Europeu Deste modo, o BCE n\u00e3o [&hellip;]<\/p>\n","protected":false},"author":73,"featured_media":184590,"comment_status":"closed","ping_status":"closed","sticky":false,"template":"","format":"standard","meta":[],"categories":[63],"tags":[106444,863,1528,710,1752],"suno_strategy":[],"class_list":["post-187859","post","type-post","status-publish","format-standard","has-post-thumbnail","hentry","category-internacional","tag-agencias","tag-banco-central-europeu-bce","tag-christine-lagarde","tag-europa","tag-taxa-de-juros"],"yoast_head":"<!-- This site is optimized with the Yoast SEO plugin v24.4 - https:\/\/yoast.com\/wordpress\/plugins\/seo\/ -->\n<title>BCE n\u00e3o subir\u00e1 juros antes de infla\u00e7\u00e3o chegar na meta sustentada de 2%<\/title>\n<meta name=\"description\" content=\"Fala de Lagarde, do BCE, ocorreu durante discurso ao Comit\u00ea de para Assuntos Econ\u00f4micos e Monet\u00e1rios do Parlamento Europeu. Leia mais.\" \/>\n<meta name=\"robots\" content=\"index, follow, max-snippet:-1, max-image-preview:large, max-video-preview:-1\" \/>\n<link rel=\"canonical\" href=\"https:\/\/www.suno.com.br\/noticias\/bc-juros-lagarde-inflacao-meta\/\" \/>\n<meta property=\"og:locale\" content=\"pt_BR\" \/>\n<meta property=\"og:type\" content=\"article\" \/>\n<meta property=\"og:title\" content=\"BCE n\u00e3o subir\u00e1 juros antes de infla\u00e7\u00e3o chegar na meta sustentada de 2%\" \/>\n<meta property=\"og:description\" content=\"Fala de Lagarde, do BCE, ocorreu durante discurso ao Comit\u00ea de para Assuntos Econ\u00f4micos e Monet\u00e1rios do Parlamento Europeu. Leia mais.\" \/>\n<meta property=\"og:url\" content=\"https:\/\/www.suno.com.br\/noticias\/bc-juros-lagarde-inflacao-meta\/\" \/>\n<meta property=\"og:site_name\" content=\"Suno Not\u00edcias\" \/>\n<meta property=\"article:publisher\" content=\"https:\/\/facebook.com\/sunoresearch\" \/>\n<meta property=\"og:image\" content=\"https:\/\/files.sunoresearch.com.br\/n\/uploads\/2021\/09\/lagarde-bce.png\" \/>\n\t<meta property=\"og:image:width\" content=\"1296\" \/>\n\t<meta property=\"og:image:height\" content=\"754\" \/>\n\t<meta property=\"og:image:type\" content=\"image\/png\" \/>\n<meta name=\"author\" content=\"Eduardo Vargas\" \/>\n<meta name=\"twitter:card\" content=\"summary_large_image\" \/>\n<meta name=\"twitter:creator\" content=\"@sunoresearch\" \/>\n<meta name=\"twitter:site\" content=\"@sunoresearch\" \/>\n<meta name=\"twitter:label1\" content=\"Escrito por\" \/>\n\t<meta name=\"twitter:data1\" content=\"Eduardo Vargas\" \/>\n\t<meta name=\"twitter:label2\" content=\"Est. tempo de leitura\" \/>\n\t<meta name=\"twitter:data2\" content=\"3 minutos\" \/>\n<script type=\"application\/ld+json\" class=\"yoast-schema-graph\">{\"@context\":\"https:\/\/schema.org\",\"@graph\":[{\"@type\":\"NewsArticle\",\"@id\":\"https:\/\/www.suno.com.br\/noticias\/bc-juros-lagarde-inflacao-meta\/#article\",\"isPartOf\":{\"@id\":\"https:\/\/www.suno.com.br\/noticias\/bc-juros-lagarde-inflacao-meta\/\"},\"author\":{\"name\":\"Eduardo Vargas\",\"@id\":\"https:\/\/www.suno.com.br\/noticias\/#\/schema\/person\/7f4d362bf3518e76090143ae77bb49a5\"},\"headline\":\"BCE n\u00e3o subir\u00e1 juros antes de infla\u00e7\u00e3o chegar \u00e0 meta sustentada de 2% ao ano, diz Lagarde\",\"datePublished\":\"2021-09-27T20:50:26+00:00\",\"mainEntityOfPage\":{\"@id\":\"https:\/\/www.suno.com.br\/noticias\/bc-juros-lagarde-inflacao-meta\/\"},\"wordCount\":537,\"publisher\":{\"@id\":\"https:\/\/www.suno.com.br\/noticias\/#organization\"},\"image\":{\"@id\":\"https:\/\/www.suno.com.br\/noticias\/bc-juros-lagarde-inflacao-meta\/#primaryimage\"},\"thumbnailUrl\":\"https:\/\/files.sunoresearch.com.br\/n\/uploads\/2021\/09\/lagarde-bce.png\",\"keywords\":[\"Ag\u00eancias\",\"Banco Central Europeu (BCE)\",\"Christine Lagarde\",\"Europa\",\"taxa de juros\"],\"articleSection\":[\"Internacional\"],\"inLanguage\":\"pt-BR\"},{\"@type\":\"WebPage\",\"@id\":\"https:\/\/www.suno.com.br\/noticias\/bc-juros-lagarde-inflacao-meta\/\",\"url\":\"https:\/\/www.suno.com.br\/noticias\/bc-juros-lagarde-inflacao-meta\/\",\"name\":\"BCE n\u00e3o subir\u00e1 juros antes de infla\u00e7\u00e3o chegar na meta sustentada de 2%\",\"isPartOf\":{\"@id\":\"https:\/\/www.suno.com.br\/noticias\/#website\"},\"primaryImageOfPage\":{\"@id\":\"https:\/\/www.suno.com.br\/noticias\/bc-juros-lagarde-inflacao-meta\/#primaryimage\"},\"image\":{\"@id\":\"https:\/\/www.suno.com.br\/noticias\/bc-juros-lagarde-inflacao-meta\/#primaryimage\"},\"thumbnailUrl\":\"https:\/\/files.sunoresearch.com.br\/n\/uploads\/2021\/09\/lagarde-bce.png\",\"datePublished\":\"2021-09-27T20:50:26+00:00\",\"description\":\"Fala de Lagarde, do BCE, ocorreu durante discurso ao Comit\u00ea de para Assuntos Econ\u00f4micos e Monet\u00e1rios do Parlamento Europeu. Leia mais.\",\"breadcrumb\":{\"@id\":\"https:\/\/www.suno.com.br\/noticias\/bc-juros-lagarde-inflacao-meta\/#breadcrumb\"},\"inLanguage\":\"pt-BR\",\"potentialAction\":[{\"@type\":\"ReadAction\",\"target\":[\"https:\/\/www.suno.com.br\/noticias\/bc-juros-lagarde-inflacao-meta\/\"]}]},{\"@type\":\"ImageObject\",\"inLanguage\":\"pt-BR\",\"@id\":\"https:\/\/www.suno.com.br\/noticias\/bc-juros-lagarde-inflacao-meta\/#primaryimage\",\"url\":\"https:\/\/files.sunoresearch.com.br\/n\/uploads\/2021\/09\/lagarde-bce.png\",\"contentUrl\":\"https:\/\/files.sunoresearch.com.br\/n\/uploads\/2021\/09\/lagarde-bce.png\",\"width\":1296,\"height\":754,\"caption\":\"Para dar suporte \u00e0 recupera\u00e7\u00e3o econ\u00f4mica, Lagarde disse que ser\u00e1 necess\u00e1rio manter as condi\u00e7\u00f5es financeiras \\\"favor\u00e1veis\\\" na zona do euro, algo que deve ser garantido pela revis\u00e3o da estrat\u00e9gia de pol\u00edtica monet\u00e1ria do BCE com base nos dados de infla\u00e7\u00e3o - Foto: Reprodu\u00e7\u00e3o\/World Economic Forum\"},{\"@type\":\"BreadcrumbList\",\"@id\":\"https:\/\/www.suno.com.br\/noticias\/bc-juros-lagarde-inflacao-meta\/#breadcrumb\",\"itemListElement\":[{\"@type\":\"ListItem\",\"position\":1,\"name\":\"Not\u00edcias\",\"item\":\"https:\/\/www.suno.com.br\/noticias\/\"},{\"@type\":\"ListItem\",\"position\":2,\"name\":\"Internacional\",\"item\":\"https:\/\/www.suno.com.br\/noticias\/internacional\/\"},{\"@type\":\"ListItem\",\"position\":3,\"name\":\"BCE n\u00e3o subir\u00e1 juros antes de infla\u00e7\u00e3o chegar \u00e0 meta sustentada de 2% ao ano, diz Lagarde\"}]},{\"@type\":\"WebSite\",\"@id\":\"https:\/\/www.suno.com.br\/noticias\/#website\",\"url\":\"https:\/\/www.suno.com.br\/noticias\/\",\"name\":\"Suno Not\u00edcias\",\"description\":\"Seu portal de informa\u00e7\u00e3o sobre o mundo dos investimentos\",\"publisher\":{\"@id\":\"https:\/\/www.suno.com.br\/noticias\/#organization\"},\"potentialAction\":[{\"@type\":\"SearchAction\",\"target\":{\"@type\":\"EntryPoint\",\"urlTemplate\":\"https:\/\/www.suno.com.br\/noticias\/?s={search_term_string}\"},\"query-input\":{\"@type\":\"PropertyValueSpecification\",\"valueRequired\":true,\"valueName\":\"search_term_string\"}}],\"inLanguage\":\"pt-BR\"},{\"@type\":\"Organization\",\"@id\":\"https:\/\/www.suno.com.br\/noticias\/#organization\",\"name\":\"Suno Not\u00edcias\",\"url\":\"https:\/\/www.suno.com.br\/noticias\/\",\"logo\":{\"@type\":\"ImageObject\",\"inLanguage\":\"pt-BR\",\"@id\":\"https:\/\/www.suno.com.br\/noticias\/#\/schema\/logo\/image\/\",\"url\":\"https:\/\/files.sunoresearch.com.br\/n\/uploads\/2021\/09\/suno-logo.png\",\"contentUrl\":\"https:\/\/files.sunoresearch.com.br\/n\/uploads\/2021\/09\/suno-logo.png\",\"width\":180,\"height\":180,\"caption\":\"Suno Not\u00edcias\"},\"image\":{\"@id\":\"https:\/\/www.suno.com.br\/noticias\/#\/schema\/logo\/image\/\"},\"sameAs\":[\"https:\/\/facebook.com\/sunoresearch\",\"https:\/\/x.com\/sunoresearch\",\"https:\/\/www.instagram.com\/suno\",\"https:\/\/www.linkedin.com\/company\/suno-research\/\",\"https:\/\/www.youtube.com\/c\/sunoresearch\"]},{\"@type\":\"Person\",\"@id\":\"https:\/\/www.suno.com.br\/noticias\/#\/schema\/person\/7f4d362bf3518e76090143ae77bb49a5\",\"name\":\"Eduardo Vargas\",\"image\":{\"@type\":\"ImageObject\",\"inLanguage\":\"pt-BR\",\"@id\":\"https:\/\/www.suno.com.br\/noticias\/#\/schema\/person\/image\/\",\"url\":\"https:\/\/secure.gravatar.com\/avatar\/dac340933427a22924c9f99d1eb2e3f2?s=96&r=g\",\"contentUrl\":\"https:\/\/secure.gravatar.com\/avatar\/dac340933427a22924c9f99d1eb2e3f2?s=96&r=g\",\"caption\":\"Eduardo Vargas\"},\"description\":\"Jornalista formado pela UFSC, cobre macroeconomia, neg\u00f3cios e startups para o Suno Not\u00edcias, escrevendo principalmente not\u00edcias sobre o mercado financeiro e a bolsa de valores. No YouTube e no Instagram, \u00e9 respons\u00e1vel pela produ\u00e7\u00e3o de Reels e Shorts do Suno Not\u00edcias. Anteriormente, trabalhou cobrindo economia e cotidiano no ND+ e para o ND, maior jornal impresso de Santa Catarina. Cursou um semestre letivo de Estudos de M\u00eddia na Universidad de Buenos Aires.\",\"url\":\"https:\/\/www.suno.com.br\/noticias\/author\/eduardo-vargas\/\"}]}<\/script>\n<!-- \/ Yoast SEO plugin. -->","yoast_head_json":{"title":"BCE n\u00e3o subir\u00e1 juros antes de infla\u00e7\u00e3o chegar na meta sustentada de 2%","description":"Fala de Lagarde, do BCE, ocorreu durante discurso ao Comit\u00ea de para Assuntos Econ\u00f4micos e Monet\u00e1rios do Parlamento Europeu. Leia mais.","robots":{"index":"index","follow":"follow","max-snippet":"max-snippet:-1","max-image-preview":"max-image-preview:large","max-video-preview":"max-video-preview:-1"},"canonical":"https:\/\/www.suno.com.br\/noticias\/bc-juros-lagarde-inflacao-meta\/","og_locale":"pt_BR","og_type":"article","og_title":"BCE n\u00e3o subir\u00e1 juros antes de infla\u00e7\u00e3o chegar na meta sustentada de 2%","og_description":"Fala de Lagarde, do BCE, ocorreu durante discurso ao Comit\u00ea de para Assuntos Econ\u00f4micos e Monet\u00e1rios do Parlamento Europeu. Leia mais.","og_url":"https:\/\/www.suno.com.br\/noticias\/bc-juros-lagarde-inflacao-meta\/","og_site_name":"Suno Not\u00edcias","article_publisher":"https:\/\/facebook.com\/sunoresearch","og_image":[{"width":1296,"height":754,"url":"https:\/\/files.sunoresearch.com.br\/n\/uploads\/2021\/09\/lagarde-bce.png","type":"image\/png"}],"author":"Eduardo Vargas","twitter_card":"summary_large_image","twitter_creator":"@sunoresearch","twitter_site":"@sunoresearch","twitter_misc":{"Escrito por":"Eduardo Vargas","Est. tempo de leitura":"3 minutos"},"schema":{"@context":"https:\/\/schema.org","@graph":[{"@type":"NewsArticle","@id":"https:\/\/www.suno.com.br\/noticias\/bc-juros-lagarde-inflacao-meta\/#article","isPartOf":{"@id":"https:\/\/www.suno.com.br\/noticias\/bc-juros-lagarde-inflacao-meta\/"},"author":{"name":"Eduardo Vargas","@id":"https:\/\/www.suno.com.br\/noticias\/#\/schema\/person\/7f4d362bf3518e76090143ae77bb49a5"},"headline":"BCE n\u00e3o subir\u00e1 juros antes de infla\u00e7\u00e3o chegar \u00e0 meta sustentada de 2% ao ano, diz Lagarde","datePublished":"2021-09-27T20:50:26+00:00","mainEntityOfPage":{"@id":"https:\/\/www.suno.com.br\/noticias\/bc-juros-lagarde-inflacao-meta\/"},"wordCount":537,"publisher":{"@id":"https:\/\/www.suno.com.br\/noticias\/#organization"},"image":{"@id":"https:\/\/www.suno.com.br\/noticias\/bc-juros-lagarde-inflacao-meta\/#primaryimage"},"thumbnailUrl":"https:\/\/files.sunoresearch.com.br\/n\/uploads\/2021\/09\/lagarde-bce.png","keywords":["Ag\u00eancias","Banco Central Europeu (BCE)","Christine Lagarde","Europa","taxa de juros"],"articleSection":["Internacional"],"inLanguage":"pt-BR"},{"@type":"WebPage","@id":"https:\/\/www.suno.com.br\/noticias\/bc-juros-lagarde-inflacao-meta\/","url":"https:\/\/www.suno.com.br\/noticias\/bc-juros-lagarde-inflacao-meta\/","name":"BCE n\u00e3o subir\u00e1 juros antes de infla\u00e7\u00e3o chegar na meta sustentada de 2%","isPartOf":{"@id":"https:\/\/www.suno.com.br\/noticias\/#website"},"primaryImageOfPage":{"@id":"https:\/\/www.suno.com.br\/noticias\/bc-juros-lagarde-inflacao-meta\/#primaryimage"},"image":{"@id":"https:\/\/www.suno.com.br\/noticias\/bc-juros-lagarde-inflacao-meta\/#primaryimage"},"thumbnailUrl":"https:\/\/files.sunoresearch.com.br\/n\/uploads\/2021\/09\/lagarde-bce.png","datePublished":"2021-09-27T20:50:26+00:00","description":"Fala de Lagarde, do BCE, ocorreu durante discurso ao Comit\u00ea de para Assuntos Econ\u00f4micos e Monet\u00e1rios do Parlamento Europeu. Leia mais.","breadcrumb":{"@id":"https:\/\/www.suno.com.br\/noticias\/bc-juros-lagarde-inflacao-meta\/#breadcrumb"},"inLanguage":"pt-BR","potentialAction":[{"@type":"ReadAction","target":["https:\/\/www.suno.com.br\/noticias\/bc-juros-lagarde-inflacao-meta\/"]}]},{"@type":"ImageObject","inLanguage":"pt-BR","@id":"https:\/\/www.suno.com.br\/noticias\/bc-juros-lagarde-inflacao-meta\/#primaryimage","url":"https:\/\/files.sunoresearch.com.br\/n\/uploads\/2021\/09\/lagarde-bce.png","contentUrl":"https:\/\/files.sunoresearch.com.br\/n\/uploads\/2021\/09\/lagarde-bce.png","width":1296,"height":754,"caption":"Para dar suporte \u00e0 recupera\u00e7\u00e3o econ\u00f4mica, Lagarde disse que ser\u00e1 necess\u00e1rio manter as condi\u00e7\u00f5es financeiras \"favor\u00e1veis\" na zona do euro, algo que deve ser garantido pela revis\u00e3o da estrat\u00e9gia de pol\u00edtica monet\u00e1ria do BCE com base nos dados de infla\u00e7\u00e3o - Foto: Reprodu\u00e7\u00e3o\/World Economic Forum"},{"@type":"BreadcrumbList","@id":"https:\/\/www.suno.com.br\/noticias\/bc-juros-lagarde-inflacao-meta\/#breadcrumb","itemListElement":[{"@type":"ListItem","position":1,"name":"Not\u00edcias","item":"https:\/\/www.suno.com.br\/noticias\/"},{"@type":"ListItem","position":2,"name":"Internacional","item":"https:\/\/www.suno.com.br\/noticias\/internacional\/"},{"@type":"ListItem","position":3,"name":"BCE n\u00e3o subir\u00e1 juros antes de infla\u00e7\u00e3o chegar \u00e0 meta sustentada de 2% ao ano, diz Lagarde"}]},{"@type":"WebSite","@id":"https:\/\/www.suno.com.br\/noticias\/#website","url":"https:\/\/www.suno.com.br\/noticias\/","name":"Suno Not\u00edcias","description":"Seu portal de informa\u00e7\u00e3o sobre o mundo dos investimentos","publisher":{"@id":"https:\/\/www.suno.com.br\/noticias\/#organization"},"potentialAction":[{"@type":"SearchAction","target":{"@type":"EntryPoint","urlTemplate":"https:\/\/www.suno.com.br\/noticias\/?s={search_term_string}"},"query-input":{"@type":"PropertyValueSpecification","valueRequired":true,"valueName":"search_term_string"}}],"inLanguage":"pt-BR"},{"@type":"Organization","@id":"https:\/\/www.suno.com.br\/noticias\/#organization","name":"Suno Not\u00edcias","url":"https:\/\/www.suno.com.br\/noticias\/","logo":{"@type":"ImageObject","inLanguage":"pt-BR","@id":"https:\/\/www.suno.com.br\/noticias\/#\/schema\/logo\/image\/","url":"https:\/\/files.sunoresearch.com.br\/n\/uploads\/2021\/09\/suno-logo.png","contentUrl":"https:\/\/files.sunoresearch.com.br\/n\/uploads\/2021\/09\/suno-logo.png","width":180,"height":180,"caption":"Suno Not\u00edcias"},"image":{"@id":"https:\/\/www.suno.com.br\/noticias\/#\/schema\/logo\/image\/"},"sameAs":["https:\/\/facebook.com\/sunoresearch","https:\/\/x.com\/sunoresearch","https:\/\/www.instagram.com\/suno","https:\/\/www.linkedin.com\/company\/suno-research\/","https:\/\/www.youtube.com\/c\/sunoresearch"]},{"@type":"Person","@id":"https:\/\/www.suno.com.br\/noticias\/#\/schema\/person\/7f4d362bf3518e76090143ae77bb49a5","name":"Eduardo Vargas","image":{"@type":"ImageObject","inLanguage":"pt-BR","@id":"https:\/\/www.suno.com.br\/noticias\/#\/schema\/person\/image\/","url":"https:\/\/secure.gravatar.com\/avatar\/dac340933427a22924c9f99d1eb2e3f2?s=96&r=g","contentUrl":"https:\/\/secure.gravatar.com\/avatar\/dac340933427a22924c9f99d1eb2e3f2?s=96&r=g","caption":"Eduardo Vargas"},"description":"Jornalista formado pela UFSC, cobre macroeconomia, neg\u00f3cios e startups para o Suno Not\u00edcias, escrevendo principalmente not\u00edcias sobre o mercado financeiro e a bolsa de valores. No YouTube e no Instagram, \u00e9 respons\u00e1vel pela produ\u00e7\u00e3o de Reels e Shorts do Suno Not\u00edcias. Anteriormente, trabalhou cobrindo economia e cotidiano no ND+ e para o ND, maior jornal impresso de Santa Catarina. Cursou um semestre letivo de Estudos de M\u00eddia na Universidad de Buenos Aires.","url":"https:\/\/www.suno.com.br\/noticias\/author\/eduardo-vargas\/"}]}},"default_loop_html":"<div class=\"cardsPage__listCard__boxs\"><div class=\"cardsPage__listCard__boxs__img\"><a href=\"https:\/\/www.suno.com.br\/noticias\/bc-disposto-agir-fed-zona-euro-lane\/\"><img class=\"mask\" src=\"https:\/\/www.suno.com.br\/noticias\/wp-content\/themes\/suno\/resources\/images\/spotlight\/spotlight1img\/bg-mask.png\" alt=\"Image Mask\"\/><img src=\"https:\/\/files.sunoresearch.com.br\/n\/uploads\/2021\/08\/2b825af2-bce-banco-central-europeu-400x200.jpg\" alt=\"BCE est\u00e1 &#8220;disposto a agir&#8221; caso Fed afete a zona do Euro, diz Lane\"\/><\/a><span class=\"spotlightCategory\"><a href=\"https:\/\/www.suno.com.br\/noticias\/internacional\/\">Internacional<\/a><\/span><\/div><div class=\"cardsPage__listCard__boxs__content\"><a href=\"https:\/\/www.suno.com.br\/noticias\/bc-disposto-agir-fed-zona-euro-lane\/\"><h2 class=\"content__title\">BCE est\u00e1 &#8220;disposto a agir&#8221; caso Fed afete a zona do Euro, diz Lane<\/h2><\/a><div class=\"newsContent__article__meta\"><div class=\"newsContent__article__meta__authorBox\"><a href=\"https:\/\/www.suno.com.br\/noticias\/author\/eduardo-vargas\/\" class=\"authorBox__avatar noMobi\"><img src=\"https:\/\/secure.gravatar.com\/avatar\/dac340933427a22924c9f99d1eb2e3f2?s=96&#038;r=g\" alt=\"Eduardo Vargas\"><\/a><div class=\"authorBox__name\"><span>por\n\t\t\t<a href=\"https:\/\/www.suno.com.br\/noticias\/author\/eduardo-vargas\/\"><span itemprop=\"author\">Eduardo Vargas<\/span><\/a><\/span><time datetime=\"2021-08-25T13:41:34-03:00\" itemprop=\"datePublished\">25\/08\/2021 13:41<\/time><\/div><\/div><\/div><\/div><\/div>","single_layout":"posts","amp_enabled":true,"_links":{"self":[{"href":"https:\/\/www.suno.com.br\/noticias\/wp-json\/wp\/v2\/posts\/187859"}],"collection":[{"href":"https:\/\/www.suno.com.br\/noticias\/wp-json\/wp\/v2\/posts"}],"about":[{"href":"https:\/\/www.suno.com.br\/noticias\/wp-json\/wp\/v2\/types\/post"}],"author":[{"embeddable":true,"href":"https:\/\/www.suno.com.br\/noticias\/wp-json\/wp\/v2\/users\/73"}],"replies":[{"embeddable":true,"href":"https:\/\/www.suno.com.br\/noticias\/wp-json\/wp\/v2\/comments?post=187859"}],"version-history":[{"count":4,"href":"https:\/\/www.suno.com.br\/noticias\/wp-json\/wp\/v2\/posts\/187859\/revisions"}],"predecessor-version":[{"id":188046,"href":"https:\/\/www.suno.com.br\/noticias\/wp-json\/wp\/v2\/posts\/187859\/revisions\/188046"}],"wp:featuredmedia":[{"embeddable":true,"href":"https:\/\/www.suno.com.br\/noticias\/wp-json\/wp\/v2\/media\/184590"}],"wp:attachment":[{"href":"https:\/\/www.suno.com.br\/noticias\/wp-json\/wp\/v2\/media?parent=187859"}],"wp:term":[{"taxonomy":"category","embeddable":true,"href":"https:\/\/www.suno.com.br\/noticias\/wp-json\/wp\/v2\/categories?post=187859"},{"taxonomy":"post_tag","embeddable":true,"href":"https:\/\/www.suno.com.br\/noticias\/wp-json\/wp\/v2\/tags?post=187859"},{"taxonomy":"suno_strategy","embeddable":true,"href":"https:\/\/www.suno.com.br\/noticias\/wp-json\/wp\/v2\/suno_strategy?post=187859"}],"curies":[{"name":"wp","href":"https:\/\/api.w.org\/{rel}","templated":true}]}}