{"id":187831,"date":"2021-09-27T12:11:12","date_gmt":"2021-09-27T15:11:12","guid":{"rendered":"https:\/\/www.suno.com.br\/noticias\/?p=187831"},"modified":"2021-09-27T12:11:12","modified_gmt":"2021-09-27T15:11:12","slug":"alliar-aalr3-mam-quer-mudar-conselho-e-plano-estrategico","status":"publish","type":"post","link":"https:\/\/www.suno.com.br\/noticias\/alliar-aalr3-mam-quer-mudar-conselho-e-plano-estrategico\/","title":{"rendered":"Alliar (AALR3): acionista pede AGE para mudar conselho e aprovar novo plano estrat\u00e9gico"},"content":{"rendered":"<p>A Mam Asset Management, acionista detentora de 5,07% do capital social da <a class=\"suno-keyword\" href=\"https:\/\/www.suno.com.br\/acoes\/AALR3\/\" target=\"_blank\" rel=\"noopener\" data-force=\"yes\" data-priority=\"2\"><strong>Alliar<\/strong> (AALR3)<\/a>, solicitou a convoca\u00e7\u00e3o de assembleia geral extraordin\u00e1ria (AGE) para substituir membros dos atuais conselhos de administra\u00e7\u00e3o, fiscal e m\u00e9dico e tamb\u00e9m aprovar um novo plano estrat\u00e9gico de <a class=\"suno-keyword\" href=\"https:\/\/www.suno.com.br\/artigos\/longo-prazo\/\" target=\"_blank\" rel=\"noopener\" data-force=\"no\" data-priority=\"1\">longo prazo<\/a> para o grupo de medicina diagn\u00f3stica.<\/p>\t<div class=\"wrapper-featured-image\">\n\t\t<figure class=\"spotlightImg\">\n\n\t\t\t<picture>\n\t\t\t\t<source media=\"(max-width: 768px)\" srcset=\"https:\/\/files.sunoresearch.com.br\/n\/uploads\/2021\/01\/1ea97c5e-america-american-application-care-caucasian-clinic-1444739-pxhere.com_-400x200.jpg\">\n\t\t\t\t<img loading=\"lazy\" decoding=\"async\" class=\"newsContent__article__imgCapa lazyloadDisabled \" src=\"https:\/\/files.sunoresearch.com.br\/n\/uploads\/2021\/01\/1ea97c5e-america-american-application-care-caucasian-clinic-1444739-pxhere.com_-800x450.jpg\" width=\"800\" height=\"450\" alt=\"Alliar (AALR3): acionista pede AGE para mudar conselho e aprovar novo plano estrat\u00e9gico\" fetchpriority=high \/>\n\t\t\t<\/picture>\n\n\t\t\t<figcaption class=\"wp-caption-text wp-caption-text--show\">Medicina diagn\u00f3stica. Foto: Pixabay<\/figcaption>\n\t\t<\/figure>\n\t<\/div>\n\n\n\t<p>\n\t\t<a href=\"https:\/\/lp.suno.com.br\/planilha-controle-gastos\/\" target=\"_blank\" data-element=\"shortcode-suno-banner\" title=\"Banner SUNO, clique e saiba mais\">\n\t\t\t<picture>\n\t\t\t\t<source media=\"(max-width: 500px)\" srcset=\"https:\/\/files.sunoresearch.com.br\/n\/uploads\/2023\/03\/400x300-Planilha-controle-de-gastos.png\">\n\t\t\t\t<img class=\"newsContent__article__imgCapa newsContent__article__imgCapa--banner\"\n\t\t\t\t\tsrc=\"https:\/\/files.sunoresearch.com.br\/n\/uploads\/2023\/03\/1420x240-Planilha-controle-de-gastos.png\"\n\t\t\t\t\tdata-promo-id=\"101751\"\t\t\t\t\t\t\t\t\t\twidth='1420' height='240'\t\t\t\t\talt=\"https:\/\/files.sunoresearch.com.br\/n\/uploads\/2023\/03\/1420x240-Planilha-controle-de-gastos.png\"\n\t\t\t\t>\n\t\t\t<\/picture>\n\t\t<\/a>\n\t<\/p>\n\n\n<p>Em <a class=\"suno-keyword\" href=\"https:\/\/www.suno.com.br\/artigos\/fato-relevante\/\" target=\"_blank\" rel=\"noopener\" data-force=\"no\" data-priority=\"1\">fato relevante,<\/a> divulgado pela Alliar nesta segunda-feira (27), a empresa comunica que recebeu o pedido e \u201cest\u00e1 analisando os fundamentos e os aspectos legais de cada uma das mat\u00e9rias solicitadas para delibera\u00e7\u00e3o em assembleia geral em conjunto com seus assessores jur\u00eddicos\u201d.<\/p>\n<p>O documento tamb\u00e9m descreve as solicita\u00e7\u00f5es feitas pela <strong>gestora MAM<\/strong>, s\u00e3o elas:<\/p>\n<ul>\n<li>aprova\u00e7\u00e3o das diretrizes para a elabora\u00e7\u00e3o do novo Plano Estrat\u00e9gico de Longo Prazo para a Companhia a ser implementado at\u00e9 o encerramento do exerc\u00edcio de 2022;<\/li>\n<li>substitui\u00e7\u00e3o do <a class=\"suno-keyword\" href=\"https:\/\/www.suno.com.br\/artigos\/conselho-administracao\/\" target=\"_blank\" rel=\"noopener\" data-force=\"no\" data-priority=\"1\">Conselho de Administra\u00e7\u00e3o<\/a> da Alliar, com a destitui\u00e7\u00e3o integral da atual chapa e elei\u00e7\u00e3o de nova chapa;<\/li>\n<li>determinar ao Conselho de Administra\u00e7\u00e3o a constitui\u00e7\u00e3o do Conselho M\u00e9dico da Companhia, em substitui\u00e7\u00e3o ao atual Comit\u00ea M\u00e9dico, o qual dever\u00e1 funcionar como \u00f3rg\u00e3o de assessoramento \u00e0 administra\u00e7\u00e3o, cuja composi\u00e7\u00e3o e atribui\u00e7\u00f5es dever\u00e3o ser definidas pelo Conselho de Administra\u00e7\u00e3o;<\/li>\n<\/ul>\n\t<div data-element=\"shortcode-read-more\" class=\"knowMore\">\n\t\t\t\t<a class=\"knowMore__link\" href=\"https:\/\/www.suno.com.br\/noticias\/rede-dor-rdor3-desiste-opa-alliar-aalr3\/\">\n\t\t\tRede D&#039;Or (RDOR3) desiste de OPA da Alliar (AALR3) por &#039;impossibilidade l\u00f3gica&#039;\t\t<\/a>\n\t<\/div>\n\n\n<ul>\n<li>destitui\u00e7\u00e3o dos membros do <a class=\"suno-keyword\" href=\"https:\/\/www.suno.com.br\/artigos\/conselho-fiscal\/\" target=\"_blank\" rel=\"noopener\" data-force=\"no\" data-priority=\"1\">Conselho Fiscal<\/a> e elei\u00e7\u00e3o de novos membros;<\/li>\n<li>aumento do capital social da Companhia mediante a emiss\u00e3o de 30 milh\u00f5es de <a class=\"suno-keyword\" href=\"https:\/\/www.suno.com.br\/artigos\/o-que-sao-acoes-ordinarias-preferenciais-e-units\/\" target=\"_blank\" rel=\"noopener\" data-force=\"no\" data-priority=\"1\">a\u00e7\u00f5es ordin\u00e1rias<\/a>, dentro do limite do <a class=\"suno-keyword\" href=\"https:\/\/www.suno.com.br\/artigos\/capital-autorizado\/\" target=\"_blank\" rel=\"noopener\" data-force=\"no\" data-priority=\"1\">capital autorizado<\/a>, devendo os termos e condi\u00e7\u00f5es do <a class=\"suno-keyword\" href=\"https:\/\/www.suno.com.br\/artigos\/aumento-capital\/\" target=\"_blank\" rel=\"noopener\" data-force=\"no\" data-priority=\"1\">aumento de capital<\/a>, inclusive o pre\u00e7o de emiss\u00e3o, serem fixados pelo Conselho de Administra\u00e7\u00e3o;<\/li>\n<li>autorizar a administra\u00e7\u00e3o da Alliar a tomar todas as provid\u00eancias e praticar todo os atos necess\u00e1rios ou convenientes para a implementa\u00e7\u00e3o das mat\u00e9rias ora aprovadas.<\/li>\n<\/ul>\n<p>A Alliar afirma, em fato relevante, que manter\u00e1 seus acionistas e o mercado informados sobre as decis\u00f5es a respeito do pedido da <strong>MAM Asset<\/strong>.<\/p>\n\t<p>\n\t\t<a href=\"https:\/\/lp.suno.com.br\/ebook-como-analisar-uma-acao\/\" target=\"_blank\" data-element=\"shortcode-suno-banner\" title=\"Banner SUNO, clique e saiba mais\">\n\t\t\t<picture>\n\t\t\t\t<source media=\"(max-width: 500px)\" srcset=\"https:\/\/files.sunoresearch.com.br\/n\/uploads\/2023\/03\/Ebook-Acoes-Mobile-1.jpg\">\n\t\t\t\t<img class=\"newsContent__article__imgCapa newsContent__article__imgCapa--banner\"\n\t\t\t\t\tsrc=\"https:\/\/files.sunoresearch.com.br\/n\/uploads\/2023\/03\/Ebook-Acoes-Desktop-1.jpg\"\n\t\t\t\t\tdata-promo-id=\"171998\"\t\t\t\t\t\t\t\t\t\twidth='1420' height='286'\t\t\t\t\talt=\"https:\/\/files.sunoresearch.com.br\/n\/uploads\/2023\/03\/Ebook-Acoes-Desktop-1.jpg\"\n\t\t\t\t>\n\t\t\t<\/picture>\n\t\t<\/a>\n\t<\/p>\n\n\n<h2>\u00daltima cota\u00e7\u00e3o da Alliar<\/h2>\n<p>\u00c0s 11:05 desta segunda-feira (27), a<strong> cota\u00e7\u00e3o da Alliar<\/strong> na bolsa de valores apresentava queda de 1,20%, com as <strong>a\u00e7\u00f5es AALR3<\/strong> sendo negociadas a R$ 11,53.<\/p>\n<p>Nos \u00faltimos 12 meses, os pap\u00e9is da <strong>Alliar<\/strong> acumulam valoriza\u00e7\u00e3o de 13,36%, com as a\u00e7\u00f5es valendo R$ 15,70 na m\u00e1xima e R$ 8,35 na m\u00ednima.<\/p>\n\t<p>\n\t\t<a href=\"\" target=\"_blank\" data-element=\"shortcode-suno-banner\" title=\"Banner SUNO, clique e saiba mais\">\n\t\t\t<picture>\n\t\t\t\t<source media=\"(max-width: 500px)\" srcset=\"\">\n\t\t\t\t<img class=\"newsContent__article__imgCapa newsContent__article__imgCapa--banner\"\n\t\t\t\t\tsrc=\"\"\n\t\t\t\t\tdata-promo-id=\"184190\"\t\t\t\t\t\t\t\t\t\t\t\t\t\t\talt=\"\"\n\t\t\t\t>\n\t\t\t<\/picture>\n\t\t<\/a>\n\t<\/p>\n\n\n","protected":false},"excerpt":{"rendered":"<p>A Mam Asset Management, acionista detentora de 5,07% do capital social da Alliar (AALR3), solicitou a convoca\u00e7\u00e3o de assembleia geral extraordin\u00e1ria (AGE) para substituir membros dos atuais conselhos de administra\u00e7\u00e3o, fiscal e m\u00e9dico e tamb\u00e9m aprovar um novo plano estrat\u00e9gico de longo prazo para o grupo de medicina diagn\u00f3stica. Medicina diagn\u00f3stica. Foto: Pixabay Em fato [&hellip;]<\/p>\n","protected":false},"author":102,"featured_media":112418,"comment_status":"closed","ping_status":"closed","sticky":false,"template":"","format":"standard","meta":[],"categories":[64],"tags":[105916,92617],"suno_strategy":[],"class_list":["post-187831","post","type-post","status-publish","format-standard","has-post-thumbnail","hentry","category-negocios","tag-acionistas-minoritarios","tag-alliar-aalr3"],"yoast_head":"<!-- This site is optimized with the Yoast SEO plugin v24.4 - https:\/\/yoast.com\/wordpress\/plugins\/seo\/ -->\n<title>Alliar (AALR3): acionista pede AGE para mudar conselho e validar planos<\/title>\n<meta name=\"description\" content=\"A MAM Asset, acionista da Alliar (AALR3), solicitou uma AGE para fazer mudan\u00e7as no conselho e nos planos da empresa. Leia mais aqui e entenda\" \/>\n<meta name=\"robots\" content=\"index, follow, max-snippet:-1, max-image-preview:large, max-video-preview:-1\" \/>\n<link rel=\"canonical\" href=\"https:\/\/www.suno.com.br\/noticias\/alliar-aalr3-mam-quer-mudar-conselho-e-plano-estrategico\/\" \/>\n<meta property=\"og:locale\" content=\"pt_BR\" \/>\n<meta property=\"og:type\" content=\"article\" \/>\n<meta property=\"og:title\" content=\"Alliar (AALR3): acionista pede AGE para mudar conselho e validar planos\" \/>\n<meta property=\"og:description\" content=\"A MAM Asset, acionista da Alliar (AALR3), solicitou uma AGE para fazer mudan\u00e7as no conselho e nos planos da empresa. Leia mais aqui e entenda\" \/>\n<meta property=\"og:url\" content=\"https:\/\/www.suno.com.br\/noticias\/alliar-aalr3-mam-quer-mudar-conselho-e-plano-estrategico\/\" \/>\n<meta property=\"og:site_name\" content=\"Suno Not\u00edcias\" \/>\n<meta property=\"article:publisher\" content=\"https:\/\/facebook.com\/sunoresearch\" \/>\n<meta property=\"og:image\" content=\"https:\/\/files.sunoresearch.com.br\/n\/uploads\/2021\/01\/1ea97c5e-america-american-application-care-caucasian-clinic-1444739-pxhere.com_-scaled.jpg\" \/>\n\t<meta property=\"og:image:width\" content=\"2560\" \/>\n\t<meta property=\"og:image:height\" content=\"1577\" \/>\n\t<meta property=\"og:image:type\" content=\"image\/jpeg\" \/>\n<meta name=\"author\" content=\"Monique Lima\" \/>\n<meta name=\"twitter:card\" content=\"summary_large_image\" \/>\n<meta name=\"twitter:creator\" content=\"@sunoresearch\" \/>\n<meta name=\"twitter:site\" content=\"@sunoresearch\" \/>\n<meta name=\"twitter:label1\" content=\"Escrito por\" \/>\n\t<meta name=\"twitter:data1\" content=\"Monique Lima\" \/>\n\t<meta name=\"twitter:label2\" content=\"Est. tempo de leitura\" \/>\n\t<meta name=\"twitter:data2\" content=\"2 minutos\" \/>\n<script type=\"application\/ld+json\" class=\"yoast-schema-graph\">{\"@context\":\"https:\/\/schema.org\",\"@graph\":[{\"@type\":\"NewsArticle\",\"@id\":\"https:\/\/www.suno.com.br\/noticias\/alliar-aalr3-mam-quer-mudar-conselho-e-plano-estrategico\/#article\",\"isPartOf\":{\"@id\":\"https:\/\/www.suno.com.br\/noticias\/alliar-aalr3-mam-quer-mudar-conselho-e-plano-estrategico\/\"},\"author\":{\"name\":\"Monique Lima\",\"@id\":\"https:\/\/www.suno.com.br\/noticias\/#\/schema\/person\/d712329319cc9b10f254d02d654cb36a\"},\"headline\":\"Alliar (AALR3): acionista pede AGE para mudar conselho e aprovar novo plano estrat\u00e9gico\",\"datePublished\":\"2021-09-27T15:11:12+00:00\",\"mainEntityOfPage\":{\"@id\":\"https:\/\/www.suno.com.br\/noticias\/alliar-aalr3-mam-quer-mudar-conselho-e-plano-estrategico\/\"},\"wordCount\":414,\"publisher\":{\"@id\":\"https:\/\/www.suno.com.br\/noticias\/#organization\"},\"image\":{\"@id\":\"https:\/\/www.suno.com.br\/noticias\/alliar-aalr3-mam-quer-mudar-conselho-e-plano-estrategico\/#primaryimage\"},\"thumbnailUrl\":\"https:\/\/files.sunoresearch.com.br\/n\/uploads\/2021\/01\/1ea97c5e-america-american-application-care-caucasian-clinic-1444739-pxhere.com_-scaled.jpg\",\"keywords\":[\"acionistas minorit\u00e1rios\",\"Alliar (AALR3)\"],\"articleSection\":[\"Neg\u00f3cios\"],\"inLanguage\":\"pt-BR\"},{\"@type\":\"WebPage\",\"@id\":\"https:\/\/www.suno.com.br\/noticias\/alliar-aalr3-mam-quer-mudar-conselho-e-plano-estrategico\/\",\"url\":\"https:\/\/www.suno.com.br\/noticias\/alliar-aalr3-mam-quer-mudar-conselho-e-plano-estrategico\/\",\"name\":\"Alliar (AALR3): acionista pede AGE para mudar conselho e validar planos\",\"isPartOf\":{\"@id\":\"https:\/\/www.suno.com.br\/noticias\/#website\"},\"primaryImageOfPage\":{\"@id\":\"https:\/\/www.suno.com.br\/noticias\/alliar-aalr3-mam-quer-mudar-conselho-e-plano-estrategico\/#primaryimage\"},\"image\":{\"@id\":\"https:\/\/www.suno.com.br\/noticias\/alliar-aalr3-mam-quer-mudar-conselho-e-plano-estrategico\/#primaryimage\"},\"thumbnailUrl\":\"https:\/\/files.sunoresearch.com.br\/n\/uploads\/2021\/01\/1ea97c5e-america-american-application-care-caucasian-clinic-1444739-pxhere.com_-scaled.jpg\",\"datePublished\":\"2021-09-27T15:11:12+00:00\",\"description\":\"A MAM Asset, acionista da Alliar (AALR3), solicitou uma AGE para fazer mudan\u00e7as no conselho e nos planos da empresa. Leia mais aqui e entenda\",\"breadcrumb\":{\"@id\":\"https:\/\/www.suno.com.br\/noticias\/alliar-aalr3-mam-quer-mudar-conselho-e-plano-estrategico\/#breadcrumb\"},\"inLanguage\":\"pt-BR\",\"potentialAction\":[{\"@type\":\"ReadAction\",\"target\":[\"https:\/\/www.suno.com.br\/noticias\/alliar-aalr3-mam-quer-mudar-conselho-e-plano-estrategico\/\"]}]},{\"@type\":\"ImageObject\",\"inLanguage\":\"pt-BR\",\"@id\":\"https:\/\/www.suno.com.br\/noticias\/alliar-aalr3-mam-quer-mudar-conselho-e-plano-estrategico\/#primaryimage\",\"url\":\"https:\/\/files.sunoresearch.com.br\/n\/uploads\/2021\/01\/1ea97c5e-america-american-application-care-caucasian-clinic-1444739-pxhere.com_-scaled.jpg\",\"contentUrl\":\"https:\/\/files.sunoresearch.com.br\/n\/uploads\/2021\/01\/1ea97c5e-america-american-application-care-caucasian-clinic-1444739-pxhere.com_-scaled.jpg\",\"width\":2560,\"height\":1577,\"caption\":\"Medicina diagn\u00f3stica. Foto: Pixabay\"},{\"@type\":\"BreadcrumbList\",\"@id\":\"https:\/\/www.suno.com.br\/noticias\/alliar-aalr3-mam-quer-mudar-conselho-e-plano-estrategico\/#breadcrumb\",\"itemListElement\":[{\"@type\":\"ListItem\",\"position\":1,\"name\":\"Not\u00edcias\",\"item\":\"https:\/\/www.suno.com.br\/noticias\/\"},{\"@type\":\"ListItem\",\"position\":2,\"name\":\"Neg\u00f3cios\",\"item\":\"https:\/\/www.suno.com.br\/noticias\/negocios\/\"},{\"@type\":\"ListItem\",\"position\":3,\"name\":\"Alliar (AALR3): acionista pede AGE para mudar conselho e aprovar novo plano estrat\u00e9gico\"}]},{\"@type\":\"WebSite\",\"@id\":\"https:\/\/www.suno.com.br\/noticias\/#website\",\"url\":\"https:\/\/www.suno.com.br\/noticias\/\",\"name\":\"Suno Not\u00edcias\",\"description\":\"Seu portal de informa\u00e7\u00e3o sobre o mundo dos investimentos\",\"publisher\":{\"@id\":\"https:\/\/www.suno.com.br\/noticias\/#organization\"},\"potentialAction\":[{\"@type\":\"SearchAction\",\"target\":{\"@type\":\"EntryPoint\",\"urlTemplate\":\"https:\/\/www.suno.com.br\/noticias\/?s={search_term_string}\"},\"query-input\":{\"@type\":\"PropertyValueSpecification\",\"valueRequired\":true,\"valueName\":\"search_term_string\"}}],\"inLanguage\":\"pt-BR\"},{\"@type\":\"Organization\",\"@id\":\"https:\/\/www.suno.com.br\/noticias\/#organization\",\"name\":\"Suno Not\u00edcias\",\"url\":\"https:\/\/www.suno.com.br\/noticias\/\",\"logo\":{\"@type\":\"ImageObject\",\"inLanguage\":\"pt-BR\",\"@id\":\"https:\/\/www.suno.com.br\/noticias\/#\/schema\/logo\/image\/\",\"url\":\"https:\/\/files.sunoresearch.com.br\/n\/uploads\/2021\/09\/suno-logo.png\",\"contentUrl\":\"https:\/\/files.sunoresearch.com.br\/n\/uploads\/2021\/09\/suno-logo.png\",\"width\":180,\"height\":180,\"caption\":\"Suno Not\u00edcias\"},\"image\":{\"@id\":\"https:\/\/www.suno.com.br\/noticias\/#\/schema\/logo\/image\/\"},\"sameAs\":[\"https:\/\/facebook.com\/sunoresearch\",\"https:\/\/x.com\/sunoresearch\",\"https:\/\/www.instagram.com\/suno\",\"https:\/\/www.linkedin.com\/company\/suno-research\/\",\"https:\/\/www.youtube.com\/c\/sunoresearch\"]},{\"@type\":\"Person\",\"@id\":\"https:\/\/www.suno.com.br\/noticias\/#\/schema\/person\/d712329319cc9b10f254d02d654cb36a\",\"name\":\"Monique Lima\",\"image\":{\"@type\":\"ImageObject\",\"inLanguage\":\"pt-BR\",\"@id\":\"https:\/\/www.suno.com.br\/noticias\/#\/schema\/person\/image\/\",\"url\":\"https:\/\/secure.gravatar.com\/avatar\/daee7f16d906c2e9ffed236206ca2c30?s=96&r=g\",\"contentUrl\":\"https:\/\/secure.gravatar.com\/avatar\/daee7f16d906c2e9ffed236206ca2c30?s=96&r=g\",\"caption\":\"Monique Lima\"},\"description\":\"Rep\u00f3rter de Mercado no Suno Not\u00edcias, \u00e9 jornalista com experi\u00eancia na cobertura de economia, empreendedorismo, finan\u00e7as pessoais, mercado financeiro, carreira e recursos humanos. Formada em Jornalismo pela Universidade Paulista, teve experi\u00eancias em ve\u00edculos de comunica\u00e7\u00e3o como a Ag\u00eancia TradeMap, Revista Voc\u00ea S\/A e Revista Voc\u00ea RH, as duas \u00faltimas publica\u00e7\u00f5es da Editora Abril. No Suno Not\u00edcias, fala sobre as principais not\u00edcias de Fundos Imobili\u00e1rios, Fiagro, Startups e empresas listadas na Bolsa.\",\"url\":\"https:\/\/www.suno.com.br\/noticias\/author\/monique-lima\/\"}]}<\/script>\n<!-- \/ Yoast SEO plugin. -->","yoast_head_json":{"title":"Alliar (AALR3): acionista pede AGE para mudar conselho e validar planos","description":"A MAM Asset, acionista da Alliar (AALR3), solicitou uma AGE para fazer mudan\u00e7as no conselho e nos planos da empresa. Leia mais aqui e entenda","robots":{"index":"index","follow":"follow","max-snippet":"max-snippet:-1","max-image-preview":"max-image-preview:large","max-video-preview":"max-video-preview:-1"},"canonical":"https:\/\/www.suno.com.br\/noticias\/alliar-aalr3-mam-quer-mudar-conselho-e-plano-estrategico\/","og_locale":"pt_BR","og_type":"article","og_title":"Alliar (AALR3): acionista pede AGE para mudar conselho e validar planos","og_description":"A MAM Asset, acionista da Alliar (AALR3), solicitou uma AGE para fazer mudan\u00e7as no conselho e nos planos da empresa. Leia mais aqui e entenda","og_url":"https:\/\/www.suno.com.br\/noticias\/alliar-aalr3-mam-quer-mudar-conselho-e-plano-estrategico\/","og_site_name":"Suno Not\u00edcias","article_publisher":"https:\/\/facebook.com\/sunoresearch","og_image":[{"width":2560,"height":1577,"url":"https:\/\/files.sunoresearch.com.br\/n\/uploads\/2021\/01\/1ea97c5e-america-american-application-care-caucasian-clinic-1444739-pxhere.com_-scaled.jpg","type":"image\/jpeg"}],"author":"Monique Lima","twitter_card":"summary_large_image","twitter_creator":"@sunoresearch","twitter_site":"@sunoresearch","twitter_misc":{"Escrito por":"Monique Lima","Est. tempo de leitura":"2 minutos"},"schema":{"@context":"https:\/\/schema.org","@graph":[{"@type":"NewsArticle","@id":"https:\/\/www.suno.com.br\/noticias\/alliar-aalr3-mam-quer-mudar-conselho-e-plano-estrategico\/#article","isPartOf":{"@id":"https:\/\/www.suno.com.br\/noticias\/alliar-aalr3-mam-quer-mudar-conselho-e-plano-estrategico\/"},"author":{"name":"Monique Lima","@id":"https:\/\/www.suno.com.br\/noticias\/#\/schema\/person\/d712329319cc9b10f254d02d654cb36a"},"headline":"Alliar (AALR3): acionista pede AGE para mudar conselho e aprovar novo plano estrat\u00e9gico","datePublished":"2021-09-27T15:11:12+00:00","mainEntityOfPage":{"@id":"https:\/\/www.suno.com.br\/noticias\/alliar-aalr3-mam-quer-mudar-conselho-e-plano-estrategico\/"},"wordCount":414,"publisher":{"@id":"https:\/\/www.suno.com.br\/noticias\/#organization"},"image":{"@id":"https:\/\/www.suno.com.br\/noticias\/alliar-aalr3-mam-quer-mudar-conselho-e-plano-estrategico\/#primaryimage"},"thumbnailUrl":"https:\/\/files.sunoresearch.com.br\/n\/uploads\/2021\/01\/1ea97c5e-america-american-application-care-caucasian-clinic-1444739-pxhere.com_-scaled.jpg","keywords":["acionistas minorit\u00e1rios","Alliar (AALR3)"],"articleSection":["Neg\u00f3cios"],"inLanguage":"pt-BR"},{"@type":"WebPage","@id":"https:\/\/www.suno.com.br\/noticias\/alliar-aalr3-mam-quer-mudar-conselho-e-plano-estrategico\/","url":"https:\/\/www.suno.com.br\/noticias\/alliar-aalr3-mam-quer-mudar-conselho-e-plano-estrategico\/","name":"Alliar (AALR3): acionista pede AGE para mudar conselho e validar planos","isPartOf":{"@id":"https:\/\/www.suno.com.br\/noticias\/#website"},"primaryImageOfPage":{"@id":"https:\/\/www.suno.com.br\/noticias\/alliar-aalr3-mam-quer-mudar-conselho-e-plano-estrategico\/#primaryimage"},"image":{"@id":"https:\/\/www.suno.com.br\/noticias\/alliar-aalr3-mam-quer-mudar-conselho-e-plano-estrategico\/#primaryimage"},"thumbnailUrl":"https:\/\/files.sunoresearch.com.br\/n\/uploads\/2021\/01\/1ea97c5e-america-american-application-care-caucasian-clinic-1444739-pxhere.com_-scaled.jpg","datePublished":"2021-09-27T15:11:12+00:00","description":"A MAM Asset, acionista da Alliar (AALR3), solicitou uma AGE para fazer mudan\u00e7as no conselho e nos planos da empresa. Leia mais aqui e entenda","breadcrumb":{"@id":"https:\/\/www.suno.com.br\/noticias\/alliar-aalr3-mam-quer-mudar-conselho-e-plano-estrategico\/#breadcrumb"},"inLanguage":"pt-BR","potentialAction":[{"@type":"ReadAction","target":["https:\/\/www.suno.com.br\/noticias\/alliar-aalr3-mam-quer-mudar-conselho-e-plano-estrategico\/"]}]},{"@type":"ImageObject","inLanguage":"pt-BR","@id":"https:\/\/www.suno.com.br\/noticias\/alliar-aalr3-mam-quer-mudar-conselho-e-plano-estrategico\/#primaryimage","url":"https:\/\/files.sunoresearch.com.br\/n\/uploads\/2021\/01\/1ea97c5e-america-american-application-care-caucasian-clinic-1444739-pxhere.com_-scaled.jpg","contentUrl":"https:\/\/files.sunoresearch.com.br\/n\/uploads\/2021\/01\/1ea97c5e-america-american-application-care-caucasian-clinic-1444739-pxhere.com_-scaled.jpg","width":2560,"height":1577,"caption":"Medicina diagn\u00f3stica. Foto: Pixabay"},{"@type":"BreadcrumbList","@id":"https:\/\/www.suno.com.br\/noticias\/alliar-aalr3-mam-quer-mudar-conselho-e-plano-estrategico\/#breadcrumb","itemListElement":[{"@type":"ListItem","position":1,"name":"Not\u00edcias","item":"https:\/\/www.suno.com.br\/noticias\/"},{"@type":"ListItem","position":2,"name":"Neg\u00f3cios","item":"https:\/\/www.suno.com.br\/noticias\/negocios\/"},{"@type":"ListItem","position":3,"name":"Alliar (AALR3): acionista pede AGE para mudar conselho e aprovar novo plano estrat\u00e9gico"}]},{"@type":"WebSite","@id":"https:\/\/www.suno.com.br\/noticias\/#website","url":"https:\/\/www.suno.com.br\/noticias\/","name":"Suno Not\u00edcias","description":"Seu portal de informa\u00e7\u00e3o sobre o mundo dos investimentos","publisher":{"@id":"https:\/\/www.suno.com.br\/noticias\/#organization"},"potentialAction":[{"@type":"SearchAction","target":{"@type":"EntryPoint","urlTemplate":"https:\/\/www.suno.com.br\/noticias\/?s={search_term_string}"},"query-input":{"@type":"PropertyValueSpecification","valueRequired":true,"valueName":"search_term_string"}}],"inLanguage":"pt-BR"},{"@type":"Organization","@id":"https:\/\/www.suno.com.br\/noticias\/#organization","name":"Suno Not\u00edcias","url":"https:\/\/www.suno.com.br\/noticias\/","logo":{"@type":"ImageObject","inLanguage":"pt-BR","@id":"https:\/\/www.suno.com.br\/noticias\/#\/schema\/logo\/image\/","url":"https:\/\/files.sunoresearch.com.br\/n\/uploads\/2021\/09\/suno-logo.png","contentUrl":"https:\/\/files.sunoresearch.com.br\/n\/uploads\/2021\/09\/suno-logo.png","width":180,"height":180,"caption":"Suno Not\u00edcias"},"image":{"@id":"https:\/\/www.suno.com.br\/noticias\/#\/schema\/logo\/image\/"},"sameAs":["https:\/\/facebook.com\/sunoresearch","https:\/\/x.com\/sunoresearch","https:\/\/www.instagram.com\/suno","https:\/\/www.linkedin.com\/company\/suno-research\/","https:\/\/www.youtube.com\/c\/sunoresearch"]},{"@type":"Person","@id":"https:\/\/www.suno.com.br\/noticias\/#\/schema\/person\/d712329319cc9b10f254d02d654cb36a","name":"Monique Lima","image":{"@type":"ImageObject","inLanguage":"pt-BR","@id":"https:\/\/www.suno.com.br\/noticias\/#\/schema\/person\/image\/","url":"https:\/\/secure.gravatar.com\/avatar\/daee7f16d906c2e9ffed236206ca2c30?s=96&r=g","contentUrl":"https:\/\/secure.gravatar.com\/avatar\/daee7f16d906c2e9ffed236206ca2c30?s=96&r=g","caption":"Monique Lima"},"description":"Rep\u00f3rter de Mercado no Suno Not\u00edcias, \u00e9 jornalista com experi\u00eancia na cobertura de economia, empreendedorismo, finan\u00e7as pessoais, mercado financeiro, carreira e recursos humanos. Formada em Jornalismo pela Universidade Paulista, teve experi\u00eancias em ve\u00edculos de comunica\u00e7\u00e3o como a Ag\u00eancia TradeMap, Revista Voc\u00ea S\/A e Revista Voc\u00ea RH, as duas \u00faltimas publica\u00e7\u00f5es da Editora Abril. No Suno Not\u00edcias, fala sobre as principais not\u00edcias de Fundos Imobili\u00e1rios, Fiagro, Startups e empresas listadas na Bolsa.","url":"https:\/\/www.suno.com.br\/noticias\/author\/monique-lima\/"}]}},"default_loop_html":"<div class=\"cardsPage__listCard__boxs\"><div class=\"cardsPage__listCard__boxs__img\"><a href=\"https:\/\/www.suno.com.br\/noticias\/alliar-aalr3-mam-quer-mudar-conselho-e-plano-estrategico\/\"><img class=\"mask\" src=\"https:\/\/www.suno.com.br\/noticias\/wp-content\/themes\/suno\/resources\/images\/spotlight\/spotlight1img\/bg-mask.png\" alt=\"Image Mask\"\/><img src=\"https:\/\/files.sunoresearch.com.br\/n\/uploads\/2021\/01\/1ea97c5e-america-american-application-care-caucasian-clinic-1444739-pxhere.com_-400x200.jpg\" alt=\"Alliar (AALR3): acionista pede AGE para mudar conselho e aprovar novo plano estrat\u00e9gico\"\/><\/a><span class=\"spotlightCategory\"><a href=\"https:\/\/www.suno.com.br\/noticias\/negocios\/\">Neg\u00f3cios<\/a><\/span><\/div><div class=\"cardsPage__listCard__boxs__content\"><a href=\"https:\/\/www.suno.com.br\/noticias\/alliar-aalr3-mam-quer-mudar-conselho-e-plano-estrategico\/\"><h2 class=\"content__title\">Alliar (AALR3): acionista pede AGE para mudar conselho e aprovar novo plano estrat\u00e9gico<\/h2><\/a><div class=\"newsContent__article__meta\"><div class=\"newsContent__article__meta__authorBox\"><a href=\"https:\/\/www.suno.com.br\/noticias\/author\/monique-lima\/\" class=\"authorBox__avatar noMobi\"><img src=\"https:\/\/secure.gravatar.com\/avatar\/daee7f16d906c2e9ffed236206ca2c30?s=96&#038;r=g\" alt=\"Monique Lima\"><\/a><div class=\"authorBox__name\"><span>por\n\t\t\t<a href=\"https:\/\/www.suno.com.br\/noticias\/author\/monique-lima\/\"><span itemprop=\"author\">Monique Lima<\/span><\/a><\/span><time datetime=\"2021-09-27T12:11:12-03:00\" itemprop=\"datePublished\">27\/09\/2021 12:11<\/time><\/div><\/div><\/div><\/div><\/div>","single_layout":"posts","amp_enabled":true,"_links":{"self":[{"href":"https:\/\/www.suno.com.br\/noticias\/wp-json\/wp\/v2\/posts\/187831"}],"collection":[{"href":"https:\/\/www.suno.com.br\/noticias\/wp-json\/wp\/v2\/posts"}],"about":[{"href":"https:\/\/www.suno.com.br\/noticias\/wp-json\/wp\/v2\/types\/post"}],"author":[{"embeddable":true,"href":"https:\/\/www.suno.com.br\/noticias\/wp-json\/wp\/v2\/users\/102"}],"replies":[{"embeddable":true,"href":"https:\/\/www.suno.com.br\/noticias\/wp-json\/wp\/v2\/comments?post=187831"}],"version-history":[{"count":3,"href":"https:\/\/www.suno.com.br\/noticias\/wp-json\/wp\/v2\/posts\/187831\/revisions"}],"predecessor-version":[{"id":187890,"href":"https:\/\/www.suno.com.br\/noticias\/wp-json\/wp\/v2\/posts\/187831\/revisions\/187890"}],"wp:featuredmedia":[{"embeddable":true,"href":"https:\/\/www.suno.com.br\/noticias\/wp-json\/wp\/v2\/media\/112418"}],"wp:attachment":[{"href":"https:\/\/www.suno.com.br\/noticias\/wp-json\/wp\/v2\/media?parent=187831"}],"wp:term":[{"taxonomy":"category","embeddable":true,"href":"https:\/\/www.suno.com.br\/noticias\/wp-json\/wp\/v2\/categories?post=187831"},{"taxonomy":"post_tag","embeddable":true,"href":"https:\/\/www.suno.com.br\/noticias\/wp-json\/wp\/v2\/tags?post=187831"},{"taxonomy":"suno_strategy","embeddable":true,"href":"https:\/\/www.suno.com.br\/noticias\/wp-json\/wp\/v2\/suno_strategy?post=187831"}],"curies":[{"name":"wp","href":"https:\/\/api.w.org\/{rel}","templated":true}]}}