{"id":187782,"date":"2021-09-27T10:55:31","date_gmt":"2021-09-27T13:55:31","guid":{"rendered":"https:\/\/www.suno.com.br\/noticias\/?p=187782"},"modified":"2021-09-27T10:55:31","modified_gmt":"2021-09-27T13:55:31","slug":"ibovespa-abre-quedas-banco-inter-bidi11-stone","status":"publish","type":"post","link":"https:\/\/www.suno.com.br\/noticias\/ibovespa-abre-quedas-banco-inter-bidi11-stone\/","title":{"rendered":"Ibovespa abre em queda; Banco Inter (BIDI11) cai 3% com not\u00edcias sobre a Stone"},"content":{"rendered":"<p>O <strong>Ibovespa<\/strong> abre em queda de 0,07% <a href=\"https:\/\/www.suno.com.br\/artigos\/pregao\">no preg\u00e3o desta segunda-feira (27), ficando em 113.200 pontos<\/a> e, um dia mais pacato no notici\u00e1rio corporativo e com os mercados internacionais sem um sinal \u00fanico.<\/p>\t<div class=\"wrapper-featured-image\">\n\t\t<figure class=\"spotlightImg\">\n\n\t\t\t<picture>\n\t\t\t\t<source media=\"(max-width: 768px)\" srcset=\"https:\/\/files.sunoresearch.com.br\/n\/uploads\/2021\/06\/dad9092c-fachada_inter-400x200.jpeg\">\n\t\t\t\t<img loading=\"lazy\" decoding=\"async\" class=\"newsContent__article__imgCapa lazyloadDisabled \" src=\"https:\/\/files.sunoresearch.com.br\/n\/uploads\/2021\/06\/dad9092c-fachada_inter-800x450.jpeg\" width=\"800\" height=\"450\" alt=\"Ibovespa abre em queda; Banco Inter (BIDI11) cai 3% com not\u00edcias sobre a Stone\" fetchpriority=high \/>\n\t\t\t<\/picture>\n\n\t\t\t<figcaption class=\"wp-caption-text wp-caption-text--show\">Banco Inter (BIDI11) - Foto: Divulga\u00e7\u00e3o<\/figcaption>\n\t\t<\/figure>\n\t<\/div>\n\n\n\t<p>\n\t\t<a href=\"https:\/\/lp.suno.com.br\/planilha-controle-gastos\/\" target=\"_blank\" data-element=\"shortcode-suno-banner\" title=\"Banner SUNO, clique e saiba mais\">\n\t\t\t<picture>\n\t\t\t\t<source media=\"(max-width: 500px)\" srcset=\"https:\/\/files.sunoresearch.com.br\/n\/uploads\/2023\/03\/400x300-Planilha-controle-de-gastos.png\">\n\t\t\t\t<img class=\"newsContent__article__imgCapa newsContent__article__imgCapa--banner\"\n\t\t\t\t\tsrc=\"https:\/\/files.sunoresearch.com.br\/n\/uploads\/2023\/03\/1420x240-Planilha-controle-de-gastos.png\"\n\t\t\t\t\tdata-promo-id=\"101751\"\t\t\t\t\t\t\t\t\t\twidth='1420' height='240'\t\t\t\t\talt=\"https:\/\/files.sunoresearch.com.br\/n\/uploads\/2023\/03\/1420x240-Planilha-controle-de-gastos.png\"\n\t\t\t\t>\n\t\t\t<\/picture>\n\t\t<\/a>\n\t<\/p>\n\n\n<p>O <strong>Ibovespa hoje\u00a0<\/strong>lida ainda com a decis\u00e3o recente do Copom de subir os juros aos 6,25%, e conta com influ\u00eancia do dado relevante dos N\u00facleo de Pedidos de Bens Dur\u00e1veis dos EUA, em alta de 0,2% ante expectativa de 0,5%.<\/p>\n<p>Ainda h\u00e1 a tens\u00e3o cont\u00ednua com caso da Evergrande, que teve uma recupera\u00e7\u00e3o parcial com alta de mais de 17% na bolsa de Hong Kong, mas segue no radar dos investidores.<\/p>\n<p>&#8220;Mercado fica de olho nas a\u00e7\u00f5es do Governo Chin\u00eas para evitar efeito cascata. H\u00e1 outro vencimento da empresa para esta semana e ainda n\u00e3o sabemos se o primeiro foi honrado&#8221;, cita Rodrigo Franchini, s\u00f3cio da Monte Bravo Investimentos.<\/p>\n<p>Al\u00e9m disso, no exterior, h\u00e1 elei\u00e7\u00f5es em andamento, o que movimenta os mercados da Europa.<\/p>\n\t<div data-element=\"shortcode-read-more\" class=\"knowMore\">\n\t\t\t\t<span class=\"knowMore__title\">Leia mais<\/span>\n\t\t\t\t<a class=\"knowMore__link\" href=\"https:\/\/www.suno.com.br\/noticias\/asia-evergrande-queda-toquio-hong-kong\/\">\n\t\t\tNa \u00c1sia, Evergrande pressiona Bolsa em T\u00f3quio mas Hong Kong se recupera\t\t<\/a>\n\t<\/div>\n\n\n<p>&#8220;Ontem fontes oficiais eleitorais da Alemanha informaram que os social-democratas conquistaram 25,9% dos votos e venceram as elei\u00e7\u00f5es nacionais do pa\u00eds, enquanto o bloco de centro-direita da atual chanceler, Angela Merkel, obteve 24,1% dos votos&#8221;, afirma Pedro Galdi, da Mira Asset Management.<\/p>\n<p>Ainda nesta semana teremos como destaque os discursos de presidentes de Bancos Centrais, sendo que Powell, do Federal Reserve falar\u00e1 nesta ter\u00e7a (28) e na quarta (29).<\/p>\n<h2>Not\u00edcias que v\u00e3o movimentar o Ibovespa hoje<\/h2>\n<ul>\n<li><b>Vibra <\/b>est\u00e1 em vias de vender a BR G\u00e1s<\/li>\n<li><b>Inter<\/b> pode estender parceria com a Stone<\/li>\n<li><b>Carrefour<\/b> prev\u00ea R$ 100 bilh\u00f5es em 2024<\/li>\n<\/ul>\n<h3>Vibra e ES vender\u00e3o empresa mista<\/h3>\n<p>A Vibra Energia (BRDT3), informou na sexta (24) que contratou, junto com o governo do Esp\u00edrito Santo, o Banco Nacional de Desenvolvimento Econ\u00f4mico e Social (BNDES) para estruturar a venda conjunta de a\u00e7\u00f5es da Companhia de G\u00e1s do Esp\u00edrito Santo (ES G\u00c1S).<\/p>\n<p>A companhia foi criada em 2018, sendo uma empresa de economia mista em que o Esp\u00edrito Santo det\u00e9m 51% do capital votante e a Vibra Energia os demais 49%.\u00a0A empresa \u00e9 respons\u00e1vel pela distribui\u00e7\u00e3o do g\u00e1s natural canalizado no ES, somando mais de 60 mil unidades consumidoras.<\/p>\n<p>\u201cA Vibra e o Estado do Esp\u00edrito Santo pretendem, por meio da contrata\u00e7\u00e3o do BNDES, realizar processo de desestatiza\u00e7\u00e3o da ES G\u00c1S, com a venda em conjunto de a\u00e7\u00f5es na referida companhia, o que deve trazer uma nova perspectiva de desenvolvimento das atividades de G\u00e1s no Estado, alinhada \u00e0s novas iniciativas de crescimento do setor\u201d, disse em nota o diretor comercial de B2B da Vibra Energia, Bernardo Kos Winik.<\/p>\n\t<p>\n\t\t<a href=\"https:\/\/lp.suno.com.br\/planilha-da-vida-financeira\/\" target=\"_blank\" data-element=\"shortcode-suno-banner\" title=\"Banner SUNO, clique e saiba mais\">\n\t\t\t<picture>\n\t\t\t\t<source media=\"(max-width: 500px)\" srcset=\"https:\/\/files.sunoresearch.com.br\/n\/uploads\/2023\/04\/400x300-Planilha-vida-financeira-true.png\">\n\t\t\t\t<img class=\"newsContent__article__imgCapa newsContent__article__imgCapa--banner\"\n\t\t\t\t\tsrc=\"https:\/\/files.sunoresearch.com.br\/n\/uploads\/2023\/04\/1420x240-Planilha-vida-financeira-true.png\"\n\t\t\t\t\tdata-promo-id=\"106682\"\t\t\t\t\t\t\t\t\t\twidth='1420' height='240'\t\t\t\t\talt=\"https:\/\/files.sunoresearch.com.br\/n\/uploads\/2023\/04\/1420x240-Planilha-vida-financeira-true.png\"\n\t\t\t\t>\n\t\t\t<\/picture>\n\t\t<\/a>\n\t<\/p>\n\n\n<p>No\u00a0<strong>Ibovespa hoje<\/strong>, as <strong>a\u00e7\u00f5es da Vibra <\/strong>caem 0,68% seguindo a tend\u00eancia do \u00edndice.<\/p>\n<h3>Novos cap\u00edtulos no casamento entre Inter e Stone<\/h3>\n<p>O <a href=\"https:\/\/www.suno.com.br\/acoes\/bidi11\/\"><strong>Banco Inter<\/strong> (BIDI11)<\/a> e a Stone est\u00e3o negociando estender um acordo de parceria atual, incluindo uma poss\u00edvel fus\u00e3o, segundo uma fonte familiarizada com o assunto ouvida pela Reuters.<\/p>\n<p>A Stone comprou uma fatia minorit\u00e1ria no banco neste ano, o que movimentou as <strong>a\u00e7\u00f5es do Banco Inter<\/strong>. A compra, segundo a companhia americana, \u00e9 parte de sua estrat\u00e9gia de atrair clientes do banco para seus servi\u00e7os de pagamentos.<\/p>\n\t<p>\n\t\t<a href=\"https:\/\/lp.suno.com.br\/planilha-da-vida-financeira\/\" target=\"_blank\" data-element=\"shortcode-suno-banner\" title=\"Banner SUNO, clique e saiba mais\">\n\t\t\t<picture>\n\t\t\t\t<source media=\"(max-width: 500px)\" srcset=\"https:\/\/files.sunoresearch.com.br\/n\/uploads\/2023\/04\/400x300-Planilha-vida-financeira-true.png\">\n\t\t\t\t<img class=\"newsContent__article__imgCapa newsContent__article__imgCapa--banner\"\n\t\t\t\t\tsrc=\"https:\/\/files.sunoresearch.com.br\/n\/uploads\/2023\/04\/1420x240-Planilha-vida-financeira-true.png\"\n\t\t\t\t\tdata-promo-id=\"106682\"\t\t\t\t\t\t\t\t\t\twidth='1420' height='240'\t\t\t\t\talt=\"https:\/\/files.sunoresearch.com.br\/n\/uploads\/2023\/04\/1420x240-Planilha-vida-financeira-true.png\"\n\t\t\t\t>\n\t\t\t<\/picture>\n\t\t<\/a>\n\t<\/p>\n\n\n<p>As negocia\u00e7\u00f5es ocorrem no momento em que a StoneCo enfrenta uma perda em empr\u00e9stimos de R$ 400 milh\u00f5es com uma opera\u00e7\u00e3o de cr\u00e9dito rec\u00e9m-lan\u00e7ada.<\/p>\n<p>Questionadas pelo Pipeline sobre o assunto, a Stone respondeu que \u201cn\u00e3o comenta rumores\u201d e o Inter \u201cinforma que n\u00e3o vai comentar\u201d.<\/p>\n<p>Na <strong>Bolsa de Valores hoje<\/strong> a companhia v\u00ea seus pap\u00e9is tendo uma das maiores <strong>quedas <\/strong><strong>do Ibovespa<\/strong>, com baixa de 3,4%.<\/p>\n<h3>Carrefour prev\u00ea faturamento de R$ 100 bilh\u00f5es<\/h3>\n<p>O <a href=\"https:\/\/www.suno.com.br\/acoes\/crfb3\/\"><strong>Carrefour<\/strong> (CRFB3)<\/a> previu um faturamento de R$ 100 bilh\u00f5es em 2024, segundo informe recente da companhia, e ante um montante de R$ 60 bilh\u00f5es previstos para 2021.<\/p>\n<p>As proje\u00e7\u00f5es, segundo o fato relevante da companhia, s\u00e3o calcadas nos indicadores de crescimento de 2017 at\u00e9 2020.<\/p>\n<p>Al\u00e9m disso, esse progn\u00f3stico leva em conta um fator ainda n\u00e3o concretizado &#8211; o incremento da receita com a<\/p>\n<p>Para o Ita\u00fa BBA, as previs\u00f5es ficam em linha com as expectativas para este ano, mas superestimadas em 6% para o ano de 2024. Os analistas do time seguem recomendando o papel com pre\u00e7o alvo de R$ 30, e citando que esse progn\u00f3stico s\u00f3 \u00e9 vi\u00e1vel com a\u00a0 confian\u00e7a da empresa em sua perspectiva de crescimento e na integra\u00e7\u00e3o das opera\u00e7\u00f5es da Maxxi.<\/p>\n<p>As <strong>a\u00e7\u00f5es do Carrefour<\/strong> sobem 0,17% no Ibovespa hoje.<\/p>\n<h2>Destaques do Ibovespa<\/h2>\n<p>As principais altas no Ibovespa, por volta das 10h20 s\u00e3o:<\/p>\n<ul>\n<li><a href=\"https:\/\/www.suno.com.br\/acoes\/prio3\/\"><strong>PetroRio <\/strong>(PRIO3)<\/a>: +4,2%<\/li>\n<li><a href=\"https:\/\/www.suno.com.br\/acoes\/CSNA3\/\"><strong>Marfrig <\/strong>(MRFG3)<\/a>: +3,9%<\/li>\n<li><a href=\"https:\/\/www.suno.com.br\/acoes\/GGBR4\/\"><strong>BRF <\/strong>(BRFS3)<\/a>: +3,9%<\/li>\n<li><a href=\"https:\/\/www.suno.com.br\/acoes\/GOAU4\/\"><strong>Qualicorp <\/strong>(QUAL3)<\/a>: +2,4%<\/li>\n<li><a href=\"https:\/\/www.suno.com.br\/acoes\/BRAP4\/\"><strong>M\u00e9liuz <\/strong>(CASH3)<\/a>: +1,7%<\/li>\n<\/ul>\n<p>No mesmo hor\u00e1rio, as principais quedas no Ibovespa eram:<\/p>\n<ul>\n<li><a href=\"https:\/\/www.suno.com.br\/acoes\/gndi3\/\"><strong>Locaweb <\/strong>(LWSA3)<\/a>: -3,5%<\/li>\n<li><a href=\"https:\/\/www.suno.com.br\/acoes\/viia3\/\"><strong>Banco Inter <\/strong>(BIDI11)<\/a>: -3,4%<\/li>\n<li><a href=\"https:\/\/www.suno.com.br\/acoes\/rdor3\/\"><strong>Grupo Soma <\/strong>(SOMA3)<\/a>: -2,7%<\/li>\n<li><a href=\"https:\/\/www.suno.com.br\/acoes\/asai3\/\"><strong>NotreDame <\/strong>(GNDI3)<\/a>: -2,3%<\/li>\n<li><a href=\"https:\/\/www.suno.com.br\/acoes\/hapv3\/\"><strong>Totvs <\/strong>(TOTS3)<\/a> -2,3%<\/li>\n<\/ul>\n<h2>Principais \u00edndices<\/h2>\n<ul>\n<li><a href=\"https:\/\/www.suno.com.br\/artigos\/ifix\/\">IFIX<\/a>: +0,28%<\/li>\n<li><a href=\"https:\/\/www.suno.com.br\/artigos\/smll\/\">SMLL<\/a>: -0,18%<\/li>\n<li><a href=\"https:\/\/www.suno.com.br\/artigos\/idiv\/\">IDIV<\/a>: -0,18%<\/li>\n<li><a href=\"https:\/\/www.suno.com.br\/artigos\/ibrx\/\">IBRX 100<\/a>: -0,31%<\/li>\n<\/ul>\n<h2>Bolsas mundiais<\/h2>\n<p>Veja o desempenho dos principais \u00edndices acion\u00e1rios no exterior, al\u00e9m do \u00edndice Ibovespa<strong>:<\/strong><\/p>\n<ul>\n<li><a href=\"https:\/\/www.suno.com.br\/artigos\/futuro-de-sp-500\/\">Nova York (S&amp;P 500) futuro<\/a>: -0,20%<\/li>\n<li><a href=\"https:\/\/www.suno.com.br\/artigos\/indice-dow-jones-djia\/\">Nova York Dow Jones (DJIA) futuro<\/a>: +0,26%<\/li>\n<li><a href=\"https:\/\/www.suno.com.br\/artigos\/dax-30\/\">Frankfurt (DAX 30)<\/a>: +0,26%<\/li>\n<li><a href=\"https:\/\/www.suno.com.br\/artigos\/ftse-100\/\">Londres (FTSE 100)<\/a>: -0,01%<\/li>\n<li><a href=\"https:\/\/www.suno.com.br\/artigos\/cac-40\/\">Paris (CAC 40)<\/a>: +0,23%<\/li>\n<li><a href=\"https:\/\/www.suno.com.br\/artigos\/ftse-mib\/\">Mil\u00e3o (FTSE\/MIB)<\/a>: +0,28%<\/li>\n<li><a href=\"https:\/\/www.suno.com.br\/artigos\/nikkei-225\/\">T\u00f3quio (Nikkei 225)<\/a>: -0,03% (fechada)<\/li>\n<li><a href=\"https:\/\/www.suno.com.br\/artigos\/bolsa-de-xangai\/\">Xangai (SSE Composite)<\/a>: -0,84% (fechada)<\/li>\n<li><a href=\"https:\/\/www.suno.com.br\/artigos\/hang-seng\/\">Hong Kong (Hang Seng)<\/a>: +0,07% (fechada)<\/li>\n<\/ul>\n<h2>\u00daltima cota\u00e7\u00e3o do Ibovespa<\/h2>\n<p>No fechamento do preg\u00e3o de sexta (24), o <strong>Ibovespa<\/strong> apresentou queda de 0,69%, aos 113.282 pontos.<\/p>\n\t<p>\n\t\t<a href=\"https:\/\/lp.suno.com.br\/planilha-de-controle-de-investimentos\/\" target=\"_blank\" data-element=\"shortcode-suno-banner\" title=\"Banner SUNO, clique e saiba mais\">\n\t\t\t<picture>\n\t\t\t\t<source media=\"(max-width: 500px)\" srcset=\"https:\/\/files.sunoresearch.com.br\/n\/uploads\/2023\/03\/400x300-Controle-de-Investimentos.png\">\n\t\t\t\t<img class=\"newsContent__article__imgCapa newsContent__article__imgCapa--banner\"\n\t\t\t\t\tsrc=\"https:\/\/files.sunoresearch.com.br\/n\/uploads\/2023\/03\/1420x240-Controle-de-Investimentos.png\"\n\t\t\t\t\tdata-promo-id=\"75934\"\t\t\t\t\t\t\t\t\t\twidth='1420' height='240'\t\t\t\t\talt=\"https:\/\/files.sunoresearch.com.br\/n\/uploads\/2023\/03\/1420x240-Controle-de-Investimentos.png\"\n\t\t\t\t>\n\t\t\t<\/picture>\n\t\t<\/a>\n\t<\/p>\n\n\n","protected":false},"excerpt":{"rendered":"<p>O Ibovespa abre em queda de 0,07% no preg\u00e3o desta segunda-feira (27), ficando em 113.200 pontos e, um dia mais pacato no notici\u00e1rio corporativo e com os mercados internacionais sem um sinal \u00fanico. Banco Inter (BIDI11) &#8211; Foto: Divulga\u00e7\u00e3o O Ibovespa hoje\u00a0lida ainda com a decis\u00e3o recente do Copom de subir os juros aos 6,25%, [&hellip;]<\/p>\n","protected":false},"author":73,"featured_media":154428,"comment_status":"closed","ping_status":"closed","sticky":false,"template":"","format":"standard","meta":[],"categories":[60],"tags":[106764,369,104703,405,105816,721,1276,596],"suno_strategy":[],"class_list":["post-187782","post","type-post","status-publish","format-standard","has-post-thumbnail","hentry","category-mercado","tag-banco-inter-bidi11","tag-banco-inter-bidi11-bidi4-bidi3","tag-bolsas-mundiais","tag-carrefour-crfb3","tag-especialistas","tag-ibovespa","tag-stone","tag-vibra-energia-vbbr3"],"yoast_head":"<!-- This site is optimized with the Yoast SEO plugin v24.4 - https:\/\/yoast.com\/wordpress\/plugins\/seo\/ -->\n<title>Ibovespa abre caindo e Banco Inter (BIDI11) fica entre as maiores quedas com a Stone<\/title>\n<meta name=\"description\" content=\"Ap\u00f3s novas not\u00edcias de uma extens\u00e3o da parceria com a Stone, o Inter cai 3% no Ibovespa hoje. Clique aqui e leia mais.\" \/>\n<meta name=\"robots\" content=\"index, follow, max-snippet:-1, max-image-preview:large, max-video-preview:-1\" \/>\n<link rel=\"canonical\" href=\"https:\/\/www.suno.com.br\/noticias\/ibovespa-abre-quedas-banco-inter-bidi11-stone\/\" \/>\n<meta property=\"og:locale\" content=\"pt_BR\" \/>\n<meta property=\"og:type\" content=\"article\" \/>\n<meta property=\"og:title\" content=\"Ibovespa abre caindo e Banco Inter (BIDI11) fica entre as maiores quedas com a Stone\" \/>\n<meta property=\"og:description\" content=\"Ap\u00f3s novas not\u00edcias de uma extens\u00e3o da parceria com a Stone, o Inter cai 3% no Ibovespa hoje. Clique aqui e leia mais.\" \/>\n<meta property=\"og:url\" content=\"https:\/\/www.suno.com.br\/noticias\/ibovespa-abre-quedas-banco-inter-bidi11-stone\/\" \/>\n<meta property=\"og:site_name\" content=\"Suno Not\u00edcias\" \/>\n<meta property=\"article:publisher\" content=\"https:\/\/facebook.com\/sunoresearch\" \/>\n<meta property=\"og:image\" content=\"https:\/\/files.sunoresearch.com.br\/n\/uploads\/2021\/06\/dad9092c-fachada_inter-scaled.jpeg\" \/>\n\t<meta property=\"og:image:width\" content=\"2560\" \/>\n\t<meta property=\"og:image:height\" content=\"1707\" \/>\n\t<meta property=\"og:image:type\" content=\"image\/jpeg\" \/>\n<meta name=\"author\" content=\"Eduardo Vargas\" \/>\n<meta name=\"twitter:card\" content=\"summary_large_image\" \/>\n<meta name=\"twitter:creator\" content=\"@sunoresearch\" \/>\n<meta name=\"twitter:site\" content=\"@sunoresearch\" \/>\n<meta name=\"twitter:label1\" content=\"Escrito por\" \/>\n\t<meta name=\"twitter:data1\" content=\"Eduardo Vargas\" \/>\n\t<meta name=\"twitter:label2\" content=\"Est. tempo de leitura\" \/>\n\t<meta name=\"twitter:data2\" content=\"4 minutos\" \/>\n<script type=\"application\/ld+json\" class=\"yoast-schema-graph\">{\"@context\":\"https:\/\/schema.org\",\"@graph\":[{\"@type\":\"NewsArticle\",\"@id\":\"https:\/\/www.suno.com.br\/noticias\/ibovespa-abre-quedas-banco-inter-bidi11-stone\/#article\",\"isPartOf\":{\"@id\":\"https:\/\/www.suno.com.br\/noticias\/ibovespa-abre-quedas-banco-inter-bidi11-stone\/\"},\"author\":{\"name\":\"Eduardo Vargas\",\"@id\":\"https:\/\/www.suno.com.br\/noticias\/#\/schema\/person\/7f4d362bf3518e76090143ae77bb49a5\"},\"headline\":\"Ibovespa abre em queda; Banco Inter (BIDI11) cai 3% com not\u00edcias sobre a Stone\",\"datePublished\":\"2021-09-27T13:55:31+00:00\",\"mainEntityOfPage\":{\"@id\":\"https:\/\/www.suno.com.br\/noticias\/ibovespa-abre-quedas-banco-inter-bidi11-stone\/\"},\"wordCount\":933,\"publisher\":{\"@id\":\"https:\/\/www.suno.com.br\/noticias\/#organization\"},\"image\":{\"@id\":\"https:\/\/www.suno.com.br\/noticias\/ibovespa-abre-quedas-banco-inter-bidi11-stone\/#primaryimage\"},\"thumbnailUrl\":\"https:\/\/files.sunoresearch.com.br\/n\/uploads\/2021\/06\/dad9092c-fachada_inter-scaled.jpeg\",\"keywords\":[\"Banco Inter (BIDI11)\",\"Banco Inter (BIDI11\/BIDI4\/BIDI3)\",\"Bolsas mundiais\",\"Carrefour (CRFB3)\",\"Especialistas\",\"Ibovespa\",\"Stone\",\"Vibra Energia (VBBR3)\"],\"articleSection\":[\"Mercado\"],\"inLanguage\":\"pt-BR\"},{\"@type\":\"WebPage\",\"@id\":\"https:\/\/www.suno.com.br\/noticias\/ibovespa-abre-quedas-banco-inter-bidi11-stone\/\",\"url\":\"https:\/\/www.suno.com.br\/noticias\/ibovespa-abre-quedas-banco-inter-bidi11-stone\/\",\"name\":\"Ibovespa abre caindo e Banco Inter (BIDI11) fica entre as maiores quedas com a Stone\",\"isPartOf\":{\"@id\":\"https:\/\/www.suno.com.br\/noticias\/#website\"},\"primaryImageOfPage\":{\"@id\":\"https:\/\/www.suno.com.br\/noticias\/ibovespa-abre-quedas-banco-inter-bidi11-stone\/#primaryimage\"},\"image\":{\"@id\":\"https:\/\/www.suno.com.br\/noticias\/ibovespa-abre-quedas-banco-inter-bidi11-stone\/#primaryimage\"},\"thumbnailUrl\":\"https:\/\/files.sunoresearch.com.br\/n\/uploads\/2021\/06\/dad9092c-fachada_inter-scaled.jpeg\",\"datePublished\":\"2021-09-27T13:55:31+00:00\",\"description\":\"Ap\u00f3s novas not\u00edcias de uma extens\u00e3o da parceria com a Stone, o Inter cai 3% no Ibovespa hoje. Clique aqui e leia mais.\",\"breadcrumb\":{\"@id\":\"https:\/\/www.suno.com.br\/noticias\/ibovespa-abre-quedas-banco-inter-bidi11-stone\/#breadcrumb\"},\"inLanguage\":\"pt-BR\",\"potentialAction\":[{\"@type\":\"ReadAction\",\"target\":[\"https:\/\/www.suno.com.br\/noticias\/ibovespa-abre-quedas-banco-inter-bidi11-stone\/\"]}]},{\"@type\":\"ImageObject\",\"inLanguage\":\"pt-BR\",\"@id\":\"https:\/\/www.suno.com.br\/noticias\/ibovespa-abre-quedas-banco-inter-bidi11-stone\/#primaryimage\",\"url\":\"https:\/\/files.sunoresearch.com.br\/n\/uploads\/2021\/06\/dad9092c-fachada_inter-scaled.jpeg\",\"contentUrl\":\"https:\/\/files.sunoresearch.com.br\/n\/uploads\/2021\/06\/dad9092c-fachada_inter-scaled.jpeg\",\"width\":2560,\"height\":1707,\"caption\":\"Banco Inter (BIDI11) - Foto: Divulga\u00e7\u00e3o\"},{\"@type\":\"BreadcrumbList\",\"@id\":\"https:\/\/www.suno.com.br\/noticias\/ibovespa-abre-quedas-banco-inter-bidi11-stone\/#breadcrumb\",\"itemListElement\":[{\"@type\":\"ListItem\",\"position\":1,\"name\":\"Not\u00edcias\",\"item\":\"https:\/\/www.suno.com.br\/noticias\/\"},{\"@type\":\"ListItem\",\"position\":2,\"name\":\"Mercado\",\"item\":\"https:\/\/www.suno.com.br\/noticias\/mercado\/\"},{\"@type\":\"ListItem\",\"position\":3,\"name\":\"Ibovespa abre em queda; Banco Inter (BIDI11) cai 3% com not\u00edcias sobre a Stone\"}]},{\"@type\":\"WebSite\",\"@id\":\"https:\/\/www.suno.com.br\/noticias\/#website\",\"url\":\"https:\/\/www.suno.com.br\/noticias\/\",\"name\":\"Suno Not\u00edcias\",\"description\":\"Seu portal de informa\u00e7\u00e3o sobre o mundo dos investimentos\",\"publisher\":{\"@id\":\"https:\/\/www.suno.com.br\/noticias\/#organization\"},\"potentialAction\":[{\"@type\":\"SearchAction\",\"target\":{\"@type\":\"EntryPoint\",\"urlTemplate\":\"https:\/\/www.suno.com.br\/noticias\/?s={search_term_string}\"},\"query-input\":{\"@type\":\"PropertyValueSpecification\",\"valueRequired\":true,\"valueName\":\"search_term_string\"}}],\"inLanguage\":\"pt-BR\"},{\"@type\":\"Organization\",\"@id\":\"https:\/\/www.suno.com.br\/noticias\/#organization\",\"name\":\"Suno Not\u00edcias\",\"url\":\"https:\/\/www.suno.com.br\/noticias\/\",\"logo\":{\"@type\":\"ImageObject\",\"inLanguage\":\"pt-BR\",\"@id\":\"https:\/\/www.suno.com.br\/noticias\/#\/schema\/logo\/image\/\",\"url\":\"https:\/\/files.sunoresearch.com.br\/n\/uploads\/2021\/09\/suno-logo.png\",\"contentUrl\":\"https:\/\/files.sunoresearch.com.br\/n\/uploads\/2021\/09\/suno-logo.png\",\"width\":180,\"height\":180,\"caption\":\"Suno Not\u00edcias\"},\"image\":{\"@id\":\"https:\/\/www.suno.com.br\/noticias\/#\/schema\/logo\/image\/\"},\"sameAs\":[\"https:\/\/facebook.com\/sunoresearch\",\"https:\/\/x.com\/sunoresearch\",\"https:\/\/www.instagram.com\/suno\",\"https:\/\/www.linkedin.com\/company\/suno-research\/\",\"https:\/\/www.youtube.com\/c\/sunoresearch\"]},{\"@type\":\"Person\",\"@id\":\"https:\/\/www.suno.com.br\/noticias\/#\/schema\/person\/7f4d362bf3518e76090143ae77bb49a5\",\"name\":\"Eduardo Vargas\",\"image\":{\"@type\":\"ImageObject\",\"inLanguage\":\"pt-BR\",\"@id\":\"https:\/\/www.suno.com.br\/noticias\/#\/schema\/person\/image\/\",\"url\":\"https:\/\/secure.gravatar.com\/avatar\/dac340933427a22924c9f99d1eb2e3f2?s=96&r=g\",\"contentUrl\":\"https:\/\/secure.gravatar.com\/avatar\/dac340933427a22924c9f99d1eb2e3f2?s=96&r=g\",\"caption\":\"Eduardo Vargas\"},\"description\":\"Jornalista formado pela UFSC, cobre macroeconomia, neg\u00f3cios e startups para o Suno Not\u00edcias, escrevendo principalmente not\u00edcias sobre o mercado financeiro e a bolsa de valores. No YouTube e no Instagram, \u00e9 respons\u00e1vel pela produ\u00e7\u00e3o de Reels e Shorts do Suno Not\u00edcias. Anteriormente, trabalhou cobrindo economia e cotidiano no ND+ e para o ND, maior jornal impresso de Santa Catarina. Cursou um semestre letivo de Estudos de M\u00eddia na Universidad de Buenos Aires.\",\"url\":\"https:\/\/www.suno.com.br\/noticias\/author\/eduardo-vargas\/\"}]}<\/script>\n<!-- \/ Yoast SEO plugin. -->","yoast_head_json":{"title":"Ibovespa abre caindo e Banco Inter (BIDI11) fica entre as maiores quedas com a Stone","description":"Ap\u00f3s novas not\u00edcias de uma extens\u00e3o da parceria com a Stone, o Inter cai 3% no Ibovespa hoje. Clique aqui e leia mais.","robots":{"index":"index","follow":"follow","max-snippet":"max-snippet:-1","max-image-preview":"max-image-preview:large","max-video-preview":"max-video-preview:-1"},"canonical":"https:\/\/www.suno.com.br\/noticias\/ibovespa-abre-quedas-banco-inter-bidi11-stone\/","og_locale":"pt_BR","og_type":"article","og_title":"Ibovespa abre caindo e Banco Inter (BIDI11) fica entre as maiores quedas com a Stone","og_description":"Ap\u00f3s novas not\u00edcias de uma extens\u00e3o da parceria com a Stone, o Inter cai 3% no Ibovespa hoje. Clique aqui e leia mais.","og_url":"https:\/\/www.suno.com.br\/noticias\/ibovespa-abre-quedas-banco-inter-bidi11-stone\/","og_site_name":"Suno Not\u00edcias","article_publisher":"https:\/\/facebook.com\/sunoresearch","og_image":[{"width":2560,"height":1707,"url":"https:\/\/files.sunoresearch.com.br\/n\/uploads\/2021\/06\/dad9092c-fachada_inter-scaled.jpeg","type":"image\/jpeg"}],"author":"Eduardo Vargas","twitter_card":"summary_large_image","twitter_creator":"@sunoresearch","twitter_site":"@sunoresearch","twitter_misc":{"Escrito por":"Eduardo Vargas","Est. tempo de leitura":"4 minutos"},"schema":{"@context":"https:\/\/schema.org","@graph":[{"@type":"NewsArticle","@id":"https:\/\/www.suno.com.br\/noticias\/ibovespa-abre-quedas-banco-inter-bidi11-stone\/#article","isPartOf":{"@id":"https:\/\/www.suno.com.br\/noticias\/ibovespa-abre-quedas-banco-inter-bidi11-stone\/"},"author":{"name":"Eduardo Vargas","@id":"https:\/\/www.suno.com.br\/noticias\/#\/schema\/person\/7f4d362bf3518e76090143ae77bb49a5"},"headline":"Ibovespa abre em queda; Banco Inter (BIDI11) cai 3% com not\u00edcias sobre a Stone","datePublished":"2021-09-27T13:55:31+00:00","mainEntityOfPage":{"@id":"https:\/\/www.suno.com.br\/noticias\/ibovespa-abre-quedas-banco-inter-bidi11-stone\/"},"wordCount":933,"publisher":{"@id":"https:\/\/www.suno.com.br\/noticias\/#organization"},"image":{"@id":"https:\/\/www.suno.com.br\/noticias\/ibovespa-abre-quedas-banco-inter-bidi11-stone\/#primaryimage"},"thumbnailUrl":"https:\/\/files.sunoresearch.com.br\/n\/uploads\/2021\/06\/dad9092c-fachada_inter-scaled.jpeg","keywords":["Banco Inter (BIDI11)","Banco Inter (BIDI11\/BIDI4\/BIDI3)","Bolsas mundiais","Carrefour (CRFB3)","Especialistas","Ibovespa","Stone","Vibra Energia (VBBR3)"],"articleSection":["Mercado"],"inLanguage":"pt-BR"},{"@type":"WebPage","@id":"https:\/\/www.suno.com.br\/noticias\/ibovespa-abre-quedas-banco-inter-bidi11-stone\/","url":"https:\/\/www.suno.com.br\/noticias\/ibovespa-abre-quedas-banco-inter-bidi11-stone\/","name":"Ibovespa abre caindo e Banco Inter (BIDI11) fica entre as maiores quedas com a Stone","isPartOf":{"@id":"https:\/\/www.suno.com.br\/noticias\/#website"},"primaryImageOfPage":{"@id":"https:\/\/www.suno.com.br\/noticias\/ibovespa-abre-quedas-banco-inter-bidi11-stone\/#primaryimage"},"image":{"@id":"https:\/\/www.suno.com.br\/noticias\/ibovespa-abre-quedas-banco-inter-bidi11-stone\/#primaryimage"},"thumbnailUrl":"https:\/\/files.sunoresearch.com.br\/n\/uploads\/2021\/06\/dad9092c-fachada_inter-scaled.jpeg","datePublished":"2021-09-27T13:55:31+00:00","description":"Ap\u00f3s novas not\u00edcias de uma extens\u00e3o da parceria com a Stone, o Inter cai 3% no Ibovespa hoje. Clique aqui e leia mais.","breadcrumb":{"@id":"https:\/\/www.suno.com.br\/noticias\/ibovespa-abre-quedas-banco-inter-bidi11-stone\/#breadcrumb"},"inLanguage":"pt-BR","potentialAction":[{"@type":"ReadAction","target":["https:\/\/www.suno.com.br\/noticias\/ibovespa-abre-quedas-banco-inter-bidi11-stone\/"]}]},{"@type":"ImageObject","inLanguage":"pt-BR","@id":"https:\/\/www.suno.com.br\/noticias\/ibovespa-abre-quedas-banco-inter-bidi11-stone\/#primaryimage","url":"https:\/\/files.sunoresearch.com.br\/n\/uploads\/2021\/06\/dad9092c-fachada_inter-scaled.jpeg","contentUrl":"https:\/\/files.sunoresearch.com.br\/n\/uploads\/2021\/06\/dad9092c-fachada_inter-scaled.jpeg","width":2560,"height":1707,"caption":"Banco Inter (BIDI11) - Foto: Divulga\u00e7\u00e3o"},{"@type":"BreadcrumbList","@id":"https:\/\/www.suno.com.br\/noticias\/ibovespa-abre-quedas-banco-inter-bidi11-stone\/#breadcrumb","itemListElement":[{"@type":"ListItem","position":1,"name":"Not\u00edcias","item":"https:\/\/www.suno.com.br\/noticias\/"},{"@type":"ListItem","position":2,"name":"Mercado","item":"https:\/\/www.suno.com.br\/noticias\/mercado\/"},{"@type":"ListItem","position":3,"name":"Ibovespa abre em queda; Banco Inter (BIDI11) cai 3% com not\u00edcias sobre a Stone"}]},{"@type":"WebSite","@id":"https:\/\/www.suno.com.br\/noticias\/#website","url":"https:\/\/www.suno.com.br\/noticias\/","name":"Suno Not\u00edcias","description":"Seu portal de informa\u00e7\u00e3o sobre o mundo dos investimentos","publisher":{"@id":"https:\/\/www.suno.com.br\/noticias\/#organization"},"potentialAction":[{"@type":"SearchAction","target":{"@type":"EntryPoint","urlTemplate":"https:\/\/www.suno.com.br\/noticias\/?s={search_term_string}"},"query-input":{"@type":"PropertyValueSpecification","valueRequired":true,"valueName":"search_term_string"}}],"inLanguage":"pt-BR"},{"@type":"Organization","@id":"https:\/\/www.suno.com.br\/noticias\/#organization","name":"Suno Not\u00edcias","url":"https:\/\/www.suno.com.br\/noticias\/","logo":{"@type":"ImageObject","inLanguage":"pt-BR","@id":"https:\/\/www.suno.com.br\/noticias\/#\/schema\/logo\/image\/","url":"https:\/\/files.sunoresearch.com.br\/n\/uploads\/2021\/09\/suno-logo.png","contentUrl":"https:\/\/files.sunoresearch.com.br\/n\/uploads\/2021\/09\/suno-logo.png","width":180,"height":180,"caption":"Suno Not\u00edcias"},"image":{"@id":"https:\/\/www.suno.com.br\/noticias\/#\/schema\/logo\/image\/"},"sameAs":["https:\/\/facebook.com\/sunoresearch","https:\/\/x.com\/sunoresearch","https:\/\/www.instagram.com\/suno","https:\/\/www.linkedin.com\/company\/suno-research\/","https:\/\/www.youtube.com\/c\/sunoresearch"]},{"@type":"Person","@id":"https:\/\/www.suno.com.br\/noticias\/#\/schema\/person\/7f4d362bf3518e76090143ae77bb49a5","name":"Eduardo Vargas","image":{"@type":"ImageObject","inLanguage":"pt-BR","@id":"https:\/\/www.suno.com.br\/noticias\/#\/schema\/person\/image\/","url":"https:\/\/secure.gravatar.com\/avatar\/dac340933427a22924c9f99d1eb2e3f2?s=96&r=g","contentUrl":"https:\/\/secure.gravatar.com\/avatar\/dac340933427a22924c9f99d1eb2e3f2?s=96&r=g","caption":"Eduardo Vargas"},"description":"Jornalista formado pela UFSC, cobre macroeconomia, neg\u00f3cios e startups para o Suno Not\u00edcias, escrevendo principalmente not\u00edcias sobre o mercado financeiro e a bolsa de valores. No YouTube e no Instagram, \u00e9 respons\u00e1vel pela produ\u00e7\u00e3o de Reels e Shorts do Suno Not\u00edcias. Anteriormente, trabalhou cobrindo economia e cotidiano no ND+ e para o ND, maior jornal impresso de Santa Catarina. Cursou um semestre letivo de Estudos de M\u00eddia na Universidad de Buenos Aires.","url":"https:\/\/www.suno.com.br\/noticias\/author\/eduardo-vargas\/"}]}},"default_loop_html":"<div class=\"cardsPage__listCard__boxs\"><div class=\"cardsPage__listCard__boxs__img\"><a href=\"https:\/\/www.suno.com.br\/noticias\/ibovespa-abre-quedas-banco-inter-bidi11-stone\/\"><img class=\"mask\" src=\"https:\/\/www.suno.com.br\/noticias\/wp-content\/themes\/suno\/resources\/images\/spotlight\/spotlight1img\/bg-mask.png\" alt=\"Image Mask\"\/><img src=\"https:\/\/files.sunoresearch.com.br\/n\/uploads\/2021\/06\/dad9092c-fachada_inter-400x200.jpeg\" alt=\"Ibovespa abre em queda; Banco Inter (BIDI11) cai 3% com not\u00edcias sobre a Stone\"\/><\/a><span class=\"spotlightCategory\"><a href=\"https:\/\/www.suno.com.br\/noticias\/mercado\/\">Mercado<\/a><\/span><\/div><div class=\"cardsPage__listCard__boxs__content\"><a href=\"https:\/\/www.suno.com.br\/noticias\/ibovespa-abre-quedas-banco-inter-bidi11-stone\/\"><h2 class=\"content__title\">Ibovespa abre em queda; Banco Inter (BIDI11) cai 3% com not\u00edcias sobre a Stone<\/h2><\/a><div class=\"newsContent__article__meta\"><div class=\"newsContent__article__meta__authorBox\"><a href=\"https:\/\/www.suno.com.br\/noticias\/author\/eduardo-vargas\/\" class=\"authorBox__avatar noMobi\"><img src=\"https:\/\/secure.gravatar.com\/avatar\/dac340933427a22924c9f99d1eb2e3f2?s=96&#038;r=g\" alt=\"Eduardo Vargas\"><\/a><div class=\"authorBox__name\"><span>por\n\t\t\t<a href=\"https:\/\/www.suno.com.br\/noticias\/author\/eduardo-vargas\/\"><span itemprop=\"author\">Eduardo Vargas<\/span><\/a><\/span><time datetime=\"2021-09-27T10:55:31-03:00\" itemprop=\"datePublished\">27\/09\/2021 10:55<\/time><\/div><\/div><\/div><\/div><\/div>","single_layout":"posts","amp_enabled":true,"_links":{"self":[{"href":"https:\/\/www.suno.com.br\/noticias\/wp-json\/wp\/v2\/posts\/187782"}],"collection":[{"href":"https:\/\/www.suno.com.br\/noticias\/wp-json\/wp\/v2\/posts"}],"about":[{"href":"https:\/\/www.suno.com.br\/noticias\/wp-json\/wp\/v2\/types\/post"}],"author":[{"embeddable":true,"href":"https:\/\/www.suno.com.br\/noticias\/wp-json\/wp\/v2\/users\/73"}],"replies":[{"embeddable":true,"href":"https:\/\/www.suno.com.br\/noticias\/wp-json\/wp\/v2\/comments?post=187782"}],"version-history":[{"count":3,"href":"https:\/\/www.suno.com.br\/noticias\/wp-json\/wp\/v2\/posts\/187782\/revisions"}],"predecessor-version":[{"id":187835,"href":"https:\/\/www.suno.com.br\/noticias\/wp-json\/wp\/v2\/posts\/187782\/revisions\/187835"}],"wp:featuredmedia":[{"embeddable":true,"href":"https:\/\/www.suno.com.br\/noticias\/wp-json\/wp\/v2\/media\/154428"}],"wp:attachment":[{"href":"https:\/\/www.suno.com.br\/noticias\/wp-json\/wp\/v2\/media?parent=187782"}],"wp:term":[{"taxonomy":"category","embeddable":true,"href":"https:\/\/www.suno.com.br\/noticias\/wp-json\/wp\/v2\/categories?post=187782"},{"taxonomy":"post_tag","embeddable":true,"href":"https:\/\/www.suno.com.br\/noticias\/wp-json\/wp\/v2\/tags?post=187782"},{"taxonomy":"suno_strategy","embeddable":true,"href":"https:\/\/www.suno.com.br\/noticias\/wp-json\/wp\/v2\/suno_strategy?post=187782"}],"curies":[{"name":"wp","href":"https:\/\/api.w.org\/{rel}","templated":true}]}}