{"id":187741,"date":"2021-09-27T10:53:11","date_gmt":"2021-09-27T13:53:11","guid":{"rendered":"https:\/\/www.suno.com.br\/noticias\/?p=187741"},"modified":"2021-09-27T10:53:11","modified_gmt":"2021-09-27T13:53:11","slug":"crise-hidrica-investimento-13-bilhoes-termicas-conta-luz","status":"publish","type":"post","link":"https:\/\/www.suno.com.br\/noticias\/crise-hidrica-investimento-13-bilhoes-termicas-conta-luz\/","title":{"rendered":"Crise h\u00eddrica for\u00e7a investimento de R$ 13 bi em usinas poluentes e encarece conta de luz at\u00e9 2025"},"content":{"rendered":"<p>Com a <strong>crise h\u00eddrica<\/strong> e seus riscos iminentes, o governo <a href=\"https:\/\/www.suno.com.br\/artigos\/mercado-livre-de-energia\/\">decidiu por priorizar pela primeira vez em anos as matrizes energ\u00e9ticas<\/a> mais poluentes, com previs\u00e3o de utiliza\u00e7\u00e3o at\u00e9 2025.<\/p>\t<div class=\"wrapper-featured-image\">\n\t\t<figure class=\"spotlightImg\">\n\n\t\t\t<picture>\n\t\t\t\t<source media=\"(max-width: 768px)\" srcset=\"https:\/\/files.sunoresearch.com.br\/n\/uploads\/2021\/09\/electricity-4666566_1920-400x200.jpg\">\n\t\t\t\t<img loading=\"lazy\" decoding=\"async\" class=\"newsContent__article__imgCapa lazyloadDisabled \" src=\"https:\/\/files.sunoresearch.com.br\/n\/uploads\/2021\/09\/electricity-4666566_1920-800x450.jpg\" width=\"800\" height=\"450\" alt=\"Crise h\u00eddrica for\u00e7a investimento de R$ 13 bi em usinas poluentes e encarece conta de luz at\u00e9 2025\" fetchpriority=high \/>\n\t\t\t<\/picture>\n\n\t\t\t<figcaption class=\"wp-caption-text wp-caption-text--show\">Isa CTEEP. Foto: Pixabay<\/figcaption>\n\t\t<\/figure>\n\t<\/div>\n\n\n\t<p>\n\t\t<a href=\"https:\/\/lp.suno.com.br\/planilha-controle-gastos\/\" target=\"_blank\" data-element=\"shortcode-suno-banner\" title=\"Banner SUNO, clique e saiba mais\">\n\t\t\t<picture>\n\t\t\t\t<source media=\"(max-width: 500px)\" srcset=\"https:\/\/files.sunoresearch.com.br\/n\/uploads\/2023\/03\/400x300-Planilha-controle-de-gastos.png\">\n\t\t\t\t<img class=\"newsContent__article__imgCapa newsContent__article__imgCapa--banner\"\n\t\t\t\t\tsrc=\"https:\/\/files.sunoresearch.com.br\/n\/uploads\/2023\/03\/1420x240-Planilha-controle-de-gastos.png\"\n\t\t\t\t\tdata-promo-id=\"101751\"\t\t\t\t\t\t\t\t\t\twidth='1420' height='240'\t\t\t\t\talt=\"https:\/\/files.sunoresearch.com.br\/n\/uploads\/2023\/03\/1420x240-Planilha-controle-de-gastos.png\"\n\t\t\t\t>\n\t\t\t<\/picture>\n\t\t<\/a>\n\t<\/p>\n\n\n<p>A medida de emerg\u00eancia deve custar R$ 13,1 bilh\u00f5es aos cofres p\u00fablicos, considerando o acionamento das t\u00e9rmicas de janeiro a novembro. A <strong>conta de luz<\/strong>, desta forma, deve ficar mais cara &#8211; j\u00e1 agravando o problema de oferta visto com a crise h\u00eddrica.<\/p>\n<p>Al\u00e9m disso, segundo o Minist\u00e9rio de Minas e Energia (<strong>MME<\/strong>), s\u00e3o previstos R$ 12 bilh\u00f5es em investimentos no setor at\u00e9 o ano de 2026.<\/p>\n<p>Em j\u00e1 no pr\u00f3ximo m\u00eas de outubro, a pasta far\u00e1 um leil\u00e3o simplificado para compra de adicional de energia, com prazo previsto para abril de 2022 a dezembro de 2025 e possibilidade de entrega antecipada.<\/p>\n\t<div data-element=\"shortcode-read-more\" class=\"knowMore\">\n\t\t\t\t<span class=\"knowMore__title\">Leia mais<\/span>\n\t\t\t\t<a class=\"knowMore__link\" href=\"https:\/\/www.suno.com.br\/noticias\/inflacao-pib-fgv-crise-hidrica-fgv-setor-servicos\/\">\n\t\t\tApesar da infla\u00e7\u00e3o e da crise h\u00eddrica, setor de servi\u00e7os puxar\u00e1 PIB, diz FGV\t\t<\/a>\n\t<\/div>\n\n\n<p>Essa \u00e9 outra medida no sentido de tentar recuperar o n\u00edvel dos reservat\u00f3rios das hidrel\u00e9tricas, contudo, a alta no <strong>pre\u00e7o da energia<\/strong> deve ser ainda maior.<\/p>\n<p>&#8220;As termel\u00e9tricas v\u00e3o ficar prontas daqui a 7 anos, s\u00f3 que a necessidade \u00e9 imediata com a crise h\u00eddrica. Temos tecnologia e capacidade de fabrica\u00e7\u00e3o de equipamentos para atender toda a demanda energ\u00e9tica em 1 ano, por isso acreditamos que \u00e9 poss\u00edvel antecipar a <a class=\"suno-keyword\" href=\"https:\/\/www.suno.com.br\/artigos\/abertura-do-mercado\/\" target=\"_blank\" rel=\"noopener\" data-force=\"no\" data-priority=\"1\">abertura do mercado<\/a> livre de energia antes de 2024. O nosso pa\u00eds pode ser l\u00edder global em <strong>energia 100% renov\u00e1vel<\/strong> e promover uma revolu\u00e7\u00e3o energ\u00e9tica&#8221;, analisa Antonio Bastos, CEO da Omega Energia (OMGE3), sobre o panorama.<\/p>\n\t<p>\n\t\t<a href=\"https:\/\/lp.suno.com.br\/planilha-da-vida-financeira\/\" target=\"_blank\" data-element=\"shortcode-suno-banner\" title=\"Banner SUNO, clique e saiba mais\">\n\t\t\t<picture>\n\t\t\t\t<source media=\"(max-width: 500px)\" srcset=\"https:\/\/files.sunoresearch.com.br\/n\/uploads\/2023\/04\/400x300-Planilha-vida-financeira-true.png\">\n\t\t\t\t<img class=\"newsContent__article__imgCapa newsContent__article__imgCapa--banner\"\n\t\t\t\t\tsrc=\"https:\/\/files.sunoresearch.com.br\/n\/uploads\/2023\/04\/1420x240-Planilha-vida-financeira-true.png\"\n\t\t\t\t\tdata-promo-id=\"106682\"\t\t\t\t\t\t\t\t\t\twidth='1420' height='240'\t\t\t\t\talt=\"https:\/\/files.sunoresearch.com.br\/n\/uploads\/2023\/04\/1420x240-Planilha-vida-financeira-true.png\"\n\t\t\t\t>\n\t\t\t<\/picture>\n\t\t<\/a>\n\t<\/p>\n\n\n<h2>Crise h\u00eddrica deve durar at\u00e9 novembro, diz presidente da Petrobras<\/h2>\n<p>Recentemente, no Congresso, o presidente da <a class=\"suno-keyword\" href=\"https:\/\/www.suno.com.br\/acoes\/PETR4\/\" target=\"_blank\" rel=\"noopener\" data-force=\"yes\" data-priority=\"2\">Petrobras (PETR4)<\/a>, Joaquim Silva e Luna, afirmou que a <strong>crise h\u00eddrica<\/strong> deve durar at\u00e9 o m\u00eas de novembro, considerando que a situa\u00e7\u00e3o j\u00e1 se arrasta &#8220;h\u00e1 algum tempo&#8221;.<\/p>\n\t<p>\n\t\t<a href=\"https:\/\/lp.suno.com.br\/ebook-como-analisar-uma-acao\/\" target=\"_blank\" data-element=\"shortcode-suno-banner\" title=\"Banner SUNO, clique e saiba mais\">\n\t\t\t<picture>\n\t\t\t\t<source media=\"(max-width: 500px)\" srcset=\"https:\/\/files.sunoresearch.com.br\/n\/uploads\/2023\/03\/Ebook-Acoes-Mobile-1.jpg\">\n\t\t\t\t<img class=\"newsContent__article__imgCapa newsContent__article__imgCapa--banner\"\n\t\t\t\t\tsrc=\"https:\/\/files.sunoresearch.com.br\/n\/uploads\/2023\/03\/Ebook-Acoes-Desktop-1.jpg\"\n\t\t\t\t\tdata-promo-id=\"171998\"\t\t\t\t\t\t\t\t\t\twidth='1420' height='286'\t\t\t\t\talt=\"https:\/\/files.sunoresearch.com.br\/n\/uploads\/2023\/03\/Ebook-Acoes-Desktop-1.jpg\"\n\t\t\t\t>\n\t\t\t<\/picture>\n\t\t<\/a>\n\t<\/p>\n\n\n<p>&#8220;Estamos necessitando de v\u00e1rias m\u00e3os para encontrar um caminho&#8221;, afirmou durante debate na C\u00e2mara.\u00a0Ao falar sobre a crise h\u00eddrica, destacou que a <strong>Petrobras<\/strong> ampliou a <a class=\"suno-keyword\" href=\"https:\/\/www.suno.com.br\/artigos\/capacidade-instalada\/\" target=\"_blank\" rel=\"noopener\" data-force=\"no\" data-priority=\"1\">capacidade instalada<\/a> e de entrega de g\u00e1s de 2 GW para 8 GW.<\/p>\n<h2>Conta de luz mais cara fez Bolsonaro reduzir gastos de energia no servi\u00e7o p\u00fablico<\/h2>\n<p>Ainda nas \u00faltimas semanas, o presidente Jair Bolsonaro (sem partido) editou decreto determinando a redu\u00e7\u00e3o de consumo de <strong>energia el\u00e9trica<\/strong> em \u00f3rg\u00e3os da Administra\u00e7\u00e3o P\u00fablica. A ideia \u00e9 economizar energia em meio \u00e0<a href=\"https:\/\/www.suno.com.br\/artigos\/crise-economica\"> crise h\u00eddrica <\/a>que amea\u00e7a o consumo no pa\u00eds.<\/p>\n\t<p>\n\t\t<a href=\"https:\/\/lp.suno.com.br\/planilha-de-controle-de-investimentos\/\" target=\"_blank\" data-element=\"shortcode-suno-banner\" title=\"Banner SUNO, clique e saiba mais\">\n\t\t\t<picture>\n\t\t\t\t<source media=\"(max-width: 500px)\" srcset=\"https:\/\/files.sunoresearch.com.br\/n\/uploads\/2023\/03\/400x300-Controle-de-Investimentos.png\">\n\t\t\t\t<img class=\"newsContent__article__imgCapa newsContent__article__imgCapa--banner\"\n\t\t\t\t\tsrc=\"https:\/\/files.sunoresearch.com.br\/n\/uploads\/2023\/03\/1420x240-Controle-de-Investimentos.png\"\n\t\t\t\t\tdata-promo-id=\"75934\"\t\t\t\t\t\t\t\t\t\twidth='1420' height='240'\t\t\t\t\talt=\"https:\/\/files.sunoresearch.com.br\/n\/uploads\/2023\/03\/1420x240-Controle-de-Investimentos.png\"\n\t\t\t\t>\n\t\t\t<\/picture>\n\t\t<\/a>\n\t<\/p>\n\n\n<p>O governo descarta racionamento apesar dos n\u00edveis baixos nos reservat\u00f3rios nas principais usinas hidrel\u00e9tricas. O Pa\u00eds vive a pior <strong>crise h\u00eddrica<\/strong> dos \u00faltimos 91 anos. O governo pretende sinalizar assim uma postura de rigor com os <strong>gastos de energia el\u00e9trica<\/strong> nos \u00f3rg\u00e3os p\u00fablicos.<\/p>\n<p>&#8220;Por meio do decreto, o Governo Federal se une ao esfor\u00e7o realizado pela sociedade na tomada de medidas de redu\u00e7\u00e3o do consumo de energia el\u00e9trica, necess\u00e1rias para o <a href=\"https:\/\/www.suno.com.br\/artigos\/iee\/\">enfrentamento da situa\u00e7\u00e3o hidroenerg\u00e9tica desfavor\u00e1vel da <strong>crise h\u00eddrica<\/strong><\/a>&#8220;, informou o MME\u00a0em nota.<\/p>\n\t<p>\n\t\t<a href=\"\" target=\"_blank\" data-element=\"shortcode-suno-banner\" title=\"Banner SUNO, clique e saiba mais\">\n\t\t\t<picture>\n\t\t\t\t<source media=\"(max-width: 500px)\" srcset=\"\">\n\t\t\t\t<img class=\"newsContent__article__imgCapa newsContent__article__imgCapa--banner\"\n\t\t\t\t\tsrc=\"\"\n\t\t\t\t\tdata-promo-id=\"184190\"\t\t\t\t\t\t\t\t\t\t\t\t\t\t\talt=\"\"\n\t\t\t\t>\n\t\t\t<\/picture>\n\t\t<\/a>\n\t<\/p>\n\n\n","protected":false},"excerpt":{"rendered":"<p>Com a crise h\u00eddrica e seus riscos iminentes, o governo decidiu por priorizar pela primeira vez em anos as matrizes energ\u00e9ticas mais poluentes, com previs\u00e3o de utiliza\u00e7\u00e3o at\u00e9 2025. Isa CTEEP. Foto: Pixabay A medida de emerg\u00eancia deve custar R$ 13,1 bilh\u00f5es aos cofres p\u00fablicos, considerando o acionamento das t\u00e9rmicas de janeiro a novembro. A [&hellip;]<\/p>\n","protected":false},"author":73,"featured_media":180473,"comment_status":"closed","ping_status":"closed","sticky":false,"template":"","format":"standard","meta":[],"categories":[62],"tags":[106454,106435,106081,2153,105816,1227,585],"suno_strategy":[],"class_list":["post-187741","post","type-post","status-publish","format-standard","has-post-thumbnail","hentry","category-economia","tag-crise-energetica","tag-crise-hidrica","tag-energia","tag-energia-eletrica","tag-especialistas","tag-ministerio-de-minas-e-energia","tag-omega-geracao-omge3"],"yoast_head":"<!-- This site is optimized with the Yoast SEO plugin v24.4 - https:\/\/yoast.com\/wordpress\/plugins\/seo\/ -->\n<title>Crise h\u00eddrica for\u00e7a investimento de R$ 13 bi em usinas poluentes e encarece conta de luz at\u00e9 2025<\/title>\n<meta name=\"description\" content=\"Novos investimentos para os pr\u00f3ximos anos est\u00e3o previstos, mas com crise energ\u00e9tica \u00e0 vista, conta de luz deve seguir alta. Leia mais.\" \/>\n<meta name=\"robots\" content=\"index, follow, max-snippet:-1, max-image-preview:large, max-video-preview:-1\" \/>\n<link rel=\"canonical\" href=\"https:\/\/www.suno.com.br\/noticias\/crise-hidrica-investimento-13-bilhoes-termicas-conta-luz\/\" \/>\n<meta property=\"og:locale\" content=\"pt_BR\" \/>\n<meta property=\"og:type\" content=\"article\" \/>\n<meta property=\"og:title\" content=\"Crise h\u00eddrica for\u00e7a investimento de R$ 13 bi em usinas poluentes e encarece conta de luz at\u00e9 2025\" \/>\n<meta property=\"og:description\" content=\"Novos investimentos para os pr\u00f3ximos anos est\u00e3o previstos, mas com crise energ\u00e9tica \u00e0 vista, conta de luz deve seguir alta. Leia mais.\" \/>\n<meta property=\"og:url\" content=\"https:\/\/www.suno.com.br\/noticias\/crise-hidrica-investimento-13-bilhoes-termicas-conta-luz\/\" \/>\n<meta property=\"og:site_name\" content=\"Suno Not\u00edcias\" \/>\n<meta property=\"article:publisher\" content=\"https:\/\/facebook.com\/sunoresearch\" \/>\n<meta property=\"og:image\" content=\"https:\/\/files.sunoresearch.com.br\/n\/uploads\/2021\/09\/electricity-4666566_1920.jpg\" \/>\n\t<meta property=\"og:image:width\" content=\"1920\" \/>\n\t<meta property=\"og:image:height\" content=\"1280\" \/>\n\t<meta property=\"og:image:type\" content=\"image\/jpeg\" \/>\n<meta name=\"author\" content=\"Eduardo Vargas\" \/>\n<meta name=\"twitter:card\" content=\"summary_large_image\" \/>\n<meta name=\"twitter:creator\" content=\"@sunoresearch\" \/>\n<meta name=\"twitter:site\" content=\"@sunoresearch\" \/>\n<meta name=\"twitter:label1\" content=\"Escrito por\" \/>\n\t<meta name=\"twitter:data1\" content=\"Eduardo Vargas\" \/>\n\t<meta name=\"twitter:label2\" content=\"Est. tempo de leitura\" \/>\n\t<meta name=\"twitter:data2\" content=\"3 minutos\" \/>\n<script type=\"application\/ld+json\" class=\"yoast-schema-graph\">{\"@context\":\"https:\/\/schema.org\",\"@graph\":[{\"@type\":\"NewsArticle\",\"@id\":\"https:\/\/www.suno.com.br\/noticias\/crise-hidrica-investimento-13-bilhoes-termicas-conta-luz\/#article\",\"isPartOf\":{\"@id\":\"https:\/\/www.suno.com.br\/noticias\/crise-hidrica-investimento-13-bilhoes-termicas-conta-luz\/\"},\"author\":{\"name\":\"Eduardo Vargas\",\"@id\":\"https:\/\/www.suno.com.br\/noticias\/#\/schema\/person\/7f4d362bf3518e76090143ae77bb49a5\"},\"headline\":\"Crise h\u00eddrica for\u00e7a investimento de R$ 13 bi em usinas poluentes e encarece conta de luz at\u00e9 2025\",\"datePublished\":\"2021-09-27T13:53:11+00:00\",\"mainEntityOfPage\":{\"@id\":\"https:\/\/www.suno.com.br\/noticias\/crise-hidrica-investimento-13-bilhoes-termicas-conta-luz\/\"},\"wordCount\":547,\"publisher\":{\"@id\":\"https:\/\/www.suno.com.br\/noticias\/#organization\"},\"image\":{\"@id\":\"https:\/\/www.suno.com.br\/noticias\/crise-hidrica-investimento-13-bilhoes-termicas-conta-luz\/#primaryimage\"},\"thumbnailUrl\":\"https:\/\/files.sunoresearch.com.br\/n\/uploads\/2021\/09\/electricity-4666566_1920.jpg\",\"keywords\":[\"crise energ\u00e9tica\",\"crise h\u00eddrica\",\"energia\",\"energia el\u00e9trica\",\"Especialistas\",\"Minist\u00e9rio de Minas e Energia\",\"Omega Gera\u00e7\u00e3o (OMGE3)\"],\"articleSection\":[\"Economia\"],\"inLanguage\":\"pt-BR\"},{\"@type\":\"WebPage\",\"@id\":\"https:\/\/www.suno.com.br\/noticias\/crise-hidrica-investimento-13-bilhoes-termicas-conta-luz\/\",\"url\":\"https:\/\/www.suno.com.br\/noticias\/crise-hidrica-investimento-13-bilhoes-termicas-conta-luz\/\",\"name\":\"Crise h\u00eddrica for\u00e7a investimento de R$ 13 bi em usinas poluentes e encarece conta de luz at\u00e9 2025\",\"isPartOf\":{\"@id\":\"https:\/\/www.suno.com.br\/noticias\/#website\"},\"primaryImageOfPage\":{\"@id\":\"https:\/\/www.suno.com.br\/noticias\/crise-hidrica-investimento-13-bilhoes-termicas-conta-luz\/#primaryimage\"},\"image\":{\"@id\":\"https:\/\/www.suno.com.br\/noticias\/crise-hidrica-investimento-13-bilhoes-termicas-conta-luz\/#primaryimage\"},\"thumbnailUrl\":\"https:\/\/files.sunoresearch.com.br\/n\/uploads\/2021\/09\/electricity-4666566_1920.jpg\",\"datePublished\":\"2021-09-27T13:53:11+00:00\",\"description\":\"Novos investimentos para os pr\u00f3ximos anos est\u00e3o previstos, mas com crise energ\u00e9tica \u00e0 vista, conta de luz deve seguir alta. Leia mais.\",\"breadcrumb\":{\"@id\":\"https:\/\/www.suno.com.br\/noticias\/crise-hidrica-investimento-13-bilhoes-termicas-conta-luz\/#breadcrumb\"},\"inLanguage\":\"pt-BR\",\"potentialAction\":[{\"@type\":\"ReadAction\",\"target\":[\"https:\/\/www.suno.com.br\/noticias\/crise-hidrica-investimento-13-bilhoes-termicas-conta-luz\/\"]}]},{\"@type\":\"ImageObject\",\"inLanguage\":\"pt-BR\",\"@id\":\"https:\/\/www.suno.com.br\/noticias\/crise-hidrica-investimento-13-bilhoes-termicas-conta-luz\/#primaryimage\",\"url\":\"https:\/\/files.sunoresearch.com.br\/n\/uploads\/2021\/09\/electricity-4666566_1920.jpg\",\"contentUrl\":\"https:\/\/files.sunoresearch.com.br\/n\/uploads\/2021\/09\/electricity-4666566_1920.jpg\",\"width\":1920,\"height\":1280,\"caption\":\"Isa CTEEP. Foto: Pixabay\"},{\"@type\":\"BreadcrumbList\",\"@id\":\"https:\/\/www.suno.com.br\/noticias\/crise-hidrica-investimento-13-bilhoes-termicas-conta-luz\/#breadcrumb\",\"itemListElement\":[{\"@type\":\"ListItem\",\"position\":1,\"name\":\"Not\u00edcias\",\"item\":\"https:\/\/www.suno.com.br\/noticias\/\"},{\"@type\":\"ListItem\",\"position\":2,\"name\":\"Economia\",\"item\":\"https:\/\/www.suno.com.br\/noticias\/economia\/\"},{\"@type\":\"ListItem\",\"position\":3,\"name\":\"Crise h\u00eddrica for\u00e7a investimento de R$ 13 bi em usinas poluentes e encarece conta de luz at\u00e9 2025\"}]},{\"@type\":\"WebSite\",\"@id\":\"https:\/\/www.suno.com.br\/noticias\/#website\",\"url\":\"https:\/\/www.suno.com.br\/noticias\/\",\"name\":\"Suno Not\u00edcias\",\"description\":\"Seu portal de informa\u00e7\u00e3o sobre o mundo dos investimentos\",\"publisher\":{\"@id\":\"https:\/\/www.suno.com.br\/noticias\/#organization\"},\"potentialAction\":[{\"@type\":\"SearchAction\",\"target\":{\"@type\":\"EntryPoint\",\"urlTemplate\":\"https:\/\/www.suno.com.br\/noticias\/?s={search_term_string}\"},\"query-input\":{\"@type\":\"PropertyValueSpecification\",\"valueRequired\":true,\"valueName\":\"search_term_string\"}}],\"inLanguage\":\"pt-BR\"},{\"@type\":\"Organization\",\"@id\":\"https:\/\/www.suno.com.br\/noticias\/#organization\",\"name\":\"Suno Not\u00edcias\",\"url\":\"https:\/\/www.suno.com.br\/noticias\/\",\"logo\":{\"@type\":\"ImageObject\",\"inLanguage\":\"pt-BR\",\"@id\":\"https:\/\/www.suno.com.br\/noticias\/#\/schema\/logo\/image\/\",\"url\":\"https:\/\/files.sunoresearch.com.br\/n\/uploads\/2021\/09\/suno-logo.png\",\"contentUrl\":\"https:\/\/files.sunoresearch.com.br\/n\/uploads\/2021\/09\/suno-logo.png\",\"width\":180,\"height\":180,\"caption\":\"Suno Not\u00edcias\"},\"image\":{\"@id\":\"https:\/\/www.suno.com.br\/noticias\/#\/schema\/logo\/image\/\"},\"sameAs\":[\"https:\/\/facebook.com\/sunoresearch\",\"https:\/\/x.com\/sunoresearch\",\"https:\/\/www.instagram.com\/suno\",\"https:\/\/www.linkedin.com\/company\/suno-research\/\",\"https:\/\/www.youtube.com\/c\/sunoresearch\"]},{\"@type\":\"Person\",\"@id\":\"https:\/\/www.suno.com.br\/noticias\/#\/schema\/person\/7f4d362bf3518e76090143ae77bb49a5\",\"name\":\"Eduardo Vargas\",\"image\":{\"@type\":\"ImageObject\",\"inLanguage\":\"pt-BR\",\"@id\":\"https:\/\/www.suno.com.br\/noticias\/#\/schema\/person\/image\/\",\"url\":\"https:\/\/secure.gravatar.com\/avatar\/dac340933427a22924c9f99d1eb2e3f2?s=96&r=g\",\"contentUrl\":\"https:\/\/secure.gravatar.com\/avatar\/dac340933427a22924c9f99d1eb2e3f2?s=96&r=g\",\"caption\":\"Eduardo Vargas\"},\"description\":\"Jornalista formado pela UFSC, cobre macroeconomia, neg\u00f3cios e startups para o Suno Not\u00edcias, escrevendo principalmente not\u00edcias sobre o mercado financeiro e a bolsa de valores. No YouTube e no Instagram, \u00e9 respons\u00e1vel pela produ\u00e7\u00e3o de Reels e Shorts do Suno Not\u00edcias. Anteriormente, trabalhou cobrindo economia e cotidiano no ND+ e para o ND, maior jornal impresso de Santa Catarina. Cursou um semestre letivo de Estudos de M\u00eddia na Universidad de Buenos Aires.\",\"url\":\"https:\/\/www.suno.com.br\/noticias\/author\/eduardo-vargas\/\"}]}<\/script>\n<!-- \/ Yoast SEO plugin. -->","yoast_head_json":{"title":"Crise h\u00eddrica for\u00e7a investimento de R$ 13 bi em usinas poluentes e encarece conta de luz at\u00e9 2025","description":"Novos investimentos para os pr\u00f3ximos anos est\u00e3o previstos, mas com crise energ\u00e9tica \u00e0 vista, conta de luz deve seguir alta. Leia mais.","robots":{"index":"index","follow":"follow","max-snippet":"max-snippet:-1","max-image-preview":"max-image-preview:large","max-video-preview":"max-video-preview:-1"},"canonical":"https:\/\/www.suno.com.br\/noticias\/crise-hidrica-investimento-13-bilhoes-termicas-conta-luz\/","og_locale":"pt_BR","og_type":"article","og_title":"Crise h\u00eddrica for\u00e7a investimento de R$ 13 bi em usinas poluentes e encarece conta de luz at\u00e9 2025","og_description":"Novos investimentos para os pr\u00f3ximos anos est\u00e3o previstos, mas com crise energ\u00e9tica \u00e0 vista, conta de luz deve seguir alta. Leia mais.","og_url":"https:\/\/www.suno.com.br\/noticias\/crise-hidrica-investimento-13-bilhoes-termicas-conta-luz\/","og_site_name":"Suno Not\u00edcias","article_publisher":"https:\/\/facebook.com\/sunoresearch","og_image":[{"width":1920,"height":1280,"url":"https:\/\/files.sunoresearch.com.br\/n\/uploads\/2021\/09\/electricity-4666566_1920.jpg","type":"image\/jpeg"}],"author":"Eduardo Vargas","twitter_card":"summary_large_image","twitter_creator":"@sunoresearch","twitter_site":"@sunoresearch","twitter_misc":{"Escrito por":"Eduardo Vargas","Est. tempo de leitura":"3 minutos"},"schema":{"@context":"https:\/\/schema.org","@graph":[{"@type":"NewsArticle","@id":"https:\/\/www.suno.com.br\/noticias\/crise-hidrica-investimento-13-bilhoes-termicas-conta-luz\/#article","isPartOf":{"@id":"https:\/\/www.suno.com.br\/noticias\/crise-hidrica-investimento-13-bilhoes-termicas-conta-luz\/"},"author":{"name":"Eduardo Vargas","@id":"https:\/\/www.suno.com.br\/noticias\/#\/schema\/person\/7f4d362bf3518e76090143ae77bb49a5"},"headline":"Crise h\u00eddrica for\u00e7a investimento de R$ 13 bi em usinas poluentes e encarece conta de luz at\u00e9 2025","datePublished":"2021-09-27T13:53:11+00:00","mainEntityOfPage":{"@id":"https:\/\/www.suno.com.br\/noticias\/crise-hidrica-investimento-13-bilhoes-termicas-conta-luz\/"},"wordCount":547,"publisher":{"@id":"https:\/\/www.suno.com.br\/noticias\/#organization"},"image":{"@id":"https:\/\/www.suno.com.br\/noticias\/crise-hidrica-investimento-13-bilhoes-termicas-conta-luz\/#primaryimage"},"thumbnailUrl":"https:\/\/files.sunoresearch.com.br\/n\/uploads\/2021\/09\/electricity-4666566_1920.jpg","keywords":["crise energ\u00e9tica","crise h\u00eddrica","energia","energia el\u00e9trica","Especialistas","Minist\u00e9rio de Minas e Energia","Omega Gera\u00e7\u00e3o (OMGE3)"],"articleSection":["Economia"],"inLanguage":"pt-BR"},{"@type":"WebPage","@id":"https:\/\/www.suno.com.br\/noticias\/crise-hidrica-investimento-13-bilhoes-termicas-conta-luz\/","url":"https:\/\/www.suno.com.br\/noticias\/crise-hidrica-investimento-13-bilhoes-termicas-conta-luz\/","name":"Crise h\u00eddrica for\u00e7a investimento de R$ 13 bi em usinas poluentes e encarece conta de luz at\u00e9 2025","isPartOf":{"@id":"https:\/\/www.suno.com.br\/noticias\/#website"},"primaryImageOfPage":{"@id":"https:\/\/www.suno.com.br\/noticias\/crise-hidrica-investimento-13-bilhoes-termicas-conta-luz\/#primaryimage"},"image":{"@id":"https:\/\/www.suno.com.br\/noticias\/crise-hidrica-investimento-13-bilhoes-termicas-conta-luz\/#primaryimage"},"thumbnailUrl":"https:\/\/files.sunoresearch.com.br\/n\/uploads\/2021\/09\/electricity-4666566_1920.jpg","datePublished":"2021-09-27T13:53:11+00:00","description":"Novos investimentos para os pr\u00f3ximos anos est\u00e3o previstos, mas com crise energ\u00e9tica \u00e0 vista, conta de luz deve seguir alta. Leia mais.","breadcrumb":{"@id":"https:\/\/www.suno.com.br\/noticias\/crise-hidrica-investimento-13-bilhoes-termicas-conta-luz\/#breadcrumb"},"inLanguage":"pt-BR","potentialAction":[{"@type":"ReadAction","target":["https:\/\/www.suno.com.br\/noticias\/crise-hidrica-investimento-13-bilhoes-termicas-conta-luz\/"]}]},{"@type":"ImageObject","inLanguage":"pt-BR","@id":"https:\/\/www.suno.com.br\/noticias\/crise-hidrica-investimento-13-bilhoes-termicas-conta-luz\/#primaryimage","url":"https:\/\/files.sunoresearch.com.br\/n\/uploads\/2021\/09\/electricity-4666566_1920.jpg","contentUrl":"https:\/\/files.sunoresearch.com.br\/n\/uploads\/2021\/09\/electricity-4666566_1920.jpg","width":1920,"height":1280,"caption":"Isa CTEEP. Foto: Pixabay"},{"@type":"BreadcrumbList","@id":"https:\/\/www.suno.com.br\/noticias\/crise-hidrica-investimento-13-bilhoes-termicas-conta-luz\/#breadcrumb","itemListElement":[{"@type":"ListItem","position":1,"name":"Not\u00edcias","item":"https:\/\/www.suno.com.br\/noticias\/"},{"@type":"ListItem","position":2,"name":"Economia","item":"https:\/\/www.suno.com.br\/noticias\/economia\/"},{"@type":"ListItem","position":3,"name":"Crise h\u00eddrica for\u00e7a investimento de R$ 13 bi em usinas poluentes e encarece conta de luz at\u00e9 2025"}]},{"@type":"WebSite","@id":"https:\/\/www.suno.com.br\/noticias\/#website","url":"https:\/\/www.suno.com.br\/noticias\/","name":"Suno Not\u00edcias","description":"Seu portal de informa\u00e7\u00e3o sobre o mundo dos investimentos","publisher":{"@id":"https:\/\/www.suno.com.br\/noticias\/#organization"},"potentialAction":[{"@type":"SearchAction","target":{"@type":"EntryPoint","urlTemplate":"https:\/\/www.suno.com.br\/noticias\/?s={search_term_string}"},"query-input":{"@type":"PropertyValueSpecification","valueRequired":true,"valueName":"search_term_string"}}],"inLanguage":"pt-BR"},{"@type":"Organization","@id":"https:\/\/www.suno.com.br\/noticias\/#organization","name":"Suno Not\u00edcias","url":"https:\/\/www.suno.com.br\/noticias\/","logo":{"@type":"ImageObject","inLanguage":"pt-BR","@id":"https:\/\/www.suno.com.br\/noticias\/#\/schema\/logo\/image\/","url":"https:\/\/files.sunoresearch.com.br\/n\/uploads\/2021\/09\/suno-logo.png","contentUrl":"https:\/\/files.sunoresearch.com.br\/n\/uploads\/2021\/09\/suno-logo.png","width":180,"height":180,"caption":"Suno Not\u00edcias"},"image":{"@id":"https:\/\/www.suno.com.br\/noticias\/#\/schema\/logo\/image\/"},"sameAs":["https:\/\/facebook.com\/sunoresearch","https:\/\/x.com\/sunoresearch","https:\/\/www.instagram.com\/suno","https:\/\/www.linkedin.com\/company\/suno-research\/","https:\/\/www.youtube.com\/c\/sunoresearch"]},{"@type":"Person","@id":"https:\/\/www.suno.com.br\/noticias\/#\/schema\/person\/7f4d362bf3518e76090143ae77bb49a5","name":"Eduardo Vargas","image":{"@type":"ImageObject","inLanguage":"pt-BR","@id":"https:\/\/www.suno.com.br\/noticias\/#\/schema\/person\/image\/","url":"https:\/\/secure.gravatar.com\/avatar\/dac340933427a22924c9f99d1eb2e3f2?s=96&r=g","contentUrl":"https:\/\/secure.gravatar.com\/avatar\/dac340933427a22924c9f99d1eb2e3f2?s=96&r=g","caption":"Eduardo Vargas"},"description":"Jornalista formado pela UFSC, cobre macroeconomia, neg\u00f3cios e startups para o Suno Not\u00edcias, escrevendo principalmente not\u00edcias sobre o mercado financeiro e a bolsa de valores. No YouTube e no Instagram, \u00e9 respons\u00e1vel pela produ\u00e7\u00e3o de Reels e Shorts do Suno Not\u00edcias. Anteriormente, trabalhou cobrindo economia e cotidiano no ND+ e para o ND, maior jornal impresso de Santa Catarina. Cursou um semestre letivo de Estudos de M\u00eddia na Universidad de Buenos Aires.","url":"https:\/\/www.suno.com.br\/noticias\/author\/eduardo-vargas\/"}]}},"default_loop_html":"<div class=\"cardsPage__listCard__boxs\"><div class=\"cardsPage__listCard__boxs__img\"><a href=\"https:\/\/www.suno.com.br\/noticias\/crise-hidrica-investimento-13-bilhoes-termicas-conta-luz\/\"><img class=\"mask\" src=\"https:\/\/www.suno.com.br\/noticias\/wp-content\/themes\/suno\/resources\/images\/spotlight\/spotlight1img\/bg-mask.png\" alt=\"Image Mask\"\/><img src=\"https:\/\/files.sunoresearch.com.br\/n\/uploads\/2021\/09\/electricity-4666566_1920-400x200.jpg\" alt=\"Crise h\u00eddrica for\u00e7a investimento de R$ 13 bi em usinas poluentes e encarece conta de luz at\u00e9 2025\"\/><\/a><span class=\"spotlightCategory\"><a href=\"https:\/\/www.suno.com.br\/noticias\/economia\/\">Economia<\/a><\/span><\/div><div class=\"cardsPage__listCard__boxs__content\"><a href=\"https:\/\/www.suno.com.br\/noticias\/crise-hidrica-investimento-13-bilhoes-termicas-conta-luz\/\"><h2 class=\"content__title\">Crise h\u00eddrica for\u00e7a investimento de R$ 13 bi em usinas poluentes e encarece conta de luz at\u00e9 2025<\/h2><\/a><div class=\"newsContent__article__meta\"><div class=\"newsContent__article__meta__authorBox\"><a href=\"https:\/\/www.suno.com.br\/noticias\/author\/eduardo-vargas\/\" class=\"authorBox__avatar noMobi\"><img src=\"https:\/\/secure.gravatar.com\/avatar\/dac340933427a22924c9f99d1eb2e3f2?s=96&#038;r=g\" alt=\"Eduardo Vargas\"><\/a><div class=\"authorBox__name\"><span>por\n\t\t\t<a href=\"https:\/\/www.suno.com.br\/noticias\/author\/eduardo-vargas\/\"><span itemprop=\"author\">Eduardo Vargas<\/span><\/a><\/span><time datetime=\"2021-09-27T10:53:11-03:00\" itemprop=\"datePublished\">27\/09\/2021 10:53<\/time><\/div><\/div><\/div><\/div><\/div>","single_layout":"posts","amp_enabled":true,"_links":{"self":[{"href":"https:\/\/www.suno.com.br\/noticias\/wp-json\/wp\/v2\/posts\/187741"}],"collection":[{"href":"https:\/\/www.suno.com.br\/noticias\/wp-json\/wp\/v2\/posts"}],"about":[{"href":"https:\/\/www.suno.com.br\/noticias\/wp-json\/wp\/v2\/types\/post"}],"author":[{"embeddable":true,"href":"https:\/\/www.suno.com.br\/noticias\/wp-json\/wp\/v2\/users\/73"}],"replies":[{"embeddable":true,"href":"https:\/\/www.suno.com.br\/noticias\/wp-json\/wp\/v2\/comments?post=187741"}],"version-history":[{"count":3,"href":"https:\/\/www.suno.com.br\/noticias\/wp-json\/wp\/v2\/posts\/187741\/revisions"}],"predecessor-version":[{"id":187834,"href":"https:\/\/www.suno.com.br\/noticias\/wp-json\/wp\/v2\/posts\/187741\/revisions\/187834"}],"wp:featuredmedia":[{"embeddable":true,"href":"https:\/\/www.suno.com.br\/noticias\/wp-json\/wp\/v2\/media\/180473"}],"wp:attachment":[{"href":"https:\/\/www.suno.com.br\/noticias\/wp-json\/wp\/v2\/media?parent=187741"}],"wp:term":[{"taxonomy":"category","embeddable":true,"href":"https:\/\/www.suno.com.br\/noticias\/wp-json\/wp\/v2\/categories?post=187741"},{"taxonomy":"post_tag","embeddable":true,"href":"https:\/\/www.suno.com.br\/noticias\/wp-json\/wp\/v2\/tags?post=187741"},{"taxonomy":"suno_strategy","embeddable":true,"href":"https:\/\/www.suno.com.br\/noticias\/wp-json\/wp\/v2\/suno_strategy?post=187741"}],"curies":[{"name":"wp","href":"https:\/\/api.w.org\/{rel}","templated":true}]}}