{"id":187720,"date":"2021-09-27T08:41:12","date_gmt":"2021-09-27T11:41:12","guid":{"rendered":"https:\/\/www.suno.com.br\/noticias\/?p=187720"},"modified":"2021-09-27T16:37:57","modified_gmt":"2021-09-27T19:37:57","slug":"magazine-luiza-mglu3-luiza-trajano-diz-varejo-poderia-estar-melhor","status":"publish","type":"post","link":"https:\/\/www.suno.com.br\/noticias\/magazine-luiza-mglu3-luiza-trajano-diz-varejo-poderia-estar-melhor\/","title":{"rendered":"Magazine Luiza(MGLU3): infla\u00e7\u00e3o, juros e desconfian\u00e7a atrapalham varejo"},"content":{"rendered":"<p><a class=\"suno-keyword\" href=\"https:\/\/www.suno.com.br\/tudo-sobre\/luiza-helena-trajano\/\" target=\"_blank\" rel=\"noopener\" data-force=\"no\" data-priority=\"2\">Luiza Helena Trajano<\/a>, fundadora e presidente do conselho de administra\u00e7\u00e3o do <a class=\"suno-keyword\" href=\"https:\/\/www.suno.com.br\/acoes\/MGLU3\/\" target=\"_blank\" rel=\"noopener\" data-force=\"yes\" data-priority=\"2\"><strong>Magazine Luiza<\/strong> (MGLU3)<\/a>, afirmou que a situa\u00e7\u00e3o do varejo no Brasil poderia estar muito melhor se o Pa\u00eds n\u00e3o estivesse enfrentando a alta da infla\u00e7\u00e3o e dos juros, al\u00e9m de uma grande desconfian\u00e7a.<\/p>\t<div class=\"wrapper-featured-image\">\n\t\t<figure class=\"spotlightImg\">\n\n\t\t\t<picture>\n\t\t\t\t<source media=\"(max-width: 768px)\" srcset=\"https:\/\/files.sunoresearch.com.br\/n\/uploads\/2021\/07\/428f4019-magazine-luiza-400x200.jpg\">\n\t\t\t\t<img loading=\"lazy\" decoding=\"async\" class=\"newsContent__article__imgCapa lazyloadDisabled \" src=\"https:\/\/files.sunoresearch.com.br\/n\/uploads\/2021\/07\/428f4019-magazine-luiza-800x450.jpg\" width=\"800\" height=\"450\" alt=\"Magazine Luiza(MGLU3): infla\u00e7\u00e3o, juros e desconfian\u00e7a atrapalham varejo\" fetchpriority=high \/>\n\t\t\t<\/picture>\n\n\t\t\t<figcaption class=\"wp-caption-text wp-caption-text--show\">Magazine Luiza: lucro no 4T23. Foto: Divulga\u00e7\u00e3o.<\/figcaption>\n\t\t<\/figure>\n\t<\/div>\n\n\n\t<p>\n\t\t<a href=\"https:\/\/lp.suno.com.br\/planilha-controle-gastos\/\" target=\"_blank\" data-element=\"shortcode-suno-banner\" title=\"Banner SUNO, clique e saiba mais\">\n\t\t\t<picture>\n\t\t\t\t<source media=\"(max-width: 500px)\" srcset=\"https:\/\/files.sunoresearch.com.br\/n\/uploads\/2023\/03\/400x300-Planilha-controle-de-gastos.png\">\n\t\t\t\t<img class=\"newsContent__article__imgCapa newsContent__article__imgCapa--banner\"\n\t\t\t\t\tsrc=\"https:\/\/files.sunoresearch.com.br\/n\/uploads\/2023\/03\/1420x240-Planilha-controle-de-gastos.png\"\n\t\t\t\t\tdata-promo-id=\"101751\"\t\t\t\t\t\t\t\t\t\twidth='1420' height='240'\t\t\t\t\talt=\"https:\/\/files.sunoresearch.com.br\/n\/uploads\/2023\/03\/1420x240-Planilha-controle-de-gastos.png\"\n\t\t\t\t>\n\t\t\t<\/picture>\n\t\t<\/a>\n\t<\/p>\n\n\n<p>A fala da <strong>fundadora do Magazine Luiza<\/strong> aconteceu no \u00faltimo domingo, dia 26, em evento do Parlat\u00f3rio, grupo que re\u00fane formadores de opini\u00e3o de todo o Brasil.<\/p>\n<p>Trajano reconheceu que a alta da infla\u00e7\u00e3o \u00e9 uma situa\u00e7\u00e3o em comum com quase todo o mundo neste momento. &#8220;O problema \u00e9 o juro alto e a falta de confian\u00e7a. A falta de confian\u00e7a leva ao aumento da infla\u00e7\u00e3o, que leva \u00e0 alta de juro e isso afeta toda a cadeia de <strong>varejo<\/strong>&#8220;, disse em evento.<\/p>\n<p>Segundo <strong>Luiza Trajano<\/strong>, isso \u00e9 ruim porque \u00e9 no varejo que se cria a maior parte dos primeiros empregos no Pa\u00eds.<\/p>\n\t<p>\n\t\t<a href=\"\" target=\"_blank\" data-element=\"shortcode-suno-banner\" title=\"Banner SUNO, clique e saiba mais\">\n\t\t\t<picture>\n\t\t\t\t<source media=\"(max-width: 500px)\" srcset=\"\">\n\t\t\t\t<img class=\"newsContent__article__imgCapa newsContent__article__imgCapa--banner\"\n\t\t\t\t\tsrc=\"\"\n\t\t\t\t\tdata-promo-id=\"91641\"\t\t\t\t\t\t\t\t\t\t\t\t\t\t\talt=\"\"\n\t\t\t\t>\n\t\t\t<\/picture>\n\t\t<\/a>\n\t<\/p>\n\n\n<h2>Magazine Luiza (MGLU3): mercado v\u00ea oportunidade ap\u00f3s &#8216;descontos altos&#8217;<\/h2>\n<p>Tidas como as preferidas do mercado no in\u00edcio da pandemia, hoje as <strong>a\u00e7\u00f5es de e-commerce<\/strong> Via (VIIA3) e do Magazine Luiza (MGLU3) amargam perdas significativas, recuando neste ano 19% e 36%, respectivamente.<\/p>\n<p>A a\u00e7\u00e3o da Via, que chegou a mais de R$ 10 este ano, est\u00e1 na casa dos R$ 8, enquanto a <strong>cota\u00e7\u00e3o do Magazine Luiza<\/strong> saiu do patamar de R$ 25 para os atuais R$ 15.<\/p>\n\t<p>\n\t\t<a href=\"https:\/\/lp.suno.com.br\/ebook-como-analisar-uma-acao\/\" target=\"_blank\" data-element=\"shortcode-suno-banner\" title=\"Banner SUNO, clique e saiba mais\">\n\t\t\t<picture>\n\t\t\t\t<source media=\"(max-width: 500px)\" srcset=\"https:\/\/files.sunoresearch.com.br\/n\/uploads\/2023\/03\/Ebook-Acoes-Mobile-1.jpg\">\n\t\t\t\t<img class=\"newsContent__article__imgCapa newsContent__article__imgCapa--banner\"\n\t\t\t\t\tsrc=\"https:\/\/files.sunoresearch.com.br\/n\/uploads\/2023\/03\/Ebook-Acoes-Desktop-1.jpg\"\n\t\t\t\t\tdata-promo-id=\"171998\"\t\t\t\t\t\t\t\t\t\twidth='1420' height='286'\t\t\t\t\talt=\"https:\/\/files.sunoresearch.com.br\/n\/uploads\/2023\/03\/Ebook-Acoes-Desktop-1.jpg\"\n\t\t\t\t>\n\t\t\t<\/picture>\n\t\t<\/a>\n\t<\/p>\n\n\n<p>Diante das quedas, os<a href=\"https:\/\/www.suno.com.br\/noticias\/via-magazine-luiza-mglu3-viia3-varejo-2021-quedas-oportunidade\/\" target=\"_blank\" rel=\"noopener\"> investidores querem saber se vale a pena comprar estas a\u00e7\u00f5es<\/a>, j\u00e1 que o setor de e-commerce enfrenta uma competi\u00e7\u00e3o cada vez mais feroz, tanto de competidores brasileiros quanto de estrangeiras como Mercado Livre (MELI34), Amazon (AMZO34), Alibaba (BABA34) e Shopee.<\/p>\n<p>Para a maior parte dos especialistas consultados pelo <strong>SUNO Not\u00edcias<\/strong>, a resposta \u00e9 sim, vale a pena aproveitar a baixa destes pap\u00e9is, embora a infla\u00e7\u00e3o seja um assunto que deve ser acompanhado de perto.<\/p>\n<p>Leia mais:<\/p>\n\t<div data-element=\"shortcode-read-more\" class=\"knowMore\">\n\t\t\t\t<a class=\"knowMore__link\" href=\"https:\/\/www.suno.com.br\/noticias\/via-magazine-luiza-mglu3-viia3-varejo-2021-quedas-oportunidade\/\">\n\t\t\tVia (VIIA3) e Magazine Luiza (MGLU3): mercado v\u00ea oportunidade ap\u00f3s &#039;descontos altos&#039;\t\t<\/a>\n\t<\/div>\n\n\n<h2>\u00daltima cota\u00e7\u00e3o<\/h2>\n<p>Ap\u00f3s o preg\u00e3o de sexta-feira (24), as <strong>a\u00e7\u00f5es do Magazine Luiza<\/strong> no Ibovespa fecharam em queda de 1,64%, valendo R$ 15,63.<\/p>\n<p>Nos \u00faltimos 12 meses, os pap\u00e9is MGLU3 acumulam desvaloriza\u00e7\u00e3o de 29,39%, com as a\u00e7\u00f5es do <strong>Magazine Luiza<\/strong> sendo negociadas a R$ 29,26 na m\u00e1xima e a R$ 15,36 na m\u00ednima.<\/p>\n\t<p>\n\t\t<a href=\"\" target=\"_blank\" data-element=\"shortcode-suno-banner\" title=\"Banner SUNO, clique e saiba mais\">\n\t\t\t<picture>\n\t\t\t\t<source media=\"(max-width: 500px)\" srcset=\"\">\n\t\t\t\t<img class=\"newsContent__article__imgCapa newsContent__article__imgCapa--banner\"\n\t\t\t\t\tsrc=\"\"\n\t\t\t\t\tdata-promo-id=\"184190\"\t\t\t\t\t\t\t\t\t\t\t\t\t\t\talt=\"\"\n\t\t\t\t>\n\t\t\t<\/picture>\n\t\t<\/a>\n\t<\/p>\n\n\n<p><em>Com informa\u00e7\u00f5es de Estad\u00e3o Conte\u00fado.\u00a0<\/em><\/p>\n","protected":false},"excerpt":{"rendered":"<p>Luiza Helena Trajano, fundadora e presidente do conselho de administra\u00e7\u00e3o do Magazine Luiza (MGLU3), afirmou que a situa\u00e7\u00e3o do varejo no Brasil poderia estar muito melhor se o Pa\u00eds n\u00e3o estivesse enfrentando a alta da infla\u00e7\u00e3o e dos juros, al\u00e9m de uma grande desconfian\u00e7a. Magazine Luiza: lucro no 4T23. Foto: Divulga\u00e7\u00e3o. A fala da fundadora [&hellip;]<\/p>\n","protected":false},"author":102,"featured_media":166254,"comment_status":"closed","ping_status":"closed","sticky":false,"template":"","format":"standard","meta":[],"categories":[62],"tags":[2073,105455,548,803],"suno_strategy":[],"class_list":["post-187720","post","type-post","status-publish","format-standard","has-post-thumbnail","hentry","category-economia","tag-e-commerce","tag-luiza-trajano","tag-magazine-luiza-mglu3","tag-varejo"],"yoast_head":"<!-- This site is optimized with the Yoast SEO plugin v24.4 - https:\/\/yoast.com\/wordpress\/plugins\/seo\/ -->\n<title>Magazine Luiza(MGLU3): infla\u00e7\u00e3o, juros e desconfian\u00e7a atrapalham varejo<\/title>\n<meta name=\"description\" content=\"Em evento no domingo, 26, Luiza Trajano, fundadora do Magazine Luiza (MGLU3), disse que o varejo poderia estar melhor. Veja o que atrapalha\" \/>\n<meta name=\"robots\" content=\"index, follow, max-snippet:-1, max-image-preview:large, max-video-preview:-1\" \/>\n<link rel=\"canonical\" href=\"https:\/\/www.suno.com.br\/noticias\/magazine-luiza-mglu3-luiza-trajano-diz-varejo-poderia-estar-melhor\/\" \/>\n<meta property=\"og:locale\" content=\"pt_BR\" \/>\n<meta property=\"og:type\" content=\"article\" \/>\n<meta property=\"og:title\" content=\"Magazine Luiza(MGLU3): infla\u00e7\u00e3o, juros e desconfian\u00e7a atrapalham varejo\" \/>\n<meta property=\"og:description\" content=\"Em evento no domingo, 26, Luiza Trajano, fundadora do Magazine Luiza (MGLU3), disse que o varejo poderia estar melhor. Veja o que atrapalha\" \/>\n<meta property=\"og:url\" content=\"https:\/\/www.suno.com.br\/noticias\/magazine-luiza-mglu3-luiza-trajano-diz-varejo-poderia-estar-melhor\/\" \/>\n<meta property=\"og:site_name\" content=\"Suno Not\u00edcias\" \/>\n<meta property=\"article:publisher\" content=\"https:\/\/facebook.com\/sunoresearch\" \/>\n<meta property=\"og:image\" content=\"https:\/\/files.sunoresearch.com.br\/n\/uploads\/2021\/07\/428f4019-magazine-luiza.jpg\" \/>\n\t<meta property=\"og:image:width\" content=\"1200\" \/>\n\t<meta property=\"og:image:height\" content=\"800\" \/>\n\t<meta property=\"og:image:type\" content=\"image\/jpeg\" \/>\n<meta name=\"author\" content=\"Monique Lima\" \/>\n<meta name=\"twitter:card\" content=\"summary_large_image\" \/>\n<meta name=\"twitter:creator\" content=\"@sunoresearch\" \/>\n<meta name=\"twitter:site\" content=\"@sunoresearch\" \/>\n<meta name=\"twitter:label1\" content=\"Escrito por\" \/>\n\t<meta name=\"twitter:data1\" content=\"Monique Lima\" \/>\n\t<meta name=\"twitter:label2\" content=\"Est. tempo de leitura\" \/>\n\t<meta name=\"twitter:data2\" content=\"2 minutos\" \/>\n<script type=\"application\/ld+json\" class=\"yoast-schema-graph\">{\"@context\":\"https:\/\/schema.org\",\"@graph\":[{\"@type\":\"NewsArticle\",\"@id\":\"https:\/\/www.suno.com.br\/noticias\/magazine-luiza-mglu3-luiza-trajano-diz-varejo-poderia-estar-melhor\/#article\",\"isPartOf\":{\"@id\":\"https:\/\/www.suno.com.br\/noticias\/magazine-luiza-mglu3-luiza-trajano-diz-varejo-poderia-estar-melhor\/\"},\"author\":{\"name\":\"Monique Lima\",\"@id\":\"https:\/\/www.suno.com.br\/noticias\/#\/schema\/person\/d712329319cc9b10f254d02d654cb36a\"},\"headline\":\"Magazine Luiza(MGLU3): infla\u00e7\u00e3o, juros e desconfian\u00e7a atrapalham varejo\",\"datePublished\":\"2021-09-27T11:41:12+00:00\",\"dateModified\":\"2021-09-27T19:37:57+00:00\",\"mainEntityOfPage\":{\"@id\":\"https:\/\/www.suno.com.br\/noticias\/magazine-luiza-mglu3-luiza-trajano-diz-varejo-poderia-estar-melhor\/\"},\"wordCount\":409,\"publisher\":{\"@id\":\"https:\/\/www.suno.com.br\/noticias\/#organization\"},\"image\":{\"@id\":\"https:\/\/www.suno.com.br\/noticias\/magazine-luiza-mglu3-luiza-trajano-diz-varejo-poderia-estar-melhor\/#primaryimage\"},\"thumbnailUrl\":\"https:\/\/files.sunoresearch.com.br\/n\/uploads\/2021\/07\/428f4019-magazine-luiza.jpg\",\"keywords\":[\"e-commerce\",\"Luiza Trajano\",\"Magazine Luiza (MGLU3)\",\"varejo\"],\"articleSection\":[\"Economia\"],\"inLanguage\":\"pt-BR\"},{\"@type\":\"WebPage\",\"@id\":\"https:\/\/www.suno.com.br\/noticias\/magazine-luiza-mglu3-luiza-trajano-diz-varejo-poderia-estar-melhor\/\",\"url\":\"https:\/\/www.suno.com.br\/noticias\/magazine-luiza-mglu3-luiza-trajano-diz-varejo-poderia-estar-melhor\/\",\"name\":\"Magazine Luiza(MGLU3): infla\u00e7\u00e3o, juros e desconfian\u00e7a atrapalham varejo\",\"isPartOf\":{\"@id\":\"https:\/\/www.suno.com.br\/noticias\/#website\"},\"primaryImageOfPage\":{\"@id\":\"https:\/\/www.suno.com.br\/noticias\/magazine-luiza-mglu3-luiza-trajano-diz-varejo-poderia-estar-melhor\/#primaryimage\"},\"image\":{\"@id\":\"https:\/\/www.suno.com.br\/noticias\/magazine-luiza-mglu3-luiza-trajano-diz-varejo-poderia-estar-melhor\/#primaryimage\"},\"thumbnailUrl\":\"https:\/\/files.sunoresearch.com.br\/n\/uploads\/2021\/07\/428f4019-magazine-luiza.jpg\",\"datePublished\":\"2021-09-27T11:41:12+00:00\",\"dateModified\":\"2021-09-27T19:37:57+00:00\",\"description\":\"Em evento no domingo, 26, Luiza Trajano, fundadora do Magazine Luiza (MGLU3), disse que o varejo poderia estar melhor. Veja o que atrapalha\",\"breadcrumb\":{\"@id\":\"https:\/\/www.suno.com.br\/noticias\/magazine-luiza-mglu3-luiza-trajano-diz-varejo-poderia-estar-melhor\/#breadcrumb\"},\"inLanguage\":\"pt-BR\",\"potentialAction\":[{\"@type\":\"ReadAction\",\"target\":[\"https:\/\/www.suno.com.br\/noticias\/magazine-luiza-mglu3-luiza-trajano-diz-varejo-poderia-estar-melhor\/\"]}]},{\"@type\":\"ImageObject\",\"inLanguage\":\"pt-BR\",\"@id\":\"https:\/\/www.suno.com.br\/noticias\/magazine-luiza-mglu3-luiza-trajano-diz-varejo-poderia-estar-melhor\/#primaryimage\",\"url\":\"https:\/\/files.sunoresearch.com.br\/n\/uploads\/2021\/07\/428f4019-magazine-luiza.jpg\",\"contentUrl\":\"https:\/\/files.sunoresearch.com.br\/n\/uploads\/2021\/07\/428f4019-magazine-luiza.jpg\",\"width\":1200,\"height\":800,\"caption\":\"Magazine Luiza: lucro no 4T23. Foto: Divulga\u00e7\u00e3o.\"},{\"@type\":\"BreadcrumbList\",\"@id\":\"https:\/\/www.suno.com.br\/noticias\/magazine-luiza-mglu3-luiza-trajano-diz-varejo-poderia-estar-melhor\/#breadcrumb\",\"itemListElement\":[{\"@type\":\"ListItem\",\"position\":1,\"name\":\"Not\u00edcias\",\"item\":\"https:\/\/www.suno.com.br\/noticias\/\"},{\"@type\":\"ListItem\",\"position\":2,\"name\":\"Economia\",\"item\":\"https:\/\/www.suno.com.br\/noticias\/economia\/\"},{\"@type\":\"ListItem\",\"position\":3,\"name\":\"Magazine Luiza(MGLU3): infla\u00e7\u00e3o, juros e desconfian\u00e7a atrapalham varejo\"}]},{\"@type\":\"WebSite\",\"@id\":\"https:\/\/www.suno.com.br\/noticias\/#website\",\"url\":\"https:\/\/www.suno.com.br\/noticias\/\",\"name\":\"Suno Not\u00edcias\",\"description\":\"Seu portal de informa\u00e7\u00e3o sobre o mundo dos investimentos\",\"publisher\":{\"@id\":\"https:\/\/www.suno.com.br\/noticias\/#organization\"},\"potentialAction\":[{\"@type\":\"SearchAction\",\"target\":{\"@type\":\"EntryPoint\",\"urlTemplate\":\"https:\/\/www.suno.com.br\/noticias\/?s={search_term_string}\"},\"query-input\":{\"@type\":\"PropertyValueSpecification\",\"valueRequired\":true,\"valueName\":\"search_term_string\"}}],\"inLanguage\":\"pt-BR\"},{\"@type\":\"Organization\",\"@id\":\"https:\/\/www.suno.com.br\/noticias\/#organization\",\"name\":\"Suno Not\u00edcias\",\"url\":\"https:\/\/www.suno.com.br\/noticias\/\",\"logo\":{\"@type\":\"ImageObject\",\"inLanguage\":\"pt-BR\",\"@id\":\"https:\/\/www.suno.com.br\/noticias\/#\/schema\/logo\/image\/\",\"url\":\"https:\/\/files.sunoresearch.com.br\/n\/uploads\/2021\/09\/suno-logo.png\",\"contentUrl\":\"https:\/\/files.sunoresearch.com.br\/n\/uploads\/2021\/09\/suno-logo.png\",\"width\":180,\"height\":180,\"caption\":\"Suno Not\u00edcias\"},\"image\":{\"@id\":\"https:\/\/www.suno.com.br\/noticias\/#\/schema\/logo\/image\/\"},\"sameAs\":[\"https:\/\/facebook.com\/sunoresearch\",\"https:\/\/x.com\/sunoresearch\",\"https:\/\/www.instagram.com\/suno\",\"https:\/\/www.linkedin.com\/company\/suno-research\/\",\"https:\/\/www.youtube.com\/c\/sunoresearch\"]},{\"@type\":\"Person\",\"@id\":\"https:\/\/www.suno.com.br\/noticias\/#\/schema\/person\/d712329319cc9b10f254d02d654cb36a\",\"name\":\"Monique Lima\",\"image\":{\"@type\":\"ImageObject\",\"inLanguage\":\"pt-BR\",\"@id\":\"https:\/\/www.suno.com.br\/noticias\/#\/schema\/person\/image\/\",\"url\":\"https:\/\/secure.gravatar.com\/avatar\/daee7f16d906c2e9ffed236206ca2c30?s=96&r=g\",\"contentUrl\":\"https:\/\/secure.gravatar.com\/avatar\/daee7f16d906c2e9ffed236206ca2c30?s=96&r=g\",\"caption\":\"Monique Lima\"},\"description\":\"Rep\u00f3rter de Mercado no Suno Not\u00edcias, \u00e9 jornalista com experi\u00eancia na cobertura de economia, empreendedorismo, finan\u00e7as pessoais, mercado financeiro, carreira e recursos humanos. Formada em Jornalismo pela Universidade Paulista, teve experi\u00eancias em ve\u00edculos de comunica\u00e7\u00e3o como a Ag\u00eancia TradeMap, Revista Voc\u00ea S\/A e Revista Voc\u00ea RH, as duas \u00faltimas publica\u00e7\u00f5es da Editora Abril. No Suno Not\u00edcias, fala sobre as principais not\u00edcias de Fundos Imobili\u00e1rios, Fiagro, Startups e empresas listadas na Bolsa.\",\"url\":\"https:\/\/www.suno.com.br\/noticias\/author\/monique-lima\/\"}]}<\/script>\n<!-- \/ Yoast SEO plugin. -->","yoast_head_json":{"title":"Magazine Luiza(MGLU3): infla\u00e7\u00e3o, juros e desconfian\u00e7a atrapalham varejo","description":"Em evento no domingo, 26, Luiza Trajano, fundadora do Magazine Luiza (MGLU3), disse que o varejo poderia estar melhor. Veja o que atrapalha","robots":{"index":"index","follow":"follow","max-snippet":"max-snippet:-1","max-image-preview":"max-image-preview:large","max-video-preview":"max-video-preview:-1"},"canonical":"https:\/\/www.suno.com.br\/noticias\/magazine-luiza-mglu3-luiza-trajano-diz-varejo-poderia-estar-melhor\/","og_locale":"pt_BR","og_type":"article","og_title":"Magazine Luiza(MGLU3): infla\u00e7\u00e3o, juros e desconfian\u00e7a atrapalham varejo","og_description":"Em evento no domingo, 26, Luiza Trajano, fundadora do Magazine Luiza (MGLU3), disse que o varejo poderia estar melhor. Veja o que atrapalha","og_url":"https:\/\/www.suno.com.br\/noticias\/magazine-luiza-mglu3-luiza-trajano-diz-varejo-poderia-estar-melhor\/","og_site_name":"Suno Not\u00edcias","article_publisher":"https:\/\/facebook.com\/sunoresearch","og_image":[{"width":1200,"height":800,"url":"https:\/\/files.sunoresearch.com.br\/n\/uploads\/2021\/07\/428f4019-magazine-luiza.jpg","type":"image\/jpeg"}],"author":"Monique Lima","twitter_card":"summary_large_image","twitter_creator":"@sunoresearch","twitter_site":"@sunoresearch","twitter_misc":{"Escrito por":"Monique Lima","Est. tempo de leitura":"2 minutos"},"schema":{"@context":"https:\/\/schema.org","@graph":[{"@type":"NewsArticle","@id":"https:\/\/www.suno.com.br\/noticias\/magazine-luiza-mglu3-luiza-trajano-diz-varejo-poderia-estar-melhor\/#article","isPartOf":{"@id":"https:\/\/www.suno.com.br\/noticias\/magazine-luiza-mglu3-luiza-trajano-diz-varejo-poderia-estar-melhor\/"},"author":{"name":"Monique Lima","@id":"https:\/\/www.suno.com.br\/noticias\/#\/schema\/person\/d712329319cc9b10f254d02d654cb36a"},"headline":"Magazine Luiza(MGLU3): infla\u00e7\u00e3o, juros e desconfian\u00e7a atrapalham varejo","datePublished":"2021-09-27T11:41:12+00:00","dateModified":"2021-09-27T19:37:57+00:00","mainEntityOfPage":{"@id":"https:\/\/www.suno.com.br\/noticias\/magazine-luiza-mglu3-luiza-trajano-diz-varejo-poderia-estar-melhor\/"},"wordCount":409,"publisher":{"@id":"https:\/\/www.suno.com.br\/noticias\/#organization"},"image":{"@id":"https:\/\/www.suno.com.br\/noticias\/magazine-luiza-mglu3-luiza-trajano-diz-varejo-poderia-estar-melhor\/#primaryimage"},"thumbnailUrl":"https:\/\/files.sunoresearch.com.br\/n\/uploads\/2021\/07\/428f4019-magazine-luiza.jpg","keywords":["e-commerce","Luiza Trajano","Magazine Luiza (MGLU3)","varejo"],"articleSection":["Economia"],"inLanguage":"pt-BR"},{"@type":"WebPage","@id":"https:\/\/www.suno.com.br\/noticias\/magazine-luiza-mglu3-luiza-trajano-diz-varejo-poderia-estar-melhor\/","url":"https:\/\/www.suno.com.br\/noticias\/magazine-luiza-mglu3-luiza-trajano-diz-varejo-poderia-estar-melhor\/","name":"Magazine Luiza(MGLU3): infla\u00e7\u00e3o, juros e desconfian\u00e7a atrapalham varejo","isPartOf":{"@id":"https:\/\/www.suno.com.br\/noticias\/#website"},"primaryImageOfPage":{"@id":"https:\/\/www.suno.com.br\/noticias\/magazine-luiza-mglu3-luiza-trajano-diz-varejo-poderia-estar-melhor\/#primaryimage"},"image":{"@id":"https:\/\/www.suno.com.br\/noticias\/magazine-luiza-mglu3-luiza-trajano-diz-varejo-poderia-estar-melhor\/#primaryimage"},"thumbnailUrl":"https:\/\/files.sunoresearch.com.br\/n\/uploads\/2021\/07\/428f4019-magazine-luiza.jpg","datePublished":"2021-09-27T11:41:12+00:00","dateModified":"2021-09-27T19:37:57+00:00","description":"Em evento no domingo, 26, Luiza Trajano, fundadora do Magazine Luiza (MGLU3), disse que o varejo poderia estar melhor. Veja o que atrapalha","breadcrumb":{"@id":"https:\/\/www.suno.com.br\/noticias\/magazine-luiza-mglu3-luiza-trajano-diz-varejo-poderia-estar-melhor\/#breadcrumb"},"inLanguage":"pt-BR","potentialAction":[{"@type":"ReadAction","target":["https:\/\/www.suno.com.br\/noticias\/magazine-luiza-mglu3-luiza-trajano-diz-varejo-poderia-estar-melhor\/"]}]},{"@type":"ImageObject","inLanguage":"pt-BR","@id":"https:\/\/www.suno.com.br\/noticias\/magazine-luiza-mglu3-luiza-trajano-diz-varejo-poderia-estar-melhor\/#primaryimage","url":"https:\/\/files.sunoresearch.com.br\/n\/uploads\/2021\/07\/428f4019-magazine-luiza.jpg","contentUrl":"https:\/\/files.sunoresearch.com.br\/n\/uploads\/2021\/07\/428f4019-magazine-luiza.jpg","width":1200,"height":800,"caption":"Magazine Luiza: lucro no 4T23. Foto: Divulga\u00e7\u00e3o."},{"@type":"BreadcrumbList","@id":"https:\/\/www.suno.com.br\/noticias\/magazine-luiza-mglu3-luiza-trajano-diz-varejo-poderia-estar-melhor\/#breadcrumb","itemListElement":[{"@type":"ListItem","position":1,"name":"Not\u00edcias","item":"https:\/\/www.suno.com.br\/noticias\/"},{"@type":"ListItem","position":2,"name":"Economia","item":"https:\/\/www.suno.com.br\/noticias\/economia\/"},{"@type":"ListItem","position":3,"name":"Magazine Luiza(MGLU3): infla\u00e7\u00e3o, juros e desconfian\u00e7a atrapalham varejo"}]},{"@type":"WebSite","@id":"https:\/\/www.suno.com.br\/noticias\/#website","url":"https:\/\/www.suno.com.br\/noticias\/","name":"Suno Not\u00edcias","description":"Seu portal de informa\u00e7\u00e3o sobre o mundo dos investimentos","publisher":{"@id":"https:\/\/www.suno.com.br\/noticias\/#organization"},"potentialAction":[{"@type":"SearchAction","target":{"@type":"EntryPoint","urlTemplate":"https:\/\/www.suno.com.br\/noticias\/?s={search_term_string}"},"query-input":{"@type":"PropertyValueSpecification","valueRequired":true,"valueName":"search_term_string"}}],"inLanguage":"pt-BR"},{"@type":"Organization","@id":"https:\/\/www.suno.com.br\/noticias\/#organization","name":"Suno Not\u00edcias","url":"https:\/\/www.suno.com.br\/noticias\/","logo":{"@type":"ImageObject","inLanguage":"pt-BR","@id":"https:\/\/www.suno.com.br\/noticias\/#\/schema\/logo\/image\/","url":"https:\/\/files.sunoresearch.com.br\/n\/uploads\/2021\/09\/suno-logo.png","contentUrl":"https:\/\/files.sunoresearch.com.br\/n\/uploads\/2021\/09\/suno-logo.png","width":180,"height":180,"caption":"Suno Not\u00edcias"},"image":{"@id":"https:\/\/www.suno.com.br\/noticias\/#\/schema\/logo\/image\/"},"sameAs":["https:\/\/facebook.com\/sunoresearch","https:\/\/x.com\/sunoresearch","https:\/\/www.instagram.com\/suno","https:\/\/www.linkedin.com\/company\/suno-research\/","https:\/\/www.youtube.com\/c\/sunoresearch"]},{"@type":"Person","@id":"https:\/\/www.suno.com.br\/noticias\/#\/schema\/person\/d712329319cc9b10f254d02d654cb36a","name":"Monique Lima","image":{"@type":"ImageObject","inLanguage":"pt-BR","@id":"https:\/\/www.suno.com.br\/noticias\/#\/schema\/person\/image\/","url":"https:\/\/secure.gravatar.com\/avatar\/daee7f16d906c2e9ffed236206ca2c30?s=96&r=g","contentUrl":"https:\/\/secure.gravatar.com\/avatar\/daee7f16d906c2e9ffed236206ca2c30?s=96&r=g","caption":"Monique Lima"},"description":"Rep\u00f3rter de Mercado no Suno Not\u00edcias, \u00e9 jornalista com experi\u00eancia na cobertura de economia, empreendedorismo, finan\u00e7as pessoais, mercado financeiro, carreira e recursos humanos. Formada em Jornalismo pela Universidade Paulista, teve experi\u00eancias em ve\u00edculos de comunica\u00e7\u00e3o como a Ag\u00eancia TradeMap, Revista Voc\u00ea S\/A e Revista Voc\u00ea RH, as duas \u00faltimas publica\u00e7\u00f5es da Editora Abril. No Suno Not\u00edcias, fala sobre as principais not\u00edcias de Fundos Imobili\u00e1rios, Fiagro, Startups e empresas listadas na Bolsa.","url":"https:\/\/www.suno.com.br\/noticias\/author\/monique-lima\/"}]}},"default_loop_html":"<div class=\"cardsPage__listCard__boxs\"><div class=\"cardsPage__listCard__boxs__img\"><a href=\"https:\/\/www.suno.com.br\/noticias\/magazine-luiza-mglu3-luiza-trajano-diz-varejo-poderia-estar-melhor\/\"><img class=\"mask\" src=\"https:\/\/www.suno.com.br\/noticias\/wp-content\/themes\/suno\/resources\/images\/spotlight\/spotlight1img\/bg-mask.png\" alt=\"Image Mask\"\/><img src=\"https:\/\/files.sunoresearch.com.br\/n\/uploads\/2021\/07\/428f4019-magazine-luiza-400x200.jpg\" alt=\"Magazine Luiza(MGLU3): infla\u00e7\u00e3o, juros e desconfian\u00e7a atrapalham varejo\"\/><\/a><span class=\"spotlightCategory\"><a href=\"https:\/\/www.suno.com.br\/noticias\/economia\/\">Economia<\/a><\/span><\/div><div class=\"cardsPage__listCard__boxs__content\"><a href=\"https:\/\/www.suno.com.br\/noticias\/magazine-luiza-mglu3-luiza-trajano-diz-varejo-poderia-estar-melhor\/\"><h2 class=\"content__title\">Magazine Luiza(MGLU3): infla\u00e7\u00e3o, juros e desconfian\u00e7a atrapalham varejo<\/h2><\/a><div class=\"newsContent__article__meta\"><div class=\"newsContent__article__meta__authorBox\"><a href=\"https:\/\/www.suno.com.br\/noticias\/author\/monique-lima\/\" class=\"authorBox__avatar noMobi\"><img src=\"https:\/\/secure.gravatar.com\/avatar\/daee7f16d906c2e9ffed236206ca2c30?s=96&#038;r=g\" alt=\"Monique Lima\"><\/a><div class=\"authorBox__name\"><span>por\n\t\t\t<a href=\"https:\/\/www.suno.com.br\/noticias\/author\/monique-lima\/\"><span itemprop=\"author\">Monique Lima<\/span><\/a><\/span><time datetime=\"2021-09-27T08:41:12-03:00\" itemprop=\"datePublished\">27\/09\/2021 08:41<\/time><\/div><\/div><\/div><\/div><\/div>","single_layout":"posts","amp_enabled":true,"_links":{"self":[{"href":"https:\/\/www.suno.com.br\/noticias\/wp-json\/wp\/v2\/posts\/187720"}],"collection":[{"href":"https:\/\/www.suno.com.br\/noticias\/wp-json\/wp\/v2\/posts"}],"about":[{"href":"https:\/\/www.suno.com.br\/noticias\/wp-json\/wp\/v2\/types\/post"}],"author":[{"embeddable":true,"href":"https:\/\/www.suno.com.br\/noticias\/wp-json\/wp\/v2\/users\/102"}],"replies":[{"embeddable":true,"href":"https:\/\/www.suno.com.br\/noticias\/wp-json\/wp\/v2\/comments?post=187720"}],"version-history":[{"count":5,"href":"https:\/\/www.suno.com.br\/noticias\/wp-json\/wp\/v2\/posts\/187720\/revisions"}],"predecessor-version":[{"id":188001,"href":"https:\/\/www.suno.com.br\/noticias\/wp-json\/wp\/v2\/posts\/187720\/revisions\/188001"}],"wp:featuredmedia":[{"embeddable":true,"href":"https:\/\/www.suno.com.br\/noticias\/wp-json\/wp\/v2\/media\/166254"}],"wp:attachment":[{"href":"https:\/\/www.suno.com.br\/noticias\/wp-json\/wp\/v2\/media?parent=187720"}],"wp:term":[{"taxonomy":"category","embeddable":true,"href":"https:\/\/www.suno.com.br\/noticias\/wp-json\/wp\/v2\/categories?post=187720"},{"taxonomy":"post_tag","embeddable":true,"href":"https:\/\/www.suno.com.br\/noticias\/wp-json\/wp\/v2\/tags?post=187720"},{"taxonomy":"suno_strategy","embeddable":true,"href":"https:\/\/www.suno.com.br\/noticias\/wp-json\/wp\/v2\/suno_strategy?post=187720"}],"curies":[{"name":"wp","href":"https:\/\/api.w.org\/{rel}","templated":true}]}}