{"id":187684,"date":"2021-09-27T12:09:40","date_gmt":"2021-09-27T15:09:40","guid":{"rendered":"https:\/\/www.suno.com.br\/noticias\/?p=187684"},"modified":"2021-09-27T12:09:40","modified_gmt":"2021-09-27T15:09:40","slug":"para-frear-queima-madeira-dona-belo-monte","status":"publish","type":"post","link":"https:\/\/www.suno.com.br\/noticias\/para-frear-queima-madeira-dona-belo-monte\/","title":{"rendered":"Governo do Par\u00e1 quer frear queima de 3,5 mil m\u00b3 de madeira da Norte Energia"},"content":{"rendered":"<p><a href=\"https:\/\/www.suno.com.br\/artigos\/incentivos-fiscais\/\">O governo do Par\u00e1 reagiu com indigna\u00e7\u00e3o<\/a> ao plano da concession\u00e1ria Norte Energia, dona da usina hidrel\u00e9trica de <strong>Belo Monte<\/strong>, que visa transformar em carv\u00e3o mais de 3,5 mil metros c\u00fabicos de madeira, sendo 2 mil em madeira nobre e protegida por lei federal.<\/p>\t<div class=\"wrapper-featured-image\">\n\t\t<figure class=\"spotlightImg\">\n\n\t\t\t<picture>\n\t\t\t\t<source media=\"(max-width: 768px)\" srcset=\"https:\/\/files.sunoresearch.com.br\/n\/uploads\/2021\/09\/belo_monte090920214080-400x200.jpg\">\n\t\t\t\t<img loading=\"lazy\" decoding=\"async\" class=\"newsContent__article__imgCapa lazyloadDisabled \" src=\"https:\/\/files.sunoresearch.com.br\/n\/uploads\/2021\/09\/belo_monte090920214080-800x450.jpg\" width=\"800\" height=\"450\" alt=\"Governo do Par\u00e1 quer frear queima de 3,5 mil m\u00b3 de madeira da Norte Energia\" fetchpriority=high \/>\n\t\t\t<\/picture>\n\n\t\t\t<figcaption class=\"wp-caption-text wp-caption-text--show\">Hidrel\u00e9tricas terminar\u00e3o novembro com 49,9% da capacidade. Foto: Ag\u00eancia Brasil<\/figcaption>\n\t\t<\/figure>\n\t<\/div>\n\n\n\t<p>\n\t\t<a href=\"https:\/\/lp.suno.com.br\/planilha-controle-gastos\/\" target=\"_blank\" data-element=\"shortcode-suno-banner\" title=\"Banner SUNO, clique e saiba mais\">\n\t\t\t<picture>\n\t\t\t\t<source media=\"(max-width: 500px)\" srcset=\"https:\/\/files.sunoresearch.com.br\/n\/uploads\/2023\/03\/400x300-Planilha-controle-de-gastos.png\">\n\t\t\t\t<img class=\"newsContent__article__imgCapa newsContent__article__imgCapa--banner\"\n\t\t\t\t\tsrc=\"https:\/\/files.sunoresearch.com.br\/n\/uploads\/2023\/03\/1420x240-Planilha-controle-de-gastos.png\"\n\t\t\t\t\tdata-promo-id=\"101751\"\t\t\t\t\t\t\t\t\t\twidth='1420' height='240'\t\t\t\t\talt=\"https:\/\/files.sunoresearch.com.br\/n\/uploads\/2023\/03\/1420x240-Planilha-controle-de-gastos.png\"\n\t\t\t\t>\n\t\t\t<\/picture>\n\t\t<\/a>\n\t<\/p>\n\n\n<p>O Estado pretende requerer a <strong>madeira<\/strong> da detentora da Belo Monte &#8211; suficiente para encher 120 caminh\u00f5es &#8211; para que o material tenha destina\u00e7\u00e3o social.<\/p>\n<p>A dona da maior <strong>hidrel\u00e9trica<\/strong> do Brasil informa ter enviado ao Ibama, no dia 1.\u00ba de setembro, pedido para solicitar o &#8220;uso de madeira para fins energ\u00e9ticos&#8221;.<\/p>\n<p>Nesse pedido, a <strong>Norte Energia<\/strong> diz que fez um levantamento sobre as &#8220;condi\u00e7\u00f5es f\u00edsicas dos estoques <a href=\"https:\/\/www.suno.com.br\/artigos\/industria-de-transformacao\/\">de toras nos p\u00e1tios de madeira&#8221; da usina<\/a>, entre dezembro de 2020 e abril deste ano, e chegou \u00e0 conclus\u00e3o de que possui &#8220;3.502,40 m\u00b3 de toras de madeira, estocadas em p\u00e1tio, que ainda apresentam condi\u00e7\u00f5es de utiliza\u00e7\u00e3o&#8221;.<\/p>\n\t<div data-element=\"shortcode-read-more\" class=\"knowMore\">\n\t\t\t\t<span class=\"knowMore__title\">Leia mais<\/span>\n\t\t\t\t<a class=\"knowMore__link\" href=\"https:\/\/www.suno.com.br\/noticias\/reserva-acoes-ipo-environmental-esg-eesg3-comeca-hoje\/\">\n\t\t\tReserva de a\u00e7\u00f5es para IPO da Environmental ESG (EESG3) come\u00e7a hoje\t\t<\/a>\n\t<\/div>\n\n\n<p>A utiliza\u00e7\u00e3o solicitada n\u00e3o \u00e9 a constru\u00e7\u00e3o de m\u00f3veis, casas, artesanato ou qualquer outra estrutura que demande madeira &#8211; finalidades comuns para \u00e1rvores nobres desse tipo -, mas o uso como combust\u00edvel para alimentar os fornos da sider\u00fargica Sinobras, que \u00e9 uma das s\u00f3cias da Norte Energia.<\/p>\n<p>&#8220;A empresa Sinobras &#8211; Sider\u00fargica Norte Brasil S.A. contatou a Norte Energia, demonstrando interesse no aproveitamento de toda a madeira situada nos p\u00e1tios da <a href=\"https:\/\/www.suno.com.br\/artigos\/mercado-livre-de-energia\/\"><strong>UHE<\/strong> (usina hidrel\u00e9trica)<\/a> Belo Monte para a produ\u00e7\u00e3o de biorredutor energ\u00e9tico, destinado ao processo fabril de siderurgia da empresa&#8221;, informa a concession\u00e1ria, no documento.<\/p>\n<p>Informado do plano, o governo paraense avisou que vai adotar medidas para evitar que o material seja transformado em cinzas.<\/p>\n\t<p>\n\t\t<a href=\"https:\/\/lp.suno.com.br\/planilha-da-vida-financeira\/\" target=\"_blank\" data-element=\"shortcode-suno-banner\" title=\"Banner SUNO, clique e saiba mais\">\n\t\t\t<picture>\n\t\t\t\t<source media=\"(max-width: 500px)\" srcset=\"https:\/\/files.sunoresearch.com.br\/n\/uploads\/2023\/04\/400x300-Planilha-vida-financeira-true.png\">\n\t\t\t\t<img class=\"newsContent__article__imgCapa newsContent__article__imgCapa--banner\"\n\t\t\t\t\tsrc=\"https:\/\/files.sunoresearch.com.br\/n\/uploads\/2023\/04\/1420x240-Planilha-vida-financeira-true.png\"\n\t\t\t\t\tdata-promo-id=\"106682\"\t\t\t\t\t\t\t\t\t\twidth='1420' height='240'\t\t\t\t\talt=\"https:\/\/files.sunoresearch.com.br\/n\/uploads\/2023\/04\/1420x240-Planilha-vida-financeira-true.png\"\n\t\t\t\t>\n\t\t\t<\/picture>\n\t\t<\/a>\n\t<\/p>\n\n\n<p>&#8220;O governo do Par\u00e1 informa que toma conhecimento do caso por meio da den\u00fancia do jornal O Estado de S. Paulo e que considera inadmiss\u00edvel esta agress\u00e3o aos nossos recursos naturais.&#8221;<\/p>\n<h2>Governo do Par\u00e1 quer receber madeiras para &#8216;fun\u00e7\u00e3o social&#8217;<\/h2>\n<p>O Estado pretende, por meios legais, &#8220;receber as madeiras para dar uma destina\u00e7\u00e3o social, tendo em vista a prioridade do recurso para a constru\u00e7\u00e3o de moradias, pontes, espa\u00e7os p\u00fablicos e etc.&#8221;<\/p>\n<p>Questionada sobre detalhes de seu plano para queimar o material, bem como sobre a rea\u00e7\u00e3o do governo paraense, a Norte Energia n\u00e3o se manifestou at\u00e9 a publica\u00e7\u00e3o desta reportagem.<\/p>\n<p>Na quinta-feira, indagada sobre a ideia enviada ao <strong>Ibama<\/strong>, <a href=\"https:\/\/www.suno.com.br\/artigos\/responsabilidade-social\/\">a companhia limitou-se a declarar que &#8220;a carta mencionada trata de consultas de rotina ao Ibama, na condi\u00e7\u00e3o de licenciador&#8221;<\/a>.<\/p>\n\t<p>\n\t\t<a href=\"https:\/\/lp.suno.com.br\/ebook-como-analisar-uma-acao\/\" target=\"_blank\" data-element=\"shortcode-suno-banner\" title=\"Banner SUNO, clique e saiba mais\">\n\t\t\t<picture>\n\t\t\t\t<source media=\"(max-width: 500px)\" srcset=\"https:\/\/files.sunoresearch.com.br\/n\/uploads\/2023\/03\/Ebook-Acoes-Mobile-1.jpg\">\n\t\t\t\t<img class=\"newsContent__article__imgCapa newsContent__article__imgCapa--banner\"\n\t\t\t\t\tsrc=\"https:\/\/files.sunoresearch.com.br\/n\/uploads\/2023\/03\/Ebook-Acoes-Desktop-1.jpg\"\n\t\t\t\t\tdata-promo-id=\"171998\"\t\t\t\t\t\t\t\t\t\twidth='1420' height='286'\t\t\t\t\talt=\"https:\/\/files.sunoresearch.com.br\/n\/uploads\/2023\/03\/Ebook-Acoes-Desktop-1.jpg\"\n\t\t\t\t>\n\t\t\t<\/picture>\n\t\t<\/a>\n\t<\/p>\n\n\n<p><a href=\"https:\/\/www.suno.com.br\/artigos\/custo-producao\/\">Dos 3,5 mil m\u00b3 de toras que seriam queimados<\/a>, mais de 2 mil m\u00b3 s\u00e3o esp\u00e9cies raras e protegidas por lei, al\u00e9m de outras que a pr\u00f3pria empresa enquadra como de madeira nobre e de &#8220;alto valor comercial&#8221;.<\/p>\n<p>O invent\u00e1rio das madeiras depositadas no entorno da hidrel\u00e9trica tamb\u00e9m concluiu que, al\u00e9m dos 3,5 mil m\u00b3 de toras que pretende queimar, h\u00e1 um volume de material que apodreceu. S\u00e3o 18.497 metros c\u00fabicos de madeira j\u00e1 classificados como &#8220;n\u00e3o aproveit\u00e1veis&#8221;.<\/p>\n<h2>Reservat\u00f3rio em Belo Monte<\/h2>\n<p><a href=\"https:\/\/www.suno.com.br\/artigos\/esg\/\">A retirada da <strong>vegeta\u00e7\u00e3o<\/strong> em Belo Monte<\/a>, em 2015, foi feita para dar espa\u00e7o ao reservat\u00f3rio de 478 quil\u00f4metros quadrados criado no Rio Xingu, al\u00e9m do canal artificial de mais 20 quil\u00f4metros de extens\u00e3o da hidrel\u00e9trica.<\/p>\n<p>Essa remo\u00e7\u00e3o foi autorizada pelo Ibama, respons\u00e1vel pelo licenciamento da usina e a fiscaliza\u00e7\u00e3o de seus impactos ambientais. A retirada, portanto, foi feita de forma legal. Por lei, por\u00e9m, <a href=\"https:\/\/www.suno.com.br\/artigos\/esg-index\/\">todo material extra\u00eddo tem de ser catalogado e devidamente destinado<\/a>. No entanto, milhares de troncos est\u00e3o h\u00e1 mais de seis anos apodrecendo a c\u00e9u aberto.<\/p>\n\t<p>\n\t\t<a href=\"https:\/\/lp.suno.com.br\/planilha-de-controle-de-investimentos\/\" target=\"_blank\" data-element=\"shortcode-suno-banner\" title=\"Banner SUNO, clique e saiba mais\">\n\t\t\t<picture>\n\t\t\t\t<source media=\"(max-width: 500px)\" srcset=\"https:\/\/files.sunoresearch.com.br\/n\/uploads\/2023\/03\/400x300-Controle-de-Investimentos.png\">\n\t\t\t\t<img class=\"newsContent__article__imgCapa newsContent__article__imgCapa--banner\"\n\t\t\t\t\tsrc=\"https:\/\/files.sunoresearch.com.br\/n\/uploads\/2023\/03\/1420x240-Controle-de-Investimentos.png\"\n\t\t\t\t\tdata-promo-id=\"75934\"\t\t\t\t\t\t\t\t\t\twidth='1420' height='240'\t\t\t\t\talt=\"https:\/\/files.sunoresearch.com.br\/n\/uploads\/2023\/03\/1420x240-Controle-de-Investimentos.png\"\n\t\t\t\t>\n\t\t\t<\/picture>\n\t\t<\/a>\n\t<\/p>\n\n\n<p>Questionamentos tamb\u00e9m foram encaminhados ao Ibama, que n\u00e3o explicou se a empresa atrasou a destina\u00e7\u00e3o do material, se deveria dar outra destina\u00e7\u00e3o \u00e0 madeira e se acha correto queim\u00e1-la. &#8220;Existe dificuldade de prefeituras e outros interessados de retirar e transportar tal madeira.&#8221;<\/p>\n<p>O \u00f3rg\u00e3o federal atribuiu ainda o problema \u00e0 grande quantidade de madeira que foi cortada para dar espa\u00e7o \u00e0 usina.<\/p>\n<p>&#8220;A empresa vem cumprindo as determina\u00e7\u00f5es do Ibama e, embora exista esfor\u00e7o para utilizar e\/ou doar, os volumes de madeira suprimida s\u00e3o bastante significativos, n\u00e3o havendo vaz\u00e3o para todo o quantitativo&#8221;.<\/p>\n<p>A respeito do pedido para queimar o material, o Ibama declarou que &#8220;o requerimento da Norte Energia, detentora da usina de <strong>Belo Monte<\/strong>, solicitando o uso de madeira para fins energ\u00e9ticos chegou ao Ibama em 1.\u00ba de setembro deste ano e encontra-se em an\u00e1lise&#8221;.<\/p>\n<p><em>Com informa\u00e7\u00f5es do Estad\u00e3o Conte\u00fado<\/em><\/p>\n\t<p>\n\t\t<a href=\"\" target=\"_blank\" data-element=\"shortcode-suno-banner\" title=\"Banner SUNO, clique e saiba mais\">\n\t\t\t<picture>\n\t\t\t\t<source media=\"(max-width: 500px)\" srcset=\"\">\n\t\t\t\t<img class=\"newsContent__article__imgCapa newsContent__article__imgCapa--banner\"\n\t\t\t\t\tsrc=\"\"\n\t\t\t\t\tdata-promo-id=\"184190\"\t\t\t\t\t\t\t\t\t\t\t\t\t\t\talt=\"\"\n\t\t\t\t>\n\t\t\t<\/picture>\n\t\t<\/a>\n\t<\/p>\n\n\n","protected":false},"excerpt":{"rendered":"<p>O governo do Par\u00e1 reagiu com indigna\u00e7\u00e3o ao plano da concession\u00e1ria Norte Energia, dona da usina hidrel\u00e9trica de Belo Monte, que visa transformar em carv\u00e3o mais de 3,5 mil metros c\u00fabicos de madeira, sendo 2 mil em madeira nobre e protegida por lei federal. Hidrel\u00e9tricas terminar\u00e3o novembro com 49,9% da capacidade. Foto: Ag\u00eancia Brasil O [&hellip;]<\/p>\n","protected":false},"author":73,"featured_media":187866,"comment_status":"closed","ping_status":"closed","sticky":false,"template":"","format":"standard","meta":[],"categories":[61],"tags":[106444,2153,75364],"suno_strategy":[],"class_list":["post-187684","post","type-post","status-publish","format-standard","has-post-thumbnail","hentry","category-politica","tag-agencias","tag-energia-eletrica","tag-esg"],"yoast_head":"<!-- This site is optimized with the Yoast SEO plugin v24.4 - https:\/\/yoast.com\/wordpress\/plugins\/seo\/ -->\n<title>Par\u00e1 quer frear queima de 3 mil m\u00b3 de madeira da dona da Belo Monte<\/title>\n<meta name=\"description\" content=\"Ap\u00f3s tomar conhecimento do plano da Norte Energia, dona da Belo Monte, o governo do Par\u00e1 passou a requerer a madeira. Leia mais.\" \/>\n<meta name=\"robots\" content=\"index, follow, max-snippet:-1, max-image-preview:large, max-video-preview:-1\" \/>\n<link rel=\"canonical\" href=\"https:\/\/www.suno.com.br\/noticias\/para-frear-queima-madeira-dona-belo-monte\/\" \/>\n<meta property=\"og:locale\" content=\"pt_BR\" \/>\n<meta property=\"og:type\" content=\"article\" \/>\n<meta property=\"og:title\" content=\"Par\u00e1 quer frear queima de 3 mil m\u00b3 de madeira da dona da Belo Monte\" \/>\n<meta property=\"og:description\" content=\"Ap\u00f3s tomar conhecimento do plano da Norte Energia, dona da Belo Monte, o governo do Par\u00e1 passou a requerer a madeira. Leia mais.\" \/>\n<meta property=\"og:url\" content=\"https:\/\/www.suno.com.br\/noticias\/para-frear-queima-madeira-dona-belo-monte\/\" \/>\n<meta property=\"og:site_name\" content=\"Suno Not\u00edcias\" \/>\n<meta property=\"article:publisher\" content=\"https:\/\/facebook.com\/sunoresearch\" \/>\n<meta property=\"og:image\" content=\"https:\/\/files.sunoresearch.com.br\/n\/uploads\/2021\/09\/belo_monte090920214080-scaled.jpg\" \/>\n\t<meta property=\"og:image:width\" content=\"2560\" \/>\n\t<meta property=\"og:image:height\" content=\"1440\" \/>\n\t<meta property=\"og:image:type\" content=\"image\/jpeg\" \/>\n<meta name=\"author\" content=\"Eduardo Vargas\" \/>\n<meta name=\"twitter:card\" content=\"summary_large_image\" \/>\n<meta name=\"twitter:creator\" content=\"@sunoresearch\" \/>\n<meta name=\"twitter:site\" content=\"@sunoresearch\" \/>\n<meta name=\"twitter:label1\" content=\"Escrito por\" \/>\n\t<meta name=\"twitter:data1\" content=\"Eduardo Vargas\" \/>\n\t<meta name=\"twitter:label2\" content=\"Est. tempo de leitura\" \/>\n\t<meta name=\"twitter:data2\" content=\"4 minutos\" \/>\n<script type=\"application\/ld+json\" class=\"yoast-schema-graph\">{\"@context\":\"https:\/\/schema.org\",\"@graph\":[{\"@type\":\"NewsArticle\",\"@id\":\"https:\/\/www.suno.com.br\/noticias\/para-frear-queima-madeira-dona-belo-monte\/#article\",\"isPartOf\":{\"@id\":\"https:\/\/www.suno.com.br\/noticias\/para-frear-queima-madeira-dona-belo-monte\/\"},\"author\":{\"name\":\"Eduardo Vargas\",\"@id\":\"https:\/\/www.suno.com.br\/noticias\/#\/schema\/person\/7f4d362bf3518e76090143ae77bb49a5\"},\"headline\":\"Governo do Par\u00e1 quer frear queima de 3,5 mil m\u00b3 de madeira da Norte Energia\",\"datePublished\":\"2021-09-27T15:09:40+00:00\",\"mainEntityOfPage\":{\"@id\":\"https:\/\/www.suno.com.br\/noticias\/para-frear-queima-madeira-dona-belo-monte\/\"},\"wordCount\":812,\"publisher\":{\"@id\":\"https:\/\/www.suno.com.br\/noticias\/#organization\"},\"image\":{\"@id\":\"https:\/\/www.suno.com.br\/noticias\/para-frear-queima-madeira-dona-belo-monte\/#primaryimage\"},\"thumbnailUrl\":\"https:\/\/files.sunoresearch.com.br\/n\/uploads\/2021\/09\/belo_monte090920214080-scaled.jpg\",\"keywords\":[\"Ag\u00eancias\",\"energia el\u00e9trica\",\"ESG\"],\"articleSection\":[\"Pol\u00edtica\"],\"inLanguage\":\"pt-BR\"},{\"@type\":\"WebPage\",\"@id\":\"https:\/\/www.suno.com.br\/noticias\/para-frear-queima-madeira-dona-belo-monte\/\",\"url\":\"https:\/\/www.suno.com.br\/noticias\/para-frear-queima-madeira-dona-belo-monte\/\",\"name\":\"Par\u00e1 quer frear queima de 3 mil m\u00b3 de madeira da dona da Belo Monte\",\"isPartOf\":{\"@id\":\"https:\/\/www.suno.com.br\/noticias\/#website\"},\"primaryImageOfPage\":{\"@id\":\"https:\/\/www.suno.com.br\/noticias\/para-frear-queima-madeira-dona-belo-monte\/#primaryimage\"},\"image\":{\"@id\":\"https:\/\/www.suno.com.br\/noticias\/para-frear-queima-madeira-dona-belo-monte\/#primaryimage\"},\"thumbnailUrl\":\"https:\/\/files.sunoresearch.com.br\/n\/uploads\/2021\/09\/belo_monte090920214080-scaled.jpg\",\"datePublished\":\"2021-09-27T15:09:40+00:00\",\"description\":\"Ap\u00f3s tomar conhecimento do plano da Norte Energia, dona da Belo Monte, o governo do Par\u00e1 passou a requerer a madeira. Leia mais.\",\"breadcrumb\":{\"@id\":\"https:\/\/www.suno.com.br\/noticias\/para-frear-queima-madeira-dona-belo-monte\/#breadcrumb\"},\"inLanguage\":\"pt-BR\",\"potentialAction\":[{\"@type\":\"ReadAction\",\"target\":[\"https:\/\/www.suno.com.br\/noticias\/para-frear-queima-madeira-dona-belo-monte\/\"]}]},{\"@type\":\"ImageObject\",\"inLanguage\":\"pt-BR\",\"@id\":\"https:\/\/www.suno.com.br\/noticias\/para-frear-queima-madeira-dona-belo-monte\/#primaryimage\",\"url\":\"https:\/\/files.sunoresearch.com.br\/n\/uploads\/2021\/09\/belo_monte090920214080-scaled.jpg\",\"contentUrl\":\"https:\/\/files.sunoresearch.com.br\/n\/uploads\/2021\/09\/belo_monte090920214080-scaled.jpg\",\"width\":2560,\"height\":1440,\"caption\":\"Hidrel\u00e9tricas terminar\u00e3o novembro com 49,9% da capacidade. Foto: Ag\u00eancia Brasil\"},{\"@type\":\"BreadcrumbList\",\"@id\":\"https:\/\/www.suno.com.br\/noticias\/para-frear-queima-madeira-dona-belo-monte\/#breadcrumb\",\"itemListElement\":[{\"@type\":\"ListItem\",\"position\":1,\"name\":\"Not\u00edcias\",\"item\":\"https:\/\/www.suno.com.br\/noticias\/\"},{\"@type\":\"ListItem\",\"position\":2,\"name\":\"Pol\u00edtica\",\"item\":\"https:\/\/www.suno.com.br\/noticias\/politica\/\"},{\"@type\":\"ListItem\",\"position\":3,\"name\":\"Governo do Par\u00e1 quer frear queima de 3,5 mil m\u00b3 de madeira da Norte Energia\"}]},{\"@type\":\"WebSite\",\"@id\":\"https:\/\/www.suno.com.br\/noticias\/#website\",\"url\":\"https:\/\/www.suno.com.br\/noticias\/\",\"name\":\"Suno Not\u00edcias\",\"description\":\"Seu portal de informa\u00e7\u00e3o sobre o mundo dos investimentos\",\"publisher\":{\"@id\":\"https:\/\/www.suno.com.br\/noticias\/#organization\"},\"potentialAction\":[{\"@type\":\"SearchAction\",\"target\":{\"@type\":\"EntryPoint\",\"urlTemplate\":\"https:\/\/www.suno.com.br\/noticias\/?s={search_term_string}\"},\"query-input\":{\"@type\":\"PropertyValueSpecification\",\"valueRequired\":true,\"valueName\":\"search_term_string\"}}],\"inLanguage\":\"pt-BR\"},{\"@type\":\"Organization\",\"@id\":\"https:\/\/www.suno.com.br\/noticias\/#organization\",\"name\":\"Suno Not\u00edcias\",\"url\":\"https:\/\/www.suno.com.br\/noticias\/\",\"logo\":{\"@type\":\"ImageObject\",\"inLanguage\":\"pt-BR\",\"@id\":\"https:\/\/www.suno.com.br\/noticias\/#\/schema\/logo\/image\/\",\"url\":\"https:\/\/files.sunoresearch.com.br\/n\/uploads\/2021\/09\/suno-logo.png\",\"contentUrl\":\"https:\/\/files.sunoresearch.com.br\/n\/uploads\/2021\/09\/suno-logo.png\",\"width\":180,\"height\":180,\"caption\":\"Suno Not\u00edcias\"},\"image\":{\"@id\":\"https:\/\/www.suno.com.br\/noticias\/#\/schema\/logo\/image\/\"},\"sameAs\":[\"https:\/\/facebook.com\/sunoresearch\",\"https:\/\/x.com\/sunoresearch\",\"https:\/\/www.instagram.com\/suno\",\"https:\/\/www.linkedin.com\/company\/suno-research\/\",\"https:\/\/www.youtube.com\/c\/sunoresearch\"]},{\"@type\":\"Person\",\"@id\":\"https:\/\/www.suno.com.br\/noticias\/#\/schema\/person\/7f4d362bf3518e76090143ae77bb49a5\",\"name\":\"Eduardo Vargas\",\"image\":{\"@type\":\"ImageObject\",\"inLanguage\":\"pt-BR\",\"@id\":\"https:\/\/www.suno.com.br\/noticias\/#\/schema\/person\/image\/\",\"url\":\"https:\/\/secure.gravatar.com\/avatar\/dac340933427a22924c9f99d1eb2e3f2?s=96&r=g\",\"contentUrl\":\"https:\/\/secure.gravatar.com\/avatar\/dac340933427a22924c9f99d1eb2e3f2?s=96&r=g\",\"caption\":\"Eduardo Vargas\"},\"description\":\"Jornalista formado pela UFSC, cobre macroeconomia, neg\u00f3cios e startups para o Suno Not\u00edcias, escrevendo principalmente not\u00edcias sobre o mercado financeiro e a bolsa de valores. No YouTube e no Instagram, \u00e9 respons\u00e1vel pela produ\u00e7\u00e3o de Reels e Shorts do Suno Not\u00edcias. Anteriormente, trabalhou cobrindo economia e cotidiano no ND+ e para o ND, maior jornal impresso de Santa Catarina. Cursou um semestre letivo de Estudos de M\u00eddia na Universidad de Buenos Aires.\",\"url\":\"https:\/\/www.suno.com.br\/noticias\/author\/eduardo-vargas\/\"}]}<\/script>\n<!-- \/ Yoast SEO plugin. -->","yoast_head_json":{"title":"Par\u00e1 quer frear queima de 3 mil m\u00b3 de madeira da dona da Belo Monte","description":"Ap\u00f3s tomar conhecimento do plano da Norte Energia, dona da Belo Monte, o governo do Par\u00e1 passou a requerer a madeira. Leia mais.","robots":{"index":"index","follow":"follow","max-snippet":"max-snippet:-1","max-image-preview":"max-image-preview:large","max-video-preview":"max-video-preview:-1"},"canonical":"https:\/\/www.suno.com.br\/noticias\/para-frear-queima-madeira-dona-belo-monte\/","og_locale":"pt_BR","og_type":"article","og_title":"Par\u00e1 quer frear queima de 3 mil m\u00b3 de madeira da dona da Belo Monte","og_description":"Ap\u00f3s tomar conhecimento do plano da Norte Energia, dona da Belo Monte, o governo do Par\u00e1 passou a requerer a madeira. Leia mais.","og_url":"https:\/\/www.suno.com.br\/noticias\/para-frear-queima-madeira-dona-belo-monte\/","og_site_name":"Suno Not\u00edcias","article_publisher":"https:\/\/facebook.com\/sunoresearch","og_image":[{"width":2560,"height":1440,"url":"https:\/\/files.sunoresearch.com.br\/n\/uploads\/2021\/09\/belo_monte090920214080-scaled.jpg","type":"image\/jpeg"}],"author":"Eduardo Vargas","twitter_card":"summary_large_image","twitter_creator":"@sunoresearch","twitter_site":"@sunoresearch","twitter_misc":{"Escrito por":"Eduardo Vargas","Est. tempo de leitura":"4 minutos"},"schema":{"@context":"https:\/\/schema.org","@graph":[{"@type":"NewsArticle","@id":"https:\/\/www.suno.com.br\/noticias\/para-frear-queima-madeira-dona-belo-monte\/#article","isPartOf":{"@id":"https:\/\/www.suno.com.br\/noticias\/para-frear-queima-madeira-dona-belo-monte\/"},"author":{"name":"Eduardo Vargas","@id":"https:\/\/www.suno.com.br\/noticias\/#\/schema\/person\/7f4d362bf3518e76090143ae77bb49a5"},"headline":"Governo do Par\u00e1 quer frear queima de 3,5 mil m\u00b3 de madeira da Norte Energia","datePublished":"2021-09-27T15:09:40+00:00","mainEntityOfPage":{"@id":"https:\/\/www.suno.com.br\/noticias\/para-frear-queima-madeira-dona-belo-monte\/"},"wordCount":812,"publisher":{"@id":"https:\/\/www.suno.com.br\/noticias\/#organization"},"image":{"@id":"https:\/\/www.suno.com.br\/noticias\/para-frear-queima-madeira-dona-belo-monte\/#primaryimage"},"thumbnailUrl":"https:\/\/files.sunoresearch.com.br\/n\/uploads\/2021\/09\/belo_monte090920214080-scaled.jpg","keywords":["Ag\u00eancias","energia el\u00e9trica","ESG"],"articleSection":["Pol\u00edtica"],"inLanguage":"pt-BR"},{"@type":"WebPage","@id":"https:\/\/www.suno.com.br\/noticias\/para-frear-queima-madeira-dona-belo-monte\/","url":"https:\/\/www.suno.com.br\/noticias\/para-frear-queima-madeira-dona-belo-monte\/","name":"Par\u00e1 quer frear queima de 3 mil m\u00b3 de madeira da dona da Belo Monte","isPartOf":{"@id":"https:\/\/www.suno.com.br\/noticias\/#website"},"primaryImageOfPage":{"@id":"https:\/\/www.suno.com.br\/noticias\/para-frear-queima-madeira-dona-belo-monte\/#primaryimage"},"image":{"@id":"https:\/\/www.suno.com.br\/noticias\/para-frear-queima-madeira-dona-belo-monte\/#primaryimage"},"thumbnailUrl":"https:\/\/files.sunoresearch.com.br\/n\/uploads\/2021\/09\/belo_monte090920214080-scaled.jpg","datePublished":"2021-09-27T15:09:40+00:00","description":"Ap\u00f3s tomar conhecimento do plano da Norte Energia, dona da Belo Monte, o governo do Par\u00e1 passou a requerer a madeira. Leia mais.","breadcrumb":{"@id":"https:\/\/www.suno.com.br\/noticias\/para-frear-queima-madeira-dona-belo-monte\/#breadcrumb"},"inLanguage":"pt-BR","potentialAction":[{"@type":"ReadAction","target":["https:\/\/www.suno.com.br\/noticias\/para-frear-queima-madeira-dona-belo-monte\/"]}]},{"@type":"ImageObject","inLanguage":"pt-BR","@id":"https:\/\/www.suno.com.br\/noticias\/para-frear-queima-madeira-dona-belo-monte\/#primaryimage","url":"https:\/\/files.sunoresearch.com.br\/n\/uploads\/2021\/09\/belo_monte090920214080-scaled.jpg","contentUrl":"https:\/\/files.sunoresearch.com.br\/n\/uploads\/2021\/09\/belo_monte090920214080-scaled.jpg","width":2560,"height":1440,"caption":"Hidrel\u00e9tricas terminar\u00e3o novembro com 49,9% da capacidade. Foto: Ag\u00eancia Brasil"},{"@type":"BreadcrumbList","@id":"https:\/\/www.suno.com.br\/noticias\/para-frear-queima-madeira-dona-belo-monte\/#breadcrumb","itemListElement":[{"@type":"ListItem","position":1,"name":"Not\u00edcias","item":"https:\/\/www.suno.com.br\/noticias\/"},{"@type":"ListItem","position":2,"name":"Pol\u00edtica","item":"https:\/\/www.suno.com.br\/noticias\/politica\/"},{"@type":"ListItem","position":3,"name":"Governo do Par\u00e1 quer frear queima de 3,5 mil m\u00b3 de madeira da Norte Energia"}]},{"@type":"WebSite","@id":"https:\/\/www.suno.com.br\/noticias\/#website","url":"https:\/\/www.suno.com.br\/noticias\/","name":"Suno Not\u00edcias","description":"Seu portal de informa\u00e7\u00e3o sobre o mundo dos investimentos","publisher":{"@id":"https:\/\/www.suno.com.br\/noticias\/#organization"},"potentialAction":[{"@type":"SearchAction","target":{"@type":"EntryPoint","urlTemplate":"https:\/\/www.suno.com.br\/noticias\/?s={search_term_string}"},"query-input":{"@type":"PropertyValueSpecification","valueRequired":true,"valueName":"search_term_string"}}],"inLanguage":"pt-BR"},{"@type":"Organization","@id":"https:\/\/www.suno.com.br\/noticias\/#organization","name":"Suno Not\u00edcias","url":"https:\/\/www.suno.com.br\/noticias\/","logo":{"@type":"ImageObject","inLanguage":"pt-BR","@id":"https:\/\/www.suno.com.br\/noticias\/#\/schema\/logo\/image\/","url":"https:\/\/files.sunoresearch.com.br\/n\/uploads\/2021\/09\/suno-logo.png","contentUrl":"https:\/\/files.sunoresearch.com.br\/n\/uploads\/2021\/09\/suno-logo.png","width":180,"height":180,"caption":"Suno Not\u00edcias"},"image":{"@id":"https:\/\/www.suno.com.br\/noticias\/#\/schema\/logo\/image\/"},"sameAs":["https:\/\/facebook.com\/sunoresearch","https:\/\/x.com\/sunoresearch","https:\/\/www.instagram.com\/suno","https:\/\/www.linkedin.com\/company\/suno-research\/","https:\/\/www.youtube.com\/c\/sunoresearch"]},{"@type":"Person","@id":"https:\/\/www.suno.com.br\/noticias\/#\/schema\/person\/7f4d362bf3518e76090143ae77bb49a5","name":"Eduardo Vargas","image":{"@type":"ImageObject","inLanguage":"pt-BR","@id":"https:\/\/www.suno.com.br\/noticias\/#\/schema\/person\/image\/","url":"https:\/\/secure.gravatar.com\/avatar\/dac340933427a22924c9f99d1eb2e3f2?s=96&r=g","contentUrl":"https:\/\/secure.gravatar.com\/avatar\/dac340933427a22924c9f99d1eb2e3f2?s=96&r=g","caption":"Eduardo Vargas"},"description":"Jornalista formado pela UFSC, cobre macroeconomia, neg\u00f3cios e startups para o Suno Not\u00edcias, escrevendo principalmente not\u00edcias sobre o mercado financeiro e a bolsa de valores. No YouTube e no Instagram, \u00e9 respons\u00e1vel pela produ\u00e7\u00e3o de Reels e Shorts do Suno Not\u00edcias. Anteriormente, trabalhou cobrindo economia e cotidiano no ND+ e para o ND, maior jornal impresso de Santa Catarina. Cursou um semestre letivo de Estudos de M\u00eddia na Universidad de Buenos Aires.","url":"https:\/\/www.suno.com.br\/noticias\/author\/eduardo-vargas\/"}]}},"default_loop_html":"<div class=\"cardsPage__listCard__boxs\"><div class=\"cardsPage__listCard__boxs__img\"><a href=\"https:\/\/www.suno.com.br\/noticias\/para-frear-queima-madeira-dona-belo-monte\/\"><img class=\"mask\" src=\"https:\/\/www.suno.com.br\/noticias\/wp-content\/themes\/suno\/resources\/images\/spotlight\/spotlight1img\/bg-mask.png\" alt=\"Image Mask\"\/><img src=\"https:\/\/files.sunoresearch.com.br\/n\/uploads\/2021\/09\/belo_monte090920214080-400x200.jpg\" alt=\"Governo do Par\u00e1 quer frear queima de 3,5 mil m\u00b3 de madeira da Norte Energia\"\/><\/a><span class=\"spotlightCategory\"><a href=\"https:\/\/www.suno.com.br\/noticias\/politica\/\">Pol\u00edtica<\/a><\/span><\/div><div class=\"cardsPage__listCard__boxs__content\"><a href=\"https:\/\/www.suno.com.br\/noticias\/para-frear-queima-madeira-dona-belo-monte\/\"><h2 class=\"content__title\">Governo do Par\u00e1 quer frear queima de 3,5 mil m\u00b3 de madeira da Norte Energia<\/h2><\/a><div class=\"newsContent__article__meta\"><div class=\"newsContent__article__meta__authorBox\"><a href=\"https:\/\/www.suno.com.br\/noticias\/author\/eduardo-vargas\/\" class=\"authorBox__avatar noMobi\"><img src=\"https:\/\/secure.gravatar.com\/avatar\/dac340933427a22924c9f99d1eb2e3f2?s=96&#038;r=g\" alt=\"Eduardo Vargas\"><\/a><div class=\"authorBox__name\"><span>por\n\t\t\t<a href=\"https:\/\/www.suno.com.br\/noticias\/author\/eduardo-vargas\/\"><span itemprop=\"author\">Eduardo Vargas<\/span><\/a><\/span><time datetime=\"2021-09-27T12:09:40-03:00\" itemprop=\"datePublished\">27\/09\/2021 12:09<\/time><\/div><\/div><\/div><\/div><\/div>","single_layout":"posts","amp_enabled":true,"_links":{"self":[{"href":"https:\/\/www.suno.com.br\/noticias\/wp-json\/wp\/v2\/posts\/187684"}],"collection":[{"href":"https:\/\/www.suno.com.br\/noticias\/wp-json\/wp\/v2\/posts"}],"about":[{"href":"https:\/\/www.suno.com.br\/noticias\/wp-json\/wp\/v2\/types\/post"}],"author":[{"embeddable":true,"href":"https:\/\/www.suno.com.br\/noticias\/wp-json\/wp\/v2\/users\/73"}],"replies":[{"embeddable":true,"href":"https:\/\/www.suno.com.br\/noticias\/wp-json\/wp\/v2\/comments?post=187684"}],"version-history":[{"count":4,"href":"https:\/\/www.suno.com.br\/noticias\/wp-json\/wp\/v2\/posts\/187684\/revisions"}],"predecessor-version":[{"id":187888,"href":"https:\/\/www.suno.com.br\/noticias\/wp-json\/wp\/v2\/posts\/187684\/revisions\/187888"}],"wp:featuredmedia":[{"embeddable":true,"href":"https:\/\/www.suno.com.br\/noticias\/wp-json\/wp\/v2\/media\/187866"}],"wp:attachment":[{"href":"https:\/\/www.suno.com.br\/noticias\/wp-json\/wp\/v2\/media?parent=187684"}],"wp:term":[{"taxonomy":"category","embeddable":true,"href":"https:\/\/www.suno.com.br\/noticias\/wp-json\/wp\/v2\/categories?post=187684"},{"taxonomy":"post_tag","embeddable":true,"href":"https:\/\/www.suno.com.br\/noticias\/wp-json\/wp\/v2\/tags?post=187684"},{"taxonomy":"suno_strategy","embeddable":true,"href":"https:\/\/www.suno.com.br\/noticias\/wp-json\/wp\/v2\/suno_strategy?post=187684"}],"curies":[{"name":"wp","href":"https:\/\/api.w.org\/{rel}","templated":true}]}}