{"id":187682,"date":"2021-09-26T08:50:53","date_gmt":"2021-09-26T11:50:53","guid":{"rendered":"https:\/\/www.suno.com.br\/noticias\/?p=187682"},"modified":"2021-09-26T08:50:53","modified_gmt":"2021-09-26T11:50:53","slug":"caso-evergrande-lehman-brothers-china-economsita","status":"publish","type":"post","link":"https:\/\/www.suno.com.br\/noticias\/caso-evergrande-lehman-brothers-china-economsita\/","title":{"rendered":"Caso Evergrande n\u00e3o deve se tornar um &#8216;novo Lehman Brothers&#8217;, diz economista"},"content":{"rendered":"<p>A <a class=\"suno-keyword\" href=\"https:\/\/www.suno.com.br\/artigos\/crise-financeira\/\" target=\"_blank\" rel=\"noopener\" data-force=\"no\" data-priority=\"1\">crise financeira<\/a> da incorporadora <strong>Evergrande<\/strong>, gigante do setor da constru\u00e7\u00e3o civil da China, espalhou tens\u00f5es pelos mercados de todo o mundo, mas n\u00e3o deve se tornar sist\u00eamica como um &#8220;novo Lehman Brothers&#8221; (banco de investimentos americano que foi \u00e0 fal\u00eancia em 2008, por causa da crise financeira iniciada no mercado imobili\u00e1rio em 2007 nos Estados Unidos). Essa \u00e9 a avalia\u00e7\u00e3o do economista Leonardo Burlamaqui, professor da Universidade do Estado do Rio de Janeiro (Uerj) e pesquisador do Instituto Levy de Economia, da Faculdade Bard, nos EUA.<\/p>\t<div class=\"wrapper-featured-image\">\n\t\t<figure class=\"spotlightImg\">\n\n\t\t\t<picture>\n\t\t\t\t<source media=\"(max-width: 768px)\" srcset=\"https:\/\/files.sunoresearch.com.br\/n\/uploads\/2021\/09\/EVERGRANDE-divulgacao-400x200.jpg\">\n\t\t\t\t<img loading=\"lazy\" decoding=\"async\" class=\"newsContent__article__imgCapa lazyloadDisabled \" src=\"https:\/\/files.sunoresearch.com.br\/n\/uploads\/2021\/09\/EVERGRANDE-divulgacao-800x450.jpg\" width=\"800\" height=\"450\" alt=\"Caso Evergrande n\u00e3o deve se tornar um &#8216;novo Lehman Brothers&#8217;, diz economista\" fetchpriority=high \/>\n\t\t\t<\/picture>\n\n\t\t\t<figcaption class=\"wp-caption-text wp-caption-text--show\">Evergrande - Foto: Divulga\u00e7\u00e3o<\/figcaption>\n\t\t<\/figure>\n\t<\/div>\n\n\n\t<p>\n\t\t<a href=\"https:\/\/lp.suno.com.br\/planilha-controle-gastos\/\" target=\"_blank\" data-element=\"shortcode-suno-banner\" title=\"Banner SUNO, clique e saiba mais\">\n\t\t\t<picture>\n\t\t\t\t<source media=\"(max-width: 500px)\" srcset=\"https:\/\/files.sunoresearch.com.br\/n\/uploads\/2023\/03\/400x300-Planilha-controle-de-gastos.png\">\n\t\t\t\t<img class=\"newsContent__article__imgCapa newsContent__article__imgCapa--banner\"\n\t\t\t\t\tsrc=\"https:\/\/files.sunoresearch.com.br\/n\/uploads\/2023\/03\/1420x240-Planilha-controle-de-gastos.png\"\n\t\t\t\t\tdata-promo-id=\"101751\"\t\t\t\t\t\t\t\t\t\twidth='1420' height='240'\t\t\t\t\talt=\"https:\/\/files.sunoresearch.com.br\/n\/uploads\/2023\/03\/1420x240-Planilha-controle-de-gastos.png\"\n\t\t\t\t>\n\t\t\t<\/picture>\n\t\t<\/a>\n\t<\/p>\n\n\n<p>Em parte, porque a crise da companhia parece uma &#8220;implos\u00e3o controlada&#8221; pelos reguladores chineses. Segundo o estudioso do <strong><a class=\"suno-keyword\" href=\"https:\/\/www.suno.com.br\/artigos\/desenvolvimento-economico\/\" target=\"_blank\" rel=\"noopener\" data-force=\"no\" data-priority=\"1\">desenvolvimento econ\u00f4mico<\/a> <\/strong>da \u00c1sia, os problemas da Evergrande ocorrem num momento em que a <strong>China<\/strong> conduz mudan\u00e7as estruturais na economia. O foco \u00e9 o aumento relativo do peso do consumo, em detrimento dos investimentos, e a redu\u00e7\u00e3o das desigualdades. Isso resultar\u00e1 em desacelera\u00e7\u00e3o do crescimento econ\u00f4mico, deixando para tr\u00e1s os avan\u00e7os em torno de 10%, e exige uma &#8220;arruma\u00e7\u00e3o no meio de campo&#8221;, diz Burlamaqui.<\/p>\n<p>A seguir, os principais trechos da entrevista:<\/p>\n<p><b>O que a crise da Evergrande diz sobre a economia da China?<\/b><\/p>\n<p>Temos de colocar a Evergrande num contexto mais amplo. O presidente Xi (Jinping) assumiu, em 2013, ainda sob os reflexos da crise de 2008, ap\u00f3s 20 anos de crescimento. \u00c9 o maior fen\u00f4meno de crescimento (econ\u00f4mico) da hist\u00f3ria, mas isso gerou distor\u00e7\u00f5es. A entrada de Xi significa uma readequa\u00e7\u00e3o do regime. Xi traz tr\u00eas bandeiras. A primeira \u00e9 uma cruzada anticorrup\u00e7\u00e3o. A segunda \u00e9 o risco financeiro. O terceiro risco \u00e9 o aumento da desigualdade. Com esse contexto na cabe\u00e7a, entendemos melhor todo o processo de &#8220;re-regula\u00e7\u00e3o&#8221; que os chineses est\u00e3o fazendo agora, do qual a Evergrande faz parte.<\/p>\n<p><b>Como a incorporadora entra nesse contexto?<\/b><\/p>\n<p>O <strong>setor de constru\u00e7\u00e3o civil<\/strong> movimenta de 25% a 30% do PIB da China, \u00e9 gigante. \u00c9 um setor que se caracteriza por endividamento, tanto do ponto de vista das empresas, porque as obras s\u00e3o pesadas, quanto das fam\u00edlias que est\u00e3o comprando im\u00f3veis. Enquanto estamos nos endividando, mas estamos crescendo, realizando lucros, os sal\u00e1rios est\u00e3o subindo, com taxa de crescimento (econ\u00f4mico) de 10%, essas d\u00edvidas est\u00e3o sendo pagas porque existem <a class=\"suno-keyword\" href=\"https:\/\/www.suno.com.br\/artigos\/fluxo-de-caixa\/\" target=\"_blank\" rel=\"noopener\" data-force=\"no\" data-priority=\"2\">fluxo de caixa<\/a> positivo, lucro, empregos e sal\u00e1rio aumentando. Quando a taxa de crescimento come\u00e7a a declinar, o que \u00e9 o caso da China desde 2012 e 2013, surgem os problemas. A Evergrande foi um dos conglomerados mais atrevidos. Ao mesmo tempo em que fizeram muitos im\u00f3veis, contribuindo para a melhoria da situa\u00e7\u00e3o da classe m\u00e9dia chinesa, endividaram-se loucamente. A\u00ed, eles caem na <a class=\"suno-keyword\" href=\"https:\/\/www.suno.com.br\/artigos\/malha-fina\/\" target=\"_blank\" rel=\"noopener\" data-force=\"no\" data-priority=\"1\">malha fina<\/a> do Xi. Agora est\u00e1 na hora de arrumar o meio de campo.<\/p>\n\t<p>\n\t\t<a href=\"https:\/\/lp.suno.com.br\/planilha-da-vida-financeira\/\" target=\"_blank\" data-element=\"shortcode-suno-banner\" title=\"Banner SUNO, clique e saiba mais\">\n\t\t\t<picture>\n\t\t\t\t<source media=\"(max-width: 500px)\" srcset=\"https:\/\/files.sunoresearch.com.br\/n\/uploads\/2023\/04\/400x300-Planilha-vida-financeira-true.png\">\n\t\t\t\t<img class=\"newsContent__article__imgCapa newsContent__article__imgCapa--banner\"\n\t\t\t\t\tsrc=\"https:\/\/files.sunoresearch.com.br\/n\/uploads\/2023\/04\/1420x240-Planilha-vida-financeira-true.png\"\n\t\t\t\t\tdata-promo-id=\"106682\"\t\t\t\t\t\t\t\t\t\twidth='1420' height='240'\t\t\t\t\talt=\"https:\/\/files.sunoresearch.com.br\/n\/uploads\/2023\/04\/1420x240-Planilha-vida-financeira-true.png\"\n\t\t\t\t>\n\t\t\t<\/picture>\n\t\t<\/a>\n\t<\/p>\n\n\n<p><b>Como essa arruma\u00e7\u00e3o atinge a companhia? V\u00e3o deixar a empresa, que n\u00e3o \u00e9 estatal, quebrar?<\/b><\/p>\n<p>N\u00e3o \u00e9 o momento <strong>Lehman Brothers da China<\/strong>. \u00c9 uma implos\u00e3o controlada pelos reguladores chineses. Est\u00e3o mandando recados h\u00e1 algum tempo. V\u00e3o salvar a empresa completamente? N\u00e3o. A implos\u00e3o controlada, provavelmente, vai tirar a dire\u00e7\u00e3o da empresa. Provavelmente tamb\u00e9m, v\u00e3o fazer uma hierarquia de credores: a fam\u00edlia, o pequeno poupador, os fornecedores de insumos ser\u00e3o preservados. Para acionistas e credores internacionais, talvez, seja outra hist\u00f3ria.<\/p>\n<p><b>Qual a diferen\u00e7a com o caso do Lehman Brothers?<\/b><\/p>\n<p>\u00c9 o oposto do Lehman Brothers. Na China, h\u00e1 um processo regulat\u00f3rio que age dinamicamente. Est\u00e3o, o tempo todo, olhando para o mercado e intervindo de maneira muito frequente. As empresas t\u00eam liberdade para se endividar, at\u00e9 mais do que deveriam, mas at\u00e9 certo ponto. Se passam do ponto, ap\u00f3s dar um ou dois recados, o regulador entra preventivamente. O Lehman foi uma explos\u00e3o descontrolada, a <strong>Evergrande<\/strong> \u00e9 uma implos\u00e3o controlada. A regula\u00e7\u00e3o americana n\u00e3o entrou. Ela foi mudar ap\u00f3s a crise. Os bancos (americanos) est\u00e3o mais capitalizados, mas fizeram isso quase por instinto de sobreviv\u00eancia.<\/p>\n<p><em>(Com informa\u00e7\u00f5es do Estad\u00e3o Conte\u00fado)<\/em><\/p>\n\t<p>\n\t\t<a href=\"https:\/\/lp.suno.com.br\/planilha-de-controle-de-investimentos\/\" target=\"_blank\" data-element=\"shortcode-suno-banner\" title=\"Banner SUNO, clique e saiba mais\">\n\t\t\t<picture>\n\t\t\t\t<source media=\"(max-width: 500px)\" srcset=\"https:\/\/files.sunoresearch.com.br\/n\/uploads\/2023\/03\/400x300-Controle-de-Investimentos.png\">\n\t\t\t\t<img class=\"newsContent__article__imgCapa newsContent__article__imgCapa--banner\"\n\t\t\t\t\tsrc=\"https:\/\/files.sunoresearch.com.br\/n\/uploads\/2023\/03\/1420x240-Controle-de-Investimentos.png\"\n\t\t\t\t\tdata-promo-id=\"75934\"\t\t\t\t\t\t\t\t\t\twidth='1420' height='240'\t\t\t\t\talt=\"https:\/\/files.sunoresearch.com.br\/n\/uploads\/2023\/03\/1420x240-Controle-de-Investimentos.png\"\n\t\t\t\t>\n\t\t\t<\/picture>\n\t\t<\/a>\n\t<\/p>\n\n\n","protected":false},"excerpt":{"rendered":"<p>A crise financeira da incorporadora Evergrande, gigante do setor da constru\u00e7\u00e3o civil da China, espalhou tens\u00f5es pelos mercados de todo o mundo, mas n\u00e3o deve se tornar sist\u00eamica como um &#8220;novo Lehman Brothers&#8221; (banco de investimentos americano que foi \u00e0 fal\u00eancia em 2008, por causa da crise financeira iniciada no mercado imobili\u00e1rio em 2007 nos [&hellip;]<\/p>\n","protected":false},"author":15,"featured_media":187006,"comment_status":"closed","ping_status":"closed","sticky":false,"template":"","format":"standard","meta":[],"categories":[63],"tags":[711,1904],"suno_strategy":[],"class_list":["post-187682","post","type-post","status-publish","format-standard","has-post-thumbnail","hentry","category-internacional","tag-china","tag-mercado-imobiliario"],"yoast_head":"<!-- This site is optimized with the Yoast SEO plugin v24.4 - https:\/\/yoast.com\/wordpress\/plugins\/seo\/ -->\n<title>Evergrande n\u00e3o deve se tornar um &#039;Lehman Brothers&#039;, diz economista<\/title>\n<meta name=\"description\" content=\"A crise da Evergrande, \u00e3o deve se tornar como um &quot;novo Lehman Brothers&quot; (banco americano que foi \u00e0 fal\u00eancia em 2008). Clique aqui\" \/>\n<meta name=\"robots\" content=\"index, follow, max-snippet:-1, max-image-preview:large, max-video-preview:-1\" \/>\n<link rel=\"canonical\" href=\"https:\/\/www.suno.com.br\/noticias\/caso-evergrande-lehman-brothers-china-economsita\/\" \/>\n<meta property=\"og:locale\" content=\"pt_BR\" \/>\n<meta property=\"og:type\" content=\"article\" \/>\n<meta property=\"og:title\" content=\"Evergrande n\u00e3o deve se tornar um &#039;Lehman Brothers&#039;, diz economista\" \/>\n<meta property=\"og:description\" content=\"A crise da Evergrande, \u00e3o deve se tornar como um &quot;novo Lehman Brothers&quot; (banco americano que foi \u00e0 fal\u00eancia em 2008). Clique aqui\" \/>\n<meta property=\"og:url\" content=\"https:\/\/www.suno.com.br\/noticias\/caso-evergrande-lehman-brothers-china-economsita\/\" \/>\n<meta property=\"og:site_name\" content=\"Suno Not\u00edcias\" \/>\n<meta property=\"article:publisher\" content=\"https:\/\/facebook.com\/sunoresearch\" \/>\n<meta property=\"og:image\" content=\"https:\/\/files.sunoresearch.com.br\/n\/uploads\/2021\/09\/EVERGRANDE-divulgacao.jpg\" \/>\n\t<meta property=\"og:image:width\" content=\"850\" \/>\n\t<meta property=\"og:image:height\" content=\"530\" \/>\n\t<meta property=\"og:image:type\" content=\"image\/jpeg\" \/>\n<meta name=\"author\" content=\"Poliana Santos\" \/>\n<meta name=\"twitter:card\" content=\"summary_large_image\" \/>\n<meta name=\"twitter:creator\" content=\"@sunoresearch\" \/>\n<meta name=\"twitter:site\" content=\"@sunoresearch\" \/>\n<meta name=\"twitter:label1\" content=\"Escrito por\" \/>\n\t<meta name=\"twitter:data1\" content=\"Poliana Santos\" \/>\n\t<meta name=\"twitter:label2\" content=\"Est. tempo de leitura\" \/>\n\t<meta name=\"twitter:data2\" content=\"3 minutos\" \/>\n<script type=\"application\/ld+json\" class=\"yoast-schema-graph\">{\"@context\":\"https:\/\/schema.org\",\"@graph\":[{\"@type\":\"NewsArticle\",\"@id\":\"https:\/\/www.suno.com.br\/noticias\/caso-evergrande-lehman-brothers-china-economsita\/#article\",\"isPartOf\":{\"@id\":\"https:\/\/www.suno.com.br\/noticias\/caso-evergrande-lehman-brothers-china-economsita\/\"},\"author\":{\"name\":\"Poliana Santos\",\"@id\":\"https:\/\/www.suno.com.br\/noticias\/#\/schema\/person\/02ec1f752758247878a2bf4abee1aeda\"},\"headline\":\"Caso Evergrande n\u00e3o deve se tornar um &#8216;novo Lehman Brothers&#8217;, diz economista\",\"datePublished\":\"2021-09-26T11:50:53+00:00\",\"mainEntityOfPage\":{\"@id\":\"https:\/\/www.suno.com.br\/noticias\/caso-evergrande-lehman-brothers-china-economsita\/\"},\"wordCount\":699,\"publisher\":{\"@id\":\"https:\/\/www.suno.com.br\/noticias\/#organization\"},\"image\":{\"@id\":\"https:\/\/www.suno.com.br\/noticias\/caso-evergrande-lehman-brothers-china-economsita\/#primaryimage\"},\"thumbnailUrl\":\"https:\/\/files.sunoresearch.com.br\/n\/uploads\/2021\/09\/EVERGRANDE-divulgacao.jpg\",\"keywords\":[\"China\",\"mercado imobili\u00e1rio\"],\"articleSection\":[\"Internacional\"],\"inLanguage\":\"pt-BR\"},{\"@type\":\"WebPage\",\"@id\":\"https:\/\/www.suno.com.br\/noticias\/caso-evergrande-lehman-brothers-china-economsita\/\",\"url\":\"https:\/\/www.suno.com.br\/noticias\/caso-evergrande-lehman-brothers-china-economsita\/\",\"name\":\"Evergrande n\u00e3o deve se tornar um 'Lehman Brothers', diz economista\",\"isPartOf\":{\"@id\":\"https:\/\/www.suno.com.br\/noticias\/#website\"},\"primaryImageOfPage\":{\"@id\":\"https:\/\/www.suno.com.br\/noticias\/caso-evergrande-lehman-brothers-china-economsita\/#primaryimage\"},\"image\":{\"@id\":\"https:\/\/www.suno.com.br\/noticias\/caso-evergrande-lehman-brothers-china-economsita\/#primaryimage\"},\"thumbnailUrl\":\"https:\/\/files.sunoresearch.com.br\/n\/uploads\/2021\/09\/EVERGRANDE-divulgacao.jpg\",\"datePublished\":\"2021-09-26T11:50:53+00:00\",\"description\":\"A crise da Evergrande, \u00e3o deve se tornar como um \\\"novo Lehman Brothers\\\" (banco americano que foi \u00e0 fal\u00eancia em 2008). Clique aqui\",\"breadcrumb\":{\"@id\":\"https:\/\/www.suno.com.br\/noticias\/caso-evergrande-lehman-brothers-china-economsita\/#breadcrumb\"},\"inLanguage\":\"pt-BR\",\"potentialAction\":[{\"@type\":\"ReadAction\",\"target\":[\"https:\/\/www.suno.com.br\/noticias\/caso-evergrande-lehman-brothers-china-economsita\/\"]}]},{\"@type\":\"ImageObject\",\"inLanguage\":\"pt-BR\",\"@id\":\"https:\/\/www.suno.com.br\/noticias\/caso-evergrande-lehman-brothers-china-economsita\/#primaryimage\",\"url\":\"https:\/\/files.sunoresearch.com.br\/n\/uploads\/2021\/09\/EVERGRANDE-divulgacao.jpg\",\"contentUrl\":\"https:\/\/files.sunoresearch.com.br\/n\/uploads\/2021\/09\/EVERGRANDE-divulgacao.jpg\",\"width\":850,\"height\":530,\"caption\":\"Evergrande - Foto: Divulga\u00e7\u00e3o\"},{\"@type\":\"BreadcrumbList\",\"@id\":\"https:\/\/www.suno.com.br\/noticias\/caso-evergrande-lehman-brothers-china-economsita\/#breadcrumb\",\"itemListElement\":[{\"@type\":\"ListItem\",\"position\":1,\"name\":\"Not\u00edcias\",\"item\":\"https:\/\/www.suno.com.br\/noticias\/\"},{\"@type\":\"ListItem\",\"position\":2,\"name\":\"Internacional\",\"item\":\"https:\/\/www.suno.com.br\/noticias\/internacional\/\"},{\"@type\":\"ListItem\",\"position\":3,\"name\":\"Caso Evergrande n\u00e3o deve se tornar um &#8216;novo Lehman Brothers&#8217;, diz economista\"}]},{\"@type\":\"WebSite\",\"@id\":\"https:\/\/www.suno.com.br\/noticias\/#website\",\"url\":\"https:\/\/www.suno.com.br\/noticias\/\",\"name\":\"Suno Not\u00edcias\",\"description\":\"Seu portal de informa\u00e7\u00e3o sobre o mundo dos investimentos\",\"publisher\":{\"@id\":\"https:\/\/www.suno.com.br\/noticias\/#organization\"},\"potentialAction\":[{\"@type\":\"SearchAction\",\"target\":{\"@type\":\"EntryPoint\",\"urlTemplate\":\"https:\/\/www.suno.com.br\/noticias\/?s={search_term_string}\"},\"query-input\":{\"@type\":\"PropertyValueSpecification\",\"valueRequired\":true,\"valueName\":\"search_term_string\"}}],\"inLanguage\":\"pt-BR\"},{\"@type\":\"Organization\",\"@id\":\"https:\/\/www.suno.com.br\/noticias\/#organization\",\"name\":\"Suno Not\u00edcias\",\"url\":\"https:\/\/www.suno.com.br\/noticias\/\",\"logo\":{\"@type\":\"ImageObject\",\"inLanguage\":\"pt-BR\",\"@id\":\"https:\/\/www.suno.com.br\/noticias\/#\/schema\/logo\/image\/\",\"url\":\"https:\/\/files.sunoresearch.com.br\/n\/uploads\/2021\/09\/suno-logo.png\",\"contentUrl\":\"https:\/\/files.sunoresearch.com.br\/n\/uploads\/2021\/09\/suno-logo.png\",\"width\":180,\"height\":180,\"caption\":\"Suno Not\u00edcias\"},\"image\":{\"@id\":\"https:\/\/www.suno.com.br\/noticias\/#\/schema\/logo\/image\/\"},\"sameAs\":[\"https:\/\/facebook.com\/sunoresearch\",\"https:\/\/x.com\/sunoresearch\",\"https:\/\/www.instagram.com\/suno\",\"https:\/\/www.linkedin.com\/company\/suno-research\/\",\"https:\/\/www.youtube.com\/c\/sunoresearch\"]},{\"@type\":\"Person\",\"@id\":\"https:\/\/www.suno.com.br\/noticias\/#\/schema\/person\/02ec1f752758247878a2bf4abee1aeda\",\"name\":\"Poliana Santos\",\"image\":{\"@type\":\"ImageObject\",\"inLanguage\":\"pt-BR\",\"@id\":\"https:\/\/www.suno.com.br\/noticias\/#\/schema\/person\/image\/\",\"url\":\"https:\/\/secure.gravatar.com\/avatar\/0645bd32f23d87b2130f2b2dff1d3f8d?s=96&r=g\",\"contentUrl\":\"https:\/\/secure.gravatar.com\/avatar\/0645bd32f23d87b2130f2b2dff1d3f8d?s=96&r=g\",\"caption\":\"Poliana Santos\"},\"description\":\"Rep\u00f3rter no Suno Not\u00edcias, com cobertura em mercado financeiro, economia, finan\u00e7as pessoais, renda fixa e varejo. Jornalista formada pela Faculdade C\u00e1sper L\u00edbero e possui passagem na R\u00e1dio Gazeta AM com a produ\u00e7\u00e3o de conte\u00fado sobre economia, pol\u00edtica, sa\u00fade, moda e m\u00fasica. Possui certificado de conclus\u00e3o do curso de An\u00e1lise de Balan\u00e7os pela Funda\u00e7\u00e3o Bradesco, Agenda Brasil pela FAAP, Educa\u00e7\u00e3o Pol\u00edtica por Alexandre Garcia e do Tesouro Direto e Mercado de A\u00e7\u00f5es pela B3.\",\"url\":\"https:\/\/www.suno.com.br\/noticias\/author\/poliana-santos\/\"}]}<\/script>\n<!-- \/ Yoast SEO plugin. -->","yoast_head_json":{"title":"Evergrande n\u00e3o deve se tornar um 'Lehman Brothers', diz economista","description":"A crise da Evergrande, \u00e3o deve se tornar como um \"novo Lehman Brothers\" (banco americano que foi \u00e0 fal\u00eancia em 2008). Clique aqui","robots":{"index":"index","follow":"follow","max-snippet":"max-snippet:-1","max-image-preview":"max-image-preview:large","max-video-preview":"max-video-preview:-1"},"canonical":"https:\/\/www.suno.com.br\/noticias\/caso-evergrande-lehman-brothers-china-economsita\/","og_locale":"pt_BR","og_type":"article","og_title":"Evergrande n\u00e3o deve se tornar um 'Lehman Brothers', diz economista","og_description":"A crise da Evergrande, \u00e3o deve se tornar como um \"novo Lehman Brothers\" (banco americano que foi \u00e0 fal\u00eancia em 2008). Clique aqui","og_url":"https:\/\/www.suno.com.br\/noticias\/caso-evergrande-lehman-brothers-china-economsita\/","og_site_name":"Suno Not\u00edcias","article_publisher":"https:\/\/facebook.com\/sunoresearch","og_image":[{"width":850,"height":530,"url":"https:\/\/files.sunoresearch.com.br\/n\/uploads\/2021\/09\/EVERGRANDE-divulgacao.jpg","type":"image\/jpeg"}],"author":"Poliana Santos","twitter_card":"summary_large_image","twitter_creator":"@sunoresearch","twitter_site":"@sunoresearch","twitter_misc":{"Escrito por":"Poliana Santos","Est. tempo de leitura":"3 minutos"},"schema":{"@context":"https:\/\/schema.org","@graph":[{"@type":"NewsArticle","@id":"https:\/\/www.suno.com.br\/noticias\/caso-evergrande-lehman-brothers-china-economsita\/#article","isPartOf":{"@id":"https:\/\/www.suno.com.br\/noticias\/caso-evergrande-lehman-brothers-china-economsita\/"},"author":{"name":"Poliana Santos","@id":"https:\/\/www.suno.com.br\/noticias\/#\/schema\/person\/02ec1f752758247878a2bf4abee1aeda"},"headline":"Caso Evergrande n\u00e3o deve se tornar um &#8216;novo Lehman Brothers&#8217;, diz economista","datePublished":"2021-09-26T11:50:53+00:00","mainEntityOfPage":{"@id":"https:\/\/www.suno.com.br\/noticias\/caso-evergrande-lehman-brothers-china-economsita\/"},"wordCount":699,"publisher":{"@id":"https:\/\/www.suno.com.br\/noticias\/#organization"},"image":{"@id":"https:\/\/www.suno.com.br\/noticias\/caso-evergrande-lehman-brothers-china-economsita\/#primaryimage"},"thumbnailUrl":"https:\/\/files.sunoresearch.com.br\/n\/uploads\/2021\/09\/EVERGRANDE-divulgacao.jpg","keywords":["China","mercado imobili\u00e1rio"],"articleSection":["Internacional"],"inLanguage":"pt-BR"},{"@type":"WebPage","@id":"https:\/\/www.suno.com.br\/noticias\/caso-evergrande-lehman-brothers-china-economsita\/","url":"https:\/\/www.suno.com.br\/noticias\/caso-evergrande-lehman-brothers-china-economsita\/","name":"Evergrande n\u00e3o deve se tornar um 'Lehman Brothers', diz economista","isPartOf":{"@id":"https:\/\/www.suno.com.br\/noticias\/#website"},"primaryImageOfPage":{"@id":"https:\/\/www.suno.com.br\/noticias\/caso-evergrande-lehman-brothers-china-economsita\/#primaryimage"},"image":{"@id":"https:\/\/www.suno.com.br\/noticias\/caso-evergrande-lehman-brothers-china-economsita\/#primaryimage"},"thumbnailUrl":"https:\/\/files.sunoresearch.com.br\/n\/uploads\/2021\/09\/EVERGRANDE-divulgacao.jpg","datePublished":"2021-09-26T11:50:53+00:00","description":"A crise da Evergrande, \u00e3o deve se tornar como um \"novo Lehman Brothers\" (banco americano que foi \u00e0 fal\u00eancia em 2008). Clique aqui","breadcrumb":{"@id":"https:\/\/www.suno.com.br\/noticias\/caso-evergrande-lehman-brothers-china-economsita\/#breadcrumb"},"inLanguage":"pt-BR","potentialAction":[{"@type":"ReadAction","target":["https:\/\/www.suno.com.br\/noticias\/caso-evergrande-lehman-brothers-china-economsita\/"]}]},{"@type":"ImageObject","inLanguage":"pt-BR","@id":"https:\/\/www.suno.com.br\/noticias\/caso-evergrande-lehman-brothers-china-economsita\/#primaryimage","url":"https:\/\/files.sunoresearch.com.br\/n\/uploads\/2021\/09\/EVERGRANDE-divulgacao.jpg","contentUrl":"https:\/\/files.sunoresearch.com.br\/n\/uploads\/2021\/09\/EVERGRANDE-divulgacao.jpg","width":850,"height":530,"caption":"Evergrande - Foto: Divulga\u00e7\u00e3o"},{"@type":"BreadcrumbList","@id":"https:\/\/www.suno.com.br\/noticias\/caso-evergrande-lehman-brothers-china-economsita\/#breadcrumb","itemListElement":[{"@type":"ListItem","position":1,"name":"Not\u00edcias","item":"https:\/\/www.suno.com.br\/noticias\/"},{"@type":"ListItem","position":2,"name":"Internacional","item":"https:\/\/www.suno.com.br\/noticias\/internacional\/"},{"@type":"ListItem","position":3,"name":"Caso Evergrande n\u00e3o deve se tornar um &#8216;novo Lehman Brothers&#8217;, diz economista"}]},{"@type":"WebSite","@id":"https:\/\/www.suno.com.br\/noticias\/#website","url":"https:\/\/www.suno.com.br\/noticias\/","name":"Suno Not\u00edcias","description":"Seu portal de informa\u00e7\u00e3o sobre o mundo dos investimentos","publisher":{"@id":"https:\/\/www.suno.com.br\/noticias\/#organization"},"potentialAction":[{"@type":"SearchAction","target":{"@type":"EntryPoint","urlTemplate":"https:\/\/www.suno.com.br\/noticias\/?s={search_term_string}"},"query-input":{"@type":"PropertyValueSpecification","valueRequired":true,"valueName":"search_term_string"}}],"inLanguage":"pt-BR"},{"@type":"Organization","@id":"https:\/\/www.suno.com.br\/noticias\/#organization","name":"Suno Not\u00edcias","url":"https:\/\/www.suno.com.br\/noticias\/","logo":{"@type":"ImageObject","inLanguage":"pt-BR","@id":"https:\/\/www.suno.com.br\/noticias\/#\/schema\/logo\/image\/","url":"https:\/\/files.sunoresearch.com.br\/n\/uploads\/2021\/09\/suno-logo.png","contentUrl":"https:\/\/files.sunoresearch.com.br\/n\/uploads\/2021\/09\/suno-logo.png","width":180,"height":180,"caption":"Suno Not\u00edcias"},"image":{"@id":"https:\/\/www.suno.com.br\/noticias\/#\/schema\/logo\/image\/"},"sameAs":["https:\/\/facebook.com\/sunoresearch","https:\/\/x.com\/sunoresearch","https:\/\/www.instagram.com\/suno","https:\/\/www.linkedin.com\/company\/suno-research\/","https:\/\/www.youtube.com\/c\/sunoresearch"]},{"@type":"Person","@id":"https:\/\/www.suno.com.br\/noticias\/#\/schema\/person\/02ec1f752758247878a2bf4abee1aeda","name":"Poliana Santos","image":{"@type":"ImageObject","inLanguage":"pt-BR","@id":"https:\/\/www.suno.com.br\/noticias\/#\/schema\/person\/image\/","url":"https:\/\/secure.gravatar.com\/avatar\/0645bd32f23d87b2130f2b2dff1d3f8d?s=96&r=g","contentUrl":"https:\/\/secure.gravatar.com\/avatar\/0645bd32f23d87b2130f2b2dff1d3f8d?s=96&r=g","caption":"Poliana Santos"},"description":"Rep\u00f3rter no Suno Not\u00edcias, com cobertura em mercado financeiro, economia, finan\u00e7as pessoais, renda fixa e varejo. Jornalista formada pela Faculdade C\u00e1sper L\u00edbero e possui passagem na R\u00e1dio Gazeta AM com a produ\u00e7\u00e3o de conte\u00fado sobre economia, pol\u00edtica, sa\u00fade, moda e m\u00fasica. Possui certificado de conclus\u00e3o do curso de An\u00e1lise de Balan\u00e7os pela Funda\u00e7\u00e3o Bradesco, Agenda Brasil pela FAAP, Educa\u00e7\u00e3o Pol\u00edtica por Alexandre Garcia e do Tesouro Direto e Mercado de A\u00e7\u00f5es pela B3.","url":"https:\/\/www.suno.com.br\/noticias\/author\/poliana-santos\/"}]}},"default_loop_html":"<div class=\"cardsPage__listCard__boxs\"><div class=\"cardsPage__listCard__boxs__img\"><a href=\"https:\/\/www.suno.com.br\/noticias\/caso-evergrande-lehman-brothers-china-economsita\/\"><img class=\"mask\" src=\"https:\/\/www.suno.com.br\/noticias\/wp-content\/themes\/suno\/resources\/images\/spotlight\/spotlight1img\/bg-mask.png\" alt=\"Image Mask\"\/><img src=\"https:\/\/files.sunoresearch.com.br\/n\/uploads\/2021\/09\/EVERGRANDE-divulgacao-400x200.jpg\" alt=\"Caso Evergrande n\u00e3o deve se tornar um &#8216;novo Lehman Brothers&#8217;, diz economista\"\/><\/a><span class=\"spotlightCategory\"><a href=\"https:\/\/www.suno.com.br\/noticias\/internacional\/\">Internacional<\/a><\/span><\/div><div class=\"cardsPage__listCard__boxs__content\"><a href=\"https:\/\/www.suno.com.br\/noticias\/caso-evergrande-lehman-brothers-china-economsita\/\"><h2 class=\"content__title\">Caso Evergrande n\u00e3o deve se tornar um &#8216;novo Lehman Brothers&#8217;, diz economista<\/h2><\/a><div class=\"newsContent__article__meta\"><div class=\"newsContent__article__meta__authorBox\"><a href=\"https:\/\/www.suno.com.br\/noticias\/author\/poliana-santos\/\" class=\"authorBox__avatar noMobi\"><img src=\"https:\/\/files.sunoresearch.com.br\/n\/uploads\/2020\/08\/7ef34026-whatsapp-image-2020-08-03-at-12.37.57-150x150.webp\" alt=\"Poliana Santos\"><\/a><div class=\"authorBox__name\"><span>por\n\t\t\t<a href=\"https:\/\/www.suno.com.br\/noticias\/author\/poliana-santos\/\"><span itemprop=\"author\">Poliana Santos<\/span><\/a><\/span><time datetime=\"2021-09-26T08:50:53-03:00\" itemprop=\"datePublished\">26\/09\/2021 08:50<\/time><\/div><\/div><\/div><\/div><\/div>","single_layout":"posts","amp_enabled":true,"_links":{"self":[{"href":"https:\/\/www.suno.com.br\/noticias\/wp-json\/wp\/v2\/posts\/187682"}],"collection":[{"href":"https:\/\/www.suno.com.br\/noticias\/wp-json\/wp\/v2\/posts"}],"about":[{"href":"https:\/\/www.suno.com.br\/noticias\/wp-json\/wp\/v2\/types\/post"}],"author":[{"embeddable":true,"href":"https:\/\/www.suno.com.br\/noticias\/wp-json\/wp\/v2\/users\/15"}],"replies":[{"embeddable":true,"href":"https:\/\/www.suno.com.br\/noticias\/wp-json\/wp\/v2\/comments?post=187682"}],"version-history":[{"count":3,"href":"https:\/\/www.suno.com.br\/noticias\/wp-json\/wp\/v2\/posts\/187682\/revisions"}],"predecessor-version":[{"id":190179,"href":"https:\/\/www.suno.com.br\/noticias\/wp-json\/wp\/v2\/posts\/187682\/revisions\/190179"}],"wp:featuredmedia":[{"embeddable":true,"href":"https:\/\/www.suno.com.br\/noticias\/wp-json\/wp\/v2\/media\/187006"}],"wp:attachment":[{"href":"https:\/\/www.suno.com.br\/noticias\/wp-json\/wp\/v2\/media?parent=187682"}],"wp:term":[{"taxonomy":"category","embeddable":true,"href":"https:\/\/www.suno.com.br\/noticias\/wp-json\/wp\/v2\/categories?post=187682"},{"taxonomy":"post_tag","embeddable":true,"href":"https:\/\/www.suno.com.br\/noticias\/wp-json\/wp\/v2\/tags?post=187682"},{"taxonomy":"suno_strategy","embeddable":true,"href":"https:\/\/www.suno.com.br\/noticias\/wp-json\/wp\/v2\/suno_strategy?post=187682"}],"curies":[{"name":"wp","href":"https:\/\/api.w.org\/{rel}","templated":true}]}}